{"id":2776,"date":"2019-04-09T17:00:52","date_gmt":"2019-04-09T16:00:52","guid":{"rendered":"https:\/\/biblioteca.blanes.cat\/salajove\/?p=2776"},"modified":"2021-01-20T15:06:57","modified_gmt":"2021-01-20T14:06:57","slug":"bibliomakers","status":"publish","type":"post","link":"https:\/\/biblioteca.blanes.cat\/salajove\/2019\/04\/09\/bibliomakers\/","title":{"rendered":"Bibliomakers"},"content":{"rendered":"<h2 style=\"text-align: center;\">Bibliomakers: tallers de formaci\u00f3 en rob\u00f2tica per a joves d&#8217;entre 12 i 16 anys<\/h2>\n<p style=\"text-align: justify;\">&nbsp;<strong>Bibliomakers<\/strong> \u00e9s un projecte pensat per oferir tallers de rob\u00f2tica i pensament computacional als joves. <!--more-->La proposta t\u00e9 per objectiu despertar l\u2019inter\u00e8s pel pensament computacional, els robots, les arts visuals, les matem\u00e0tiques, les hist\u00f2ries, les lleng\u00fces i la tecnologia. Aquesta \u00e9s transversal i cobreix compet\u00e8ncies inform\u00e0tiques, matem\u00e0tiques, lleng\u00fces i art\u00edstiques, i al mateix temps, ensenya a pensar d\u2019una forma estructurada i estimula el pensament creatiu, la consci\u00e8ncia cr\u00edtica i el treball en equip.<\/p>\n<p style=\"text-align: justify;\">Aquest projecte s\u2019ha creat des del Servei de Biblioteques en col\u00b7laboraci\u00f3 amb el grup de recerca de la <strong>UdG UdiGitalEdu*<\/strong>. &nbsp;<\/p>\n<p style=\"text-align: justify;\">Cada taller s\u00f3n 3 sessions d\u20191:30h a realitzar dins una mateixa setmana (Dilluns-dimecres-divendres). Els dinamitzadors d\u2019aquestes sessions son estudiants de la UdG seleccionats i tutoritzats per UdiGitalEdu.<\/p>\n<p>Aquests tallers s\u00f3n totalment gratu\u00efts pels usuaris de la biblioteca i les places s\u00f3n limitades. Per aix\u00f2 cal realitzar la inscripci\u00f3 pr\u00e8via a la Biblioteca presencialment o b\u00e9 a trav\u00e9s del tel\u00e8fon <span style=\"color: #0000ff;\"><strong>972 358033<\/strong><\/span> o al mail <a href=\"mailto:%20biblioteca@blanes.cat\">biblioteca@blanes.cat<\/a>.<\/p>\n<p>&nbsp;<\/p>\n<h2>TALLERS:<\/h2>\n<p><a href=\"https:\/\/biblioteca.blanes.cat\/salajove\/wp-content\/uploads\/sites\/3\/2019\/04\/bibliomakers2.jpg\" target=\"_blank\" rel=\"noopener\"><img decoding=\"async\" class=\"alignleft wp-image-2777\" title=\"Bibliomakers\" src=\"https:\/\/biblioteca.blanes.cat\/salajove\/wp-content\/uploads\/sites\/3\/2019\/04\/bibliomakers2-211x300.jpg\" alt=\"Bibliomakers\" width=\"155\" height=\"220\" srcset=\"https:\/\/biblioteca.blanes.cat\/salajove\/wp-content\/uploads\/sites\/3\/2019\/04\/bibliomakers2-211x300.jpg 211w, https:\/\/biblioteca.blanes.cat\/salajove\/wp-content\/uploads\/sites\/3\/2019\/04\/bibliomakers2.jpg 469w\" sizes=\"(max-width: 155px) 100vw, 155px\" \/><\/a><strong>LEGO WeDo<\/strong>:<\/p>\n<p>Activitat dissenyada per introduir-se al m\u00f3n de la rob\u00f2tica educativa a trav\u00e9s de la plataforma LEGO WeDo. A la primera sessi\u00f3 els equips construiran un robot seguint un manual, i el programaran amb Scratch. A la segona sessi\u00f3 els equips imaginaran i construiran m\u00e0quines senzilles que siguin capaces de dibuixar sobre una cartolina. A la tercera sessi\u00f3 construiran per lliure un robot que faci servir els sensors i interactu\u00ef amb un personatge virtual de l\u2019Scratch. En les tres sessions els deixem espai per compartir, experimentar i aprendre dels companys.<\/p>\n<p>&nbsp;<\/p>\n<p><a href=\"https:\/\/biblioteca.blanes.cat\/salajove\/wp-content\/uploads\/sites\/3\/2019\/04\/bibliomakers3.png\" target=\"_blank\" rel=\"noopener\"><img decoding=\"async\" class=\"alignleft wp-image-2779\" title=\"Bibliomakers\" src=\"https:\/\/biblioteca.blanes.cat\/salajove\/wp-content\/uploads\/sites\/3\/2019\/04\/bibliomakers3-213x300.png\" alt=\"Bibliomakers\" width=\"156\" height=\"219\" srcset=\"https:\/\/biblioteca.blanes.cat\/salajove\/wp-content\/uploads\/sites\/3\/2019\/04\/bibliomakers3-213x300.png 213w, https:\/\/biblioteca.blanes.cat\/salajove\/wp-content\/uploads\/sites\/3\/2019\/04\/bibliomakers3.png 586w\" sizes=\"(max-width: 156px) 100vw, 156px\" \/><\/a><strong>LEGO Mindstorms<\/strong>:<\/p>\n<p>Activitat dissenyada per introduir-se al m\u00f3n de la rob\u00f2tica educativa a trav\u00e9s de la plataforma LEGO Mindstorms. A la primera sessi\u00f3 els equips construiran un robot seguint un manual, i el programaran perqu\u00e8 solucioni reptes senzills: seguir traject\u00f2ries, etc. A la segona sessi\u00f3 continuaran treballant amb el seu robot, aprenent a programar els sensors i resolent reptes m\u00e9s complexos. A la tercera sessi\u00f3 podran crear el seu propi robot des de zero o seguir millorant el que ja tenen constru\u00eft. En les tres sessions els deixem espai per compartir, experimentar i aprendre dels companys.<\/p>\n<p>&nbsp;<\/p>\n<p><a href=\"https:\/\/biblioteca.blanes.cat\/salajove\/wp-content\/uploads\/sites\/3\/2019\/04\/bibliomakers4.png\" target=\"_blank\" rel=\"noopener\"><img decoding=\"async\" class=\"alignleft wp-image-2778\" title=\"Bibliomakers\" src=\"https:\/\/biblioteca.blanes.cat\/salajove\/wp-content\/uploads\/sites\/3\/2019\/04\/bibliomakers4-213x300.png\" alt=\"Bibliomakers\" width=\"156\" height=\"219\" srcset=\"https:\/\/biblioteca.blanes.cat\/salajove\/wp-content\/uploads\/sites\/3\/2019\/04\/bibliomakers4-213x300.png 213w, https:\/\/biblioteca.blanes.cat\/salajove\/wp-content\/uploads\/sites\/3\/2019\/04\/bibliomakers4.png 586w\" sizes=\"(max-width: 156px) 100vw, 156px\" \/><\/a><strong>Aprenent amb Arduino<\/strong>:<\/p>\n<p>El taller proposa fer servir el kit d\u2019Arduino CTC (Creative Technologies in the Classroom). Durant les tres sessions els equips realitzaran experiments que introdueixen conceptes b\u00e0sics de programaci\u00f3, electr\u00f2nica i mec\u00e0nica d\u2019una manera divertida. Els participants faran servir Internet per recollir informaci\u00f3 i documentar els projectes que construeixin. Utilitzarem diferents materials com cartrons, pl\u00e0stics, papers, pintures per realitzar les pr\u00f2pies creacions. En les tres sessions els deixem espai per compartir, experimentar i aprendre dels companys.<\/p>\n<p>&nbsp;<\/p>\n<blockquote>\n<ul>\n<li><span style=\"font-size: 12px;\"><strong>UdiGitalEdu <\/strong>\u00e9s un grup de recerca de la Universitat de Girona que t\u00e9 com a objectiu investigar com les TIC poden esdevenir eines per transformar l\u2019aprenentatge de les persones.<\/span><\/li>\n<\/ul>\n<\/blockquote>\n","protected":false},"excerpt":{"rendered":"<p>Bibliomakers: tallers de formaci\u00f3 en rob\u00f2tica per a joves d&#8217;entre 12 i 16 anys &nbsp;Bibliomakers \u00e9s un projecte pensat per oferir tallers de rob\u00f2tica i pensament computacional als joves.<\/p>\n","protected":false},"author":4,"featured_media":2777,"comment_status":"open","ping_status":"open","sticky":false,"template":"","format":"standard","meta":{"sfsi_plus_gutenberg_text_before_share":"","sfsi_plus_gutenberg_show_text_before_share":"","sfsi_plus_gutenberg_icon_type":"","sfsi_plus_gutenberg_icon_alignemt":"","sfsi_plus_gutenburg_max_per_row":"","footnotes":""},"categories":[3],"tags":[24,52,86,30,47],"class_list":["post-2776","post","type-post","status-publish","format-standard","has-post-thumbnail","hentry","category-activitats","tag-activitats","tag-joves","tag-robotica","tag-taller","tag-tic"],"yoast_head":"<!-- This site is optimized with the Yoast SEO plugin v27.5 - https:\/\/yoast.com\/product\/yoast-seo-wordpress\/ -->\n<title>Bibliomakers: tallers de rob\u00f2tica - Sala Jove - Biblioblanes<\/title>\n<meta name=\"description\" content=\"Bibliomakers - Tallers gratu\u00efts el mes de maig i les places s\u00f3n limitades. cal realitzar la inscripci\u00f3 972 358033 o al mail biblioteca@blanes.cat.\" \/>\n<meta name=\"robots\" content=\"index, follow, max-snippet:-1, max-image-preview:large, max-video-preview:-1\" \/>\n<link rel=\"canonical\" href=\"https:\/\/biblioteca.blanes.cat\/salajove\/2019\/04\/09\/bibliomakers\/\" \/>\n<meta property=\"og:locale\" content=\"ca_ES\" \/>\n<meta property=\"og:type\" content=\"article\" \/>\n<meta property=\"og:title\" content=\"Bibliomakers: tallers de rob\u00f2tica - Sala Jove - Biblioblanes\" \/>\n<meta property=\"og:description\" content=\"Bibliomakers - Tallers gratu\u00efts el mes de maig i les places s\u00f3n limitades. cal realitzar la inscripci\u00f3 972 358033 o al mail biblioteca@blanes.cat.\" \/>\n<meta property=\"og:url\" content=\"https:\/\/biblioteca.blanes.cat\/salajove\/2019\/04\/09\/bibliomakers\/\" \/>\n<meta property=\"og:site_name\" content=\"Sala Jove\" \/>\n<meta property=\"article:publisher\" content=\"https:\/\/www.facebook.com\/BilbiotecaComarcaldeBlanes\/\" \/>\n<meta property=\"article:published_time\" content=\"2019-04-09T16:00:52+00:00\" \/>\n<meta property=\"article:modified_time\" content=\"2021-01-20T14:06:57+00:00\" \/>\n<meta property=\"og:image\" content=\"https:\/\/biblioteca.blanes.cat\/salajove\/wp-content\/uploads\/sites\/3\/2019\/04\/bibliomakers2.jpg\" \/>\n\t<meta property=\"og:image:width\" content=\"469\" \/>\n\t<meta property=\"og:image:height\" content=\"668\" \/>\n\t<meta property=\"og:image:type\" content=\"image\/jpeg\" \/>\n<meta name=\"author\" content=\"biblioblanes\" \/>\n<meta name=\"twitter:card\" content=\"summary_large_image\" \/>\n<meta name=\"twitter:creator\" content=\"@biblioblanes\" \/>\n<meta name=\"twitter:site\" content=\"@BiblioBlanes\" \/>\n<meta name=\"twitter:label1\" content=\"Escrit per\" \/>\n\t<meta name=\"twitter:data1\" content=\"biblioblanes\" \/>\n\t<meta name=\"twitter:label2\" content=\"Temps estimat de lectura\" \/>\n\t<meta name=\"twitter:data2\" content=\"3 minuts\" \/>\n<script type=\"application\/ld+json\" class=\"yoast-schema-graph\">{\"@context\":\"https:\\\/\\\/schema.org\",\"@graph\":[{\"@type\":\"Article\",\"@id\":\"https:\\\/\\\/biblioteca.blanes.cat\\\/salajove\\\/2019\\\/04\\\/09\\\/bibliomakers\\\/#article\",\"isPartOf\":{\"@id\":\"https:\\\/\\\/biblioteca.blanes.cat\\\/salajove\\\/2019\\\/04\\\/09\\\/bibliomakers\\\/\"},\"author\":{\"name\":\"biblioblanes\",\"@id\":\"https:\\\/\\\/biblioteca.blanes.cat\\\/salajove\\\/#\\\/schema\\\/person\\\/5a7b46760d9dd611d098bbf571a341dc\"},\"headline\":\"Bibliomakers\",\"datePublished\":\"2019-04-09T16:00:52+00:00\",\"dateModified\":\"2021-01-20T14:06:57+00:00\",\"mainEntityOfPage\":{\"@id\":\"https:\\\/\\\/biblioteca.blanes.cat\\\/salajove\\\/2019\\\/04\\\/09\\\/bibliomakers\\\/\"},\"wordCount\":517,\"commentCount\":0,\"publisher\":{\"@id\":\"https:\\\/\\\/biblioteca.blanes.cat\\\/salajove\\\/#organization\"},\"image\":{\"@id\":\"https:\\\/\\\/biblioteca.blanes.cat\\\/salajove\\\/2019\\\/04\\\/09\\\/bibliomakers\\\/#primaryimage\"},\"thumbnailUrl\":\"https:\\\/\\\/biblioteca.blanes.cat\\\/salajove\\\/wp-content\\\/uploads\\\/sites\\\/3\\\/2019\\\/04\\\/bibliomakers2.jpg\",\"keywords\":[\"#Activitats\",\"#Joves\",\"#Rob\u00f2tica\",\"#Taller\",\"#TIC\"],\"articleSection\":[\"AGENDA\"],\"inLanguage\":\"ca\",\"potentialAction\":[{\"@type\":\"CommentAction\",\"name\":\"Comment\",\"target\":[\"https:\\\/\\\/biblioteca.blanes.cat\\\/salajove\\\/2019\\\/04\\\/09\\\/bibliomakers\\\/#respond\"]}]},{\"@type\":\"WebPage\",\"@id\":\"https:\\\/\\\/biblioteca.blanes.cat\\\/salajove\\\/2019\\\/04\\\/09\\\/bibliomakers\\\/\",\"url\":\"https:\\\/\\\/biblioteca.blanes.cat\\\/salajove\\\/2019\\\/04\\\/09\\\/bibliomakers\\\/\",\"name\":\"Bibliomakers: tallers de rob\u00f2tica - Sala Jove - Biblioblanes\",\"isPartOf\":{\"@id\":\"https:\\\/\\\/biblioteca.blanes.cat\\\/salajove\\\/#website\"},\"primaryImageOfPage\":{\"@id\":\"https:\\\/\\\/biblioteca.blanes.cat\\\/salajove\\\/2019\\\/04\\\/09\\\/bibliomakers\\\/#primaryimage\"},\"image\":{\"@id\":\"https:\\\/\\\/biblioteca.blanes.cat\\\/salajove\\\/2019\\\/04\\\/09\\\/bibliomakers\\\/#primaryimage\"},\"thumbnailUrl\":\"https:\\\/\\\/biblioteca.blanes.cat\\\/salajove\\\/wp-content\\\/uploads\\\/sites\\\/3\\\/2019\\\/04\\\/bibliomakers2.jpg\",\"datePublished\":\"2019-04-09T16:00:52+00:00\",\"dateModified\":\"2021-01-20T14:06:57+00:00\",\"description\":\"Bibliomakers - Tallers gratu\u00efts el mes de maig i les places s\u00f3n limitades. cal realitzar la inscripci\u00f3 972 358033 o al mail biblioteca@blanes.cat.\",\"breadcrumb\":{\"@id\":\"https:\\\/\\\/biblioteca.blanes.cat\\\/salajove\\\/2019\\\/04\\\/09\\\/bibliomakers\\\/#breadcrumb\"},\"inLanguage\":\"ca\",\"potentialAction\":[{\"@type\":\"ReadAction\",\"target\":[\"https:\\\/\\\/biblioteca.blanes.cat\\\/salajove\\\/2019\\\/04\\\/09\\\/bibliomakers\\\/\"]}]},{\"@type\":\"ImageObject\",\"inLanguage\":\"ca\",\"@id\":\"https:\\\/\\\/biblioteca.blanes.cat\\\/salajove\\\/2019\\\/04\\\/09\\\/bibliomakers\\\/#primaryimage\",\"url\":\"https:\\\/\\\/biblioteca.blanes.cat\\\/salajove\\\/wp-content\\\/uploads\\\/sites\\\/3\\\/2019\\\/04\\\/bibliomakers2.jpg\",\"contentUrl\":\"https:\\\/\\\/biblioteca.blanes.cat\\\/salajove\\\/wp-content\\\/uploads\\\/sites\\\/3\\\/2019\\\/04\\\/bibliomakers2.jpg\",\"width\":469,\"height\":668},{\"@type\":\"BreadcrumbList\",\"@id\":\"https:\\\/\\\/biblioteca.blanes.cat\\\/salajove\\\/2019\\\/04\\\/09\\\/bibliomakers\\\/#breadcrumb\",\"itemListElement\":[{\"@type\":\"ListItem\",\"position\":1,\"name\":\"Inici\",\"item\":\"https:\\\/\\\/biblioteca.blanes.cat\\\/salajove\\\/\"},{\"@type\":\"ListItem\",\"position\":2,\"name\":\"Bibliomakers\"}]},{\"@type\":\"WebSite\",\"@id\":\"https:\\\/\\\/biblioteca.blanes.cat\\\/salajove\\\/#website\",\"url\":\"https:\\\/\\\/biblioteca.blanes.cat\\\/salajove\\\/\",\"name\":\"Sala Jove\",\"description\":\"Biblioteca Comarcal de Blanes\",\"publisher\":{\"@id\":\"https:\\\/\\\/biblioteca.blanes.cat\\\/salajove\\\/#organization\"},\"potentialAction\":[{\"@type\":\"SearchAction\",\"target\":{\"@type\":\"EntryPoint\",\"urlTemplate\":\"https:\\\/\\\/biblioteca.blanes.cat\\\/salajove\\\/?s={search_term_string}\"},\"query-input\":{\"@type\":\"PropertyValueSpecification\",\"valueRequired\":true,\"valueName\":\"search_term_string\"}}],\"inLanguage\":\"ca\"},{\"@type\":\"Organization\",\"@id\":\"https:\\\/\\\/biblioteca.blanes.cat\\\/salajove\\\/#organization\",\"name\":\"Biblioteca Comarcal de Blanes\",\"url\":\"https:\\\/\\\/biblioteca.blanes.cat\\\/salajove\\\/\",\"logo\":{\"@type\":\"ImageObject\",\"inLanguage\":\"ca\",\"@id\":\"https:\\\/\\\/biblioteca.blanes.cat\\\/salajove\\\/#\\\/schema\\\/logo\\\/image\\\/\",\"url\":\"https:\\\/\\\/biblioteca.blanes.cat\\\/salajove\\\/wp-content\\\/uploads\\\/sites\\\/3\\\/2017\\\/09\\\/cropped-Bib-blau-e1518869380535.png\",\"contentUrl\":\"https:\\\/\\\/biblioteca.blanes.cat\\\/salajove\\\/wp-content\\\/uploads\\\/sites\\\/3\\\/2017\\\/09\\\/cropped-Bib-blau-e1518869380535.png\",\"width\":166,\"height\":166,\"caption\":\"Biblioteca Comarcal de Blanes\"},\"image\":{\"@id\":\"https:\\\/\\\/biblioteca.blanes.cat\\\/salajove\\\/#\\\/schema\\\/logo\\\/image\\\/\"},\"sameAs\":[\"https:\\\/\\\/www.facebook.com\\\/BilbiotecaComarcaldeBlanes\\\/\",\"https:\\\/\\\/x.com\\\/BiblioBlanes\",\"https:\\\/\\\/www.instagram.com\\\/biblioblanes\\\/\",\"https:\\\/\\\/www.pinterest.es\\\/bblanes\\\/\",\"https:\\\/\\\/www.youtube.com\\\/c\\\/BibliotecaComarcalBlanes\"]},{\"@type\":\"Person\",\"@id\":\"https:\\\/\\\/biblioteca.blanes.cat\\\/salajove\\\/#\\\/schema\\\/person\\\/5a7b46760d9dd611d098bbf571a341dc\",\"name\":\"biblioblanes\",\"image\":{\"@type\":\"ImageObject\",\"inLanguage\":\"ca\",\"@id\":\"https:\\\/\\\/secure.gravatar.com\\\/avatar\\\/6593ca6cc90e5a70939f51c95e8315483b9c281bafba597292bee47992030f99?s=96&d=mm&r=g\",\"url\":\"https:\\\/\\\/secure.gravatar.com\\\/avatar\\\/6593ca6cc90e5a70939f51c95e8315483b9c281bafba597292bee47992030f99?s=96&d=mm&r=g\",\"contentUrl\":\"https:\\\/\\\/secure.gravatar.com\\\/avatar\\\/6593ca6cc90e5a70939f51c95e8315483b9c281bafba597292bee47992030f99?s=96&d=mm&r=g\",\"caption\":\"biblioblanes\"},\"sameAs\":[\"http:\\\/\\\/www.bibgirona.cat\\\/biblioteca\\\/blanes\",\"https:\\\/\\\/x.com\\\/biblioblanes\"],\"url\":\"https:\\\/\\\/biblioteca.blanes.cat\\\/salajove\\\/author\\\/biblioblanes\\\/\"}]}<\/script>\n<!-- \/ Yoast SEO plugin. -->","yoast_head_json":{"title":"Bibliomakers: tallers de rob\u00f2tica - Sala Jove - Biblioblanes","description":"Bibliomakers - Tallers gratu\u00efts el mes de maig i les places s\u00f3n limitades. cal realitzar la inscripci\u00f3 972 358033 o al mail biblioteca@blanes.cat.","robots":{"index":"index","follow":"follow","max-snippet":"max-snippet:-1","max-image-preview":"max-image-preview:large","max-video-preview":"max-video-preview:-1"},"canonical":"https:\/\/biblioteca.blanes.cat\/salajove\/2019\/04\/09\/bibliomakers\/","og_locale":"ca_ES","og_type":"article","og_title":"Bibliomakers: tallers de rob\u00f2tica - Sala Jove - Biblioblanes","og_description":"Bibliomakers - Tallers gratu\u00efts el mes de maig i les places s\u00f3n limitades. cal realitzar la inscripci\u00f3 972 358033 o al mail biblioteca@blanes.cat.","og_url":"https:\/\/biblioteca.blanes.cat\/salajove\/2019\/04\/09\/bibliomakers\/","og_site_name":"Sala Jove","article_publisher":"https:\/\/www.facebook.com\/BilbiotecaComarcaldeBlanes\/","article_published_time":"2019-04-09T16:00:52+00:00","article_modified_time":"2021-01-20T14:06:57+00:00","og_image":[{"width":469,"height":668,"url":"https:\/\/biblioteca.blanes.cat\/salajove\/wp-content\/uploads\/sites\/3\/2019\/04\/bibliomakers2.jpg","type":"image\/jpeg"}],"author":"biblioblanes","twitter_card":"summary_large_image","twitter_creator":"@biblioblanes","twitter_site":"@BiblioBlanes","twitter_misc":{"Escrit per":"biblioblanes","Temps estimat de lectura":"3 minuts"},"schema":{"@context":"https:\/\/schema.org","@graph":[{"@type":"Article","@id":"https:\/\/biblioteca.blanes.cat\/salajove\/2019\/04\/09\/bibliomakers\/#article","isPartOf":{"@id":"https:\/\/biblioteca.blanes.cat\/salajove\/2019\/04\/09\/bibliomakers\/"},"author":{"name":"biblioblanes","@id":"https:\/\/biblioteca.blanes.cat\/salajove\/#\/schema\/person\/5a7b46760d9dd611d098bbf571a341dc"},"headline":"Bibliomakers","datePublished":"2019-04-09T16:00:52+00:00","dateModified":"2021-01-20T14:06:57+00:00","mainEntityOfPage":{"@id":"https:\/\/biblioteca.blanes.cat\/salajove\/2019\/04\/09\/bibliomakers\/"},"wordCount":517,"commentCount":0,"publisher":{"@id":"https:\/\/biblioteca.blanes.cat\/salajove\/#organization"},"image":{"@id":"https:\/\/biblioteca.blanes.cat\/salajove\/2019\/04\/09\/bibliomakers\/#primaryimage"},"thumbnailUrl":"https:\/\/biblioteca.blanes.cat\/salajove\/wp-content\/uploads\/sites\/3\/2019\/04\/bibliomakers2.jpg","keywords":["#Activitats","#Joves","#Rob\u00f2tica","#Taller","#TIC"],"articleSection":["AGENDA"],"inLanguage":"ca","potentialAction":[{"@type":"CommentAction","name":"Comment","target":["https:\/\/biblioteca.blanes.cat\/salajove\/2019\/04\/09\/bibliomakers\/#respond"]}]},{"@type":"WebPage","@id":"https:\/\/biblioteca.blanes.cat\/salajove\/2019\/04\/09\/bibliomakers\/","url":"https:\/\/biblioteca.blanes.cat\/salajove\/2019\/04\/09\/bibliomakers\/","name":"Bibliomakers: tallers de rob\u00f2tica - Sala Jove - Biblioblanes","isPartOf":{"@id":"https:\/\/biblioteca.blanes.cat\/salajove\/#website"},"primaryImageOfPage":{"@id":"https:\/\/biblioteca.blanes.cat\/salajove\/2019\/04\/09\/bibliomakers\/#primaryimage"},"image":{"@id":"https:\/\/biblioteca.blanes.cat\/salajove\/2019\/04\/09\/bibliomakers\/#primaryimage"},"thumbnailUrl":"https:\/\/biblioteca.blanes.cat\/salajove\/wp-content\/uploads\/sites\/3\/2019\/04\/bibliomakers2.jpg","datePublished":"2019-04-09T16:00:52+00:00","dateModified":"2021-01-20T14:06:57+00:00","description":"Bibliomakers - Tallers gratu\u00efts el mes de maig i les places s\u00f3n limitades. cal realitzar la inscripci\u00f3 972 358033 o al mail biblioteca@blanes.cat.","breadcrumb":{"@id":"https:\/\/biblioteca.blanes.cat\/salajove\/2019\/04\/09\/bibliomakers\/#breadcrumb"},"inLanguage":"ca","potentialAction":[{"@type":"ReadAction","target":["https:\/\/biblioteca.blanes.cat\/salajove\/2019\/04\/09\/bibliomakers\/"]}]},{"@type":"ImageObject","inLanguage":"ca","@id":"https:\/\/biblioteca.blanes.cat\/salajove\/2019\/04\/09\/bibliomakers\/#primaryimage","url":"https:\/\/biblioteca.blanes.cat\/salajove\/wp-content\/uploads\/sites\/3\/2019\/04\/bibliomakers2.jpg","contentUrl":"https:\/\/biblioteca.blanes.cat\/salajove\/wp-content\/uploads\/sites\/3\/2019\/04\/bibliomakers2.jpg","width":469,"height":668},{"@type":"BreadcrumbList","@id":"https:\/\/biblioteca.blanes.cat\/salajove\/2019\/04\/09\/bibliomakers\/#breadcrumb","itemListElement":[{"@type":"ListItem","position":1,"name":"Inici","item":"https:\/\/biblioteca.blanes.cat\/salajove\/"},{"@type":"ListItem","position":2,"name":"Bibliomakers"}]},{"@type":"WebSite","@id":"https:\/\/biblioteca.blanes.cat\/salajove\/#website","url":"https:\/\/biblioteca.blanes.cat\/salajove\/","name":"Sala Jove","description":"Biblioteca Comarcal de Blanes","publisher":{"@id":"https:\/\/biblioteca.blanes.cat\/salajove\/#organization"},"potentialAction":[{"@type":"SearchAction","target":{"@type":"EntryPoint","urlTemplate":"https:\/\/biblioteca.blanes.cat\/salajove\/?s={search_term_string}"},"query-input":{"@type":"PropertyValueSpecification","valueRequired":true,"valueName":"search_term_string"}}],"inLanguage":"ca"},{"@type":"Organization","@id":"https:\/\/biblioteca.blanes.cat\/salajove\/#organization","name":"Biblioteca Comarcal de Blanes","url":"https:\/\/biblioteca.blanes.cat\/salajove\/","logo":{"@type":"ImageObject","inLanguage":"ca","@id":"https:\/\/biblioteca.blanes.cat\/salajove\/#\/schema\/logo\/image\/","url":"https:\/\/biblioteca.blanes.cat\/salajove\/wp-content\/uploads\/sites\/3\/2017\/09\/cropped-Bib-blau-e1518869380535.png","contentUrl":"https:\/\/biblioteca.blanes.cat\/salajove\/wp-content\/uploads\/sites\/3\/2017\/09\/cropped-Bib-blau-e1518869380535.png","width":166,"height":166,"caption":"Biblioteca Comarcal de Blanes"},"image":{"@id":"https:\/\/biblioteca.blanes.cat\/salajove\/#\/schema\/logo\/image\/"},"sameAs":["https:\/\/www.facebook.com\/BilbiotecaComarcaldeBlanes\/","https:\/\/x.com\/BiblioBlanes","https:\/\/www.instagram.com\/biblioblanes\/","https:\/\/www.pinterest.es\/bblanes\/","https:\/\/www.youtube.com\/c\/BibliotecaComarcalBlanes"]},{"@type":"Person","@id":"https:\/\/biblioteca.blanes.cat\/salajove\/#\/schema\/person\/5a7b46760d9dd611d098bbf571a341dc","name":"biblioblanes","image":{"@type":"ImageObject","inLanguage":"ca","@id":"https:\/\/secure.gravatar.com\/avatar\/6593ca6cc90e5a70939f51c95e8315483b9c281bafba597292bee47992030f99?s=96&d=mm&r=g","url":"https:\/\/secure.gravatar.com\/avatar\/6593ca6cc90e5a70939f51c95e8315483b9c281bafba597292bee47992030f99?s=96&d=mm&r=g","contentUrl":"https:\/\/secure.gravatar.com\/avatar\/6593ca6cc90e5a70939f51c95e8315483b9c281bafba597292bee47992030f99?s=96&d=mm&r=g","caption":"biblioblanes"},"sameAs":["http:\/\/www.bibgirona.cat\/biblioteca\/blanes","https:\/\/x.com\/biblioblanes"],"url":"https:\/\/biblioteca.blanes.cat\/salajove\/author\/biblioblanes\/"}]}},"_links":{"self":[{"href":"https:\/\/biblioteca.blanes.cat\/salajove\/wp-json\/wp\/v2\/posts\/2776","targetHints":{"allow":["GET"]}}],"collection":[{"href":"https:\/\/biblioteca.blanes.cat\/salajove\/wp-json\/wp\/v2\/posts"}],"about":[{"href":"https:\/\/biblioteca.blanes.cat\/salajove\/wp-json\/wp\/v2\/types\/post"}],"author":[{"embeddable":true,"href":"https:\/\/biblioteca.blanes.cat\/salajove\/wp-json\/wp\/v2\/users\/4"}],"replies":[{"embeddable":true,"href":"https:\/\/biblioteca.blanes.cat\/salajove\/wp-json\/wp\/v2\/comments?post=2776"}],"version-history":[{"count":6,"href":"https:\/\/biblioteca.blanes.cat\/salajove\/wp-json\/wp\/v2\/posts\/2776\/revisions"}],"predecessor-version":[{"id":4984,"href":"https:\/\/biblioteca.blanes.cat\/salajove\/wp-json\/wp\/v2\/posts\/2776\/revisions\/4984"}],"wp:featuredmedia":[{"embeddable":true,"href":"https:\/\/biblioteca.blanes.cat\/salajove\/wp-json\/wp\/v2\/media\/2777"}],"wp:attachment":[{"href":"https:\/\/biblioteca.blanes.cat\/salajove\/wp-json\/wp\/v2\/media?parent=2776"}],"wp:term":[{"taxonomy":"category","embeddable":true,"href":"https:\/\/biblioteca.blanes.cat\/salajove\/wp-json\/wp\/v2\/categories?post=2776"},{"taxonomy":"post_tag","embeddable":true,"href":"https:\/\/biblioteca.blanes.cat\/salajove\/wp-json\/wp\/v2\/tags?post=2776"}],"curies":[{"name":"wp","href":"https:\/\/api.w.org\/{rel}","templated":true}]}}