{"id":2753,"date":"2019-04-05T12:59:05","date_gmt":"2019-04-05T11:59:05","guid":{"rendered":"https:\/\/biblioteca.blanes.cat\/salajove\/?p=2753"},"modified":"2019-04-05T13:01:11","modified_gmt":"2019-04-05T12:01:11","slug":"1a-fira-docupacio-de-la-selva","status":"publish","type":"post","link":"https:\/\/biblioteca.blanes.cat\/salajove\/2019\/04\/05\/1a-fira-docupacio-de-la-selva\/","title":{"rendered":"1a Fira d&#8217;Ocupaci\u00f3 de la Selva"},"content":{"rendered":"<h2 style=\"text-align: center;\">La 1a Fira comarcal d\u2019ocupaci\u00f3 s\u2019adre\u00e7a<\/h2>\n<h2 style=\"text-align: center;\">al col\u00b7lectiu de joves de 16 a 29 anys<\/h2>\n<p style=\"text-align: justify;\"><span style=\"font-family: Verdana;\">Tens entre 16 i 29 anys i busques feina? Vine a la 1a Fira d&#8217;Ocupaci\u00f3 de la Selva el dia 11 d&#8217;abril de 2019 de 9h a 14h a Blanes. Trobar\u00e0s empreses que busquen treballadors i tamb\u00e9 tallers i activitats que t&#8217;ajudaran a trobar feina.<\/span><\/p>\n<h3 style=\"text-align: justify;\"><strong><span style=\"font-family: Verdana;\">Entrada gratu\u00efta!<\/span><\/strong><span style=\"font-family: Verdana;\"><br \/>\n \u200b<\/span><\/h3>\n<p><img fetchpriority=\"high\" decoding=\"async\" class=\"aligncenter wp-image-2755 size-full\" title=\"1a Fira d'Ocupaci\u00f3 de la Selva\" src=\"https:\/\/biblioteca.blanes.cat\/salajove\/wp-content\/uploads\/sites\/3\/2019\/04\/fira-ocupaci\u00f3-selva.jpg\" alt=\"1a Fira d'Ocupaci\u00f3 de la Selva\" width=\"700\" height=\"333\" srcset=\"https:\/\/biblioteca.blanes.cat\/salajove\/wp-content\/uploads\/sites\/3\/2019\/04\/fira-ocupaci\u00f3-selva.jpg 700w, https:\/\/biblioteca.blanes.cat\/salajove\/wp-content\/uploads\/sites\/3\/2019\/04\/fira-ocupaci\u00f3-selva-300x143.jpg 300w\" sizes=\"(max-width: 700px) 100vw, 700px\" \/><\/p>\n<blockquote style=\"background-color: #003399; color: white;\">\n<p>&nbsp;<\/p>\n<ul>\n<li><span style=\"color: #ffffff;\"><b><span style=\"font-family: Arial; font-size: medium;\">Dia:<\/span><\/b><span style=\"font-family: Arial; font-size: medium;\">\u00a0Dijous\u00a011 d&#8217;abril de 2019<\/span><\/span><\/li>\n<li><span style=\"color: #ffffff;\"><b><span style=\"font-family: Arial; font-size: medium;\">Durada:<\/span><\/b><span style=\"font-family: Arial; font-size: medium;\">\u00a0De les 9.00h\u00a0\u00a0a les 14.00h<\/span><\/span><\/li>\n<li><span style=\"color: #ffffff;\"><b><span style=\"font-family: Arial; font-size: medium;\">Lloc:<\/span><\/b><span style=\"font-family: Arial; font-size: medium;\">\u00a0Departament Promoci\u00f3 de la Ciutat de Blanes (al costat de la ITV de Blanes &#8211;<\/span><a href=\"https:\/\/goo.gl\/maps\/NF41t8JS3n72\" target=\"_blank\" rel=\"noopener\"><u><span style=\"font-family: Arial; font-size: medium; color: white;\">veure mapa<\/span><\/u><\/a><span style=\"font-family: Arial; font-size: medium;\">-)<\/span><\/span><\/li>\n<li><span style=\"color: #ffffff;\"><b><span style=\"font-family: Arial; font-size: medium;\">Dirigida a<\/span><\/b><span style=\"font-family: Arial; font-size: medium;\">: Joves d&#8217;entre 16 i 29 anys que busquen feina<\/span><\/span><\/li>\n<li><span style=\"color: #ffffff;\"><b><span style=\"font-family: Arial; font-size: medium;\">Preu:<\/span><\/b><\/span><span style=\"color: #666666; font-family: Arial; font-size: medium;\"><span style=\"color: #ffffff;\">\u00a0Entrada gratu\u00efta<\/span>\n<p> <\/span><\/li>\n<\/ul>\n<\/blockquote>\n<p>&nbsp;<\/p>\n<p>Els joves que assisteixin a aquesta fira podran entrevistar-se amb responsables d&#8217;empreses que busquen treballadors. Els joves que vulguin entrevistar-se, cal que s&#8217;inscriguin\u00a0en\u00a0<a href=\"http:\/\/www.treballemgi.cat\/informacio-de-les-empreses-selva\/\" target=\"_blank\" rel=\"noopener\"><u><span style=\"color: #0000ff; font-family: Arial; font-size: medium;\">aquesta web<\/span><\/u><\/a><span style=\"color: #666666; font-family: Arial; font-size: medium;\">.<\/span><\/p>\n<p><span style=\"color: #666666; font-family: Arial; font-size: medium;\">Per altra banda, tamb\u00e9 es faran\u00a0tallers i activitats dirigides als joves, dissenyades per ajudar-los a trobar feina. Els joves que vulguin participar-hi, s&#8217;han d&#8217;inscriure\u00a0<\/span><a href=\"http:\/\/www.treballemgi.cat\/inscripcions-selva\/\" target=\"_blank\" rel=\"noopener\"><u><span style=\"color: #0000ff; font-family: Arial; font-size: medium;\">aqu\u00ed<\/span><\/u><\/a><span style=\"color: #666666; font-family: Arial; font-size: medium;\">.<\/p>\n<p> Si\u00a0vols donar una ullada a la\u00a0<\/span><a href=\"http:\/\/www.treballemgi.cat\/que-es-selva\/\" target=\"_blank\" rel=\"noopener\"><u><span style=\"color: #0000ff; font-family: Arial; font-size: medium;\">p\u00e0gina web de la fira<\/span><\/u><\/a><span style=\"color: #666666; font-family: Arial; font-size: medium;\">&#8230;\u00a0<\/p>\n<p> <\/span><\/p>\n<h2 style=\"text-align: center;\"><a href=\"https:\/\/biblioteca.blanes.cat\/salajove\/tag\/ocupacio\/\">#Ocupaci\u00f3 <\/a><\/h2>\n","protected":false},"excerpt":{"rendered":"<p>La 1a Fira comarcal d\u2019ocupaci\u00f3 s\u2019adre\u00e7a al col\u00b7lectiu de joves de 16 a 29 anys Tens entre 16 i 29 anys i busques feina? Vine a la 1a Fira d&#8217;Ocupaci\u00f3 de la Selva el dia 11 d&#8217;abril de 2019 de<\/p>\n","protected":false},"author":4,"featured_media":2755,"comment_status":"open","ping_status":"open","sticky":false,"template":"","format":"standard","meta":{"sfsi_plus_gutenberg_text_before_share":"","sfsi_plus_gutenberg_show_text_before_share":"","sfsi_plus_gutenberg_icon_type":"","sfsi_plus_gutenberg_icon_alignemt":"","sfsi_plus_gutenburg_max_per_row":"","footnotes":""},"categories":[1],"tags":[49,83,53,52,55,84,30],"class_list":["post-2753","post","type-post","status-publish","format-standard","has-post-thumbnail","hentry","category-general","tag-actualitat","tag-feina","tag-joventut","tag-joves","tag-mostra","tag-ocupacio","tag-taller"],"yoast_head":"<!-- This site is optimized with the Yoast SEO plugin v27.5 - https:\/\/yoast.com\/product\/yoast-seo-wordpress\/ -->\n<title>1a Fira d&#039;Ocupaci\u00f3 de la Selva - Sala Jove - BiblioBlanes<\/title>\n<meta name=\"description\" content=\"1a Fira d&#039;Ocupaci\u00f3 de la Selva - Tens entre 16 i 29 anys i busques feina? Vine a la 1a Fira d&#039;Ocupaci\u00f3 de la Selva el dia 11 d&#039;abril de 9h a 14h a Blanes.\" \/>\n<meta name=\"robots\" content=\"index, follow, max-snippet:-1, max-image-preview:large, max-video-preview:-1\" \/>\n<link rel=\"canonical\" href=\"https:\/\/biblioteca.blanes.cat\/salajove\/2019\/04\/05\/1a-fira-docupacio-de-la-selva\/\" \/>\n<meta property=\"og:locale\" content=\"ca_ES\" \/>\n<meta property=\"og:type\" content=\"article\" \/>\n<meta property=\"og:title\" content=\"1a Fira d&#039;Ocupaci\u00f3 de la Selva - Sala Jove - BiblioBlanes\" \/>\n<meta property=\"og:description\" content=\"1a Fira d&#039;Ocupaci\u00f3 de la Selva - Tens entre 16 i 29 anys i busques feina? Vine a la 1a Fira d&#039;Ocupaci\u00f3 de la Selva el dia 11 d&#039;abril de 9h a 14h a Blanes.\" \/>\n<meta property=\"og:url\" content=\"https:\/\/biblioteca.blanes.cat\/salajove\/2019\/04\/05\/1a-fira-docupacio-de-la-selva\/\" \/>\n<meta property=\"og:site_name\" content=\"Sala Jove\" \/>\n<meta property=\"article:publisher\" content=\"https:\/\/www.facebook.com\/BilbiotecaComarcaldeBlanes\/\" \/>\n<meta property=\"article:published_time\" content=\"2019-04-05T11:59:05+00:00\" \/>\n<meta property=\"article:modified_time\" content=\"2019-04-05T12:01:11+00:00\" \/>\n<meta property=\"og:image\" content=\"https:\/\/biblioteca.blanes.cat\/salajove\/wp-content\/uploads\/sites\/3\/2019\/04\/fira-ocupaci\u00f3-selva.jpg\" \/>\n\t<meta property=\"og:image:width\" content=\"700\" \/>\n\t<meta property=\"og:image:height\" content=\"333\" \/>\n\t<meta property=\"og:image:type\" content=\"image\/jpeg\" \/>\n<meta name=\"author\" content=\"biblioblanes\" \/>\n<meta name=\"twitter:card\" content=\"summary_large_image\" \/>\n<meta name=\"twitter:creator\" content=\"@biblioblanes\" \/>\n<meta name=\"twitter:site\" content=\"@BiblioBlanes\" \/>\n<meta name=\"twitter:label1\" content=\"Escrit per\" \/>\n\t<meta name=\"twitter:data1\" content=\"biblioblanes\" \/>\n\t<meta name=\"twitter:label2\" content=\"Temps estimat de lectura\" \/>\n\t<meta name=\"twitter:data2\" content=\"1 minut\" \/>\n<script type=\"application\/ld+json\" class=\"yoast-schema-graph\">{\"@context\":\"https:\\\/\\\/schema.org\",\"@graph\":[{\"@type\":\"Article\",\"@id\":\"https:\\\/\\\/biblioteca.blanes.cat\\\/salajove\\\/2019\\\/04\\\/05\\\/1a-fira-docupacio-de-la-selva\\\/#article\",\"isPartOf\":{\"@id\":\"https:\\\/\\\/biblioteca.blanes.cat\\\/salajove\\\/2019\\\/04\\\/05\\\/1a-fira-docupacio-de-la-selva\\\/\"},\"author\":{\"name\":\"biblioblanes\",\"@id\":\"https:\\\/\\\/biblioteca.blanes.cat\\\/salajove\\\/#\\\/schema\\\/person\\\/5a7b46760d9dd611d098bbf571a341dc\"},\"headline\":\"1a Fira d&#8217;Ocupaci\u00f3 de la Selva\",\"datePublished\":\"2019-04-05T11:59:05+00:00\",\"dateModified\":\"2019-04-05T12:01:11+00:00\",\"mainEntityOfPage\":{\"@id\":\"https:\\\/\\\/biblioteca.blanes.cat\\\/salajove\\\/2019\\\/04\\\/05\\\/1a-fira-docupacio-de-la-selva\\\/\"},\"wordCount\":189,\"commentCount\":0,\"publisher\":{\"@id\":\"https:\\\/\\\/biblioteca.blanes.cat\\\/salajove\\\/#organization\"},\"image\":{\"@id\":\"https:\\\/\\\/biblioteca.blanes.cat\\\/salajove\\\/2019\\\/04\\\/05\\\/1a-fira-docupacio-de-la-selva\\\/#primaryimage\"},\"thumbnailUrl\":\"https:\\\/\\\/biblioteca.blanes.cat\\\/salajove\\\/wp-content\\\/uploads\\\/sites\\\/3\\\/2019\\\/04\\\/fira-ocupaci\u00f3-selva.jpg\",\"keywords\":[\"#Actualitat\",\"#Feina\",\"#Joventut\",\"#Joves\",\"#Mostra\",\"#Ocupaci\u00f3\",\"#Taller\"],\"articleSection\":[\"Not\u00edcies\"],\"inLanguage\":\"ca\",\"potentialAction\":[{\"@type\":\"CommentAction\",\"name\":\"Comment\",\"target\":[\"https:\\\/\\\/biblioteca.blanes.cat\\\/salajove\\\/2019\\\/04\\\/05\\\/1a-fira-docupacio-de-la-selva\\\/#respond\"]}]},{\"@type\":\"WebPage\",\"@id\":\"https:\\\/\\\/biblioteca.blanes.cat\\\/salajove\\\/2019\\\/04\\\/05\\\/1a-fira-docupacio-de-la-selva\\\/\",\"url\":\"https:\\\/\\\/biblioteca.blanes.cat\\\/salajove\\\/2019\\\/04\\\/05\\\/1a-fira-docupacio-de-la-selva\\\/\",\"name\":\"1a Fira d'Ocupaci\u00f3 de la Selva - Sala Jove - BiblioBlanes\",\"isPartOf\":{\"@id\":\"https:\\\/\\\/biblioteca.blanes.cat\\\/salajove\\\/#website\"},\"primaryImageOfPage\":{\"@id\":\"https:\\\/\\\/biblioteca.blanes.cat\\\/salajove\\\/2019\\\/04\\\/05\\\/1a-fira-docupacio-de-la-selva\\\/#primaryimage\"},\"image\":{\"@id\":\"https:\\\/\\\/biblioteca.blanes.cat\\\/salajove\\\/2019\\\/04\\\/05\\\/1a-fira-docupacio-de-la-selva\\\/#primaryimage\"},\"thumbnailUrl\":\"https:\\\/\\\/biblioteca.blanes.cat\\\/salajove\\\/wp-content\\\/uploads\\\/sites\\\/3\\\/2019\\\/04\\\/fira-ocupaci\u00f3-selva.jpg\",\"datePublished\":\"2019-04-05T11:59:05+00:00\",\"dateModified\":\"2019-04-05T12:01:11+00:00\",\"description\":\"1a Fira d'Ocupaci\u00f3 de la Selva - Tens entre 16 i 29 anys i busques feina? Vine a la 1a Fira d'Ocupaci\u00f3 de la Selva el dia 11 d'abril de 9h a 14h a Blanes.\",\"breadcrumb\":{\"@id\":\"https:\\\/\\\/biblioteca.blanes.cat\\\/salajove\\\/2019\\\/04\\\/05\\\/1a-fira-docupacio-de-la-selva\\\/#breadcrumb\"},\"inLanguage\":\"ca\",\"potentialAction\":[{\"@type\":\"ReadAction\",\"target\":[\"https:\\\/\\\/biblioteca.blanes.cat\\\/salajove\\\/2019\\\/04\\\/05\\\/1a-fira-docupacio-de-la-selva\\\/\"]}]},{\"@type\":\"ImageObject\",\"inLanguage\":\"ca\",\"@id\":\"https:\\\/\\\/biblioteca.blanes.cat\\\/salajove\\\/2019\\\/04\\\/05\\\/1a-fira-docupacio-de-la-selva\\\/#primaryimage\",\"url\":\"https:\\\/\\\/biblioteca.blanes.cat\\\/salajove\\\/wp-content\\\/uploads\\\/sites\\\/3\\\/2019\\\/04\\\/fira-ocupaci\u00f3-selva.jpg\",\"contentUrl\":\"https:\\\/\\\/biblioteca.blanes.cat\\\/salajove\\\/wp-content\\\/uploads\\\/sites\\\/3\\\/2019\\\/04\\\/fira-ocupaci\u00f3-selva.jpg\",\"width\":700,\"height\":333},{\"@type\":\"BreadcrumbList\",\"@id\":\"https:\\\/\\\/biblioteca.blanes.cat\\\/salajove\\\/2019\\\/04\\\/05\\\/1a-fira-docupacio-de-la-selva\\\/#breadcrumb\",\"itemListElement\":[{\"@type\":\"ListItem\",\"position\":1,\"name\":\"Inici\",\"item\":\"https:\\\/\\\/biblioteca.blanes.cat\\\/salajove\\\/\"},{\"@type\":\"ListItem\",\"position\":2,\"name\":\"1a Fira d&#8217;Ocupaci\u00f3 de la Selva\"}]},{\"@type\":\"WebSite\",\"@id\":\"https:\\\/\\\/biblioteca.blanes.cat\\\/salajove\\\/#website\",\"url\":\"https:\\\/\\\/biblioteca.blanes.cat\\\/salajove\\\/\",\"name\":\"Sala Jove\",\"description\":\"Biblioteca Comarcal de Blanes\",\"publisher\":{\"@id\":\"https:\\\/\\\/biblioteca.blanes.cat\\\/salajove\\\/#organization\"},\"potentialAction\":[{\"@type\":\"SearchAction\",\"target\":{\"@type\":\"EntryPoint\",\"urlTemplate\":\"https:\\\/\\\/biblioteca.blanes.cat\\\/salajove\\\/?s={search_term_string}\"},\"query-input\":{\"@type\":\"PropertyValueSpecification\",\"valueRequired\":true,\"valueName\":\"search_term_string\"}}],\"inLanguage\":\"ca\"},{\"@type\":\"Organization\",\"@id\":\"https:\\\/\\\/biblioteca.blanes.cat\\\/salajove\\\/#organization\",\"name\":\"Biblioteca Comarcal de Blanes\",\"url\":\"https:\\\/\\\/biblioteca.blanes.cat\\\/salajove\\\/\",\"logo\":{\"@type\":\"ImageObject\",\"inLanguage\":\"ca\",\"@id\":\"https:\\\/\\\/biblioteca.blanes.cat\\\/salajove\\\/#\\\/schema\\\/logo\\\/image\\\/\",\"url\":\"https:\\\/\\\/biblioteca.blanes.cat\\\/salajove\\\/wp-content\\\/uploads\\\/sites\\\/3\\\/2017\\\/09\\\/cropped-Bib-blau-e1518869380535.png\",\"contentUrl\":\"https:\\\/\\\/biblioteca.blanes.cat\\\/salajove\\\/wp-content\\\/uploads\\\/sites\\\/3\\\/2017\\\/09\\\/cropped-Bib-blau-e1518869380535.png\",\"width\":166,\"height\":166,\"caption\":\"Biblioteca Comarcal de Blanes\"},\"image\":{\"@id\":\"https:\\\/\\\/biblioteca.blanes.cat\\\/salajove\\\/#\\\/schema\\\/logo\\\/image\\\/\"},\"sameAs\":[\"https:\\\/\\\/www.facebook.com\\\/BilbiotecaComarcaldeBlanes\\\/\",\"https:\\\/\\\/x.com\\\/BiblioBlanes\",\"https:\\\/\\\/www.instagram.com\\\/biblioblanes\\\/\",\"https:\\\/\\\/www.pinterest.es\\\/bblanes\\\/\",\"https:\\\/\\\/www.youtube.com\\\/c\\\/BibliotecaComarcalBlanes\"]},{\"@type\":\"Person\",\"@id\":\"https:\\\/\\\/biblioteca.blanes.cat\\\/salajove\\\/#\\\/schema\\\/person\\\/5a7b46760d9dd611d098bbf571a341dc\",\"name\":\"biblioblanes\",\"image\":{\"@type\":\"ImageObject\",\"inLanguage\":\"ca\",\"@id\":\"https:\\\/\\\/secure.gravatar.com\\\/avatar\\\/6593ca6cc90e5a70939f51c95e8315483b9c281bafba597292bee47992030f99?s=96&d=mm&r=g\",\"url\":\"https:\\\/\\\/secure.gravatar.com\\\/avatar\\\/6593ca6cc90e5a70939f51c95e8315483b9c281bafba597292bee47992030f99?s=96&d=mm&r=g\",\"contentUrl\":\"https:\\\/\\\/secure.gravatar.com\\\/avatar\\\/6593ca6cc90e5a70939f51c95e8315483b9c281bafba597292bee47992030f99?s=96&d=mm&r=g\",\"caption\":\"biblioblanes\"},\"sameAs\":[\"http:\\\/\\\/www.bibgirona.cat\\\/biblioteca\\\/blanes\",\"https:\\\/\\\/x.com\\\/biblioblanes\"],\"url\":\"https:\\\/\\\/biblioteca.blanes.cat\\\/salajove\\\/author\\\/biblioblanes\\\/\"}]}<\/script>\n<!-- \/ Yoast SEO plugin. -->","yoast_head_json":{"title":"1a Fira d'Ocupaci\u00f3 de la Selva - Sala Jove - BiblioBlanes","description":"1a Fira d'Ocupaci\u00f3 de la Selva - Tens entre 16 i 29 anys i busques feina? Vine a la 1a Fira d'Ocupaci\u00f3 de la Selva el dia 11 d'abril de 9h a 14h a Blanes.","robots":{"index":"index","follow":"follow","max-snippet":"max-snippet:-1","max-image-preview":"max-image-preview:large","max-video-preview":"max-video-preview:-1"},"canonical":"https:\/\/biblioteca.blanes.cat\/salajove\/2019\/04\/05\/1a-fira-docupacio-de-la-selva\/","og_locale":"ca_ES","og_type":"article","og_title":"1a Fira d'Ocupaci\u00f3 de la Selva - Sala Jove - BiblioBlanes","og_description":"1a Fira d'Ocupaci\u00f3 de la Selva - Tens entre 16 i 29 anys i busques feina? Vine a la 1a Fira d'Ocupaci\u00f3 de la Selva el dia 11 d'abril de 9h a 14h a Blanes.","og_url":"https:\/\/biblioteca.blanes.cat\/salajove\/2019\/04\/05\/1a-fira-docupacio-de-la-selva\/","og_site_name":"Sala Jove","article_publisher":"https:\/\/www.facebook.com\/BilbiotecaComarcaldeBlanes\/","article_published_time":"2019-04-05T11:59:05+00:00","article_modified_time":"2019-04-05T12:01:11+00:00","og_image":[{"width":700,"height":333,"url":"https:\/\/biblioteca.blanes.cat\/salajove\/wp-content\/uploads\/sites\/3\/2019\/04\/fira-ocupaci\u00f3-selva.jpg","type":"image\/jpeg"}],"author":"biblioblanes","twitter_card":"summary_large_image","twitter_creator":"@biblioblanes","twitter_site":"@BiblioBlanes","twitter_misc":{"Escrit per":"biblioblanes","Temps estimat de lectura":"1 minut"},"schema":{"@context":"https:\/\/schema.org","@graph":[{"@type":"Article","@id":"https:\/\/biblioteca.blanes.cat\/salajove\/2019\/04\/05\/1a-fira-docupacio-de-la-selva\/#article","isPartOf":{"@id":"https:\/\/biblioteca.blanes.cat\/salajove\/2019\/04\/05\/1a-fira-docupacio-de-la-selva\/"},"author":{"name":"biblioblanes","@id":"https:\/\/biblioteca.blanes.cat\/salajove\/#\/schema\/person\/5a7b46760d9dd611d098bbf571a341dc"},"headline":"1a Fira d&#8217;Ocupaci\u00f3 de la Selva","datePublished":"2019-04-05T11:59:05+00:00","dateModified":"2019-04-05T12:01:11+00:00","mainEntityOfPage":{"@id":"https:\/\/biblioteca.blanes.cat\/salajove\/2019\/04\/05\/1a-fira-docupacio-de-la-selva\/"},"wordCount":189,"commentCount":0,"publisher":{"@id":"https:\/\/biblioteca.blanes.cat\/salajove\/#organization"},"image":{"@id":"https:\/\/biblioteca.blanes.cat\/salajove\/2019\/04\/05\/1a-fira-docupacio-de-la-selva\/#primaryimage"},"thumbnailUrl":"https:\/\/biblioteca.blanes.cat\/salajove\/wp-content\/uploads\/sites\/3\/2019\/04\/fira-ocupaci\u00f3-selva.jpg","keywords":["#Actualitat","#Feina","#Joventut","#Joves","#Mostra","#Ocupaci\u00f3","#Taller"],"articleSection":["Not\u00edcies"],"inLanguage":"ca","potentialAction":[{"@type":"CommentAction","name":"Comment","target":["https:\/\/biblioteca.blanes.cat\/salajove\/2019\/04\/05\/1a-fira-docupacio-de-la-selva\/#respond"]}]},{"@type":"WebPage","@id":"https:\/\/biblioteca.blanes.cat\/salajove\/2019\/04\/05\/1a-fira-docupacio-de-la-selva\/","url":"https:\/\/biblioteca.blanes.cat\/salajove\/2019\/04\/05\/1a-fira-docupacio-de-la-selva\/","name":"1a Fira d'Ocupaci\u00f3 de la Selva - Sala Jove - BiblioBlanes","isPartOf":{"@id":"https:\/\/biblioteca.blanes.cat\/salajove\/#website"},"primaryImageOfPage":{"@id":"https:\/\/biblioteca.blanes.cat\/salajove\/2019\/04\/05\/1a-fira-docupacio-de-la-selva\/#primaryimage"},"image":{"@id":"https:\/\/biblioteca.blanes.cat\/salajove\/2019\/04\/05\/1a-fira-docupacio-de-la-selva\/#primaryimage"},"thumbnailUrl":"https:\/\/biblioteca.blanes.cat\/salajove\/wp-content\/uploads\/sites\/3\/2019\/04\/fira-ocupaci\u00f3-selva.jpg","datePublished":"2019-04-05T11:59:05+00:00","dateModified":"2019-04-05T12:01:11+00:00","description":"1a Fira d'Ocupaci\u00f3 de la Selva - Tens entre 16 i 29 anys i busques feina? Vine a la 1a Fira d'Ocupaci\u00f3 de la Selva el dia 11 d'abril de 9h a 14h a Blanes.","breadcrumb":{"@id":"https:\/\/biblioteca.blanes.cat\/salajove\/2019\/04\/05\/1a-fira-docupacio-de-la-selva\/#breadcrumb"},"inLanguage":"ca","potentialAction":[{"@type":"ReadAction","target":["https:\/\/biblioteca.blanes.cat\/salajove\/2019\/04\/05\/1a-fira-docupacio-de-la-selva\/"]}]},{"@type":"ImageObject","inLanguage":"ca","@id":"https:\/\/biblioteca.blanes.cat\/salajove\/2019\/04\/05\/1a-fira-docupacio-de-la-selva\/#primaryimage","url":"https:\/\/biblioteca.blanes.cat\/salajove\/wp-content\/uploads\/sites\/3\/2019\/04\/fira-ocupaci\u00f3-selva.jpg","contentUrl":"https:\/\/biblioteca.blanes.cat\/salajove\/wp-content\/uploads\/sites\/3\/2019\/04\/fira-ocupaci\u00f3-selva.jpg","width":700,"height":333},{"@type":"BreadcrumbList","@id":"https:\/\/biblioteca.blanes.cat\/salajove\/2019\/04\/05\/1a-fira-docupacio-de-la-selva\/#breadcrumb","itemListElement":[{"@type":"ListItem","position":1,"name":"Inici","item":"https:\/\/biblioteca.blanes.cat\/salajove\/"},{"@type":"ListItem","position":2,"name":"1a Fira d&#8217;Ocupaci\u00f3 de la Selva"}]},{"@type":"WebSite","@id":"https:\/\/biblioteca.blanes.cat\/salajove\/#website","url":"https:\/\/biblioteca.blanes.cat\/salajove\/","name":"Sala Jove","description":"Biblioteca Comarcal de Blanes","publisher":{"@id":"https:\/\/biblioteca.blanes.cat\/salajove\/#organization"},"potentialAction":[{"@type":"SearchAction","target":{"@type":"EntryPoint","urlTemplate":"https:\/\/biblioteca.blanes.cat\/salajove\/?s={search_term_string}"},"query-input":{"@type":"PropertyValueSpecification","valueRequired":true,"valueName":"search_term_string"}}],"inLanguage":"ca"},{"@type":"Organization","@id":"https:\/\/biblioteca.blanes.cat\/salajove\/#organization","name":"Biblioteca Comarcal de Blanes","url":"https:\/\/biblioteca.blanes.cat\/salajove\/","logo":{"@type":"ImageObject","inLanguage":"ca","@id":"https:\/\/biblioteca.blanes.cat\/salajove\/#\/schema\/logo\/image\/","url":"https:\/\/biblioteca.blanes.cat\/salajove\/wp-content\/uploads\/sites\/3\/2017\/09\/cropped-Bib-blau-e1518869380535.png","contentUrl":"https:\/\/biblioteca.blanes.cat\/salajove\/wp-content\/uploads\/sites\/3\/2017\/09\/cropped-Bib-blau-e1518869380535.png","width":166,"height":166,"caption":"Biblioteca Comarcal de Blanes"},"image":{"@id":"https:\/\/biblioteca.blanes.cat\/salajove\/#\/schema\/logo\/image\/"},"sameAs":["https:\/\/www.facebook.com\/BilbiotecaComarcaldeBlanes\/","https:\/\/x.com\/BiblioBlanes","https:\/\/www.instagram.com\/biblioblanes\/","https:\/\/www.pinterest.es\/bblanes\/","https:\/\/www.youtube.com\/c\/BibliotecaComarcalBlanes"]},{"@type":"Person","@id":"https:\/\/biblioteca.blanes.cat\/salajove\/#\/schema\/person\/5a7b46760d9dd611d098bbf571a341dc","name":"biblioblanes","image":{"@type":"ImageObject","inLanguage":"ca","@id":"https:\/\/secure.gravatar.com\/avatar\/6593ca6cc90e5a70939f51c95e8315483b9c281bafba597292bee47992030f99?s=96&d=mm&r=g","url":"https:\/\/secure.gravatar.com\/avatar\/6593ca6cc90e5a70939f51c95e8315483b9c281bafba597292bee47992030f99?s=96&d=mm&r=g","contentUrl":"https:\/\/secure.gravatar.com\/avatar\/6593ca6cc90e5a70939f51c95e8315483b9c281bafba597292bee47992030f99?s=96&d=mm&r=g","caption":"biblioblanes"},"sameAs":["http:\/\/www.bibgirona.cat\/biblioteca\/blanes","https:\/\/x.com\/biblioblanes"],"url":"https:\/\/biblioteca.blanes.cat\/salajove\/author\/biblioblanes\/"}]}},"_links":{"self":[{"href":"https:\/\/biblioteca.blanes.cat\/salajove\/wp-json\/wp\/v2\/posts\/2753","targetHints":{"allow":["GET"]}}],"collection":[{"href":"https:\/\/biblioteca.blanes.cat\/salajove\/wp-json\/wp\/v2\/posts"}],"about":[{"href":"https:\/\/biblioteca.blanes.cat\/salajove\/wp-json\/wp\/v2\/types\/post"}],"author":[{"embeddable":true,"href":"https:\/\/biblioteca.blanes.cat\/salajove\/wp-json\/wp\/v2\/users\/4"}],"replies":[{"embeddable":true,"href":"https:\/\/biblioteca.blanes.cat\/salajove\/wp-json\/wp\/v2\/comments?post=2753"}],"version-history":[{"count":2,"href":"https:\/\/biblioteca.blanes.cat\/salajove\/wp-json\/wp\/v2\/posts\/2753\/revisions"}],"predecessor-version":[{"id":2761,"href":"https:\/\/biblioteca.blanes.cat\/salajove\/wp-json\/wp\/v2\/posts\/2753\/revisions\/2761"}],"wp:featuredmedia":[{"embeddable":true,"href":"https:\/\/biblioteca.blanes.cat\/salajove\/wp-json\/wp\/v2\/media\/2755"}],"wp:attachment":[{"href":"https:\/\/biblioteca.blanes.cat\/salajove\/wp-json\/wp\/v2\/media?parent=2753"}],"wp:term":[{"taxonomy":"category","embeddable":true,"href":"https:\/\/biblioteca.blanes.cat\/salajove\/wp-json\/wp\/v2\/categories?post=2753"},{"taxonomy":"post_tag","embeddable":true,"href":"https:\/\/biblioteca.blanes.cat\/salajove\/wp-json\/wp\/v2\/tags?post=2753"}],"curies":[{"name":"wp","href":"https:\/\/api.w.org\/{rel}","templated":true}]}}