{"id":2644,"date":"2019-03-01T16:11:57","date_gmt":"2019-03-01T15:11:57","guid":{"rendered":"https:\/\/biblioteca.blanes.cat\/salajove\/?p=2644"},"modified":"2019-04-05T12:45:12","modified_gmt":"2019-04-05T11:45:12","slug":"novetats-marc-2019","status":"publish","type":"post","link":"https:\/\/biblioteca.blanes.cat\/salajove\/2019\/03\/01\/novetats-marc-2019\/","title":{"rendered":"NOVETATS: Mar\u00e7 2019"},"content":{"rendered":"<h2 style=\"text-align: center;\">Biblioteca Jove Blanes &#8211; Novetats mar\u00e7 2018<\/h2>\n<p>&nbsp;<\/p>\n<p style=\"text-align: justify;\">Ja tenim aqu\u00ed les Novetats juvenils del mes de mar\u00e7 que trobareu a la Sala Jove de la Biblioteca Comarcal de Blanes ja estan disponibles. En primer lloc trobareu les novel\u00b7les. <!--more-->Tamb\u00e9 hi trobareu les novetats en mat\u00e8ries i centres d&#8217;inter\u00e8s. Finalment hi trobareu les noves pel\u00b7l\u00edcules disponibles a la Sala Jove.<\/p>\n<p>&nbsp;<\/p>\n<h2 style=\"background-color: #ff0066;\">Novel.la Juvenil:<\/h2>\n<div id='gallery-1' class='gallery galleryid-2644 gallery-columns-4 gallery-size-medium'><figure class='gallery-item'>\n\t\t\t<div class='gallery-icon portrait'>\n\t\t\t\t<img fetchpriority=\"high\" decoding=\"async\" width=\"230\" height=\"300\" src=\"https:\/\/biblioteca.blanes.cat\/salajove\/wp-content\/uploads\/sites\/3\/2019\/02\/VAT\u00c1R-UN-ORCO-230x300.jpg\" class=\"attachment-medium size-medium\" alt=\"\" aria-describedby=\"gallery-1-2660\" srcset=\"https:\/\/biblioteca.blanes.cat\/salajove\/wp-content\/uploads\/sites\/3\/2019\/02\/VAT\u00c1R-UN-ORCO-230x300.jpg 230w, https:\/\/biblioteca.blanes.cat\/salajove\/wp-content\/uploads\/sites\/3\/2019\/02\/VAT\u00c1R-UN-ORCO.jpg 480w\" sizes=\"(max-width: 230px) 100vw, 230px\" \/>\n\t\t\t<\/div>\n\t\t\t\t<figcaption class='wp-caption-text gallery-caption' id='gallery-1-2660'>\n\t\t\t\t<a href=\"http:\/\/elmeuargus.biblioteques.gencat.cat\/record=b1987281~S38*cat\" target=\"_blank\" rel=\"noopener\">JN ALO<\/a>\n\t\t\t\t<\/figcaption><\/figure><figure class='gallery-item'>\n\t\t\t<div class='gallery-icon portrait'>\n\t\t\t\t<img decoding=\"async\" width=\"179\" height=\"300\" src=\"https:\/\/biblioteca.blanes.cat\/salajove\/wp-content\/uploads\/sites\/3\/2019\/02\/Quimera-179x300.jpg\" class=\"attachment-medium size-medium\" alt=\"\" aria-describedby=\"gallery-1-2657\" srcset=\"https:\/\/biblioteca.blanes.cat\/salajove\/wp-content\/uploads\/sites\/3\/2019\/02\/Quimera-179x300.jpg 179w, https:\/\/biblioteca.blanes.cat\/salajove\/wp-content\/uploads\/sites\/3\/2019\/02\/Quimera.jpg 402w\" sizes=\"(max-width: 179px) 100vw, 179px\" \/>\n\t\t\t<\/div>\n\t\t\t\t<figcaption class='wp-caption-text gallery-caption' id='gallery-1-2657'>\n\t\t\t\t<a href=\"http:\/\/elmeuargus.biblioteques.gencat.cat\/record=b1978700~S38*cat\" target=\"_blank\" rel=\"noopener\">JN ARI<\/a>\n\t\t\t\t<\/figcaption><\/figure><figure class='gallery-item'>\n\t\t\t<div class='gallery-icon portrait'>\n\t\t\t\t<img decoding=\"async\" width=\"197\" height=\"300\" src=\"https:\/\/biblioteca.blanes.cat\/salajove\/wp-content\/uploads\/sites\/3\/2019\/02\/La-Nena-que-va-beure-llum-de-lluna-197x300.jpg\" class=\"attachment-medium size-medium\" alt=\"\" aria-describedby=\"gallery-1-2654\" srcset=\"https:\/\/biblioteca.blanes.cat\/salajove\/wp-content\/uploads\/sites\/3\/2019\/02\/La-Nena-que-va-beure-llum-de-lluna-197x300.jpg 197w, https:\/\/biblioteca.blanes.cat\/salajove\/wp-content\/uploads\/sites\/3\/2019\/02\/La-Nena-que-va-beure-llum-de-lluna.jpg 252w\" sizes=\"(max-width: 197px) 100vw, 197px\" \/>\n\t\t\t<\/div>\n\t\t\t\t<figcaption class='wp-caption-text gallery-caption' id='gallery-1-2654'>\n\t\t\t\t<a href=\"http:\/\/elmeuargus.biblioteques.gencat.cat\/record=b1990786~S38*cat\" target=\"_blank\" rel=\"noopener\">JN BAR<\/a>\n\t\t\t\t<\/figcaption><\/figure><figure class='gallery-item'>\n\t\t\t<div class='gallery-icon portrait'>\n\t\t\t\t<img loading=\"lazy\" decoding=\"async\" width=\"184\" height=\"274\" src=\"https:\/\/biblioteca.blanes.cat\/salajove\/wp-content\/uploads\/sites\/3\/2019\/02\/Todo-eso-que-nos-une.png\" class=\"attachment-medium size-medium\" alt=\"\" aria-describedby=\"gallery-1-2659\" \/>\n\t\t\t<\/div>\n\t\t\t\t<figcaption class='wp-caption-text gallery-caption' id='gallery-1-2659'>\n\t\t\t\t<a href=\"http:\/\/elmeuargus.biblioteques.gencat.cat\/record=b1991021~S38*cat\" target=\"_blank\" rel=\"noopener\">JN CAM<\/a>\n\t\t\t\t<\/figcaption><\/figure><figure class='gallery-item'>\n\t\t\t<div class='gallery-icon portrait'>\n\t\t\t\t<img loading=\"lazy\" decoding=\"async\" width=\"210\" height=\"300\" src=\"https:\/\/biblioteca.blanes.cat\/salajove\/wp-content\/uploads\/sites\/3\/2019\/02\/Tancat-en-una-pompolla-210x300.jpg\" class=\"attachment-medium size-medium\" alt=\"\" aria-describedby=\"gallery-1-2658\" srcset=\"https:\/\/biblioteca.blanes.cat\/salajove\/wp-content\/uploads\/sites\/3\/2019\/02\/Tancat-en-una-pompolla-210x300.jpg 210w, https:\/\/biblioteca.blanes.cat\/salajove\/wp-content\/uploads\/sites\/3\/2019\/02\/Tancat-en-una-pompolla.jpg 388w\" sizes=\"(max-width: 210px) 100vw, 210px\" \/>\n\t\t\t<\/div>\n\t\t\t\t<figcaption class='wp-caption-text gallery-caption' id='gallery-1-2658'>\n\t\t\t\t<a href=\"http:\/\/elmeuargus.biblioteques.gencat.cat\/record=b1992337~S38*cat\" target=\"_blank\" rel=\"noopener\">JN FOS<\/a>\n\t\t\t\t<\/figcaption><\/figure><figure class='gallery-item'>\n\t\t\t<div class='gallery-icon portrait'>\n\t\t\t\t<img loading=\"lazy\" decoding=\"async\" width=\"182\" height=\"276\" src=\"https:\/\/biblioteca.blanes.cat\/salajove\/wp-content\/uploads\/sites\/3\/2019\/02\/los-lobos-del-hielo.jpg\" class=\"attachment-medium size-medium\" alt=\"\" aria-describedby=\"gallery-1-2655\" \/>\n\t\t\t<\/div>\n\t\t\t\t<figcaption class='wp-caption-text gallery-caption' id='gallery-1-2655'>\n\t\t\t\t<a href=\"http:\/\/elmeuargus.biblioteques.gencat.cat\/record=b1991346~S38*cat\" target=\"_blank\" rel=\"noopener\">JN KAU<\/a>\n\t\t\t\t<\/figcaption><\/figure><figure class='gallery-item'>\n\t\t\t<div class='gallery-icon portrait'>\n\t\t\t\t<img loading=\"lazy\" decoding=\"async\" width=\"209\" height=\"300\" src=\"https:\/\/biblioteca.blanes.cat\/salajove\/wp-content\/uploads\/sites\/3\/2019\/02\/FERRALLA-209x300.jpg\" class=\"attachment-medium size-medium\" alt=\"\" aria-describedby=\"gallery-1-2650\" srcset=\"https:\/\/biblioteca.blanes.cat\/salajove\/wp-content\/uploads\/sites\/3\/2019\/02\/FERRALLA-209x300.jpg 209w, https:\/\/biblioteca.blanes.cat\/salajove\/wp-content\/uploads\/sites\/3\/2019\/02\/FERRALLA.jpg 492w\" sizes=\"(max-width: 209px) 100vw, 209px\" \/>\n\t\t\t<\/div>\n\t\t\t\t<figcaption class='wp-caption-text gallery-caption' id='gallery-1-2650'>\n\t\t\t\t<a href=\"http:\/\/elmeuargus.biblioteques.gencat.cat\/record=b1997475~S38*cat\" target=\"_blank\" rel=\"noopener\">JN KEN<\/a>\n\t\t\t\t<\/figcaption><\/figure><figure class='gallery-item'>\n\t\t\t<div class='gallery-icon portrait'>\n\t\t\t\t<img loading=\"lazy\" decoding=\"async\" width=\"182\" height=\"277\" src=\"https:\/\/biblioteca.blanes.cat\/salajove\/wp-content\/uploads\/sites\/3\/2019\/02\/La-llamada-del-crep\u00fasculo.jpg\" class=\"attachment-medium size-medium\" alt=\"\" aria-describedby=\"gallery-1-2653\" \/>\n\t\t\t<\/div>\n\t\t\t\t<figcaption class='wp-caption-text gallery-caption' id='gallery-1-2653'>\n\t\t\t\t<a href=\"http:\/\/elmeuargus.biblioteques.gencat.cat\/record=b1985834~S38*cat\" target=\"_blank\" rel=\"noopener\">JN LAR<\/a>\n\t\t\t\t<\/figcaption><\/figure><figure class='gallery-item'>\n\t\t\t<div class='gallery-icon portrait'>\n\t\t\t\t<img loading=\"lazy\" decoding=\"async\" width=\"150\" height=\"237\" src=\"https:\/\/biblioteca.blanes.cat\/salajove\/wp-content\/uploads\/sites\/3\/2019\/02\/com-una-tempesta-que-arriba-sense-avisar.jpg\" class=\"attachment-medium size-medium\" alt=\"\" aria-describedby=\"gallery-1-2645\" \/>\n\t\t\t<\/div>\n\t\t\t\t<figcaption class='wp-caption-text gallery-caption' id='gallery-1-2645'>\n\t\t\t\t<a href=\"http:\/\/elmeuargus.biblioteques.gencat.cat\/record=b1993028~S38*cat\" target=\"_blank\" rel=\"noopener\">JN MAR<\/a>\n\t\t\t\t<\/figcaption><\/figure><figure class='gallery-item'>\n\t\t\t<div class='gallery-icon portrait'>\n\t\t\t\t<img loading=\"lazy\" decoding=\"async\" width=\"181\" height=\"279\" src=\"https:\/\/biblioteca.blanes.cat\/salajove\/wp-content\/uploads\/sites\/3\/2019\/02\/El-Mapa-que-em-porta-a-tu.jpg\" class=\"attachment-medium size-medium\" alt=\"\" aria-describedby=\"gallery-1-2647\" \/>\n\t\t\t<\/div>\n\t\t\t\t<figcaption class='wp-caption-text gallery-caption' id='gallery-1-2647'>\n\t\t\t\t<a href=\"http:\/\/elmeuargus.biblioteques.gencat.cat\/record=b1987721~S38*cat\" target=\"_blank\" rel=\"noopener\">JN MON<\/a>\n\t\t\t\t<\/figcaption><\/figure><figure class='gallery-item'>\n\t\t\t<div class='gallery-icon portrait'>\n\t\t\t\t<img loading=\"lazy\" decoding=\"async\" width=\"192\" height=\"300\" src=\"https:\/\/biblioteca.blanes.cat\/salajove\/wp-content\/uploads\/sites\/3\/2019\/02\/El-sorprendente-cat\u00e1logo-192x300.jpg\" class=\"attachment-medium size-medium\" alt=\"\" aria-describedby=\"gallery-1-2649\" srcset=\"https:\/\/biblioteca.blanes.cat\/salajove\/wp-content\/uploads\/sites\/3\/2019\/02\/El-sorprendente-cat\u00e1logo-192x300.jpg 192w, https:\/\/biblioteca.blanes.cat\/salajove\/wp-content\/uploads\/sites\/3\/2019\/02\/El-sorprendente-cat\u00e1logo-768x1201.jpg 768w, https:\/\/biblioteca.blanes.cat\/salajove\/wp-content\/uploads\/sites\/3\/2019\/02\/El-sorprendente-cat\u00e1logo-655x1024.jpg 655w, https:\/\/biblioteca.blanes.cat\/salajove\/wp-content\/uploads\/sites\/3\/2019\/02\/El-sorprendente-cat\u00e1logo.jpg 2000w\" sizes=\"(max-width: 192px) 100vw, 192px\" \/>\n\t\t\t<\/div>\n\t\t\t\t<figcaption class='wp-caption-text gallery-caption' id='gallery-1-2649'>\n\t\t\t\t<a href=\"http:\/\/elmeuargus.biblioteques.gencat.cat\/record=b1991009~S38*cat\" target=\"_blank\" rel=\"noopener\">JN MOR<\/a>\n\t\t\t\t<\/figcaption><\/figure><figure class='gallery-item'>\n\t\t\t<div class='gallery-icon portrait'>\n\t\t\t\t<img loading=\"lazy\" decoding=\"async\" width=\"197\" height=\"300\" src=\"https:\/\/biblioteca.blanes.cat\/salajove\/wp-content\/uploads\/sites\/3\/2019\/02\/la-ciutat-197x300.jpg\" class=\"attachment-medium size-medium\" alt=\"\" aria-describedby=\"gallery-1-2651\" srcset=\"https:\/\/biblioteca.blanes.cat\/salajove\/wp-content\/uploads\/sites\/3\/2019\/02\/la-ciutat-197x300.jpg 197w, https:\/\/biblioteca.blanes.cat\/salajove\/wp-content\/uploads\/sites\/3\/2019\/02\/la-ciutat.jpg 401w\" sizes=\"(max-width: 197px) 100vw, 197px\" \/>\n\t\t\t<\/div>\n\t\t\t\t<figcaption class='wp-caption-text gallery-caption' id='gallery-1-2651'>\n\t\t\t\t<a href=\"http:\/\/elmeuargus.biblioteques.gencat.cat\/record=b1983961~S38*cat\" target=\"_blank\" rel=\"noopener\">JN PAN<\/a>\n\t\t\t\t<\/figcaption><\/figure><figure class='gallery-item'>\n\t\t\t<div class='gallery-icon portrait'>\n\t\t\t\t<img loading=\"lazy\" decoding=\"async\" width=\"194\" height=\"300\" src=\"https:\/\/biblioteca.blanes.cat\/salajove\/wp-content\/uploads\/sites\/3\/2019\/02\/Pollyanna-crece-194x300.jpg\" class=\"attachment-medium size-medium\" alt=\"\" aria-describedby=\"gallery-1-2656\" srcset=\"https:\/\/biblioteca.blanes.cat\/salajove\/wp-content\/uploads\/sites\/3\/2019\/02\/Pollyanna-crece-194x300.jpg 194w, https:\/\/biblioteca.blanes.cat\/salajove\/wp-content\/uploads\/sites\/3\/2019\/02\/Pollyanna-crece-768x1186.jpg 768w, https:\/\/biblioteca.blanes.cat\/salajove\/wp-content\/uploads\/sites\/3\/2019\/02\/Pollyanna-crece-663x1024.jpg 663w, https:\/\/biblioteca.blanes.cat\/salajove\/wp-content\/uploads\/sites\/3\/2019\/02\/Pollyanna-crece.jpg 1725w\" sizes=\"(max-width: 194px) 100vw, 194px\" \/>\n\t\t\t<\/div>\n\t\t\t\t<figcaption class='wp-caption-text gallery-caption' id='gallery-1-2656'>\n\t\t\t\t<a href=\"http:\/\/elmeuargus.biblioteques.gencat.cat\/record=b1998151~S38*cat\" target=\"_blank\" rel=\"noopener\">JN POR<\/a>\n\t\t\t\t<\/figcaption><\/figure><figure class='gallery-item'>\n\t\t\t<div class='gallery-icon portrait'>\n\t\t\t\t<img loading=\"lazy\" decoding=\"async\" width=\"191\" height=\"300\" src=\"https:\/\/biblioteca.blanes.cat\/salajove\/wp-content\/uploads\/sites\/3\/2019\/02\/Comptant-n\u00favols-191x300.jpg\" class=\"attachment-medium size-medium\" alt=\"\" aria-describedby=\"gallery-1-2646\" srcset=\"https:\/\/biblioteca.blanes.cat\/salajove\/wp-content\/uploads\/sites\/3\/2019\/02\/Comptant-n\u00favols-191x300.jpg 191w, https:\/\/biblioteca.blanes.cat\/salajove\/wp-content\/uploads\/sites\/3\/2019\/02\/Comptant-n\u00favols-768x1203.jpg 768w, https:\/\/biblioteca.blanes.cat\/salajove\/wp-content\/uploads\/sites\/3\/2019\/02\/Comptant-n\u00favols-653x1024.jpg 653w, https:\/\/biblioteca.blanes.cat\/salajove\/wp-content\/uploads\/sites\/3\/2019\/02\/Comptant-n\u00favols.jpg 1545w\" sizes=\"(max-width: 191px) 100vw, 191px\" \/>\n\t\t\t<\/div>\n\t\t\t\t<figcaption class='wp-caption-text gallery-caption' id='gallery-1-2646'>\n\t\t\t\t<a href=\"http:\/\/elmeuargus.biblioteques.gencat.cat\/record=b1993460~S38*cat\" target=\"_blank\" rel=\"noopener\">JN PRA<\/a>\n\t\t\t\t<\/figcaption><\/figure><figure class='gallery-item'>\n\t\t\t<div class='gallery-icon portrait'>\n\t\t\t\t<img loading=\"lazy\" decoding=\"async\" width=\"200\" height=\"300\" src=\"https:\/\/biblioteca.blanes.cat\/salajove\/wp-content\/uploads\/sites\/3\/2019\/02\/la-distinta-200x300.jpg\" class=\"attachment-medium size-medium\" alt=\"\" aria-describedby=\"gallery-1-2652\" srcset=\"https:\/\/biblioteca.blanes.cat\/salajove\/wp-content\/uploads\/sites\/3\/2019\/02\/la-distinta-200x300.jpg 200w, https:\/\/biblioteca.blanes.cat\/salajove\/wp-content\/uploads\/sites\/3\/2019\/02\/la-distinta-768x1152.jpg 768w, https:\/\/biblioteca.blanes.cat\/salajove\/wp-content\/uploads\/sites\/3\/2019\/02\/la-distinta-683x1024.jpg 683w, https:\/\/biblioteca.blanes.cat\/salajove\/wp-content\/uploads\/sites\/3\/2019\/02\/la-distinta.jpg 1400w\" sizes=\"(max-width: 200px) 100vw, 200px\" \/>\n\t\t\t<\/div>\n\t\t\t\t<figcaption class='wp-caption-text gallery-caption' id='gallery-1-2652'>\n\t\t\t\t<a href=\"http:\/\/elmeuargus.biblioteques.gencat.cat\/record=b1987060~S38*cat\" target=\"_blank\" rel=\"noopener\">JN RUI<\/a>\n\t\t\t\t<\/figcaption><\/figure><figure class='gallery-item'>\n\t\t\t<div class='gallery-icon portrait'>\n\t\t\t\t<img loading=\"lazy\" decoding=\"async\" width=\"179\" height=\"282\" src=\"https:\/\/biblioteca.blanes.cat\/salajove\/wp-content\/uploads\/sites\/3\/2019\/02\/El-Misteri-de-la-Casa-Folch.jpg\" class=\"attachment-medium size-medium\" alt=\"\" aria-describedby=\"gallery-1-2648\" \/>\n\t\t\t<\/div>\n\t\t\t\t<figcaption class='wp-caption-text gallery-caption' id='gallery-1-2648'>\n\t\t\t\t<a href=\"http:\/\/elmeuargus.biblioteques.gencat.cat\/record=b1991843~S38*cat\" target=\"_blank\" rel=\"noopener\">JN SAG<\/a>\n\t\t\t\t<\/figcaption><\/figure>\n\t\t<\/div>\n\n<p>&nbsp;<\/p>\n<h2 style=\"background-color: #99cc00;\">Centres d&#8217;Inter\u00e8s:<\/h2>\n<div id='gallery-2' class='gallery galleryid-2644 gallery-columns-5 gallery-size-medium'><figure class='gallery-item'>\n\t\t\t<div class='gallery-icon portrait'>\n\t\t\t\t<img loading=\"lazy\" decoding=\"async\" width=\"201\" height=\"300\" src=\"https:\/\/biblioteca.blanes.cat\/salajove\/wp-content\/uploads\/sites\/3\/2019\/02\/Con-un-cassete-y-un-boli-201x300.jpg\" class=\"attachment-medium size-medium\" alt=\"\" aria-describedby=\"gallery-2-2665\" srcset=\"https:\/\/biblioteca.blanes.cat\/salajove\/wp-content\/uploads\/sites\/3\/2019\/02\/Con-un-cassete-y-un-boli-201x300.jpg 201w, https:\/\/biblioteca.blanes.cat\/salajove\/wp-content\/uploads\/sites\/3\/2019\/02\/Con-un-cassete-y-un-boli-768x1149.jpg 768w, https:\/\/biblioteca.blanes.cat\/salajove\/wp-content\/uploads\/sites\/3\/2019\/02\/Con-un-cassete-y-un-boli-684x1024.jpg 684w, https:\/\/biblioteca.blanes.cat\/salajove\/wp-content\/uploads\/sites\/3\/2019\/02\/Con-un-cassete-y-un-boli.jpg 2000w\" sizes=\"(max-width: 201px) 100vw, 201px\" \/>\n\t\t\t<\/div>\n\t\t\t\t<figcaption class='wp-caption-text gallery-caption' id='gallery-2-2665'>\n\t\t\t\t<a href=\"http:\/\/elmeuargus.biblioteques.gencat.cat\/record=b1983415~S38*cat\" target=\"_blank\" rel=\"noopener\">JP DEF<\/a>\n\t\t\t\t<\/figcaption><\/figure><figure class='gallery-item'>\n\t\t\t<div class='gallery-icon portrait'>\n\t\t\t\t<img loading=\"lazy\" decoding=\"async\" width=\"251\" height=\"300\" src=\"https:\/\/biblioteca.blanes.cat\/salajove\/wp-content\/uploads\/sites\/3\/2019\/02\/dones-de-ci\u00e8ncia-251x300.jpg\" class=\"attachment-medium size-medium\" alt=\"\" aria-describedby=\"gallery-2-2667\" srcset=\"https:\/\/biblioteca.blanes.cat\/salajove\/wp-content\/uploads\/sites\/3\/2019\/02\/dones-de-ci\u00e8ncia-251x300.jpg 251w, https:\/\/biblioteca.blanes.cat\/salajove\/wp-content\/uploads\/sites\/3\/2019\/02\/dones-de-ci\u00e8ncia-768x919.jpg 768w, https:\/\/biblioteca.blanes.cat\/salajove\/wp-content\/uploads\/sites\/3\/2019\/02\/dones-de-ci\u00e8ncia-856x1024.jpg 856w, https:\/\/biblioteca.blanes.cat\/salajove\/wp-content\/uploads\/sites\/3\/2019\/02\/dones-de-ci\u00e8ncia.jpg 2000w\" sizes=\"(max-width: 251px) 100vw, 251px\" \/>\n\t\t\t<\/div>\n\t\t\t\t<figcaption class='wp-caption-text gallery-caption' id='gallery-2-2667'>\n\t\t\t\t<a href=\"http:\/\/elmeuargus.biblioteques.gencat.cat\/record=b2000903~S38*cat\" target=\"_blank\" rel=\"noopener\">J B<\/a>\n\t\t\t\t<\/figcaption><\/figure><figure class='gallery-item'>\n\t\t\t<div class='gallery-icon portrait'>\n\t\t\t\t<img loading=\"lazy\" decoding=\"async\" width=\"188\" height=\"268\" src=\"https:\/\/biblioteca.blanes.cat\/salajove\/wp-content\/uploads\/sites\/3\/2019\/02\/El-Despertar-de-la-sirena.jpg\" class=\"attachment-medium size-medium\" alt=\"\" aria-describedby=\"gallery-2-2668\" \/>\n\t\t\t<\/div>\n\t\t\t\t<figcaption class='wp-caption-text gallery-caption' id='gallery-2-2668'>\n\t\t\t\t<a href=\"http:\/\/elmeuargus.biblioteques.gencat.cat\/record=b1982626~S38*cat\" target=\"_blank\" rel=\"noopener\">MAR JN<\/a>\n\t\t\t\t<\/figcaption><\/figure><figure class='gallery-item'>\n\t\t\t<div class='gallery-icon portrait'>\n\t\t\t\t<img loading=\"lazy\" decoding=\"async\" width=\"180\" height=\"279\" src=\"https:\/\/biblioteca.blanes.cat\/salajove\/wp-content\/uploads\/sites\/3\/2019\/02\/Authority.jpg\" class=\"attachment-medium size-medium\" alt=\"\" aria-describedby=\"gallery-2-2663\" \/>\n\t\t\t<\/div>\n\t\t\t\t<figcaption class='wp-caption-text gallery-caption' id='gallery-2-2663'>\n\t\t\t\t<a href=\"http:\/\/elmeuargus.biblioteques.gencat.cat\/record=b1963783~S38*cat\" target=\"_blank\" rel=\"noopener\">J C FANT\u00c0STIC ELL<\/a>\n\t\t\t\t<\/figcaption><\/figure><figure class='gallery-item'>\n\t\t\t<div class='gallery-icon portrait'>\n\t\t\t\t<img loading=\"lazy\" decoding=\"async\" width=\"181\" height=\"279\" src=\"https:\/\/biblioteca.blanes.cat\/salajove\/wp-content\/uploads\/sites\/3\/2019\/02\/Liga-de-la-justicia.jpg\" class=\"attachment-medium size-medium\" alt=\"\" aria-describedby=\"gallery-2-2674\" \/>\n\t\t\t<\/div>\n\t\t\t\t<figcaption class='wp-caption-text gallery-caption' id='gallery-2-2674'>\n\t\t\t\t<a href=\"http:\/\/elmeuargus.biblioteques.gencat.cat\/record=b1965959~S38*cat\" target=\"_blank\" rel=\"noopener\">J C FANT\u00c0STIC LIG<\/a>\n\t\t\t\t<\/figcaption><\/figure><figure class='gallery-item'>\n\t\t\t<div class='gallery-icon landscape'>\n\t\t\t\t<img loading=\"lazy\" decoding=\"async\" width=\"264\" height=\"191\" src=\"https:\/\/biblioteca.blanes.cat\/salajove\/wp-content\/uploads\/sites\/3\/2019\/02\/Els-Mumin-a-la-riviera.jpg\" class=\"attachment-medium size-medium\" alt=\"\" aria-describedby=\"gallery-2-2671\" \/>\n\t\t\t<\/div>\n\t\t\t\t<figcaption class='wp-caption-text gallery-caption' id='gallery-2-2671'>\n\t\t\t\t<a href=\"http:\/\/elmeuargus.biblioteques.gencat.cat\/record=b1992671~S38*cat\" target=\"_blank\" rel=\"noopener\">J C HUMOR JAN<\/a>\n\t\t\t\t<\/figcaption><\/figure><figure class='gallery-item'>\n\t\t\t<div class='gallery-icon portrait'>\n\t\t\t\t<img loading=\"lazy\" decoding=\"async\" width=\"206\" height=\"300\" src=\"https:\/\/biblioteca.blanes.cat\/salajove\/wp-content\/uploads\/sites\/3\/2019\/02\/Mitolog\u00eda-de-Roma-y-Etruria-206x300.jpg\" class=\"attachment-medium size-medium\" alt=\"\" aria-describedby=\"gallery-2-2681\" srcset=\"https:\/\/biblioteca.blanes.cat\/salajove\/wp-content\/uploads\/sites\/3\/2019\/02\/Mitolog\u00eda-de-Roma-y-Etruria-206x300.jpg 206w, https:\/\/biblioteca.blanes.cat\/salajove\/wp-content\/uploads\/sites\/3\/2019\/02\/Mitolog\u00eda-de-Roma-y-Etruria.jpg 500w\" sizes=\"(max-width: 206px) 100vw, 206px\" \/>\n\t\t\t<\/div>\n\t\t\t\t<figcaption class='wp-caption-text gallery-caption' id='gallery-2-2681'>\n\t\t\t\t<a href=\"http:\/\/elmeuargus.biblioteques.gencat.cat\/record=b1982675~S38*cat\" target=\"_blank\" rel=\"noopener\">J 399.1 AVI<\/a>\n\t\t\t\t<\/figcaption><\/figure><figure class='gallery-item'>\n\t\t\t<div class='gallery-icon portrait'>\n\t\t\t\t<img loading=\"lazy\" decoding=\"async\" width=\"188\" height=\"268\" src=\"https:\/\/biblioteca.blanes.cat\/salajove\/wp-content\/uploads\/sites\/3\/2019\/02\/Imperio-otomano.jpg\" class=\"attachment-medium size-medium\" alt=\"\" aria-describedby=\"gallery-2-2680\" \/>\n\t\t\t<\/div>\n\t\t\t\t<figcaption class='wp-caption-text gallery-caption' id='gallery-2-2680'>\n\t\t\t\t<a href=\"http:\/\/elmeuargus.biblioteques.gencat.cat\/record=b1985041~S38*cat\" target=\"_blank\" rel=\"noopener\">J 950 ROM<\/a>\n\t\t\t\t<\/figcaption><\/figure><figure class='gallery-item'>\n\t\t\t<div class='gallery-icon portrait'>\n\t\t\t\t<img loading=\"lazy\" decoding=\"async\" width=\"202\" height=\"300\" src=\"https:\/\/biblioteca.blanes.cat\/salajove\/wp-content\/uploads\/sites\/3\/2019\/02\/el-m\u00f3n-del-futbol-per-a-tothom-202x300.jpg\" class=\"attachment-medium size-medium\" alt=\"\" aria-describedby=\"gallery-2-2669\" srcset=\"https:\/\/biblioteca.blanes.cat\/salajove\/wp-content\/uploads\/sites\/3\/2019\/02\/el-m\u00f3n-del-futbol-per-a-tothom-202x300.jpg 202w, https:\/\/biblioteca.blanes.cat\/salajove\/wp-content\/uploads\/sites\/3\/2019\/02\/el-m\u00f3n-del-futbol-per-a-tothom-768x1141.jpg 768w, https:\/\/biblioteca.blanes.cat\/salajove\/wp-content\/uploads\/sites\/3\/2019\/02\/el-m\u00f3n-del-futbol-per-a-tothom-689x1024.jpg 689w, https:\/\/biblioteca.blanes.cat\/salajove\/wp-content\/uploads\/sites\/3\/2019\/02\/el-m\u00f3n-del-futbol-per-a-tothom.jpg 924w\" sizes=\"(max-width: 202px) 100vw, 202px\" \/>\n\t\t\t<\/div>\n\t\t\t\t<figcaption class='wp-caption-text gallery-caption' id='gallery-2-2669'>\n\t\t\t\t<a href=\"http:\/\/elmeuargus.biblioteques.gencat.cat\/record=b1984428~S38*cat\" target=\"_blank\" rel=\"noopener\">J ESPORTS VEN<\/a>\n\t\t\t\t<\/figcaption><\/figure><figure class='gallery-item'>\n\t\t\t<div class='gallery-icon portrait'>\n\t\t\t\t<img loading=\"lazy\" decoding=\"async\" width=\"184\" height=\"274\" src=\"https:\/\/biblioteca.blanes.cat\/salajove\/wp-content\/uploads\/sites\/3\/2019\/02\/A-la-recerca-del-reactable.jpg\" class=\"attachment-medium size-medium\" alt=\"\" aria-describedby=\"gallery-2-2661\" \/>\n\t\t\t<\/div>\n\t\t\t\t<figcaption class='wp-caption-text gallery-caption' id='gallery-2-2661'>\n\t\t\t\t<a href=\"http:\/\/elmeuargus.biblioteques.gencat.cat\/record=b1963617~S38*cat\" target=\"_blank\" rel=\"noopener\">J C SOCIAL ROI<\/a>\n\t\t\t\t<\/figcaption><\/figure><figure class='gallery-item'>\n\t\t\t<div class='gallery-icon portrait'>\n\t\t\t\t<img loading=\"lazy\" decoding=\"async\" width=\"190\" height=\"265\" src=\"https:\/\/biblioteca.blanes.cat\/salajove\/wp-content\/uploads\/sites\/3\/2019\/02\/Cessetans.jpg\" class=\"attachment-medium size-medium\" alt=\"\" aria-describedby=\"gallery-2-2664\" \/>\n\t\t\t<\/div>\n\t\t\t\t<figcaption class='wp-caption-text gallery-caption' id='gallery-2-2664'>\n\t\t\t\t <a href=\"http:\/\/elmeuargus.biblioteques.gencat.cat\/record=b1956177~S38*cat\" target=\"_blank\" rel=\"noopener\">J C AVENTURES<\/a>\n\t\t\t\t<\/figcaption><\/figure><figure class='gallery-item'>\n\t\t\t<div class='gallery-icon portrait'>\n\t\t\t\t<img loading=\"lazy\" decoding=\"async\" width=\"211\" height=\"300\" src=\"https:\/\/biblioteca.blanes.cat\/salajove\/wp-content\/uploads\/sites\/3\/2019\/02\/Sombras-sobre-shimanami-211x300.jpg\" class=\"attachment-medium size-medium\" alt=\"\" aria-describedby=\"gallery-2-2676\" srcset=\"https:\/\/biblioteca.blanes.cat\/salajove\/wp-content\/uploads\/sites\/3\/2019\/02\/Sombras-sobre-shimanami-211x300.jpg 211w, https:\/\/biblioteca.blanes.cat\/salajove\/wp-content\/uploads\/sites\/3\/2019\/02\/Sombras-sobre-shimanami-720x1024.jpg 720w, https:\/\/biblioteca.blanes.cat\/salajove\/wp-content\/uploads\/sites\/3\/2019\/02\/Sombras-sobre-shimanami.jpg 756w\" sizes=\"(max-width: 211px) 100vw, 211px\" \/>\n\t\t\t<\/div>\n\t\t\t\t<figcaption class='wp-caption-text gallery-caption' id='gallery-2-2676'>\n\t\t\t\t<a href=\"http:\/\/elmeuargus.biblioteques.gencat.cat\/record=b1979891~S38*catt\" target=\"_blank\" rel=\"noopener\">J C SOCIAL KAM<\/a>\n\t\t\t\t<\/figcaption><\/figure><figure class='gallery-item'>\n\t\t\t<div class='gallery-icon portrait'>\n\t\t\t\t<img loading=\"lazy\" decoding=\"async\" width=\"233\" height=\"300\" src=\"https:\/\/biblioteca.blanes.cat\/salajove\/wp-content\/uploads\/sites\/3\/2019\/02\/Aprende-electr\u00f3nica-y-rob\u00f3tica-233x300.jpg\" class=\"attachment-medium size-medium\" alt=\"\" aria-describedby=\"gallery-2-2678\" srcset=\"https:\/\/biblioteca.blanes.cat\/salajove\/wp-content\/uploads\/sites\/3\/2019\/02\/Aprende-electr\u00f3nica-y-rob\u00f3tica-233x300.jpg 233w, https:\/\/biblioteca.blanes.cat\/salajove\/wp-content\/uploads\/sites\/3\/2019\/02\/Aprende-electr\u00f3nica-y-rob\u00f3tica-768x987.jpg 768w, https:\/\/biblioteca.blanes.cat\/salajove\/wp-content\/uploads\/sites\/3\/2019\/02\/Aprende-electr\u00f3nica-y-rob\u00f3tica-797x1024.jpg 797w, https:\/\/biblioteca.blanes.cat\/salajove\/wp-content\/uploads\/sites\/3\/2019\/02\/Aprende-electr\u00f3nica-y-rob\u00f3tica.jpg 1000w\" sizes=\"(max-width: 233px) 100vw, 233px\" \/>\n\t\t\t<\/div>\n\t\t\t\t<figcaption class='wp-caption-text gallery-caption' id='gallery-2-2678'>\n\t\t\t\t<a href=\"http:\/\/elmeuargus.biblioteques.gencat.cat\/record=b1980136~S38*cat\" target=\"_blank\" rel=\"noopener\">J 62 MON<\/a>\n\t\t\t\t<\/figcaption><\/figure><figure class='gallery-item'>\n\t\t\t<div class='gallery-icon portrait'>\n\t\t\t\t<img loading=\"lazy\" decoding=\"async\" width=\"191\" height=\"265\" src=\"https:\/\/biblioteca.blanes.cat\/salajove\/wp-content\/uploads\/sites\/3\/2019\/02\/Narc\u00eds-Monturiol-i-les-pedres-de-linfern.jpg\" class=\"attachment-medium size-medium\" alt=\"\" aria-describedby=\"gallery-2-2675\" \/>\n\t\t\t<\/div>\n\t\t\t\t<figcaption class='wp-caption-text gallery-caption' id='gallery-2-2675'>\n\t\t\t\t<a href=\"http:\/\/elmeuargus.biblioteques.gencat.cat\/record=b1963985~S38*cat\" target=\"_blank\" rel=\"noopener\">J C FANT\u00c0STIC ROI<\/a>\n\t\t\t\t<\/figcaption><\/figure><figure class='gallery-item'>\n\t\t\t<div class='gallery-icon portrait'>\n\t\t\t\t<img loading=\"lazy\" decoding=\"async\" width=\"187\" height=\"270\" src=\"https:\/\/biblioteca.blanes.cat\/salajove\/wp-content\/uploads\/sites\/3\/2019\/02\/Piel-perfecta-para-chicas-con-prisas.jpg\" class=\"attachment-medium size-medium\" alt=\"\" aria-describedby=\"gallery-2-2683\" \/>\n\t\t\t<\/div>\n\t\t\t\t<figcaption class='wp-caption-text gallery-caption' id='gallery-2-2683'>\n\t\t\t\t<a href=\"http:\/\/elmeuargus.biblioteques.gencat.cat\/record=b1986035~S38*cat\" target=\"_blank\" rel=\"noopener\">J 646.7 GER<\/a>\n\t\t\t\t<\/figcaption><\/figure><figure class='gallery-item'>\n\t\t\t<div class='gallery-icon portrait'>\n\t\t\t\t<img loading=\"lazy\" decoding=\"async\" width=\"194\" height=\"260\" src=\"https:\/\/biblioteca.blanes.cat\/salajove\/wp-content\/uploads\/sites\/3\/2019\/02\/El-Monstruo.jpg\" class=\"attachment-medium size-medium\" alt=\"\" aria-describedby=\"gallery-2-2670\" \/>\n\t\t\t<\/div>\n\t\t\t\t<figcaption class='wp-caption-text gallery-caption' id='gallery-2-2670'>\n\t\t\t\t<a href=\"http:\/\/elmeuargus.biblioteques.gencat.cat\/record=b1965233~S38*cat\" target=\"_blank\" rel=\"noopener\">J C FANT\u00c0STIC MOO<\/a>\n\t\t\t\t<\/figcaption><\/figure><figure class='gallery-item'>\n\t\t\t<div class='gallery-icon portrait'>\n\t\t\t\t<img loading=\"lazy\" decoding=\"async\" width=\"182\" height=\"277\" src=\"https:\/\/biblioteca.blanes.cat\/salajove\/wp-content\/uploads\/sites\/3\/2019\/02\/Oh-my-goig.jpg\" class=\"attachment-medium size-medium\" alt=\"\" aria-describedby=\"gallery-2-2682\" \/>\n\t\t\t<\/div>\n\t\t\t\t<figcaption class='wp-caption-text gallery-caption' id='gallery-2-2682'>\n\t\t\t\t<a href=\"http:\/\/elmeuargus.biblioteques.gencat.cat\/record=b1978100~S38*cat\" target=\"_blank\" rel=\"noopener\">J 613.88 ELV<\/a>\n\t\t\t\t<\/figcaption><\/figure><figure class='gallery-item'>\n\t\t\t<div class='gallery-icon portrait'>\n\t\t\t\t<img loading=\"lazy\" decoding=\"async\" width=\"189\" height=\"267\" src=\"https:\/\/biblioteca.blanes.cat\/salajove\/wp-content\/uploads\/sites\/3\/2019\/02\/Fantasia.jpg\" class=\"attachment-medium size-medium\" alt=\"\" aria-describedby=\"gallery-2-2672\" \/>\n\t\t\t<\/div>\n\t\t\t\t<figcaption class='wp-caption-text gallery-caption' id='gallery-2-2672'>\n\t\t\t\t<a href=\"http:\/\/elmeuargus.biblioteques.gencat.cat\/record=b1968861~S38*cat\" target=\"_blank\" rel=\"noopener\">J 741Mas<\/a>\n\t\t\t\t<\/figcaption><\/figure><figure class='gallery-item'>\n\t\t\t<div class='gallery-icon portrait'>\n\t\t\t\t<img loading=\"lazy\" decoding=\"async\" width=\"175\" height=\"254\" src=\"https:\/\/biblioteca.blanes.cat\/salajove\/wp-content\/uploads\/sites\/3\/2019\/02\/Somni-duna-nit-destiu.jpg\" class=\"attachment-medium size-medium\" alt=\"\" aria-describedby=\"gallery-2-2677\" \/>\n\t\t\t<\/div>\n\t\t\t\t<figcaption class='wp-caption-text gallery-caption' id='gallery-2-2677'>\n\t\t\t\t<a href=\"http:\/\/elmeuargus.biblioteques.gencat.cat\/record=b1960787~S38*cat\" target=\"_blank\" rel=\"noopener\">JT SHA<\/a>\n\t\t\t\t<\/figcaption><\/figure><figure class='gallery-item'>\n\t\t\t<div class='gallery-icon portrait'>\n\t\t\t\t<img loading=\"lazy\" decoding=\"async\" width=\"183\" height=\"276\" src=\"https:\/\/biblioteca.blanes.cat\/salajove\/wp-content\/uploads\/sites\/3\/2019\/02\/De-casi-todo-se-aprende.jpg\" class=\"attachment-medium size-medium\" alt=\"\" aria-describedby=\"gallery-2-2666\" \/>\n\t\t\t<\/div>\n\t\t\t\t<figcaption class='wp-caption-text gallery-caption' id='gallery-2-2666'>\n\t\t\t\t<a href=\"http:\/\/elmeuargus.biblioteques.gencat.cat\/record=b1978332~S38*cat\" target=\"_blank\" rel=\"noopener\">J B GON<\/a>\n\t\t\t\t<\/figcaption><\/figure><figure class='gallery-item'>\n\t\t\t<div class='gallery-icon portrait'>\n\t\t\t\t<img loading=\"lazy\" decoding=\"async\" width=\"180\" height=\"280\" src=\"https:\/\/biblioteca.blanes.cat\/salajove\/wp-content\/uploads\/sites\/3\/2019\/02\/JLA.jpg\" class=\"attachment-medium size-medium\" alt=\"\" aria-describedby=\"gallery-2-2673\" \/>\n\t\t\t<\/div>\n\t\t\t\t<figcaption class='wp-caption-text gallery-caption' id='gallery-2-2673'>\n\t\t\t\t<a href=\"http:\/\/elmeuargus.biblioteques.gencat.cat\/record=b1963812~S38*cat\" target=\"_blank\" rel=\"noopener\">J C MOR<\/a>\n\t\t\t\t<\/figcaption><\/figure>\n\t\t<\/div>\n\n<p>&nbsp;<\/p>\n<h2 style=\"background-color: #9999ff;\">Audiovisuals:<\/h2>\n<div id='gallery-3' class='gallery galleryid-2644 gallery-columns-3 gallery-size-medium'><figure class='gallery-item'>\n\t\t\t<div class='gallery-icon portrait'>\n\t\t\t\t<img loading=\"lazy\" decoding=\"async\" width=\"189\" height=\"267\" src=\"https:\/\/biblioteca.blanes.cat\/salajove\/wp-content\/uploads\/sites\/3\/2019\/03\/Ready-player-one.jpg\" class=\"attachment-medium size-medium\" alt=\"\" aria-describedby=\"gallery-3-2687\" \/>\n\t\t\t<\/div>\n\t\t\t\t<figcaption class='wp-caption-text gallery-caption' id='gallery-3-2687'>\n\t\t\t\t<a  href=\"http:\/\/elmeuargus.biblioteques.gencat.cat\/record=b1998098~S38*cat\" target=\"_blank\" rel=\"noopener\">DVD J CINEMA REA<\/a><a  href=\"http:\/\/elmeuargus.biblioteques.gencat.cat\/record=b1990279~S38*cat\" target=\"_blank\" rel=\"noopener\">DVD J CINEMA JOJ<\/a>\n\t\t\t\t<\/figcaption><\/figure><figure class='gallery-item'>\n\t\t\t<div class='gallery-icon landscape'>\n\t\t\t\t<img loading=\"lazy\" decoding=\"async\" width=\"225\" height=\"225\" src=\"https:\/\/biblioteca.blanes.cat\/salajove\/wp-content\/uploads\/sites\/3\/2019\/03\/Verano-azul.jpg\" class=\"attachment-medium size-medium\" alt=\"\" aria-describedby=\"gallery-3-2688\" srcset=\"https:\/\/biblioteca.blanes.cat\/salajove\/wp-content\/uploads\/sites\/3\/2019\/03\/Verano-azul.jpg 225w, https:\/\/biblioteca.blanes.cat\/salajove\/wp-content\/uploads\/sites\/3\/2019\/03\/Verano-azul-150x150.jpg 150w\" sizes=\"(max-width: 225px) 100vw, 225px\" \/>\n\t\t\t<\/div>\n\t\t\t\t<figcaption class='wp-caption-text gallery-caption' id='gallery-3-2688'>\n\t\t\t\t<a  href=\"http:\/\/elmeuargus.biblioteques.gencat.cat\/record=b2004181~S38*cat\" target=\"_blank\" rel=\"noopener\">DVD J S\u00c8RIES VER<\/a>\n\t\t\t\t<\/figcaption><\/figure>\n\t\t<\/div>\n\n<p>&nbsp;<\/p>\n<p><a href=\"https:\/\/biblioteca.blanes.cat\/salajove\/category\/novetats\/\" target=\"_blank\" rel=\"noopener\"><img loading=\"lazy\" decoding=\"async\" class=\"aligncenter wp-image-126 size-medium\" title=\"novetats gener  2019\" src=\"https:\/\/biblioteca.blanes.cat\/salajove\/wp-content\/uploads\/sites\/3\/2017\/10\/Novetats-300x183.png\" alt=\"novetats gener  2019\" width=\"300\" height=\"183\" srcset=\"https:\/\/biblioteca.blanes.cat\/salajove\/wp-content\/uploads\/sites\/3\/2017\/10\/Novetats-300x183.png 300w, https:\/\/biblioteca.blanes.cat\/salajove\/wp-content\/uploads\/sites\/3\/2017\/10\/Novetats-768x468.png 768w, https:\/\/biblioteca.blanes.cat\/salajove\/wp-content\/uploads\/sites\/3\/2017\/10\/Novetats-1024x624.png 1024w\" sizes=\"(max-width: 300px) 100vw, 300px\" \/><\/a><\/p>\n<p style=\"text-align: center;\"><a href=\"https:\/\/biblioteca.blanes.cat\/salajove\/category\/novetats\/\">biblioteca jove &#8211; novetats: Visualitza les guies de novetats anteriors<\/a><\/p>\n<p>&nbsp;<\/p>\n<p>&nbsp;<\/p>\n","protected":false},"excerpt":{"rendered":"<p>Biblioteca Jove Blanes &#8211; Novetats mar\u00e7 2018 &nbsp; Ja tenim aqu\u00ed les Novetats juvenils del mes de mar\u00e7 que trobareu a la Sala Jove de la Biblioteca Comarcal de Blanes ja estan disponibles. En primer lloc trobareu les novel\u00b7les.<\/p>\n","protected":false},"author":4,"featured_media":1700,"comment_status":"open","ping_status":"open","sticky":false,"template":"","format":"standard","meta":{"sfsi_plus_gutenberg_text_before_share":"","sfsi_plus_gutenberg_show_text_before_share":"","sfsi_plus_gutenberg_icon_type":"","sfsi_plus_gutenberg_icon_alignemt":"","sfsi_plus_gutenburg_max_per_row":"","footnotes":""},"categories":[7],"tags":[27,26,19,21],"class_list":["post-2644","post","type-post","status-publish","format-standard","has-post-thumbnail","hentry","category-novetats","tag-guia","tag-lectura","tag-literatura","tag-llibres"],"yoast_head":"<!-- This site is optimized with the Yoast SEO plugin v27.5 - https:\/\/yoast.com\/product\/yoast-seo-wordpress\/ -->\n<title>NOVETATS: Mar\u00e7 2019 - Sala Jove<\/title>\n<meta name=\"robots\" content=\"index, follow, max-snippet:-1, max-image-preview:large, max-video-preview:-1\" \/>\n<link rel=\"canonical\" href=\"https:\/\/biblioteca.blanes.cat\/salajove\/2019\/03\/01\/novetats-marc-2019\/\" \/>\n<meta property=\"og:locale\" content=\"ca_ES\" \/>\n<meta property=\"og:type\" content=\"article\" \/>\n<meta property=\"og:title\" content=\"NOVETATS: Mar\u00e7 2019 - Sala Jove\" \/>\n<meta property=\"og:description\" content=\"Biblioteca Jove Blanes &#8211; Novetats mar\u00e7 2018 &nbsp; Ja tenim aqu\u00ed les Novetats juvenils del mes de mar\u00e7 que trobareu a la Sala Jove de la Biblioteca Comarcal de Blanes ja estan disponibles. En primer lloc trobareu les novel\u00b7les.\" \/>\n<meta property=\"og:url\" content=\"https:\/\/biblioteca.blanes.cat\/salajove\/2019\/03\/01\/novetats-marc-2019\/\" \/>\n<meta property=\"og:site_name\" content=\"Sala Jove\" \/>\n<meta property=\"article:publisher\" content=\"https:\/\/www.facebook.com\/BilbiotecaComarcaldeBlanes\/\" \/>\n<meta property=\"article:published_time\" content=\"2019-03-01T15:11:57+00:00\" \/>\n<meta property=\"article:modified_time\" content=\"2019-04-05T11:45:12+00:00\" \/>\n<meta property=\"og:image\" content=\"https:\/\/biblioteca.blanes.cat\/salajove\/wp-content\/uploads\/sites\/3\/2018\/08\/Novetats_.png\" \/>\n\t<meta property=\"og:image:width\" content=\"3719\" \/>\n\t<meta property=\"og:image:height\" content=\"3719\" \/>\n\t<meta property=\"og:image:type\" content=\"image\/png\" \/>\n<meta name=\"author\" content=\"biblioblanes\" \/>\n<meta name=\"twitter:card\" content=\"summary_large_image\" \/>\n<meta name=\"twitter:creator\" content=\"@biblioblanes\" \/>\n<meta name=\"twitter:site\" content=\"@BiblioBlanes\" \/>\n<meta name=\"twitter:label1\" content=\"Escrit per\" \/>\n\t<meta name=\"twitter:data1\" content=\"biblioblanes\" \/>\n\t<meta name=\"twitter:label2\" content=\"Temps estimat de lectura\" \/>\n\t<meta name=\"twitter:data2\" content=\"1 minut\" \/>\n<script type=\"application\/ld+json\" class=\"yoast-schema-graph\">{\"@context\":\"https:\\\/\\\/schema.org\",\"@graph\":[{\"@type\":\"Article\",\"@id\":\"https:\\\/\\\/biblioteca.blanes.cat\\\/salajove\\\/2019\\\/03\\\/01\\\/novetats-marc-2019\\\/#article\",\"isPartOf\":{\"@id\":\"https:\\\/\\\/biblioteca.blanes.cat\\\/salajove\\\/2019\\\/03\\\/01\\\/novetats-marc-2019\\\/\"},\"author\":{\"name\":\"biblioblanes\",\"@id\":\"https:\\\/\\\/biblioteca.blanes.cat\\\/salajove\\\/#\\\/schema\\\/person\\\/5a7b46760d9dd611d098bbf571a341dc\"},\"headline\":\"NOVETATS: Mar\u00e7 2019\",\"datePublished\":\"2019-03-01T15:11:57+00:00\",\"dateModified\":\"2019-04-05T11:45:12+00:00\",\"mainEntityOfPage\":{\"@id\":\"https:\\\/\\\/biblioteca.blanes.cat\\\/salajove\\\/2019\\\/03\\\/01\\\/novetats-marc-2019\\\/\"},\"wordCount\":113,\"commentCount\":0,\"publisher\":{\"@id\":\"https:\\\/\\\/biblioteca.blanes.cat\\\/salajove\\\/#organization\"},\"image\":{\"@id\":\"https:\\\/\\\/biblioteca.blanes.cat\\\/salajove\\\/2019\\\/03\\\/01\\\/novetats-marc-2019\\\/#primaryimage\"},\"thumbnailUrl\":\"https:\\\/\\\/biblioteca.blanes.cat\\\/salajove\\\/wp-content\\\/uploads\\\/sites\\\/3\\\/2018\\\/08\\\/Novetats_.png\",\"keywords\":[\"#Guia\",\"#Lectura\",\"#Literatura\",\"#Llibres\"],\"articleSection\":[\"Novetats\"],\"inLanguage\":\"ca\",\"potentialAction\":[{\"@type\":\"CommentAction\",\"name\":\"Comment\",\"target\":[\"https:\\\/\\\/biblioteca.blanes.cat\\\/salajove\\\/2019\\\/03\\\/01\\\/novetats-marc-2019\\\/#respond\"]}]},{\"@type\":\"WebPage\",\"@id\":\"https:\\\/\\\/biblioteca.blanes.cat\\\/salajove\\\/2019\\\/03\\\/01\\\/novetats-marc-2019\\\/\",\"url\":\"https:\\\/\\\/biblioteca.blanes.cat\\\/salajove\\\/2019\\\/03\\\/01\\\/novetats-marc-2019\\\/\",\"name\":\"NOVETATS: Mar\u00e7 2019 - Sala Jove\",\"isPartOf\":{\"@id\":\"https:\\\/\\\/biblioteca.blanes.cat\\\/salajove\\\/#website\"},\"primaryImageOfPage\":{\"@id\":\"https:\\\/\\\/biblioteca.blanes.cat\\\/salajove\\\/2019\\\/03\\\/01\\\/novetats-marc-2019\\\/#primaryimage\"},\"image\":{\"@id\":\"https:\\\/\\\/biblioteca.blanes.cat\\\/salajove\\\/2019\\\/03\\\/01\\\/novetats-marc-2019\\\/#primaryimage\"},\"thumbnailUrl\":\"https:\\\/\\\/biblioteca.blanes.cat\\\/salajove\\\/wp-content\\\/uploads\\\/sites\\\/3\\\/2018\\\/08\\\/Novetats_.png\",\"datePublished\":\"2019-03-01T15:11:57+00:00\",\"dateModified\":\"2019-04-05T11:45:12+00:00\",\"breadcrumb\":{\"@id\":\"https:\\\/\\\/biblioteca.blanes.cat\\\/salajove\\\/2019\\\/03\\\/01\\\/novetats-marc-2019\\\/#breadcrumb\"},\"inLanguage\":\"ca\",\"potentialAction\":[{\"@type\":\"ReadAction\",\"target\":[\"https:\\\/\\\/biblioteca.blanes.cat\\\/salajove\\\/2019\\\/03\\\/01\\\/novetats-marc-2019\\\/\"]}]},{\"@type\":\"ImageObject\",\"inLanguage\":\"ca\",\"@id\":\"https:\\\/\\\/biblioteca.blanes.cat\\\/salajove\\\/2019\\\/03\\\/01\\\/novetats-marc-2019\\\/#primaryimage\",\"url\":\"https:\\\/\\\/biblioteca.blanes.cat\\\/salajove\\\/wp-content\\\/uploads\\\/sites\\\/3\\\/2018\\\/08\\\/Novetats_.png\",\"contentUrl\":\"https:\\\/\\\/biblioteca.blanes.cat\\\/salajove\\\/wp-content\\\/uploads\\\/sites\\\/3\\\/2018\\\/08\\\/Novetats_.png\",\"width\":3719,\"height\":3719},{\"@type\":\"BreadcrumbList\",\"@id\":\"https:\\\/\\\/biblioteca.blanes.cat\\\/salajove\\\/2019\\\/03\\\/01\\\/novetats-marc-2019\\\/#breadcrumb\",\"itemListElement\":[{\"@type\":\"ListItem\",\"position\":1,\"name\":\"Inici\",\"item\":\"https:\\\/\\\/biblioteca.blanes.cat\\\/salajove\\\/\"},{\"@type\":\"ListItem\",\"position\":2,\"name\":\"NOVETATS: Mar\u00e7 2019\"}]},{\"@type\":\"WebSite\",\"@id\":\"https:\\\/\\\/biblioteca.blanes.cat\\\/salajove\\\/#website\",\"url\":\"https:\\\/\\\/biblioteca.blanes.cat\\\/salajove\\\/\",\"name\":\"Sala Jove\",\"description\":\"Biblioteca Comarcal de Blanes\",\"publisher\":{\"@id\":\"https:\\\/\\\/biblioteca.blanes.cat\\\/salajove\\\/#organization\"},\"potentialAction\":[{\"@type\":\"SearchAction\",\"target\":{\"@type\":\"EntryPoint\",\"urlTemplate\":\"https:\\\/\\\/biblioteca.blanes.cat\\\/salajove\\\/?s={search_term_string}\"},\"query-input\":{\"@type\":\"PropertyValueSpecification\",\"valueRequired\":true,\"valueName\":\"search_term_string\"}}],\"inLanguage\":\"ca\"},{\"@type\":\"Organization\",\"@id\":\"https:\\\/\\\/biblioteca.blanes.cat\\\/salajove\\\/#organization\",\"name\":\"Biblioteca Comarcal de Blanes\",\"url\":\"https:\\\/\\\/biblioteca.blanes.cat\\\/salajove\\\/\",\"logo\":{\"@type\":\"ImageObject\",\"inLanguage\":\"ca\",\"@id\":\"https:\\\/\\\/biblioteca.blanes.cat\\\/salajove\\\/#\\\/schema\\\/logo\\\/image\\\/\",\"url\":\"https:\\\/\\\/biblioteca.blanes.cat\\\/salajove\\\/wp-content\\\/uploads\\\/sites\\\/3\\\/2017\\\/09\\\/cropped-Bib-blau-e1518869380535.png\",\"contentUrl\":\"https:\\\/\\\/biblioteca.blanes.cat\\\/salajove\\\/wp-content\\\/uploads\\\/sites\\\/3\\\/2017\\\/09\\\/cropped-Bib-blau-e1518869380535.png\",\"width\":166,\"height\":166,\"caption\":\"Biblioteca Comarcal de Blanes\"},\"image\":{\"@id\":\"https:\\\/\\\/biblioteca.blanes.cat\\\/salajove\\\/#\\\/schema\\\/logo\\\/image\\\/\"},\"sameAs\":[\"https:\\\/\\\/www.facebook.com\\\/BilbiotecaComarcaldeBlanes\\\/\",\"https:\\\/\\\/x.com\\\/BiblioBlanes\",\"https:\\\/\\\/www.instagram.com\\\/biblioblanes\\\/\",\"https:\\\/\\\/www.pinterest.es\\\/bblanes\\\/\",\"https:\\\/\\\/www.youtube.com\\\/c\\\/BibliotecaComarcalBlanes\"]},{\"@type\":\"Person\",\"@id\":\"https:\\\/\\\/biblioteca.blanes.cat\\\/salajove\\\/#\\\/schema\\\/person\\\/5a7b46760d9dd611d098bbf571a341dc\",\"name\":\"biblioblanes\",\"image\":{\"@type\":\"ImageObject\",\"inLanguage\":\"ca\",\"@id\":\"https:\\\/\\\/secure.gravatar.com\\\/avatar\\\/6593ca6cc90e5a70939f51c95e8315483b9c281bafba597292bee47992030f99?s=96&d=mm&r=g\",\"url\":\"https:\\\/\\\/secure.gravatar.com\\\/avatar\\\/6593ca6cc90e5a70939f51c95e8315483b9c281bafba597292bee47992030f99?s=96&d=mm&r=g\",\"contentUrl\":\"https:\\\/\\\/secure.gravatar.com\\\/avatar\\\/6593ca6cc90e5a70939f51c95e8315483b9c281bafba597292bee47992030f99?s=96&d=mm&r=g\",\"caption\":\"biblioblanes\"},\"sameAs\":[\"http:\\\/\\\/www.bibgirona.cat\\\/biblioteca\\\/blanes\",\"https:\\\/\\\/x.com\\\/biblioblanes\"],\"url\":\"https:\\\/\\\/biblioteca.blanes.cat\\\/salajove\\\/author\\\/biblioblanes\\\/\"}]}<\/script>\n<!-- \/ Yoast SEO plugin. -->","yoast_head_json":{"title":"NOVETATS: Mar\u00e7 2019 - Sala Jove","robots":{"index":"index","follow":"follow","max-snippet":"max-snippet:-1","max-image-preview":"max-image-preview:large","max-video-preview":"max-video-preview:-1"},"canonical":"https:\/\/biblioteca.blanes.cat\/salajove\/2019\/03\/01\/novetats-marc-2019\/","og_locale":"ca_ES","og_type":"article","og_title":"NOVETATS: Mar\u00e7 2019 - Sala Jove","og_description":"Biblioteca Jove Blanes &#8211; Novetats mar\u00e7 2018 &nbsp; Ja tenim aqu\u00ed les Novetats juvenils del mes de mar\u00e7 que trobareu a la Sala Jove de la Biblioteca Comarcal de Blanes ja estan disponibles. En primer lloc trobareu les novel\u00b7les.","og_url":"https:\/\/biblioteca.blanes.cat\/salajove\/2019\/03\/01\/novetats-marc-2019\/","og_site_name":"Sala Jove","article_publisher":"https:\/\/www.facebook.com\/BilbiotecaComarcaldeBlanes\/","article_published_time":"2019-03-01T15:11:57+00:00","article_modified_time":"2019-04-05T11:45:12+00:00","og_image":[{"width":3719,"height":3719,"url":"https:\/\/biblioteca.blanes.cat\/salajove\/wp-content\/uploads\/sites\/3\/2018\/08\/Novetats_.png","type":"image\/png"}],"author":"biblioblanes","twitter_card":"summary_large_image","twitter_creator":"@biblioblanes","twitter_site":"@BiblioBlanes","twitter_misc":{"Escrit per":"biblioblanes","Temps estimat de lectura":"1 minut"},"schema":{"@context":"https:\/\/schema.org","@graph":[{"@type":"Article","@id":"https:\/\/biblioteca.blanes.cat\/salajove\/2019\/03\/01\/novetats-marc-2019\/#article","isPartOf":{"@id":"https:\/\/biblioteca.blanes.cat\/salajove\/2019\/03\/01\/novetats-marc-2019\/"},"author":{"name":"biblioblanes","@id":"https:\/\/biblioteca.blanes.cat\/salajove\/#\/schema\/person\/5a7b46760d9dd611d098bbf571a341dc"},"headline":"NOVETATS: Mar\u00e7 2019","datePublished":"2019-03-01T15:11:57+00:00","dateModified":"2019-04-05T11:45:12+00:00","mainEntityOfPage":{"@id":"https:\/\/biblioteca.blanes.cat\/salajove\/2019\/03\/01\/novetats-marc-2019\/"},"wordCount":113,"commentCount":0,"publisher":{"@id":"https:\/\/biblioteca.blanes.cat\/salajove\/#organization"},"image":{"@id":"https:\/\/biblioteca.blanes.cat\/salajove\/2019\/03\/01\/novetats-marc-2019\/#primaryimage"},"thumbnailUrl":"https:\/\/biblioteca.blanes.cat\/salajove\/wp-content\/uploads\/sites\/3\/2018\/08\/Novetats_.png","keywords":["#Guia","#Lectura","#Literatura","#Llibres"],"articleSection":["Novetats"],"inLanguage":"ca","potentialAction":[{"@type":"CommentAction","name":"Comment","target":["https:\/\/biblioteca.blanes.cat\/salajove\/2019\/03\/01\/novetats-marc-2019\/#respond"]}]},{"@type":"WebPage","@id":"https:\/\/biblioteca.blanes.cat\/salajove\/2019\/03\/01\/novetats-marc-2019\/","url":"https:\/\/biblioteca.blanes.cat\/salajove\/2019\/03\/01\/novetats-marc-2019\/","name":"NOVETATS: Mar\u00e7 2019 - Sala Jove","isPartOf":{"@id":"https:\/\/biblioteca.blanes.cat\/salajove\/#website"},"primaryImageOfPage":{"@id":"https:\/\/biblioteca.blanes.cat\/salajove\/2019\/03\/01\/novetats-marc-2019\/#primaryimage"},"image":{"@id":"https:\/\/biblioteca.blanes.cat\/salajove\/2019\/03\/01\/novetats-marc-2019\/#primaryimage"},"thumbnailUrl":"https:\/\/biblioteca.blanes.cat\/salajove\/wp-content\/uploads\/sites\/3\/2018\/08\/Novetats_.png","datePublished":"2019-03-01T15:11:57+00:00","dateModified":"2019-04-05T11:45:12+00:00","breadcrumb":{"@id":"https:\/\/biblioteca.blanes.cat\/salajove\/2019\/03\/01\/novetats-marc-2019\/#breadcrumb"},"inLanguage":"ca","potentialAction":[{"@type":"ReadAction","target":["https:\/\/biblioteca.blanes.cat\/salajove\/2019\/03\/01\/novetats-marc-2019\/"]}]},{"@type":"ImageObject","inLanguage":"ca","@id":"https:\/\/biblioteca.blanes.cat\/salajove\/2019\/03\/01\/novetats-marc-2019\/#primaryimage","url":"https:\/\/biblioteca.blanes.cat\/salajove\/wp-content\/uploads\/sites\/3\/2018\/08\/Novetats_.png","contentUrl":"https:\/\/biblioteca.blanes.cat\/salajove\/wp-content\/uploads\/sites\/3\/2018\/08\/Novetats_.png","width":3719,"height":3719},{"@type":"BreadcrumbList","@id":"https:\/\/biblioteca.blanes.cat\/salajove\/2019\/03\/01\/novetats-marc-2019\/#breadcrumb","itemListElement":[{"@type":"ListItem","position":1,"name":"Inici","item":"https:\/\/biblioteca.blanes.cat\/salajove\/"},{"@type":"ListItem","position":2,"name":"NOVETATS: Mar\u00e7 2019"}]},{"@type":"WebSite","@id":"https:\/\/biblioteca.blanes.cat\/salajove\/#website","url":"https:\/\/biblioteca.blanes.cat\/salajove\/","name":"Sala Jove","description":"Biblioteca Comarcal de Blanes","publisher":{"@id":"https:\/\/biblioteca.blanes.cat\/salajove\/#organization"},"potentialAction":[{"@type":"SearchAction","target":{"@type":"EntryPoint","urlTemplate":"https:\/\/biblioteca.blanes.cat\/salajove\/?s={search_term_string}"},"query-input":{"@type":"PropertyValueSpecification","valueRequired":true,"valueName":"search_term_string"}}],"inLanguage":"ca"},{"@type":"Organization","@id":"https:\/\/biblioteca.blanes.cat\/salajove\/#organization","name":"Biblioteca Comarcal de Blanes","url":"https:\/\/biblioteca.blanes.cat\/salajove\/","logo":{"@type":"ImageObject","inLanguage":"ca","@id":"https:\/\/biblioteca.blanes.cat\/salajove\/#\/schema\/logo\/image\/","url":"https:\/\/biblioteca.blanes.cat\/salajove\/wp-content\/uploads\/sites\/3\/2017\/09\/cropped-Bib-blau-e1518869380535.png","contentUrl":"https:\/\/biblioteca.blanes.cat\/salajove\/wp-content\/uploads\/sites\/3\/2017\/09\/cropped-Bib-blau-e1518869380535.png","width":166,"height":166,"caption":"Biblioteca Comarcal de Blanes"},"image":{"@id":"https:\/\/biblioteca.blanes.cat\/salajove\/#\/schema\/logo\/image\/"},"sameAs":["https:\/\/www.facebook.com\/BilbiotecaComarcaldeBlanes\/","https:\/\/x.com\/BiblioBlanes","https:\/\/www.instagram.com\/biblioblanes\/","https:\/\/www.pinterest.es\/bblanes\/","https:\/\/www.youtube.com\/c\/BibliotecaComarcalBlanes"]},{"@type":"Person","@id":"https:\/\/biblioteca.blanes.cat\/salajove\/#\/schema\/person\/5a7b46760d9dd611d098bbf571a341dc","name":"biblioblanes","image":{"@type":"ImageObject","inLanguage":"ca","@id":"https:\/\/secure.gravatar.com\/avatar\/6593ca6cc90e5a70939f51c95e8315483b9c281bafba597292bee47992030f99?s=96&d=mm&r=g","url":"https:\/\/secure.gravatar.com\/avatar\/6593ca6cc90e5a70939f51c95e8315483b9c281bafba597292bee47992030f99?s=96&d=mm&r=g","contentUrl":"https:\/\/secure.gravatar.com\/avatar\/6593ca6cc90e5a70939f51c95e8315483b9c281bafba597292bee47992030f99?s=96&d=mm&r=g","caption":"biblioblanes"},"sameAs":["http:\/\/www.bibgirona.cat\/biblioteca\/blanes","https:\/\/x.com\/biblioblanes"],"url":"https:\/\/biblioteca.blanes.cat\/salajove\/author\/biblioblanes\/"}]}},"_links":{"self":[{"href":"https:\/\/biblioteca.blanes.cat\/salajove\/wp-json\/wp\/v2\/posts\/2644","targetHints":{"allow":["GET"]}}],"collection":[{"href":"https:\/\/biblioteca.blanes.cat\/salajove\/wp-json\/wp\/v2\/posts"}],"about":[{"href":"https:\/\/biblioteca.blanes.cat\/salajove\/wp-json\/wp\/v2\/types\/post"}],"author":[{"embeddable":true,"href":"https:\/\/biblioteca.blanes.cat\/salajove\/wp-json\/wp\/v2\/users\/4"}],"replies":[{"embeddable":true,"href":"https:\/\/biblioteca.blanes.cat\/salajove\/wp-json\/wp\/v2\/comments?post=2644"}],"version-history":[{"count":4,"href":"https:\/\/biblioteca.blanes.cat\/salajove\/wp-json\/wp\/v2\/posts\/2644\/revisions"}],"predecessor-version":[{"id":2759,"href":"https:\/\/biblioteca.blanes.cat\/salajove\/wp-json\/wp\/v2\/posts\/2644\/revisions\/2759"}],"wp:featuredmedia":[{"embeddable":true,"href":"https:\/\/biblioteca.blanes.cat\/salajove\/wp-json\/wp\/v2\/media\/1700"}],"wp:attachment":[{"href":"https:\/\/biblioteca.blanes.cat\/salajove\/wp-json\/wp\/v2\/media?parent=2644"}],"wp:term":[{"taxonomy":"category","embeddable":true,"href":"https:\/\/biblioteca.blanes.cat\/salajove\/wp-json\/wp\/v2\/categories?post=2644"},{"taxonomy":"post_tag","embeddable":true,"href":"https:\/\/biblioteca.blanes.cat\/salajove\/wp-json\/wp\/v2\/tags?post=2644"}],"curies":[{"name":"wp","href":"https:\/\/api.w.org\/{rel}","templated":true}]}}