{"id":2637,"date":"2019-02-22T14:26:52","date_gmt":"2019-02-22T13:26:52","guid":{"rendered":"https:\/\/biblioteca.blanes.cat\/salajove\/?p=2637"},"modified":"2019-02-22T14:26:52","modified_gmt":"2019-02-22T13:26:52","slug":"premis-literaris-xvie-concurs-literari-de-narracio-curta","status":"publish","type":"post","link":"https:\/\/biblioteca.blanes.cat\/salajove\/2019\/02\/22\/premis-literaris-xvie-concurs-literari-de-narracio-curta\/","title":{"rendered":"PREMIS LITERARIS: XVI\u00e8 Concurs Literari de Narraci\u00f3 Curta"},"content":{"rendered":"<h2 style=\"text-align: center;\"><b>XVI\u00e8 Concurs Literari de Narraci\u00f3 Curta<\/b><\/h2>\n<p style=\"text-align: justify;\"><a href=\"https:\/\/biblioteca.blanes.cat\/salajove\/wp-content\/uploads\/sites\/3\/2019\/02\/riudellots.png\" target=\"_blank\" rel=\"noopener\"><img decoding=\"async\" class=\"wp-image-2638 size-medium aligncenter\" title=\"Sant Jordi 2019\" src=\"https:\/\/biblioteca.blanes.cat\/salajove\/wp-content\/uploads\/sites\/3\/2019\/02\/riudellots-300x59.png\" alt=\"\" width=\"300\" height=\"59\" srcset=\"https:\/\/biblioteca.blanes.cat\/salajove\/wp-content\/uploads\/sites\/3\/2019\/02\/riudellots-300x59.png 300w, https:\/\/biblioteca.blanes.cat\/salajove\/wp-content\/uploads\/sites\/3\/2019\/02\/riudellots.png 676w\" sizes=\"(max-width: 300px) 100vw, 300px\" \/><\/a><\/p>\n<p style=\"text-align: justify;\">La biblioteca Anna Nadal i Serra, de Riudellots de la Selva, organitza el Concurs Literari de Narraci\u00f3 Curta amb la voluntat d&#8217;estimular l&#8217;escriptura a totes les franges d&#8217;edat.<\/p>\n<p style=\"text-align: justify;\">Animeu-vos a demostrar el vostre talent escrivint, teniu temps fins al divendres 22 de mar\u00e7 per presentar els escrits a l&#8217;Ajuntament.<\/p>\n<p style=\"text-align: justify;\">\u00a0<\/p>\n<p style=\"text-align: justify;\">\u00a0<\/p>\n<p style=\"text-align: justify;\">La categoria juvenil hi acull els nois i noies que estan cursant des de 1r d&#8217;ESO fins als 17 anys.<\/p>\n<p style=\"text-align: justify;\">El premi per a aquesta categoria \u00e9s un <strong><span style=\"color: #b3003b;\">lot de llibres i material escolar valorat en 75\u20ac .<br \/>\n <\/span><\/strong><\/p>\n<p style=\"text-align: center;\"><span style=\"text-align: center;\"><br \/>\n <a href=\"http:\/\/www.bibgirona.cat\/assets\/documents\/000\/364\/125\/triptic_concurs_literari_2019_1-2.jpg\" target=\"_blank\" rel=\"noopener\"> <button style=\"font-family: lato; font-size: 20px; padding: 30px; background-color: #ffcc00; color: black;\" type=\"button\">Consulteu les bases clicant aqu\u00ed<\/button><\/a><\/span><\/p>\n","protected":false},"excerpt":{"rendered":"<p>XVI\u00e8 Concurs Literari de Narraci\u00f3 Curta La biblioteca Anna Nadal i Serra, de Riudellots de la Selva, organitza el Concurs Literari de Narraci\u00f3 Curta amb la voluntat d&#8217;estimular l&#8217;escriptura a totes les franges d&#8217;edat. Animeu-vos a demostrar el vostre talent<\/p>\n","protected":false},"author":4,"featured_media":746,"comment_status":"open","ping_status":"open","sticky":false,"template":"","format":"standard","meta":{"sfsi_plus_gutenberg_text_before_share":"","sfsi_plus_gutenberg_show_text_before_share":"","sfsi_plus_gutenberg_icon_type":"","sfsi_plus_gutenberg_icon_alignemt":"","sfsi_plus_gutenburg_max_per_row":"","footnotes":""},"categories":[36],"tags":[38,16,31,41],"class_list":["post-2637","post","type-post","status-publish","format-standard","has-post-thumbnail","hentry","category-premis-literaris","tag-certamen","tag-concurs","tag-escriptura","tag-premis"],"yoast_head":"<!-- This site is optimized with the Yoast SEO plugin v27.5 - https:\/\/yoast.com\/product\/yoast-seo-wordpress\/ -->\n<title>PREMIS LITERARIS: XVI\u00e8 Concurs Literari de Narraci\u00f3 Curta - Sala Jove<\/title>\n<meta name=\"robots\" content=\"index, follow, max-snippet:-1, max-image-preview:large, max-video-preview:-1\" \/>\n<link rel=\"canonical\" href=\"https:\/\/biblioteca.blanes.cat\/salajove\/2019\/02\/22\/premis-literaris-xvie-concurs-literari-de-narracio-curta\/\" \/>\n<meta property=\"og:locale\" content=\"ca_ES\" \/>\n<meta property=\"og:type\" content=\"article\" \/>\n<meta property=\"og:title\" content=\"PREMIS LITERARIS: XVI\u00e8 Concurs Literari de Narraci\u00f3 Curta - Sala Jove\" \/>\n<meta property=\"og:description\" content=\"XVI\u00e8 Concurs Literari de Narraci\u00f3 Curta La biblioteca Anna Nadal i Serra, de Riudellots de la Selva, organitza el Concurs Literari de Narraci\u00f3 Curta amb la voluntat d&#8217;estimular l&#8217;escriptura a totes les franges d&#8217;edat. Animeu-vos a demostrar el vostre talent\" \/>\n<meta property=\"og:url\" content=\"https:\/\/biblioteca.blanes.cat\/salajove\/2019\/02\/22\/premis-literaris-xvie-concurs-literari-de-narracio-curta\/\" \/>\n<meta property=\"og:site_name\" content=\"Sala Jove\" \/>\n<meta property=\"article:publisher\" content=\"https:\/\/www.facebook.com\/BilbiotecaComarcaldeBlanes\/\" \/>\n<meta property=\"article:published_time\" content=\"2019-02-22T13:26:52+00:00\" \/>\n<meta property=\"og:image\" content=\"https:\/\/biblioteca.blanes.cat\/salajove\/wp-content\/uploads\/sites\/3\/2018\/01\/Premis-literaris.png\" \/>\n\t<meta property=\"og:image:width\" content=\"559\" \/>\n\t<meta property=\"og:image:height\" content=\"200\" \/>\n\t<meta property=\"og:image:type\" content=\"image\/png\" \/>\n<meta name=\"author\" content=\"biblioblanes\" \/>\n<meta name=\"twitter:card\" content=\"summary_large_image\" \/>\n<meta name=\"twitter:creator\" content=\"@biblioblanes\" \/>\n<meta name=\"twitter:site\" content=\"@BiblioBlanes\" \/>\n<meta name=\"twitter:label1\" content=\"Escrit per\" \/>\n\t<meta name=\"twitter:data1\" content=\"biblioblanes\" \/>\n<script type=\"application\/ld+json\" class=\"yoast-schema-graph\">{\"@context\":\"https:\\\/\\\/schema.org\",\"@graph\":[{\"@type\":\"Article\",\"@id\":\"https:\\\/\\\/biblioteca.blanes.cat\\\/salajove\\\/2019\\\/02\\\/22\\\/premis-literaris-xvie-concurs-literari-de-narracio-curta\\\/#article\",\"isPartOf\":{\"@id\":\"https:\\\/\\\/biblioteca.blanes.cat\\\/salajove\\\/2019\\\/02\\\/22\\\/premis-literaris-xvie-concurs-literari-de-narracio-curta\\\/\"},\"author\":{\"name\":\"biblioblanes\",\"@id\":\"https:\\\/\\\/biblioteca.blanes.cat\\\/salajove\\\/#\\\/schema\\\/person\\\/5a7b46760d9dd611d098bbf571a341dc\"},\"headline\":\"PREMIS LITERARIS: XVI\u00e8 Concurs Literari de Narraci\u00f3 Curta\",\"datePublished\":\"2019-02-22T13:26:52+00:00\",\"mainEntityOfPage\":{\"@id\":\"https:\\\/\\\/biblioteca.blanes.cat\\\/salajove\\\/2019\\\/02\\\/22\\\/premis-literaris-xvie-concurs-literari-de-narracio-curta\\\/\"},\"wordCount\":107,\"commentCount\":0,\"publisher\":{\"@id\":\"https:\\\/\\\/biblioteca.blanes.cat\\\/salajove\\\/#organization\"},\"image\":{\"@id\":\"https:\\\/\\\/biblioteca.blanes.cat\\\/salajove\\\/2019\\\/02\\\/22\\\/premis-literaris-xvie-concurs-literari-de-narracio-curta\\\/#primaryimage\"},\"thumbnailUrl\":\"https:\\\/\\\/biblioteca.blanes.cat\\\/salajove\\\/wp-content\\\/uploads\\\/sites\\\/3\\\/2018\\\/01\\\/Premis-literaris.png\",\"keywords\":[\"#Cert\u00e0men\",\"#Concurs\",\"#Escriptura\",\"#Premis\"],\"articleSection\":[\"Premis Literaris\"],\"inLanguage\":\"ca\",\"potentialAction\":[{\"@type\":\"CommentAction\",\"name\":\"Comment\",\"target\":[\"https:\\\/\\\/biblioteca.blanes.cat\\\/salajove\\\/2019\\\/02\\\/22\\\/premis-literaris-xvie-concurs-literari-de-narracio-curta\\\/#respond\"]}]},{\"@type\":\"WebPage\",\"@id\":\"https:\\\/\\\/biblioteca.blanes.cat\\\/salajove\\\/2019\\\/02\\\/22\\\/premis-literaris-xvie-concurs-literari-de-narracio-curta\\\/\",\"url\":\"https:\\\/\\\/biblioteca.blanes.cat\\\/salajove\\\/2019\\\/02\\\/22\\\/premis-literaris-xvie-concurs-literari-de-narracio-curta\\\/\",\"name\":\"PREMIS LITERARIS: XVI\u00e8 Concurs Literari de Narraci\u00f3 Curta - Sala Jove\",\"isPartOf\":{\"@id\":\"https:\\\/\\\/biblioteca.blanes.cat\\\/salajove\\\/#website\"},\"primaryImageOfPage\":{\"@id\":\"https:\\\/\\\/biblioteca.blanes.cat\\\/salajove\\\/2019\\\/02\\\/22\\\/premis-literaris-xvie-concurs-literari-de-narracio-curta\\\/#primaryimage\"},\"image\":{\"@id\":\"https:\\\/\\\/biblioteca.blanes.cat\\\/salajove\\\/2019\\\/02\\\/22\\\/premis-literaris-xvie-concurs-literari-de-narracio-curta\\\/#primaryimage\"},\"thumbnailUrl\":\"https:\\\/\\\/biblioteca.blanes.cat\\\/salajove\\\/wp-content\\\/uploads\\\/sites\\\/3\\\/2018\\\/01\\\/Premis-literaris.png\",\"datePublished\":\"2019-02-22T13:26:52+00:00\",\"breadcrumb\":{\"@id\":\"https:\\\/\\\/biblioteca.blanes.cat\\\/salajove\\\/2019\\\/02\\\/22\\\/premis-literaris-xvie-concurs-literari-de-narracio-curta\\\/#breadcrumb\"},\"inLanguage\":\"ca\",\"potentialAction\":[{\"@type\":\"ReadAction\",\"target\":[\"https:\\\/\\\/biblioteca.blanes.cat\\\/salajove\\\/2019\\\/02\\\/22\\\/premis-literaris-xvie-concurs-literari-de-narracio-curta\\\/\"]}]},{\"@type\":\"ImageObject\",\"inLanguage\":\"ca\",\"@id\":\"https:\\\/\\\/biblioteca.blanes.cat\\\/salajove\\\/2019\\\/02\\\/22\\\/premis-literaris-xvie-concurs-literari-de-narracio-curta\\\/#primaryimage\",\"url\":\"https:\\\/\\\/biblioteca.blanes.cat\\\/salajove\\\/wp-content\\\/uploads\\\/sites\\\/3\\\/2018\\\/01\\\/Premis-literaris.png\",\"contentUrl\":\"https:\\\/\\\/biblioteca.blanes.cat\\\/salajove\\\/wp-content\\\/uploads\\\/sites\\\/3\\\/2018\\\/01\\\/Premis-literaris.png\",\"width\":559,\"height\":200},{\"@type\":\"BreadcrumbList\",\"@id\":\"https:\\\/\\\/biblioteca.blanes.cat\\\/salajove\\\/2019\\\/02\\\/22\\\/premis-literaris-xvie-concurs-literari-de-narracio-curta\\\/#breadcrumb\",\"itemListElement\":[{\"@type\":\"ListItem\",\"position\":1,\"name\":\"Inici\",\"item\":\"https:\\\/\\\/biblioteca.blanes.cat\\\/salajove\\\/\"},{\"@type\":\"ListItem\",\"position\":2,\"name\":\"PREMIS LITERARIS: XVI\u00e8 Concurs Literari de Narraci\u00f3 Curta\"}]},{\"@type\":\"WebSite\",\"@id\":\"https:\\\/\\\/biblioteca.blanes.cat\\\/salajove\\\/#website\",\"url\":\"https:\\\/\\\/biblioteca.blanes.cat\\\/salajove\\\/\",\"name\":\"Sala Jove\",\"description\":\"Biblioteca Comarcal de Blanes\",\"publisher\":{\"@id\":\"https:\\\/\\\/biblioteca.blanes.cat\\\/salajove\\\/#organization\"},\"potentialAction\":[{\"@type\":\"SearchAction\",\"target\":{\"@type\":\"EntryPoint\",\"urlTemplate\":\"https:\\\/\\\/biblioteca.blanes.cat\\\/salajove\\\/?s={search_term_string}\"},\"query-input\":{\"@type\":\"PropertyValueSpecification\",\"valueRequired\":true,\"valueName\":\"search_term_string\"}}],\"inLanguage\":\"ca\"},{\"@type\":\"Organization\",\"@id\":\"https:\\\/\\\/biblioteca.blanes.cat\\\/salajove\\\/#organization\",\"name\":\"Biblioteca Comarcal de Blanes\",\"url\":\"https:\\\/\\\/biblioteca.blanes.cat\\\/salajove\\\/\",\"logo\":{\"@type\":\"ImageObject\",\"inLanguage\":\"ca\",\"@id\":\"https:\\\/\\\/biblioteca.blanes.cat\\\/salajove\\\/#\\\/schema\\\/logo\\\/image\\\/\",\"url\":\"https:\\\/\\\/biblioteca.blanes.cat\\\/salajove\\\/wp-content\\\/uploads\\\/sites\\\/3\\\/2017\\\/09\\\/cropped-Bib-blau-e1518869380535.png\",\"contentUrl\":\"https:\\\/\\\/biblioteca.blanes.cat\\\/salajove\\\/wp-content\\\/uploads\\\/sites\\\/3\\\/2017\\\/09\\\/cropped-Bib-blau-e1518869380535.png\",\"width\":166,\"height\":166,\"caption\":\"Biblioteca Comarcal de Blanes\"},\"image\":{\"@id\":\"https:\\\/\\\/biblioteca.blanes.cat\\\/salajove\\\/#\\\/schema\\\/logo\\\/image\\\/\"},\"sameAs\":[\"https:\\\/\\\/www.facebook.com\\\/BilbiotecaComarcaldeBlanes\\\/\",\"https:\\\/\\\/x.com\\\/BiblioBlanes\",\"https:\\\/\\\/www.instagram.com\\\/biblioblanes\\\/\",\"https:\\\/\\\/www.pinterest.es\\\/bblanes\\\/\",\"https:\\\/\\\/www.youtube.com\\\/c\\\/BibliotecaComarcalBlanes\"]},{\"@type\":\"Person\",\"@id\":\"https:\\\/\\\/biblioteca.blanes.cat\\\/salajove\\\/#\\\/schema\\\/person\\\/5a7b46760d9dd611d098bbf571a341dc\",\"name\":\"biblioblanes\",\"image\":{\"@type\":\"ImageObject\",\"inLanguage\":\"ca\",\"@id\":\"https:\\\/\\\/secure.gravatar.com\\\/avatar\\\/6593ca6cc90e5a70939f51c95e8315483b9c281bafba597292bee47992030f99?s=96&d=mm&r=g\",\"url\":\"https:\\\/\\\/secure.gravatar.com\\\/avatar\\\/6593ca6cc90e5a70939f51c95e8315483b9c281bafba597292bee47992030f99?s=96&d=mm&r=g\",\"contentUrl\":\"https:\\\/\\\/secure.gravatar.com\\\/avatar\\\/6593ca6cc90e5a70939f51c95e8315483b9c281bafba597292bee47992030f99?s=96&d=mm&r=g\",\"caption\":\"biblioblanes\"},\"sameAs\":[\"http:\\\/\\\/www.bibgirona.cat\\\/biblioteca\\\/blanes\",\"https:\\\/\\\/x.com\\\/biblioblanes\"],\"url\":\"https:\\\/\\\/biblioteca.blanes.cat\\\/salajove\\\/author\\\/biblioblanes\\\/\"}]}<\/script>\n<!-- \/ Yoast SEO plugin. -->","yoast_head_json":{"title":"PREMIS LITERARIS: XVI\u00e8 Concurs Literari de Narraci\u00f3 Curta - Sala Jove","robots":{"index":"index","follow":"follow","max-snippet":"max-snippet:-1","max-image-preview":"max-image-preview:large","max-video-preview":"max-video-preview:-1"},"canonical":"https:\/\/biblioteca.blanes.cat\/salajove\/2019\/02\/22\/premis-literaris-xvie-concurs-literari-de-narracio-curta\/","og_locale":"ca_ES","og_type":"article","og_title":"PREMIS LITERARIS: XVI\u00e8 Concurs Literari de Narraci\u00f3 Curta - Sala Jove","og_description":"XVI\u00e8 Concurs Literari de Narraci\u00f3 Curta La biblioteca Anna Nadal i Serra, de Riudellots de la Selva, organitza el Concurs Literari de Narraci\u00f3 Curta amb la voluntat d&#8217;estimular l&#8217;escriptura a totes les franges d&#8217;edat. Animeu-vos a demostrar el vostre talent","og_url":"https:\/\/biblioteca.blanes.cat\/salajove\/2019\/02\/22\/premis-literaris-xvie-concurs-literari-de-narracio-curta\/","og_site_name":"Sala Jove","article_publisher":"https:\/\/www.facebook.com\/BilbiotecaComarcaldeBlanes\/","article_published_time":"2019-02-22T13:26:52+00:00","og_image":[{"width":559,"height":200,"url":"https:\/\/biblioteca.blanes.cat\/salajove\/wp-content\/uploads\/sites\/3\/2018\/01\/Premis-literaris.png","type":"image\/png"}],"author":"biblioblanes","twitter_card":"summary_large_image","twitter_creator":"@biblioblanes","twitter_site":"@BiblioBlanes","twitter_misc":{"Escrit per":"biblioblanes"},"schema":{"@context":"https:\/\/schema.org","@graph":[{"@type":"Article","@id":"https:\/\/biblioteca.blanes.cat\/salajove\/2019\/02\/22\/premis-literaris-xvie-concurs-literari-de-narracio-curta\/#article","isPartOf":{"@id":"https:\/\/biblioteca.blanes.cat\/salajove\/2019\/02\/22\/premis-literaris-xvie-concurs-literari-de-narracio-curta\/"},"author":{"name":"biblioblanes","@id":"https:\/\/biblioteca.blanes.cat\/salajove\/#\/schema\/person\/5a7b46760d9dd611d098bbf571a341dc"},"headline":"PREMIS LITERARIS: XVI\u00e8 Concurs Literari de Narraci\u00f3 Curta","datePublished":"2019-02-22T13:26:52+00:00","mainEntityOfPage":{"@id":"https:\/\/biblioteca.blanes.cat\/salajove\/2019\/02\/22\/premis-literaris-xvie-concurs-literari-de-narracio-curta\/"},"wordCount":107,"commentCount":0,"publisher":{"@id":"https:\/\/biblioteca.blanes.cat\/salajove\/#organization"},"image":{"@id":"https:\/\/biblioteca.blanes.cat\/salajove\/2019\/02\/22\/premis-literaris-xvie-concurs-literari-de-narracio-curta\/#primaryimage"},"thumbnailUrl":"https:\/\/biblioteca.blanes.cat\/salajove\/wp-content\/uploads\/sites\/3\/2018\/01\/Premis-literaris.png","keywords":["#Cert\u00e0men","#Concurs","#Escriptura","#Premis"],"articleSection":["Premis Literaris"],"inLanguage":"ca","potentialAction":[{"@type":"CommentAction","name":"Comment","target":["https:\/\/biblioteca.blanes.cat\/salajove\/2019\/02\/22\/premis-literaris-xvie-concurs-literari-de-narracio-curta\/#respond"]}]},{"@type":"WebPage","@id":"https:\/\/biblioteca.blanes.cat\/salajove\/2019\/02\/22\/premis-literaris-xvie-concurs-literari-de-narracio-curta\/","url":"https:\/\/biblioteca.blanes.cat\/salajove\/2019\/02\/22\/premis-literaris-xvie-concurs-literari-de-narracio-curta\/","name":"PREMIS LITERARIS: XVI\u00e8 Concurs Literari de Narraci\u00f3 Curta - Sala Jove","isPartOf":{"@id":"https:\/\/biblioteca.blanes.cat\/salajove\/#website"},"primaryImageOfPage":{"@id":"https:\/\/biblioteca.blanes.cat\/salajove\/2019\/02\/22\/premis-literaris-xvie-concurs-literari-de-narracio-curta\/#primaryimage"},"image":{"@id":"https:\/\/biblioteca.blanes.cat\/salajove\/2019\/02\/22\/premis-literaris-xvie-concurs-literari-de-narracio-curta\/#primaryimage"},"thumbnailUrl":"https:\/\/biblioteca.blanes.cat\/salajove\/wp-content\/uploads\/sites\/3\/2018\/01\/Premis-literaris.png","datePublished":"2019-02-22T13:26:52+00:00","breadcrumb":{"@id":"https:\/\/biblioteca.blanes.cat\/salajove\/2019\/02\/22\/premis-literaris-xvie-concurs-literari-de-narracio-curta\/#breadcrumb"},"inLanguage":"ca","potentialAction":[{"@type":"ReadAction","target":["https:\/\/biblioteca.blanes.cat\/salajove\/2019\/02\/22\/premis-literaris-xvie-concurs-literari-de-narracio-curta\/"]}]},{"@type":"ImageObject","inLanguage":"ca","@id":"https:\/\/biblioteca.blanes.cat\/salajove\/2019\/02\/22\/premis-literaris-xvie-concurs-literari-de-narracio-curta\/#primaryimage","url":"https:\/\/biblioteca.blanes.cat\/salajove\/wp-content\/uploads\/sites\/3\/2018\/01\/Premis-literaris.png","contentUrl":"https:\/\/biblioteca.blanes.cat\/salajove\/wp-content\/uploads\/sites\/3\/2018\/01\/Premis-literaris.png","width":559,"height":200},{"@type":"BreadcrumbList","@id":"https:\/\/biblioteca.blanes.cat\/salajove\/2019\/02\/22\/premis-literaris-xvie-concurs-literari-de-narracio-curta\/#breadcrumb","itemListElement":[{"@type":"ListItem","position":1,"name":"Inici","item":"https:\/\/biblioteca.blanes.cat\/salajove\/"},{"@type":"ListItem","position":2,"name":"PREMIS LITERARIS: XVI\u00e8 Concurs Literari de Narraci\u00f3 Curta"}]},{"@type":"WebSite","@id":"https:\/\/biblioteca.blanes.cat\/salajove\/#website","url":"https:\/\/biblioteca.blanes.cat\/salajove\/","name":"Sala Jove","description":"Biblioteca Comarcal de Blanes","publisher":{"@id":"https:\/\/biblioteca.blanes.cat\/salajove\/#organization"},"potentialAction":[{"@type":"SearchAction","target":{"@type":"EntryPoint","urlTemplate":"https:\/\/biblioteca.blanes.cat\/salajove\/?s={search_term_string}"},"query-input":{"@type":"PropertyValueSpecification","valueRequired":true,"valueName":"search_term_string"}}],"inLanguage":"ca"},{"@type":"Organization","@id":"https:\/\/biblioteca.blanes.cat\/salajove\/#organization","name":"Biblioteca Comarcal de Blanes","url":"https:\/\/biblioteca.blanes.cat\/salajove\/","logo":{"@type":"ImageObject","inLanguage":"ca","@id":"https:\/\/biblioteca.blanes.cat\/salajove\/#\/schema\/logo\/image\/","url":"https:\/\/biblioteca.blanes.cat\/salajove\/wp-content\/uploads\/sites\/3\/2017\/09\/cropped-Bib-blau-e1518869380535.png","contentUrl":"https:\/\/biblioteca.blanes.cat\/salajove\/wp-content\/uploads\/sites\/3\/2017\/09\/cropped-Bib-blau-e1518869380535.png","width":166,"height":166,"caption":"Biblioteca Comarcal de Blanes"},"image":{"@id":"https:\/\/biblioteca.blanes.cat\/salajove\/#\/schema\/logo\/image\/"},"sameAs":["https:\/\/www.facebook.com\/BilbiotecaComarcaldeBlanes\/","https:\/\/x.com\/BiblioBlanes","https:\/\/www.instagram.com\/biblioblanes\/","https:\/\/www.pinterest.es\/bblanes\/","https:\/\/www.youtube.com\/c\/BibliotecaComarcalBlanes"]},{"@type":"Person","@id":"https:\/\/biblioteca.blanes.cat\/salajove\/#\/schema\/person\/5a7b46760d9dd611d098bbf571a341dc","name":"biblioblanes","image":{"@type":"ImageObject","inLanguage":"ca","@id":"https:\/\/secure.gravatar.com\/avatar\/6593ca6cc90e5a70939f51c95e8315483b9c281bafba597292bee47992030f99?s=96&d=mm&r=g","url":"https:\/\/secure.gravatar.com\/avatar\/6593ca6cc90e5a70939f51c95e8315483b9c281bafba597292bee47992030f99?s=96&d=mm&r=g","contentUrl":"https:\/\/secure.gravatar.com\/avatar\/6593ca6cc90e5a70939f51c95e8315483b9c281bafba597292bee47992030f99?s=96&d=mm&r=g","caption":"biblioblanes"},"sameAs":["http:\/\/www.bibgirona.cat\/biblioteca\/blanes","https:\/\/x.com\/biblioblanes"],"url":"https:\/\/biblioteca.blanes.cat\/salajove\/author\/biblioblanes\/"}]}},"_links":{"self":[{"href":"https:\/\/biblioteca.blanes.cat\/salajove\/wp-json\/wp\/v2\/posts\/2637","targetHints":{"allow":["GET"]}}],"collection":[{"href":"https:\/\/biblioteca.blanes.cat\/salajove\/wp-json\/wp\/v2\/posts"}],"about":[{"href":"https:\/\/biblioteca.blanes.cat\/salajove\/wp-json\/wp\/v2\/types\/post"}],"author":[{"embeddable":true,"href":"https:\/\/biblioteca.blanes.cat\/salajove\/wp-json\/wp\/v2\/users\/4"}],"replies":[{"embeddable":true,"href":"https:\/\/biblioteca.blanes.cat\/salajove\/wp-json\/wp\/v2\/comments?post=2637"}],"version-history":[{"count":1,"href":"https:\/\/biblioteca.blanes.cat\/salajove\/wp-json\/wp\/v2\/posts\/2637\/revisions"}],"predecessor-version":[{"id":2639,"href":"https:\/\/biblioteca.blanes.cat\/salajove\/wp-json\/wp\/v2\/posts\/2637\/revisions\/2639"}],"wp:featuredmedia":[{"embeddable":true,"href":"https:\/\/biblioteca.blanes.cat\/salajove\/wp-json\/wp\/v2\/media\/746"}],"wp:attachment":[{"href":"https:\/\/biblioteca.blanes.cat\/salajove\/wp-json\/wp\/v2\/media?parent=2637"}],"wp:term":[{"taxonomy":"category","embeddable":true,"href":"https:\/\/biblioteca.blanes.cat\/salajove\/wp-json\/wp\/v2\/categories?post=2637"},{"taxonomy":"post_tag","embeddable":true,"href":"https:\/\/biblioteca.blanes.cat\/salajove\/wp-json\/wp\/v2\/tags?post=2637"}],"curies":[{"name":"wp","href":"https:\/\/api.w.org\/{rel}","templated":true}]}}