{"id":2625,"date":"2019-02-21T15:01:09","date_gmt":"2019-02-21T14:01:09","guid":{"rendered":"https:\/\/biblioteca.blanes.cat\/salajove\/?p=2625"},"modified":"2019-02-21T15:01:51","modified_gmt":"2019-02-21T14:01:51","slug":"xxiv-concurs-literari-sant-jordi-2019","status":"publish","type":"post","link":"https:\/\/biblioteca.blanes.cat\/salajove\/2019\/02\/21\/xxiv-concurs-literari-sant-jordi-2019\/","title":{"rendered":"PREMIS LITERARIS: XXIV Concurs Literari Sant Jordi 2019"},"content":{"rendered":"<h2 style=\"text-align: center;\">XXIV Concurs Literari Sant Jordi 2019<\/h2>\n<p style=\"text-align: justify;\"><a href=\"https:\/\/biblioteca.blanes.cat\/salajove\/wp-content\/uploads\/sites\/3\/2019\/02\/concurs-st-jordi-2019.jpg\" target=\"_blank\" rel=\"noopener\"><img decoding=\"async\" class=\"alignright wp-image-2626 size-medium\" title=\"Sant Jordi 2019\" src=\"https:\/\/biblioteca.blanes.cat\/salajove\/wp-content\/uploads\/sites\/3\/2019\/02\/concurs-st-jordi-2019-156x300.jpg\" alt=\"Sant Jordi 2019\" width=\"156\" height=\"300\" srcset=\"https:\/\/biblioteca.blanes.cat\/salajove\/wp-content\/uploads\/sites\/3\/2019\/02\/concurs-st-jordi-2019-156x300.jpg 156w, https:\/\/biblioteca.blanes.cat\/salajove\/wp-content\/uploads\/sites\/3\/2019\/02\/concurs-st-jordi-2019.jpg 342w\" sizes=\"(max-width: 156px) 100vw, 156px\" \/><\/a>Llagostera torna a convocar el Concurs literari de Sant Jordi. L&#8217;objectiu d&#8217;aquest certamen \u00e9s promoure la creaci\u00f3 liter\u00e0ria en llengua catalana i tamb\u00e9 celebrar la festivitat de Sant Jordi. Hi contempla diferents categories, entre d&#8217;elles la juvenil:<\/p>\n<p style=\"text-align: justify; padding-left: 30px;\">Juvenil A: 1r Cicle d&#8217;ESO<\/p>\n<p style=\"text-align: justify; padding-left: 30px;\">Juvenil B: 2n Cicle d&#8217;ESO<\/p>\n<p style=\"text-align: justify; padding-left: 30px;\">Juvenil C: nascuts els anys 2001 i 2002<\/p>\n<p>El premi per a aquesta categoria \u00e9s un <strong><span style=\"color: #b3003b;\">Val per valor de 150\u20ac per comprar llibres o c\u00f2mics<\/span><\/strong>.<\/p>\n<p style=\"text-align: center;\"><span style=\"text-align: center;\"><br \/>\n <a href=\"http:\/\/www.bibgirona.cat\/assets\/documents\/000\/364\/113\/Concurs_literari_2019.pdf\" target=\"_blank\" rel=\"noopener\"> <button style=\"font-family: lato; font-size: 20px; padding: 30px; background-color: #ffcc00; color: black;\" type=\"button\">Consulteu les bases clicant aqu\u00ed<\/button><\/a><\/span><\/p>\n","protected":false},"excerpt":{"rendered":"<p>XXIV Concurs Literari Sant Jordi 2019 Llagostera torna a convocar el Concurs literari de Sant Jordi. L&#8217;objectiu d&#8217;aquest certamen \u00e9s promoure la creaci\u00f3 liter\u00e0ria en llengua catalana i tamb\u00e9 celebrar la festivitat de Sant Jordi. Hi contempla diferents categories, entre<\/p>\n","protected":false},"author":4,"featured_media":746,"comment_status":"open","ping_status":"open","sticky":false,"template":"","format":"standard","meta":{"sfsi_plus_gutenberg_text_before_share":"","sfsi_plus_gutenberg_show_text_before_share":"","sfsi_plus_gutenberg_icon_type":"","sfsi_plus_gutenberg_icon_alignemt":"","sfsi_plus_gutenburg_max_per_row":"","footnotes":""},"categories":[36],"tags":[37,38,16,31,41],"class_list":["post-2625","post","type-post","status-publish","format-standard","has-post-thumbnail","hentry","category-premis-literaris","tag-bases","tag-certamen","tag-concurs","tag-escriptura","tag-premis"],"yoast_head":"<!-- This site is optimized with the Yoast SEO plugin v27.5 - https:\/\/yoast.com\/product\/yoast-seo-wordpress\/ -->\n<title>PREMIS LITERARIS: XXIV Concurs Literari Sant Jordi 2019 - Sala Jove<\/title>\n<meta name=\"description\" content=\"XXIV Concurs Literari Sant Jordi 2019 - Hi contempla diferents categories, entre d&#039;elles la juvenil - Llagostera Sant Jordi 2019\" \/>\n<meta name=\"robots\" content=\"index, follow, max-snippet:-1, max-image-preview:large, max-video-preview:-1\" \/>\n<link rel=\"canonical\" href=\"https:\/\/biblioteca.blanes.cat\/salajove\/2019\/02\/21\/xxiv-concurs-literari-sant-jordi-2019\/\" \/>\n<meta property=\"og:locale\" content=\"ca_ES\" \/>\n<meta property=\"og:type\" content=\"article\" \/>\n<meta property=\"og:title\" content=\"PREMIS LITERARIS: XXIV Concurs Literari Sant Jordi 2019 - Sala Jove\" \/>\n<meta property=\"og:description\" content=\"XXIV Concurs Literari Sant Jordi 2019 - Hi contempla diferents categories, entre d&#039;elles la juvenil - Llagostera Sant Jordi 2019\" \/>\n<meta property=\"og:url\" content=\"https:\/\/biblioteca.blanes.cat\/salajove\/2019\/02\/21\/xxiv-concurs-literari-sant-jordi-2019\/\" \/>\n<meta property=\"og:site_name\" content=\"Sala Jove\" \/>\n<meta property=\"article:publisher\" content=\"https:\/\/www.facebook.com\/BilbiotecaComarcaldeBlanes\/\" \/>\n<meta property=\"article:published_time\" content=\"2019-02-21T14:01:09+00:00\" \/>\n<meta property=\"article:modified_time\" content=\"2019-02-21T14:01:51+00:00\" \/>\n<meta property=\"og:image\" content=\"https:\/\/biblioteca.blanes.cat\/salajove\/wp-content\/uploads\/sites\/3\/2018\/01\/Premis-literaris.png\" \/>\n\t<meta property=\"og:image:width\" content=\"559\" \/>\n\t<meta property=\"og:image:height\" content=\"200\" \/>\n\t<meta property=\"og:image:type\" content=\"image\/png\" \/>\n<meta name=\"author\" content=\"biblioblanes\" \/>\n<meta name=\"twitter:card\" content=\"summary_large_image\" \/>\n<meta name=\"twitter:creator\" content=\"@biblioblanes\" \/>\n<meta name=\"twitter:site\" content=\"@BiblioBlanes\" \/>\n<meta name=\"twitter:label1\" content=\"Escrit per\" \/>\n\t<meta name=\"twitter:data1\" content=\"biblioblanes\" \/>\n<script type=\"application\/ld+json\" class=\"yoast-schema-graph\">{\"@context\":\"https:\\\/\\\/schema.org\",\"@graph\":[{\"@type\":\"Article\",\"@id\":\"https:\\\/\\\/biblioteca.blanes.cat\\\/salajove\\\/2019\\\/02\\\/21\\\/xxiv-concurs-literari-sant-jordi-2019\\\/#article\",\"isPartOf\":{\"@id\":\"https:\\\/\\\/biblioteca.blanes.cat\\\/salajove\\\/2019\\\/02\\\/21\\\/xxiv-concurs-literari-sant-jordi-2019\\\/\"},\"author\":{\"name\":\"biblioblanes\",\"@id\":\"https:\\\/\\\/biblioteca.blanes.cat\\\/salajove\\\/#\\\/schema\\\/person\\\/5a7b46760d9dd611d098bbf571a341dc\"},\"headline\":\"PREMIS LITERARIS: XXIV Concurs Literari Sant Jordi 2019\",\"datePublished\":\"2019-02-21T14:01:09+00:00\",\"dateModified\":\"2019-02-21T14:01:51+00:00\",\"mainEntityOfPage\":{\"@id\":\"https:\\\/\\\/biblioteca.blanes.cat\\\/salajove\\\/2019\\\/02\\\/21\\\/xxiv-concurs-literari-sant-jordi-2019\\\/\"},\"wordCount\":94,\"commentCount\":0,\"publisher\":{\"@id\":\"https:\\\/\\\/biblioteca.blanes.cat\\\/salajove\\\/#organization\"},\"image\":{\"@id\":\"https:\\\/\\\/biblioteca.blanes.cat\\\/salajove\\\/2019\\\/02\\\/21\\\/xxiv-concurs-literari-sant-jordi-2019\\\/#primaryimage\"},\"thumbnailUrl\":\"https:\\\/\\\/biblioteca.blanes.cat\\\/salajove\\\/wp-content\\\/uploads\\\/sites\\\/3\\\/2018\\\/01\\\/Premis-literaris.png\",\"keywords\":[\"#Bases\",\"#Cert\u00e0men\",\"#Concurs\",\"#Escriptura\",\"#Premis\"],\"articleSection\":[\"Premis Literaris\"],\"inLanguage\":\"ca\",\"potentialAction\":[{\"@type\":\"CommentAction\",\"name\":\"Comment\",\"target\":[\"https:\\\/\\\/biblioteca.blanes.cat\\\/salajove\\\/2019\\\/02\\\/21\\\/xxiv-concurs-literari-sant-jordi-2019\\\/#respond\"]}]},{\"@type\":\"WebPage\",\"@id\":\"https:\\\/\\\/biblioteca.blanes.cat\\\/salajove\\\/2019\\\/02\\\/21\\\/xxiv-concurs-literari-sant-jordi-2019\\\/\",\"url\":\"https:\\\/\\\/biblioteca.blanes.cat\\\/salajove\\\/2019\\\/02\\\/21\\\/xxiv-concurs-literari-sant-jordi-2019\\\/\",\"name\":\"PREMIS LITERARIS: XXIV Concurs Literari Sant Jordi 2019 - Sala Jove\",\"isPartOf\":{\"@id\":\"https:\\\/\\\/biblioteca.blanes.cat\\\/salajove\\\/#website\"},\"primaryImageOfPage\":{\"@id\":\"https:\\\/\\\/biblioteca.blanes.cat\\\/salajove\\\/2019\\\/02\\\/21\\\/xxiv-concurs-literari-sant-jordi-2019\\\/#primaryimage\"},\"image\":{\"@id\":\"https:\\\/\\\/biblioteca.blanes.cat\\\/salajove\\\/2019\\\/02\\\/21\\\/xxiv-concurs-literari-sant-jordi-2019\\\/#primaryimage\"},\"thumbnailUrl\":\"https:\\\/\\\/biblioteca.blanes.cat\\\/salajove\\\/wp-content\\\/uploads\\\/sites\\\/3\\\/2018\\\/01\\\/Premis-literaris.png\",\"datePublished\":\"2019-02-21T14:01:09+00:00\",\"dateModified\":\"2019-02-21T14:01:51+00:00\",\"description\":\"XXIV Concurs Literari Sant Jordi 2019 - Hi contempla diferents categories, entre d'elles la juvenil - Llagostera Sant Jordi 2019\",\"breadcrumb\":{\"@id\":\"https:\\\/\\\/biblioteca.blanes.cat\\\/salajove\\\/2019\\\/02\\\/21\\\/xxiv-concurs-literari-sant-jordi-2019\\\/#breadcrumb\"},\"inLanguage\":\"ca\",\"potentialAction\":[{\"@type\":\"ReadAction\",\"target\":[\"https:\\\/\\\/biblioteca.blanes.cat\\\/salajove\\\/2019\\\/02\\\/21\\\/xxiv-concurs-literari-sant-jordi-2019\\\/\"]}]},{\"@type\":\"ImageObject\",\"inLanguage\":\"ca\",\"@id\":\"https:\\\/\\\/biblioteca.blanes.cat\\\/salajove\\\/2019\\\/02\\\/21\\\/xxiv-concurs-literari-sant-jordi-2019\\\/#primaryimage\",\"url\":\"https:\\\/\\\/biblioteca.blanes.cat\\\/salajove\\\/wp-content\\\/uploads\\\/sites\\\/3\\\/2018\\\/01\\\/Premis-literaris.png\",\"contentUrl\":\"https:\\\/\\\/biblioteca.blanes.cat\\\/salajove\\\/wp-content\\\/uploads\\\/sites\\\/3\\\/2018\\\/01\\\/Premis-literaris.png\",\"width\":559,\"height\":200},{\"@type\":\"BreadcrumbList\",\"@id\":\"https:\\\/\\\/biblioteca.blanes.cat\\\/salajove\\\/2019\\\/02\\\/21\\\/xxiv-concurs-literari-sant-jordi-2019\\\/#breadcrumb\",\"itemListElement\":[{\"@type\":\"ListItem\",\"position\":1,\"name\":\"Inici\",\"item\":\"https:\\\/\\\/biblioteca.blanes.cat\\\/salajove\\\/\"},{\"@type\":\"ListItem\",\"position\":2,\"name\":\"PREMIS LITERARIS: XXIV Concurs Literari Sant Jordi 2019\"}]},{\"@type\":\"WebSite\",\"@id\":\"https:\\\/\\\/biblioteca.blanes.cat\\\/salajove\\\/#website\",\"url\":\"https:\\\/\\\/biblioteca.blanes.cat\\\/salajove\\\/\",\"name\":\"Sala Jove\",\"description\":\"Biblioteca Comarcal de Blanes\",\"publisher\":{\"@id\":\"https:\\\/\\\/biblioteca.blanes.cat\\\/salajove\\\/#organization\"},\"potentialAction\":[{\"@type\":\"SearchAction\",\"target\":{\"@type\":\"EntryPoint\",\"urlTemplate\":\"https:\\\/\\\/biblioteca.blanes.cat\\\/salajove\\\/?s={search_term_string}\"},\"query-input\":{\"@type\":\"PropertyValueSpecification\",\"valueRequired\":true,\"valueName\":\"search_term_string\"}}],\"inLanguage\":\"ca\"},{\"@type\":\"Organization\",\"@id\":\"https:\\\/\\\/biblioteca.blanes.cat\\\/salajove\\\/#organization\",\"name\":\"Biblioteca Comarcal de Blanes\",\"url\":\"https:\\\/\\\/biblioteca.blanes.cat\\\/salajove\\\/\",\"logo\":{\"@type\":\"ImageObject\",\"inLanguage\":\"ca\",\"@id\":\"https:\\\/\\\/biblioteca.blanes.cat\\\/salajove\\\/#\\\/schema\\\/logo\\\/image\\\/\",\"url\":\"https:\\\/\\\/biblioteca.blanes.cat\\\/salajove\\\/wp-content\\\/uploads\\\/sites\\\/3\\\/2017\\\/09\\\/cropped-Bib-blau-e1518869380535.png\",\"contentUrl\":\"https:\\\/\\\/biblioteca.blanes.cat\\\/salajove\\\/wp-content\\\/uploads\\\/sites\\\/3\\\/2017\\\/09\\\/cropped-Bib-blau-e1518869380535.png\",\"width\":166,\"height\":166,\"caption\":\"Biblioteca Comarcal de Blanes\"},\"image\":{\"@id\":\"https:\\\/\\\/biblioteca.blanes.cat\\\/salajove\\\/#\\\/schema\\\/logo\\\/image\\\/\"},\"sameAs\":[\"https:\\\/\\\/www.facebook.com\\\/BilbiotecaComarcaldeBlanes\\\/\",\"https:\\\/\\\/x.com\\\/BiblioBlanes\",\"https:\\\/\\\/www.instagram.com\\\/biblioblanes\\\/\",\"https:\\\/\\\/www.pinterest.es\\\/bblanes\\\/\",\"https:\\\/\\\/www.youtube.com\\\/c\\\/BibliotecaComarcalBlanes\"]},{\"@type\":\"Person\",\"@id\":\"https:\\\/\\\/biblioteca.blanes.cat\\\/salajove\\\/#\\\/schema\\\/person\\\/5a7b46760d9dd611d098bbf571a341dc\",\"name\":\"biblioblanes\",\"image\":{\"@type\":\"ImageObject\",\"inLanguage\":\"ca\",\"@id\":\"https:\\\/\\\/secure.gravatar.com\\\/avatar\\\/6593ca6cc90e5a70939f51c95e8315483b9c281bafba597292bee47992030f99?s=96&d=mm&r=g\",\"url\":\"https:\\\/\\\/secure.gravatar.com\\\/avatar\\\/6593ca6cc90e5a70939f51c95e8315483b9c281bafba597292bee47992030f99?s=96&d=mm&r=g\",\"contentUrl\":\"https:\\\/\\\/secure.gravatar.com\\\/avatar\\\/6593ca6cc90e5a70939f51c95e8315483b9c281bafba597292bee47992030f99?s=96&d=mm&r=g\",\"caption\":\"biblioblanes\"},\"sameAs\":[\"http:\\\/\\\/www.bibgirona.cat\\\/biblioteca\\\/blanes\",\"https:\\\/\\\/x.com\\\/biblioblanes\"],\"url\":\"https:\\\/\\\/biblioteca.blanes.cat\\\/salajove\\\/author\\\/biblioblanes\\\/\"}]}<\/script>\n<!-- \/ Yoast SEO plugin. -->","yoast_head_json":{"title":"PREMIS LITERARIS: XXIV Concurs Literari Sant Jordi 2019 - Sala Jove","description":"XXIV Concurs Literari Sant Jordi 2019 - Hi contempla diferents categories, entre d'elles la juvenil - Llagostera Sant Jordi 2019","robots":{"index":"index","follow":"follow","max-snippet":"max-snippet:-1","max-image-preview":"max-image-preview:large","max-video-preview":"max-video-preview:-1"},"canonical":"https:\/\/biblioteca.blanes.cat\/salajove\/2019\/02\/21\/xxiv-concurs-literari-sant-jordi-2019\/","og_locale":"ca_ES","og_type":"article","og_title":"PREMIS LITERARIS: XXIV Concurs Literari Sant Jordi 2019 - Sala Jove","og_description":"XXIV Concurs Literari Sant Jordi 2019 - Hi contempla diferents categories, entre d'elles la juvenil - Llagostera Sant Jordi 2019","og_url":"https:\/\/biblioteca.blanes.cat\/salajove\/2019\/02\/21\/xxiv-concurs-literari-sant-jordi-2019\/","og_site_name":"Sala Jove","article_publisher":"https:\/\/www.facebook.com\/BilbiotecaComarcaldeBlanes\/","article_published_time":"2019-02-21T14:01:09+00:00","article_modified_time":"2019-02-21T14:01:51+00:00","og_image":[{"width":559,"height":200,"url":"https:\/\/biblioteca.blanes.cat\/salajove\/wp-content\/uploads\/sites\/3\/2018\/01\/Premis-literaris.png","type":"image\/png"}],"author":"biblioblanes","twitter_card":"summary_large_image","twitter_creator":"@biblioblanes","twitter_site":"@BiblioBlanes","twitter_misc":{"Escrit per":"biblioblanes"},"schema":{"@context":"https:\/\/schema.org","@graph":[{"@type":"Article","@id":"https:\/\/biblioteca.blanes.cat\/salajove\/2019\/02\/21\/xxiv-concurs-literari-sant-jordi-2019\/#article","isPartOf":{"@id":"https:\/\/biblioteca.blanes.cat\/salajove\/2019\/02\/21\/xxiv-concurs-literari-sant-jordi-2019\/"},"author":{"name":"biblioblanes","@id":"https:\/\/biblioteca.blanes.cat\/salajove\/#\/schema\/person\/5a7b46760d9dd611d098bbf571a341dc"},"headline":"PREMIS LITERARIS: XXIV Concurs Literari Sant Jordi 2019","datePublished":"2019-02-21T14:01:09+00:00","dateModified":"2019-02-21T14:01:51+00:00","mainEntityOfPage":{"@id":"https:\/\/biblioteca.blanes.cat\/salajove\/2019\/02\/21\/xxiv-concurs-literari-sant-jordi-2019\/"},"wordCount":94,"commentCount":0,"publisher":{"@id":"https:\/\/biblioteca.blanes.cat\/salajove\/#organization"},"image":{"@id":"https:\/\/biblioteca.blanes.cat\/salajove\/2019\/02\/21\/xxiv-concurs-literari-sant-jordi-2019\/#primaryimage"},"thumbnailUrl":"https:\/\/biblioteca.blanes.cat\/salajove\/wp-content\/uploads\/sites\/3\/2018\/01\/Premis-literaris.png","keywords":["#Bases","#Cert\u00e0men","#Concurs","#Escriptura","#Premis"],"articleSection":["Premis Literaris"],"inLanguage":"ca","potentialAction":[{"@type":"CommentAction","name":"Comment","target":["https:\/\/biblioteca.blanes.cat\/salajove\/2019\/02\/21\/xxiv-concurs-literari-sant-jordi-2019\/#respond"]}]},{"@type":"WebPage","@id":"https:\/\/biblioteca.blanes.cat\/salajove\/2019\/02\/21\/xxiv-concurs-literari-sant-jordi-2019\/","url":"https:\/\/biblioteca.blanes.cat\/salajove\/2019\/02\/21\/xxiv-concurs-literari-sant-jordi-2019\/","name":"PREMIS LITERARIS: XXIV Concurs Literari Sant Jordi 2019 - Sala Jove","isPartOf":{"@id":"https:\/\/biblioteca.blanes.cat\/salajove\/#website"},"primaryImageOfPage":{"@id":"https:\/\/biblioteca.blanes.cat\/salajove\/2019\/02\/21\/xxiv-concurs-literari-sant-jordi-2019\/#primaryimage"},"image":{"@id":"https:\/\/biblioteca.blanes.cat\/salajove\/2019\/02\/21\/xxiv-concurs-literari-sant-jordi-2019\/#primaryimage"},"thumbnailUrl":"https:\/\/biblioteca.blanes.cat\/salajove\/wp-content\/uploads\/sites\/3\/2018\/01\/Premis-literaris.png","datePublished":"2019-02-21T14:01:09+00:00","dateModified":"2019-02-21T14:01:51+00:00","description":"XXIV Concurs Literari Sant Jordi 2019 - Hi contempla diferents categories, entre d'elles la juvenil - Llagostera Sant Jordi 2019","breadcrumb":{"@id":"https:\/\/biblioteca.blanes.cat\/salajove\/2019\/02\/21\/xxiv-concurs-literari-sant-jordi-2019\/#breadcrumb"},"inLanguage":"ca","potentialAction":[{"@type":"ReadAction","target":["https:\/\/biblioteca.blanes.cat\/salajove\/2019\/02\/21\/xxiv-concurs-literari-sant-jordi-2019\/"]}]},{"@type":"ImageObject","inLanguage":"ca","@id":"https:\/\/biblioteca.blanes.cat\/salajove\/2019\/02\/21\/xxiv-concurs-literari-sant-jordi-2019\/#primaryimage","url":"https:\/\/biblioteca.blanes.cat\/salajove\/wp-content\/uploads\/sites\/3\/2018\/01\/Premis-literaris.png","contentUrl":"https:\/\/biblioteca.blanes.cat\/salajove\/wp-content\/uploads\/sites\/3\/2018\/01\/Premis-literaris.png","width":559,"height":200},{"@type":"BreadcrumbList","@id":"https:\/\/biblioteca.blanes.cat\/salajove\/2019\/02\/21\/xxiv-concurs-literari-sant-jordi-2019\/#breadcrumb","itemListElement":[{"@type":"ListItem","position":1,"name":"Inici","item":"https:\/\/biblioteca.blanes.cat\/salajove\/"},{"@type":"ListItem","position":2,"name":"PREMIS LITERARIS: XXIV Concurs Literari Sant Jordi 2019"}]},{"@type":"WebSite","@id":"https:\/\/biblioteca.blanes.cat\/salajove\/#website","url":"https:\/\/biblioteca.blanes.cat\/salajove\/","name":"Sala Jove","description":"Biblioteca Comarcal de Blanes","publisher":{"@id":"https:\/\/biblioteca.blanes.cat\/salajove\/#organization"},"potentialAction":[{"@type":"SearchAction","target":{"@type":"EntryPoint","urlTemplate":"https:\/\/biblioteca.blanes.cat\/salajove\/?s={search_term_string}"},"query-input":{"@type":"PropertyValueSpecification","valueRequired":true,"valueName":"search_term_string"}}],"inLanguage":"ca"},{"@type":"Organization","@id":"https:\/\/biblioteca.blanes.cat\/salajove\/#organization","name":"Biblioteca Comarcal de Blanes","url":"https:\/\/biblioteca.blanes.cat\/salajove\/","logo":{"@type":"ImageObject","inLanguage":"ca","@id":"https:\/\/biblioteca.blanes.cat\/salajove\/#\/schema\/logo\/image\/","url":"https:\/\/biblioteca.blanes.cat\/salajove\/wp-content\/uploads\/sites\/3\/2017\/09\/cropped-Bib-blau-e1518869380535.png","contentUrl":"https:\/\/biblioteca.blanes.cat\/salajove\/wp-content\/uploads\/sites\/3\/2017\/09\/cropped-Bib-blau-e1518869380535.png","width":166,"height":166,"caption":"Biblioteca Comarcal de Blanes"},"image":{"@id":"https:\/\/biblioteca.blanes.cat\/salajove\/#\/schema\/logo\/image\/"},"sameAs":["https:\/\/www.facebook.com\/BilbiotecaComarcaldeBlanes\/","https:\/\/x.com\/BiblioBlanes","https:\/\/www.instagram.com\/biblioblanes\/","https:\/\/www.pinterest.es\/bblanes\/","https:\/\/www.youtube.com\/c\/BibliotecaComarcalBlanes"]},{"@type":"Person","@id":"https:\/\/biblioteca.blanes.cat\/salajove\/#\/schema\/person\/5a7b46760d9dd611d098bbf571a341dc","name":"biblioblanes","image":{"@type":"ImageObject","inLanguage":"ca","@id":"https:\/\/secure.gravatar.com\/avatar\/6593ca6cc90e5a70939f51c95e8315483b9c281bafba597292bee47992030f99?s=96&d=mm&r=g","url":"https:\/\/secure.gravatar.com\/avatar\/6593ca6cc90e5a70939f51c95e8315483b9c281bafba597292bee47992030f99?s=96&d=mm&r=g","contentUrl":"https:\/\/secure.gravatar.com\/avatar\/6593ca6cc90e5a70939f51c95e8315483b9c281bafba597292bee47992030f99?s=96&d=mm&r=g","caption":"biblioblanes"},"sameAs":["http:\/\/www.bibgirona.cat\/biblioteca\/blanes","https:\/\/x.com\/biblioblanes"],"url":"https:\/\/biblioteca.blanes.cat\/salajove\/author\/biblioblanes\/"}]}},"_links":{"self":[{"href":"https:\/\/biblioteca.blanes.cat\/salajove\/wp-json\/wp\/v2\/posts\/2625","targetHints":{"allow":["GET"]}}],"collection":[{"href":"https:\/\/biblioteca.blanes.cat\/salajove\/wp-json\/wp\/v2\/posts"}],"about":[{"href":"https:\/\/biblioteca.blanes.cat\/salajove\/wp-json\/wp\/v2\/types\/post"}],"author":[{"embeddable":true,"href":"https:\/\/biblioteca.blanes.cat\/salajove\/wp-json\/wp\/v2\/users\/4"}],"replies":[{"embeddable":true,"href":"https:\/\/biblioteca.blanes.cat\/salajove\/wp-json\/wp\/v2\/comments?post=2625"}],"version-history":[{"count":3,"href":"https:\/\/biblioteca.blanes.cat\/salajove\/wp-json\/wp\/v2\/posts\/2625\/revisions"}],"predecessor-version":[{"id":2629,"href":"https:\/\/biblioteca.blanes.cat\/salajove\/wp-json\/wp\/v2\/posts\/2625\/revisions\/2629"}],"wp:featuredmedia":[{"embeddable":true,"href":"https:\/\/biblioteca.blanes.cat\/salajove\/wp-json\/wp\/v2\/media\/746"}],"wp:attachment":[{"href":"https:\/\/biblioteca.blanes.cat\/salajove\/wp-json\/wp\/v2\/media?parent=2625"}],"wp:term":[{"taxonomy":"category","embeddable":true,"href":"https:\/\/biblioteca.blanes.cat\/salajove\/wp-json\/wp\/v2\/categories?post=2625"},{"taxonomy":"post_tag","embeddable":true,"href":"https:\/\/biblioteca.blanes.cat\/salajove\/wp-json\/wp\/v2\/tags?post=2625"}],"curies":[{"name":"wp","href":"https:\/\/api.w.org\/{rel}","templated":true}]}}