{"id":2614,"date":"2019-02-06T13:45:48","date_gmt":"2019-02-06T12:45:48","guid":{"rendered":"https:\/\/biblioteca.blanes.cat\/salajove\/?p=2614"},"modified":"2019-02-07T09:51:06","modified_gmt":"2019-02-07T08:51:06","slug":"16e-concurs-de-microliteratura-joaquim-carbo","status":"publish","type":"post","link":"https:\/\/biblioteca.blanes.cat\/salajove\/2019\/02\/06\/16e-concurs-de-microliteratura-joaquim-carbo\/","title":{"rendered":"PREMIS LITERARIS: 16\u00e8 Concurs de Microliteratura Joaquim Carb\u00f3"},"content":{"rendered":"<h2 style=\"text-align: center;\">El Premi de Microliteratura de Caldes<\/h2>\n<h2 style=\"text-align: center;\">arriba a la seva setzena edici\u00f3<\/h2>\n<p style=\"text-align: justify;\">\u00a0<\/p>\n<p style=\"text-align: justify;\"><a href=\"https:\/\/biblioteca.blanes.cat\/salajove\/wp-content\/uploads\/sites\/3\/2019\/02\/concurs-microliteratura-joaquim-Carb\u00f3-2019.png\" target=\"_blank\" rel=\"noopener\"><img fetchpriority=\"high\" decoding=\"async\" class=\"alignright wp-image-2619\" src=\"https:\/\/biblioteca.blanes.cat\/salajove\/wp-content\/uploads\/sites\/3\/2019\/02\/concurs-microliteratura-joaquim-Carb\u00f3-2019-153x300.png\" alt=\"\" width=\"178\" height=\"349\" srcset=\"https:\/\/biblioteca.blanes.cat\/salajove\/wp-content\/uploads\/sites\/3\/2019\/02\/concurs-microliteratura-joaquim-Carb\u00f3-2019-153x300.png 153w, https:\/\/biblioteca.blanes.cat\/salajove\/wp-content\/uploads\/sites\/3\/2019\/02\/concurs-microliteratura-joaquim-Carb\u00f3-2019.png 402w\" sizes=\"(max-width: 178px) 100vw, 178px\" \/><\/a>El\u00a0 premi literari d&#8217;enguany el dediquen a una\u00a0 escultora nascuda a Caldes l&#8217;any 1920: Carme Raurich Saba. Han volgut recuperar la seva vida i obra, injustament oblidada.<\/p>\n<p style=\"text-align: justify;\">En aquest cert\u00e0men es demanem textos d&#8217;un m\u00e0xim de 300 paraules amb el mot clau &#8220;Roques&#8221;, que \u00e9s el carrer on va viure fins als 35 anys i que lliga molt amb el seu art. Despr\u00e9s va marxar a Argentina amb la seva fam\u00edlia i no sabem ben b\u00e9 com i on va morir. La data l\u00edmit de lliurament de textos \u00e9s el 4 d&#8217;abril.<\/p>\n<p>&nbsp;<\/p>\n<p style=\"text-align: center;\"><span style=\"text-align: center;\"><br \/>\n <a href=\"http:\/\/www.bibgirona.cat\/assets\/documents\/000\/362\/705\/Tr%C3%ADptic.pdf\" target=\"_blank\" rel=\"noopener\"> <button style=\"font-family: lato; font-size: 20px; padding: 30px; background-color: #ffcc00; color: black;\" type=\"button\">Consulteu les bases clicant aqu\u00ed<\/button><\/a><\/span><\/p>\n","protected":false},"excerpt":{"rendered":"<p>El Premi de Microliteratura de Caldes arriba a la seva setzena edici\u00f3 \u00a0 El\u00a0 premi literari d&#8217;enguany el dediquen a una\u00a0 escultora nascuda a Caldes l&#8217;any 1920: Carme Raurich Saba. Han volgut recuperar la seva vida i obra, injustament oblidada.<\/p>\n","protected":false},"author":4,"featured_media":746,"comment_status":"open","ping_status":"open","sticky":false,"template":"","format":"standard","meta":{"sfsi_plus_gutenberg_text_before_share":"","sfsi_plus_gutenberg_show_text_before_share":"","sfsi_plus_gutenberg_icon_type":"","sfsi_plus_gutenberg_icon_alignemt":"","sfsi_plus_gutenburg_max_per_row":"","footnotes":""},"categories":[36],"tags":[37,38,16,31,41],"class_list":["post-2614","post","type-post","status-publish","format-standard","has-post-thumbnail","hentry","category-premis-literaris","tag-bases","tag-certamen","tag-concurs","tag-escriptura","tag-premis"],"yoast_head":"<!-- This site is optimized with the Yoast SEO plugin v27.5 - https:\/\/yoast.com\/product\/yoast-seo-wordpress\/ -->\n<title>16\u00e8 Concurs de Microliteratura Joaquim Carb\u00f3 - Sala Jove<\/title>\n<meta name=\"description\" content=\"PREMIS LITERARIS: 16\u00e8 Concurs de Microliteratura Joaquim Carb\u00f3 - Premis Literaris Sala Jove\" \/>\n<meta name=\"robots\" content=\"index, follow, max-snippet:-1, max-image-preview:large, max-video-preview:-1\" \/>\n<link rel=\"canonical\" href=\"https:\/\/biblioteca.blanes.cat\/salajove\/2019\/02\/06\/16e-concurs-de-microliteratura-joaquim-carbo\/\" \/>\n<meta property=\"og:locale\" content=\"ca_ES\" \/>\n<meta property=\"og:type\" content=\"article\" \/>\n<meta property=\"og:title\" content=\"16\u00e8 Concurs de Microliteratura Joaquim Carb\u00f3 - Sala Jove\" \/>\n<meta property=\"og:description\" content=\"PREMIS LITERARIS: 16\u00e8 Concurs de Microliteratura Joaquim Carb\u00f3 - Premis Literaris Sala Jove\" \/>\n<meta property=\"og:url\" content=\"https:\/\/biblioteca.blanes.cat\/salajove\/2019\/02\/06\/16e-concurs-de-microliteratura-joaquim-carbo\/\" \/>\n<meta property=\"og:site_name\" content=\"Sala Jove\" \/>\n<meta property=\"article:publisher\" content=\"https:\/\/www.facebook.com\/BilbiotecaComarcaldeBlanes\/\" \/>\n<meta property=\"article:published_time\" content=\"2019-02-06T12:45:48+00:00\" \/>\n<meta property=\"article:modified_time\" content=\"2019-02-07T08:51:06+00:00\" \/>\n<meta property=\"og:image\" content=\"https:\/\/biblioteca.blanes.cat\/salajove\/wp-content\/uploads\/sites\/3\/2018\/01\/Premis-literaris.png\" \/>\n\t<meta property=\"og:image:width\" content=\"559\" \/>\n\t<meta property=\"og:image:height\" content=\"200\" \/>\n\t<meta property=\"og:image:type\" content=\"image\/png\" \/>\n<meta name=\"author\" content=\"biblioblanes\" \/>\n<meta name=\"twitter:card\" content=\"summary_large_image\" \/>\n<meta name=\"twitter:creator\" content=\"@biblioblanes\" \/>\n<meta name=\"twitter:site\" content=\"@BiblioBlanes\" \/>\n<meta name=\"twitter:label1\" content=\"Escrit per\" \/>\n\t<meta name=\"twitter:data1\" content=\"biblioblanes\" \/>\n\t<meta name=\"twitter:label2\" content=\"Temps estimat de lectura\" \/>\n\t<meta name=\"twitter:data2\" content=\"1 minut\" \/>\n<script type=\"application\/ld+json\" class=\"yoast-schema-graph\">{\"@context\":\"https:\\\/\\\/schema.org\",\"@graph\":[{\"@type\":\"Article\",\"@id\":\"https:\\\/\\\/biblioteca.blanes.cat\\\/salajove\\\/2019\\\/02\\\/06\\\/16e-concurs-de-microliteratura-joaquim-carbo\\\/#article\",\"isPartOf\":{\"@id\":\"https:\\\/\\\/biblioteca.blanes.cat\\\/salajove\\\/2019\\\/02\\\/06\\\/16e-concurs-de-microliteratura-joaquim-carbo\\\/\"},\"author\":{\"name\":\"biblioblanes\",\"@id\":\"https:\\\/\\\/biblioteca.blanes.cat\\\/salajove\\\/#\\\/schema\\\/person\\\/5a7b46760d9dd611d098bbf571a341dc\"},\"headline\":\"PREMIS LITERARIS: 16\u00e8 Concurs de Microliteratura Joaquim Carb\u00f3\",\"datePublished\":\"2019-02-06T12:45:48+00:00\",\"dateModified\":\"2019-02-07T08:51:06+00:00\",\"mainEntityOfPage\":{\"@id\":\"https:\\\/\\\/biblioteca.blanes.cat\\\/salajove\\\/2019\\\/02\\\/06\\\/16e-concurs-de-microliteratura-joaquim-carbo\\\/\"},\"wordCount\":122,\"commentCount\":1,\"publisher\":{\"@id\":\"https:\\\/\\\/biblioteca.blanes.cat\\\/salajove\\\/#organization\"},\"image\":{\"@id\":\"https:\\\/\\\/biblioteca.blanes.cat\\\/salajove\\\/2019\\\/02\\\/06\\\/16e-concurs-de-microliteratura-joaquim-carbo\\\/#primaryimage\"},\"thumbnailUrl\":\"https:\\\/\\\/biblioteca.blanes.cat\\\/salajove\\\/wp-content\\\/uploads\\\/sites\\\/3\\\/2018\\\/01\\\/Premis-literaris.png\",\"keywords\":[\"#Bases\",\"#Cert\u00e0men\",\"#Concurs\",\"#Escriptura\",\"#Premis\"],\"articleSection\":[\"Premis Literaris\"],\"inLanguage\":\"ca\",\"potentialAction\":[{\"@type\":\"CommentAction\",\"name\":\"Comment\",\"target\":[\"https:\\\/\\\/biblioteca.blanes.cat\\\/salajove\\\/2019\\\/02\\\/06\\\/16e-concurs-de-microliteratura-joaquim-carbo\\\/#respond\"]}]},{\"@type\":\"WebPage\",\"@id\":\"https:\\\/\\\/biblioteca.blanes.cat\\\/salajove\\\/2019\\\/02\\\/06\\\/16e-concurs-de-microliteratura-joaquim-carbo\\\/\",\"url\":\"https:\\\/\\\/biblioteca.blanes.cat\\\/salajove\\\/2019\\\/02\\\/06\\\/16e-concurs-de-microliteratura-joaquim-carbo\\\/\",\"name\":\"16\u00e8 Concurs de Microliteratura Joaquim Carb\u00f3 - Sala Jove\",\"isPartOf\":{\"@id\":\"https:\\\/\\\/biblioteca.blanes.cat\\\/salajove\\\/#website\"},\"primaryImageOfPage\":{\"@id\":\"https:\\\/\\\/biblioteca.blanes.cat\\\/salajove\\\/2019\\\/02\\\/06\\\/16e-concurs-de-microliteratura-joaquim-carbo\\\/#primaryimage\"},\"image\":{\"@id\":\"https:\\\/\\\/biblioteca.blanes.cat\\\/salajove\\\/2019\\\/02\\\/06\\\/16e-concurs-de-microliteratura-joaquim-carbo\\\/#primaryimage\"},\"thumbnailUrl\":\"https:\\\/\\\/biblioteca.blanes.cat\\\/salajove\\\/wp-content\\\/uploads\\\/sites\\\/3\\\/2018\\\/01\\\/Premis-literaris.png\",\"datePublished\":\"2019-02-06T12:45:48+00:00\",\"dateModified\":\"2019-02-07T08:51:06+00:00\",\"description\":\"PREMIS LITERARIS: 16\u00e8 Concurs de Microliteratura Joaquim Carb\u00f3 - Premis Literaris Sala Jove\",\"breadcrumb\":{\"@id\":\"https:\\\/\\\/biblioteca.blanes.cat\\\/salajove\\\/2019\\\/02\\\/06\\\/16e-concurs-de-microliteratura-joaquim-carbo\\\/#breadcrumb\"},\"inLanguage\":\"ca\",\"potentialAction\":[{\"@type\":\"ReadAction\",\"target\":[\"https:\\\/\\\/biblioteca.blanes.cat\\\/salajove\\\/2019\\\/02\\\/06\\\/16e-concurs-de-microliteratura-joaquim-carbo\\\/\"]}]},{\"@type\":\"ImageObject\",\"inLanguage\":\"ca\",\"@id\":\"https:\\\/\\\/biblioteca.blanes.cat\\\/salajove\\\/2019\\\/02\\\/06\\\/16e-concurs-de-microliteratura-joaquim-carbo\\\/#primaryimage\",\"url\":\"https:\\\/\\\/biblioteca.blanes.cat\\\/salajove\\\/wp-content\\\/uploads\\\/sites\\\/3\\\/2018\\\/01\\\/Premis-literaris.png\",\"contentUrl\":\"https:\\\/\\\/biblioteca.blanes.cat\\\/salajove\\\/wp-content\\\/uploads\\\/sites\\\/3\\\/2018\\\/01\\\/Premis-literaris.png\",\"width\":559,\"height\":200},{\"@type\":\"BreadcrumbList\",\"@id\":\"https:\\\/\\\/biblioteca.blanes.cat\\\/salajove\\\/2019\\\/02\\\/06\\\/16e-concurs-de-microliteratura-joaquim-carbo\\\/#breadcrumb\",\"itemListElement\":[{\"@type\":\"ListItem\",\"position\":1,\"name\":\"Inici\",\"item\":\"https:\\\/\\\/biblioteca.blanes.cat\\\/salajove\\\/\"},{\"@type\":\"ListItem\",\"position\":2,\"name\":\"PREMIS LITERARIS: 16\u00e8 Concurs de Microliteratura Joaquim Carb\u00f3\"}]},{\"@type\":\"WebSite\",\"@id\":\"https:\\\/\\\/biblioteca.blanes.cat\\\/salajove\\\/#website\",\"url\":\"https:\\\/\\\/biblioteca.blanes.cat\\\/salajove\\\/\",\"name\":\"Sala Jove\",\"description\":\"Biblioteca Comarcal de Blanes\",\"publisher\":{\"@id\":\"https:\\\/\\\/biblioteca.blanes.cat\\\/salajove\\\/#organization\"},\"potentialAction\":[{\"@type\":\"SearchAction\",\"target\":{\"@type\":\"EntryPoint\",\"urlTemplate\":\"https:\\\/\\\/biblioteca.blanes.cat\\\/salajove\\\/?s={search_term_string}\"},\"query-input\":{\"@type\":\"PropertyValueSpecification\",\"valueRequired\":true,\"valueName\":\"search_term_string\"}}],\"inLanguage\":\"ca\"},{\"@type\":\"Organization\",\"@id\":\"https:\\\/\\\/biblioteca.blanes.cat\\\/salajove\\\/#organization\",\"name\":\"Biblioteca Comarcal de Blanes\",\"url\":\"https:\\\/\\\/biblioteca.blanes.cat\\\/salajove\\\/\",\"logo\":{\"@type\":\"ImageObject\",\"inLanguage\":\"ca\",\"@id\":\"https:\\\/\\\/biblioteca.blanes.cat\\\/salajove\\\/#\\\/schema\\\/logo\\\/image\\\/\",\"url\":\"https:\\\/\\\/biblioteca.blanes.cat\\\/salajove\\\/wp-content\\\/uploads\\\/sites\\\/3\\\/2017\\\/09\\\/cropped-Bib-blau-e1518869380535.png\",\"contentUrl\":\"https:\\\/\\\/biblioteca.blanes.cat\\\/salajove\\\/wp-content\\\/uploads\\\/sites\\\/3\\\/2017\\\/09\\\/cropped-Bib-blau-e1518869380535.png\",\"width\":166,\"height\":166,\"caption\":\"Biblioteca Comarcal de Blanes\"},\"image\":{\"@id\":\"https:\\\/\\\/biblioteca.blanes.cat\\\/salajove\\\/#\\\/schema\\\/logo\\\/image\\\/\"},\"sameAs\":[\"https:\\\/\\\/www.facebook.com\\\/BilbiotecaComarcaldeBlanes\\\/\",\"https:\\\/\\\/x.com\\\/BiblioBlanes\",\"https:\\\/\\\/www.instagram.com\\\/biblioblanes\\\/\",\"https:\\\/\\\/www.pinterest.es\\\/bblanes\\\/\",\"https:\\\/\\\/www.youtube.com\\\/c\\\/BibliotecaComarcalBlanes\"]},{\"@type\":\"Person\",\"@id\":\"https:\\\/\\\/biblioteca.blanes.cat\\\/salajove\\\/#\\\/schema\\\/person\\\/5a7b46760d9dd611d098bbf571a341dc\",\"name\":\"biblioblanes\",\"image\":{\"@type\":\"ImageObject\",\"inLanguage\":\"ca\",\"@id\":\"https:\\\/\\\/secure.gravatar.com\\\/avatar\\\/6593ca6cc90e5a70939f51c95e8315483b9c281bafba597292bee47992030f99?s=96&d=mm&r=g\",\"url\":\"https:\\\/\\\/secure.gravatar.com\\\/avatar\\\/6593ca6cc90e5a70939f51c95e8315483b9c281bafba597292bee47992030f99?s=96&d=mm&r=g\",\"contentUrl\":\"https:\\\/\\\/secure.gravatar.com\\\/avatar\\\/6593ca6cc90e5a70939f51c95e8315483b9c281bafba597292bee47992030f99?s=96&d=mm&r=g\",\"caption\":\"biblioblanes\"},\"sameAs\":[\"http:\\\/\\\/www.bibgirona.cat\\\/biblioteca\\\/blanes\",\"https:\\\/\\\/x.com\\\/biblioblanes\"],\"url\":\"https:\\\/\\\/biblioteca.blanes.cat\\\/salajove\\\/author\\\/biblioblanes\\\/\"}]}<\/script>\n<!-- \/ Yoast SEO plugin. -->","yoast_head_json":{"title":"16\u00e8 Concurs de Microliteratura Joaquim Carb\u00f3 - Sala Jove","description":"PREMIS LITERARIS: 16\u00e8 Concurs de Microliteratura Joaquim Carb\u00f3 - Premis Literaris Sala Jove","robots":{"index":"index","follow":"follow","max-snippet":"max-snippet:-1","max-image-preview":"max-image-preview:large","max-video-preview":"max-video-preview:-1"},"canonical":"https:\/\/biblioteca.blanes.cat\/salajove\/2019\/02\/06\/16e-concurs-de-microliteratura-joaquim-carbo\/","og_locale":"ca_ES","og_type":"article","og_title":"16\u00e8 Concurs de Microliteratura Joaquim Carb\u00f3 - Sala Jove","og_description":"PREMIS LITERARIS: 16\u00e8 Concurs de Microliteratura Joaquim Carb\u00f3 - Premis Literaris Sala Jove","og_url":"https:\/\/biblioteca.blanes.cat\/salajove\/2019\/02\/06\/16e-concurs-de-microliteratura-joaquim-carbo\/","og_site_name":"Sala Jove","article_publisher":"https:\/\/www.facebook.com\/BilbiotecaComarcaldeBlanes\/","article_published_time":"2019-02-06T12:45:48+00:00","article_modified_time":"2019-02-07T08:51:06+00:00","og_image":[{"width":559,"height":200,"url":"https:\/\/biblioteca.blanes.cat\/salajove\/wp-content\/uploads\/sites\/3\/2018\/01\/Premis-literaris.png","type":"image\/png"}],"author":"biblioblanes","twitter_card":"summary_large_image","twitter_creator":"@biblioblanes","twitter_site":"@BiblioBlanes","twitter_misc":{"Escrit per":"biblioblanes","Temps estimat de lectura":"1 minut"},"schema":{"@context":"https:\/\/schema.org","@graph":[{"@type":"Article","@id":"https:\/\/biblioteca.blanes.cat\/salajove\/2019\/02\/06\/16e-concurs-de-microliteratura-joaquim-carbo\/#article","isPartOf":{"@id":"https:\/\/biblioteca.blanes.cat\/salajove\/2019\/02\/06\/16e-concurs-de-microliteratura-joaquim-carbo\/"},"author":{"name":"biblioblanes","@id":"https:\/\/biblioteca.blanes.cat\/salajove\/#\/schema\/person\/5a7b46760d9dd611d098bbf571a341dc"},"headline":"PREMIS LITERARIS: 16\u00e8 Concurs de Microliteratura Joaquim Carb\u00f3","datePublished":"2019-02-06T12:45:48+00:00","dateModified":"2019-02-07T08:51:06+00:00","mainEntityOfPage":{"@id":"https:\/\/biblioteca.blanes.cat\/salajove\/2019\/02\/06\/16e-concurs-de-microliteratura-joaquim-carbo\/"},"wordCount":122,"commentCount":1,"publisher":{"@id":"https:\/\/biblioteca.blanes.cat\/salajove\/#organization"},"image":{"@id":"https:\/\/biblioteca.blanes.cat\/salajove\/2019\/02\/06\/16e-concurs-de-microliteratura-joaquim-carbo\/#primaryimage"},"thumbnailUrl":"https:\/\/biblioteca.blanes.cat\/salajove\/wp-content\/uploads\/sites\/3\/2018\/01\/Premis-literaris.png","keywords":["#Bases","#Cert\u00e0men","#Concurs","#Escriptura","#Premis"],"articleSection":["Premis Literaris"],"inLanguage":"ca","potentialAction":[{"@type":"CommentAction","name":"Comment","target":["https:\/\/biblioteca.blanes.cat\/salajove\/2019\/02\/06\/16e-concurs-de-microliteratura-joaquim-carbo\/#respond"]}]},{"@type":"WebPage","@id":"https:\/\/biblioteca.blanes.cat\/salajove\/2019\/02\/06\/16e-concurs-de-microliteratura-joaquim-carbo\/","url":"https:\/\/biblioteca.blanes.cat\/salajove\/2019\/02\/06\/16e-concurs-de-microliteratura-joaquim-carbo\/","name":"16\u00e8 Concurs de Microliteratura Joaquim Carb\u00f3 - Sala Jove","isPartOf":{"@id":"https:\/\/biblioteca.blanes.cat\/salajove\/#website"},"primaryImageOfPage":{"@id":"https:\/\/biblioteca.blanes.cat\/salajove\/2019\/02\/06\/16e-concurs-de-microliteratura-joaquim-carbo\/#primaryimage"},"image":{"@id":"https:\/\/biblioteca.blanes.cat\/salajove\/2019\/02\/06\/16e-concurs-de-microliteratura-joaquim-carbo\/#primaryimage"},"thumbnailUrl":"https:\/\/biblioteca.blanes.cat\/salajove\/wp-content\/uploads\/sites\/3\/2018\/01\/Premis-literaris.png","datePublished":"2019-02-06T12:45:48+00:00","dateModified":"2019-02-07T08:51:06+00:00","description":"PREMIS LITERARIS: 16\u00e8 Concurs de Microliteratura Joaquim Carb\u00f3 - Premis Literaris Sala Jove","breadcrumb":{"@id":"https:\/\/biblioteca.blanes.cat\/salajove\/2019\/02\/06\/16e-concurs-de-microliteratura-joaquim-carbo\/#breadcrumb"},"inLanguage":"ca","potentialAction":[{"@type":"ReadAction","target":["https:\/\/biblioteca.blanes.cat\/salajove\/2019\/02\/06\/16e-concurs-de-microliteratura-joaquim-carbo\/"]}]},{"@type":"ImageObject","inLanguage":"ca","@id":"https:\/\/biblioteca.blanes.cat\/salajove\/2019\/02\/06\/16e-concurs-de-microliteratura-joaquim-carbo\/#primaryimage","url":"https:\/\/biblioteca.blanes.cat\/salajove\/wp-content\/uploads\/sites\/3\/2018\/01\/Premis-literaris.png","contentUrl":"https:\/\/biblioteca.blanes.cat\/salajove\/wp-content\/uploads\/sites\/3\/2018\/01\/Premis-literaris.png","width":559,"height":200},{"@type":"BreadcrumbList","@id":"https:\/\/biblioteca.blanes.cat\/salajove\/2019\/02\/06\/16e-concurs-de-microliteratura-joaquim-carbo\/#breadcrumb","itemListElement":[{"@type":"ListItem","position":1,"name":"Inici","item":"https:\/\/biblioteca.blanes.cat\/salajove\/"},{"@type":"ListItem","position":2,"name":"PREMIS LITERARIS: 16\u00e8 Concurs de Microliteratura Joaquim Carb\u00f3"}]},{"@type":"WebSite","@id":"https:\/\/biblioteca.blanes.cat\/salajove\/#website","url":"https:\/\/biblioteca.blanes.cat\/salajove\/","name":"Sala Jove","description":"Biblioteca Comarcal de Blanes","publisher":{"@id":"https:\/\/biblioteca.blanes.cat\/salajove\/#organization"},"potentialAction":[{"@type":"SearchAction","target":{"@type":"EntryPoint","urlTemplate":"https:\/\/biblioteca.blanes.cat\/salajove\/?s={search_term_string}"},"query-input":{"@type":"PropertyValueSpecification","valueRequired":true,"valueName":"search_term_string"}}],"inLanguage":"ca"},{"@type":"Organization","@id":"https:\/\/biblioteca.blanes.cat\/salajove\/#organization","name":"Biblioteca Comarcal de Blanes","url":"https:\/\/biblioteca.blanes.cat\/salajove\/","logo":{"@type":"ImageObject","inLanguage":"ca","@id":"https:\/\/biblioteca.blanes.cat\/salajove\/#\/schema\/logo\/image\/","url":"https:\/\/biblioteca.blanes.cat\/salajove\/wp-content\/uploads\/sites\/3\/2017\/09\/cropped-Bib-blau-e1518869380535.png","contentUrl":"https:\/\/biblioteca.blanes.cat\/salajove\/wp-content\/uploads\/sites\/3\/2017\/09\/cropped-Bib-blau-e1518869380535.png","width":166,"height":166,"caption":"Biblioteca Comarcal de Blanes"},"image":{"@id":"https:\/\/biblioteca.blanes.cat\/salajove\/#\/schema\/logo\/image\/"},"sameAs":["https:\/\/www.facebook.com\/BilbiotecaComarcaldeBlanes\/","https:\/\/x.com\/BiblioBlanes","https:\/\/www.instagram.com\/biblioblanes\/","https:\/\/www.pinterest.es\/bblanes\/","https:\/\/www.youtube.com\/c\/BibliotecaComarcalBlanes"]},{"@type":"Person","@id":"https:\/\/biblioteca.blanes.cat\/salajove\/#\/schema\/person\/5a7b46760d9dd611d098bbf571a341dc","name":"biblioblanes","image":{"@type":"ImageObject","inLanguage":"ca","@id":"https:\/\/secure.gravatar.com\/avatar\/6593ca6cc90e5a70939f51c95e8315483b9c281bafba597292bee47992030f99?s=96&d=mm&r=g","url":"https:\/\/secure.gravatar.com\/avatar\/6593ca6cc90e5a70939f51c95e8315483b9c281bafba597292bee47992030f99?s=96&d=mm&r=g","contentUrl":"https:\/\/secure.gravatar.com\/avatar\/6593ca6cc90e5a70939f51c95e8315483b9c281bafba597292bee47992030f99?s=96&d=mm&r=g","caption":"biblioblanes"},"sameAs":["http:\/\/www.bibgirona.cat\/biblioteca\/blanes","https:\/\/x.com\/biblioblanes"],"url":"https:\/\/biblioteca.blanes.cat\/salajove\/author\/biblioblanes\/"}]}},"_links":{"self":[{"href":"https:\/\/biblioteca.blanes.cat\/salajove\/wp-json\/wp\/v2\/posts\/2614","targetHints":{"allow":["GET"]}}],"collection":[{"href":"https:\/\/biblioteca.blanes.cat\/salajove\/wp-json\/wp\/v2\/posts"}],"about":[{"href":"https:\/\/biblioteca.blanes.cat\/salajove\/wp-json\/wp\/v2\/types\/post"}],"author":[{"embeddable":true,"href":"https:\/\/biblioteca.blanes.cat\/salajove\/wp-json\/wp\/v2\/users\/4"}],"replies":[{"embeddable":true,"href":"https:\/\/biblioteca.blanes.cat\/salajove\/wp-json\/wp\/v2\/comments?post=2614"}],"version-history":[{"count":7,"href":"https:\/\/biblioteca.blanes.cat\/salajove\/wp-json\/wp\/v2\/posts\/2614\/revisions"}],"predecessor-version":[{"id":2622,"href":"https:\/\/biblioteca.blanes.cat\/salajove\/wp-json\/wp\/v2\/posts\/2614\/revisions\/2622"}],"wp:featuredmedia":[{"embeddable":true,"href":"https:\/\/biblioteca.blanes.cat\/salajove\/wp-json\/wp\/v2\/media\/746"}],"wp:attachment":[{"href":"https:\/\/biblioteca.blanes.cat\/salajove\/wp-json\/wp\/v2\/media?parent=2614"}],"wp:term":[{"taxonomy":"category","embeddable":true,"href":"https:\/\/biblioteca.blanes.cat\/salajove\/wp-json\/wp\/v2\/categories?post=2614"},{"taxonomy":"post_tag","embeddable":true,"href":"https:\/\/biblioteca.blanes.cat\/salajove\/wp-json\/wp\/v2\/tags?post=2614"}],"curies":[{"name":"wp","href":"https:\/\/api.w.org\/{rel}","templated":true}]}}