{"id":2530,"date":"2019-02-01T10:35:48","date_gmt":"2019-02-01T09:35:48","guid":{"rendered":"https:\/\/biblioteca.blanes.cat\/salajove\/?p=2530"},"modified":"2019-02-02T11:04:00","modified_gmt":"2019-02-02T10:04:00","slug":"biblioteca-jove-blanes-novetats-febrer-2018","status":"publish","type":"post","link":"https:\/\/biblioteca.blanes.cat\/salajove\/2019\/02\/01\/biblioteca-jove-blanes-novetats-febrer-2018\/","title":{"rendered":"NOVETATS: Febrer 2019"},"content":{"rendered":"<h2 style=\"text-align: center;\">Biblioteca Jove Blanes &#8211; Novetats febrer 2018<\/h2>\n<p>&nbsp;<\/p>\n<p style=\"text-align: justify;\">Ja tenim aqu\u00ed les Novetats juvenils del mes de febrer que trobareu a la Sala Jove de la Biblioteca Comarcal de Blanes ja estan disponibles. En primer lloc trobareu les novel\u00b7les. <!--more-->Tamb\u00e9 hi trobareu les novetats en mat\u00e8ries i centres d&#8217;inter\u00e8s. Finalment hi trobareu les noves pel\u00b7l\u00edcules disponibles a la Sala Jove.<\/p>\n<p>&nbsp;<\/p>\n<h2 style=\"background-color: #ff0066;\">Novel.la Juvenil:<\/h2>\n<div id='gallery-1' class='gallery galleryid-2530 gallery-columns-5 gallery-size-medium'><figure class='gallery-item'>\n\t\t\t<div class='gallery-icon portrait'>\n\t\t\t\t<img fetchpriority=\"high\" decoding=\"async\" width=\"213\" height=\"300\" src=\"https:\/\/biblioteca.blanes.cat\/salajove\/wp-content\/uploads\/sites\/3\/2019\/02\/El-codi-indesxifrable-213x300.jpg\" class=\"attachment-medium size-medium\" alt=\"\" aria-describedby=\"gallery-1-2534\" srcset=\"https:\/\/biblioteca.blanes.cat\/salajove\/wp-content\/uploads\/sites\/3\/2019\/02\/El-codi-indesxifrable-213x300.jpg 213w, https:\/\/biblioteca.blanes.cat\/salajove\/wp-content\/uploads\/sites\/3\/2019\/02\/El-codi-indesxifrable.jpg 252w\" sizes=\"(max-width: 213px) 100vw, 213px\" \/>\n\t\t\t<\/div>\n\t\t\t\t<figcaption class='wp-caption-text gallery-caption' id='gallery-1-2534'>\n\t\t\t\t<a href=\"http:\/\/elmeuargus.biblioteques.gencat.cat\/record=b1977309~S38*catt\" target=\"_blank\" rel=\"noopener\">JN BER<\/a>\n\t\t\t\t<\/figcaption><\/figure><figure class='gallery-item'>\n\t\t\t<div class='gallery-icon portrait'>\n\t\t\t\t<img decoding=\"async\" width=\"197\" height=\"300\" src=\"https:\/\/biblioteca.blanes.cat\/salajove\/wp-content\/uploads\/sites\/3\/2019\/02\/Diari-duna-girl-197x300.jpg\" class=\"attachment-medium size-medium\" alt=\"\" aria-describedby=\"gallery-1-2532\" srcset=\"https:\/\/biblioteca.blanes.cat\/salajove\/wp-content\/uploads\/sites\/3\/2019\/02\/Diari-duna-girl-197x300.jpg 197w, https:\/\/biblioteca.blanes.cat\/salajove\/wp-content\/uploads\/sites\/3\/2019\/02\/Diari-duna-girl-768x1169.jpg 768w, https:\/\/biblioteca.blanes.cat\/salajove\/wp-content\/uploads\/sites\/3\/2019\/02\/Diari-duna-girl-673x1024.jpg 673w, https:\/\/biblioteca.blanes.cat\/salajove\/wp-content\/uploads\/sites\/3\/2019\/02\/Diari-duna-girl.jpg 2000w\" sizes=\"(max-width: 197px) 100vw, 197px\" \/>\n\t\t\t<\/div>\n\t\t\t\t<figcaption class='wp-caption-text gallery-caption' id='gallery-1-2532'>\n\t\t\t\t<a href=\"http:\/\/elmeuargus.biblioteques.gencat.cat\/record=b1995556~S38*cat\" target=\"_blank\" rel=\"noopener\">JN BIR<\/a>\n\t\t\t\t<\/figcaption><\/figure><figure class='gallery-item'>\n\t\t\t<div class='gallery-icon portrait'>\n\t\t\t\t<img decoding=\"async\" width=\"227\" height=\"300\" src=\"https:\/\/biblioteca.blanes.cat\/salajove\/wp-content\/uploads\/sites\/3\/2019\/02\/Supersaurs-227x300.jpg\" class=\"attachment-medium size-medium\" alt=\"\" aria-describedby=\"gallery-1-2548\" srcset=\"https:\/\/biblioteca.blanes.cat\/salajove\/wp-content\/uploads\/sites\/3\/2019\/02\/Supersaurs-227x300.jpg 227w, https:\/\/biblioteca.blanes.cat\/salajove\/wp-content\/uploads\/sites\/3\/2019\/02\/Supersaurs-768x1016.jpg 768w, https:\/\/biblioteca.blanes.cat\/salajove\/wp-content\/uploads\/sites\/3\/2019\/02\/Supersaurs-774x1024.jpg 774w\" sizes=\"(max-width: 227px) 100vw, 227px\" \/>\n\t\t\t<\/div>\n\t\t\t\t<figcaption class='wp-caption-text gallery-caption' id='gallery-1-2548'>\n\t\t\t\t<a href=\"http:\/\/elmeuargus.biblioteques.gencat.cat\/record=b1995281~S38*catt\" target=\"_blank\" rel=\"noopener\">JN BUR<\/a>\n\t\t\t\t<\/figcaption><\/figure><figure class='gallery-item'>\n\t\t\t<div class='gallery-icon portrait'>\n\t\t\t\t<img loading=\"lazy\" decoding=\"async\" width=\"192\" height=\"300\" src=\"https:\/\/biblioteca.blanes.cat\/salajove\/wp-content\/uploads\/sites\/3\/2019\/02\/P\u00e1jaro-azul-192x300.jpg\" class=\"attachment-medium size-medium\" alt=\"\" aria-describedby=\"gallery-1-2546\" srcset=\"https:\/\/biblioteca.blanes.cat\/salajove\/wp-content\/uploads\/sites\/3\/2019\/02\/P\u00e1jaro-azul-192x300.jpg 192w, https:\/\/biblioteca.blanes.cat\/salajove\/wp-content\/uploads\/sites\/3\/2019\/02\/P\u00e1jaro-azul-768x1203.jpg 768w, https:\/\/biblioteca.blanes.cat\/salajove\/wp-content\/uploads\/sites\/3\/2019\/02\/P\u00e1jaro-azul-654x1024.jpg 654w, https:\/\/biblioteca.blanes.cat\/salajove\/wp-content\/uploads\/sites\/3\/2019\/02\/P\u00e1jaro-azul.jpg 1915w\" sizes=\"(max-width: 192px) 100vw, 192px\" \/>\n\t\t\t<\/div>\n\t\t\t\t<figcaption class='wp-caption-text gallery-caption' id='gallery-1-2546'>\n\t\t\t\t<a href=\"http:\/\/elmeuargus.biblioteques.gencat.cat\/record=b1997982~S38*catt\" target=\"_blank\" rel=\"noopener\">JN COR<\/a>\n\t\t\t\t<\/figcaption><\/figure><figure class='gallery-item'>\n\t\t\t<div class='gallery-icon portrait'>\n\t\t\t\t<img loading=\"lazy\" decoding=\"async\" width=\"208\" height=\"300\" src=\"https:\/\/biblioteca.blanes.cat\/salajove\/wp-content\/uploads\/sites\/3\/2019\/02\/Un-batec-alhora-208x300.jpg\" class=\"attachment-medium size-medium\" alt=\"\" aria-describedby=\"gallery-1-2550\" srcset=\"https:\/\/biblioteca.blanes.cat\/salajove\/wp-content\/uploads\/sites\/3\/2019\/02\/Un-batec-alhora-208x300.jpg 208w, https:\/\/biblioteca.blanes.cat\/salajove\/wp-content\/uploads\/sites\/3\/2019\/02\/Un-batec-alhora-768x1108.jpg 768w, https:\/\/biblioteca.blanes.cat\/salajove\/wp-content\/uploads\/sites\/3\/2019\/02\/Un-batec-alhora-710x1024.jpg 710w, https:\/\/biblioteca.blanes.cat\/salajove\/wp-content\/uploads\/sites\/3\/2019\/02\/Un-batec-alhora.jpg 1686w\" sizes=\"(max-width: 208px) 100vw, 208px\" \/>\n\t\t\t<\/div>\n\t\t\t\t<figcaption class='wp-caption-text gallery-caption' id='gallery-1-2550'>\n\t\t\t\t<a href=\"http:\/\/elmeuargus.biblioteques.gencat.cat\/record=b1982347~S38*cat\" target=\"_blank\" rel=\"noopener\">JN CRE<\/a>\n\t\t\t\t<\/figcaption><\/figure><figure class='gallery-item'>\n\t\t\t<div class='gallery-icon portrait'>\n\t\t\t\t<img loading=\"lazy\" decoding=\"async\" width=\"202\" height=\"300\" src=\"https:\/\/biblioteca.blanes.cat\/salajove\/wp-content\/uploads\/sites\/3\/2019\/02\/Boy-relatos-de-la-infancia-202x300.jpg\" class=\"attachment-medium size-medium\" alt=\"\" aria-describedby=\"gallery-1-2531\" srcset=\"https:\/\/biblioteca.blanes.cat\/salajove\/wp-content\/uploads\/sites\/3\/2019\/02\/Boy-relatos-de-la-infancia-202x300.jpg 202w, https:\/\/biblioteca.blanes.cat\/salajove\/wp-content\/uploads\/sites\/3\/2019\/02\/Boy-relatos-de-la-infancia-768x1138.jpg 768w, https:\/\/biblioteca.blanes.cat\/salajove\/wp-content\/uploads\/sites\/3\/2019\/02\/Boy-relatos-de-la-infancia-691x1024.jpg 691w, https:\/\/biblioteca.blanes.cat\/salajove\/wp-content\/uploads\/sites\/3\/2019\/02\/Boy-relatos-de-la-infancia.jpg 1500w\" sizes=\"(max-width: 202px) 100vw, 202px\" \/>\n\t\t\t<\/div>\n\t\t\t\t<figcaption class='wp-caption-text gallery-caption' id='gallery-1-2531'>\n\t\t\t\t<a href=\"http:\/\/elmeuargus.biblioteques.gencat.cat\/record=b1963474~S38*catt\" target=\"_blank\" rel=\"noopener\">JN DAH<\/a>\n\t\t\t\t<\/figcaption><\/figure><figure class='gallery-item'>\n\t\t\t<div class='gallery-icon portrait'>\n\t\t\t\t<img loading=\"lazy\" decoding=\"async\" width=\"200\" height=\"300\" src=\"https:\/\/biblioteca.blanes.cat\/salajove\/wp-content\/uploads\/sites\/3\/2019\/02\/El-Gos-dels-Baskerville-200x300.gif\" class=\"attachment-medium size-medium\" alt=\"\" aria-describedby=\"gallery-1-2535\" \/>\n\t\t\t<\/div>\n\t\t\t\t<figcaption class='wp-caption-text gallery-caption' id='gallery-1-2535'>\n\t\t\t\t<a href=\"http:\/\/elmeuargus.biblioteques.gencat.cat\/record=b1997533~S38*catt\" target=\"_blank\" rel=\"noopener\">JN DOY<\/a>\n\t\t\t\t<\/figcaption><\/figure><figure class='gallery-item'>\n\t\t\t<div class='gallery-icon portrait'>\n\t\t\t\t<img loading=\"lazy\" decoding=\"async\" width=\"181\" height=\"278\" src=\"https:\/\/biblioteca.blanes.cat\/salajove\/wp-content\/uploads\/sites\/3\/2019\/02\/Maldita-f\u00edsica.jpg\" class=\"attachment-medium size-medium\" alt=\"\" aria-describedby=\"gallery-1-2542\" \/>\n\t\t\t<\/div>\n\t\t\t\t<figcaption class='wp-caption-text gallery-caption' id='gallery-1-2542'>\n\t\t\t\t<a href=\"http:\/\/elmeuargus.biblioteques.gencat.cat\/record=b1993907~S38*cat\" target=\"_blank\" rel=\"noopener\">JN FRA<\/a>\n\t\t\t\t<\/figcaption><\/figure><figure class='gallery-item'>\n\t\t\t<div class='gallery-icon portrait'>\n\t\t\t\t<img loading=\"lazy\" decoding=\"async\" width=\"198\" height=\"300\" src=\"https:\/\/biblioteca.blanes.cat\/salajove\/wp-content\/uploads\/sites\/3\/2019\/02\/La-Noia-de-la-caravana-198x300.jpg\" class=\"attachment-medium size-medium\" alt=\"\" aria-describedby=\"gallery-1-2539\" srcset=\"https:\/\/biblioteca.blanes.cat\/salajove\/wp-content\/uploads\/sites\/3\/2019\/02\/La-Noia-de-la-caravana-198x300.jpg 198w, https:\/\/biblioteca.blanes.cat\/salajove\/wp-content\/uploads\/sites\/3\/2019\/02\/La-Noia-de-la-caravana.jpg 252w\" sizes=\"(max-width: 198px) 100vw, 198px\" \/>\n\t\t\t<\/div>\n\t\t\t\t<figcaption class='wp-caption-text gallery-caption' id='gallery-1-2539'>\n\t\t\t\t<a href=\"http:\/\/elmeuargus.biblioteques.gencat.cat\/record=b1965907~S38*cat\" target=\"_blank\" rel=\"noopener\">JN GUA<\/a>\n\t\t\t\t<\/figcaption><\/figure><figure class='gallery-item'>\n\t\t\t<div class='gallery-icon portrait'>\n\t\t\t\t<img loading=\"lazy\" decoding=\"async\" width=\"195\" height=\"300\" src=\"https:\/\/biblioteca.blanes.cat\/salajove\/wp-content\/uploads\/sites\/3\/2019\/02\/Regreso-a-Barcelona-195x300.jpg\" class=\"attachment-medium size-medium\" alt=\"\" aria-describedby=\"gallery-1-2547\" srcset=\"https:\/\/biblioteca.blanes.cat\/salajove\/wp-content\/uploads\/sites\/3\/2019\/02\/Regreso-a-Barcelona-195x300.jpg 195w, https:\/\/biblioteca.blanes.cat\/salajove\/wp-content\/uploads\/sites\/3\/2019\/02\/Regreso-a-Barcelona.jpg 324w\" sizes=\"(max-width: 195px) 100vw, 195px\" \/>\n\t\t\t<\/div>\n\t\t\t\t<figcaption class='wp-caption-text gallery-caption' id='gallery-1-2547'>\n\t\t\t\t<a href=\"http:\/\/elmeuargus.biblioteques.gencat.cat\/record=b1986579~S38*cat\" target=\"_blank\" rel=\"noopener\">JN MAT<\/a>\n\t\t\t\t<\/figcaption><\/figure><figure class='gallery-item'>\n\t\t\t<div class='gallery-icon portrait'>\n\t\t\t\t<img loading=\"lazy\" decoding=\"async\" width=\"182\" height=\"277\" src=\"https:\/\/biblioteca.blanes.cat\/salajove\/wp-content\/uploads\/sites\/3\/2019\/02\/Emily-lejos-de-casa.jpg\" class=\"attachment-medium size-medium\" alt=\"\" aria-describedby=\"gallery-1-2537\" \/>\n\t\t\t<\/div>\n\t\t\t\t<figcaption class='wp-caption-text gallery-caption' id='gallery-1-2537'>\n\t\t\t\t<a href=\"http:\/\/elmeuargus.biblioteques.gencat.cat\/record=b1995574~S38*catt\" target=\"_blank\" rel=\"noopener\">JN MON<\/a>\n\t\t\t\t<\/figcaption><\/figure><figure class='gallery-item'>\n\t\t\t<div class='gallery-icon portrait'>\n\t\t\t\t<img loading=\"lazy\" decoding=\"async\" width=\"233\" height=\"300\" src=\"https:\/\/biblioteca.blanes.cat\/salajove\/wp-content\/uploads\/sites\/3\/2019\/02\/La-tinta-de-mis-ojos-233x300.jpg\" class=\"attachment-medium size-medium\" alt=\"\" aria-describedby=\"gallery-1-2540\" srcset=\"https:\/\/biblioteca.blanes.cat\/salajove\/wp-content\/uploads\/sites\/3\/2019\/02\/La-tinta-de-mis-ojos-233x300.jpg 233w, https:\/\/biblioteca.blanes.cat\/salajove\/wp-content\/uploads\/sites\/3\/2019\/02\/La-tinta-de-mis-ojos-768x990.jpg 768w, https:\/\/biblioteca.blanes.cat\/salajove\/wp-content\/uploads\/sites\/3\/2019\/02\/La-tinta-de-mis-ojos-794x1024.jpg 794w, https:\/\/biblioteca.blanes.cat\/salajove\/wp-content\/uploads\/sites\/3\/2019\/02\/La-tinta-de-mis-ojos.jpg 2000w\" sizes=\"(max-width: 233px) 100vw, 233px\" \/>\n\t\t\t<\/div>\n\t\t\t\t<figcaption class='wp-caption-text gallery-caption' id='gallery-1-2540'>\n\t\t\t\t<a href=\"http:\/\/elmeuargus.biblioteques.gencat.cat\/record=b1995122~S38*catt\" target=\"_blank\" rel=\"noopener\">JN OCA<\/a>\n\t\t\t\t<\/figcaption><\/figure><figure class='gallery-item'>\n\t\t\t<div class='gallery-icon portrait'>\n\t\t\t\t<img loading=\"lazy\" decoding=\"async\" width=\"209\" height=\"300\" src=\"https:\/\/biblioteca.blanes.cat\/salajove\/wp-content\/uploads\/sites\/3\/2019\/02\/Tina-Frankens-209x300.jpg\" class=\"attachment-medium size-medium\" alt=\"\" aria-describedby=\"gallery-1-2549\" srcset=\"https:\/\/biblioteca.blanes.cat\/salajove\/wp-content\/uploads\/sites\/3\/2019\/02\/Tina-Frankens-209x300.jpg 209w, https:\/\/biblioteca.blanes.cat\/salajove\/wp-content\/uploads\/sites\/3\/2019\/02\/Tina-Frankens.jpg 252w\" sizes=\"(max-width: 209px) 100vw, 209px\" \/>\n\t\t\t<\/div>\n\t\t\t\t<figcaption class='wp-caption-text gallery-caption' id='gallery-1-2549'>\n\t\t\t\t<a href=\"http:\/\/elmeuargus.biblioteques.gencat.cat\/record=b1990650~S38*cat\" target=\"_blank\" rel=\"noopener\">JN OLI<\/a>\n\t\t\t\t<\/figcaption><\/figure><figure class='gallery-item'>\n\t\t\t<div class='gallery-icon portrait'>\n\t\t\t\t<img loading=\"lazy\" decoding=\"async\" width=\"180\" height=\"280\" src=\"https:\/\/biblioteca.blanes.cat\/salajove\/wp-content\/uploads\/sites\/3\/2019\/02\/El-caballo-de-Lord-Byron.jpg\" class=\"attachment-medium size-medium\" alt=\"\" aria-describedby=\"gallery-1-2533\" \/>\n\t\t\t<\/div>\n\t\t\t\t<figcaption class='wp-caption-text gallery-caption' id='gallery-1-2533'>\n\t\t\t\t<a href=\"http:\/\/elmeuargus.biblioteques.gencat.cat\/record=b1998141~S38*catt\" target=\"_blank\" rel=\"noopener\">JN PER<\/a>\n\t\t\t\t<\/figcaption><\/figure><figure class='gallery-item'>\n\t\t\t<div class='gallery-icon portrait'>\n\t\t\t\t<img loading=\"lazy\" decoding=\"async\" width=\"194\" height=\"300\" src=\"https:\/\/biblioteca.blanes.cat\/salajove\/wp-content\/uploads\/sites\/3\/2019\/02\/El-tablero-del-fin-del-mundo-194x300.jpg\" class=\"attachment-medium size-medium\" alt=\"\" aria-describedby=\"gallery-1-2536\" srcset=\"https:\/\/biblioteca.blanes.cat\/salajove\/wp-content\/uploads\/sites\/3\/2019\/02\/El-tablero-del-fin-del-mundo-194x300.jpg 194w, https:\/\/biblioteca.blanes.cat\/salajove\/wp-content\/uploads\/sites\/3\/2019\/02\/El-tablero-del-fin-del-mundo-768x1188.jpg 768w, https:\/\/biblioteca.blanes.cat\/salajove\/wp-content\/uploads\/sites\/3\/2019\/02\/El-tablero-del-fin-del-mundo-662x1024.jpg 662w, https:\/\/biblioteca.blanes.cat\/salajove\/wp-content\/uploads\/sites\/3\/2019\/02\/El-tablero-del-fin-del-mundo.jpg 1200w\" sizes=\"(max-width: 194px) 100vw, 194px\" \/>\n\t\t\t<\/div>\n\t\t\t\t<figcaption class='wp-caption-text gallery-caption' id='gallery-1-2536'>\n\t\t\t\t<a href=\"http:\/\/elmeuargus.biblioteques.gencat.cat\/record=b1958330~S38*cat\" target=\"_blank\" rel=\"noopener\">JN PLA<\/a>\n\t\t\t\t<\/figcaption><\/figure><figure class='gallery-item'>\n\t\t\t<div class='gallery-icon portrait'>\n\t\t\t\t<img loading=\"lazy\" decoding=\"async\" width=\"211\" height=\"300\" src=\"https:\/\/biblioteca.blanes.cat\/salajove\/wp-content\/uploads\/sites\/3\/2019\/02\/New-York-academy-211x300.jpg\" class=\"attachment-medium size-medium\" alt=\"\" aria-describedby=\"gallery-1-2545\" srcset=\"https:\/\/biblioteca.blanes.cat\/salajove\/wp-content\/uploads\/sites\/3\/2019\/02\/New-York-academy-211x300.jpg 211w, https:\/\/biblioteca.blanes.cat\/salajove\/wp-content\/uploads\/sites\/3\/2019\/02\/New-York-academy.jpg 270w\" sizes=\"(max-width: 211px) 100vw, 211px\" \/>\n\t\t\t<\/div>\n\t\t\t\t<figcaption class='wp-caption-text gallery-caption' id='gallery-1-2545'>\n\t\t\t\t<a href=\"http:\/\/elmeuargus.biblioteques.gencat.cat\/record=b1982033~S38*catt\" target=\"_blank\" rel=\"noopener\">JN PUN<\/a>\n\t\t\t\t<\/figcaption><\/figure><figure class='gallery-item'>\n\t\t\t<div class='gallery-icon portrait'>\n\t\t\t\t<img loading=\"lazy\" decoding=\"async\" width=\"209\" height=\"300\" src=\"https:\/\/biblioteca.blanes.cat\/salajove\/wp-content\/uploads\/sites\/3\/2019\/02\/Los-secretos-de-alexia-209x300.jpg\" class=\"attachment-medium size-medium\" alt=\"\" aria-describedby=\"gallery-1-2541\" srcset=\"https:\/\/biblioteca.blanes.cat\/salajove\/wp-content\/uploads\/sites\/3\/2019\/02\/Los-secretos-de-alexia-209x300.jpg 209w, https:\/\/biblioteca.blanes.cat\/salajove\/wp-content\/uploads\/sites\/3\/2019\/02\/Los-secretos-de-alexia-768x1101.jpg 768w, https:\/\/biblioteca.blanes.cat\/salajove\/wp-content\/uploads\/sites\/3\/2019\/02\/Los-secretos-de-alexia-715x1024.jpg 715w, https:\/\/biblioteca.blanes.cat\/salajove\/wp-content\/uploads\/sites\/3\/2019\/02\/Los-secretos-de-alexia.jpg 2000w\" sizes=\"(max-width: 209px) 100vw, 209px\" \/>\n\t\t\t<\/div>\n\t\t\t\t<figcaption class='wp-caption-text gallery-caption' id='gallery-1-2541'>\n\t\t\t\t<a href=\"http:\/\/elmeuargus.biblioteques.gencat.cat\/record=b1996026~S38*cat\" target=\"_blank\" rel=\"noopener\">JN RUB<\/a>\n\t\t\t\t<\/figcaption><\/figure><figure class='gallery-item'>\n\t\t\t<div class='gallery-icon portrait'>\n\t\t\t\t<img loading=\"lazy\" decoding=\"async\" width=\"173\" height=\"300\" src=\"https:\/\/biblioteca.blanes.cat\/salajove\/wp-content\/uploads\/sites\/3\/2019\/02\/50-COSES-SOBRE-MI-173x300.jpg\" class=\"attachment-medium size-medium\" alt=\"\" aria-describedby=\"gallery-1-2551\" srcset=\"https:\/\/biblioteca.blanes.cat\/salajove\/wp-content\/uploads\/sites\/3\/2019\/02\/50-COSES-SOBRE-MI-173x300.jpg 173w, https:\/\/biblioteca.blanes.cat\/salajove\/wp-content\/uploads\/sites\/3\/2019\/02\/50-COSES-SOBRE-MI.jpg 768w, https:\/\/biblioteca.blanes.cat\/salajove\/wp-content\/uploads\/sites\/3\/2019\/02\/50-COSES-SOBRE-MI-592x1024.jpg 592w\" sizes=\"(max-width: 173px) 100vw, 173px\" \/>\n\t\t\t<\/div>\n\t\t\t\t<figcaption class='wp-caption-text gallery-caption' id='gallery-1-2551'>\n\t\t\t\t<a href=\"http:\/\/elmeuargus.biblioteques.gencat.cat\/record=b1979155~S38*cat\" target=\"_blank\" rel=\"noopener\">JN SAN<\/a>\n\t\t\t\t<\/figcaption><\/figure><figure class='gallery-item'>\n\t\t\t<div class='gallery-icon portrait'>\n\t\t\t\t<img loading=\"lazy\" decoding=\"async\" width=\"181\" height=\"278\" src=\"https:\/\/biblioteca.blanes.cat\/salajove\/wp-content\/uploads\/sites\/3\/2019\/02\/Estels-fuga\u00e7os.jpg\" class=\"attachment-medium size-medium\" alt=\"\" aria-describedby=\"gallery-1-2538\" \/>\n\t\t\t<\/div>\n\t\t\t\t<figcaption class='wp-caption-text gallery-caption' id='gallery-1-2538'>\n\t\t\t\t<a href=\"http:\/\/elmeuargus.biblioteques.gencat.cat\/record=b1992692~S38*catt\" target=\"_blank\" rel=\"noopener\">JN TOD<\/a>\n\t\t\t\t<\/figcaption><\/figure><figure class='gallery-item'>\n\t\t\t<div class='gallery-icon portrait'>\n\t\t\t\t<img loading=\"lazy\" decoding=\"async\" width=\"186\" height=\"300\" src=\"https:\/\/biblioteca.blanes.cat\/salajove\/wp-content\/uploads\/sites\/3\/2019\/02\/Mary-Poppins-186x300.jpg\" class=\"attachment-medium size-medium\" alt=\"\" aria-describedby=\"gallery-1-2543\" srcset=\"https:\/\/biblioteca.blanes.cat\/salajove\/wp-content\/uploads\/sites\/3\/2019\/02\/Mary-Poppins-186x300.jpg 186w, https:\/\/biblioteca.blanes.cat\/salajove\/wp-content\/uploads\/sites\/3\/2019\/02\/Mary-Poppins-633x1024.jpg 633w, https:\/\/biblioteca.blanes.cat\/salajove\/wp-content\/uploads\/sites\/3\/2019\/02\/Mary-Poppins.jpg 742w\" sizes=\"(max-width: 186px) 100vw, 186px\" \/>\n\t\t\t<\/div>\n\t\t\t\t<figcaption class='wp-caption-text gallery-caption' id='gallery-1-2543'>\n\t\t\t\t<a href=\"http:\/\/elmeuargus.biblioteques.gencat.cat\/record=b1951858~S38*cat\" target=\"_blank\" rel=\"noopener\">JN TRA<\/a>\n\t\t\t\t<\/figcaption><\/figure><figure class='gallery-item'>\n\t\t\t<div class='gallery-icon portrait'>\n\t\t\t\t<img loading=\"lazy\" decoding=\"async\" width=\"197\" height=\"300\" src=\"https:\/\/biblioteca.blanes.cat\/salajove\/wp-content\/uploads\/sites\/3\/2019\/02\/Moby-Dick-197x300.jpg\" class=\"attachment-medium size-medium\" alt=\"\" aria-describedby=\"gallery-1-2544\" srcset=\"https:\/\/biblioteca.blanes.cat\/salajove\/wp-content\/uploads\/sites\/3\/2019\/02\/Moby-Dick-197x300.jpg 197w, https:\/\/biblioteca.blanes.cat\/salajove\/wp-content\/uploads\/sites\/3\/2019\/02\/Moby-Dick-768x1169.jpg 768w, https:\/\/biblioteca.blanes.cat\/salajove\/wp-content\/uploads\/sites\/3\/2019\/02\/Moby-Dick-673x1024.jpg 673w, https:\/\/biblioteca.blanes.cat\/salajove\/wp-content\/uploads\/sites\/3\/2019\/02\/Moby-Dick.jpg 882w\" sizes=\"(max-width: 197px) 100vw, 197px\" \/>\n\t\t\t<\/div>\n\t\t\t\t<figcaption class='wp-caption-text gallery-caption' id='gallery-1-2544'>\n\t\t\t\t<a href=\"http:\/\/elmeuargus.biblioteques.gencat.cat\/record=b2003160~S38*catt\" target=\"_blank\" rel=\"noopener\">MAR JN<\/a>\n\t\t\t\t<\/figcaption><\/figure>\n\t\t<\/div>\n\n<p>&nbsp;<\/p>\n<h2 style=\"background-color: #99cc00;\">Centres d&#8217;Inter\u00e8s:<\/h2>\n<div id='gallery-2' class='gallery galleryid-2530 gallery-columns-5 gallery-size-medium'><figure class='gallery-item'>\n\t\t\t<div class='gallery-icon portrait'>\n\t\t\t\t<img loading=\"lazy\" decoding=\"async\" width=\"205\" height=\"245\" src=\"https:\/\/biblioteca.blanes.cat\/salajove\/wp-content\/uploads\/sites\/3\/2019\/02\/Mujeres-en-el-deporte.jpg\" class=\"attachment-medium size-medium\" alt=\"\" aria-describedby=\"gallery-2-2561\" \/>\n\t\t\t<\/div>\n\t\t\t\t<figcaption class='wp-caption-text gallery-caption' id='gallery-2-2561'>\n\t\t\t\t<a href=\"http:\/\/elmeuargus.biblioteques.gencat.cat\/record=b2001860~S38*cat\" target=\"_blank\" rel=\"noopener\">J B<\/a>\n\t\t\t\t<\/figcaption><\/figure><figure class='gallery-item'>\n\t\t\t<div class='gallery-icon portrait'>\n\t\t\t\t<img loading=\"lazy\" decoding=\"async\" width=\"246\" height=\"300\" src=\"https:\/\/biblioteca.blanes.cat\/salajove\/wp-content\/uploads\/sites\/3\/2019\/02\/La-gran-historia-de-los-video-juegos-246x300.jpg\" class=\"attachment-medium size-medium\" alt=\"\" aria-describedby=\"gallery-2-2560\" srcset=\"https:\/\/biblioteca.blanes.cat\/salajove\/wp-content\/uploads\/sites\/3\/2019\/02\/La-gran-historia-de-los-video-juegos-246x300.jpg 246w, https:\/\/biblioteca.blanes.cat\/salajove\/wp-content\/uploads\/sites\/3\/2019\/02\/La-gran-historia-de-los-video-juegos.jpg 629w\" sizes=\"(max-width: 246px) 100vw, 246px\" \/>\n\t\t\t<\/div>\n\t\t\t\t<figcaption class='wp-caption-text gallery-caption' id='gallery-2-2560'>\n\t\t\t\t<a href=\"http:\/\/elmeuargus.biblioteques.gencat.cat\/record=b1934235~S38*cat\" target=\"_blank\" rel=\"noopener\">J INFORM\u00c0TICA KEN<\/a>\n\t\t\t\t<\/figcaption><\/figure><figure class='gallery-item'>\n\t\t\t<div class='gallery-icon portrait'>\n\t\t\t\t<img loading=\"lazy\" decoding=\"async\" width=\"225\" height=\"300\" src=\"https:\/\/biblioteca.blanes.cat\/salajove\/wp-content\/uploads\/sites\/3\/2019\/02\/El-botones-de-verde-caqui-225x300.jpg\" class=\"attachment-medium size-medium\" alt=\"\" aria-describedby=\"gallery-2-2555\" srcset=\"https:\/\/biblioteca.blanes.cat\/salajove\/wp-content\/uploads\/sites\/3\/2019\/02\/El-botones-de-verde-caqui-225x300.jpg 225w, https:\/\/biblioteca.blanes.cat\/salajove\/wp-content\/uploads\/sites\/3\/2019\/02\/El-botones-de-verde-caqui.jpg 500w\" sizes=\"(max-width: 225px) 100vw, 225px\" \/>\n\t\t\t<\/div>\n\t\t\t\t<figcaption class='wp-caption-text gallery-caption' id='gallery-2-2555'>\n\t\t\t\t<a href=\"http:\/\/elmeuargus.biblioteques.gencat.cat\/record=b1889167~S38*catt\" target=\"_blank\" rel=\"noopener\">JC AVENTURES YAN<\/a>\n\t\t\t\t<\/figcaption><\/figure><figure class='gallery-item'>\n\t\t\t<div class='gallery-icon portrait'>\n\t\t\t\t<img loading=\"lazy\" decoding=\"async\" width=\"181\" height=\"278\" src=\"https:\/\/biblioteca.blanes.cat\/salajove\/wp-content\/uploads\/sites\/3\/2019\/02\/Escuela-de-Gamers.jpg\" class=\"attachment-medium size-medium\" alt=\"\" aria-describedby=\"gallery-2-2557\" \/>\n\t\t\t<\/div>\n\t\t\t\t<figcaption class='wp-caption-text gallery-caption' id='gallery-2-2557'>\n\t\t\t\t<a href=\"http:\/\/elmeuargus.biblioteques.gencat.cat\/record=b1964275~S38*catt\" target=\"_blank\" rel=\"noopener\">JC FANT\u00c0STIC ELR<\/a>\n\t\t\t\t<\/figcaption><\/figure><figure class='gallery-item'>\n\t\t\t<div class='gallery-icon portrait'>\n\t\t\t\t<img loading=\"lazy\" decoding=\"async\" width=\"183\" height=\"276\" src=\"https:\/\/biblioteca.blanes.cat\/salajove\/wp-content\/uploads\/sites\/3\/2019\/02\/Arashiyama.jpg\" class=\"attachment-medium size-medium\" alt=\"\" aria-describedby=\"gallery-2-2554\" \/>\n\t\t\t<\/div>\n\t\t\t\t<figcaption class='wp-caption-text gallery-caption' id='gallery-2-2554'>\n\t\t\t\t<a href=\"http:\/\/elmeuargus.biblioteques.gencat.cat\/record=b1963643~S38*cat\" target=\"_blank\" rel=\"noopener\">JC JAPON\u00c8S TOV<\/a>\n\t\t\t\t<\/figcaption><\/figure><figure class='gallery-item'>\n\t\t\t<div class='gallery-icon portrait'>\n\t\t\t\t<img loading=\"lazy\" decoding=\"async\" width=\"197\" height=\"300\" src=\"https:\/\/biblioteca.blanes.cat\/salajove\/wp-content\/uploads\/sites\/3\/2019\/02\/Ilegal-197x300.jpg\" class=\"attachment-medium size-medium\" alt=\"\" aria-describedby=\"gallery-2-2558\" srcset=\"https:\/\/biblioteca.blanes.cat\/salajove\/wp-content\/uploads\/sites\/3\/2019\/02\/Ilegal-197x300.jpg 197w, https:\/\/biblioteca.blanes.cat\/salajove\/wp-content\/uploads\/sites\/3\/2019\/02\/Ilegal-768x1171.jpg 768w, https:\/\/biblioteca.blanes.cat\/salajove\/wp-content\/uploads\/sites\/3\/2019\/02\/Ilegal-671x1024.jpg 671w, https:\/\/biblioteca.blanes.cat\/salajove\/wp-content\/uploads\/sites\/3\/2019\/02\/Ilegal.jpg 1000w\" sizes=\"(max-width: 197px) 100vw, 197px\" \/>\n\t\t\t<\/div>\n\t\t\t\t<figcaption class='wp-caption-text gallery-caption' id='gallery-2-2558'>\n\t\t\t\t<a href=\"http:\/\/elmeuargus.biblioteques.gencat.cat\/record=b1970253~S38*catt\" target=\"_blank\" rel=\"noopener\">JC SOCIAL COL<\/a>\n\t\t\t\t<\/figcaption><\/figure><figure class='gallery-item'>\n\t\t\t<div class='gallery-icon portrait'>\n\t\t\t\t<img loading=\"lazy\" decoding=\"async\" width=\"217\" height=\"300\" src=\"https:\/\/biblioteca.blanes.cat\/salajove\/wp-content\/uploads\/sites\/3\/2019\/02\/Tu-futuro-empieza-aqu\u00ed-217x300.jpg\" class=\"attachment-medium size-medium\" alt=\"\" aria-describedby=\"gallery-2-2562\" srcset=\"https:\/\/biblioteca.blanes.cat\/salajove\/wp-content\/uploads\/sites\/3\/2019\/02\/Tu-futuro-empieza-aqu\u00ed-217x300.jpg 217w, https:\/\/biblioteca.blanes.cat\/salajove\/wp-content\/uploads\/sites\/3\/2019\/02\/Tu-futuro-empieza-aqu\u00ed.jpg 555w\" sizes=\"(max-width: 217px) 100vw, 217px\" \/>\n\t\t\t<\/div>\n\t\t\t\t<figcaption class='wp-caption-text gallery-caption' id='gallery-2-2562'>\n\t\t\t\t<a href=\"http:\/\/elmeuargus.biblioteques.gencat.cat\/record=b1981567~S38*catt\" target=\"_blank\" rel=\"noopener\">JC SOCIAL ROS<\/a>\n\t\t\t\t<\/figcaption><\/figure><figure class='gallery-item'>\n\t\t\t<div class='gallery-icon portrait'>\n\t\t\t\t<img loading=\"lazy\" decoding=\"async\" width=\"205\" height=\"300\" src=\"https:\/\/biblioteca.blanes.cat\/salajove\/wp-content\/uploads\/sites\/3\/2019\/02\/l-anima-em-penjava-aix\u00ed-205x300.jpg\" class=\"attachment-medium size-medium\" alt=\"\" aria-describedby=\"gallery-2-2559\" srcset=\"https:\/\/biblioteca.blanes.cat\/salajove\/wp-content\/uploads\/sites\/3\/2019\/02\/l-anima-em-penjava-aix\u00ed-205x300.jpg 205w, https:\/\/biblioteca.blanes.cat\/salajove\/wp-content\/uploads\/sites\/3\/2019\/02\/l-anima-em-penjava-aix\u00ed-701x1024.jpg 701w, https:\/\/biblioteca.blanes.cat\/salajove\/wp-content\/uploads\/sites\/3\/2019\/02\/l-anima-em-penjava-aix\u00ed.jpg 720w\" sizes=\"(max-width: 205px) 100vw, 205px\" \/>\n\t\t\t<\/div>\n\t\t\t\t<figcaption class='wp-caption-text gallery-caption' id='gallery-2-2559'>\n\t\t\t\t<a href=\"http:\/\/elmeuargus.biblioteques.gencat.cat\/record=b1988867~S38*cat\" target=\"_blank\" rel=\"noopener\">JP ROM<\/a>\n\t\t\t\t<\/figcaption><\/figure><figure class='gallery-item'>\n\t\t\t<div class='gallery-icon portrait'>\n\t\t\t\t<img loading=\"lazy\" decoding=\"async\" width=\"175\" height=\"276\" src=\"https:\/\/biblioteca.blanes.cat\/salajove\/wp-content\/uploads\/sites\/3\/2019\/02\/Todos-contra-el-bullying.jpg\" class=\"attachment-medium size-medium\" alt=\"\" aria-describedby=\"gallery-2-2564\" \/>\n\t\t\t<\/div>\n\t\t\t\t<figcaption class='wp-caption-text gallery-caption' id='gallery-2-2564'>\n\t\t\t\t<a href=\"http:\/\/elmeuargus.biblioteques.gencat.cat\/record=b1980341~S38*cat\" target=\"_blank\" rel=\"noopener\">J 159.9 ZAB<\/a>\n\t\t\t\t<\/figcaption><\/figure>\n\t\t<\/div>\n\n<p>&nbsp;<\/p>\n<h2 style=\"background-color: #9999ff;\">Audiovisuals:<\/h2>\n<div id='gallery-3' class='gallery galleryid-2530 gallery-columns-3 gallery-size-medium'><figure class='gallery-item'>\n\t\t\t<div class='gallery-icon portrait'>\n\t\t\t\t<img loading=\"lazy\" decoding=\"async\" width=\"212\" height=\"300\" src=\"https:\/\/biblioteca.blanes.cat\/salajove\/wp-content\/uploads\/sites\/3\/2019\/02\/Jojos-212x300.jpg\" class=\"attachment-medium size-medium\" alt=\"\" aria-describedby=\"gallery-3-2565\" srcset=\"https:\/\/biblioteca.blanes.cat\/salajove\/wp-content\/uploads\/sites\/3\/2019\/02\/Jojos-212x300.jpg 212w, https:\/\/biblioteca.blanes.cat\/salajove\/wp-content\/uploads\/sites\/3\/2019\/02\/Jojos.jpg 600w\" sizes=\"(max-width: 212px) 100vw, 212px\" \/>\n\t\t\t<\/div>\n\t\t\t\t<figcaption class='wp-caption-text gallery-caption' id='gallery-3-2565'>\n\t\t\t\t<a  href=\"http:\/\/elmeuargus.biblioteques.gencat.cat\/record=b1998098~S38*cat\" target=\"_blank\" rel=\"noopener\">DVD J CINEMA JOJ<\/a>\n\t\t\t\t<\/figcaption><\/figure><figure class='gallery-item'>\n\t\t\t<div class='gallery-icon portrait'>\n\t\t\t\t<img loading=\"lazy\" decoding=\"async\" width=\"209\" height=\"300\" src=\"https:\/\/biblioteca.blanes.cat\/salajove\/wp-content\/uploads\/sites\/3\/2019\/02\/juno-209x300.jpg\" class=\"attachment-medium size-medium\" alt=\"\" aria-describedby=\"gallery-3-2566\" srcset=\"https:\/\/biblioteca.blanes.cat\/salajove\/wp-content\/uploads\/sites\/3\/2019\/02\/juno-209x300.jpg 209w, https:\/\/biblioteca.blanes.cat\/salajove\/wp-content\/uploads\/sites\/3\/2019\/02\/juno.jpg 258w\" sizes=\"(max-width: 209px) 100vw, 209px\" \/>\n\t\t\t<\/div>\n\t\t\t\t<figcaption class='wp-caption-text gallery-caption' id='gallery-3-2566'>\n\t\t\t\t<a  href=\"http:\/\/elmeuargus.biblioteques.gencat.cat\/record=b1903542~S38*cat\" target=\"_blank\" rel=\"noopener\">DVD J CINEMA JUN<\/a>\n\t\t\t\t<\/figcaption><\/figure><figure class='gallery-item'>\n\t\t\t<div class='gallery-icon landscape'>\n\t\t\t\t<img loading=\"lazy\" decoding=\"async\" width=\"300\" height=\"300\" src=\"https:\/\/biblioteca.blanes.cat\/salajove\/wp-content\/uploads\/sites\/3\/2019\/02\/Mazinger-Z-300x300.png\" class=\"attachment-medium size-medium\" alt=\"\" aria-describedby=\"gallery-3-2567\" srcset=\"https:\/\/biblioteca.blanes.cat\/salajove\/wp-content\/uploads\/sites\/3\/2019\/02\/Mazinger-Z-300x300.png 300w, https:\/\/biblioteca.blanes.cat\/salajove\/wp-content\/uploads\/sites\/3\/2019\/02\/Mazinger-Z-150x150.png 150w, https:\/\/biblioteca.blanes.cat\/salajove\/wp-content\/uploads\/sites\/3\/2019\/02\/Mazinger-Z-768x768.png 768w, https:\/\/biblioteca.blanes.cat\/salajove\/wp-content\/uploads\/sites\/3\/2019\/02\/Mazinger-Z-270x270.png 270w, https:\/\/biblioteca.blanes.cat\/salajove\/wp-content\/uploads\/sites\/3\/2019\/02\/Mazinger-Z-230x230.png 230w, https:\/\/biblioteca.blanes.cat\/salajove\/wp-content\/uploads\/sites\/3\/2019\/02\/Mazinger-Z.png 800w\" sizes=\"(max-width: 300px) 100vw, 300px\" \/>\n\t\t\t<\/div>\n\t\t\t\t<figcaption class='wp-caption-text gallery-caption' id='gallery-3-2567'>\n\t\t\t\t<a  href=\"http:\/\/elmeuargus.biblioteques.gencat.cat\/record=b1990328~S38*catt\" target=\"_blank\" rel=\"noopener\">DVD J CINEMA MAZ<\/a>\n\t\t\t\t<\/figcaption><\/figure><figure class='gallery-item'>\n\t\t\t<div class='gallery-icon portrait'>\n\t\t\t\t<img loading=\"lazy\" decoding=\"async\" width=\"212\" height=\"300\" src=\"https:\/\/biblioteca.blanes.cat\/salajove\/wp-content\/uploads\/sites\/3\/2019\/02\/Star-Wars-212x300.jpg\" class=\"attachment-medium size-medium\" alt=\"\" aria-describedby=\"gallery-3-2568\" srcset=\"https:\/\/biblioteca.blanes.cat\/salajove\/wp-content\/uploads\/sites\/3\/2019\/02\/Star-Wars-212x300.jpg 212w, https:\/\/biblioteca.blanes.cat\/salajove\/wp-content\/uploads\/sites\/3\/2019\/02\/Star-Wars.jpg 300w\" sizes=\"(max-width: 212px) 100vw, 212px\" \/>\n\t\t\t<\/div>\n\t\t\t\t<figcaption class='wp-caption-text gallery-caption' id='gallery-3-2568'>\n\t\t\t\t<a  href=\"http:\/\/elmeuargus.biblioteques.gencat.cat\/record=b1852160~S38*cat\" target=\"_blank\" rel=\"noopener\">DVD J CINEMA STA<\/a>\n\t\t\t\t<\/figcaption><\/figure><figure class='gallery-item'>\n\t\t\t<div class='gallery-icon portrait'>\n\t\t\t\t<img loading=\"lazy\" decoding=\"async\" width=\"212\" height=\"300\" src=\"https:\/\/biblioteca.blanes.cat\/salajove\/wp-content\/uploads\/sites\/3\/2019\/02\/tu-yo-212x300.jpg\" class=\"attachment-medium size-medium\" alt=\"\" aria-describedby=\"gallery-3-2569\" srcset=\"https:\/\/biblioteca.blanes.cat\/salajove\/wp-content\/uploads\/sites\/3\/2019\/02\/tu-yo-212x300.jpg 212w, https:\/\/biblioteca.blanes.cat\/salajove\/wp-content\/uploads\/sites\/3\/2019\/02\/tu-yo.jpg 300w\" sizes=\"(max-width: 212px) 100vw, 212px\" \/>\n\t\t\t<\/div>\n\t\t\t\t<figcaption class='wp-caption-text gallery-caption' id='gallery-3-2569'>\n\t\t\t\t<a  href=\"http:\/\/elmeuargus.biblioteques.gencat.cat\/record=b1840918~S38*cat\" target=\"_blank\" rel=\"noopener\">DVD J CINEMA TUY<\/a>\n\t\t\t\t<\/figcaption><\/figure>\n\t\t<\/div>\n\n<p>&nbsp;<\/p>\n<p><a href=\"https:\/\/biblioteca.blanes.cat\/salajove\/category\/novetats\/\" target=\"_blank\" rel=\"noopener\"><img loading=\"lazy\" decoding=\"async\" class=\"aligncenter wp-image-126 size-medium\" title=\"novetats gener  2019\" src=\"https:\/\/biblioteca.blanes.cat\/salajove\/wp-content\/uploads\/sites\/3\/2017\/10\/Novetats-300x183.png\" alt=\"novetats gener  2019\" width=\"300\" height=\"183\" srcset=\"https:\/\/biblioteca.blanes.cat\/salajove\/wp-content\/uploads\/sites\/3\/2017\/10\/Novetats-300x183.png 300w, https:\/\/biblioteca.blanes.cat\/salajove\/wp-content\/uploads\/sites\/3\/2017\/10\/Novetats-768x468.png 768w, https:\/\/biblioteca.blanes.cat\/salajove\/wp-content\/uploads\/sites\/3\/2017\/10\/Novetats-1024x624.png 1024w\" sizes=\"(max-width: 300px) 100vw, 300px\" \/><\/a><\/p>\n<p style=\"text-align: center;\"><a href=\"https:\/\/biblioteca.blanes.cat\/salajove\/category\/novetats\/\">biblioteca jove &#8211; novetats: Visualitza les guies de novetats anteriors<\/a><\/p>\n<p>&nbsp;<\/p>\n<p>&nbsp;<\/p>\n","protected":false},"excerpt":{"rendered":"<p>Biblioteca Jove Blanes &#8211; Novetats febrer 2018 &nbsp; Ja tenim aqu\u00ed les Novetats juvenils del mes de febrer que trobareu a la Sala Jove de la Biblioteca Comarcal de Blanes ja estan disponibles. En primer lloc trobareu les novel\u00b7les.<\/p>\n","protected":false},"author":4,"featured_media":1700,"comment_status":"open","ping_status":"open","sticky":false,"template":"","format":"standard","meta":{"sfsi_plus_gutenberg_text_before_share":"","sfsi_plus_gutenberg_show_text_before_share":"","sfsi_plus_gutenberg_icon_type":"","sfsi_plus_gutenberg_icon_alignemt":"","sfsi_plus_gutenburg_max_per_row":"","footnotes":""},"categories":[7],"tags":[27,19,21],"class_list":["post-2530","post","type-post","status-publish","format-standard","has-post-thumbnail","hentry","category-novetats","tag-guia","tag-literatura","tag-llibres"],"yoast_head":"<!-- This site is optimized with the Yoast SEO plugin v27.5 - https:\/\/yoast.com\/product\/yoast-seo-wordpress\/ -->\n<title>NOVETATS: Febrer 2019 - Sala Jove - Ja tenim aqu\u00ed les Novetats juvenils<\/title>\n<meta name=\"description\" content=\"Biblioteca Jove Blanes - Novetats febrer 2018 - Les Novetats que trobareu a la Sala Jove de la Biblioteca Comarcal de Blanes: Novel\u00b7les, mat\u00e8ries, ...\" \/>\n<meta name=\"robots\" content=\"index, follow, max-snippet:-1, max-image-preview:large, max-video-preview:-1\" \/>\n<link rel=\"canonical\" href=\"https:\/\/biblioteca.blanes.cat\/salajove\/2019\/02\/01\/biblioteca-jove-blanes-novetats-febrer-2018\/\" \/>\n<meta property=\"og:locale\" content=\"ca_ES\" \/>\n<meta property=\"og:type\" content=\"article\" \/>\n<meta property=\"og:title\" content=\"NOVETATS: Febrer 2019 - Sala Jove - Ja tenim aqu\u00ed les Novetats juvenils\" \/>\n<meta property=\"og:description\" content=\"Biblioteca Jove Blanes - Novetats febrer 2018 - Les Novetats que trobareu a la Sala Jove de la Biblioteca Comarcal de Blanes: Novel\u00b7les, mat\u00e8ries, ...\" \/>\n<meta property=\"og:url\" content=\"https:\/\/biblioteca.blanes.cat\/salajove\/2019\/02\/01\/biblioteca-jove-blanes-novetats-febrer-2018\/\" \/>\n<meta property=\"og:site_name\" content=\"Sala Jove\" \/>\n<meta property=\"article:publisher\" content=\"https:\/\/www.facebook.com\/BilbiotecaComarcaldeBlanes\/\" \/>\n<meta property=\"article:published_time\" content=\"2019-02-01T09:35:48+00:00\" \/>\n<meta property=\"article:modified_time\" content=\"2019-02-02T10:04:00+00:00\" \/>\n<meta property=\"og:image\" content=\"https:\/\/biblioteca.blanes.cat\/salajove\/wp-content\/uploads\/sites\/3\/2018\/08\/Novetats_.png\" \/>\n\t<meta property=\"og:image:width\" content=\"3719\" \/>\n\t<meta property=\"og:image:height\" content=\"3719\" \/>\n\t<meta property=\"og:image:type\" content=\"image\/png\" \/>\n<meta name=\"author\" content=\"biblioblanes\" \/>\n<meta name=\"twitter:card\" content=\"summary_large_image\" \/>\n<meta name=\"twitter:creator\" content=\"@biblioblanes\" \/>\n<meta name=\"twitter:site\" content=\"@BiblioBlanes\" \/>\n<meta name=\"twitter:label1\" content=\"Escrit per\" \/>\n\t<meta name=\"twitter:data1\" content=\"biblioblanes\" \/>\n\t<meta name=\"twitter:label2\" content=\"Temps estimat de lectura\" \/>\n\t<meta name=\"twitter:data2\" content=\"1 minut\" \/>\n<script type=\"application\/ld+json\" class=\"yoast-schema-graph\">{\"@context\":\"https:\\\/\\\/schema.org\",\"@graph\":[{\"@type\":\"Article\",\"@id\":\"https:\\\/\\\/biblioteca.blanes.cat\\\/salajove\\\/2019\\\/02\\\/01\\\/biblioteca-jove-blanes-novetats-febrer-2018\\\/#article\",\"isPartOf\":{\"@id\":\"https:\\\/\\\/biblioteca.blanes.cat\\\/salajove\\\/2019\\\/02\\\/01\\\/biblioteca-jove-blanes-novetats-febrer-2018\\\/\"},\"author\":{\"name\":\"biblioblanes\",\"@id\":\"https:\\\/\\\/biblioteca.blanes.cat\\\/salajove\\\/#\\\/schema\\\/person\\\/5a7b46760d9dd611d098bbf571a341dc\"},\"headline\":\"NOVETATS: Febrer 2019\",\"datePublished\":\"2019-02-01T09:35:48+00:00\",\"dateModified\":\"2019-02-02T10:04:00+00:00\",\"mainEntityOfPage\":{\"@id\":\"https:\\\/\\\/biblioteca.blanes.cat\\\/salajove\\\/2019\\\/02\\\/01\\\/biblioteca-jove-blanes-novetats-febrer-2018\\\/\"},\"wordCount\":111,\"commentCount\":0,\"publisher\":{\"@id\":\"https:\\\/\\\/biblioteca.blanes.cat\\\/salajove\\\/#organization\"},\"image\":{\"@id\":\"https:\\\/\\\/biblioteca.blanes.cat\\\/salajove\\\/2019\\\/02\\\/01\\\/biblioteca-jove-blanes-novetats-febrer-2018\\\/#primaryimage\"},\"thumbnailUrl\":\"https:\\\/\\\/biblioteca.blanes.cat\\\/salajove\\\/wp-content\\\/uploads\\\/sites\\\/3\\\/2018\\\/08\\\/Novetats_.png\",\"keywords\":[\"#Guia\",\"#Literatura\",\"#Llibres\"],\"articleSection\":[\"Novetats\"],\"inLanguage\":\"ca\",\"potentialAction\":[{\"@type\":\"CommentAction\",\"name\":\"Comment\",\"target\":[\"https:\\\/\\\/biblioteca.blanes.cat\\\/salajove\\\/2019\\\/02\\\/01\\\/biblioteca-jove-blanes-novetats-febrer-2018\\\/#respond\"]}]},{\"@type\":\"WebPage\",\"@id\":\"https:\\\/\\\/biblioteca.blanes.cat\\\/salajove\\\/2019\\\/02\\\/01\\\/biblioteca-jove-blanes-novetats-febrer-2018\\\/\",\"url\":\"https:\\\/\\\/biblioteca.blanes.cat\\\/salajove\\\/2019\\\/02\\\/01\\\/biblioteca-jove-blanes-novetats-febrer-2018\\\/\",\"name\":\"NOVETATS: Febrer 2019 - Sala Jove - Ja tenim aqu\u00ed les Novetats juvenils\",\"isPartOf\":{\"@id\":\"https:\\\/\\\/biblioteca.blanes.cat\\\/salajove\\\/#website\"},\"primaryImageOfPage\":{\"@id\":\"https:\\\/\\\/biblioteca.blanes.cat\\\/salajove\\\/2019\\\/02\\\/01\\\/biblioteca-jove-blanes-novetats-febrer-2018\\\/#primaryimage\"},\"image\":{\"@id\":\"https:\\\/\\\/biblioteca.blanes.cat\\\/salajove\\\/2019\\\/02\\\/01\\\/biblioteca-jove-blanes-novetats-febrer-2018\\\/#primaryimage\"},\"thumbnailUrl\":\"https:\\\/\\\/biblioteca.blanes.cat\\\/salajove\\\/wp-content\\\/uploads\\\/sites\\\/3\\\/2018\\\/08\\\/Novetats_.png\",\"datePublished\":\"2019-02-01T09:35:48+00:00\",\"dateModified\":\"2019-02-02T10:04:00+00:00\",\"description\":\"Biblioteca Jove Blanes - Novetats febrer 2018 - Les Novetats que trobareu a la Sala Jove de la Biblioteca Comarcal de Blanes: Novel\u00b7les, mat\u00e8ries, ...\",\"breadcrumb\":{\"@id\":\"https:\\\/\\\/biblioteca.blanes.cat\\\/salajove\\\/2019\\\/02\\\/01\\\/biblioteca-jove-blanes-novetats-febrer-2018\\\/#breadcrumb\"},\"inLanguage\":\"ca\",\"potentialAction\":[{\"@type\":\"ReadAction\",\"target\":[\"https:\\\/\\\/biblioteca.blanes.cat\\\/salajove\\\/2019\\\/02\\\/01\\\/biblioteca-jove-blanes-novetats-febrer-2018\\\/\"]}]},{\"@type\":\"ImageObject\",\"inLanguage\":\"ca\",\"@id\":\"https:\\\/\\\/biblioteca.blanes.cat\\\/salajove\\\/2019\\\/02\\\/01\\\/biblioteca-jove-blanes-novetats-febrer-2018\\\/#primaryimage\",\"url\":\"https:\\\/\\\/biblioteca.blanes.cat\\\/salajove\\\/wp-content\\\/uploads\\\/sites\\\/3\\\/2018\\\/08\\\/Novetats_.png\",\"contentUrl\":\"https:\\\/\\\/biblioteca.blanes.cat\\\/salajove\\\/wp-content\\\/uploads\\\/sites\\\/3\\\/2018\\\/08\\\/Novetats_.png\",\"width\":3719,\"height\":3719},{\"@type\":\"BreadcrumbList\",\"@id\":\"https:\\\/\\\/biblioteca.blanes.cat\\\/salajove\\\/2019\\\/02\\\/01\\\/biblioteca-jove-blanes-novetats-febrer-2018\\\/#breadcrumb\",\"itemListElement\":[{\"@type\":\"ListItem\",\"position\":1,\"name\":\"Inici\",\"item\":\"https:\\\/\\\/biblioteca.blanes.cat\\\/salajove\\\/\"},{\"@type\":\"ListItem\",\"position\":2,\"name\":\"NOVETATS: Febrer 2019\"}]},{\"@type\":\"WebSite\",\"@id\":\"https:\\\/\\\/biblioteca.blanes.cat\\\/salajove\\\/#website\",\"url\":\"https:\\\/\\\/biblioteca.blanes.cat\\\/salajove\\\/\",\"name\":\"Sala Jove\",\"description\":\"Biblioteca Comarcal de Blanes\",\"publisher\":{\"@id\":\"https:\\\/\\\/biblioteca.blanes.cat\\\/salajove\\\/#organization\"},\"potentialAction\":[{\"@type\":\"SearchAction\",\"target\":{\"@type\":\"EntryPoint\",\"urlTemplate\":\"https:\\\/\\\/biblioteca.blanes.cat\\\/salajove\\\/?s={search_term_string}\"},\"query-input\":{\"@type\":\"PropertyValueSpecification\",\"valueRequired\":true,\"valueName\":\"search_term_string\"}}],\"inLanguage\":\"ca\"},{\"@type\":\"Organization\",\"@id\":\"https:\\\/\\\/biblioteca.blanes.cat\\\/salajove\\\/#organization\",\"name\":\"Biblioteca Comarcal de Blanes\",\"url\":\"https:\\\/\\\/biblioteca.blanes.cat\\\/salajove\\\/\",\"logo\":{\"@type\":\"ImageObject\",\"inLanguage\":\"ca\",\"@id\":\"https:\\\/\\\/biblioteca.blanes.cat\\\/salajove\\\/#\\\/schema\\\/logo\\\/image\\\/\",\"url\":\"https:\\\/\\\/biblioteca.blanes.cat\\\/salajove\\\/wp-content\\\/uploads\\\/sites\\\/3\\\/2017\\\/09\\\/cropped-Bib-blau-e1518869380535.png\",\"contentUrl\":\"https:\\\/\\\/biblioteca.blanes.cat\\\/salajove\\\/wp-content\\\/uploads\\\/sites\\\/3\\\/2017\\\/09\\\/cropped-Bib-blau-e1518869380535.png\",\"width\":166,\"height\":166,\"caption\":\"Biblioteca Comarcal de Blanes\"},\"image\":{\"@id\":\"https:\\\/\\\/biblioteca.blanes.cat\\\/salajove\\\/#\\\/schema\\\/logo\\\/image\\\/\"},\"sameAs\":[\"https:\\\/\\\/www.facebook.com\\\/BilbiotecaComarcaldeBlanes\\\/\",\"https:\\\/\\\/x.com\\\/BiblioBlanes\",\"https:\\\/\\\/www.instagram.com\\\/biblioblanes\\\/\",\"https:\\\/\\\/www.pinterest.es\\\/bblanes\\\/\",\"https:\\\/\\\/www.youtube.com\\\/c\\\/BibliotecaComarcalBlanes\"]},{\"@type\":\"Person\",\"@id\":\"https:\\\/\\\/biblioteca.blanes.cat\\\/salajove\\\/#\\\/schema\\\/person\\\/5a7b46760d9dd611d098bbf571a341dc\",\"name\":\"biblioblanes\",\"image\":{\"@type\":\"ImageObject\",\"inLanguage\":\"ca\",\"@id\":\"https:\\\/\\\/secure.gravatar.com\\\/avatar\\\/6593ca6cc90e5a70939f51c95e8315483b9c281bafba597292bee47992030f99?s=96&d=mm&r=g\",\"url\":\"https:\\\/\\\/secure.gravatar.com\\\/avatar\\\/6593ca6cc90e5a70939f51c95e8315483b9c281bafba597292bee47992030f99?s=96&d=mm&r=g\",\"contentUrl\":\"https:\\\/\\\/secure.gravatar.com\\\/avatar\\\/6593ca6cc90e5a70939f51c95e8315483b9c281bafba597292bee47992030f99?s=96&d=mm&r=g\",\"caption\":\"biblioblanes\"},\"sameAs\":[\"http:\\\/\\\/www.bibgirona.cat\\\/biblioteca\\\/blanes\",\"https:\\\/\\\/x.com\\\/biblioblanes\"],\"url\":\"https:\\\/\\\/biblioteca.blanes.cat\\\/salajove\\\/author\\\/biblioblanes\\\/\"}]}<\/script>\n<!-- \/ Yoast SEO plugin. -->","yoast_head_json":{"title":"NOVETATS: Febrer 2019 - Sala Jove - Ja tenim aqu\u00ed les Novetats juvenils","description":"Biblioteca Jove Blanes - Novetats febrer 2018 - Les Novetats que trobareu a la Sala Jove de la Biblioteca Comarcal de Blanes: Novel\u00b7les, mat\u00e8ries, ...","robots":{"index":"index","follow":"follow","max-snippet":"max-snippet:-1","max-image-preview":"max-image-preview:large","max-video-preview":"max-video-preview:-1"},"canonical":"https:\/\/biblioteca.blanes.cat\/salajove\/2019\/02\/01\/biblioteca-jove-blanes-novetats-febrer-2018\/","og_locale":"ca_ES","og_type":"article","og_title":"NOVETATS: Febrer 2019 - Sala Jove - Ja tenim aqu\u00ed les Novetats juvenils","og_description":"Biblioteca Jove Blanes - Novetats febrer 2018 - Les Novetats que trobareu a la Sala Jove de la Biblioteca Comarcal de Blanes: Novel\u00b7les, mat\u00e8ries, ...","og_url":"https:\/\/biblioteca.blanes.cat\/salajove\/2019\/02\/01\/biblioteca-jove-blanes-novetats-febrer-2018\/","og_site_name":"Sala Jove","article_publisher":"https:\/\/www.facebook.com\/BilbiotecaComarcaldeBlanes\/","article_published_time":"2019-02-01T09:35:48+00:00","article_modified_time":"2019-02-02T10:04:00+00:00","og_image":[{"width":3719,"height":3719,"url":"https:\/\/biblioteca.blanes.cat\/salajove\/wp-content\/uploads\/sites\/3\/2018\/08\/Novetats_.png","type":"image\/png"}],"author":"biblioblanes","twitter_card":"summary_large_image","twitter_creator":"@biblioblanes","twitter_site":"@BiblioBlanes","twitter_misc":{"Escrit per":"biblioblanes","Temps estimat de lectura":"1 minut"},"schema":{"@context":"https:\/\/schema.org","@graph":[{"@type":"Article","@id":"https:\/\/biblioteca.blanes.cat\/salajove\/2019\/02\/01\/biblioteca-jove-blanes-novetats-febrer-2018\/#article","isPartOf":{"@id":"https:\/\/biblioteca.blanes.cat\/salajove\/2019\/02\/01\/biblioteca-jove-blanes-novetats-febrer-2018\/"},"author":{"name":"biblioblanes","@id":"https:\/\/biblioteca.blanes.cat\/salajove\/#\/schema\/person\/5a7b46760d9dd611d098bbf571a341dc"},"headline":"NOVETATS: Febrer 2019","datePublished":"2019-02-01T09:35:48+00:00","dateModified":"2019-02-02T10:04:00+00:00","mainEntityOfPage":{"@id":"https:\/\/biblioteca.blanes.cat\/salajove\/2019\/02\/01\/biblioteca-jove-blanes-novetats-febrer-2018\/"},"wordCount":111,"commentCount":0,"publisher":{"@id":"https:\/\/biblioteca.blanes.cat\/salajove\/#organization"},"image":{"@id":"https:\/\/biblioteca.blanes.cat\/salajove\/2019\/02\/01\/biblioteca-jove-blanes-novetats-febrer-2018\/#primaryimage"},"thumbnailUrl":"https:\/\/biblioteca.blanes.cat\/salajove\/wp-content\/uploads\/sites\/3\/2018\/08\/Novetats_.png","keywords":["#Guia","#Literatura","#Llibres"],"articleSection":["Novetats"],"inLanguage":"ca","potentialAction":[{"@type":"CommentAction","name":"Comment","target":["https:\/\/biblioteca.blanes.cat\/salajove\/2019\/02\/01\/biblioteca-jove-blanes-novetats-febrer-2018\/#respond"]}]},{"@type":"WebPage","@id":"https:\/\/biblioteca.blanes.cat\/salajove\/2019\/02\/01\/biblioteca-jove-blanes-novetats-febrer-2018\/","url":"https:\/\/biblioteca.blanes.cat\/salajove\/2019\/02\/01\/biblioteca-jove-blanes-novetats-febrer-2018\/","name":"NOVETATS: Febrer 2019 - Sala Jove - Ja tenim aqu\u00ed les Novetats juvenils","isPartOf":{"@id":"https:\/\/biblioteca.blanes.cat\/salajove\/#website"},"primaryImageOfPage":{"@id":"https:\/\/biblioteca.blanes.cat\/salajove\/2019\/02\/01\/biblioteca-jove-blanes-novetats-febrer-2018\/#primaryimage"},"image":{"@id":"https:\/\/biblioteca.blanes.cat\/salajove\/2019\/02\/01\/biblioteca-jove-blanes-novetats-febrer-2018\/#primaryimage"},"thumbnailUrl":"https:\/\/biblioteca.blanes.cat\/salajove\/wp-content\/uploads\/sites\/3\/2018\/08\/Novetats_.png","datePublished":"2019-02-01T09:35:48+00:00","dateModified":"2019-02-02T10:04:00+00:00","description":"Biblioteca Jove Blanes - Novetats febrer 2018 - Les Novetats que trobareu a la Sala Jove de la Biblioteca Comarcal de Blanes: Novel\u00b7les, mat\u00e8ries, ...","breadcrumb":{"@id":"https:\/\/biblioteca.blanes.cat\/salajove\/2019\/02\/01\/biblioteca-jove-blanes-novetats-febrer-2018\/#breadcrumb"},"inLanguage":"ca","potentialAction":[{"@type":"ReadAction","target":["https:\/\/biblioteca.blanes.cat\/salajove\/2019\/02\/01\/biblioteca-jove-blanes-novetats-febrer-2018\/"]}]},{"@type":"ImageObject","inLanguage":"ca","@id":"https:\/\/biblioteca.blanes.cat\/salajove\/2019\/02\/01\/biblioteca-jove-blanes-novetats-febrer-2018\/#primaryimage","url":"https:\/\/biblioteca.blanes.cat\/salajove\/wp-content\/uploads\/sites\/3\/2018\/08\/Novetats_.png","contentUrl":"https:\/\/biblioteca.blanes.cat\/salajove\/wp-content\/uploads\/sites\/3\/2018\/08\/Novetats_.png","width":3719,"height":3719},{"@type":"BreadcrumbList","@id":"https:\/\/biblioteca.blanes.cat\/salajove\/2019\/02\/01\/biblioteca-jove-blanes-novetats-febrer-2018\/#breadcrumb","itemListElement":[{"@type":"ListItem","position":1,"name":"Inici","item":"https:\/\/biblioteca.blanes.cat\/salajove\/"},{"@type":"ListItem","position":2,"name":"NOVETATS: Febrer 2019"}]},{"@type":"WebSite","@id":"https:\/\/biblioteca.blanes.cat\/salajove\/#website","url":"https:\/\/biblioteca.blanes.cat\/salajove\/","name":"Sala Jove","description":"Biblioteca Comarcal de Blanes","publisher":{"@id":"https:\/\/biblioteca.blanes.cat\/salajove\/#organization"},"potentialAction":[{"@type":"SearchAction","target":{"@type":"EntryPoint","urlTemplate":"https:\/\/biblioteca.blanes.cat\/salajove\/?s={search_term_string}"},"query-input":{"@type":"PropertyValueSpecification","valueRequired":true,"valueName":"search_term_string"}}],"inLanguage":"ca"},{"@type":"Organization","@id":"https:\/\/biblioteca.blanes.cat\/salajove\/#organization","name":"Biblioteca Comarcal de Blanes","url":"https:\/\/biblioteca.blanes.cat\/salajove\/","logo":{"@type":"ImageObject","inLanguage":"ca","@id":"https:\/\/biblioteca.blanes.cat\/salajove\/#\/schema\/logo\/image\/","url":"https:\/\/biblioteca.blanes.cat\/salajove\/wp-content\/uploads\/sites\/3\/2017\/09\/cropped-Bib-blau-e1518869380535.png","contentUrl":"https:\/\/biblioteca.blanes.cat\/salajove\/wp-content\/uploads\/sites\/3\/2017\/09\/cropped-Bib-blau-e1518869380535.png","width":166,"height":166,"caption":"Biblioteca Comarcal de Blanes"},"image":{"@id":"https:\/\/biblioteca.blanes.cat\/salajove\/#\/schema\/logo\/image\/"},"sameAs":["https:\/\/www.facebook.com\/BilbiotecaComarcaldeBlanes\/","https:\/\/x.com\/BiblioBlanes","https:\/\/www.instagram.com\/biblioblanes\/","https:\/\/www.pinterest.es\/bblanes\/","https:\/\/www.youtube.com\/c\/BibliotecaComarcalBlanes"]},{"@type":"Person","@id":"https:\/\/biblioteca.blanes.cat\/salajove\/#\/schema\/person\/5a7b46760d9dd611d098bbf571a341dc","name":"biblioblanes","image":{"@type":"ImageObject","inLanguage":"ca","@id":"https:\/\/secure.gravatar.com\/avatar\/6593ca6cc90e5a70939f51c95e8315483b9c281bafba597292bee47992030f99?s=96&d=mm&r=g","url":"https:\/\/secure.gravatar.com\/avatar\/6593ca6cc90e5a70939f51c95e8315483b9c281bafba597292bee47992030f99?s=96&d=mm&r=g","contentUrl":"https:\/\/secure.gravatar.com\/avatar\/6593ca6cc90e5a70939f51c95e8315483b9c281bafba597292bee47992030f99?s=96&d=mm&r=g","caption":"biblioblanes"},"sameAs":["http:\/\/www.bibgirona.cat\/biblioteca\/blanes","https:\/\/x.com\/biblioblanes"],"url":"https:\/\/biblioteca.blanes.cat\/salajove\/author\/biblioblanes\/"}]}},"_links":{"self":[{"href":"https:\/\/biblioteca.blanes.cat\/salajove\/wp-json\/wp\/v2\/posts\/2530","targetHints":{"allow":["GET"]}}],"collection":[{"href":"https:\/\/biblioteca.blanes.cat\/salajove\/wp-json\/wp\/v2\/posts"}],"about":[{"href":"https:\/\/biblioteca.blanes.cat\/salajove\/wp-json\/wp\/v2\/types\/post"}],"author":[{"embeddable":true,"href":"https:\/\/biblioteca.blanes.cat\/salajove\/wp-json\/wp\/v2\/users\/4"}],"replies":[{"embeddable":true,"href":"https:\/\/biblioteca.blanes.cat\/salajove\/wp-json\/wp\/v2\/comments?post=2530"}],"version-history":[{"count":3,"href":"https:\/\/biblioteca.blanes.cat\/salajove\/wp-json\/wp\/v2\/posts\/2530\/revisions"}],"predecessor-version":[{"id":2570,"href":"https:\/\/biblioteca.blanes.cat\/salajove\/wp-json\/wp\/v2\/posts\/2530\/revisions\/2570"}],"wp:featuredmedia":[{"embeddable":true,"href":"https:\/\/biblioteca.blanes.cat\/salajove\/wp-json\/wp\/v2\/media\/1700"}],"wp:attachment":[{"href":"https:\/\/biblioteca.blanes.cat\/salajove\/wp-json\/wp\/v2\/media?parent=2530"}],"wp:term":[{"taxonomy":"category","embeddable":true,"href":"https:\/\/biblioteca.blanes.cat\/salajove\/wp-json\/wp\/v2\/categories?post=2530"},{"taxonomy":"post_tag","embeddable":true,"href":"https:\/\/biblioteca.blanes.cat\/salajove\/wp-json\/wp\/v2\/tags?post=2530"}],"curies":[{"name":"wp","href":"https:\/\/api.w.org\/{rel}","templated":true}]}}