{"id":2510,"date":"2019-01-24T14:48:22","date_gmt":"2019-01-24T13:48:22","guid":{"rendered":"https:\/\/biblioteca.blanes.cat\/salajove\/?p=2510"},"modified":"2019-01-24T14:51:15","modified_gmt":"2019-01-24T13:51:15","slug":"bollere-premiats-en-la-desena-edicio","status":"publish","type":"post","link":"https:\/\/biblioteca.blanes.cat\/salajove\/2019\/01\/24\/bollere-premiats-en-la-desena-edicio\/","title":{"rendered":"BOLLER\u00c9: Premiats en la desena edici\u00f3"},"content":{"rendered":"<div dir=\"ltr\">\n<h2 style=\"text-align: center;\">Els guardonats en la desena edici\u00f3 del concurs de relats breus per a joves Boller\u00e9 han estat:<\/h2>\n<\/div>\n<p><!--more--><\/p>\n<div dir=\"ltr\">\n<h3><img fetchpriority=\"high\" decoding=\"async\" class=\"alignright wp-image-1618 size-medium\" title=\"BOLLER\u00c9: Premiats en la desena edici\u00f3\" src=\"https:\/\/biblioteca.blanes.cat\/salajove\/wp-content\/uploads\/sites\/3\/2017\/09\/DestacatConcursLiterari_Boller\u00e92018-1-300x183.png\" alt=\"BOLLER\u00c9: Premiats en la desena edici\u00f3\" width=\"300\" height=\"183\" srcset=\"https:\/\/biblioteca.blanes.cat\/salajove\/wp-content\/uploads\/sites\/3\/2017\/09\/DestacatConcursLiterari_Boller\u00e92018-1-300x183.png 300w, https:\/\/biblioteca.blanes.cat\/salajove\/wp-content\/uploads\/sites\/3\/2017\/09\/DestacatConcursLiterari_Boller\u00e92018-1-768x467.png 768w, https:\/\/biblioteca.blanes.cat\/salajove\/wp-content\/uploads\/sites\/3\/2017\/09\/DestacatConcursLiterari_Boller\u00e92018-1-1024x623.png 1024w\" sizes=\"(max-width: 300px) 100vw, 300px\" \/><strong><span style=\"text-decoration: underline;\">en la categoria \u201cA\u201d<\/span> <\/strong><\/h3>\n<p><span style=\"background-color: #ecf2f9;\"><strong>Guanyador:<\/strong><\/span><\/p>\n<p><strong><span style=\"color: #e60000;\">Eloy Mart\u00ednez Sim\u00f3n<\/span> <\/strong>amb el treball &#8220;Jerry Porter i el misteri de la carta perduda\u201d.<\/p>\n<p><span style=\"background-color: #ecf2f9;\"><strong>Finalista:<\/strong><\/span><\/p>\n<p><span style=\"color: #e60000;\"><strong>Xavier Llu\u00eds Chavarria <\/strong><\/span>amb el treball &#8220;Reykjav\u00edk\u201d.<\/p>\n<\/div>\n<div dir=\"ltr\">\n<h4>\u00a0<\/h4>\n<h3><strong><span style=\"text-decoration: underline;\">en la categoria \u201cB\u201d<\/span> <\/strong><\/h3>\n<\/div>\n<div dir=\"ltr\">\n<p><span style=\"background-color: #ecf2f9;\"><strong>Guanyador:<\/strong><\/span><\/p>\n<p><span style=\"color: #e60000;\"><strong>Martina Ribas Bonaterra <\/strong><\/span>amb el treball &#8220;Perdre-ho tot\u201d.<\/p>\n<p><span style=\"background-color: #ecf2f9;\"><strong>Finalista:<\/strong><\/span><\/p>\n<p><span style=\"color: #e60000;\"><strong>Teresa Ferrer de Noguera <\/strong><\/span>amb el treball &#8220;L\u2019enllustradora\u201d.<\/p>\n<\/div>\n<p style=\"text-align: center;\">\u00a0<\/p>\n<div class=\"issuuembed\" style=\"width: 525px; height: 371px;\" data-configid=\"3835146\/67299036\">\u00a0<\/div>\n<p style=\"text-align: center;\"><script type=\"text\/javascript\" src=\"\/\/e.issuu.com\/embed.js\" async=\"true\"><\/script><\/p>\n<h4 style=\"text-align: center;\"><a href=\"http:\/\/www.bibgirona.cat\/biblioteca\/blanes\" target=\"_blank\" rel=\"noopener\">\u00a0#biblioblanes<\/a>\u00a0\u00a0\u00a0\u00a0\u00a0<a href=\"https:\/\/biblioteca.blanes.cat\/salajove\/category\/bollere\/\" target=\"_blank\" rel=\"noopener\">#boller\u00e9<\/a><\/h4>\n","protected":false},"excerpt":{"rendered":"<p>Els guardonats en la desena edici\u00f3 del concurs de relats breus per a joves Boller\u00e9 han estat:<\/p>\n","protected":false},"author":4,"featured_media":1621,"comment_status":"open","ping_status":"open","sticky":false,"template":"","format":"standard","meta":{"sfsi_plus_gutenberg_text_before_share":"","sfsi_plus_gutenberg_show_text_before_share":"","sfsi_plus_gutenberg_icon_type":"","sfsi_plus_gutenberg_icon_alignemt":"","sfsi_plus_gutenburg_max_per_row":"","footnotes":""},"categories":[15],"tags":[68,38,31,52,19,43,41],"class_list":["post-2510","post","type-post","status-publish","format-standard","has-post-thumbnail","hentry","category-bollere","tag-bollere","tag-certamen","tag-escriptura","tag-joves","tag-literatura","tag-narracio","tag-premis"],"yoast_head":"<!-- This site is optimized with the Yoast SEO plugin v27.5 - https:\/\/yoast.com\/product\/yoast-seo-wordpress\/ -->\n<title>BOLLER\u00c9: Premiats en la desena edici\u00f3 - Sala Jove<\/title>\n<meta name=\"description\" content=\"BOLLER\u00c9: Premiats en la desena edici\u00f3 - Boller\u00e9 - Els guardonats en la desena edici\u00f3 del concurs de relats breus per a joves Boller\u00e9 han estat:en la ...\" \/>\n<meta name=\"robots\" content=\"index, follow, max-snippet:-1, max-image-preview:large, max-video-preview:-1\" \/>\n<link rel=\"canonical\" href=\"https:\/\/biblioteca.blanes.cat\/salajove\/2019\/01\/24\/bollere-premiats-en-la-desena-edicio\/\" \/>\n<meta property=\"og:locale\" content=\"ca_ES\" \/>\n<meta property=\"og:type\" content=\"article\" \/>\n<meta property=\"og:title\" content=\"BOLLER\u00c9: Premiats en la desena edici\u00f3 - Sala Jove\" \/>\n<meta property=\"og:description\" content=\"BOLLER\u00c9: Premiats en la desena edici\u00f3 - Boller\u00e9 - Els guardonats en la desena edici\u00f3 del concurs de relats breus per a joves Boller\u00e9 han estat:en la ...\" \/>\n<meta property=\"og:url\" content=\"https:\/\/biblioteca.blanes.cat\/salajove\/2019\/01\/24\/bollere-premiats-en-la-desena-edicio\/\" \/>\n<meta property=\"og:site_name\" content=\"Sala Jove\" \/>\n<meta property=\"article:publisher\" content=\"https:\/\/www.facebook.com\/BilbiotecaComarcaldeBlanes\/\" \/>\n<meta property=\"article:published_time\" content=\"2019-01-24T13:48:22+00:00\" \/>\n<meta property=\"article:modified_time\" content=\"2019-01-24T13:51:15+00:00\" \/>\n<meta property=\"og:image\" content=\"https:\/\/biblioteca.blanes.cat\/salajove\/wp-content\/uploads\/sites\/3\/2017\/09\/Instagram-ConcursLiterari_Boller\u00e92018.png\" \/>\n\t<meta property=\"og:image:width\" content=\"700\" \/>\n\t<meta property=\"og:image:height\" content=\"700\" \/>\n\t<meta property=\"og:image:type\" content=\"image\/png\" \/>\n<meta name=\"author\" content=\"biblioblanes\" \/>\n<meta name=\"twitter:card\" content=\"summary_large_image\" \/>\n<meta name=\"twitter:creator\" content=\"@biblioblanes\" \/>\n<meta name=\"twitter:site\" content=\"@BiblioBlanes\" \/>\n<meta name=\"twitter:label1\" content=\"Escrit per\" \/>\n\t<meta name=\"twitter:data1\" content=\"biblioblanes\" \/>\n<script type=\"application\/ld+json\" class=\"yoast-schema-graph\">{\"@context\":\"https:\\\/\\\/schema.org\",\"@graph\":[{\"@type\":\"Article\",\"@id\":\"https:\\\/\\\/biblioteca.blanes.cat\\\/salajove\\\/2019\\\/01\\\/24\\\/bollere-premiats-en-la-desena-edicio\\\/#article\",\"isPartOf\":{\"@id\":\"https:\\\/\\\/biblioteca.blanes.cat\\\/salajove\\\/2019\\\/01\\\/24\\\/bollere-premiats-en-la-desena-edicio\\\/\"},\"author\":{\"name\":\"biblioblanes\",\"@id\":\"https:\\\/\\\/biblioteca.blanes.cat\\\/salajove\\\/#\\\/schema\\\/person\\\/5a7b46760d9dd611d098bbf571a341dc\"},\"headline\":\"BOLLER\u00c9: Premiats en la desena edici\u00f3\",\"datePublished\":\"2019-01-24T13:48:22+00:00\",\"dateModified\":\"2019-01-24T13:51:15+00:00\",\"mainEntityOfPage\":{\"@id\":\"https:\\\/\\\/biblioteca.blanes.cat\\\/salajove\\\/2019\\\/01\\\/24\\\/bollere-premiats-en-la-desena-edicio\\\/\"},\"wordCount\":80,\"commentCount\":0,\"publisher\":{\"@id\":\"https:\\\/\\\/biblioteca.blanes.cat\\\/salajove\\\/#organization\"},\"image\":{\"@id\":\"https:\\\/\\\/biblioteca.blanes.cat\\\/salajove\\\/2019\\\/01\\\/24\\\/bollere-premiats-en-la-desena-edicio\\\/#primaryimage\"},\"thumbnailUrl\":\"https:\\\/\\\/biblioteca.blanes.cat\\\/salajove\\\/wp-content\\\/uploads\\\/sites\\\/3\\\/2017\\\/09\\\/Instagram-ConcursLiterari_Boller\u00e92018.png\",\"keywords\":[\"#Boller\u00e9\",\"#Cert\u00e0men\",\"#Escriptura\",\"#Joves\",\"#Literatura\",\"#Narraci\u00f3\",\"#Premis\"],\"articleSection\":[\"Boller\u00e9\"],\"inLanguage\":\"ca\",\"potentialAction\":[{\"@type\":\"CommentAction\",\"name\":\"Comment\",\"target\":[\"https:\\\/\\\/biblioteca.blanes.cat\\\/salajove\\\/2019\\\/01\\\/24\\\/bollere-premiats-en-la-desena-edicio\\\/#respond\"]}]},{\"@type\":\"WebPage\",\"@id\":\"https:\\\/\\\/biblioteca.blanes.cat\\\/salajove\\\/2019\\\/01\\\/24\\\/bollere-premiats-en-la-desena-edicio\\\/\",\"url\":\"https:\\\/\\\/biblioteca.blanes.cat\\\/salajove\\\/2019\\\/01\\\/24\\\/bollere-premiats-en-la-desena-edicio\\\/\",\"name\":\"BOLLER\u00c9: Premiats en la desena edici\u00f3 - Sala Jove\",\"isPartOf\":{\"@id\":\"https:\\\/\\\/biblioteca.blanes.cat\\\/salajove\\\/#website\"},\"primaryImageOfPage\":{\"@id\":\"https:\\\/\\\/biblioteca.blanes.cat\\\/salajove\\\/2019\\\/01\\\/24\\\/bollere-premiats-en-la-desena-edicio\\\/#primaryimage\"},\"image\":{\"@id\":\"https:\\\/\\\/biblioteca.blanes.cat\\\/salajove\\\/2019\\\/01\\\/24\\\/bollere-premiats-en-la-desena-edicio\\\/#primaryimage\"},\"thumbnailUrl\":\"https:\\\/\\\/biblioteca.blanes.cat\\\/salajove\\\/wp-content\\\/uploads\\\/sites\\\/3\\\/2017\\\/09\\\/Instagram-ConcursLiterari_Boller\u00e92018.png\",\"datePublished\":\"2019-01-24T13:48:22+00:00\",\"dateModified\":\"2019-01-24T13:51:15+00:00\",\"description\":\"BOLLER\u00c9: Premiats en la desena edici\u00f3 - Boller\u00e9 - Els guardonats en la desena edici\u00f3 del concurs de relats breus per a joves Boller\u00e9 han estat:en la ...\",\"breadcrumb\":{\"@id\":\"https:\\\/\\\/biblioteca.blanes.cat\\\/salajove\\\/2019\\\/01\\\/24\\\/bollere-premiats-en-la-desena-edicio\\\/#breadcrumb\"},\"inLanguage\":\"ca\",\"potentialAction\":[{\"@type\":\"ReadAction\",\"target\":[\"https:\\\/\\\/biblioteca.blanes.cat\\\/salajove\\\/2019\\\/01\\\/24\\\/bollere-premiats-en-la-desena-edicio\\\/\"]}]},{\"@type\":\"ImageObject\",\"inLanguage\":\"ca\",\"@id\":\"https:\\\/\\\/biblioteca.blanes.cat\\\/salajove\\\/2019\\\/01\\\/24\\\/bollere-premiats-en-la-desena-edicio\\\/#primaryimage\",\"url\":\"https:\\\/\\\/biblioteca.blanes.cat\\\/salajove\\\/wp-content\\\/uploads\\\/sites\\\/3\\\/2017\\\/09\\\/Instagram-ConcursLiterari_Boller\u00e92018.png\",\"contentUrl\":\"https:\\\/\\\/biblioteca.blanes.cat\\\/salajove\\\/wp-content\\\/uploads\\\/sites\\\/3\\\/2017\\\/09\\\/Instagram-ConcursLiterari_Boller\u00e92018.png\",\"width\":700,\"height\":700},{\"@type\":\"BreadcrumbList\",\"@id\":\"https:\\\/\\\/biblioteca.blanes.cat\\\/salajove\\\/2019\\\/01\\\/24\\\/bollere-premiats-en-la-desena-edicio\\\/#breadcrumb\",\"itemListElement\":[{\"@type\":\"ListItem\",\"position\":1,\"name\":\"Inici\",\"item\":\"https:\\\/\\\/biblioteca.blanes.cat\\\/salajove\\\/\"},{\"@type\":\"ListItem\",\"position\":2,\"name\":\"BOLLER\u00c9: Premiats en la desena edici\u00f3\"}]},{\"@type\":\"WebSite\",\"@id\":\"https:\\\/\\\/biblioteca.blanes.cat\\\/salajove\\\/#website\",\"url\":\"https:\\\/\\\/biblioteca.blanes.cat\\\/salajove\\\/\",\"name\":\"Sala Jove\",\"description\":\"Biblioteca Comarcal de Blanes\",\"publisher\":{\"@id\":\"https:\\\/\\\/biblioteca.blanes.cat\\\/salajove\\\/#organization\"},\"potentialAction\":[{\"@type\":\"SearchAction\",\"target\":{\"@type\":\"EntryPoint\",\"urlTemplate\":\"https:\\\/\\\/biblioteca.blanes.cat\\\/salajove\\\/?s={search_term_string}\"},\"query-input\":{\"@type\":\"PropertyValueSpecification\",\"valueRequired\":true,\"valueName\":\"search_term_string\"}}],\"inLanguage\":\"ca\"},{\"@type\":\"Organization\",\"@id\":\"https:\\\/\\\/biblioteca.blanes.cat\\\/salajove\\\/#organization\",\"name\":\"Biblioteca Comarcal de Blanes\",\"url\":\"https:\\\/\\\/biblioteca.blanes.cat\\\/salajove\\\/\",\"logo\":{\"@type\":\"ImageObject\",\"inLanguage\":\"ca\",\"@id\":\"https:\\\/\\\/biblioteca.blanes.cat\\\/salajove\\\/#\\\/schema\\\/logo\\\/image\\\/\",\"url\":\"https:\\\/\\\/biblioteca.blanes.cat\\\/salajove\\\/wp-content\\\/uploads\\\/sites\\\/3\\\/2017\\\/09\\\/cropped-Bib-blau-e1518869380535.png\",\"contentUrl\":\"https:\\\/\\\/biblioteca.blanes.cat\\\/salajove\\\/wp-content\\\/uploads\\\/sites\\\/3\\\/2017\\\/09\\\/cropped-Bib-blau-e1518869380535.png\",\"width\":166,\"height\":166,\"caption\":\"Biblioteca Comarcal de Blanes\"},\"image\":{\"@id\":\"https:\\\/\\\/biblioteca.blanes.cat\\\/salajove\\\/#\\\/schema\\\/logo\\\/image\\\/\"},\"sameAs\":[\"https:\\\/\\\/www.facebook.com\\\/BilbiotecaComarcaldeBlanes\\\/\",\"https:\\\/\\\/x.com\\\/BiblioBlanes\",\"https:\\\/\\\/www.instagram.com\\\/biblioblanes\\\/\",\"https:\\\/\\\/www.pinterest.es\\\/bblanes\\\/\",\"https:\\\/\\\/www.youtube.com\\\/c\\\/BibliotecaComarcalBlanes\"]},{\"@type\":\"Person\",\"@id\":\"https:\\\/\\\/biblioteca.blanes.cat\\\/salajove\\\/#\\\/schema\\\/person\\\/5a7b46760d9dd611d098bbf571a341dc\",\"name\":\"biblioblanes\",\"image\":{\"@type\":\"ImageObject\",\"inLanguage\":\"ca\",\"@id\":\"https:\\\/\\\/secure.gravatar.com\\\/avatar\\\/6593ca6cc90e5a70939f51c95e8315483b9c281bafba597292bee47992030f99?s=96&d=mm&r=g\",\"url\":\"https:\\\/\\\/secure.gravatar.com\\\/avatar\\\/6593ca6cc90e5a70939f51c95e8315483b9c281bafba597292bee47992030f99?s=96&d=mm&r=g\",\"contentUrl\":\"https:\\\/\\\/secure.gravatar.com\\\/avatar\\\/6593ca6cc90e5a70939f51c95e8315483b9c281bafba597292bee47992030f99?s=96&d=mm&r=g\",\"caption\":\"biblioblanes\"},\"sameAs\":[\"http:\\\/\\\/www.bibgirona.cat\\\/biblioteca\\\/blanes\",\"https:\\\/\\\/x.com\\\/biblioblanes\"],\"url\":\"https:\\\/\\\/biblioteca.blanes.cat\\\/salajove\\\/author\\\/biblioblanes\\\/\"}]}<\/script>\n<!-- \/ Yoast SEO plugin. -->","yoast_head_json":{"title":"BOLLER\u00c9: Premiats en la desena edici\u00f3 - Sala Jove","description":"BOLLER\u00c9: Premiats en la desena edici\u00f3 - Boller\u00e9 - Els guardonats en la desena edici\u00f3 del concurs de relats breus per a joves Boller\u00e9 han estat:en la ...","robots":{"index":"index","follow":"follow","max-snippet":"max-snippet:-1","max-image-preview":"max-image-preview:large","max-video-preview":"max-video-preview:-1"},"canonical":"https:\/\/biblioteca.blanes.cat\/salajove\/2019\/01\/24\/bollere-premiats-en-la-desena-edicio\/","og_locale":"ca_ES","og_type":"article","og_title":"BOLLER\u00c9: Premiats en la desena edici\u00f3 - Sala Jove","og_description":"BOLLER\u00c9: Premiats en la desena edici\u00f3 - Boller\u00e9 - Els guardonats en la desena edici\u00f3 del concurs de relats breus per a joves Boller\u00e9 han estat:en la ...","og_url":"https:\/\/biblioteca.blanes.cat\/salajove\/2019\/01\/24\/bollere-premiats-en-la-desena-edicio\/","og_site_name":"Sala Jove","article_publisher":"https:\/\/www.facebook.com\/BilbiotecaComarcaldeBlanes\/","article_published_time":"2019-01-24T13:48:22+00:00","article_modified_time":"2019-01-24T13:51:15+00:00","og_image":[{"width":700,"height":700,"url":"https:\/\/biblioteca.blanes.cat\/salajove\/wp-content\/uploads\/sites\/3\/2017\/09\/Instagram-ConcursLiterari_Boller\u00e92018.png","type":"image\/png"}],"author":"biblioblanes","twitter_card":"summary_large_image","twitter_creator":"@biblioblanes","twitter_site":"@BiblioBlanes","twitter_misc":{"Escrit per":"biblioblanes"},"schema":{"@context":"https:\/\/schema.org","@graph":[{"@type":"Article","@id":"https:\/\/biblioteca.blanes.cat\/salajove\/2019\/01\/24\/bollere-premiats-en-la-desena-edicio\/#article","isPartOf":{"@id":"https:\/\/biblioteca.blanes.cat\/salajove\/2019\/01\/24\/bollere-premiats-en-la-desena-edicio\/"},"author":{"name":"biblioblanes","@id":"https:\/\/biblioteca.blanes.cat\/salajove\/#\/schema\/person\/5a7b46760d9dd611d098bbf571a341dc"},"headline":"BOLLER\u00c9: Premiats en la desena edici\u00f3","datePublished":"2019-01-24T13:48:22+00:00","dateModified":"2019-01-24T13:51:15+00:00","mainEntityOfPage":{"@id":"https:\/\/biblioteca.blanes.cat\/salajove\/2019\/01\/24\/bollere-premiats-en-la-desena-edicio\/"},"wordCount":80,"commentCount":0,"publisher":{"@id":"https:\/\/biblioteca.blanes.cat\/salajove\/#organization"},"image":{"@id":"https:\/\/biblioteca.blanes.cat\/salajove\/2019\/01\/24\/bollere-premiats-en-la-desena-edicio\/#primaryimage"},"thumbnailUrl":"https:\/\/biblioteca.blanes.cat\/salajove\/wp-content\/uploads\/sites\/3\/2017\/09\/Instagram-ConcursLiterari_Boller\u00e92018.png","keywords":["#Boller\u00e9","#Cert\u00e0men","#Escriptura","#Joves","#Literatura","#Narraci\u00f3","#Premis"],"articleSection":["Boller\u00e9"],"inLanguage":"ca","potentialAction":[{"@type":"CommentAction","name":"Comment","target":["https:\/\/biblioteca.blanes.cat\/salajove\/2019\/01\/24\/bollere-premiats-en-la-desena-edicio\/#respond"]}]},{"@type":"WebPage","@id":"https:\/\/biblioteca.blanes.cat\/salajove\/2019\/01\/24\/bollere-premiats-en-la-desena-edicio\/","url":"https:\/\/biblioteca.blanes.cat\/salajove\/2019\/01\/24\/bollere-premiats-en-la-desena-edicio\/","name":"BOLLER\u00c9: Premiats en la desena edici\u00f3 - Sala Jove","isPartOf":{"@id":"https:\/\/biblioteca.blanes.cat\/salajove\/#website"},"primaryImageOfPage":{"@id":"https:\/\/biblioteca.blanes.cat\/salajove\/2019\/01\/24\/bollere-premiats-en-la-desena-edicio\/#primaryimage"},"image":{"@id":"https:\/\/biblioteca.blanes.cat\/salajove\/2019\/01\/24\/bollere-premiats-en-la-desena-edicio\/#primaryimage"},"thumbnailUrl":"https:\/\/biblioteca.blanes.cat\/salajove\/wp-content\/uploads\/sites\/3\/2017\/09\/Instagram-ConcursLiterari_Boller\u00e92018.png","datePublished":"2019-01-24T13:48:22+00:00","dateModified":"2019-01-24T13:51:15+00:00","description":"BOLLER\u00c9: Premiats en la desena edici\u00f3 - Boller\u00e9 - Els guardonats en la desena edici\u00f3 del concurs de relats breus per a joves Boller\u00e9 han estat:en la ...","breadcrumb":{"@id":"https:\/\/biblioteca.blanes.cat\/salajove\/2019\/01\/24\/bollere-premiats-en-la-desena-edicio\/#breadcrumb"},"inLanguage":"ca","potentialAction":[{"@type":"ReadAction","target":["https:\/\/biblioteca.blanes.cat\/salajove\/2019\/01\/24\/bollere-premiats-en-la-desena-edicio\/"]}]},{"@type":"ImageObject","inLanguage":"ca","@id":"https:\/\/biblioteca.blanes.cat\/salajove\/2019\/01\/24\/bollere-premiats-en-la-desena-edicio\/#primaryimage","url":"https:\/\/biblioteca.blanes.cat\/salajove\/wp-content\/uploads\/sites\/3\/2017\/09\/Instagram-ConcursLiterari_Boller\u00e92018.png","contentUrl":"https:\/\/biblioteca.blanes.cat\/salajove\/wp-content\/uploads\/sites\/3\/2017\/09\/Instagram-ConcursLiterari_Boller\u00e92018.png","width":700,"height":700},{"@type":"BreadcrumbList","@id":"https:\/\/biblioteca.blanes.cat\/salajove\/2019\/01\/24\/bollere-premiats-en-la-desena-edicio\/#breadcrumb","itemListElement":[{"@type":"ListItem","position":1,"name":"Inici","item":"https:\/\/biblioteca.blanes.cat\/salajove\/"},{"@type":"ListItem","position":2,"name":"BOLLER\u00c9: Premiats en la desena edici\u00f3"}]},{"@type":"WebSite","@id":"https:\/\/biblioteca.blanes.cat\/salajove\/#website","url":"https:\/\/biblioteca.blanes.cat\/salajove\/","name":"Sala Jove","description":"Biblioteca Comarcal de Blanes","publisher":{"@id":"https:\/\/biblioteca.blanes.cat\/salajove\/#organization"},"potentialAction":[{"@type":"SearchAction","target":{"@type":"EntryPoint","urlTemplate":"https:\/\/biblioteca.blanes.cat\/salajove\/?s={search_term_string}"},"query-input":{"@type":"PropertyValueSpecification","valueRequired":true,"valueName":"search_term_string"}}],"inLanguage":"ca"},{"@type":"Organization","@id":"https:\/\/biblioteca.blanes.cat\/salajove\/#organization","name":"Biblioteca Comarcal de Blanes","url":"https:\/\/biblioteca.blanes.cat\/salajove\/","logo":{"@type":"ImageObject","inLanguage":"ca","@id":"https:\/\/biblioteca.blanes.cat\/salajove\/#\/schema\/logo\/image\/","url":"https:\/\/biblioteca.blanes.cat\/salajove\/wp-content\/uploads\/sites\/3\/2017\/09\/cropped-Bib-blau-e1518869380535.png","contentUrl":"https:\/\/biblioteca.blanes.cat\/salajove\/wp-content\/uploads\/sites\/3\/2017\/09\/cropped-Bib-blau-e1518869380535.png","width":166,"height":166,"caption":"Biblioteca Comarcal de Blanes"},"image":{"@id":"https:\/\/biblioteca.blanes.cat\/salajove\/#\/schema\/logo\/image\/"},"sameAs":["https:\/\/www.facebook.com\/BilbiotecaComarcaldeBlanes\/","https:\/\/x.com\/BiblioBlanes","https:\/\/www.instagram.com\/biblioblanes\/","https:\/\/www.pinterest.es\/bblanes\/","https:\/\/www.youtube.com\/c\/BibliotecaComarcalBlanes"]},{"@type":"Person","@id":"https:\/\/biblioteca.blanes.cat\/salajove\/#\/schema\/person\/5a7b46760d9dd611d098bbf571a341dc","name":"biblioblanes","image":{"@type":"ImageObject","inLanguage":"ca","@id":"https:\/\/secure.gravatar.com\/avatar\/6593ca6cc90e5a70939f51c95e8315483b9c281bafba597292bee47992030f99?s=96&d=mm&r=g","url":"https:\/\/secure.gravatar.com\/avatar\/6593ca6cc90e5a70939f51c95e8315483b9c281bafba597292bee47992030f99?s=96&d=mm&r=g","contentUrl":"https:\/\/secure.gravatar.com\/avatar\/6593ca6cc90e5a70939f51c95e8315483b9c281bafba597292bee47992030f99?s=96&d=mm&r=g","caption":"biblioblanes"},"sameAs":["http:\/\/www.bibgirona.cat\/biblioteca\/blanes","https:\/\/x.com\/biblioblanes"],"url":"https:\/\/biblioteca.blanes.cat\/salajove\/author\/biblioblanes\/"}]}},"_links":{"self":[{"href":"https:\/\/biblioteca.blanes.cat\/salajove\/wp-json\/wp\/v2\/posts\/2510","targetHints":{"allow":["GET"]}}],"collection":[{"href":"https:\/\/biblioteca.blanes.cat\/salajove\/wp-json\/wp\/v2\/posts"}],"about":[{"href":"https:\/\/biblioteca.blanes.cat\/salajove\/wp-json\/wp\/v2\/types\/post"}],"author":[{"embeddable":true,"href":"https:\/\/biblioteca.blanes.cat\/salajove\/wp-json\/wp\/v2\/users\/4"}],"replies":[{"embeddable":true,"href":"https:\/\/biblioteca.blanes.cat\/salajove\/wp-json\/wp\/v2\/comments?post=2510"}],"version-history":[{"count":7,"href":"https:\/\/biblioteca.blanes.cat\/salajove\/wp-json\/wp\/v2\/posts\/2510\/revisions"}],"predecessor-version":[{"id":2517,"href":"https:\/\/biblioteca.blanes.cat\/salajove\/wp-json\/wp\/v2\/posts\/2510\/revisions\/2517"}],"wp:featuredmedia":[{"embeddable":true,"href":"https:\/\/biblioteca.blanes.cat\/salajove\/wp-json\/wp\/v2\/media\/1621"}],"wp:attachment":[{"href":"https:\/\/biblioteca.blanes.cat\/salajove\/wp-json\/wp\/v2\/media?parent=2510"}],"wp:term":[{"taxonomy":"category","embeddable":true,"href":"https:\/\/biblioteca.blanes.cat\/salajove\/wp-json\/wp\/v2\/categories?post=2510"},{"taxonomy":"post_tag","embeddable":true,"href":"https:\/\/biblioteca.blanes.cat\/salajove\/wp-json\/wp\/v2\/tags?post=2510"}],"curies":[{"name":"wp","href":"https:\/\/api.w.org\/{rel}","templated":true}]}}