{"id":2500,"date":"2019-01-23T11:44:23","date_gmt":"2019-01-23T10:44:23","guid":{"rendered":"https:\/\/biblioteca.blanes.cat\/salajove\/?p=2500"},"modified":"2019-01-23T11:48:38","modified_gmt":"2019-01-23T10:48:38","slug":"biblioteca-jove-apps-factory","status":"publish","type":"post","link":"https:\/\/biblioteca.blanes.cat\/salajove\/2019\/01\/23\/biblioteca-jove-apps-factory\/","title":{"rendered":"FORMACI\u00d3: APPS Factory 3\u00aa edici\u00f3"},"content":{"rendered":"<h2 style=\"text-align: center;\">Curs subvencionat sobre creaci\u00f3 d&#8217;APPS per l&#8217;ocupaci\u00f3 de joves talents<\/h2>\n<p style=\"text-align: justify;\">Biblioteca Jove &#8211; Apps factory\u00a0 \u00e9s un projecte subvencionat pel Servei P\u00fablic d\u2019Ocupaci\u00f3 de Catalunya i el Fons Social Europeu, en el marc de la iniciativa d\u2019Ocupaci\u00f3 Juvenil<!--more--> d\u2019acord amb els Projectes Singulars de <a href=\"http:\/\/garantiajuvenil.gencat.cat\/ca\/inici\/\" target=\"_blank\" rel=\"noopener\">Garantia Juvenil<\/a>.<\/p>\n<p style=\"text-align: center;\"><img fetchpriority=\"high\" decoding=\"async\" class=\"aligncenter size-medium\" src=\"https:\/\/gallery.mailchimp.com\/4081813082b37ad28768b3103\/images\/c8aad036-7faa-4c3b-920e-d36a53e4a655.jpg\" alt=\"Biblioteca Jove Apps factory\" width=\"500\" height=\"498\" \/><\/p>\n<p style=\"text-align: justify;\">\u00a0<\/p>\n<p style=\"text-align: justify;\">Aquest projecte va adre\u00e7at a joves <span style=\"font-size: 20px; font-family: Acme; color: #993366;\">menors de 30 anys<\/span> que vulguin treballar en el sector mobile. Aquest <span style=\"color: #993366;\"><span style=\"font-family: Acme; font-size: 24px;\">curs totalment subvencionat<\/span> <span style=\"color: #000000;\">proporcionar\u00e0 als participants formaci\u00f3 espec\u00edfica en <span style=\"color: #993366;\">disseny i programaci\u00f3, per l\u2019elaboraci\u00f3 d\u2019Apps m\u00f2bils.<\/span><\/span><\/span><\/p>\n<p>Per poder accedir a aquesta formaci\u00f3 has de:<\/p>\n<ul>\n<li style=\"text-align: center;\">Ser menor de 30 anys<\/li>\n<li style=\"text-align: center;\">Ser beneficiari de Garantia Juvenil<\/li>\n<li style=\"text-align: center;\">Estar inscrit com a demandant d\u2019ocupaci\u00f3 al SOC<\/li>\n<\/ul>\n<p>&nbsp;<\/p>\n<p>Per m\u00e9s informaci\u00f3 visita el seg\u00fcent enlla\u00e7:<strong> \u00a0<\/strong> <a href=\"http:\/\/www.appsfactory.cat\">www.appsfactory.cat<\/a><\/p>\n<p style=\"text-align: justify;\">\u00a0<\/p>\n<p style=\"text-align: center;\">\u00a0<\/p>\n<h2 style=\"text-align: center;\"><a href=\"http:\/\/www.blanes.cat\/biblioteca\" target=\"_blank\" rel=\"noopener\">Biblioteca Comarcal de Blanes<\/a> \u2013 <a href=\"http:\/\/biblioteca.blanes.cat\/salajove\">Sala Jove<\/a><\/h2>\n","protected":false},"excerpt":{"rendered":"<p>Curs subvencionat sobre creaci\u00f3 d&#8217;APPS per l&#8217;ocupaci\u00f3 de joves talents Biblioteca Jove &#8211; Apps factory\u00a0 \u00e9s un projecte subvencionat pel Servei P\u00fablic d\u2019Ocupaci\u00f3 de Catalunya i el Fons Social Europeu, en el marc de la iniciativa d\u2019Ocupaci\u00f3 Juvenil<\/p>\n","protected":false},"author":4,"featured_media":2504,"comment_status":"open","ping_status":"open","sticky":false,"template":"","format":"standard","meta":{"sfsi_plus_gutenberg_text_before_share":"","sfsi_plus_gutenberg_show_text_before_share":"","sfsi_plus_gutenberg_icon_type":"","sfsi_plus_gutenberg_icon_alignemt":"","sfsi_plus_gutenburg_max_per_row":"","footnotes":""},"categories":[1],"tags":[49,48,81,82,52],"class_list":["post-2500","post","type-post","status-publish","format-standard","has-post-thumbnail","hentry","category-general","tag-actualitat","tag-educacio","tag-formacio","tag-garantia-juvenil","tag-joves"],"yoast_head":"<!-- This site is optimized with the Yoast SEO plugin v27.5 - https:\/\/yoast.com\/product\/yoast-seo-wordpress\/ -->\n<title>Biblioteca Jove - Apps factory - @biblioblanes- garant\u00eda juvenil<\/title>\n<meta name=\"description\" content=\"Biblioteca Jove - Apps factory - Not\u00edcies - Curs subvencionat pel Servei P\u00fablic d\u2019Ocupaci\u00f3 de Catalunya sobre creaci\u00f3 d&#039;APPS per l&#039;ocupaci\u00f3 de joves talents\" \/>\n<meta name=\"robots\" content=\"index, follow, max-snippet:-1, max-image-preview:large, max-video-preview:-1\" \/>\n<link rel=\"canonical\" href=\"https:\/\/biblioteca.blanes.cat\/salajove\/2019\/01\/23\/biblioteca-jove-apps-factory\/\" \/>\n<meta property=\"og:locale\" content=\"ca_ES\" \/>\n<meta property=\"og:type\" content=\"article\" \/>\n<meta property=\"og:title\" content=\"Biblioteca Jove - Apps factory - @biblioblanes- garant\u00eda juvenil\" \/>\n<meta property=\"og:description\" content=\"Biblioteca Jove - Apps factory - Not\u00edcies - Curs subvencionat pel Servei P\u00fablic d\u2019Ocupaci\u00f3 de Catalunya sobre creaci\u00f3 d&#039;APPS per l&#039;ocupaci\u00f3 de joves talents\" \/>\n<meta property=\"og:url\" content=\"https:\/\/biblioteca.blanes.cat\/salajove\/2019\/01\/23\/biblioteca-jove-apps-factory\/\" \/>\n<meta property=\"og:site_name\" content=\"Sala Jove\" \/>\n<meta property=\"article:publisher\" content=\"https:\/\/www.facebook.com\/BilbiotecaComarcaldeBlanes\/\" \/>\n<meta property=\"article:published_time\" content=\"2019-01-23T10:44:23+00:00\" \/>\n<meta property=\"article:modified_time\" content=\"2019-01-23T10:48:38+00:00\" \/>\n<meta property=\"og:image\" content=\"https:\/\/biblioteca.blanes.cat\/salajove\/wp-content\/uploads\/sites\/3\/2019\/01\/c8aad036-7faa-4c3b-920e-d36a53e4a655.jpg\" \/>\n\t<meta property=\"og:image:width\" content=\"500\" \/>\n\t<meta property=\"og:image:height\" content=\"498\" \/>\n\t<meta property=\"og:image:type\" content=\"image\/jpeg\" \/>\n<meta name=\"author\" content=\"biblioblanes\" \/>\n<meta name=\"twitter:card\" content=\"summary_large_image\" \/>\n<meta name=\"twitter:creator\" content=\"@biblioblanes\" \/>\n<meta name=\"twitter:site\" content=\"@BiblioBlanes\" \/>\n<meta name=\"twitter:label1\" content=\"Escrit per\" \/>\n\t<meta name=\"twitter:data1\" content=\"biblioblanes\" \/>\n\t<meta name=\"twitter:label2\" content=\"Temps estimat de lectura\" \/>\n\t<meta name=\"twitter:data2\" content=\"1 minut\" \/>\n<script type=\"application\/ld+json\" class=\"yoast-schema-graph\">{\"@context\":\"https:\\\/\\\/schema.org\",\"@graph\":[{\"@type\":\"Article\",\"@id\":\"https:\\\/\\\/biblioteca.blanes.cat\\\/salajove\\\/2019\\\/01\\\/23\\\/biblioteca-jove-apps-factory\\\/#article\",\"isPartOf\":{\"@id\":\"https:\\\/\\\/biblioteca.blanes.cat\\\/salajove\\\/2019\\\/01\\\/23\\\/biblioteca-jove-apps-factory\\\/\"},\"author\":{\"name\":\"biblioblanes\",\"@id\":\"https:\\\/\\\/biblioteca.blanes.cat\\\/salajove\\\/#\\\/schema\\\/person\\\/5a7b46760d9dd611d098bbf571a341dc\"},\"headline\":\"FORMACI\u00d3: APPS Factory 3\u00aa edici\u00f3\",\"datePublished\":\"2019-01-23T10:44:23+00:00\",\"dateModified\":\"2019-01-23T10:48:38+00:00\",\"mainEntityOfPage\":{\"@id\":\"https:\\\/\\\/biblioteca.blanes.cat\\\/salajove\\\/2019\\\/01\\\/23\\\/biblioteca-jove-apps-factory\\\/\"},\"wordCount\":139,\"commentCount\":0,\"publisher\":{\"@id\":\"https:\\\/\\\/biblioteca.blanes.cat\\\/salajove\\\/#organization\"},\"image\":{\"@id\":\"https:\\\/\\\/biblioteca.blanes.cat\\\/salajove\\\/2019\\\/01\\\/23\\\/biblioteca-jove-apps-factory\\\/#primaryimage\"},\"thumbnailUrl\":\"https:\\\/\\\/biblioteca.blanes.cat\\\/salajove\\\/wp-content\\\/uploads\\\/sites\\\/3\\\/2019\\\/01\\\/c8aad036-7faa-4c3b-920e-d36a53e4a655.jpg\",\"keywords\":[\"#Actualitat\",\"#Educaci\u00f3\",\"#formaci\u00f3\",\"#garant\u00eda juvenil\",\"#Joves\"],\"articleSection\":[\"Not\u00edcies\"],\"inLanguage\":\"ca\",\"potentialAction\":[{\"@type\":\"CommentAction\",\"name\":\"Comment\",\"target\":[\"https:\\\/\\\/biblioteca.blanes.cat\\\/salajove\\\/2019\\\/01\\\/23\\\/biblioteca-jove-apps-factory\\\/#respond\"]}]},{\"@type\":\"WebPage\",\"@id\":\"https:\\\/\\\/biblioteca.blanes.cat\\\/salajove\\\/2019\\\/01\\\/23\\\/biblioteca-jove-apps-factory\\\/\",\"url\":\"https:\\\/\\\/biblioteca.blanes.cat\\\/salajove\\\/2019\\\/01\\\/23\\\/biblioteca-jove-apps-factory\\\/\",\"name\":\"Biblioteca Jove - Apps factory - @biblioblanes- garant\u00eda juvenil\",\"isPartOf\":{\"@id\":\"https:\\\/\\\/biblioteca.blanes.cat\\\/salajove\\\/#website\"},\"primaryImageOfPage\":{\"@id\":\"https:\\\/\\\/biblioteca.blanes.cat\\\/salajove\\\/2019\\\/01\\\/23\\\/biblioteca-jove-apps-factory\\\/#primaryimage\"},\"image\":{\"@id\":\"https:\\\/\\\/biblioteca.blanes.cat\\\/salajove\\\/2019\\\/01\\\/23\\\/biblioteca-jove-apps-factory\\\/#primaryimage\"},\"thumbnailUrl\":\"https:\\\/\\\/biblioteca.blanes.cat\\\/salajove\\\/wp-content\\\/uploads\\\/sites\\\/3\\\/2019\\\/01\\\/c8aad036-7faa-4c3b-920e-d36a53e4a655.jpg\",\"datePublished\":\"2019-01-23T10:44:23+00:00\",\"dateModified\":\"2019-01-23T10:48:38+00:00\",\"description\":\"Biblioteca Jove - Apps factory - Not\u00edcies - Curs subvencionat pel Servei P\u00fablic d\u2019Ocupaci\u00f3 de Catalunya sobre creaci\u00f3 d'APPS per l'ocupaci\u00f3 de joves talents\",\"breadcrumb\":{\"@id\":\"https:\\\/\\\/biblioteca.blanes.cat\\\/salajove\\\/2019\\\/01\\\/23\\\/biblioteca-jove-apps-factory\\\/#breadcrumb\"},\"inLanguage\":\"ca\",\"potentialAction\":[{\"@type\":\"ReadAction\",\"target\":[\"https:\\\/\\\/biblioteca.blanes.cat\\\/salajove\\\/2019\\\/01\\\/23\\\/biblioteca-jove-apps-factory\\\/\"]}]},{\"@type\":\"ImageObject\",\"inLanguage\":\"ca\",\"@id\":\"https:\\\/\\\/biblioteca.blanes.cat\\\/salajove\\\/2019\\\/01\\\/23\\\/biblioteca-jove-apps-factory\\\/#primaryimage\",\"url\":\"https:\\\/\\\/biblioteca.blanes.cat\\\/salajove\\\/wp-content\\\/uploads\\\/sites\\\/3\\\/2019\\\/01\\\/c8aad036-7faa-4c3b-920e-d36a53e4a655.jpg\",\"contentUrl\":\"https:\\\/\\\/biblioteca.blanes.cat\\\/salajove\\\/wp-content\\\/uploads\\\/sites\\\/3\\\/2019\\\/01\\\/c8aad036-7faa-4c3b-920e-d36a53e4a655.jpg\",\"width\":500,\"height\":498},{\"@type\":\"BreadcrumbList\",\"@id\":\"https:\\\/\\\/biblioteca.blanes.cat\\\/salajove\\\/2019\\\/01\\\/23\\\/biblioteca-jove-apps-factory\\\/#breadcrumb\",\"itemListElement\":[{\"@type\":\"ListItem\",\"position\":1,\"name\":\"Inici\",\"item\":\"https:\\\/\\\/biblioteca.blanes.cat\\\/salajove\\\/\"},{\"@type\":\"ListItem\",\"position\":2,\"name\":\"FORMACI\u00d3: APPS Factory 3\u00aa edici\u00f3\"}]},{\"@type\":\"WebSite\",\"@id\":\"https:\\\/\\\/biblioteca.blanes.cat\\\/salajove\\\/#website\",\"url\":\"https:\\\/\\\/biblioteca.blanes.cat\\\/salajove\\\/\",\"name\":\"Sala Jove\",\"description\":\"Biblioteca Comarcal de Blanes\",\"publisher\":{\"@id\":\"https:\\\/\\\/biblioteca.blanes.cat\\\/salajove\\\/#organization\"},\"potentialAction\":[{\"@type\":\"SearchAction\",\"target\":{\"@type\":\"EntryPoint\",\"urlTemplate\":\"https:\\\/\\\/biblioteca.blanes.cat\\\/salajove\\\/?s={search_term_string}\"},\"query-input\":{\"@type\":\"PropertyValueSpecification\",\"valueRequired\":true,\"valueName\":\"search_term_string\"}}],\"inLanguage\":\"ca\"},{\"@type\":\"Organization\",\"@id\":\"https:\\\/\\\/biblioteca.blanes.cat\\\/salajove\\\/#organization\",\"name\":\"Biblioteca Comarcal de Blanes\",\"url\":\"https:\\\/\\\/biblioteca.blanes.cat\\\/salajove\\\/\",\"logo\":{\"@type\":\"ImageObject\",\"inLanguage\":\"ca\",\"@id\":\"https:\\\/\\\/biblioteca.blanes.cat\\\/salajove\\\/#\\\/schema\\\/logo\\\/image\\\/\",\"url\":\"https:\\\/\\\/biblioteca.blanes.cat\\\/salajove\\\/wp-content\\\/uploads\\\/sites\\\/3\\\/2017\\\/09\\\/cropped-Bib-blau-e1518869380535.png\",\"contentUrl\":\"https:\\\/\\\/biblioteca.blanes.cat\\\/salajove\\\/wp-content\\\/uploads\\\/sites\\\/3\\\/2017\\\/09\\\/cropped-Bib-blau-e1518869380535.png\",\"width\":166,\"height\":166,\"caption\":\"Biblioteca Comarcal de Blanes\"},\"image\":{\"@id\":\"https:\\\/\\\/biblioteca.blanes.cat\\\/salajove\\\/#\\\/schema\\\/logo\\\/image\\\/\"},\"sameAs\":[\"https:\\\/\\\/www.facebook.com\\\/BilbiotecaComarcaldeBlanes\\\/\",\"https:\\\/\\\/x.com\\\/BiblioBlanes\",\"https:\\\/\\\/www.instagram.com\\\/biblioblanes\\\/\",\"https:\\\/\\\/www.pinterest.es\\\/bblanes\\\/\",\"https:\\\/\\\/www.youtube.com\\\/c\\\/BibliotecaComarcalBlanes\"]},{\"@type\":\"Person\",\"@id\":\"https:\\\/\\\/biblioteca.blanes.cat\\\/salajove\\\/#\\\/schema\\\/person\\\/5a7b46760d9dd611d098bbf571a341dc\",\"name\":\"biblioblanes\",\"image\":{\"@type\":\"ImageObject\",\"inLanguage\":\"ca\",\"@id\":\"https:\\\/\\\/secure.gravatar.com\\\/avatar\\\/6593ca6cc90e5a70939f51c95e8315483b9c281bafba597292bee47992030f99?s=96&d=mm&r=g\",\"url\":\"https:\\\/\\\/secure.gravatar.com\\\/avatar\\\/6593ca6cc90e5a70939f51c95e8315483b9c281bafba597292bee47992030f99?s=96&d=mm&r=g\",\"contentUrl\":\"https:\\\/\\\/secure.gravatar.com\\\/avatar\\\/6593ca6cc90e5a70939f51c95e8315483b9c281bafba597292bee47992030f99?s=96&d=mm&r=g\",\"caption\":\"biblioblanes\"},\"sameAs\":[\"http:\\\/\\\/www.bibgirona.cat\\\/biblioteca\\\/blanes\",\"https:\\\/\\\/x.com\\\/biblioblanes\"],\"url\":\"https:\\\/\\\/biblioteca.blanes.cat\\\/salajove\\\/author\\\/biblioblanes\\\/\"}]}<\/script>\n<!-- \/ Yoast SEO plugin. -->","yoast_head_json":{"title":"Biblioteca Jove - Apps factory - @biblioblanes- garant\u00eda juvenil","description":"Biblioteca Jove - Apps factory - Not\u00edcies - Curs subvencionat pel Servei P\u00fablic d\u2019Ocupaci\u00f3 de Catalunya sobre creaci\u00f3 d'APPS per l'ocupaci\u00f3 de joves talents","robots":{"index":"index","follow":"follow","max-snippet":"max-snippet:-1","max-image-preview":"max-image-preview:large","max-video-preview":"max-video-preview:-1"},"canonical":"https:\/\/biblioteca.blanes.cat\/salajove\/2019\/01\/23\/biblioteca-jove-apps-factory\/","og_locale":"ca_ES","og_type":"article","og_title":"Biblioteca Jove - Apps factory - @biblioblanes- garant\u00eda juvenil","og_description":"Biblioteca Jove - Apps factory - Not\u00edcies - Curs subvencionat pel Servei P\u00fablic d\u2019Ocupaci\u00f3 de Catalunya sobre creaci\u00f3 d'APPS per l'ocupaci\u00f3 de joves talents","og_url":"https:\/\/biblioteca.blanes.cat\/salajove\/2019\/01\/23\/biblioteca-jove-apps-factory\/","og_site_name":"Sala Jove","article_publisher":"https:\/\/www.facebook.com\/BilbiotecaComarcaldeBlanes\/","article_published_time":"2019-01-23T10:44:23+00:00","article_modified_time":"2019-01-23T10:48:38+00:00","og_image":[{"width":500,"height":498,"url":"https:\/\/biblioteca.blanes.cat\/salajove\/wp-content\/uploads\/sites\/3\/2019\/01\/c8aad036-7faa-4c3b-920e-d36a53e4a655.jpg","type":"image\/jpeg"}],"author":"biblioblanes","twitter_card":"summary_large_image","twitter_creator":"@biblioblanes","twitter_site":"@BiblioBlanes","twitter_misc":{"Escrit per":"biblioblanes","Temps estimat de lectura":"1 minut"},"schema":{"@context":"https:\/\/schema.org","@graph":[{"@type":"Article","@id":"https:\/\/biblioteca.blanes.cat\/salajove\/2019\/01\/23\/biblioteca-jove-apps-factory\/#article","isPartOf":{"@id":"https:\/\/biblioteca.blanes.cat\/salajove\/2019\/01\/23\/biblioteca-jove-apps-factory\/"},"author":{"name":"biblioblanes","@id":"https:\/\/biblioteca.blanes.cat\/salajove\/#\/schema\/person\/5a7b46760d9dd611d098bbf571a341dc"},"headline":"FORMACI\u00d3: APPS Factory 3\u00aa edici\u00f3","datePublished":"2019-01-23T10:44:23+00:00","dateModified":"2019-01-23T10:48:38+00:00","mainEntityOfPage":{"@id":"https:\/\/biblioteca.blanes.cat\/salajove\/2019\/01\/23\/biblioteca-jove-apps-factory\/"},"wordCount":139,"commentCount":0,"publisher":{"@id":"https:\/\/biblioteca.blanes.cat\/salajove\/#organization"},"image":{"@id":"https:\/\/biblioteca.blanes.cat\/salajove\/2019\/01\/23\/biblioteca-jove-apps-factory\/#primaryimage"},"thumbnailUrl":"https:\/\/biblioteca.blanes.cat\/salajove\/wp-content\/uploads\/sites\/3\/2019\/01\/c8aad036-7faa-4c3b-920e-d36a53e4a655.jpg","keywords":["#Actualitat","#Educaci\u00f3","#formaci\u00f3","#garant\u00eda juvenil","#Joves"],"articleSection":["Not\u00edcies"],"inLanguage":"ca","potentialAction":[{"@type":"CommentAction","name":"Comment","target":["https:\/\/biblioteca.blanes.cat\/salajove\/2019\/01\/23\/biblioteca-jove-apps-factory\/#respond"]}]},{"@type":"WebPage","@id":"https:\/\/biblioteca.blanes.cat\/salajove\/2019\/01\/23\/biblioteca-jove-apps-factory\/","url":"https:\/\/biblioteca.blanes.cat\/salajove\/2019\/01\/23\/biblioteca-jove-apps-factory\/","name":"Biblioteca Jove - Apps factory - @biblioblanes- garant\u00eda juvenil","isPartOf":{"@id":"https:\/\/biblioteca.blanes.cat\/salajove\/#website"},"primaryImageOfPage":{"@id":"https:\/\/biblioteca.blanes.cat\/salajove\/2019\/01\/23\/biblioteca-jove-apps-factory\/#primaryimage"},"image":{"@id":"https:\/\/biblioteca.blanes.cat\/salajove\/2019\/01\/23\/biblioteca-jove-apps-factory\/#primaryimage"},"thumbnailUrl":"https:\/\/biblioteca.blanes.cat\/salajove\/wp-content\/uploads\/sites\/3\/2019\/01\/c8aad036-7faa-4c3b-920e-d36a53e4a655.jpg","datePublished":"2019-01-23T10:44:23+00:00","dateModified":"2019-01-23T10:48:38+00:00","description":"Biblioteca Jove - Apps factory - Not\u00edcies - Curs subvencionat pel Servei P\u00fablic d\u2019Ocupaci\u00f3 de Catalunya sobre creaci\u00f3 d'APPS per l'ocupaci\u00f3 de joves talents","breadcrumb":{"@id":"https:\/\/biblioteca.blanes.cat\/salajove\/2019\/01\/23\/biblioteca-jove-apps-factory\/#breadcrumb"},"inLanguage":"ca","potentialAction":[{"@type":"ReadAction","target":["https:\/\/biblioteca.blanes.cat\/salajove\/2019\/01\/23\/biblioteca-jove-apps-factory\/"]}]},{"@type":"ImageObject","inLanguage":"ca","@id":"https:\/\/biblioteca.blanes.cat\/salajove\/2019\/01\/23\/biblioteca-jove-apps-factory\/#primaryimage","url":"https:\/\/biblioteca.blanes.cat\/salajove\/wp-content\/uploads\/sites\/3\/2019\/01\/c8aad036-7faa-4c3b-920e-d36a53e4a655.jpg","contentUrl":"https:\/\/biblioteca.blanes.cat\/salajove\/wp-content\/uploads\/sites\/3\/2019\/01\/c8aad036-7faa-4c3b-920e-d36a53e4a655.jpg","width":500,"height":498},{"@type":"BreadcrumbList","@id":"https:\/\/biblioteca.blanes.cat\/salajove\/2019\/01\/23\/biblioteca-jove-apps-factory\/#breadcrumb","itemListElement":[{"@type":"ListItem","position":1,"name":"Inici","item":"https:\/\/biblioteca.blanes.cat\/salajove\/"},{"@type":"ListItem","position":2,"name":"FORMACI\u00d3: APPS Factory 3\u00aa edici\u00f3"}]},{"@type":"WebSite","@id":"https:\/\/biblioteca.blanes.cat\/salajove\/#website","url":"https:\/\/biblioteca.blanes.cat\/salajove\/","name":"Sala Jove","description":"Biblioteca Comarcal de Blanes","publisher":{"@id":"https:\/\/biblioteca.blanes.cat\/salajove\/#organization"},"potentialAction":[{"@type":"SearchAction","target":{"@type":"EntryPoint","urlTemplate":"https:\/\/biblioteca.blanes.cat\/salajove\/?s={search_term_string}"},"query-input":{"@type":"PropertyValueSpecification","valueRequired":true,"valueName":"search_term_string"}}],"inLanguage":"ca"},{"@type":"Organization","@id":"https:\/\/biblioteca.blanes.cat\/salajove\/#organization","name":"Biblioteca Comarcal de Blanes","url":"https:\/\/biblioteca.blanes.cat\/salajove\/","logo":{"@type":"ImageObject","inLanguage":"ca","@id":"https:\/\/biblioteca.blanes.cat\/salajove\/#\/schema\/logo\/image\/","url":"https:\/\/biblioteca.blanes.cat\/salajove\/wp-content\/uploads\/sites\/3\/2017\/09\/cropped-Bib-blau-e1518869380535.png","contentUrl":"https:\/\/biblioteca.blanes.cat\/salajove\/wp-content\/uploads\/sites\/3\/2017\/09\/cropped-Bib-blau-e1518869380535.png","width":166,"height":166,"caption":"Biblioteca Comarcal de Blanes"},"image":{"@id":"https:\/\/biblioteca.blanes.cat\/salajove\/#\/schema\/logo\/image\/"},"sameAs":["https:\/\/www.facebook.com\/BilbiotecaComarcaldeBlanes\/","https:\/\/x.com\/BiblioBlanes","https:\/\/www.instagram.com\/biblioblanes\/","https:\/\/www.pinterest.es\/bblanes\/","https:\/\/www.youtube.com\/c\/BibliotecaComarcalBlanes"]},{"@type":"Person","@id":"https:\/\/biblioteca.blanes.cat\/salajove\/#\/schema\/person\/5a7b46760d9dd611d098bbf571a341dc","name":"biblioblanes","image":{"@type":"ImageObject","inLanguage":"ca","@id":"https:\/\/secure.gravatar.com\/avatar\/6593ca6cc90e5a70939f51c95e8315483b9c281bafba597292bee47992030f99?s=96&d=mm&r=g","url":"https:\/\/secure.gravatar.com\/avatar\/6593ca6cc90e5a70939f51c95e8315483b9c281bafba597292bee47992030f99?s=96&d=mm&r=g","contentUrl":"https:\/\/secure.gravatar.com\/avatar\/6593ca6cc90e5a70939f51c95e8315483b9c281bafba597292bee47992030f99?s=96&d=mm&r=g","caption":"biblioblanes"},"sameAs":["http:\/\/www.bibgirona.cat\/biblioteca\/blanes","https:\/\/x.com\/biblioblanes"],"url":"https:\/\/biblioteca.blanes.cat\/salajove\/author\/biblioblanes\/"}]}},"_links":{"self":[{"href":"https:\/\/biblioteca.blanes.cat\/salajove\/wp-json\/wp\/v2\/posts\/2500","targetHints":{"allow":["GET"]}}],"collection":[{"href":"https:\/\/biblioteca.blanes.cat\/salajove\/wp-json\/wp\/v2\/posts"}],"about":[{"href":"https:\/\/biblioteca.blanes.cat\/salajove\/wp-json\/wp\/v2\/types\/post"}],"author":[{"embeddable":true,"href":"https:\/\/biblioteca.blanes.cat\/salajove\/wp-json\/wp\/v2\/users\/4"}],"replies":[{"embeddable":true,"href":"https:\/\/biblioteca.blanes.cat\/salajove\/wp-json\/wp\/v2\/comments?post=2500"}],"version-history":[{"count":6,"href":"https:\/\/biblioteca.blanes.cat\/salajove\/wp-json\/wp\/v2\/posts\/2500\/revisions"}],"predecessor-version":[{"id":2507,"href":"https:\/\/biblioteca.blanes.cat\/salajove\/wp-json\/wp\/v2\/posts\/2500\/revisions\/2507"}],"wp:featuredmedia":[{"embeddable":true,"href":"https:\/\/biblioteca.blanes.cat\/salajove\/wp-json\/wp\/v2\/media\/2504"}],"wp:attachment":[{"href":"https:\/\/biblioteca.blanes.cat\/salajove\/wp-json\/wp\/v2\/media?parent=2500"}],"wp:term":[{"taxonomy":"category","embeddable":true,"href":"https:\/\/biblioteca.blanes.cat\/salajove\/wp-json\/wp\/v2\/categories?post=2500"},{"taxonomy":"post_tag","embeddable":true,"href":"https:\/\/biblioteca.blanes.cat\/salajove\/wp-json\/wp\/v2\/tags?post=2500"}],"curies":[{"name":"wp","href":"https:\/\/api.w.org\/{rel}","templated":true}]}}