{"id":2355,"date":"2019-01-07T10:09:59","date_gmt":"2019-01-07T09:09:59","guid":{"rendered":"https:\/\/biblioteca.blanes.cat\/salajove\/?p=2355"},"modified":"2024-01-24T16:43:04","modified_gmt":"2024-01-24T15:43:04","slug":"biblioteca-jove-5e-aniversari","status":"publish","type":"post","link":"https:\/\/biblioteca.blanes.cat\/salajove\/2019\/01\/07\/biblioteca-jove-5e-aniversari\/","title":{"rendered":"Dol\u00e7a Rima Party"},"content":{"rendered":"<blockquote style=\"background-color: #ff6600;\">\n<h1 style=\"text-align: center; font-family: gastada;\"><span style=\"background-color: #ffffff;\"><strong>BIBLIOTECA JOVE <\/strong><\/span><br \/>\n<span style=\"background-color: #ffffff;\"><strong>5\u00e8 ANIVERSARI!<\/strong><\/span><\/h1>\n<\/blockquote>\n<h2 style=\"text-align: center;\">Dol\u00e7a Rima Party<\/h2>\n<p style=\"text-align: center;\"><strong><span style=\"color: #000000;\"><span style=\"text-align: justify;\">El <span style=\"color: #ff6600; font-size: 20px;\">24 de Gener <\/span><\/span><\/span><span style=\"text-align: justify;\"><span style=\"font-size: 20px;\">del 2019<\/span><\/span><span style=\"color: #000000;\"><span style=\"text-align: justify;\"><br \/>\n<\/span><\/span><\/strong><\/p>\n<p style=\"text-align: center;\"><strong><span style=\"color: #000000;\"><span style=\"text-align: justify;\">Vam celebrar la primera edici\u00f3 d\u2019una gran festa, la \u201cDol\u00e7a Rima Party<\/span>\u201d.<\/span><\/strong><\/p>\n<p style=\"text-align: center;\">El lloc de trobada era la Biblioteca Comarcal de Blanes, concretament a la Sala Jove i el Vest\u00edbul<\/p>\n<p style=\"text-align: center;\">En motiu de la Celebraci\u00f3 del <span style=\"color: #ff6600;\"><strong>5\u00e9 aniversari de la Biblioteca Jove<\/strong><\/span> es van preparar moltes activitats adre\u00e7ades als joves:<\/p>\n<ul>\n<li style=\"text-align: center;\"><strong>Batalla<\/strong> de galls<\/li>\n<li style=\"text-align: center;\">Cant de can\u00e7ons de rap per <strong>rapers<\/strong> de Blanes<\/li>\n<li style=\"text-align: center;\">Espectacle de <strong>m\u00e0gia<\/strong> per un Jove que col\u00b7labora amb la biblioteca<\/li>\n<li style=\"text-align: center;\">Lectura de <strong>relats<\/strong> participants al concurs literari <strong>Boller\u00e9<\/strong><\/li>\n<li style=\"text-align: center;\"><strong>Bibliocaf\u00e9<\/strong> Berenar a c\u00e0rrec d\u2019alumnes de <strong>4rt d\u2019ESO<\/strong><br \/>\npel <strong>viatge<\/strong> de final de curs.<\/li>\n<\/ul>\n<p style=\"text-align: center;\">Com \u00e9s habitual tamb\u00e9 es va realitzar l&#8217;entrega dels <span style=\"background-color: #ffffff; color: #ff6600;\"><strong>Premis literaris Boller\u00e9<\/strong>,<\/span> concurs literari de relats breus per a joves.<\/p>\n<p style=\"text-align: center;\">I vam poder gaudir del vostre espai dins la Biblioteca de Blanes!<\/p>\n<p style=\"text-align: center;\"><span style=\"text-align: center; font-family: gastada; font-size: 40px;\"><br \/>\nFeu-hi una ullada al recull d&#8217;imatges<br \/>\n<\/span><\/p>\n<div id='gallery-1' class='gallery galleryid-2355 gallery-columns-3 gallery-size-medium'><figure class='gallery-item'>\n\t\t\t<div class='gallery-icon landscape'>\n\t\t\t\t<a href='https:\/\/biblioteca.blanes.cat\/salajove\/2019\/01\/07\/biblioteca-jove-5e-aniversari\/biblioblanes_bibliojove5anys-23\/'><img fetchpriority=\"high\" decoding=\"async\" width=\"300\" height=\"300\" src=\"https:\/\/biblioteca.blanes.cat\/salajove\/wp-content\/uploads\/sites\/3\/2019\/01\/BiblioBlanes_BiblioJove5anys-23-300x300.jpg\" class=\"attachment-medium size-medium\" alt=\"\" srcset=\"https:\/\/biblioteca.blanes.cat\/salajove\/wp-content\/uploads\/sites\/3\/2019\/01\/BiblioBlanes_BiblioJove5anys-23-300x300.jpg 300w, https:\/\/biblioteca.blanes.cat\/salajove\/wp-content\/uploads\/sites\/3\/2019\/01\/BiblioBlanes_BiblioJove5anys-23-150x150.jpg 150w, https:\/\/biblioteca.blanes.cat\/salajove\/wp-content\/uploads\/sites\/3\/2019\/01\/BiblioBlanes_BiblioJove5anys-23-768x768.jpg 768w, https:\/\/biblioteca.blanes.cat\/salajove\/wp-content\/uploads\/sites\/3\/2019\/01\/BiblioBlanes_BiblioJove5anys-23-1024x1024.jpg 1024w, https:\/\/biblioteca.blanes.cat\/salajove\/wp-content\/uploads\/sites\/3\/2019\/01\/BiblioBlanes_BiblioJove5anys-23-270x270.jpg 270w, https:\/\/biblioteca.blanes.cat\/salajove\/wp-content\/uploads\/sites\/3\/2019\/01\/BiblioBlanes_BiblioJove5anys-23-230x230.jpg 230w\" sizes=\"(max-width: 300px) 100vw, 300px\" \/><\/a>\n\t\t\t<\/div><\/figure><figure class='gallery-item'>\n\t\t\t<div class='gallery-icon landscape'>\n\t\t\t\t<a href='https:\/\/biblioteca.blanes.cat\/salajove\/2019\/01\/07\/biblioteca-jove-5e-aniversari\/biblioblanes_bibliojove5anys-26\/'><img decoding=\"async\" width=\"300\" height=\"225\" src=\"https:\/\/biblioteca.blanes.cat\/salajove\/wp-content\/uploads\/sites\/3\/2019\/01\/BiblioBlanes_BiblioJove5anys-26-300x225.jpg\" class=\"attachment-medium size-medium\" alt=\"\" srcset=\"https:\/\/biblioteca.blanes.cat\/salajove\/wp-content\/uploads\/sites\/3\/2019\/01\/BiblioBlanes_BiblioJove5anys-26-300x225.jpg 300w, https:\/\/biblioteca.blanes.cat\/salajove\/wp-content\/uploads\/sites\/3\/2019\/01\/BiblioBlanes_BiblioJove5anys-26-768x576.jpg 768w, https:\/\/biblioteca.blanes.cat\/salajove\/wp-content\/uploads\/sites\/3\/2019\/01\/BiblioBlanes_BiblioJove5anys-26-1024x768.jpg 1024w\" sizes=\"(max-width: 300px) 100vw, 300px\" \/><\/a>\n\t\t\t<\/div><\/figure><figure class='gallery-item'>\n\t\t\t<div class='gallery-icon landscape'>\n\t\t\t\t<a href='https:\/\/biblioteca.blanes.cat\/salajove\/2019\/01\/07\/biblioteca-jove-5e-aniversari\/biblioteca-jove-5e-aniversari-21\/'><img decoding=\"async\" width=\"300\" height=\"169\" src=\"https:\/\/biblioteca.blanes.cat\/salajove\/wp-content\/uploads\/sites\/3\/2019\/01\/Biblioteca-Jove-5\u00e8-aniversari-21-300x169.jpg\" class=\"attachment-medium size-medium\" alt=\"\" srcset=\"https:\/\/biblioteca.blanes.cat\/salajove\/wp-content\/uploads\/sites\/3\/2019\/01\/Biblioteca-Jove-5\u00e8-aniversari-21-300x169.jpg 300w, https:\/\/biblioteca.blanes.cat\/salajove\/wp-content\/uploads\/sites\/3\/2019\/01\/Biblioteca-Jove-5\u00e8-aniversari-21-768x432.jpg 768w, https:\/\/biblioteca.blanes.cat\/salajove\/wp-content\/uploads\/sites\/3\/2019\/01\/Biblioteca-Jove-5\u00e8-aniversari-21-1024x575.jpg 1024w, https:\/\/biblioteca.blanes.cat\/salajove\/wp-content\/uploads\/sites\/3\/2019\/01\/Biblioteca-Jove-5\u00e8-aniversari-21.jpg 1050w\" sizes=\"(max-width: 300px) 100vw, 300px\" \/><\/a>\n\t\t\t<\/div><\/figure><figure class='gallery-item'>\n\t\t\t<div class='gallery-icon landscape'>\n\t\t\t\t<a href='https:\/\/biblioteca.blanes.cat\/salajove\/2019\/01\/07\/biblioteca-jove-5e-aniversari\/biblioteca-jove-5e-aniversari-11\/'><img loading=\"lazy\" decoding=\"async\" width=\"300\" height=\"157\" src=\"https:\/\/biblioteca.blanes.cat\/salajove\/wp-content\/uploads\/sites\/3\/2019\/01\/Biblioteca-Jove-5\u00e8-aniversari-11-300x157.jpg\" class=\"attachment-medium size-medium\" alt=\"\" srcset=\"https:\/\/biblioteca.blanes.cat\/salajove\/wp-content\/uploads\/sites\/3\/2019\/01\/Biblioteca-Jove-5\u00e8-aniversari-11-300x157.jpg 300w, https:\/\/biblioteca.blanes.cat\/salajove\/wp-content\/uploads\/sites\/3\/2019\/01\/Biblioteca-Jove-5\u00e8-aniversari-11-768x403.jpg 768w, https:\/\/biblioteca.blanes.cat\/salajove\/wp-content\/uploads\/sites\/3\/2019\/01\/Biblioteca-Jove-5\u00e8-aniversari-11-1024x537.jpg 1024w, https:\/\/biblioteca.blanes.cat\/salajove\/wp-content\/uploads\/sites\/3\/2019\/01\/Biblioteca-Jove-5\u00e8-aniversari-11.jpg 1050w\" sizes=\"(max-width: 300px) 100vw, 300px\" \/><\/a>\n\t\t\t<\/div><\/figure><figure class='gallery-item'>\n\t\t\t<div class='gallery-icon landscape'>\n\t\t\t\t<a href='https:\/\/biblioteca.blanes.cat\/salajove\/2019\/01\/07\/biblioteca-jove-5e-aniversari\/biblioblanes_bibliojove5anys-35\/'><img loading=\"lazy\" decoding=\"async\" width=\"300\" height=\"225\" src=\"https:\/\/biblioteca.blanes.cat\/salajove\/wp-content\/uploads\/sites\/3\/2019\/01\/BiblioBlanes_BiblioJove5anys-35-300x225.jpg\" class=\"attachment-medium size-medium\" alt=\"\" srcset=\"https:\/\/biblioteca.blanes.cat\/salajove\/wp-content\/uploads\/sites\/3\/2019\/01\/BiblioBlanes_BiblioJove5anys-35-300x225.jpg 300w, https:\/\/biblioteca.blanes.cat\/salajove\/wp-content\/uploads\/sites\/3\/2019\/01\/BiblioBlanes_BiblioJove5anys-35-768x576.jpg 768w, https:\/\/biblioteca.blanes.cat\/salajove\/wp-content\/uploads\/sites\/3\/2019\/01\/BiblioBlanes_BiblioJove5anys-35-1024x768.jpg 1024w\" sizes=\"(max-width: 300px) 100vw, 300px\" \/><\/a>\n\t\t\t<\/div><\/figure><figure class='gallery-item'>\n\t\t\t<div class='gallery-icon landscape'>\n\t\t\t\t<a href='https:\/\/biblioteca.blanes.cat\/salajove\/2019\/01\/07\/biblioteca-jove-5e-aniversari\/biblioblanes_bibliojove5anys-42\/'><img loading=\"lazy\" decoding=\"async\" width=\"300\" height=\"225\" src=\"https:\/\/biblioteca.blanes.cat\/salajove\/wp-content\/uploads\/sites\/3\/2019\/01\/BiblioBlanes_BiblioJove5anys-42-300x225.jpg\" class=\"attachment-medium size-medium\" alt=\"\" srcset=\"https:\/\/biblioteca.blanes.cat\/salajove\/wp-content\/uploads\/sites\/3\/2019\/01\/BiblioBlanes_BiblioJove5anys-42-300x225.jpg 300w, https:\/\/biblioteca.blanes.cat\/salajove\/wp-content\/uploads\/sites\/3\/2019\/01\/BiblioBlanes_BiblioJove5anys-42-768x576.jpg 768w, https:\/\/biblioteca.blanes.cat\/salajove\/wp-content\/uploads\/sites\/3\/2019\/01\/BiblioBlanes_BiblioJove5anys-42-1024x768.jpg 1024w\" sizes=\"(max-width: 300px) 100vw, 300px\" \/><\/a>\n\t\t\t<\/div><\/figure>\n\t\t<\/div>\n\n<h2 style=\"text-align: center;\"><a href=\"http:\/\/www.blanes.cat\/biblioteca\" target=\"_blank\" rel=\"noopener noreferrer\">Biblioteca Comarcal de Blanes<\/a> \u2013 <a href=\"http:\/\/biblioteca.blanes.cat\/salajove\">Sala Jove<\/a><\/h2>\n","protected":false},"excerpt":{"rendered":"<p>BIBLIOTECA JOVE 5\u00e8 ANIVERSARI! Dol\u00e7a Rima Party El 24 de Gener del 2019 Vam celebrar la primera edici\u00f3 d\u2019una gran festa, la \u201cDol\u00e7a Rima Party\u201d. El lloc de trobada era la Biblioteca Comarcal de Blanes, concretament a la Sala Jove<\/p>\n","protected":false},"author":4,"featured_media":2318,"comment_status":"open","ping_status":"open","sticky":false,"template":"","format":"standard","meta":{"sfsi_plus_gutenberg_text_before_share":"","sfsi_plus_gutenberg_show_text_before_share":"","sfsi_plus_gutenberg_icon_type":"","sfsi_plus_gutenberg_icon_alignemt":"","sfsi_plus_gutenburg_max_per_row":"","footnotes":""},"categories":[3,1],"tags":[24,68,54,53,52,58,41,46],"class_list":["post-2355","post","type-post","status-publish","format-standard","has-post-thumbnail","hentry","category-activitats","category-general","tag-activitats","tag-bollere","tag-festa","tag-joventut","tag-joves","tag-magia","tag-premis","tag-rap"],"yoast_head":"<!-- This site is optimized with the Yoast SEO plugin v27.5 - https:\/\/yoast.com\/product\/yoast-seo-wordpress\/ -->\n<title>BIBLIOTECA JOVE 5\u00e8 ANIVERSARI! - Dol\u00e7a Rima Party - Sala Jove<\/title>\n<meta name=\"description\" content=\"BIBLIOTECA JOVE 5\u00e8 ANIVERSARI! El proper dijous dia 24 de Gener, reserveu-vos la tarda:celebrem la primera edici\u00f3 d\u2019una gran festa, la \u201cDol\u00e7a Rima Party\u201d.\" \/>\n<meta name=\"robots\" content=\"index, follow, max-snippet:-1, max-image-preview:large, max-video-preview:-1\" \/>\n<link rel=\"canonical\" href=\"https:\/\/biblioteca.blanes.cat\/salajove\/2019\/01\/07\/biblioteca-jove-5e-aniversari\/\" \/>\n<meta property=\"og:locale\" content=\"ca_ES\" \/>\n<meta property=\"og:type\" content=\"article\" \/>\n<meta property=\"og:title\" content=\"BIBLIOTECA JOVE 5\u00e8 ANIVERSARI! - Dol\u00e7a Rima Party - Sala Jove\" \/>\n<meta property=\"og:description\" content=\"BIBLIOTECA JOVE 5\u00e8 ANIVERSARI! El proper dijous dia 24 de Gener, reserveu-vos la tarda:celebrem la primera edici\u00f3 d\u2019una gran festa, la \u201cDol\u00e7a Rima Party\u201d.\" \/>\n<meta property=\"og:url\" content=\"https:\/\/biblioteca.blanes.cat\/salajove\/2019\/01\/07\/biblioteca-jove-5e-aniversari\/\" \/>\n<meta property=\"og:site_name\" content=\"Sala Jove\" \/>\n<meta property=\"article:publisher\" content=\"https:\/\/www.facebook.com\/BilbiotecaComarcaldeBlanes\/\" \/>\n<meta property=\"article:published_time\" content=\"2019-01-07T09:09:59+00:00\" \/>\n<meta property=\"article:modified_time\" content=\"2024-01-24T15:43:04+00:00\" \/>\n<meta property=\"og:image\" content=\"https:\/\/biblioteca.blanes.cat\/salajove\/wp-content\/uploads\/sites\/3\/2018\/12\/Publicaci\u00f3n-de-Instagram.jpg\" \/>\n\t<meta property=\"og:image:width\" content=\"500\" \/>\n\t<meta property=\"og:image:height\" content=\"500\" \/>\n\t<meta property=\"og:image:type\" content=\"image\/jpeg\" \/>\n<meta name=\"author\" content=\"biblioblanes\" \/>\n<meta name=\"twitter:card\" content=\"summary_large_image\" \/>\n<meta name=\"twitter:creator\" content=\"@biblioblanes\" \/>\n<meta name=\"twitter:site\" content=\"@BiblioBlanes\" \/>\n<meta name=\"twitter:label1\" content=\"Escrit per\" \/>\n\t<meta name=\"twitter:data1\" content=\"biblioblanes\" \/>\n\t<meta name=\"twitter:label2\" content=\"Temps estimat de lectura\" \/>\n\t<meta name=\"twitter:data2\" content=\"2 minuts\" \/>\n<script type=\"application\/ld+json\" class=\"yoast-schema-graph\">{\"@context\":\"https:\\\/\\\/schema.org\",\"@graph\":[{\"@type\":\"Article\",\"@id\":\"https:\\\/\\\/biblioteca.blanes.cat\\\/salajove\\\/2019\\\/01\\\/07\\\/biblioteca-jove-5e-aniversari\\\/#article\",\"isPartOf\":{\"@id\":\"https:\\\/\\\/biblioteca.blanes.cat\\\/salajove\\\/2019\\\/01\\\/07\\\/biblioteca-jove-5e-aniversari\\\/\"},\"author\":{\"name\":\"biblioblanes\",\"@id\":\"https:\\\/\\\/biblioteca.blanes.cat\\\/salajove\\\/#\\\/schema\\\/person\\\/5a7b46760d9dd611d098bbf571a341dc\"},\"headline\":\"Dol\u00e7a Rima Party\",\"datePublished\":\"2019-01-07T09:09:59+00:00\",\"dateModified\":\"2024-01-24T15:43:04+00:00\",\"mainEntityOfPage\":{\"@id\":\"https:\\\/\\\/biblioteca.blanes.cat\\\/salajove\\\/2019\\\/01\\\/07\\\/biblioteca-jove-5e-aniversari\\\/\"},\"wordCount\":169,\"commentCount\":0,\"publisher\":{\"@id\":\"https:\\\/\\\/biblioteca.blanes.cat\\\/salajove\\\/#organization\"},\"image\":{\"@id\":\"https:\\\/\\\/biblioteca.blanes.cat\\\/salajove\\\/2019\\\/01\\\/07\\\/biblioteca-jove-5e-aniversari\\\/#primaryimage\"},\"thumbnailUrl\":\"https:\\\/\\\/biblioteca.blanes.cat\\\/salajove\\\/wp-content\\\/uploads\\\/sites\\\/3\\\/2018\\\/12\\\/Publicaci\u00f3n-de-Instagram.jpg\",\"keywords\":[\"#Activitats\",\"#Boller\u00e9\",\"#Festa\",\"#Joventut\",\"#Joves\",\"#M\u00e0gia\",\"#Premis\",\"#Rap\"],\"articleSection\":[\"AGENDA\",\"Not\u00edcies\"],\"inLanguage\":\"ca\",\"potentialAction\":[{\"@type\":\"CommentAction\",\"name\":\"Comment\",\"target\":[\"https:\\\/\\\/biblioteca.blanes.cat\\\/salajove\\\/2019\\\/01\\\/07\\\/biblioteca-jove-5e-aniversari\\\/#respond\"]}]},{\"@type\":\"WebPage\",\"@id\":\"https:\\\/\\\/biblioteca.blanes.cat\\\/salajove\\\/2019\\\/01\\\/07\\\/biblioteca-jove-5e-aniversari\\\/\",\"url\":\"https:\\\/\\\/biblioteca.blanes.cat\\\/salajove\\\/2019\\\/01\\\/07\\\/biblioteca-jove-5e-aniversari\\\/\",\"name\":\"BIBLIOTECA JOVE 5\u00e8 ANIVERSARI! - Dol\u00e7a Rima Party - Sala Jove\",\"isPartOf\":{\"@id\":\"https:\\\/\\\/biblioteca.blanes.cat\\\/salajove\\\/#website\"},\"primaryImageOfPage\":{\"@id\":\"https:\\\/\\\/biblioteca.blanes.cat\\\/salajove\\\/2019\\\/01\\\/07\\\/biblioteca-jove-5e-aniversari\\\/#primaryimage\"},\"image\":{\"@id\":\"https:\\\/\\\/biblioteca.blanes.cat\\\/salajove\\\/2019\\\/01\\\/07\\\/biblioteca-jove-5e-aniversari\\\/#primaryimage\"},\"thumbnailUrl\":\"https:\\\/\\\/biblioteca.blanes.cat\\\/salajove\\\/wp-content\\\/uploads\\\/sites\\\/3\\\/2018\\\/12\\\/Publicaci\u00f3n-de-Instagram.jpg\",\"datePublished\":\"2019-01-07T09:09:59+00:00\",\"dateModified\":\"2024-01-24T15:43:04+00:00\",\"description\":\"BIBLIOTECA JOVE 5\u00e8 ANIVERSARI! El proper dijous dia 24 de Gener, reserveu-vos la tarda:celebrem la primera edici\u00f3 d\u2019una gran festa, la \u201cDol\u00e7a Rima Party\u201d.\",\"breadcrumb\":{\"@id\":\"https:\\\/\\\/biblioteca.blanes.cat\\\/salajove\\\/2019\\\/01\\\/07\\\/biblioteca-jove-5e-aniversari\\\/#breadcrumb\"},\"inLanguage\":\"ca\",\"potentialAction\":[{\"@type\":\"ReadAction\",\"target\":[\"https:\\\/\\\/biblioteca.blanes.cat\\\/salajove\\\/2019\\\/01\\\/07\\\/biblioteca-jove-5e-aniversari\\\/\"]}]},{\"@type\":\"ImageObject\",\"inLanguage\":\"ca\",\"@id\":\"https:\\\/\\\/biblioteca.blanes.cat\\\/salajove\\\/2019\\\/01\\\/07\\\/biblioteca-jove-5e-aniversari\\\/#primaryimage\",\"url\":\"https:\\\/\\\/biblioteca.blanes.cat\\\/salajove\\\/wp-content\\\/uploads\\\/sites\\\/3\\\/2018\\\/12\\\/Publicaci\u00f3n-de-Instagram.jpg\",\"contentUrl\":\"https:\\\/\\\/biblioteca.blanes.cat\\\/salajove\\\/wp-content\\\/uploads\\\/sites\\\/3\\\/2018\\\/12\\\/Publicaci\u00f3n-de-Instagram.jpg\",\"width\":500,\"height\":500},{\"@type\":\"BreadcrumbList\",\"@id\":\"https:\\\/\\\/biblioteca.blanes.cat\\\/salajove\\\/2019\\\/01\\\/07\\\/biblioteca-jove-5e-aniversari\\\/#breadcrumb\",\"itemListElement\":[{\"@type\":\"ListItem\",\"position\":1,\"name\":\"Inici\",\"item\":\"https:\\\/\\\/biblioteca.blanes.cat\\\/salajove\\\/\"},{\"@type\":\"ListItem\",\"position\":2,\"name\":\"Dol\u00e7a Rima Party\"}]},{\"@type\":\"WebSite\",\"@id\":\"https:\\\/\\\/biblioteca.blanes.cat\\\/salajove\\\/#website\",\"url\":\"https:\\\/\\\/biblioteca.blanes.cat\\\/salajove\\\/\",\"name\":\"Sala Jove\",\"description\":\"Biblioteca Comarcal de Blanes\",\"publisher\":{\"@id\":\"https:\\\/\\\/biblioteca.blanes.cat\\\/salajove\\\/#organization\"},\"potentialAction\":[{\"@type\":\"SearchAction\",\"target\":{\"@type\":\"EntryPoint\",\"urlTemplate\":\"https:\\\/\\\/biblioteca.blanes.cat\\\/salajove\\\/?s={search_term_string}\"},\"query-input\":{\"@type\":\"PropertyValueSpecification\",\"valueRequired\":true,\"valueName\":\"search_term_string\"}}],\"inLanguage\":\"ca\"},{\"@type\":\"Organization\",\"@id\":\"https:\\\/\\\/biblioteca.blanes.cat\\\/salajove\\\/#organization\",\"name\":\"Biblioteca Comarcal de Blanes\",\"url\":\"https:\\\/\\\/biblioteca.blanes.cat\\\/salajove\\\/\",\"logo\":{\"@type\":\"ImageObject\",\"inLanguage\":\"ca\",\"@id\":\"https:\\\/\\\/biblioteca.blanes.cat\\\/salajove\\\/#\\\/schema\\\/logo\\\/image\\\/\",\"url\":\"https:\\\/\\\/biblioteca.blanes.cat\\\/salajove\\\/wp-content\\\/uploads\\\/sites\\\/3\\\/2017\\\/09\\\/cropped-Bib-blau-e1518869380535.png\",\"contentUrl\":\"https:\\\/\\\/biblioteca.blanes.cat\\\/salajove\\\/wp-content\\\/uploads\\\/sites\\\/3\\\/2017\\\/09\\\/cropped-Bib-blau-e1518869380535.png\",\"width\":166,\"height\":166,\"caption\":\"Biblioteca Comarcal de Blanes\"},\"image\":{\"@id\":\"https:\\\/\\\/biblioteca.blanes.cat\\\/salajove\\\/#\\\/schema\\\/logo\\\/image\\\/\"},\"sameAs\":[\"https:\\\/\\\/www.facebook.com\\\/BilbiotecaComarcaldeBlanes\\\/\",\"https:\\\/\\\/x.com\\\/BiblioBlanes\",\"https:\\\/\\\/www.instagram.com\\\/biblioblanes\\\/\",\"https:\\\/\\\/www.pinterest.es\\\/bblanes\\\/\",\"https:\\\/\\\/www.youtube.com\\\/c\\\/BibliotecaComarcalBlanes\"]},{\"@type\":\"Person\",\"@id\":\"https:\\\/\\\/biblioteca.blanes.cat\\\/salajove\\\/#\\\/schema\\\/person\\\/5a7b46760d9dd611d098bbf571a341dc\",\"name\":\"biblioblanes\",\"image\":{\"@type\":\"ImageObject\",\"inLanguage\":\"ca\",\"@id\":\"https:\\\/\\\/secure.gravatar.com\\\/avatar\\\/6593ca6cc90e5a70939f51c95e8315483b9c281bafba597292bee47992030f99?s=96&d=mm&r=g\",\"url\":\"https:\\\/\\\/secure.gravatar.com\\\/avatar\\\/6593ca6cc90e5a70939f51c95e8315483b9c281bafba597292bee47992030f99?s=96&d=mm&r=g\",\"contentUrl\":\"https:\\\/\\\/secure.gravatar.com\\\/avatar\\\/6593ca6cc90e5a70939f51c95e8315483b9c281bafba597292bee47992030f99?s=96&d=mm&r=g\",\"caption\":\"biblioblanes\"},\"sameAs\":[\"http:\\\/\\\/www.bibgirona.cat\\\/biblioteca\\\/blanes\",\"https:\\\/\\\/x.com\\\/biblioblanes\"],\"url\":\"https:\\\/\\\/biblioteca.blanes.cat\\\/salajove\\\/author\\\/biblioblanes\\\/\"}]}<\/script>\n<!-- \/ Yoast SEO plugin. -->","yoast_head_json":{"title":"BIBLIOTECA JOVE 5\u00e8 ANIVERSARI! - Dol\u00e7a Rima Party - Sala Jove","description":"BIBLIOTECA JOVE 5\u00e8 ANIVERSARI! El proper dijous dia 24 de Gener, reserveu-vos la tarda:celebrem la primera edici\u00f3 d\u2019una gran festa, la \u201cDol\u00e7a Rima Party\u201d.","robots":{"index":"index","follow":"follow","max-snippet":"max-snippet:-1","max-image-preview":"max-image-preview:large","max-video-preview":"max-video-preview:-1"},"canonical":"https:\/\/biblioteca.blanes.cat\/salajove\/2019\/01\/07\/biblioteca-jove-5e-aniversari\/","og_locale":"ca_ES","og_type":"article","og_title":"BIBLIOTECA JOVE 5\u00e8 ANIVERSARI! - Dol\u00e7a Rima Party - Sala Jove","og_description":"BIBLIOTECA JOVE 5\u00e8 ANIVERSARI! El proper dijous dia 24 de Gener, reserveu-vos la tarda:celebrem la primera edici\u00f3 d\u2019una gran festa, la \u201cDol\u00e7a Rima Party\u201d.","og_url":"https:\/\/biblioteca.blanes.cat\/salajove\/2019\/01\/07\/biblioteca-jove-5e-aniversari\/","og_site_name":"Sala Jove","article_publisher":"https:\/\/www.facebook.com\/BilbiotecaComarcaldeBlanes\/","article_published_time":"2019-01-07T09:09:59+00:00","article_modified_time":"2024-01-24T15:43:04+00:00","og_image":[{"width":500,"height":500,"url":"https:\/\/biblioteca.blanes.cat\/salajove\/wp-content\/uploads\/sites\/3\/2018\/12\/Publicaci\u00f3n-de-Instagram.jpg","type":"image\/jpeg"}],"author":"biblioblanes","twitter_card":"summary_large_image","twitter_creator":"@biblioblanes","twitter_site":"@BiblioBlanes","twitter_misc":{"Escrit per":"biblioblanes","Temps estimat de lectura":"2 minuts"},"schema":{"@context":"https:\/\/schema.org","@graph":[{"@type":"Article","@id":"https:\/\/biblioteca.blanes.cat\/salajove\/2019\/01\/07\/biblioteca-jove-5e-aniversari\/#article","isPartOf":{"@id":"https:\/\/biblioteca.blanes.cat\/salajove\/2019\/01\/07\/biblioteca-jove-5e-aniversari\/"},"author":{"name":"biblioblanes","@id":"https:\/\/biblioteca.blanes.cat\/salajove\/#\/schema\/person\/5a7b46760d9dd611d098bbf571a341dc"},"headline":"Dol\u00e7a Rima Party","datePublished":"2019-01-07T09:09:59+00:00","dateModified":"2024-01-24T15:43:04+00:00","mainEntityOfPage":{"@id":"https:\/\/biblioteca.blanes.cat\/salajove\/2019\/01\/07\/biblioteca-jove-5e-aniversari\/"},"wordCount":169,"commentCount":0,"publisher":{"@id":"https:\/\/biblioteca.blanes.cat\/salajove\/#organization"},"image":{"@id":"https:\/\/biblioteca.blanes.cat\/salajove\/2019\/01\/07\/biblioteca-jove-5e-aniversari\/#primaryimage"},"thumbnailUrl":"https:\/\/biblioteca.blanes.cat\/salajove\/wp-content\/uploads\/sites\/3\/2018\/12\/Publicaci\u00f3n-de-Instagram.jpg","keywords":["#Activitats","#Boller\u00e9","#Festa","#Joventut","#Joves","#M\u00e0gia","#Premis","#Rap"],"articleSection":["AGENDA","Not\u00edcies"],"inLanguage":"ca","potentialAction":[{"@type":"CommentAction","name":"Comment","target":["https:\/\/biblioteca.blanes.cat\/salajove\/2019\/01\/07\/biblioteca-jove-5e-aniversari\/#respond"]}]},{"@type":"WebPage","@id":"https:\/\/biblioteca.blanes.cat\/salajove\/2019\/01\/07\/biblioteca-jove-5e-aniversari\/","url":"https:\/\/biblioteca.blanes.cat\/salajove\/2019\/01\/07\/biblioteca-jove-5e-aniversari\/","name":"BIBLIOTECA JOVE 5\u00e8 ANIVERSARI! - Dol\u00e7a Rima Party - Sala Jove","isPartOf":{"@id":"https:\/\/biblioteca.blanes.cat\/salajove\/#website"},"primaryImageOfPage":{"@id":"https:\/\/biblioteca.blanes.cat\/salajove\/2019\/01\/07\/biblioteca-jove-5e-aniversari\/#primaryimage"},"image":{"@id":"https:\/\/biblioteca.blanes.cat\/salajove\/2019\/01\/07\/biblioteca-jove-5e-aniversari\/#primaryimage"},"thumbnailUrl":"https:\/\/biblioteca.blanes.cat\/salajove\/wp-content\/uploads\/sites\/3\/2018\/12\/Publicaci\u00f3n-de-Instagram.jpg","datePublished":"2019-01-07T09:09:59+00:00","dateModified":"2024-01-24T15:43:04+00:00","description":"BIBLIOTECA JOVE 5\u00e8 ANIVERSARI! El proper dijous dia 24 de Gener, reserveu-vos la tarda:celebrem la primera edici\u00f3 d\u2019una gran festa, la \u201cDol\u00e7a Rima Party\u201d.","breadcrumb":{"@id":"https:\/\/biblioteca.blanes.cat\/salajove\/2019\/01\/07\/biblioteca-jove-5e-aniversari\/#breadcrumb"},"inLanguage":"ca","potentialAction":[{"@type":"ReadAction","target":["https:\/\/biblioteca.blanes.cat\/salajove\/2019\/01\/07\/biblioteca-jove-5e-aniversari\/"]}]},{"@type":"ImageObject","inLanguage":"ca","@id":"https:\/\/biblioteca.blanes.cat\/salajove\/2019\/01\/07\/biblioteca-jove-5e-aniversari\/#primaryimage","url":"https:\/\/biblioteca.blanes.cat\/salajove\/wp-content\/uploads\/sites\/3\/2018\/12\/Publicaci\u00f3n-de-Instagram.jpg","contentUrl":"https:\/\/biblioteca.blanes.cat\/salajove\/wp-content\/uploads\/sites\/3\/2018\/12\/Publicaci\u00f3n-de-Instagram.jpg","width":500,"height":500},{"@type":"BreadcrumbList","@id":"https:\/\/biblioteca.blanes.cat\/salajove\/2019\/01\/07\/biblioteca-jove-5e-aniversari\/#breadcrumb","itemListElement":[{"@type":"ListItem","position":1,"name":"Inici","item":"https:\/\/biblioteca.blanes.cat\/salajove\/"},{"@type":"ListItem","position":2,"name":"Dol\u00e7a Rima Party"}]},{"@type":"WebSite","@id":"https:\/\/biblioteca.blanes.cat\/salajove\/#website","url":"https:\/\/biblioteca.blanes.cat\/salajove\/","name":"Sala Jove","description":"Biblioteca Comarcal de Blanes","publisher":{"@id":"https:\/\/biblioteca.blanes.cat\/salajove\/#organization"},"potentialAction":[{"@type":"SearchAction","target":{"@type":"EntryPoint","urlTemplate":"https:\/\/biblioteca.blanes.cat\/salajove\/?s={search_term_string}"},"query-input":{"@type":"PropertyValueSpecification","valueRequired":true,"valueName":"search_term_string"}}],"inLanguage":"ca"},{"@type":"Organization","@id":"https:\/\/biblioteca.blanes.cat\/salajove\/#organization","name":"Biblioteca Comarcal de Blanes","url":"https:\/\/biblioteca.blanes.cat\/salajove\/","logo":{"@type":"ImageObject","inLanguage":"ca","@id":"https:\/\/biblioteca.blanes.cat\/salajove\/#\/schema\/logo\/image\/","url":"https:\/\/biblioteca.blanes.cat\/salajove\/wp-content\/uploads\/sites\/3\/2017\/09\/cropped-Bib-blau-e1518869380535.png","contentUrl":"https:\/\/biblioteca.blanes.cat\/salajove\/wp-content\/uploads\/sites\/3\/2017\/09\/cropped-Bib-blau-e1518869380535.png","width":166,"height":166,"caption":"Biblioteca Comarcal de Blanes"},"image":{"@id":"https:\/\/biblioteca.blanes.cat\/salajove\/#\/schema\/logo\/image\/"},"sameAs":["https:\/\/www.facebook.com\/BilbiotecaComarcaldeBlanes\/","https:\/\/x.com\/BiblioBlanes","https:\/\/www.instagram.com\/biblioblanes\/","https:\/\/www.pinterest.es\/bblanes\/","https:\/\/www.youtube.com\/c\/BibliotecaComarcalBlanes"]},{"@type":"Person","@id":"https:\/\/biblioteca.blanes.cat\/salajove\/#\/schema\/person\/5a7b46760d9dd611d098bbf571a341dc","name":"biblioblanes","image":{"@type":"ImageObject","inLanguage":"ca","@id":"https:\/\/secure.gravatar.com\/avatar\/6593ca6cc90e5a70939f51c95e8315483b9c281bafba597292bee47992030f99?s=96&d=mm&r=g","url":"https:\/\/secure.gravatar.com\/avatar\/6593ca6cc90e5a70939f51c95e8315483b9c281bafba597292bee47992030f99?s=96&d=mm&r=g","contentUrl":"https:\/\/secure.gravatar.com\/avatar\/6593ca6cc90e5a70939f51c95e8315483b9c281bafba597292bee47992030f99?s=96&d=mm&r=g","caption":"biblioblanes"},"sameAs":["http:\/\/www.bibgirona.cat\/biblioteca\/blanes","https:\/\/x.com\/biblioblanes"],"url":"https:\/\/biblioteca.blanes.cat\/salajove\/author\/biblioblanes\/"}]}},"_links":{"self":[{"href":"https:\/\/biblioteca.blanes.cat\/salajove\/wp-json\/wp\/v2\/posts\/2355","targetHints":{"allow":["GET"]}}],"collection":[{"href":"https:\/\/biblioteca.blanes.cat\/salajove\/wp-json\/wp\/v2\/posts"}],"about":[{"href":"https:\/\/biblioteca.blanes.cat\/salajove\/wp-json\/wp\/v2\/types\/post"}],"author":[{"embeddable":true,"href":"https:\/\/biblioteca.blanes.cat\/salajove\/wp-json\/wp\/v2\/users\/4"}],"replies":[{"embeddable":true,"href":"https:\/\/biblioteca.blanes.cat\/salajove\/wp-json\/wp\/v2\/comments?post=2355"}],"version-history":[{"count":91,"href":"https:\/\/biblioteca.blanes.cat\/salajove\/wp-json\/wp\/v2\/posts\/2355\/revisions"}],"predecessor-version":[{"id":8302,"href":"https:\/\/biblioteca.blanes.cat\/salajove\/wp-json\/wp\/v2\/posts\/2355\/revisions\/8302"}],"wp:featuredmedia":[{"embeddable":true,"href":"https:\/\/biblioteca.blanes.cat\/salajove\/wp-json\/wp\/v2\/media\/2318"}],"wp:attachment":[{"href":"https:\/\/biblioteca.blanes.cat\/salajove\/wp-json\/wp\/v2\/media?parent=2355"}],"wp:term":[{"taxonomy":"category","embeddable":true,"href":"https:\/\/biblioteca.blanes.cat\/salajove\/wp-json\/wp\/v2\/categories?post=2355"},{"taxonomy":"post_tag","embeddable":true,"href":"https:\/\/biblioteca.blanes.cat\/salajove\/wp-json\/wp\/v2\/tags?post=2355"}],"curies":[{"name":"wp","href":"https:\/\/api.w.org\/{rel}","templated":true}]}}