{"id":2306,"date":"2018-12-20T13:07:56","date_gmt":"2018-12-20T12:07:56","guid":{"rendered":"https:\/\/biblioteca.blanes.cat\/salajove\/?p=2306"},"modified":"2018-12-27T13:57:11","modified_gmt":"2018-12-27T12:57:11","slug":"clj-desembre-2018","status":"publish","type":"post","link":"https:\/\/biblioteca.blanes.cat\/salajove\/2018\/12\/20\/clj-desembre-2018\/","title":{"rendered":"CLJ: Desembre 2018"},"content":{"rendered":"<h1 style=\"text-align: center;\">Biblioteca Jove &#8211; Biblioblanes:<\/h1>\n<h2 style=\"text-align: center;\">Al Club de lectura Jove aquest mes hem comentat<\/h2>\n<h2 style=\"text-align: center;\">Les mateixes estrelles de N\u00faria Mart\u00ed Constans.<\/h2>\n<p style=\"text-align: justify;\">\u00a0<\/p>\n<p style=\"text-align: justify;\">Aquest mes de desembre hem llegit una novel\u00b7la de Lectura F\u00e0cil. El 2010 va guanyar el premi de novel\u00b7la curta convocat pel servei ling\u00fc\u00edstic de CCOO. <!--more-->En aquesta sessi\u00f3 hem tingut el plaer de comptar amb la pres\u00e8ncia de la seva autora: N\u00faria Mart\u00ed Constans, amb la que hem pogut compartir experi\u00e8ncies com a lectors i con\u00e8ixer de m\u00e9s a prop la feina d&#8217;escriptor.<\/p>\n<p style=\"text-align: justify;\">La N\u00faria ens a explicat quins son els seus llibres favorits: &#8220;qualsevol que estigui ben escrit&#8221;, ens a dit, per\u00f2 que li agrada molt <span class=\"st\">Merc\u00e8 Rodoreda i ens recomana tots els seus llibres, en especial &#8220;Aloma&#8221;. En la mateixa l\u00ednia, i reconeix que, potser per &#8220;defecte profesional&#8221;, no suporta els llibres que no estan ben escrits. Li agraden tots els g\u00e8neres literaris i ens diu que ella, abans de ser escriptora a estat lectora. Sempre li ha agradat molt llegir i ens narra el record de la seva joventut en relaci\u00f3 a la lectura.<\/span><\/p>\n<p style=\"text-align: justify;\">Parla de la prescripci\u00f3 lectora; Podr\u00edem dir que \u00e9s una rom\u00e0ntica doncs li agrada remenar a les llibreries,\u00a0 sentir el tacte\u00a0 i l&#8217;olor de les fulles dels llibres; Els companys li han recomanat lectures, i tamb\u00e9 els bibliotecaris. Encara i que reconeix que els reproductors de llibres electr\u00f2nics est\u00e0n molt b\u00e9 ella prefereix el format impr\u00e8s.<\/p>\n<p>&nbsp;<\/p>\n<p style=\"text-align: justify;\">Despr\u00e9s d&#8217;aquesta primera part on coneixem una part m\u00e9s \u00edntima de la N\u00faria passem a comentar la novel\u00b7la. Als membres del Club de Lectura Jove ens a agradat for\u00e7a i ens hem quedat amb ganes de m\u00e9s, per\u00f2 la N\u00faria ens explica que es tracta d&#8217;una novel\u00b7la de Lectura F\u00e0cil, i que per tant, t\u00e9 unes caracter\u00edstiques diferents a les novel\u00b7les convencionals:<\/p>\n<p style=\"text-align: center;\"><a href=\"http:\/\/www.lecturafacil.net\" target=\"_blank\" rel=\"noopener\"><img fetchpriority=\"high\" decoding=\"async\" class=\"aligncenter wp-image-2309 size-full\" src=\"https:\/\/biblioteca.blanes.cat\/salajove\/wp-content\/uploads\/sites\/3\/2018\/12\/LF.png\" alt=\"\" width=\"987\" height=\"301\" srcset=\"https:\/\/biblioteca.blanes.cat\/salajove\/wp-content\/uploads\/sites\/3\/2018\/12\/LF.png 987w, https:\/\/biblioteca.blanes.cat\/salajove\/wp-content\/uploads\/sites\/3\/2018\/12\/LF-300x91.png 300w, https:\/\/biblioteca.blanes.cat\/salajove\/wp-content\/uploads\/sites\/3\/2018\/12\/LF-768x234.png 768w\" sizes=\"(max-width: 987px) 100vw, 987px\" \/><\/a><\/p>\n<p style=\"text-align: center;\"><a href=\"https:\/\/biblioteca.blanes.cat\/salajove\/wp-content\/uploads\/sites\/3\/2018\/12\/Bibloblanes_CLJ_N\u00faria-Mart\u00ed-Constans.jpg\" target=\"_blank\" rel=\"noopener\"><img decoding=\"async\" class=\"wp-image-2311 size-medium alignnone\" src=\"https:\/\/biblioteca.blanes.cat\/salajove\/wp-content\/uploads\/sites\/3\/2018\/12\/Bibloblanes_CLJ_N\u00faria-Mart\u00ed-Constans-300x300.jpg\" alt=\"\" width=\"300\" height=\"300\" srcset=\"https:\/\/biblioteca.blanes.cat\/salajove\/wp-content\/uploads\/sites\/3\/2018\/12\/Bibloblanes_CLJ_N\u00faria-Mart\u00ed-Constans-300x300.jpg 300w, https:\/\/biblioteca.blanes.cat\/salajove\/wp-content\/uploads\/sites\/3\/2018\/12\/Bibloblanes_CLJ_N\u00faria-Mart\u00ed-Constans-150x150.jpg 150w, https:\/\/biblioteca.blanes.cat\/salajove\/wp-content\/uploads\/sites\/3\/2018\/12\/Bibloblanes_CLJ_N\u00faria-Mart\u00ed-Constans-768x768.jpg 768w, https:\/\/biblioteca.blanes.cat\/salajove\/wp-content\/uploads\/sites\/3\/2018\/12\/Bibloblanes_CLJ_N\u00faria-Mart\u00ed-Constans-270x270.jpg 270w, https:\/\/biblioteca.blanes.cat\/salajove\/wp-content\/uploads\/sites\/3\/2018\/12\/Bibloblanes_CLJ_N\u00faria-Mart\u00ed-Constans-230x230.jpg 230w, https:\/\/biblioteca.blanes.cat\/salajove\/wp-content\/uploads\/sites\/3\/2018\/12\/Bibloblanes_CLJ_N\u00faria-Mart\u00ed-Constans.jpg 960w\" sizes=\"(max-width: 300px) 100vw, 300px\" \/><\/a> <a href=\"https:\/\/biblioteca.blanes.cat\/salajove\/wp-content\/uploads\/sites\/3\/2018\/12\/Biblioblanes_CLJ_N\u00faria-Mart\u00ed-Constans.jpg\"><img decoding=\"async\" class=\"size-medium wp-image-2312 alignnone\" src=\"https:\/\/biblioteca.blanes.cat\/salajove\/wp-content\/uploads\/sites\/3\/2018\/12\/Biblioblanes_CLJ_N\u00faria-Mart\u00ed-Constans-300x300.jpg\" alt=\"\" width=\"300\" height=\"300\" srcset=\"https:\/\/biblioteca.blanes.cat\/salajove\/wp-content\/uploads\/sites\/3\/2018\/12\/Biblioblanes_CLJ_N\u00faria-Mart\u00ed-Constans-300x300.jpg 300w, https:\/\/biblioteca.blanes.cat\/salajove\/wp-content\/uploads\/sites\/3\/2018\/12\/Biblioblanes_CLJ_N\u00faria-Mart\u00ed-Constans-150x150.jpg 150w, https:\/\/biblioteca.blanes.cat\/salajove\/wp-content\/uploads\/sites\/3\/2018\/12\/Biblioblanes_CLJ_N\u00faria-Mart\u00ed-Constans-768x768.jpg 768w, https:\/\/biblioteca.blanes.cat\/salajove\/wp-content\/uploads\/sites\/3\/2018\/12\/Biblioblanes_CLJ_N\u00faria-Mart\u00ed-Constans-1024x1024.jpg 1024w, https:\/\/biblioteca.blanes.cat\/salajove\/wp-content\/uploads\/sites\/3\/2018\/12\/Biblioblanes_CLJ_N\u00faria-Mart\u00ed-Constans-270x270.jpg 270w, https:\/\/biblioteca.blanes.cat\/salajove\/wp-content\/uploads\/sites\/3\/2018\/12\/Biblioblanes_CLJ_N\u00faria-Mart\u00ed-Constans-230x230.jpg 230w, https:\/\/biblioteca.blanes.cat\/salajove\/wp-content\/uploads\/sites\/3\/2018\/12\/Biblioblanes_CLJ_N\u00faria-Mart\u00ed-Constans.jpg 1450w\" sizes=\"(max-width: 300px) 100vw, 300px\" \/><\/a><\/p>\n<p>&nbsp;<\/p>\n<h2 style=\"text-align: center;\"><a href=\"http:\/\/www.blanes.cat\/biblioteca\" target=\"_blank\" rel=\"noopener\">Biblioteca Comarcal de Blanes<\/a> \u2013 <a href=\"http:\/\/biblioteca.blanes.cat\/salajove\">Sala Jove<\/a><\/h2>\n","protected":false},"excerpt":{"rendered":"<p>Biblioteca Jove &#8211; Biblioblanes: Al Club de lectura Jove aquest mes hem comentat Les mateixes estrelles de N\u00faria Mart\u00ed Constans. \u00a0 Aquest mes de desembre hem llegit una novel\u00b7la de Lectura F\u00e0cil. El 2010 va guanyar el premi de novel\u00b7la<\/p>\n","protected":false},"author":4,"featured_media":1799,"comment_status":"open","ping_status":"open","sticky":false,"template":"","format":"standard","meta":{"sfsi_plus_gutenberg_text_before_share":"","sfsi_plus_gutenberg_show_text_before_share":"","sfsi_plus_gutenberg_icon_type":"","sfsi_plus_gutenberg_icon_alignemt":"","sfsi_plus_gutenburg_max_per_row":"","footnotes":""},"categories":[5],"tags":[24,80,29,31,26,19,21],"class_list":["post-2306","post","type-post","status-publish","format-standard","has-post-thumbnail","hentry","category-club-de-lectura","tag-activitats","tag-autors","tag-club-de-lectura","tag-escriptura","tag-lectura","tag-literatura","tag-llibres"],"yoast_head":"<!-- This site is optimized with the Yoast SEO plugin v27.5 - https:\/\/yoast.com\/product\/yoast-seo-wordpress\/ -->\n<title>CLJ: Desembre 2018 - Sala Jove<\/title>\n<meta name=\"robots\" content=\"index, follow, max-snippet:-1, max-image-preview:large, max-video-preview:-1\" \/>\n<link rel=\"canonical\" href=\"https:\/\/biblioteca.blanes.cat\/salajove\/2018\/12\/20\/clj-desembre-2018\/\" \/>\n<meta property=\"og:locale\" content=\"ca_ES\" \/>\n<meta property=\"og:type\" content=\"article\" \/>\n<meta property=\"og:title\" content=\"CLJ: Desembre 2018 - Sala Jove\" \/>\n<meta property=\"og:description\" content=\"Biblioteca Jove &#8211; Biblioblanes: Al Club de lectura Jove aquest mes hem comentat Les mateixes estrelles de N\u00faria Mart\u00ed Constans. \u00a0 Aquest mes de desembre hem llegit una novel\u00b7la de Lectura F\u00e0cil. El 2010 va guanyar el premi de novel\u00b7la\" \/>\n<meta property=\"og:url\" content=\"https:\/\/biblioteca.blanes.cat\/salajove\/2018\/12\/20\/clj-desembre-2018\/\" \/>\n<meta property=\"og:site_name\" content=\"Sala Jove\" \/>\n<meta property=\"article:publisher\" content=\"https:\/\/www.facebook.com\/BilbiotecaComarcaldeBlanes\/\" \/>\n<meta property=\"article:published_time\" content=\"2018-12-20T12:07:56+00:00\" \/>\n<meta property=\"article:modified_time\" content=\"2018-12-27T12:57:11+00:00\" \/>\n<meta property=\"og:image\" content=\"https:\/\/biblioteca.blanes.cat\/salajove\/wp-content\/uploads\/sites\/3\/2017\/09\/CLJ_.png\" \/>\n\t<meta property=\"og:image:width\" content=\"3719\" \/>\n\t<meta property=\"og:image:height\" content=\"3719\" \/>\n\t<meta property=\"og:image:type\" content=\"image\/png\" \/>\n<meta name=\"author\" content=\"biblioblanes\" \/>\n<meta name=\"twitter:card\" content=\"summary_large_image\" \/>\n<meta name=\"twitter:creator\" content=\"@biblioblanes\" \/>\n<meta name=\"twitter:site\" content=\"@BiblioBlanes\" \/>\n<meta name=\"twitter:label1\" content=\"Escrit per\" \/>\n\t<meta name=\"twitter:data1\" content=\"biblioblanes\" \/>\n\t<meta name=\"twitter:label2\" content=\"Temps estimat de lectura\" \/>\n\t<meta name=\"twitter:data2\" content=\"2 minuts\" \/>\n<script type=\"application\/ld+json\" class=\"yoast-schema-graph\">{\"@context\":\"https:\\\/\\\/schema.org\",\"@graph\":[{\"@type\":\"Article\",\"@id\":\"https:\\\/\\\/biblioteca.blanes.cat\\\/salajove\\\/2018\\\/12\\\/20\\\/clj-desembre-2018\\\/#article\",\"isPartOf\":{\"@id\":\"https:\\\/\\\/biblioteca.blanes.cat\\\/salajove\\\/2018\\\/12\\\/20\\\/clj-desembre-2018\\\/\"},\"author\":{\"name\":\"biblioblanes\",\"@id\":\"https:\\\/\\\/biblioteca.blanes.cat\\\/salajove\\\/#\\\/schema\\\/person\\\/5a7b46760d9dd611d098bbf571a341dc\"},\"headline\":\"CLJ: Desembre 2018\",\"datePublished\":\"2018-12-20T12:07:56+00:00\",\"dateModified\":\"2018-12-27T12:57:11+00:00\",\"mainEntityOfPage\":{\"@id\":\"https:\\\/\\\/biblioteca.blanes.cat\\\/salajove\\\/2018\\\/12\\\/20\\\/clj-desembre-2018\\\/\"},\"wordCount\":338,\"commentCount\":0,\"publisher\":{\"@id\":\"https:\\\/\\\/biblioteca.blanes.cat\\\/salajove\\\/#organization\"},\"image\":{\"@id\":\"https:\\\/\\\/biblioteca.blanes.cat\\\/salajove\\\/2018\\\/12\\\/20\\\/clj-desembre-2018\\\/#primaryimage\"},\"thumbnailUrl\":\"https:\\\/\\\/biblioteca.blanes.cat\\\/salajove\\\/wp-content\\\/uploads\\\/sites\\\/3\\\/2017\\\/09\\\/CLJ_.png\",\"keywords\":[\"#Activitats\",\"#Autors\",\"#ClubdeLectura\",\"#Escriptura\",\"#Lectura\",\"#Literatura\",\"#Llibres\"],\"articleSection\":[\"Club de Lectura\"],\"inLanguage\":\"ca\",\"potentialAction\":[{\"@type\":\"CommentAction\",\"name\":\"Comment\",\"target\":[\"https:\\\/\\\/biblioteca.blanes.cat\\\/salajove\\\/2018\\\/12\\\/20\\\/clj-desembre-2018\\\/#respond\"]}]},{\"@type\":\"WebPage\",\"@id\":\"https:\\\/\\\/biblioteca.blanes.cat\\\/salajove\\\/2018\\\/12\\\/20\\\/clj-desembre-2018\\\/\",\"url\":\"https:\\\/\\\/biblioteca.blanes.cat\\\/salajove\\\/2018\\\/12\\\/20\\\/clj-desembre-2018\\\/\",\"name\":\"CLJ: Desembre 2018 - Sala Jove\",\"isPartOf\":{\"@id\":\"https:\\\/\\\/biblioteca.blanes.cat\\\/salajove\\\/#website\"},\"primaryImageOfPage\":{\"@id\":\"https:\\\/\\\/biblioteca.blanes.cat\\\/salajove\\\/2018\\\/12\\\/20\\\/clj-desembre-2018\\\/#primaryimage\"},\"image\":{\"@id\":\"https:\\\/\\\/biblioteca.blanes.cat\\\/salajove\\\/2018\\\/12\\\/20\\\/clj-desembre-2018\\\/#primaryimage\"},\"thumbnailUrl\":\"https:\\\/\\\/biblioteca.blanes.cat\\\/salajove\\\/wp-content\\\/uploads\\\/sites\\\/3\\\/2017\\\/09\\\/CLJ_.png\",\"datePublished\":\"2018-12-20T12:07:56+00:00\",\"dateModified\":\"2018-12-27T12:57:11+00:00\",\"breadcrumb\":{\"@id\":\"https:\\\/\\\/biblioteca.blanes.cat\\\/salajove\\\/2018\\\/12\\\/20\\\/clj-desembre-2018\\\/#breadcrumb\"},\"inLanguage\":\"ca\",\"potentialAction\":[{\"@type\":\"ReadAction\",\"target\":[\"https:\\\/\\\/biblioteca.blanes.cat\\\/salajove\\\/2018\\\/12\\\/20\\\/clj-desembre-2018\\\/\"]}]},{\"@type\":\"ImageObject\",\"inLanguage\":\"ca\",\"@id\":\"https:\\\/\\\/biblioteca.blanes.cat\\\/salajove\\\/2018\\\/12\\\/20\\\/clj-desembre-2018\\\/#primaryimage\",\"url\":\"https:\\\/\\\/biblioteca.blanes.cat\\\/salajove\\\/wp-content\\\/uploads\\\/sites\\\/3\\\/2017\\\/09\\\/CLJ_.png\",\"contentUrl\":\"https:\\\/\\\/biblioteca.blanes.cat\\\/salajove\\\/wp-content\\\/uploads\\\/sites\\\/3\\\/2017\\\/09\\\/CLJ_.png\",\"width\":3719,\"height\":3719},{\"@type\":\"BreadcrumbList\",\"@id\":\"https:\\\/\\\/biblioteca.blanes.cat\\\/salajove\\\/2018\\\/12\\\/20\\\/clj-desembre-2018\\\/#breadcrumb\",\"itemListElement\":[{\"@type\":\"ListItem\",\"position\":1,\"name\":\"Inici\",\"item\":\"https:\\\/\\\/biblioteca.blanes.cat\\\/salajove\\\/\"},{\"@type\":\"ListItem\",\"position\":2,\"name\":\"CLJ: Desembre 2018\"}]},{\"@type\":\"WebSite\",\"@id\":\"https:\\\/\\\/biblioteca.blanes.cat\\\/salajove\\\/#website\",\"url\":\"https:\\\/\\\/biblioteca.blanes.cat\\\/salajove\\\/\",\"name\":\"Sala Jove\",\"description\":\"Biblioteca Comarcal de Blanes\",\"publisher\":{\"@id\":\"https:\\\/\\\/biblioteca.blanes.cat\\\/salajove\\\/#organization\"},\"potentialAction\":[{\"@type\":\"SearchAction\",\"target\":{\"@type\":\"EntryPoint\",\"urlTemplate\":\"https:\\\/\\\/biblioteca.blanes.cat\\\/salajove\\\/?s={search_term_string}\"},\"query-input\":{\"@type\":\"PropertyValueSpecification\",\"valueRequired\":true,\"valueName\":\"search_term_string\"}}],\"inLanguage\":\"ca\"},{\"@type\":\"Organization\",\"@id\":\"https:\\\/\\\/biblioteca.blanes.cat\\\/salajove\\\/#organization\",\"name\":\"Biblioteca Comarcal de Blanes\",\"url\":\"https:\\\/\\\/biblioteca.blanes.cat\\\/salajove\\\/\",\"logo\":{\"@type\":\"ImageObject\",\"inLanguage\":\"ca\",\"@id\":\"https:\\\/\\\/biblioteca.blanes.cat\\\/salajove\\\/#\\\/schema\\\/logo\\\/image\\\/\",\"url\":\"https:\\\/\\\/biblioteca.blanes.cat\\\/salajove\\\/wp-content\\\/uploads\\\/sites\\\/3\\\/2017\\\/09\\\/cropped-Bib-blau-e1518869380535.png\",\"contentUrl\":\"https:\\\/\\\/biblioteca.blanes.cat\\\/salajove\\\/wp-content\\\/uploads\\\/sites\\\/3\\\/2017\\\/09\\\/cropped-Bib-blau-e1518869380535.png\",\"width\":166,\"height\":166,\"caption\":\"Biblioteca Comarcal de Blanes\"},\"image\":{\"@id\":\"https:\\\/\\\/biblioteca.blanes.cat\\\/salajove\\\/#\\\/schema\\\/logo\\\/image\\\/\"},\"sameAs\":[\"https:\\\/\\\/www.facebook.com\\\/BilbiotecaComarcaldeBlanes\\\/\",\"https:\\\/\\\/x.com\\\/BiblioBlanes\",\"https:\\\/\\\/www.instagram.com\\\/biblioblanes\\\/\",\"https:\\\/\\\/www.pinterest.es\\\/bblanes\\\/\",\"https:\\\/\\\/www.youtube.com\\\/c\\\/BibliotecaComarcalBlanes\"]},{\"@type\":\"Person\",\"@id\":\"https:\\\/\\\/biblioteca.blanes.cat\\\/salajove\\\/#\\\/schema\\\/person\\\/5a7b46760d9dd611d098bbf571a341dc\",\"name\":\"biblioblanes\",\"image\":{\"@type\":\"ImageObject\",\"inLanguage\":\"ca\",\"@id\":\"https:\\\/\\\/secure.gravatar.com\\\/avatar\\\/6593ca6cc90e5a70939f51c95e8315483b9c281bafba597292bee47992030f99?s=96&d=mm&r=g\",\"url\":\"https:\\\/\\\/secure.gravatar.com\\\/avatar\\\/6593ca6cc90e5a70939f51c95e8315483b9c281bafba597292bee47992030f99?s=96&d=mm&r=g\",\"contentUrl\":\"https:\\\/\\\/secure.gravatar.com\\\/avatar\\\/6593ca6cc90e5a70939f51c95e8315483b9c281bafba597292bee47992030f99?s=96&d=mm&r=g\",\"caption\":\"biblioblanes\"},\"sameAs\":[\"http:\\\/\\\/www.bibgirona.cat\\\/biblioteca\\\/blanes\",\"https:\\\/\\\/x.com\\\/biblioblanes\"],\"url\":\"https:\\\/\\\/biblioteca.blanes.cat\\\/salajove\\\/author\\\/biblioblanes\\\/\"}]}<\/script>\n<!-- \/ Yoast SEO plugin. -->","yoast_head_json":{"title":"CLJ: Desembre 2018 - Sala Jove","robots":{"index":"index","follow":"follow","max-snippet":"max-snippet:-1","max-image-preview":"max-image-preview:large","max-video-preview":"max-video-preview:-1"},"canonical":"https:\/\/biblioteca.blanes.cat\/salajove\/2018\/12\/20\/clj-desembre-2018\/","og_locale":"ca_ES","og_type":"article","og_title":"CLJ: Desembre 2018 - Sala Jove","og_description":"Biblioteca Jove &#8211; Biblioblanes: Al Club de lectura Jove aquest mes hem comentat Les mateixes estrelles de N\u00faria Mart\u00ed Constans. \u00a0 Aquest mes de desembre hem llegit una novel\u00b7la de Lectura F\u00e0cil. El 2010 va guanyar el premi de novel\u00b7la","og_url":"https:\/\/biblioteca.blanes.cat\/salajove\/2018\/12\/20\/clj-desembre-2018\/","og_site_name":"Sala Jove","article_publisher":"https:\/\/www.facebook.com\/BilbiotecaComarcaldeBlanes\/","article_published_time":"2018-12-20T12:07:56+00:00","article_modified_time":"2018-12-27T12:57:11+00:00","og_image":[{"width":3719,"height":3719,"url":"https:\/\/biblioteca.blanes.cat\/salajove\/wp-content\/uploads\/sites\/3\/2017\/09\/CLJ_.png","type":"image\/png"}],"author":"biblioblanes","twitter_card":"summary_large_image","twitter_creator":"@biblioblanes","twitter_site":"@BiblioBlanes","twitter_misc":{"Escrit per":"biblioblanes","Temps estimat de lectura":"2 minuts"},"schema":{"@context":"https:\/\/schema.org","@graph":[{"@type":"Article","@id":"https:\/\/biblioteca.blanes.cat\/salajove\/2018\/12\/20\/clj-desembre-2018\/#article","isPartOf":{"@id":"https:\/\/biblioteca.blanes.cat\/salajove\/2018\/12\/20\/clj-desembre-2018\/"},"author":{"name":"biblioblanes","@id":"https:\/\/biblioteca.blanes.cat\/salajove\/#\/schema\/person\/5a7b46760d9dd611d098bbf571a341dc"},"headline":"CLJ: Desembre 2018","datePublished":"2018-12-20T12:07:56+00:00","dateModified":"2018-12-27T12:57:11+00:00","mainEntityOfPage":{"@id":"https:\/\/biblioteca.blanes.cat\/salajove\/2018\/12\/20\/clj-desembre-2018\/"},"wordCount":338,"commentCount":0,"publisher":{"@id":"https:\/\/biblioteca.blanes.cat\/salajove\/#organization"},"image":{"@id":"https:\/\/biblioteca.blanes.cat\/salajove\/2018\/12\/20\/clj-desembre-2018\/#primaryimage"},"thumbnailUrl":"https:\/\/biblioteca.blanes.cat\/salajove\/wp-content\/uploads\/sites\/3\/2017\/09\/CLJ_.png","keywords":["#Activitats","#Autors","#ClubdeLectura","#Escriptura","#Lectura","#Literatura","#Llibres"],"articleSection":["Club de Lectura"],"inLanguage":"ca","potentialAction":[{"@type":"CommentAction","name":"Comment","target":["https:\/\/biblioteca.blanes.cat\/salajove\/2018\/12\/20\/clj-desembre-2018\/#respond"]}]},{"@type":"WebPage","@id":"https:\/\/biblioteca.blanes.cat\/salajove\/2018\/12\/20\/clj-desembre-2018\/","url":"https:\/\/biblioteca.blanes.cat\/salajove\/2018\/12\/20\/clj-desembre-2018\/","name":"CLJ: Desembre 2018 - Sala Jove","isPartOf":{"@id":"https:\/\/biblioteca.blanes.cat\/salajove\/#website"},"primaryImageOfPage":{"@id":"https:\/\/biblioteca.blanes.cat\/salajove\/2018\/12\/20\/clj-desembre-2018\/#primaryimage"},"image":{"@id":"https:\/\/biblioteca.blanes.cat\/salajove\/2018\/12\/20\/clj-desembre-2018\/#primaryimage"},"thumbnailUrl":"https:\/\/biblioteca.blanes.cat\/salajove\/wp-content\/uploads\/sites\/3\/2017\/09\/CLJ_.png","datePublished":"2018-12-20T12:07:56+00:00","dateModified":"2018-12-27T12:57:11+00:00","breadcrumb":{"@id":"https:\/\/biblioteca.blanes.cat\/salajove\/2018\/12\/20\/clj-desembre-2018\/#breadcrumb"},"inLanguage":"ca","potentialAction":[{"@type":"ReadAction","target":["https:\/\/biblioteca.blanes.cat\/salajove\/2018\/12\/20\/clj-desembre-2018\/"]}]},{"@type":"ImageObject","inLanguage":"ca","@id":"https:\/\/biblioteca.blanes.cat\/salajove\/2018\/12\/20\/clj-desembre-2018\/#primaryimage","url":"https:\/\/biblioteca.blanes.cat\/salajove\/wp-content\/uploads\/sites\/3\/2017\/09\/CLJ_.png","contentUrl":"https:\/\/biblioteca.blanes.cat\/salajove\/wp-content\/uploads\/sites\/3\/2017\/09\/CLJ_.png","width":3719,"height":3719},{"@type":"BreadcrumbList","@id":"https:\/\/biblioteca.blanes.cat\/salajove\/2018\/12\/20\/clj-desembre-2018\/#breadcrumb","itemListElement":[{"@type":"ListItem","position":1,"name":"Inici","item":"https:\/\/biblioteca.blanes.cat\/salajove\/"},{"@type":"ListItem","position":2,"name":"CLJ: Desembre 2018"}]},{"@type":"WebSite","@id":"https:\/\/biblioteca.blanes.cat\/salajove\/#website","url":"https:\/\/biblioteca.blanes.cat\/salajove\/","name":"Sala Jove","description":"Biblioteca Comarcal de Blanes","publisher":{"@id":"https:\/\/biblioteca.blanes.cat\/salajove\/#organization"},"potentialAction":[{"@type":"SearchAction","target":{"@type":"EntryPoint","urlTemplate":"https:\/\/biblioteca.blanes.cat\/salajove\/?s={search_term_string}"},"query-input":{"@type":"PropertyValueSpecification","valueRequired":true,"valueName":"search_term_string"}}],"inLanguage":"ca"},{"@type":"Organization","@id":"https:\/\/biblioteca.blanes.cat\/salajove\/#organization","name":"Biblioteca Comarcal de Blanes","url":"https:\/\/biblioteca.blanes.cat\/salajove\/","logo":{"@type":"ImageObject","inLanguage":"ca","@id":"https:\/\/biblioteca.blanes.cat\/salajove\/#\/schema\/logo\/image\/","url":"https:\/\/biblioteca.blanes.cat\/salajove\/wp-content\/uploads\/sites\/3\/2017\/09\/cropped-Bib-blau-e1518869380535.png","contentUrl":"https:\/\/biblioteca.blanes.cat\/salajove\/wp-content\/uploads\/sites\/3\/2017\/09\/cropped-Bib-blau-e1518869380535.png","width":166,"height":166,"caption":"Biblioteca Comarcal de Blanes"},"image":{"@id":"https:\/\/biblioteca.blanes.cat\/salajove\/#\/schema\/logo\/image\/"},"sameAs":["https:\/\/www.facebook.com\/BilbiotecaComarcaldeBlanes\/","https:\/\/x.com\/BiblioBlanes","https:\/\/www.instagram.com\/biblioblanes\/","https:\/\/www.pinterest.es\/bblanes\/","https:\/\/www.youtube.com\/c\/BibliotecaComarcalBlanes"]},{"@type":"Person","@id":"https:\/\/biblioteca.blanes.cat\/salajove\/#\/schema\/person\/5a7b46760d9dd611d098bbf571a341dc","name":"biblioblanes","image":{"@type":"ImageObject","inLanguage":"ca","@id":"https:\/\/secure.gravatar.com\/avatar\/6593ca6cc90e5a70939f51c95e8315483b9c281bafba597292bee47992030f99?s=96&d=mm&r=g","url":"https:\/\/secure.gravatar.com\/avatar\/6593ca6cc90e5a70939f51c95e8315483b9c281bafba597292bee47992030f99?s=96&d=mm&r=g","contentUrl":"https:\/\/secure.gravatar.com\/avatar\/6593ca6cc90e5a70939f51c95e8315483b9c281bafba597292bee47992030f99?s=96&d=mm&r=g","caption":"biblioblanes"},"sameAs":["http:\/\/www.bibgirona.cat\/biblioteca\/blanes","https:\/\/x.com\/biblioblanes"],"url":"https:\/\/biblioteca.blanes.cat\/salajove\/author\/biblioblanes\/"}]}},"_links":{"self":[{"href":"https:\/\/biblioteca.blanes.cat\/salajove\/wp-json\/wp\/v2\/posts\/2306","targetHints":{"allow":["GET"]}}],"collection":[{"href":"https:\/\/biblioteca.blanes.cat\/salajove\/wp-json\/wp\/v2\/posts"}],"about":[{"href":"https:\/\/biblioteca.blanes.cat\/salajove\/wp-json\/wp\/v2\/types\/post"}],"author":[{"embeddable":true,"href":"https:\/\/biblioteca.blanes.cat\/salajove\/wp-json\/wp\/v2\/users\/4"}],"replies":[{"embeddable":true,"href":"https:\/\/biblioteca.blanes.cat\/salajove\/wp-json\/wp\/v2\/comments?post=2306"}],"version-history":[{"count":5,"href":"https:\/\/biblioteca.blanes.cat\/salajove\/wp-json\/wp\/v2\/posts\/2306\/revisions"}],"predecessor-version":[{"id":2577,"href":"https:\/\/biblioteca.blanes.cat\/salajove\/wp-json\/wp\/v2\/posts\/2306\/revisions\/2577"}],"wp:featuredmedia":[{"embeddable":true,"href":"https:\/\/biblioteca.blanes.cat\/salajove\/wp-json\/wp\/v2\/media\/1799"}],"wp:attachment":[{"href":"https:\/\/biblioteca.blanes.cat\/salajove\/wp-json\/wp\/v2\/media?parent=2306"}],"wp:term":[{"taxonomy":"category","embeddable":true,"href":"https:\/\/biblioteca.blanes.cat\/salajove\/wp-json\/wp\/v2\/categories?post=2306"},{"taxonomy":"post_tag","embeddable":true,"href":"https:\/\/biblioteca.blanes.cat\/salajove\/wp-json\/wp\/v2\/tags?post=2306"}],"curies":[{"name":"wp","href":"https:\/\/api.w.org\/{rel}","templated":true}]}}