{"id":2227,"date":"2018-11-26T11:50:11","date_gmt":"2018-11-26T10:50:11","guid":{"rendered":"https:\/\/biblioteca.blanes.cat\/salajove\/?p=2227"},"modified":"2018-11-26T11:54:05","modified_gmt":"2018-11-26T10:54:05","slug":"apadrinem-el-nostre-patrimoni","status":"publish","type":"post","link":"https:\/\/biblioteca.blanes.cat\/salajove\/2018\/11\/26\/apadrinem-el-nostre-patrimoni\/","title":{"rendered":"Apadrinem el nostre patrimoni"},"content":{"rendered":"<h2 style=\"text-align: center;\">Els alumnes del col\u00b7legi Santa Maria apadrinen el nostre<\/h2>\n<h2 style=\"text-align: center;\">patrimoni: Castell i ermita de Sant Joan<\/h2>\n<p><!--more--><\/p>\n<p style=\"text-align: justify;\"><span style=\"font-family: Calibri; font-size: medium;\"> Els alumnes de 2n d&#8217;ESO del col\u00b7legi Santa Maria han realitzat un projecte interdisciplinar anomenat &#8220;Apadrinem el nostre patrimoni: Castell i ermita de Sant Joan&#8221; durant la 23a. Setmana de la Ci\u00e8ncia amb motiu de l&#8217;Any Europeu del Patrimoni Cultural i coordinat des de l&#8217; \u00e0rea de Ci\u00e8ncies Socials de l&#8217;escola.<\/span><\/p>\n<p style=\"text-align: justify;\"><span style=\"font-family: Calibri; font-size: medium;\">Ens volem fer ress\u00f3 d&#8217;aquesta activitat i agra\u00efr-los l&#8217;empremta digital que deixen en la col\u00b7lecci\u00f3 local de la nostra biblioteca.<\/span><\/p>\n<p style=\"text-align: justify;\"><span style=\"font-family: Calibri; font-size: medium;\">Els alumnes han conegut i treballat in situ un referent hist\u00f2ric del nostre entorn m\u00e9s immediat i hi han realitzat un munt d&#8217;activitats de moltes \u00e0reees al voltant d&#8217;aquest centre d&#8217;inter\u00e8s: lleng\u00fces, matem\u00e0tiques, geologia, educai\u00f3 f\u00edsica, dibuix, tecnologia, inform\u00e0tica, angl\u00e8s, m\u00fasica i religi\u00f3. <\/span><\/p>\n<p>&nbsp;<\/p>\n<p style=\"text-align: center;\">\n <span style=\"font-family: Calibri; font-size: medium;\"><img fetchpriority=\"high\" decoding=\"async\" class=\"aligncenter\" title=\"Apadrinem el nostre patrimoni\" src=\"https:\/\/lh4.googleusercontent.com\/4RvyKsQVZ4mYTI4IuNv8n7cCl7xywK-JEkcNeNefCkwTRrfDgjsNx7LKAVYXGpzKE88YNT3pFf0yuPZ11_PD_ifJubR-CC0Uf0iZnmxP6Eq3AmODSQ=w472\" alt=\"Apadrinem el nostre patrimoni\" width=\"472\" height=\"336\" \/><\/span><\/p>\n<p>&nbsp;<\/p>\n<p style=\"text-align: justify;\"><span style=\"font-family: Calibri; font-size: medium;\">Podeu veure totes les activitats que els alumnes han fet en seu bloc: <a href=\"https:\/\/sites.google.com\/blanes.manyanet.org\/apadrinament-sant-joan\">blanes.manyanet.org<\/a><\/span><br \/>\n <u><\/u><span style=\"font-family: Calibri; font-size: medium;\">Una de les activitats era denunciar els deterioraments i fer propostes de millora a trav\u00e9s d&#8217;un v\u00eddeo:<\/span><\/p>\n<p>&nbsp;<\/p>\n<p style=\"text-align: center;\"><iframe src=\"https:\/\/www.youtube.com\/embed\/A6c3l8I5O-w\" width=\"560\" height=\"315\" frameborder=\"0\" allowfullscreen=\"allowfullscreen\"><\/iframe><\/p>\n<h2>\u00a0<\/h2>\n<h2 style=\"text-align: center;\"><a href=\"http:\/\/www.blanes.cat\/biblioteca\" target=\"_blank\" rel=\"noopener\">Biblioteca Comarcal de Blanes<\/a> \u2013 <a href=\"http:\/\/biblioteca.blanes.cat\/salajove\">Sala Jove<\/a><\/h2>\n","protected":false},"excerpt":{"rendered":"<p>Els alumnes del col\u00b7legi Santa Maria apadrinen el nostre patrimoni: Castell i ermita de Sant Joan<\/p>\n","protected":false},"author":4,"featured_media":2228,"comment_status":"open","ping_status":"open","sticky":false,"template":"","format":"standard","meta":{"sfsi_plus_gutenberg_text_before_share":"","sfsi_plus_gutenberg_show_text_before_share":"","sfsi_plus_gutenberg_icon_type":"","sfsi_plus_gutenberg_icon_alignemt":"","sfsi_plus_gutenburg_max_per_row":"","footnotes":""},"categories":[1],"tags":[49,79,48,52,78],"class_list":["post-2227","post","type-post","status-publish","format-standard","has-post-thumbnail","hentry","category-general","tag-actualitat","tag-blanes","tag-educacio","tag-joves","tag-patrimoni"],"yoast_head":"<!-- This site is optimized with the Yoast SEO plugin v27.5 - https:\/\/yoast.com\/product\/yoast-seo-wordpress\/ -->\n<title>Apadrinem el nostre patrimoni - Sala Jove - Biblioblanes<\/title>\n<meta name=\"description\" content=\"Apadrinem el nostre patrimoni - Els alumnes del col\u00b7legi Santa Maria apadrinen el nostrepatrimoni: Castell i ermita de Sant Joan\" \/>\n<meta name=\"robots\" content=\"index, follow, max-snippet:-1, max-image-preview:large, max-video-preview:-1\" \/>\n<link rel=\"canonical\" href=\"https:\/\/biblioteca.blanes.cat\/salajove\/2018\/11\/26\/apadrinem-el-nostre-patrimoni\/\" \/>\n<meta property=\"og:locale\" content=\"ca_ES\" \/>\n<meta property=\"og:type\" content=\"article\" \/>\n<meta property=\"og:title\" content=\"Apadrinem el nostre patrimoni - Sala Jove - Biblioblanes\" \/>\n<meta property=\"og:description\" content=\"Apadrinem el nostre patrimoni - Els alumnes del col\u00b7legi Santa Maria apadrinen el nostrepatrimoni: Castell i ermita de Sant Joan\" \/>\n<meta property=\"og:url\" content=\"https:\/\/biblioteca.blanes.cat\/salajove\/2018\/11\/26\/apadrinem-el-nostre-patrimoni\/\" \/>\n<meta property=\"og:site_name\" content=\"Sala Jove\" \/>\n<meta property=\"article:publisher\" content=\"https:\/\/www.facebook.com\/BilbiotecaComarcaldeBlanes\/\" \/>\n<meta property=\"article:published_time\" content=\"2018-11-26T10:50:11+00:00\" \/>\n<meta property=\"article:modified_time\" content=\"2018-11-26T10:54:05+00:00\" \/>\n<meta property=\"og:image\" content=\"https:\/\/biblioteca.blanes.cat\/salajove\/wp-content\/uploads\/sites\/3\/2018\/11\/Manyanet-Blanes.jpg\" \/>\n\t<meta property=\"og:image:width\" content=\"472\" \/>\n\t<meta property=\"og:image:height\" content=\"336\" \/>\n\t<meta property=\"og:image:type\" content=\"image\/jpeg\" \/>\n<meta name=\"author\" content=\"biblioblanes\" \/>\n<meta name=\"twitter:card\" content=\"summary_large_image\" \/>\n<meta name=\"twitter:creator\" content=\"@biblioblanes\" \/>\n<meta name=\"twitter:site\" content=\"@BiblioBlanes\" \/>\n<meta name=\"twitter:label1\" content=\"Escrit per\" \/>\n\t<meta name=\"twitter:data1\" content=\"biblioblanes\" \/>\n\t<meta name=\"twitter:label2\" content=\"Temps estimat de lectura\" \/>\n\t<meta name=\"twitter:data2\" content=\"1 minut\" \/>\n<script type=\"application\/ld+json\" class=\"yoast-schema-graph\">{\"@context\":\"https:\\\/\\\/schema.org\",\"@graph\":[{\"@type\":\"Article\",\"@id\":\"https:\\\/\\\/biblioteca.blanes.cat\\\/salajove\\\/2018\\\/11\\\/26\\\/apadrinem-el-nostre-patrimoni\\\/#article\",\"isPartOf\":{\"@id\":\"https:\\\/\\\/biblioteca.blanes.cat\\\/salajove\\\/2018\\\/11\\\/26\\\/apadrinem-el-nostre-patrimoni\\\/\"},\"author\":{\"name\":\"biblioblanes\",\"@id\":\"https:\\\/\\\/biblioteca.blanes.cat\\\/salajove\\\/#\\\/schema\\\/person\\\/5a7b46760d9dd611d098bbf571a341dc\"},\"headline\":\"Apadrinem el nostre patrimoni\",\"datePublished\":\"2018-11-26T10:50:11+00:00\",\"dateModified\":\"2018-11-26T10:54:05+00:00\",\"mainEntityOfPage\":{\"@id\":\"https:\\\/\\\/biblioteca.blanes.cat\\\/salajove\\\/2018\\\/11\\\/26\\\/apadrinem-el-nostre-patrimoni\\\/\"},\"wordCount\":202,\"commentCount\":0,\"publisher\":{\"@id\":\"https:\\\/\\\/biblioteca.blanes.cat\\\/salajove\\\/#organization\"},\"image\":{\"@id\":\"https:\\\/\\\/biblioteca.blanes.cat\\\/salajove\\\/2018\\\/11\\\/26\\\/apadrinem-el-nostre-patrimoni\\\/#primaryimage\"},\"thumbnailUrl\":\"https:\\\/\\\/biblioteca.blanes.cat\\\/salajove\\\/wp-content\\\/uploads\\\/sites\\\/3\\\/2018\\\/11\\\/Manyanet-Blanes.jpg\",\"keywords\":[\"#Actualitat\",\"#Blanes\",\"#Educaci\u00f3\",\"#Joves\",\"#Patrimoni\"],\"articleSection\":[\"Not\u00edcies\"],\"inLanguage\":\"ca\",\"potentialAction\":[{\"@type\":\"CommentAction\",\"name\":\"Comment\",\"target\":[\"https:\\\/\\\/biblioteca.blanes.cat\\\/salajove\\\/2018\\\/11\\\/26\\\/apadrinem-el-nostre-patrimoni\\\/#respond\"]}]},{\"@type\":\"WebPage\",\"@id\":\"https:\\\/\\\/biblioteca.blanes.cat\\\/salajove\\\/2018\\\/11\\\/26\\\/apadrinem-el-nostre-patrimoni\\\/\",\"url\":\"https:\\\/\\\/biblioteca.blanes.cat\\\/salajove\\\/2018\\\/11\\\/26\\\/apadrinem-el-nostre-patrimoni\\\/\",\"name\":\"Apadrinem el nostre patrimoni - Sala Jove - Biblioblanes\",\"isPartOf\":{\"@id\":\"https:\\\/\\\/biblioteca.blanes.cat\\\/salajove\\\/#website\"},\"primaryImageOfPage\":{\"@id\":\"https:\\\/\\\/biblioteca.blanes.cat\\\/salajove\\\/2018\\\/11\\\/26\\\/apadrinem-el-nostre-patrimoni\\\/#primaryimage\"},\"image\":{\"@id\":\"https:\\\/\\\/biblioteca.blanes.cat\\\/salajove\\\/2018\\\/11\\\/26\\\/apadrinem-el-nostre-patrimoni\\\/#primaryimage\"},\"thumbnailUrl\":\"https:\\\/\\\/biblioteca.blanes.cat\\\/salajove\\\/wp-content\\\/uploads\\\/sites\\\/3\\\/2018\\\/11\\\/Manyanet-Blanes.jpg\",\"datePublished\":\"2018-11-26T10:50:11+00:00\",\"dateModified\":\"2018-11-26T10:54:05+00:00\",\"description\":\"Apadrinem el nostre patrimoni - Els alumnes del col\u00b7legi Santa Maria apadrinen el nostrepatrimoni: Castell i ermita de Sant Joan\",\"breadcrumb\":{\"@id\":\"https:\\\/\\\/biblioteca.blanes.cat\\\/salajove\\\/2018\\\/11\\\/26\\\/apadrinem-el-nostre-patrimoni\\\/#breadcrumb\"},\"inLanguage\":\"ca\",\"potentialAction\":[{\"@type\":\"ReadAction\",\"target\":[\"https:\\\/\\\/biblioteca.blanes.cat\\\/salajove\\\/2018\\\/11\\\/26\\\/apadrinem-el-nostre-patrimoni\\\/\"]}]},{\"@type\":\"ImageObject\",\"inLanguage\":\"ca\",\"@id\":\"https:\\\/\\\/biblioteca.blanes.cat\\\/salajove\\\/2018\\\/11\\\/26\\\/apadrinem-el-nostre-patrimoni\\\/#primaryimage\",\"url\":\"https:\\\/\\\/biblioteca.blanes.cat\\\/salajove\\\/wp-content\\\/uploads\\\/sites\\\/3\\\/2018\\\/11\\\/Manyanet-Blanes.jpg\",\"contentUrl\":\"https:\\\/\\\/biblioteca.blanes.cat\\\/salajove\\\/wp-content\\\/uploads\\\/sites\\\/3\\\/2018\\\/11\\\/Manyanet-Blanes.jpg\",\"width\":472,\"height\":336},{\"@type\":\"BreadcrumbList\",\"@id\":\"https:\\\/\\\/biblioteca.blanes.cat\\\/salajove\\\/2018\\\/11\\\/26\\\/apadrinem-el-nostre-patrimoni\\\/#breadcrumb\",\"itemListElement\":[{\"@type\":\"ListItem\",\"position\":1,\"name\":\"Inici\",\"item\":\"https:\\\/\\\/biblioteca.blanes.cat\\\/salajove\\\/\"},{\"@type\":\"ListItem\",\"position\":2,\"name\":\"Apadrinem el nostre patrimoni\"}]},{\"@type\":\"WebSite\",\"@id\":\"https:\\\/\\\/biblioteca.blanes.cat\\\/salajove\\\/#website\",\"url\":\"https:\\\/\\\/biblioteca.blanes.cat\\\/salajove\\\/\",\"name\":\"Sala Jove\",\"description\":\"Biblioteca Comarcal de Blanes\",\"publisher\":{\"@id\":\"https:\\\/\\\/biblioteca.blanes.cat\\\/salajove\\\/#organization\"},\"potentialAction\":[{\"@type\":\"SearchAction\",\"target\":{\"@type\":\"EntryPoint\",\"urlTemplate\":\"https:\\\/\\\/biblioteca.blanes.cat\\\/salajove\\\/?s={search_term_string}\"},\"query-input\":{\"@type\":\"PropertyValueSpecification\",\"valueRequired\":true,\"valueName\":\"search_term_string\"}}],\"inLanguage\":\"ca\"},{\"@type\":\"Organization\",\"@id\":\"https:\\\/\\\/biblioteca.blanes.cat\\\/salajove\\\/#organization\",\"name\":\"Biblioteca Comarcal de Blanes\",\"url\":\"https:\\\/\\\/biblioteca.blanes.cat\\\/salajove\\\/\",\"logo\":{\"@type\":\"ImageObject\",\"inLanguage\":\"ca\",\"@id\":\"https:\\\/\\\/biblioteca.blanes.cat\\\/salajove\\\/#\\\/schema\\\/logo\\\/image\\\/\",\"url\":\"https:\\\/\\\/biblioteca.blanes.cat\\\/salajove\\\/wp-content\\\/uploads\\\/sites\\\/3\\\/2017\\\/09\\\/cropped-Bib-blau-e1518869380535.png\",\"contentUrl\":\"https:\\\/\\\/biblioteca.blanes.cat\\\/salajove\\\/wp-content\\\/uploads\\\/sites\\\/3\\\/2017\\\/09\\\/cropped-Bib-blau-e1518869380535.png\",\"width\":166,\"height\":166,\"caption\":\"Biblioteca Comarcal de Blanes\"},\"image\":{\"@id\":\"https:\\\/\\\/biblioteca.blanes.cat\\\/salajove\\\/#\\\/schema\\\/logo\\\/image\\\/\"},\"sameAs\":[\"https:\\\/\\\/www.facebook.com\\\/BilbiotecaComarcaldeBlanes\\\/\",\"https:\\\/\\\/x.com\\\/BiblioBlanes\",\"https:\\\/\\\/www.instagram.com\\\/biblioblanes\\\/\",\"https:\\\/\\\/www.pinterest.es\\\/bblanes\\\/\",\"https:\\\/\\\/www.youtube.com\\\/c\\\/BibliotecaComarcalBlanes\"]},{\"@type\":\"Person\",\"@id\":\"https:\\\/\\\/biblioteca.blanes.cat\\\/salajove\\\/#\\\/schema\\\/person\\\/5a7b46760d9dd611d098bbf571a341dc\",\"name\":\"biblioblanes\",\"image\":{\"@type\":\"ImageObject\",\"inLanguage\":\"ca\",\"@id\":\"https:\\\/\\\/secure.gravatar.com\\\/avatar\\\/6593ca6cc90e5a70939f51c95e8315483b9c281bafba597292bee47992030f99?s=96&d=mm&r=g\",\"url\":\"https:\\\/\\\/secure.gravatar.com\\\/avatar\\\/6593ca6cc90e5a70939f51c95e8315483b9c281bafba597292bee47992030f99?s=96&d=mm&r=g\",\"contentUrl\":\"https:\\\/\\\/secure.gravatar.com\\\/avatar\\\/6593ca6cc90e5a70939f51c95e8315483b9c281bafba597292bee47992030f99?s=96&d=mm&r=g\",\"caption\":\"biblioblanes\"},\"sameAs\":[\"http:\\\/\\\/www.bibgirona.cat\\\/biblioteca\\\/blanes\",\"https:\\\/\\\/x.com\\\/biblioblanes\"],\"url\":\"https:\\\/\\\/biblioteca.blanes.cat\\\/salajove\\\/author\\\/biblioblanes\\\/\"}]}<\/script>\n<!-- \/ Yoast SEO plugin. -->","yoast_head_json":{"title":"Apadrinem el nostre patrimoni - Sala Jove - Biblioblanes","description":"Apadrinem el nostre patrimoni - Els alumnes del col\u00b7legi Santa Maria apadrinen el nostrepatrimoni: Castell i ermita de Sant Joan","robots":{"index":"index","follow":"follow","max-snippet":"max-snippet:-1","max-image-preview":"max-image-preview:large","max-video-preview":"max-video-preview:-1"},"canonical":"https:\/\/biblioteca.blanes.cat\/salajove\/2018\/11\/26\/apadrinem-el-nostre-patrimoni\/","og_locale":"ca_ES","og_type":"article","og_title":"Apadrinem el nostre patrimoni - Sala Jove - Biblioblanes","og_description":"Apadrinem el nostre patrimoni - Els alumnes del col\u00b7legi Santa Maria apadrinen el nostrepatrimoni: Castell i ermita de Sant Joan","og_url":"https:\/\/biblioteca.blanes.cat\/salajove\/2018\/11\/26\/apadrinem-el-nostre-patrimoni\/","og_site_name":"Sala Jove","article_publisher":"https:\/\/www.facebook.com\/BilbiotecaComarcaldeBlanes\/","article_published_time":"2018-11-26T10:50:11+00:00","article_modified_time":"2018-11-26T10:54:05+00:00","og_image":[{"width":472,"height":336,"url":"https:\/\/biblioteca.blanes.cat\/salajove\/wp-content\/uploads\/sites\/3\/2018\/11\/Manyanet-Blanes.jpg","type":"image\/jpeg"}],"author":"biblioblanes","twitter_card":"summary_large_image","twitter_creator":"@biblioblanes","twitter_site":"@BiblioBlanes","twitter_misc":{"Escrit per":"biblioblanes","Temps estimat de lectura":"1 minut"},"schema":{"@context":"https:\/\/schema.org","@graph":[{"@type":"Article","@id":"https:\/\/biblioteca.blanes.cat\/salajove\/2018\/11\/26\/apadrinem-el-nostre-patrimoni\/#article","isPartOf":{"@id":"https:\/\/biblioteca.blanes.cat\/salajove\/2018\/11\/26\/apadrinem-el-nostre-patrimoni\/"},"author":{"name":"biblioblanes","@id":"https:\/\/biblioteca.blanes.cat\/salajove\/#\/schema\/person\/5a7b46760d9dd611d098bbf571a341dc"},"headline":"Apadrinem el nostre patrimoni","datePublished":"2018-11-26T10:50:11+00:00","dateModified":"2018-11-26T10:54:05+00:00","mainEntityOfPage":{"@id":"https:\/\/biblioteca.blanes.cat\/salajove\/2018\/11\/26\/apadrinem-el-nostre-patrimoni\/"},"wordCount":202,"commentCount":0,"publisher":{"@id":"https:\/\/biblioteca.blanes.cat\/salajove\/#organization"},"image":{"@id":"https:\/\/biblioteca.blanes.cat\/salajove\/2018\/11\/26\/apadrinem-el-nostre-patrimoni\/#primaryimage"},"thumbnailUrl":"https:\/\/biblioteca.blanes.cat\/salajove\/wp-content\/uploads\/sites\/3\/2018\/11\/Manyanet-Blanes.jpg","keywords":["#Actualitat","#Blanes","#Educaci\u00f3","#Joves","#Patrimoni"],"articleSection":["Not\u00edcies"],"inLanguage":"ca","potentialAction":[{"@type":"CommentAction","name":"Comment","target":["https:\/\/biblioteca.blanes.cat\/salajove\/2018\/11\/26\/apadrinem-el-nostre-patrimoni\/#respond"]}]},{"@type":"WebPage","@id":"https:\/\/biblioteca.blanes.cat\/salajove\/2018\/11\/26\/apadrinem-el-nostre-patrimoni\/","url":"https:\/\/biblioteca.blanes.cat\/salajove\/2018\/11\/26\/apadrinem-el-nostre-patrimoni\/","name":"Apadrinem el nostre patrimoni - Sala Jove - Biblioblanes","isPartOf":{"@id":"https:\/\/biblioteca.blanes.cat\/salajove\/#website"},"primaryImageOfPage":{"@id":"https:\/\/biblioteca.blanes.cat\/salajove\/2018\/11\/26\/apadrinem-el-nostre-patrimoni\/#primaryimage"},"image":{"@id":"https:\/\/biblioteca.blanes.cat\/salajove\/2018\/11\/26\/apadrinem-el-nostre-patrimoni\/#primaryimage"},"thumbnailUrl":"https:\/\/biblioteca.blanes.cat\/salajove\/wp-content\/uploads\/sites\/3\/2018\/11\/Manyanet-Blanes.jpg","datePublished":"2018-11-26T10:50:11+00:00","dateModified":"2018-11-26T10:54:05+00:00","description":"Apadrinem el nostre patrimoni - Els alumnes del col\u00b7legi Santa Maria apadrinen el nostrepatrimoni: Castell i ermita de Sant Joan","breadcrumb":{"@id":"https:\/\/biblioteca.blanes.cat\/salajove\/2018\/11\/26\/apadrinem-el-nostre-patrimoni\/#breadcrumb"},"inLanguage":"ca","potentialAction":[{"@type":"ReadAction","target":["https:\/\/biblioteca.blanes.cat\/salajove\/2018\/11\/26\/apadrinem-el-nostre-patrimoni\/"]}]},{"@type":"ImageObject","inLanguage":"ca","@id":"https:\/\/biblioteca.blanes.cat\/salajove\/2018\/11\/26\/apadrinem-el-nostre-patrimoni\/#primaryimage","url":"https:\/\/biblioteca.blanes.cat\/salajove\/wp-content\/uploads\/sites\/3\/2018\/11\/Manyanet-Blanes.jpg","contentUrl":"https:\/\/biblioteca.blanes.cat\/salajove\/wp-content\/uploads\/sites\/3\/2018\/11\/Manyanet-Blanes.jpg","width":472,"height":336},{"@type":"BreadcrumbList","@id":"https:\/\/biblioteca.blanes.cat\/salajove\/2018\/11\/26\/apadrinem-el-nostre-patrimoni\/#breadcrumb","itemListElement":[{"@type":"ListItem","position":1,"name":"Inici","item":"https:\/\/biblioteca.blanes.cat\/salajove\/"},{"@type":"ListItem","position":2,"name":"Apadrinem el nostre patrimoni"}]},{"@type":"WebSite","@id":"https:\/\/biblioteca.blanes.cat\/salajove\/#website","url":"https:\/\/biblioteca.blanes.cat\/salajove\/","name":"Sala Jove","description":"Biblioteca Comarcal de Blanes","publisher":{"@id":"https:\/\/biblioteca.blanes.cat\/salajove\/#organization"},"potentialAction":[{"@type":"SearchAction","target":{"@type":"EntryPoint","urlTemplate":"https:\/\/biblioteca.blanes.cat\/salajove\/?s={search_term_string}"},"query-input":{"@type":"PropertyValueSpecification","valueRequired":true,"valueName":"search_term_string"}}],"inLanguage":"ca"},{"@type":"Organization","@id":"https:\/\/biblioteca.blanes.cat\/salajove\/#organization","name":"Biblioteca Comarcal de Blanes","url":"https:\/\/biblioteca.blanes.cat\/salajove\/","logo":{"@type":"ImageObject","inLanguage":"ca","@id":"https:\/\/biblioteca.blanes.cat\/salajove\/#\/schema\/logo\/image\/","url":"https:\/\/biblioteca.blanes.cat\/salajove\/wp-content\/uploads\/sites\/3\/2017\/09\/cropped-Bib-blau-e1518869380535.png","contentUrl":"https:\/\/biblioteca.blanes.cat\/salajove\/wp-content\/uploads\/sites\/3\/2017\/09\/cropped-Bib-blau-e1518869380535.png","width":166,"height":166,"caption":"Biblioteca Comarcal de Blanes"},"image":{"@id":"https:\/\/biblioteca.blanes.cat\/salajove\/#\/schema\/logo\/image\/"},"sameAs":["https:\/\/www.facebook.com\/BilbiotecaComarcaldeBlanes\/","https:\/\/x.com\/BiblioBlanes","https:\/\/www.instagram.com\/biblioblanes\/","https:\/\/www.pinterest.es\/bblanes\/","https:\/\/www.youtube.com\/c\/BibliotecaComarcalBlanes"]},{"@type":"Person","@id":"https:\/\/biblioteca.blanes.cat\/salajove\/#\/schema\/person\/5a7b46760d9dd611d098bbf571a341dc","name":"biblioblanes","image":{"@type":"ImageObject","inLanguage":"ca","@id":"https:\/\/secure.gravatar.com\/avatar\/6593ca6cc90e5a70939f51c95e8315483b9c281bafba597292bee47992030f99?s=96&d=mm&r=g","url":"https:\/\/secure.gravatar.com\/avatar\/6593ca6cc90e5a70939f51c95e8315483b9c281bafba597292bee47992030f99?s=96&d=mm&r=g","contentUrl":"https:\/\/secure.gravatar.com\/avatar\/6593ca6cc90e5a70939f51c95e8315483b9c281bafba597292bee47992030f99?s=96&d=mm&r=g","caption":"biblioblanes"},"sameAs":["http:\/\/www.bibgirona.cat\/biblioteca\/blanes","https:\/\/x.com\/biblioblanes"],"url":"https:\/\/biblioteca.blanes.cat\/salajove\/author\/biblioblanes\/"}]}},"_links":{"self":[{"href":"https:\/\/biblioteca.blanes.cat\/salajove\/wp-json\/wp\/v2\/posts\/2227","targetHints":{"allow":["GET"]}}],"collection":[{"href":"https:\/\/biblioteca.blanes.cat\/salajove\/wp-json\/wp\/v2\/posts"}],"about":[{"href":"https:\/\/biblioteca.blanes.cat\/salajove\/wp-json\/wp\/v2\/types\/post"}],"author":[{"embeddable":true,"href":"https:\/\/biblioteca.blanes.cat\/salajove\/wp-json\/wp\/v2\/users\/4"}],"replies":[{"embeddable":true,"href":"https:\/\/biblioteca.blanes.cat\/salajove\/wp-json\/wp\/v2\/comments?post=2227"}],"version-history":[{"count":3,"href":"https:\/\/biblioteca.blanes.cat\/salajove\/wp-json\/wp\/v2\/posts\/2227\/revisions"}],"predecessor-version":[{"id":2231,"href":"https:\/\/biblioteca.blanes.cat\/salajove\/wp-json\/wp\/v2\/posts\/2227\/revisions\/2231"}],"wp:featuredmedia":[{"embeddable":true,"href":"https:\/\/biblioteca.blanes.cat\/salajove\/wp-json\/wp\/v2\/media\/2228"}],"wp:attachment":[{"href":"https:\/\/biblioteca.blanes.cat\/salajove\/wp-json\/wp\/v2\/media?parent=2227"}],"wp:term":[{"taxonomy":"category","embeddable":true,"href":"https:\/\/biblioteca.blanes.cat\/salajove\/wp-json\/wp\/v2\/categories?post=2227"},{"taxonomy":"post_tag","embeddable":true,"href":"https:\/\/biblioteca.blanes.cat\/salajove\/wp-json\/wp\/v2\/tags?post=2227"}],"curies":[{"name":"wp","href":"https:\/\/api.w.org\/{rel}","templated":true}]}}