{"id":2207,"date":"2018-09-13T12:23:58","date_gmt":"2018-09-13T11:23:58","guid":{"rendered":"https:\/\/biblioteca.blanes.cat\/salajove\/?p=2207"},"modified":"2018-11-13T12:40:45","modified_gmt":"2018-11-13T11:40:45","slug":"bibliotecajove-club-de-lectura-la-meva-germana-viu-sobre-la-llar-de-foc","status":"publish","type":"post","link":"https:\/\/biblioteca.blanes.cat\/salajove\/2018\/09\/13\/bibliotecajove-club-de-lectura-la-meva-germana-viu-sobre-la-llar-de-foc\/","title":{"rendered":"CLJ: La meva germana viu sobre la llar de foc"},"content":{"rendered":"<h2 style=\"text-align: center;\">Al Club de lectura Jove aquest mes llegim<\/h2>\n<h2 style=\"text-align: center;\">&#8220;La meva germana viu sobre la llar de foc&#8221; de Annabel Pitcher.<\/h2>\n<p><!--more--><\/p>\n<p style=\"text-align: center;\">\u00a0<\/p>\n<h3><a href=\"https:\/\/biblioteca.blanes.cat\/salajove\/wp-content\/uploads\/sites\/3\/2018\/11\/La-Meva-germana-viu-sobre-la-llar-de-foc-Annabel-Pitcher.jpg\" target=\"_blank\" rel=\"noopener\"><img fetchpriority=\"high\" decoding=\"async\" class=\"alignleft wp-image-2139 size-full\" title=\"Bibliotecajove Club de Lectura La meva germana viu sobre la llar de foc\" src=\"https:\/\/biblioteca.blanes.cat\/salajove\/wp-content\/uploads\/sites\/3\/2018\/11\/La-Meva-germana-viu-sobre-la-llar-de-foc-Annabel-Pitcher.jpg\" alt=\"Bibliotecajove Club de Lectura La meva germana viu sobre la llar de foc\" width=\"180\" height=\"280\" \/><\/a>Sinopsi:<\/h3>\n<div class=\"body\">\n<p style=\"text-align: justify;\">En Jamie t\u00e9 deu anys, una germana gran, la Jasmine, una adolescent rebel, un pare que beu massa , una mare que va marxar casa, un gat, en Roger, i una altra germana, la Rose. Per\u00f2 la Rose fa cinc anys que va morir i ara viu en un gerro, sobre la lleixa de la llar de foc. La seva fam\u00edlia s&#8217;esquerda. Ara en Jamie veu una oportunitat en un concurs per a joves talents: podr\u00e0 reconstruir el que s&#8217;ha trencat?<\/p>\n<\/div>\n<h3>\u00a0<\/h3>\n<h3>\u00a0<\/h3>\n<h3>\u00a0<\/h3>\n<h3>L&#8217;autor:<\/h3>\n<p style=\"text-align: justify;\"><strong><a href=\"https:\/\/biblioteca.blanes.cat\/salajove\/wp-content\/uploads\/sites\/3\/2018\/11\/Annabel-Pitcher.jpg\"><img decoding=\"async\" class=\"wp-image-2210  alignleft\" src=\"https:\/\/biblioteca.blanes.cat\/salajove\/wp-content\/uploads\/sites\/3\/2018\/11\/Annabel-Pitcher-199x300.jpg\" alt=\"\" width=\"153\" height=\"231\" srcset=\"https:\/\/biblioteca.blanes.cat\/salajove\/wp-content\/uploads\/sites\/3\/2018\/11\/Annabel-Pitcher-199x300.jpg 199w, https:\/\/biblioteca.blanes.cat\/salajove\/wp-content\/uploads\/sites\/3\/2018\/11\/Annabel-Pitcher.jpg 531w\" sizes=\"(max-width: 153px) 100vw, 153px\" \/><\/a>Annabel Pitcher<\/strong>, va n\u00e8ixer a un poble de Yorkshire (Gran Bretanya) al 1982. Va estudiar Literatura Anglesa a la Universitat d&#8217;Oxford, per despr\u00e9s treballar diversos anys com a professora en un centre de secund\u00e0ria. \u00c9s coneguda pels seus llibres dedicats a la literatura juvenil.<\/p>\n<p style=\"text-align: justify;\">En 2011 va publicar el seu primer llibre, <em>La meva germana viu sobre la llar de foc<\/em>, amb el qual va aconseguir un gran \u00e8xit internacional, sent tradu\u00efda a m\u00e9s de 20 idiomes i aconseguint premis com el Branford Boase, el Hull o el Betty Trask.<\/p>\n<p style=\"text-align: justify;\">La seva seg\u00fcent obra, <em>N\u00favols de k\u00e9tchup<\/em>, va apar\u00e8ixer en 2013 i va ser mereixedora d&#8217;un Premi Edgar i d&#8217;un Waterstone de Literatura Juvenil.<\/p>\n<p style=\"text-align: justify;\">En l&#8217;actualitat, Pitcher resideix a la ciutat de Yorkshire on es dedica en exclusiva a la literatura.<\/p>\n<p style=\"text-align: center;\">\u00a0<\/p>\n<div>\u00a0<\/div>\n<div class=\"field field-name-body field-type-text-with-summary field-label-hidden\" style=\"text-align: center;\">Mireu la disponibilitat del llibre al cat\u00e0leg de les biblioteques p\u00fabliques <a href=\"http:\/\/elmeuargus.biblioteques.gencat.cat\/search~S146*cat?\/tmeva+germana+viu+sobre+la+llar+de+foc\/tmeva+germana+viu+sobre+la+llar+de+foc\/1,1,2,B\/holdings&amp;FF=tmeva+germana+viu+sobre+la+llar+de+foc&amp;1,,2\" target=\"_blank\" rel=\"noopener\"><span style=\"color: #ff0000;\"><strong>Argus<\/strong><\/span><\/a>.<\/div>\n<div>\u00a0<\/div>\n<table style=\"width: 100%; background-color: #ccccff;\">\n<tbody>\n<tr>\n<td style=\"background-color: #ccccff; text-align: center; vertical-align: middle;\">\n<p><span style=\"font-size: 28px; font-family: arial black,sans-serif;\"><strong><span style=\"font-size: 20px;\">LA TROBADA del CLUB DE LECTURA JOVE SER\u00c0 <\/span><br \/>\n <\/strong><\/span><\/p>\n<p><span style=\"font-size: 28px; font-family: arial black,sans-serif;\"><strong>Dijous, 30 de maig <\/strong><\/span><span style=\"font-size: 20px; font-family: arial black,sans-serif;\"><strong><span style=\"font-size: 28px;\">a les 5.30h de la tarda<\/span> <br \/>\n <\/strong><\/span><\/p>\n<p><strong><span style=\"font-size: 20px; font-family: arial black,sans-serif;\">a la <a href=\"https:\/\/biblioteca.blanes.cat\/salajove\">SALA JOVE<\/a><\/span><br \/>\n <\/strong><\/p>\n<\/td>\n<\/tr>\n<\/tbody>\n<\/table>\n<p>&nbsp;<\/p>\n","protected":false},"excerpt":{"rendered":"<p>Al Club de lectura Jove aquest mes llegim &#8220;La meva germana viu sobre la llar de foc&#8221; de Annabel Pitcher.<\/p>\n","protected":false},"author":4,"featured_media":2139,"comment_status":"open","ping_status":"open","sticky":false,"template":"","format":"standard","meta":{"sfsi_plus_gutenberg_text_before_share":"","sfsi_plus_gutenberg_show_text_before_share":"","sfsi_plus_gutenberg_icon_type":"","sfsi_plus_gutenberg_icon_alignemt":"","sfsi_plus_gutenburg_max_per_row":"","footnotes":""},"categories":[5],"tags":[29,26,19,21,23],"class_list":["post-2207","post","type-post","status-publish","format-standard","has-post-thumbnail","hentry","category-club-de-lectura","tag-club-de-lectura","tag-lectura","tag-literatura","tag-llibres","tag-sinopsi"],"yoast_head":"<!-- This site is optimized with the Yoast SEO plugin v27.5 - https:\/\/yoast.com\/product\/yoast-seo-wordpress\/ -->\n<title>Club de Lectura La meva germana viu sobre la llar de foc- Sala Jove<\/title>\n<meta name=\"description\" content=\"Al Club de lectura Jove aquest mes llegim &quot;La meva germana viu sobre la llar de foc&quot; de Laura Gallego Bibliotecajove Club de Lectura. Ens trobarem el dia ...\" \/>\n<meta name=\"robots\" content=\"index, follow, max-snippet:-1, max-image-preview:large, max-video-preview:-1\" \/>\n<link rel=\"canonical\" href=\"https:\/\/biblioteca.blanes.cat\/salajove\/2018\/09\/13\/bibliotecajove-club-de-lectura-la-meva-germana-viu-sobre-la-llar-de-foc\/\" \/>\n<meta property=\"og:locale\" content=\"ca_ES\" \/>\n<meta property=\"og:type\" content=\"article\" \/>\n<meta property=\"og:title\" content=\"Club de Lectura La meva germana viu sobre la llar de foc- Sala Jove\" \/>\n<meta property=\"og:description\" content=\"Al Club de lectura Jove aquest mes llegim &quot;La meva germana viu sobre la llar de foc&quot; de Laura Gallego Bibliotecajove Club de Lectura. Ens trobarem el dia ...\" \/>\n<meta property=\"og:url\" content=\"https:\/\/biblioteca.blanes.cat\/salajove\/2018\/09\/13\/bibliotecajove-club-de-lectura-la-meva-germana-viu-sobre-la-llar-de-foc\/\" \/>\n<meta property=\"og:site_name\" content=\"Sala Jove\" \/>\n<meta property=\"article:publisher\" content=\"https:\/\/www.facebook.com\/BilbiotecaComarcaldeBlanes\/\" \/>\n<meta property=\"article:published_time\" content=\"2018-09-13T11:23:58+00:00\" \/>\n<meta property=\"article:modified_time\" content=\"2018-11-13T11:40:45+00:00\" \/>\n<meta property=\"og:image\" content=\"https:\/\/biblioteca.blanes.cat\/salajove\/wp-content\/uploads\/sites\/3\/2018\/11\/La-Meva-germana-viu-sobre-la-llar-de-foc-Annabel-Pitcher.jpg\" \/>\n\t<meta property=\"og:image:width\" content=\"180\" \/>\n\t<meta property=\"og:image:height\" content=\"280\" \/>\n\t<meta property=\"og:image:type\" content=\"image\/jpeg\" \/>\n<meta name=\"author\" content=\"biblioblanes\" \/>\n<meta name=\"twitter:card\" content=\"summary_large_image\" \/>\n<meta name=\"twitter:creator\" content=\"@biblioblanes\" \/>\n<meta name=\"twitter:site\" content=\"@BiblioBlanes\" \/>\n<meta name=\"twitter:label1\" content=\"Escrit per\" \/>\n\t<meta name=\"twitter:data1\" content=\"biblioblanes\" \/>\n\t<meta name=\"twitter:label2\" content=\"Temps estimat de lectura\" \/>\n\t<meta name=\"twitter:data2\" content=\"1 minut\" \/>\n<script type=\"application\/ld+json\" class=\"yoast-schema-graph\">{\"@context\":\"https:\\\/\\\/schema.org\",\"@graph\":[{\"@type\":\"Article\",\"@id\":\"https:\\\/\\\/biblioteca.blanes.cat\\\/salajove\\\/2018\\\/09\\\/13\\\/bibliotecajove-club-de-lectura-la-meva-germana-viu-sobre-la-llar-de-foc\\\/#article\",\"isPartOf\":{\"@id\":\"https:\\\/\\\/biblioteca.blanes.cat\\\/salajove\\\/2018\\\/09\\\/13\\\/bibliotecajove-club-de-lectura-la-meva-germana-viu-sobre-la-llar-de-foc\\\/\"},\"author\":{\"name\":\"biblioblanes\",\"@id\":\"https:\\\/\\\/biblioteca.blanes.cat\\\/salajove\\\/#\\\/schema\\\/person\\\/5a7b46760d9dd611d098bbf571a341dc\"},\"headline\":\"CLJ: La meva germana viu sobre la llar de foc\",\"datePublished\":\"2018-09-13T11:23:58+00:00\",\"dateModified\":\"2018-11-13T11:40:45+00:00\",\"mainEntityOfPage\":{\"@id\":\"https:\\\/\\\/biblioteca.blanes.cat\\\/salajove\\\/2018\\\/09\\\/13\\\/bibliotecajove-club-de-lectura-la-meva-germana-viu-sobre-la-llar-de-foc\\\/\"},\"wordCount\":292,\"commentCount\":0,\"publisher\":{\"@id\":\"https:\\\/\\\/biblioteca.blanes.cat\\\/salajove\\\/#organization\"},\"image\":{\"@id\":\"https:\\\/\\\/biblioteca.blanes.cat\\\/salajove\\\/2018\\\/09\\\/13\\\/bibliotecajove-club-de-lectura-la-meva-germana-viu-sobre-la-llar-de-foc\\\/#primaryimage\"},\"thumbnailUrl\":\"https:\\\/\\\/biblioteca.blanes.cat\\\/salajove\\\/wp-content\\\/uploads\\\/sites\\\/3\\\/2018\\\/11\\\/La-Meva-germana-viu-sobre-la-llar-de-foc-Annabel-Pitcher.jpg\",\"keywords\":[\"#ClubdeLectura\",\"#Lectura\",\"#Literatura\",\"#Llibres\",\"#Sinopsi\"],\"articleSection\":[\"Club de Lectura\"],\"inLanguage\":\"ca\",\"potentialAction\":[{\"@type\":\"CommentAction\",\"name\":\"Comment\",\"target\":[\"https:\\\/\\\/biblioteca.blanes.cat\\\/salajove\\\/2018\\\/09\\\/13\\\/bibliotecajove-club-de-lectura-la-meva-germana-viu-sobre-la-llar-de-foc\\\/#respond\"]}]},{\"@type\":\"WebPage\",\"@id\":\"https:\\\/\\\/biblioteca.blanes.cat\\\/salajove\\\/2018\\\/09\\\/13\\\/bibliotecajove-club-de-lectura-la-meva-germana-viu-sobre-la-llar-de-foc\\\/\",\"url\":\"https:\\\/\\\/biblioteca.blanes.cat\\\/salajove\\\/2018\\\/09\\\/13\\\/bibliotecajove-club-de-lectura-la-meva-germana-viu-sobre-la-llar-de-foc\\\/\",\"name\":\"Club de Lectura La meva germana viu sobre la llar de foc- Sala Jove\",\"isPartOf\":{\"@id\":\"https:\\\/\\\/biblioteca.blanes.cat\\\/salajove\\\/#website\"},\"primaryImageOfPage\":{\"@id\":\"https:\\\/\\\/biblioteca.blanes.cat\\\/salajove\\\/2018\\\/09\\\/13\\\/bibliotecajove-club-de-lectura-la-meva-germana-viu-sobre-la-llar-de-foc\\\/#primaryimage\"},\"image\":{\"@id\":\"https:\\\/\\\/biblioteca.blanes.cat\\\/salajove\\\/2018\\\/09\\\/13\\\/bibliotecajove-club-de-lectura-la-meva-germana-viu-sobre-la-llar-de-foc\\\/#primaryimage\"},\"thumbnailUrl\":\"https:\\\/\\\/biblioteca.blanes.cat\\\/salajove\\\/wp-content\\\/uploads\\\/sites\\\/3\\\/2018\\\/11\\\/La-Meva-germana-viu-sobre-la-llar-de-foc-Annabel-Pitcher.jpg\",\"datePublished\":\"2018-09-13T11:23:58+00:00\",\"dateModified\":\"2018-11-13T11:40:45+00:00\",\"description\":\"Al Club de lectura Jove aquest mes llegim \\\"La meva germana viu sobre la llar de foc\\\" de Laura Gallego Bibliotecajove Club de Lectura. Ens trobarem el dia ...\",\"breadcrumb\":{\"@id\":\"https:\\\/\\\/biblioteca.blanes.cat\\\/salajove\\\/2018\\\/09\\\/13\\\/bibliotecajove-club-de-lectura-la-meva-germana-viu-sobre-la-llar-de-foc\\\/#breadcrumb\"},\"inLanguage\":\"ca\",\"potentialAction\":[{\"@type\":\"ReadAction\",\"target\":[\"https:\\\/\\\/biblioteca.blanes.cat\\\/salajove\\\/2018\\\/09\\\/13\\\/bibliotecajove-club-de-lectura-la-meva-germana-viu-sobre-la-llar-de-foc\\\/\"]}]},{\"@type\":\"ImageObject\",\"inLanguage\":\"ca\",\"@id\":\"https:\\\/\\\/biblioteca.blanes.cat\\\/salajove\\\/2018\\\/09\\\/13\\\/bibliotecajove-club-de-lectura-la-meva-germana-viu-sobre-la-llar-de-foc\\\/#primaryimage\",\"url\":\"https:\\\/\\\/biblioteca.blanes.cat\\\/salajove\\\/wp-content\\\/uploads\\\/sites\\\/3\\\/2018\\\/11\\\/La-Meva-germana-viu-sobre-la-llar-de-foc-Annabel-Pitcher.jpg\",\"contentUrl\":\"https:\\\/\\\/biblioteca.blanes.cat\\\/salajove\\\/wp-content\\\/uploads\\\/sites\\\/3\\\/2018\\\/11\\\/La-Meva-germana-viu-sobre-la-llar-de-foc-Annabel-Pitcher.jpg\",\"width\":180,\"height\":280},{\"@type\":\"BreadcrumbList\",\"@id\":\"https:\\\/\\\/biblioteca.blanes.cat\\\/salajove\\\/2018\\\/09\\\/13\\\/bibliotecajove-club-de-lectura-la-meva-germana-viu-sobre-la-llar-de-foc\\\/#breadcrumb\",\"itemListElement\":[{\"@type\":\"ListItem\",\"position\":1,\"name\":\"Inici\",\"item\":\"https:\\\/\\\/biblioteca.blanes.cat\\\/salajove\\\/\"},{\"@type\":\"ListItem\",\"position\":2,\"name\":\"CLJ: La meva germana viu sobre la llar de foc\"}]},{\"@type\":\"WebSite\",\"@id\":\"https:\\\/\\\/biblioteca.blanes.cat\\\/salajove\\\/#website\",\"url\":\"https:\\\/\\\/biblioteca.blanes.cat\\\/salajove\\\/\",\"name\":\"Sala Jove\",\"description\":\"Biblioteca Comarcal de Blanes\",\"publisher\":{\"@id\":\"https:\\\/\\\/biblioteca.blanes.cat\\\/salajove\\\/#organization\"},\"potentialAction\":[{\"@type\":\"SearchAction\",\"target\":{\"@type\":\"EntryPoint\",\"urlTemplate\":\"https:\\\/\\\/biblioteca.blanes.cat\\\/salajove\\\/?s={search_term_string}\"},\"query-input\":{\"@type\":\"PropertyValueSpecification\",\"valueRequired\":true,\"valueName\":\"search_term_string\"}}],\"inLanguage\":\"ca\"},{\"@type\":\"Organization\",\"@id\":\"https:\\\/\\\/biblioteca.blanes.cat\\\/salajove\\\/#organization\",\"name\":\"Biblioteca Comarcal de Blanes\",\"url\":\"https:\\\/\\\/biblioteca.blanes.cat\\\/salajove\\\/\",\"logo\":{\"@type\":\"ImageObject\",\"inLanguage\":\"ca\",\"@id\":\"https:\\\/\\\/biblioteca.blanes.cat\\\/salajove\\\/#\\\/schema\\\/logo\\\/image\\\/\",\"url\":\"https:\\\/\\\/biblioteca.blanes.cat\\\/salajove\\\/wp-content\\\/uploads\\\/sites\\\/3\\\/2017\\\/09\\\/cropped-Bib-blau-e1518869380535.png\",\"contentUrl\":\"https:\\\/\\\/biblioteca.blanes.cat\\\/salajove\\\/wp-content\\\/uploads\\\/sites\\\/3\\\/2017\\\/09\\\/cropped-Bib-blau-e1518869380535.png\",\"width\":166,\"height\":166,\"caption\":\"Biblioteca Comarcal de Blanes\"},\"image\":{\"@id\":\"https:\\\/\\\/biblioteca.blanes.cat\\\/salajove\\\/#\\\/schema\\\/logo\\\/image\\\/\"},\"sameAs\":[\"https:\\\/\\\/www.facebook.com\\\/BilbiotecaComarcaldeBlanes\\\/\",\"https:\\\/\\\/x.com\\\/BiblioBlanes\",\"https:\\\/\\\/www.instagram.com\\\/biblioblanes\\\/\",\"https:\\\/\\\/www.pinterest.es\\\/bblanes\\\/\",\"https:\\\/\\\/www.youtube.com\\\/c\\\/BibliotecaComarcalBlanes\"]},{\"@type\":\"Person\",\"@id\":\"https:\\\/\\\/biblioteca.blanes.cat\\\/salajove\\\/#\\\/schema\\\/person\\\/5a7b46760d9dd611d098bbf571a341dc\",\"name\":\"biblioblanes\",\"image\":{\"@type\":\"ImageObject\",\"inLanguage\":\"ca\",\"@id\":\"https:\\\/\\\/secure.gravatar.com\\\/avatar\\\/6593ca6cc90e5a70939f51c95e8315483b9c281bafba597292bee47992030f99?s=96&d=mm&r=g\",\"url\":\"https:\\\/\\\/secure.gravatar.com\\\/avatar\\\/6593ca6cc90e5a70939f51c95e8315483b9c281bafba597292bee47992030f99?s=96&d=mm&r=g\",\"contentUrl\":\"https:\\\/\\\/secure.gravatar.com\\\/avatar\\\/6593ca6cc90e5a70939f51c95e8315483b9c281bafba597292bee47992030f99?s=96&d=mm&r=g\",\"caption\":\"biblioblanes\"},\"sameAs\":[\"http:\\\/\\\/www.bibgirona.cat\\\/biblioteca\\\/blanes\",\"https:\\\/\\\/x.com\\\/biblioblanes\"],\"url\":\"https:\\\/\\\/biblioteca.blanes.cat\\\/salajove\\\/author\\\/biblioblanes\\\/\"}]}<\/script>\n<!-- \/ Yoast SEO plugin. -->","yoast_head_json":{"title":"Club de Lectura La meva germana viu sobre la llar de foc- Sala Jove","description":"Al Club de lectura Jove aquest mes llegim \"La meva germana viu sobre la llar de foc\" de Laura Gallego Bibliotecajove Club de Lectura. Ens trobarem el dia ...","robots":{"index":"index","follow":"follow","max-snippet":"max-snippet:-1","max-image-preview":"max-image-preview:large","max-video-preview":"max-video-preview:-1"},"canonical":"https:\/\/biblioteca.blanes.cat\/salajove\/2018\/09\/13\/bibliotecajove-club-de-lectura-la-meva-germana-viu-sobre-la-llar-de-foc\/","og_locale":"ca_ES","og_type":"article","og_title":"Club de Lectura La meva germana viu sobre la llar de foc- Sala Jove","og_description":"Al Club de lectura Jove aquest mes llegim \"La meva germana viu sobre la llar de foc\" de Laura Gallego Bibliotecajove Club de Lectura. Ens trobarem el dia ...","og_url":"https:\/\/biblioteca.blanes.cat\/salajove\/2018\/09\/13\/bibliotecajove-club-de-lectura-la-meva-germana-viu-sobre-la-llar-de-foc\/","og_site_name":"Sala Jove","article_publisher":"https:\/\/www.facebook.com\/BilbiotecaComarcaldeBlanes\/","article_published_time":"2018-09-13T11:23:58+00:00","article_modified_time":"2018-11-13T11:40:45+00:00","og_image":[{"width":180,"height":280,"url":"https:\/\/biblioteca.blanes.cat\/salajove\/wp-content\/uploads\/sites\/3\/2018\/11\/La-Meva-germana-viu-sobre-la-llar-de-foc-Annabel-Pitcher.jpg","type":"image\/jpeg"}],"author":"biblioblanes","twitter_card":"summary_large_image","twitter_creator":"@biblioblanes","twitter_site":"@BiblioBlanes","twitter_misc":{"Escrit per":"biblioblanes","Temps estimat de lectura":"1 minut"},"schema":{"@context":"https:\/\/schema.org","@graph":[{"@type":"Article","@id":"https:\/\/biblioteca.blanes.cat\/salajove\/2018\/09\/13\/bibliotecajove-club-de-lectura-la-meva-germana-viu-sobre-la-llar-de-foc\/#article","isPartOf":{"@id":"https:\/\/biblioteca.blanes.cat\/salajove\/2018\/09\/13\/bibliotecajove-club-de-lectura-la-meva-germana-viu-sobre-la-llar-de-foc\/"},"author":{"name":"biblioblanes","@id":"https:\/\/biblioteca.blanes.cat\/salajove\/#\/schema\/person\/5a7b46760d9dd611d098bbf571a341dc"},"headline":"CLJ: La meva germana viu sobre la llar de foc","datePublished":"2018-09-13T11:23:58+00:00","dateModified":"2018-11-13T11:40:45+00:00","mainEntityOfPage":{"@id":"https:\/\/biblioteca.blanes.cat\/salajove\/2018\/09\/13\/bibliotecajove-club-de-lectura-la-meva-germana-viu-sobre-la-llar-de-foc\/"},"wordCount":292,"commentCount":0,"publisher":{"@id":"https:\/\/biblioteca.blanes.cat\/salajove\/#organization"},"image":{"@id":"https:\/\/biblioteca.blanes.cat\/salajove\/2018\/09\/13\/bibliotecajove-club-de-lectura-la-meva-germana-viu-sobre-la-llar-de-foc\/#primaryimage"},"thumbnailUrl":"https:\/\/biblioteca.blanes.cat\/salajove\/wp-content\/uploads\/sites\/3\/2018\/11\/La-Meva-germana-viu-sobre-la-llar-de-foc-Annabel-Pitcher.jpg","keywords":["#ClubdeLectura","#Lectura","#Literatura","#Llibres","#Sinopsi"],"articleSection":["Club de Lectura"],"inLanguage":"ca","potentialAction":[{"@type":"CommentAction","name":"Comment","target":["https:\/\/biblioteca.blanes.cat\/salajove\/2018\/09\/13\/bibliotecajove-club-de-lectura-la-meva-germana-viu-sobre-la-llar-de-foc\/#respond"]}]},{"@type":"WebPage","@id":"https:\/\/biblioteca.blanes.cat\/salajove\/2018\/09\/13\/bibliotecajove-club-de-lectura-la-meva-germana-viu-sobre-la-llar-de-foc\/","url":"https:\/\/biblioteca.blanes.cat\/salajove\/2018\/09\/13\/bibliotecajove-club-de-lectura-la-meva-germana-viu-sobre-la-llar-de-foc\/","name":"Club de Lectura La meva germana viu sobre la llar de foc- Sala Jove","isPartOf":{"@id":"https:\/\/biblioteca.blanes.cat\/salajove\/#website"},"primaryImageOfPage":{"@id":"https:\/\/biblioteca.blanes.cat\/salajove\/2018\/09\/13\/bibliotecajove-club-de-lectura-la-meva-germana-viu-sobre-la-llar-de-foc\/#primaryimage"},"image":{"@id":"https:\/\/biblioteca.blanes.cat\/salajove\/2018\/09\/13\/bibliotecajove-club-de-lectura-la-meva-germana-viu-sobre-la-llar-de-foc\/#primaryimage"},"thumbnailUrl":"https:\/\/biblioteca.blanes.cat\/salajove\/wp-content\/uploads\/sites\/3\/2018\/11\/La-Meva-germana-viu-sobre-la-llar-de-foc-Annabel-Pitcher.jpg","datePublished":"2018-09-13T11:23:58+00:00","dateModified":"2018-11-13T11:40:45+00:00","description":"Al Club de lectura Jove aquest mes llegim \"La meva germana viu sobre la llar de foc\" de Laura Gallego Bibliotecajove Club de Lectura. Ens trobarem el dia ...","breadcrumb":{"@id":"https:\/\/biblioteca.blanes.cat\/salajove\/2018\/09\/13\/bibliotecajove-club-de-lectura-la-meva-germana-viu-sobre-la-llar-de-foc\/#breadcrumb"},"inLanguage":"ca","potentialAction":[{"@type":"ReadAction","target":["https:\/\/biblioteca.blanes.cat\/salajove\/2018\/09\/13\/bibliotecajove-club-de-lectura-la-meva-germana-viu-sobre-la-llar-de-foc\/"]}]},{"@type":"ImageObject","inLanguage":"ca","@id":"https:\/\/biblioteca.blanes.cat\/salajove\/2018\/09\/13\/bibliotecajove-club-de-lectura-la-meva-germana-viu-sobre-la-llar-de-foc\/#primaryimage","url":"https:\/\/biblioteca.blanes.cat\/salajove\/wp-content\/uploads\/sites\/3\/2018\/11\/La-Meva-germana-viu-sobre-la-llar-de-foc-Annabel-Pitcher.jpg","contentUrl":"https:\/\/biblioteca.blanes.cat\/salajove\/wp-content\/uploads\/sites\/3\/2018\/11\/La-Meva-germana-viu-sobre-la-llar-de-foc-Annabel-Pitcher.jpg","width":180,"height":280},{"@type":"BreadcrumbList","@id":"https:\/\/biblioteca.blanes.cat\/salajove\/2018\/09\/13\/bibliotecajove-club-de-lectura-la-meva-germana-viu-sobre-la-llar-de-foc\/#breadcrumb","itemListElement":[{"@type":"ListItem","position":1,"name":"Inici","item":"https:\/\/biblioteca.blanes.cat\/salajove\/"},{"@type":"ListItem","position":2,"name":"CLJ: La meva germana viu sobre la llar de foc"}]},{"@type":"WebSite","@id":"https:\/\/biblioteca.blanes.cat\/salajove\/#website","url":"https:\/\/biblioteca.blanes.cat\/salajove\/","name":"Sala Jove","description":"Biblioteca Comarcal de Blanes","publisher":{"@id":"https:\/\/biblioteca.blanes.cat\/salajove\/#organization"},"potentialAction":[{"@type":"SearchAction","target":{"@type":"EntryPoint","urlTemplate":"https:\/\/biblioteca.blanes.cat\/salajove\/?s={search_term_string}"},"query-input":{"@type":"PropertyValueSpecification","valueRequired":true,"valueName":"search_term_string"}}],"inLanguage":"ca"},{"@type":"Organization","@id":"https:\/\/biblioteca.blanes.cat\/salajove\/#organization","name":"Biblioteca Comarcal de Blanes","url":"https:\/\/biblioteca.blanes.cat\/salajove\/","logo":{"@type":"ImageObject","inLanguage":"ca","@id":"https:\/\/biblioteca.blanes.cat\/salajove\/#\/schema\/logo\/image\/","url":"https:\/\/biblioteca.blanes.cat\/salajove\/wp-content\/uploads\/sites\/3\/2017\/09\/cropped-Bib-blau-e1518869380535.png","contentUrl":"https:\/\/biblioteca.blanes.cat\/salajove\/wp-content\/uploads\/sites\/3\/2017\/09\/cropped-Bib-blau-e1518869380535.png","width":166,"height":166,"caption":"Biblioteca Comarcal de Blanes"},"image":{"@id":"https:\/\/biblioteca.blanes.cat\/salajove\/#\/schema\/logo\/image\/"},"sameAs":["https:\/\/www.facebook.com\/BilbiotecaComarcaldeBlanes\/","https:\/\/x.com\/BiblioBlanes","https:\/\/www.instagram.com\/biblioblanes\/","https:\/\/www.pinterest.es\/bblanes\/","https:\/\/www.youtube.com\/c\/BibliotecaComarcalBlanes"]},{"@type":"Person","@id":"https:\/\/biblioteca.blanes.cat\/salajove\/#\/schema\/person\/5a7b46760d9dd611d098bbf571a341dc","name":"biblioblanes","image":{"@type":"ImageObject","inLanguage":"ca","@id":"https:\/\/secure.gravatar.com\/avatar\/6593ca6cc90e5a70939f51c95e8315483b9c281bafba597292bee47992030f99?s=96&d=mm&r=g","url":"https:\/\/secure.gravatar.com\/avatar\/6593ca6cc90e5a70939f51c95e8315483b9c281bafba597292bee47992030f99?s=96&d=mm&r=g","contentUrl":"https:\/\/secure.gravatar.com\/avatar\/6593ca6cc90e5a70939f51c95e8315483b9c281bafba597292bee47992030f99?s=96&d=mm&r=g","caption":"biblioblanes"},"sameAs":["http:\/\/www.bibgirona.cat\/biblioteca\/blanes","https:\/\/x.com\/biblioblanes"],"url":"https:\/\/biblioteca.blanes.cat\/salajove\/author\/biblioblanes\/"}]}},"_links":{"self":[{"href":"https:\/\/biblioteca.blanes.cat\/salajove\/wp-json\/wp\/v2\/posts\/2207","targetHints":{"allow":["GET"]}}],"collection":[{"href":"https:\/\/biblioteca.blanes.cat\/salajove\/wp-json\/wp\/v2\/posts"}],"about":[{"href":"https:\/\/biblioteca.blanes.cat\/salajove\/wp-json\/wp\/v2\/types\/post"}],"author":[{"embeddable":true,"href":"https:\/\/biblioteca.blanes.cat\/salajove\/wp-json\/wp\/v2\/users\/4"}],"replies":[{"embeddable":true,"href":"https:\/\/biblioteca.blanes.cat\/salajove\/wp-json\/wp\/v2\/comments?post=2207"}],"version-history":[{"count":2,"href":"https:\/\/biblioteca.blanes.cat\/salajove\/wp-json\/wp\/v2\/posts\/2207\/revisions"}],"predecessor-version":[{"id":2211,"href":"https:\/\/biblioteca.blanes.cat\/salajove\/wp-json\/wp\/v2\/posts\/2207\/revisions\/2211"}],"wp:featuredmedia":[{"embeddable":true,"href":"https:\/\/biblioteca.blanes.cat\/salajove\/wp-json\/wp\/v2\/media\/2139"}],"wp:attachment":[{"href":"https:\/\/biblioteca.blanes.cat\/salajove\/wp-json\/wp\/v2\/media?parent=2207"}],"wp:term":[{"taxonomy":"category","embeddable":true,"href":"https:\/\/biblioteca.blanes.cat\/salajove\/wp-json\/wp\/v2\/categories?post=2207"},{"taxonomy":"post_tag","embeddable":true,"href":"https:\/\/biblioteca.blanes.cat\/salajove\/wp-json\/wp\/v2\/tags?post=2207"}],"curies":[{"name":"wp","href":"https:\/\/api.w.org\/{rel}","templated":true}]}}