{"id":2198,"date":"2018-09-12T15:06:43","date_gmt":"2018-09-12T14:06:43","guid":{"rendered":"https:\/\/biblioteca.blanes.cat\/salajove\/?p=2198"},"modified":"2019-03-23T09:44:12","modified_gmt":"2019-03-23T08:44:12","slug":"bibliotecajove-club-de-lectura-la-ratera","status":"publish","type":"post","link":"https:\/\/biblioteca.blanes.cat\/salajove\/2018\/09\/12\/bibliotecajove-club-de-lectura-la-ratera\/","title":{"rendered":"CLJ: La Ratera"},"content":{"rendered":"<h2 style=\"text-align: center;\">Al Club de lectura Jove aquest mes llegim<\/h2>\n<h2 style=\"text-align: center;\">&#8220;La ratera&#8221; d&#8217;Agatha Christie.<\/h2>\n<p><!--more--><\/p>\n<h3><a href=\"https:\/\/biblioteca.blanes.cat\/salajove\/wp-content\/uploads\/sites\/3\/2018\/11\/La-ratera-Agatha-Christie.jpg\"><img fetchpriority=\"high\" decoding=\"async\" class=\"wp-image-2141 size-medium alignleft\" src=\"https:\/\/biblioteca.blanes.cat\/salajove\/wp-content\/uploads\/sites\/3\/2018\/11\/La-ratera-Agatha-Christie-198x300.jpg\" alt=\"\" width=\"198\" height=\"300\" srcset=\"https:\/\/biblioteca.blanes.cat\/salajove\/wp-content\/uploads\/sites\/3\/2018\/11\/La-ratera-Agatha-Christie-198x300.jpg 198w, https:\/\/biblioteca.blanes.cat\/salajove\/wp-content\/uploads\/sites\/3\/2018\/11\/La-ratera-Agatha-Christie.jpg 330w\" sizes=\"(max-width: 198px) 100vw, 198px\" \/><\/a>Sinopsi:<\/h3>\n<div class=\"body\">\n<p style=\"text-align: justify;\">&#8220;La Ratera&#8221; \u00e9s una obra de teatre escrita en 1952 i estrenada el sis d&#8217;octubre d&#8217;aquest mateix any a Londres, on va tenir un gran \u00e8xit de cr\u00edtica i p\u00fablic, tant que les representacions s&#8217;han est\u00e8s de manera ininterrompuda fins avui. Es podria dir que \u00e9s l&#8217;obra teatral m\u00e9s representada en la hist\u00f2ria de la humanitat.<br \/>\n A Espanya es va estar representant al Teatre Apol\u00b7lo de Barcelona, versionada i dirigida per V\u00edctor Conde.<br \/>\n La trama est\u00e0 ambientada a la d\u00e8cada dels 40 i s&#8217;estructura en dos actes. Al llarg de l&#8217;obra apareixen vuit personatges, que queden atrapats a una casa d&#8217;hostes, a causa d&#8217;una nevada, i que es veuen embolicats en un crim ocorregut a Londres, sigui com a v\u00edctimes o com a sospitosos. Aquesta obra segueix el m\u00e9s pur estil Agatha Christie.<\/p>\n<\/div>\n<h3>\u00a0<\/h3>\n<h3>L&#8217;autor:<\/h3>\n<p style=\"text-align: justify;\"><strong><a href=\"https:\/\/biblioteca.blanes.cat\/salajove\/wp-content\/uploads\/sites\/3\/2018\/11\/Agatha-Cristie.jpg\"><img decoding=\"async\" class=\"wp-image-2199  alignleft\" src=\"https:\/\/biblioteca.blanes.cat\/salajove\/wp-content\/uploads\/sites\/3\/2018\/11\/Agatha-Cristie-300x300.jpg\" alt=\"\" width=\"198\" height=\"198\" srcset=\"https:\/\/biblioteca.blanes.cat\/salajove\/wp-content\/uploads\/sites\/3\/2018\/11\/Agatha-Cristie-300x300.jpg 300w, https:\/\/biblioteca.blanes.cat\/salajove\/wp-content\/uploads\/sites\/3\/2018\/11\/Agatha-Cristie-150x150.jpg 150w, https:\/\/biblioteca.blanes.cat\/salajove\/wp-content\/uploads\/sites\/3\/2018\/11\/Agatha-Cristie-768x772.jpg 768w, https:\/\/biblioteca.blanes.cat\/salajove\/wp-content\/uploads\/sites\/3\/2018\/11\/Agatha-Cristie-1019x1024.jpg 1019w, https:\/\/biblioteca.blanes.cat\/salajove\/wp-content\/uploads\/sites\/3\/2018\/11\/Agatha-Cristie-270x270.jpg 270w, https:\/\/biblioteca.blanes.cat\/salajove\/wp-content\/uploads\/sites\/3\/2018\/11\/Agatha-Cristie-230x230.jpg 230w, https:\/\/biblioteca.blanes.cat\/salajove\/wp-content\/uploads\/sites\/3\/2018\/11\/Agatha-Cristie.jpg 1920w\" sizes=\"(max-width: 198px) 100vw, 198px\" \/><\/a>Agatha Christie<\/strong>,\u00a0va n\u00e9ixer a una fam\u00edlia de classe mitjana a Torquay, Anglaterra.<\/p>\n<p style=\"text-align: justify;\">Comen\u00e7a a escriure professionalment a partir de la Primera Guerra Mundial. En els seus escrits s&#8217;aprofita de totes les seves experi\u00e8ncies vitals: els coneixements sobre t\u00f2xics que va aprendre al treballar als hospitals i farm\u00e0cies durant la guerra per a inventar casos d&#8217;assassinat per enverinament, els coneixements sobre pa\u00efsos ex\u00f2tics i llunyans gr\u00e0cies als seus nombrosos viatges a \u00c0frica i l&#8217;Orient Mitj\u00e0 per a localitzar les seves novel\u00b7les, o les experi\u00e8ncies amb els refugiats belgues que corrien per tota la costa Brit\u00e0nica durant la guerra per a inspirar-se i crear el detectiu m\u00e9s fam\u00f3s del m\u00f3n despr\u00e9s d&#8217;en Sherlock Holmes: el personatge de l&#8217;Hercule Poirot.<\/p>\n<p> Tot i que va morir el 1976, l&#8217;Agatha Christie \u00e9s l&#8217;autora m\u00e9s venuda de qualsevol g\u00e8nere, i tamb\u00e9 l&#8217;escriptora de novel\u00b7la detectivesca m\u00e9s coneguda del m\u00f3n, pel que sovint \u00e9s anomenada &#8220;reina del crim&#8221;. Algunes de les seves novel\u00b7les s&#8217;han portat al cinema, fins i tot diverses vegades (per exemple, Assassinat a l&#8217;Orient Express, Mort al Nil, etc.).<\/p>\n<p style=\"text-align: justify;\">\n Tot i que \u00e9s coneguda a tot el m\u00f3n pels seus escrits de misteri i detectivescs, tamb\u00e9 va escriure novel\u00b7les sentimentals sota el pseud\u00f2nim de Mary Westmacott.<\/p>\n<p style=\"text-align: center;\">\u00a0<\/p>\n<div>\u00a0<\/div>\n<div class=\"field field-name-body field-type-text-with-summary field-label-hidden\" style=\"text-align: center;\">Mireu la disponibilitat del llibre al cat\u00e0leg de les biblioteques p\u00fabliques <a href=\"http:\/\/elmeuargus.biblioteques.gencat.cat\/search~S146*cat?\/tratera\/tratera\/1,1,5,B\/holdings&amp;FF=tratera&amp;3,,5\" target=\"_blank\" rel=\"noopener\"><span style=\"color: #ff0000;\"><strong>Argus<\/strong><\/span><\/a>.<\/div>\n<div>\u00a0<\/div>\n<table style=\"width: 100%; background-color: #ccccff;\">\n<tbody>\n<tr>\n<td style=\"background-color: #ccccff; text-align: center; vertical-align: middle;\">\n<p><span style=\"font-size: 28px; font-family: arial black,sans-serif;\"><strong><span style=\"font-size: 20px;\">LA TROBADA del CLUB DE LECTURA JOVE SER\u00c0 <\/span><br \/>\n <\/strong><\/span><\/p>\n<p><span style=\"font-size: 28px; font-family: arial black,sans-serif;\"><strong>Dissabte, 6 d&#8217;Abril <\/strong><\/span><span style=\"font-size: 20px; font-family: arial black,sans-serif;\"><strong><span style=\"font-size: 28px;\">a les 11 h. del mat\u00ed<\/span> <br \/>\n <\/strong><\/span><\/p>\n<p><strong><span style=\"font-size: 20px; font-family: arial black,sans-serif;\">a la <a href=\"https:\/\/biblioteca.blanes.cat\/salajove\">SALA JOVE<\/a><\/span><br \/>\n <\/strong><\/p>\n<\/td>\n<\/tr>\n<\/tbody>\n<\/table>\n","protected":false},"excerpt":{"rendered":"<p>Al Club de lectura Jove aquest mes llegim &#8220;La ratera&#8221; d&#8217;Agatha Christie.<\/p>\n","protected":false},"author":4,"featured_media":2141,"comment_status":"open","ping_status":"open","sticky":false,"template":"","format":"standard","meta":{"sfsi_plus_gutenberg_text_before_share":"","sfsi_plus_gutenberg_show_text_before_share":"","sfsi_plus_gutenberg_icon_type":"","sfsi_plus_gutenberg_icon_alignemt":"","sfsi_plus_gutenburg_max_per_row":"","footnotes":""},"categories":[5],"tags":[29,26,19,21,23],"class_list":["post-2198","post","type-post","status-publish","format-standard","has-post-thumbnail","hentry","category-club-de-lectura","tag-club-de-lectura","tag-lectura","tag-literatura","tag-llibres","tag-sinopsi"],"yoast_head":"<!-- This site is optimized with the Yoast SEO plugin v27.5 - https:\/\/yoast.com\/product\/yoast-seo-wordpress\/ -->\n<title>Bibliotecajove Club de Lectura La Ratera - Sala Jove<\/title>\n<meta name=\"description\" content=\"Al Club de lectura Jove aquest mes llegim &quot;La ratera&quot; de Agatha Christie Bibliotecajove Club de Lectura. Ens trobarem a la Sala Jove el ...\" \/>\n<meta name=\"robots\" content=\"index, follow, max-snippet:-1, max-image-preview:large, max-video-preview:-1\" \/>\n<link rel=\"canonical\" href=\"https:\/\/biblioteca.blanes.cat\/salajove\/2018\/09\/12\/bibliotecajove-club-de-lectura-la-ratera\/\" \/>\n<meta property=\"og:locale\" content=\"ca_ES\" \/>\n<meta property=\"og:type\" content=\"article\" \/>\n<meta property=\"og:title\" content=\"Bibliotecajove Club de Lectura La Ratera - Sala Jove\" \/>\n<meta property=\"og:description\" content=\"Al Club de lectura Jove aquest mes llegim &quot;La ratera&quot; de Agatha Christie Bibliotecajove Club de Lectura. Ens trobarem a la Sala Jove el ...\" \/>\n<meta property=\"og:url\" content=\"https:\/\/biblioteca.blanes.cat\/salajove\/2018\/09\/12\/bibliotecajove-club-de-lectura-la-ratera\/\" \/>\n<meta property=\"og:site_name\" content=\"Sala Jove\" \/>\n<meta property=\"article:publisher\" content=\"https:\/\/www.facebook.com\/BilbiotecaComarcaldeBlanes\/\" \/>\n<meta property=\"article:published_time\" content=\"2018-09-12T14:06:43+00:00\" \/>\n<meta property=\"article:modified_time\" content=\"2019-03-23T08:44:12+00:00\" \/>\n<meta property=\"og:image\" content=\"https:\/\/biblioteca.blanes.cat\/salajove\/wp-content\/uploads\/sites\/3\/2018\/11\/La-ratera-Agatha-Christie.jpg\" \/>\n\t<meta property=\"og:image:width\" content=\"330\" \/>\n\t<meta property=\"og:image:height\" content=\"499\" \/>\n\t<meta property=\"og:image:type\" content=\"image\/jpeg\" \/>\n<meta name=\"author\" content=\"biblioblanes\" \/>\n<meta name=\"twitter:card\" content=\"summary_large_image\" \/>\n<meta name=\"twitter:creator\" content=\"@biblioblanes\" \/>\n<meta name=\"twitter:site\" content=\"@BiblioBlanes\" \/>\n<meta name=\"twitter:label1\" content=\"Escrit per\" \/>\n\t<meta name=\"twitter:data1\" content=\"biblioblanes\" \/>\n\t<meta name=\"twitter:label2\" content=\"Temps estimat de lectura\" \/>\n\t<meta name=\"twitter:data2\" content=\"2 minuts\" \/>\n<script type=\"application\/ld+json\" class=\"yoast-schema-graph\">{\"@context\":\"https:\\\/\\\/schema.org\",\"@graph\":[{\"@type\":\"Article\",\"@id\":\"https:\\\/\\\/biblioteca.blanes.cat\\\/salajove\\\/2018\\\/09\\\/12\\\/bibliotecajove-club-de-lectura-la-ratera\\\/#article\",\"isPartOf\":{\"@id\":\"https:\\\/\\\/biblioteca.blanes.cat\\\/salajove\\\/2018\\\/09\\\/12\\\/bibliotecajove-club-de-lectura-la-ratera\\\/\"},\"author\":{\"name\":\"biblioblanes\",\"@id\":\"https:\\\/\\\/biblioteca.blanes.cat\\\/salajove\\\/#\\\/schema\\\/person\\\/5a7b46760d9dd611d098bbf571a341dc\"},\"headline\":\"CLJ: La Ratera\",\"datePublished\":\"2018-09-12T14:06:43+00:00\",\"dateModified\":\"2019-03-23T08:44:12+00:00\",\"mainEntityOfPage\":{\"@id\":\"https:\\\/\\\/biblioteca.blanes.cat\\\/salajove\\\/2018\\\/09\\\/12\\\/bibliotecajove-club-de-lectura-la-ratera\\\/\"},\"wordCount\":439,\"commentCount\":0,\"publisher\":{\"@id\":\"https:\\\/\\\/biblioteca.blanes.cat\\\/salajove\\\/#organization\"},\"image\":{\"@id\":\"https:\\\/\\\/biblioteca.blanes.cat\\\/salajove\\\/2018\\\/09\\\/12\\\/bibliotecajove-club-de-lectura-la-ratera\\\/#primaryimage\"},\"thumbnailUrl\":\"https:\\\/\\\/biblioteca.blanes.cat\\\/salajove\\\/wp-content\\\/uploads\\\/sites\\\/3\\\/2018\\\/11\\\/La-ratera-Agatha-Christie.jpg\",\"keywords\":[\"#ClubdeLectura\",\"#Lectura\",\"#Literatura\",\"#Llibres\",\"#Sinopsi\"],\"articleSection\":[\"Club de Lectura\"],\"inLanguage\":\"ca\",\"potentialAction\":[{\"@type\":\"CommentAction\",\"name\":\"Comment\",\"target\":[\"https:\\\/\\\/biblioteca.blanes.cat\\\/salajove\\\/2018\\\/09\\\/12\\\/bibliotecajove-club-de-lectura-la-ratera\\\/#respond\"]}]},{\"@type\":\"WebPage\",\"@id\":\"https:\\\/\\\/biblioteca.blanes.cat\\\/salajove\\\/2018\\\/09\\\/12\\\/bibliotecajove-club-de-lectura-la-ratera\\\/\",\"url\":\"https:\\\/\\\/biblioteca.blanes.cat\\\/salajove\\\/2018\\\/09\\\/12\\\/bibliotecajove-club-de-lectura-la-ratera\\\/\",\"name\":\"Bibliotecajove Club de Lectura La Ratera - Sala Jove\",\"isPartOf\":{\"@id\":\"https:\\\/\\\/biblioteca.blanes.cat\\\/salajove\\\/#website\"},\"primaryImageOfPage\":{\"@id\":\"https:\\\/\\\/biblioteca.blanes.cat\\\/salajove\\\/2018\\\/09\\\/12\\\/bibliotecajove-club-de-lectura-la-ratera\\\/#primaryimage\"},\"image\":{\"@id\":\"https:\\\/\\\/biblioteca.blanes.cat\\\/salajove\\\/2018\\\/09\\\/12\\\/bibliotecajove-club-de-lectura-la-ratera\\\/#primaryimage\"},\"thumbnailUrl\":\"https:\\\/\\\/biblioteca.blanes.cat\\\/salajove\\\/wp-content\\\/uploads\\\/sites\\\/3\\\/2018\\\/11\\\/La-ratera-Agatha-Christie.jpg\",\"datePublished\":\"2018-09-12T14:06:43+00:00\",\"dateModified\":\"2019-03-23T08:44:12+00:00\",\"description\":\"Al Club de lectura Jove aquest mes llegim \\\"La ratera\\\" de Agatha Christie Bibliotecajove Club de Lectura. Ens trobarem a la Sala Jove el ...\",\"breadcrumb\":{\"@id\":\"https:\\\/\\\/biblioteca.blanes.cat\\\/salajove\\\/2018\\\/09\\\/12\\\/bibliotecajove-club-de-lectura-la-ratera\\\/#breadcrumb\"},\"inLanguage\":\"ca\",\"potentialAction\":[{\"@type\":\"ReadAction\",\"target\":[\"https:\\\/\\\/biblioteca.blanes.cat\\\/salajove\\\/2018\\\/09\\\/12\\\/bibliotecajove-club-de-lectura-la-ratera\\\/\"]}]},{\"@type\":\"ImageObject\",\"inLanguage\":\"ca\",\"@id\":\"https:\\\/\\\/biblioteca.blanes.cat\\\/salajove\\\/2018\\\/09\\\/12\\\/bibliotecajove-club-de-lectura-la-ratera\\\/#primaryimage\",\"url\":\"https:\\\/\\\/biblioteca.blanes.cat\\\/salajove\\\/wp-content\\\/uploads\\\/sites\\\/3\\\/2018\\\/11\\\/La-ratera-Agatha-Christie.jpg\",\"contentUrl\":\"https:\\\/\\\/biblioteca.blanes.cat\\\/salajove\\\/wp-content\\\/uploads\\\/sites\\\/3\\\/2018\\\/11\\\/La-ratera-Agatha-Christie.jpg\",\"width\":330,\"height\":499},{\"@type\":\"BreadcrumbList\",\"@id\":\"https:\\\/\\\/biblioteca.blanes.cat\\\/salajove\\\/2018\\\/09\\\/12\\\/bibliotecajove-club-de-lectura-la-ratera\\\/#breadcrumb\",\"itemListElement\":[{\"@type\":\"ListItem\",\"position\":1,\"name\":\"Inici\",\"item\":\"https:\\\/\\\/biblioteca.blanes.cat\\\/salajove\\\/\"},{\"@type\":\"ListItem\",\"position\":2,\"name\":\"CLJ: La Ratera\"}]},{\"@type\":\"WebSite\",\"@id\":\"https:\\\/\\\/biblioteca.blanes.cat\\\/salajove\\\/#website\",\"url\":\"https:\\\/\\\/biblioteca.blanes.cat\\\/salajove\\\/\",\"name\":\"Sala Jove\",\"description\":\"Biblioteca Comarcal de Blanes\",\"publisher\":{\"@id\":\"https:\\\/\\\/biblioteca.blanes.cat\\\/salajove\\\/#organization\"},\"potentialAction\":[{\"@type\":\"SearchAction\",\"target\":{\"@type\":\"EntryPoint\",\"urlTemplate\":\"https:\\\/\\\/biblioteca.blanes.cat\\\/salajove\\\/?s={search_term_string}\"},\"query-input\":{\"@type\":\"PropertyValueSpecification\",\"valueRequired\":true,\"valueName\":\"search_term_string\"}}],\"inLanguage\":\"ca\"},{\"@type\":\"Organization\",\"@id\":\"https:\\\/\\\/biblioteca.blanes.cat\\\/salajove\\\/#organization\",\"name\":\"Biblioteca Comarcal de Blanes\",\"url\":\"https:\\\/\\\/biblioteca.blanes.cat\\\/salajove\\\/\",\"logo\":{\"@type\":\"ImageObject\",\"inLanguage\":\"ca\",\"@id\":\"https:\\\/\\\/biblioteca.blanes.cat\\\/salajove\\\/#\\\/schema\\\/logo\\\/image\\\/\",\"url\":\"https:\\\/\\\/biblioteca.blanes.cat\\\/salajove\\\/wp-content\\\/uploads\\\/sites\\\/3\\\/2017\\\/09\\\/cropped-Bib-blau-e1518869380535.png\",\"contentUrl\":\"https:\\\/\\\/biblioteca.blanes.cat\\\/salajove\\\/wp-content\\\/uploads\\\/sites\\\/3\\\/2017\\\/09\\\/cropped-Bib-blau-e1518869380535.png\",\"width\":166,\"height\":166,\"caption\":\"Biblioteca Comarcal de Blanes\"},\"image\":{\"@id\":\"https:\\\/\\\/biblioteca.blanes.cat\\\/salajove\\\/#\\\/schema\\\/logo\\\/image\\\/\"},\"sameAs\":[\"https:\\\/\\\/www.facebook.com\\\/BilbiotecaComarcaldeBlanes\\\/\",\"https:\\\/\\\/x.com\\\/BiblioBlanes\",\"https:\\\/\\\/www.instagram.com\\\/biblioblanes\\\/\",\"https:\\\/\\\/www.pinterest.es\\\/bblanes\\\/\",\"https:\\\/\\\/www.youtube.com\\\/c\\\/BibliotecaComarcalBlanes\"]},{\"@type\":\"Person\",\"@id\":\"https:\\\/\\\/biblioteca.blanes.cat\\\/salajove\\\/#\\\/schema\\\/person\\\/5a7b46760d9dd611d098bbf571a341dc\",\"name\":\"biblioblanes\",\"image\":{\"@type\":\"ImageObject\",\"inLanguage\":\"ca\",\"@id\":\"https:\\\/\\\/secure.gravatar.com\\\/avatar\\\/6593ca6cc90e5a70939f51c95e8315483b9c281bafba597292bee47992030f99?s=96&d=mm&r=g\",\"url\":\"https:\\\/\\\/secure.gravatar.com\\\/avatar\\\/6593ca6cc90e5a70939f51c95e8315483b9c281bafba597292bee47992030f99?s=96&d=mm&r=g\",\"contentUrl\":\"https:\\\/\\\/secure.gravatar.com\\\/avatar\\\/6593ca6cc90e5a70939f51c95e8315483b9c281bafba597292bee47992030f99?s=96&d=mm&r=g\",\"caption\":\"biblioblanes\"},\"sameAs\":[\"http:\\\/\\\/www.bibgirona.cat\\\/biblioteca\\\/blanes\",\"https:\\\/\\\/x.com\\\/biblioblanes\"],\"url\":\"https:\\\/\\\/biblioteca.blanes.cat\\\/salajove\\\/author\\\/biblioblanes\\\/\"}]}<\/script>\n<!-- \/ Yoast SEO plugin. -->","yoast_head_json":{"title":"Bibliotecajove Club de Lectura La Ratera - Sala Jove","description":"Al Club de lectura Jove aquest mes llegim \"La ratera\" de Agatha Christie Bibliotecajove Club de Lectura. Ens trobarem a la Sala Jove el ...","robots":{"index":"index","follow":"follow","max-snippet":"max-snippet:-1","max-image-preview":"max-image-preview:large","max-video-preview":"max-video-preview:-1"},"canonical":"https:\/\/biblioteca.blanes.cat\/salajove\/2018\/09\/12\/bibliotecajove-club-de-lectura-la-ratera\/","og_locale":"ca_ES","og_type":"article","og_title":"Bibliotecajove Club de Lectura La Ratera - Sala Jove","og_description":"Al Club de lectura Jove aquest mes llegim \"La ratera\" de Agatha Christie Bibliotecajove Club de Lectura. Ens trobarem a la Sala Jove el ...","og_url":"https:\/\/biblioteca.blanes.cat\/salajove\/2018\/09\/12\/bibliotecajove-club-de-lectura-la-ratera\/","og_site_name":"Sala Jove","article_publisher":"https:\/\/www.facebook.com\/BilbiotecaComarcaldeBlanes\/","article_published_time":"2018-09-12T14:06:43+00:00","article_modified_time":"2019-03-23T08:44:12+00:00","og_image":[{"width":330,"height":499,"url":"https:\/\/biblioteca.blanes.cat\/salajove\/wp-content\/uploads\/sites\/3\/2018\/11\/La-ratera-Agatha-Christie.jpg","type":"image\/jpeg"}],"author":"biblioblanes","twitter_card":"summary_large_image","twitter_creator":"@biblioblanes","twitter_site":"@BiblioBlanes","twitter_misc":{"Escrit per":"biblioblanes","Temps estimat de lectura":"2 minuts"},"schema":{"@context":"https:\/\/schema.org","@graph":[{"@type":"Article","@id":"https:\/\/biblioteca.blanes.cat\/salajove\/2018\/09\/12\/bibliotecajove-club-de-lectura-la-ratera\/#article","isPartOf":{"@id":"https:\/\/biblioteca.blanes.cat\/salajove\/2018\/09\/12\/bibliotecajove-club-de-lectura-la-ratera\/"},"author":{"name":"biblioblanes","@id":"https:\/\/biblioteca.blanes.cat\/salajove\/#\/schema\/person\/5a7b46760d9dd611d098bbf571a341dc"},"headline":"CLJ: La Ratera","datePublished":"2018-09-12T14:06:43+00:00","dateModified":"2019-03-23T08:44:12+00:00","mainEntityOfPage":{"@id":"https:\/\/biblioteca.blanes.cat\/salajove\/2018\/09\/12\/bibliotecajove-club-de-lectura-la-ratera\/"},"wordCount":439,"commentCount":0,"publisher":{"@id":"https:\/\/biblioteca.blanes.cat\/salajove\/#organization"},"image":{"@id":"https:\/\/biblioteca.blanes.cat\/salajove\/2018\/09\/12\/bibliotecajove-club-de-lectura-la-ratera\/#primaryimage"},"thumbnailUrl":"https:\/\/biblioteca.blanes.cat\/salajove\/wp-content\/uploads\/sites\/3\/2018\/11\/La-ratera-Agatha-Christie.jpg","keywords":["#ClubdeLectura","#Lectura","#Literatura","#Llibres","#Sinopsi"],"articleSection":["Club de Lectura"],"inLanguage":"ca","potentialAction":[{"@type":"CommentAction","name":"Comment","target":["https:\/\/biblioteca.blanes.cat\/salajove\/2018\/09\/12\/bibliotecajove-club-de-lectura-la-ratera\/#respond"]}]},{"@type":"WebPage","@id":"https:\/\/biblioteca.blanes.cat\/salajove\/2018\/09\/12\/bibliotecajove-club-de-lectura-la-ratera\/","url":"https:\/\/biblioteca.blanes.cat\/salajove\/2018\/09\/12\/bibliotecajove-club-de-lectura-la-ratera\/","name":"Bibliotecajove Club de Lectura La Ratera - Sala Jove","isPartOf":{"@id":"https:\/\/biblioteca.blanes.cat\/salajove\/#website"},"primaryImageOfPage":{"@id":"https:\/\/biblioteca.blanes.cat\/salajove\/2018\/09\/12\/bibliotecajove-club-de-lectura-la-ratera\/#primaryimage"},"image":{"@id":"https:\/\/biblioteca.blanes.cat\/salajove\/2018\/09\/12\/bibliotecajove-club-de-lectura-la-ratera\/#primaryimage"},"thumbnailUrl":"https:\/\/biblioteca.blanes.cat\/salajove\/wp-content\/uploads\/sites\/3\/2018\/11\/La-ratera-Agatha-Christie.jpg","datePublished":"2018-09-12T14:06:43+00:00","dateModified":"2019-03-23T08:44:12+00:00","description":"Al Club de lectura Jove aquest mes llegim \"La ratera\" de Agatha Christie Bibliotecajove Club de Lectura. Ens trobarem a la Sala Jove el ...","breadcrumb":{"@id":"https:\/\/biblioteca.blanes.cat\/salajove\/2018\/09\/12\/bibliotecajove-club-de-lectura-la-ratera\/#breadcrumb"},"inLanguage":"ca","potentialAction":[{"@type":"ReadAction","target":["https:\/\/biblioteca.blanes.cat\/salajove\/2018\/09\/12\/bibliotecajove-club-de-lectura-la-ratera\/"]}]},{"@type":"ImageObject","inLanguage":"ca","@id":"https:\/\/biblioteca.blanes.cat\/salajove\/2018\/09\/12\/bibliotecajove-club-de-lectura-la-ratera\/#primaryimage","url":"https:\/\/biblioteca.blanes.cat\/salajove\/wp-content\/uploads\/sites\/3\/2018\/11\/La-ratera-Agatha-Christie.jpg","contentUrl":"https:\/\/biblioteca.blanes.cat\/salajove\/wp-content\/uploads\/sites\/3\/2018\/11\/La-ratera-Agatha-Christie.jpg","width":330,"height":499},{"@type":"BreadcrumbList","@id":"https:\/\/biblioteca.blanes.cat\/salajove\/2018\/09\/12\/bibliotecajove-club-de-lectura-la-ratera\/#breadcrumb","itemListElement":[{"@type":"ListItem","position":1,"name":"Inici","item":"https:\/\/biblioteca.blanes.cat\/salajove\/"},{"@type":"ListItem","position":2,"name":"CLJ: La Ratera"}]},{"@type":"WebSite","@id":"https:\/\/biblioteca.blanes.cat\/salajove\/#website","url":"https:\/\/biblioteca.blanes.cat\/salajove\/","name":"Sala Jove","description":"Biblioteca Comarcal de Blanes","publisher":{"@id":"https:\/\/biblioteca.blanes.cat\/salajove\/#organization"},"potentialAction":[{"@type":"SearchAction","target":{"@type":"EntryPoint","urlTemplate":"https:\/\/biblioteca.blanes.cat\/salajove\/?s={search_term_string}"},"query-input":{"@type":"PropertyValueSpecification","valueRequired":true,"valueName":"search_term_string"}}],"inLanguage":"ca"},{"@type":"Organization","@id":"https:\/\/biblioteca.blanes.cat\/salajove\/#organization","name":"Biblioteca Comarcal de Blanes","url":"https:\/\/biblioteca.blanes.cat\/salajove\/","logo":{"@type":"ImageObject","inLanguage":"ca","@id":"https:\/\/biblioteca.blanes.cat\/salajove\/#\/schema\/logo\/image\/","url":"https:\/\/biblioteca.blanes.cat\/salajove\/wp-content\/uploads\/sites\/3\/2017\/09\/cropped-Bib-blau-e1518869380535.png","contentUrl":"https:\/\/biblioteca.blanes.cat\/salajove\/wp-content\/uploads\/sites\/3\/2017\/09\/cropped-Bib-blau-e1518869380535.png","width":166,"height":166,"caption":"Biblioteca Comarcal de Blanes"},"image":{"@id":"https:\/\/biblioteca.blanes.cat\/salajove\/#\/schema\/logo\/image\/"},"sameAs":["https:\/\/www.facebook.com\/BilbiotecaComarcaldeBlanes\/","https:\/\/x.com\/BiblioBlanes","https:\/\/www.instagram.com\/biblioblanes\/","https:\/\/www.pinterest.es\/bblanes\/","https:\/\/www.youtube.com\/c\/BibliotecaComarcalBlanes"]},{"@type":"Person","@id":"https:\/\/biblioteca.blanes.cat\/salajove\/#\/schema\/person\/5a7b46760d9dd611d098bbf571a341dc","name":"biblioblanes","image":{"@type":"ImageObject","inLanguage":"ca","@id":"https:\/\/secure.gravatar.com\/avatar\/6593ca6cc90e5a70939f51c95e8315483b9c281bafba597292bee47992030f99?s=96&d=mm&r=g","url":"https:\/\/secure.gravatar.com\/avatar\/6593ca6cc90e5a70939f51c95e8315483b9c281bafba597292bee47992030f99?s=96&d=mm&r=g","contentUrl":"https:\/\/secure.gravatar.com\/avatar\/6593ca6cc90e5a70939f51c95e8315483b9c281bafba597292bee47992030f99?s=96&d=mm&r=g","caption":"biblioblanes"},"sameAs":["http:\/\/www.bibgirona.cat\/biblioteca\/blanes","https:\/\/x.com\/biblioblanes"],"url":"https:\/\/biblioteca.blanes.cat\/salajove\/author\/biblioblanes\/"}]}},"_links":{"self":[{"href":"https:\/\/biblioteca.blanes.cat\/salajove\/wp-json\/wp\/v2\/posts\/2198","targetHints":{"allow":["GET"]}}],"collection":[{"href":"https:\/\/biblioteca.blanes.cat\/salajove\/wp-json\/wp\/v2\/posts"}],"about":[{"href":"https:\/\/biblioteca.blanes.cat\/salajove\/wp-json\/wp\/v2\/types\/post"}],"author":[{"embeddable":true,"href":"https:\/\/biblioteca.blanes.cat\/salajove\/wp-json\/wp\/v2\/users\/4"}],"replies":[{"embeddable":true,"href":"https:\/\/biblioteca.blanes.cat\/salajove\/wp-json\/wp\/v2\/comments?post=2198"}],"version-history":[{"count":3,"href":"https:\/\/biblioteca.blanes.cat\/salajove\/wp-json\/wp\/v2\/posts\/2198\/revisions"}],"predecessor-version":[{"id":2707,"href":"https:\/\/biblioteca.blanes.cat\/salajove\/wp-json\/wp\/v2\/posts\/2198\/revisions\/2707"}],"wp:featuredmedia":[{"embeddable":true,"href":"https:\/\/biblioteca.blanes.cat\/salajove\/wp-json\/wp\/v2\/media\/2141"}],"wp:attachment":[{"href":"https:\/\/biblioteca.blanes.cat\/salajove\/wp-json\/wp\/v2\/media?parent=2198"}],"wp:term":[{"taxonomy":"category","embeddable":true,"href":"https:\/\/biblioteca.blanes.cat\/salajove\/wp-json\/wp\/v2\/categories?post=2198"},{"taxonomy":"post_tag","embeddable":true,"href":"https:\/\/biblioteca.blanes.cat\/salajove\/wp-json\/wp\/v2\/tags?post=2198"}],"curies":[{"name":"wp","href":"https:\/\/api.w.org\/{rel}","templated":true}]}}