{"id":2193,"date":"2018-09-12T14:29:24","date_gmt":"2018-09-12T13:29:24","guid":{"rendered":"https:\/\/biblioteca.blanes.cat\/salajove\/?p=2193"},"modified":"2018-11-12T14:55:54","modified_gmt":"2018-11-12T13:55:54","slug":"bibliotecajove-club-de-lectura-alla-on-els-arbres-canten","status":"publish","type":"post","link":"https:\/\/biblioteca.blanes.cat\/salajove\/2018\/09\/12\/bibliotecajove-club-de-lectura-alla-on-els-arbres-canten\/","title":{"rendered":"CLJ: All\u00e0 on els arbres canten"},"content":{"rendered":"<h2 style=\"text-align: center;\">Al Club de lectura Jove aquest mes llegim<\/h2>\n<h2 style=\"text-align: center;\">&#8220;All\u00e0 on els arbres canten&#8221; de Laura Gallego.<\/h2>\n<p><!--more--><\/p>\n<p style=\"text-align: center;\">\u00a0<\/p>\n<h3><a href=\"https:\/\/biblioteca.blanes.cat\/salajove\/wp-content\/uploads\/sites\/3\/2018\/11\/All\u00e0-on-els-arbres-canten-Laura-Gallego.jpg\"><img fetchpriority=\"high\" decoding=\"async\" class=\"wp-image-2135 size-medium alignleft\" src=\"https:\/\/biblioteca.blanes.cat\/salajove\/wp-content\/uploads\/sites\/3\/2018\/11\/All\u00e0-on-els-arbres-canten-Laura-Gallego-208x300.jpg\" alt=\"\" width=\"208\" height=\"300\" srcset=\"https:\/\/biblioteca.blanes.cat\/salajove\/wp-content\/uploads\/sites\/3\/2018\/11\/All\u00e0-on-els-arbres-canten-Laura-Gallego-208x300.jpg 208w, https:\/\/biblioteca.blanes.cat\/salajove\/wp-content\/uploads\/sites\/3\/2018\/11\/All\u00e0-on-els-arbres-canten-Laura-Gallego.jpg 427w\" sizes=\"(max-width: 208px) 100vw, 208px\" \/><\/a>Sinopsi:<\/h3>\n<div class=\"body\">\n<p>La Viana, l\u2019\u00fanica filla del duc de Rocagrisa, est\u00e0 promesa a Robian de Castellmar des que eren petits. Tots dos s\u2019estimen i es casaran a la primavera. Per\u00f2, durant les festes de celebraci\u00f3 del solstici d\u2019hivern, un home estrafolari adverteix al rei de N\u00f2rtia i els seus cavallers de l\u2019amena\u00e7a dels b\u00e0rbars de les estepes&#8230; I tant Robian com el duc es veuen obligats a anar-se\u2019n a la guerra. En aquestes circumst\u00e0ncies, la Viana no nom\u00e9s podr\u00e0 fer altra cosa que esperar que el seu prom\u00e8s, sin\u00f3 que tamb\u00e9 podr\u00e0 preparar-se ella mateixa per a combatre.<\/p>\n<\/div>\n<h3>\u00a0<\/h3>\n<h3>L&#8217;autor:<\/h3>\n<p style=\"text-align: justify;\"><strong><a href=\"https:\/\/biblioteca.blanes.cat\/salajove\/wp-content\/uploads\/sites\/3\/2018\/11\/Laura-Gallego.jpg\"><img decoding=\"async\" class=\"wp-image-2194  alignleft\" src=\"https:\/\/biblioteca.blanes.cat\/salajove\/wp-content\/uploads\/sites\/3\/2018\/11\/Laura-Gallego-300x290.jpg\" alt=\"\" width=\"239\" height=\"231\" srcset=\"https:\/\/biblioteca.blanes.cat\/salajove\/wp-content\/uploads\/sites\/3\/2018\/11\/Laura-Gallego-300x290.jpg 300w, https:\/\/biblioteca.blanes.cat\/salajove\/wp-content\/uploads\/sites\/3\/2018\/11\/Laura-Gallego.jpg 330w\" sizes=\"(max-width: 239px) 100vw, 239px\" \/><\/a>Laura Gallego<\/strong>, \u00e9s de Quart de Poblet (Pa\u00eds Valenci\u00e0). Va estudiar filologia hisp\u00e0nica a la Universitat de Val\u00e8ncia i t\u00e9 un doctorat amb especialitzaci\u00f3 en l\u2019edat mitja i els llibres de cavaller\u00eda.<\/p>\n<p style=\"text-align: justify;\">Als onze anys va escriure la seva primera novel\u00b7la, amb una amiga. Als 21 anys va escriure la seva primera novel\u00b7la publicada, Finis Mundi (1999), amb la que obtingu\u00e9 el primer Premi El Vaixell de Vapor de l&#8217;editorial SM. El seu segon premi El Vaixell De Vapor el va aconseguir el 2001 amb la seva novel\u00b7la La llegenda del Rei Errant (2001).<\/p>\n<p style=\"text-align: justify;\">Actualment la seva obra publicada compr\u00e8n vint-i-set novel\u00b7les juvenils i alguns contes infantils, amb m\u00e9s d&#8217;un mili\u00f3 d&#8217;exemplars venuts nom\u00e9s a Espanya i traduccions a setze idiomes, entre els quals es troben l&#8217;angl\u00e8s, el franc\u00e8s, l&#8217;alemany i el japon\u00e8s.<\/p>\n<p style=\"text-align: justify;\">La seva obra m\u00e9s popular entre els joves \u00e9s la trilog\u00eda <a href=\"https:\/\/www.lauragallego.com\/biografia\/\"><em>Memorias de Idh\u00fa<\/em><\/a>.<\/p>\n<p style=\"text-align: justify;\">En 2011 va rebre el Premi Cervantes Chico pel conjunt de tota la seva obra, i en 2012 va ser guardonada amb el Premi Nacional de Literatura Infantil i Juvenil per la seva novel\u00b7la \u201cOn els arbres canten\u201d.<\/p>\n<p style=\"text-align: justify;\">Actualment est\u00e0 treballant en una nova trilogia: Guardians de la Ciutadella.<\/p>\n<p>&nbsp;<\/p>\n<div>\u00a0Tamb\u00e9 podeu fer una ullada que fa en Bernat de &#8220;<a href=\"http:\/\/cinellibres.blogspot.com\/\" target=\"_blank\" rel=\"noopener\">Perduts entre llibres<\/a>&#8221; en el seu canal de YouTube:<\/div>\n<p style=\"text-align: center;\"><iframe src=\"https:\/\/www.youtube.com\/embed\/t0pb9YwM15s\" width=\"560\" height=\"315\" frameborder=\"0\" allowfullscreen=\"allowfullscreen\"><\/iframe><\/p>\n<div>\u00a0<\/div>\n<div class=\"field field-name-body field-type-text-with-summary field-label-hidden\" style=\"text-align: center;\">Mireu la disponibilitat del llibre al cat\u00e0leg de les biblioteques p\u00fabliques <a href=\"http:\/\/elmeuargus.biblioteques.gencat.cat\/search~S146*cat?\/aGallego+Garc{u00ED}a%2C+Laura\/agallego+garcia+laura\/1%2C1%2C112%2CB\/frameset&amp;FF=agallego+garcia+laura&amp;12%2C%2C112\/indexsort=-#.W-mE-LgpXgw\" target=\"_blank\" rel=\"noopener\"><span style=\"color: #ff0000;\"><strong>Argus<\/strong><\/span><\/a>.<\/div>\n<div>\u00a0<\/div>\n<table style=\"width: 100%; background-color: #ccccff;\">\n<tbody>\n<tr>\n<td style=\"background-color: #ccccff; text-align: center; vertical-align: middle;\">\n<p><span style=\"font-size: 28px; font-family: arial black,sans-serif;\"><strong><span style=\"font-size: 20px;\">LA TROBADA del CLUB DE LECTURA JOVE SER\u00c0 <\/span><br \/>\n <\/strong><\/span><\/p>\n<p><span style=\"font-size: 28px; font-family: arial black,sans-serif;\"><strong>Dijous, 28 de febrer <\/strong><\/span><span style=\"font-size: 20px; font-family: arial black,sans-serif;\"><strong><span style=\"font-size: 28px;\">a les 5.30h de la tarda<\/span> <br \/>\n <\/strong><\/span><\/p>\n<p><strong><span style=\"font-size: 20px; font-family: arial black,sans-serif;\">a la <a href=\"https:\/\/biblioteca.blanes.cat\/salajove\">SALA JOVE<\/a><\/span><br \/>\n <\/strong><\/p>\n<\/td>\n<\/tr>\n<\/tbody>\n<\/table>\n<p>&nbsp;<\/p>\n","protected":false},"excerpt":{"rendered":"<p>Al Club de lectura Jove aquest mes llegim &#8220;All\u00e0 on els arbres canten&#8221; de Laura Gallego.<\/p>\n","protected":false},"author":4,"featured_media":2135,"comment_status":"open","ping_status":"open","sticky":false,"template":"","format":"standard","meta":{"sfsi_plus_gutenberg_text_before_share":"","sfsi_plus_gutenberg_show_text_before_share":"","sfsi_plus_gutenberg_icon_type":"","sfsi_plus_gutenberg_icon_alignemt":"","sfsi_plus_gutenburg_max_per_row":"","footnotes":""},"categories":[5],"tags":[29,26,19,21,22,23],"class_list":["post-2193","post","type-post","status-publish","format-standard","has-post-thumbnail","hentry","category-club-de-lectura","tag-club-de-lectura","tag-lectura","tag-literatura","tag-llibres","tag-ressenya","tag-sinopsi"],"yoast_head":"<!-- This site is optimized with the Yoast SEO plugin v27.5 - https:\/\/yoast.com\/product\/yoast-seo-wordpress\/ -->\n<title>Bibliotecajove Club de Lectura All\u00e0 on els arbres canten - Sala Jove<\/title>\n<meta name=\"description\" content=\"Al Club de lectura Jove aquest mes llegim &quot;All\u00e0 on els arbres canten&quot; de Laura Gallego Bibliotecajove Club de Lectura. Ens trobarem a la Sala Jove el ...\" \/>\n<meta name=\"robots\" content=\"index, follow, max-snippet:-1, max-image-preview:large, max-video-preview:-1\" \/>\n<link rel=\"canonical\" href=\"https:\/\/biblioteca.blanes.cat\/salajove\/2018\/09\/12\/bibliotecajove-club-de-lectura-alla-on-els-arbres-canten\/\" \/>\n<meta property=\"og:locale\" content=\"ca_ES\" \/>\n<meta property=\"og:type\" content=\"article\" \/>\n<meta property=\"og:title\" content=\"Bibliotecajove Club de Lectura All\u00e0 on els arbres canten - Sala Jove\" \/>\n<meta property=\"og:description\" content=\"Al Club de lectura Jove aquest mes llegim &quot;All\u00e0 on els arbres canten&quot; de Laura Gallego Bibliotecajove Club de Lectura. Ens trobarem a la Sala Jove el ...\" \/>\n<meta property=\"og:url\" content=\"https:\/\/biblioteca.blanes.cat\/salajove\/2018\/09\/12\/bibliotecajove-club-de-lectura-alla-on-els-arbres-canten\/\" \/>\n<meta property=\"og:site_name\" content=\"Sala Jove\" \/>\n<meta property=\"article:publisher\" content=\"https:\/\/www.facebook.com\/BilbiotecaComarcaldeBlanes\/\" \/>\n<meta property=\"article:published_time\" content=\"2018-09-12T13:29:24+00:00\" \/>\n<meta property=\"article:modified_time\" content=\"2018-11-12T13:55:54+00:00\" \/>\n<meta property=\"og:image\" content=\"https:\/\/biblioteca.blanes.cat\/salajove\/wp-content\/uploads\/sites\/3\/2018\/11\/All\u00e0-on-els-arbres-canten-Laura-Gallego.jpg\" \/>\n\t<meta property=\"og:image:width\" content=\"427\" \/>\n\t<meta property=\"og:image:height\" content=\"615\" \/>\n\t<meta property=\"og:image:type\" content=\"image\/jpeg\" \/>\n<meta name=\"author\" content=\"biblioblanes\" \/>\n<meta name=\"twitter:card\" content=\"summary_large_image\" \/>\n<meta name=\"twitter:creator\" content=\"@biblioblanes\" \/>\n<meta name=\"twitter:site\" content=\"@BiblioBlanes\" \/>\n<meta name=\"twitter:label1\" content=\"Escrit per\" \/>\n\t<meta name=\"twitter:data1\" content=\"biblioblanes\" \/>\n\t<meta name=\"twitter:label2\" content=\"Temps estimat de lectura\" \/>\n\t<meta name=\"twitter:data2\" content=\"2 minuts\" \/>\n<script type=\"application\/ld+json\" class=\"yoast-schema-graph\">{\"@context\":\"https:\\\/\\\/schema.org\",\"@graph\":[{\"@type\":\"Article\",\"@id\":\"https:\\\/\\\/biblioteca.blanes.cat\\\/salajove\\\/2018\\\/09\\\/12\\\/bibliotecajove-club-de-lectura-alla-on-els-arbres-canten\\\/#article\",\"isPartOf\":{\"@id\":\"https:\\\/\\\/biblioteca.blanes.cat\\\/salajove\\\/2018\\\/09\\\/12\\\/bibliotecajove-club-de-lectura-alla-on-els-arbres-canten\\\/\"},\"author\":{\"name\":\"biblioblanes\",\"@id\":\"https:\\\/\\\/biblioteca.blanes.cat\\\/salajove\\\/#\\\/schema\\\/person\\\/5a7b46760d9dd611d098bbf571a341dc\"},\"headline\":\"CLJ: All\u00e0 on els arbres canten\",\"datePublished\":\"2018-09-12T13:29:24+00:00\",\"dateModified\":\"2018-11-12T13:55:54+00:00\",\"mainEntityOfPage\":{\"@id\":\"https:\\\/\\\/biblioteca.blanes.cat\\\/salajove\\\/2018\\\/09\\\/12\\\/bibliotecajove-club-de-lectura-alla-on-els-arbres-canten\\\/\"},\"wordCount\":401,\"commentCount\":0,\"publisher\":{\"@id\":\"https:\\\/\\\/biblioteca.blanes.cat\\\/salajove\\\/#organization\"},\"image\":{\"@id\":\"https:\\\/\\\/biblioteca.blanes.cat\\\/salajove\\\/2018\\\/09\\\/12\\\/bibliotecajove-club-de-lectura-alla-on-els-arbres-canten\\\/#primaryimage\"},\"thumbnailUrl\":\"https:\\\/\\\/biblioteca.blanes.cat\\\/salajove\\\/wp-content\\\/uploads\\\/sites\\\/3\\\/2018\\\/11\\\/All\u00e0-on-els-arbres-canten-Laura-Gallego.jpg\",\"keywords\":[\"#ClubdeLectura\",\"#Lectura\",\"#Literatura\",\"#Llibres\",\"#Ressenya\",\"#Sinopsi\"],\"articleSection\":[\"Club de Lectura\"],\"inLanguage\":\"ca\",\"potentialAction\":[{\"@type\":\"CommentAction\",\"name\":\"Comment\",\"target\":[\"https:\\\/\\\/biblioteca.blanes.cat\\\/salajove\\\/2018\\\/09\\\/12\\\/bibliotecajove-club-de-lectura-alla-on-els-arbres-canten\\\/#respond\"]}]},{\"@type\":\"WebPage\",\"@id\":\"https:\\\/\\\/biblioteca.blanes.cat\\\/salajove\\\/2018\\\/09\\\/12\\\/bibliotecajove-club-de-lectura-alla-on-els-arbres-canten\\\/\",\"url\":\"https:\\\/\\\/biblioteca.blanes.cat\\\/salajove\\\/2018\\\/09\\\/12\\\/bibliotecajove-club-de-lectura-alla-on-els-arbres-canten\\\/\",\"name\":\"Bibliotecajove Club de Lectura All\u00e0 on els arbres canten - Sala Jove\",\"isPartOf\":{\"@id\":\"https:\\\/\\\/biblioteca.blanes.cat\\\/salajove\\\/#website\"},\"primaryImageOfPage\":{\"@id\":\"https:\\\/\\\/biblioteca.blanes.cat\\\/salajove\\\/2018\\\/09\\\/12\\\/bibliotecajove-club-de-lectura-alla-on-els-arbres-canten\\\/#primaryimage\"},\"image\":{\"@id\":\"https:\\\/\\\/biblioteca.blanes.cat\\\/salajove\\\/2018\\\/09\\\/12\\\/bibliotecajove-club-de-lectura-alla-on-els-arbres-canten\\\/#primaryimage\"},\"thumbnailUrl\":\"https:\\\/\\\/biblioteca.blanes.cat\\\/salajove\\\/wp-content\\\/uploads\\\/sites\\\/3\\\/2018\\\/11\\\/All\u00e0-on-els-arbres-canten-Laura-Gallego.jpg\",\"datePublished\":\"2018-09-12T13:29:24+00:00\",\"dateModified\":\"2018-11-12T13:55:54+00:00\",\"description\":\"Al Club de lectura Jove aquest mes llegim \\\"All\u00e0 on els arbres canten\\\" de Laura Gallego Bibliotecajove Club de Lectura. Ens trobarem a la Sala Jove el ...\",\"breadcrumb\":{\"@id\":\"https:\\\/\\\/biblioteca.blanes.cat\\\/salajove\\\/2018\\\/09\\\/12\\\/bibliotecajove-club-de-lectura-alla-on-els-arbres-canten\\\/#breadcrumb\"},\"inLanguage\":\"ca\",\"potentialAction\":[{\"@type\":\"ReadAction\",\"target\":[\"https:\\\/\\\/biblioteca.blanes.cat\\\/salajove\\\/2018\\\/09\\\/12\\\/bibliotecajove-club-de-lectura-alla-on-els-arbres-canten\\\/\"]}]},{\"@type\":\"ImageObject\",\"inLanguage\":\"ca\",\"@id\":\"https:\\\/\\\/biblioteca.blanes.cat\\\/salajove\\\/2018\\\/09\\\/12\\\/bibliotecajove-club-de-lectura-alla-on-els-arbres-canten\\\/#primaryimage\",\"url\":\"https:\\\/\\\/biblioteca.blanes.cat\\\/salajove\\\/wp-content\\\/uploads\\\/sites\\\/3\\\/2018\\\/11\\\/All\u00e0-on-els-arbres-canten-Laura-Gallego.jpg\",\"contentUrl\":\"https:\\\/\\\/biblioteca.blanes.cat\\\/salajove\\\/wp-content\\\/uploads\\\/sites\\\/3\\\/2018\\\/11\\\/All\u00e0-on-els-arbres-canten-Laura-Gallego.jpg\",\"width\":427,\"height\":615},{\"@type\":\"BreadcrumbList\",\"@id\":\"https:\\\/\\\/biblioteca.blanes.cat\\\/salajove\\\/2018\\\/09\\\/12\\\/bibliotecajove-club-de-lectura-alla-on-els-arbres-canten\\\/#breadcrumb\",\"itemListElement\":[{\"@type\":\"ListItem\",\"position\":1,\"name\":\"Inici\",\"item\":\"https:\\\/\\\/biblioteca.blanes.cat\\\/salajove\\\/\"},{\"@type\":\"ListItem\",\"position\":2,\"name\":\"CLJ: All\u00e0 on els arbres canten\"}]},{\"@type\":\"WebSite\",\"@id\":\"https:\\\/\\\/biblioteca.blanes.cat\\\/salajove\\\/#website\",\"url\":\"https:\\\/\\\/biblioteca.blanes.cat\\\/salajove\\\/\",\"name\":\"Sala Jove\",\"description\":\"Biblioteca Comarcal de Blanes\",\"publisher\":{\"@id\":\"https:\\\/\\\/biblioteca.blanes.cat\\\/salajove\\\/#organization\"},\"potentialAction\":[{\"@type\":\"SearchAction\",\"target\":{\"@type\":\"EntryPoint\",\"urlTemplate\":\"https:\\\/\\\/biblioteca.blanes.cat\\\/salajove\\\/?s={search_term_string}\"},\"query-input\":{\"@type\":\"PropertyValueSpecification\",\"valueRequired\":true,\"valueName\":\"search_term_string\"}}],\"inLanguage\":\"ca\"},{\"@type\":\"Organization\",\"@id\":\"https:\\\/\\\/biblioteca.blanes.cat\\\/salajove\\\/#organization\",\"name\":\"Biblioteca Comarcal de Blanes\",\"url\":\"https:\\\/\\\/biblioteca.blanes.cat\\\/salajove\\\/\",\"logo\":{\"@type\":\"ImageObject\",\"inLanguage\":\"ca\",\"@id\":\"https:\\\/\\\/biblioteca.blanes.cat\\\/salajove\\\/#\\\/schema\\\/logo\\\/image\\\/\",\"url\":\"https:\\\/\\\/biblioteca.blanes.cat\\\/salajove\\\/wp-content\\\/uploads\\\/sites\\\/3\\\/2017\\\/09\\\/cropped-Bib-blau-e1518869380535.png\",\"contentUrl\":\"https:\\\/\\\/biblioteca.blanes.cat\\\/salajove\\\/wp-content\\\/uploads\\\/sites\\\/3\\\/2017\\\/09\\\/cropped-Bib-blau-e1518869380535.png\",\"width\":166,\"height\":166,\"caption\":\"Biblioteca Comarcal de Blanes\"},\"image\":{\"@id\":\"https:\\\/\\\/biblioteca.blanes.cat\\\/salajove\\\/#\\\/schema\\\/logo\\\/image\\\/\"},\"sameAs\":[\"https:\\\/\\\/www.facebook.com\\\/BilbiotecaComarcaldeBlanes\\\/\",\"https:\\\/\\\/x.com\\\/BiblioBlanes\",\"https:\\\/\\\/www.instagram.com\\\/biblioblanes\\\/\",\"https:\\\/\\\/www.pinterest.es\\\/bblanes\\\/\",\"https:\\\/\\\/www.youtube.com\\\/c\\\/BibliotecaComarcalBlanes\"]},{\"@type\":\"Person\",\"@id\":\"https:\\\/\\\/biblioteca.blanes.cat\\\/salajove\\\/#\\\/schema\\\/person\\\/5a7b46760d9dd611d098bbf571a341dc\",\"name\":\"biblioblanes\",\"image\":{\"@type\":\"ImageObject\",\"inLanguage\":\"ca\",\"@id\":\"https:\\\/\\\/secure.gravatar.com\\\/avatar\\\/6593ca6cc90e5a70939f51c95e8315483b9c281bafba597292bee47992030f99?s=96&d=mm&r=g\",\"url\":\"https:\\\/\\\/secure.gravatar.com\\\/avatar\\\/6593ca6cc90e5a70939f51c95e8315483b9c281bafba597292bee47992030f99?s=96&d=mm&r=g\",\"contentUrl\":\"https:\\\/\\\/secure.gravatar.com\\\/avatar\\\/6593ca6cc90e5a70939f51c95e8315483b9c281bafba597292bee47992030f99?s=96&d=mm&r=g\",\"caption\":\"biblioblanes\"},\"sameAs\":[\"http:\\\/\\\/www.bibgirona.cat\\\/biblioteca\\\/blanes\",\"https:\\\/\\\/x.com\\\/biblioblanes\"],\"url\":\"https:\\\/\\\/biblioteca.blanes.cat\\\/salajove\\\/author\\\/biblioblanes\\\/\"}]}<\/script>\n<!-- \/ Yoast SEO plugin. -->","yoast_head_json":{"title":"Bibliotecajove Club de Lectura All\u00e0 on els arbres canten - Sala Jove","description":"Al Club de lectura Jove aquest mes llegim \"All\u00e0 on els arbres canten\" de Laura Gallego Bibliotecajove Club de Lectura. Ens trobarem a la Sala Jove el ...","robots":{"index":"index","follow":"follow","max-snippet":"max-snippet:-1","max-image-preview":"max-image-preview:large","max-video-preview":"max-video-preview:-1"},"canonical":"https:\/\/biblioteca.blanes.cat\/salajove\/2018\/09\/12\/bibliotecajove-club-de-lectura-alla-on-els-arbres-canten\/","og_locale":"ca_ES","og_type":"article","og_title":"Bibliotecajove Club de Lectura All\u00e0 on els arbres canten - Sala Jove","og_description":"Al Club de lectura Jove aquest mes llegim \"All\u00e0 on els arbres canten\" de Laura Gallego Bibliotecajove Club de Lectura. Ens trobarem a la Sala Jove el ...","og_url":"https:\/\/biblioteca.blanes.cat\/salajove\/2018\/09\/12\/bibliotecajove-club-de-lectura-alla-on-els-arbres-canten\/","og_site_name":"Sala Jove","article_publisher":"https:\/\/www.facebook.com\/BilbiotecaComarcaldeBlanes\/","article_published_time":"2018-09-12T13:29:24+00:00","article_modified_time":"2018-11-12T13:55:54+00:00","og_image":[{"width":427,"height":615,"url":"https:\/\/biblioteca.blanes.cat\/salajove\/wp-content\/uploads\/sites\/3\/2018\/11\/All\u00e0-on-els-arbres-canten-Laura-Gallego.jpg","type":"image\/jpeg"}],"author":"biblioblanes","twitter_card":"summary_large_image","twitter_creator":"@biblioblanes","twitter_site":"@BiblioBlanes","twitter_misc":{"Escrit per":"biblioblanes","Temps estimat de lectura":"2 minuts"},"schema":{"@context":"https:\/\/schema.org","@graph":[{"@type":"Article","@id":"https:\/\/biblioteca.blanes.cat\/salajove\/2018\/09\/12\/bibliotecajove-club-de-lectura-alla-on-els-arbres-canten\/#article","isPartOf":{"@id":"https:\/\/biblioteca.blanes.cat\/salajove\/2018\/09\/12\/bibliotecajove-club-de-lectura-alla-on-els-arbres-canten\/"},"author":{"name":"biblioblanes","@id":"https:\/\/biblioteca.blanes.cat\/salajove\/#\/schema\/person\/5a7b46760d9dd611d098bbf571a341dc"},"headline":"CLJ: All\u00e0 on els arbres canten","datePublished":"2018-09-12T13:29:24+00:00","dateModified":"2018-11-12T13:55:54+00:00","mainEntityOfPage":{"@id":"https:\/\/biblioteca.blanes.cat\/salajove\/2018\/09\/12\/bibliotecajove-club-de-lectura-alla-on-els-arbres-canten\/"},"wordCount":401,"commentCount":0,"publisher":{"@id":"https:\/\/biblioteca.blanes.cat\/salajove\/#organization"},"image":{"@id":"https:\/\/biblioteca.blanes.cat\/salajove\/2018\/09\/12\/bibliotecajove-club-de-lectura-alla-on-els-arbres-canten\/#primaryimage"},"thumbnailUrl":"https:\/\/biblioteca.blanes.cat\/salajove\/wp-content\/uploads\/sites\/3\/2018\/11\/All\u00e0-on-els-arbres-canten-Laura-Gallego.jpg","keywords":["#ClubdeLectura","#Lectura","#Literatura","#Llibres","#Ressenya","#Sinopsi"],"articleSection":["Club de Lectura"],"inLanguage":"ca","potentialAction":[{"@type":"CommentAction","name":"Comment","target":["https:\/\/biblioteca.blanes.cat\/salajove\/2018\/09\/12\/bibliotecajove-club-de-lectura-alla-on-els-arbres-canten\/#respond"]}]},{"@type":"WebPage","@id":"https:\/\/biblioteca.blanes.cat\/salajove\/2018\/09\/12\/bibliotecajove-club-de-lectura-alla-on-els-arbres-canten\/","url":"https:\/\/biblioteca.blanes.cat\/salajove\/2018\/09\/12\/bibliotecajove-club-de-lectura-alla-on-els-arbres-canten\/","name":"Bibliotecajove Club de Lectura All\u00e0 on els arbres canten - Sala Jove","isPartOf":{"@id":"https:\/\/biblioteca.blanes.cat\/salajove\/#website"},"primaryImageOfPage":{"@id":"https:\/\/biblioteca.blanes.cat\/salajove\/2018\/09\/12\/bibliotecajove-club-de-lectura-alla-on-els-arbres-canten\/#primaryimage"},"image":{"@id":"https:\/\/biblioteca.blanes.cat\/salajove\/2018\/09\/12\/bibliotecajove-club-de-lectura-alla-on-els-arbres-canten\/#primaryimage"},"thumbnailUrl":"https:\/\/biblioteca.blanes.cat\/salajove\/wp-content\/uploads\/sites\/3\/2018\/11\/All\u00e0-on-els-arbres-canten-Laura-Gallego.jpg","datePublished":"2018-09-12T13:29:24+00:00","dateModified":"2018-11-12T13:55:54+00:00","description":"Al Club de lectura Jove aquest mes llegim \"All\u00e0 on els arbres canten\" de Laura Gallego Bibliotecajove Club de Lectura. Ens trobarem a la Sala Jove el ...","breadcrumb":{"@id":"https:\/\/biblioteca.blanes.cat\/salajove\/2018\/09\/12\/bibliotecajove-club-de-lectura-alla-on-els-arbres-canten\/#breadcrumb"},"inLanguage":"ca","potentialAction":[{"@type":"ReadAction","target":["https:\/\/biblioteca.blanes.cat\/salajove\/2018\/09\/12\/bibliotecajove-club-de-lectura-alla-on-els-arbres-canten\/"]}]},{"@type":"ImageObject","inLanguage":"ca","@id":"https:\/\/biblioteca.blanes.cat\/salajove\/2018\/09\/12\/bibliotecajove-club-de-lectura-alla-on-els-arbres-canten\/#primaryimage","url":"https:\/\/biblioteca.blanes.cat\/salajove\/wp-content\/uploads\/sites\/3\/2018\/11\/All\u00e0-on-els-arbres-canten-Laura-Gallego.jpg","contentUrl":"https:\/\/biblioteca.blanes.cat\/salajove\/wp-content\/uploads\/sites\/3\/2018\/11\/All\u00e0-on-els-arbres-canten-Laura-Gallego.jpg","width":427,"height":615},{"@type":"BreadcrumbList","@id":"https:\/\/biblioteca.blanes.cat\/salajove\/2018\/09\/12\/bibliotecajove-club-de-lectura-alla-on-els-arbres-canten\/#breadcrumb","itemListElement":[{"@type":"ListItem","position":1,"name":"Inici","item":"https:\/\/biblioteca.blanes.cat\/salajove\/"},{"@type":"ListItem","position":2,"name":"CLJ: All\u00e0 on els arbres canten"}]},{"@type":"WebSite","@id":"https:\/\/biblioteca.blanes.cat\/salajove\/#website","url":"https:\/\/biblioteca.blanes.cat\/salajove\/","name":"Sala Jove","description":"Biblioteca Comarcal de Blanes","publisher":{"@id":"https:\/\/biblioteca.blanes.cat\/salajove\/#organization"},"potentialAction":[{"@type":"SearchAction","target":{"@type":"EntryPoint","urlTemplate":"https:\/\/biblioteca.blanes.cat\/salajove\/?s={search_term_string}"},"query-input":{"@type":"PropertyValueSpecification","valueRequired":true,"valueName":"search_term_string"}}],"inLanguage":"ca"},{"@type":"Organization","@id":"https:\/\/biblioteca.blanes.cat\/salajove\/#organization","name":"Biblioteca Comarcal de Blanes","url":"https:\/\/biblioteca.blanes.cat\/salajove\/","logo":{"@type":"ImageObject","inLanguage":"ca","@id":"https:\/\/biblioteca.blanes.cat\/salajove\/#\/schema\/logo\/image\/","url":"https:\/\/biblioteca.blanes.cat\/salajove\/wp-content\/uploads\/sites\/3\/2017\/09\/cropped-Bib-blau-e1518869380535.png","contentUrl":"https:\/\/biblioteca.blanes.cat\/salajove\/wp-content\/uploads\/sites\/3\/2017\/09\/cropped-Bib-blau-e1518869380535.png","width":166,"height":166,"caption":"Biblioteca Comarcal de Blanes"},"image":{"@id":"https:\/\/biblioteca.blanes.cat\/salajove\/#\/schema\/logo\/image\/"},"sameAs":["https:\/\/www.facebook.com\/BilbiotecaComarcaldeBlanes\/","https:\/\/x.com\/BiblioBlanes","https:\/\/www.instagram.com\/biblioblanes\/","https:\/\/www.pinterest.es\/bblanes\/","https:\/\/www.youtube.com\/c\/BibliotecaComarcalBlanes"]},{"@type":"Person","@id":"https:\/\/biblioteca.blanes.cat\/salajove\/#\/schema\/person\/5a7b46760d9dd611d098bbf571a341dc","name":"biblioblanes","image":{"@type":"ImageObject","inLanguage":"ca","@id":"https:\/\/secure.gravatar.com\/avatar\/6593ca6cc90e5a70939f51c95e8315483b9c281bafba597292bee47992030f99?s=96&d=mm&r=g","url":"https:\/\/secure.gravatar.com\/avatar\/6593ca6cc90e5a70939f51c95e8315483b9c281bafba597292bee47992030f99?s=96&d=mm&r=g","contentUrl":"https:\/\/secure.gravatar.com\/avatar\/6593ca6cc90e5a70939f51c95e8315483b9c281bafba597292bee47992030f99?s=96&d=mm&r=g","caption":"biblioblanes"},"sameAs":["http:\/\/www.bibgirona.cat\/biblioteca\/blanes","https:\/\/x.com\/biblioblanes"],"url":"https:\/\/biblioteca.blanes.cat\/salajove\/author\/biblioblanes\/"}]}},"_links":{"self":[{"href":"https:\/\/biblioteca.blanes.cat\/salajove\/wp-json\/wp\/v2\/posts\/2193","targetHints":{"allow":["GET"]}}],"collection":[{"href":"https:\/\/biblioteca.blanes.cat\/salajove\/wp-json\/wp\/v2\/posts"}],"about":[{"href":"https:\/\/biblioteca.blanes.cat\/salajove\/wp-json\/wp\/v2\/types\/post"}],"author":[{"embeddable":true,"href":"https:\/\/biblioteca.blanes.cat\/salajove\/wp-json\/wp\/v2\/users\/4"}],"replies":[{"embeddable":true,"href":"https:\/\/biblioteca.blanes.cat\/salajove\/wp-json\/wp\/v2\/comments?post=2193"}],"version-history":[{"count":3,"href":"https:\/\/biblioteca.blanes.cat\/salajove\/wp-json\/wp\/v2\/posts\/2193\/revisions"}],"predecessor-version":[{"id":2197,"href":"https:\/\/biblioteca.blanes.cat\/salajove\/wp-json\/wp\/v2\/posts\/2193\/revisions\/2197"}],"wp:featuredmedia":[{"embeddable":true,"href":"https:\/\/biblioteca.blanes.cat\/salajove\/wp-json\/wp\/v2\/media\/2135"}],"wp:attachment":[{"href":"https:\/\/biblioteca.blanes.cat\/salajove\/wp-json\/wp\/v2\/media?parent=2193"}],"wp:term":[{"taxonomy":"category","embeddable":true,"href":"https:\/\/biblioteca.blanes.cat\/salajove\/wp-json\/wp\/v2\/categories?post=2193"},{"taxonomy":"post_tag","embeddable":true,"href":"https:\/\/biblioteca.blanes.cat\/salajove\/wp-json\/wp\/v2\/tags?post=2193"}],"curies":[{"name":"wp","href":"https:\/\/api.w.org\/{rel}","templated":true}]}}