{"id":2152,"date":"2018-11-07T18:06:23","date_gmt":"2018-11-07T17:06:23","guid":{"rendered":"https:\/\/biblioteca.blanes.cat\/salajove\/?p=2152"},"modified":"2018-11-26T13:26:06","modified_gmt":"2018-11-26T12:26:06","slug":"clj-la-nina-que-podia-volar","status":"publish","type":"post","link":"https:\/\/biblioteca.blanes.cat\/salajove\/2018\/11\/07\/clj-la-nina-que-podia-volar\/","title":{"rendered":"CLJ: La ni\u00f1a que podia volar"},"content":{"rendered":"<h2 style=\"text-align: center;\">Biblioteca Jove \u2013 Biblioblanes:<\/h2>\n<h2 style=\"text-align: center;\">Al Club de lectura Jove aquest mes llegim<\/h2>\n<h2 style=\"text-align: center;\">&#8220;La ni\u00f1a que pod\u00eda volar&#8221; de Victoria Forester.<\/h2>\n<p><!--more--><\/p>\n<p>&nbsp;<\/p>\n<p style=\"text-align: center;\">\u00a0<\/p>\n<h3><a href=\"https:\/\/biblioteca.blanes.cat\/salajove\/wp-content\/uploads\/sites\/3\/2018\/11\/la-ni\u00f1a-que-podia-volar-Victoria-Forester.jpg\"><img fetchpriority=\"high\" decoding=\"async\" class=\"alignleft wp-image-2140\" src=\"https:\/\/biblioteca.blanes.cat\/salajove\/wp-content\/uploads\/sites\/3\/2018\/11\/la-ni\u00f1a-que-podia-volar-Victoria-Forester-210x300.jpg\" alt=\"\" width=\"210\" height=\"300\" srcset=\"https:\/\/biblioteca.blanes.cat\/salajove\/wp-content\/uploads\/sites\/3\/2018\/11\/la-ni\u00f1a-que-podia-volar-Victoria-Forester-210x300.jpg 210w, https:\/\/biblioteca.blanes.cat\/salajove\/wp-content\/uploads\/sites\/3\/2018\/11\/la-ni\u00f1a-que-podia-volar-Victoria-Forester-768x1095.jpg 768w, https:\/\/biblioteca.blanes.cat\/salajove\/wp-content\/uploads\/sites\/3\/2018\/11\/la-ni\u00f1a-que-podia-volar-Victoria-Forester-718x1024.jpg 718w, https:\/\/biblioteca.blanes.cat\/salajove\/wp-content\/uploads\/sites\/3\/2018\/11\/la-ni\u00f1a-que-podia-volar-Victoria-Forester.jpg 1831w\" sizes=\"(max-width: 210px) 100vw, 210px\" \/> <\/a>Sinopsi:<\/h3>\n<div class=\"body\">\n<p style=\"text-align: justify;\">La Piper McCloud pot volar, i li encanta. Tot i que encara no t\u00e9 dominada la propulsi\u00f3 inversa, \u00e9s bon\u00edssima fent voltes a\u00e8ries.<\/p>\n<p style=\"text-align: justify;\">El problema \u00e9s que al Comtat en el qual viu la Piper la gent t\u00e9 por del seu poder. I entre ella i els seus pares -molt conservadors i creients de D\u00e9u- decideixen que la Piper deixi la granja familiar per a assistir a una escola super-secreta i de m\u00e0xima seguretat per nens amb habilitats excepcionals.<\/p>\n<p style=\"text-align: justify;\">A l&#8217;escola coneixer\u00e0 molts m\u00e9s nens i nenes amb habilitats incre\u00efbles. Per\u00f2 la Piper ser\u00e0 especial, fins i tot entre els especials. I aix\u00f2 li suposar\u00e0 serioses, esbojarrades i perilloses conseq\u00fc\u00e8ncies.<\/p>\n<\/div>\n<h3>\u00a0<\/h3>\n<h3>L&#8217;autor:<\/h3>\n<p style=\"text-align: justify;\"><strong><a href=\"https:\/\/biblioteca.blanes.cat\/salajove\/wp-content\/uploads\/sites\/3\/2018\/11\/Victoria-Forester.jpg\"><img decoding=\"async\" class=\" wp-image-2166 alignleft\" src=\"https:\/\/biblioteca.blanes.cat\/salajove\/wp-content\/uploads\/sites\/3\/2018\/11\/Victoria-Forester.jpg\" alt=\"\" width=\"135\" height=\"203\" \/><\/a>Victoria Forester<\/strong>, va cr\u00e9ixer, tal com la Piper \u2013 la protagonista de &#8220;la ni\u00f1a que pod\u00eda volar&#8221;-, a una granja remota, a Ontario (Canad\u00e0). Es va graduar a la Universitat de Toronto. Actualment viu a Los Angeles amb el seu marit, la seva filla, i seu gat p\u00e8l-roig anomenat Rufus. &#8220;La ni\u00f1a que pod\u00eda volar&#8221; va ser creada originalment com a gui\u00f3 cinematogr\u00e0fic, per\u00f2 a l&#8217;autora li va agradar tant la hist\u00f2ria que va voler ampliar-la en un llibre amb el qual va acabar guanyant diversos premis. Tamb\u00e9 ha escrit i dirigit altres obres cinematogr\u00e0fiques.<\/p>\n<p>&nbsp;<\/p>\n<div>\u00a0<\/div>\n<div>\u00a0<\/div>\n<div>\u00a0<\/div>\n<div class=\"field field-name-body field-type-text-with-summary field-label-hidden\" style=\"text-align: center;\">\u00a0Mireu la disponibilitat del llibre al cat\u00e0leg de les biblioteques p\u00fabliques <a href=\"http:\/\/elmeuargus.biblioteques.gencat.cat\/search*cat\" target=\"_blank\" rel=\"noopener\"><span style=\"color: #ff0000;\"><strong>Argus<\/strong><\/span><\/a>.<\/div>\n<div>\u00a0<\/div>\n<table style=\"width: 100%; background-color: #ccccff;\">\n<tbody>\n<tr>\n<td style=\"background-color: #ccccff; text-align: center; vertical-align: middle;\">\n<p><span style=\"font-size: 28px; font-family: arial black,sans-serif;\"><strong><span style=\"font-size: 20px;\">LA TROBADA del CLUB DE LECTURA JOVE SER\u00c0 <\/span><br \/>\n <\/strong><\/span><\/p>\n<p><span style=\"font-size: 28px; font-family: arial black,sans-serif;\"><strong>Dijous, 22 de novembre <\/strong><\/span><span style=\"font-size: 20px; font-family: arial black,sans-serif;\"><strong><span style=\"font-size: 28px;\">a les 5.30h de la tarda<\/span> <br \/>\n <\/strong><\/span><\/p>\n<p><strong><span style=\"font-size: 20px; font-family: arial black,sans-serif;\">a la <a href=\"https:\/\/biblioteca.blanes.cat\/salajove\">SALA JOVE<\/a><\/span><br \/>\n <\/strong><\/p>\n<\/td>\n<\/tr>\n<\/tbody>\n<\/table>\n","protected":false},"excerpt":{"rendered":"<p>Biblioteca Jove \u2013 Biblioblanes: Al Club de lectura Jove aquest mes llegim &#8220;La ni\u00f1a que pod\u00eda volar&#8221; de Victoria Forester.<\/p>\n","protected":false},"author":4,"featured_media":2140,"comment_status":"open","ping_status":"open","sticky":false,"template":"","format":"standard","meta":{"sfsi_plus_gutenberg_text_before_share":"","sfsi_plus_gutenberg_show_text_before_share":"","sfsi_plus_gutenberg_icon_type":"","sfsi_plus_gutenberg_icon_alignemt":"","sfsi_plus_gutenburg_max_per_row":"","footnotes":""},"categories":[5],"tags":[29,26,19,21,23],"class_list":["post-2152","post","type-post","status-publish","format-standard","has-post-thumbnail","hentry","category-club-de-lectura","tag-club-de-lectura","tag-lectura","tag-literatura","tag-llibres","tag-sinopsi"],"yoast_head":"<!-- This site is optimized with the Yoast SEO plugin v27.5 - https:\/\/yoast.com\/product\/yoast-seo-wordpress\/ -->\n<title>Bibliotecajove Club de Lectura La ni\u00f1a que podia volar - Sala Jove<\/title>\n<meta name=\"description\" content=\"Al Club de lectura Jove aquest mes llegim La ni\u00f1a que podia volar de Victoria Forester Bibliotecajove Club de Lectura.\" \/>\n<meta name=\"robots\" content=\"index, follow, max-snippet:-1, max-image-preview:large, max-video-preview:-1\" \/>\n<link rel=\"canonical\" href=\"https:\/\/biblioteca.blanes.cat\/salajove\/2018\/11\/07\/clj-la-nina-que-podia-volar\/\" \/>\n<meta property=\"og:locale\" content=\"ca_ES\" \/>\n<meta property=\"og:type\" content=\"article\" \/>\n<meta property=\"og:title\" content=\"Bibliotecajove Club de Lectura La ni\u00f1a que podia volar - Sala Jove\" \/>\n<meta property=\"og:description\" content=\"Al Club de lectura Jove aquest mes llegim La ni\u00f1a que podia volar de Victoria Forester Bibliotecajove Club de Lectura.\" \/>\n<meta property=\"og:url\" content=\"https:\/\/biblioteca.blanes.cat\/salajove\/2018\/11\/07\/clj-la-nina-que-podia-volar\/\" \/>\n<meta property=\"og:site_name\" content=\"Sala Jove\" \/>\n<meta property=\"article:publisher\" content=\"https:\/\/www.facebook.com\/BilbiotecaComarcaldeBlanes\/\" \/>\n<meta property=\"article:published_time\" content=\"2018-11-07T17:06:23+00:00\" \/>\n<meta property=\"article:modified_time\" content=\"2018-11-26T12:26:06+00:00\" \/>\n<meta property=\"og:image\" content=\"https:\/\/biblioteca.blanes.cat\/salajove\/wp-content\/uploads\/sites\/3\/2018\/11\/la-ni\u00f1a-que-podia-volar-Victoria-Forester.jpg\" \/>\n\t<meta property=\"og:image:width\" content=\"1831\" \/>\n\t<meta property=\"og:image:height\" content=\"2611\" \/>\n\t<meta property=\"og:image:type\" content=\"image\/jpeg\" \/>\n<meta name=\"author\" content=\"biblioblanes\" \/>\n<meta name=\"twitter:card\" content=\"summary_large_image\" \/>\n<meta name=\"twitter:creator\" content=\"@biblioblanes\" \/>\n<meta name=\"twitter:site\" content=\"@BiblioBlanes\" \/>\n<meta name=\"twitter:label1\" content=\"Escrit per\" \/>\n\t<meta name=\"twitter:data1\" content=\"biblioblanes\" \/>\n\t<meta name=\"twitter:label2\" content=\"Temps estimat de lectura\" \/>\n\t<meta name=\"twitter:data2\" content=\"1 minut\" \/>\n<script type=\"application\/ld+json\" class=\"yoast-schema-graph\">{\"@context\":\"https:\\\/\\\/schema.org\",\"@graph\":[{\"@type\":\"Article\",\"@id\":\"https:\\\/\\\/biblioteca.blanes.cat\\\/salajove\\\/2018\\\/11\\\/07\\\/clj-la-nina-que-podia-volar\\\/#article\",\"isPartOf\":{\"@id\":\"https:\\\/\\\/biblioteca.blanes.cat\\\/salajove\\\/2018\\\/11\\\/07\\\/clj-la-nina-que-podia-volar\\\/\"},\"author\":{\"name\":\"biblioblanes\",\"@id\":\"https:\\\/\\\/biblioteca.blanes.cat\\\/salajove\\\/#\\\/schema\\\/person\\\/5a7b46760d9dd611d098bbf571a341dc\"},\"headline\":\"CLJ: La ni\u00f1a que podia volar\",\"datePublished\":\"2018-11-07T17:06:23+00:00\",\"dateModified\":\"2018-11-26T12:26:06+00:00\",\"mainEntityOfPage\":{\"@id\":\"https:\\\/\\\/biblioteca.blanes.cat\\\/salajove\\\/2018\\\/11\\\/07\\\/clj-la-nina-que-podia-volar\\\/\"},\"wordCount\":291,\"commentCount\":0,\"publisher\":{\"@id\":\"https:\\\/\\\/biblioteca.blanes.cat\\\/salajove\\\/#organization\"},\"image\":{\"@id\":\"https:\\\/\\\/biblioteca.blanes.cat\\\/salajove\\\/2018\\\/11\\\/07\\\/clj-la-nina-que-podia-volar\\\/#primaryimage\"},\"thumbnailUrl\":\"https:\\\/\\\/biblioteca.blanes.cat\\\/salajove\\\/wp-content\\\/uploads\\\/sites\\\/3\\\/2018\\\/11\\\/la-ni\u00f1a-que-podia-volar-Victoria-Forester.jpg\",\"keywords\":[\"#ClubdeLectura\",\"#Lectura\",\"#Literatura\",\"#Llibres\",\"#Sinopsi\"],\"articleSection\":[\"Club de Lectura\"],\"inLanguage\":\"ca\",\"potentialAction\":[{\"@type\":\"CommentAction\",\"name\":\"Comment\",\"target\":[\"https:\\\/\\\/biblioteca.blanes.cat\\\/salajove\\\/2018\\\/11\\\/07\\\/clj-la-nina-que-podia-volar\\\/#respond\"]}]},{\"@type\":\"WebPage\",\"@id\":\"https:\\\/\\\/biblioteca.blanes.cat\\\/salajove\\\/2018\\\/11\\\/07\\\/clj-la-nina-que-podia-volar\\\/\",\"url\":\"https:\\\/\\\/biblioteca.blanes.cat\\\/salajove\\\/2018\\\/11\\\/07\\\/clj-la-nina-que-podia-volar\\\/\",\"name\":\"Bibliotecajove Club de Lectura La ni\u00f1a que podia volar - Sala Jove\",\"isPartOf\":{\"@id\":\"https:\\\/\\\/biblioteca.blanes.cat\\\/salajove\\\/#website\"},\"primaryImageOfPage\":{\"@id\":\"https:\\\/\\\/biblioteca.blanes.cat\\\/salajove\\\/2018\\\/11\\\/07\\\/clj-la-nina-que-podia-volar\\\/#primaryimage\"},\"image\":{\"@id\":\"https:\\\/\\\/biblioteca.blanes.cat\\\/salajove\\\/2018\\\/11\\\/07\\\/clj-la-nina-que-podia-volar\\\/#primaryimage\"},\"thumbnailUrl\":\"https:\\\/\\\/biblioteca.blanes.cat\\\/salajove\\\/wp-content\\\/uploads\\\/sites\\\/3\\\/2018\\\/11\\\/la-ni\u00f1a-que-podia-volar-Victoria-Forester.jpg\",\"datePublished\":\"2018-11-07T17:06:23+00:00\",\"dateModified\":\"2018-11-26T12:26:06+00:00\",\"description\":\"Al Club de lectura Jove aquest mes llegim La ni\u00f1a que podia volar de Victoria Forester Bibliotecajove Club de Lectura.\",\"breadcrumb\":{\"@id\":\"https:\\\/\\\/biblioteca.blanes.cat\\\/salajove\\\/2018\\\/11\\\/07\\\/clj-la-nina-que-podia-volar\\\/#breadcrumb\"},\"inLanguage\":\"ca\",\"potentialAction\":[{\"@type\":\"ReadAction\",\"target\":[\"https:\\\/\\\/biblioteca.blanes.cat\\\/salajove\\\/2018\\\/11\\\/07\\\/clj-la-nina-que-podia-volar\\\/\"]}]},{\"@type\":\"ImageObject\",\"inLanguage\":\"ca\",\"@id\":\"https:\\\/\\\/biblioteca.blanes.cat\\\/salajove\\\/2018\\\/11\\\/07\\\/clj-la-nina-que-podia-volar\\\/#primaryimage\",\"url\":\"https:\\\/\\\/biblioteca.blanes.cat\\\/salajove\\\/wp-content\\\/uploads\\\/sites\\\/3\\\/2018\\\/11\\\/la-ni\u00f1a-que-podia-volar-Victoria-Forester.jpg\",\"contentUrl\":\"https:\\\/\\\/biblioteca.blanes.cat\\\/salajove\\\/wp-content\\\/uploads\\\/sites\\\/3\\\/2018\\\/11\\\/la-ni\u00f1a-que-podia-volar-Victoria-Forester.jpg\",\"width\":1831,\"height\":2611},{\"@type\":\"BreadcrumbList\",\"@id\":\"https:\\\/\\\/biblioteca.blanes.cat\\\/salajove\\\/2018\\\/11\\\/07\\\/clj-la-nina-que-podia-volar\\\/#breadcrumb\",\"itemListElement\":[{\"@type\":\"ListItem\",\"position\":1,\"name\":\"Inici\",\"item\":\"https:\\\/\\\/biblioteca.blanes.cat\\\/salajove\\\/\"},{\"@type\":\"ListItem\",\"position\":2,\"name\":\"CLJ: La ni\u00f1a que podia volar\"}]},{\"@type\":\"WebSite\",\"@id\":\"https:\\\/\\\/biblioteca.blanes.cat\\\/salajove\\\/#website\",\"url\":\"https:\\\/\\\/biblioteca.blanes.cat\\\/salajove\\\/\",\"name\":\"Sala Jove\",\"description\":\"Biblioteca Comarcal de Blanes\",\"publisher\":{\"@id\":\"https:\\\/\\\/biblioteca.blanes.cat\\\/salajove\\\/#organization\"},\"potentialAction\":[{\"@type\":\"SearchAction\",\"target\":{\"@type\":\"EntryPoint\",\"urlTemplate\":\"https:\\\/\\\/biblioteca.blanes.cat\\\/salajove\\\/?s={search_term_string}\"},\"query-input\":{\"@type\":\"PropertyValueSpecification\",\"valueRequired\":true,\"valueName\":\"search_term_string\"}}],\"inLanguage\":\"ca\"},{\"@type\":\"Organization\",\"@id\":\"https:\\\/\\\/biblioteca.blanes.cat\\\/salajove\\\/#organization\",\"name\":\"Biblioteca Comarcal de Blanes\",\"url\":\"https:\\\/\\\/biblioteca.blanes.cat\\\/salajove\\\/\",\"logo\":{\"@type\":\"ImageObject\",\"inLanguage\":\"ca\",\"@id\":\"https:\\\/\\\/biblioteca.blanes.cat\\\/salajove\\\/#\\\/schema\\\/logo\\\/image\\\/\",\"url\":\"https:\\\/\\\/biblioteca.blanes.cat\\\/salajove\\\/wp-content\\\/uploads\\\/sites\\\/3\\\/2017\\\/09\\\/cropped-Bib-blau-e1518869380535.png\",\"contentUrl\":\"https:\\\/\\\/biblioteca.blanes.cat\\\/salajove\\\/wp-content\\\/uploads\\\/sites\\\/3\\\/2017\\\/09\\\/cropped-Bib-blau-e1518869380535.png\",\"width\":166,\"height\":166,\"caption\":\"Biblioteca Comarcal de Blanes\"},\"image\":{\"@id\":\"https:\\\/\\\/biblioteca.blanes.cat\\\/salajove\\\/#\\\/schema\\\/logo\\\/image\\\/\"},\"sameAs\":[\"https:\\\/\\\/www.facebook.com\\\/BilbiotecaComarcaldeBlanes\\\/\",\"https:\\\/\\\/x.com\\\/BiblioBlanes\",\"https:\\\/\\\/www.instagram.com\\\/biblioblanes\\\/\",\"https:\\\/\\\/www.pinterest.es\\\/bblanes\\\/\",\"https:\\\/\\\/www.youtube.com\\\/c\\\/BibliotecaComarcalBlanes\"]},{\"@type\":\"Person\",\"@id\":\"https:\\\/\\\/biblioteca.blanes.cat\\\/salajove\\\/#\\\/schema\\\/person\\\/5a7b46760d9dd611d098bbf571a341dc\",\"name\":\"biblioblanes\",\"image\":{\"@type\":\"ImageObject\",\"inLanguage\":\"ca\",\"@id\":\"https:\\\/\\\/secure.gravatar.com\\\/avatar\\\/6593ca6cc90e5a70939f51c95e8315483b9c281bafba597292bee47992030f99?s=96&d=mm&r=g\",\"url\":\"https:\\\/\\\/secure.gravatar.com\\\/avatar\\\/6593ca6cc90e5a70939f51c95e8315483b9c281bafba597292bee47992030f99?s=96&d=mm&r=g\",\"contentUrl\":\"https:\\\/\\\/secure.gravatar.com\\\/avatar\\\/6593ca6cc90e5a70939f51c95e8315483b9c281bafba597292bee47992030f99?s=96&d=mm&r=g\",\"caption\":\"biblioblanes\"},\"sameAs\":[\"http:\\\/\\\/www.bibgirona.cat\\\/biblioteca\\\/blanes\",\"https:\\\/\\\/x.com\\\/biblioblanes\"],\"url\":\"https:\\\/\\\/biblioteca.blanes.cat\\\/salajove\\\/author\\\/biblioblanes\\\/\"}]}<\/script>\n<!-- \/ Yoast SEO plugin. -->","yoast_head_json":{"title":"Bibliotecajove Club de Lectura La ni\u00f1a que podia volar - Sala Jove","description":"Al Club de lectura Jove aquest mes llegim La ni\u00f1a que podia volar de Victoria Forester Bibliotecajove Club de Lectura.","robots":{"index":"index","follow":"follow","max-snippet":"max-snippet:-1","max-image-preview":"max-image-preview:large","max-video-preview":"max-video-preview:-1"},"canonical":"https:\/\/biblioteca.blanes.cat\/salajove\/2018\/11\/07\/clj-la-nina-que-podia-volar\/","og_locale":"ca_ES","og_type":"article","og_title":"Bibliotecajove Club de Lectura La ni\u00f1a que podia volar - Sala Jove","og_description":"Al Club de lectura Jove aquest mes llegim La ni\u00f1a que podia volar de Victoria Forester Bibliotecajove Club de Lectura.","og_url":"https:\/\/biblioteca.blanes.cat\/salajove\/2018\/11\/07\/clj-la-nina-que-podia-volar\/","og_site_name":"Sala Jove","article_publisher":"https:\/\/www.facebook.com\/BilbiotecaComarcaldeBlanes\/","article_published_time":"2018-11-07T17:06:23+00:00","article_modified_time":"2018-11-26T12:26:06+00:00","og_image":[{"width":1831,"height":2611,"url":"https:\/\/biblioteca.blanes.cat\/salajove\/wp-content\/uploads\/sites\/3\/2018\/11\/la-ni\u00f1a-que-podia-volar-Victoria-Forester.jpg","type":"image\/jpeg"}],"author":"biblioblanes","twitter_card":"summary_large_image","twitter_creator":"@biblioblanes","twitter_site":"@BiblioBlanes","twitter_misc":{"Escrit per":"biblioblanes","Temps estimat de lectura":"1 minut"},"schema":{"@context":"https:\/\/schema.org","@graph":[{"@type":"Article","@id":"https:\/\/biblioteca.blanes.cat\/salajove\/2018\/11\/07\/clj-la-nina-que-podia-volar\/#article","isPartOf":{"@id":"https:\/\/biblioteca.blanes.cat\/salajove\/2018\/11\/07\/clj-la-nina-que-podia-volar\/"},"author":{"name":"biblioblanes","@id":"https:\/\/biblioteca.blanes.cat\/salajove\/#\/schema\/person\/5a7b46760d9dd611d098bbf571a341dc"},"headline":"CLJ: La ni\u00f1a que podia volar","datePublished":"2018-11-07T17:06:23+00:00","dateModified":"2018-11-26T12:26:06+00:00","mainEntityOfPage":{"@id":"https:\/\/biblioteca.blanes.cat\/salajove\/2018\/11\/07\/clj-la-nina-que-podia-volar\/"},"wordCount":291,"commentCount":0,"publisher":{"@id":"https:\/\/biblioteca.blanes.cat\/salajove\/#organization"},"image":{"@id":"https:\/\/biblioteca.blanes.cat\/salajove\/2018\/11\/07\/clj-la-nina-que-podia-volar\/#primaryimage"},"thumbnailUrl":"https:\/\/biblioteca.blanes.cat\/salajove\/wp-content\/uploads\/sites\/3\/2018\/11\/la-ni\u00f1a-que-podia-volar-Victoria-Forester.jpg","keywords":["#ClubdeLectura","#Lectura","#Literatura","#Llibres","#Sinopsi"],"articleSection":["Club de Lectura"],"inLanguage":"ca","potentialAction":[{"@type":"CommentAction","name":"Comment","target":["https:\/\/biblioteca.blanes.cat\/salajove\/2018\/11\/07\/clj-la-nina-que-podia-volar\/#respond"]}]},{"@type":"WebPage","@id":"https:\/\/biblioteca.blanes.cat\/salajove\/2018\/11\/07\/clj-la-nina-que-podia-volar\/","url":"https:\/\/biblioteca.blanes.cat\/salajove\/2018\/11\/07\/clj-la-nina-que-podia-volar\/","name":"Bibliotecajove Club de Lectura La ni\u00f1a que podia volar - Sala Jove","isPartOf":{"@id":"https:\/\/biblioteca.blanes.cat\/salajove\/#website"},"primaryImageOfPage":{"@id":"https:\/\/biblioteca.blanes.cat\/salajove\/2018\/11\/07\/clj-la-nina-que-podia-volar\/#primaryimage"},"image":{"@id":"https:\/\/biblioteca.blanes.cat\/salajove\/2018\/11\/07\/clj-la-nina-que-podia-volar\/#primaryimage"},"thumbnailUrl":"https:\/\/biblioteca.blanes.cat\/salajove\/wp-content\/uploads\/sites\/3\/2018\/11\/la-ni\u00f1a-que-podia-volar-Victoria-Forester.jpg","datePublished":"2018-11-07T17:06:23+00:00","dateModified":"2018-11-26T12:26:06+00:00","description":"Al Club de lectura Jove aquest mes llegim La ni\u00f1a que podia volar de Victoria Forester Bibliotecajove Club de Lectura.","breadcrumb":{"@id":"https:\/\/biblioteca.blanes.cat\/salajove\/2018\/11\/07\/clj-la-nina-que-podia-volar\/#breadcrumb"},"inLanguage":"ca","potentialAction":[{"@type":"ReadAction","target":["https:\/\/biblioteca.blanes.cat\/salajove\/2018\/11\/07\/clj-la-nina-que-podia-volar\/"]}]},{"@type":"ImageObject","inLanguage":"ca","@id":"https:\/\/biblioteca.blanes.cat\/salajove\/2018\/11\/07\/clj-la-nina-que-podia-volar\/#primaryimage","url":"https:\/\/biblioteca.blanes.cat\/salajove\/wp-content\/uploads\/sites\/3\/2018\/11\/la-ni\u00f1a-que-podia-volar-Victoria-Forester.jpg","contentUrl":"https:\/\/biblioteca.blanes.cat\/salajove\/wp-content\/uploads\/sites\/3\/2018\/11\/la-ni\u00f1a-que-podia-volar-Victoria-Forester.jpg","width":1831,"height":2611},{"@type":"BreadcrumbList","@id":"https:\/\/biblioteca.blanes.cat\/salajove\/2018\/11\/07\/clj-la-nina-que-podia-volar\/#breadcrumb","itemListElement":[{"@type":"ListItem","position":1,"name":"Inici","item":"https:\/\/biblioteca.blanes.cat\/salajove\/"},{"@type":"ListItem","position":2,"name":"CLJ: La ni\u00f1a que podia volar"}]},{"@type":"WebSite","@id":"https:\/\/biblioteca.blanes.cat\/salajove\/#website","url":"https:\/\/biblioteca.blanes.cat\/salajove\/","name":"Sala Jove","description":"Biblioteca Comarcal de Blanes","publisher":{"@id":"https:\/\/biblioteca.blanes.cat\/salajove\/#organization"},"potentialAction":[{"@type":"SearchAction","target":{"@type":"EntryPoint","urlTemplate":"https:\/\/biblioteca.blanes.cat\/salajove\/?s={search_term_string}"},"query-input":{"@type":"PropertyValueSpecification","valueRequired":true,"valueName":"search_term_string"}}],"inLanguage":"ca"},{"@type":"Organization","@id":"https:\/\/biblioteca.blanes.cat\/salajove\/#organization","name":"Biblioteca Comarcal de Blanes","url":"https:\/\/biblioteca.blanes.cat\/salajove\/","logo":{"@type":"ImageObject","inLanguage":"ca","@id":"https:\/\/biblioteca.blanes.cat\/salajove\/#\/schema\/logo\/image\/","url":"https:\/\/biblioteca.blanes.cat\/salajove\/wp-content\/uploads\/sites\/3\/2017\/09\/cropped-Bib-blau-e1518869380535.png","contentUrl":"https:\/\/biblioteca.blanes.cat\/salajove\/wp-content\/uploads\/sites\/3\/2017\/09\/cropped-Bib-blau-e1518869380535.png","width":166,"height":166,"caption":"Biblioteca Comarcal de Blanes"},"image":{"@id":"https:\/\/biblioteca.blanes.cat\/salajove\/#\/schema\/logo\/image\/"},"sameAs":["https:\/\/www.facebook.com\/BilbiotecaComarcaldeBlanes\/","https:\/\/x.com\/BiblioBlanes","https:\/\/www.instagram.com\/biblioblanes\/","https:\/\/www.pinterest.es\/bblanes\/","https:\/\/www.youtube.com\/c\/BibliotecaComarcalBlanes"]},{"@type":"Person","@id":"https:\/\/biblioteca.blanes.cat\/salajove\/#\/schema\/person\/5a7b46760d9dd611d098bbf571a341dc","name":"biblioblanes","image":{"@type":"ImageObject","inLanguage":"ca","@id":"https:\/\/secure.gravatar.com\/avatar\/6593ca6cc90e5a70939f51c95e8315483b9c281bafba597292bee47992030f99?s=96&d=mm&r=g","url":"https:\/\/secure.gravatar.com\/avatar\/6593ca6cc90e5a70939f51c95e8315483b9c281bafba597292bee47992030f99?s=96&d=mm&r=g","contentUrl":"https:\/\/secure.gravatar.com\/avatar\/6593ca6cc90e5a70939f51c95e8315483b9c281bafba597292bee47992030f99?s=96&d=mm&r=g","caption":"biblioblanes"},"sameAs":["http:\/\/www.bibgirona.cat\/biblioteca\/blanes","https:\/\/x.com\/biblioblanes"],"url":"https:\/\/biblioteca.blanes.cat\/salajove\/author\/biblioblanes\/"}]}},"_links":{"self":[{"href":"https:\/\/biblioteca.blanes.cat\/salajove\/wp-json\/wp\/v2\/posts\/2152","targetHints":{"allow":["GET"]}}],"collection":[{"href":"https:\/\/biblioteca.blanes.cat\/salajove\/wp-json\/wp\/v2\/posts"}],"about":[{"href":"https:\/\/biblioteca.blanes.cat\/salajove\/wp-json\/wp\/v2\/types\/post"}],"author":[{"embeddable":true,"href":"https:\/\/biblioteca.blanes.cat\/salajove\/wp-json\/wp\/v2\/users\/4"}],"replies":[{"embeddable":true,"href":"https:\/\/biblioteca.blanes.cat\/salajove\/wp-json\/wp\/v2\/comments?post=2152"}],"version-history":[{"count":10,"href":"https:\/\/biblioteca.blanes.cat\/salajove\/wp-json\/wp\/v2\/posts\/2152\/revisions"}],"predecessor-version":[{"id":2243,"href":"https:\/\/biblioteca.blanes.cat\/salajove\/wp-json\/wp\/v2\/posts\/2152\/revisions\/2243"}],"wp:featuredmedia":[{"embeddable":true,"href":"https:\/\/biblioteca.blanes.cat\/salajove\/wp-json\/wp\/v2\/media\/2140"}],"wp:attachment":[{"href":"https:\/\/biblioteca.blanes.cat\/salajove\/wp-json\/wp\/v2\/media?parent=2152"}],"wp:term":[{"taxonomy":"category","embeddable":true,"href":"https:\/\/biblioteca.blanes.cat\/salajove\/wp-json\/wp\/v2\/categories?post=2152"},{"taxonomy":"post_tag","embeddable":true,"href":"https:\/\/biblioteca.blanes.cat\/salajove\/wp-json\/wp\/v2\/tags?post=2152"}],"curies":[{"name":"wp","href":"https:\/\/api.w.org\/{rel}","templated":true}]}}