{"id":2070,"date":"2018-11-01T09:30:53","date_gmt":"2018-11-01T08:30:53","guid":{"rendered":"https:\/\/biblioteca.blanes.cat\/salajove\/?p=2070"},"modified":"2018-11-29T13:36:02","modified_gmt":"2018-11-29T12:36:02","slug":"novetats-novembre-2018","status":"publish","type":"post","link":"https:\/\/biblioteca.blanes.cat\/salajove\/2018\/11\/01\/novetats-novembre-2018\/","title":{"rendered":"NOVETATS: Novembre 2018"},"content":{"rendered":"<h2 style=\"text-align: center;\">Novetats novembre 2018 &#8211; Biblioteca Jove Blanes<\/h2>\n<p>&nbsp;<\/p>\n<p style=\"text-align: justify;\">Ja tenim aqu\u00ed les Novetats juvenils del mes de novembre que trobareu a la Sala Jove de la Biblioteca Comarcal de Blanes ja estan disponibles. En primer lloc trobareu les novel\u00b7les. <!--more-->Tamb\u00e9 hi trobareu les novetats en mat\u00e8ries i centres d&#8217;inter\u00e8s. Finalment hi trobareu les noves pel\u00b7l\u00edcules disponibles a la Sala Jove.<\/p>\n<p>&nbsp;<\/p>\n<h2 style=\"background-color: #ff0066;\">Novel.la Juvenil:<\/h2>\n<div id='gallery-1' class='gallery galleryid-2070 gallery-columns-5 gallery-size-medium'><figure class='gallery-item'>\n\t\t\t<div class='gallery-icon portrait'>\n\t\t\t\t<a href='https:\/\/biblioteca.blanes.cat\/salajove\/wp-content\/uploads\/sites\/3\/2018\/10\/\u00c9s-complicat.gif'><img fetchpriority=\"high\" decoding=\"async\" width=\"197\" height=\"300\" src=\"https:\/\/biblioteca.blanes.cat\/salajove\/wp-content\/uploads\/sites\/3\/2018\/10\/\u00c9s-complicat-197x300.gif\" class=\"attachment-medium size-medium\" alt=\"Novetats novembre 2018\" aria-describedby=\"gallery-1-2074\" \/><\/a>\n\t\t\t<\/div>\n\t\t\t\t<figcaption class='wp-caption-text gallery-caption' id='gallery-1-2074'>\n\t\t\t\t<a href=\"http:\/\/elmeuargus.biblioteques.gencat.cat\/record=b1963323~S38*cat\" target=\"_blank\" rel=\"noopener\">JN ALA<\/a>\n\t\t\t\t<\/figcaption><\/figure><figure class='gallery-item'>\n\t\t\t<div class='gallery-icon portrait'>\n\t\t\t\t<a href='https:\/\/biblioteca.blanes.cat\/salajove\/wp-content\/uploads\/sites\/3\/2018\/10\/Imagen2.jpg'><img decoding=\"async\" width=\"204\" height=\"300\" src=\"https:\/\/biblioteca.blanes.cat\/salajove\/wp-content\/uploads\/sites\/3\/2018\/10\/Imagen2-204x300.jpg\" class=\"attachment-medium size-medium\" alt=\"Novetats novembre 2018\" aria-describedby=\"gallery-1-2088\" srcset=\"https:\/\/biblioteca.blanes.cat\/salajove\/wp-content\/uploads\/sites\/3\/2018\/10\/Imagen2-204x300.jpg 204w, https:\/\/biblioteca.blanes.cat\/salajove\/wp-content\/uploads\/sites\/3\/2018\/10\/Imagen2-768x1129.jpg 768w, https:\/\/biblioteca.blanes.cat\/salajove\/wp-content\/uploads\/sites\/3\/2018\/10\/Imagen2-696x1024.jpg 696w, https:\/\/biblioteca.blanes.cat\/salajove\/wp-content\/uploads\/sites\/3\/2018\/10\/Imagen2.jpg 1594w\" sizes=\"(max-width: 204px) 100vw, 204px\" \/><\/a>\n\t\t\t<\/div>\n\t\t\t\t<figcaption class='wp-caption-text gallery-caption' id='gallery-1-2088'>\n\t\t\t\t<a href=\"http:\/\/elmeuargus.biblioteques.gencat.cat\/record=b1901252~S38*cat\" target=\"_blank\" rel=\"noopener\">JN ANT<\/a>\n\t\t\t\t<\/figcaption><\/figure><figure class='gallery-item'>\n\t\t\t<div class='gallery-icon portrait'>\n\t\t\t\t<a href='https:\/\/biblioteca.blanes.cat\/salajove\/wp-content\/uploads\/sites\/3\/2018\/10\/La-caza.gif'><img decoding=\"async\" width=\"197\" height=\"300\" src=\"https:\/\/biblioteca.blanes.cat\/salajove\/wp-content\/uploads\/sites\/3\/2018\/10\/La-caza-197x300.gif\" class=\"attachment-medium size-medium\" alt=\"Novetats novembre 2018\" aria-describedby=\"gallery-1-2076\" \/><\/a>\n\t\t\t<\/div>\n\t\t\t\t<figcaption class='wp-caption-text gallery-caption' id='gallery-1-2076'>\n\t\t\t\t<a href=\"http:\/\/elmeuargus.biblioteques.gencat.cat\/record=b1977324~S38*cat\" target=\"_blank\" rel=\"noopener\">JN BEN<\/a>\n\t\t\t\t<\/figcaption><\/figure><figure class='gallery-item'>\n\t\t\t<div class='gallery-icon portrait'>\n\t\t\t\t<a href='https:\/\/biblioteca.blanes.cat\/salajove\/wp-content\/uploads\/sites\/3\/2018\/10\/El-D\u00eda-que-sientas-el-latir-de-las-estrellas.jpg'><img loading=\"lazy\" decoding=\"async\" width=\"195\" height=\"300\" src=\"https:\/\/biblioteca.blanes.cat\/salajove\/wp-content\/uploads\/sites\/3\/2018\/10\/El-D\u00eda-que-sientas-el-latir-de-las-estrellas-195x300.jpg\" class=\"attachment-medium size-medium\" alt=\"Novetats novembre 2018\" aria-describedby=\"gallery-1-2090\" srcset=\"https:\/\/biblioteca.blanes.cat\/salajove\/wp-content\/uploads\/sites\/3\/2018\/10\/El-D\u00eda-que-sientas-el-latir-de-las-estrellas-195x300.jpg 195w, https:\/\/biblioteca.blanes.cat\/salajove\/wp-content\/uploads\/sites\/3\/2018\/10\/El-D\u00eda-que-sientas-el-latir-de-las-estrellas-768x1180.jpg 768w, https:\/\/biblioteca.blanes.cat\/salajove\/wp-content\/uploads\/sites\/3\/2018\/10\/El-D\u00eda-que-sientas-el-latir-de-las-estrellas-666x1024.jpg 666w, https:\/\/biblioteca.blanes.cat\/salajove\/wp-content\/uploads\/sites\/3\/2018\/10\/El-D\u00eda-que-sientas-el-latir-de-las-estrellas.jpg 1120w\" sizes=\"(max-width: 195px) 100vw, 195px\" \/><\/a>\n\t\t\t<\/div>\n\t\t\t\t<figcaption class='wp-caption-text gallery-caption' id='gallery-1-2090'>\n\t\t\t\t<a href=\"http:\/\/elmeuargus.biblioteques.gencat.cat\/record=b1977085~S38*cat\" target=\"_blank\" rel=\"noopener\">JN CAL<\/a>\n\t\t\t\t<\/figcaption><\/figure><figure class='gallery-item'>\n\t\t\t<div class='gallery-icon portrait'>\n\t\t\t\t<a href='https:\/\/biblioteca.blanes.cat\/salajove\/wp-content\/uploads\/sites\/3\/2018\/10\/Cor-de-coco.gif'><img loading=\"lazy\" decoding=\"async\" width=\"198\" height=\"300\" src=\"https:\/\/biblioteca.blanes.cat\/salajove\/wp-content\/uploads\/sites\/3\/2018\/10\/Cor-de-coco-198x300.gif\" class=\"attachment-medium size-medium\" alt=\"Novetats novembre 2018\" aria-describedby=\"gallery-1-2071\" \/><\/a>\n\t\t\t<\/div>\n\t\t\t\t<figcaption class='wp-caption-text gallery-caption' id='gallery-1-2071'>\n\t\t\t\t<a href=\"http:\/\/elmeuargus.biblioteques.gencat.cat\/record=b1948561~S38*cat\" target=\"_blank\" rel=\"noopener\">JN CAS<\/a>\n\t\t\t\t<\/figcaption><\/figure><figure class='gallery-item'>\n\t\t\t<div class='gallery-icon portrait'>\n\t\t\t\t<a href='https:\/\/biblioteca.blanes.cat\/salajove\/wp-content\/uploads\/sites\/3\/2018\/10\/Cor-de-vainilla.gif'><img loading=\"lazy\" decoding=\"async\" width=\"162\" height=\"244\" src=\"https:\/\/biblioteca.blanes.cat\/salajove\/wp-content\/uploads\/sites\/3\/2018\/10\/Cor-de-vainilla.gif\" class=\"attachment-medium size-medium\" alt=\"Novetats novembre 2018\" aria-describedby=\"gallery-1-2072\" \/><\/a>\n\t\t\t<\/div>\n\t\t\t\t<figcaption class='wp-caption-text gallery-caption' id='gallery-1-2072'>\n\t\t\t\t<a href=\"http:\/\/elmeuargus.biblioteques.gencat.cat\/record=b1953760~S38*cat\" target=\"_blank\" rel=\"noopener\">JN CAL<\/a>\n\t\t\t\t<\/figcaption><\/figure><figure class='gallery-item'>\n\t\t\t<div class='gallery-icon portrait'>\n\t\t\t\t<a href='https:\/\/biblioteca.blanes.cat\/salajove\/wp-content\/uploads\/sites\/3\/2018\/10\/M\u00e1scaras.gif'><img loading=\"lazy\" decoding=\"async\" width=\"198\" height=\"300\" src=\"https:\/\/biblioteca.blanes.cat\/salajove\/wp-content\/uploads\/sites\/3\/2018\/10\/M\u00e1scaras-198x300.gif\" class=\"attachment-medium size-medium\" alt=\"Novetats novembre 2018\" aria-describedby=\"gallery-1-2078\" \/><\/a>\n\t\t\t<\/div>\n\t\t\t\t<figcaption class='wp-caption-text gallery-caption' id='gallery-1-2078'>\n\t\t\t\t<a href=\"http:\/\/elmeuargus.biblioteques.gencat.cat\/record=b1948453~S38*cat\" target=\"_blank\" rel=\"noopener\">JN HAR<\/a>\n\t\t\t\t<\/figcaption><\/figure><figure class='gallery-item'>\n\t\t\t<div class='gallery-icon portrait'>\n\t\t\t\t<a href='https:\/\/biblioteca.blanes.cat\/salajove\/wp-content\/uploads\/sites\/3\/2018\/10\/Tard.gif'><img loading=\"lazy\" decoding=\"async\" width=\"203\" height=\"300\" src=\"https:\/\/biblioteca.blanes.cat\/salajove\/wp-content\/uploads\/sites\/3\/2018\/10\/Tard-203x300.gif\" class=\"attachment-medium size-medium\" alt=\"Novetats novembre 2018\" aria-describedby=\"gallery-1-2086\" \/><\/a>\n\t\t\t<\/div>\n\t\t\t\t<figcaption class='wp-caption-text gallery-caption' id='gallery-1-2086'>\n\t\t\t\t<a href=\"http:\/\/elmeuargus.biblioteques.gencat.cat\/record=b1986881~S38*cat\" target=\"_blank\" rel=\"noopener\">JN HER<\/a>\n\t\t\t\t<\/figcaption><\/figure><figure class='gallery-item'>\n\t\t\t<div class='gallery-icon portrait'>\n\t\t\t\t<a href='https:\/\/biblioteca.blanes.cat\/salajove\/wp-content\/uploads\/sites\/3\/2018\/10\/Narnia-1.gif'><img loading=\"lazy\" decoding=\"async\" width=\"199\" height=\"300\" src=\"https:\/\/biblioteca.blanes.cat\/salajove\/wp-content\/uploads\/sites\/3\/2018\/10\/Narnia-1-199x300.gif\" class=\"attachment-medium size-medium\" alt=\"Novetats novembre 2018\" aria-describedby=\"gallery-1-2079\" \/><\/a>\n\t\t\t<\/div>\n\t\t\t\t<figcaption class='wp-caption-text gallery-caption' id='gallery-1-2079'>\n\t\t\t\t<a href=\"\" target=\"_blank\" rel=\"noopener\">JN LEW<\/a>\n\t\t\t\t<\/figcaption><\/figure><figure class='gallery-item'>\n\t\t\t<div class='gallery-icon portrait'>\n\t\t\t\t<a href='https:\/\/biblioteca.blanes.cat\/salajove\/wp-content\/uploads\/sites\/3\/2018\/10\/Narnia-2.gif'><img loading=\"lazy\" decoding=\"async\" width=\"183\" height=\"277\" src=\"https:\/\/biblioteca.blanes.cat\/salajove\/wp-content\/uploads\/sites\/3\/2018\/10\/Narnia-2.gif\" class=\"attachment-medium size-medium\" alt=\"Novetats novembre 2018\" aria-describedby=\"gallery-1-2080\" \/><\/a>\n\t\t\t<\/div>\n\t\t\t\t<figcaption class='wp-caption-text gallery-caption' id='gallery-1-2080'>\n\t\t\t\t<a href=\"http:\/\/elmeuargus.biblioteques.gencat.cat\/search~S38*cat?\/aLewis%2C+C.+S.\/alewis+c+s\/-3%2C-1%2C0%2CB\/frameset&#038;FF=alewis+c+s&#038;5%2C%2C9\" target=\"_blank\" rel=\"noopener\">JN LEW<\/a>\n\t\t\t\t<\/figcaption><\/figure><figure class='gallery-item'>\n\t\t\t<div class='gallery-icon portrait'>\n\t\t\t\t<a href='https:\/\/biblioteca.blanes.cat\/salajove\/wp-content\/uploads\/sites\/3\/2018\/10\/Narnia-3.gif'><img loading=\"lazy\" decoding=\"async\" width=\"224\" height=\"300\" src=\"https:\/\/biblioteca.blanes.cat\/salajove\/wp-content\/uploads\/sites\/3\/2018\/10\/Narnia-3-224x300.gif\" class=\"attachment-medium size-medium\" alt=\"Novetats novembre 2018\" aria-describedby=\"gallery-1-2081\" \/><\/a>\n\t\t\t<\/div>\n\t\t\t\t<figcaption class='wp-caption-text gallery-caption' id='gallery-1-2081'>\n\t\t\t\t<a href=\"http:\/\/elmeuargus.biblioteques.gencat.cat\/search~S38*cat?\/aLewis%2C+C.+S.\/alewis+c+s\/-3%2C-1%2C0%2CB\/frameset&#038;FF=alewis+c+s&#038;7%2C%2C9\" target=\"_blank\" rel=\"noopener\">JN LEW<\/a>\n\t\t\t\t<\/figcaption><\/figure><figure class='gallery-item'>\n\t\t\t<div class='gallery-icon portrait'>\n\t\t\t\t<a href='https:\/\/biblioteca.blanes.cat\/salajove\/wp-content\/uploads\/sites\/3\/2018\/10\/Narnia-4.gif'><img loading=\"lazy\" decoding=\"async\" width=\"214\" height=\"300\" src=\"https:\/\/biblioteca.blanes.cat\/salajove\/wp-content\/uploads\/sites\/3\/2018\/10\/Narnia-4-214x300.gif\" class=\"attachment-medium size-medium\" alt=\"Novetats novembre 2018\" aria-describedby=\"gallery-1-2082\" \/><\/a>\n\t\t\t<\/div>\n\t\t\t\t<figcaption class='wp-caption-text gallery-caption' id='gallery-1-2082'>\n\t\t\t\t<a href=\"http:\/\/elmeuargus.biblioteques.gencat.cat\/search~S38*cat?\/aLewis%2C+C.+S.\/alewis+c+s\/-3%2C-1%2C0%2CB\/frameset&#038;FF=alewis+c+s&#038;8%2C%2C9\" target=\"_blank\" rel=\"noopener\">JN LEW<\/a>\n\t\t\t\t<\/figcaption><\/figure><figure class='gallery-item'>\n\t\t\t<div class='gallery-icon portrait'>\n\t\t\t\t<a href='https:\/\/biblioteca.blanes.cat\/salajove\/wp-content\/uploads\/sites\/3\/2018\/10\/Narnia-5.gif'><img loading=\"lazy\" decoding=\"async\" width=\"214\" height=\"300\" src=\"https:\/\/biblioteca.blanes.cat\/salajove\/wp-content\/uploads\/sites\/3\/2018\/10\/Narnia-5-214x300.gif\" class=\"attachment-medium size-medium\" alt=\"Novetats novembre 2018\" aria-describedby=\"gallery-1-2083\" \/><\/a>\n\t\t\t<\/div>\n\t\t\t\t<figcaption class='wp-caption-text gallery-caption' id='gallery-1-2083'>\n\t\t\t\t<a href=\"http:\/\/elmeuargus.biblioteques.gencat.cat\/search~S38*cat?\/aLewis%2C+C.+S.\/alewis+c+s\/-3%2C-1%2C0%2CB\/frameset&#038;FF=alewis+c+s&#038;6%2C%2C9\" target=\"_blank\" rel=\"noopener\">JN LEW<\/a>\n\t\t\t\t<\/figcaption><\/figure><figure class='gallery-item'>\n\t\t\t<div class='gallery-icon portrait'>\n\t\t\t\t<a href='https:\/\/biblioteca.blanes.cat\/salajove\/wp-content\/uploads\/sites\/3\/2018\/10\/Narnia-6.gif'><img loading=\"lazy\" decoding=\"async\" width=\"219\" height=\"300\" src=\"https:\/\/biblioteca.blanes.cat\/salajove\/wp-content\/uploads\/sites\/3\/2018\/10\/Narnia-6-219x300.gif\" class=\"attachment-medium size-medium\" alt=\"Novetats novembre 2018\" aria-describedby=\"gallery-1-2084\" \/><\/a>\n\t\t\t<\/div>\n\t\t\t\t<figcaption class='wp-caption-text gallery-caption' id='gallery-1-2084'>\n\t\t\t\t<a href=\"http:\/\/elmeuargus.biblioteques.gencat.cat\/search~S38*cat?\/aLewis%2C+C.+S.\/alewis+c+s\/-3%2C-1%2C0%2CB\/frameset&#038;FF=alewis+c+s&#038;4%2C%2C9\" target=\"_blank\" rel=\"noopener\">JN LEW<\/a>\n\t\t\t\t<\/figcaption><\/figure><figure class='gallery-item'>\n\t\t\t<div class='gallery-icon portrait'>\n\t\t\t\t<a href='https:\/\/biblioteca.blanes.cat\/salajove\/wp-content\/uploads\/sites\/3\/2018\/10\/Narnia-7.gif'><img loading=\"lazy\" decoding=\"async\" width=\"212\" height=\"300\" src=\"https:\/\/biblioteca.blanes.cat\/salajove\/wp-content\/uploads\/sites\/3\/2018\/10\/Narnia-7-212x300.gif\" class=\"attachment-medium size-medium\" alt=\"Novetats novembre 2018\" aria-describedby=\"gallery-1-2085\" \/><\/a>\n\t\t\t<\/div>\n\t\t\t\t<figcaption class='wp-caption-text gallery-caption' id='gallery-1-2085'>\n\t\t\t\t<a href=\"http:\/\/elmeuargus.biblioteques.gencat.cat\/search~S38*cat?\/aLewis%2C+C.+S.\/alewis+c+s\/-3%2C-1%2C0%2CB\/frameset&#038;FF=alewis+c+s&#038;1%2C%2C9\" target=\"_blank\" rel=\"noopener\">JN LEW<\/a>\n\t\t\t\t<\/figcaption><\/figure><figure class='gallery-item'>\n\t\t\t<div class='gallery-icon portrait'>\n\t\t\t\t<a href='https:\/\/biblioteca.blanes.cat\/salajove\/wp-content\/uploads\/sites\/3\/2018\/10\/La-estrella-de-mis-noches.gif'><img loading=\"lazy\" decoding=\"async\" width=\"189\" height=\"300\" src=\"https:\/\/biblioteca.blanes.cat\/salajove\/wp-content\/uploads\/sites\/3\/2018\/10\/La-estrella-de-mis-noches-189x300.gif\" class=\"attachment-medium size-medium\" alt=\"Novetats novembre 2018\" aria-describedby=\"gallery-1-2077\" \/><\/a>\n\t\t\t<\/div>\n\t\t\t\t<figcaption class='wp-caption-text gallery-caption' id='gallery-1-2077'>\n\t\t\t\t<a href=\"http:\/\/elmeuargus.biblioteques.gencat.cat\/record=b1985043~S38*cat\" target=\"_blank\" rel=\"noopener\">JN LIG<\/a>\n\t\t\t\t<\/figcaption><\/figure><figure class='gallery-item'>\n\t\t\t<div class='gallery-icon portrait'>\n\t\t\t\t<a href='https:\/\/biblioteca.blanes.cat\/salajove\/wp-content\/uploads\/sites\/3\/2018\/10\/Desconeguts.gif'><img loading=\"lazy\" decoding=\"async\" width=\"190\" height=\"300\" src=\"https:\/\/biblioteca.blanes.cat\/salajove\/wp-content\/uploads\/sites\/3\/2018\/10\/Desconeguts-190x300.gif\" class=\"attachment-medium size-medium\" alt=\"Novetats novembre 2018\" aria-describedby=\"gallery-1-2073\" \/><\/a>\n\t\t\t<\/div>\n\t\t\t\t<figcaption class='wp-caption-text gallery-caption' id='gallery-1-2073'>\n\t\t\t\t<a href=\"http:\/\/elmeuargus.biblioteques.gencat.cat\/search~S38*cat?\/XDesconeguts&#038;searchscope=38&#038;SORT=DZ\/XDesconeguts&#038;searchscope=38&#038;SORT=DZ&#038;extended=0&#038;SUBKEY=Desconeguts\/1%2C4%2C4%2CB\/frameset&#038;FF=XDesconeguts&#038;searchscope=38&#038;SORT=DZ&#038;1%2C1%2C\" target=\"_blank\" rel=\"noopener\">JN LOZ<\/a>\n\t\t\t\t<\/figcaption><\/figure><figure class='gallery-item'>\n\t\t\t<div class='gallery-icon portrait'>\n\t\t\t\t<a href='https:\/\/biblioteca.blanes.cat\/salajove\/wp-content\/uploads\/sites\/3\/2018\/10\/warcross.jpg'><img loading=\"lazy\" decoding=\"async\" width=\"192\" height=\"263\" src=\"https:\/\/biblioteca.blanes.cat\/salajove\/wp-content\/uploads\/sites\/3\/2018\/10\/warcross.jpg\" class=\"attachment-medium size-medium\" alt=\"Novetats novembre 2018\" aria-describedby=\"gallery-1-2091\" \/><\/a>\n\t\t\t<\/div>\n\t\t\t\t<figcaption class='wp-caption-text gallery-caption' id='gallery-1-2091'>\n\t\t\t\t<a href=\"http:\/\/elmeuargus.biblioteques.gencat.cat\/record=b1974042~S38*cat\" target=\"_blank\" rel=\"noopener\">JN LU<\/a>\n\t\t\t\t<\/figcaption><\/figure><figure class='gallery-item'>\n\t\t\t<div class='gallery-icon portrait'>\n\t\t\t\t<a href='https:\/\/biblioteca.blanes.cat\/salajove\/wp-content\/uploads\/sites\/3\/2018\/10\/La-caba\u00f1a.jpg'><img loading=\"lazy\" decoding=\"async\" width=\"196\" height=\"300\" src=\"https:\/\/biblioteca.blanes.cat\/salajove\/wp-content\/uploads\/sites\/3\/2018\/10\/La-caba\u00f1a-196x300.jpg\" class=\"attachment-medium size-medium\" alt=\"Novetats novembre 2018\" aria-describedby=\"gallery-1-2093\" srcset=\"https:\/\/biblioteca.blanes.cat\/salajove\/wp-content\/uploads\/sites\/3\/2018\/10\/La-caba\u00f1a-196x300.jpg 196w, https:\/\/biblioteca.blanes.cat\/salajove\/wp-content\/uploads\/sites\/3\/2018\/10\/La-caba\u00f1a-768x1176.jpg 768w, https:\/\/biblioteca.blanes.cat\/salajove\/wp-content\/uploads\/sites\/3\/2018\/10\/La-caba\u00f1a-669x1024.jpg 669w, https:\/\/biblioteca.blanes.cat\/salajove\/wp-content\/uploads\/sites\/3\/2018\/10\/La-caba\u00f1a.jpg 1045w\" sizes=\"(max-width: 196px) 100vw, 196px\" \/><\/a>\n\t\t\t<\/div>\n\t\t\t\t<figcaption class='wp-caption-text gallery-caption' id='gallery-1-2093'>\n\t\t\t\t<a href=\"http:\/\/elmeuargus.biblioteques.gencat.cat\/search~S38*cat?\/XCABA{u00D1}A&#038;searchscope=38&#038;SORT=DZ\/XCABA{u00D1}A&#038;searchscope=38&#038;SORT=DZ&#038;extended=0&#038;SUBKEY=CABA%C3%91A\/1%2C4%2C4%2CB\/frameset&#038;FF=XCABA{u00D1}A&#038;searchscope=38&#038;SORT=DZ&#038;1%2C1%2C\" target=\"_blank\" rel=\"noopener\">JN PRE<\/a>\n\t\t\t\t<\/figcaption><\/figure><figure class='gallery-item'>\n\t\t\t<div class='gallery-icon portrait'>\n\t\t\t\t<a href='https:\/\/biblioteca.blanes.cat\/salajove\/wp-content\/uploads\/sites\/3\/2018\/10\/Frankenstein.jpg'><img loading=\"lazy\" decoding=\"async\" width=\"205\" height=\"300\" src=\"https:\/\/biblioteca.blanes.cat\/salajove\/wp-content\/uploads\/sites\/3\/2018\/10\/Frankenstein-205x300.jpg\" class=\"attachment-medium size-medium\" alt=\"Novetats novembre 2018\" aria-describedby=\"gallery-1-2092\" srcset=\"https:\/\/biblioteca.blanes.cat\/salajove\/wp-content\/uploads\/sites\/3\/2018\/10\/Frankenstein-205x300.jpg 205w, https:\/\/biblioteca.blanes.cat\/salajove\/wp-content\/uploads\/sites\/3\/2018\/10\/Frankenstein-700x1024.jpg 700w, https:\/\/biblioteca.blanes.cat\/salajove\/wp-content\/uploads\/sites\/3\/2018\/10\/Frankenstein.jpg 750w\" sizes=\"(max-width: 205px) 100vw, 205px\" \/><\/a>\n\t\t\t<\/div>\n\t\t\t\t<figcaption class='wp-caption-text gallery-caption' id='gallery-1-2092'>\n\t\t\t\t<a href=\"http:\/\/elmeuargus.biblioteques.gencat.cat\/record=b1989891~S38*cat\" target=\"_blank\" rel=\"noopener\">JN SHE<\/a>\n\t\t\t\t<\/figcaption><\/figure><figure class='gallery-item'>\n\t\t\t<div class='gallery-icon portrait'>\n\t\t\t\t<a href='https:\/\/biblioteca.blanes.cat\/salajove\/wp-content\/uploads\/sites\/3\/2018\/10\/La-princesa.jpg'><img loading=\"lazy\" decoding=\"async\" width=\"214\" height=\"300\" src=\"https:\/\/biblioteca.blanes.cat\/salajove\/wp-content\/uploads\/sites\/3\/2018\/10\/La-princesa-214x300.jpg\" class=\"attachment-medium size-medium\" alt=\"Novetats novembre 2018\" aria-describedby=\"gallery-1-2094\" srcset=\"https:\/\/biblioteca.blanes.cat\/salajove\/wp-content\/uploads\/sites\/3\/2018\/10\/La-princesa-214x300.jpg 214w, https:\/\/biblioteca.blanes.cat\/salajove\/wp-content\/uploads\/sites\/3\/2018\/10\/La-princesa-768x1077.jpg 768w, https:\/\/biblioteca.blanes.cat\/salajove\/wp-content\/uploads\/sites\/3\/2018\/10\/La-princesa-730x1024.jpg 730w, https:\/\/biblioteca.blanes.cat\/salajove\/wp-content\/uploads\/sites\/3\/2018\/10\/La-princesa.jpg 1769w\" sizes=\"(max-width: 214px) 100vw, 214px\" \/><\/a>\n\t\t\t<\/div>\n\t\t\t\t<figcaption class='wp-caption-text gallery-caption' id='gallery-1-2094'>\n\t\t\t\t<a href=\"http:\/\/elmeuargus.biblioteques.gencat.cat\/record=b1992297~S38*cat\" target=\"_blank\" rel=\"noopener\">JN TOR<\/a>\n\t\t\t\t<\/figcaption><\/figure>\n\t\t<\/div>\n\n<p>&nbsp;<\/p>\n<h2 style=\"background-color: #99cc00;\">Centres d&#8217;Inter\u00e8s:<\/h2>\n<div id='gallery-2' class='gallery galleryid-2070 gallery-columns-5 gallery-size-medium'><figure class='gallery-item'>\n\t\t\t<div class='gallery-icon portrait'>\n\t\t\t\t<a href='https:\/\/biblioteca.blanes.cat\/salajove\/wp-content\/uploads\/sites\/3\/2018\/10\/breve-historia-de-la-filosofia-occidental.jpg'><img loading=\"lazy\" decoding=\"async\" width=\"186\" height=\"271\" src=\"https:\/\/biblioteca.blanes.cat\/salajove\/wp-content\/uploads\/sites\/3\/2018\/10\/breve-historia-de-la-filosofia-occidental.jpg\" class=\"attachment-medium size-medium\" alt=\"Novetats novembre 2018\" aria-describedby=\"gallery-2-2097\" \/><\/a>\n\t\t\t<\/div>\n\t\t\t\t<figcaption class='wp-caption-text gallery-caption' id='gallery-2-2097'>\n\t\t\t\t<a href=\"http:\/\/elmeuargus.biblioteques.gencat.cat\/search~S38*cat?\/XBreve+historia+de+la+filosof{u00ED}a+occidental+&#038;searchscope=38&#038;SORT=DZ\/XBreve+historia+de+la+filosof{u00ED}a+occidental+&#038;searchscope=38&#038;SORT=DZ&#038;extended=0&#038;SUBKEY=Breve+historia+de+la+filosof%C3%ADa+occidental+\/1%2C2%2C2%2CB\/frameset&#038;FF=XBreve+historia+de+la+filosof{u00ED}a+occidental+&#038;searchscope=38&#038;SORT=DZ&#038;1%2C1%2C\" target=\"_blank\" rel=\"noopener\">J 1 CAB<\/a>\n\t\t\t\t<\/figcaption><\/figure><figure class='gallery-item'>\n\t\t\t<div class='gallery-icon portrait'>\n\t\t\t\t<a href='https:\/\/biblioteca.blanes.cat\/salajove\/wp-content\/uploads\/sites\/3\/2018\/10\/He-ven\u00e7ut-el-bullying.jpg'><img loading=\"lazy\" decoding=\"async\" width=\"184\" height=\"274\" src=\"https:\/\/biblioteca.blanes.cat\/salajove\/wp-content\/uploads\/sites\/3\/2018\/10\/He-ven\u00e7ut-el-bullying.jpg\" class=\"attachment-medium size-medium\" alt=\"Novetats novembre 2018\" aria-describedby=\"gallery-2-2101\" \/><\/a>\n\t\t\t<\/div>\n\t\t\t\t<figcaption class='wp-caption-text gallery-caption' id='gallery-2-2101'>\n\t\t\t\t<a href=\"http:\/\/elmeuargus.biblioteques.gencat.cat\/record=b1966444~S38*cat\" target=\"_blank\" rel=\"noopener\">J 159.9 PIQ<\/a>\n\t\t\t\t<\/figcaption><\/figure><figure class='gallery-item'>\n\t\t\t<div class='gallery-icon portrait'>\n\t\t\t\t<a href='https:\/\/biblioteca.blanes.cat\/salajove\/wp-content\/uploads\/sites\/3\/2018\/10\/Cuaderno-de-naturaleza-secretos-y-curiosidades-del-mundo-natural.jpg'><img loading=\"lazy\" decoding=\"async\" width=\"196\" height=\"257\" src=\"https:\/\/biblioteca.blanes.cat\/salajove\/wp-content\/uploads\/sites\/3\/2018\/10\/Cuaderno-de-naturaleza-secretos-y-curiosidades-del-mundo-natural.jpg\" class=\"attachment-medium size-medium\" alt=\"Novetats novembre 2018\" aria-describedby=\"gallery-2-2099\" \/><\/a>\n\t\t\t<\/div>\n\t\t\t\t<figcaption class='wp-caption-text gallery-caption' id='gallery-2-2099'>\n\t\t\t\t<a href=\"\" target=\"_blank\" rel=\"noopener\">J 57 ROT<\/a>\n\t\t\t\t<\/figcaption><\/figure><figure class='gallery-item'>\n\t\t\t<div class='gallery-icon portrait'>\n\t\t\t\t<a href='https:\/\/biblioteca.blanes.cat\/salajove\/wp-content\/uploads\/sites\/3\/2018\/10\/Vida-cotidiana-del-Antiguo-Egipto-costumbres-cultura-y-tradiciones.jpg'><img loading=\"lazy\" decoding=\"async\" width=\"188\" height=\"268\" src=\"https:\/\/biblioteca.blanes.cat\/salajove\/wp-content\/uploads\/sites\/3\/2018\/10\/Vida-cotidiana-del-Antiguo-Egipto-costumbres-cultura-y-tradiciones.jpg\" class=\"attachment-medium size-medium\" alt=\"Novetats novembre 2018\" aria-describedby=\"gallery-2-2105\" \/><\/a>\n\t\t\t<\/div>\n\t\t\t\t<figcaption class='wp-caption-text gallery-caption' id='gallery-2-2105'>\n\t\t\t\t<a href=\"http:\/\/elmeuargus.biblioteques.gencat.cat\/record=b1981316~S38*cat\" target=\"_blank\" rel=\"noopener\">J 932<\/a>\n\t\t\t\t<\/figcaption><\/figure><figure class='gallery-item'>\n\t\t\t<div class='gallery-icon portrait'>\n\t\t\t\t<a href='https:\/\/biblioteca.blanes.cat\/salajove\/wp-content\/uploads\/sites\/3\/2018\/10\/Educar-amb-100-piulades-labecedari-de-les-persones-positives.jpg'><img loading=\"lazy\" decoding=\"async\" width=\"186\" height=\"270\" src=\"https:\/\/biblioteca.blanes.cat\/salajove\/wp-content\/uploads\/sites\/3\/2018\/10\/Educar-amb-100-piulades-labecedari-de-les-persones-positives.jpg\" class=\"attachment-medium size-medium\" alt=\"Novetats novembre 2018\" aria-describedby=\"gallery-2-2100\" \/><\/a>\n\t\t\t<\/div>\n\t\t\t\t<figcaption class='wp-caption-text gallery-caption' id='gallery-2-2100'>\n\t\t\t\t<a href=\"http:\/\/elmeuargus.biblioteques.gencat.cat\/record=b1963780~S38*cat\" target=\"_blank\" rel=\"noopener\">J AUTOAJUDA CAR<\/a>\n\t\t\t\t<\/figcaption><\/figure><figure class='gallery-item'>\n\t\t\t<div class='gallery-icon portrait'>\n\t\t\t\t<a href='https:\/\/biblioteca.blanes.cat\/salajove\/wp-content\/uploads\/sites\/3\/2018\/10\/Los-Ni\u00f1os-del-mar.jpg'><img loading=\"lazy\" decoding=\"async\" width=\"190\" height=\"266\" src=\"https:\/\/biblioteca.blanes.cat\/salajove\/wp-content\/uploads\/sites\/3\/2018\/10\/Los-Ni\u00f1os-del-mar.jpg\" class=\"attachment-medium size-medium\" alt=\"Novetats novembre 2018\" aria-describedby=\"gallery-2-2102\" \/><\/a>\n\t\t\t<\/div>\n\t\t\t\t<figcaption class='wp-caption-text gallery-caption' id='gallery-2-2102'>\n\t\t\t\t<a href=\"http:\/\/elmeuargus.biblioteques.gencat.cat\/record=b1940472~S38*cat\" target=\"_blank\" rel=\"noopener\">J MAR C\u00d2MIC<\/a>\n\t\t\t\t<\/figcaption><\/figure><figure class='gallery-item'>\n\t\t\t<div class='gallery-icon portrait'>\n\t\t\t\t<a href='https:\/\/biblioteca.blanes.cat\/salajove\/wp-content\/uploads\/sites\/3\/2018\/10\/Civil-war.jpg'><img loading=\"lazy\" decoding=\"async\" width=\"195\" height=\"300\" src=\"https:\/\/biblioteca.blanes.cat\/salajove\/wp-content\/uploads\/sites\/3\/2018\/10\/Civil-war-195x300.jpg\" class=\"attachment-medium size-medium\" alt=\"Novetats novembre 2018\" aria-describedby=\"gallery-2-2098\" srcset=\"https:\/\/biblioteca.blanes.cat\/salajove\/wp-content\/uploads\/sites\/3\/2018\/10\/Civil-war-195x300.jpg 195w, https:\/\/biblioteca.blanes.cat\/salajove\/wp-content\/uploads\/sites\/3\/2018\/10\/Civil-war.jpg 325w\" sizes=\"(max-width: 195px) 100vw, 195px\" \/><\/a>\n\t\t\t<\/div>\n\t\t\t\t<figcaption class='wp-caption-text gallery-caption' id='gallery-2-2098'>\n\t\t\t\t<a href=\"http:\/\/elmeuargus.biblioteques.gencat.cat\/search~S38*cat?\/XCivil+war+&#038;searchscope=38&#038;SORT=DZ\/XCivil+war+&#038;searchscope=38&#038;SORT=DZ&#038;extended=0&#038;SUBKEY=Civil+war+\/1%2C3%2C3%2CB\/frameset&#038;FF=XCivil+war+&#038;searchscope=38&#038;SORT=DZ&#038;2%2C2%2C\" target=\"_blank\" rel=\"noopener\">JC FANT\u00c0STIC<\/a>\n\t\t\t\t<\/figcaption><\/figure><figure class='gallery-item'>\n\t\t\t<div class='gallery-icon portrait'>\n\t\t\t\t<a href='https:\/\/biblioteca.blanes.cat\/salajove\/wp-content\/uploads\/sites\/3\/2018\/10\/Authority-infierno-en-la-tierra.jpg'><img loading=\"lazy\" decoding=\"async\" width=\"195\" height=\"300\" src=\"https:\/\/biblioteca.blanes.cat\/salajove\/wp-content\/uploads\/sites\/3\/2018\/10\/Authority-infierno-en-la-tierra-195x300.jpg\" class=\"attachment-medium size-medium\" alt=\"Novetats novembre 2018\" aria-describedby=\"gallery-2-2096\" srcset=\"https:\/\/biblioteca.blanes.cat\/salajove\/wp-content\/uploads\/sites\/3\/2018\/10\/Authority-infierno-en-la-tierra-195x300.jpg 195w, https:\/\/biblioteca.blanes.cat\/salajove\/wp-content\/uploads\/sites\/3\/2018\/10\/Authority-infierno-en-la-tierra-768x1183.jpg 768w, https:\/\/biblioteca.blanes.cat\/salajove\/wp-content\/uploads\/sites\/3\/2018\/10\/Authority-infierno-en-la-tierra-665x1024.jpg 665w, https:\/\/biblioteca.blanes.cat\/salajove\/wp-content\/uploads\/sites\/3\/2018\/10\/Authority-infierno-en-la-tierra.jpg 2027w\" sizes=\"(max-width: 195px) 100vw, 195px\" \/><\/a>\n\t\t\t<\/div>\n\t\t\t\t<figcaption class='wp-caption-text gallery-caption' id='gallery-2-2096'>\n\t\t\t\t<a href=\"http:\/\/elmeuargus.biblioteques.gencat.cat\/record=b1963902~S38*cat\" target=\"_blank\" rel=\"noopener\">JC FANT\u00c0STIC<\/a>\n\t\t\t\t<\/figcaption><\/figure><figure class='gallery-item'>\n\t\t\t<div class='gallery-icon portrait'>\n\t\t\t\t<a href='https:\/\/biblioteca.blanes.cat\/salajove\/wp-content\/uploads\/sites\/3\/2018\/10\/Ran-y-el-mundo-gris.png'><img loading=\"lazy\" decoding=\"async\" width=\"211\" height=\"300\" src=\"https:\/\/biblioteca.blanes.cat\/salajove\/wp-content\/uploads\/sites\/3\/2018\/10\/Ran-y-el-mundo-gris-211x300.png\" class=\"attachment-medium size-medium\" alt=\"Novetats novembre 2018\" aria-describedby=\"gallery-2-2103\" srcset=\"https:\/\/biblioteca.blanes.cat\/salajove\/wp-content\/uploads\/sites\/3\/2018\/10\/Ran-y-el-mundo-gris-211x300.png 211w, https:\/\/biblioteca.blanes.cat\/salajove\/wp-content\/uploads\/sites\/3\/2018\/10\/Ran-y-el-mundo-gris.png 498w\" sizes=\"(max-width: 211px) 100vw, 211px\" \/><\/a>\n\t\t\t<\/div>\n\t\t\t\t<figcaption class='wp-caption-text gallery-caption' id='gallery-2-2103'>\n\t\t\t\t<a href=\"http:\/\/elmeuargus.biblioteques.gencat.cat\/record=b1971240~S38*cat\" target=\"_blank\" rel=\"noopener\">JC MANGA<\/a>\n\t\t\t\t<\/figcaption><\/figure><figure class='gallery-item'>\n\t\t\t<div class='gallery-icon portrait'>\n\t\t\t\t<a href='https:\/\/biblioteca.blanes.cat\/salajove\/wp-content\/uploads\/sites\/3\/2018\/10\/Te-quiero.jpg'><img loading=\"lazy\" decoding=\"async\" width=\"195\" height=\"258\" src=\"https:\/\/biblioteca.blanes.cat\/salajove\/wp-content\/uploads\/sites\/3\/2018\/10\/Te-quiero.jpg\" class=\"attachment-medium size-medium\" alt=\"Novetats novembre 2018\" aria-describedby=\"gallery-2-2104\" \/><\/a>\n\t\t\t<\/div>\n\t\t\t\t<figcaption class='wp-caption-text gallery-caption' id='gallery-2-2104'>\n\t\t\t\t<a href=\"http:\/\/elmeuargus.biblioteques.gencat.cat\/search~S38*cat?\/XTe+quiero+&#038;searchscope=38&#038;SORT=DZ\/XTe+quiero+&#038;searchscope=38&#038;SORT=DZ&#038;extended=0&#038;SUBKEY=Te+quiero+\/1%2C9%2C9%2CB\/frameset&#038;FF=XTe+quiero+&#038;searchscope=38&#038;SORT=DZ&#038;1%2C1%2C\" target=\"_blank\" rel=\"noopener\">J SOCIAL BER<\/a>\n\t\t\t\t<\/figcaption><\/figure>\n\t\t<\/div>\n\n<p>&nbsp;<\/p>\n<p>&nbsp;<\/p>\n<p><a href=\"https:\/\/biblioteca.blanes.cat\/salajove\/category\/novetats\/\" target=\"_blank\" rel=\"noopener\"><img loading=\"lazy\" decoding=\"async\" class=\"aligncenter wp-image-126 size-medium\" title=\"Novetats novembre 2018\" src=\"https:\/\/biblioteca.blanes.cat\/salajove\/wp-content\/uploads\/sites\/3\/2017\/10\/Novetats-300x183.png\" alt=\"Novetats novembre 2018\" width=\"300\" height=\"183\" srcset=\"https:\/\/biblioteca.blanes.cat\/salajove\/wp-content\/uploads\/sites\/3\/2017\/10\/Novetats-300x183.png 300w, https:\/\/biblioteca.blanes.cat\/salajove\/wp-content\/uploads\/sites\/3\/2017\/10\/Novetats-768x468.png 768w, https:\/\/biblioteca.blanes.cat\/salajove\/wp-content\/uploads\/sites\/3\/2017\/10\/Novetats-1024x624.png 1024w\" sizes=\"(max-width: 300px) 100vw, 300px\" \/><\/a><\/p>\n<p style=\"text-align: center;\"><a href=\"https:\/\/biblioteca.blanes.cat\/salajove\/category\/novetats\/\">biblioteca jove &#8211; novetats: Visualitza les guies de novetats anteriors<\/a><\/p>\n<p>&nbsp;<\/p>\n<p>&nbsp;<\/p>\n","protected":false},"excerpt":{"rendered":"<p>Novetats novembre 2018 &#8211; Biblioteca Jove Blanes &nbsp; Ja tenim aqu\u00ed les Novetats juvenils del mes de novembre que trobareu a la Sala Jove de la Biblioteca Comarcal de Blanes ja estan disponibles. En primer lloc trobareu les novel\u00b7les.<\/p>\n","protected":false},"author":4,"featured_media":1700,"comment_status":"open","ping_status":"open","sticky":false,"template":"","format":"standard","meta":{"sfsi_plus_gutenberg_text_before_share":"","sfsi_plus_gutenberg_show_text_before_share":"","sfsi_plus_gutenberg_icon_type":"","sfsi_plus_gutenberg_icon_alignemt":"","sfsi_plus_gutenburg_max_per_row":"","footnotes":""},"categories":[7],"tags":[27,26,19,21],"class_list":["post-2070","post","type-post","status-publish","format-standard","has-post-thumbnail","hentry","category-novetats","tag-guia","tag-lectura","tag-literatura","tag-llibres"],"yoast_head":"<!-- This site is optimized with the Yoast SEO plugin v27.5 - https:\/\/yoast.com\/product\/yoast-seo-wordpress\/ -->\n<title>Novetats novembre 2018 - Sala Jove - Biblioteca Jove - Blanes<\/title>\n<meta name=\"description\" content=\"Novetats novembre 2018 - Sala Jove - Ja tenim aqu\u00ed les Novetats juvenils del mes de novembre que trobareu a la Sala Jove de la Biblioteca Comarcal de Blanes\" \/>\n<meta name=\"robots\" content=\"index, follow, max-snippet:-1, max-image-preview:large, max-video-preview:-1\" \/>\n<link rel=\"canonical\" href=\"https:\/\/biblioteca.blanes.cat\/salajove\/2018\/11\/01\/novetats-novembre-2018\/\" \/>\n<meta property=\"og:locale\" content=\"ca_ES\" \/>\n<meta property=\"og:type\" content=\"article\" \/>\n<meta property=\"og:title\" content=\"Novetats novembre 2018 - Sala Jove - Biblioteca Jove - Blanes\" \/>\n<meta property=\"og:description\" content=\"Novetats novembre 2018 - Sala Jove - Ja tenim aqu\u00ed les Novetats juvenils del mes de novembre que trobareu a la Sala Jove de la Biblioteca Comarcal de Blanes\" \/>\n<meta property=\"og:url\" content=\"https:\/\/biblioteca.blanes.cat\/salajove\/2018\/11\/01\/novetats-novembre-2018\/\" \/>\n<meta property=\"og:site_name\" content=\"Sala Jove\" \/>\n<meta property=\"article:publisher\" content=\"https:\/\/www.facebook.com\/BilbiotecaComarcaldeBlanes\/\" \/>\n<meta property=\"article:published_time\" content=\"2018-11-01T08:30:53+00:00\" \/>\n<meta property=\"article:modified_time\" content=\"2018-11-29T12:36:02+00:00\" \/>\n<meta property=\"og:image\" content=\"https:\/\/biblioteca.blanes.cat\/salajove\/wp-content\/uploads\/sites\/3\/2018\/08\/Novetats_.png\" \/>\n\t<meta property=\"og:image:width\" content=\"3719\" \/>\n\t<meta property=\"og:image:height\" content=\"3719\" \/>\n\t<meta property=\"og:image:type\" content=\"image\/png\" \/>\n<meta name=\"author\" content=\"biblioblanes\" \/>\n<meta name=\"twitter:card\" content=\"summary_large_image\" \/>\n<meta name=\"twitter:creator\" content=\"@biblioblanes\" \/>\n<meta name=\"twitter:site\" content=\"@BiblioBlanes\" \/>\n<meta name=\"twitter:label1\" content=\"Escrit per\" \/>\n\t<meta name=\"twitter:data1\" content=\"biblioblanes\" \/>\n<script type=\"application\/ld+json\" class=\"yoast-schema-graph\">{\"@context\":\"https:\\\/\\\/schema.org\",\"@graph\":[{\"@type\":\"Article\",\"@id\":\"https:\\\/\\\/biblioteca.blanes.cat\\\/salajove\\\/2018\\\/11\\\/01\\\/novetats-novembre-2018\\\/#article\",\"isPartOf\":{\"@id\":\"https:\\\/\\\/biblioteca.blanes.cat\\\/salajove\\\/2018\\\/11\\\/01\\\/novetats-novembre-2018\\\/\"},\"author\":{\"name\":\"biblioblanes\",\"@id\":\"https:\\\/\\\/biblioteca.blanes.cat\\\/salajove\\\/#\\\/schema\\\/person\\\/5a7b46760d9dd611d098bbf571a341dc\"},\"headline\":\"NOVETATS: Novembre 2018\",\"datePublished\":\"2018-11-01T08:30:53+00:00\",\"dateModified\":\"2018-11-29T12:36:02+00:00\",\"mainEntityOfPage\":{\"@id\":\"https:\\\/\\\/biblioteca.blanes.cat\\\/salajove\\\/2018\\\/11\\\/01\\\/novetats-novembre-2018\\\/\"},\"wordCount\":102,\"commentCount\":0,\"publisher\":{\"@id\":\"https:\\\/\\\/biblioteca.blanes.cat\\\/salajove\\\/#organization\"},\"image\":{\"@id\":\"https:\\\/\\\/biblioteca.blanes.cat\\\/salajove\\\/2018\\\/11\\\/01\\\/novetats-novembre-2018\\\/#primaryimage\"},\"thumbnailUrl\":\"https:\\\/\\\/biblioteca.blanes.cat\\\/salajove\\\/wp-content\\\/uploads\\\/sites\\\/3\\\/2018\\\/08\\\/Novetats_.png\",\"keywords\":[\"#Guia\",\"#Lectura\",\"#Literatura\",\"#Llibres\"],\"articleSection\":[\"Novetats\"],\"inLanguage\":\"ca\",\"potentialAction\":[{\"@type\":\"CommentAction\",\"name\":\"Comment\",\"target\":[\"https:\\\/\\\/biblioteca.blanes.cat\\\/salajove\\\/2018\\\/11\\\/01\\\/novetats-novembre-2018\\\/#respond\"]}]},{\"@type\":\"WebPage\",\"@id\":\"https:\\\/\\\/biblioteca.blanes.cat\\\/salajove\\\/2018\\\/11\\\/01\\\/novetats-novembre-2018\\\/\",\"url\":\"https:\\\/\\\/biblioteca.blanes.cat\\\/salajove\\\/2018\\\/11\\\/01\\\/novetats-novembre-2018\\\/\",\"name\":\"Novetats novembre 2018 - Sala Jove - Biblioteca Jove - Blanes\",\"isPartOf\":{\"@id\":\"https:\\\/\\\/biblioteca.blanes.cat\\\/salajove\\\/#website\"},\"primaryImageOfPage\":{\"@id\":\"https:\\\/\\\/biblioteca.blanes.cat\\\/salajove\\\/2018\\\/11\\\/01\\\/novetats-novembre-2018\\\/#primaryimage\"},\"image\":{\"@id\":\"https:\\\/\\\/biblioteca.blanes.cat\\\/salajove\\\/2018\\\/11\\\/01\\\/novetats-novembre-2018\\\/#primaryimage\"},\"thumbnailUrl\":\"https:\\\/\\\/biblioteca.blanes.cat\\\/salajove\\\/wp-content\\\/uploads\\\/sites\\\/3\\\/2018\\\/08\\\/Novetats_.png\",\"datePublished\":\"2018-11-01T08:30:53+00:00\",\"dateModified\":\"2018-11-29T12:36:02+00:00\",\"description\":\"Novetats novembre 2018 - Sala Jove - Ja tenim aqu\u00ed les Novetats juvenils del mes de novembre que trobareu a la Sala Jove de la Biblioteca Comarcal de Blanes\",\"breadcrumb\":{\"@id\":\"https:\\\/\\\/biblioteca.blanes.cat\\\/salajove\\\/2018\\\/11\\\/01\\\/novetats-novembre-2018\\\/#breadcrumb\"},\"inLanguage\":\"ca\",\"potentialAction\":[{\"@type\":\"ReadAction\",\"target\":[\"https:\\\/\\\/biblioteca.blanes.cat\\\/salajove\\\/2018\\\/11\\\/01\\\/novetats-novembre-2018\\\/\"]}]},{\"@type\":\"ImageObject\",\"inLanguage\":\"ca\",\"@id\":\"https:\\\/\\\/biblioteca.blanes.cat\\\/salajove\\\/2018\\\/11\\\/01\\\/novetats-novembre-2018\\\/#primaryimage\",\"url\":\"https:\\\/\\\/biblioteca.blanes.cat\\\/salajove\\\/wp-content\\\/uploads\\\/sites\\\/3\\\/2018\\\/08\\\/Novetats_.png\",\"contentUrl\":\"https:\\\/\\\/biblioteca.blanes.cat\\\/salajove\\\/wp-content\\\/uploads\\\/sites\\\/3\\\/2018\\\/08\\\/Novetats_.png\",\"width\":3719,\"height\":3719},{\"@type\":\"BreadcrumbList\",\"@id\":\"https:\\\/\\\/biblioteca.blanes.cat\\\/salajove\\\/2018\\\/11\\\/01\\\/novetats-novembre-2018\\\/#breadcrumb\",\"itemListElement\":[{\"@type\":\"ListItem\",\"position\":1,\"name\":\"Inici\",\"item\":\"https:\\\/\\\/biblioteca.blanes.cat\\\/salajove\\\/\"},{\"@type\":\"ListItem\",\"position\":2,\"name\":\"NOVETATS: Novembre 2018\"}]},{\"@type\":\"WebSite\",\"@id\":\"https:\\\/\\\/biblioteca.blanes.cat\\\/salajove\\\/#website\",\"url\":\"https:\\\/\\\/biblioteca.blanes.cat\\\/salajove\\\/\",\"name\":\"Sala Jove\",\"description\":\"Biblioteca Comarcal de Blanes\",\"publisher\":{\"@id\":\"https:\\\/\\\/biblioteca.blanes.cat\\\/salajove\\\/#organization\"},\"potentialAction\":[{\"@type\":\"SearchAction\",\"target\":{\"@type\":\"EntryPoint\",\"urlTemplate\":\"https:\\\/\\\/biblioteca.blanes.cat\\\/salajove\\\/?s={search_term_string}\"},\"query-input\":{\"@type\":\"PropertyValueSpecification\",\"valueRequired\":true,\"valueName\":\"search_term_string\"}}],\"inLanguage\":\"ca\"},{\"@type\":\"Organization\",\"@id\":\"https:\\\/\\\/biblioteca.blanes.cat\\\/salajove\\\/#organization\",\"name\":\"Biblioteca Comarcal de Blanes\",\"url\":\"https:\\\/\\\/biblioteca.blanes.cat\\\/salajove\\\/\",\"logo\":{\"@type\":\"ImageObject\",\"inLanguage\":\"ca\",\"@id\":\"https:\\\/\\\/biblioteca.blanes.cat\\\/salajove\\\/#\\\/schema\\\/logo\\\/image\\\/\",\"url\":\"https:\\\/\\\/biblioteca.blanes.cat\\\/salajove\\\/wp-content\\\/uploads\\\/sites\\\/3\\\/2017\\\/09\\\/cropped-Bib-blau-e1518869380535.png\",\"contentUrl\":\"https:\\\/\\\/biblioteca.blanes.cat\\\/salajove\\\/wp-content\\\/uploads\\\/sites\\\/3\\\/2017\\\/09\\\/cropped-Bib-blau-e1518869380535.png\",\"width\":166,\"height\":166,\"caption\":\"Biblioteca Comarcal de Blanes\"},\"image\":{\"@id\":\"https:\\\/\\\/biblioteca.blanes.cat\\\/salajove\\\/#\\\/schema\\\/logo\\\/image\\\/\"},\"sameAs\":[\"https:\\\/\\\/www.facebook.com\\\/BilbiotecaComarcaldeBlanes\\\/\",\"https:\\\/\\\/x.com\\\/BiblioBlanes\",\"https:\\\/\\\/www.instagram.com\\\/biblioblanes\\\/\",\"https:\\\/\\\/www.pinterest.es\\\/bblanes\\\/\",\"https:\\\/\\\/www.youtube.com\\\/c\\\/BibliotecaComarcalBlanes\"]},{\"@type\":\"Person\",\"@id\":\"https:\\\/\\\/biblioteca.blanes.cat\\\/salajove\\\/#\\\/schema\\\/person\\\/5a7b46760d9dd611d098bbf571a341dc\",\"name\":\"biblioblanes\",\"image\":{\"@type\":\"ImageObject\",\"inLanguage\":\"ca\",\"@id\":\"https:\\\/\\\/secure.gravatar.com\\\/avatar\\\/6593ca6cc90e5a70939f51c95e8315483b9c281bafba597292bee47992030f99?s=96&d=mm&r=g\",\"url\":\"https:\\\/\\\/secure.gravatar.com\\\/avatar\\\/6593ca6cc90e5a70939f51c95e8315483b9c281bafba597292bee47992030f99?s=96&d=mm&r=g\",\"contentUrl\":\"https:\\\/\\\/secure.gravatar.com\\\/avatar\\\/6593ca6cc90e5a70939f51c95e8315483b9c281bafba597292bee47992030f99?s=96&d=mm&r=g\",\"caption\":\"biblioblanes\"},\"sameAs\":[\"http:\\\/\\\/www.bibgirona.cat\\\/biblioteca\\\/blanes\",\"https:\\\/\\\/x.com\\\/biblioblanes\"],\"url\":\"https:\\\/\\\/biblioteca.blanes.cat\\\/salajove\\\/author\\\/biblioblanes\\\/\"}]}<\/script>\n<!-- \/ Yoast SEO plugin. -->","yoast_head_json":{"title":"Novetats novembre 2018 - Sala Jove - Biblioteca Jove - Blanes","description":"Novetats novembre 2018 - Sala Jove - Ja tenim aqu\u00ed les Novetats juvenils del mes de novembre que trobareu a la Sala Jove de la Biblioteca Comarcal de Blanes","robots":{"index":"index","follow":"follow","max-snippet":"max-snippet:-1","max-image-preview":"max-image-preview:large","max-video-preview":"max-video-preview:-1"},"canonical":"https:\/\/biblioteca.blanes.cat\/salajove\/2018\/11\/01\/novetats-novembre-2018\/","og_locale":"ca_ES","og_type":"article","og_title":"Novetats novembre 2018 - Sala Jove - Biblioteca Jove - Blanes","og_description":"Novetats novembre 2018 - Sala Jove - Ja tenim aqu\u00ed les Novetats juvenils del mes de novembre que trobareu a la Sala Jove de la Biblioteca Comarcal de Blanes","og_url":"https:\/\/biblioteca.blanes.cat\/salajove\/2018\/11\/01\/novetats-novembre-2018\/","og_site_name":"Sala Jove","article_publisher":"https:\/\/www.facebook.com\/BilbiotecaComarcaldeBlanes\/","article_published_time":"2018-11-01T08:30:53+00:00","article_modified_time":"2018-11-29T12:36:02+00:00","og_image":[{"width":3719,"height":3719,"url":"https:\/\/biblioteca.blanes.cat\/salajove\/wp-content\/uploads\/sites\/3\/2018\/08\/Novetats_.png","type":"image\/png"}],"author":"biblioblanes","twitter_card":"summary_large_image","twitter_creator":"@biblioblanes","twitter_site":"@BiblioBlanes","twitter_misc":{"Escrit per":"biblioblanes"},"schema":{"@context":"https:\/\/schema.org","@graph":[{"@type":"Article","@id":"https:\/\/biblioteca.blanes.cat\/salajove\/2018\/11\/01\/novetats-novembre-2018\/#article","isPartOf":{"@id":"https:\/\/biblioteca.blanes.cat\/salajove\/2018\/11\/01\/novetats-novembre-2018\/"},"author":{"name":"biblioblanes","@id":"https:\/\/biblioteca.blanes.cat\/salajove\/#\/schema\/person\/5a7b46760d9dd611d098bbf571a341dc"},"headline":"NOVETATS: Novembre 2018","datePublished":"2018-11-01T08:30:53+00:00","dateModified":"2018-11-29T12:36:02+00:00","mainEntityOfPage":{"@id":"https:\/\/biblioteca.blanes.cat\/salajove\/2018\/11\/01\/novetats-novembre-2018\/"},"wordCount":102,"commentCount":0,"publisher":{"@id":"https:\/\/biblioteca.blanes.cat\/salajove\/#organization"},"image":{"@id":"https:\/\/biblioteca.blanes.cat\/salajove\/2018\/11\/01\/novetats-novembre-2018\/#primaryimage"},"thumbnailUrl":"https:\/\/biblioteca.blanes.cat\/salajove\/wp-content\/uploads\/sites\/3\/2018\/08\/Novetats_.png","keywords":["#Guia","#Lectura","#Literatura","#Llibres"],"articleSection":["Novetats"],"inLanguage":"ca","potentialAction":[{"@type":"CommentAction","name":"Comment","target":["https:\/\/biblioteca.blanes.cat\/salajove\/2018\/11\/01\/novetats-novembre-2018\/#respond"]}]},{"@type":"WebPage","@id":"https:\/\/biblioteca.blanes.cat\/salajove\/2018\/11\/01\/novetats-novembre-2018\/","url":"https:\/\/biblioteca.blanes.cat\/salajove\/2018\/11\/01\/novetats-novembre-2018\/","name":"Novetats novembre 2018 - Sala Jove - Biblioteca Jove - Blanes","isPartOf":{"@id":"https:\/\/biblioteca.blanes.cat\/salajove\/#website"},"primaryImageOfPage":{"@id":"https:\/\/biblioteca.blanes.cat\/salajove\/2018\/11\/01\/novetats-novembre-2018\/#primaryimage"},"image":{"@id":"https:\/\/biblioteca.blanes.cat\/salajove\/2018\/11\/01\/novetats-novembre-2018\/#primaryimage"},"thumbnailUrl":"https:\/\/biblioteca.blanes.cat\/salajove\/wp-content\/uploads\/sites\/3\/2018\/08\/Novetats_.png","datePublished":"2018-11-01T08:30:53+00:00","dateModified":"2018-11-29T12:36:02+00:00","description":"Novetats novembre 2018 - Sala Jove - Ja tenim aqu\u00ed les Novetats juvenils del mes de novembre que trobareu a la Sala Jove de la Biblioteca Comarcal de Blanes","breadcrumb":{"@id":"https:\/\/biblioteca.blanes.cat\/salajove\/2018\/11\/01\/novetats-novembre-2018\/#breadcrumb"},"inLanguage":"ca","potentialAction":[{"@type":"ReadAction","target":["https:\/\/biblioteca.blanes.cat\/salajove\/2018\/11\/01\/novetats-novembre-2018\/"]}]},{"@type":"ImageObject","inLanguage":"ca","@id":"https:\/\/biblioteca.blanes.cat\/salajove\/2018\/11\/01\/novetats-novembre-2018\/#primaryimage","url":"https:\/\/biblioteca.blanes.cat\/salajove\/wp-content\/uploads\/sites\/3\/2018\/08\/Novetats_.png","contentUrl":"https:\/\/biblioteca.blanes.cat\/salajove\/wp-content\/uploads\/sites\/3\/2018\/08\/Novetats_.png","width":3719,"height":3719},{"@type":"BreadcrumbList","@id":"https:\/\/biblioteca.blanes.cat\/salajove\/2018\/11\/01\/novetats-novembre-2018\/#breadcrumb","itemListElement":[{"@type":"ListItem","position":1,"name":"Inici","item":"https:\/\/biblioteca.blanes.cat\/salajove\/"},{"@type":"ListItem","position":2,"name":"NOVETATS: Novembre 2018"}]},{"@type":"WebSite","@id":"https:\/\/biblioteca.blanes.cat\/salajove\/#website","url":"https:\/\/biblioteca.blanes.cat\/salajove\/","name":"Sala Jove","description":"Biblioteca Comarcal de Blanes","publisher":{"@id":"https:\/\/biblioteca.blanes.cat\/salajove\/#organization"},"potentialAction":[{"@type":"SearchAction","target":{"@type":"EntryPoint","urlTemplate":"https:\/\/biblioteca.blanes.cat\/salajove\/?s={search_term_string}"},"query-input":{"@type":"PropertyValueSpecification","valueRequired":true,"valueName":"search_term_string"}}],"inLanguage":"ca"},{"@type":"Organization","@id":"https:\/\/biblioteca.blanes.cat\/salajove\/#organization","name":"Biblioteca Comarcal de Blanes","url":"https:\/\/biblioteca.blanes.cat\/salajove\/","logo":{"@type":"ImageObject","inLanguage":"ca","@id":"https:\/\/biblioteca.blanes.cat\/salajove\/#\/schema\/logo\/image\/","url":"https:\/\/biblioteca.blanes.cat\/salajove\/wp-content\/uploads\/sites\/3\/2017\/09\/cropped-Bib-blau-e1518869380535.png","contentUrl":"https:\/\/biblioteca.blanes.cat\/salajove\/wp-content\/uploads\/sites\/3\/2017\/09\/cropped-Bib-blau-e1518869380535.png","width":166,"height":166,"caption":"Biblioteca Comarcal de Blanes"},"image":{"@id":"https:\/\/biblioteca.blanes.cat\/salajove\/#\/schema\/logo\/image\/"},"sameAs":["https:\/\/www.facebook.com\/BilbiotecaComarcaldeBlanes\/","https:\/\/x.com\/BiblioBlanes","https:\/\/www.instagram.com\/biblioblanes\/","https:\/\/www.pinterest.es\/bblanes\/","https:\/\/www.youtube.com\/c\/BibliotecaComarcalBlanes"]},{"@type":"Person","@id":"https:\/\/biblioteca.blanes.cat\/salajove\/#\/schema\/person\/5a7b46760d9dd611d098bbf571a341dc","name":"biblioblanes","image":{"@type":"ImageObject","inLanguage":"ca","@id":"https:\/\/secure.gravatar.com\/avatar\/6593ca6cc90e5a70939f51c95e8315483b9c281bafba597292bee47992030f99?s=96&d=mm&r=g","url":"https:\/\/secure.gravatar.com\/avatar\/6593ca6cc90e5a70939f51c95e8315483b9c281bafba597292bee47992030f99?s=96&d=mm&r=g","contentUrl":"https:\/\/secure.gravatar.com\/avatar\/6593ca6cc90e5a70939f51c95e8315483b9c281bafba597292bee47992030f99?s=96&d=mm&r=g","caption":"biblioblanes"},"sameAs":["http:\/\/www.bibgirona.cat\/biblioteca\/blanes","https:\/\/x.com\/biblioblanes"],"url":"https:\/\/biblioteca.blanes.cat\/salajove\/author\/biblioblanes\/"}]}},"_links":{"self":[{"href":"https:\/\/biblioteca.blanes.cat\/salajove\/wp-json\/wp\/v2\/posts\/2070","targetHints":{"allow":["GET"]}}],"collection":[{"href":"https:\/\/biblioteca.blanes.cat\/salajove\/wp-json\/wp\/v2\/posts"}],"about":[{"href":"https:\/\/biblioteca.blanes.cat\/salajove\/wp-json\/wp\/v2\/types\/post"}],"author":[{"embeddable":true,"href":"https:\/\/biblioteca.blanes.cat\/salajove\/wp-json\/wp\/v2\/users\/4"}],"replies":[{"embeddable":true,"href":"https:\/\/biblioteca.blanes.cat\/salajove\/wp-json\/wp\/v2\/comments?post=2070"}],"version-history":[{"count":8,"href":"https:\/\/biblioteca.blanes.cat\/salajove\/wp-json\/wp\/v2\/posts\/2070\/revisions"}],"predecessor-version":[{"id":2111,"href":"https:\/\/biblioteca.blanes.cat\/salajove\/wp-json\/wp\/v2\/posts\/2070\/revisions\/2111"}],"wp:featuredmedia":[{"embeddable":true,"href":"https:\/\/biblioteca.blanes.cat\/salajove\/wp-json\/wp\/v2\/media\/1700"}],"wp:attachment":[{"href":"https:\/\/biblioteca.blanes.cat\/salajove\/wp-json\/wp\/v2\/media?parent=2070"}],"wp:term":[{"taxonomy":"category","embeddable":true,"href":"https:\/\/biblioteca.blanes.cat\/salajove\/wp-json\/wp\/v2\/categories?post=2070"},{"taxonomy":"post_tag","embeddable":true,"href":"https:\/\/biblioteca.blanes.cat\/salajove\/wp-json\/wp\/v2\/tags?post=2070"}],"curies":[{"name":"wp","href":"https:\/\/api.w.org\/{rel}","templated":true}]}}