{"id":2064,"date":"2018-10-15T15:46:26","date_gmt":"2018-10-15T14:46:26","guid":{"rendered":"https:\/\/biblioteca.blanes.cat\/salajove\/?p=2064"},"modified":"2018-10-25T15:53:50","modified_gmt":"2018-10-25T14:53:50","slug":"bollere-2018-novetats","status":"publish","type":"post","link":"https:\/\/biblioteca.blanes.cat\/salajove\/2018\/10\/15\/bollere-2018-novetats\/","title":{"rendered":"Boller\u00e9 2018 &#8211; Novetats"},"content":{"rendered":"<h2 style=\"text-align: center;\">Boller\u00e9 2018 &#8211; Novetats<\/h2>\n<h4 style=\"text-align: center;\">la 10a edici\u00f3 del Concurs de Relats Breus per a Joves arriba amb novetats.<\/h4>\n<p>&nbsp;<\/p>\n<p style=\"text-align: justify;\">La Biblioteca Comarcal de Blanes ha tornat a convocar el <a href=\"https:\/\/biblioteca.blanes.cat\/salajove\/bollere-2\/\" target=\"_blank\" rel=\"noopener\">Concurs de Relats Breus per a Joves Boller\u00e9<\/a> que, enguany, arriba amb diverses novetats.<\/p>\n<h4 style=\"text-align: justify;\">Per comen\u00e7ar, en la 10a edici\u00f3 l&#8217;ajuntament de Blanes augmenta la dotaci\u00f3 econ\u00f2mica dels premis que seran dotats amb 500 \u20ac i 200 \u20ac.<\/h4>\n<h4 style=\"text-align: justify;\">Una altra novetat \u00e9s que les quatre categories de les edicions anteriors es redueixen a dues: la \u2018A\u2019 per a joves de 17 a 25 anys i la \u2018B\u2019 per a joves de 12 a 16 anys.<\/h4>\n<p style=\"text-align: justify;\">La categoria \u201cA\u201d \u00e9s per a nois i noies de 17 a 25 anys, el relat guanyador rebr\u00e0 500 \u20ac de premi, i el finalista 150 \u20ac. Per la seva banda, la categoria \u201cB\u201d, per a joves d\u2019entre 12 a 16 anys, inclou un primer premi dotat amb 200 \u20ac i un finalista premiat amb 50 \u20ac.<\/p>\n<p>&nbsp;<\/p>\n<h3 style=\"text-align: center;\">Podeu consultar les bases del concurs clicant <a href=\"https:\/\/biblioteca.blanes.cat\/salajove\/wp-content\/uploads\/sites\/3\/2017\/0\" target=\"_blank\" rel=\"noopener\">aqu\u00ed<\/a>.<\/h3>\n<p><a href=\"https:\/\/biblioteca.blanes.cat\/salajove\/wp-content\/uploads\/sites\/3\/2017\/09\/DestacatConcursLiterari_Boller\u00e92018-1.png\"><img fetchpriority=\"high\" decoding=\"async\" class=\"aligncenter size-medium wp-image-1618\" src=\"https:\/\/biblioteca.blanes.cat\/salajove\/wp-content\/uploads\/sites\/3\/2017\/09\/DestacatConcursLiterari_Boller\u00e92018-1-300x183.png\" alt=\"\" width=\"300\" height=\"183\" srcset=\"https:\/\/biblioteca.blanes.cat\/salajove\/wp-content\/uploads\/sites\/3\/2017\/09\/DestacatConcursLiterari_Boller\u00e92018-1-300x183.png 300w, https:\/\/biblioteca.blanes.cat\/salajove\/wp-content\/uploads\/sites\/3\/2017\/09\/DestacatConcursLiterari_Boller\u00e92018-1-768x467.png 768w, https:\/\/biblioteca.blanes.cat\/salajove\/wp-content\/uploads\/sites\/3\/2017\/09\/DestacatConcursLiterari_Boller\u00e92018-1-1024x623.png 1024w\" sizes=\"(max-width: 300px) 100vw, 300px\" \/><\/a><\/p>\n<h4 style=\"text-align: center;\"><a href=\"http:\/\/www.bibgirona.cat\/biblioteca\/blanes\" target=\"_blank\" rel=\"noopener\">#biblioblanes<\/a>\u00a0\u00a0\u00a0\u00a0\u00a0<a href=\"https:\/\/biblioteca.blanes.cat\/salajove\/category\/bollere\/\" target=\"_blank\" rel=\"noopener\">#boller\u00e9<\/a><\/h4>\n<h3>\u00a0<\/h3>\n","protected":false},"excerpt":{"rendered":"<p>Boller\u00e9 2018 &#8211; Novetats la 10a edici\u00f3 del Concurs de Relats Breus per a Joves arriba amb novetats. &nbsp; La Biblioteca Comarcal de Blanes ha tornat a convocar el Concurs de Relats Breus per a Joves Boller\u00e9 que, enguany, arriba<\/p>\n","protected":false},"author":4,"featured_media":1621,"comment_status":"open","ping_status":"open","sticky":false,"template":"","format":"standard","meta":{"sfsi_plus_gutenberg_text_before_share":"","sfsi_plus_gutenberg_show_text_before_share":"","sfsi_plus_gutenberg_icon_type":"","sfsi_plus_gutenberg_icon_alignemt":"","sfsi_plus_gutenburg_max_per_row":"","footnotes":""},"categories":[15],"tags":[37,68,38,16,31],"class_list":["post-2064","post","type-post","status-publish","format-standard","has-post-thumbnail","hentry","category-bollere","tag-bases","tag-bollere","tag-certamen","tag-concurs","tag-escriptura"],"yoast_head":"<!-- This site is optimized with the Yoast SEO plugin v27.5 - https:\/\/yoast.com\/product\/yoast-seo-wordpress\/ -->\n<title>Boller\u00e9 2018 - Novetats - Sala Jove - Biblioteca Jove<\/title>\n<meta name=\"description\" content=\"Boller\u00e9 2018 - Novetats - la 10a edici\u00f3 del Concurs de Relats Breus per a Joves Boller\u00e9 arriba amb novetats: Augmenta la dotaci\u00f3 econ\u00f2mica i es modifiquen..\" \/>\n<meta name=\"robots\" content=\"index, follow, max-snippet:-1, max-image-preview:large, max-video-preview:-1\" \/>\n<link rel=\"canonical\" href=\"https:\/\/biblioteca.blanes.cat\/salajove\/2018\/10\/15\/bollere-2018-novetats\/\" \/>\n<meta property=\"og:locale\" content=\"ca_ES\" \/>\n<meta property=\"og:type\" content=\"article\" \/>\n<meta property=\"og:title\" content=\"Boller\u00e9 2018 - Novetats - Sala Jove - Biblioteca Jove\" \/>\n<meta property=\"og:description\" content=\"Boller\u00e9 2018 - Novetats - la 10a edici\u00f3 del Concurs de Relats Breus per a Joves Boller\u00e9 arriba amb novetats: Augmenta la dotaci\u00f3 econ\u00f2mica i es modifiquen..\" \/>\n<meta property=\"og:url\" content=\"https:\/\/biblioteca.blanes.cat\/salajove\/2018\/10\/15\/bollere-2018-novetats\/\" \/>\n<meta property=\"og:site_name\" content=\"Sala Jove\" \/>\n<meta property=\"article:publisher\" content=\"https:\/\/www.facebook.com\/BilbiotecaComarcaldeBlanes\/\" \/>\n<meta property=\"article:published_time\" content=\"2018-10-15T14:46:26+00:00\" \/>\n<meta property=\"article:modified_time\" content=\"2018-10-25T14:53:50+00:00\" \/>\n<meta property=\"og:image\" content=\"https:\/\/biblioteca.blanes.cat\/salajove\/wp-content\/uploads\/sites\/3\/2017\/09\/Instagram-ConcursLiterari_Boller\u00e92018.png\" \/>\n\t<meta property=\"og:image:width\" content=\"700\" \/>\n\t<meta property=\"og:image:height\" content=\"700\" \/>\n\t<meta property=\"og:image:type\" content=\"image\/png\" \/>\n<meta name=\"author\" content=\"biblioblanes\" \/>\n<meta name=\"twitter:card\" content=\"summary_large_image\" \/>\n<meta name=\"twitter:creator\" content=\"@biblioblanes\" \/>\n<meta name=\"twitter:site\" content=\"@BiblioBlanes\" \/>\n<meta name=\"twitter:label1\" content=\"Escrit per\" \/>\n\t<meta name=\"twitter:data1\" content=\"biblioblanes\" \/>\n\t<meta name=\"twitter:label2\" content=\"Temps estimat de lectura\" \/>\n\t<meta name=\"twitter:data2\" content=\"1 minut\" \/>\n<script type=\"application\/ld+json\" class=\"yoast-schema-graph\">{\"@context\":\"https:\\\/\\\/schema.org\",\"@graph\":[{\"@type\":\"Article\",\"@id\":\"https:\\\/\\\/biblioteca.blanes.cat\\\/salajove\\\/2018\\\/10\\\/15\\\/bollere-2018-novetats\\\/#article\",\"isPartOf\":{\"@id\":\"https:\\\/\\\/biblioteca.blanes.cat\\\/salajove\\\/2018\\\/10\\\/15\\\/bollere-2018-novetats\\\/\"},\"author\":{\"name\":\"biblioblanes\",\"@id\":\"https:\\\/\\\/biblioteca.blanes.cat\\\/salajove\\\/#\\\/schema\\\/person\\\/5a7b46760d9dd611d098bbf571a341dc\"},\"headline\":\"Boller\u00e9 2018 &#8211; Novetats\",\"datePublished\":\"2018-10-15T14:46:26+00:00\",\"dateModified\":\"2018-10-25T14:53:50+00:00\",\"mainEntityOfPage\":{\"@id\":\"https:\\\/\\\/biblioteca.blanes.cat\\\/salajove\\\/2018\\\/10\\\/15\\\/bollere-2018-novetats\\\/\"},\"wordCount\":158,\"commentCount\":0,\"publisher\":{\"@id\":\"https:\\\/\\\/biblioteca.blanes.cat\\\/salajove\\\/#organization\"},\"image\":{\"@id\":\"https:\\\/\\\/biblioteca.blanes.cat\\\/salajove\\\/2018\\\/10\\\/15\\\/bollere-2018-novetats\\\/#primaryimage\"},\"thumbnailUrl\":\"https:\\\/\\\/biblioteca.blanes.cat\\\/salajove\\\/wp-content\\\/uploads\\\/sites\\\/3\\\/2017\\\/09\\\/Instagram-ConcursLiterari_Boller\u00e92018.png\",\"keywords\":[\"#Bases\",\"#Boller\u00e9\",\"#Cert\u00e0men\",\"#Concurs\",\"#Escriptura\"],\"articleSection\":[\"Boller\u00e9\"],\"inLanguage\":\"ca\",\"potentialAction\":[{\"@type\":\"CommentAction\",\"name\":\"Comment\",\"target\":[\"https:\\\/\\\/biblioteca.blanes.cat\\\/salajove\\\/2018\\\/10\\\/15\\\/bollere-2018-novetats\\\/#respond\"]}]},{\"@type\":\"WebPage\",\"@id\":\"https:\\\/\\\/biblioteca.blanes.cat\\\/salajove\\\/2018\\\/10\\\/15\\\/bollere-2018-novetats\\\/\",\"url\":\"https:\\\/\\\/biblioteca.blanes.cat\\\/salajove\\\/2018\\\/10\\\/15\\\/bollere-2018-novetats\\\/\",\"name\":\"Boller\u00e9 2018 - Novetats - Sala Jove - Biblioteca Jove\",\"isPartOf\":{\"@id\":\"https:\\\/\\\/biblioteca.blanes.cat\\\/salajove\\\/#website\"},\"primaryImageOfPage\":{\"@id\":\"https:\\\/\\\/biblioteca.blanes.cat\\\/salajove\\\/2018\\\/10\\\/15\\\/bollere-2018-novetats\\\/#primaryimage\"},\"image\":{\"@id\":\"https:\\\/\\\/biblioteca.blanes.cat\\\/salajove\\\/2018\\\/10\\\/15\\\/bollere-2018-novetats\\\/#primaryimage\"},\"thumbnailUrl\":\"https:\\\/\\\/biblioteca.blanes.cat\\\/salajove\\\/wp-content\\\/uploads\\\/sites\\\/3\\\/2017\\\/09\\\/Instagram-ConcursLiterari_Boller\u00e92018.png\",\"datePublished\":\"2018-10-15T14:46:26+00:00\",\"dateModified\":\"2018-10-25T14:53:50+00:00\",\"description\":\"Boller\u00e9 2018 - Novetats - la 10a edici\u00f3 del Concurs de Relats Breus per a Joves Boller\u00e9 arriba amb novetats: Augmenta la dotaci\u00f3 econ\u00f2mica i es modifiquen..\",\"breadcrumb\":{\"@id\":\"https:\\\/\\\/biblioteca.blanes.cat\\\/salajove\\\/2018\\\/10\\\/15\\\/bollere-2018-novetats\\\/#breadcrumb\"},\"inLanguage\":\"ca\",\"potentialAction\":[{\"@type\":\"ReadAction\",\"target\":[\"https:\\\/\\\/biblioteca.blanes.cat\\\/salajove\\\/2018\\\/10\\\/15\\\/bollere-2018-novetats\\\/\"]}]},{\"@type\":\"ImageObject\",\"inLanguage\":\"ca\",\"@id\":\"https:\\\/\\\/biblioteca.blanes.cat\\\/salajove\\\/2018\\\/10\\\/15\\\/bollere-2018-novetats\\\/#primaryimage\",\"url\":\"https:\\\/\\\/biblioteca.blanes.cat\\\/salajove\\\/wp-content\\\/uploads\\\/sites\\\/3\\\/2017\\\/09\\\/Instagram-ConcursLiterari_Boller\u00e92018.png\",\"contentUrl\":\"https:\\\/\\\/biblioteca.blanes.cat\\\/salajove\\\/wp-content\\\/uploads\\\/sites\\\/3\\\/2017\\\/09\\\/Instagram-ConcursLiterari_Boller\u00e92018.png\",\"width\":700,\"height\":700},{\"@type\":\"BreadcrumbList\",\"@id\":\"https:\\\/\\\/biblioteca.blanes.cat\\\/salajove\\\/2018\\\/10\\\/15\\\/bollere-2018-novetats\\\/#breadcrumb\",\"itemListElement\":[{\"@type\":\"ListItem\",\"position\":1,\"name\":\"Inici\",\"item\":\"https:\\\/\\\/biblioteca.blanes.cat\\\/salajove\\\/\"},{\"@type\":\"ListItem\",\"position\":2,\"name\":\"Boller\u00e9 2018 &#8211; Novetats\"}]},{\"@type\":\"WebSite\",\"@id\":\"https:\\\/\\\/biblioteca.blanes.cat\\\/salajove\\\/#website\",\"url\":\"https:\\\/\\\/biblioteca.blanes.cat\\\/salajove\\\/\",\"name\":\"Sala Jove\",\"description\":\"Biblioteca Comarcal de Blanes\",\"publisher\":{\"@id\":\"https:\\\/\\\/biblioteca.blanes.cat\\\/salajove\\\/#organization\"},\"potentialAction\":[{\"@type\":\"SearchAction\",\"target\":{\"@type\":\"EntryPoint\",\"urlTemplate\":\"https:\\\/\\\/biblioteca.blanes.cat\\\/salajove\\\/?s={search_term_string}\"},\"query-input\":{\"@type\":\"PropertyValueSpecification\",\"valueRequired\":true,\"valueName\":\"search_term_string\"}}],\"inLanguage\":\"ca\"},{\"@type\":\"Organization\",\"@id\":\"https:\\\/\\\/biblioteca.blanes.cat\\\/salajove\\\/#organization\",\"name\":\"Biblioteca Comarcal de Blanes\",\"url\":\"https:\\\/\\\/biblioteca.blanes.cat\\\/salajove\\\/\",\"logo\":{\"@type\":\"ImageObject\",\"inLanguage\":\"ca\",\"@id\":\"https:\\\/\\\/biblioteca.blanes.cat\\\/salajove\\\/#\\\/schema\\\/logo\\\/image\\\/\",\"url\":\"https:\\\/\\\/biblioteca.blanes.cat\\\/salajove\\\/wp-content\\\/uploads\\\/sites\\\/3\\\/2017\\\/09\\\/cropped-Bib-blau-e1518869380535.png\",\"contentUrl\":\"https:\\\/\\\/biblioteca.blanes.cat\\\/salajove\\\/wp-content\\\/uploads\\\/sites\\\/3\\\/2017\\\/09\\\/cropped-Bib-blau-e1518869380535.png\",\"width\":166,\"height\":166,\"caption\":\"Biblioteca Comarcal de Blanes\"},\"image\":{\"@id\":\"https:\\\/\\\/biblioteca.blanes.cat\\\/salajove\\\/#\\\/schema\\\/logo\\\/image\\\/\"},\"sameAs\":[\"https:\\\/\\\/www.facebook.com\\\/BilbiotecaComarcaldeBlanes\\\/\",\"https:\\\/\\\/x.com\\\/BiblioBlanes\",\"https:\\\/\\\/www.instagram.com\\\/biblioblanes\\\/\",\"https:\\\/\\\/www.pinterest.es\\\/bblanes\\\/\",\"https:\\\/\\\/www.youtube.com\\\/c\\\/BibliotecaComarcalBlanes\"]},{\"@type\":\"Person\",\"@id\":\"https:\\\/\\\/biblioteca.blanes.cat\\\/salajove\\\/#\\\/schema\\\/person\\\/5a7b46760d9dd611d098bbf571a341dc\",\"name\":\"biblioblanes\",\"image\":{\"@type\":\"ImageObject\",\"inLanguage\":\"ca\",\"@id\":\"https:\\\/\\\/secure.gravatar.com\\\/avatar\\\/6593ca6cc90e5a70939f51c95e8315483b9c281bafba597292bee47992030f99?s=96&d=mm&r=g\",\"url\":\"https:\\\/\\\/secure.gravatar.com\\\/avatar\\\/6593ca6cc90e5a70939f51c95e8315483b9c281bafba597292bee47992030f99?s=96&d=mm&r=g\",\"contentUrl\":\"https:\\\/\\\/secure.gravatar.com\\\/avatar\\\/6593ca6cc90e5a70939f51c95e8315483b9c281bafba597292bee47992030f99?s=96&d=mm&r=g\",\"caption\":\"biblioblanes\"},\"sameAs\":[\"http:\\\/\\\/www.bibgirona.cat\\\/biblioteca\\\/blanes\",\"https:\\\/\\\/x.com\\\/biblioblanes\"],\"url\":\"https:\\\/\\\/biblioteca.blanes.cat\\\/salajove\\\/author\\\/biblioblanes\\\/\"}]}<\/script>\n<!-- \/ Yoast SEO plugin. -->","yoast_head_json":{"title":"Boller\u00e9 2018 - Novetats - Sala Jove - Biblioteca Jove","description":"Boller\u00e9 2018 - Novetats - la 10a edici\u00f3 del Concurs de Relats Breus per a Joves Boller\u00e9 arriba amb novetats: Augmenta la dotaci\u00f3 econ\u00f2mica i es modifiquen..","robots":{"index":"index","follow":"follow","max-snippet":"max-snippet:-1","max-image-preview":"max-image-preview:large","max-video-preview":"max-video-preview:-1"},"canonical":"https:\/\/biblioteca.blanes.cat\/salajove\/2018\/10\/15\/bollere-2018-novetats\/","og_locale":"ca_ES","og_type":"article","og_title":"Boller\u00e9 2018 - Novetats - Sala Jove - Biblioteca Jove","og_description":"Boller\u00e9 2018 - Novetats - la 10a edici\u00f3 del Concurs de Relats Breus per a Joves Boller\u00e9 arriba amb novetats: Augmenta la dotaci\u00f3 econ\u00f2mica i es modifiquen..","og_url":"https:\/\/biblioteca.blanes.cat\/salajove\/2018\/10\/15\/bollere-2018-novetats\/","og_site_name":"Sala Jove","article_publisher":"https:\/\/www.facebook.com\/BilbiotecaComarcaldeBlanes\/","article_published_time":"2018-10-15T14:46:26+00:00","article_modified_time":"2018-10-25T14:53:50+00:00","og_image":[{"width":700,"height":700,"url":"https:\/\/biblioteca.blanes.cat\/salajove\/wp-content\/uploads\/sites\/3\/2017\/09\/Instagram-ConcursLiterari_Boller\u00e92018.png","type":"image\/png"}],"author":"biblioblanes","twitter_card":"summary_large_image","twitter_creator":"@biblioblanes","twitter_site":"@BiblioBlanes","twitter_misc":{"Escrit per":"biblioblanes","Temps estimat de lectura":"1 minut"},"schema":{"@context":"https:\/\/schema.org","@graph":[{"@type":"Article","@id":"https:\/\/biblioteca.blanes.cat\/salajove\/2018\/10\/15\/bollere-2018-novetats\/#article","isPartOf":{"@id":"https:\/\/biblioteca.blanes.cat\/salajove\/2018\/10\/15\/bollere-2018-novetats\/"},"author":{"name":"biblioblanes","@id":"https:\/\/biblioteca.blanes.cat\/salajove\/#\/schema\/person\/5a7b46760d9dd611d098bbf571a341dc"},"headline":"Boller\u00e9 2018 &#8211; Novetats","datePublished":"2018-10-15T14:46:26+00:00","dateModified":"2018-10-25T14:53:50+00:00","mainEntityOfPage":{"@id":"https:\/\/biblioteca.blanes.cat\/salajove\/2018\/10\/15\/bollere-2018-novetats\/"},"wordCount":158,"commentCount":0,"publisher":{"@id":"https:\/\/biblioteca.blanes.cat\/salajove\/#organization"},"image":{"@id":"https:\/\/biblioteca.blanes.cat\/salajove\/2018\/10\/15\/bollere-2018-novetats\/#primaryimage"},"thumbnailUrl":"https:\/\/biblioteca.blanes.cat\/salajove\/wp-content\/uploads\/sites\/3\/2017\/09\/Instagram-ConcursLiterari_Boller\u00e92018.png","keywords":["#Bases","#Boller\u00e9","#Cert\u00e0men","#Concurs","#Escriptura"],"articleSection":["Boller\u00e9"],"inLanguage":"ca","potentialAction":[{"@type":"CommentAction","name":"Comment","target":["https:\/\/biblioteca.blanes.cat\/salajove\/2018\/10\/15\/bollere-2018-novetats\/#respond"]}]},{"@type":"WebPage","@id":"https:\/\/biblioteca.blanes.cat\/salajove\/2018\/10\/15\/bollere-2018-novetats\/","url":"https:\/\/biblioteca.blanes.cat\/salajove\/2018\/10\/15\/bollere-2018-novetats\/","name":"Boller\u00e9 2018 - Novetats - Sala Jove - Biblioteca Jove","isPartOf":{"@id":"https:\/\/biblioteca.blanes.cat\/salajove\/#website"},"primaryImageOfPage":{"@id":"https:\/\/biblioteca.blanes.cat\/salajove\/2018\/10\/15\/bollere-2018-novetats\/#primaryimage"},"image":{"@id":"https:\/\/biblioteca.blanes.cat\/salajove\/2018\/10\/15\/bollere-2018-novetats\/#primaryimage"},"thumbnailUrl":"https:\/\/biblioteca.blanes.cat\/salajove\/wp-content\/uploads\/sites\/3\/2017\/09\/Instagram-ConcursLiterari_Boller\u00e92018.png","datePublished":"2018-10-15T14:46:26+00:00","dateModified":"2018-10-25T14:53:50+00:00","description":"Boller\u00e9 2018 - Novetats - la 10a edici\u00f3 del Concurs de Relats Breus per a Joves Boller\u00e9 arriba amb novetats: Augmenta la dotaci\u00f3 econ\u00f2mica i es modifiquen..","breadcrumb":{"@id":"https:\/\/biblioteca.blanes.cat\/salajove\/2018\/10\/15\/bollere-2018-novetats\/#breadcrumb"},"inLanguage":"ca","potentialAction":[{"@type":"ReadAction","target":["https:\/\/biblioteca.blanes.cat\/salajove\/2018\/10\/15\/bollere-2018-novetats\/"]}]},{"@type":"ImageObject","inLanguage":"ca","@id":"https:\/\/biblioteca.blanes.cat\/salajove\/2018\/10\/15\/bollere-2018-novetats\/#primaryimage","url":"https:\/\/biblioteca.blanes.cat\/salajove\/wp-content\/uploads\/sites\/3\/2017\/09\/Instagram-ConcursLiterari_Boller\u00e92018.png","contentUrl":"https:\/\/biblioteca.blanes.cat\/salajove\/wp-content\/uploads\/sites\/3\/2017\/09\/Instagram-ConcursLiterari_Boller\u00e92018.png","width":700,"height":700},{"@type":"BreadcrumbList","@id":"https:\/\/biblioteca.blanes.cat\/salajove\/2018\/10\/15\/bollere-2018-novetats\/#breadcrumb","itemListElement":[{"@type":"ListItem","position":1,"name":"Inici","item":"https:\/\/biblioteca.blanes.cat\/salajove\/"},{"@type":"ListItem","position":2,"name":"Boller\u00e9 2018 &#8211; Novetats"}]},{"@type":"WebSite","@id":"https:\/\/biblioteca.blanes.cat\/salajove\/#website","url":"https:\/\/biblioteca.blanes.cat\/salajove\/","name":"Sala Jove","description":"Biblioteca Comarcal de Blanes","publisher":{"@id":"https:\/\/biblioteca.blanes.cat\/salajove\/#organization"},"potentialAction":[{"@type":"SearchAction","target":{"@type":"EntryPoint","urlTemplate":"https:\/\/biblioteca.blanes.cat\/salajove\/?s={search_term_string}"},"query-input":{"@type":"PropertyValueSpecification","valueRequired":true,"valueName":"search_term_string"}}],"inLanguage":"ca"},{"@type":"Organization","@id":"https:\/\/biblioteca.blanes.cat\/salajove\/#organization","name":"Biblioteca Comarcal de Blanes","url":"https:\/\/biblioteca.blanes.cat\/salajove\/","logo":{"@type":"ImageObject","inLanguage":"ca","@id":"https:\/\/biblioteca.blanes.cat\/salajove\/#\/schema\/logo\/image\/","url":"https:\/\/biblioteca.blanes.cat\/salajove\/wp-content\/uploads\/sites\/3\/2017\/09\/cropped-Bib-blau-e1518869380535.png","contentUrl":"https:\/\/biblioteca.blanes.cat\/salajove\/wp-content\/uploads\/sites\/3\/2017\/09\/cropped-Bib-blau-e1518869380535.png","width":166,"height":166,"caption":"Biblioteca Comarcal de Blanes"},"image":{"@id":"https:\/\/biblioteca.blanes.cat\/salajove\/#\/schema\/logo\/image\/"},"sameAs":["https:\/\/www.facebook.com\/BilbiotecaComarcaldeBlanes\/","https:\/\/x.com\/BiblioBlanes","https:\/\/www.instagram.com\/biblioblanes\/","https:\/\/www.pinterest.es\/bblanes\/","https:\/\/www.youtube.com\/c\/BibliotecaComarcalBlanes"]},{"@type":"Person","@id":"https:\/\/biblioteca.blanes.cat\/salajove\/#\/schema\/person\/5a7b46760d9dd611d098bbf571a341dc","name":"biblioblanes","image":{"@type":"ImageObject","inLanguage":"ca","@id":"https:\/\/secure.gravatar.com\/avatar\/6593ca6cc90e5a70939f51c95e8315483b9c281bafba597292bee47992030f99?s=96&d=mm&r=g","url":"https:\/\/secure.gravatar.com\/avatar\/6593ca6cc90e5a70939f51c95e8315483b9c281bafba597292bee47992030f99?s=96&d=mm&r=g","contentUrl":"https:\/\/secure.gravatar.com\/avatar\/6593ca6cc90e5a70939f51c95e8315483b9c281bafba597292bee47992030f99?s=96&d=mm&r=g","caption":"biblioblanes"},"sameAs":["http:\/\/www.bibgirona.cat\/biblioteca\/blanes","https:\/\/x.com\/biblioblanes"],"url":"https:\/\/biblioteca.blanes.cat\/salajove\/author\/biblioblanes\/"}]}},"_links":{"self":[{"href":"https:\/\/biblioteca.blanes.cat\/salajove\/wp-json\/wp\/v2\/posts\/2064","targetHints":{"allow":["GET"]}}],"collection":[{"href":"https:\/\/biblioteca.blanes.cat\/salajove\/wp-json\/wp\/v2\/posts"}],"about":[{"href":"https:\/\/biblioteca.blanes.cat\/salajove\/wp-json\/wp\/v2\/types\/post"}],"author":[{"embeddable":true,"href":"https:\/\/biblioteca.blanes.cat\/salajove\/wp-json\/wp\/v2\/users\/4"}],"replies":[{"embeddable":true,"href":"https:\/\/biblioteca.blanes.cat\/salajove\/wp-json\/wp\/v2\/comments?post=2064"}],"version-history":[{"count":2,"href":"https:\/\/biblioteca.blanes.cat\/salajove\/wp-json\/wp\/v2\/posts\/2064\/revisions"}],"predecessor-version":[{"id":2066,"href":"https:\/\/biblioteca.blanes.cat\/salajove\/wp-json\/wp\/v2\/posts\/2064\/revisions\/2066"}],"wp:featuredmedia":[{"embeddable":true,"href":"https:\/\/biblioteca.blanes.cat\/salajove\/wp-json\/wp\/v2\/media\/1621"}],"wp:attachment":[{"href":"https:\/\/biblioteca.blanes.cat\/salajove\/wp-json\/wp\/v2\/media?parent=2064"}],"wp:term":[{"taxonomy":"category","embeddable":true,"href":"https:\/\/biblioteca.blanes.cat\/salajove\/wp-json\/wp\/v2\/categories?post=2064"},{"taxonomy":"post_tag","embeddable":true,"href":"https:\/\/biblioteca.blanes.cat\/salajove\/wp-json\/wp\/v2\/tags?post=2064"}],"curies":[{"name":"wp","href":"https:\/\/api.w.org\/{rel}","templated":true}]}}