{"id":2050,"date":"2018-10-25T13:48:04","date_gmt":"2018-10-25T12:48:04","guid":{"rendered":"https:\/\/biblioteca.blanes.cat\/salajove\/?p=2050"},"modified":"2018-10-25T15:56:21","modified_gmt":"2018-10-25T14:56:21","slug":"bollere-2018-terminis-i-presentacio-doriginals","status":"publish","type":"post","link":"https:\/\/biblioteca.blanes.cat\/salajove\/2018\/10\/25\/bollere-2018-terminis-i-presentacio-doriginals\/","title":{"rendered":"Boller\u00e9 2018 &#8211; Terminis i Presentaci\u00f3 d&#8217;originals"},"content":{"rendered":"<h2>Terminis de presentaci\u00f3 dels originals:<\/h2>\n<blockquote style=\"background-color: #ffe6e6; text-align: justify; padding: 20px;\">\n<p style=\"font-family: Verdana; text-align: center;\"><span style=\"font-size: 24px;\"><b>del 2 al 30 de novembre de 2018<\/b><\/span>.<\/p>\n<\/blockquote>\n<p style=\"font-family: Verdana;\"><span style=\"text-decoration: underline;\">Els treballs es poden presentar<\/span>:<\/p>\n<ul>\n<li style=\"font-family: Verdana;\">Personalment al Registre General de l\u2019Ajuntament (Passeig de Dintre, 29, 17300 BLANES) Tel. 972 37 93 00) comunicant que participeu al concurs i mantindran les vostres dades amb un pseud\u00f2nim.<\/li>\n<li style=\"font-family: Verdana;\"><b> <\/b>Enviant-los per correu certificat a l\u2019adre\u00e7a de l\u2019ajuntament (Passeig de Dintre, 29 \u2013 17300 BLANES). Els treballs segellats amb posterioritat al 30 de novembre de 2018 quedaran exclosos.<\/li>\n<\/ul>\n<p style=\"font-family: Verdana;\"><span style=\"text-decoration: underline;\">Dins d\u2019aquest sobre certificat hi haur\u00e0<\/span>:<\/p>\n<p style=\"font-family: Verdana;\">&#8211; un\u00a0 sobre gran TANCAT que inclour\u00e0 els treballs (5 c\u00f2pies de cada relat) ; a l\u2019exterior d\u2019aquest\u00a0 sobre hi ha de figurar: <b>\u201cX Concurs Literari Boller\u00e9\u201d,<\/b> el pseud\u00f2nim de l\u2019autor, el t\u00edtol del treball i la categoria.<\/p>\n<p style=\"font-family: Verdana;\">&#8211; un sobre petit amb les dades personals del participant:<\/p>\n<p style=\"font-family: Verdana; padding-left: 30px;\">T\u00edtol del treball<\/p>\n<p style=\"font-family: Verdana; padding-left: 30px;\">Nom i cognoms del participant<\/p>\n<p style=\"font-family: Verdana; padding-left: 30px;\">Fotoc\u00f2pia del DNI o document acreditatiu<\/p>\n<p style=\"font-family: Verdana; padding-left: 30px;\">Adre\u00e7a postal, tel\u00e8fon\/s de contacte i e-mail.<\/p>\n<p style=\"padding-left: 30px;\">\u00a0<\/p>\n<p style=\"font-family: Verdana;\">En els treballs que es presentin per correu comptar\u00e0 com a data de lliurament la que figuri al mata-segells.<\/p>\n<p>&nbsp;<\/p>\n<p style=\"font-family: Verdana;\">Nom\u00e9s podr\u00e0 presentar-se una obra per autor.<\/p>\n<p>&nbsp;<\/p>\n<h2>Extensi\u00f3 i Format:<\/h2>\n<p style=\"text-align: justify;\"><span style=\"font-size: 16px; font-family: Verdana;\">Els relats es poden escriure en llengua catalana o castellana. La tem\u00e0tica \u00e9s lliure, i hauran de tenir una extensi\u00f3 m\u00ednima de 3 fulls i una m\u00e0xima de 6 fulls. Tots els treballs s&#8217;han de presentar en format Word, en lletra mida 12, interlineat 1\u20195 i impresos a una sola cara.<\/span><\/p>\n<p>&nbsp;<\/p>\n<h3 style=\"text-align: justify;\"><span style=\"font-family: Verdana;\">Podeu consultar les bases \u00edntegres clicant <a href=\"https:\/\/biblioteca.blanes.cat\/salajove\/wp-content\/uploads\/sites\/3\/2017\/0\" target=\"_blank\" rel=\"noopener\">aqu\u00ed<\/a>.<\/span><\/h3>\n<p style=\"text-align: center;\"><a href=\"https:\/\/biblioteca.blanes.cat\/salajove\/wp-content\/uploads\/sites\/3\/2017\/09\/DestacatConcursLiterari_Boller\u00e92018-1.png\"><img fetchpriority=\"high\" decoding=\"async\" class=\"aligncenter size-medium wp-image-1618\" src=\"https:\/\/biblioteca.blanes.cat\/salajove\/wp-content\/uploads\/sites\/3\/2017\/09\/DestacatConcursLiterari_Boller\u00e92018-1-300x183.png\" alt=\"\" width=\"300\" height=\"183\" srcset=\"https:\/\/biblioteca.blanes.cat\/salajove\/wp-content\/uploads\/sites\/3\/2017\/09\/DestacatConcursLiterari_Boller\u00e92018-1-300x183.png 300w, https:\/\/biblioteca.blanes.cat\/salajove\/wp-content\/uploads\/sites\/3\/2017\/09\/DestacatConcursLiterari_Boller\u00e92018-1-768x467.png 768w, https:\/\/biblioteca.blanes.cat\/salajove\/wp-content\/uploads\/sites\/3\/2017\/09\/DestacatConcursLiterari_Boller\u00e92018-1-1024x623.png 1024w\" sizes=\"(max-width: 300px) 100vw, 300px\" \/><\/a><\/p>\n<h4 style=\"text-align: center;\"><a href=\"http:\/\/www.bibgirona.cat\/biblioteca\/blanes\" target=\"_blank\" rel=\"noopener\">#biblioblanes<\/a>\u00a0\u00a0\u00a0\u00a0\u00a0<a href=\"https:\/\/biblioteca.blanes.cat\/salajove\/category\/bollere\/\" target=\"_blank\" rel=\"noopener\">#boller\u00e9<\/a><\/h4>\n<h3>\u00a0<br \/>\n <b><\/b><\/h3>\n<p>&nbsp;<\/p>\n","protected":false},"excerpt":{"rendered":"<p>Terminis de presentaci\u00f3 dels originals: del 2 al 30 de novembre de 2018. Els treballs es poden presentar: Personalment al Registre General de l\u2019Ajuntament (Passeig de Dintre, 29, 17300 BLANES) Tel. 972 37 93 00) comunicant que participeu al concurs<\/p>\n","protected":false},"author":4,"featured_media":1621,"comment_status":"open","ping_status":"open","sticky":false,"template":"","format":"standard","meta":{"sfsi_plus_gutenberg_text_before_share":"","sfsi_plus_gutenberg_show_text_before_share":"","sfsi_plus_gutenberg_icon_type":"","sfsi_plus_gutenberg_icon_alignemt":"","sfsi_plus_gutenburg_max_per_row":"","footnotes":""},"categories":[15,36],"tags":[68,38,16,31,41,20],"class_list":["post-2050","post","type-post","status-publish","format-standard","has-post-thumbnail","hentry","category-bollere","category-premis-literaris","tag-bollere","tag-certamen","tag-concurs","tag-escriptura","tag-premis","tag-terminis"],"yoast_head":"<!-- This site is optimized with the Yoast SEO plugin v27.5 - https:\/\/yoast.com\/product\/yoast-seo-wordpress\/ -->\n<title>Boller\u00e9 2018 - Terminis i Presentaci\u00f3 d&#039;originals - Sala Jove -<\/title>\n<meta name=\"description\" content=\"Boller\u00e9 2018 - Terminis i Presentaci\u00f3 d&#039;originals - Sala Jove - Es poden presentar els treballs originals del 2 al 30 de novembre de 2018. + novetats ....\" \/>\n<meta name=\"robots\" content=\"index, follow, max-snippet:-1, max-image-preview:large, max-video-preview:-1\" \/>\n<link rel=\"canonical\" href=\"https:\/\/biblioteca.blanes.cat\/salajove\/2018\/10\/25\/bollere-2018-terminis-i-presentacio-doriginals\/\" \/>\n<meta property=\"og:locale\" content=\"ca_ES\" \/>\n<meta property=\"og:type\" content=\"article\" \/>\n<meta property=\"og:title\" content=\"Boller\u00e9 2018 - Terminis i Presentaci\u00f3 d&#039;originals - Sala Jove -\" \/>\n<meta property=\"og:description\" content=\"Boller\u00e9 2018 - Terminis i Presentaci\u00f3 d&#039;originals - Sala Jove - Es poden presentar els treballs originals del 2 al 30 de novembre de 2018. + novetats ....\" \/>\n<meta property=\"og:url\" content=\"https:\/\/biblioteca.blanes.cat\/salajove\/2018\/10\/25\/bollere-2018-terminis-i-presentacio-doriginals\/\" \/>\n<meta property=\"og:site_name\" content=\"Sala Jove\" \/>\n<meta property=\"article:publisher\" content=\"https:\/\/www.facebook.com\/BilbiotecaComarcaldeBlanes\/\" \/>\n<meta property=\"article:published_time\" content=\"2018-10-25T12:48:04+00:00\" \/>\n<meta property=\"article:modified_time\" content=\"2018-10-25T14:56:21+00:00\" \/>\n<meta property=\"og:image\" content=\"https:\/\/biblioteca.blanes.cat\/salajove\/wp-content\/uploads\/sites\/3\/2017\/09\/Instagram-ConcursLiterari_Boller\u00e92018.png\" \/>\n\t<meta property=\"og:image:width\" content=\"700\" \/>\n\t<meta property=\"og:image:height\" content=\"700\" \/>\n\t<meta property=\"og:image:type\" content=\"image\/png\" \/>\n<meta name=\"author\" content=\"biblioblanes\" \/>\n<meta name=\"twitter:card\" content=\"summary_large_image\" \/>\n<meta name=\"twitter:creator\" content=\"@biblioblanes\" \/>\n<meta name=\"twitter:site\" content=\"@BiblioBlanes\" \/>\n<meta name=\"twitter:label1\" content=\"Escrit per\" \/>\n\t<meta name=\"twitter:data1\" content=\"biblioblanes\" \/>\n\t<meta name=\"twitter:label2\" content=\"Temps estimat de lectura\" \/>\n\t<meta name=\"twitter:data2\" content=\"1 minut\" \/>\n<script type=\"application\/ld+json\" class=\"yoast-schema-graph\">{\"@context\":\"https:\\\/\\\/schema.org\",\"@graph\":[{\"@type\":\"Article\",\"@id\":\"https:\\\/\\\/biblioteca.blanes.cat\\\/salajove\\\/2018\\\/10\\\/25\\\/bollere-2018-terminis-i-presentacio-doriginals\\\/#article\",\"isPartOf\":{\"@id\":\"https:\\\/\\\/biblioteca.blanes.cat\\\/salajove\\\/2018\\\/10\\\/25\\\/bollere-2018-terminis-i-presentacio-doriginals\\\/\"},\"author\":{\"name\":\"biblioblanes\",\"@id\":\"https:\\\/\\\/biblioteca.blanes.cat\\\/salajove\\\/#\\\/schema\\\/person\\\/5a7b46760d9dd611d098bbf571a341dc\"},\"headline\":\"Boller\u00e9 2018 &#8211; Terminis i Presentaci\u00f3 d&#8217;originals\",\"datePublished\":\"2018-10-25T12:48:04+00:00\",\"dateModified\":\"2018-10-25T14:56:21+00:00\",\"mainEntityOfPage\":{\"@id\":\"https:\\\/\\\/biblioteca.blanes.cat\\\/salajove\\\/2018\\\/10\\\/25\\\/bollere-2018-terminis-i-presentacio-doriginals\\\/\"},\"wordCount\":253,\"commentCount\":0,\"publisher\":{\"@id\":\"https:\\\/\\\/biblioteca.blanes.cat\\\/salajove\\\/#organization\"},\"image\":{\"@id\":\"https:\\\/\\\/biblioteca.blanes.cat\\\/salajove\\\/2018\\\/10\\\/25\\\/bollere-2018-terminis-i-presentacio-doriginals\\\/#primaryimage\"},\"thumbnailUrl\":\"https:\\\/\\\/biblioteca.blanes.cat\\\/salajove\\\/wp-content\\\/uploads\\\/sites\\\/3\\\/2017\\\/09\\\/Instagram-ConcursLiterari_Boller\u00e92018.png\",\"keywords\":[\"#Boller\u00e9\",\"#Cert\u00e0men\",\"#Concurs\",\"#Escriptura\",\"#Premis\",\"#Terminis\"],\"articleSection\":[\"Boller\u00e9\",\"Premis Literaris\"],\"inLanguage\":\"ca\",\"potentialAction\":[{\"@type\":\"CommentAction\",\"name\":\"Comment\",\"target\":[\"https:\\\/\\\/biblioteca.blanes.cat\\\/salajove\\\/2018\\\/10\\\/25\\\/bollere-2018-terminis-i-presentacio-doriginals\\\/#respond\"]}]},{\"@type\":\"WebPage\",\"@id\":\"https:\\\/\\\/biblioteca.blanes.cat\\\/salajove\\\/2018\\\/10\\\/25\\\/bollere-2018-terminis-i-presentacio-doriginals\\\/\",\"url\":\"https:\\\/\\\/biblioteca.blanes.cat\\\/salajove\\\/2018\\\/10\\\/25\\\/bollere-2018-terminis-i-presentacio-doriginals\\\/\",\"name\":\"Boller\u00e9 2018 - Terminis i Presentaci\u00f3 d'originals - Sala Jove -\",\"isPartOf\":{\"@id\":\"https:\\\/\\\/biblioteca.blanes.cat\\\/salajove\\\/#website\"},\"primaryImageOfPage\":{\"@id\":\"https:\\\/\\\/biblioteca.blanes.cat\\\/salajove\\\/2018\\\/10\\\/25\\\/bollere-2018-terminis-i-presentacio-doriginals\\\/#primaryimage\"},\"image\":{\"@id\":\"https:\\\/\\\/biblioteca.blanes.cat\\\/salajove\\\/2018\\\/10\\\/25\\\/bollere-2018-terminis-i-presentacio-doriginals\\\/#primaryimage\"},\"thumbnailUrl\":\"https:\\\/\\\/biblioteca.blanes.cat\\\/salajove\\\/wp-content\\\/uploads\\\/sites\\\/3\\\/2017\\\/09\\\/Instagram-ConcursLiterari_Boller\u00e92018.png\",\"datePublished\":\"2018-10-25T12:48:04+00:00\",\"dateModified\":\"2018-10-25T14:56:21+00:00\",\"description\":\"Boller\u00e9 2018 - Terminis i Presentaci\u00f3 d'originals - Sala Jove - Es poden presentar els treballs originals del 2 al 30 de novembre de 2018. + novetats ....\",\"breadcrumb\":{\"@id\":\"https:\\\/\\\/biblioteca.blanes.cat\\\/salajove\\\/2018\\\/10\\\/25\\\/bollere-2018-terminis-i-presentacio-doriginals\\\/#breadcrumb\"},\"inLanguage\":\"ca\",\"potentialAction\":[{\"@type\":\"ReadAction\",\"target\":[\"https:\\\/\\\/biblioteca.blanes.cat\\\/salajove\\\/2018\\\/10\\\/25\\\/bollere-2018-terminis-i-presentacio-doriginals\\\/\"]}]},{\"@type\":\"ImageObject\",\"inLanguage\":\"ca\",\"@id\":\"https:\\\/\\\/biblioteca.blanes.cat\\\/salajove\\\/2018\\\/10\\\/25\\\/bollere-2018-terminis-i-presentacio-doriginals\\\/#primaryimage\",\"url\":\"https:\\\/\\\/biblioteca.blanes.cat\\\/salajove\\\/wp-content\\\/uploads\\\/sites\\\/3\\\/2017\\\/09\\\/Instagram-ConcursLiterari_Boller\u00e92018.png\",\"contentUrl\":\"https:\\\/\\\/biblioteca.blanes.cat\\\/salajove\\\/wp-content\\\/uploads\\\/sites\\\/3\\\/2017\\\/09\\\/Instagram-ConcursLiterari_Boller\u00e92018.png\",\"width\":700,\"height\":700},{\"@type\":\"BreadcrumbList\",\"@id\":\"https:\\\/\\\/biblioteca.blanes.cat\\\/salajove\\\/2018\\\/10\\\/25\\\/bollere-2018-terminis-i-presentacio-doriginals\\\/#breadcrumb\",\"itemListElement\":[{\"@type\":\"ListItem\",\"position\":1,\"name\":\"Inici\",\"item\":\"https:\\\/\\\/biblioteca.blanes.cat\\\/salajove\\\/\"},{\"@type\":\"ListItem\",\"position\":2,\"name\":\"Boller\u00e9 2018 &#8211; Terminis i Presentaci\u00f3 d&#8217;originals\"}]},{\"@type\":\"WebSite\",\"@id\":\"https:\\\/\\\/biblioteca.blanes.cat\\\/salajove\\\/#website\",\"url\":\"https:\\\/\\\/biblioteca.blanes.cat\\\/salajove\\\/\",\"name\":\"Sala Jove\",\"description\":\"Biblioteca Comarcal de Blanes\",\"publisher\":{\"@id\":\"https:\\\/\\\/biblioteca.blanes.cat\\\/salajove\\\/#organization\"},\"potentialAction\":[{\"@type\":\"SearchAction\",\"target\":{\"@type\":\"EntryPoint\",\"urlTemplate\":\"https:\\\/\\\/biblioteca.blanes.cat\\\/salajove\\\/?s={search_term_string}\"},\"query-input\":{\"@type\":\"PropertyValueSpecification\",\"valueRequired\":true,\"valueName\":\"search_term_string\"}}],\"inLanguage\":\"ca\"},{\"@type\":\"Organization\",\"@id\":\"https:\\\/\\\/biblioteca.blanes.cat\\\/salajove\\\/#organization\",\"name\":\"Biblioteca Comarcal de Blanes\",\"url\":\"https:\\\/\\\/biblioteca.blanes.cat\\\/salajove\\\/\",\"logo\":{\"@type\":\"ImageObject\",\"inLanguage\":\"ca\",\"@id\":\"https:\\\/\\\/biblioteca.blanes.cat\\\/salajove\\\/#\\\/schema\\\/logo\\\/image\\\/\",\"url\":\"https:\\\/\\\/biblioteca.blanes.cat\\\/salajove\\\/wp-content\\\/uploads\\\/sites\\\/3\\\/2017\\\/09\\\/cropped-Bib-blau-e1518869380535.png\",\"contentUrl\":\"https:\\\/\\\/biblioteca.blanes.cat\\\/salajove\\\/wp-content\\\/uploads\\\/sites\\\/3\\\/2017\\\/09\\\/cropped-Bib-blau-e1518869380535.png\",\"width\":166,\"height\":166,\"caption\":\"Biblioteca Comarcal de Blanes\"},\"image\":{\"@id\":\"https:\\\/\\\/biblioteca.blanes.cat\\\/salajove\\\/#\\\/schema\\\/logo\\\/image\\\/\"},\"sameAs\":[\"https:\\\/\\\/www.facebook.com\\\/BilbiotecaComarcaldeBlanes\\\/\",\"https:\\\/\\\/x.com\\\/BiblioBlanes\",\"https:\\\/\\\/www.instagram.com\\\/biblioblanes\\\/\",\"https:\\\/\\\/www.pinterest.es\\\/bblanes\\\/\",\"https:\\\/\\\/www.youtube.com\\\/c\\\/BibliotecaComarcalBlanes\"]},{\"@type\":\"Person\",\"@id\":\"https:\\\/\\\/biblioteca.blanes.cat\\\/salajove\\\/#\\\/schema\\\/person\\\/5a7b46760d9dd611d098bbf571a341dc\",\"name\":\"biblioblanes\",\"image\":{\"@type\":\"ImageObject\",\"inLanguage\":\"ca\",\"@id\":\"https:\\\/\\\/secure.gravatar.com\\\/avatar\\\/6593ca6cc90e5a70939f51c95e8315483b9c281bafba597292bee47992030f99?s=96&d=mm&r=g\",\"url\":\"https:\\\/\\\/secure.gravatar.com\\\/avatar\\\/6593ca6cc90e5a70939f51c95e8315483b9c281bafba597292bee47992030f99?s=96&d=mm&r=g\",\"contentUrl\":\"https:\\\/\\\/secure.gravatar.com\\\/avatar\\\/6593ca6cc90e5a70939f51c95e8315483b9c281bafba597292bee47992030f99?s=96&d=mm&r=g\",\"caption\":\"biblioblanes\"},\"sameAs\":[\"http:\\\/\\\/www.bibgirona.cat\\\/biblioteca\\\/blanes\",\"https:\\\/\\\/x.com\\\/biblioblanes\"],\"url\":\"https:\\\/\\\/biblioteca.blanes.cat\\\/salajove\\\/author\\\/biblioblanes\\\/\"}]}<\/script>\n<!-- \/ Yoast SEO plugin. -->","yoast_head_json":{"title":"Boller\u00e9 2018 - Terminis i Presentaci\u00f3 d'originals - Sala Jove -","description":"Boller\u00e9 2018 - Terminis i Presentaci\u00f3 d'originals - Sala Jove - Es poden presentar els treballs originals del 2 al 30 de novembre de 2018. + novetats ....","robots":{"index":"index","follow":"follow","max-snippet":"max-snippet:-1","max-image-preview":"max-image-preview:large","max-video-preview":"max-video-preview:-1"},"canonical":"https:\/\/biblioteca.blanes.cat\/salajove\/2018\/10\/25\/bollere-2018-terminis-i-presentacio-doriginals\/","og_locale":"ca_ES","og_type":"article","og_title":"Boller\u00e9 2018 - Terminis i Presentaci\u00f3 d'originals - Sala Jove -","og_description":"Boller\u00e9 2018 - Terminis i Presentaci\u00f3 d'originals - Sala Jove - Es poden presentar els treballs originals del 2 al 30 de novembre de 2018. + novetats ....","og_url":"https:\/\/biblioteca.blanes.cat\/salajove\/2018\/10\/25\/bollere-2018-terminis-i-presentacio-doriginals\/","og_site_name":"Sala Jove","article_publisher":"https:\/\/www.facebook.com\/BilbiotecaComarcaldeBlanes\/","article_published_time":"2018-10-25T12:48:04+00:00","article_modified_time":"2018-10-25T14:56:21+00:00","og_image":[{"width":700,"height":700,"url":"https:\/\/biblioteca.blanes.cat\/salajove\/wp-content\/uploads\/sites\/3\/2017\/09\/Instagram-ConcursLiterari_Boller\u00e92018.png","type":"image\/png"}],"author":"biblioblanes","twitter_card":"summary_large_image","twitter_creator":"@biblioblanes","twitter_site":"@BiblioBlanes","twitter_misc":{"Escrit per":"biblioblanes","Temps estimat de lectura":"1 minut"},"schema":{"@context":"https:\/\/schema.org","@graph":[{"@type":"Article","@id":"https:\/\/biblioteca.blanes.cat\/salajove\/2018\/10\/25\/bollere-2018-terminis-i-presentacio-doriginals\/#article","isPartOf":{"@id":"https:\/\/biblioteca.blanes.cat\/salajove\/2018\/10\/25\/bollere-2018-terminis-i-presentacio-doriginals\/"},"author":{"name":"biblioblanes","@id":"https:\/\/biblioteca.blanes.cat\/salajove\/#\/schema\/person\/5a7b46760d9dd611d098bbf571a341dc"},"headline":"Boller\u00e9 2018 &#8211; Terminis i Presentaci\u00f3 d&#8217;originals","datePublished":"2018-10-25T12:48:04+00:00","dateModified":"2018-10-25T14:56:21+00:00","mainEntityOfPage":{"@id":"https:\/\/biblioteca.blanes.cat\/salajove\/2018\/10\/25\/bollere-2018-terminis-i-presentacio-doriginals\/"},"wordCount":253,"commentCount":0,"publisher":{"@id":"https:\/\/biblioteca.blanes.cat\/salajove\/#organization"},"image":{"@id":"https:\/\/biblioteca.blanes.cat\/salajove\/2018\/10\/25\/bollere-2018-terminis-i-presentacio-doriginals\/#primaryimage"},"thumbnailUrl":"https:\/\/biblioteca.blanes.cat\/salajove\/wp-content\/uploads\/sites\/3\/2017\/09\/Instagram-ConcursLiterari_Boller\u00e92018.png","keywords":["#Boller\u00e9","#Cert\u00e0men","#Concurs","#Escriptura","#Premis","#Terminis"],"articleSection":["Boller\u00e9","Premis Literaris"],"inLanguage":"ca","potentialAction":[{"@type":"CommentAction","name":"Comment","target":["https:\/\/biblioteca.blanes.cat\/salajove\/2018\/10\/25\/bollere-2018-terminis-i-presentacio-doriginals\/#respond"]}]},{"@type":"WebPage","@id":"https:\/\/biblioteca.blanes.cat\/salajove\/2018\/10\/25\/bollere-2018-terminis-i-presentacio-doriginals\/","url":"https:\/\/biblioteca.blanes.cat\/salajove\/2018\/10\/25\/bollere-2018-terminis-i-presentacio-doriginals\/","name":"Boller\u00e9 2018 - Terminis i Presentaci\u00f3 d'originals - Sala Jove -","isPartOf":{"@id":"https:\/\/biblioteca.blanes.cat\/salajove\/#website"},"primaryImageOfPage":{"@id":"https:\/\/biblioteca.blanes.cat\/salajove\/2018\/10\/25\/bollere-2018-terminis-i-presentacio-doriginals\/#primaryimage"},"image":{"@id":"https:\/\/biblioteca.blanes.cat\/salajove\/2018\/10\/25\/bollere-2018-terminis-i-presentacio-doriginals\/#primaryimage"},"thumbnailUrl":"https:\/\/biblioteca.blanes.cat\/salajove\/wp-content\/uploads\/sites\/3\/2017\/09\/Instagram-ConcursLiterari_Boller\u00e92018.png","datePublished":"2018-10-25T12:48:04+00:00","dateModified":"2018-10-25T14:56:21+00:00","description":"Boller\u00e9 2018 - Terminis i Presentaci\u00f3 d'originals - Sala Jove - Es poden presentar els treballs originals del 2 al 30 de novembre de 2018. + novetats ....","breadcrumb":{"@id":"https:\/\/biblioteca.blanes.cat\/salajove\/2018\/10\/25\/bollere-2018-terminis-i-presentacio-doriginals\/#breadcrumb"},"inLanguage":"ca","potentialAction":[{"@type":"ReadAction","target":["https:\/\/biblioteca.blanes.cat\/salajove\/2018\/10\/25\/bollere-2018-terminis-i-presentacio-doriginals\/"]}]},{"@type":"ImageObject","inLanguage":"ca","@id":"https:\/\/biblioteca.blanes.cat\/salajove\/2018\/10\/25\/bollere-2018-terminis-i-presentacio-doriginals\/#primaryimage","url":"https:\/\/biblioteca.blanes.cat\/salajove\/wp-content\/uploads\/sites\/3\/2017\/09\/Instagram-ConcursLiterari_Boller\u00e92018.png","contentUrl":"https:\/\/biblioteca.blanes.cat\/salajove\/wp-content\/uploads\/sites\/3\/2017\/09\/Instagram-ConcursLiterari_Boller\u00e92018.png","width":700,"height":700},{"@type":"BreadcrumbList","@id":"https:\/\/biblioteca.blanes.cat\/salajove\/2018\/10\/25\/bollere-2018-terminis-i-presentacio-doriginals\/#breadcrumb","itemListElement":[{"@type":"ListItem","position":1,"name":"Inici","item":"https:\/\/biblioteca.blanes.cat\/salajove\/"},{"@type":"ListItem","position":2,"name":"Boller\u00e9 2018 &#8211; Terminis i Presentaci\u00f3 d&#8217;originals"}]},{"@type":"WebSite","@id":"https:\/\/biblioteca.blanes.cat\/salajove\/#website","url":"https:\/\/biblioteca.blanes.cat\/salajove\/","name":"Sala Jove","description":"Biblioteca Comarcal de Blanes","publisher":{"@id":"https:\/\/biblioteca.blanes.cat\/salajove\/#organization"},"potentialAction":[{"@type":"SearchAction","target":{"@type":"EntryPoint","urlTemplate":"https:\/\/biblioteca.blanes.cat\/salajove\/?s={search_term_string}"},"query-input":{"@type":"PropertyValueSpecification","valueRequired":true,"valueName":"search_term_string"}}],"inLanguage":"ca"},{"@type":"Organization","@id":"https:\/\/biblioteca.blanes.cat\/salajove\/#organization","name":"Biblioteca Comarcal de Blanes","url":"https:\/\/biblioteca.blanes.cat\/salajove\/","logo":{"@type":"ImageObject","inLanguage":"ca","@id":"https:\/\/biblioteca.blanes.cat\/salajove\/#\/schema\/logo\/image\/","url":"https:\/\/biblioteca.blanes.cat\/salajove\/wp-content\/uploads\/sites\/3\/2017\/09\/cropped-Bib-blau-e1518869380535.png","contentUrl":"https:\/\/biblioteca.blanes.cat\/salajove\/wp-content\/uploads\/sites\/3\/2017\/09\/cropped-Bib-blau-e1518869380535.png","width":166,"height":166,"caption":"Biblioteca Comarcal de Blanes"},"image":{"@id":"https:\/\/biblioteca.blanes.cat\/salajove\/#\/schema\/logo\/image\/"},"sameAs":["https:\/\/www.facebook.com\/BilbiotecaComarcaldeBlanes\/","https:\/\/x.com\/BiblioBlanes","https:\/\/www.instagram.com\/biblioblanes\/","https:\/\/www.pinterest.es\/bblanes\/","https:\/\/www.youtube.com\/c\/BibliotecaComarcalBlanes"]},{"@type":"Person","@id":"https:\/\/biblioteca.blanes.cat\/salajove\/#\/schema\/person\/5a7b46760d9dd611d098bbf571a341dc","name":"biblioblanes","image":{"@type":"ImageObject","inLanguage":"ca","@id":"https:\/\/secure.gravatar.com\/avatar\/6593ca6cc90e5a70939f51c95e8315483b9c281bafba597292bee47992030f99?s=96&d=mm&r=g","url":"https:\/\/secure.gravatar.com\/avatar\/6593ca6cc90e5a70939f51c95e8315483b9c281bafba597292bee47992030f99?s=96&d=mm&r=g","contentUrl":"https:\/\/secure.gravatar.com\/avatar\/6593ca6cc90e5a70939f51c95e8315483b9c281bafba597292bee47992030f99?s=96&d=mm&r=g","caption":"biblioblanes"},"sameAs":["http:\/\/www.bibgirona.cat\/biblioteca\/blanes","https:\/\/x.com\/biblioblanes"],"url":"https:\/\/biblioteca.blanes.cat\/salajove\/author\/biblioblanes\/"}]}},"_links":{"self":[{"href":"https:\/\/biblioteca.blanes.cat\/salajove\/wp-json\/wp\/v2\/posts\/2050","targetHints":{"allow":["GET"]}}],"collection":[{"href":"https:\/\/biblioteca.blanes.cat\/salajove\/wp-json\/wp\/v2\/posts"}],"about":[{"href":"https:\/\/biblioteca.blanes.cat\/salajove\/wp-json\/wp\/v2\/types\/post"}],"author":[{"embeddable":true,"href":"https:\/\/biblioteca.blanes.cat\/salajove\/wp-json\/wp\/v2\/users\/4"}],"replies":[{"embeddable":true,"href":"https:\/\/biblioteca.blanes.cat\/salajove\/wp-json\/wp\/v2\/comments?post=2050"}],"version-history":[{"count":11,"href":"https:\/\/biblioteca.blanes.cat\/salajove\/wp-json\/wp\/v2\/posts\/2050\/revisions"}],"predecessor-version":[{"id":2067,"href":"https:\/\/biblioteca.blanes.cat\/salajove\/wp-json\/wp\/v2\/posts\/2050\/revisions\/2067"}],"wp:featuredmedia":[{"embeddable":true,"href":"https:\/\/biblioteca.blanes.cat\/salajove\/wp-json\/wp\/v2\/media\/1621"}],"wp:attachment":[{"href":"https:\/\/biblioteca.blanes.cat\/salajove\/wp-json\/wp\/v2\/media?parent=2050"}],"wp:term":[{"taxonomy":"category","embeddable":true,"href":"https:\/\/biblioteca.blanes.cat\/salajove\/wp-json\/wp\/v2\/categories?post=2050"},{"taxonomy":"post_tag","embeddable":true,"href":"https:\/\/biblioteca.blanes.cat\/salajove\/wp-json\/wp\/v2\/tags?post=2050"}],"curies":[{"name":"wp","href":"https:\/\/api.w.org\/{rel}","templated":true}]}}