{"id":2024,"date":"2018-10-20T11:19:36","date_gmt":"2018-10-20T10:19:36","guid":{"rendered":"https:\/\/biblioteca.blanes.cat\/salajove\/?p=2024"},"modified":"2018-11-09T18:50:49","modified_gmt":"2018-11-09T17:50:49","slug":"club-de-lectura-jove-petitprincep","status":"publish","type":"post","link":"https:\/\/biblioteca.blanes.cat\/salajove\/2018\/10\/20\/club-de-lectura-jove-petitprincep\/","title":{"rendered":"CLJ: Octubre 2018"},"content":{"rendered":"<h1 style=\"text-align: center;\">Biblioteca Jove &#8211; Biblioblanes:<\/h1>\n<h2 style=\"text-align: center;\">Al Club de lectura Jove aquest mes hem comentat<\/h2>\n<h2 style=\"text-align: center;\">El petit pr\u00edncep\u00a0 d&#8217; Antoine de Saint-Exup\u00e9ry.<\/h2>\n<p style=\"text-align: justify;\">\u00a0<\/p>\n<p style=\"text-align: justify;\">Despr\u00e9s d&#8217;unes merescudes vacances d&#8217;estiu hem estrenat temporada molt contents<!--more--> ja qu\u00e8 aquest curs hem ampliat el nombre de participants. Hem d&#8217;explicar que a part dels fidels nois i noies que ja venien l&#8217;any passat, s&#8217;han sumat els que es van diplomar el curs anterior del Club de lectura infantil, i altres que engrescats des dels instituts tamb\u00e9 s&#8217;han animat a pertanyer al Club de la Biblioteca.<\/p>\n<p style=\"text-align: justify;\">Aquesta primera trobada ha estat multitudin\u00e0ria. Primer perqu\u00e8 hem crescut en nombre i despr\u00e9s perqu\u00e8 hem volgut compartir aquesta sessi\u00f3 amb els nois i noies del Club infantil. Hem comentat <strong>&#8220;El petit pr\u00edncep&#8221; d&#8217; Antoine de Saint-Exup\u00e9ry<\/strong>, aprofitant l&#8217;efem\u00e8ride del <strong>75 aniversari<\/strong> de la p\u00fablicaci\u00f3 d&#8217;aquesta novel\u00b7la (<strong><span class=\"st\">6 d&#8217;abril de 1943<\/span><\/strong>) apta per a tots els publics.<\/p>\n<p style=\"text-align: justify;\">El comentari s&#8217;ha desenvolupat davant moltes emocions: con\u00e8ixer gent nova, compartir inquietuts, comentar un llibre que es pot llegir des de diferents punts de vista. Per comen\u00e7ar hem fet una ronda de presentaci\u00f3, per\u00f2 no de les t\u00edpiques, no. Hem dit el nom i hem contestat de forma r\u00e0pida la pregunta que ens feia la conductora del club ( en aquesta ocasi\u00f3 la Ver\u00f2nica o la Montse): &#8220;Quin llibre et portaries a una illa deserta?&#8221;, &#8220;Quin llibre recomanaries al teu pitjor enemic?&#8221;, &#8221; llegeixes al labavo?&#8221;, &#8221; mires el final del llibre abans de comen\u00e7ar?&#8221; &#8230;<\/p>\n<p style=\"text-align: justify;\">Tot seguit hem fet el comentari del llibre mitjan\u00e7ant frases i il\u00b7lustracions. Hem fet parelles barrejant-nos amb els nois del Club infantil. Ha estat un intercanvi d&#8217;impresions molt enriquidor. I quan hem fet la posta en com\u00fa hi han hagut reflexions profundes sobre temes com l&#8217;amor, l&#8217;amistat, la mort, la inf\u00e0ncia i l&#8217;adultesa. Reflexions que s&#8217;havien de viure en directe perqu\u00e8 feien posar pell de gallina. \u00c9s cert&#8230;<\/p>\n<blockquote style=\"background-color: #e6e6ff;\">\n<h2>\u00a0<\/h2>\n<h2 style=\"text-align: center;\">&#8221; Nom\u00e9s s\u2019hi veu b\u00e9 amb el cor.<\/h2>\n<h2 style=\"text-align: center;\">L\u2019essencial \u00e9s invisible als ulls.&#8221;<\/h2>\n<div class=\"canvasWrapper\" style=\"text-align: center;\">\u00a0<\/div>\n<\/blockquote>\n<p style=\"text-align: center;\">\u00a0<\/p>\n<p style=\"text-align: center;\"><a href=\"https:\/\/biblioteca.blanes.cat\/salajove\/wp-content\/uploads\/sites\/3\/2018\/10\/BiblioBlanes_cliclj_octubre2018.jpg\" target=\"_blank\" rel=\"noopener\"><img decoding=\"async\" class=\"alignnone wp-image-2028 size-thumbnail\" src=\"https:\/\/biblioteca.blanes.cat\/salajove\/wp-content\/uploads\/sites\/3\/2018\/10\/BiblioBlanes_cliclj_octubre2018-150x150.jpg\" alt=\"Club de lectura Jove\" width=\"150\" height=\"150\" srcset=\"https:\/\/biblioteca.blanes.cat\/salajove\/wp-content\/uploads\/sites\/3\/2018\/10\/BiblioBlanes_cliclj_octubre2018-150x150.jpg 150w, https:\/\/biblioteca.blanes.cat\/salajove\/wp-content\/uploads\/sites\/3\/2018\/10\/BiblioBlanes_cliclj_octubre2018-270x270.jpg 270w, https:\/\/biblioteca.blanes.cat\/salajove\/wp-content\/uploads\/sites\/3\/2018\/10\/BiblioBlanes_cliclj_octubre2018-230x230.jpg 230w\" sizes=\"(max-width: 150px) 100vw, 150px\" \/><\/a> <a href=\"https:\/\/biblioteca.blanes.cat\/salajove\/wp-content\/uploads\/sites\/3\/2018\/10\/Biblioblanes-clj-octubre-2018-16.jpg\" target=\"_blank\" rel=\"noopener\"><img decoding=\"async\" class=\"alignnone wp-image-2034 size-thumbnail\" src=\"https:\/\/biblioteca.blanes.cat\/salajove\/wp-content\/uploads\/sites\/3\/2018\/10\/Biblioblanes-clj-octubre-2018-16-150x150.jpg\" alt=\"Club de lectura Jove\" width=\"150\" height=\"150\" srcset=\"https:\/\/biblioteca.blanes.cat\/salajove\/wp-content\/uploads\/sites\/3\/2018\/10\/Biblioblanes-clj-octubre-2018-16-150x150.jpg 150w, https:\/\/biblioteca.blanes.cat\/salajove\/wp-content\/uploads\/sites\/3\/2018\/10\/Biblioblanes-clj-octubre-2018-16-270x270.jpg 270w, https:\/\/biblioteca.blanes.cat\/salajove\/wp-content\/uploads\/sites\/3\/2018\/10\/Biblioblanes-clj-octubre-2018-16-230x230.jpg 230w\" sizes=\"(max-width: 150px) 100vw, 150px\" \/><\/a> <a href=\"https:\/\/biblioteca.blanes.cat\/salajove\/wp-content\/uploads\/sites\/3\/2018\/10\/Biblioblanes-clj-octubre-2018-7.jpg\" target=\"_blank\" rel=\"noopener\"><img decoding=\"async\" class=\"alignnone wp-image-2033 size-thumbnail\" src=\"https:\/\/biblioteca.blanes.cat\/salajove\/wp-content\/uploads\/sites\/3\/2018\/10\/Biblioblanes-clj-octubre-2018-7-150x150.jpg\" alt=\"Club de lectura Jove\" width=\"150\" height=\"150\" srcset=\"https:\/\/biblioteca.blanes.cat\/salajove\/wp-content\/uploads\/sites\/3\/2018\/10\/Biblioblanes-clj-octubre-2018-7-150x150.jpg 150w, https:\/\/biblioteca.blanes.cat\/salajove\/wp-content\/uploads\/sites\/3\/2018\/10\/Biblioblanes-clj-octubre-2018-7-270x270.jpg 270w, https:\/\/biblioteca.blanes.cat\/salajove\/wp-content\/uploads\/sites\/3\/2018\/10\/Biblioblanes-clj-octubre-2018-7-230x230.jpg 230w\" sizes=\"(max-width: 150px) 100vw, 150px\" \/><\/a> <a href=\"https:\/\/biblioteca.blanes.cat\/salajove\/wp-content\/uploads\/sites\/3\/2018\/10\/Biblioblanes-clj-octubre-2018-3.jpg\" target=\"_blank\" rel=\"noopener\"><img loading=\"lazy\" decoding=\"async\" class=\"alignnone wp-image-2032 size-thumbnail\" src=\"https:\/\/biblioteca.blanes.cat\/salajove\/wp-content\/uploads\/sites\/3\/2018\/10\/Biblioblanes-clj-octubre-2018-3-150x150.jpg\" alt=\"Club de lectura Jove\" width=\"150\" height=\"150\" srcset=\"https:\/\/biblioteca.blanes.cat\/salajove\/wp-content\/uploads\/sites\/3\/2018\/10\/Biblioblanes-clj-octubre-2018-3-150x150.jpg 150w, https:\/\/biblioteca.blanes.cat\/salajove\/wp-content\/uploads\/sites\/3\/2018\/10\/Biblioblanes-clj-octubre-2018-3-270x270.jpg 270w, https:\/\/biblioteca.blanes.cat\/salajove\/wp-content\/uploads\/sites\/3\/2018\/10\/Biblioblanes-clj-octubre-2018-3-230x230.jpg 230w\" sizes=\"(max-width: 150px) 100vw, 150px\" \/><\/a> <a href=\"https:\/\/biblioteca.blanes.cat\/salajove\/wp-content\/uploads\/sites\/3\/2018\/10\/Biblioblanes-clj-octubre-2018-2.jpg\" target=\"_blank\" rel=\"noopener\"><img loading=\"lazy\" decoding=\"async\" class=\"alignnone wp-image-2031 size-thumbnail\" src=\"https:\/\/biblioteca.blanes.cat\/salajove\/wp-content\/uploads\/sites\/3\/2018\/10\/Biblioblanes-clj-octubre-2018-2-150x150.jpg\" alt=\"Club de lectura Jove\" width=\"150\" height=\"150\" srcset=\"https:\/\/biblioteca.blanes.cat\/salajove\/wp-content\/uploads\/sites\/3\/2018\/10\/Biblioblanes-clj-octubre-2018-2-150x150.jpg 150w, https:\/\/biblioteca.blanes.cat\/salajove\/wp-content\/uploads\/sites\/3\/2018\/10\/Biblioblanes-clj-octubre-2018-2-270x270.jpg 270w, https:\/\/biblioteca.blanes.cat\/salajove\/wp-content\/uploads\/sites\/3\/2018\/10\/Biblioblanes-clj-octubre-2018-2-230x230.jpg 230w\" sizes=\"(max-width: 150px) 100vw, 150px\" \/><\/a> <a href=\"https:\/\/biblioteca.blanes.cat\/salajove\/wp-content\/uploads\/sites\/3\/2018\/10\/Biblioblanes-clj-octubre-2018-1.jpg\" target=\"_blank\" rel=\"noopener\"><img loading=\"lazy\" decoding=\"async\" class=\"alignnone wp-image-2030 size-thumbnail\" src=\"https:\/\/biblioteca.blanes.cat\/salajove\/wp-content\/uploads\/sites\/3\/2018\/10\/Biblioblanes-clj-octubre-2018-1-150x150.jpg\" alt=\"Club de lectura Jove\" width=\"150\" height=\"150\" srcset=\"https:\/\/biblioteca.blanes.cat\/salajove\/wp-content\/uploads\/sites\/3\/2018\/10\/Biblioblanes-clj-octubre-2018-1-150x150.jpg 150w, https:\/\/biblioteca.blanes.cat\/salajove\/wp-content\/uploads\/sites\/3\/2018\/10\/Biblioblanes-clj-octubre-2018-1-270x270.jpg 270w, https:\/\/biblioteca.blanes.cat\/salajove\/wp-content\/uploads\/sites\/3\/2018\/10\/Biblioblanes-clj-octubre-2018-1-230x230.jpg 230w\" sizes=\"(max-width: 150px) 100vw, 150px\" \/><\/a> <a href=\"https:\/\/biblioteca.blanes.cat\/salajove\/wp-content\/uploads\/sites\/3\/2018\/10\/Biblioblanes-clj-octubre-2018-17.jpg\" target=\"_blank\" rel=\"noopener\"><img loading=\"lazy\" decoding=\"async\" class=\"alignnone wp-image-2029 size-thumbnail\" src=\"https:\/\/biblioteca.blanes.cat\/salajove\/wp-content\/uploads\/sites\/3\/2018\/10\/Biblioblanes-clj-octubre-2018-17-150x150.jpg\" alt=\"Club de lectura Jove\" width=\"150\" height=\"150\" srcset=\"https:\/\/biblioteca.blanes.cat\/salajove\/wp-content\/uploads\/sites\/3\/2018\/10\/Biblioblanes-clj-octubre-2018-17-150x150.jpg 150w, https:\/\/biblioteca.blanes.cat\/salajove\/wp-content\/uploads\/sites\/3\/2018\/10\/Biblioblanes-clj-octubre-2018-17-270x270.jpg 270w, https:\/\/biblioteca.blanes.cat\/salajove\/wp-content\/uploads\/sites\/3\/2018\/10\/Biblioblanes-clj-octubre-2018-17-230x230.jpg 230w\" sizes=\"(max-width: 150px) 100vw, 150px\" \/><\/a><\/p>\n<p>&nbsp;<\/p>\n<p style=\"text-align: left;\">Aquestes s\u00f3n les frases que hem treballat:<\/p>\n<div class=\"textLayer\">\n<ul>\n<li><span style=\"font-family: Josefin Sans; font-size: 20px;\">Et fas responsable per sempre d\u2019all\u00f2 que has domesticat<\/span><\/li>\n<li><span style=\"font-family: Josefin Sans; font-size: 20px;\">No s&#8217;ha de valorar a les persones per all\u00f2 que tenen sin\u00f2 per all\u00f3 que \u00e9s.<\/span><\/li>\n<li><span style=\"font-family: Josefin Sans; font-size: 20px;\">Et mirar\u00e9 de re\u00fcll i tu no diras res. La paraula \u00e9s la font dels malentesos.<\/span><\/li>\n<li><span style=\"font-family: Josefin Sans; font-size: 20px;\">Quan et deixes domesticar, corres el risc de plorar una mica.<\/span><\/li>\n<li><span style=\"font-family: Josefin Sans; font-size: 20px;\">Els homes ocupen molt poc espai sobre la terra. Les persones grans, no les creeuran, segurament, doncs s&#8217;imaginen que ocupen molt espai.<\/span><\/li>\n<li><span style=\"font-family: Josefin Sans; font-size: 20px;\">Totes les persones grans han comen\u00e7at essent nens. Per\u00f2 n&#8217;hi ha poques que se&#8217;n recordin.<\/span><\/li>\n<li>\n<div><span style=\"font-family: Josefin Sans; font-size: 20px;\">Aqu\u00ed tens el meu secret. \u00c9s molt senzill: nom\u00e9s s\u2019hi veu b\u00e9 amb el cor. L\u2019essencial \u00e9s invisible als ulls.<\/span><\/div>\n<\/li>\n<li><span style=\"font-family: Josefin Sans; font-size: 20px;\">Caminant en linia recta no es pot arribar molt lluny.<\/span><\/li>\n<li><span style=\"font-family: Josefin Sans; font-size: 20px;\">\u00c9s una bojeria odiar a totes les roses nom\u00e9s perqu\u00e8 una et va punxar. Renunciar a tots els teus somnis nom\u00e9s perqu\u00e8 un d&#8217;ells no es va complir.<\/span><\/li>\n<\/ul>\n<p>&nbsp;<\/p>\n<\/div>\n<div>\u00a0<\/div>\n<h2 style=\"text-align: center;\"><a href=\"http:\/\/www.blanes.cat\/biblioteca\" target=\"_blank\" rel=\"noopener\">Biblioteca Comarcal de Blanes<\/a> \u2013 <a href=\"http:\/\/biblioteca.blanes.cat\/salajove\">Sala Jove<\/a><\/h2>\n","protected":false},"excerpt":{"rendered":"<p>Biblioteca Jove &#8211; Biblioblanes: Al Club de lectura Jove aquest mes hem comentat El petit pr\u00edncep\u00a0 d&#8217; Antoine de Saint-Exup\u00e9ry. \u00a0 Despr\u00e9s d&#8217;unes merescudes vacances d&#8217;estiu hem estrenat temporada molt contents<\/p>\n","protected":false},"author":4,"featured_media":1799,"comment_status":"open","ping_status":"open","sticky":false,"template":"","format":"standard","meta":{"sfsi_plus_gutenberg_text_before_share":"","sfsi_plus_gutenberg_show_text_before_share":"","sfsi_plus_gutenberg_icon_type":"","sfsi_plus_gutenberg_icon_alignemt":"","sfsi_plus_gutenburg_max_per_row":"","footnotes":""},"categories":[5],"tags":[24,29,26,19,21,22],"class_list":["post-2024","post","type-post","status-publish","format-standard","has-post-thumbnail","hentry","category-club-de-lectura","tag-activitats","tag-club-de-lectura","tag-lectura","tag-literatura","tag-llibres","tag-ressenya"],"yoast_head":"<!-- This site is optimized with the Yoast SEO plugin v27.5 - https:\/\/yoast.com\/product\/yoast-seo-wordpress\/ -->\n<title>Club de lectura Jove - octubre 2018 - Sala Jove - Biblioblanes<\/title>\n<meta name=\"description\" content=\"Club de lectura Jove - octubre 2018 - Sala Jove - El petit pr\u00edncep d&#039; Antoine de Saint-Exup\u00e9ry. Aquesta primera trobada ha estat multitudin\u00e0ria. Primer ...\" \/>\n<meta name=\"robots\" content=\"index, follow, max-snippet:-1, max-image-preview:large, max-video-preview:-1\" \/>\n<link rel=\"canonical\" href=\"https:\/\/biblioteca.blanes.cat\/salajove\/2018\/10\/20\/club-de-lectura-jove-petitprincep\/\" \/>\n<meta property=\"og:locale\" content=\"ca_ES\" \/>\n<meta property=\"og:type\" content=\"article\" \/>\n<meta property=\"og:title\" content=\"Club de lectura Jove - octubre 2018 - Sala Jove - Biblioblanes\" \/>\n<meta property=\"og:description\" content=\"Club de lectura Jove - octubre 2018 - Sala Jove - El petit pr\u00edncep d&#039; Antoine de Saint-Exup\u00e9ry. Aquesta primera trobada ha estat multitudin\u00e0ria. Primer ...\" \/>\n<meta property=\"og:url\" content=\"https:\/\/biblioteca.blanes.cat\/salajove\/2018\/10\/20\/club-de-lectura-jove-petitprincep\/\" \/>\n<meta property=\"og:site_name\" content=\"Sala Jove\" \/>\n<meta property=\"article:publisher\" content=\"https:\/\/www.facebook.com\/BilbiotecaComarcaldeBlanes\/\" \/>\n<meta property=\"article:published_time\" content=\"2018-10-20T10:19:36+00:00\" \/>\n<meta property=\"article:modified_time\" content=\"2018-11-09T17:50:49+00:00\" \/>\n<meta property=\"og:image\" content=\"https:\/\/biblioteca.blanes.cat\/salajove\/wp-content\/uploads\/sites\/3\/2017\/09\/CLJ_.png\" \/>\n\t<meta property=\"og:image:width\" content=\"3719\" \/>\n\t<meta property=\"og:image:height\" content=\"3719\" \/>\n\t<meta property=\"og:image:type\" content=\"image\/png\" \/>\n<meta name=\"author\" content=\"biblioblanes\" \/>\n<meta name=\"twitter:card\" content=\"summary_large_image\" \/>\n<meta name=\"twitter:creator\" content=\"@biblioblanes\" \/>\n<meta name=\"twitter:site\" content=\"@BiblioBlanes\" \/>\n<meta name=\"twitter:label1\" content=\"Escrit per\" \/>\n\t<meta name=\"twitter:data1\" content=\"biblioblanes\" \/>\n\t<meta name=\"twitter:label2\" content=\"Temps estimat de lectura\" \/>\n\t<meta name=\"twitter:data2\" content=\"3 minuts\" \/>\n<script type=\"application\/ld+json\" class=\"yoast-schema-graph\">{\"@context\":\"https:\\\/\\\/schema.org\",\"@graph\":[{\"@type\":\"Article\",\"@id\":\"https:\\\/\\\/biblioteca.blanes.cat\\\/salajove\\\/2018\\\/10\\\/20\\\/club-de-lectura-jove-petitprincep\\\/#article\",\"isPartOf\":{\"@id\":\"https:\\\/\\\/biblioteca.blanes.cat\\\/salajove\\\/2018\\\/10\\\/20\\\/club-de-lectura-jove-petitprincep\\\/\"},\"author\":{\"name\":\"biblioblanes\",\"@id\":\"https:\\\/\\\/biblioteca.blanes.cat\\\/salajove\\\/#\\\/schema\\\/person\\\/5a7b46760d9dd611d098bbf571a341dc\"},\"headline\":\"CLJ: Octubre 2018\",\"datePublished\":\"2018-10-20T10:19:36+00:00\",\"dateModified\":\"2018-11-09T17:50:49+00:00\",\"mainEntityOfPage\":{\"@id\":\"https:\\\/\\\/biblioteca.blanes.cat\\\/salajove\\\/2018\\\/10\\\/20\\\/club-de-lectura-jove-petitprincep\\\/\"},\"wordCount\":528,\"commentCount\":0,\"publisher\":{\"@id\":\"https:\\\/\\\/biblioteca.blanes.cat\\\/salajove\\\/#organization\"},\"image\":{\"@id\":\"https:\\\/\\\/biblioteca.blanes.cat\\\/salajove\\\/2018\\\/10\\\/20\\\/club-de-lectura-jove-petitprincep\\\/#primaryimage\"},\"thumbnailUrl\":\"https:\\\/\\\/biblioteca.blanes.cat\\\/salajove\\\/wp-content\\\/uploads\\\/sites\\\/3\\\/2017\\\/09\\\/CLJ_.png\",\"keywords\":[\"#Activitats\",\"#ClubdeLectura\",\"#Lectura\",\"#Literatura\",\"#Llibres\",\"#Ressenya\"],\"articleSection\":[\"Club de Lectura\"],\"inLanguage\":\"ca\",\"potentialAction\":[{\"@type\":\"CommentAction\",\"name\":\"Comment\",\"target\":[\"https:\\\/\\\/biblioteca.blanes.cat\\\/salajove\\\/2018\\\/10\\\/20\\\/club-de-lectura-jove-petitprincep\\\/#respond\"]}]},{\"@type\":\"WebPage\",\"@id\":\"https:\\\/\\\/biblioteca.blanes.cat\\\/salajove\\\/2018\\\/10\\\/20\\\/club-de-lectura-jove-petitprincep\\\/\",\"url\":\"https:\\\/\\\/biblioteca.blanes.cat\\\/salajove\\\/2018\\\/10\\\/20\\\/club-de-lectura-jove-petitprincep\\\/\",\"name\":\"Club de lectura Jove - octubre 2018 - Sala Jove - Biblioblanes\",\"isPartOf\":{\"@id\":\"https:\\\/\\\/biblioteca.blanes.cat\\\/salajove\\\/#website\"},\"primaryImageOfPage\":{\"@id\":\"https:\\\/\\\/biblioteca.blanes.cat\\\/salajove\\\/2018\\\/10\\\/20\\\/club-de-lectura-jove-petitprincep\\\/#primaryimage\"},\"image\":{\"@id\":\"https:\\\/\\\/biblioteca.blanes.cat\\\/salajove\\\/2018\\\/10\\\/20\\\/club-de-lectura-jove-petitprincep\\\/#primaryimage\"},\"thumbnailUrl\":\"https:\\\/\\\/biblioteca.blanes.cat\\\/salajove\\\/wp-content\\\/uploads\\\/sites\\\/3\\\/2017\\\/09\\\/CLJ_.png\",\"datePublished\":\"2018-10-20T10:19:36+00:00\",\"dateModified\":\"2018-11-09T17:50:49+00:00\",\"description\":\"Club de lectura Jove - octubre 2018 - Sala Jove - El petit pr\u00edncep d' Antoine de Saint-Exup\u00e9ry. Aquesta primera trobada ha estat multitudin\u00e0ria. Primer ...\",\"breadcrumb\":{\"@id\":\"https:\\\/\\\/biblioteca.blanes.cat\\\/salajove\\\/2018\\\/10\\\/20\\\/club-de-lectura-jove-petitprincep\\\/#breadcrumb\"},\"inLanguage\":\"ca\",\"potentialAction\":[{\"@type\":\"ReadAction\",\"target\":[\"https:\\\/\\\/biblioteca.blanes.cat\\\/salajove\\\/2018\\\/10\\\/20\\\/club-de-lectura-jove-petitprincep\\\/\"]}]},{\"@type\":\"ImageObject\",\"inLanguage\":\"ca\",\"@id\":\"https:\\\/\\\/biblioteca.blanes.cat\\\/salajove\\\/2018\\\/10\\\/20\\\/club-de-lectura-jove-petitprincep\\\/#primaryimage\",\"url\":\"https:\\\/\\\/biblioteca.blanes.cat\\\/salajove\\\/wp-content\\\/uploads\\\/sites\\\/3\\\/2017\\\/09\\\/CLJ_.png\",\"contentUrl\":\"https:\\\/\\\/biblioteca.blanes.cat\\\/salajove\\\/wp-content\\\/uploads\\\/sites\\\/3\\\/2017\\\/09\\\/CLJ_.png\",\"width\":3719,\"height\":3719},{\"@type\":\"BreadcrumbList\",\"@id\":\"https:\\\/\\\/biblioteca.blanes.cat\\\/salajove\\\/2018\\\/10\\\/20\\\/club-de-lectura-jove-petitprincep\\\/#breadcrumb\",\"itemListElement\":[{\"@type\":\"ListItem\",\"position\":1,\"name\":\"Inici\",\"item\":\"https:\\\/\\\/biblioteca.blanes.cat\\\/salajove\\\/\"},{\"@type\":\"ListItem\",\"position\":2,\"name\":\"CLJ: Octubre 2018\"}]},{\"@type\":\"WebSite\",\"@id\":\"https:\\\/\\\/biblioteca.blanes.cat\\\/salajove\\\/#website\",\"url\":\"https:\\\/\\\/biblioteca.blanes.cat\\\/salajove\\\/\",\"name\":\"Sala Jove\",\"description\":\"Biblioteca Comarcal de Blanes\",\"publisher\":{\"@id\":\"https:\\\/\\\/biblioteca.blanes.cat\\\/salajove\\\/#organization\"},\"potentialAction\":[{\"@type\":\"SearchAction\",\"target\":{\"@type\":\"EntryPoint\",\"urlTemplate\":\"https:\\\/\\\/biblioteca.blanes.cat\\\/salajove\\\/?s={search_term_string}\"},\"query-input\":{\"@type\":\"PropertyValueSpecification\",\"valueRequired\":true,\"valueName\":\"search_term_string\"}}],\"inLanguage\":\"ca\"},{\"@type\":\"Organization\",\"@id\":\"https:\\\/\\\/biblioteca.blanes.cat\\\/salajove\\\/#organization\",\"name\":\"Biblioteca Comarcal de Blanes\",\"url\":\"https:\\\/\\\/biblioteca.blanes.cat\\\/salajove\\\/\",\"logo\":{\"@type\":\"ImageObject\",\"inLanguage\":\"ca\",\"@id\":\"https:\\\/\\\/biblioteca.blanes.cat\\\/salajove\\\/#\\\/schema\\\/logo\\\/image\\\/\",\"url\":\"https:\\\/\\\/biblioteca.blanes.cat\\\/salajove\\\/wp-content\\\/uploads\\\/sites\\\/3\\\/2017\\\/09\\\/cropped-Bib-blau-e1518869380535.png\",\"contentUrl\":\"https:\\\/\\\/biblioteca.blanes.cat\\\/salajove\\\/wp-content\\\/uploads\\\/sites\\\/3\\\/2017\\\/09\\\/cropped-Bib-blau-e1518869380535.png\",\"width\":166,\"height\":166,\"caption\":\"Biblioteca Comarcal de Blanes\"},\"image\":{\"@id\":\"https:\\\/\\\/biblioteca.blanes.cat\\\/salajove\\\/#\\\/schema\\\/logo\\\/image\\\/\"},\"sameAs\":[\"https:\\\/\\\/www.facebook.com\\\/BilbiotecaComarcaldeBlanes\\\/\",\"https:\\\/\\\/x.com\\\/BiblioBlanes\",\"https:\\\/\\\/www.instagram.com\\\/biblioblanes\\\/\",\"https:\\\/\\\/www.pinterest.es\\\/bblanes\\\/\",\"https:\\\/\\\/www.youtube.com\\\/c\\\/BibliotecaComarcalBlanes\"]},{\"@type\":\"Person\",\"@id\":\"https:\\\/\\\/biblioteca.blanes.cat\\\/salajove\\\/#\\\/schema\\\/person\\\/5a7b46760d9dd611d098bbf571a341dc\",\"name\":\"biblioblanes\",\"image\":{\"@type\":\"ImageObject\",\"inLanguage\":\"ca\",\"@id\":\"https:\\\/\\\/secure.gravatar.com\\\/avatar\\\/6593ca6cc90e5a70939f51c95e8315483b9c281bafba597292bee47992030f99?s=96&d=mm&r=g\",\"url\":\"https:\\\/\\\/secure.gravatar.com\\\/avatar\\\/6593ca6cc90e5a70939f51c95e8315483b9c281bafba597292bee47992030f99?s=96&d=mm&r=g\",\"contentUrl\":\"https:\\\/\\\/secure.gravatar.com\\\/avatar\\\/6593ca6cc90e5a70939f51c95e8315483b9c281bafba597292bee47992030f99?s=96&d=mm&r=g\",\"caption\":\"biblioblanes\"},\"sameAs\":[\"http:\\\/\\\/www.bibgirona.cat\\\/biblioteca\\\/blanes\",\"https:\\\/\\\/x.com\\\/biblioblanes\"],\"url\":\"https:\\\/\\\/biblioteca.blanes.cat\\\/salajove\\\/author\\\/biblioblanes\\\/\"}]}<\/script>\n<!-- \/ Yoast SEO plugin. -->","yoast_head_json":{"title":"Club de lectura Jove - octubre 2018 - Sala Jove - Biblioblanes","description":"Club de lectura Jove - octubre 2018 - Sala Jove - El petit pr\u00edncep d' Antoine de Saint-Exup\u00e9ry. Aquesta primera trobada ha estat multitudin\u00e0ria. Primer ...","robots":{"index":"index","follow":"follow","max-snippet":"max-snippet:-1","max-image-preview":"max-image-preview:large","max-video-preview":"max-video-preview:-1"},"canonical":"https:\/\/biblioteca.blanes.cat\/salajove\/2018\/10\/20\/club-de-lectura-jove-petitprincep\/","og_locale":"ca_ES","og_type":"article","og_title":"Club de lectura Jove - octubre 2018 - Sala Jove - Biblioblanes","og_description":"Club de lectura Jove - octubre 2018 - Sala Jove - El petit pr\u00edncep d' Antoine de Saint-Exup\u00e9ry. Aquesta primera trobada ha estat multitudin\u00e0ria. Primer ...","og_url":"https:\/\/biblioteca.blanes.cat\/salajove\/2018\/10\/20\/club-de-lectura-jove-petitprincep\/","og_site_name":"Sala Jove","article_publisher":"https:\/\/www.facebook.com\/BilbiotecaComarcaldeBlanes\/","article_published_time":"2018-10-20T10:19:36+00:00","article_modified_time":"2018-11-09T17:50:49+00:00","og_image":[{"width":3719,"height":3719,"url":"https:\/\/biblioteca.blanes.cat\/salajove\/wp-content\/uploads\/sites\/3\/2017\/09\/CLJ_.png","type":"image\/png"}],"author":"biblioblanes","twitter_card":"summary_large_image","twitter_creator":"@biblioblanes","twitter_site":"@BiblioBlanes","twitter_misc":{"Escrit per":"biblioblanes","Temps estimat de lectura":"3 minuts"},"schema":{"@context":"https:\/\/schema.org","@graph":[{"@type":"Article","@id":"https:\/\/biblioteca.blanes.cat\/salajove\/2018\/10\/20\/club-de-lectura-jove-petitprincep\/#article","isPartOf":{"@id":"https:\/\/biblioteca.blanes.cat\/salajove\/2018\/10\/20\/club-de-lectura-jove-petitprincep\/"},"author":{"name":"biblioblanes","@id":"https:\/\/biblioteca.blanes.cat\/salajove\/#\/schema\/person\/5a7b46760d9dd611d098bbf571a341dc"},"headline":"CLJ: Octubre 2018","datePublished":"2018-10-20T10:19:36+00:00","dateModified":"2018-11-09T17:50:49+00:00","mainEntityOfPage":{"@id":"https:\/\/biblioteca.blanes.cat\/salajove\/2018\/10\/20\/club-de-lectura-jove-petitprincep\/"},"wordCount":528,"commentCount":0,"publisher":{"@id":"https:\/\/biblioteca.blanes.cat\/salajove\/#organization"},"image":{"@id":"https:\/\/biblioteca.blanes.cat\/salajove\/2018\/10\/20\/club-de-lectura-jove-petitprincep\/#primaryimage"},"thumbnailUrl":"https:\/\/biblioteca.blanes.cat\/salajove\/wp-content\/uploads\/sites\/3\/2017\/09\/CLJ_.png","keywords":["#Activitats","#ClubdeLectura","#Lectura","#Literatura","#Llibres","#Ressenya"],"articleSection":["Club de Lectura"],"inLanguage":"ca","potentialAction":[{"@type":"CommentAction","name":"Comment","target":["https:\/\/biblioteca.blanes.cat\/salajove\/2018\/10\/20\/club-de-lectura-jove-petitprincep\/#respond"]}]},{"@type":"WebPage","@id":"https:\/\/biblioteca.blanes.cat\/salajove\/2018\/10\/20\/club-de-lectura-jove-petitprincep\/","url":"https:\/\/biblioteca.blanes.cat\/salajove\/2018\/10\/20\/club-de-lectura-jove-petitprincep\/","name":"Club de lectura Jove - octubre 2018 - Sala Jove - Biblioblanes","isPartOf":{"@id":"https:\/\/biblioteca.blanes.cat\/salajove\/#website"},"primaryImageOfPage":{"@id":"https:\/\/biblioteca.blanes.cat\/salajove\/2018\/10\/20\/club-de-lectura-jove-petitprincep\/#primaryimage"},"image":{"@id":"https:\/\/biblioteca.blanes.cat\/salajove\/2018\/10\/20\/club-de-lectura-jove-petitprincep\/#primaryimage"},"thumbnailUrl":"https:\/\/biblioteca.blanes.cat\/salajove\/wp-content\/uploads\/sites\/3\/2017\/09\/CLJ_.png","datePublished":"2018-10-20T10:19:36+00:00","dateModified":"2018-11-09T17:50:49+00:00","description":"Club de lectura Jove - octubre 2018 - Sala Jove - El petit pr\u00edncep d' Antoine de Saint-Exup\u00e9ry. Aquesta primera trobada ha estat multitudin\u00e0ria. Primer ...","breadcrumb":{"@id":"https:\/\/biblioteca.blanes.cat\/salajove\/2018\/10\/20\/club-de-lectura-jove-petitprincep\/#breadcrumb"},"inLanguage":"ca","potentialAction":[{"@type":"ReadAction","target":["https:\/\/biblioteca.blanes.cat\/salajove\/2018\/10\/20\/club-de-lectura-jove-petitprincep\/"]}]},{"@type":"ImageObject","inLanguage":"ca","@id":"https:\/\/biblioteca.blanes.cat\/salajove\/2018\/10\/20\/club-de-lectura-jove-petitprincep\/#primaryimage","url":"https:\/\/biblioteca.blanes.cat\/salajove\/wp-content\/uploads\/sites\/3\/2017\/09\/CLJ_.png","contentUrl":"https:\/\/biblioteca.blanes.cat\/salajove\/wp-content\/uploads\/sites\/3\/2017\/09\/CLJ_.png","width":3719,"height":3719},{"@type":"BreadcrumbList","@id":"https:\/\/biblioteca.blanes.cat\/salajove\/2018\/10\/20\/club-de-lectura-jove-petitprincep\/#breadcrumb","itemListElement":[{"@type":"ListItem","position":1,"name":"Inici","item":"https:\/\/biblioteca.blanes.cat\/salajove\/"},{"@type":"ListItem","position":2,"name":"CLJ: Octubre 2018"}]},{"@type":"WebSite","@id":"https:\/\/biblioteca.blanes.cat\/salajove\/#website","url":"https:\/\/biblioteca.blanes.cat\/salajove\/","name":"Sala Jove","description":"Biblioteca Comarcal de Blanes","publisher":{"@id":"https:\/\/biblioteca.blanes.cat\/salajove\/#organization"},"potentialAction":[{"@type":"SearchAction","target":{"@type":"EntryPoint","urlTemplate":"https:\/\/biblioteca.blanes.cat\/salajove\/?s={search_term_string}"},"query-input":{"@type":"PropertyValueSpecification","valueRequired":true,"valueName":"search_term_string"}}],"inLanguage":"ca"},{"@type":"Organization","@id":"https:\/\/biblioteca.blanes.cat\/salajove\/#organization","name":"Biblioteca Comarcal de Blanes","url":"https:\/\/biblioteca.blanes.cat\/salajove\/","logo":{"@type":"ImageObject","inLanguage":"ca","@id":"https:\/\/biblioteca.blanes.cat\/salajove\/#\/schema\/logo\/image\/","url":"https:\/\/biblioteca.blanes.cat\/salajove\/wp-content\/uploads\/sites\/3\/2017\/09\/cropped-Bib-blau-e1518869380535.png","contentUrl":"https:\/\/biblioteca.blanes.cat\/salajove\/wp-content\/uploads\/sites\/3\/2017\/09\/cropped-Bib-blau-e1518869380535.png","width":166,"height":166,"caption":"Biblioteca Comarcal de Blanes"},"image":{"@id":"https:\/\/biblioteca.blanes.cat\/salajove\/#\/schema\/logo\/image\/"},"sameAs":["https:\/\/www.facebook.com\/BilbiotecaComarcaldeBlanes\/","https:\/\/x.com\/BiblioBlanes","https:\/\/www.instagram.com\/biblioblanes\/","https:\/\/www.pinterest.es\/bblanes\/","https:\/\/www.youtube.com\/c\/BibliotecaComarcalBlanes"]},{"@type":"Person","@id":"https:\/\/biblioteca.blanes.cat\/salajove\/#\/schema\/person\/5a7b46760d9dd611d098bbf571a341dc","name":"biblioblanes","image":{"@type":"ImageObject","inLanguage":"ca","@id":"https:\/\/secure.gravatar.com\/avatar\/6593ca6cc90e5a70939f51c95e8315483b9c281bafba597292bee47992030f99?s=96&d=mm&r=g","url":"https:\/\/secure.gravatar.com\/avatar\/6593ca6cc90e5a70939f51c95e8315483b9c281bafba597292bee47992030f99?s=96&d=mm&r=g","contentUrl":"https:\/\/secure.gravatar.com\/avatar\/6593ca6cc90e5a70939f51c95e8315483b9c281bafba597292bee47992030f99?s=96&d=mm&r=g","caption":"biblioblanes"},"sameAs":["http:\/\/www.bibgirona.cat\/biblioteca\/blanes","https:\/\/x.com\/biblioblanes"],"url":"https:\/\/biblioteca.blanes.cat\/salajove\/author\/biblioblanes\/"}]}},"_links":{"self":[{"href":"https:\/\/biblioteca.blanes.cat\/salajove\/wp-json\/wp\/v2\/posts\/2024","targetHints":{"allow":["GET"]}}],"collection":[{"href":"https:\/\/biblioteca.blanes.cat\/salajove\/wp-json\/wp\/v2\/posts"}],"about":[{"href":"https:\/\/biblioteca.blanes.cat\/salajove\/wp-json\/wp\/v2\/types\/post"}],"author":[{"embeddable":true,"href":"https:\/\/biblioteca.blanes.cat\/salajove\/wp-json\/wp\/v2\/users\/4"}],"replies":[{"embeddable":true,"href":"https:\/\/biblioteca.blanes.cat\/salajove\/wp-json\/wp\/v2\/comments?post=2024"}],"version-history":[{"count":9,"href":"https:\/\/biblioteca.blanes.cat\/salajove\/wp-json\/wp\/v2\/posts\/2024\/revisions"}],"predecessor-version":[{"id":2042,"href":"https:\/\/biblioteca.blanes.cat\/salajove\/wp-json\/wp\/v2\/posts\/2024\/revisions\/2042"}],"wp:featuredmedia":[{"embeddable":true,"href":"https:\/\/biblioteca.blanes.cat\/salajove\/wp-json\/wp\/v2\/media\/1799"}],"wp:attachment":[{"href":"https:\/\/biblioteca.blanes.cat\/salajove\/wp-json\/wp\/v2\/media?parent=2024"}],"wp:term":[{"taxonomy":"category","embeddable":true,"href":"https:\/\/biblioteca.blanes.cat\/salajove\/wp-json\/wp\/v2\/categories?post=2024"},{"taxonomy":"post_tag","embeddable":true,"href":"https:\/\/biblioteca.blanes.cat\/salajove\/wp-json\/wp\/v2\/tags?post=2024"}],"curies":[{"name":"wp","href":"https:\/\/api.w.org\/{rel}","templated":true}]}}