{"id":2017,"date":"2018-10-11T17:35:09","date_gmt":"2018-10-11T16:35:09","guid":{"rendered":"https:\/\/biblioteca.blanes.cat\/salajove\/?p=2017"},"modified":"2018-11-09T19:29:46","modified_gmt":"2018-11-09T18:29:46","slug":"bibliotecajove-club-de-lectura-el-petit-princep","status":"publish","type":"post","link":"https:\/\/biblioteca.blanes.cat\/salajove\/2018\/10\/11\/bibliotecajove-club-de-lectura-el-petit-princep\/","title":{"rendered":"CLJ: El petit pr\u00edncep"},"content":{"rendered":"<h2 style=\"text-align: center;\">Al Club de lectura Jove aquest mes llegim El petit pr\u00edncep\u00a0 de Antoine de Saint-Exup\u00e9ry.<\/h2>\n<p style=\"text-align: center;\"><img fetchpriority=\"high\" decoding=\"async\" class=\"alignleft\" src=\"https:\/\/imagessl7.casadellibro.com\/a\/l\/t0\/17\/9788478887217.jpg\" width=\"233\" height=\"330\" \/><\/p>\n<h3>Sinopsi:<\/h3>\n<div class=\"body\">\n<p style=\"text-align: justify;\">O sigui que he viscut sol, sense ning\u00fa amb qui de veritat poder parlar, fins que vaig tenir una avaria al desert del Sahara, fa sis anys. S&#8217;havia trencat alguna cosa del motor. I com que no anava amb cap mec\u00e0nic ni amb cap passatger, em vaig preparar per mirar de fer, tot sol, una reparaci\u00f3 dif\u00edcil. Per mi era una q\u00fcesti\u00f3 de vida o mort. Amb prou feines tenia aigua per beure per a vuit dies.<\/p>\n<p style=\"text-align: justify;\">La primera nit, doncs, em vaig adormir a la sorra a mil milles de cap terra habitada. Estava molt m\u00e9s a\u00efllat que un n\u00e0ufrag en un rai al mig de l&#8217;oce\u00e0. O sigui que imagineu-vos la sorpresa que vaig tenir, a trenc d&#8217;alba, quan una veueta molt especial em va despertar. Deia:<\/p>\n<p style=\"text-align: justify; padding-left: 270px;\">\u2014Si us plau&#8230; dibuixa&#8217;m un be!<br \/>\n \u2014\u00bfEh!?<br \/>\n \u2014Dibuixa&#8217;m un be&#8230;<\/p>\n<\/div>\n<p>&nbsp;<\/p>\n<h3>L&#8217;autor:<\/h3>\n<section id=\"author-bio\"><strong>Antoine de Saint-Exup\u00e9ry<\/strong>, va ser un escriptor, poeta i aviador franc\u00e8s. Nascut en una fam\u00edlia procedent de la noblesa francesa, va tenir una infantesa feli\u00e7 malgrat la mort prematura del seu pare<strong>.<\/strong><\/section>\n<section>Neix a Li\u00f3 el 29 de juny de 1900. Despr\u00e9s d&#8217;anys d&#8217;educaci\u00f3 en col\u00b7legis religiosos, en acabar els estudis secundaris, intenta entrar a l&#8217;Escola Naval, per\u00f2 no aconsegueix aprovar l&#8217;ex\u00e0men d&#8217;ingr\u00e9s. L&#8217;any 1920 compleix el servei militar a les Forces A\u00e8ries i, des d&#8217;aleshores, l&#8217;aviaci\u00f3 es converteix en la gran passi\u00f3 de la seva vida.<\/section>\n<section>El seu primer conte es publica el 1926, el mateix any en qu\u00e8 comen\u00e7a la carrera com a pilot a l&#8217;empresa Lat\u00e9co\u00e8re. Poc temps despr\u00e9s, \u00e9s destinat a cap Juby, on escriu la seva primera novel\u00b7la, <em>Correu Sud <\/em>(1928). De l&#8217;\u00c0frica es trasllada a Am\u00e8rica del Sud amb l&#8217;enc\u00e0rrec d&#8217;establir noves l\u00ednies comercials. All\u00ed, conclou <em>Vol nocturn<\/em>, que es publica el 1931 amb un \u00e8xit enorme i obt\u00e9 el premi F\u00e9mina.<\/section>\n<section>A partir del 1935, Saint-Exup\u00e9ry treballa com a corresponsal dels diaris<em> Instransigeant<\/em> i <em>Paris Soir<\/em> a R\u00fassia i a Espanya i, amb el seu avi\u00f3 <em>Simoun<\/em>, participa en diversos raids com el Par\u00eds-Saigon i el Nova York-Terra del Foc. Tots aquests records, aplegats al llarg de deu anys de vida aventurera, queden reflectits en la novel\u00b7la <em>Terra d&#8217;homes<\/em> (1939).<\/p>\n<p>&nbsp;<\/p>\n<div class=\"field field-name-body field-type-text-with-summary field-label-hidden\" style=\"text-align: center;\">Mireu la disponibilitat del llibre al cat\u00e0leg de les biblioteques p\u00fabliques <a href=\"http:\/\/elmeuargus.biblioteques.gencat.cat\/search~S146*cat\/?searchtype=X&amp;searcharg=el+petit+princep&amp;searchscope=146&amp;sortdropdown=-&amp;SORT=DZ&amp;extended=0&amp;SUBMIT=Cerca&amp;searchlimits=&amp;searchorigarg=Xni%7Bu00F1%7Da+que+podia+volar%26SORT%3DD\" target=\"_blank\" rel=\"noopener\"><strong><span style=\"color: #ff0000;\">Argus<\/span><\/strong><\/a>.<\/div>\n<div>\u00a0<\/div>\n<\/section>\n<table style=\"width: 100%; background-color: #ccccff;\">\n<tbody>\n<tr>\n<td style=\"background-color: #ccccff; text-align: center; vertical-align: middle;\">\n<p><span style=\"font-size: 28px; font-family: arial black,sans-serif;\"><strong><span style=\"font-size: 20px;\">LA TROBADA del CLUB DE LECTURA JOVE SER\u00c0 <\/span><br \/>\n <\/strong><\/span><\/p>\n<p><span style=\"font-size: 28px; font-family: arial black,sans-serif;\"><strong>Dijous, 18 d&#8217;octubre <\/strong><\/span><span style=\"font-size: 20px; font-family: arial black,sans-serif;\"><strong><span style=\"font-size: 28px;\">a les 5.30h de la tarda<\/span> <br \/>\n <\/strong><\/span><\/p>\n<p><strong><span style=\"font-size: 20px; font-family: arial black,sans-serif;\">a la <a href=\"https:\/\/biblioteca.blanes.cat\/salajove\">SALA JOVE<\/a><\/span><br \/>\n <\/strong><\/p>\n<\/td>\n<\/tr>\n<\/tbody>\n<\/table>\n","protected":false},"excerpt":{"rendered":"<p>Al Club de lectura Jove aquest mes llegim El petit pr\u00edncep\u00a0 de Antoine de Saint-Exup\u00e9ry. Sinopsi: O sigui que he viscut sol, sense ning\u00fa amb qui de veritat poder parlar, fins que vaig tenir una avaria al desert del Sahara,<\/p>\n","protected":false},"author":4,"featured_media":2018,"comment_status":"open","ping_status":"open","sticky":false,"template":"","format":"standard","meta":{"sfsi_plus_gutenberg_text_before_share":"","sfsi_plus_gutenberg_show_text_before_share":"","sfsi_plus_gutenberg_icon_type":"","sfsi_plus_gutenberg_icon_alignemt":"","sfsi_plus_gutenburg_max_per_row":"","footnotes":""},"categories":[5],"tags":[24,29,76,19],"class_list":["post-2017","post","type-post","status-publish","format-standard","has-post-thumbnail","hentry","category-club-de-lectura","tag-activitats","tag-club-de-lectura","tag-efemeride","tag-literatura"],"yoast_head":"<!-- This site is optimized with the Yoast SEO plugin v27.5 - https:\/\/yoast.com\/product\/yoast-seo-wordpress\/ -->\n<title>Bibliotecajove Club de Lectura El petit pr\u00edncep - Sala Jove<\/title>\n<meta name=\"description\" content=\"Al Club de lectura Jove aquest mes llegim El petit pr\u00edncep de Antoine de Saint-Exup\u00e9ry Bibliotecajove Club de Lectura 2018\" \/>\n<meta name=\"robots\" content=\"index, follow, max-snippet:-1, max-image-preview:large, max-video-preview:-1\" \/>\n<link rel=\"canonical\" href=\"https:\/\/biblioteca.blanes.cat\/salajove\/2018\/10\/11\/bibliotecajove-club-de-lectura-el-petit-princep\/\" \/>\n<meta property=\"og:locale\" content=\"ca_ES\" \/>\n<meta property=\"og:type\" content=\"article\" \/>\n<meta property=\"og:title\" content=\"Bibliotecajove Club de Lectura El petit pr\u00edncep - Sala Jove\" \/>\n<meta property=\"og:description\" content=\"Al Club de lectura Jove aquest mes llegim El petit pr\u00edncep de Antoine de Saint-Exup\u00e9ry Bibliotecajove Club de Lectura 2018\" \/>\n<meta property=\"og:url\" content=\"https:\/\/biblioteca.blanes.cat\/salajove\/2018\/10\/11\/bibliotecajove-club-de-lectura-el-petit-princep\/\" \/>\n<meta property=\"og:site_name\" content=\"Sala Jove\" \/>\n<meta property=\"article:publisher\" content=\"https:\/\/www.facebook.com\/BilbiotecaComarcaldeBlanes\/\" \/>\n<meta property=\"article:published_time\" content=\"2018-10-11T16:35:09+00:00\" \/>\n<meta property=\"article:modified_time\" content=\"2018-11-09T18:29:46+00:00\" \/>\n<meta property=\"og:image\" content=\"https:\/\/biblioteca.blanes.cat\/salajove\/wp-content\/uploads\/sites\/3\/2018\/10\/El-petit-pr\u00edncep-Antoine-De-Saint-Axup\u00e9ry.jpg\" \/>\n\t<meta property=\"og:image:width\" content=\"1326\" \/>\n\t<meta property=\"og:image:height\" content=\"2103\" \/>\n\t<meta property=\"og:image:type\" content=\"image\/jpeg\" \/>\n<meta name=\"author\" content=\"biblioblanes\" \/>\n<meta name=\"twitter:card\" content=\"summary_large_image\" \/>\n<meta name=\"twitter:creator\" content=\"@biblioblanes\" \/>\n<meta name=\"twitter:site\" content=\"@BiblioBlanes\" \/>\n<meta name=\"twitter:label1\" content=\"Escrit per\" \/>\n\t<meta name=\"twitter:data1\" content=\"biblioblanes\" \/>\n\t<meta name=\"twitter:label2\" content=\"Temps estimat de lectura\" \/>\n\t<meta name=\"twitter:data2\" content=\"2 minuts\" \/>\n<script type=\"application\/ld+json\" class=\"yoast-schema-graph\">{\"@context\":\"https:\\\/\\\/schema.org\",\"@graph\":[{\"@type\":\"Article\",\"@id\":\"https:\\\/\\\/biblioteca.blanes.cat\\\/salajove\\\/2018\\\/10\\\/11\\\/bibliotecajove-club-de-lectura-el-petit-princep\\\/#article\",\"isPartOf\":{\"@id\":\"https:\\\/\\\/biblioteca.blanes.cat\\\/salajove\\\/2018\\\/10\\\/11\\\/bibliotecajove-club-de-lectura-el-petit-princep\\\/\"},\"author\":{\"name\":\"biblioblanes\",\"@id\":\"https:\\\/\\\/biblioteca.blanes.cat\\\/salajove\\\/#\\\/schema\\\/person\\\/5a7b46760d9dd611d098bbf571a341dc\"},\"headline\":\"CLJ: El petit pr\u00edncep\",\"datePublished\":\"2018-10-11T16:35:09+00:00\",\"dateModified\":\"2018-11-09T18:29:46+00:00\",\"mainEntityOfPage\":{\"@id\":\"https:\\\/\\\/biblioteca.blanes.cat\\\/salajove\\\/2018\\\/10\\\/11\\\/bibliotecajove-club-de-lectura-el-petit-princep\\\/\"},\"wordCount\":455,\"commentCount\":0,\"publisher\":{\"@id\":\"https:\\\/\\\/biblioteca.blanes.cat\\\/salajove\\\/#organization\"},\"image\":{\"@id\":\"https:\\\/\\\/biblioteca.blanes.cat\\\/salajove\\\/2018\\\/10\\\/11\\\/bibliotecajove-club-de-lectura-el-petit-princep\\\/#primaryimage\"},\"thumbnailUrl\":\"https:\\\/\\\/biblioteca.blanes.cat\\\/salajove\\\/wp-content\\\/uploads\\\/sites\\\/3\\\/2018\\\/10\\\/El-petit-pr\u00edncep-Antoine-De-Saint-Axup\u00e9ry.jpg\",\"keywords\":[\"#Activitats\",\"#ClubdeLectura\",\"#Efem\u00e8ride\",\"#Literatura\"],\"articleSection\":[\"Club de Lectura\"],\"inLanguage\":\"ca\",\"potentialAction\":[{\"@type\":\"CommentAction\",\"name\":\"Comment\",\"target\":[\"https:\\\/\\\/biblioteca.blanes.cat\\\/salajove\\\/2018\\\/10\\\/11\\\/bibliotecajove-club-de-lectura-el-petit-princep\\\/#respond\"]}]},{\"@type\":\"WebPage\",\"@id\":\"https:\\\/\\\/biblioteca.blanes.cat\\\/salajove\\\/2018\\\/10\\\/11\\\/bibliotecajove-club-de-lectura-el-petit-princep\\\/\",\"url\":\"https:\\\/\\\/biblioteca.blanes.cat\\\/salajove\\\/2018\\\/10\\\/11\\\/bibliotecajove-club-de-lectura-el-petit-princep\\\/\",\"name\":\"Bibliotecajove Club de Lectura El petit pr\u00edncep - Sala Jove\",\"isPartOf\":{\"@id\":\"https:\\\/\\\/biblioteca.blanes.cat\\\/salajove\\\/#website\"},\"primaryImageOfPage\":{\"@id\":\"https:\\\/\\\/biblioteca.blanes.cat\\\/salajove\\\/2018\\\/10\\\/11\\\/bibliotecajove-club-de-lectura-el-petit-princep\\\/#primaryimage\"},\"image\":{\"@id\":\"https:\\\/\\\/biblioteca.blanes.cat\\\/salajove\\\/2018\\\/10\\\/11\\\/bibliotecajove-club-de-lectura-el-petit-princep\\\/#primaryimage\"},\"thumbnailUrl\":\"https:\\\/\\\/biblioteca.blanes.cat\\\/salajove\\\/wp-content\\\/uploads\\\/sites\\\/3\\\/2018\\\/10\\\/El-petit-pr\u00edncep-Antoine-De-Saint-Axup\u00e9ry.jpg\",\"datePublished\":\"2018-10-11T16:35:09+00:00\",\"dateModified\":\"2018-11-09T18:29:46+00:00\",\"description\":\"Al Club de lectura Jove aquest mes llegim El petit pr\u00edncep de Antoine de Saint-Exup\u00e9ry Bibliotecajove Club de Lectura 2018\",\"breadcrumb\":{\"@id\":\"https:\\\/\\\/biblioteca.blanes.cat\\\/salajove\\\/2018\\\/10\\\/11\\\/bibliotecajove-club-de-lectura-el-petit-princep\\\/#breadcrumb\"},\"inLanguage\":\"ca\",\"potentialAction\":[{\"@type\":\"ReadAction\",\"target\":[\"https:\\\/\\\/biblioteca.blanes.cat\\\/salajove\\\/2018\\\/10\\\/11\\\/bibliotecajove-club-de-lectura-el-petit-princep\\\/\"]}]},{\"@type\":\"ImageObject\",\"inLanguage\":\"ca\",\"@id\":\"https:\\\/\\\/biblioteca.blanes.cat\\\/salajove\\\/2018\\\/10\\\/11\\\/bibliotecajove-club-de-lectura-el-petit-princep\\\/#primaryimage\",\"url\":\"https:\\\/\\\/biblioteca.blanes.cat\\\/salajove\\\/wp-content\\\/uploads\\\/sites\\\/3\\\/2018\\\/10\\\/El-petit-pr\u00edncep-Antoine-De-Saint-Axup\u00e9ry.jpg\",\"contentUrl\":\"https:\\\/\\\/biblioteca.blanes.cat\\\/salajove\\\/wp-content\\\/uploads\\\/sites\\\/3\\\/2018\\\/10\\\/El-petit-pr\u00edncep-Antoine-De-Saint-Axup\u00e9ry.jpg\",\"width\":1326,\"height\":2103},{\"@type\":\"BreadcrumbList\",\"@id\":\"https:\\\/\\\/biblioteca.blanes.cat\\\/salajove\\\/2018\\\/10\\\/11\\\/bibliotecajove-club-de-lectura-el-petit-princep\\\/#breadcrumb\",\"itemListElement\":[{\"@type\":\"ListItem\",\"position\":1,\"name\":\"Inici\",\"item\":\"https:\\\/\\\/biblioteca.blanes.cat\\\/salajove\\\/\"},{\"@type\":\"ListItem\",\"position\":2,\"name\":\"CLJ: El petit pr\u00edncep\"}]},{\"@type\":\"WebSite\",\"@id\":\"https:\\\/\\\/biblioteca.blanes.cat\\\/salajove\\\/#website\",\"url\":\"https:\\\/\\\/biblioteca.blanes.cat\\\/salajove\\\/\",\"name\":\"Sala Jove\",\"description\":\"Biblioteca Comarcal de Blanes\",\"publisher\":{\"@id\":\"https:\\\/\\\/biblioteca.blanes.cat\\\/salajove\\\/#organization\"},\"potentialAction\":[{\"@type\":\"SearchAction\",\"target\":{\"@type\":\"EntryPoint\",\"urlTemplate\":\"https:\\\/\\\/biblioteca.blanes.cat\\\/salajove\\\/?s={search_term_string}\"},\"query-input\":{\"@type\":\"PropertyValueSpecification\",\"valueRequired\":true,\"valueName\":\"search_term_string\"}}],\"inLanguage\":\"ca\"},{\"@type\":\"Organization\",\"@id\":\"https:\\\/\\\/biblioteca.blanes.cat\\\/salajove\\\/#organization\",\"name\":\"Biblioteca Comarcal de Blanes\",\"url\":\"https:\\\/\\\/biblioteca.blanes.cat\\\/salajove\\\/\",\"logo\":{\"@type\":\"ImageObject\",\"inLanguage\":\"ca\",\"@id\":\"https:\\\/\\\/biblioteca.blanes.cat\\\/salajove\\\/#\\\/schema\\\/logo\\\/image\\\/\",\"url\":\"https:\\\/\\\/biblioteca.blanes.cat\\\/salajove\\\/wp-content\\\/uploads\\\/sites\\\/3\\\/2017\\\/09\\\/cropped-Bib-blau-e1518869380535.png\",\"contentUrl\":\"https:\\\/\\\/biblioteca.blanes.cat\\\/salajove\\\/wp-content\\\/uploads\\\/sites\\\/3\\\/2017\\\/09\\\/cropped-Bib-blau-e1518869380535.png\",\"width\":166,\"height\":166,\"caption\":\"Biblioteca Comarcal de Blanes\"},\"image\":{\"@id\":\"https:\\\/\\\/biblioteca.blanes.cat\\\/salajove\\\/#\\\/schema\\\/logo\\\/image\\\/\"},\"sameAs\":[\"https:\\\/\\\/www.facebook.com\\\/BilbiotecaComarcaldeBlanes\\\/\",\"https:\\\/\\\/x.com\\\/BiblioBlanes\",\"https:\\\/\\\/www.instagram.com\\\/biblioblanes\\\/\",\"https:\\\/\\\/www.pinterest.es\\\/bblanes\\\/\",\"https:\\\/\\\/www.youtube.com\\\/c\\\/BibliotecaComarcalBlanes\"]},{\"@type\":\"Person\",\"@id\":\"https:\\\/\\\/biblioteca.blanes.cat\\\/salajove\\\/#\\\/schema\\\/person\\\/5a7b46760d9dd611d098bbf571a341dc\",\"name\":\"biblioblanes\",\"image\":{\"@type\":\"ImageObject\",\"inLanguage\":\"ca\",\"@id\":\"https:\\\/\\\/secure.gravatar.com\\\/avatar\\\/6593ca6cc90e5a70939f51c95e8315483b9c281bafba597292bee47992030f99?s=96&d=mm&r=g\",\"url\":\"https:\\\/\\\/secure.gravatar.com\\\/avatar\\\/6593ca6cc90e5a70939f51c95e8315483b9c281bafba597292bee47992030f99?s=96&d=mm&r=g\",\"contentUrl\":\"https:\\\/\\\/secure.gravatar.com\\\/avatar\\\/6593ca6cc90e5a70939f51c95e8315483b9c281bafba597292bee47992030f99?s=96&d=mm&r=g\",\"caption\":\"biblioblanes\"},\"sameAs\":[\"http:\\\/\\\/www.bibgirona.cat\\\/biblioteca\\\/blanes\",\"https:\\\/\\\/x.com\\\/biblioblanes\"],\"url\":\"https:\\\/\\\/biblioteca.blanes.cat\\\/salajove\\\/author\\\/biblioblanes\\\/\"}]}<\/script>\n<!-- \/ Yoast SEO plugin. -->","yoast_head_json":{"title":"Bibliotecajove Club de Lectura El petit pr\u00edncep - Sala Jove","description":"Al Club de lectura Jove aquest mes llegim El petit pr\u00edncep de Antoine de Saint-Exup\u00e9ry Bibliotecajove Club de Lectura 2018","robots":{"index":"index","follow":"follow","max-snippet":"max-snippet:-1","max-image-preview":"max-image-preview:large","max-video-preview":"max-video-preview:-1"},"canonical":"https:\/\/biblioteca.blanes.cat\/salajove\/2018\/10\/11\/bibliotecajove-club-de-lectura-el-petit-princep\/","og_locale":"ca_ES","og_type":"article","og_title":"Bibliotecajove Club de Lectura El petit pr\u00edncep - Sala Jove","og_description":"Al Club de lectura Jove aquest mes llegim El petit pr\u00edncep de Antoine de Saint-Exup\u00e9ry Bibliotecajove Club de Lectura 2018","og_url":"https:\/\/biblioteca.blanes.cat\/salajove\/2018\/10\/11\/bibliotecajove-club-de-lectura-el-petit-princep\/","og_site_name":"Sala Jove","article_publisher":"https:\/\/www.facebook.com\/BilbiotecaComarcaldeBlanes\/","article_published_time":"2018-10-11T16:35:09+00:00","article_modified_time":"2018-11-09T18:29:46+00:00","og_image":[{"width":1326,"height":2103,"url":"https:\/\/biblioteca.blanes.cat\/salajove\/wp-content\/uploads\/sites\/3\/2018\/10\/El-petit-pr\u00edncep-Antoine-De-Saint-Axup\u00e9ry.jpg","type":"image\/jpeg"}],"author":"biblioblanes","twitter_card":"summary_large_image","twitter_creator":"@biblioblanes","twitter_site":"@BiblioBlanes","twitter_misc":{"Escrit per":"biblioblanes","Temps estimat de lectura":"2 minuts"},"schema":{"@context":"https:\/\/schema.org","@graph":[{"@type":"Article","@id":"https:\/\/biblioteca.blanes.cat\/salajove\/2018\/10\/11\/bibliotecajove-club-de-lectura-el-petit-princep\/#article","isPartOf":{"@id":"https:\/\/biblioteca.blanes.cat\/salajove\/2018\/10\/11\/bibliotecajove-club-de-lectura-el-petit-princep\/"},"author":{"name":"biblioblanes","@id":"https:\/\/biblioteca.blanes.cat\/salajove\/#\/schema\/person\/5a7b46760d9dd611d098bbf571a341dc"},"headline":"CLJ: El petit pr\u00edncep","datePublished":"2018-10-11T16:35:09+00:00","dateModified":"2018-11-09T18:29:46+00:00","mainEntityOfPage":{"@id":"https:\/\/biblioteca.blanes.cat\/salajove\/2018\/10\/11\/bibliotecajove-club-de-lectura-el-petit-princep\/"},"wordCount":455,"commentCount":0,"publisher":{"@id":"https:\/\/biblioteca.blanes.cat\/salajove\/#organization"},"image":{"@id":"https:\/\/biblioteca.blanes.cat\/salajove\/2018\/10\/11\/bibliotecajove-club-de-lectura-el-petit-princep\/#primaryimage"},"thumbnailUrl":"https:\/\/biblioteca.blanes.cat\/salajove\/wp-content\/uploads\/sites\/3\/2018\/10\/El-petit-pr\u00edncep-Antoine-De-Saint-Axup\u00e9ry.jpg","keywords":["#Activitats","#ClubdeLectura","#Efem\u00e8ride","#Literatura"],"articleSection":["Club de Lectura"],"inLanguage":"ca","potentialAction":[{"@type":"CommentAction","name":"Comment","target":["https:\/\/biblioteca.blanes.cat\/salajove\/2018\/10\/11\/bibliotecajove-club-de-lectura-el-petit-princep\/#respond"]}]},{"@type":"WebPage","@id":"https:\/\/biblioteca.blanes.cat\/salajove\/2018\/10\/11\/bibliotecajove-club-de-lectura-el-petit-princep\/","url":"https:\/\/biblioteca.blanes.cat\/salajove\/2018\/10\/11\/bibliotecajove-club-de-lectura-el-petit-princep\/","name":"Bibliotecajove Club de Lectura El petit pr\u00edncep - Sala Jove","isPartOf":{"@id":"https:\/\/biblioteca.blanes.cat\/salajove\/#website"},"primaryImageOfPage":{"@id":"https:\/\/biblioteca.blanes.cat\/salajove\/2018\/10\/11\/bibliotecajove-club-de-lectura-el-petit-princep\/#primaryimage"},"image":{"@id":"https:\/\/biblioteca.blanes.cat\/salajove\/2018\/10\/11\/bibliotecajove-club-de-lectura-el-petit-princep\/#primaryimage"},"thumbnailUrl":"https:\/\/biblioteca.blanes.cat\/salajove\/wp-content\/uploads\/sites\/3\/2018\/10\/El-petit-pr\u00edncep-Antoine-De-Saint-Axup\u00e9ry.jpg","datePublished":"2018-10-11T16:35:09+00:00","dateModified":"2018-11-09T18:29:46+00:00","description":"Al Club de lectura Jove aquest mes llegim El petit pr\u00edncep de Antoine de Saint-Exup\u00e9ry Bibliotecajove Club de Lectura 2018","breadcrumb":{"@id":"https:\/\/biblioteca.blanes.cat\/salajove\/2018\/10\/11\/bibliotecajove-club-de-lectura-el-petit-princep\/#breadcrumb"},"inLanguage":"ca","potentialAction":[{"@type":"ReadAction","target":["https:\/\/biblioteca.blanes.cat\/salajove\/2018\/10\/11\/bibliotecajove-club-de-lectura-el-petit-princep\/"]}]},{"@type":"ImageObject","inLanguage":"ca","@id":"https:\/\/biblioteca.blanes.cat\/salajove\/2018\/10\/11\/bibliotecajove-club-de-lectura-el-petit-princep\/#primaryimage","url":"https:\/\/biblioteca.blanes.cat\/salajove\/wp-content\/uploads\/sites\/3\/2018\/10\/El-petit-pr\u00edncep-Antoine-De-Saint-Axup\u00e9ry.jpg","contentUrl":"https:\/\/biblioteca.blanes.cat\/salajove\/wp-content\/uploads\/sites\/3\/2018\/10\/El-petit-pr\u00edncep-Antoine-De-Saint-Axup\u00e9ry.jpg","width":1326,"height":2103},{"@type":"BreadcrumbList","@id":"https:\/\/biblioteca.blanes.cat\/salajove\/2018\/10\/11\/bibliotecajove-club-de-lectura-el-petit-princep\/#breadcrumb","itemListElement":[{"@type":"ListItem","position":1,"name":"Inici","item":"https:\/\/biblioteca.blanes.cat\/salajove\/"},{"@type":"ListItem","position":2,"name":"CLJ: El petit pr\u00edncep"}]},{"@type":"WebSite","@id":"https:\/\/biblioteca.blanes.cat\/salajove\/#website","url":"https:\/\/biblioteca.blanes.cat\/salajove\/","name":"Sala Jove","description":"Biblioteca Comarcal de Blanes","publisher":{"@id":"https:\/\/biblioteca.blanes.cat\/salajove\/#organization"},"potentialAction":[{"@type":"SearchAction","target":{"@type":"EntryPoint","urlTemplate":"https:\/\/biblioteca.blanes.cat\/salajove\/?s={search_term_string}"},"query-input":{"@type":"PropertyValueSpecification","valueRequired":true,"valueName":"search_term_string"}}],"inLanguage":"ca"},{"@type":"Organization","@id":"https:\/\/biblioteca.blanes.cat\/salajove\/#organization","name":"Biblioteca Comarcal de Blanes","url":"https:\/\/biblioteca.blanes.cat\/salajove\/","logo":{"@type":"ImageObject","inLanguage":"ca","@id":"https:\/\/biblioteca.blanes.cat\/salajove\/#\/schema\/logo\/image\/","url":"https:\/\/biblioteca.blanes.cat\/salajove\/wp-content\/uploads\/sites\/3\/2017\/09\/cropped-Bib-blau-e1518869380535.png","contentUrl":"https:\/\/biblioteca.blanes.cat\/salajove\/wp-content\/uploads\/sites\/3\/2017\/09\/cropped-Bib-blau-e1518869380535.png","width":166,"height":166,"caption":"Biblioteca Comarcal de Blanes"},"image":{"@id":"https:\/\/biblioteca.blanes.cat\/salajove\/#\/schema\/logo\/image\/"},"sameAs":["https:\/\/www.facebook.com\/BilbiotecaComarcaldeBlanes\/","https:\/\/x.com\/BiblioBlanes","https:\/\/www.instagram.com\/biblioblanes\/","https:\/\/www.pinterest.es\/bblanes\/","https:\/\/www.youtube.com\/c\/BibliotecaComarcalBlanes"]},{"@type":"Person","@id":"https:\/\/biblioteca.blanes.cat\/salajove\/#\/schema\/person\/5a7b46760d9dd611d098bbf571a341dc","name":"biblioblanes","image":{"@type":"ImageObject","inLanguage":"ca","@id":"https:\/\/secure.gravatar.com\/avatar\/6593ca6cc90e5a70939f51c95e8315483b9c281bafba597292bee47992030f99?s=96&d=mm&r=g","url":"https:\/\/secure.gravatar.com\/avatar\/6593ca6cc90e5a70939f51c95e8315483b9c281bafba597292bee47992030f99?s=96&d=mm&r=g","contentUrl":"https:\/\/secure.gravatar.com\/avatar\/6593ca6cc90e5a70939f51c95e8315483b9c281bafba597292bee47992030f99?s=96&d=mm&r=g","caption":"biblioblanes"},"sameAs":["http:\/\/www.bibgirona.cat\/biblioteca\/blanes","https:\/\/x.com\/biblioblanes"],"url":"https:\/\/biblioteca.blanes.cat\/salajove\/author\/biblioblanes\/"}]}},"_links":{"self":[{"href":"https:\/\/biblioteca.blanes.cat\/salajove\/wp-json\/wp\/v2\/posts\/2017","targetHints":{"allow":["GET"]}}],"collection":[{"href":"https:\/\/biblioteca.blanes.cat\/salajove\/wp-json\/wp\/v2\/posts"}],"about":[{"href":"https:\/\/biblioteca.blanes.cat\/salajove\/wp-json\/wp\/v2\/types\/post"}],"author":[{"embeddable":true,"href":"https:\/\/biblioteca.blanes.cat\/salajove\/wp-json\/wp\/v2\/users\/4"}],"replies":[{"embeddable":true,"href":"https:\/\/biblioteca.blanes.cat\/salajove\/wp-json\/wp\/v2\/comments?post=2017"}],"version-history":[{"count":5,"href":"https:\/\/biblioteca.blanes.cat\/salajove\/wp-json\/wp\/v2\/posts\/2017\/revisions"}],"predecessor-version":[{"id":2176,"href":"https:\/\/biblioteca.blanes.cat\/salajove\/wp-json\/wp\/v2\/posts\/2017\/revisions\/2176"}],"wp:featuredmedia":[{"embeddable":true,"href":"https:\/\/biblioteca.blanes.cat\/salajove\/wp-json\/wp\/v2\/media\/2018"}],"wp:attachment":[{"href":"https:\/\/biblioteca.blanes.cat\/salajove\/wp-json\/wp\/v2\/media?parent=2017"}],"wp:term":[{"taxonomy":"category","embeddable":true,"href":"https:\/\/biblioteca.blanes.cat\/salajove\/wp-json\/wp\/v2\/categories?post=2017"},{"taxonomy":"post_tag","embeddable":true,"href":"https:\/\/biblioteca.blanes.cat\/salajove\/wp-json\/wp\/v2\/tags?post=2017"}],"curies":[{"name":"wp","href":"https:\/\/api.w.org\/{rel}","templated":true}]}}