{"id":1986,"date":"2018-10-07T14:35:09","date_gmt":"2018-10-07T13:35:09","guid":{"rendered":"https:\/\/biblioteca.blanes.cat\/salajove\/?p=1986"},"modified":"2018-10-07T17:59:57","modified_gmt":"2018-10-07T16:59:57","slug":"laetita-colombani","status":"publish","type":"post","link":"https:\/\/biblioteca.blanes.cat\/salajove\/2018\/10\/07\/laetita-colombani\/","title":{"rendered":"LA TRENZA de Laetita Colombani"},"content":{"rendered":"<h4 style=\"text-align: center\">LA TRENZA\u00a0<\/h4>\n<h4 style=\"text-align: center\">Laetita Colombani\u00a0<\/h4>\n<pre style=\"text-align: center\">EDITORIAL SALAMANDRA\u00a0 <\/pre>\n<p style=\"text-align: center\"><strong>Se entrelazan de tres en tres, los mechones de una vida. Y se vuelven entrelazar, una vez y otra\u2026 Mientras escribimos la historia de una trenza. Mi obra avanza despacio. Es un trabajo delicado este. Dejar los dedos bailar ese ex\u00f3tico ballet. Pensar en las vidas que unen esos suaves cabellos que bailan entre mis dedos.<\/strong><\/p>\n<p style=\"text-align: center\"><strong>A veces, uno de los tres hilos se deshace. Entonces nace la cat\u00e1strofe, el terremoto, el tsunami que lo arrastra todo. Todo lo que hab\u00eda conseguido se deshace entre mis dedos. As\u00ed que pienso, hay que volver a empezar.<\/strong><\/p>\n<p style=\"text-align: center\"><strong>Hay que volver a entrelazar mechones para trenzar la vida.<\/strong><\/p>\n<p>&nbsp;<\/p>\n<p>Laetita Colombani es la escritora francesa de la novela conmovedora \u201cLa trenza\u201d.\u00a0<\/p>\n<pre style=\"text-align: center\"><img fetchpriority=\"high\" decoding=\"async\" class=\"wp-image-2008 aligncenter\" src=\"https:\/\/biblioteca.blanes.cat\/salajove\/wp-content\/uploads\/sites\/3\/2018\/10\/IMG-20181007-WA0000-1-1-300x200.jpg\" alt=\"\" width=\"470\" height=\"313\" srcset=\"https:\/\/biblioteca.blanes.cat\/salajove\/wp-content\/uploads\/sites\/3\/2018\/10\/IMG-20181007-WA0000-1-1-300x200.jpg 300w, https:\/\/biblioteca.blanes.cat\/salajove\/wp-content\/uploads\/sites\/3\/2018\/10\/IMG-20181007-WA0000-1-1-768x512.jpg 768w, https:\/\/biblioteca.blanes.cat\/salajove\/wp-content\/uploads\/sites\/3\/2018\/10\/IMG-20181007-WA0000-1-1-1024x682.jpg 1024w, https:\/\/biblioteca.blanes.cat\/salajove\/wp-content\/uploads\/sites\/3\/2018\/10\/IMG-20181007-WA0000-1-1.jpg 1600w\" sizes=\"(max-width: 470px) 100vw, 470px\" \/><\/pre>\n<h6 style=\"text-align: center\"><strong>En esta trenza tenemos tres mechones, tres mujeres que viven en continentes distintos. Cada una nos cuenta su historia. En ellas sentimos una sensaci\u00f3n desconocida: una poderosa sed de libertad. Cada una es un mech\u00f3n de la trenza, la trenza que las entrelaza y las lleva hacia esa libertad.<\/strong><\/h6>\n<p>Uno de los mechones es Smita. Ella sobrevive en Badlapur (\u00cdndia) recogiendo los excrementos de las casas m\u00e1s ricas. Enfadada con su vida y con lo que no puede llegar a ser, apacigua su sed posando sus esperanzas en su hija, Lalita. Lucha para que pueda estudiar, para que su vida valga la pena, para que su vida no sea como la de ella. Y para ello Smita est\u00e1 dispuesta a retar las leyes de ese injusto mundo que no las deja respirar.<\/p>\n<p>El segundo mech\u00f3n es Giulia. Ella trabaja en Sicilia (Italia), en el taller familiar que confecciona pelucas con pelo aut\u00e9ntico de Italia. Eso a ella le apasiona, por eso, empieza a trabajar all\u00ed. Un d\u00eda su padre tiene un accidente y Giulia descubre que el taller est\u00e1 a punto de quebrar. Entonces, re\u00fane toda su fuerza y valent\u00eda para superar el infortunio. Desesperada, decide ampliar su horizonte y descubrir otros lugares y sitios que le ayuden a afrontar la adversidad. M\u00e1s tarde descubrir\u00e1 que la adversidad est\u00e1 m\u00e1s cerca de lo que piensa.<\/p>\n<p>Y por \u00faltimo, el tercer mech\u00f3n es Sarah. Ella es una abogada de reconocido prestigio en Montreal (Canad\u00e1). Ha luchado much\u00edsimo por su carrera y lo ha sacrificado todo. Ha pasado por dos matrimonios y tiene tres hijos a los que no ha visto crecer. Un d\u00eda, Sarah recibe una noticia que le cambiar\u00e1 la vida y deber\u00e1 escoger lo que verdaderamente quiere. Deber\u00e1 luchar por cerrar ese agujero negro que cada d\u00eda conquista un cent\u00edmetro m\u00e1s de su pecho. Deber\u00e1 luchar por sus hijos, por su vida.<\/p>\n<p style=\"text-align: left\">Y al final, descubres esa mano que va uniendo los tres mechones. Piensas en la mujer de la otra punta del mundo, India, que dio sus cabellos, en las\u00a0trabajadoras sicilianas que los seleccionaron y trataron pacientemente, y finalmente, en esa cabellera que viaj\u00f3 hasta Canad\u00e1 y le dio a una mujer lo que hab\u00eda perdido. Y piensas que el universo trabaja al un\u00edsono por conseguir una curaci\u00f3n, una curaci\u00f3n que a veces se puede encontrar en el solo hecho de ir entrelazando mechones e ir creando una trenza, ir creando algo.<\/p>\n<h5 style=\"text-align: center\"><strong>I ahora esas frases que robo de los libros:<\/strong><\/h5>\n<p style=\"text-align: center\"><em>\u201dSmita se despierta con una sensaci\u00f3n extra\u00f1a, una urgencia tierna, una mariposa en el est\u00f3mago desconocida para ella. Hoy es un d\u00eda que recordar\u00e1 toda su vida. Hoy su hija empieza la escuela.\u201d<\/em><\/p>\n<p style=\"text-align: center\"><em>\u201cCruzan y, de pronto, ya es el momento de soltar la mano de su hija al otro lado de la carretera. Le gustar\u00eda decirle tantas cosas\u2026 Al\u00e9grate, tu vida no ser\u00e1 c\u00f3mo la m\u00eda, tendr\u00e1s salud, no toser\u00e1s c\u00f3mo yo, vivir\u00e1s mejor y m\u00e1s tiempo, te respetar\u00e1n. No tendr\u00e1s siempre ese olor inmundo, ese hedor maldito y del que es imposible despojarse, ser\u00e1s digna. Nadie te arrojar\u00e1 las sobras de la comida c\u00f3mo a un perro. Nunca agachar\u00e1s la cabeza ni la mirada. Cu\u00e1nto le gustar\u00eda decirle todo eso\u2026 Pero no sabe c\u00f3mo expresarlo, c\u00f3mo hablarle a su hija de sus esperanzas, de sus sue\u00f1os un poco locos, de esa mariposa que agita las alas en su est\u00f3mago.<\/em><\/p>\n<p style=\"text-align: center\"><em>As\u00ed que se inclina hacia ella y se limita a decirle: Ve.\u201d<\/em><\/p>\n<p style=\"text-align: center\"><em>\u201cLa vida es as\u00ed, se dice, a veces junta los momentos m\u00e1s sombr\u00edos y los m\u00e1s luminosos. Da y quita al mismo tiempo.\u201d<\/em><\/p>\n<p style=\"text-align: center\"><em>\u201cSabe muy bien que significan esas palabras. Luchar\u00e1 sola y en silencio. Se cree lo bastante fuerte como para hacerlo.\u201d<\/em><\/p>\n<p style=\"text-align: center\"><em>\u201cEs una ara\u00f1a peque\u00f1a, con el cuerpo fino y unas patas tan delicadas como puntos de encaje. Debe de haber subido por la ca\u00f1er\u00eda y se ha encontrado all\u00ed, atrapada en la ba\u00f1era de hierro esmaltado, en aquella inmensidad blanca que no le ofrece escapatoria. Al principio habr\u00e1 luchado, habr\u00e1 intentado trepar por la pared fr\u00eda, pero sus delgadas patas han debido de resbalar y devolverla al fondo de la concavidad. Ha acabo comprendiendo que era in\u00fatil luchar y ahora, inm\u00f3vil, aguarda su destino, otra salida. \u00bfCu\u00e1l?<\/em><br \/>\n <em> De repente, Giulia se echa a llorar. Lo que la ha alterado no ha sido ver la ara\u00f1a negra sobre el esmalto blanco, sino m\u00e1s bien la certeza estar, como ella, prisionera en una trampa de la que nadie va a sacarla.\u201d<\/em><\/p>\n<p style=\"text-align: center\"><em>\u201cLa vida, se dice, es injusta, haciendo recaer exclusivamente sobre sus hombros el peso de toda su familia.\u201d<\/em><\/p>\n<p style=\"text-align: center\"><em>\u201cUn hombre rapado puede ser sexy; una mujer calva siempre ser\u00e1 una enferma, se dice Sarah.\u201d<\/em><\/p>\n<p style=\"text-align: center\"><em>\u201cIr ah\u00ed quiere decir mucho. Significa aceptar la enfermedad de una vez por todas. Dejar de rechazarla, dejar de negarla. Mirarla de frente y verla tal y como es: no un castigo o una fatalidad, una maldici\u00f3n a la que hay que resignarse, sino un hecho, un suceso en la vida, una prueba que superar.\u201d<\/em><\/p>\n<h5 style=\"text-align: center\"><strong>Y ahora unas curiosidades:<\/strong><\/h5>\n<p>*Laetita Colombani naci\u00f3 el 1976 en Burdeos (Francia).<\/p>\n<p>*Estudi\u00f3 cine en la escuela Louis Lumi\u00e8re y dirigi\u00f3 su primera pel\u00edcula con tan solo veinticinco a\u00f1os. En poco tiempo se ha considerado como directora, guionista y actriz.<\/p>\n<p>*La trenza, su primera novela, se ha vendido en casi treinta pa\u00edses antes incluso de su publicaci\u00f3n. Ha permanecido durante meses en lo m\u00e1s alto de las lista de ventas francesas.<\/p>\n<p>*Con cerca de medio mill\u00f3n de ejemplares vendidos en Francia y casi treinta traducciones en curso, La trenza fue uno de los fen\u00f3menos editoriales de 2017.<\/p>\n<p>*Ha recibido numerosos premios internacionales, entre ellos el 40\u00ba Premio Relay Voyageurs Readers.<\/p>\n<p>&nbsp;<\/p>\n<p style=\"text-align: center\"><strong>Hacer una trenza requiere su tiempo. Debes arreglar, ahuecar y peinar cada mech\u00f3n. Con delicadeza, paciencia. Poco a poco el pelo deja de oponer resistencia y se amolda al d\u00f3cil movimiento de nuestros dedos. Cada mech\u00f3n aporta a la trenza su historia, su belleza, su fuerza.<\/strong><\/p>\n<p style=\"text-align: center\"><strong>As\u00ed la trenza durar\u00e1 para siempre.<\/strong><\/p>\n<p>&nbsp;<\/p>\n<p style=\"text-align: right\"><em>Mi agradecimiento a la EDITORIAL SALAMANDRA por confiar en m\u00ed.<\/em><\/p>\n","protected":false},"excerpt":{"rendered":"<p>LA TRENZA\u00a0 Laetita Colombani\u00a0 EDITORIAL SALAMANDRA\u00a0 Se entrelazan de tres en tres, los mechones de una vida. Y se vuelven entrelazar, una vez y otra\u2026 Mientras escribimos la historia de una trenza. Mi obra avanza despacio. Es un trabajo delicado<\/p>\n","protected":false},"author":6,"featured_media":1802,"comment_status":"open","ping_status":"open","sticky":false,"template":"","format":"standard","meta":{"sfsi_plus_gutenberg_text_before_share":"","sfsi_plus_gutenberg_show_text_before_share":"","sfsi_plus_gutenberg_icon_type":"","sfsi_plus_gutenberg_icon_alignemt":"","sfsi_plus_gutenburg_max_per_row":"","footnotes":""},"categories":[9,12],"tags":[34,26,19,21],"class_list":["post-1986","post","type-post","status-publish","format-standard","has-post-thumbnail","hentry","category-raco-de-la-paula","category-popular","tag-blog-de-lectura","tag-lectura","tag-literatura","tag-llibres"],"yoast_head":"<!-- This site is optimized with the Yoast SEO plugin v27.5 - https:\/\/yoast.com\/product\/yoast-seo-wordpress\/ -->\n<title>LA TRENZA de Laetita Colombani - Sala Jove -<\/title>\n<meta name=\"description\" content=\"Laetita Colombani nos ense\u00f1a que en esta trenza tenemos tres mechones, tres mujeres que viven en continentes distintos. Cada una nos cuenta su historia.\" \/>\n<meta name=\"robots\" content=\"index, follow, max-snippet:-1, max-image-preview:large, max-video-preview:-1\" \/>\n<link rel=\"canonical\" href=\"https:\/\/biblioteca.blanes.cat\/salajove\/2018\/10\/07\/laetita-colombani\/\" \/>\n<meta property=\"og:locale\" content=\"ca_ES\" \/>\n<meta property=\"og:type\" content=\"article\" \/>\n<meta property=\"og:title\" content=\"LA TRENZA de Laetita Colombani - Sala Jove -\" \/>\n<meta property=\"og:description\" content=\"Laetita Colombani nos ense\u00f1a que en esta trenza tenemos tres mechones, tres mujeres que viven en continentes distintos. Cada una nos cuenta su historia.\" \/>\n<meta property=\"og:url\" content=\"https:\/\/biblioteca.blanes.cat\/salajove\/2018\/10\/07\/laetita-colombani\/\" \/>\n<meta property=\"og:site_name\" content=\"Sala Jove\" \/>\n<meta property=\"article:publisher\" content=\"https:\/\/www.facebook.com\/BilbiotecaComarcaldeBlanes\/\" \/>\n<meta property=\"article:published_time\" content=\"2018-10-07T13:35:09+00:00\" \/>\n<meta property=\"article:modified_time\" content=\"2018-10-07T16:59:57+00:00\" \/>\n<meta property=\"og:image\" content=\"https:\/\/biblioteca.blanes.cat\/salajove\/wp-content\/uploads\/sites\/3\/2017\/10\/elrac\u00f3delapaula_.png\" \/>\n\t<meta property=\"og:image:width\" content=\"3719\" \/>\n\t<meta property=\"og:image:height\" content=\"3719\" \/>\n\t<meta property=\"og:image:type\" content=\"image\/png\" \/>\n<meta name=\"author\" content=\"paula\" \/>\n<meta name=\"twitter:card\" content=\"summary_large_image\" \/>\n<meta name=\"twitter:creator\" content=\"@BiblioBlanes\" \/>\n<meta name=\"twitter:site\" content=\"@BiblioBlanes\" \/>\n<meta name=\"twitter:label1\" content=\"Escrit per\" \/>\n\t<meta name=\"twitter:data1\" content=\"paula\" \/>\n\t<meta name=\"twitter:label2\" content=\"Temps estimat de lectura\" \/>\n\t<meta name=\"twitter:data2\" content=\"6 minuts\" \/>\n<script type=\"application\/ld+json\" class=\"yoast-schema-graph\">{\"@context\":\"https:\\\/\\\/schema.org\",\"@graph\":[{\"@type\":\"Article\",\"@id\":\"https:\\\/\\\/biblioteca.blanes.cat\\\/salajove\\\/2018\\\/10\\\/07\\\/laetita-colombani\\\/#article\",\"isPartOf\":{\"@id\":\"https:\\\/\\\/biblioteca.blanes.cat\\\/salajove\\\/2018\\\/10\\\/07\\\/laetita-colombani\\\/\"},\"author\":{\"name\":\"paula\",\"@id\":\"https:\\\/\\\/biblioteca.blanes.cat\\\/salajove\\\/#\\\/schema\\\/person\\\/8dbc45cdf5d1c7e2d100d147517ba7f3\"},\"headline\":\"LA TRENZA de Laetita Colombani\",\"datePublished\":\"2018-10-07T13:35:09+00:00\",\"dateModified\":\"2018-10-07T16:59:57+00:00\",\"mainEntityOfPage\":{\"@id\":\"https:\\\/\\\/biblioteca.blanes.cat\\\/salajove\\\/2018\\\/10\\\/07\\\/laetita-colombani\\\/\"},\"wordCount\":1209,\"commentCount\":0,\"publisher\":{\"@id\":\"https:\\\/\\\/biblioteca.blanes.cat\\\/salajove\\\/#organization\"},\"image\":{\"@id\":\"https:\\\/\\\/biblioteca.blanes.cat\\\/salajove\\\/2018\\\/10\\\/07\\\/laetita-colombani\\\/#primaryimage\"},\"thumbnailUrl\":\"https:\\\/\\\/biblioteca.blanes.cat\\\/salajove\\\/wp-content\\\/uploads\\\/sites\\\/3\\\/2017\\\/10\\\/elrac\u00f3delapaula_.png\",\"keywords\":[\"#BlogdeLectura\",\"#Lectura\",\"#Literatura\",\"#Llibres\"],\"articleSection\":[\"Rac\u00f3 de la Paula\",\"RP_Popular\"],\"inLanguage\":\"ca\",\"potentialAction\":[{\"@type\":\"CommentAction\",\"name\":\"Comment\",\"target\":[\"https:\\\/\\\/biblioteca.blanes.cat\\\/salajove\\\/2018\\\/10\\\/07\\\/laetita-colombani\\\/#respond\"]}]},{\"@type\":\"WebPage\",\"@id\":\"https:\\\/\\\/biblioteca.blanes.cat\\\/salajove\\\/2018\\\/10\\\/07\\\/laetita-colombani\\\/\",\"url\":\"https:\\\/\\\/biblioteca.blanes.cat\\\/salajove\\\/2018\\\/10\\\/07\\\/laetita-colombani\\\/\",\"name\":\"LA TRENZA de Laetita Colombani - Sala Jove -\",\"isPartOf\":{\"@id\":\"https:\\\/\\\/biblioteca.blanes.cat\\\/salajove\\\/#website\"},\"primaryImageOfPage\":{\"@id\":\"https:\\\/\\\/biblioteca.blanes.cat\\\/salajove\\\/2018\\\/10\\\/07\\\/laetita-colombani\\\/#primaryimage\"},\"image\":{\"@id\":\"https:\\\/\\\/biblioteca.blanes.cat\\\/salajove\\\/2018\\\/10\\\/07\\\/laetita-colombani\\\/#primaryimage\"},\"thumbnailUrl\":\"https:\\\/\\\/biblioteca.blanes.cat\\\/salajove\\\/wp-content\\\/uploads\\\/sites\\\/3\\\/2017\\\/10\\\/elrac\u00f3delapaula_.png\",\"datePublished\":\"2018-10-07T13:35:09+00:00\",\"dateModified\":\"2018-10-07T16:59:57+00:00\",\"description\":\"Laetita Colombani nos ense\u00f1a que en esta trenza tenemos tres mechones, tres mujeres que viven en continentes distintos. Cada una nos cuenta su historia.\",\"breadcrumb\":{\"@id\":\"https:\\\/\\\/biblioteca.blanes.cat\\\/salajove\\\/2018\\\/10\\\/07\\\/laetita-colombani\\\/#breadcrumb\"},\"inLanguage\":\"ca\",\"potentialAction\":[{\"@type\":\"ReadAction\",\"target\":[\"https:\\\/\\\/biblioteca.blanes.cat\\\/salajove\\\/2018\\\/10\\\/07\\\/laetita-colombani\\\/\"]}]},{\"@type\":\"ImageObject\",\"inLanguage\":\"ca\",\"@id\":\"https:\\\/\\\/biblioteca.blanes.cat\\\/salajove\\\/2018\\\/10\\\/07\\\/laetita-colombani\\\/#primaryimage\",\"url\":\"https:\\\/\\\/biblioteca.blanes.cat\\\/salajove\\\/wp-content\\\/uploads\\\/sites\\\/3\\\/2017\\\/10\\\/elrac\u00f3delapaula_.png\",\"contentUrl\":\"https:\\\/\\\/biblioteca.blanes.cat\\\/salajove\\\/wp-content\\\/uploads\\\/sites\\\/3\\\/2017\\\/10\\\/elrac\u00f3delapaula_.png\",\"width\":3719,\"height\":3719},{\"@type\":\"BreadcrumbList\",\"@id\":\"https:\\\/\\\/biblioteca.blanes.cat\\\/salajove\\\/2018\\\/10\\\/07\\\/laetita-colombani\\\/#breadcrumb\",\"itemListElement\":[{\"@type\":\"ListItem\",\"position\":1,\"name\":\"Inici\",\"item\":\"https:\\\/\\\/biblioteca.blanes.cat\\\/salajove\\\/\"},{\"@type\":\"ListItem\",\"position\":2,\"name\":\"LA TRENZA de Laetita Colombani\"}]},{\"@type\":\"WebSite\",\"@id\":\"https:\\\/\\\/biblioteca.blanes.cat\\\/salajove\\\/#website\",\"url\":\"https:\\\/\\\/biblioteca.blanes.cat\\\/salajove\\\/\",\"name\":\"Sala Jove\",\"description\":\"Biblioteca Comarcal de Blanes\",\"publisher\":{\"@id\":\"https:\\\/\\\/biblioteca.blanes.cat\\\/salajove\\\/#organization\"},\"potentialAction\":[{\"@type\":\"SearchAction\",\"target\":{\"@type\":\"EntryPoint\",\"urlTemplate\":\"https:\\\/\\\/biblioteca.blanes.cat\\\/salajove\\\/?s={search_term_string}\"},\"query-input\":{\"@type\":\"PropertyValueSpecification\",\"valueRequired\":true,\"valueName\":\"search_term_string\"}}],\"inLanguage\":\"ca\"},{\"@type\":\"Organization\",\"@id\":\"https:\\\/\\\/biblioteca.blanes.cat\\\/salajove\\\/#organization\",\"name\":\"Biblioteca Comarcal de Blanes\",\"url\":\"https:\\\/\\\/biblioteca.blanes.cat\\\/salajove\\\/\",\"logo\":{\"@type\":\"ImageObject\",\"inLanguage\":\"ca\",\"@id\":\"https:\\\/\\\/biblioteca.blanes.cat\\\/salajove\\\/#\\\/schema\\\/logo\\\/image\\\/\",\"url\":\"https:\\\/\\\/biblioteca.blanes.cat\\\/salajove\\\/wp-content\\\/uploads\\\/sites\\\/3\\\/2017\\\/09\\\/cropped-Bib-blau-e1518869380535.png\",\"contentUrl\":\"https:\\\/\\\/biblioteca.blanes.cat\\\/salajove\\\/wp-content\\\/uploads\\\/sites\\\/3\\\/2017\\\/09\\\/cropped-Bib-blau-e1518869380535.png\",\"width\":166,\"height\":166,\"caption\":\"Biblioteca Comarcal de Blanes\"},\"image\":{\"@id\":\"https:\\\/\\\/biblioteca.blanes.cat\\\/salajove\\\/#\\\/schema\\\/logo\\\/image\\\/\"},\"sameAs\":[\"https:\\\/\\\/www.facebook.com\\\/BilbiotecaComarcaldeBlanes\\\/\",\"https:\\\/\\\/x.com\\\/BiblioBlanes\",\"https:\\\/\\\/www.instagram.com\\\/biblioblanes\\\/\",\"https:\\\/\\\/www.pinterest.es\\\/bblanes\\\/\",\"https:\\\/\\\/www.youtube.com\\\/c\\\/BibliotecaComarcalBlanes\"]},{\"@type\":\"Person\",\"@id\":\"https:\\\/\\\/biblioteca.blanes.cat\\\/salajove\\\/#\\\/schema\\\/person\\\/8dbc45cdf5d1c7e2d100d147517ba7f3\",\"name\":\"paula\",\"image\":{\"@type\":\"ImageObject\",\"inLanguage\":\"ca\",\"@id\":\"https:\\\/\\\/secure.gravatar.com\\\/avatar\\\/7dc0a9399589f36ddc6864e8335b73854871aa22921ee390cb50776e7ddfc136?s=96&d=mm&r=g\",\"url\":\"https:\\\/\\\/secure.gravatar.com\\\/avatar\\\/7dc0a9399589f36ddc6864e8335b73854871aa22921ee390cb50776e7ddfc136?s=96&d=mm&r=g\",\"contentUrl\":\"https:\\\/\\\/secure.gravatar.com\\\/avatar\\\/7dc0a9399589f36ddc6864e8335b73854871aa22921ee390cb50776e7ddfc136?s=96&d=mm&r=g\",\"caption\":\"paula\"},\"url\":\"https:\\\/\\\/biblioteca.blanes.cat\\\/salajove\\\/author\\\/paula\\\/\"}]}<\/script>\n<!-- \/ Yoast SEO plugin. -->","yoast_head_json":{"title":"LA TRENZA de Laetita Colombani - Sala Jove -","description":"Laetita Colombani nos ense\u00f1a que en esta trenza tenemos tres mechones, tres mujeres que viven en continentes distintos. Cada una nos cuenta su historia.","robots":{"index":"index","follow":"follow","max-snippet":"max-snippet:-1","max-image-preview":"max-image-preview:large","max-video-preview":"max-video-preview:-1"},"canonical":"https:\/\/biblioteca.blanes.cat\/salajove\/2018\/10\/07\/laetita-colombani\/","og_locale":"ca_ES","og_type":"article","og_title":"LA TRENZA de Laetita Colombani - Sala Jove -","og_description":"Laetita Colombani nos ense\u00f1a que en esta trenza tenemos tres mechones, tres mujeres que viven en continentes distintos. Cada una nos cuenta su historia.","og_url":"https:\/\/biblioteca.blanes.cat\/salajove\/2018\/10\/07\/laetita-colombani\/","og_site_name":"Sala Jove","article_publisher":"https:\/\/www.facebook.com\/BilbiotecaComarcaldeBlanes\/","article_published_time":"2018-10-07T13:35:09+00:00","article_modified_time":"2018-10-07T16:59:57+00:00","og_image":[{"width":3719,"height":3719,"url":"https:\/\/biblioteca.blanes.cat\/salajove\/wp-content\/uploads\/sites\/3\/2017\/10\/elrac\u00f3delapaula_.png","type":"image\/png"}],"author":"paula","twitter_card":"summary_large_image","twitter_creator":"@BiblioBlanes","twitter_site":"@BiblioBlanes","twitter_misc":{"Escrit per":"paula","Temps estimat de lectura":"6 minuts"},"schema":{"@context":"https:\/\/schema.org","@graph":[{"@type":"Article","@id":"https:\/\/biblioteca.blanes.cat\/salajove\/2018\/10\/07\/laetita-colombani\/#article","isPartOf":{"@id":"https:\/\/biblioteca.blanes.cat\/salajove\/2018\/10\/07\/laetita-colombani\/"},"author":{"name":"paula","@id":"https:\/\/biblioteca.blanes.cat\/salajove\/#\/schema\/person\/8dbc45cdf5d1c7e2d100d147517ba7f3"},"headline":"LA TRENZA de Laetita Colombani","datePublished":"2018-10-07T13:35:09+00:00","dateModified":"2018-10-07T16:59:57+00:00","mainEntityOfPage":{"@id":"https:\/\/biblioteca.blanes.cat\/salajove\/2018\/10\/07\/laetita-colombani\/"},"wordCount":1209,"commentCount":0,"publisher":{"@id":"https:\/\/biblioteca.blanes.cat\/salajove\/#organization"},"image":{"@id":"https:\/\/biblioteca.blanes.cat\/salajove\/2018\/10\/07\/laetita-colombani\/#primaryimage"},"thumbnailUrl":"https:\/\/biblioteca.blanes.cat\/salajove\/wp-content\/uploads\/sites\/3\/2017\/10\/elrac\u00f3delapaula_.png","keywords":["#BlogdeLectura","#Lectura","#Literatura","#Llibres"],"articleSection":["Rac\u00f3 de la Paula","RP_Popular"],"inLanguage":"ca","potentialAction":[{"@type":"CommentAction","name":"Comment","target":["https:\/\/biblioteca.blanes.cat\/salajove\/2018\/10\/07\/laetita-colombani\/#respond"]}]},{"@type":"WebPage","@id":"https:\/\/biblioteca.blanes.cat\/salajove\/2018\/10\/07\/laetita-colombani\/","url":"https:\/\/biblioteca.blanes.cat\/salajove\/2018\/10\/07\/laetita-colombani\/","name":"LA TRENZA de Laetita Colombani - Sala Jove -","isPartOf":{"@id":"https:\/\/biblioteca.blanes.cat\/salajove\/#website"},"primaryImageOfPage":{"@id":"https:\/\/biblioteca.blanes.cat\/salajove\/2018\/10\/07\/laetita-colombani\/#primaryimage"},"image":{"@id":"https:\/\/biblioteca.blanes.cat\/salajove\/2018\/10\/07\/laetita-colombani\/#primaryimage"},"thumbnailUrl":"https:\/\/biblioteca.blanes.cat\/salajove\/wp-content\/uploads\/sites\/3\/2017\/10\/elrac\u00f3delapaula_.png","datePublished":"2018-10-07T13:35:09+00:00","dateModified":"2018-10-07T16:59:57+00:00","description":"Laetita Colombani nos ense\u00f1a que en esta trenza tenemos tres mechones, tres mujeres que viven en continentes distintos. Cada una nos cuenta su historia.","breadcrumb":{"@id":"https:\/\/biblioteca.blanes.cat\/salajove\/2018\/10\/07\/laetita-colombani\/#breadcrumb"},"inLanguage":"ca","potentialAction":[{"@type":"ReadAction","target":["https:\/\/biblioteca.blanes.cat\/salajove\/2018\/10\/07\/laetita-colombani\/"]}]},{"@type":"ImageObject","inLanguage":"ca","@id":"https:\/\/biblioteca.blanes.cat\/salajove\/2018\/10\/07\/laetita-colombani\/#primaryimage","url":"https:\/\/biblioteca.blanes.cat\/salajove\/wp-content\/uploads\/sites\/3\/2017\/10\/elrac\u00f3delapaula_.png","contentUrl":"https:\/\/biblioteca.blanes.cat\/salajove\/wp-content\/uploads\/sites\/3\/2017\/10\/elrac\u00f3delapaula_.png","width":3719,"height":3719},{"@type":"BreadcrumbList","@id":"https:\/\/biblioteca.blanes.cat\/salajove\/2018\/10\/07\/laetita-colombani\/#breadcrumb","itemListElement":[{"@type":"ListItem","position":1,"name":"Inici","item":"https:\/\/biblioteca.blanes.cat\/salajove\/"},{"@type":"ListItem","position":2,"name":"LA TRENZA de Laetita Colombani"}]},{"@type":"WebSite","@id":"https:\/\/biblioteca.blanes.cat\/salajove\/#website","url":"https:\/\/biblioteca.blanes.cat\/salajove\/","name":"Sala Jove","description":"Biblioteca Comarcal de Blanes","publisher":{"@id":"https:\/\/biblioteca.blanes.cat\/salajove\/#organization"},"potentialAction":[{"@type":"SearchAction","target":{"@type":"EntryPoint","urlTemplate":"https:\/\/biblioteca.blanes.cat\/salajove\/?s={search_term_string}"},"query-input":{"@type":"PropertyValueSpecification","valueRequired":true,"valueName":"search_term_string"}}],"inLanguage":"ca"},{"@type":"Organization","@id":"https:\/\/biblioteca.blanes.cat\/salajove\/#organization","name":"Biblioteca Comarcal de Blanes","url":"https:\/\/biblioteca.blanes.cat\/salajove\/","logo":{"@type":"ImageObject","inLanguage":"ca","@id":"https:\/\/biblioteca.blanes.cat\/salajove\/#\/schema\/logo\/image\/","url":"https:\/\/biblioteca.blanes.cat\/salajove\/wp-content\/uploads\/sites\/3\/2017\/09\/cropped-Bib-blau-e1518869380535.png","contentUrl":"https:\/\/biblioteca.blanes.cat\/salajove\/wp-content\/uploads\/sites\/3\/2017\/09\/cropped-Bib-blau-e1518869380535.png","width":166,"height":166,"caption":"Biblioteca Comarcal de Blanes"},"image":{"@id":"https:\/\/biblioteca.blanes.cat\/salajove\/#\/schema\/logo\/image\/"},"sameAs":["https:\/\/www.facebook.com\/BilbiotecaComarcaldeBlanes\/","https:\/\/x.com\/BiblioBlanes","https:\/\/www.instagram.com\/biblioblanes\/","https:\/\/www.pinterest.es\/bblanes\/","https:\/\/www.youtube.com\/c\/BibliotecaComarcalBlanes"]},{"@type":"Person","@id":"https:\/\/biblioteca.blanes.cat\/salajove\/#\/schema\/person\/8dbc45cdf5d1c7e2d100d147517ba7f3","name":"paula","image":{"@type":"ImageObject","inLanguage":"ca","@id":"https:\/\/secure.gravatar.com\/avatar\/7dc0a9399589f36ddc6864e8335b73854871aa22921ee390cb50776e7ddfc136?s=96&d=mm&r=g","url":"https:\/\/secure.gravatar.com\/avatar\/7dc0a9399589f36ddc6864e8335b73854871aa22921ee390cb50776e7ddfc136?s=96&d=mm&r=g","contentUrl":"https:\/\/secure.gravatar.com\/avatar\/7dc0a9399589f36ddc6864e8335b73854871aa22921ee390cb50776e7ddfc136?s=96&d=mm&r=g","caption":"paula"},"url":"https:\/\/biblioteca.blanes.cat\/salajove\/author\/paula\/"}]}},"_links":{"self":[{"href":"https:\/\/biblioteca.blanes.cat\/salajove\/wp-json\/wp\/v2\/posts\/1986","targetHints":{"allow":["GET"]}}],"collection":[{"href":"https:\/\/biblioteca.blanes.cat\/salajove\/wp-json\/wp\/v2\/posts"}],"about":[{"href":"https:\/\/biblioteca.blanes.cat\/salajove\/wp-json\/wp\/v2\/types\/post"}],"author":[{"embeddable":true,"href":"https:\/\/biblioteca.blanes.cat\/salajove\/wp-json\/wp\/v2\/users\/6"}],"replies":[{"embeddable":true,"href":"https:\/\/biblioteca.blanes.cat\/salajove\/wp-json\/wp\/v2\/comments?post=1986"}],"version-history":[{"count":22,"href":"https:\/\/biblioteca.blanes.cat\/salajove\/wp-json\/wp\/v2\/posts\/1986\/revisions"}],"predecessor-version":[{"id":2010,"href":"https:\/\/biblioteca.blanes.cat\/salajove\/wp-json\/wp\/v2\/posts\/1986\/revisions\/2010"}],"wp:featuredmedia":[{"embeddable":true,"href":"https:\/\/biblioteca.blanes.cat\/salajove\/wp-json\/wp\/v2\/media\/1802"}],"wp:attachment":[{"href":"https:\/\/biblioteca.blanes.cat\/salajove\/wp-json\/wp\/v2\/media?parent=1986"}],"wp:term":[{"taxonomy":"category","embeddable":true,"href":"https:\/\/biblioteca.blanes.cat\/salajove\/wp-json\/wp\/v2\/categories?post=1986"},{"taxonomy":"post_tag","embeddable":true,"href":"https:\/\/biblioteca.blanes.cat\/salajove\/wp-json\/wp\/v2\/tags?post=1986"}],"curies":[{"name":"wp","href":"https:\/\/api.w.org\/{rel}","templated":true}]}}