{"id":1964,"date":"2018-09-29T12:26:30","date_gmt":"2018-09-29T11:26:30","guid":{"rendered":"https:\/\/biblioteca.blanes.cat\/salajove\/?p=1964"},"modified":"2018-10-07T18:05:57","modified_gmt":"2018-10-07T17:05:57","slug":"vindras-amb-mi-despres-del-diluvi-mar-bosch-oliveras","status":"publish","type":"post","link":"https:\/\/biblioteca.blanes.cat\/salajove\/2018\/09\/29\/vindras-amb-mi-despres-del-diluvi-mar-bosch-oliveras\/","title":{"rendered":"Vindr\u00e0s amb mi despr\u00e9s del diluvi  &#8211; Mar Bosch Oliveras"},"content":{"rendered":"<h3 style=\"text-align: center\">VINDR\u00c0S AMB MI DESPR\u00c9S DEL DILUVI<\/h3>\n<h6 style=\"text-align: center\">VENDR\u00c1S CONMIGO DESPU\u00c9S DEL DILUVIO<\/h6>\n<h3 style=\"text-align: center\">MAR BOSCH OLIVERAS<\/h3>\n<pre style=\"text-align: center\">(EDITORIAL COMANEGRA)<\/pre>\n<p>&nbsp;<\/p>\n<p>Un d\u00eda llegan una pareja de rayos de sol que nos recuerdan que debemos abrir les ventanas, hacer aquello que siempre hab\u00edamos dicho que har\u00edamos: vivir sinoscuridad, sin miedo.<\/p>\n<p>La vida es un r\u00edo de aguas que siguen su curso. A veces tranquilas, a veces turbulentas. En cualquier momento el curso del r\u00edo se puede desbordar y quebrarnos la vida, arrastr\u00e1ndonos a lugares oscuros, sin luz, ahog\u00e1ndonos en sus aguas.<\/p>\n<h5 style=\"text-align: center\">No debemos tener miedo porqu\u00e9 las aguas del r\u00edo, tarde o temprano, siempre encuentran el camino hacia el mar.<\/h5>\n<p>Mar Bosch Oliveras es la escritora del libro \u201cVindr\u00e0s amb mi despr\u00e9s del diluvi\u201d (Vendr\u00e1s conmigo despu\u00e9s del diluvio\u201d. Es su tercer libro y lo public\u00f3 en la Editorial Comanegra. Os dejo el enlace del libro de Mar Bosch:\u00a0 http:\/\/comanegra.com\/ficcio\/503-diluvi-mar-bosch.html .<\/p>\n<p><img fetchpriority=\"high\" decoding=\"async\" class=\"wp-image-2011 aligncenter\" src=\"https:\/\/biblioteca.blanes.cat\/salajove\/wp-content\/uploads\/sites\/3\/2018\/09\/IMG-20181007-WA0001-2-300x200.jpg\" alt=\"\" width=\"424\" height=\"282\" srcset=\"https:\/\/biblioteca.blanes.cat\/salajove\/wp-content\/uploads\/sites\/3\/2018\/09\/IMG-20181007-WA0001-2-300x200.jpg 300w, https:\/\/biblioteca.blanes.cat\/salajove\/wp-content\/uploads\/sites\/3\/2018\/09\/IMG-20181007-WA0001-2-768x512.jpg 768w, https:\/\/biblioteca.blanes.cat\/salajove\/wp-content\/uploads\/sites\/3\/2018\/09\/IMG-20181007-WA0001-2-1024x682.jpg 1024w, https:\/\/biblioteca.blanes.cat\/salajove\/wp-content\/uploads\/sites\/3\/2018\/09\/IMG-20181007-WA0001-2.jpg 1600w\" sizes=\"(max-width: 424px) 100vw, 424px\" \/><\/p>\n<p>Sigrid era una chica de pueblo que viv\u00eda con sus padres y su hermano No\u00e9 en Sant Guim de Freixenet. Eran una familia feliz, muy feliz. Cualquier adversidad que sufr\u00edan la superaban uniendo sus fuerzas., apoy\u00e1ndose unos a otros. Hasta que un dia el curso de la vida se desbord\u00f3 y quebr\u00f3 sus vidas.<\/p>\n<p>&nbsp;<\/p>\n<h5 style=\"text-align: center\">Sigrid aprendi\u00f3 a nadar en aguas turbulentas. Abandon\u00f3 su pueblo con su hermano No\u00e9 y fueron a vivir a casa de su t\u00eda en Barcelona. El agua buscaba el camino al mar.<\/h5>\n<p>Mientras, su hermano No\u00e9 encerrado en su habitaci\u00f3n, es arrastrado a un lugar oscuro, se ahoga. Todos los d\u00edas, Sigrid, se adentra en la infinita ciudad de Barcelona, para descubrir o encontrar algo para hacer salir de la habitaci\u00f3n a su hermano. Para luchar contra la adversidad que no deja a No\u00e9 salir de las aguas, que lo castigan, arrastran y ahogan. Quiere ayudarlo, unir su fuerza con la suya. C\u00f3mo siempre hac\u00edan antes. Como siempre hacen las familias.<\/p>\n<h4 style=\"text-align: center\">Y ahora unas frases:<\/h4>\n<p><em>\u201cY toda esta parafernalia es porque, poco a poco, se vuelvan m\u00e1s aut\u00f3nomos, y eso es lo que late por debajo de todos los motivos de este mundo; las madres quieren que sus hijos sean m\u00e1s aut\u00f3nomos porque les quieren. Les quieren as\u00ed, de camino a su propio abismo, predisponi\u00e9ndolo todo porque un d\u00eda las dejen, porque las dejaran alg\u00fan d\u00eda.\u201d<\/em><\/p>\n<p><em>\u201cUn espacio que cautiva y que la hace sentir a\u00fan m\u00e1s peque\u00f1a de lo que se siente debajo de la inmensidad del cielo azul. Pero ha de sobreponerse, ha de recordar quien es.\u201d<\/em><\/p>\n<p><em>\u201cQuer\u00eda ser una chica de verdad, bautizada con los zumos de su propia voluntad, una que no se dejase impresionar por la inmensidad de nada y de nadie. Una que desprendiera el brillo de los convencidos, un eje gravitatorio por las bondades de un mundo de arquitecturas germ\u00e1nicas, por la normalidad del m\u00e1rmol sin fisuras, por el movimiento constante, rectil\u00edneo, uniforme.\u201d<\/em><\/p>\n<h6 style=\"text-align: center\"><em>\u201c\u201cHoy pensando en las penas de los dem\u00e1s, en el horror de los dem\u00e1s, siempre m\u00e1s grande, siempre m\u00e1s ex\u00f3tico, he sabido que saldremos de esta.\u201d<\/em><\/h6>\n<p><em>\u201c \u201c\u00bfY sabes qu\u00e9? Que las cosas pasan porque si, hasta las que hacen m\u00e1s da\u00f1o. Nada no se puede prever, hermanita. Aunque lo desees muy fuerte, para nosotros estas vibraciones primarias no existen.\u201d<\/em><\/p>\n<p><em>\u201cLa confianza, la definen as\u00ed a menudo, era el secreto de las familias felices: dejarse caer de espaldas con los brazos abiertos y saber que un padre, una madre, un hermano o un lazo formado por los brazos de los tres, les espera para hacerlos de colch\u00f3n. Eso es la familia.\u201d<\/em><\/p>\n<p><em>\u201cPorque esos ni\u00f1os se convirtieron en la natura salvaje que sobrevive a una fin del mundo entre edificios. En aquella mata de hierba que se abre paso en medio de una calle, en un \u00e1rbol que emerge al terrado torcido de la \u00faltima casa que se mantiene de pie despu\u00e9s de una cat\u00e1strofe. Los ni\u00f1os se hab\u00edan convertido en el \u00faltimo rastro viviente del que hab\u00eda estado una civilizaci\u00f3n.\u201d<\/em><\/p>\n<h4 style=\"text-align: center\">Y ahora unas curiosidades:<\/h4>\n<p>*Mar Bosch Oliveras naci\u00f3 en Gerona el 1981.<\/p>\n<p>*Es licenciada en Filolog\u00eda y Periodismo Cultural por la Universidad de Girona.<\/p>\n<p>*De peque\u00f1a se aficion\u00f3 a escribir historias para entretener a sus familiares y amigos.<\/p>\n<h5 style=\"text-align: center\">*Primero fueron poemas, luego relatos cortos. M\u00e1s tarde, fueron art\u00edculos y rese\u00f1as en su blog personal www.malamar .<\/h5>\n<p>*A pesar de que siempre hab\u00eda escrito textos breves, Mar Bosch no se atrev\u00eda con la novela, hasta que trabaj\u00f3 con ni\u00f1os peque\u00f1os y lleg\u00f3 a sus manos un libro sobre la historia de hospitales psiqui\u00e1tricos infantiles. Las teor\u00edas arcaicas sobre el autismo que ley\u00f3, contrastaban con la dulzura de estar rodeada de ni\u00f1os. Esta fue la chispa para empezar a escribir su primera novela, \u201cBedlam: detr\u00e1s de las horas c\u00e1lidas&#8221;.<\/p>\n<p>*Con este libro gan\u00f3 el Premio de novela corta a Just Manuel Corto el 2012.\u201d<\/p>\n<p>*En 2015 se hizo al cargo del primer club de lectura de su poblaci\u00f3n.<\/p>\n<p>*Despu\u00e9s de su segundo libro \u201c1001 curiositats de Girona i el Giron\u00e9s \u201c(1001 curiosidades de Gerona y el Girones), dedicado a la ciudad de Girona, publica en 2016 \u201cLes generacions espont\u00e0neas\u201d (Las generaciones espontaneas).<\/p>\n<h5 style=\"text-align: center\">*Actualmente vive a Vilablareix trabaja en el \u00e1mbito de comunicaci\u00f3n i colabora con diversas editoriales y medios escritos.<\/h5>\n<p>Creedme os gustar\u00e1. Es un libro de p\u00e9rdidas, de miedos, de vidas quebradas pero tambi\u00e9n de vida en may\u00fasculas, de superaci\u00f3n y de supervivencia.<\/p>\n<p>Os dejo con una de las frases de Mar que me llevo conmigo:<\/p>\n<p style=\"text-align: center\"><strong><em>\u201cPero ya no tengo miedo. Dejaran que las aguas hagan su curso, que suban, que hagan marear, que ahoguen, que castiguen como un dios antiguo, que limpien, que perdonen, que bajen, que se esparzan por la inmensidad de un mundo nuevo y, despu\u00e9s, solo despu\u00e9s, sean aguas que vuelvan a sitio.\u201d<\/em><\/strong><\/p>\n","protected":false},"excerpt":{"rendered":"<p>VINDR\u00c0S AMB MI DESPR\u00c9S DEL DILUVI VENDR\u00c1S CONMIGO DESPU\u00c9S DEL DILUVIO MAR BOSCH OLIVERAS (EDITORIAL COMANEGRA) &nbsp; Un d\u00eda llegan una pareja de rayos de sol que nos recuerdan que debemos abrir les ventanas, hacer aquello que siempre hab\u00edamos dicho<\/p>\n","protected":false},"author":6,"featured_media":1802,"comment_status":"open","ping_status":"open","sticky":false,"template":"","format":"standard","meta":{"sfsi_plus_gutenberg_text_before_share":"","sfsi_plus_gutenberg_show_text_before_share":"","sfsi_plus_gutenberg_icon_type":"","sfsi_plus_gutenberg_icon_alignemt":"","sfsi_plus_gutenburg_max_per_row":"","footnotes":""},"categories":[9,10],"tags":[31,26,19,21],"class_list":["post-1964","post","type-post","status-publish","format-standard","has-post-thumbnail","hentry","category-raco-de-la-paula","category-novetat","tag-escriptura","tag-lectura","tag-literatura","tag-llibres"],"yoast_head":"<!-- This site is optimized with the Yoast SEO plugin v27.5 - https:\/\/yoast.com\/product\/yoast-seo-wordpress\/ -->\n<title>Vindr\u00e0s amb mi despr\u00e9s del diluvi - Mar Bosch Oliveras - Sala Jove<\/title>\n<meta name=\"description\" content=\"Sigrid aprendi\u00f3 a nadar en aguas turbulentas .Abandon\u00f3 su pueblo con su hermano No\u00e9 y fueron a vivir a casa de su t\u00eda en Barcelona.\" \/>\n<meta name=\"robots\" content=\"index, follow, max-snippet:-1, max-image-preview:large, max-video-preview:-1\" \/>\n<link rel=\"canonical\" href=\"https:\/\/biblioteca.blanes.cat\/salajove\/2018\/09\/29\/vindras-amb-mi-despres-del-diluvi-mar-bosch-oliveras\/\" \/>\n<meta property=\"og:locale\" content=\"ca_ES\" \/>\n<meta property=\"og:type\" content=\"article\" \/>\n<meta property=\"og:title\" content=\"Vindr\u00e0s amb mi despr\u00e9s del diluvi - Mar Bosch Oliveras - Sala Jove\" \/>\n<meta property=\"og:description\" content=\"Sigrid aprendi\u00f3 a nadar en aguas turbulentas .Abandon\u00f3 su pueblo con su hermano No\u00e9 y fueron a vivir a casa de su t\u00eda en Barcelona.\" \/>\n<meta property=\"og:url\" content=\"https:\/\/biblioteca.blanes.cat\/salajove\/2018\/09\/29\/vindras-amb-mi-despres-del-diluvi-mar-bosch-oliveras\/\" \/>\n<meta property=\"og:site_name\" content=\"Sala Jove\" \/>\n<meta property=\"article:publisher\" content=\"https:\/\/www.facebook.com\/BilbiotecaComarcaldeBlanes\/\" \/>\n<meta property=\"article:published_time\" content=\"2018-09-29T11:26:30+00:00\" \/>\n<meta property=\"article:modified_time\" content=\"2018-10-07T17:05:57+00:00\" \/>\n<meta property=\"og:image\" content=\"https:\/\/biblioteca.blanes.cat\/salajove\/wp-content\/uploads\/sites\/3\/2017\/10\/elrac\u00f3delapaula_.png\" \/>\n\t<meta property=\"og:image:width\" content=\"3719\" \/>\n\t<meta property=\"og:image:height\" content=\"3719\" \/>\n\t<meta property=\"og:image:type\" content=\"image\/png\" \/>\n<meta name=\"author\" content=\"paula\" \/>\n<meta name=\"twitter:card\" content=\"summary_large_image\" \/>\n<meta name=\"twitter:creator\" content=\"@BiblioBlanes\" \/>\n<meta name=\"twitter:site\" content=\"@BiblioBlanes\" \/>\n<meta name=\"twitter:label1\" content=\"Escrit per\" \/>\n\t<meta name=\"twitter:data1\" content=\"paula\" \/>\n\t<meta name=\"twitter:label2\" content=\"Temps estimat de lectura\" \/>\n\t<meta name=\"twitter:data2\" content=\"5 minuts\" \/>\n<script type=\"application\/ld+json\" class=\"yoast-schema-graph\">{\"@context\":\"https:\\\/\\\/schema.org\",\"@graph\":[{\"@type\":\"Article\",\"@id\":\"https:\\\/\\\/biblioteca.blanes.cat\\\/salajove\\\/2018\\\/09\\\/29\\\/vindras-amb-mi-despres-del-diluvi-mar-bosch-oliveras\\\/#article\",\"isPartOf\":{\"@id\":\"https:\\\/\\\/biblioteca.blanes.cat\\\/salajove\\\/2018\\\/09\\\/29\\\/vindras-amb-mi-despres-del-diluvi-mar-bosch-oliveras\\\/\"},\"author\":{\"name\":\"paula\",\"@id\":\"https:\\\/\\\/biblioteca.blanes.cat\\\/salajove\\\/#\\\/schema\\\/person\\\/8dbc45cdf5d1c7e2d100d147517ba7f3\"},\"headline\":\"Vindr\u00e0s amb mi despr\u00e9s del diluvi &#8211; Mar Bosch Oliveras\",\"datePublished\":\"2018-09-29T11:26:30+00:00\",\"dateModified\":\"2018-10-07T17:05:57+00:00\",\"mainEntityOfPage\":{\"@id\":\"https:\\\/\\\/biblioteca.blanes.cat\\\/salajove\\\/2018\\\/09\\\/29\\\/vindras-amb-mi-despres-del-diluvi-mar-bosch-oliveras\\\/\"},\"wordCount\":1035,\"commentCount\":0,\"publisher\":{\"@id\":\"https:\\\/\\\/biblioteca.blanes.cat\\\/salajove\\\/#organization\"},\"image\":{\"@id\":\"https:\\\/\\\/biblioteca.blanes.cat\\\/salajove\\\/2018\\\/09\\\/29\\\/vindras-amb-mi-despres-del-diluvi-mar-bosch-oliveras\\\/#primaryimage\"},\"thumbnailUrl\":\"https:\\\/\\\/biblioteca.blanes.cat\\\/salajove\\\/wp-content\\\/uploads\\\/sites\\\/3\\\/2017\\\/10\\\/elrac\u00f3delapaula_.png\",\"keywords\":[\"#Escriptura\",\"#Lectura\",\"#Literatura\",\"#Llibres\"],\"articleSection\":[\"Rac\u00f3 de la Paula\",\"RP_Novetat\"],\"inLanguage\":\"ca\",\"potentialAction\":[{\"@type\":\"CommentAction\",\"name\":\"Comment\",\"target\":[\"https:\\\/\\\/biblioteca.blanes.cat\\\/salajove\\\/2018\\\/09\\\/29\\\/vindras-amb-mi-despres-del-diluvi-mar-bosch-oliveras\\\/#respond\"]}]},{\"@type\":\"WebPage\",\"@id\":\"https:\\\/\\\/biblioteca.blanes.cat\\\/salajove\\\/2018\\\/09\\\/29\\\/vindras-amb-mi-despres-del-diluvi-mar-bosch-oliveras\\\/\",\"url\":\"https:\\\/\\\/biblioteca.blanes.cat\\\/salajove\\\/2018\\\/09\\\/29\\\/vindras-amb-mi-despres-del-diluvi-mar-bosch-oliveras\\\/\",\"name\":\"Vindr\u00e0s amb mi despr\u00e9s del diluvi - Mar Bosch Oliveras - Sala Jove\",\"isPartOf\":{\"@id\":\"https:\\\/\\\/biblioteca.blanes.cat\\\/salajove\\\/#website\"},\"primaryImageOfPage\":{\"@id\":\"https:\\\/\\\/biblioteca.blanes.cat\\\/salajove\\\/2018\\\/09\\\/29\\\/vindras-amb-mi-despres-del-diluvi-mar-bosch-oliveras\\\/#primaryimage\"},\"image\":{\"@id\":\"https:\\\/\\\/biblioteca.blanes.cat\\\/salajove\\\/2018\\\/09\\\/29\\\/vindras-amb-mi-despres-del-diluvi-mar-bosch-oliveras\\\/#primaryimage\"},\"thumbnailUrl\":\"https:\\\/\\\/biblioteca.blanes.cat\\\/salajove\\\/wp-content\\\/uploads\\\/sites\\\/3\\\/2017\\\/10\\\/elrac\u00f3delapaula_.png\",\"datePublished\":\"2018-09-29T11:26:30+00:00\",\"dateModified\":\"2018-10-07T17:05:57+00:00\",\"description\":\"Sigrid aprendi\u00f3 a nadar en aguas turbulentas .Abandon\u00f3 su pueblo con su hermano No\u00e9 y fueron a vivir a casa de su t\u00eda en Barcelona.\",\"breadcrumb\":{\"@id\":\"https:\\\/\\\/biblioteca.blanes.cat\\\/salajove\\\/2018\\\/09\\\/29\\\/vindras-amb-mi-despres-del-diluvi-mar-bosch-oliveras\\\/#breadcrumb\"},\"inLanguage\":\"ca\",\"potentialAction\":[{\"@type\":\"ReadAction\",\"target\":[\"https:\\\/\\\/biblioteca.blanes.cat\\\/salajove\\\/2018\\\/09\\\/29\\\/vindras-amb-mi-despres-del-diluvi-mar-bosch-oliveras\\\/\"]}]},{\"@type\":\"ImageObject\",\"inLanguage\":\"ca\",\"@id\":\"https:\\\/\\\/biblioteca.blanes.cat\\\/salajove\\\/2018\\\/09\\\/29\\\/vindras-amb-mi-despres-del-diluvi-mar-bosch-oliveras\\\/#primaryimage\",\"url\":\"https:\\\/\\\/biblioteca.blanes.cat\\\/salajove\\\/wp-content\\\/uploads\\\/sites\\\/3\\\/2017\\\/10\\\/elrac\u00f3delapaula_.png\",\"contentUrl\":\"https:\\\/\\\/biblioteca.blanes.cat\\\/salajove\\\/wp-content\\\/uploads\\\/sites\\\/3\\\/2017\\\/10\\\/elrac\u00f3delapaula_.png\",\"width\":3719,\"height\":3719},{\"@type\":\"BreadcrumbList\",\"@id\":\"https:\\\/\\\/biblioteca.blanes.cat\\\/salajove\\\/2018\\\/09\\\/29\\\/vindras-amb-mi-despres-del-diluvi-mar-bosch-oliveras\\\/#breadcrumb\",\"itemListElement\":[{\"@type\":\"ListItem\",\"position\":1,\"name\":\"Inici\",\"item\":\"https:\\\/\\\/biblioteca.blanes.cat\\\/salajove\\\/\"},{\"@type\":\"ListItem\",\"position\":2,\"name\":\"Vindr\u00e0s amb mi despr\u00e9s del diluvi &#8211; Mar Bosch Oliveras\"}]},{\"@type\":\"WebSite\",\"@id\":\"https:\\\/\\\/biblioteca.blanes.cat\\\/salajove\\\/#website\",\"url\":\"https:\\\/\\\/biblioteca.blanes.cat\\\/salajove\\\/\",\"name\":\"Sala Jove\",\"description\":\"Biblioteca Comarcal de Blanes\",\"publisher\":{\"@id\":\"https:\\\/\\\/biblioteca.blanes.cat\\\/salajove\\\/#organization\"},\"potentialAction\":[{\"@type\":\"SearchAction\",\"target\":{\"@type\":\"EntryPoint\",\"urlTemplate\":\"https:\\\/\\\/biblioteca.blanes.cat\\\/salajove\\\/?s={search_term_string}\"},\"query-input\":{\"@type\":\"PropertyValueSpecification\",\"valueRequired\":true,\"valueName\":\"search_term_string\"}}],\"inLanguage\":\"ca\"},{\"@type\":\"Organization\",\"@id\":\"https:\\\/\\\/biblioteca.blanes.cat\\\/salajove\\\/#organization\",\"name\":\"Biblioteca Comarcal de Blanes\",\"url\":\"https:\\\/\\\/biblioteca.blanes.cat\\\/salajove\\\/\",\"logo\":{\"@type\":\"ImageObject\",\"inLanguage\":\"ca\",\"@id\":\"https:\\\/\\\/biblioteca.blanes.cat\\\/salajove\\\/#\\\/schema\\\/logo\\\/image\\\/\",\"url\":\"https:\\\/\\\/biblioteca.blanes.cat\\\/salajove\\\/wp-content\\\/uploads\\\/sites\\\/3\\\/2017\\\/09\\\/cropped-Bib-blau-e1518869380535.png\",\"contentUrl\":\"https:\\\/\\\/biblioteca.blanes.cat\\\/salajove\\\/wp-content\\\/uploads\\\/sites\\\/3\\\/2017\\\/09\\\/cropped-Bib-blau-e1518869380535.png\",\"width\":166,\"height\":166,\"caption\":\"Biblioteca Comarcal de Blanes\"},\"image\":{\"@id\":\"https:\\\/\\\/biblioteca.blanes.cat\\\/salajove\\\/#\\\/schema\\\/logo\\\/image\\\/\"},\"sameAs\":[\"https:\\\/\\\/www.facebook.com\\\/BilbiotecaComarcaldeBlanes\\\/\",\"https:\\\/\\\/x.com\\\/BiblioBlanes\",\"https:\\\/\\\/www.instagram.com\\\/biblioblanes\\\/\",\"https:\\\/\\\/www.pinterest.es\\\/bblanes\\\/\",\"https:\\\/\\\/www.youtube.com\\\/c\\\/BibliotecaComarcalBlanes\"]},{\"@type\":\"Person\",\"@id\":\"https:\\\/\\\/biblioteca.blanes.cat\\\/salajove\\\/#\\\/schema\\\/person\\\/8dbc45cdf5d1c7e2d100d147517ba7f3\",\"name\":\"paula\",\"image\":{\"@type\":\"ImageObject\",\"inLanguage\":\"ca\",\"@id\":\"https:\\\/\\\/secure.gravatar.com\\\/avatar\\\/7dc0a9399589f36ddc6864e8335b73854871aa22921ee390cb50776e7ddfc136?s=96&d=mm&r=g\",\"url\":\"https:\\\/\\\/secure.gravatar.com\\\/avatar\\\/7dc0a9399589f36ddc6864e8335b73854871aa22921ee390cb50776e7ddfc136?s=96&d=mm&r=g\",\"contentUrl\":\"https:\\\/\\\/secure.gravatar.com\\\/avatar\\\/7dc0a9399589f36ddc6864e8335b73854871aa22921ee390cb50776e7ddfc136?s=96&d=mm&r=g\",\"caption\":\"paula\"},\"url\":\"https:\\\/\\\/biblioteca.blanes.cat\\\/salajove\\\/author\\\/paula\\\/\"}]}<\/script>\n<!-- \/ Yoast SEO plugin. -->","yoast_head_json":{"title":"Vindr\u00e0s amb mi despr\u00e9s del diluvi - Mar Bosch Oliveras - Sala Jove","description":"Sigrid aprendi\u00f3 a nadar en aguas turbulentas .Abandon\u00f3 su pueblo con su hermano No\u00e9 y fueron a vivir a casa de su t\u00eda en Barcelona.","robots":{"index":"index","follow":"follow","max-snippet":"max-snippet:-1","max-image-preview":"max-image-preview:large","max-video-preview":"max-video-preview:-1"},"canonical":"https:\/\/biblioteca.blanes.cat\/salajove\/2018\/09\/29\/vindras-amb-mi-despres-del-diluvi-mar-bosch-oliveras\/","og_locale":"ca_ES","og_type":"article","og_title":"Vindr\u00e0s amb mi despr\u00e9s del diluvi - Mar Bosch Oliveras - Sala Jove","og_description":"Sigrid aprendi\u00f3 a nadar en aguas turbulentas .Abandon\u00f3 su pueblo con su hermano No\u00e9 y fueron a vivir a casa de su t\u00eda en Barcelona.","og_url":"https:\/\/biblioteca.blanes.cat\/salajove\/2018\/09\/29\/vindras-amb-mi-despres-del-diluvi-mar-bosch-oliveras\/","og_site_name":"Sala Jove","article_publisher":"https:\/\/www.facebook.com\/BilbiotecaComarcaldeBlanes\/","article_published_time":"2018-09-29T11:26:30+00:00","article_modified_time":"2018-10-07T17:05:57+00:00","og_image":[{"width":3719,"height":3719,"url":"https:\/\/biblioteca.blanes.cat\/salajove\/wp-content\/uploads\/sites\/3\/2017\/10\/elrac\u00f3delapaula_.png","type":"image\/png"}],"author":"paula","twitter_card":"summary_large_image","twitter_creator":"@BiblioBlanes","twitter_site":"@BiblioBlanes","twitter_misc":{"Escrit per":"paula","Temps estimat de lectura":"5 minuts"},"schema":{"@context":"https:\/\/schema.org","@graph":[{"@type":"Article","@id":"https:\/\/biblioteca.blanes.cat\/salajove\/2018\/09\/29\/vindras-amb-mi-despres-del-diluvi-mar-bosch-oliveras\/#article","isPartOf":{"@id":"https:\/\/biblioteca.blanes.cat\/salajove\/2018\/09\/29\/vindras-amb-mi-despres-del-diluvi-mar-bosch-oliveras\/"},"author":{"name":"paula","@id":"https:\/\/biblioteca.blanes.cat\/salajove\/#\/schema\/person\/8dbc45cdf5d1c7e2d100d147517ba7f3"},"headline":"Vindr\u00e0s amb mi despr\u00e9s del diluvi &#8211; Mar Bosch Oliveras","datePublished":"2018-09-29T11:26:30+00:00","dateModified":"2018-10-07T17:05:57+00:00","mainEntityOfPage":{"@id":"https:\/\/biblioteca.blanes.cat\/salajove\/2018\/09\/29\/vindras-amb-mi-despres-del-diluvi-mar-bosch-oliveras\/"},"wordCount":1035,"commentCount":0,"publisher":{"@id":"https:\/\/biblioteca.blanes.cat\/salajove\/#organization"},"image":{"@id":"https:\/\/biblioteca.blanes.cat\/salajove\/2018\/09\/29\/vindras-amb-mi-despres-del-diluvi-mar-bosch-oliveras\/#primaryimage"},"thumbnailUrl":"https:\/\/biblioteca.blanes.cat\/salajove\/wp-content\/uploads\/sites\/3\/2017\/10\/elrac\u00f3delapaula_.png","keywords":["#Escriptura","#Lectura","#Literatura","#Llibres"],"articleSection":["Rac\u00f3 de la Paula","RP_Novetat"],"inLanguage":"ca","potentialAction":[{"@type":"CommentAction","name":"Comment","target":["https:\/\/biblioteca.blanes.cat\/salajove\/2018\/09\/29\/vindras-amb-mi-despres-del-diluvi-mar-bosch-oliveras\/#respond"]}]},{"@type":"WebPage","@id":"https:\/\/biblioteca.blanes.cat\/salajove\/2018\/09\/29\/vindras-amb-mi-despres-del-diluvi-mar-bosch-oliveras\/","url":"https:\/\/biblioteca.blanes.cat\/salajove\/2018\/09\/29\/vindras-amb-mi-despres-del-diluvi-mar-bosch-oliveras\/","name":"Vindr\u00e0s amb mi despr\u00e9s del diluvi - Mar Bosch Oliveras - Sala Jove","isPartOf":{"@id":"https:\/\/biblioteca.blanes.cat\/salajove\/#website"},"primaryImageOfPage":{"@id":"https:\/\/biblioteca.blanes.cat\/salajove\/2018\/09\/29\/vindras-amb-mi-despres-del-diluvi-mar-bosch-oliveras\/#primaryimage"},"image":{"@id":"https:\/\/biblioteca.blanes.cat\/salajove\/2018\/09\/29\/vindras-amb-mi-despres-del-diluvi-mar-bosch-oliveras\/#primaryimage"},"thumbnailUrl":"https:\/\/biblioteca.blanes.cat\/salajove\/wp-content\/uploads\/sites\/3\/2017\/10\/elrac\u00f3delapaula_.png","datePublished":"2018-09-29T11:26:30+00:00","dateModified":"2018-10-07T17:05:57+00:00","description":"Sigrid aprendi\u00f3 a nadar en aguas turbulentas .Abandon\u00f3 su pueblo con su hermano No\u00e9 y fueron a vivir a casa de su t\u00eda en Barcelona.","breadcrumb":{"@id":"https:\/\/biblioteca.blanes.cat\/salajove\/2018\/09\/29\/vindras-amb-mi-despres-del-diluvi-mar-bosch-oliveras\/#breadcrumb"},"inLanguage":"ca","potentialAction":[{"@type":"ReadAction","target":["https:\/\/biblioteca.blanes.cat\/salajove\/2018\/09\/29\/vindras-amb-mi-despres-del-diluvi-mar-bosch-oliveras\/"]}]},{"@type":"ImageObject","inLanguage":"ca","@id":"https:\/\/biblioteca.blanes.cat\/salajove\/2018\/09\/29\/vindras-amb-mi-despres-del-diluvi-mar-bosch-oliveras\/#primaryimage","url":"https:\/\/biblioteca.blanes.cat\/salajove\/wp-content\/uploads\/sites\/3\/2017\/10\/elrac\u00f3delapaula_.png","contentUrl":"https:\/\/biblioteca.blanes.cat\/salajove\/wp-content\/uploads\/sites\/3\/2017\/10\/elrac\u00f3delapaula_.png","width":3719,"height":3719},{"@type":"BreadcrumbList","@id":"https:\/\/biblioteca.blanes.cat\/salajove\/2018\/09\/29\/vindras-amb-mi-despres-del-diluvi-mar-bosch-oliveras\/#breadcrumb","itemListElement":[{"@type":"ListItem","position":1,"name":"Inici","item":"https:\/\/biblioteca.blanes.cat\/salajove\/"},{"@type":"ListItem","position":2,"name":"Vindr\u00e0s amb mi despr\u00e9s del diluvi &#8211; Mar Bosch Oliveras"}]},{"@type":"WebSite","@id":"https:\/\/biblioteca.blanes.cat\/salajove\/#website","url":"https:\/\/biblioteca.blanes.cat\/salajove\/","name":"Sala Jove","description":"Biblioteca Comarcal de Blanes","publisher":{"@id":"https:\/\/biblioteca.blanes.cat\/salajove\/#organization"},"potentialAction":[{"@type":"SearchAction","target":{"@type":"EntryPoint","urlTemplate":"https:\/\/biblioteca.blanes.cat\/salajove\/?s={search_term_string}"},"query-input":{"@type":"PropertyValueSpecification","valueRequired":true,"valueName":"search_term_string"}}],"inLanguage":"ca"},{"@type":"Organization","@id":"https:\/\/biblioteca.blanes.cat\/salajove\/#organization","name":"Biblioteca Comarcal de Blanes","url":"https:\/\/biblioteca.blanes.cat\/salajove\/","logo":{"@type":"ImageObject","inLanguage":"ca","@id":"https:\/\/biblioteca.blanes.cat\/salajove\/#\/schema\/logo\/image\/","url":"https:\/\/biblioteca.blanes.cat\/salajove\/wp-content\/uploads\/sites\/3\/2017\/09\/cropped-Bib-blau-e1518869380535.png","contentUrl":"https:\/\/biblioteca.blanes.cat\/salajove\/wp-content\/uploads\/sites\/3\/2017\/09\/cropped-Bib-blau-e1518869380535.png","width":166,"height":166,"caption":"Biblioteca Comarcal de Blanes"},"image":{"@id":"https:\/\/biblioteca.blanes.cat\/salajove\/#\/schema\/logo\/image\/"},"sameAs":["https:\/\/www.facebook.com\/BilbiotecaComarcaldeBlanes\/","https:\/\/x.com\/BiblioBlanes","https:\/\/www.instagram.com\/biblioblanes\/","https:\/\/www.pinterest.es\/bblanes\/","https:\/\/www.youtube.com\/c\/BibliotecaComarcalBlanes"]},{"@type":"Person","@id":"https:\/\/biblioteca.blanes.cat\/salajove\/#\/schema\/person\/8dbc45cdf5d1c7e2d100d147517ba7f3","name":"paula","image":{"@type":"ImageObject","inLanguage":"ca","@id":"https:\/\/secure.gravatar.com\/avatar\/7dc0a9399589f36ddc6864e8335b73854871aa22921ee390cb50776e7ddfc136?s=96&d=mm&r=g","url":"https:\/\/secure.gravatar.com\/avatar\/7dc0a9399589f36ddc6864e8335b73854871aa22921ee390cb50776e7ddfc136?s=96&d=mm&r=g","contentUrl":"https:\/\/secure.gravatar.com\/avatar\/7dc0a9399589f36ddc6864e8335b73854871aa22921ee390cb50776e7ddfc136?s=96&d=mm&r=g","caption":"paula"},"url":"https:\/\/biblioteca.blanes.cat\/salajove\/author\/paula\/"}]}},"_links":{"self":[{"href":"https:\/\/biblioteca.blanes.cat\/salajove\/wp-json\/wp\/v2\/posts\/1964","targetHints":{"allow":["GET"]}}],"collection":[{"href":"https:\/\/biblioteca.blanes.cat\/salajove\/wp-json\/wp\/v2\/posts"}],"about":[{"href":"https:\/\/biblioteca.blanes.cat\/salajove\/wp-json\/wp\/v2\/types\/post"}],"author":[{"embeddable":true,"href":"https:\/\/biblioteca.blanes.cat\/salajove\/wp-json\/wp\/v2\/users\/6"}],"replies":[{"embeddable":true,"href":"https:\/\/biblioteca.blanes.cat\/salajove\/wp-json\/wp\/v2\/comments?post=1964"}],"version-history":[{"count":22,"href":"https:\/\/biblioteca.blanes.cat\/salajove\/wp-json\/wp\/v2\/posts\/1964\/revisions"}],"predecessor-version":[{"id":2013,"href":"https:\/\/biblioteca.blanes.cat\/salajove\/wp-json\/wp\/v2\/posts\/1964\/revisions\/2013"}],"wp:featuredmedia":[{"embeddable":true,"href":"https:\/\/biblioteca.blanes.cat\/salajove\/wp-json\/wp\/v2\/media\/1802"}],"wp:attachment":[{"href":"https:\/\/biblioteca.blanes.cat\/salajove\/wp-json\/wp\/v2\/media?parent=1964"}],"wp:term":[{"taxonomy":"category","embeddable":true,"href":"https:\/\/biblioteca.blanes.cat\/salajove\/wp-json\/wp\/v2\/categories?post=1964"},{"taxonomy":"post_tag","embeddable":true,"href":"https:\/\/biblioteca.blanes.cat\/salajove\/wp-json\/wp\/v2\/tags?post=1964"}],"curies":[{"name":"wp","href":"https:\/\/api.w.org\/{rel}","templated":true}]}}