{"id":186,"date":"2017-10-13T10:00:14","date_gmt":"2017-10-13T09:00:14","guid":{"rendered":"https:\/\/biblioteca.blanes.cat\/salajove\/?p=186"},"modified":"2018-06-29T10:48:53","modified_gmt":"2018-06-29T09:48:53","slug":"bulling","status":"publish","type":"post","link":"https:\/\/biblioteca.blanes.cat\/salajove\/2017\/10\/13\/bulling\/","title":{"rendered":"XERRADA: Las m\u00faltiples caras del acoso escolar o bulling"},"content":{"rendered":"<h2 style=\"text-align: center;\"><b>LAS M\u00daLTIPLES CARAS DEL ACOSO ESCOLAR O <\/b><b>BULLING:<\/b><\/h2>\n<h2 style=\"text-align: center;\"><b>\u00bfQu\u00e9 les sucede a los protagonistas?<\/b><\/h2>\n<p><b>\u00a0<\/b><\/p>\n<p style=\"text-align: justify;\">Aquesta xerrada que organitza la Biblioteca Comarcal de Blanes t\u00e9 com a objectiu sensibilitzar a les fam\u00edlies, mestres i professors, aix\u00ed com oferir estrat\u00e8gies de com actuar en els casos que es detecti aquest acosament a l&#8217;escola.<\/p>\n<p style=\"text-align: justify;\">Un col\u00b7loqui dirigit per <b>Andrea P\u00e9rez Orue<\/b>, llicenciada en Psicologia, Psicologa Sanit\u00e0ria y Psicopedagoga, que ens convidi\u00a0 a reflexionar sobre l&#8217;actuaci\u00f3 dels protagonistes.<\/p>\n<p><img fetchpriority=\"high\" decoding=\"async\" class=\"aligncenter wp-image-193 size-full\" src=\"https:\/\/biblioteca.blanes.cat\/salajove\/wp-content\/uploads\/sites\/3\/2017\/10\/640_1399118886bullying.jpg\" alt=\"bulling\" width=\"640\" height=\"244\" srcset=\"https:\/\/biblioteca.blanes.cat\/salajove\/wp-content\/uploads\/sites\/3\/2017\/10\/640_1399118886bullying.jpg 640w, https:\/\/biblioteca.blanes.cat\/salajove\/wp-content\/uploads\/sites\/3\/2017\/10\/640_1399118886bullying-300x114.jpg 300w\" sizes=\"(max-width: 640px) 100vw, 640px\" \/><\/p>\n<blockquote>\n<div style=\"text-align: justify;\">Bullying \u00e9s un terme angl\u00e8s que fa refer\u00e8ncia a l\u2019assetjament escolar. L\u2019assetjament escolar \u00e9s qualsevol maltracte psicol\u00f2gic, verbal o f\u00edsic produ\u00eft entre els escolars de forma reiterada. \u00c9s una forma de viol\u00e8ncia en la que predomina la viol\u00e8ncia emocional. Aquests actes agressius s\u00f3n habituals que es produeixin entre nens i nenes en proc\u00e9s d\u2019entrada a l\u2019adolesc\u00e8ncia.<\/div>\n<div style=\"text-align: justify;\">\u201cSer el millor\u201d a qualsevol preu \u00e9s una ideologia que ha estat acceptada socialment per amagar les relacions de poder i establir rols segurs de conviv\u00e8ncia.<\/div>\n<div>\u00a0<\/div>\n<div style=\"text-align: right;\">Font: <a href=\"http:\/\/www.pedagogs.cat\/doc\/Bullyng_Eva_Font.pdf\" target=\"_blank\" rel=\"noopener\">http:\/\/www.pedagogs.cat<\/a><\/div>\n<\/blockquote>\n<h3 style=\"text-align: center;\">La xerrada tindr\u00e0 lloc el proper divendres,<\/h3>\n<h3 style=\"text-align: center; color: red;\">20 d&#8217;octubre a les 19.00h<\/h3>\n<h3 style=\"text-align: center;\">a la Biblioteca Comarcal de Blanes.<\/h3>\n<p style=\"text-align: center;\"><a href=\"https:\/\/biblioteca.blanes.cat\/salajove\/category\/activitats\/\" target=\"_blank\" rel=\"noopener\"><img decoding=\"async\" class=\"alignnone wp-image-196 size-medium\" src=\"https:\/\/biblioteca.blanes.cat\/salajove\/wp-content\/uploads\/sites\/3\/2017\/10\/Agenda-300x109.png\" alt=\"bulling\" width=\"300\" height=\"109\" srcset=\"https:\/\/biblioteca.blanes.cat\/salajove\/wp-content\/uploads\/sites\/3\/2017\/10\/Agenda-300x109.png 300w, https:\/\/biblioteca.blanes.cat\/salajove\/wp-content\/uploads\/sites\/3\/2017\/10\/Agenda-768x279.png 768w, https:\/\/biblioteca.blanes.cat\/salajove\/wp-content\/uploads\/sites\/3\/2017\/10\/Agenda-1024x373.png 1024w, https:\/\/biblioteca.blanes.cat\/salajove\/wp-content\/uploads\/sites\/3\/2017\/10\/Agenda.png 1281w\" sizes=\"(max-width: 300px) 100vw, 300px\" \/><\/a><\/p>\n<p>&nbsp;<\/p>\n","protected":false},"excerpt":{"rendered":"<p>LAS M\u00daLTIPLES CARAS DEL ACOSO ESCOLAR O BULLING: \u00bfQu\u00e9 les sucede a los protagonistas? \u00a0 Aquesta xerrada que organitza la Biblioteca Comarcal de Blanes t\u00e9 com a objectiu sensibilitzar a les fam\u00edlies, mestres i professors, aix\u00ed com oferir estrat\u00e8gies de<\/p>\n","protected":false},"author":4,"featured_media":193,"comment_status":"open","ping_status":"open","sticky":false,"template":"","format":"standard","meta":{"sfsi_plus_gutenberg_text_before_share":"","sfsi_plus_gutenberg_show_text_before_share":"","sfsi_plus_gutenberg_icon_type":"","sfsi_plus_gutenberg_icon_alignemt":"","sfsi_plus_gutenburg_max_per_row":"","footnotes":""},"categories":[1],"tags":[18],"class_list":["post-186","post","type-post","status-publish","format-standard","has-post-thumbnail","hentry","category-general","tag-xerrada"],"yoast_head":"<!-- This site is optimized with the Yoast SEO plugin v27.5 - https:\/\/yoast.com\/product\/yoast-seo-wordpress\/ -->\n<title>LAS M\u00daLTIPLES CARAS DEL ACOSO ESCOLAR O BULLING: \u00bfQu\u00e9 les sucede a los protagonistas? Aquesta xerrada que organitza la Biblioteca Comarcal de Blanes t\u00e9 com a objectiu sensibilitzar a les fam\u00edlies, mestres i professors, aix\u00ed com oferir estrat\u00e8gies de com actuar en els casos que es detecti aquest acosament a l&#039;escola. Un col\u00b7loqui dirigit per Andrea P\u00e9rez Orue, llicenciada en Psicologia, Psicologa Sanit\u00e0ria y Psicopedagoga, que ens convidi a reflexionar sobre l&#039;actuaci\u00f3 dels protagonistes. Bullying \u00e9s un terme angl\u00e8s que fa refer\u00e8ncia a l\u2019assetjament escolar. L\u2019assetjament escolar \u00e9s...<\/title>\n<meta name=\"description\" content=\"bulling: LAS M\u00daLTIPLES CARAS DEL ACOSO ESCOLAR O BULLING: \u00bfQu\u00e9 les sucede a los protagonistas? La xerrada tindr\u00e0 lloc el 20 d&#039;octubre a les 19.00h\" \/>\n<meta name=\"robots\" content=\"index, follow, max-snippet:-1, max-image-preview:large, max-video-preview:-1\" \/>\n<link rel=\"canonical\" href=\"https:\/\/biblioteca.blanes.cat\/salajove\/2017\/10\/13\/bulling\/\" \/>\n<meta property=\"og:locale\" content=\"ca_ES\" \/>\n<meta property=\"og:type\" content=\"article\" \/>\n<meta property=\"og:title\" content=\"LAS M\u00daLTIPLES CARAS DEL ACOSO ESCOLAR O BULLING: \u00bfQu\u00e9 les sucede a los protagonistas? Aquesta xerrada que organitza la Biblioteca Comarcal de Blanes t\u00e9 com a objectiu sensibilitzar a les fam\u00edlies, mestres i professors, aix\u00ed com oferir estrat\u00e8gies de com actuar en els casos que es detecti aquest acosament a l&#039;escola. Un col\u00b7loqui dirigit per Andrea P\u00e9rez Orue, llicenciada en Psicologia, Psicologa Sanit\u00e0ria y Psicopedagoga, que ens convidi a reflexionar sobre l&#039;actuaci\u00f3 dels protagonistes. Bullying \u00e9s un terme angl\u00e8s que fa refer\u00e8ncia a l\u2019assetjament escolar. L\u2019assetjament escolar \u00e9s...\" \/>\n<meta property=\"og:description\" content=\"bulling: LAS M\u00daLTIPLES CARAS DEL ACOSO ESCOLAR O BULLING: \u00bfQu\u00e9 les sucede a los protagonistas? La xerrada tindr\u00e0 lloc el 20 d&#039;octubre a les 19.00h\" \/>\n<meta property=\"og:url\" content=\"https:\/\/biblioteca.blanes.cat\/salajove\/2017\/10\/13\/bulling\/\" \/>\n<meta property=\"og:site_name\" content=\"Sala Jove\" \/>\n<meta property=\"article:publisher\" content=\"https:\/\/www.facebook.com\/BilbiotecaComarcaldeBlanes\/\" \/>\n<meta property=\"article:published_time\" content=\"2017-10-13T09:00:14+00:00\" \/>\n<meta property=\"article:modified_time\" content=\"2018-06-29T09:48:53+00:00\" \/>\n<meta property=\"og:image\" content=\"https:\/\/biblioteca.blanes.cat\/salajove\/wp-content\/uploads\/sites\/3\/2017\/10\/640_1399118886bullying.jpg\" \/>\n\t<meta property=\"og:image:width\" content=\"640\" \/>\n\t<meta property=\"og:image:height\" content=\"244\" \/>\n\t<meta property=\"og:image:type\" content=\"image\/jpeg\" \/>\n<meta name=\"author\" content=\"biblioblanes\" \/>\n<meta name=\"twitter:card\" content=\"summary_large_image\" \/>\n<meta name=\"twitter:creator\" content=\"@biblioblanes\" \/>\n<meta name=\"twitter:site\" content=\"@BiblioBlanes\" \/>\n<meta name=\"twitter:label1\" content=\"Escrit per\" \/>\n\t<meta name=\"twitter:data1\" content=\"biblioblanes\" \/>\n\t<meta name=\"twitter:label2\" content=\"Temps estimat de lectura\" \/>\n\t<meta name=\"twitter:data2\" content=\"1 minut\" \/>\n<script type=\"application\/ld+json\" class=\"yoast-schema-graph\">{\"@context\":\"https:\\\/\\\/schema.org\",\"@graph\":[{\"@type\":\"Article\",\"@id\":\"https:\\\/\\\/biblioteca.blanes.cat\\\/salajove\\\/2017\\\/10\\\/13\\\/bulling\\\/#article\",\"isPartOf\":{\"@id\":\"https:\\\/\\\/biblioteca.blanes.cat\\\/salajove\\\/2017\\\/10\\\/13\\\/bulling\\\/\"},\"author\":{\"name\":\"biblioblanes\",\"@id\":\"https:\\\/\\\/biblioteca.blanes.cat\\\/salajove\\\/#\\\/schema\\\/person\\\/5a7b46760d9dd611d098bbf571a341dc\"},\"headline\":\"XERRADA: Las m\u00faltiples caras del acoso escolar o bulling\",\"datePublished\":\"2017-10-13T09:00:14+00:00\",\"dateModified\":\"2018-06-29T09:48:53+00:00\",\"mainEntityOfPage\":{\"@id\":\"https:\\\/\\\/biblioteca.blanes.cat\\\/salajove\\\/2017\\\/10\\\/13\\\/bulling\\\/\"},\"wordCount\":213,\"commentCount\":0,\"publisher\":{\"@id\":\"https:\\\/\\\/biblioteca.blanes.cat\\\/salajove\\\/#organization\"},\"image\":{\"@id\":\"https:\\\/\\\/biblioteca.blanes.cat\\\/salajove\\\/2017\\\/10\\\/13\\\/bulling\\\/#primaryimage\"},\"thumbnailUrl\":\"https:\\\/\\\/biblioteca.blanes.cat\\\/salajove\\\/wp-content\\\/uploads\\\/sites\\\/3\\\/2017\\\/10\\\/640_1399118886bullying.jpg\",\"keywords\":[\"#Xerrada\"],\"articleSection\":[\"Not\u00edcies\"],\"inLanguage\":\"ca\",\"potentialAction\":[{\"@type\":\"CommentAction\",\"name\":\"Comment\",\"target\":[\"https:\\\/\\\/biblioteca.blanes.cat\\\/salajove\\\/2017\\\/10\\\/13\\\/bulling\\\/#respond\"]}]},{\"@type\":\"WebPage\",\"@id\":\"https:\\\/\\\/biblioteca.blanes.cat\\\/salajove\\\/2017\\\/10\\\/13\\\/bulling\\\/\",\"url\":\"https:\\\/\\\/biblioteca.blanes.cat\\\/salajove\\\/2017\\\/10\\\/13\\\/bulling\\\/\",\"name\":\"LAS M\u00daLTIPLES CARAS DEL ACOSO ESCOLAR O BULLING: \u00bfQu\u00e9 les sucede a los protagonistas? Aquesta xerrada que organitza la Biblioteca Comarcal de Blanes t\u00e9 com a objectiu sensibilitzar a les fam\u00edlies, mestres i professors, aix\u00ed com oferir estrat\u00e8gies de com actuar en els casos que es detecti aquest acosament a l'escola. Un col\u00b7loqui dirigit per Andrea P\u00e9rez Orue, llicenciada en Psicologia, Psicologa Sanit\u00e0ria y Psicopedagoga, que ens convidi a reflexionar sobre l'actuaci\u00f3 dels protagonistes. Bullying \u00e9s un terme angl\u00e8s que fa refer\u00e8ncia a l\u2019assetjament escolar. L\u2019assetjament escolar \u00e9s...\",\"isPartOf\":{\"@id\":\"https:\\\/\\\/biblioteca.blanes.cat\\\/salajove\\\/#website\"},\"primaryImageOfPage\":{\"@id\":\"https:\\\/\\\/biblioteca.blanes.cat\\\/salajove\\\/2017\\\/10\\\/13\\\/bulling\\\/#primaryimage\"},\"image\":{\"@id\":\"https:\\\/\\\/biblioteca.blanes.cat\\\/salajove\\\/2017\\\/10\\\/13\\\/bulling\\\/#primaryimage\"},\"thumbnailUrl\":\"https:\\\/\\\/biblioteca.blanes.cat\\\/salajove\\\/wp-content\\\/uploads\\\/sites\\\/3\\\/2017\\\/10\\\/640_1399118886bullying.jpg\",\"datePublished\":\"2017-10-13T09:00:14+00:00\",\"dateModified\":\"2018-06-29T09:48:53+00:00\",\"description\":\"bulling: LAS M\u00daLTIPLES CARAS DEL ACOSO ESCOLAR O BULLING: \u00bfQu\u00e9 les sucede a los protagonistas? La xerrada tindr\u00e0 lloc el 20 d'octubre a les 19.00h\",\"breadcrumb\":{\"@id\":\"https:\\\/\\\/biblioteca.blanes.cat\\\/salajove\\\/2017\\\/10\\\/13\\\/bulling\\\/#breadcrumb\"},\"inLanguage\":\"ca\",\"potentialAction\":[{\"@type\":\"ReadAction\",\"target\":[\"https:\\\/\\\/biblioteca.blanes.cat\\\/salajove\\\/2017\\\/10\\\/13\\\/bulling\\\/\"]}]},{\"@type\":\"ImageObject\",\"inLanguage\":\"ca\",\"@id\":\"https:\\\/\\\/biblioteca.blanes.cat\\\/salajove\\\/2017\\\/10\\\/13\\\/bulling\\\/#primaryimage\",\"url\":\"https:\\\/\\\/biblioteca.blanes.cat\\\/salajove\\\/wp-content\\\/uploads\\\/sites\\\/3\\\/2017\\\/10\\\/640_1399118886bullying.jpg\",\"contentUrl\":\"https:\\\/\\\/biblioteca.blanes.cat\\\/salajove\\\/wp-content\\\/uploads\\\/sites\\\/3\\\/2017\\\/10\\\/640_1399118886bullying.jpg\",\"width\":640,\"height\":244},{\"@type\":\"BreadcrumbList\",\"@id\":\"https:\\\/\\\/biblioteca.blanes.cat\\\/salajove\\\/2017\\\/10\\\/13\\\/bulling\\\/#breadcrumb\",\"itemListElement\":[{\"@type\":\"ListItem\",\"position\":1,\"name\":\"Inici\",\"item\":\"https:\\\/\\\/biblioteca.blanes.cat\\\/salajove\\\/\"},{\"@type\":\"ListItem\",\"position\":2,\"name\":\"XERRADA: Las m\u00faltiples caras del acoso escolar o bulling\"}]},{\"@type\":\"WebSite\",\"@id\":\"https:\\\/\\\/biblioteca.blanes.cat\\\/salajove\\\/#website\",\"url\":\"https:\\\/\\\/biblioteca.blanes.cat\\\/salajove\\\/\",\"name\":\"Sala Jove\",\"description\":\"Biblioteca Comarcal de Blanes\",\"publisher\":{\"@id\":\"https:\\\/\\\/biblioteca.blanes.cat\\\/salajove\\\/#organization\"},\"potentialAction\":[{\"@type\":\"SearchAction\",\"target\":{\"@type\":\"EntryPoint\",\"urlTemplate\":\"https:\\\/\\\/biblioteca.blanes.cat\\\/salajove\\\/?s={search_term_string}\"},\"query-input\":{\"@type\":\"PropertyValueSpecification\",\"valueRequired\":true,\"valueName\":\"search_term_string\"}}],\"inLanguage\":\"ca\"},{\"@type\":\"Organization\",\"@id\":\"https:\\\/\\\/biblioteca.blanes.cat\\\/salajove\\\/#organization\",\"name\":\"Biblioteca Comarcal de Blanes\",\"url\":\"https:\\\/\\\/biblioteca.blanes.cat\\\/salajove\\\/\",\"logo\":{\"@type\":\"ImageObject\",\"inLanguage\":\"ca\",\"@id\":\"https:\\\/\\\/biblioteca.blanes.cat\\\/salajove\\\/#\\\/schema\\\/logo\\\/image\\\/\",\"url\":\"https:\\\/\\\/biblioteca.blanes.cat\\\/salajove\\\/wp-content\\\/uploads\\\/sites\\\/3\\\/2017\\\/09\\\/cropped-Bib-blau-e1518869380535.png\",\"contentUrl\":\"https:\\\/\\\/biblioteca.blanes.cat\\\/salajove\\\/wp-content\\\/uploads\\\/sites\\\/3\\\/2017\\\/09\\\/cropped-Bib-blau-e1518869380535.png\",\"width\":166,\"height\":166,\"caption\":\"Biblioteca Comarcal de Blanes\"},\"image\":{\"@id\":\"https:\\\/\\\/biblioteca.blanes.cat\\\/salajove\\\/#\\\/schema\\\/logo\\\/image\\\/\"},\"sameAs\":[\"https:\\\/\\\/www.facebook.com\\\/BilbiotecaComarcaldeBlanes\\\/\",\"https:\\\/\\\/x.com\\\/BiblioBlanes\",\"https:\\\/\\\/www.instagram.com\\\/biblioblanes\\\/\",\"https:\\\/\\\/www.pinterest.es\\\/bblanes\\\/\",\"https:\\\/\\\/www.youtube.com\\\/c\\\/BibliotecaComarcalBlanes\"]},{\"@type\":\"Person\",\"@id\":\"https:\\\/\\\/biblioteca.blanes.cat\\\/salajove\\\/#\\\/schema\\\/person\\\/5a7b46760d9dd611d098bbf571a341dc\",\"name\":\"biblioblanes\",\"image\":{\"@type\":\"ImageObject\",\"inLanguage\":\"ca\",\"@id\":\"https:\\\/\\\/secure.gravatar.com\\\/avatar\\\/6593ca6cc90e5a70939f51c95e8315483b9c281bafba597292bee47992030f99?s=96&d=mm&r=g\",\"url\":\"https:\\\/\\\/secure.gravatar.com\\\/avatar\\\/6593ca6cc90e5a70939f51c95e8315483b9c281bafba597292bee47992030f99?s=96&d=mm&r=g\",\"contentUrl\":\"https:\\\/\\\/secure.gravatar.com\\\/avatar\\\/6593ca6cc90e5a70939f51c95e8315483b9c281bafba597292bee47992030f99?s=96&d=mm&r=g\",\"caption\":\"biblioblanes\"},\"sameAs\":[\"http:\\\/\\\/www.bibgirona.cat\\\/biblioteca\\\/blanes\",\"https:\\\/\\\/x.com\\\/biblioblanes\"],\"url\":\"https:\\\/\\\/biblioteca.blanes.cat\\\/salajove\\\/author\\\/biblioblanes\\\/\"}]}<\/script>\n<!-- \/ Yoast SEO plugin. -->","yoast_head_json":{"title":"LAS M\u00daLTIPLES CARAS DEL ACOSO ESCOLAR O BULLING: \u00bfQu\u00e9 les sucede a los protagonistas? Aquesta xerrada que organitza la Biblioteca Comarcal de Blanes t\u00e9 com a objectiu sensibilitzar a les fam\u00edlies, mestres i professors, aix\u00ed com oferir estrat\u00e8gies de com actuar en els casos que es detecti aquest acosament a l'escola. Un col\u00b7loqui dirigit per Andrea P\u00e9rez Orue, llicenciada en Psicologia, Psicologa Sanit\u00e0ria y Psicopedagoga, que ens convidi a reflexionar sobre l'actuaci\u00f3 dels protagonistes. Bullying \u00e9s un terme angl\u00e8s que fa refer\u00e8ncia a l\u2019assetjament escolar. L\u2019assetjament escolar \u00e9s...","description":"bulling: LAS M\u00daLTIPLES CARAS DEL ACOSO ESCOLAR O BULLING: \u00bfQu\u00e9 les sucede a los protagonistas? La xerrada tindr\u00e0 lloc el 20 d'octubre a les 19.00h","robots":{"index":"index","follow":"follow","max-snippet":"max-snippet:-1","max-image-preview":"max-image-preview:large","max-video-preview":"max-video-preview:-1"},"canonical":"https:\/\/biblioteca.blanes.cat\/salajove\/2017\/10\/13\/bulling\/","og_locale":"ca_ES","og_type":"article","og_title":"LAS M\u00daLTIPLES CARAS DEL ACOSO ESCOLAR O BULLING: \u00bfQu\u00e9 les sucede a los protagonistas? Aquesta xerrada que organitza la Biblioteca Comarcal de Blanes t\u00e9 com a objectiu sensibilitzar a les fam\u00edlies, mestres i professors, aix\u00ed com oferir estrat\u00e8gies de com actuar en els casos que es detecti aquest acosament a l'escola. Un col\u00b7loqui dirigit per Andrea P\u00e9rez Orue, llicenciada en Psicologia, Psicologa Sanit\u00e0ria y Psicopedagoga, que ens convidi a reflexionar sobre l'actuaci\u00f3 dels protagonistes. Bullying \u00e9s un terme angl\u00e8s que fa refer\u00e8ncia a l\u2019assetjament escolar. L\u2019assetjament escolar \u00e9s...","og_description":"bulling: LAS M\u00daLTIPLES CARAS DEL ACOSO ESCOLAR O BULLING: \u00bfQu\u00e9 les sucede a los protagonistas? La xerrada tindr\u00e0 lloc el 20 d'octubre a les 19.00h","og_url":"https:\/\/biblioteca.blanes.cat\/salajove\/2017\/10\/13\/bulling\/","og_site_name":"Sala Jove","article_publisher":"https:\/\/www.facebook.com\/BilbiotecaComarcaldeBlanes\/","article_published_time":"2017-10-13T09:00:14+00:00","article_modified_time":"2018-06-29T09:48:53+00:00","og_image":[{"width":640,"height":244,"url":"https:\/\/biblioteca.blanes.cat\/salajove\/wp-content\/uploads\/sites\/3\/2017\/10\/640_1399118886bullying.jpg","type":"image\/jpeg"}],"author":"biblioblanes","twitter_card":"summary_large_image","twitter_creator":"@biblioblanes","twitter_site":"@BiblioBlanes","twitter_misc":{"Escrit per":"biblioblanes","Temps estimat de lectura":"1 minut"},"schema":{"@context":"https:\/\/schema.org","@graph":[{"@type":"Article","@id":"https:\/\/biblioteca.blanes.cat\/salajove\/2017\/10\/13\/bulling\/#article","isPartOf":{"@id":"https:\/\/biblioteca.blanes.cat\/salajove\/2017\/10\/13\/bulling\/"},"author":{"name":"biblioblanes","@id":"https:\/\/biblioteca.blanes.cat\/salajove\/#\/schema\/person\/5a7b46760d9dd611d098bbf571a341dc"},"headline":"XERRADA: Las m\u00faltiples caras del acoso escolar o bulling","datePublished":"2017-10-13T09:00:14+00:00","dateModified":"2018-06-29T09:48:53+00:00","mainEntityOfPage":{"@id":"https:\/\/biblioteca.blanes.cat\/salajove\/2017\/10\/13\/bulling\/"},"wordCount":213,"commentCount":0,"publisher":{"@id":"https:\/\/biblioteca.blanes.cat\/salajove\/#organization"},"image":{"@id":"https:\/\/biblioteca.blanes.cat\/salajove\/2017\/10\/13\/bulling\/#primaryimage"},"thumbnailUrl":"https:\/\/biblioteca.blanes.cat\/salajove\/wp-content\/uploads\/sites\/3\/2017\/10\/640_1399118886bullying.jpg","keywords":["#Xerrada"],"articleSection":["Not\u00edcies"],"inLanguage":"ca","potentialAction":[{"@type":"CommentAction","name":"Comment","target":["https:\/\/biblioteca.blanes.cat\/salajove\/2017\/10\/13\/bulling\/#respond"]}]},{"@type":"WebPage","@id":"https:\/\/biblioteca.blanes.cat\/salajove\/2017\/10\/13\/bulling\/","url":"https:\/\/biblioteca.blanes.cat\/salajove\/2017\/10\/13\/bulling\/","name":"LAS M\u00daLTIPLES CARAS DEL ACOSO ESCOLAR O BULLING: \u00bfQu\u00e9 les sucede a los protagonistas? Aquesta xerrada que organitza la Biblioteca Comarcal de Blanes t\u00e9 com a objectiu sensibilitzar a les fam\u00edlies, mestres i professors, aix\u00ed com oferir estrat\u00e8gies de com actuar en els casos que es detecti aquest acosament a l'escola. Un col\u00b7loqui dirigit per Andrea P\u00e9rez Orue, llicenciada en Psicologia, Psicologa Sanit\u00e0ria y Psicopedagoga, que ens convidi a reflexionar sobre l'actuaci\u00f3 dels protagonistes. Bullying \u00e9s un terme angl\u00e8s que fa refer\u00e8ncia a l\u2019assetjament escolar. L\u2019assetjament escolar \u00e9s...","isPartOf":{"@id":"https:\/\/biblioteca.blanes.cat\/salajove\/#website"},"primaryImageOfPage":{"@id":"https:\/\/biblioteca.blanes.cat\/salajove\/2017\/10\/13\/bulling\/#primaryimage"},"image":{"@id":"https:\/\/biblioteca.blanes.cat\/salajove\/2017\/10\/13\/bulling\/#primaryimage"},"thumbnailUrl":"https:\/\/biblioteca.blanes.cat\/salajove\/wp-content\/uploads\/sites\/3\/2017\/10\/640_1399118886bullying.jpg","datePublished":"2017-10-13T09:00:14+00:00","dateModified":"2018-06-29T09:48:53+00:00","description":"bulling: LAS M\u00daLTIPLES CARAS DEL ACOSO ESCOLAR O BULLING: \u00bfQu\u00e9 les sucede a los protagonistas? La xerrada tindr\u00e0 lloc el 20 d'octubre a les 19.00h","breadcrumb":{"@id":"https:\/\/biblioteca.blanes.cat\/salajove\/2017\/10\/13\/bulling\/#breadcrumb"},"inLanguage":"ca","potentialAction":[{"@type":"ReadAction","target":["https:\/\/biblioteca.blanes.cat\/salajove\/2017\/10\/13\/bulling\/"]}]},{"@type":"ImageObject","inLanguage":"ca","@id":"https:\/\/biblioteca.blanes.cat\/salajove\/2017\/10\/13\/bulling\/#primaryimage","url":"https:\/\/biblioteca.blanes.cat\/salajove\/wp-content\/uploads\/sites\/3\/2017\/10\/640_1399118886bullying.jpg","contentUrl":"https:\/\/biblioteca.blanes.cat\/salajove\/wp-content\/uploads\/sites\/3\/2017\/10\/640_1399118886bullying.jpg","width":640,"height":244},{"@type":"BreadcrumbList","@id":"https:\/\/biblioteca.blanes.cat\/salajove\/2017\/10\/13\/bulling\/#breadcrumb","itemListElement":[{"@type":"ListItem","position":1,"name":"Inici","item":"https:\/\/biblioteca.blanes.cat\/salajove\/"},{"@type":"ListItem","position":2,"name":"XERRADA: Las m\u00faltiples caras del acoso escolar o bulling"}]},{"@type":"WebSite","@id":"https:\/\/biblioteca.blanes.cat\/salajove\/#website","url":"https:\/\/biblioteca.blanes.cat\/salajove\/","name":"Sala Jove","description":"Biblioteca Comarcal de Blanes","publisher":{"@id":"https:\/\/biblioteca.blanes.cat\/salajove\/#organization"},"potentialAction":[{"@type":"SearchAction","target":{"@type":"EntryPoint","urlTemplate":"https:\/\/biblioteca.blanes.cat\/salajove\/?s={search_term_string}"},"query-input":{"@type":"PropertyValueSpecification","valueRequired":true,"valueName":"search_term_string"}}],"inLanguage":"ca"},{"@type":"Organization","@id":"https:\/\/biblioteca.blanes.cat\/salajove\/#organization","name":"Biblioteca Comarcal de Blanes","url":"https:\/\/biblioteca.blanes.cat\/salajove\/","logo":{"@type":"ImageObject","inLanguage":"ca","@id":"https:\/\/biblioteca.blanes.cat\/salajove\/#\/schema\/logo\/image\/","url":"https:\/\/biblioteca.blanes.cat\/salajove\/wp-content\/uploads\/sites\/3\/2017\/09\/cropped-Bib-blau-e1518869380535.png","contentUrl":"https:\/\/biblioteca.blanes.cat\/salajove\/wp-content\/uploads\/sites\/3\/2017\/09\/cropped-Bib-blau-e1518869380535.png","width":166,"height":166,"caption":"Biblioteca Comarcal de Blanes"},"image":{"@id":"https:\/\/biblioteca.blanes.cat\/salajove\/#\/schema\/logo\/image\/"},"sameAs":["https:\/\/www.facebook.com\/BilbiotecaComarcaldeBlanes\/","https:\/\/x.com\/BiblioBlanes","https:\/\/www.instagram.com\/biblioblanes\/","https:\/\/www.pinterest.es\/bblanes\/","https:\/\/www.youtube.com\/c\/BibliotecaComarcalBlanes"]},{"@type":"Person","@id":"https:\/\/biblioteca.blanes.cat\/salajove\/#\/schema\/person\/5a7b46760d9dd611d098bbf571a341dc","name":"biblioblanes","image":{"@type":"ImageObject","inLanguage":"ca","@id":"https:\/\/secure.gravatar.com\/avatar\/6593ca6cc90e5a70939f51c95e8315483b9c281bafba597292bee47992030f99?s=96&d=mm&r=g","url":"https:\/\/secure.gravatar.com\/avatar\/6593ca6cc90e5a70939f51c95e8315483b9c281bafba597292bee47992030f99?s=96&d=mm&r=g","contentUrl":"https:\/\/secure.gravatar.com\/avatar\/6593ca6cc90e5a70939f51c95e8315483b9c281bafba597292bee47992030f99?s=96&d=mm&r=g","caption":"biblioblanes"},"sameAs":["http:\/\/www.bibgirona.cat\/biblioteca\/blanes","https:\/\/x.com\/biblioblanes"],"url":"https:\/\/biblioteca.blanes.cat\/salajove\/author\/biblioblanes\/"}]}},"_links":{"self":[{"href":"https:\/\/biblioteca.blanes.cat\/salajove\/wp-json\/wp\/v2\/posts\/186","targetHints":{"allow":["GET"]}}],"collection":[{"href":"https:\/\/biblioteca.blanes.cat\/salajove\/wp-json\/wp\/v2\/posts"}],"about":[{"href":"https:\/\/biblioteca.blanes.cat\/salajove\/wp-json\/wp\/v2\/types\/post"}],"author":[{"embeddable":true,"href":"https:\/\/biblioteca.blanes.cat\/salajove\/wp-json\/wp\/v2\/users\/4"}],"replies":[{"embeddable":true,"href":"https:\/\/biblioteca.blanes.cat\/salajove\/wp-json\/wp\/v2\/comments?post=186"}],"version-history":[{"count":8,"href":"https:\/\/biblioteca.blanes.cat\/salajove\/wp-json\/wp\/v2\/posts\/186\/revisions"}],"predecessor-version":[{"id":198,"href":"https:\/\/biblioteca.blanes.cat\/salajove\/wp-json\/wp\/v2\/posts\/186\/revisions\/198"}],"wp:featuredmedia":[{"embeddable":true,"href":"https:\/\/biblioteca.blanes.cat\/salajove\/wp-json\/wp\/v2\/media\/193"}],"wp:attachment":[{"href":"https:\/\/biblioteca.blanes.cat\/salajove\/wp-json\/wp\/v2\/media?parent=186"}],"wp:term":[{"taxonomy":"category","embeddable":true,"href":"https:\/\/biblioteca.blanes.cat\/salajove\/wp-json\/wp\/v2\/categories?post=186"},{"taxonomy":"post_tag","embeddable":true,"href":"https:\/\/biblioteca.blanes.cat\/salajove\/wp-json\/wp\/v2\/tags?post=186"}],"curies":[{"name":"wp","href":"https:\/\/api.w.org\/{rel}","templated":true}]}}