{"id":1832,"date":"2018-09-16T16:52:08","date_gmt":"2018-09-16T15:52:08","guid":{"rendered":"https:\/\/biblioteca.blanes.cat\/salajove\/?p=1832"},"modified":"2018-09-23T19:00:02","modified_gmt":"2018-09-23T18:00:02","slug":"el-sol-y-sus-flores-de-rupi-kaur","status":"publish","type":"post","link":"https:\/\/biblioteca.blanes.cat\/salajove\/2018\/09\/16\/el-sol-y-sus-flores-de-rupi-kaur\/","title":{"rendered":"el sol y sus flores de Rupi Kaur"},"content":{"rendered":"<h4 style=\"text-align: center\">el sol y sus flores\u00a0<\/h4>\n<h4 style=\"text-align: center\">Rupi Kaur<\/h4>\n<p>&nbsp;<\/p>\n<p>&nbsp;<\/p>\n<figure id=\"attachment_1835\" aria-describedby=\"caption-attachment-1835\" style=\"width: 346px\" class=\"wp-caption alignright\"><img fetchpriority=\"high\" decoding=\"async\" class=\" wp-image-1835\" src=\"https:\/\/biblioteca.blanes.cat\/salajove\/wp-content\/uploads\/sites\/3\/2018\/09\/2018-09-16-03.31.16-1-162x300.jpg\" alt=\"\" width=\"346\" height=\"640\" srcset=\"https:\/\/biblioteca.blanes.cat\/salajove\/wp-content\/uploads\/sites\/3\/2018\/09\/2018-09-16-03.31.16-1-162x300.jpg 162w, https:\/\/biblioteca.blanes.cat\/salajove\/wp-content\/uploads\/sites\/3\/2018\/09\/2018-09-16-03.31.16-1-553x1024.jpg 553w, https:\/\/biblioteca.blanes.cat\/salajove\/wp-content\/uploads\/sites\/3\/2018\/09\/2018-09-16-03.31.16-1.jpg 576w\" sizes=\"(max-width: 346px) 100vw, 346px\" \/><figcaption id=\"caption-attachment-1835\" class=\"wp-caption-text\">Processed with VSCO with p5 preset<\/figcaption><\/figure>\n<h5>me paro<\/h5>\n<h5>ante los sacrificios\u00a0<\/h5>\n<h5>de un mill\u00f3n de mujeres antes de m\u00ed<\/h5>\n<h5>pensando\u00a0<\/h5>\n<h5><em>qu\u00e9 puedo hacer\u00a0<\/em><\/h5>\n<h5><em>para que esta monta\u00f1a sea m\u00e1s alta<\/em><\/h5>\n<h5><em>para que las mujeres que vengan despu\u00e9s de m\u00ed<\/em><\/h5>\n<h5><em>puedan ver m\u00e1s all\u00e1<\/em><\/h5>\n<p>En alguna parte del mundo cuando nace una mujer es motivo de tristeza i decepci\u00f3n.<\/p>\n<p>Soy mujer.<\/p>\n<p>Nac\u00ed hace 15 a\u00f1os del vientre de una mujer, y ella del vientre de otra, y ella de otra, y ella de otra&#8230; Y como dice rupi kaur todas ellas sacrificaron sus sue\u00f1os para que yo pudiera so\u00f1ar.<\/p>\n<p>He sido educada para respetar y ser respetada, para que me commueva la belleza, y me rebele contra las injusticias, para saber decir NO y decir S\u00cd cuando yo quiera y para sentir-me muy orgullosa de haber venido a este mundo siendo mujer.<\/p>\n<p>Este verano ha llegado a mis manos este peque\u00f1o tresoro de Rupi Kaur. De su mano he llegado a un mundo que deconoc\u00eda, y que me ha fascinado; la poes\u00eda.<\/p>\n<p>Cuando iba a una librer\u00eda siempre me fijaba en las novelas que ten\u00edan una historia con un principio y un final. Nunca contemplaba un libro con poes\u00eda. Sinceramente, pensaba que si no ten\u00eda historia ser\u00eda aburrido. Que equivocada estaba! \u201c<\/p>\n<p><img decoding=\"async\" class=\"size-medium aligncenter\" src=\"https:\/\/www.planetadelibros.com\/usuaris\/libros\/fotos\/273\/m_libros\/portada_el-sol-y-sus-flores_rupi-kaur_201806271813.jpg\" width=\"252\" height=\"392\" \/><\/p>\n<p>&nbsp;<\/p>\n<p>&nbsp;<\/p>\n<p>&nbsp;<\/p>\n<p>El sol y sus flores\u201d es un libro de sensaciones: del <strong>dolor<\/strong> -perdidas que hacen da\u00f1o, el <strong>abandono\u00a0de uno mismo<\/strong>\u00a0-confiar i quererse uno mismo, <strong>la honra a las ra\u00edces<\/strong>-saber de d\u00f3nde soy y vivir con valent\u00eda, el\u00a0<strong>amor<\/strong> -no os perd\u00e1is el poema de los dedos&#8230;es precioso, y el <strong>empoderamiento<\/strong>&#8211; acepatarse, vivir plenamente disfrutando del paisage.<\/p>\n<p>Las partes del libro son el ciclo de vida de las flores: marchitarse, caer, arraigar, levantarse y florecer.<\/p>\n<h5>Os regalo uno de mis preferidos:<\/h5>\n<p style=\"text-align: left\">primero<br \/>\n fui a por mis palabras<\/p>\n<p style=\"text-align: left\"><em>los no puedo. no voy. no soy lo suficientemente buena.<\/em><br \/>\n las puse en fila y les pegu\u00e9 un tiro<br \/>\n despu\u00e9s fui a por mis pensamientos<br \/>\n invisibles y omnipresentes<\/p>\n<p style=\"text-align: left\">no hab\u00eda tiempo para juntarlos uno por uno<br \/>\n ten\u00eda que lavarlos<br \/>\n me quit\u00e9 un pa\u00f1uelo de lino del pelo<br \/>\n lo remoj\u00e9 en un cuenco con menta y agua de lim\u00f3n<br \/>\n lo llev\u00e9 en la boca mientras trepaba<br \/>\n por mi trenza hasta la nuca<br \/>\n de rodillas empec\u00e9 a limpiarme la mente<br \/>\n me llev\u00f3 veinti\u00fan d\u00edas<br \/>\n me salieron moratones en las rodillas pero<br \/>\n no me import\u00f3<br \/>\n no me dieron aire<br \/>\n para que mis pulmones se asfixiaran<br \/>\n me rascar\u00eda la autodestrucci\u00f3n del hueso<br \/>\n hasta que el amor saliera a la luz.\u00a0 \u00a0<\/p>\n<p>&nbsp;<\/p>\n<p style=\"text-align: left\">las bombas han puesto de rodillas<br \/>\n a ciudades enteras hoy<br \/>\n los refugiados se han embarcado sabiendo\u00a0<\/p>\n<p style=\"text-align: left\">que era posible que sus pies no volvieran a tocar tierra de nuevo<br \/>\n la polic\u00eda ha disparado a la gente por el color de su piel<br \/>\n el mes pasado visit\u00e9 un orfanato de<br \/>\n beb\u00e8s abandonados en la acera como si fueran basura<br \/>\n m\u00e1s tarde en el hospital vi a una madre<br \/>\n perder a su hijo y tambi\u00e9n la cabeza<br \/>\n en alg\u00fan sitio un amante muri\u00f3<br \/>\n c\u00f3mo puedo negarme a creer<br \/>\n que mi vida es cualquier cosa menos un milagro<br \/>\n si en medio de este caos<br \/>\n se me dio esta vida.\u00a0<\/p>\n<h5 style=\"text-align: left\">I ahora unas curiosidades:<\/h5>\n<p style=\"text-align: left\">*rupi kaur naci\u00f3 el 1992 a Panyab, Indida, en una fam\u00edlia que practicaba el Sigismo (una religi\u00f3n \u00edndia fundada entre las doctrinas del hinduismo y el Islam).<\/p>\n<p style=\"text-align: left\">*Con cuatro a\u00f1os emigr\u00f3 con sus padres a Canad\u00e1.<\/p>\n<p style=\"text-align: left\">*Durante su infancia su madre la inspir\u00f3 para dibujar y pintar, especialmente cuando a\u00fan no sab\u00eda hablar ingl\u00e9s con sus compa\u00f1eros de escuela. De su madre, kaur dice que a los cinco a\u00f1os le pus\u00f3 en sus manos un pincel y le dijo: \u201cDibuja tu coraz\u00f3n\u201d.<\/p>\n<p style=\"text-align: left\">*Durante el instituto empez\u00f3 a difundir sus textos de forma an\u00f3nima y m\u00e1s tarde se atrevi\u00f3 a escribir con su nombre en\u00a0 una p\u00e1gina web llamada\u201cTumblr\u201d. Al cabo de un a\u00f1o empez\u00f3 a publicar textos a Instagram con ilustraciones suyas.<\/p>\n<p style=\"text-align: left\">*rupi kaur se hizo viral cuando Instagram le bloque\u00f3 una foto que havia publicado ella estirada en la cama tacada de mentruaci\u00f3n.\u00a0<\/p>\n<p style=\"text-align: left\">*A Panyab Oriental, el idioma Panjabi se escribe utilizando el alfabeto Gurmukhi que se caracteriza por tener solo letras min\u00fasculas y que utiliza el punto seguido como \u00fanico signo de puntuaci\u00f3n. Todas sus obras est\u00e1n escritas con la escritura Gurmukhi para honrar sus ra\u00edces. kaur dijo un d\u00eda: \u201cHay algunas cosas en este mundo que son tan infinitas que nunca podr\u00eda utilizar un punto final.\u201d<\/p>\n<p style=\"text-align: left\">*Estudia ret\u00f3rica i escritura a la Universidad de Waterloo a Ont\u00e0rio.<\/p>\n<p style=\"text-align: left\">*El primer libro de rupi kaur es \u201cotras maneres de usar la boca\u201d. Tambi\u00e9n es un libro de poes\u00eda con ilustraciones suyas hechas a mano. Esta dividido en cuatro cap\u00edtulos y cada cap\u00edtulo trata un tema diferente. Las ventas de este libro superaron las 2,5 miliones de copias. Estuvo en la lista de Best Seller de New York Times m\u00e1s de 77 setmanes. Y, des de hace tiempo, es el libro m\u00e1s vendido a los Estados Unidos.<\/p>\n<p style=\"text-align: left\">*Su segundo libro es \u201cel sol y sus flores\u201d, que se public\u00f3 a finales de 2017. Tambi\u00e9n tuvo much\u00edsimo \u00e9xito. Es un poemario con ilustraciones hechas por ella.<\/p>\n<p style=\"text-align: left\">*rupi kaur ha vendido m\u00e1s de 4.500.000 ejemplares. Ha estado m\u00e1s de 100 semanas a la lista de The New York Times i sus dos obras han sido traducidas a 35 lenguas.<\/p>\n<p style=\"text-align: left\">*rupi kaur se ha convertido en una de las treinta mujeres de menos de treinta a\u00f1os que estan cambiando el mundo.<\/p>\n<p>&nbsp;<\/p>\n<p style=\"text-align: left\">Gracias mam\u00e1. Gracias pap\u00e1. \u00a1Continuad abri\u00e9ndome puertas a mundos desconocidos!<\/p>\n<p style=\"text-align: left\">He rele\u00eddo sus p\u00e1ginas muchas veces; cada vez que me siento sola, triste, insegura y hasta cuando estoy alegre i desbocada. Las letras de rupi kaur me acompa\u00f1an y me ayudan a levantarme para florecer.<\/p>\n<p>&nbsp;<\/p>\n<h6><em>\u00e9sta es la f\u00f3rmula de la vida\u00a0<\/em><\/h6>\n<h6>dijo mi madre\u00a0<\/h6>\n<h6>al abrazarme mientras yo lloraba\u00a0<\/h6>\n<h6><em>piensa en esas flores que plantas<\/em><\/h6>\n<h6><em>cada a\u00f1o en el jard\u00edn\u00a0<\/em><\/h6>\n<h6><em>te ense\u00f1ar\u00e1n\u00a0<\/em><\/h6>\n<h6><em>que las personas tambi\u00e9n\u00a0<\/em><\/h6>\n<h6><em>deben marchitarse\u00a0<\/em><\/h6>\n<h6><em>caer<\/em><\/h6>\n<h6><em>arraigar<\/em><\/h6>\n<h6><em>levantarse<\/em><\/h6>\n<h6><em>para florecer<\/em><\/h6>\n<h6>\u00a0<\/h6>\n<h6>&#8211;<em>rupi kaur<\/em><\/h6>\n<p style=\"text-align: center\">\u00a0<\/p>\n<p style=\"text-align: center\">\u00a0<\/p>\n<p style=\"text-align: center\">\u00a0<\/p>\n<p>&nbsp;<\/p>\n","protected":false},"excerpt":{"rendered":"<p>el sol y sus flores\u00a0 Rupi Kaur &nbsp; &nbsp; me paro ante los sacrificios\u00a0 de un mill\u00f3n de mujeres antes de m\u00ed pensando\u00a0 qu\u00e9 puedo hacer\u00a0 para que esta monta\u00f1a sea m\u00e1s alta para que las mujeres que vengan despu\u00e9s<\/p>\n","protected":false},"author":6,"featured_media":1802,"comment_status":"open","ping_status":"open","sticky":false,"template":"","format":"standard","meta":{"sfsi_plus_gutenberg_text_before_share":"","sfsi_plus_gutenberg_show_text_before_share":"","sfsi_plus_gutenberg_icon_type":"","sfsi_plus_gutenberg_icon_alignemt":"","sfsi_plus_gutenburg_max_per_row":"","footnotes":""},"categories":[9,10],"tags":[19,21,22,23],"class_list":["post-1832","post","type-post","status-publish","format-standard","has-post-thumbnail","hentry","category-raco-de-la-paula","category-novetat","tag-literatura","tag-llibres","tag-ressenya","tag-sinopsi"],"yoast_head":"<!-- This site is optimized with the Yoast SEO plugin v27.5 - https:\/\/yoast.com\/product\/yoast-seo-wordpress\/ -->\n<title>el sol y sus flores de Rupi Kaur - Sala Jove<\/title>\n<meta name=\"description\" content=\"\u201cEl sol y sus flores\u201d \u00e9s un llibre de sensacions:del dolor -p\u00e8rdues que fan mal, l\u2019abandonament d\u2019un mateix -confian\u00e7a i estimar-se a un mateix.\" \/>\n<meta name=\"robots\" content=\"index, follow, max-snippet:-1, max-image-preview:large, max-video-preview:-1\" \/>\n<link rel=\"canonical\" href=\"https:\/\/biblioteca.blanes.cat\/salajove\/2018\/09\/16\/el-sol-y-sus-flores-de-rupi-kaur\/\" \/>\n<meta property=\"og:locale\" content=\"ca_ES\" \/>\n<meta property=\"og:type\" content=\"article\" \/>\n<meta property=\"og:title\" content=\"el sol y sus flores de Rupi Kaur - Sala Jove\" \/>\n<meta property=\"og:description\" content=\"\u201cEl sol y sus flores\u201d \u00e9s un llibre de sensacions:del dolor -p\u00e8rdues que fan mal, l\u2019abandonament d\u2019un mateix -confian\u00e7a i estimar-se a un mateix.\" \/>\n<meta property=\"og:url\" content=\"https:\/\/biblioteca.blanes.cat\/salajove\/2018\/09\/16\/el-sol-y-sus-flores-de-rupi-kaur\/\" \/>\n<meta property=\"og:site_name\" content=\"Sala Jove\" \/>\n<meta property=\"article:publisher\" content=\"https:\/\/www.facebook.com\/BilbiotecaComarcaldeBlanes\/\" \/>\n<meta property=\"article:published_time\" content=\"2018-09-16T15:52:08+00:00\" \/>\n<meta property=\"article:modified_time\" content=\"2018-09-23T18:00:02+00:00\" \/>\n<meta property=\"og:image\" content=\"https:\/\/biblioteca.blanes.cat\/salajove\/wp-content\/uploads\/sites\/3\/2017\/10\/elrac\u00f3delapaula_.png\" \/>\n\t<meta property=\"og:image:width\" content=\"3719\" \/>\n\t<meta property=\"og:image:height\" content=\"3719\" \/>\n\t<meta property=\"og:image:type\" content=\"image\/png\" \/>\n<meta name=\"author\" content=\"paula\" \/>\n<meta name=\"twitter:card\" content=\"summary_large_image\" \/>\n<meta name=\"twitter:creator\" content=\"@BiblioBlanes\" \/>\n<meta name=\"twitter:site\" content=\"@BiblioBlanes\" \/>\n<meta name=\"twitter:label1\" content=\"Escrit per\" \/>\n\t<meta name=\"twitter:data1\" content=\"paula\" \/>\n\t<meta name=\"twitter:label2\" content=\"Temps estimat de lectura\" \/>\n\t<meta name=\"twitter:data2\" content=\"5 minuts\" \/>\n<script type=\"application\/ld+json\" class=\"yoast-schema-graph\">{\"@context\":\"https:\\\/\\\/schema.org\",\"@graph\":[{\"@type\":\"Article\",\"@id\":\"https:\\\/\\\/biblioteca.blanes.cat\\\/salajove\\\/2018\\\/09\\\/16\\\/el-sol-y-sus-flores-de-rupi-kaur\\\/#article\",\"isPartOf\":{\"@id\":\"https:\\\/\\\/biblioteca.blanes.cat\\\/salajove\\\/2018\\\/09\\\/16\\\/el-sol-y-sus-flores-de-rupi-kaur\\\/\"},\"author\":{\"name\":\"paula\",\"@id\":\"https:\\\/\\\/biblioteca.blanes.cat\\\/salajove\\\/#\\\/schema\\\/person\\\/8dbc45cdf5d1c7e2d100d147517ba7f3\"},\"headline\":\"el sol y sus flores de Rupi Kaur\",\"datePublished\":\"2018-09-16T15:52:08+00:00\",\"dateModified\":\"2018-09-23T18:00:02+00:00\",\"mainEntityOfPage\":{\"@id\":\"https:\\\/\\\/biblioteca.blanes.cat\\\/salajove\\\/2018\\\/09\\\/16\\\/el-sol-y-sus-flores-de-rupi-kaur\\\/\"},\"wordCount\":1093,\"commentCount\":0,\"publisher\":{\"@id\":\"https:\\\/\\\/biblioteca.blanes.cat\\\/salajove\\\/#organization\"},\"image\":{\"@id\":\"https:\\\/\\\/biblioteca.blanes.cat\\\/salajove\\\/2018\\\/09\\\/16\\\/el-sol-y-sus-flores-de-rupi-kaur\\\/#primaryimage\"},\"thumbnailUrl\":\"https:\\\/\\\/biblioteca.blanes.cat\\\/salajove\\\/wp-content\\\/uploads\\\/sites\\\/3\\\/2017\\\/10\\\/elrac\u00f3delapaula_.png\",\"keywords\":[\"#Literatura\",\"#Llibres\",\"#Ressenya\",\"#Sinopsi\"],\"articleSection\":[\"Rac\u00f3 de la Paula\",\"RP_Novetat\"],\"inLanguage\":\"ca\",\"potentialAction\":[{\"@type\":\"CommentAction\",\"name\":\"Comment\",\"target\":[\"https:\\\/\\\/biblioteca.blanes.cat\\\/salajove\\\/2018\\\/09\\\/16\\\/el-sol-y-sus-flores-de-rupi-kaur\\\/#respond\"]}]},{\"@type\":\"WebPage\",\"@id\":\"https:\\\/\\\/biblioteca.blanes.cat\\\/salajove\\\/2018\\\/09\\\/16\\\/el-sol-y-sus-flores-de-rupi-kaur\\\/\",\"url\":\"https:\\\/\\\/biblioteca.blanes.cat\\\/salajove\\\/2018\\\/09\\\/16\\\/el-sol-y-sus-flores-de-rupi-kaur\\\/\",\"name\":\"el sol y sus flores de Rupi Kaur - Sala Jove\",\"isPartOf\":{\"@id\":\"https:\\\/\\\/biblioteca.blanes.cat\\\/salajove\\\/#website\"},\"primaryImageOfPage\":{\"@id\":\"https:\\\/\\\/biblioteca.blanes.cat\\\/salajove\\\/2018\\\/09\\\/16\\\/el-sol-y-sus-flores-de-rupi-kaur\\\/#primaryimage\"},\"image\":{\"@id\":\"https:\\\/\\\/biblioteca.blanes.cat\\\/salajove\\\/2018\\\/09\\\/16\\\/el-sol-y-sus-flores-de-rupi-kaur\\\/#primaryimage\"},\"thumbnailUrl\":\"https:\\\/\\\/biblioteca.blanes.cat\\\/salajove\\\/wp-content\\\/uploads\\\/sites\\\/3\\\/2017\\\/10\\\/elrac\u00f3delapaula_.png\",\"datePublished\":\"2018-09-16T15:52:08+00:00\",\"dateModified\":\"2018-09-23T18:00:02+00:00\",\"description\":\"\u201cEl sol y sus flores\u201d \u00e9s un llibre de sensacions:del dolor -p\u00e8rdues que fan mal, l\u2019abandonament d\u2019un mateix -confian\u00e7a i estimar-se a un mateix.\",\"breadcrumb\":{\"@id\":\"https:\\\/\\\/biblioteca.blanes.cat\\\/salajove\\\/2018\\\/09\\\/16\\\/el-sol-y-sus-flores-de-rupi-kaur\\\/#breadcrumb\"},\"inLanguage\":\"ca\",\"potentialAction\":[{\"@type\":\"ReadAction\",\"target\":[\"https:\\\/\\\/biblioteca.blanes.cat\\\/salajove\\\/2018\\\/09\\\/16\\\/el-sol-y-sus-flores-de-rupi-kaur\\\/\"]}]},{\"@type\":\"ImageObject\",\"inLanguage\":\"ca\",\"@id\":\"https:\\\/\\\/biblioteca.blanes.cat\\\/salajove\\\/2018\\\/09\\\/16\\\/el-sol-y-sus-flores-de-rupi-kaur\\\/#primaryimage\",\"url\":\"https:\\\/\\\/biblioteca.blanes.cat\\\/salajove\\\/wp-content\\\/uploads\\\/sites\\\/3\\\/2017\\\/10\\\/elrac\u00f3delapaula_.png\",\"contentUrl\":\"https:\\\/\\\/biblioteca.blanes.cat\\\/salajove\\\/wp-content\\\/uploads\\\/sites\\\/3\\\/2017\\\/10\\\/elrac\u00f3delapaula_.png\",\"width\":3719,\"height\":3719},{\"@type\":\"BreadcrumbList\",\"@id\":\"https:\\\/\\\/biblioteca.blanes.cat\\\/salajove\\\/2018\\\/09\\\/16\\\/el-sol-y-sus-flores-de-rupi-kaur\\\/#breadcrumb\",\"itemListElement\":[{\"@type\":\"ListItem\",\"position\":1,\"name\":\"Inici\",\"item\":\"https:\\\/\\\/biblioteca.blanes.cat\\\/salajove\\\/\"},{\"@type\":\"ListItem\",\"position\":2,\"name\":\"el sol y sus flores de Rupi Kaur\"}]},{\"@type\":\"WebSite\",\"@id\":\"https:\\\/\\\/biblioteca.blanes.cat\\\/salajove\\\/#website\",\"url\":\"https:\\\/\\\/biblioteca.blanes.cat\\\/salajove\\\/\",\"name\":\"Sala Jove\",\"description\":\"Biblioteca Comarcal de Blanes\",\"publisher\":{\"@id\":\"https:\\\/\\\/biblioteca.blanes.cat\\\/salajove\\\/#organization\"},\"potentialAction\":[{\"@type\":\"SearchAction\",\"target\":{\"@type\":\"EntryPoint\",\"urlTemplate\":\"https:\\\/\\\/biblioteca.blanes.cat\\\/salajove\\\/?s={search_term_string}\"},\"query-input\":{\"@type\":\"PropertyValueSpecification\",\"valueRequired\":true,\"valueName\":\"search_term_string\"}}],\"inLanguage\":\"ca\"},{\"@type\":\"Organization\",\"@id\":\"https:\\\/\\\/biblioteca.blanes.cat\\\/salajove\\\/#organization\",\"name\":\"Biblioteca Comarcal de Blanes\",\"url\":\"https:\\\/\\\/biblioteca.blanes.cat\\\/salajove\\\/\",\"logo\":{\"@type\":\"ImageObject\",\"inLanguage\":\"ca\",\"@id\":\"https:\\\/\\\/biblioteca.blanes.cat\\\/salajove\\\/#\\\/schema\\\/logo\\\/image\\\/\",\"url\":\"https:\\\/\\\/biblioteca.blanes.cat\\\/salajove\\\/wp-content\\\/uploads\\\/sites\\\/3\\\/2017\\\/09\\\/cropped-Bib-blau-e1518869380535.png\",\"contentUrl\":\"https:\\\/\\\/biblioteca.blanes.cat\\\/salajove\\\/wp-content\\\/uploads\\\/sites\\\/3\\\/2017\\\/09\\\/cropped-Bib-blau-e1518869380535.png\",\"width\":166,\"height\":166,\"caption\":\"Biblioteca Comarcal de Blanes\"},\"image\":{\"@id\":\"https:\\\/\\\/biblioteca.blanes.cat\\\/salajove\\\/#\\\/schema\\\/logo\\\/image\\\/\"},\"sameAs\":[\"https:\\\/\\\/www.facebook.com\\\/BilbiotecaComarcaldeBlanes\\\/\",\"https:\\\/\\\/x.com\\\/BiblioBlanes\",\"https:\\\/\\\/www.instagram.com\\\/biblioblanes\\\/\",\"https:\\\/\\\/www.pinterest.es\\\/bblanes\\\/\",\"https:\\\/\\\/www.youtube.com\\\/c\\\/BibliotecaComarcalBlanes\"]},{\"@type\":\"Person\",\"@id\":\"https:\\\/\\\/biblioteca.blanes.cat\\\/salajove\\\/#\\\/schema\\\/person\\\/8dbc45cdf5d1c7e2d100d147517ba7f3\",\"name\":\"paula\",\"image\":{\"@type\":\"ImageObject\",\"inLanguage\":\"ca\",\"@id\":\"https:\\\/\\\/secure.gravatar.com\\\/avatar\\\/7dc0a9399589f36ddc6864e8335b73854871aa22921ee390cb50776e7ddfc136?s=96&d=mm&r=g\",\"url\":\"https:\\\/\\\/secure.gravatar.com\\\/avatar\\\/7dc0a9399589f36ddc6864e8335b73854871aa22921ee390cb50776e7ddfc136?s=96&d=mm&r=g\",\"contentUrl\":\"https:\\\/\\\/secure.gravatar.com\\\/avatar\\\/7dc0a9399589f36ddc6864e8335b73854871aa22921ee390cb50776e7ddfc136?s=96&d=mm&r=g\",\"caption\":\"paula\"},\"url\":\"https:\\\/\\\/biblioteca.blanes.cat\\\/salajove\\\/author\\\/paula\\\/\"}]}<\/script>\n<!-- \/ Yoast SEO plugin. -->","yoast_head_json":{"title":"el sol y sus flores de Rupi Kaur - Sala Jove","description":"\u201cEl sol y sus flores\u201d \u00e9s un llibre de sensacions:del dolor -p\u00e8rdues que fan mal, l\u2019abandonament d\u2019un mateix -confian\u00e7a i estimar-se a un mateix.","robots":{"index":"index","follow":"follow","max-snippet":"max-snippet:-1","max-image-preview":"max-image-preview:large","max-video-preview":"max-video-preview:-1"},"canonical":"https:\/\/biblioteca.blanes.cat\/salajove\/2018\/09\/16\/el-sol-y-sus-flores-de-rupi-kaur\/","og_locale":"ca_ES","og_type":"article","og_title":"el sol y sus flores de Rupi Kaur - Sala Jove","og_description":"\u201cEl sol y sus flores\u201d \u00e9s un llibre de sensacions:del dolor -p\u00e8rdues que fan mal, l\u2019abandonament d\u2019un mateix -confian\u00e7a i estimar-se a un mateix.","og_url":"https:\/\/biblioteca.blanes.cat\/salajove\/2018\/09\/16\/el-sol-y-sus-flores-de-rupi-kaur\/","og_site_name":"Sala Jove","article_publisher":"https:\/\/www.facebook.com\/BilbiotecaComarcaldeBlanes\/","article_published_time":"2018-09-16T15:52:08+00:00","article_modified_time":"2018-09-23T18:00:02+00:00","og_image":[{"width":3719,"height":3719,"url":"https:\/\/biblioteca.blanes.cat\/salajove\/wp-content\/uploads\/sites\/3\/2017\/10\/elrac\u00f3delapaula_.png","type":"image\/png"}],"author":"paula","twitter_card":"summary_large_image","twitter_creator":"@BiblioBlanes","twitter_site":"@BiblioBlanes","twitter_misc":{"Escrit per":"paula","Temps estimat de lectura":"5 minuts"},"schema":{"@context":"https:\/\/schema.org","@graph":[{"@type":"Article","@id":"https:\/\/biblioteca.blanes.cat\/salajove\/2018\/09\/16\/el-sol-y-sus-flores-de-rupi-kaur\/#article","isPartOf":{"@id":"https:\/\/biblioteca.blanes.cat\/salajove\/2018\/09\/16\/el-sol-y-sus-flores-de-rupi-kaur\/"},"author":{"name":"paula","@id":"https:\/\/biblioteca.blanes.cat\/salajove\/#\/schema\/person\/8dbc45cdf5d1c7e2d100d147517ba7f3"},"headline":"el sol y sus flores de Rupi Kaur","datePublished":"2018-09-16T15:52:08+00:00","dateModified":"2018-09-23T18:00:02+00:00","mainEntityOfPage":{"@id":"https:\/\/biblioteca.blanes.cat\/salajove\/2018\/09\/16\/el-sol-y-sus-flores-de-rupi-kaur\/"},"wordCount":1093,"commentCount":0,"publisher":{"@id":"https:\/\/biblioteca.blanes.cat\/salajove\/#organization"},"image":{"@id":"https:\/\/biblioteca.blanes.cat\/salajove\/2018\/09\/16\/el-sol-y-sus-flores-de-rupi-kaur\/#primaryimage"},"thumbnailUrl":"https:\/\/biblioteca.blanes.cat\/salajove\/wp-content\/uploads\/sites\/3\/2017\/10\/elrac\u00f3delapaula_.png","keywords":["#Literatura","#Llibres","#Ressenya","#Sinopsi"],"articleSection":["Rac\u00f3 de la Paula","RP_Novetat"],"inLanguage":"ca","potentialAction":[{"@type":"CommentAction","name":"Comment","target":["https:\/\/biblioteca.blanes.cat\/salajove\/2018\/09\/16\/el-sol-y-sus-flores-de-rupi-kaur\/#respond"]}]},{"@type":"WebPage","@id":"https:\/\/biblioteca.blanes.cat\/salajove\/2018\/09\/16\/el-sol-y-sus-flores-de-rupi-kaur\/","url":"https:\/\/biblioteca.blanes.cat\/salajove\/2018\/09\/16\/el-sol-y-sus-flores-de-rupi-kaur\/","name":"el sol y sus flores de Rupi Kaur - Sala Jove","isPartOf":{"@id":"https:\/\/biblioteca.blanes.cat\/salajove\/#website"},"primaryImageOfPage":{"@id":"https:\/\/biblioteca.blanes.cat\/salajove\/2018\/09\/16\/el-sol-y-sus-flores-de-rupi-kaur\/#primaryimage"},"image":{"@id":"https:\/\/biblioteca.blanes.cat\/salajove\/2018\/09\/16\/el-sol-y-sus-flores-de-rupi-kaur\/#primaryimage"},"thumbnailUrl":"https:\/\/biblioteca.blanes.cat\/salajove\/wp-content\/uploads\/sites\/3\/2017\/10\/elrac\u00f3delapaula_.png","datePublished":"2018-09-16T15:52:08+00:00","dateModified":"2018-09-23T18:00:02+00:00","description":"\u201cEl sol y sus flores\u201d \u00e9s un llibre de sensacions:del dolor -p\u00e8rdues que fan mal, l\u2019abandonament d\u2019un mateix -confian\u00e7a i estimar-se a un mateix.","breadcrumb":{"@id":"https:\/\/biblioteca.blanes.cat\/salajove\/2018\/09\/16\/el-sol-y-sus-flores-de-rupi-kaur\/#breadcrumb"},"inLanguage":"ca","potentialAction":[{"@type":"ReadAction","target":["https:\/\/biblioteca.blanes.cat\/salajove\/2018\/09\/16\/el-sol-y-sus-flores-de-rupi-kaur\/"]}]},{"@type":"ImageObject","inLanguage":"ca","@id":"https:\/\/biblioteca.blanes.cat\/salajove\/2018\/09\/16\/el-sol-y-sus-flores-de-rupi-kaur\/#primaryimage","url":"https:\/\/biblioteca.blanes.cat\/salajove\/wp-content\/uploads\/sites\/3\/2017\/10\/elrac\u00f3delapaula_.png","contentUrl":"https:\/\/biblioteca.blanes.cat\/salajove\/wp-content\/uploads\/sites\/3\/2017\/10\/elrac\u00f3delapaula_.png","width":3719,"height":3719},{"@type":"BreadcrumbList","@id":"https:\/\/biblioteca.blanes.cat\/salajove\/2018\/09\/16\/el-sol-y-sus-flores-de-rupi-kaur\/#breadcrumb","itemListElement":[{"@type":"ListItem","position":1,"name":"Inici","item":"https:\/\/biblioteca.blanes.cat\/salajove\/"},{"@type":"ListItem","position":2,"name":"el sol y sus flores de Rupi Kaur"}]},{"@type":"WebSite","@id":"https:\/\/biblioteca.blanes.cat\/salajove\/#website","url":"https:\/\/biblioteca.blanes.cat\/salajove\/","name":"Sala Jove","description":"Biblioteca Comarcal de Blanes","publisher":{"@id":"https:\/\/biblioteca.blanes.cat\/salajove\/#organization"},"potentialAction":[{"@type":"SearchAction","target":{"@type":"EntryPoint","urlTemplate":"https:\/\/biblioteca.blanes.cat\/salajove\/?s={search_term_string}"},"query-input":{"@type":"PropertyValueSpecification","valueRequired":true,"valueName":"search_term_string"}}],"inLanguage":"ca"},{"@type":"Organization","@id":"https:\/\/biblioteca.blanes.cat\/salajove\/#organization","name":"Biblioteca Comarcal de Blanes","url":"https:\/\/biblioteca.blanes.cat\/salajove\/","logo":{"@type":"ImageObject","inLanguage":"ca","@id":"https:\/\/biblioteca.blanes.cat\/salajove\/#\/schema\/logo\/image\/","url":"https:\/\/biblioteca.blanes.cat\/salajove\/wp-content\/uploads\/sites\/3\/2017\/09\/cropped-Bib-blau-e1518869380535.png","contentUrl":"https:\/\/biblioteca.blanes.cat\/salajove\/wp-content\/uploads\/sites\/3\/2017\/09\/cropped-Bib-blau-e1518869380535.png","width":166,"height":166,"caption":"Biblioteca Comarcal de Blanes"},"image":{"@id":"https:\/\/biblioteca.blanes.cat\/salajove\/#\/schema\/logo\/image\/"},"sameAs":["https:\/\/www.facebook.com\/BilbiotecaComarcaldeBlanes\/","https:\/\/x.com\/BiblioBlanes","https:\/\/www.instagram.com\/biblioblanes\/","https:\/\/www.pinterest.es\/bblanes\/","https:\/\/www.youtube.com\/c\/BibliotecaComarcalBlanes"]},{"@type":"Person","@id":"https:\/\/biblioteca.blanes.cat\/salajove\/#\/schema\/person\/8dbc45cdf5d1c7e2d100d147517ba7f3","name":"paula","image":{"@type":"ImageObject","inLanguage":"ca","@id":"https:\/\/secure.gravatar.com\/avatar\/7dc0a9399589f36ddc6864e8335b73854871aa22921ee390cb50776e7ddfc136?s=96&d=mm&r=g","url":"https:\/\/secure.gravatar.com\/avatar\/7dc0a9399589f36ddc6864e8335b73854871aa22921ee390cb50776e7ddfc136?s=96&d=mm&r=g","contentUrl":"https:\/\/secure.gravatar.com\/avatar\/7dc0a9399589f36ddc6864e8335b73854871aa22921ee390cb50776e7ddfc136?s=96&d=mm&r=g","caption":"paula"},"url":"https:\/\/biblioteca.blanes.cat\/salajove\/author\/paula\/"}]}},"_links":{"self":[{"href":"https:\/\/biblioteca.blanes.cat\/salajove\/wp-json\/wp\/v2\/posts\/1832","targetHints":{"allow":["GET"]}}],"collection":[{"href":"https:\/\/biblioteca.blanes.cat\/salajove\/wp-json\/wp\/v2\/posts"}],"about":[{"href":"https:\/\/biblioteca.blanes.cat\/salajove\/wp-json\/wp\/v2\/types\/post"}],"author":[{"embeddable":true,"href":"https:\/\/biblioteca.blanes.cat\/salajove\/wp-json\/wp\/v2\/users\/6"}],"replies":[{"embeddable":true,"href":"https:\/\/biblioteca.blanes.cat\/salajove\/wp-json\/wp\/v2\/comments?post=1832"}],"version-history":[{"count":58,"href":"https:\/\/biblioteca.blanes.cat\/salajove\/wp-json\/wp\/v2\/posts\/1832\/revisions"}],"predecessor-version":[{"id":1915,"href":"https:\/\/biblioteca.blanes.cat\/salajove\/wp-json\/wp\/v2\/posts\/1832\/revisions\/1915"}],"wp:featuredmedia":[{"embeddable":true,"href":"https:\/\/biblioteca.blanes.cat\/salajove\/wp-json\/wp\/v2\/media\/1802"}],"wp:attachment":[{"href":"https:\/\/biblioteca.blanes.cat\/salajove\/wp-json\/wp\/v2\/media?parent=1832"}],"wp:term":[{"taxonomy":"category","embeddable":true,"href":"https:\/\/biblioteca.blanes.cat\/salajove\/wp-json\/wp\/v2\/categories?post=1832"},{"taxonomy":"post_tag","embeddable":true,"href":"https:\/\/biblioteca.blanes.cat\/salajove\/wp-json\/wp\/v2\/tags?post=1832"}],"curies":[{"name":"wp","href":"https:\/\/api.w.org\/{rel}","templated":true}]}}