{"id":1805,"date":"2018-09-10T09:08:51","date_gmt":"2018-09-10T08:08:51","guid":{"rendered":"https:\/\/biblioteca.blanes.cat\/salajove\/?p=1805"},"modified":"2018-10-10T19:27:03","modified_gmt":"2018-10-10T18:27:03","slug":"londres-despres-de-tu-de-jara-santamaria","status":"publish","type":"post","link":"https:\/\/biblioteca.blanes.cat\/salajove\/2018\/09\/10\/londres-despres-de-tu-de-jara-santamaria\/","title":{"rendered":"LONDRES DESPU\u00c9S DE TI  de Jara Santamar\u00eda"},"content":{"rendered":"<h4 style=\"text-align: center;\">LONDRES DESPU\u00c9S DE TI<\/h4>\n<h4 style=\"text-align: center;\">Jara Santamar\u00eda\u00a0<\/h4>\n<pre style=\"text-align: center;\">(PLATAFORMA EDITORIAL NEO)<\/pre>\n<h4 style=\"text-align: center;\"><img fetchpriority=\"high\" decoding=\"async\" class=\"alignright\" src=\"https:\/\/imagessl6.casadellibro.com\/a\/l\/t0\/06\/9788416620906.jpg\" width=\"283\" height=\"444\" \/><\/h4>\n<p>La inercia. Seg\u00fan el diccionario es una falta de energ\u00eda moral para alterar una manera de actuar. Cu\u00e1ntas cosas son arrastradas por la inercia sin ninguna fuerza que las ature.<\/p>\n<p>Voy en bicicleta. Delante m\u00edo se dibuja en\u00a0 l\u00ednia recta, un camino f\u00e1cil. Pedaleo bien fuerte. Me dejo acariciar por la fuerza de un viento que lucha por derribarme. Me siento libre y pedaleo m\u00e1s furte. Me canso. Quiero parar de pedalear. Paro. Me siento arrastrada por el camino que resigue mi bicicleta. Las ruedas van solas, llevadas por una fuerza invisible. Una fuerza que solo parar\u00e1 si yo freno. Y eso es una decisi\u00f3n que depende de m\u00ed, solo de m\u00ed. Per\u00f3 me da mucho miedo, mucho miedo&#8230;<\/p>\n<h6 style=\"text-align: center;\">Jara Santamar\u00eda es la escritora de la novela de hoy. Comez\u00f3 a escribir el 2007 cuando public\u00f3 su primer libro \u201cTe comer\u00e1s el mundo\u201d. Y el 2016 anunci\u00f3 su segundo libro\u201cLondres despu\u00e9s de ti\u201d.<\/h6>\n<p>La Naira y el Jarek se conocieron en Londres durante un Erasmus. All\u00ed tocaron el piano noches de madrugada, jugaron c\u00f3mo ni\u00f1os por las calles de Londres, pasearon cogidos de la mano, rieron c\u00f3mo nunca antes lo hab\u00edan hecho y sobretodo se enamoraron locamente.<\/p>\n<p>Despu\u00e9s de un a\u00f1o de mantener una relaci\u00f3n a distancia deciden dejarlo todo y ir vivir a Londres. Antes de irse Jarek se tiene que quedar en la Rep\u00fablica Txeca por su carrera de pianista i no puede volver hasta al cabo de unos meses. A pesar de eso, Naira decide iniciar una nueva vida en Inglaterra ella sola, mientras espera a que Jarek vuelva.<\/p>\n<h5 style=\"text-align: center;\">Cerrada dentro de sus recuerdos con Jarek tendr\u00e1 que luchar para adapatarse a la ciudad gris y ciutat grisa y brumosa que ees Londres. Y tendr\u00e1 que descubrir si el amor es capaz de superar cualquier obst\u00e1culo, sobretodo el de la distancia.<\/h5>\n<p>\u201cLondres despu\u00e9s de ti\u201d nos ense\u00f1a que a veces en la vida se tienen que tomar decisiones importantes. Decisiones que si no las tomas t\u00fa passar\u00e1n a ser decisiones de otros que te arrastrar\u00e1n y tu no har\u00e1s nada para impedirlo. La inercia.<\/p>\n<p>El libro nos muestra que a veces la vida hae da\u00f1o. La vida es una bjada en bicicleta sin frenos, disfrutando del camino i contra el viento. Y muy importante, si tengo miedo no passa nada, porqu\u00e9 sabr\u00e9 frenar cuando quiera y sabr\u00e9 que si caigo volver\u00e9 a levantarme. Volver\u00e9 a montarme en la bicicleta y continuar\u00e9 bajando por la vida, siempre disfrutando del viaje.<\/p>\n<h5 style=\"text-align: center;\">Y ahora unas frases:<\/h5>\n<p style=\"text-align: center;\"><em>&#8220;Porqu\u00e9 todo pasa, eso ya lo s\u00e9. Todo se mueve. La vida va r\u00e1pido y tiene que ser as\u00ed. \u201c<\/em><\/p>\n<p style=\"text-align: center;\"><em>\u201cAlgunas personas, las que veritablemente importan, aunque se vayan, nunca se van.\u201c<\/em><br \/>\n <em> \u201cLo que quiero decir \u00e9s que no estar\u00eda de m\u00e1s que tomases tus pr\u00f3pias decisiones. Aunque sean malas. Porqu\u00e9 nadie sabe mejor que t\u00fa lo que quieres.\u201d<\/em><\/p>\n<p style=\"text-align: center;\"><em>\u201cLa mem\u00f3ria hace estas cosas supongo, decora un poco los recuerdos perqu\u00e9 nos venga de gusto revisarlo una vez y otra.\u201d<\/em><\/p>\n<h5 style=\"text-align: center;\">Y ahora unas curiosidades:<\/h5>\n<p>*Jara Satamar\u00eda naci\u00f3 en Zaragoza el 1990 y actualmente reside e Madrid.<\/p>\n<p>*Se dedica a escribir desde muy joven y su pasi\u00f3n por la lectura naci\u00f3 cuando era peque\u00f1a.<\/p>\n<p>*Est\u00e1 estudiando Periodismo y Comunicaci\u00f3n Audiovisual en la Universidad Carlos III de Madrid.<\/p>\n<p>*Colabora en la revista digital Culturamas y en el blog literario de la librer\u00eda Kirik\u00fa i la Bruja. Adem\u00e1s de participar en actividades de animaci\u00f3n a la lectura.<\/p>\n<p>*Con tan solo 17 a\u00f1os recibi\u00f3 el II Premio Jordi Serra i Fabra para J\u00f3venes Escritores con la novela \u201cTe comer\u00e1s el mundo\u201d, najo el pseud\u00f3nimo de Malaquita<\/p>\n<p>*El 2016 \u201dLondres despu\u00e9s de ti\u201d tambi\u00e9n gan\u00f3 el Premio Literario \u201cLa Caixa\u201d\/Plataforma.<br \/>\n *Odia la hipocres\u00eda y considera que la ilusi\u00f3n es uno de los motores del mundo.<\/p>\n<p>&nbsp;<\/p>\n<h5>S\u00f3lo Jara Santamar\u00ed podia enamorarnos tan deprisa y rompernos tan poco a poco. Decid\u00ed viajar hacia \u201cLondres despu\u00e9s de ti\u201d y descubr\u00ed la import\u00e1ncia de arriscarse y lanzarse al vac\u00edo confiando al m\u00e1ximo en un mismo..<\/h5>\n","protected":false},"excerpt":{"rendered":"<p>LONDRES DESPU\u00c9S DE TI Jara Santamar\u00eda\u00a0 (PLATAFORMA EDITORIAL NEO) La inercia. Seg\u00fan el diccionario es una falta de energ\u00eda moral para alterar una manera de actuar. Cu\u00e1ntas cosas son arrastradas por la inercia sin ninguna fuerza que las ature. Voy<\/p>\n","protected":false},"author":6,"featured_media":1802,"comment_status":"open","ping_status":"open","sticky":false,"template":"","format":"standard","meta":{"sfsi_plus_gutenberg_text_before_share":"","sfsi_plus_gutenberg_show_text_before_share":"","sfsi_plus_gutenberg_icon_type":"","sfsi_plus_gutenberg_icon_alignemt":"","sfsi_plus_gutenburg_max_per_row":"","footnotes":""},"categories":[9,12],"tags":[26,19,21],"class_list":["post-1805","post","type-post","status-publish","format-standard","has-post-thumbnail","hentry","category-raco-de-la-paula","category-popular","tag-lectura","tag-literatura","tag-llibres"],"yoast_head":"<!-- This site is optimized with the Yoast SEO plugin v27.5 - https:\/\/yoast.com\/product\/yoast-seo-wordpress\/ -->\n<title>LONDRES DESPU\u00c9S DE TI de Jara Santamar\u00eda - Sala Jove<\/title>\n<meta name=\"description\" content=\"Vaig decidir viatjar cap a \u201cLondres despr\u00e9s de tu\u201d i vaig descobrir la import\u00e0ncia d\u2019arriscar-se i llen\u00e7ar-se al buit confiant al m\u00e0xim en un mateix.\" \/>\n<meta name=\"robots\" content=\"index, follow, max-snippet:-1, max-image-preview:large, max-video-preview:-1\" \/>\n<link rel=\"canonical\" href=\"https:\/\/biblioteca.blanes.cat\/salajove\/2018\/09\/10\/londres-despres-de-tu-de-jara-santamaria\/\" \/>\n<meta property=\"og:locale\" content=\"ca_ES\" \/>\n<meta property=\"og:type\" content=\"article\" \/>\n<meta property=\"og:title\" content=\"LONDRES DESPU\u00c9S DE TI de Jara Santamar\u00eda - Sala Jove\" \/>\n<meta property=\"og:description\" content=\"Vaig decidir viatjar cap a \u201cLondres despr\u00e9s de tu\u201d i vaig descobrir la import\u00e0ncia d\u2019arriscar-se i llen\u00e7ar-se al buit confiant al m\u00e0xim en un mateix.\" \/>\n<meta property=\"og:url\" content=\"https:\/\/biblioteca.blanes.cat\/salajove\/2018\/09\/10\/londres-despres-de-tu-de-jara-santamaria\/\" \/>\n<meta property=\"og:site_name\" content=\"Sala Jove\" \/>\n<meta property=\"article:publisher\" content=\"https:\/\/www.facebook.com\/BilbiotecaComarcaldeBlanes\/\" \/>\n<meta property=\"article:published_time\" content=\"2018-09-10T08:08:51+00:00\" \/>\n<meta property=\"article:modified_time\" content=\"2018-10-10T18:27:03+00:00\" \/>\n<meta property=\"og:image\" content=\"https:\/\/biblioteca.blanes.cat\/salajove\/wp-content\/uploads\/sites\/3\/2017\/10\/elrac\u00f3delapaula_.png\" \/>\n\t<meta property=\"og:image:width\" content=\"3719\" \/>\n\t<meta property=\"og:image:height\" content=\"3719\" \/>\n\t<meta property=\"og:image:type\" content=\"image\/png\" \/>\n<meta name=\"author\" content=\"paula\" \/>\n<meta name=\"twitter:card\" content=\"summary_large_image\" \/>\n<meta name=\"twitter:creator\" content=\"@BiblioBlanes\" \/>\n<meta name=\"twitter:site\" content=\"@BiblioBlanes\" \/>\n<meta name=\"twitter:label1\" content=\"Escrit per\" \/>\n\t<meta name=\"twitter:data1\" content=\"paula\" \/>\n\t<meta name=\"twitter:label2\" content=\"Temps estimat de lectura\" \/>\n\t<meta name=\"twitter:data2\" content=\"4 minuts\" \/>\n<script type=\"application\/ld+json\" class=\"yoast-schema-graph\">{\"@context\":\"https:\\\/\\\/schema.org\",\"@graph\":[{\"@type\":\"Article\",\"@id\":\"https:\\\/\\\/biblioteca.blanes.cat\\\/salajove\\\/2018\\\/09\\\/10\\\/londres-despres-de-tu-de-jara-santamaria\\\/#article\",\"isPartOf\":{\"@id\":\"https:\\\/\\\/biblioteca.blanes.cat\\\/salajove\\\/2018\\\/09\\\/10\\\/londres-despres-de-tu-de-jara-santamaria\\\/\"},\"author\":{\"name\":\"paula\",\"@id\":\"https:\\\/\\\/biblioteca.blanes.cat\\\/salajove\\\/#\\\/schema\\\/person\\\/8dbc45cdf5d1c7e2d100d147517ba7f3\"},\"headline\":\"LONDRES DESPU\u00c9S DE TI de Jara Santamar\u00eda\",\"datePublished\":\"2018-09-10T08:08:51+00:00\",\"dateModified\":\"2018-10-10T18:27:03+00:00\",\"mainEntityOfPage\":{\"@id\":\"https:\\\/\\\/biblioteca.blanes.cat\\\/salajove\\\/2018\\\/09\\\/10\\\/londres-despres-de-tu-de-jara-santamaria\\\/\"},\"wordCount\":727,\"commentCount\":0,\"publisher\":{\"@id\":\"https:\\\/\\\/biblioteca.blanes.cat\\\/salajove\\\/#organization\"},\"image\":{\"@id\":\"https:\\\/\\\/biblioteca.blanes.cat\\\/salajove\\\/2018\\\/09\\\/10\\\/londres-despres-de-tu-de-jara-santamaria\\\/#primaryimage\"},\"thumbnailUrl\":\"https:\\\/\\\/biblioteca.blanes.cat\\\/salajove\\\/wp-content\\\/uploads\\\/sites\\\/3\\\/2017\\\/10\\\/elrac\u00f3delapaula_.png\",\"keywords\":[\"#Lectura\",\"#Literatura\",\"#Llibres\"],\"articleSection\":[\"Rac\u00f3 de la Paula\",\"RP_Popular\"],\"inLanguage\":\"ca\",\"potentialAction\":[{\"@type\":\"CommentAction\",\"name\":\"Comment\",\"target\":[\"https:\\\/\\\/biblioteca.blanes.cat\\\/salajove\\\/2018\\\/09\\\/10\\\/londres-despres-de-tu-de-jara-santamaria\\\/#respond\"]}]},{\"@type\":\"WebPage\",\"@id\":\"https:\\\/\\\/biblioteca.blanes.cat\\\/salajove\\\/2018\\\/09\\\/10\\\/londres-despres-de-tu-de-jara-santamaria\\\/\",\"url\":\"https:\\\/\\\/biblioteca.blanes.cat\\\/salajove\\\/2018\\\/09\\\/10\\\/londres-despres-de-tu-de-jara-santamaria\\\/\",\"name\":\"LONDRES DESPU\u00c9S DE TI de Jara Santamar\u00eda - Sala Jove\",\"isPartOf\":{\"@id\":\"https:\\\/\\\/biblioteca.blanes.cat\\\/salajove\\\/#website\"},\"primaryImageOfPage\":{\"@id\":\"https:\\\/\\\/biblioteca.blanes.cat\\\/salajove\\\/2018\\\/09\\\/10\\\/londres-despres-de-tu-de-jara-santamaria\\\/#primaryimage\"},\"image\":{\"@id\":\"https:\\\/\\\/biblioteca.blanes.cat\\\/salajove\\\/2018\\\/09\\\/10\\\/londres-despres-de-tu-de-jara-santamaria\\\/#primaryimage\"},\"thumbnailUrl\":\"https:\\\/\\\/biblioteca.blanes.cat\\\/salajove\\\/wp-content\\\/uploads\\\/sites\\\/3\\\/2017\\\/10\\\/elrac\u00f3delapaula_.png\",\"datePublished\":\"2018-09-10T08:08:51+00:00\",\"dateModified\":\"2018-10-10T18:27:03+00:00\",\"description\":\"Vaig decidir viatjar cap a \u201cLondres despr\u00e9s de tu\u201d i vaig descobrir la import\u00e0ncia d\u2019arriscar-se i llen\u00e7ar-se al buit confiant al m\u00e0xim en un mateix.\",\"breadcrumb\":{\"@id\":\"https:\\\/\\\/biblioteca.blanes.cat\\\/salajove\\\/2018\\\/09\\\/10\\\/londres-despres-de-tu-de-jara-santamaria\\\/#breadcrumb\"},\"inLanguage\":\"ca\",\"potentialAction\":[{\"@type\":\"ReadAction\",\"target\":[\"https:\\\/\\\/biblioteca.blanes.cat\\\/salajove\\\/2018\\\/09\\\/10\\\/londres-despres-de-tu-de-jara-santamaria\\\/\"]}]},{\"@type\":\"ImageObject\",\"inLanguage\":\"ca\",\"@id\":\"https:\\\/\\\/biblioteca.blanes.cat\\\/salajove\\\/2018\\\/09\\\/10\\\/londres-despres-de-tu-de-jara-santamaria\\\/#primaryimage\",\"url\":\"https:\\\/\\\/biblioteca.blanes.cat\\\/salajove\\\/wp-content\\\/uploads\\\/sites\\\/3\\\/2017\\\/10\\\/elrac\u00f3delapaula_.png\",\"contentUrl\":\"https:\\\/\\\/biblioteca.blanes.cat\\\/salajove\\\/wp-content\\\/uploads\\\/sites\\\/3\\\/2017\\\/10\\\/elrac\u00f3delapaula_.png\",\"width\":3719,\"height\":3719},{\"@type\":\"BreadcrumbList\",\"@id\":\"https:\\\/\\\/biblioteca.blanes.cat\\\/salajove\\\/2018\\\/09\\\/10\\\/londres-despres-de-tu-de-jara-santamaria\\\/#breadcrumb\",\"itemListElement\":[{\"@type\":\"ListItem\",\"position\":1,\"name\":\"Inici\",\"item\":\"https:\\\/\\\/biblioteca.blanes.cat\\\/salajove\\\/\"},{\"@type\":\"ListItem\",\"position\":2,\"name\":\"LONDRES DESPU\u00c9S DE TI de Jara Santamar\u00eda\"}]},{\"@type\":\"WebSite\",\"@id\":\"https:\\\/\\\/biblioteca.blanes.cat\\\/salajove\\\/#website\",\"url\":\"https:\\\/\\\/biblioteca.blanes.cat\\\/salajove\\\/\",\"name\":\"Sala Jove\",\"description\":\"Biblioteca Comarcal de Blanes\",\"publisher\":{\"@id\":\"https:\\\/\\\/biblioteca.blanes.cat\\\/salajove\\\/#organization\"},\"potentialAction\":[{\"@type\":\"SearchAction\",\"target\":{\"@type\":\"EntryPoint\",\"urlTemplate\":\"https:\\\/\\\/biblioteca.blanes.cat\\\/salajove\\\/?s={search_term_string}\"},\"query-input\":{\"@type\":\"PropertyValueSpecification\",\"valueRequired\":true,\"valueName\":\"search_term_string\"}}],\"inLanguage\":\"ca\"},{\"@type\":\"Organization\",\"@id\":\"https:\\\/\\\/biblioteca.blanes.cat\\\/salajove\\\/#organization\",\"name\":\"Biblioteca Comarcal de Blanes\",\"url\":\"https:\\\/\\\/biblioteca.blanes.cat\\\/salajove\\\/\",\"logo\":{\"@type\":\"ImageObject\",\"inLanguage\":\"ca\",\"@id\":\"https:\\\/\\\/biblioteca.blanes.cat\\\/salajove\\\/#\\\/schema\\\/logo\\\/image\\\/\",\"url\":\"https:\\\/\\\/biblioteca.blanes.cat\\\/salajove\\\/wp-content\\\/uploads\\\/sites\\\/3\\\/2017\\\/09\\\/cropped-Bib-blau-e1518869380535.png\",\"contentUrl\":\"https:\\\/\\\/biblioteca.blanes.cat\\\/salajove\\\/wp-content\\\/uploads\\\/sites\\\/3\\\/2017\\\/09\\\/cropped-Bib-blau-e1518869380535.png\",\"width\":166,\"height\":166,\"caption\":\"Biblioteca Comarcal de Blanes\"},\"image\":{\"@id\":\"https:\\\/\\\/biblioteca.blanes.cat\\\/salajove\\\/#\\\/schema\\\/logo\\\/image\\\/\"},\"sameAs\":[\"https:\\\/\\\/www.facebook.com\\\/BilbiotecaComarcaldeBlanes\\\/\",\"https:\\\/\\\/x.com\\\/BiblioBlanes\",\"https:\\\/\\\/www.instagram.com\\\/biblioblanes\\\/\",\"https:\\\/\\\/www.pinterest.es\\\/bblanes\\\/\",\"https:\\\/\\\/www.youtube.com\\\/c\\\/BibliotecaComarcalBlanes\"]},{\"@type\":\"Person\",\"@id\":\"https:\\\/\\\/biblioteca.blanes.cat\\\/salajove\\\/#\\\/schema\\\/person\\\/8dbc45cdf5d1c7e2d100d147517ba7f3\",\"name\":\"paula\",\"image\":{\"@type\":\"ImageObject\",\"inLanguage\":\"ca\",\"@id\":\"https:\\\/\\\/secure.gravatar.com\\\/avatar\\\/7dc0a9399589f36ddc6864e8335b73854871aa22921ee390cb50776e7ddfc136?s=96&d=mm&r=g\",\"url\":\"https:\\\/\\\/secure.gravatar.com\\\/avatar\\\/7dc0a9399589f36ddc6864e8335b73854871aa22921ee390cb50776e7ddfc136?s=96&d=mm&r=g\",\"contentUrl\":\"https:\\\/\\\/secure.gravatar.com\\\/avatar\\\/7dc0a9399589f36ddc6864e8335b73854871aa22921ee390cb50776e7ddfc136?s=96&d=mm&r=g\",\"caption\":\"paula\"},\"url\":\"https:\\\/\\\/biblioteca.blanes.cat\\\/salajove\\\/author\\\/paula\\\/\"}]}<\/script>\n<!-- \/ Yoast SEO plugin. -->","yoast_head_json":{"title":"LONDRES DESPU\u00c9S DE TI de Jara Santamar\u00eda - Sala Jove","description":"Vaig decidir viatjar cap a \u201cLondres despr\u00e9s de tu\u201d i vaig descobrir la import\u00e0ncia d\u2019arriscar-se i llen\u00e7ar-se al buit confiant al m\u00e0xim en un mateix.","robots":{"index":"index","follow":"follow","max-snippet":"max-snippet:-1","max-image-preview":"max-image-preview:large","max-video-preview":"max-video-preview:-1"},"canonical":"https:\/\/biblioteca.blanes.cat\/salajove\/2018\/09\/10\/londres-despres-de-tu-de-jara-santamaria\/","og_locale":"ca_ES","og_type":"article","og_title":"LONDRES DESPU\u00c9S DE TI de Jara Santamar\u00eda - Sala Jove","og_description":"Vaig decidir viatjar cap a \u201cLondres despr\u00e9s de tu\u201d i vaig descobrir la import\u00e0ncia d\u2019arriscar-se i llen\u00e7ar-se al buit confiant al m\u00e0xim en un mateix.","og_url":"https:\/\/biblioteca.blanes.cat\/salajove\/2018\/09\/10\/londres-despres-de-tu-de-jara-santamaria\/","og_site_name":"Sala Jove","article_publisher":"https:\/\/www.facebook.com\/BilbiotecaComarcaldeBlanes\/","article_published_time":"2018-09-10T08:08:51+00:00","article_modified_time":"2018-10-10T18:27:03+00:00","og_image":[{"width":3719,"height":3719,"url":"https:\/\/biblioteca.blanes.cat\/salajove\/wp-content\/uploads\/sites\/3\/2017\/10\/elrac\u00f3delapaula_.png","type":"image\/png"}],"author":"paula","twitter_card":"summary_large_image","twitter_creator":"@BiblioBlanes","twitter_site":"@BiblioBlanes","twitter_misc":{"Escrit per":"paula","Temps estimat de lectura":"4 minuts"},"schema":{"@context":"https:\/\/schema.org","@graph":[{"@type":"Article","@id":"https:\/\/biblioteca.blanes.cat\/salajove\/2018\/09\/10\/londres-despres-de-tu-de-jara-santamaria\/#article","isPartOf":{"@id":"https:\/\/biblioteca.blanes.cat\/salajove\/2018\/09\/10\/londres-despres-de-tu-de-jara-santamaria\/"},"author":{"name":"paula","@id":"https:\/\/biblioteca.blanes.cat\/salajove\/#\/schema\/person\/8dbc45cdf5d1c7e2d100d147517ba7f3"},"headline":"LONDRES DESPU\u00c9S DE TI de Jara Santamar\u00eda","datePublished":"2018-09-10T08:08:51+00:00","dateModified":"2018-10-10T18:27:03+00:00","mainEntityOfPage":{"@id":"https:\/\/biblioteca.blanes.cat\/salajove\/2018\/09\/10\/londres-despres-de-tu-de-jara-santamaria\/"},"wordCount":727,"commentCount":0,"publisher":{"@id":"https:\/\/biblioteca.blanes.cat\/salajove\/#organization"},"image":{"@id":"https:\/\/biblioteca.blanes.cat\/salajove\/2018\/09\/10\/londres-despres-de-tu-de-jara-santamaria\/#primaryimage"},"thumbnailUrl":"https:\/\/biblioteca.blanes.cat\/salajove\/wp-content\/uploads\/sites\/3\/2017\/10\/elrac\u00f3delapaula_.png","keywords":["#Lectura","#Literatura","#Llibres"],"articleSection":["Rac\u00f3 de la Paula","RP_Popular"],"inLanguage":"ca","potentialAction":[{"@type":"CommentAction","name":"Comment","target":["https:\/\/biblioteca.blanes.cat\/salajove\/2018\/09\/10\/londres-despres-de-tu-de-jara-santamaria\/#respond"]}]},{"@type":"WebPage","@id":"https:\/\/biblioteca.blanes.cat\/salajove\/2018\/09\/10\/londres-despres-de-tu-de-jara-santamaria\/","url":"https:\/\/biblioteca.blanes.cat\/salajove\/2018\/09\/10\/londres-despres-de-tu-de-jara-santamaria\/","name":"LONDRES DESPU\u00c9S DE TI de Jara Santamar\u00eda - Sala Jove","isPartOf":{"@id":"https:\/\/biblioteca.blanes.cat\/salajove\/#website"},"primaryImageOfPage":{"@id":"https:\/\/biblioteca.blanes.cat\/salajove\/2018\/09\/10\/londres-despres-de-tu-de-jara-santamaria\/#primaryimage"},"image":{"@id":"https:\/\/biblioteca.blanes.cat\/salajove\/2018\/09\/10\/londres-despres-de-tu-de-jara-santamaria\/#primaryimage"},"thumbnailUrl":"https:\/\/biblioteca.blanes.cat\/salajove\/wp-content\/uploads\/sites\/3\/2017\/10\/elrac\u00f3delapaula_.png","datePublished":"2018-09-10T08:08:51+00:00","dateModified":"2018-10-10T18:27:03+00:00","description":"Vaig decidir viatjar cap a \u201cLondres despr\u00e9s de tu\u201d i vaig descobrir la import\u00e0ncia d\u2019arriscar-se i llen\u00e7ar-se al buit confiant al m\u00e0xim en un mateix.","breadcrumb":{"@id":"https:\/\/biblioteca.blanes.cat\/salajove\/2018\/09\/10\/londres-despres-de-tu-de-jara-santamaria\/#breadcrumb"},"inLanguage":"ca","potentialAction":[{"@type":"ReadAction","target":["https:\/\/biblioteca.blanes.cat\/salajove\/2018\/09\/10\/londres-despres-de-tu-de-jara-santamaria\/"]}]},{"@type":"ImageObject","inLanguage":"ca","@id":"https:\/\/biblioteca.blanes.cat\/salajove\/2018\/09\/10\/londres-despres-de-tu-de-jara-santamaria\/#primaryimage","url":"https:\/\/biblioteca.blanes.cat\/salajove\/wp-content\/uploads\/sites\/3\/2017\/10\/elrac\u00f3delapaula_.png","contentUrl":"https:\/\/biblioteca.blanes.cat\/salajove\/wp-content\/uploads\/sites\/3\/2017\/10\/elrac\u00f3delapaula_.png","width":3719,"height":3719},{"@type":"BreadcrumbList","@id":"https:\/\/biblioteca.blanes.cat\/salajove\/2018\/09\/10\/londres-despres-de-tu-de-jara-santamaria\/#breadcrumb","itemListElement":[{"@type":"ListItem","position":1,"name":"Inici","item":"https:\/\/biblioteca.blanes.cat\/salajove\/"},{"@type":"ListItem","position":2,"name":"LONDRES DESPU\u00c9S DE TI de Jara Santamar\u00eda"}]},{"@type":"WebSite","@id":"https:\/\/biblioteca.blanes.cat\/salajove\/#website","url":"https:\/\/biblioteca.blanes.cat\/salajove\/","name":"Sala Jove","description":"Biblioteca Comarcal de Blanes","publisher":{"@id":"https:\/\/biblioteca.blanes.cat\/salajove\/#organization"},"potentialAction":[{"@type":"SearchAction","target":{"@type":"EntryPoint","urlTemplate":"https:\/\/biblioteca.blanes.cat\/salajove\/?s={search_term_string}"},"query-input":{"@type":"PropertyValueSpecification","valueRequired":true,"valueName":"search_term_string"}}],"inLanguage":"ca"},{"@type":"Organization","@id":"https:\/\/biblioteca.blanes.cat\/salajove\/#organization","name":"Biblioteca Comarcal de Blanes","url":"https:\/\/biblioteca.blanes.cat\/salajove\/","logo":{"@type":"ImageObject","inLanguage":"ca","@id":"https:\/\/biblioteca.blanes.cat\/salajove\/#\/schema\/logo\/image\/","url":"https:\/\/biblioteca.blanes.cat\/salajove\/wp-content\/uploads\/sites\/3\/2017\/09\/cropped-Bib-blau-e1518869380535.png","contentUrl":"https:\/\/biblioteca.blanes.cat\/salajove\/wp-content\/uploads\/sites\/3\/2017\/09\/cropped-Bib-blau-e1518869380535.png","width":166,"height":166,"caption":"Biblioteca Comarcal de Blanes"},"image":{"@id":"https:\/\/biblioteca.blanes.cat\/salajove\/#\/schema\/logo\/image\/"},"sameAs":["https:\/\/www.facebook.com\/BilbiotecaComarcaldeBlanes\/","https:\/\/x.com\/BiblioBlanes","https:\/\/www.instagram.com\/biblioblanes\/","https:\/\/www.pinterest.es\/bblanes\/","https:\/\/www.youtube.com\/c\/BibliotecaComarcalBlanes"]},{"@type":"Person","@id":"https:\/\/biblioteca.blanes.cat\/salajove\/#\/schema\/person\/8dbc45cdf5d1c7e2d100d147517ba7f3","name":"paula","image":{"@type":"ImageObject","inLanguage":"ca","@id":"https:\/\/secure.gravatar.com\/avatar\/7dc0a9399589f36ddc6864e8335b73854871aa22921ee390cb50776e7ddfc136?s=96&d=mm&r=g","url":"https:\/\/secure.gravatar.com\/avatar\/7dc0a9399589f36ddc6864e8335b73854871aa22921ee390cb50776e7ddfc136?s=96&d=mm&r=g","contentUrl":"https:\/\/secure.gravatar.com\/avatar\/7dc0a9399589f36ddc6864e8335b73854871aa22921ee390cb50776e7ddfc136?s=96&d=mm&r=g","caption":"paula"},"url":"https:\/\/biblioteca.blanes.cat\/salajove\/author\/paula\/"}]}},"_links":{"self":[{"href":"https:\/\/biblioteca.blanes.cat\/salajove\/wp-json\/wp\/v2\/posts\/1805","targetHints":{"allow":["GET"]}}],"collection":[{"href":"https:\/\/biblioteca.blanes.cat\/salajove\/wp-json\/wp\/v2\/posts"}],"about":[{"href":"https:\/\/biblioteca.blanes.cat\/salajove\/wp-json\/wp\/v2\/types\/post"}],"author":[{"embeddable":true,"href":"https:\/\/biblioteca.blanes.cat\/salajove\/wp-json\/wp\/v2\/users\/6"}],"replies":[{"embeddable":true,"href":"https:\/\/biblioteca.blanes.cat\/salajove\/wp-json\/wp\/v2\/comments?post=1805"}],"version-history":[{"count":16,"href":"https:\/\/biblioteca.blanes.cat\/salajove\/wp-json\/wp\/v2\/posts\/1805\/revisions"}],"predecessor-version":[{"id":2016,"href":"https:\/\/biblioteca.blanes.cat\/salajove\/wp-json\/wp\/v2\/posts\/1805\/revisions\/2016"}],"wp:featuredmedia":[{"embeddable":true,"href":"https:\/\/biblioteca.blanes.cat\/salajove\/wp-json\/wp\/v2\/media\/1802"}],"wp:attachment":[{"href":"https:\/\/biblioteca.blanes.cat\/salajove\/wp-json\/wp\/v2\/media?parent=1805"}],"wp:term":[{"taxonomy":"category","embeddable":true,"href":"https:\/\/biblioteca.blanes.cat\/salajove\/wp-json\/wp\/v2\/categories?post=1805"},{"taxonomy":"post_tag","embeddable":true,"href":"https:\/\/biblioteca.blanes.cat\/salajove\/wp-json\/wp\/v2\/tags?post=1805"}],"curies":[{"name":"wp","href":"https:\/\/api.w.org\/{rel}","templated":true}]}}