{"id":179,"date":"2017-10-09T13:56:56","date_gmt":"2017-10-09T12:56:56","guid":{"rendered":"https:\/\/biblioteca.blanes.cat\/salajove\/?p=179"},"modified":"2018-08-16T16:42:42","modified_gmt":"2018-08-16T15:42:42","slug":"bollere-terminis-2017","status":"publish","type":"post","link":"https:\/\/biblioteca.blanes.cat\/salajove\/2017\/10\/09\/bollere-terminis-2017\/","title":{"rendered":"Boller\u00e9 2017 &#8211; Terminis"},"content":{"rendered":"<h2 style=\"text-align: center;\">Recuperem el Concurs de Relats Breus per a Joves Boller\u00e9 en la seva 9a edici\u00f3.<\/h2>\n<p>&nbsp;<\/p>\n<p style=\"text-align: justify;\"><span style=\"font-family: Verdana;\">La Biblioteca Comarcal de Blanes ha tornat a convocar el <a href=\"https:\/\/biblioteca.blanes.cat\/salajove\/bollere-2\/\" target=\"_blank\" rel=\"noopener\">Concurs de Relats Breus per a Joves Boller\u00e9<\/a> que, enguany, segueix les mateixes directrius que en les edicions anteriors. <\/span><\/p>\n<h3 style=\"text-align: center;\"><span style=\"font-family: Verdana;\">Es premiaran tres categories dels 15 als 29 anys\u00a0 i es mant\u00e9 la categoria fora de concurs dels 12 als 14 anys. El terminis en que podran presentar-se els relats son del <strong>16 al 20 d\u2019octubre de 2017<\/strong>.<\/span><\/h3>\n<p style=\"text-align: justify;\"><span style=\"font-family: Verdana;\">Els treballs s\u2019hauran de presentar al Registre General de l\u2019Ajuntament (Passeig de Dintre, 29, Tel. 972 37 93 00). En els treballs que es presentin per correu comptar\u00e0 com a data de lliurament la que figuri al mata-segells. Aquells treballs segellats amb posterioritat al 20 d\u2019octubre de 2017 quedaran exclosos.<\/span><\/p>\n<p style=\"text-align: justify;\"><span style=\"font-family: Verdana;\"><br \/>\n S\u2019hauran de presentar sis (6) c\u00f2pies de cada relat dins d\u2019un sobre gran tancat.<\/span><\/p>\n<p style=\"text-align: justify;\"><span style=\"font-family: Verdana;\"><br \/>\n A l\u2019exterior del sobre hi ha de figurar: \u201cIX Concurs Literari Boller\u00e9\u201d, el pseud\u00f2nim de l\u2019autor, el t\u00edtol del treball i la categoria.<\/span><\/p>\n<p style=\"text-align: justify;\"><span style=\"font-family: Verdana;\"><br \/>\n Dins d\u2019aquest sobre s\u2019hi haur\u00e0 d\u2019incloure un altre sobre tancat on figuri:<\/span><\/p>\n<p style=\"text-align: justify;\"><span style=\"font-family: Verdana;\"><br \/>\n &#8211; T\u00edtol del treball<br \/>\n &#8211; Nom i cognoms del participant<br \/>\n &#8211; Edat del participant<br \/>\n &#8211; Adre\u00e7a postal, tel\u00e8fon\/s de contacte i e-mail.<\/span><\/p>\n<p style=\"text-align: justify;\"><span style=\"font-family: Verdana;\"><br \/>\n Nom\u00e9s podr\u00e0 presentar-se una obra per autor.<\/span><\/p>\n<p>&nbsp;<\/p>\n<p style=\"text-align: justify;\"><span style=\"font-family: Verdana;\">Podeu consultar les bases \u00edntegres en el seg\u00fcent enlla\u00e7:<\/span><\/p>\n<p style=\"text-align: center;\"><a href=\"https:\/\/drive.google.com\/file\/d\/0B3hWl8WjEoc9aXYzeHhVUkg0N1U\/view\" target=\"_blank\" rel=\"bollere-terminis-2017 noopener\"><img fetchpriority=\"high\" decoding=\"async\" class=\"alignnone wp-image-34 size-medium\" title=\"bollere-terminis-2017\" src=\"https:\/\/biblioteca.blanes.cat\/salajove\/wp-content\/uploads\/sites\/3\/2017\/09\/Boller\u00e9-300x171.png\" alt=\"bollere-terminis-2017\" width=\"300\" height=\"171\" srcset=\"https:\/\/biblioteca.blanes.cat\/salajove\/wp-content\/uploads\/sites\/3\/2017\/09\/Boller\u00e9-300x171.png 300w, https:\/\/biblioteca.blanes.cat\/salajove\/wp-content\/uploads\/sites\/3\/2017\/09\/Boller\u00e9-768x439.png 768w, https:\/\/biblioteca.blanes.cat\/salajove\/wp-content\/uploads\/sites\/3\/2017\/09\/Boller\u00e9-1024x585.png 1024w, https:\/\/biblioteca.blanes.cat\/salajove\/wp-content\/uploads\/sites\/3\/2017\/09\/Boller\u00e9.png 1167w\" sizes=\"(max-width: 300px) 100vw, 300px\" \/><\/a><\/p>\n<p>&nbsp;<\/p>\n<p>&nbsp;<\/p>\n","protected":false},"excerpt":{"rendered":"<p>Recuperem el Concurs de Relats Breus per a Joves Boller\u00e9 en la seva 9a edici\u00f3. &nbsp; La Biblioteca Comarcal de Blanes ha tornat a convocar el Concurs de Relats Breus per a Joves Boller\u00e9 que, enguany, segueix les mateixes directrius<\/p>\n","protected":false},"author":4,"featured_media":34,"comment_status":"open","ping_status":"open","sticky":false,"template":"","format":"standard","meta":{"sfsi_plus_gutenberg_text_before_share":"","sfsi_plus_gutenberg_show_text_before_share":"","sfsi_plus_gutenberg_icon_type":"","sfsi_plus_gutenberg_icon_alignemt":"","sfsi_plus_gutenburg_max_per_row":"","footnotes":""},"categories":[15,36],"tags":[68,16,19,20],"class_list":["post-179","post","type-post","status-publish","format-standard","has-post-thumbnail","hentry","category-bollere","category-premis-literaris","tag-bollere","tag-concurs","tag-literatura","tag-terminis"],"yoast_head":"<!-- This site is optimized with the Yoast SEO plugin v27.5 - https:\/\/yoast.com\/product\/yoast-seo-wordpress\/ -->\n<title>El terminis en que podran presentar-se els relats son del 16 al 20 d\u2019octubre de 20<\/title>\n<meta name=\"description\" content=\"bollere-terminis-2017 Concurs de Relats Breus per a Joves Boller\u00e9 en la seva 9a edici\u00f3. Categories dels 15 als 29 anys i la categoria fora de concurs dels..\" \/>\n<meta name=\"robots\" content=\"index, follow, max-snippet:-1, max-image-preview:large, max-video-preview:-1\" \/>\n<link rel=\"canonical\" href=\"https:\/\/biblioteca.blanes.cat\/salajove\/2017\/10\/09\/bollere-terminis-2017\/\" \/>\n<meta property=\"og:locale\" content=\"ca_ES\" \/>\n<meta property=\"og:type\" content=\"article\" \/>\n<meta property=\"og:title\" content=\"El terminis en que podran presentar-se els relats son del 16 al 20 d\u2019octubre de 20\" \/>\n<meta property=\"og:description\" content=\"bollere-terminis-2017 Concurs de Relats Breus per a Joves Boller\u00e9 en la seva 9a edici\u00f3. Categories dels 15 als 29 anys i la categoria fora de concurs dels..\" \/>\n<meta property=\"og:url\" content=\"https:\/\/biblioteca.blanes.cat\/salajove\/2017\/10\/09\/bollere-terminis-2017\/\" \/>\n<meta property=\"og:site_name\" content=\"Sala Jove\" \/>\n<meta property=\"article:publisher\" content=\"https:\/\/www.facebook.com\/BilbiotecaComarcaldeBlanes\/\" \/>\n<meta property=\"article:published_time\" content=\"2017-10-09T12:56:56+00:00\" \/>\n<meta property=\"article:modified_time\" content=\"2018-08-16T15:42:42+00:00\" \/>\n<meta property=\"og:image\" content=\"https:\/\/biblioteca.blanes.cat\/salajove\/wp-content\/uploads\/sites\/3\/2017\/09\/Boller\u00e9.png\" \/>\n\t<meta property=\"og:image:width\" content=\"1167\" \/>\n\t<meta property=\"og:image:height\" content=\"667\" \/>\n\t<meta property=\"og:image:type\" content=\"image\/png\" \/>\n<meta name=\"author\" content=\"biblioblanes\" \/>\n<meta name=\"twitter:card\" content=\"summary_large_image\" \/>\n<meta name=\"twitter:creator\" content=\"@biblioblanes\" \/>\n<meta name=\"twitter:site\" content=\"@BiblioBlanes\" \/>\n<meta name=\"twitter:label1\" content=\"Escrit per\" \/>\n\t<meta name=\"twitter:data1\" content=\"biblioblanes\" \/>\n\t<meta name=\"twitter:label2\" content=\"Temps estimat de lectura\" \/>\n\t<meta name=\"twitter:data2\" content=\"1 minut\" \/>\n<script type=\"application\/ld+json\" class=\"yoast-schema-graph\">{\"@context\":\"https:\\\/\\\/schema.org\",\"@graph\":[{\"@type\":\"Article\",\"@id\":\"https:\\\/\\\/biblioteca.blanes.cat\\\/salajove\\\/2017\\\/10\\\/09\\\/bollere-terminis-2017\\\/#article\",\"isPartOf\":{\"@id\":\"https:\\\/\\\/biblioteca.blanes.cat\\\/salajove\\\/2017\\\/10\\\/09\\\/bollere-terminis-2017\\\/\"},\"author\":{\"name\":\"biblioblanes\",\"@id\":\"https:\\\/\\\/biblioteca.blanes.cat\\\/salajove\\\/#\\\/schema\\\/person\\\/5a7b46760d9dd611d098bbf571a341dc\"},\"headline\":\"Boller\u00e9 2017 &#8211; Terminis\",\"datePublished\":\"2017-10-09T12:56:56+00:00\",\"dateModified\":\"2018-08-16T15:42:42+00:00\",\"mainEntityOfPage\":{\"@id\":\"https:\\\/\\\/biblioteca.blanes.cat\\\/salajove\\\/2017\\\/10\\\/09\\\/bollere-terminis-2017\\\/\"},\"wordCount\":231,\"commentCount\":0,\"publisher\":{\"@id\":\"https:\\\/\\\/biblioteca.blanes.cat\\\/salajove\\\/#organization\"},\"image\":{\"@id\":\"https:\\\/\\\/biblioteca.blanes.cat\\\/salajove\\\/2017\\\/10\\\/09\\\/bollere-terminis-2017\\\/#primaryimage\"},\"thumbnailUrl\":\"https:\\\/\\\/biblioteca.blanes.cat\\\/salajove\\\/wp-content\\\/uploads\\\/sites\\\/3\\\/2017\\\/09\\\/Boller\u00e9.png\",\"keywords\":[\"#Boller\u00e9\",\"#Concurs\",\"#Literatura\",\"#Terminis\"],\"articleSection\":[\"Boller\u00e9\",\"Premis Literaris\"],\"inLanguage\":\"ca\",\"potentialAction\":[{\"@type\":\"CommentAction\",\"name\":\"Comment\",\"target\":[\"https:\\\/\\\/biblioteca.blanes.cat\\\/salajove\\\/2017\\\/10\\\/09\\\/bollere-terminis-2017\\\/#respond\"]}]},{\"@type\":\"WebPage\",\"@id\":\"https:\\\/\\\/biblioteca.blanes.cat\\\/salajove\\\/2017\\\/10\\\/09\\\/bollere-terminis-2017\\\/\",\"url\":\"https:\\\/\\\/biblioteca.blanes.cat\\\/salajove\\\/2017\\\/10\\\/09\\\/bollere-terminis-2017\\\/\",\"name\":\"El terminis en que podran presentar-se els relats son del 16 al 20 d\u2019octubre de 20\",\"isPartOf\":{\"@id\":\"https:\\\/\\\/biblioteca.blanes.cat\\\/salajove\\\/#website\"},\"primaryImageOfPage\":{\"@id\":\"https:\\\/\\\/biblioteca.blanes.cat\\\/salajove\\\/2017\\\/10\\\/09\\\/bollere-terminis-2017\\\/#primaryimage\"},\"image\":{\"@id\":\"https:\\\/\\\/biblioteca.blanes.cat\\\/salajove\\\/2017\\\/10\\\/09\\\/bollere-terminis-2017\\\/#primaryimage\"},\"thumbnailUrl\":\"https:\\\/\\\/biblioteca.blanes.cat\\\/salajove\\\/wp-content\\\/uploads\\\/sites\\\/3\\\/2017\\\/09\\\/Boller\u00e9.png\",\"datePublished\":\"2017-10-09T12:56:56+00:00\",\"dateModified\":\"2018-08-16T15:42:42+00:00\",\"description\":\"bollere-terminis-2017 Concurs de Relats Breus per a Joves Boller\u00e9 en la seva 9a edici\u00f3. Categories dels 15 als 29 anys i la categoria fora de concurs dels..\",\"breadcrumb\":{\"@id\":\"https:\\\/\\\/biblioteca.blanes.cat\\\/salajove\\\/2017\\\/10\\\/09\\\/bollere-terminis-2017\\\/#breadcrumb\"},\"inLanguage\":\"ca\",\"potentialAction\":[{\"@type\":\"ReadAction\",\"target\":[\"https:\\\/\\\/biblioteca.blanes.cat\\\/salajove\\\/2017\\\/10\\\/09\\\/bollere-terminis-2017\\\/\"]}]},{\"@type\":\"ImageObject\",\"inLanguage\":\"ca\",\"@id\":\"https:\\\/\\\/biblioteca.blanes.cat\\\/salajove\\\/2017\\\/10\\\/09\\\/bollere-terminis-2017\\\/#primaryimage\",\"url\":\"https:\\\/\\\/biblioteca.blanes.cat\\\/salajove\\\/wp-content\\\/uploads\\\/sites\\\/3\\\/2017\\\/09\\\/Boller\u00e9.png\",\"contentUrl\":\"https:\\\/\\\/biblioteca.blanes.cat\\\/salajove\\\/wp-content\\\/uploads\\\/sites\\\/3\\\/2017\\\/09\\\/Boller\u00e9.png\",\"width\":1167,\"height\":667,\"caption\":\"Boller\u00e9\"},{\"@type\":\"BreadcrumbList\",\"@id\":\"https:\\\/\\\/biblioteca.blanes.cat\\\/salajove\\\/2017\\\/10\\\/09\\\/bollere-terminis-2017\\\/#breadcrumb\",\"itemListElement\":[{\"@type\":\"ListItem\",\"position\":1,\"name\":\"Inici\",\"item\":\"https:\\\/\\\/biblioteca.blanes.cat\\\/salajove\\\/\"},{\"@type\":\"ListItem\",\"position\":2,\"name\":\"Boller\u00e9 2017 &#8211; Terminis\"}]},{\"@type\":\"WebSite\",\"@id\":\"https:\\\/\\\/biblioteca.blanes.cat\\\/salajove\\\/#website\",\"url\":\"https:\\\/\\\/biblioteca.blanes.cat\\\/salajove\\\/\",\"name\":\"Sala Jove\",\"description\":\"Biblioteca Comarcal de Blanes\",\"publisher\":{\"@id\":\"https:\\\/\\\/biblioteca.blanes.cat\\\/salajove\\\/#organization\"},\"potentialAction\":[{\"@type\":\"SearchAction\",\"target\":{\"@type\":\"EntryPoint\",\"urlTemplate\":\"https:\\\/\\\/biblioteca.blanes.cat\\\/salajove\\\/?s={search_term_string}\"},\"query-input\":{\"@type\":\"PropertyValueSpecification\",\"valueRequired\":true,\"valueName\":\"search_term_string\"}}],\"inLanguage\":\"ca\"},{\"@type\":\"Organization\",\"@id\":\"https:\\\/\\\/biblioteca.blanes.cat\\\/salajove\\\/#organization\",\"name\":\"Biblioteca Comarcal de Blanes\",\"url\":\"https:\\\/\\\/biblioteca.blanes.cat\\\/salajove\\\/\",\"logo\":{\"@type\":\"ImageObject\",\"inLanguage\":\"ca\",\"@id\":\"https:\\\/\\\/biblioteca.blanes.cat\\\/salajove\\\/#\\\/schema\\\/logo\\\/image\\\/\",\"url\":\"https:\\\/\\\/biblioteca.blanes.cat\\\/salajove\\\/wp-content\\\/uploads\\\/sites\\\/3\\\/2017\\\/09\\\/cropped-Bib-blau-e1518869380535.png\",\"contentUrl\":\"https:\\\/\\\/biblioteca.blanes.cat\\\/salajove\\\/wp-content\\\/uploads\\\/sites\\\/3\\\/2017\\\/09\\\/cropped-Bib-blau-e1518869380535.png\",\"width\":166,\"height\":166,\"caption\":\"Biblioteca Comarcal de Blanes\"},\"image\":{\"@id\":\"https:\\\/\\\/biblioteca.blanes.cat\\\/salajove\\\/#\\\/schema\\\/logo\\\/image\\\/\"},\"sameAs\":[\"https:\\\/\\\/www.facebook.com\\\/BilbiotecaComarcaldeBlanes\\\/\",\"https:\\\/\\\/x.com\\\/BiblioBlanes\",\"https:\\\/\\\/www.instagram.com\\\/biblioblanes\\\/\",\"https:\\\/\\\/www.pinterest.es\\\/bblanes\\\/\",\"https:\\\/\\\/www.youtube.com\\\/c\\\/BibliotecaComarcalBlanes\"]},{\"@type\":\"Person\",\"@id\":\"https:\\\/\\\/biblioteca.blanes.cat\\\/salajove\\\/#\\\/schema\\\/person\\\/5a7b46760d9dd611d098bbf571a341dc\",\"name\":\"biblioblanes\",\"image\":{\"@type\":\"ImageObject\",\"inLanguage\":\"ca\",\"@id\":\"https:\\\/\\\/secure.gravatar.com\\\/avatar\\\/6593ca6cc90e5a70939f51c95e8315483b9c281bafba597292bee47992030f99?s=96&d=mm&r=g\",\"url\":\"https:\\\/\\\/secure.gravatar.com\\\/avatar\\\/6593ca6cc90e5a70939f51c95e8315483b9c281bafba597292bee47992030f99?s=96&d=mm&r=g\",\"contentUrl\":\"https:\\\/\\\/secure.gravatar.com\\\/avatar\\\/6593ca6cc90e5a70939f51c95e8315483b9c281bafba597292bee47992030f99?s=96&d=mm&r=g\",\"caption\":\"biblioblanes\"},\"sameAs\":[\"http:\\\/\\\/www.bibgirona.cat\\\/biblioteca\\\/blanes\",\"https:\\\/\\\/x.com\\\/biblioblanes\"],\"url\":\"https:\\\/\\\/biblioteca.blanes.cat\\\/salajove\\\/author\\\/biblioblanes\\\/\"}]}<\/script>\n<!-- \/ Yoast SEO plugin. -->","yoast_head_json":{"title":"El terminis en que podran presentar-se els relats son del 16 al 20 d\u2019octubre de 20","description":"bollere-terminis-2017 Concurs de Relats Breus per a Joves Boller\u00e9 en la seva 9a edici\u00f3. Categories dels 15 als 29 anys i la categoria fora de concurs dels..","robots":{"index":"index","follow":"follow","max-snippet":"max-snippet:-1","max-image-preview":"max-image-preview:large","max-video-preview":"max-video-preview:-1"},"canonical":"https:\/\/biblioteca.blanes.cat\/salajove\/2017\/10\/09\/bollere-terminis-2017\/","og_locale":"ca_ES","og_type":"article","og_title":"El terminis en que podran presentar-se els relats son del 16 al 20 d\u2019octubre de 20","og_description":"bollere-terminis-2017 Concurs de Relats Breus per a Joves Boller\u00e9 en la seva 9a edici\u00f3. Categories dels 15 als 29 anys i la categoria fora de concurs dels..","og_url":"https:\/\/biblioteca.blanes.cat\/salajove\/2017\/10\/09\/bollere-terminis-2017\/","og_site_name":"Sala Jove","article_publisher":"https:\/\/www.facebook.com\/BilbiotecaComarcaldeBlanes\/","article_published_time":"2017-10-09T12:56:56+00:00","article_modified_time":"2018-08-16T15:42:42+00:00","og_image":[{"width":1167,"height":667,"url":"https:\/\/biblioteca.blanes.cat\/salajove\/wp-content\/uploads\/sites\/3\/2017\/09\/Boller\u00e9.png","type":"image\/png"}],"author":"biblioblanes","twitter_card":"summary_large_image","twitter_creator":"@biblioblanes","twitter_site":"@BiblioBlanes","twitter_misc":{"Escrit per":"biblioblanes","Temps estimat de lectura":"1 minut"},"schema":{"@context":"https:\/\/schema.org","@graph":[{"@type":"Article","@id":"https:\/\/biblioteca.blanes.cat\/salajove\/2017\/10\/09\/bollere-terminis-2017\/#article","isPartOf":{"@id":"https:\/\/biblioteca.blanes.cat\/salajove\/2017\/10\/09\/bollere-terminis-2017\/"},"author":{"name":"biblioblanes","@id":"https:\/\/biblioteca.blanes.cat\/salajove\/#\/schema\/person\/5a7b46760d9dd611d098bbf571a341dc"},"headline":"Boller\u00e9 2017 &#8211; Terminis","datePublished":"2017-10-09T12:56:56+00:00","dateModified":"2018-08-16T15:42:42+00:00","mainEntityOfPage":{"@id":"https:\/\/biblioteca.blanes.cat\/salajove\/2017\/10\/09\/bollere-terminis-2017\/"},"wordCount":231,"commentCount":0,"publisher":{"@id":"https:\/\/biblioteca.blanes.cat\/salajove\/#organization"},"image":{"@id":"https:\/\/biblioteca.blanes.cat\/salajove\/2017\/10\/09\/bollere-terminis-2017\/#primaryimage"},"thumbnailUrl":"https:\/\/biblioteca.blanes.cat\/salajove\/wp-content\/uploads\/sites\/3\/2017\/09\/Boller\u00e9.png","keywords":["#Boller\u00e9","#Concurs","#Literatura","#Terminis"],"articleSection":["Boller\u00e9","Premis Literaris"],"inLanguage":"ca","potentialAction":[{"@type":"CommentAction","name":"Comment","target":["https:\/\/biblioteca.blanes.cat\/salajove\/2017\/10\/09\/bollere-terminis-2017\/#respond"]}]},{"@type":"WebPage","@id":"https:\/\/biblioteca.blanes.cat\/salajove\/2017\/10\/09\/bollere-terminis-2017\/","url":"https:\/\/biblioteca.blanes.cat\/salajove\/2017\/10\/09\/bollere-terminis-2017\/","name":"El terminis en que podran presentar-se els relats son del 16 al 20 d\u2019octubre de 20","isPartOf":{"@id":"https:\/\/biblioteca.blanes.cat\/salajove\/#website"},"primaryImageOfPage":{"@id":"https:\/\/biblioteca.blanes.cat\/salajove\/2017\/10\/09\/bollere-terminis-2017\/#primaryimage"},"image":{"@id":"https:\/\/biblioteca.blanes.cat\/salajove\/2017\/10\/09\/bollere-terminis-2017\/#primaryimage"},"thumbnailUrl":"https:\/\/biblioteca.blanes.cat\/salajove\/wp-content\/uploads\/sites\/3\/2017\/09\/Boller\u00e9.png","datePublished":"2017-10-09T12:56:56+00:00","dateModified":"2018-08-16T15:42:42+00:00","description":"bollere-terminis-2017 Concurs de Relats Breus per a Joves Boller\u00e9 en la seva 9a edici\u00f3. Categories dels 15 als 29 anys i la categoria fora de concurs dels..","breadcrumb":{"@id":"https:\/\/biblioteca.blanes.cat\/salajove\/2017\/10\/09\/bollere-terminis-2017\/#breadcrumb"},"inLanguage":"ca","potentialAction":[{"@type":"ReadAction","target":["https:\/\/biblioteca.blanes.cat\/salajove\/2017\/10\/09\/bollere-terminis-2017\/"]}]},{"@type":"ImageObject","inLanguage":"ca","@id":"https:\/\/biblioteca.blanes.cat\/salajove\/2017\/10\/09\/bollere-terminis-2017\/#primaryimage","url":"https:\/\/biblioteca.blanes.cat\/salajove\/wp-content\/uploads\/sites\/3\/2017\/09\/Boller\u00e9.png","contentUrl":"https:\/\/biblioteca.blanes.cat\/salajove\/wp-content\/uploads\/sites\/3\/2017\/09\/Boller\u00e9.png","width":1167,"height":667,"caption":"Boller\u00e9"},{"@type":"BreadcrumbList","@id":"https:\/\/biblioteca.blanes.cat\/salajove\/2017\/10\/09\/bollere-terminis-2017\/#breadcrumb","itemListElement":[{"@type":"ListItem","position":1,"name":"Inici","item":"https:\/\/biblioteca.blanes.cat\/salajove\/"},{"@type":"ListItem","position":2,"name":"Boller\u00e9 2017 &#8211; Terminis"}]},{"@type":"WebSite","@id":"https:\/\/biblioteca.blanes.cat\/salajove\/#website","url":"https:\/\/biblioteca.blanes.cat\/salajove\/","name":"Sala Jove","description":"Biblioteca Comarcal de Blanes","publisher":{"@id":"https:\/\/biblioteca.blanes.cat\/salajove\/#organization"},"potentialAction":[{"@type":"SearchAction","target":{"@type":"EntryPoint","urlTemplate":"https:\/\/biblioteca.blanes.cat\/salajove\/?s={search_term_string}"},"query-input":{"@type":"PropertyValueSpecification","valueRequired":true,"valueName":"search_term_string"}}],"inLanguage":"ca"},{"@type":"Organization","@id":"https:\/\/biblioteca.blanes.cat\/salajove\/#organization","name":"Biblioteca Comarcal de Blanes","url":"https:\/\/biblioteca.blanes.cat\/salajove\/","logo":{"@type":"ImageObject","inLanguage":"ca","@id":"https:\/\/biblioteca.blanes.cat\/salajove\/#\/schema\/logo\/image\/","url":"https:\/\/biblioteca.blanes.cat\/salajove\/wp-content\/uploads\/sites\/3\/2017\/09\/cropped-Bib-blau-e1518869380535.png","contentUrl":"https:\/\/biblioteca.blanes.cat\/salajove\/wp-content\/uploads\/sites\/3\/2017\/09\/cropped-Bib-blau-e1518869380535.png","width":166,"height":166,"caption":"Biblioteca Comarcal de Blanes"},"image":{"@id":"https:\/\/biblioteca.blanes.cat\/salajove\/#\/schema\/logo\/image\/"},"sameAs":["https:\/\/www.facebook.com\/BilbiotecaComarcaldeBlanes\/","https:\/\/x.com\/BiblioBlanes","https:\/\/www.instagram.com\/biblioblanes\/","https:\/\/www.pinterest.es\/bblanes\/","https:\/\/www.youtube.com\/c\/BibliotecaComarcalBlanes"]},{"@type":"Person","@id":"https:\/\/biblioteca.blanes.cat\/salajove\/#\/schema\/person\/5a7b46760d9dd611d098bbf571a341dc","name":"biblioblanes","image":{"@type":"ImageObject","inLanguage":"ca","@id":"https:\/\/secure.gravatar.com\/avatar\/6593ca6cc90e5a70939f51c95e8315483b9c281bafba597292bee47992030f99?s=96&d=mm&r=g","url":"https:\/\/secure.gravatar.com\/avatar\/6593ca6cc90e5a70939f51c95e8315483b9c281bafba597292bee47992030f99?s=96&d=mm&r=g","contentUrl":"https:\/\/secure.gravatar.com\/avatar\/6593ca6cc90e5a70939f51c95e8315483b9c281bafba597292bee47992030f99?s=96&d=mm&r=g","caption":"biblioblanes"},"sameAs":["http:\/\/www.bibgirona.cat\/biblioteca\/blanes","https:\/\/x.com\/biblioblanes"],"url":"https:\/\/biblioteca.blanes.cat\/salajove\/author\/biblioblanes\/"}]}},"_links":{"self":[{"href":"https:\/\/biblioteca.blanes.cat\/salajove\/wp-json\/wp\/v2\/posts\/179","targetHints":{"allow":["GET"]}}],"collection":[{"href":"https:\/\/biblioteca.blanes.cat\/salajove\/wp-json\/wp\/v2\/posts"}],"about":[{"href":"https:\/\/biblioteca.blanes.cat\/salajove\/wp-json\/wp\/v2\/types\/post"}],"author":[{"embeddable":true,"href":"https:\/\/biblioteca.blanes.cat\/salajove\/wp-json\/wp\/v2\/users\/4"}],"replies":[{"embeddable":true,"href":"https:\/\/biblioteca.blanes.cat\/salajove\/wp-json\/wp\/v2\/comments?post=179"}],"version-history":[{"count":6,"href":"https:\/\/biblioteca.blanes.cat\/salajove\/wp-json\/wp\/v2\/posts\/179\/revisions"}],"predecessor-version":[{"id":185,"href":"https:\/\/biblioteca.blanes.cat\/salajove\/wp-json\/wp\/v2\/posts\/179\/revisions\/185"}],"wp:featuredmedia":[{"embeddable":true,"href":"https:\/\/biblioteca.blanes.cat\/salajove\/wp-json\/wp\/v2\/media\/34"}],"wp:attachment":[{"href":"https:\/\/biblioteca.blanes.cat\/salajove\/wp-json\/wp\/v2\/media?parent=179"}],"wp:term":[{"taxonomy":"category","embeddable":true,"href":"https:\/\/biblioteca.blanes.cat\/salajove\/wp-json\/wp\/v2\/categories?post=179"},{"taxonomy":"post_tag","embeddable":true,"href":"https:\/\/biblioteca.blanes.cat\/salajove\/wp-json\/wp\/v2\/tags?post=179"}],"curies":[{"name":"wp","href":"https:\/\/api.w.org\/{rel}","templated":true}]}}