{"id":1766,"date":"2018-08-07T16:29:10","date_gmt":"2018-08-07T15:29:10","guid":{"rendered":"https:\/\/biblioteca.blanes.cat\/salajove\/?p=1766"},"modified":"2018-09-10T15:52:19","modified_gmt":"2018-09-10T14:52:19","slug":"al-final-del-carrer-118-clara-cortes","status":"publish","type":"post","link":"https:\/\/biblioteca.blanes.cat\/salajove\/2018\/08\/07\/al-final-del-carrer-118-clara-cortes\/","title":{"rendered":"AL FINAL DEL CARRER 118 &#8211; Clara Cort\u00e9s"},"content":{"rendered":"<h5 style=\"text-align: center;\">AL FINAL DEL CARRER 118\u00a0<\/h5>\n<h5 style=\"text-align: center;\">Clara Cort\u00e9s\u00a0<\/h5>\n<pre style=\"text-align: center;\">(Plataforma Editorial Neo)<\/pre>\n<p>A vegades costa mira endavant. A vegades costa aixecar-se cada mat\u00ed i afrontar la realitat. A vegades tot \u00e9s massa. A vegades costa obrir els ulls. Costa respirar, costa seguir, costa riure, costa plorar. A vegades costa viure&#8230;<\/p>\n<p>A vegades tot \u00e9s massa, per\u00f2 nom\u00e9s es q\u00fcesti\u00f3 de temps i el temps passa.<\/p>\n<p>En una de les frases del llibre l&#8217;autora diu que la vida es all\u00f2 que passa entre parpelleig i parpelleig. S\u00f3n instants, moments. A vegades f\u00e0cils, a vegades no tant perqu\u00e8 a vegades viure fa mal.<\/p>\n<p>El llibre parla d\u2019aix\u00f2, de persones que els hi costa viure, vides dif\u00edcils. Vides perdudes, malaguanyades, cremades, apagades, cansades, escardades, per\u00f2 tot i aix\u00ed, vides. Dia rere dia la llum se\u2019ls hi va apagant sense evitar-ho. No lluiten i senzillament es limiten a que la vida passi entre parpelleig i\u00a0<span style=\"font-size: 16px;\">parpelleig.<\/span><\/p>\n<p><em style=\"font-size: 16px;\"><strong><img fetchpriority=\"high\" decoding=\"async\" class=\"alignleft\" src=\"https:\/\/www.plataformaneo.com\/uploads\/RESEG4138alfinaldelcarrer118.jpg\" width=\"258\" height=\"406\" \/><\/strong><\/em><\/p>\n<p>I \u00e9s que a vegades tot \u00e9s massa, per\u00f2 nom\u00e9s tens que donar-te compte que nom\u00e9s \u00e9s boira, i que la boira es dissipar\u00e0 aviat&#8230;<\/p>\n<h5 style=\"text-align: center;\">Clara Cort\u00e9s \u00e9s l\u2019escriptora de \u201cAl final del carrer 118\u201d. Va ser el seu primer llibre i el va escriure amb tan sols 16 anys. Al 2016 va escriure \u201cCosas que escribistes sobre el fuego\u201d i al 2018 n\u2019ha escrit un altre, \u201cP\u00e1jaro Azul\u201d.<\/h5>\n<p>La Val\u00e8ria viu amb la seva germana, Raven, en un apartament al final del carrer 118. La seva mare les va abandonar fa anys sense donar explicacions. Des de llavors han hagut de guanyar-se la vida elles soles. La Raven treballa de nit. Voltant pels carrers, amb faldilles massa curtes i bruses massa obertes, buscant homes als quals prestar els seus serveis. I la Val\u00e8ria est\u00e0 intentant fer-se un lloc en el m\u00f3n de les models.<\/p>\n<p>Una tarda de finals de setembre, la Val\u00e8ria estava caminant per la vorera esquerra del carrer 118 quan va escoltar la m\u00fasica d\u2019en Simon al final del carrer, prop de casa seva. Les seves mirades es van creuar.<\/p>\n<p>Des de llavors el dest\u00ed crear\u00e0 un seguit de \u201ccoincid\u00e8ncies\u201d que portar\u00e0 a en Simon i a la Val\u00e8ria a retrobar-se i canviar\u00e0 la vida dels personatges d\u2019aquest llibre per sempre.<\/p>\n<h5 style=\"text-align: center;\">L\u2019escriptora ha sorpr\u00e8s a tothom amb el seu bon \u00fas de la psicologia dels personatges i la profunditat i maduresa de les seves reflexions.<\/h5>\n<p>\u201cAl final del carrer 118\u201d ens ofereix un perspectiva de la vida molt dura i dif\u00edcil de viure. \u00c9s una novel\u00b7la de superaci\u00f3 que va evolucionant fins al final.<\/p>\n<p>Et descriu la part m\u00e9s dolenta d\u2019una ciutat. T\u2019ensenya que hi ha gent malvada que et pot destrossar en mil bocins, tant per dins com per fora. Per\u00f2 tamb\u00e9 et mostra l\u2019amor que hi ha amagat en els cors de les dos germanes. Un amor absolut que les fa aixecar cada vegada que cauen i que les uneix amb una for\u00e7a infinita.<\/p>\n<h4 style=\"text-align: center;\">I ara unes quantes frases:<\/h4>\n<p style=\"text-align: center;\"><em>\u201cLes onades destrossen tots els castells que construeixo i s\u2019emporten una petita part de mi en cada viatge.\u201d<\/em><\/p>\n<p style=\"text-align: center;\"><em>\u201c\u00c9s la meva germana, amb les seves coses bones i amb els seus defectes. Forta i amarga, com un caf\u00e8 sol. Amb ella seria impossible perdre\u2019s, ara ho s\u00e9, aix\u00f2.\u201d<\/em><\/p>\n<p style=\"text-align: center;\"><em>\u201cNo, no est\u00e0s boja. Est\u00e0s perduda. I no pots sortir del laberint tu sola.\u201d<\/em><\/p>\n<p style=\"text-align: center;\"><em>\u201cLa meva mare diu que cada cosa t\u00e9 el seu moment i que no s\u2019ha d\u2019apressar el temps. Crec que \u00e9s veritat.\u201d<\/em><\/p>\n<p style=\"text-align: center;\"><em>\u201cEls llibres s\u00f3n diferents per a cada persona que els llegeix, per\u00f2 alhora s\u00f3n iguals per a tothom i a ells no els importa qui ets, on vius, com \u00e9s la teva fam\u00edlia. Ning\u00fa&#8230; ning\u00fa no et mira per sobre l\u2019espatlla quan est\u00e0s llegint.\u201d<\/em><\/p>\n<h4 style=\"text-align: center;\">I ara unes quantes an\u00e8cdotes:<\/h4>\n<p>*Clara Cort\u00e9s \u00e9s una escriptora que va n\u00e9ixer el 1996 a Madrid, en una fam\u00edlia d\u2019apassionats per la lectura.<\/p>\n<p>*Actualment compagina el seu grau de Psicologia a la Universidad Aut\u00f3noma de Madrid amb la seva carrera liter\u00e0ria.<\/p>\n<p>*Ha guanyat diversos cert\u00e0mens de relats a nivell regional i nacional.<\/p>\n<p>*Col\u00b7labora amb la revista digital Fantasy-Mundo on ressenya novel\u00b7les juvenils.<\/p>\n<p>*La novel\u00b7la \u201cAl final del carrer 118\u201d \u00e9s la guanyadora de la tercera edici\u00f3 del Premi Literari \u201cLA CAIXA\u201d\/PLATAFORMA .<\/p>\n<p>Clara Cort\u00e9s \u00e9s una veu poderosa que crea el m\u00f3n amb les seves pr\u00f2pies mans. T\u2019arrossega amb for\u00e7a i sense escapat\u00f2ria. Et ret\u00e9 fins al final i et deixa anar amb un missatge que recordar\u00e0s sempre:<br \/>\n Nom\u00e9s tens que donar-te compte de que la boira es dissipar\u00e0 aviat.<\/p>\n<pre style=\"text-align: center;\"><strong><em>\u201cPerqu\u00e8 la vida \u00e9s aix\u00f2 que passa entre parpelleig i parpelleig, i no podem fer res per evitar-ho. El temps corre i ens arrossega amb ell. El temps ens mata, per\u00f2 mai no \u00e9s una mort dol\u00e7a, perqu\u00e8 a la vida li agrada venjar-se abans de l\u2019\u00faltim al\u00e8, li agrada veure\u2019ns patir i per aix\u00f2 ens maltracta, ens tortura i ens desgasta.\u201d<\/em><\/strong><\/pre>\n","protected":false},"excerpt":{"rendered":"<p>AL FINAL DEL CARRER 118\u00a0 Clara Cort\u00e9s\u00a0 (Plataforma Editorial Neo) A vegades costa mira endavant. A vegades costa aixecar-se cada mat\u00ed i afrontar la realitat. A vegades tot \u00e9s massa. A vegades costa obrir els ulls. Costa respirar, costa seguir,<\/p>\n","protected":false},"author":6,"featured_media":154,"comment_status":"open","ping_status":"open","sticky":false,"template":"","format":"standard","meta":{"sfsi_plus_gutenberg_text_before_share":"","sfsi_plus_gutenberg_show_text_before_share":"","sfsi_plus_gutenberg_icon_type":"","sfsi_plus_gutenberg_icon_alignemt":"","sfsi_plus_gutenburg_max_per_row":"","footnotes":""},"categories":[9,12],"tags":[34,33,26],"class_list":["post-1766","post","type-post","status-publish","format-standard","has-post-thumbnail","hentry","category-raco-de-la-paula","category-popular","tag-blog-de-lectura","tag-el-raco-de-la-paula","tag-lectura"],"yoast_head":"<!-- This site is optimized with the Yoast SEO plugin v27.5 - https:\/\/yoast.com\/product\/yoast-seo-wordpress\/ -->\n<title>AL FINAL DEL CARRER 118 - Clara Cort\u00e9s - Sala Jove<\/title>\n<meta name=\"description\" content=\"Clara Cort\u00e9s \u00e9s una veu poderosa que crea el m\u00f3n amb les seves pr\u00f2pies mans. T\u2019arrossega amb for\u00e7a i sense escapat\u00f2ria, et ret\u00e9 fins al final.\" \/>\n<meta name=\"robots\" content=\"index, follow, max-snippet:-1, max-image-preview:large, max-video-preview:-1\" \/>\n<link rel=\"canonical\" href=\"https:\/\/biblioteca.blanes.cat\/salajove\/2018\/08\/07\/al-final-del-carrer-118-clara-cortes\/\" \/>\n<meta property=\"og:locale\" content=\"ca_ES\" \/>\n<meta property=\"og:type\" content=\"article\" \/>\n<meta property=\"og:title\" content=\"AL FINAL DEL CARRER 118 - Clara Cort\u00e9s - Sala Jove\" \/>\n<meta property=\"og:description\" content=\"Clara Cort\u00e9s \u00e9s una veu poderosa que crea el m\u00f3n amb les seves pr\u00f2pies mans. T\u2019arrossega amb for\u00e7a i sense escapat\u00f2ria, et ret\u00e9 fins al final.\" \/>\n<meta property=\"og:url\" content=\"https:\/\/biblioteca.blanes.cat\/salajove\/2018\/08\/07\/al-final-del-carrer-118-clara-cortes\/\" \/>\n<meta property=\"og:site_name\" content=\"Sala Jove\" \/>\n<meta property=\"article:publisher\" content=\"https:\/\/www.facebook.com\/BilbiotecaComarcaldeBlanes\/\" \/>\n<meta property=\"article:published_time\" content=\"2018-08-07T15:29:10+00:00\" \/>\n<meta property=\"article:modified_time\" content=\"2018-09-10T14:52:19+00:00\" \/>\n<meta property=\"og:image\" content=\"https:\/\/biblioteca.blanes.cat\/salajove\/wp-content\/uploads\/sites\/3\/2017\/10\/Destacat_rac\u00f3_Paula.png\" \/>\n\t<meta property=\"og:image:width\" content=\"3719\" \/>\n\t<meta property=\"og:image:height\" content=\"2265\" \/>\n\t<meta property=\"og:image:type\" content=\"image\/png\" \/>\n<meta name=\"author\" content=\"paula\" \/>\n<meta name=\"twitter:card\" content=\"summary_large_image\" \/>\n<meta name=\"twitter:creator\" content=\"@BiblioBlanes\" \/>\n<meta name=\"twitter:site\" content=\"@BiblioBlanes\" \/>\n<meta name=\"twitter:label1\" content=\"Escrit per\" \/>\n\t<meta name=\"twitter:data1\" content=\"paula\" \/>\n\t<meta name=\"twitter:label2\" content=\"Temps estimat de lectura\" \/>\n\t<meta name=\"twitter:data2\" content=\"4 minuts\" \/>\n<script type=\"application\/ld+json\" class=\"yoast-schema-graph\">{\"@context\":\"https:\\\/\\\/schema.org\",\"@graph\":[{\"@type\":\"Article\",\"@id\":\"https:\\\/\\\/biblioteca.blanes.cat\\\/salajove\\\/2018\\\/08\\\/07\\\/al-final-del-carrer-118-clara-cortes\\\/#article\",\"isPartOf\":{\"@id\":\"https:\\\/\\\/biblioteca.blanes.cat\\\/salajove\\\/2018\\\/08\\\/07\\\/al-final-del-carrer-118-clara-cortes\\\/\"},\"author\":{\"name\":\"paula\",\"@id\":\"https:\\\/\\\/biblioteca.blanes.cat\\\/salajove\\\/#\\\/schema\\\/person\\\/8dbc45cdf5d1c7e2d100d147517ba7f3\"},\"headline\":\"AL FINAL DEL CARRER 118 &#8211; Clara Cort\u00e9s\",\"datePublished\":\"2018-08-07T15:29:10+00:00\",\"dateModified\":\"2018-09-10T14:52:19+00:00\",\"mainEntityOfPage\":{\"@id\":\"https:\\\/\\\/biblioteca.blanes.cat\\\/salajove\\\/2018\\\/08\\\/07\\\/al-final-del-carrer-118-clara-cortes\\\/\"},\"wordCount\":801,\"commentCount\":0,\"publisher\":{\"@id\":\"https:\\\/\\\/biblioteca.blanes.cat\\\/salajove\\\/#organization\"},\"image\":{\"@id\":\"https:\\\/\\\/biblioteca.blanes.cat\\\/salajove\\\/2018\\\/08\\\/07\\\/al-final-del-carrer-118-clara-cortes\\\/#primaryimage\"},\"thumbnailUrl\":\"https:\\\/\\\/biblioteca.blanes.cat\\\/salajove\\\/wp-content\\\/uploads\\\/sites\\\/3\\\/2017\\\/10\\\/Destacat_rac\u00f3_Paula.png\",\"keywords\":[\"#BlogdeLectura\",\"#ElRac\u00f3delaPaula\",\"#Lectura\"],\"articleSection\":[\"Rac\u00f3 de la Paula\",\"RP_Popular\"],\"inLanguage\":\"ca\",\"potentialAction\":[{\"@type\":\"CommentAction\",\"name\":\"Comment\",\"target\":[\"https:\\\/\\\/biblioteca.blanes.cat\\\/salajove\\\/2018\\\/08\\\/07\\\/al-final-del-carrer-118-clara-cortes\\\/#respond\"]}]},{\"@type\":\"WebPage\",\"@id\":\"https:\\\/\\\/biblioteca.blanes.cat\\\/salajove\\\/2018\\\/08\\\/07\\\/al-final-del-carrer-118-clara-cortes\\\/\",\"url\":\"https:\\\/\\\/biblioteca.blanes.cat\\\/salajove\\\/2018\\\/08\\\/07\\\/al-final-del-carrer-118-clara-cortes\\\/\",\"name\":\"AL FINAL DEL CARRER 118 - Clara Cort\u00e9s - Sala Jove\",\"isPartOf\":{\"@id\":\"https:\\\/\\\/biblioteca.blanes.cat\\\/salajove\\\/#website\"},\"primaryImageOfPage\":{\"@id\":\"https:\\\/\\\/biblioteca.blanes.cat\\\/salajove\\\/2018\\\/08\\\/07\\\/al-final-del-carrer-118-clara-cortes\\\/#primaryimage\"},\"image\":{\"@id\":\"https:\\\/\\\/biblioteca.blanes.cat\\\/salajove\\\/2018\\\/08\\\/07\\\/al-final-del-carrer-118-clara-cortes\\\/#primaryimage\"},\"thumbnailUrl\":\"https:\\\/\\\/biblioteca.blanes.cat\\\/salajove\\\/wp-content\\\/uploads\\\/sites\\\/3\\\/2017\\\/10\\\/Destacat_rac\u00f3_Paula.png\",\"datePublished\":\"2018-08-07T15:29:10+00:00\",\"dateModified\":\"2018-09-10T14:52:19+00:00\",\"description\":\"Clara Cort\u00e9s \u00e9s una veu poderosa que crea el m\u00f3n amb les seves pr\u00f2pies mans. T\u2019arrossega amb for\u00e7a i sense escapat\u00f2ria, et ret\u00e9 fins al final.\",\"breadcrumb\":{\"@id\":\"https:\\\/\\\/biblioteca.blanes.cat\\\/salajove\\\/2018\\\/08\\\/07\\\/al-final-del-carrer-118-clara-cortes\\\/#breadcrumb\"},\"inLanguage\":\"ca\",\"potentialAction\":[{\"@type\":\"ReadAction\",\"target\":[\"https:\\\/\\\/biblioteca.blanes.cat\\\/salajove\\\/2018\\\/08\\\/07\\\/al-final-del-carrer-118-clara-cortes\\\/\"]}]},{\"@type\":\"ImageObject\",\"inLanguage\":\"ca\",\"@id\":\"https:\\\/\\\/biblioteca.blanes.cat\\\/salajove\\\/2018\\\/08\\\/07\\\/al-final-del-carrer-118-clara-cortes\\\/#primaryimage\",\"url\":\"https:\\\/\\\/biblioteca.blanes.cat\\\/salajove\\\/wp-content\\\/uploads\\\/sites\\\/3\\\/2017\\\/10\\\/Destacat_rac\u00f3_Paula.png\",\"contentUrl\":\"https:\\\/\\\/biblioteca.blanes.cat\\\/salajove\\\/wp-content\\\/uploads\\\/sites\\\/3\\\/2017\\\/10\\\/Destacat_rac\u00f3_Paula.png\",\"width\":3719,\"height\":2265,\"caption\":\"Rac\u00f3 de la Paula\"},{\"@type\":\"BreadcrumbList\",\"@id\":\"https:\\\/\\\/biblioteca.blanes.cat\\\/salajove\\\/2018\\\/08\\\/07\\\/al-final-del-carrer-118-clara-cortes\\\/#breadcrumb\",\"itemListElement\":[{\"@type\":\"ListItem\",\"position\":1,\"name\":\"Inici\",\"item\":\"https:\\\/\\\/biblioteca.blanes.cat\\\/salajove\\\/\"},{\"@type\":\"ListItem\",\"position\":2,\"name\":\"AL FINAL DEL CARRER 118 &#8211; Clara Cort\u00e9s\"}]},{\"@type\":\"WebSite\",\"@id\":\"https:\\\/\\\/biblioteca.blanes.cat\\\/salajove\\\/#website\",\"url\":\"https:\\\/\\\/biblioteca.blanes.cat\\\/salajove\\\/\",\"name\":\"Sala Jove\",\"description\":\"Biblioteca Comarcal de Blanes\",\"publisher\":{\"@id\":\"https:\\\/\\\/biblioteca.blanes.cat\\\/salajove\\\/#organization\"},\"potentialAction\":[{\"@type\":\"SearchAction\",\"target\":{\"@type\":\"EntryPoint\",\"urlTemplate\":\"https:\\\/\\\/biblioteca.blanes.cat\\\/salajove\\\/?s={search_term_string}\"},\"query-input\":{\"@type\":\"PropertyValueSpecification\",\"valueRequired\":true,\"valueName\":\"search_term_string\"}}],\"inLanguage\":\"ca\"},{\"@type\":\"Organization\",\"@id\":\"https:\\\/\\\/biblioteca.blanes.cat\\\/salajove\\\/#organization\",\"name\":\"Biblioteca Comarcal de Blanes\",\"url\":\"https:\\\/\\\/biblioteca.blanes.cat\\\/salajove\\\/\",\"logo\":{\"@type\":\"ImageObject\",\"inLanguage\":\"ca\",\"@id\":\"https:\\\/\\\/biblioteca.blanes.cat\\\/salajove\\\/#\\\/schema\\\/logo\\\/image\\\/\",\"url\":\"https:\\\/\\\/biblioteca.blanes.cat\\\/salajove\\\/wp-content\\\/uploads\\\/sites\\\/3\\\/2017\\\/09\\\/cropped-Bib-blau-e1518869380535.png\",\"contentUrl\":\"https:\\\/\\\/biblioteca.blanes.cat\\\/salajove\\\/wp-content\\\/uploads\\\/sites\\\/3\\\/2017\\\/09\\\/cropped-Bib-blau-e1518869380535.png\",\"width\":166,\"height\":166,\"caption\":\"Biblioteca Comarcal de Blanes\"},\"image\":{\"@id\":\"https:\\\/\\\/biblioteca.blanes.cat\\\/salajove\\\/#\\\/schema\\\/logo\\\/image\\\/\"},\"sameAs\":[\"https:\\\/\\\/www.facebook.com\\\/BilbiotecaComarcaldeBlanes\\\/\",\"https:\\\/\\\/x.com\\\/BiblioBlanes\",\"https:\\\/\\\/www.instagram.com\\\/biblioblanes\\\/\",\"https:\\\/\\\/www.pinterest.es\\\/bblanes\\\/\",\"https:\\\/\\\/www.youtube.com\\\/c\\\/BibliotecaComarcalBlanes\"]},{\"@type\":\"Person\",\"@id\":\"https:\\\/\\\/biblioteca.blanes.cat\\\/salajove\\\/#\\\/schema\\\/person\\\/8dbc45cdf5d1c7e2d100d147517ba7f3\",\"name\":\"paula\",\"image\":{\"@type\":\"ImageObject\",\"inLanguage\":\"ca\",\"@id\":\"https:\\\/\\\/secure.gravatar.com\\\/avatar\\\/7dc0a9399589f36ddc6864e8335b73854871aa22921ee390cb50776e7ddfc136?s=96&d=mm&r=g\",\"url\":\"https:\\\/\\\/secure.gravatar.com\\\/avatar\\\/7dc0a9399589f36ddc6864e8335b73854871aa22921ee390cb50776e7ddfc136?s=96&d=mm&r=g\",\"contentUrl\":\"https:\\\/\\\/secure.gravatar.com\\\/avatar\\\/7dc0a9399589f36ddc6864e8335b73854871aa22921ee390cb50776e7ddfc136?s=96&d=mm&r=g\",\"caption\":\"paula\"},\"url\":\"https:\\\/\\\/biblioteca.blanes.cat\\\/salajove\\\/author\\\/paula\\\/\"}]}<\/script>\n<!-- \/ Yoast SEO plugin. -->","yoast_head_json":{"title":"AL FINAL DEL CARRER 118 - Clara Cort\u00e9s - Sala Jove","description":"Clara Cort\u00e9s \u00e9s una veu poderosa que crea el m\u00f3n amb les seves pr\u00f2pies mans. T\u2019arrossega amb for\u00e7a i sense escapat\u00f2ria, et ret\u00e9 fins al final.","robots":{"index":"index","follow":"follow","max-snippet":"max-snippet:-1","max-image-preview":"max-image-preview:large","max-video-preview":"max-video-preview:-1"},"canonical":"https:\/\/biblioteca.blanes.cat\/salajove\/2018\/08\/07\/al-final-del-carrer-118-clara-cortes\/","og_locale":"ca_ES","og_type":"article","og_title":"AL FINAL DEL CARRER 118 - Clara Cort\u00e9s - Sala Jove","og_description":"Clara Cort\u00e9s \u00e9s una veu poderosa que crea el m\u00f3n amb les seves pr\u00f2pies mans. T\u2019arrossega amb for\u00e7a i sense escapat\u00f2ria, et ret\u00e9 fins al final.","og_url":"https:\/\/biblioteca.blanes.cat\/salajove\/2018\/08\/07\/al-final-del-carrer-118-clara-cortes\/","og_site_name":"Sala Jove","article_publisher":"https:\/\/www.facebook.com\/BilbiotecaComarcaldeBlanes\/","article_published_time":"2018-08-07T15:29:10+00:00","article_modified_time":"2018-09-10T14:52:19+00:00","og_image":[{"width":3719,"height":2265,"url":"https:\/\/biblioteca.blanes.cat\/salajove\/wp-content\/uploads\/sites\/3\/2017\/10\/Destacat_rac\u00f3_Paula.png","type":"image\/png"}],"author":"paula","twitter_card":"summary_large_image","twitter_creator":"@BiblioBlanes","twitter_site":"@BiblioBlanes","twitter_misc":{"Escrit per":"paula","Temps estimat de lectura":"4 minuts"},"schema":{"@context":"https:\/\/schema.org","@graph":[{"@type":"Article","@id":"https:\/\/biblioteca.blanes.cat\/salajove\/2018\/08\/07\/al-final-del-carrer-118-clara-cortes\/#article","isPartOf":{"@id":"https:\/\/biblioteca.blanes.cat\/salajove\/2018\/08\/07\/al-final-del-carrer-118-clara-cortes\/"},"author":{"name":"paula","@id":"https:\/\/biblioteca.blanes.cat\/salajove\/#\/schema\/person\/8dbc45cdf5d1c7e2d100d147517ba7f3"},"headline":"AL FINAL DEL CARRER 118 &#8211; Clara Cort\u00e9s","datePublished":"2018-08-07T15:29:10+00:00","dateModified":"2018-09-10T14:52:19+00:00","mainEntityOfPage":{"@id":"https:\/\/biblioteca.blanes.cat\/salajove\/2018\/08\/07\/al-final-del-carrer-118-clara-cortes\/"},"wordCount":801,"commentCount":0,"publisher":{"@id":"https:\/\/biblioteca.blanes.cat\/salajove\/#organization"},"image":{"@id":"https:\/\/biblioteca.blanes.cat\/salajove\/2018\/08\/07\/al-final-del-carrer-118-clara-cortes\/#primaryimage"},"thumbnailUrl":"https:\/\/biblioteca.blanes.cat\/salajove\/wp-content\/uploads\/sites\/3\/2017\/10\/Destacat_rac\u00f3_Paula.png","keywords":["#BlogdeLectura","#ElRac\u00f3delaPaula","#Lectura"],"articleSection":["Rac\u00f3 de la Paula","RP_Popular"],"inLanguage":"ca","potentialAction":[{"@type":"CommentAction","name":"Comment","target":["https:\/\/biblioteca.blanes.cat\/salajove\/2018\/08\/07\/al-final-del-carrer-118-clara-cortes\/#respond"]}]},{"@type":"WebPage","@id":"https:\/\/biblioteca.blanes.cat\/salajove\/2018\/08\/07\/al-final-del-carrer-118-clara-cortes\/","url":"https:\/\/biblioteca.blanes.cat\/salajove\/2018\/08\/07\/al-final-del-carrer-118-clara-cortes\/","name":"AL FINAL DEL CARRER 118 - Clara Cort\u00e9s - Sala Jove","isPartOf":{"@id":"https:\/\/biblioteca.blanes.cat\/salajove\/#website"},"primaryImageOfPage":{"@id":"https:\/\/biblioteca.blanes.cat\/salajove\/2018\/08\/07\/al-final-del-carrer-118-clara-cortes\/#primaryimage"},"image":{"@id":"https:\/\/biblioteca.blanes.cat\/salajove\/2018\/08\/07\/al-final-del-carrer-118-clara-cortes\/#primaryimage"},"thumbnailUrl":"https:\/\/biblioteca.blanes.cat\/salajove\/wp-content\/uploads\/sites\/3\/2017\/10\/Destacat_rac\u00f3_Paula.png","datePublished":"2018-08-07T15:29:10+00:00","dateModified":"2018-09-10T14:52:19+00:00","description":"Clara Cort\u00e9s \u00e9s una veu poderosa que crea el m\u00f3n amb les seves pr\u00f2pies mans. T\u2019arrossega amb for\u00e7a i sense escapat\u00f2ria, et ret\u00e9 fins al final.","breadcrumb":{"@id":"https:\/\/biblioteca.blanes.cat\/salajove\/2018\/08\/07\/al-final-del-carrer-118-clara-cortes\/#breadcrumb"},"inLanguage":"ca","potentialAction":[{"@type":"ReadAction","target":["https:\/\/biblioteca.blanes.cat\/salajove\/2018\/08\/07\/al-final-del-carrer-118-clara-cortes\/"]}]},{"@type":"ImageObject","inLanguage":"ca","@id":"https:\/\/biblioteca.blanes.cat\/salajove\/2018\/08\/07\/al-final-del-carrer-118-clara-cortes\/#primaryimage","url":"https:\/\/biblioteca.blanes.cat\/salajove\/wp-content\/uploads\/sites\/3\/2017\/10\/Destacat_rac\u00f3_Paula.png","contentUrl":"https:\/\/biblioteca.blanes.cat\/salajove\/wp-content\/uploads\/sites\/3\/2017\/10\/Destacat_rac\u00f3_Paula.png","width":3719,"height":2265,"caption":"Rac\u00f3 de la Paula"},{"@type":"BreadcrumbList","@id":"https:\/\/biblioteca.blanes.cat\/salajove\/2018\/08\/07\/al-final-del-carrer-118-clara-cortes\/#breadcrumb","itemListElement":[{"@type":"ListItem","position":1,"name":"Inici","item":"https:\/\/biblioteca.blanes.cat\/salajove\/"},{"@type":"ListItem","position":2,"name":"AL FINAL DEL CARRER 118 &#8211; Clara Cort\u00e9s"}]},{"@type":"WebSite","@id":"https:\/\/biblioteca.blanes.cat\/salajove\/#website","url":"https:\/\/biblioteca.blanes.cat\/salajove\/","name":"Sala Jove","description":"Biblioteca Comarcal de Blanes","publisher":{"@id":"https:\/\/biblioteca.blanes.cat\/salajove\/#organization"},"potentialAction":[{"@type":"SearchAction","target":{"@type":"EntryPoint","urlTemplate":"https:\/\/biblioteca.blanes.cat\/salajove\/?s={search_term_string}"},"query-input":{"@type":"PropertyValueSpecification","valueRequired":true,"valueName":"search_term_string"}}],"inLanguage":"ca"},{"@type":"Organization","@id":"https:\/\/biblioteca.blanes.cat\/salajove\/#organization","name":"Biblioteca Comarcal de Blanes","url":"https:\/\/biblioteca.blanes.cat\/salajove\/","logo":{"@type":"ImageObject","inLanguage":"ca","@id":"https:\/\/biblioteca.blanes.cat\/salajove\/#\/schema\/logo\/image\/","url":"https:\/\/biblioteca.blanes.cat\/salajove\/wp-content\/uploads\/sites\/3\/2017\/09\/cropped-Bib-blau-e1518869380535.png","contentUrl":"https:\/\/biblioteca.blanes.cat\/salajove\/wp-content\/uploads\/sites\/3\/2017\/09\/cropped-Bib-blau-e1518869380535.png","width":166,"height":166,"caption":"Biblioteca Comarcal de Blanes"},"image":{"@id":"https:\/\/biblioteca.blanes.cat\/salajove\/#\/schema\/logo\/image\/"},"sameAs":["https:\/\/www.facebook.com\/BilbiotecaComarcaldeBlanes\/","https:\/\/x.com\/BiblioBlanes","https:\/\/www.instagram.com\/biblioblanes\/","https:\/\/www.pinterest.es\/bblanes\/","https:\/\/www.youtube.com\/c\/BibliotecaComarcalBlanes"]},{"@type":"Person","@id":"https:\/\/biblioteca.blanes.cat\/salajove\/#\/schema\/person\/8dbc45cdf5d1c7e2d100d147517ba7f3","name":"paula","image":{"@type":"ImageObject","inLanguage":"ca","@id":"https:\/\/secure.gravatar.com\/avatar\/7dc0a9399589f36ddc6864e8335b73854871aa22921ee390cb50776e7ddfc136?s=96&d=mm&r=g","url":"https:\/\/secure.gravatar.com\/avatar\/7dc0a9399589f36ddc6864e8335b73854871aa22921ee390cb50776e7ddfc136?s=96&d=mm&r=g","contentUrl":"https:\/\/secure.gravatar.com\/avatar\/7dc0a9399589f36ddc6864e8335b73854871aa22921ee390cb50776e7ddfc136?s=96&d=mm&r=g","caption":"paula"},"url":"https:\/\/biblioteca.blanes.cat\/salajove\/author\/paula\/"}]}},"_links":{"self":[{"href":"https:\/\/biblioteca.blanes.cat\/salajove\/wp-json\/wp\/v2\/posts\/1766","targetHints":{"allow":["GET"]}}],"collection":[{"href":"https:\/\/biblioteca.blanes.cat\/salajove\/wp-json\/wp\/v2\/posts"}],"about":[{"href":"https:\/\/biblioteca.blanes.cat\/salajove\/wp-json\/wp\/v2\/types\/post"}],"author":[{"embeddable":true,"href":"https:\/\/biblioteca.blanes.cat\/salajove\/wp-json\/wp\/v2\/users\/6"}],"replies":[{"embeddable":true,"href":"https:\/\/biblioteca.blanes.cat\/salajove\/wp-json\/wp\/v2\/comments?post=1766"}],"version-history":[{"count":23,"href":"https:\/\/biblioteca.blanes.cat\/salajove\/wp-json\/wp\/v2\/posts\/1766\/revisions"}],"predecessor-version":[{"id":1794,"href":"https:\/\/biblioteca.blanes.cat\/salajove\/wp-json\/wp\/v2\/posts\/1766\/revisions\/1794"}],"wp:featuredmedia":[{"embeddable":true,"href":"https:\/\/biblioteca.blanes.cat\/salajove\/wp-json\/wp\/v2\/media\/154"}],"wp:attachment":[{"href":"https:\/\/biblioteca.blanes.cat\/salajove\/wp-json\/wp\/v2\/media?parent=1766"}],"wp:term":[{"taxonomy":"category","embeddable":true,"href":"https:\/\/biblioteca.blanes.cat\/salajove\/wp-json\/wp\/v2\/categories?post=1766"},{"taxonomy":"post_tag","embeddable":true,"href":"https:\/\/biblioteca.blanes.cat\/salajove\/wp-json\/wp\/v2\/tags?post=1766"}],"curies":[{"name":"wp","href":"https:\/\/api.w.org\/{rel}","templated":true}]}}