{"id":1734,"date":"2018-09-10T09:30:18","date_gmt":"2018-09-10T08:30:18","guid":{"rendered":"https:\/\/biblioteca.blanes.cat\/salajove\/?p=1734"},"modified":"2018-09-12T18:50:54","modified_gmt":"2018-09-12T17:50:54","slug":"biblioteca-jove-blanes-club-de-lectura-jove-presentacio-curs-2018-2019","status":"publish","type":"post","link":"https:\/\/biblioteca.blanes.cat\/salajove\/2018\/09\/10\/biblioteca-jove-blanes-club-de-lectura-jove-presentacio-curs-2018-2019\/","title":{"rendered":"CLJ: Presentaci\u00f3 curs 2018 &#8211; 2019"},"content":{"rendered":"<h2 style=\"text-align: center;\">Biblioteca Jove Blanes<\/h2>\n<h2 style=\"text-align: center;\">El Club de Lectura Jove encetar\u00e0 el nou curs al setembre<\/h2>\n<p>&nbsp;<\/p>\n<p style=\"text-align: justify;\">Ja tenim aqu\u00ed el nou curs, tamb\u00e9 el comen\u00e7ament del Club de Lectura Jove. <!--more-->Ens trobarem un dijous al mes de 5.30h. a 6.30h de la tarda a la Sala Jove de la Biblioteca Comarcal de Blanes.<\/p>\n<p style=\"text-align: justify;\">Aquest any llegirem 8 novel\u00b7les juvenils de diferents gen\u00e8res literaris. Tamb\u00e9 llegirem cl\u00e0ssics i contempor\u00e0nis. Especialment rellevants seran el comentaris de la novel\u00b7la &#8220;herba negra&#8221; de l&#8217;autor local <a href=\"http:\/\/bloguejat.blogspot.com\/\" target=\"_blank\" rel=\"noopener\">Salvador Macip<\/a>. Una de les trobades m\u00e9s notables ser\u00e0 el dia que fem la tert\u00falia amb l&#8217;autora, <a href=\"http:\/\/nuriamarticonstans.blogspot.com\/\" target=\"_blank\" rel=\"noopener\">N\u00faria Mart\u00ed Constans<\/a>. La farem petar mentre comentem els llibres, parlarem del diferents temes que els llibres ens suggereixin, i farem les activitats paral\u00b7leles que ens vingui de gust.<\/p>\n<p>&nbsp;<\/p>\n<blockquote style=\"background: #e6e6ff none repeat scroll 0% 0%; text-align: center;\">\n<h4 style=\"text-align: center;\"><span style=\"font-size: 16px;\">No us perdeu la presentaci\u00f3 que farem el proper<\/span><\/h4>\n<h4 style=\"text-align: center;\"><span style=\"font-size: 16px; color: #800080;\"><span style=\"font-family: Gloria Hallelujah;\"><strong>dijous, 27 de setembre a les 5.30h de la tarda<\/strong><\/span><\/span><\/h4>\n<h4 style=\"text-align: center;\"><span style=\"font-size: 16px;\">Us\u00a0 informarem del funcionament del club i us podreu inscriure a aquesta activitat gratu\u00efta<\/span><\/h4>\n<\/blockquote>\n<p>&nbsp;<\/p>\n<p><a href=\"https:\/\/biblioteca.blanes.cat\/salajove\/wp-content\/uploads\/sites\/3\/2018\/09\/Cartell2.jpg\"><img fetchpriority=\"high\" decoding=\"async\" class=\"aligncenter wp-image-1735\" title=\"biblioteca jove blanes club de lectura jove presentacio curs 2018-2019\" src=\"https:\/\/biblioteca.blanes.cat\/salajove\/wp-content\/uploads\/sites\/3\/2018\/09\/Cartell2-724x1024.jpg\" alt=\"biblioteca jove blanes club de lectura jove presentacio curs 2018-2019\" width=\"500\" height=\"707\" srcset=\"https:\/\/biblioteca.blanes.cat\/salajove\/wp-content\/uploads\/sites\/3\/2018\/09\/Cartell2-724x1024.jpg 724w, https:\/\/biblioteca.blanes.cat\/salajove\/wp-content\/uploads\/sites\/3\/2018\/09\/Cartell2-212x300.jpg 212w, https:\/\/biblioteca.blanes.cat\/salajove\/wp-content\/uploads\/sites\/3\/2018\/09\/Cartell2-768x1086.jpg 768w, https:\/\/biblioteca.blanes.cat\/salajove\/wp-content\/uploads\/sites\/3\/2018\/09\/Cartell2.jpg 1240w\" sizes=\"(max-width: 500px) 100vw, 500px\" \/><\/a><\/p>\n","protected":false},"excerpt":{"rendered":"<p>Biblioteca Jove Blanes El Club de Lectura Jove encetar\u00e0 el nou curs al setembre &nbsp; Ja tenim aqu\u00ed el nou curs, tamb\u00e9 el comen\u00e7ament del Club de Lectura Jove.<\/p>\n","protected":false},"author":4,"featured_media":1799,"comment_status":"open","ping_status":"open","sticky":false,"template":"","format":"standard","meta":{"sfsi_plus_gutenberg_text_before_share":"","sfsi_plus_gutenberg_show_text_before_share":"","sfsi_plus_gutenberg_icon_type":"","sfsi_plus_gutenberg_icon_alignemt":"","sfsi_plus_gutenburg_max_per_row":"","footnotes":""},"categories":[1],"tags":[],"class_list":["post-1734","post","type-post","status-publish","format-standard","has-post-thumbnail","hentry","category-general"],"yoast_head":"<!-- This site is optimized with the Yoast SEO plugin v27.5 - https:\/\/yoast.com\/product\/yoast-seo-wordpress\/ -->\n<title>biblioteca jove blanes club de lectura jove presentacio curs 2018-2019<\/title>\n<meta name=\"description\" content=\"biblioteca jove blanes club de lectura jove presentacio curs 2018-2019 - El Club de Lectura Jove encetar\u00e0 el nou curs al setembre\" \/>\n<meta name=\"robots\" content=\"index, follow, max-snippet:-1, max-image-preview:large, max-video-preview:-1\" \/>\n<link rel=\"canonical\" href=\"https:\/\/biblioteca.blanes.cat\/salajove\/2018\/09\/10\/biblioteca-jove-blanes-club-de-lectura-jove-presentacio-curs-2018-2019\/\" \/>\n<meta property=\"og:locale\" content=\"ca_ES\" \/>\n<meta property=\"og:type\" content=\"article\" \/>\n<meta property=\"og:title\" content=\"biblioteca jove blanes club de lectura jove presentacio curs 2018-2019\" \/>\n<meta property=\"og:description\" content=\"biblioteca jove blanes club de lectura jove presentacio curs 2018-2019 - El Club de Lectura Jove encetar\u00e0 el nou curs al setembre\" \/>\n<meta property=\"og:url\" content=\"https:\/\/biblioteca.blanes.cat\/salajove\/2018\/09\/10\/biblioteca-jove-blanes-club-de-lectura-jove-presentacio-curs-2018-2019\/\" \/>\n<meta property=\"og:site_name\" content=\"Sala Jove\" \/>\n<meta property=\"article:publisher\" content=\"https:\/\/www.facebook.com\/BilbiotecaComarcaldeBlanes\/\" \/>\n<meta property=\"article:published_time\" content=\"2018-09-10T08:30:18+00:00\" \/>\n<meta property=\"article:modified_time\" content=\"2018-09-12T17:50:54+00:00\" \/>\n<meta property=\"og:image\" content=\"https:\/\/biblioteca.blanes.cat\/salajove\/wp-content\/uploads\/sites\/3\/2017\/09\/CLJ_.png\" \/>\n\t<meta property=\"og:image:width\" content=\"3719\" \/>\n\t<meta property=\"og:image:height\" content=\"3719\" \/>\n\t<meta property=\"og:image:type\" content=\"image\/png\" \/>\n<meta name=\"author\" content=\"biblioblanes\" \/>\n<meta name=\"twitter:card\" content=\"summary_large_image\" \/>\n<meta name=\"twitter:creator\" content=\"@biblioblanes\" \/>\n<meta name=\"twitter:site\" content=\"@BiblioBlanes\" \/>\n<meta name=\"twitter:label1\" content=\"Escrit per\" \/>\n\t<meta name=\"twitter:data1\" content=\"biblioblanes\" \/>\n\t<meta name=\"twitter:label2\" content=\"Temps estimat de lectura\" \/>\n\t<meta name=\"twitter:data2\" content=\"1 minut\" \/>\n<script type=\"application\/ld+json\" class=\"yoast-schema-graph\">{\"@context\":\"https:\\\/\\\/schema.org\",\"@graph\":[{\"@type\":\"Article\",\"@id\":\"https:\\\/\\\/biblioteca.blanes.cat\\\/salajove\\\/2018\\\/09\\\/10\\\/biblioteca-jove-blanes-club-de-lectura-jove-presentacio-curs-2018-2019\\\/#article\",\"isPartOf\":{\"@id\":\"https:\\\/\\\/biblioteca.blanes.cat\\\/salajove\\\/2018\\\/09\\\/10\\\/biblioteca-jove-blanes-club-de-lectura-jove-presentacio-curs-2018-2019\\\/\"},\"author\":{\"name\":\"biblioblanes\",\"@id\":\"https:\\\/\\\/biblioteca.blanes.cat\\\/salajove\\\/#\\\/schema\\\/person\\\/5a7b46760d9dd611d098bbf571a341dc\"},\"headline\":\"CLJ: Presentaci\u00f3 curs 2018 &#8211; 2019\",\"datePublished\":\"2018-09-10T08:30:18+00:00\",\"dateModified\":\"2018-09-12T17:50:54+00:00\",\"mainEntityOfPage\":{\"@id\":\"https:\\\/\\\/biblioteca.blanes.cat\\\/salajove\\\/2018\\\/09\\\/10\\\/biblioteca-jove-blanes-club-de-lectura-jove-presentacio-curs-2018-2019\\\/\"},\"wordCount\":176,\"commentCount\":0,\"publisher\":{\"@id\":\"https:\\\/\\\/biblioteca.blanes.cat\\\/salajove\\\/#organization\"},\"image\":{\"@id\":\"https:\\\/\\\/biblioteca.blanes.cat\\\/salajove\\\/2018\\\/09\\\/10\\\/biblioteca-jove-blanes-club-de-lectura-jove-presentacio-curs-2018-2019\\\/#primaryimage\"},\"thumbnailUrl\":\"https:\\\/\\\/biblioteca.blanes.cat\\\/salajove\\\/wp-content\\\/uploads\\\/sites\\\/3\\\/2017\\\/09\\\/CLJ_.png\",\"articleSection\":[\"Not\u00edcies\"],\"inLanguage\":\"ca\",\"potentialAction\":[{\"@type\":\"CommentAction\",\"name\":\"Comment\",\"target\":[\"https:\\\/\\\/biblioteca.blanes.cat\\\/salajove\\\/2018\\\/09\\\/10\\\/biblioteca-jove-blanes-club-de-lectura-jove-presentacio-curs-2018-2019\\\/#respond\"]}]},{\"@type\":\"WebPage\",\"@id\":\"https:\\\/\\\/biblioteca.blanes.cat\\\/salajove\\\/2018\\\/09\\\/10\\\/biblioteca-jove-blanes-club-de-lectura-jove-presentacio-curs-2018-2019\\\/\",\"url\":\"https:\\\/\\\/biblioteca.blanes.cat\\\/salajove\\\/2018\\\/09\\\/10\\\/biblioteca-jove-blanes-club-de-lectura-jove-presentacio-curs-2018-2019\\\/\",\"name\":\"biblioteca jove blanes club de lectura jove presentacio curs 2018-2019\",\"isPartOf\":{\"@id\":\"https:\\\/\\\/biblioteca.blanes.cat\\\/salajove\\\/#website\"},\"primaryImageOfPage\":{\"@id\":\"https:\\\/\\\/biblioteca.blanes.cat\\\/salajove\\\/2018\\\/09\\\/10\\\/biblioteca-jove-blanes-club-de-lectura-jove-presentacio-curs-2018-2019\\\/#primaryimage\"},\"image\":{\"@id\":\"https:\\\/\\\/biblioteca.blanes.cat\\\/salajove\\\/2018\\\/09\\\/10\\\/biblioteca-jove-blanes-club-de-lectura-jove-presentacio-curs-2018-2019\\\/#primaryimage\"},\"thumbnailUrl\":\"https:\\\/\\\/biblioteca.blanes.cat\\\/salajove\\\/wp-content\\\/uploads\\\/sites\\\/3\\\/2017\\\/09\\\/CLJ_.png\",\"datePublished\":\"2018-09-10T08:30:18+00:00\",\"dateModified\":\"2018-09-12T17:50:54+00:00\",\"description\":\"biblioteca jove blanes club de lectura jove presentacio curs 2018-2019 - El Club de Lectura Jove encetar\u00e0 el nou curs al setembre\",\"breadcrumb\":{\"@id\":\"https:\\\/\\\/biblioteca.blanes.cat\\\/salajove\\\/2018\\\/09\\\/10\\\/biblioteca-jove-blanes-club-de-lectura-jove-presentacio-curs-2018-2019\\\/#breadcrumb\"},\"inLanguage\":\"ca\",\"potentialAction\":[{\"@type\":\"ReadAction\",\"target\":[\"https:\\\/\\\/biblioteca.blanes.cat\\\/salajove\\\/2018\\\/09\\\/10\\\/biblioteca-jove-blanes-club-de-lectura-jove-presentacio-curs-2018-2019\\\/\"]}]},{\"@type\":\"ImageObject\",\"inLanguage\":\"ca\",\"@id\":\"https:\\\/\\\/biblioteca.blanes.cat\\\/salajove\\\/2018\\\/09\\\/10\\\/biblioteca-jove-blanes-club-de-lectura-jove-presentacio-curs-2018-2019\\\/#primaryimage\",\"url\":\"https:\\\/\\\/biblioteca.blanes.cat\\\/salajove\\\/wp-content\\\/uploads\\\/sites\\\/3\\\/2017\\\/09\\\/CLJ_.png\",\"contentUrl\":\"https:\\\/\\\/biblioteca.blanes.cat\\\/salajove\\\/wp-content\\\/uploads\\\/sites\\\/3\\\/2017\\\/09\\\/CLJ_.png\",\"width\":3719,\"height\":3719},{\"@type\":\"BreadcrumbList\",\"@id\":\"https:\\\/\\\/biblioteca.blanes.cat\\\/salajove\\\/2018\\\/09\\\/10\\\/biblioteca-jove-blanes-club-de-lectura-jove-presentacio-curs-2018-2019\\\/#breadcrumb\",\"itemListElement\":[{\"@type\":\"ListItem\",\"position\":1,\"name\":\"Inici\",\"item\":\"https:\\\/\\\/biblioteca.blanes.cat\\\/salajove\\\/\"},{\"@type\":\"ListItem\",\"position\":2,\"name\":\"CLJ: Presentaci\u00f3 curs 2018 &#8211; 2019\"}]},{\"@type\":\"WebSite\",\"@id\":\"https:\\\/\\\/biblioteca.blanes.cat\\\/salajove\\\/#website\",\"url\":\"https:\\\/\\\/biblioteca.blanes.cat\\\/salajove\\\/\",\"name\":\"Sala Jove\",\"description\":\"Biblioteca Comarcal de Blanes\",\"publisher\":{\"@id\":\"https:\\\/\\\/biblioteca.blanes.cat\\\/salajove\\\/#organization\"},\"potentialAction\":[{\"@type\":\"SearchAction\",\"target\":{\"@type\":\"EntryPoint\",\"urlTemplate\":\"https:\\\/\\\/biblioteca.blanes.cat\\\/salajove\\\/?s={search_term_string}\"},\"query-input\":{\"@type\":\"PropertyValueSpecification\",\"valueRequired\":true,\"valueName\":\"search_term_string\"}}],\"inLanguage\":\"ca\"},{\"@type\":\"Organization\",\"@id\":\"https:\\\/\\\/biblioteca.blanes.cat\\\/salajove\\\/#organization\",\"name\":\"Biblioteca Comarcal de Blanes\",\"url\":\"https:\\\/\\\/biblioteca.blanes.cat\\\/salajove\\\/\",\"logo\":{\"@type\":\"ImageObject\",\"inLanguage\":\"ca\",\"@id\":\"https:\\\/\\\/biblioteca.blanes.cat\\\/salajove\\\/#\\\/schema\\\/logo\\\/image\\\/\",\"url\":\"https:\\\/\\\/biblioteca.blanes.cat\\\/salajove\\\/wp-content\\\/uploads\\\/sites\\\/3\\\/2017\\\/09\\\/cropped-Bib-blau-e1518869380535.png\",\"contentUrl\":\"https:\\\/\\\/biblioteca.blanes.cat\\\/salajove\\\/wp-content\\\/uploads\\\/sites\\\/3\\\/2017\\\/09\\\/cropped-Bib-blau-e1518869380535.png\",\"width\":166,\"height\":166,\"caption\":\"Biblioteca Comarcal de Blanes\"},\"image\":{\"@id\":\"https:\\\/\\\/biblioteca.blanes.cat\\\/salajove\\\/#\\\/schema\\\/logo\\\/image\\\/\"},\"sameAs\":[\"https:\\\/\\\/www.facebook.com\\\/BilbiotecaComarcaldeBlanes\\\/\",\"https:\\\/\\\/x.com\\\/BiblioBlanes\",\"https:\\\/\\\/www.instagram.com\\\/biblioblanes\\\/\",\"https:\\\/\\\/www.pinterest.es\\\/bblanes\\\/\",\"https:\\\/\\\/www.youtube.com\\\/c\\\/BibliotecaComarcalBlanes\"]},{\"@type\":\"Person\",\"@id\":\"https:\\\/\\\/biblioteca.blanes.cat\\\/salajove\\\/#\\\/schema\\\/person\\\/5a7b46760d9dd611d098bbf571a341dc\",\"name\":\"biblioblanes\",\"image\":{\"@type\":\"ImageObject\",\"inLanguage\":\"ca\",\"@id\":\"https:\\\/\\\/secure.gravatar.com\\\/avatar\\\/6593ca6cc90e5a70939f51c95e8315483b9c281bafba597292bee47992030f99?s=96&d=mm&r=g\",\"url\":\"https:\\\/\\\/secure.gravatar.com\\\/avatar\\\/6593ca6cc90e5a70939f51c95e8315483b9c281bafba597292bee47992030f99?s=96&d=mm&r=g\",\"contentUrl\":\"https:\\\/\\\/secure.gravatar.com\\\/avatar\\\/6593ca6cc90e5a70939f51c95e8315483b9c281bafba597292bee47992030f99?s=96&d=mm&r=g\",\"caption\":\"biblioblanes\"},\"sameAs\":[\"http:\\\/\\\/www.bibgirona.cat\\\/biblioteca\\\/blanes\",\"https:\\\/\\\/x.com\\\/biblioblanes\"],\"url\":\"https:\\\/\\\/biblioteca.blanes.cat\\\/salajove\\\/author\\\/biblioblanes\\\/\"}]}<\/script>\n<!-- \/ Yoast SEO plugin. -->","yoast_head_json":{"title":"biblioteca jove blanes club de lectura jove presentacio curs 2018-2019","description":"biblioteca jove blanes club de lectura jove presentacio curs 2018-2019 - El Club de Lectura Jove encetar\u00e0 el nou curs al setembre","robots":{"index":"index","follow":"follow","max-snippet":"max-snippet:-1","max-image-preview":"max-image-preview:large","max-video-preview":"max-video-preview:-1"},"canonical":"https:\/\/biblioteca.blanes.cat\/salajove\/2018\/09\/10\/biblioteca-jove-blanes-club-de-lectura-jove-presentacio-curs-2018-2019\/","og_locale":"ca_ES","og_type":"article","og_title":"biblioteca jove blanes club de lectura jove presentacio curs 2018-2019","og_description":"biblioteca jove blanes club de lectura jove presentacio curs 2018-2019 - El Club de Lectura Jove encetar\u00e0 el nou curs al setembre","og_url":"https:\/\/biblioteca.blanes.cat\/salajove\/2018\/09\/10\/biblioteca-jove-blanes-club-de-lectura-jove-presentacio-curs-2018-2019\/","og_site_name":"Sala Jove","article_publisher":"https:\/\/www.facebook.com\/BilbiotecaComarcaldeBlanes\/","article_published_time":"2018-09-10T08:30:18+00:00","article_modified_time":"2018-09-12T17:50:54+00:00","og_image":[{"width":3719,"height":3719,"url":"https:\/\/biblioteca.blanes.cat\/salajove\/wp-content\/uploads\/sites\/3\/2017\/09\/CLJ_.png","type":"image\/png"}],"author":"biblioblanes","twitter_card":"summary_large_image","twitter_creator":"@biblioblanes","twitter_site":"@BiblioBlanes","twitter_misc":{"Escrit per":"biblioblanes","Temps estimat de lectura":"1 minut"},"schema":{"@context":"https:\/\/schema.org","@graph":[{"@type":"Article","@id":"https:\/\/biblioteca.blanes.cat\/salajove\/2018\/09\/10\/biblioteca-jove-blanes-club-de-lectura-jove-presentacio-curs-2018-2019\/#article","isPartOf":{"@id":"https:\/\/biblioteca.blanes.cat\/salajove\/2018\/09\/10\/biblioteca-jove-blanes-club-de-lectura-jove-presentacio-curs-2018-2019\/"},"author":{"name":"biblioblanes","@id":"https:\/\/biblioteca.blanes.cat\/salajove\/#\/schema\/person\/5a7b46760d9dd611d098bbf571a341dc"},"headline":"CLJ: Presentaci\u00f3 curs 2018 &#8211; 2019","datePublished":"2018-09-10T08:30:18+00:00","dateModified":"2018-09-12T17:50:54+00:00","mainEntityOfPage":{"@id":"https:\/\/biblioteca.blanes.cat\/salajove\/2018\/09\/10\/biblioteca-jove-blanes-club-de-lectura-jove-presentacio-curs-2018-2019\/"},"wordCount":176,"commentCount":0,"publisher":{"@id":"https:\/\/biblioteca.blanes.cat\/salajove\/#organization"},"image":{"@id":"https:\/\/biblioteca.blanes.cat\/salajove\/2018\/09\/10\/biblioteca-jove-blanes-club-de-lectura-jove-presentacio-curs-2018-2019\/#primaryimage"},"thumbnailUrl":"https:\/\/biblioteca.blanes.cat\/salajove\/wp-content\/uploads\/sites\/3\/2017\/09\/CLJ_.png","articleSection":["Not\u00edcies"],"inLanguage":"ca","potentialAction":[{"@type":"CommentAction","name":"Comment","target":["https:\/\/biblioteca.blanes.cat\/salajove\/2018\/09\/10\/biblioteca-jove-blanes-club-de-lectura-jove-presentacio-curs-2018-2019\/#respond"]}]},{"@type":"WebPage","@id":"https:\/\/biblioteca.blanes.cat\/salajove\/2018\/09\/10\/biblioteca-jove-blanes-club-de-lectura-jove-presentacio-curs-2018-2019\/","url":"https:\/\/biblioteca.blanes.cat\/salajove\/2018\/09\/10\/biblioteca-jove-blanes-club-de-lectura-jove-presentacio-curs-2018-2019\/","name":"biblioteca jove blanes club de lectura jove presentacio curs 2018-2019","isPartOf":{"@id":"https:\/\/biblioteca.blanes.cat\/salajove\/#website"},"primaryImageOfPage":{"@id":"https:\/\/biblioteca.blanes.cat\/salajove\/2018\/09\/10\/biblioteca-jove-blanes-club-de-lectura-jove-presentacio-curs-2018-2019\/#primaryimage"},"image":{"@id":"https:\/\/biblioteca.blanes.cat\/salajove\/2018\/09\/10\/biblioteca-jove-blanes-club-de-lectura-jove-presentacio-curs-2018-2019\/#primaryimage"},"thumbnailUrl":"https:\/\/biblioteca.blanes.cat\/salajove\/wp-content\/uploads\/sites\/3\/2017\/09\/CLJ_.png","datePublished":"2018-09-10T08:30:18+00:00","dateModified":"2018-09-12T17:50:54+00:00","description":"biblioteca jove blanes club de lectura jove presentacio curs 2018-2019 - El Club de Lectura Jove encetar\u00e0 el nou curs al setembre","breadcrumb":{"@id":"https:\/\/biblioteca.blanes.cat\/salajove\/2018\/09\/10\/biblioteca-jove-blanes-club-de-lectura-jove-presentacio-curs-2018-2019\/#breadcrumb"},"inLanguage":"ca","potentialAction":[{"@type":"ReadAction","target":["https:\/\/biblioteca.blanes.cat\/salajove\/2018\/09\/10\/biblioteca-jove-blanes-club-de-lectura-jove-presentacio-curs-2018-2019\/"]}]},{"@type":"ImageObject","inLanguage":"ca","@id":"https:\/\/biblioteca.blanes.cat\/salajove\/2018\/09\/10\/biblioteca-jove-blanes-club-de-lectura-jove-presentacio-curs-2018-2019\/#primaryimage","url":"https:\/\/biblioteca.blanes.cat\/salajove\/wp-content\/uploads\/sites\/3\/2017\/09\/CLJ_.png","contentUrl":"https:\/\/biblioteca.blanes.cat\/salajove\/wp-content\/uploads\/sites\/3\/2017\/09\/CLJ_.png","width":3719,"height":3719},{"@type":"BreadcrumbList","@id":"https:\/\/biblioteca.blanes.cat\/salajove\/2018\/09\/10\/biblioteca-jove-blanes-club-de-lectura-jove-presentacio-curs-2018-2019\/#breadcrumb","itemListElement":[{"@type":"ListItem","position":1,"name":"Inici","item":"https:\/\/biblioteca.blanes.cat\/salajove\/"},{"@type":"ListItem","position":2,"name":"CLJ: Presentaci\u00f3 curs 2018 &#8211; 2019"}]},{"@type":"WebSite","@id":"https:\/\/biblioteca.blanes.cat\/salajove\/#website","url":"https:\/\/biblioteca.blanes.cat\/salajove\/","name":"Sala Jove","description":"Biblioteca Comarcal de Blanes","publisher":{"@id":"https:\/\/biblioteca.blanes.cat\/salajove\/#organization"},"potentialAction":[{"@type":"SearchAction","target":{"@type":"EntryPoint","urlTemplate":"https:\/\/biblioteca.blanes.cat\/salajove\/?s={search_term_string}"},"query-input":{"@type":"PropertyValueSpecification","valueRequired":true,"valueName":"search_term_string"}}],"inLanguage":"ca"},{"@type":"Organization","@id":"https:\/\/biblioteca.blanes.cat\/salajove\/#organization","name":"Biblioteca Comarcal de Blanes","url":"https:\/\/biblioteca.blanes.cat\/salajove\/","logo":{"@type":"ImageObject","inLanguage":"ca","@id":"https:\/\/biblioteca.blanes.cat\/salajove\/#\/schema\/logo\/image\/","url":"https:\/\/biblioteca.blanes.cat\/salajove\/wp-content\/uploads\/sites\/3\/2017\/09\/cropped-Bib-blau-e1518869380535.png","contentUrl":"https:\/\/biblioteca.blanes.cat\/salajove\/wp-content\/uploads\/sites\/3\/2017\/09\/cropped-Bib-blau-e1518869380535.png","width":166,"height":166,"caption":"Biblioteca Comarcal de Blanes"},"image":{"@id":"https:\/\/biblioteca.blanes.cat\/salajove\/#\/schema\/logo\/image\/"},"sameAs":["https:\/\/www.facebook.com\/BilbiotecaComarcaldeBlanes\/","https:\/\/x.com\/BiblioBlanes","https:\/\/www.instagram.com\/biblioblanes\/","https:\/\/www.pinterest.es\/bblanes\/","https:\/\/www.youtube.com\/c\/BibliotecaComarcalBlanes"]},{"@type":"Person","@id":"https:\/\/biblioteca.blanes.cat\/salajove\/#\/schema\/person\/5a7b46760d9dd611d098bbf571a341dc","name":"biblioblanes","image":{"@type":"ImageObject","inLanguage":"ca","@id":"https:\/\/secure.gravatar.com\/avatar\/6593ca6cc90e5a70939f51c95e8315483b9c281bafba597292bee47992030f99?s=96&d=mm&r=g","url":"https:\/\/secure.gravatar.com\/avatar\/6593ca6cc90e5a70939f51c95e8315483b9c281bafba597292bee47992030f99?s=96&d=mm&r=g","contentUrl":"https:\/\/secure.gravatar.com\/avatar\/6593ca6cc90e5a70939f51c95e8315483b9c281bafba597292bee47992030f99?s=96&d=mm&r=g","caption":"biblioblanes"},"sameAs":["http:\/\/www.bibgirona.cat\/biblioteca\/blanes","https:\/\/x.com\/biblioblanes"],"url":"https:\/\/biblioteca.blanes.cat\/salajove\/author\/biblioblanes\/"}]}},"_links":{"self":[{"href":"https:\/\/biblioteca.blanes.cat\/salajove\/wp-json\/wp\/v2\/posts\/1734","targetHints":{"allow":["GET"]}}],"collection":[{"href":"https:\/\/biblioteca.blanes.cat\/salajove\/wp-json\/wp\/v2\/posts"}],"about":[{"href":"https:\/\/biblioteca.blanes.cat\/salajove\/wp-json\/wp\/v2\/types\/post"}],"author":[{"embeddable":true,"href":"https:\/\/biblioteca.blanes.cat\/salajove\/wp-json\/wp\/v2\/users\/4"}],"replies":[{"embeddable":true,"href":"https:\/\/biblioteca.blanes.cat\/salajove\/wp-json\/wp\/v2\/comments?post=1734"}],"version-history":[{"count":25,"href":"https:\/\/biblioteca.blanes.cat\/salajove\/wp-json\/wp\/v2\/posts\/1734\/revisions"}],"predecessor-version":[{"id":1824,"href":"https:\/\/biblioteca.blanes.cat\/salajove\/wp-json\/wp\/v2\/posts\/1734\/revisions\/1824"}],"wp:featuredmedia":[{"embeddable":true,"href":"https:\/\/biblioteca.blanes.cat\/salajove\/wp-json\/wp\/v2\/media\/1799"}],"wp:attachment":[{"href":"https:\/\/biblioteca.blanes.cat\/salajove\/wp-json\/wp\/v2\/media?parent=1734"}],"wp:term":[{"taxonomy":"category","embeddable":true,"href":"https:\/\/biblioteca.blanes.cat\/salajove\/wp-json\/wp\/v2\/categories?post=1734"},{"taxonomy":"post_tag","embeddable":true,"href":"https:\/\/biblioteca.blanes.cat\/salajove\/wp-json\/wp\/v2\/tags?post=1734"}],"curies":[{"name":"wp","href":"https:\/\/api.w.org\/{rel}","templated":true}]}}