{"id":1712,"date":"2018-09-03T18:49:35","date_gmt":"2018-09-03T17:49:35","guid":{"rendered":"https:\/\/biblioteca.blanes.cat\/salajove\/?p=1712"},"modified":"2018-09-03T18:53:43","modified_gmt":"2018-09-03T17:53:43","slug":"els-dies-que-ens-separen-laia-soler","status":"publish","type":"post","link":"https:\/\/biblioteca.blanes.cat\/salajove\/2018\/09\/03\/els-dies-que-ens-separen-laia-soler\/","title":{"rendered":"ELS DIES QUE ENS SEPAREN &#8211; LAIA SOLER"},"content":{"rendered":"<h4 style=\"text-align: center\">ELS DIES QUE ENS SEPAREN\u00a0<\/h4>\n<h4 style=\"text-align: center\">LAIA SOLER\u00a0<\/h4>\n<h5 style=\"text-align: center\">(Plataforma Editorial Neo)<\/h5>\n<p>Aviat les fulles comen\u00e7aran a ballar amanyagades per l\u2019aire i cauran suaument en un mar de tons rogencs i marrons. Els arbres s\u2019escruixiran acariciats pels vents hivernals. Els dies s\u2019escur\u00e7aran i les nits seran llargues.<img fetchpriority=\"high\" decoding=\"async\" class=\"alignright\" src=\"https:\/\/imagessl6.casadellibro.com\/a\/l\/t0\/46\/9788415750246.jpg\" width=\"265\" height=\"423\" \/><\/p>\n<p>Aviat l\u2019estiu quedar\u00e0 oblidat en la mem\u00f2ria.<\/p>\n<p>La mem\u00f2ria. Quin gran misteri&#8230; Si pogu\u00e9ssim recordar tots els detalls de la nostra vida fins i tot d\u2019altres vides, si \u00e9s que les hem viscut. El temps \u00e9s l\u2019assass\u00ed de la mem\u00f2ria. Lluitem contra el temps, saltem les barreres del temps. Potser aix\u00ed entendrem el dest\u00ed de moltes vides.<\/p>\n<p>La Laia Soler \u00e9s l\u2019autora de \u201cEls dies que ens separen\u201d.<\/p>\n<h5 style=\"text-align: center\">Va ser la seva primera novel\u00b7la i veient l\u2019\u00e8xit d\u2019aquesta va redactar tres llibres m\u00e9s que tamb\u00e9 van ser exitosos: \u201cHeima es hogar en island\u00e8s\u201d, \u201cNosaltres despr\u00e9s de les dotze\u201d i \u201cTu i jo despr\u00e9s de l\u2019hivern\u201d.<\/h5>\n<p>Laia Soler escriu d\u2019una manera molt especial. M\u2019agrada la seva manera de descriure els sentiments dels personatges. No us perdeu el delici\u00f3s moment en que la Marina llegeix la carta d\u2019en Victor.<\/p>\n<p>En una biblioteca de Barcelona l\u2019Abril i en Leo van creuar les seves mirades. A partir d\u2019aquesta casual topada l\u2019Abril somia amb la vida de la Marina i en\u00a0V\u00edctor a la Barcelona del 1914. La Marina presenta el mateix aspecte que l\u2019Abril i \u00e9s una obrera. I en V\u00edctor t\u00e9 el mateix aspecte que en Leo i \u00e9s un burg\u00e8s que viu al mateix edifici que la Marina. La hist\u00f2ria d\u2019amor impossible entre en V\u00edctor i la Marina va avan\u00e7ant mentre l\u2019Abril batalla per mantenir-se al marge i intenta descobrir el significat dels seus somnis. Potser el trobar\u00e0 en la mirada d\u2019en Leo&#8230;<\/p>\n<p>La Marina \u00e9s una noia forta, decidida i treballadora. Desitja rebel\u00b7lar-se, viure una vida millor que la que s\u2019havia vist obligada a seguir.<\/p>\n<p>En V\u00edctor, al principi del llibre, mostra una faceta arrogant per\u00f2 poc a poc es va anar guanyant la meva estima. Al final em va encantar!<\/p>\n<p>Despr\u00e9s trobem a la nostra Abril. La seva hist\u00f2ria no es profunditza tant com la de la Marina i en Victor per\u00f2 em va enamorar igual. \u00c9s una estudiant universit\u00e0ria amb pares amb problemes. A part d\u2019estudiar t\u00e9 que fer totes les tasques que els seus pares no fan. Jo l\u2019he considerada una persona molt segura de si mateixa, lluitadora i treballadora.<\/p>\n<p>Per \u00faltim, el final em va semblar perfecte. En les \u00faltimes p\u00e0gines es produeix un gir argumental que em va deixar amb un gran somriure als llavis.<\/p>\n<h5 style=\"text-align: center\">Ara toquen unes quantes frases:<\/h5>\n<p style=\"text-align: center\"><em>\u201cSi no tens res important a dir, \u00e9s millor no dir res.\u201d<\/em><\/p>\n<p style=\"text-align: center\"><em>\u201cNing\u00fa t\u00e9 elecci\u00f3. Tots tenim que jugar en el b\u00e0ndol que ens ha tocat n\u00e9ixer.\u201d<\/em><\/p>\n<p style=\"text-align: center\"><em>\u201cExisteix una paraula per definir el moment en que fantasia i realitat es barregen: bogeria. \u201c<\/em><\/p>\n<p style=\"text-align: center\"><em>\u201cL\u2019\u00e9sser hum\u00e0 \u00e9s meravell\u00f3s. \u00c9s un mag. I jo formo part d\u2019aquesta esp\u00e8cie. Aquest pensament em fa sentir tan immensament afortunada&#8230;\u201d<\/em><\/p>\n<p style=\"text-align: center\"><em>\u201cVull dir-li que el m\u00f3n no est\u00e0 fet per als valents, sin\u00f3 per als afortunats, i que ser sincer serveix de ben poc si no tens la sort del teu costat.\u201d<\/em><\/p>\n<p style=\"text-align: center\"><em>\u201cNom\u00e9s desitjo continuar dormint per seguir somiant. \u201c<\/em><\/p>\n<p style=\"text-align: center\"><em>\u201cNing\u00fa pot fer-te feli\u00e7. La felicitat \u00e9s un sentiment propi que neix d\u2019un mateix, Marina.\u201d<\/em><\/p>\n<h5 style=\"text-align: center\">I ara unes an\u00e8cdotes:<\/h5>\n<p>*Laia Soler va n\u00e9ixer a Lleida el 1991. Es va graduar en periodisme a la Universitat Aut\u00f2noma de Barcelona.<\/p>\n<p>*\u00c9s una jove escriptora enamorada de Peter Pan, Isl\u00e0ndia i la xocolata.<\/p>\n<p>*Va descobrir la m\u00e0gia d\u2019escriure als vuit anys. Als 17 anys va acabar la seva primera novel\u00b7la. I va escriure tres hist\u00f2ries m\u00e9s abans no va tenir la seva primera oportunitat amb una editorial als vint-i-un anys.<\/p>\n<p>*Va comen\u00e7ar a llegir i a escriure sent molt jove. Aix\u00f2 la va portar a crear-se un bloc \u201cAlas de papel\u201d (tancat actualment) on ressenyava les seves lectures i compartia la seva opini\u00f3 amb altres lectors sota el pseud\u00f2nim de Selene.<\/p>\n<p>*\u201dEls dies que ens separen\u201d va ser la seva primera novel\u00b7la i va guanyar el Premi literari La Caixa\/Plataforma Neo.<\/p>\n<p>S\u00f3n dos hist\u00f2ries separades pel temps. Lluitem contra el temps, saltem les barreres del temps i trobarem un final \u00fanic, sorprenent i perfecte, com no podia ser de cap altra manera. Si el llegiu m\u2019entendreu ;).<\/p>\n<p style=\"text-align: center\"><strong><em>S\u00e9 que encara que no vulgui complir\u00e9 la promesa que li vaig fer l\u2019\u00faltima vegada que ens vam veure: l\u2019estimar\u00e9 mentre la lluna segueixi all\u00e0 dalt. Ell tenia ra\u00f3, i ara ho veig m\u00e9s clar que mai. El temps no t\u00e9 suficients dies per separar-nos.<\/em><\/strong><\/p>\n","protected":false},"excerpt":{"rendered":"<p>ELS DIES QUE ENS SEPAREN\u00a0 LAIA SOLER\u00a0 (Plataforma Editorial Neo) Aviat les fulles comen\u00e7aran a ballar amanyagades per l\u2019aire i cauran suaument en un mar de tons rogencs i marrons. Els arbres s\u2019escruixiran acariciats pels vents hivernals. Els dies s\u2019escur\u00e7aran<\/p>\n","protected":false},"author":6,"featured_media":154,"comment_status":"open","ping_status":"open","sticky":false,"template":"","format":"standard","meta":{"sfsi_plus_gutenberg_text_before_share":"","sfsi_plus_gutenberg_show_text_before_share":"","sfsi_plus_gutenberg_icon_type":"","sfsi_plus_gutenberg_icon_alignemt":"","sfsi_plus_gutenburg_max_per_row":"","footnotes":""},"categories":[9,12],"tags":[34,52,26,21],"class_list":["post-1712","post","type-post","status-publish","format-standard","has-post-thumbnail","hentry","category-raco-de-la-paula","category-popular","tag-blog-de-lectura","tag-joves","tag-lectura","tag-llibres"],"yoast_head":"<!-- This site is optimized with the Yoast SEO plugin v27.5 - https:\/\/yoast.com\/product\/yoast-seo-wordpress\/ -->\n<title>ELS DIES QUE ENS SEPAREN - LAIA SOLER - Sala Jove<\/title>\n<meta name=\"description\" content=\"La hist\u00f2ria d\u2019amor impossible entre en V\u00edctor i la Marina va avan\u00e7ant mentre l\u2019Abril batalla per mantenir-se al marge i intenta descobrir el seignificat...\" \/>\n<meta name=\"robots\" content=\"index, follow, max-snippet:-1, max-image-preview:large, max-video-preview:-1\" \/>\n<link rel=\"canonical\" href=\"https:\/\/biblioteca.blanes.cat\/salajove\/2018\/09\/03\/els-dies-que-ens-separen-laia-soler\/\" \/>\n<meta property=\"og:locale\" content=\"ca_ES\" \/>\n<meta property=\"og:type\" content=\"article\" \/>\n<meta property=\"og:title\" content=\"ELS DIES QUE ENS SEPAREN - LAIA SOLER - Sala Jove\" \/>\n<meta property=\"og:description\" content=\"La hist\u00f2ria d\u2019amor impossible entre en V\u00edctor i la Marina va avan\u00e7ant mentre l\u2019Abril batalla per mantenir-se al marge i intenta descobrir el seignificat...\" \/>\n<meta property=\"og:url\" content=\"https:\/\/biblioteca.blanes.cat\/salajove\/2018\/09\/03\/els-dies-que-ens-separen-laia-soler\/\" \/>\n<meta property=\"og:site_name\" content=\"Sala Jove\" \/>\n<meta property=\"article:publisher\" content=\"https:\/\/www.facebook.com\/BilbiotecaComarcaldeBlanes\/\" \/>\n<meta property=\"article:published_time\" content=\"2018-09-03T17:49:35+00:00\" \/>\n<meta property=\"article:modified_time\" content=\"2018-09-03T17:53:43+00:00\" \/>\n<meta property=\"og:image\" content=\"https:\/\/biblioteca.blanes.cat\/salajove\/wp-content\/uploads\/sites\/3\/2017\/10\/Destacat_rac\u00f3_Paula.png\" \/>\n\t<meta property=\"og:image:width\" content=\"3719\" \/>\n\t<meta property=\"og:image:height\" content=\"2265\" \/>\n\t<meta property=\"og:image:type\" content=\"image\/png\" \/>\n<meta name=\"author\" content=\"paula\" \/>\n<meta name=\"twitter:card\" content=\"summary_large_image\" \/>\n<meta name=\"twitter:creator\" content=\"@BiblioBlanes\" \/>\n<meta name=\"twitter:site\" content=\"@BiblioBlanes\" \/>\n<meta name=\"twitter:label1\" content=\"Escrit per\" \/>\n\t<meta name=\"twitter:data1\" content=\"paula\" \/>\n\t<meta name=\"twitter:label2\" content=\"Temps estimat de lectura\" \/>\n\t<meta name=\"twitter:data2\" content=\"4 minuts\" \/>\n<script type=\"application\/ld+json\" class=\"yoast-schema-graph\">{\"@context\":\"https:\\\/\\\/schema.org\",\"@graph\":[{\"@type\":\"Article\",\"@id\":\"https:\\\/\\\/biblioteca.blanes.cat\\\/salajove\\\/2018\\\/09\\\/03\\\/els-dies-que-ens-separen-laia-soler\\\/#article\",\"isPartOf\":{\"@id\":\"https:\\\/\\\/biblioteca.blanes.cat\\\/salajove\\\/2018\\\/09\\\/03\\\/els-dies-que-ens-separen-laia-soler\\\/\"},\"author\":{\"name\":\"paula\",\"@id\":\"https:\\\/\\\/biblioteca.blanes.cat\\\/salajove\\\/#\\\/schema\\\/person\\\/8dbc45cdf5d1c7e2d100d147517ba7f3\"},\"headline\":\"ELS DIES QUE ENS SEPAREN &#8211; LAIA SOLER\",\"datePublished\":\"2018-09-03T17:49:35+00:00\",\"dateModified\":\"2018-09-03T17:53:43+00:00\",\"mainEntityOfPage\":{\"@id\":\"https:\\\/\\\/biblioteca.blanes.cat\\\/salajove\\\/2018\\\/09\\\/03\\\/els-dies-que-ens-separen-laia-soler\\\/\"},\"wordCount\":838,\"commentCount\":0,\"publisher\":{\"@id\":\"https:\\\/\\\/biblioteca.blanes.cat\\\/salajove\\\/#organization\"},\"image\":{\"@id\":\"https:\\\/\\\/biblioteca.blanes.cat\\\/salajove\\\/2018\\\/09\\\/03\\\/els-dies-que-ens-separen-laia-soler\\\/#primaryimage\"},\"thumbnailUrl\":\"https:\\\/\\\/biblioteca.blanes.cat\\\/salajove\\\/wp-content\\\/uploads\\\/sites\\\/3\\\/2017\\\/10\\\/Destacat_rac\u00f3_Paula.png\",\"keywords\":[\"#BlogdeLectura\",\"#Joves\",\"#Lectura\",\"#Llibres\"],\"articleSection\":[\"Rac\u00f3 de la Paula\",\"RP_Popular\"],\"inLanguage\":\"ca\",\"potentialAction\":[{\"@type\":\"CommentAction\",\"name\":\"Comment\",\"target\":[\"https:\\\/\\\/biblioteca.blanes.cat\\\/salajove\\\/2018\\\/09\\\/03\\\/els-dies-que-ens-separen-laia-soler\\\/#respond\"]}]},{\"@type\":\"WebPage\",\"@id\":\"https:\\\/\\\/biblioteca.blanes.cat\\\/salajove\\\/2018\\\/09\\\/03\\\/els-dies-que-ens-separen-laia-soler\\\/\",\"url\":\"https:\\\/\\\/biblioteca.blanes.cat\\\/salajove\\\/2018\\\/09\\\/03\\\/els-dies-que-ens-separen-laia-soler\\\/\",\"name\":\"ELS DIES QUE ENS SEPAREN - LAIA SOLER - Sala Jove\",\"isPartOf\":{\"@id\":\"https:\\\/\\\/biblioteca.blanes.cat\\\/salajove\\\/#website\"},\"primaryImageOfPage\":{\"@id\":\"https:\\\/\\\/biblioteca.blanes.cat\\\/salajove\\\/2018\\\/09\\\/03\\\/els-dies-que-ens-separen-laia-soler\\\/#primaryimage\"},\"image\":{\"@id\":\"https:\\\/\\\/biblioteca.blanes.cat\\\/salajove\\\/2018\\\/09\\\/03\\\/els-dies-que-ens-separen-laia-soler\\\/#primaryimage\"},\"thumbnailUrl\":\"https:\\\/\\\/biblioteca.blanes.cat\\\/salajove\\\/wp-content\\\/uploads\\\/sites\\\/3\\\/2017\\\/10\\\/Destacat_rac\u00f3_Paula.png\",\"datePublished\":\"2018-09-03T17:49:35+00:00\",\"dateModified\":\"2018-09-03T17:53:43+00:00\",\"description\":\"La hist\u00f2ria d\u2019amor impossible entre en V\u00edctor i la Marina va avan\u00e7ant mentre l\u2019Abril batalla per mantenir-se al marge i intenta descobrir el seignificat...\",\"breadcrumb\":{\"@id\":\"https:\\\/\\\/biblioteca.blanes.cat\\\/salajove\\\/2018\\\/09\\\/03\\\/els-dies-que-ens-separen-laia-soler\\\/#breadcrumb\"},\"inLanguage\":\"ca\",\"potentialAction\":[{\"@type\":\"ReadAction\",\"target\":[\"https:\\\/\\\/biblioteca.blanes.cat\\\/salajove\\\/2018\\\/09\\\/03\\\/els-dies-que-ens-separen-laia-soler\\\/\"]}]},{\"@type\":\"ImageObject\",\"inLanguage\":\"ca\",\"@id\":\"https:\\\/\\\/biblioteca.blanes.cat\\\/salajove\\\/2018\\\/09\\\/03\\\/els-dies-que-ens-separen-laia-soler\\\/#primaryimage\",\"url\":\"https:\\\/\\\/biblioteca.blanes.cat\\\/salajove\\\/wp-content\\\/uploads\\\/sites\\\/3\\\/2017\\\/10\\\/Destacat_rac\u00f3_Paula.png\",\"contentUrl\":\"https:\\\/\\\/biblioteca.blanes.cat\\\/salajove\\\/wp-content\\\/uploads\\\/sites\\\/3\\\/2017\\\/10\\\/Destacat_rac\u00f3_Paula.png\",\"width\":3719,\"height\":2265,\"caption\":\"Rac\u00f3 de la Paula\"},{\"@type\":\"BreadcrumbList\",\"@id\":\"https:\\\/\\\/biblioteca.blanes.cat\\\/salajove\\\/2018\\\/09\\\/03\\\/els-dies-que-ens-separen-laia-soler\\\/#breadcrumb\",\"itemListElement\":[{\"@type\":\"ListItem\",\"position\":1,\"name\":\"Inici\",\"item\":\"https:\\\/\\\/biblioteca.blanes.cat\\\/salajove\\\/\"},{\"@type\":\"ListItem\",\"position\":2,\"name\":\"ELS DIES QUE ENS SEPAREN &#8211; LAIA SOLER\"}]},{\"@type\":\"WebSite\",\"@id\":\"https:\\\/\\\/biblioteca.blanes.cat\\\/salajove\\\/#website\",\"url\":\"https:\\\/\\\/biblioteca.blanes.cat\\\/salajove\\\/\",\"name\":\"Sala Jove\",\"description\":\"Biblioteca Comarcal de Blanes\",\"publisher\":{\"@id\":\"https:\\\/\\\/biblioteca.blanes.cat\\\/salajove\\\/#organization\"},\"potentialAction\":[{\"@type\":\"SearchAction\",\"target\":{\"@type\":\"EntryPoint\",\"urlTemplate\":\"https:\\\/\\\/biblioteca.blanes.cat\\\/salajove\\\/?s={search_term_string}\"},\"query-input\":{\"@type\":\"PropertyValueSpecification\",\"valueRequired\":true,\"valueName\":\"search_term_string\"}}],\"inLanguage\":\"ca\"},{\"@type\":\"Organization\",\"@id\":\"https:\\\/\\\/biblioteca.blanes.cat\\\/salajove\\\/#organization\",\"name\":\"Biblioteca Comarcal de Blanes\",\"url\":\"https:\\\/\\\/biblioteca.blanes.cat\\\/salajove\\\/\",\"logo\":{\"@type\":\"ImageObject\",\"inLanguage\":\"ca\",\"@id\":\"https:\\\/\\\/biblioteca.blanes.cat\\\/salajove\\\/#\\\/schema\\\/logo\\\/image\\\/\",\"url\":\"https:\\\/\\\/biblioteca.blanes.cat\\\/salajove\\\/wp-content\\\/uploads\\\/sites\\\/3\\\/2017\\\/09\\\/cropped-Bib-blau-e1518869380535.png\",\"contentUrl\":\"https:\\\/\\\/biblioteca.blanes.cat\\\/salajove\\\/wp-content\\\/uploads\\\/sites\\\/3\\\/2017\\\/09\\\/cropped-Bib-blau-e1518869380535.png\",\"width\":166,\"height\":166,\"caption\":\"Biblioteca Comarcal de Blanes\"},\"image\":{\"@id\":\"https:\\\/\\\/biblioteca.blanes.cat\\\/salajove\\\/#\\\/schema\\\/logo\\\/image\\\/\"},\"sameAs\":[\"https:\\\/\\\/www.facebook.com\\\/BilbiotecaComarcaldeBlanes\\\/\",\"https:\\\/\\\/x.com\\\/BiblioBlanes\",\"https:\\\/\\\/www.instagram.com\\\/biblioblanes\\\/\",\"https:\\\/\\\/www.pinterest.es\\\/bblanes\\\/\",\"https:\\\/\\\/www.youtube.com\\\/c\\\/BibliotecaComarcalBlanes\"]},{\"@type\":\"Person\",\"@id\":\"https:\\\/\\\/biblioteca.blanes.cat\\\/salajove\\\/#\\\/schema\\\/person\\\/8dbc45cdf5d1c7e2d100d147517ba7f3\",\"name\":\"paula\",\"image\":{\"@type\":\"ImageObject\",\"inLanguage\":\"ca\",\"@id\":\"https:\\\/\\\/secure.gravatar.com\\\/avatar\\\/7dc0a9399589f36ddc6864e8335b73854871aa22921ee390cb50776e7ddfc136?s=96&d=mm&r=g\",\"url\":\"https:\\\/\\\/secure.gravatar.com\\\/avatar\\\/7dc0a9399589f36ddc6864e8335b73854871aa22921ee390cb50776e7ddfc136?s=96&d=mm&r=g\",\"contentUrl\":\"https:\\\/\\\/secure.gravatar.com\\\/avatar\\\/7dc0a9399589f36ddc6864e8335b73854871aa22921ee390cb50776e7ddfc136?s=96&d=mm&r=g\",\"caption\":\"paula\"},\"url\":\"https:\\\/\\\/biblioteca.blanes.cat\\\/salajove\\\/author\\\/paula\\\/\"}]}<\/script>\n<!-- \/ Yoast SEO plugin. -->","yoast_head_json":{"title":"ELS DIES QUE ENS SEPAREN - LAIA SOLER - Sala Jove","description":"La hist\u00f2ria d\u2019amor impossible entre en V\u00edctor i la Marina va avan\u00e7ant mentre l\u2019Abril batalla per mantenir-se al marge i intenta descobrir el seignificat...","robots":{"index":"index","follow":"follow","max-snippet":"max-snippet:-1","max-image-preview":"max-image-preview:large","max-video-preview":"max-video-preview:-1"},"canonical":"https:\/\/biblioteca.blanes.cat\/salajove\/2018\/09\/03\/els-dies-que-ens-separen-laia-soler\/","og_locale":"ca_ES","og_type":"article","og_title":"ELS DIES QUE ENS SEPAREN - LAIA SOLER - Sala Jove","og_description":"La hist\u00f2ria d\u2019amor impossible entre en V\u00edctor i la Marina va avan\u00e7ant mentre l\u2019Abril batalla per mantenir-se al marge i intenta descobrir el seignificat...","og_url":"https:\/\/biblioteca.blanes.cat\/salajove\/2018\/09\/03\/els-dies-que-ens-separen-laia-soler\/","og_site_name":"Sala Jove","article_publisher":"https:\/\/www.facebook.com\/BilbiotecaComarcaldeBlanes\/","article_published_time":"2018-09-03T17:49:35+00:00","article_modified_time":"2018-09-03T17:53:43+00:00","og_image":[{"width":3719,"height":2265,"url":"https:\/\/biblioteca.blanes.cat\/salajove\/wp-content\/uploads\/sites\/3\/2017\/10\/Destacat_rac\u00f3_Paula.png","type":"image\/png"}],"author":"paula","twitter_card":"summary_large_image","twitter_creator":"@BiblioBlanes","twitter_site":"@BiblioBlanes","twitter_misc":{"Escrit per":"paula","Temps estimat de lectura":"4 minuts"},"schema":{"@context":"https:\/\/schema.org","@graph":[{"@type":"Article","@id":"https:\/\/biblioteca.blanes.cat\/salajove\/2018\/09\/03\/els-dies-que-ens-separen-laia-soler\/#article","isPartOf":{"@id":"https:\/\/biblioteca.blanes.cat\/salajove\/2018\/09\/03\/els-dies-que-ens-separen-laia-soler\/"},"author":{"name":"paula","@id":"https:\/\/biblioteca.blanes.cat\/salajove\/#\/schema\/person\/8dbc45cdf5d1c7e2d100d147517ba7f3"},"headline":"ELS DIES QUE ENS SEPAREN &#8211; LAIA SOLER","datePublished":"2018-09-03T17:49:35+00:00","dateModified":"2018-09-03T17:53:43+00:00","mainEntityOfPage":{"@id":"https:\/\/biblioteca.blanes.cat\/salajove\/2018\/09\/03\/els-dies-que-ens-separen-laia-soler\/"},"wordCount":838,"commentCount":0,"publisher":{"@id":"https:\/\/biblioteca.blanes.cat\/salajove\/#organization"},"image":{"@id":"https:\/\/biblioteca.blanes.cat\/salajove\/2018\/09\/03\/els-dies-que-ens-separen-laia-soler\/#primaryimage"},"thumbnailUrl":"https:\/\/biblioteca.blanes.cat\/salajove\/wp-content\/uploads\/sites\/3\/2017\/10\/Destacat_rac\u00f3_Paula.png","keywords":["#BlogdeLectura","#Joves","#Lectura","#Llibres"],"articleSection":["Rac\u00f3 de la Paula","RP_Popular"],"inLanguage":"ca","potentialAction":[{"@type":"CommentAction","name":"Comment","target":["https:\/\/biblioteca.blanes.cat\/salajove\/2018\/09\/03\/els-dies-que-ens-separen-laia-soler\/#respond"]}]},{"@type":"WebPage","@id":"https:\/\/biblioteca.blanes.cat\/salajove\/2018\/09\/03\/els-dies-que-ens-separen-laia-soler\/","url":"https:\/\/biblioteca.blanes.cat\/salajove\/2018\/09\/03\/els-dies-que-ens-separen-laia-soler\/","name":"ELS DIES QUE ENS SEPAREN - LAIA SOLER - Sala Jove","isPartOf":{"@id":"https:\/\/biblioteca.blanes.cat\/salajove\/#website"},"primaryImageOfPage":{"@id":"https:\/\/biblioteca.blanes.cat\/salajove\/2018\/09\/03\/els-dies-que-ens-separen-laia-soler\/#primaryimage"},"image":{"@id":"https:\/\/biblioteca.blanes.cat\/salajove\/2018\/09\/03\/els-dies-que-ens-separen-laia-soler\/#primaryimage"},"thumbnailUrl":"https:\/\/biblioteca.blanes.cat\/salajove\/wp-content\/uploads\/sites\/3\/2017\/10\/Destacat_rac\u00f3_Paula.png","datePublished":"2018-09-03T17:49:35+00:00","dateModified":"2018-09-03T17:53:43+00:00","description":"La hist\u00f2ria d\u2019amor impossible entre en V\u00edctor i la Marina va avan\u00e7ant mentre l\u2019Abril batalla per mantenir-se al marge i intenta descobrir el seignificat...","breadcrumb":{"@id":"https:\/\/biblioteca.blanes.cat\/salajove\/2018\/09\/03\/els-dies-que-ens-separen-laia-soler\/#breadcrumb"},"inLanguage":"ca","potentialAction":[{"@type":"ReadAction","target":["https:\/\/biblioteca.blanes.cat\/salajove\/2018\/09\/03\/els-dies-que-ens-separen-laia-soler\/"]}]},{"@type":"ImageObject","inLanguage":"ca","@id":"https:\/\/biblioteca.blanes.cat\/salajove\/2018\/09\/03\/els-dies-que-ens-separen-laia-soler\/#primaryimage","url":"https:\/\/biblioteca.blanes.cat\/salajove\/wp-content\/uploads\/sites\/3\/2017\/10\/Destacat_rac\u00f3_Paula.png","contentUrl":"https:\/\/biblioteca.blanes.cat\/salajove\/wp-content\/uploads\/sites\/3\/2017\/10\/Destacat_rac\u00f3_Paula.png","width":3719,"height":2265,"caption":"Rac\u00f3 de la Paula"},{"@type":"BreadcrumbList","@id":"https:\/\/biblioteca.blanes.cat\/salajove\/2018\/09\/03\/els-dies-que-ens-separen-laia-soler\/#breadcrumb","itemListElement":[{"@type":"ListItem","position":1,"name":"Inici","item":"https:\/\/biblioteca.blanes.cat\/salajove\/"},{"@type":"ListItem","position":2,"name":"ELS DIES QUE ENS SEPAREN &#8211; LAIA SOLER"}]},{"@type":"WebSite","@id":"https:\/\/biblioteca.blanes.cat\/salajove\/#website","url":"https:\/\/biblioteca.blanes.cat\/salajove\/","name":"Sala Jove","description":"Biblioteca Comarcal de Blanes","publisher":{"@id":"https:\/\/biblioteca.blanes.cat\/salajove\/#organization"},"potentialAction":[{"@type":"SearchAction","target":{"@type":"EntryPoint","urlTemplate":"https:\/\/biblioteca.blanes.cat\/salajove\/?s={search_term_string}"},"query-input":{"@type":"PropertyValueSpecification","valueRequired":true,"valueName":"search_term_string"}}],"inLanguage":"ca"},{"@type":"Organization","@id":"https:\/\/biblioteca.blanes.cat\/salajove\/#organization","name":"Biblioteca Comarcal de Blanes","url":"https:\/\/biblioteca.blanes.cat\/salajove\/","logo":{"@type":"ImageObject","inLanguage":"ca","@id":"https:\/\/biblioteca.blanes.cat\/salajove\/#\/schema\/logo\/image\/","url":"https:\/\/biblioteca.blanes.cat\/salajove\/wp-content\/uploads\/sites\/3\/2017\/09\/cropped-Bib-blau-e1518869380535.png","contentUrl":"https:\/\/biblioteca.blanes.cat\/salajove\/wp-content\/uploads\/sites\/3\/2017\/09\/cropped-Bib-blau-e1518869380535.png","width":166,"height":166,"caption":"Biblioteca Comarcal de Blanes"},"image":{"@id":"https:\/\/biblioteca.blanes.cat\/salajove\/#\/schema\/logo\/image\/"},"sameAs":["https:\/\/www.facebook.com\/BilbiotecaComarcaldeBlanes\/","https:\/\/x.com\/BiblioBlanes","https:\/\/www.instagram.com\/biblioblanes\/","https:\/\/www.pinterest.es\/bblanes\/","https:\/\/www.youtube.com\/c\/BibliotecaComarcalBlanes"]},{"@type":"Person","@id":"https:\/\/biblioteca.blanes.cat\/salajove\/#\/schema\/person\/8dbc45cdf5d1c7e2d100d147517ba7f3","name":"paula","image":{"@type":"ImageObject","inLanguage":"ca","@id":"https:\/\/secure.gravatar.com\/avatar\/7dc0a9399589f36ddc6864e8335b73854871aa22921ee390cb50776e7ddfc136?s=96&d=mm&r=g","url":"https:\/\/secure.gravatar.com\/avatar\/7dc0a9399589f36ddc6864e8335b73854871aa22921ee390cb50776e7ddfc136?s=96&d=mm&r=g","contentUrl":"https:\/\/secure.gravatar.com\/avatar\/7dc0a9399589f36ddc6864e8335b73854871aa22921ee390cb50776e7ddfc136?s=96&d=mm&r=g","caption":"paula"},"url":"https:\/\/biblioteca.blanes.cat\/salajove\/author\/paula\/"}]}},"_links":{"self":[{"href":"https:\/\/biblioteca.blanes.cat\/salajove\/wp-json\/wp\/v2\/posts\/1712","targetHints":{"allow":["GET"]}}],"collection":[{"href":"https:\/\/biblioteca.blanes.cat\/salajove\/wp-json\/wp\/v2\/posts"}],"about":[{"href":"https:\/\/biblioteca.blanes.cat\/salajove\/wp-json\/wp\/v2\/types\/post"}],"author":[{"embeddable":true,"href":"https:\/\/biblioteca.blanes.cat\/salajove\/wp-json\/wp\/v2\/users\/6"}],"replies":[{"embeddable":true,"href":"https:\/\/biblioteca.blanes.cat\/salajove\/wp-json\/wp\/v2\/comments?post=1712"}],"version-history":[{"count":16,"href":"https:\/\/biblioteca.blanes.cat\/salajove\/wp-json\/wp\/v2\/posts\/1712\/revisions"}],"predecessor-version":[{"id":1728,"href":"https:\/\/biblioteca.blanes.cat\/salajove\/wp-json\/wp\/v2\/posts\/1712\/revisions\/1728"}],"wp:featuredmedia":[{"embeddable":true,"href":"https:\/\/biblioteca.blanes.cat\/salajove\/wp-json\/wp\/v2\/media\/154"}],"wp:attachment":[{"href":"https:\/\/biblioteca.blanes.cat\/salajove\/wp-json\/wp\/v2\/media?parent=1712"}],"wp:term":[{"taxonomy":"category","embeddable":true,"href":"https:\/\/biblioteca.blanes.cat\/salajove\/wp-json\/wp\/v2\/categories?post=1712"},{"taxonomy":"post_tag","embeddable":true,"href":"https:\/\/biblioteca.blanes.cat\/salajove\/wp-json\/wp\/v2\/tags?post=1712"}],"curies":[{"name":"wp","href":"https:\/\/api.w.org\/{rel}","templated":true}]}}