{"id":1685,"date":"2018-08-29T12:00:31","date_gmt":"2018-08-29T11:00:31","guid":{"rendered":"https:\/\/biblioteca.blanes.cat\/salajove\/?p=1685"},"modified":"2018-08-29T13:34:26","modified_gmt":"2018-08-29T12:34:26","slug":"biblioteca-jove-premis-recerca-jove-2018","status":"publish","type":"post","link":"https:\/\/biblioteca.blanes.cat\/salajove\/2018\/08\/29\/biblioteca-jove-premis-recerca-jove-2018\/","title":{"rendered":"Premis: Recerca Jove per fomentar l&#8217;esperit cient\u00edfic del jovent (PRJ 2018)"},"content":{"rendered":"<h2 style=\"text-align: center;\">Premis Recerca Jove.<\/h2>\n<h3 style=\"text-align: center;\">Es premien els treballs de recerca, realitzats durant el curs 2017-2018 per alumnes de 3er i 4rt d\u2019ESO, batxillerat o cicles formatius de grau mitj\u00e0 i superior.<\/h3>\n<p><!--more--><\/p>\n<p style=\"text-align: center;\"><img fetchpriority=\"high\" decoding=\"async\" class=\"aligncenter\" src=\"https:\/\/pbs.twimg.com\/media\/DllvUrzXsAAdf9n.jpg:large\" alt=\"Premis Recerca Jove - Biblioteca Comarcal de Blanes - Sala Jove\" width=\"465\" height=\"233\" \/><\/p>\n<p style=\"text-align: justify;\">La Generalitat convoca el PRJ (Premis Recerca Jove) 2018 on es premiaran un total de 77 treballs de recerca amb 750\u20ac per treball. En primer lloc, els treballs poden ser de qualsevol tem\u00e0tica, per\u00f2 d&#8217;aquest treballs premiats, tamb\u00e9 n\u2019hi haur\u00e0 7 premis per a treballs de tem\u00e0tica especialitzada. L\u2019AGAUR els atorga en col\u00b7laboraci\u00f3 a altres institucions:<\/p>\n<ul style=\"text-align: justify;\">\n<li><span style=\"font-family: Montserrat;\">Premi Regin\u00f3<\/span><\/li>\n<li><span style=\"font-family: Montserrat;\">Premi INEFC<\/span><\/li>\n<li><span style=\"font-family: Montserrat;\">Premi ICIP Alfons Banda<\/span><\/li>\n<li><span style=\"font-family: Montserrat;\">Premi Ramon Muntaner<\/span><\/li>\n<li><span style=\"font-family: Montserrat;\">Premi EAPC Luciana Calvo<\/span><\/li>\n<\/ul>\n<p style=\"text-align: justify;\">Dins dels premis PRJ 2018 tamb\u00e9 es recompensa la tasca dels centres d&#8217;educaci\u00f3 secund\u00e0ria com a resultat de fomentar la participaci\u00f3 dels tutors\/tutores i tamb\u00e9 dels alumnes. Per tant, en aquesta convocat\u00f2ria s\u2019atorgaran 11 premis a centres de 2.500\u20ac per centre. De manera que n&#8217;hi haur\u00e0 1 pel centre que s\u2019hagi distingit per impulsar l\u2019inter\u00e8s per la recerca sobre les dones i les seves aportacions a la societat.<\/p>\n<h3 style=\"text-align: center;\">Per m\u00e9s informaci\u00f3 podeu consultar la p\u00e0gina <a href=\"http:\/\/universitatsirecerca.gencat.cat\/ca\/02_serveis_i_tramits\/tramits\/tramit\/Premis-Recerca-Jove-per-fomentar-lesperit-cientific-del-jovent?evolutiuTramit=1\" target=\"_blank\" rel=\"noopener\">www.universitatsirecerca.gencat.cat<\/a><\/h3>\n<p>&nbsp;<\/p>\n<p style=\"text-align: justify;\">Documentaci\u00f3 per participar:<\/p>\n<ul class=\"llistat_enllacos_filet_cont list-group off-padding-full off-margin-left\">\n<li class=\"list-group-item bullet sense-borders\"><a title=\"Guia per tramitar els PRJ 2018\" href=\"http:\/\/universitatsirecerca.gencat.cat\/web\/shared\/OVT\/Departaments\/EMC\/A_Universitats\/AGAUR\/Documents\/RECERCA\/PRJ\/PRJ_2018\/guia_tramitacio_PRJ2018.pdf\">Guia per tramitar els PRJ 2018 <img decoding=\"async\" class=\"icon-corrector\" src=\"http:\/\/universitatsirecerca.gencat.cat\/web\/resources\/fwkResponsives\/common\/img\/NG_ico_pdf.png\" alt=\"pdf icon\" \/><span class=\"doc-size\">[120,23 KB ]<\/span><\/a><\/li>\n<li class=\"list-group-item bullet sense-borders\"><a title=\"Autoritzaci\u00f3 del centre\" href=\"http:\/\/universitatsirecerca.gencat.cat\/web\/shared\/OVT\/Departaments\/EMC\/A_Universitats\/AGAUR\/Documents\/RECERCA\/PRJ\/PRJ_2018\/centreautor_2018.doc\">Autoritzaci\u00f3 del centre <img decoding=\"async\" class=\"icon-corrector\" src=\"http:\/\/universitatsirecerca.gencat.cat\/web\/resources\/fwkResponsives\/common\/img\/NG_ico_doc.png\" alt=\"doc icon\" \/><span class=\"doc-size\">[220,5 KB ]<\/span><\/a><\/li>\n<li class=\"list-group-item bullet sense-borders\"><a title=\"Autoritzaci\u00f3 dels tutors\/es legals dels alumnes menors\" href=\"http:\/\/universitatsirecerca.gencat.cat\/web\/shared\/OVT\/Departaments\/EMC\/A_Universitats\/AGAUR\/Documents\/RECERCA\/PRJ\/PRJ_2018\/menorsautor_2018.doc\">Autoritzaci\u00f3 dels tutors\/es legals dels alumnes menors <img decoding=\"async\" class=\"icon-corrector\" src=\"http:\/\/universitatsirecerca.gencat.cat\/web\/resources\/fwkResponsives\/common\/img\/NG_ico_doc.png\" alt=\"doc icon\" \/><span class=\"doc-size\">[207 KB ]<\/span><\/a><\/li>\n<li class=\"list-group-item bullet sense-borders\"><a title=\"Mem\u00f2ria per a participar al \" href=\"http:\/\/universitatsirecerca.gencat.cat\/web\/shared\/OVT\/Departaments\/EMC\/A_Universitats\/AGAUR\/Documents\/RECERCA\/PRJ\/PRJ_2018\/model_memoria_regino_centre.docx\">Mem\u00f2ria per a participar al &#8220;Premi Regin\u00f3 Centre&#8221; <img decoding=\"async\" class=\"icon-corrector\" src=\"http:\/\/universitatsirecerca.gencat.cat\/web\/resources\/fwkResponsives\/common\/img\/NG_ico_docx.png\" alt=\"docx icon\" \/><span class=\"doc-size\">[161,95 KB ]<\/span><\/a><\/li>\n<\/ul>\n<p style=\"text-align: center;\">\u00a0<\/p>\n<h2 style=\"text-align: center;\"><a href=\"http:\/\/www.bibgirona.cat\/biblioteca\/blanes\" target=\"_blank\" rel=\"noopener\">Biblioteca Comarcal de Blanes<\/a> &#8211; <a href=\"http:\/\/biblioteca.blanes.cat\/salajove\">Biblioteca Jove<\/a><\/h2>\n","protected":false},"excerpt":{"rendered":"<p>Premis Recerca Jove. Es premien els treballs de recerca, realitzats durant el curs 2017-2018 per alumnes de 3er i 4rt d\u2019ESO, batxillerat o cicles formatius de grau mitj\u00e0 i superior.<\/p>\n","protected":false},"author":4,"featured_media":1689,"comment_status":"open","ping_status":"open","sticky":false,"template":"","format":"standard","meta":{"sfsi_plus_gutenberg_text_before_share":"","sfsi_plus_gutenberg_show_text_before_share":"","sfsi_plus_gutenberg_icon_type":"","sfsi_plus_gutenberg_icon_alignemt":"","sfsi_plus_gutenburg_max_per_row":"","footnotes":""},"categories":[1],"tags":[49,73,37,38,16,74,52,41,72,71],"class_list":["post-1685","post","type-post","status-publish","format-standard","has-post-thumbnail","hentry","category-general","tag-actualitat","tag-agaur","tag-bases","tag-certamen","tag-concurs","tag-jovecat","tag-joves","tag-premis","tag-prj","tag-recerca"],"yoast_head":"<!-- This site is optimized with the Yoast SEO plugin v27.5 - https:\/\/yoast.com\/product\/yoast-seo-wordpress\/ -->\n<title>Premis Recerca Jove - Sala Jove - Biblioteca Comarcal de Blanes<\/title>\n<meta name=\"description\" content=\"Biblioteca Jove - Premis Recerca Jove es premiaran un total de 77 treballs de recerca per alumnes de 3er 4rt d\u2019ESO batxillerat cicles formatius...\" \/>\n<meta name=\"robots\" content=\"index, follow, max-snippet:-1, max-image-preview:large, max-video-preview:-1\" \/>\n<link rel=\"canonical\" href=\"https:\/\/biblioteca.blanes.cat\/salajove\/2018\/08\/29\/biblioteca-jove-premis-recerca-jove-2018\/\" \/>\n<meta property=\"og:locale\" content=\"ca_ES\" \/>\n<meta property=\"og:type\" content=\"article\" \/>\n<meta property=\"og:title\" content=\"Premis Recerca Jove - Sala Jove - Biblioteca Comarcal de Blanes\" \/>\n<meta property=\"og:description\" content=\"Biblioteca Jove - Premis Recerca Jove es premiaran un total de 77 treballs de recerca per alumnes de 3er 4rt d\u2019ESO batxillerat cicles formatius...\" \/>\n<meta property=\"og:url\" content=\"https:\/\/biblioteca.blanes.cat\/salajove\/2018\/08\/29\/biblioteca-jove-premis-recerca-jove-2018\/\" \/>\n<meta property=\"og:site_name\" content=\"Sala Jove\" \/>\n<meta property=\"article:publisher\" content=\"https:\/\/www.facebook.com\/BilbiotecaComarcaldeBlanes\/\" \/>\n<meta property=\"article:published_time\" content=\"2018-08-29T11:00:31+00:00\" \/>\n<meta property=\"article:modified_time\" content=\"2018-08-29T12:34:26+00:00\" \/>\n<meta property=\"og:image\" content=\"https:\/\/biblioteca.blanes.cat\/salajove\/wp-content\/uploads\/sites\/3\/2018\/08\/PremisRecercaJove.png\" \/>\n\t<meta property=\"og:image:width\" content=\"512\" \/>\n\t<meta property=\"og:image:height\" content=\"512\" \/>\n\t<meta property=\"og:image:type\" content=\"image\/png\" \/>\n<meta name=\"author\" content=\"biblioblanes\" \/>\n<meta name=\"twitter:card\" content=\"summary_large_image\" \/>\n<meta name=\"twitter:creator\" content=\"@biblioblanes\" \/>\n<meta name=\"twitter:site\" content=\"@BiblioBlanes\" \/>\n<meta name=\"twitter:label1\" content=\"Escrit per\" \/>\n\t<meta name=\"twitter:data1\" content=\"biblioblanes\" \/>\n\t<meta name=\"twitter:label2\" content=\"Temps estimat de lectura\" \/>\n\t<meta name=\"twitter:data2\" content=\"1 minut\" \/>\n<script type=\"application\/ld+json\" class=\"yoast-schema-graph\">{\"@context\":\"https:\\\/\\\/schema.org\",\"@graph\":[{\"@type\":\"Article\",\"@id\":\"https:\\\/\\\/biblioteca.blanes.cat\\\/salajove\\\/2018\\\/08\\\/29\\\/biblioteca-jove-premis-recerca-jove-2018\\\/#article\",\"isPartOf\":{\"@id\":\"https:\\\/\\\/biblioteca.blanes.cat\\\/salajove\\\/2018\\\/08\\\/29\\\/biblioteca-jove-premis-recerca-jove-2018\\\/\"},\"author\":{\"name\":\"biblioblanes\",\"@id\":\"https:\\\/\\\/biblioteca.blanes.cat\\\/salajove\\\/#\\\/schema\\\/person\\\/5a7b46760d9dd611d098bbf571a341dc\"},\"headline\":\"Premis: Recerca Jove per fomentar l&#8217;esperit cient\u00edfic del jovent (PRJ 2018)\",\"datePublished\":\"2018-08-29T11:00:31+00:00\",\"dateModified\":\"2018-08-29T12:34:26+00:00\",\"mainEntityOfPage\":{\"@id\":\"https:\\\/\\\/biblioteca.blanes.cat\\\/salajove\\\/2018\\\/08\\\/29\\\/biblioteca-jove-premis-recerca-jove-2018\\\/\"},\"wordCount\":242,\"commentCount\":0,\"publisher\":{\"@id\":\"https:\\\/\\\/biblioteca.blanes.cat\\\/salajove\\\/#organization\"},\"image\":{\"@id\":\"https:\\\/\\\/biblioteca.blanes.cat\\\/salajove\\\/2018\\\/08\\\/29\\\/biblioteca-jove-premis-recerca-jove-2018\\\/#primaryimage\"},\"thumbnailUrl\":\"https:\\\/\\\/biblioteca.blanes.cat\\\/salajove\\\/wp-content\\\/uploads\\\/sites\\\/3\\\/2018\\\/08\\\/PremisRecercaJove.png\",\"keywords\":[\"#Actualitat\",\"#AGAUR\",\"#Bases\",\"#Cert\u00e0men\",\"#Concurs\",\"#jovecat\",\"#Joves\",\"#Premis\",\"#PRJ\",\"#Recerca\"],\"articleSection\":[\"Not\u00edcies\"],\"inLanguage\":\"ca\",\"potentialAction\":[{\"@type\":\"CommentAction\",\"name\":\"Comment\",\"target\":[\"https:\\\/\\\/biblioteca.blanes.cat\\\/salajove\\\/2018\\\/08\\\/29\\\/biblioteca-jove-premis-recerca-jove-2018\\\/#respond\"]}]},{\"@type\":\"WebPage\",\"@id\":\"https:\\\/\\\/biblioteca.blanes.cat\\\/salajove\\\/2018\\\/08\\\/29\\\/biblioteca-jove-premis-recerca-jove-2018\\\/\",\"url\":\"https:\\\/\\\/biblioteca.blanes.cat\\\/salajove\\\/2018\\\/08\\\/29\\\/biblioteca-jove-premis-recerca-jove-2018\\\/\",\"name\":\"Premis Recerca Jove - Sala Jove - Biblioteca Comarcal de Blanes\",\"isPartOf\":{\"@id\":\"https:\\\/\\\/biblioteca.blanes.cat\\\/salajove\\\/#website\"},\"primaryImageOfPage\":{\"@id\":\"https:\\\/\\\/biblioteca.blanes.cat\\\/salajove\\\/2018\\\/08\\\/29\\\/biblioteca-jove-premis-recerca-jove-2018\\\/#primaryimage\"},\"image\":{\"@id\":\"https:\\\/\\\/biblioteca.blanes.cat\\\/salajove\\\/2018\\\/08\\\/29\\\/biblioteca-jove-premis-recerca-jove-2018\\\/#primaryimage\"},\"thumbnailUrl\":\"https:\\\/\\\/biblioteca.blanes.cat\\\/salajove\\\/wp-content\\\/uploads\\\/sites\\\/3\\\/2018\\\/08\\\/PremisRecercaJove.png\",\"datePublished\":\"2018-08-29T11:00:31+00:00\",\"dateModified\":\"2018-08-29T12:34:26+00:00\",\"description\":\"Biblioteca Jove - Premis Recerca Jove es premiaran un total de 77 treballs de recerca per alumnes de 3er 4rt d\u2019ESO batxillerat cicles formatius...\",\"breadcrumb\":{\"@id\":\"https:\\\/\\\/biblioteca.blanes.cat\\\/salajove\\\/2018\\\/08\\\/29\\\/biblioteca-jove-premis-recerca-jove-2018\\\/#breadcrumb\"},\"inLanguage\":\"ca\",\"potentialAction\":[{\"@type\":\"ReadAction\",\"target\":[\"https:\\\/\\\/biblioteca.blanes.cat\\\/salajove\\\/2018\\\/08\\\/29\\\/biblioteca-jove-premis-recerca-jove-2018\\\/\"]}]},{\"@type\":\"ImageObject\",\"inLanguage\":\"ca\",\"@id\":\"https:\\\/\\\/biblioteca.blanes.cat\\\/salajove\\\/2018\\\/08\\\/29\\\/biblioteca-jove-premis-recerca-jove-2018\\\/#primaryimage\",\"url\":\"https:\\\/\\\/biblioteca.blanes.cat\\\/salajove\\\/wp-content\\\/uploads\\\/sites\\\/3\\\/2018\\\/08\\\/PremisRecercaJove.png\",\"contentUrl\":\"https:\\\/\\\/biblioteca.blanes.cat\\\/salajove\\\/wp-content\\\/uploads\\\/sites\\\/3\\\/2018\\\/08\\\/PremisRecercaJove.png\",\"width\":512,\"height\":512},{\"@type\":\"BreadcrumbList\",\"@id\":\"https:\\\/\\\/biblioteca.blanes.cat\\\/salajove\\\/2018\\\/08\\\/29\\\/biblioteca-jove-premis-recerca-jove-2018\\\/#breadcrumb\",\"itemListElement\":[{\"@type\":\"ListItem\",\"position\":1,\"name\":\"Inici\",\"item\":\"https:\\\/\\\/biblioteca.blanes.cat\\\/salajove\\\/\"},{\"@type\":\"ListItem\",\"position\":2,\"name\":\"Premis: Recerca Jove per fomentar l&#8217;esperit cient\u00edfic del jovent (PRJ 2018)\"}]},{\"@type\":\"WebSite\",\"@id\":\"https:\\\/\\\/biblioteca.blanes.cat\\\/salajove\\\/#website\",\"url\":\"https:\\\/\\\/biblioteca.blanes.cat\\\/salajove\\\/\",\"name\":\"Sala Jove\",\"description\":\"Biblioteca Comarcal de Blanes\",\"publisher\":{\"@id\":\"https:\\\/\\\/biblioteca.blanes.cat\\\/salajove\\\/#organization\"},\"potentialAction\":[{\"@type\":\"SearchAction\",\"target\":{\"@type\":\"EntryPoint\",\"urlTemplate\":\"https:\\\/\\\/biblioteca.blanes.cat\\\/salajove\\\/?s={search_term_string}\"},\"query-input\":{\"@type\":\"PropertyValueSpecification\",\"valueRequired\":true,\"valueName\":\"search_term_string\"}}],\"inLanguage\":\"ca\"},{\"@type\":\"Organization\",\"@id\":\"https:\\\/\\\/biblioteca.blanes.cat\\\/salajove\\\/#organization\",\"name\":\"Biblioteca Comarcal de Blanes\",\"url\":\"https:\\\/\\\/biblioteca.blanes.cat\\\/salajove\\\/\",\"logo\":{\"@type\":\"ImageObject\",\"inLanguage\":\"ca\",\"@id\":\"https:\\\/\\\/biblioteca.blanes.cat\\\/salajove\\\/#\\\/schema\\\/logo\\\/image\\\/\",\"url\":\"https:\\\/\\\/biblioteca.blanes.cat\\\/salajove\\\/wp-content\\\/uploads\\\/sites\\\/3\\\/2017\\\/09\\\/cropped-Bib-blau-e1518869380535.png\",\"contentUrl\":\"https:\\\/\\\/biblioteca.blanes.cat\\\/salajove\\\/wp-content\\\/uploads\\\/sites\\\/3\\\/2017\\\/09\\\/cropped-Bib-blau-e1518869380535.png\",\"width\":166,\"height\":166,\"caption\":\"Biblioteca Comarcal de Blanes\"},\"image\":{\"@id\":\"https:\\\/\\\/biblioteca.blanes.cat\\\/salajove\\\/#\\\/schema\\\/logo\\\/image\\\/\"},\"sameAs\":[\"https:\\\/\\\/www.facebook.com\\\/BilbiotecaComarcaldeBlanes\\\/\",\"https:\\\/\\\/x.com\\\/BiblioBlanes\",\"https:\\\/\\\/www.instagram.com\\\/biblioblanes\\\/\",\"https:\\\/\\\/www.pinterest.es\\\/bblanes\\\/\",\"https:\\\/\\\/www.youtube.com\\\/c\\\/BibliotecaComarcalBlanes\"]},{\"@type\":\"Person\",\"@id\":\"https:\\\/\\\/biblioteca.blanes.cat\\\/salajove\\\/#\\\/schema\\\/person\\\/5a7b46760d9dd611d098bbf571a341dc\",\"name\":\"biblioblanes\",\"image\":{\"@type\":\"ImageObject\",\"inLanguage\":\"ca\",\"@id\":\"https:\\\/\\\/secure.gravatar.com\\\/avatar\\\/6593ca6cc90e5a70939f51c95e8315483b9c281bafba597292bee47992030f99?s=96&d=mm&r=g\",\"url\":\"https:\\\/\\\/secure.gravatar.com\\\/avatar\\\/6593ca6cc90e5a70939f51c95e8315483b9c281bafba597292bee47992030f99?s=96&d=mm&r=g\",\"contentUrl\":\"https:\\\/\\\/secure.gravatar.com\\\/avatar\\\/6593ca6cc90e5a70939f51c95e8315483b9c281bafba597292bee47992030f99?s=96&d=mm&r=g\",\"caption\":\"biblioblanes\"},\"sameAs\":[\"http:\\\/\\\/www.bibgirona.cat\\\/biblioteca\\\/blanes\",\"https:\\\/\\\/x.com\\\/biblioblanes\"],\"url\":\"https:\\\/\\\/biblioteca.blanes.cat\\\/salajove\\\/author\\\/biblioblanes\\\/\"}]}<\/script>\n<!-- \/ Yoast SEO plugin. -->","yoast_head_json":{"title":"Premis Recerca Jove - Sala Jove - Biblioteca Comarcal de Blanes","description":"Biblioteca Jove - Premis Recerca Jove es premiaran un total de 77 treballs de recerca per alumnes de 3er 4rt d\u2019ESO batxillerat cicles formatius...","robots":{"index":"index","follow":"follow","max-snippet":"max-snippet:-1","max-image-preview":"max-image-preview:large","max-video-preview":"max-video-preview:-1"},"canonical":"https:\/\/biblioteca.blanes.cat\/salajove\/2018\/08\/29\/biblioteca-jove-premis-recerca-jove-2018\/","og_locale":"ca_ES","og_type":"article","og_title":"Premis Recerca Jove - Sala Jove - Biblioteca Comarcal de Blanes","og_description":"Biblioteca Jove - Premis Recerca Jove es premiaran un total de 77 treballs de recerca per alumnes de 3er 4rt d\u2019ESO batxillerat cicles formatius...","og_url":"https:\/\/biblioteca.blanes.cat\/salajove\/2018\/08\/29\/biblioteca-jove-premis-recerca-jove-2018\/","og_site_name":"Sala Jove","article_publisher":"https:\/\/www.facebook.com\/BilbiotecaComarcaldeBlanes\/","article_published_time":"2018-08-29T11:00:31+00:00","article_modified_time":"2018-08-29T12:34:26+00:00","og_image":[{"width":512,"height":512,"url":"https:\/\/biblioteca.blanes.cat\/salajove\/wp-content\/uploads\/sites\/3\/2018\/08\/PremisRecercaJove.png","type":"image\/png"}],"author":"biblioblanes","twitter_card":"summary_large_image","twitter_creator":"@biblioblanes","twitter_site":"@BiblioBlanes","twitter_misc":{"Escrit per":"biblioblanes","Temps estimat de lectura":"1 minut"},"schema":{"@context":"https:\/\/schema.org","@graph":[{"@type":"Article","@id":"https:\/\/biblioteca.blanes.cat\/salajove\/2018\/08\/29\/biblioteca-jove-premis-recerca-jove-2018\/#article","isPartOf":{"@id":"https:\/\/biblioteca.blanes.cat\/salajove\/2018\/08\/29\/biblioteca-jove-premis-recerca-jove-2018\/"},"author":{"name":"biblioblanes","@id":"https:\/\/biblioteca.blanes.cat\/salajove\/#\/schema\/person\/5a7b46760d9dd611d098bbf571a341dc"},"headline":"Premis: Recerca Jove per fomentar l&#8217;esperit cient\u00edfic del jovent (PRJ 2018)","datePublished":"2018-08-29T11:00:31+00:00","dateModified":"2018-08-29T12:34:26+00:00","mainEntityOfPage":{"@id":"https:\/\/biblioteca.blanes.cat\/salajove\/2018\/08\/29\/biblioteca-jove-premis-recerca-jove-2018\/"},"wordCount":242,"commentCount":0,"publisher":{"@id":"https:\/\/biblioteca.blanes.cat\/salajove\/#organization"},"image":{"@id":"https:\/\/biblioteca.blanes.cat\/salajove\/2018\/08\/29\/biblioteca-jove-premis-recerca-jove-2018\/#primaryimage"},"thumbnailUrl":"https:\/\/biblioteca.blanes.cat\/salajove\/wp-content\/uploads\/sites\/3\/2018\/08\/PremisRecercaJove.png","keywords":["#Actualitat","#AGAUR","#Bases","#Cert\u00e0men","#Concurs","#jovecat","#Joves","#Premis","#PRJ","#Recerca"],"articleSection":["Not\u00edcies"],"inLanguage":"ca","potentialAction":[{"@type":"CommentAction","name":"Comment","target":["https:\/\/biblioteca.blanes.cat\/salajove\/2018\/08\/29\/biblioteca-jove-premis-recerca-jove-2018\/#respond"]}]},{"@type":"WebPage","@id":"https:\/\/biblioteca.blanes.cat\/salajove\/2018\/08\/29\/biblioteca-jove-premis-recerca-jove-2018\/","url":"https:\/\/biblioteca.blanes.cat\/salajove\/2018\/08\/29\/biblioteca-jove-premis-recerca-jove-2018\/","name":"Premis Recerca Jove - Sala Jove - Biblioteca Comarcal de Blanes","isPartOf":{"@id":"https:\/\/biblioteca.blanes.cat\/salajove\/#website"},"primaryImageOfPage":{"@id":"https:\/\/biblioteca.blanes.cat\/salajove\/2018\/08\/29\/biblioteca-jove-premis-recerca-jove-2018\/#primaryimage"},"image":{"@id":"https:\/\/biblioteca.blanes.cat\/salajove\/2018\/08\/29\/biblioteca-jove-premis-recerca-jove-2018\/#primaryimage"},"thumbnailUrl":"https:\/\/biblioteca.blanes.cat\/salajove\/wp-content\/uploads\/sites\/3\/2018\/08\/PremisRecercaJove.png","datePublished":"2018-08-29T11:00:31+00:00","dateModified":"2018-08-29T12:34:26+00:00","description":"Biblioteca Jove - Premis Recerca Jove es premiaran un total de 77 treballs de recerca per alumnes de 3er 4rt d\u2019ESO batxillerat cicles formatius...","breadcrumb":{"@id":"https:\/\/biblioteca.blanes.cat\/salajove\/2018\/08\/29\/biblioteca-jove-premis-recerca-jove-2018\/#breadcrumb"},"inLanguage":"ca","potentialAction":[{"@type":"ReadAction","target":["https:\/\/biblioteca.blanes.cat\/salajove\/2018\/08\/29\/biblioteca-jove-premis-recerca-jove-2018\/"]}]},{"@type":"ImageObject","inLanguage":"ca","@id":"https:\/\/biblioteca.blanes.cat\/salajove\/2018\/08\/29\/biblioteca-jove-premis-recerca-jove-2018\/#primaryimage","url":"https:\/\/biblioteca.blanes.cat\/salajove\/wp-content\/uploads\/sites\/3\/2018\/08\/PremisRecercaJove.png","contentUrl":"https:\/\/biblioteca.blanes.cat\/salajove\/wp-content\/uploads\/sites\/3\/2018\/08\/PremisRecercaJove.png","width":512,"height":512},{"@type":"BreadcrumbList","@id":"https:\/\/biblioteca.blanes.cat\/salajove\/2018\/08\/29\/biblioteca-jove-premis-recerca-jove-2018\/#breadcrumb","itemListElement":[{"@type":"ListItem","position":1,"name":"Inici","item":"https:\/\/biblioteca.blanes.cat\/salajove\/"},{"@type":"ListItem","position":2,"name":"Premis: Recerca Jove per fomentar l&#8217;esperit cient\u00edfic del jovent (PRJ 2018)"}]},{"@type":"WebSite","@id":"https:\/\/biblioteca.blanes.cat\/salajove\/#website","url":"https:\/\/biblioteca.blanes.cat\/salajove\/","name":"Sala Jove","description":"Biblioteca Comarcal de Blanes","publisher":{"@id":"https:\/\/biblioteca.blanes.cat\/salajove\/#organization"},"potentialAction":[{"@type":"SearchAction","target":{"@type":"EntryPoint","urlTemplate":"https:\/\/biblioteca.blanes.cat\/salajove\/?s={search_term_string}"},"query-input":{"@type":"PropertyValueSpecification","valueRequired":true,"valueName":"search_term_string"}}],"inLanguage":"ca"},{"@type":"Organization","@id":"https:\/\/biblioteca.blanes.cat\/salajove\/#organization","name":"Biblioteca Comarcal de Blanes","url":"https:\/\/biblioteca.blanes.cat\/salajove\/","logo":{"@type":"ImageObject","inLanguage":"ca","@id":"https:\/\/biblioteca.blanes.cat\/salajove\/#\/schema\/logo\/image\/","url":"https:\/\/biblioteca.blanes.cat\/salajove\/wp-content\/uploads\/sites\/3\/2017\/09\/cropped-Bib-blau-e1518869380535.png","contentUrl":"https:\/\/biblioteca.blanes.cat\/salajove\/wp-content\/uploads\/sites\/3\/2017\/09\/cropped-Bib-blau-e1518869380535.png","width":166,"height":166,"caption":"Biblioteca Comarcal de Blanes"},"image":{"@id":"https:\/\/biblioteca.blanes.cat\/salajove\/#\/schema\/logo\/image\/"},"sameAs":["https:\/\/www.facebook.com\/BilbiotecaComarcaldeBlanes\/","https:\/\/x.com\/BiblioBlanes","https:\/\/www.instagram.com\/biblioblanes\/","https:\/\/www.pinterest.es\/bblanes\/","https:\/\/www.youtube.com\/c\/BibliotecaComarcalBlanes"]},{"@type":"Person","@id":"https:\/\/biblioteca.blanes.cat\/salajove\/#\/schema\/person\/5a7b46760d9dd611d098bbf571a341dc","name":"biblioblanes","image":{"@type":"ImageObject","inLanguage":"ca","@id":"https:\/\/secure.gravatar.com\/avatar\/6593ca6cc90e5a70939f51c95e8315483b9c281bafba597292bee47992030f99?s=96&d=mm&r=g","url":"https:\/\/secure.gravatar.com\/avatar\/6593ca6cc90e5a70939f51c95e8315483b9c281bafba597292bee47992030f99?s=96&d=mm&r=g","contentUrl":"https:\/\/secure.gravatar.com\/avatar\/6593ca6cc90e5a70939f51c95e8315483b9c281bafba597292bee47992030f99?s=96&d=mm&r=g","caption":"biblioblanes"},"sameAs":["http:\/\/www.bibgirona.cat\/biblioteca\/blanes","https:\/\/x.com\/biblioblanes"],"url":"https:\/\/biblioteca.blanes.cat\/salajove\/author\/biblioblanes\/"}]}},"_links":{"self":[{"href":"https:\/\/biblioteca.blanes.cat\/salajove\/wp-json\/wp\/v2\/posts\/1685","targetHints":{"allow":["GET"]}}],"collection":[{"href":"https:\/\/biblioteca.blanes.cat\/salajove\/wp-json\/wp\/v2\/posts"}],"about":[{"href":"https:\/\/biblioteca.blanes.cat\/salajove\/wp-json\/wp\/v2\/types\/post"}],"author":[{"embeddable":true,"href":"https:\/\/biblioteca.blanes.cat\/salajove\/wp-json\/wp\/v2\/users\/4"}],"replies":[{"embeddable":true,"href":"https:\/\/biblioteca.blanes.cat\/salajove\/wp-json\/wp\/v2\/comments?post=1685"}],"version-history":[{"count":7,"href":"https:\/\/biblioteca.blanes.cat\/salajove\/wp-json\/wp\/v2\/posts\/1685\/revisions"}],"predecessor-version":[{"id":1698,"href":"https:\/\/biblioteca.blanes.cat\/salajove\/wp-json\/wp\/v2\/posts\/1685\/revisions\/1698"}],"wp:featuredmedia":[{"embeddable":true,"href":"https:\/\/biblioteca.blanes.cat\/salajove\/wp-json\/wp\/v2\/media\/1689"}],"wp:attachment":[{"href":"https:\/\/biblioteca.blanes.cat\/salajove\/wp-json\/wp\/v2\/media?parent=1685"}],"wp:term":[{"taxonomy":"category","embeddable":true,"href":"https:\/\/biblioteca.blanes.cat\/salajove\/wp-json\/wp\/v2\/categories?post=1685"},{"taxonomy":"post_tag","embeddable":true,"href":"https:\/\/biblioteca.blanes.cat\/salajove\/wp-json\/wp\/v2\/tags?post=1685"}],"curies":[{"name":"wp","href":"https:\/\/api.w.org\/{rel}","templated":true}]}}