{"id":1630,"date":"2018-08-24T11:08:37","date_gmt":"2018-08-24T10:08:37","guid":{"rendered":"https:\/\/biblioteca.blanes.cat\/salajove\/?p=1630"},"modified":"2018-09-12T18:54:41","modified_gmt":"2018-09-12T17:54:41","slug":"bibliographic-park","status":"publish","type":"post","link":"https:\/\/biblioteca.blanes.cat\/salajove\/2018\/08\/24\/bibliographic-park\/","title":{"rendered":"BIBLIOVACANCES: darrers dies del Bibliographic Park"},"content":{"rendered":"<h2><img fetchpriority=\"high\" decoding=\"async\" class=\"aligncenter wp-image-1370 size-large\" src=\"https:\/\/biblioteca.blanes.cat\/salajove\/wp-content\/uploads\/sites\/3\/2018\/06\/Slide-Bibliovacances-2018_2-1024x124.png\" alt=\"\" width=\"750\" height=\"91\" srcset=\"https:\/\/biblioteca.blanes.cat\/salajove\/wp-content\/uploads\/sites\/3\/2018\/06\/Slide-Bibliovacances-2018_2-1024x124.png 1024w, https:\/\/biblioteca.blanes.cat\/salajove\/wp-content\/uploads\/sites\/3\/2018\/06\/Slide-Bibliovacances-2018_2-300x36.png 300w, https:\/\/biblioteca.blanes.cat\/salajove\/wp-content\/uploads\/sites\/3\/2018\/06\/Slide-Bibliovacances-2018_2-768x93.png 768w\" sizes=\"(max-width: 750px) 100vw, 750px\" \/><\/h2>\n<h2 style=\"text-align: center;\">Bibliographic Park &#8211; Bibliovacances 2018<\/h2>\n<h2 style=\"text-align: center;\">Aconsegueix el teu regal fins divendres 31 d&#8217;agost<\/h2>\n<p>&nbsp;<\/p>\n<p style=\"text-align: justify;\">S&#8217;acosta el final de les vacances de l&#8217;estiu i amb elles l&#8217;arribada a la fi del nostre Bibliovacances.<!--more--> Aquest any el centre d&#8217;inter\u00e8s ha estat l&#8217;\u00e8poca prehist\u00f2rica, i les lectures proposades estan ambientades en el temps dels habitants de les cavernes.<\/p>\n<p>S\u00ed encara no heu acabat les preguntes, encara teniu temps d&#8217;entregar el dossier fins el proper divendres 31 d&#8217;agost, i aconseguir el vostre premi.<\/p>\n<p>L&#8217;Erola i l&#8217;Elia hi han participat i tamb\u00e9 s&#8217;han endut el seu regal. <span style=\"font-size: large; color: red;\"><strong>A qu\u00e8 esperes?!<\/strong><\/span><\/p>\n<p>&nbsp;<\/p>\n<p style=\"text-align: center;\"><a href=\"https:\/\/biblioteca.blanes.cat\/salajove\/wp-content\/uploads\/sites\/3\/2018\/08\/BiblioBlanes_bibliovacances_-Erola.jpg\" target=\"_blank\" rel=\"noopener\"><img decoding=\"async\" class=\"alignnone wp-image-1634 size-thumbnail\" src=\"https:\/\/biblioteca.blanes.cat\/salajove\/wp-content\/uploads\/sites\/3\/2018\/08\/BiblioBlanes_bibliovacances_-Erola-150x150.jpg\" alt=\"\" width=\"150\" height=\"150\" srcset=\"https:\/\/biblioteca.blanes.cat\/salajove\/wp-content\/uploads\/sites\/3\/2018\/08\/BiblioBlanes_bibliovacances_-Erola-150x150.jpg 150w, https:\/\/biblioteca.blanes.cat\/salajove\/wp-content\/uploads\/sites\/3\/2018\/08\/BiblioBlanes_bibliovacances_-Erola-270x270.jpg 270w, https:\/\/biblioteca.blanes.cat\/salajove\/wp-content\/uploads\/sites\/3\/2018\/08\/BiblioBlanes_bibliovacances_-Erola-230x230.jpg 230w\" sizes=\"(max-width: 150px) 100vw, 150px\" \/><\/a>\u00a0<a href=\"https:\/\/biblioteca.blanes.cat\/salajove\/wp-content\/uploads\/sites\/3\/2018\/08\/BiblioBlanes_bibliovacances_-Elia-Molina-Guix.jpg\" target=\"_blank\" rel=\"noopener\"><img decoding=\"async\" class=\"alignnone wp-image-1633 size-thumbnail\" src=\"https:\/\/biblioteca.blanes.cat\/salajove\/wp-content\/uploads\/sites\/3\/2018\/08\/BiblioBlanes_bibliovacances_-Elia-Molina-Guix-150x150.jpg\" alt=\"\" width=\"150\" height=\"150\" srcset=\"https:\/\/biblioteca.blanes.cat\/salajove\/wp-content\/uploads\/sites\/3\/2018\/08\/BiblioBlanes_bibliovacances_-Elia-Molina-Guix-150x150.jpg 150w, https:\/\/biblioteca.blanes.cat\/salajove\/wp-content\/uploads\/sites\/3\/2018\/08\/BiblioBlanes_bibliovacances_-Elia-Molina-Guix-270x270.jpg 270w, https:\/\/biblioteca.blanes.cat\/salajove\/wp-content\/uploads\/sites\/3\/2018\/08\/BiblioBlanes_bibliovacances_-Elia-Molina-Guix-230x230.jpg 230w\" sizes=\"(max-width: 150px) 100vw, 150px\" \/><\/a><\/p>\n<h2>\u00a0<\/h2>\n<h2>Els llibres:<\/h2>\n<p style=\"text-align: justify;\">Els llibres que hem proposat per\u00a0 llegir han estat, per comen\u00e7ar, <strong>Viatge al Centre de la terra de Jules Verne<\/strong>, despr\u00e9s <strong>El sonido del trueno de Ray Bradbury<\/strong>, i finalment <strong>El<\/strong> <strong>Clan de Peter Dickinson<\/strong>. De cada un d&#8217;aquests llibres hem plantejat quatre preguntes que heu contestat en el dossier que us vam entregar quan v\u00e0reu fer la inscripci\u00f3.<\/p>\n<h3>Viatge al Centre de la terra<\/h3>\n<blockquote style=\"background-color: #ffe6ee;\">\n<p><a href=\"http:\/\/elmeuargus.biblioteques.gencat.cat\/search~S38*cat\/?searchtype=X&amp;searcharg=viatge+al+centre+de+la+terra+jules+verne&amp;searchscope=38&amp;sortdropdown=-&amp;SORT=DZ&amp;extended=0&amp;SUBMIT=Cerca&amp;searchlimits=&amp;searchorigarg=Xviatge+al+centre+de+la+terra%26SORT%3DDZ\" target=\"_blank\" rel=\"noopener\"><img loading=\"lazy\" decoding=\"async\" class=\"alignleft\" src=\"https:\/\/bibdevicinfantil.files.wordpress.com\/2014\/11\/viatgealcentre4.jpg\" alt=\"\" width=\"135\" height=\"216\" \/><\/a><\/p>\n<div class=\"block\">\n<p style=\"text-align: justify;\">El 24 de maig de 1863, un diumenge, el meu oncle, el professor Lidenbrock, va tornar precipitadament a la seva caseta situada al n\u00famero 19 de la Koenigstrasse, un dels carrers m\u00e9s antics del barri vell d&#8217;Hamburg. La descoberta d&#8217;uns misteriosos jerogl\u00edfics entre les p\u00e0gines d&#8217;un llibre portar\u00e0 el professor Otto Lidenbrock i el seu nebot, el jove Axel, a emprendre el viatge m\u00e9s al\u00b7lucinant que s&#8217;hagi fet mai: endinsar-se en les profunditats de la Terra. Amb l&#8217;ajut d&#8217;en Hans, un guia h\u00e0bil i valent, i arriscant la seva vida a cada pas, descobriran les meravelles que s&#8217;amaguen a l&#8217;interior del planeta.<\/p>\n<p>&nbsp;<\/p>\n<\/div>\n<div class=\"block\">\n<div class=\"file\">\n<p style=\"text-align: justify;\"><strong>Jules Verne<\/strong> (Nantes, 8 de febrer de 1828 &#8211; Amiens, 24 de mar\u00e7 de 1905). Fou un escriptor franc\u00e8s conegut especialment per novel\u00b7les on apareixen molts temes de ci\u00e8ncia-ficci\u00f3 i un nombre considerable d&#8217;invents t\u00e8cnics. Una de les seves idees era la &#8220;novel\u00b7la de la ci\u00e8ncia&#8221;: escriure aventures basades en els invents i aven\u00e7os cient\u00edfics i t\u00e8cnics. Les seves obres m\u00e9s destacades s\u00f3n: Vint mil lleg\u00fces de viatge submar\u00ed, <i>La volta al m\u00f3n en 80 dies<\/i>, <i>De la Terra a la Lluna<\/i>, <i>L&#8217;illa misteriosa <\/i>i <i>Miquel Strogoff<\/i>.<\/p>\n<p style=\"text-align: right;\"><span style=\"font-size: small;\">Font: <a href=\"http:\/\/www.lagaleraeditorial.com\" target=\"_blank\" rel=\"noopener\">La galera editorial<\/a><\/span><\/p>\n<\/div>\n<\/div>\n<\/blockquote>\n<h3>El sonido del trueno<\/h3>\n<blockquote style=\"background-color: #f9ffe6;\">\n<p><a href=\"https:\/\/biblioteca.blanes.cat\/salajove\/wp-content\/uploads\/sites\/3\/2018\/06\/Ray-BRADBURY-El-ru%C3%ADdo-del-trueno.pdf\" target=\"_blank\" rel=\"noopener\"><img loading=\"lazy\" decoding=\"async\" class=\"alignleft wp-image-1387\" src=\"https:\/\/biblioteca.blanes.cat\/salajove\/wp-content\/uploads\/sites\/3\/2018\/06\/el-ruido-de-un-trueno-200x300.jpg\" alt=\"\" width=\"135\" height=\"203\" srcset=\"https:\/\/biblioteca.blanes.cat\/salajove\/wp-content\/uploads\/sites\/3\/2018\/06\/el-ruido-de-un-trueno-200x300.jpg 200w, https:\/\/biblioteca.blanes.cat\/salajove\/wp-content\/uploads\/sites\/3\/2018\/06\/el-ruido-de-un-trueno-768x1152.jpg 768w, https:\/\/biblioteca.blanes.cat\/salajove\/wp-content\/uploads\/sites\/3\/2018\/06\/el-ruido-de-un-trueno-683x1024.jpg 683w, https:\/\/biblioteca.blanes.cat\/salajove\/wp-content\/uploads\/sites\/3\/2018\/06\/el-ruido-de-un-trueno.jpg 800w\" sizes=\"(max-width: 135px) 100vw, 135px\" \/><\/a>Aquesta hist\u00f2ria \u00e9s sobre un viatge a trav\u00e9s del temps ocorreguda l&#8217;any 2055. Un negoci anomenat <em>Safari en el temps S.A. <\/em>promet portar als seus clientes al passat perqu\u00e8 puguin ca\u00e7ar animals prehist\u00f2rics com el tiranosaure. Eckels est\u00e0 a punt de comen\u00e7ar el seu viatge, juntament a dos guies i dos ca\u00e7adors m\u00e9s. Un d\u00eda abans, un defensor de la democr\u00e0cia,\u00a0 anomenat Keith, acababa de guanyar l&#8217;elecci\u00f3 presidencial, fent fora del govern\u00a0 a un suposat dictador anomenat Deutscher. Al comen\u00e7ar el viaje, els ca\u00e7adors son advertits de que han de deixar tot com ho han trobat, ja que el m\u00e9s m\u00ednim canvi pot alterar el futur.<\/p>\n<p>&nbsp;<\/p>\n<p style=\"text-align: justify;\"><strong>Ray Bradbury<\/strong> (Waukegan, 22 d&#8217;agost de 1920 &#8211; Los \u00c1ngeles, 6 de juny de 2012). Es va formar de manera autodidacta i va comen\u00e7ar a escriure els seus primers contes. Aquests els venia a revistes, i posteriorment els van recopilar a\u00a0 <em>Dark Carnival<\/em>. El 1943 es va poder dedicar a jornada completa\u00a0 com a escriptor.\u00a0 Va escriure contes i novel\u00b7les de diferents generes per\u00f2 se&#8217;l coneix com a un cl\u00e0ssic de ci\u00e8ncia ficci\u00f3 per <em>Croniques Marcianes<\/em> (1950), i posteriorment\u00a0la que molts consideren l&#8217;obra mestra\u00a0el 1953, <i><a title=\"Fahrenheit 451\" href=\"https:\/\/ca.wikipedia.org\/wiki\/Fahrenheit_451\">Fahrenheit 451<\/a><\/i>, . Tamb\u00e9 va treballar com a guionista de moltes pel\u00b7l\u00edcules i s\u00e8ries de TV, entre les que destaca la seva col\u00b7laboraci\u00f3 en l&#8217;adaptaci\u00f3 de <a href=\"https:\/\/ca.wikipedia.org\/wiki\/Moby_Dick_(pel%C2%B7l%C3%ADcula_de_1956)\" target=\"_blank\" rel=\"noopener\"><em>Moby Dick<\/em><\/a> el 1956. Tamb\u00e9 va escriure poemes i assajos.<\/p>\n<p style=\"text-align: right;\"><span style=\"font-size: small;\">Font: <a href=\"https:\/\/ca.wikipedia.org\" target=\"_blank\" rel=\"noopener\">wikipedia<\/a><\/span><\/p>\n<\/blockquote>\n<h3>El Clan<\/h3>\n<blockquote style=\"background-color: #f2e6ff;\">\n<p style=\"text-align: justify;\"><a href=\"http:\/\/elmeuargus.biblioteques.gencat.cat\/search~S38*cat\/?searchtype=X&amp;searcharg=Clan+de+Peter+Dickinson&amp;searchscope=38&amp;sortdropdown=-&amp;SORT=DZ&amp;extended=0&amp;SUBMIT=Cerca&amp;searchlimits=&amp;searchorigarg=Xviatge+al+centre+de+la+terra+jules+verne%26SORT%3DDZ#.W3_VyNSLTGg\"><img loading=\"lazy\" decoding=\"async\" class=\"alignleft\" src=\"https:\/\/pictures.abebooks.com\/isbn\/9788478886098-es.jpg\" alt=\"\" width=\"135\" height=\"221\" \/><\/a>Fa 200.000 anys, a \u00c0frica vivien els primers \u00e9ssers humans que es comunicaven mitjan\u00e7ant el llenguatge. El Clan vivia en harmonia, sense con\u00e8ixer l\u2019imminent<\/p>\n<p style=\"text-align: justify;\">perill que el bruixot de la tribu havia anunciat a la petita Noli. El malson es va fer realitat. Despr\u00e9s de sobreviure al ferotge atac sofert per la seva gent, Noli, en companyia del seu amic Suth i quatre nens m\u00e9s, es veur\u00e0 obligada a abandonar les terres dels seus avantpassats i comen\u00e7ar un cam\u00ed pler d&#8217;aventures i misteris cap a un m\u00f3n encara per descobrir.<\/p>\n<p>&nbsp;<\/p>\n<p style=\"text-align: justify;\"><b>Peter Malcolm de Brissac Dickinson<\/b> (16 December 1927 \u2013 16 December 2015). Va ser un conegut autor i poeta angl\u00e9s, conegut pels seus llibres infantils i les seves hist\u00f2ries de detectius. Dickinson va guanyar el premi annual Carnegie Medal otorgat per\u00a0<em>The Library Association<\/em> pel seu llibre <em>Tulku (1979)<\/em> i <em>Ciutat de l&#8217;or (1980)<\/em>, cadascuna reconeguda com a llibre infantil\/juvenil de l&#8217;any. Durant el 2012 \u00e9s un dels set escriptors que guanya dues <a href=\"https:\/\/es.wikipedia.org\/wiki\/Medalla_Carnegie\" target=\"_blank\" rel=\"noopener\"><em>Medalles<\/em> <em>Carnegies<\/em><\/a> <em>. <\/em>L&#8217;any 2000 va ser nomenat finalista per les seves contribucions com a escriptor infantil als\u00a0 <a title=\"Hans Christian Andersen Award\" href=\"https:\/\/en.wikipedia.org\/wiki\/Hans_Christian_Andersen_Award\" target=\"_blank\" rel=\"noopener\">Premis Hans Christian Andersen<\/a>.<\/p>\n<p style=\"text-align: right;\"><span style=\"font-size: small;\">Font: <a href=\"https:\/\/en.wikipedia.org\/wiki\/Peter_Dickinson\" target=\"_blank\" rel=\"noopener\">wikipedia<\/a><\/span><\/p>\n<\/blockquote>\n<h2>\u00a0<\/h2>\n<h2 style=\"text-align: center;\"><a href=\"https:\/\/biblioteca.blanes.cat\/salajove\/\">Biblioteca Jove \u2013 Biblioteca Comarcal de Blanes<\/a><\/h2>\n","protected":false},"excerpt":{"rendered":"<p>Bibliographic Park &#8211; Bibliovacances 2018 Aconsegueix el teu regal fins divendres 31 d&#8217;agost &nbsp; S&#8217;acosta el final de les vacances de l&#8217;estiu i amb elles l&#8217;arribada a la fi del nostre Bibliovacances.<\/p>\n","protected":false},"author":4,"featured_media":1390,"comment_status":"open","ping_status":"open","sticky":false,"template":"","format":"standard","meta":{"sfsi_plus_gutenberg_text_before_share":"","sfsi_plus_gutenberg_show_text_before_share":"","sfsi_plus_gutenberg_icon_type":"","sfsi_plus_gutenberg_icon_alignemt":"","sfsi_plus_gutenburg_max_per_row":"","footnotes":""},"categories":[1],"tags":[24,59,57,61,69,70,22,23],"class_list":["post-1630","post","type-post","status-publish","format-standard","has-post-thumbnail","hentry","category-general","tag-activitats","tag-bibliografic-park","tag-bibliovacances","tag-estiu","tag-jules-verne","tag-ray-bradbury","tag-ressenya","tag-sinopsi"],"yoast_head":"<!-- This site is optimized with the Yoast SEO plugin v27.5 - https:\/\/yoast.com\/product\/yoast-seo-wordpress\/ -->\n<title>bibliographic park biblioteca jove - Biblioteca.blanes.cat - #Biblioblanes<\/title>\n<meta name=\"description\" content=\"bibliographic park biblioteca jove - Aconsegueix el teu regal fins divendres 31 d&#039;agost. S&#039;acosta el final de les vacances de l&#039;estiu i amb elles...\" \/>\n<meta name=\"robots\" content=\"index, follow, max-snippet:-1, max-image-preview:large, max-video-preview:-1\" \/>\n<link rel=\"canonical\" href=\"https:\/\/biblioteca.blanes.cat\/salajove\/2018\/08\/24\/bibliographic-park\/\" \/>\n<meta property=\"og:locale\" content=\"ca_ES\" \/>\n<meta property=\"og:type\" content=\"article\" \/>\n<meta property=\"og:title\" content=\"bibliographic park biblioteca jove - Biblioteca.blanes.cat - #Biblioblanes\" \/>\n<meta property=\"og:description\" content=\"bibliographic park biblioteca jove - Aconsegueix el teu regal fins divendres 31 d&#039;agost. S&#039;acosta el final de les vacances de l&#039;estiu i amb elles...\" \/>\n<meta property=\"og:url\" content=\"https:\/\/biblioteca.blanes.cat\/salajove\/2018\/08\/24\/bibliographic-park\/\" \/>\n<meta property=\"og:site_name\" content=\"Sala Jove\" \/>\n<meta property=\"article:publisher\" content=\"https:\/\/www.facebook.com\/BilbiotecaComarcaldeBlanes\/\" \/>\n<meta property=\"article:published_time\" content=\"2018-08-24T10:08:37+00:00\" \/>\n<meta property=\"article:modified_time\" content=\"2018-09-12T17:54:41+00:00\" \/>\n<meta property=\"og:image\" content=\"https:\/\/biblioteca.blanes.cat\/salajove\/wp-content\/uploads\/sites\/3\/2018\/06\/01.jpg\" \/>\n\t<meta property=\"og:image:width\" content=\"877\" \/>\n\t<meta property=\"og:image:height\" content=\"1240\" \/>\n\t<meta property=\"og:image:type\" content=\"image\/jpeg\" \/>\n<meta name=\"author\" content=\"biblioblanes\" \/>\n<meta name=\"twitter:card\" content=\"summary_large_image\" \/>\n<meta name=\"twitter:creator\" content=\"@biblioblanes\" \/>\n<meta name=\"twitter:site\" content=\"@BiblioBlanes\" \/>\n<meta name=\"twitter:label1\" content=\"Escrit per\" \/>\n\t<meta name=\"twitter:data1\" content=\"biblioblanes\" \/>\n\t<meta name=\"twitter:label2\" content=\"Temps estimat de lectura\" \/>\n\t<meta name=\"twitter:data2\" content=\"4 minuts\" \/>\n<script type=\"application\/ld+json\" class=\"yoast-schema-graph\">{\"@context\":\"https:\\\/\\\/schema.org\",\"@graph\":[{\"@type\":\"Article\",\"@id\":\"https:\\\/\\\/biblioteca.blanes.cat\\\/salajove\\\/2018\\\/08\\\/24\\\/bibliographic-park\\\/#article\",\"isPartOf\":{\"@id\":\"https:\\\/\\\/biblioteca.blanes.cat\\\/salajove\\\/2018\\\/08\\\/24\\\/bibliographic-park\\\/\"},\"author\":{\"name\":\"biblioblanes\",\"@id\":\"https:\\\/\\\/biblioteca.blanes.cat\\\/salajove\\\/#\\\/schema\\\/person\\\/5a7b46760d9dd611d098bbf571a341dc\"},\"headline\":\"BIBLIOVACANCES: darrers dies del Bibliographic Park\",\"datePublished\":\"2018-08-24T10:08:37+00:00\",\"dateModified\":\"2018-09-12T17:54:41+00:00\",\"mainEntityOfPage\":{\"@id\":\"https:\\\/\\\/biblioteca.blanes.cat\\\/salajove\\\/2018\\\/08\\\/24\\\/bibliographic-park\\\/\"},\"wordCount\":851,\"commentCount\":0,\"publisher\":{\"@id\":\"https:\\\/\\\/biblioteca.blanes.cat\\\/salajove\\\/#organization\"},\"image\":{\"@id\":\"https:\\\/\\\/biblioteca.blanes.cat\\\/salajove\\\/2018\\\/08\\\/24\\\/bibliographic-park\\\/#primaryimage\"},\"thumbnailUrl\":\"https:\\\/\\\/biblioteca.blanes.cat\\\/salajove\\\/wp-content\\\/uploads\\\/sites\\\/3\\\/2018\\\/06\\\/01.jpg\",\"keywords\":[\"#Activitats\",\"#BibliograficPark\",\"#Bibliovacances\",\"#Estiu\",\"#Jules Verne\",\"#RayBradbury\",\"#Ressenya\",\"#Sinopsi\"],\"articleSection\":[\"Not\u00edcies\"],\"inLanguage\":\"ca\",\"potentialAction\":[{\"@type\":\"CommentAction\",\"name\":\"Comment\",\"target\":[\"https:\\\/\\\/biblioteca.blanes.cat\\\/salajove\\\/2018\\\/08\\\/24\\\/bibliographic-park\\\/#respond\"]}]},{\"@type\":\"WebPage\",\"@id\":\"https:\\\/\\\/biblioteca.blanes.cat\\\/salajove\\\/2018\\\/08\\\/24\\\/bibliographic-park\\\/\",\"url\":\"https:\\\/\\\/biblioteca.blanes.cat\\\/salajove\\\/2018\\\/08\\\/24\\\/bibliographic-park\\\/\",\"name\":\"bibliographic park biblioteca jove - Biblioteca.blanes.cat - #Biblioblanes\",\"isPartOf\":{\"@id\":\"https:\\\/\\\/biblioteca.blanes.cat\\\/salajove\\\/#website\"},\"primaryImageOfPage\":{\"@id\":\"https:\\\/\\\/biblioteca.blanes.cat\\\/salajove\\\/2018\\\/08\\\/24\\\/bibliographic-park\\\/#primaryimage\"},\"image\":{\"@id\":\"https:\\\/\\\/biblioteca.blanes.cat\\\/salajove\\\/2018\\\/08\\\/24\\\/bibliographic-park\\\/#primaryimage\"},\"thumbnailUrl\":\"https:\\\/\\\/biblioteca.blanes.cat\\\/salajove\\\/wp-content\\\/uploads\\\/sites\\\/3\\\/2018\\\/06\\\/01.jpg\",\"datePublished\":\"2018-08-24T10:08:37+00:00\",\"dateModified\":\"2018-09-12T17:54:41+00:00\",\"description\":\"bibliographic park biblioteca jove - Aconsegueix el teu regal fins divendres 31 d'agost. S'acosta el final de les vacances de l'estiu i amb elles...\",\"breadcrumb\":{\"@id\":\"https:\\\/\\\/biblioteca.blanes.cat\\\/salajove\\\/2018\\\/08\\\/24\\\/bibliographic-park\\\/#breadcrumb\"},\"inLanguage\":\"ca\",\"potentialAction\":[{\"@type\":\"ReadAction\",\"target\":[\"https:\\\/\\\/biblioteca.blanes.cat\\\/salajove\\\/2018\\\/08\\\/24\\\/bibliographic-park\\\/\"]}]},{\"@type\":\"ImageObject\",\"inLanguage\":\"ca\",\"@id\":\"https:\\\/\\\/biblioteca.blanes.cat\\\/salajove\\\/2018\\\/08\\\/24\\\/bibliographic-park\\\/#primaryimage\",\"url\":\"https:\\\/\\\/biblioteca.blanes.cat\\\/salajove\\\/wp-content\\\/uploads\\\/sites\\\/3\\\/2018\\\/06\\\/01.jpg\",\"contentUrl\":\"https:\\\/\\\/biblioteca.blanes.cat\\\/salajove\\\/wp-content\\\/uploads\\\/sites\\\/3\\\/2018\\\/06\\\/01.jpg\",\"width\":877,\"height\":1240,\"caption\":\"Biblioteca Jove Blanes - dossier de lectures bibliographic park\"},{\"@type\":\"BreadcrumbList\",\"@id\":\"https:\\\/\\\/biblioteca.blanes.cat\\\/salajove\\\/2018\\\/08\\\/24\\\/bibliographic-park\\\/#breadcrumb\",\"itemListElement\":[{\"@type\":\"ListItem\",\"position\":1,\"name\":\"Inici\",\"item\":\"https:\\\/\\\/biblioteca.blanes.cat\\\/salajove\\\/\"},{\"@type\":\"ListItem\",\"position\":2,\"name\":\"BIBLIOVACANCES: darrers dies del Bibliographic Park\"}]},{\"@type\":\"WebSite\",\"@id\":\"https:\\\/\\\/biblioteca.blanes.cat\\\/salajove\\\/#website\",\"url\":\"https:\\\/\\\/biblioteca.blanes.cat\\\/salajove\\\/\",\"name\":\"Sala Jove\",\"description\":\"Biblioteca Comarcal de Blanes\",\"publisher\":{\"@id\":\"https:\\\/\\\/biblioteca.blanes.cat\\\/salajove\\\/#organization\"},\"potentialAction\":[{\"@type\":\"SearchAction\",\"target\":{\"@type\":\"EntryPoint\",\"urlTemplate\":\"https:\\\/\\\/biblioteca.blanes.cat\\\/salajove\\\/?s={search_term_string}\"},\"query-input\":{\"@type\":\"PropertyValueSpecification\",\"valueRequired\":true,\"valueName\":\"search_term_string\"}}],\"inLanguage\":\"ca\"},{\"@type\":\"Organization\",\"@id\":\"https:\\\/\\\/biblioteca.blanes.cat\\\/salajove\\\/#organization\",\"name\":\"Biblioteca Comarcal de Blanes\",\"url\":\"https:\\\/\\\/biblioteca.blanes.cat\\\/salajove\\\/\",\"logo\":{\"@type\":\"ImageObject\",\"inLanguage\":\"ca\",\"@id\":\"https:\\\/\\\/biblioteca.blanes.cat\\\/salajove\\\/#\\\/schema\\\/logo\\\/image\\\/\",\"url\":\"https:\\\/\\\/biblioteca.blanes.cat\\\/salajove\\\/wp-content\\\/uploads\\\/sites\\\/3\\\/2017\\\/09\\\/cropped-Bib-blau-e1518869380535.png\",\"contentUrl\":\"https:\\\/\\\/biblioteca.blanes.cat\\\/salajove\\\/wp-content\\\/uploads\\\/sites\\\/3\\\/2017\\\/09\\\/cropped-Bib-blau-e1518869380535.png\",\"width\":166,\"height\":166,\"caption\":\"Biblioteca Comarcal de Blanes\"},\"image\":{\"@id\":\"https:\\\/\\\/biblioteca.blanes.cat\\\/salajove\\\/#\\\/schema\\\/logo\\\/image\\\/\"},\"sameAs\":[\"https:\\\/\\\/www.facebook.com\\\/BilbiotecaComarcaldeBlanes\\\/\",\"https:\\\/\\\/x.com\\\/BiblioBlanes\",\"https:\\\/\\\/www.instagram.com\\\/biblioblanes\\\/\",\"https:\\\/\\\/www.pinterest.es\\\/bblanes\\\/\",\"https:\\\/\\\/www.youtube.com\\\/c\\\/BibliotecaComarcalBlanes\"]},{\"@type\":\"Person\",\"@id\":\"https:\\\/\\\/biblioteca.blanes.cat\\\/salajove\\\/#\\\/schema\\\/person\\\/5a7b46760d9dd611d098bbf571a341dc\",\"name\":\"biblioblanes\",\"image\":{\"@type\":\"ImageObject\",\"inLanguage\":\"ca\",\"@id\":\"https:\\\/\\\/secure.gravatar.com\\\/avatar\\\/6593ca6cc90e5a70939f51c95e8315483b9c281bafba597292bee47992030f99?s=96&d=mm&r=g\",\"url\":\"https:\\\/\\\/secure.gravatar.com\\\/avatar\\\/6593ca6cc90e5a70939f51c95e8315483b9c281bafba597292bee47992030f99?s=96&d=mm&r=g\",\"contentUrl\":\"https:\\\/\\\/secure.gravatar.com\\\/avatar\\\/6593ca6cc90e5a70939f51c95e8315483b9c281bafba597292bee47992030f99?s=96&d=mm&r=g\",\"caption\":\"biblioblanes\"},\"sameAs\":[\"http:\\\/\\\/www.bibgirona.cat\\\/biblioteca\\\/blanes\",\"https:\\\/\\\/x.com\\\/biblioblanes\"],\"url\":\"https:\\\/\\\/biblioteca.blanes.cat\\\/salajove\\\/author\\\/biblioblanes\\\/\"}]}<\/script>\n<!-- \/ Yoast SEO plugin. -->","yoast_head_json":{"title":"bibliographic park biblioteca jove - Biblioteca.blanes.cat - #Biblioblanes","description":"bibliographic park biblioteca jove - Aconsegueix el teu regal fins divendres 31 d'agost. S'acosta el final de les vacances de l'estiu i amb elles...","robots":{"index":"index","follow":"follow","max-snippet":"max-snippet:-1","max-image-preview":"max-image-preview:large","max-video-preview":"max-video-preview:-1"},"canonical":"https:\/\/biblioteca.blanes.cat\/salajove\/2018\/08\/24\/bibliographic-park\/","og_locale":"ca_ES","og_type":"article","og_title":"bibliographic park biblioteca jove - Biblioteca.blanes.cat - #Biblioblanes","og_description":"bibliographic park biblioteca jove - Aconsegueix el teu regal fins divendres 31 d'agost. S'acosta el final de les vacances de l'estiu i amb elles...","og_url":"https:\/\/biblioteca.blanes.cat\/salajove\/2018\/08\/24\/bibliographic-park\/","og_site_name":"Sala Jove","article_publisher":"https:\/\/www.facebook.com\/BilbiotecaComarcaldeBlanes\/","article_published_time":"2018-08-24T10:08:37+00:00","article_modified_time":"2018-09-12T17:54:41+00:00","og_image":[{"width":877,"height":1240,"url":"https:\/\/biblioteca.blanes.cat\/salajove\/wp-content\/uploads\/sites\/3\/2018\/06\/01.jpg","type":"image\/jpeg"}],"author":"biblioblanes","twitter_card":"summary_large_image","twitter_creator":"@biblioblanes","twitter_site":"@BiblioBlanes","twitter_misc":{"Escrit per":"biblioblanes","Temps estimat de lectura":"4 minuts"},"schema":{"@context":"https:\/\/schema.org","@graph":[{"@type":"Article","@id":"https:\/\/biblioteca.blanes.cat\/salajove\/2018\/08\/24\/bibliographic-park\/#article","isPartOf":{"@id":"https:\/\/biblioteca.blanes.cat\/salajove\/2018\/08\/24\/bibliographic-park\/"},"author":{"name":"biblioblanes","@id":"https:\/\/biblioteca.blanes.cat\/salajove\/#\/schema\/person\/5a7b46760d9dd611d098bbf571a341dc"},"headline":"BIBLIOVACANCES: darrers dies del Bibliographic Park","datePublished":"2018-08-24T10:08:37+00:00","dateModified":"2018-09-12T17:54:41+00:00","mainEntityOfPage":{"@id":"https:\/\/biblioteca.blanes.cat\/salajove\/2018\/08\/24\/bibliographic-park\/"},"wordCount":851,"commentCount":0,"publisher":{"@id":"https:\/\/biblioteca.blanes.cat\/salajove\/#organization"},"image":{"@id":"https:\/\/biblioteca.blanes.cat\/salajove\/2018\/08\/24\/bibliographic-park\/#primaryimage"},"thumbnailUrl":"https:\/\/biblioteca.blanes.cat\/salajove\/wp-content\/uploads\/sites\/3\/2018\/06\/01.jpg","keywords":["#Activitats","#BibliograficPark","#Bibliovacances","#Estiu","#Jules Verne","#RayBradbury","#Ressenya","#Sinopsi"],"articleSection":["Not\u00edcies"],"inLanguage":"ca","potentialAction":[{"@type":"CommentAction","name":"Comment","target":["https:\/\/biblioteca.blanes.cat\/salajove\/2018\/08\/24\/bibliographic-park\/#respond"]}]},{"@type":"WebPage","@id":"https:\/\/biblioteca.blanes.cat\/salajove\/2018\/08\/24\/bibliographic-park\/","url":"https:\/\/biblioteca.blanes.cat\/salajove\/2018\/08\/24\/bibliographic-park\/","name":"bibliographic park biblioteca jove - Biblioteca.blanes.cat - #Biblioblanes","isPartOf":{"@id":"https:\/\/biblioteca.blanes.cat\/salajove\/#website"},"primaryImageOfPage":{"@id":"https:\/\/biblioteca.blanes.cat\/salajove\/2018\/08\/24\/bibliographic-park\/#primaryimage"},"image":{"@id":"https:\/\/biblioteca.blanes.cat\/salajove\/2018\/08\/24\/bibliographic-park\/#primaryimage"},"thumbnailUrl":"https:\/\/biblioteca.blanes.cat\/salajove\/wp-content\/uploads\/sites\/3\/2018\/06\/01.jpg","datePublished":"2018-08-24T10:08:37+00:00","dateModified":"2018-09-12T17:54:41+00:00","description":"bibliographic park biblioteca jove - Aconsegueix el teu regal fins divendres 31 d'agost. S'acosta el final de les vacances de l'estiu i amb elles...","breadcrumb":{"@id":"https:\/\/biblioteca.blanes.cat\/salajove\/2018\/08\/24\/bibliographic-park\/#breadcrumb"},"inLanguage":"ca","potentialAction":[{"@type":"ReadAction","target":["https:\/\/biblioteca.blanes.cat\/salajove\/2018\/08\/24\/bibliographic-park\/"]}]},{"@type":"ImageObject","inLanguage":"ca","@id":"https:\/\/biblioteca.blanes.cat\/salajove\/2018\/08\/24\/bibliographic-park\/#primaryimage","url":"https:\/\/biblioteca.blanes.cat\/salajove\/wp-content\/uploads\/sites\/3\/2018\/06\/01.jpg","contentUrl":"https:\/\/biblioteca.blanes.cat\/salajove\/wp-content\/uploads\/sites\/3\/2018\/06\/01.jpg","width":877,"height":1240,"caption":"Biblioteca Jove Blanes - dossier de lectures bibliographic park"},{"@type":"BreadcrumbList","@id":"https:\/\/biblioteca.blanes.cat\/salajove\/2018\/08\/24\/bibliographic-park\/#breadcrumb","itemListElement":[{"@type":"ListItem","position":1,"name":"Inici","item":"https:\/\/biblioteca.blanes.cat\/salajove\/"},{"@type":"ListItem","position":2,"name":"BIBLIOVACANCES: darrers dies del Bibliographic Park"}]},{"@type":"WebSite","@id":"https:\/\/biblioteca.blanes.cat\/salajove\/#website","url":"https:\/\/biblioteca.blanes.cat\/salajove\/","name":"Sala Jove","description":"Biblioteca Comarcal de Blanes","publisher":{"@id":"https:\/\/biblioteca.blanes.cat\/salajove\/#organization"},"potentialAction":[{"@type":"SearchAction","target":{"@type":"EntryPoint","urlTemplate":"https:\/\/biblioteca.blanes.cat\/salajove\/?s={search_term_string}"},"query-input":{"@type":"PropertyValueSpecification","valueRequired":true,"valueName":"search_term_string"}}],"inLanguage":"ca"},{"@type":"Organization","@id":"https:\/\/biblioteca.blanes.cat\/salajove\/#organization","name":"Biblioteca Comarcal de Blanes","url":"https:\/\/biblioteca.blanes.cat\/salajove\/","logo":{"@type":"ImageObject","inLanguage":"ca","@id":"https:\/\/biblioteca.blanes.cat\/salajove\/#\/schema\/logo\/image\/","url":"https:\/\/biblioteca.blanes.cat\/salajove\/wp-content\/uploads\/sites\/3\/2017\/09\/cropped-Bib-blau-e1518869380535.png","contentUrl":"https:\/\/biblioteca.blanes.cat\/salajove\/wp-content\/uploads\/sites\/3\/2017\/09\/cropped-Bib-blau-e1518869380535.png","width":166,"height":166,"caption":"Biblioteca Comarcal de Blanes"},"image":{"@id":"https:\/\/biblioteca.blanes.cat\/salajove\/#\/schema\/logo\/image\/"},"sameAs":["https:\/\/www.facebook.com\/BilbiotecaComarcaldeBlanes\/","https:\/\/x.com\/BiblioBlanes","https:\/\/www.instagram.com\/biblioblanes\/","https:\/\/www.pinterest.es\/bblanes\/","https:\/\/www.youtube.com\/c\/BibliotecaComarcalBlanes"]},{"@type":"Person","@id":"https:\/\/biblioteca.blanes.cat\/salajove\/#\/schema\/person\/5a7b46760d9dd611d098bbf571a341dc","name":"biblioblanes","image":{"@type":"ImageObject","inLanguage":"ca","@id":"https:\/\/secure.gravatar.com\/avatar\/6593ca6cc90e5a70939f51c95e8315483b9c281bafba597292bee47992030f99?s=96&d=mm&r=g","url":"https:\/\/secure.gravatar.com\/avatar\/6593ca6cc90e5a70939f51c95e8315483b9c281bafba597292bee47992030f99?s=96&d=mm&r=g","contentUrl":"https:\/\/secure.gravatar.com\/avatar\/6593ca6cc90e5a70939f51c95e8315483b9c281bafba597292bee47992030f99?s=96&d=mm&r=g","caption":"biblioblanes"},"sameAs":["http:\/\/www.bibgirona.cat\/biblioteca\/blanes","https:\/\/x.com\/biblioblanes"],"url":"https:\/\/biblioteca.blanes.cat\/salajove\/author\/biblioblanes\/"}]}},"_links":{"self":[{"href":"https:\/\/biblioteca.blanes.cat\/salajove\/wp-json\/wp\/v2\/posts\/1630","targetHints":{"allow":["GET"]}}],"collection":[{"href":"https:\/\/biblioteca.blanes.cat\/salajove\/wp-json\/wp\/v2\/posts"}],"about":[{"href":"https:\/\/biblioteca.blanes.cat\/salajove\/wp-json\/wp\/v2\/types\/post"}],"author":[{"embeddable":true,"href":"https:\/\/biblioteca.blanes.cat\/salajove\/wp-json\/wp\/v2\/users\/4"}],"replies":[{"embeddable":true,"href":"https:\/\/biblioteca.blanes.cat\/salajove\/wp-json\/wp\/v2\/comments?post=1630"}],"version-history":[{"count":26,"href":"https:\/\/biblioteca.blanes.cat\/salajove\/wp-json\/wp\/v2\/posts\/1630\/revisions"}],"predecessor-version":[{"id":1827,"href":"https:\/\/biblioteca.blanes.cat\/salajove\/wp-json\/wp\/v2\/posts\/1630\/revisions\/1827"}],"wp:featuredmedia":[{"embeddable":true,"href":"https:\/\/biblioteca.blanes.cat\/salajove\/wp-json\/wp\/v2\/media\/1390"}],"wp:attachment":[{"href":"https:\/\/biblioteca.blanes.cat\/salajove\/wp-json\/wp\/v2\/media?parent=1630"}],"wp:term":[{"taxonomy":"category","embeddable":true,"href":"https:\/\/biblioteca.blanes.cat\/salajove\/wp-json\/wp\/v2\/categories?post=1630"},{"taxonomy":"post_tag","embeddable":true,"href":"https:\/\/biblioteca.blanes.cat\/salajove\/wp-json\/wp\/v2\/tags?post=1630"}],"curies":[{"name":"wp","href":"https:\/\/api.w.org\/{rel}","templated":true}]}}