{"id":1611,"date":"2018-08-16T19:14:08","date_gmt":"2018-08-16T18:14:08","guid":{"rendered":"https:\/\/biblioteca.blanes.cat\/salajove\/?p=1611"},"modified":"2018-09-12T18:55:02","modified_gmt":"2018-09-12T17:55:02","slug":"bollere-dese-concurs-de-relats-breus-per-a-joves-bases","status":"publish","type":"post","link":"https:\/\/biblioteca.blanes.cat\/salajove\/2018\/08\/16\/bollere-dese-concurs-de-relats-breus-per-a-joves-bases\/","title":{"rendered":"BOLLER\u00c9: Des\u00e8 concurs de relats breus per a joves &#8211; Bases"},"content":{"rendered":"<h2 style=\"text-align: center;\">Boller\u00e9, Concurs de relats breus per a joves<\/h2>\n<p style=\"text-align: justify;\"><img fetchpriority=\"high\" decoding=\"async\" class=\"alignright size-medium wp-image-1618\" src=\"https:\/\/biblioteca.blanes.cat\/salajove\/wp-content\/uploads\/sites\/3\/2017\/09\/DestacatConcursLiterari_Boller\u00e92018-1-300x183.png\" alt=\"\" width=\"300\" height=\"183\" srcset=\"https:\/\/biblioteca.blanes.cat\/salajove\/wp-content\/uploads\/sites\/3\/2017\/09\/DestacatConcursLiterari_Boller\u00e92018-1-300x183.png 300w, https:\/\/biblioteca.blanes.cat\/salajove\/wp-content\/uploads\/sites\/3\/2017\/09\/DestacatConcursLiterari_Boller\u00e92018-1-768x467.png 768w, https:\/\/biblioteca.blanes.cat\/salajove\/wp-content\/uploads\/sites\/3\/2017\/09\/DestacatConcursLiterari_Boller\u00e92018-1-1024x623.png 1024w\" sizes=\"(max-width: 300px) 100vw, 300px\" \/>Boller\u00e9 \u00e9s el nom que porta el certamen literari de relats breus per a joves que convoca l&#8217;Ajuntament de Blanes a trav\u00e9s de la seva biblioteca, la Biblioteca Comarcal de Blanes.<!--more--><\/p>\n<p style=\"text-align: justify;\">La finalitat del concurs \u00e9s promoure la creaci\u00f3 liter\u00e0ria entre els joves de 15 a 25 anys. A les darreres edicions s&#8217;ha afegit la franja de joves de 12 a 14 anys. Per aix\u00f2 el certamen recull dues categories: la <strong>categoria A<\/strong> per a joves de 17 a 25 anys, i la <strong>categoria B<\/strong> per a joves de 12 a 16 anys.<\/p>\n<p>&nbsp;<\/p>\n<h2>Des\u00e8 concurs:<\/h2>\n<p style=\"text-align: justify;\">El <strong>Boller\u00e9<\/strong> s\u2019ha convocat durant <b>9<\/b> edicions amb una bona acceptaci\u00f3 per part del p\u00fablic jove. Tot seguit trobareu les Bases de la desena edici\u00f3. Us agrairem que ens ajudeu a fer-ne difusi\u00f3 entre els joves del vostre entorn.<\/p>\n<p>El relat guanyador ser\u00e0 escollit per un jurat, i el seu veredicte ser\u00e0 inapel\u00b7lable. El Jurat de la desena edici\u00f3 estar\u00e0 format per:<\/p>\n<p>El regidor de Cultura (Alcalde), un\/a t\u00e8cnic\/a de la Biblioteca Comarcal de Blanes, un especialista en llengua i\/o literatura, un escriptor de literatura juvenil, un t\u00e8cnic\/a d&#8217;un departament de l&#8217;ajuntament.<\/p>\n<p style=\"text-align: justify;\">Aqu\u00ed trobareu l\u2019arxiu per descarregar-les: <a href=\"https:\/\/biblioteca.blanes.cat\/salajove\/wp-content\/uploads\/sites\/3\/2017\/09\/BasesConcursLiterari_boller\u00e92018_p.pdf\" target=\"_blank\" rel=\"noopener\">Bases 2018.pdf<\/a><\/p>\n<p>&nbsp;<\/p>\n<div class=\"issuuembed\" style=\"width: 525px; height: 404px;\" data-configid=\"3835146\/63870245\">\u00a0<\/div>\n<p><script type=\"text\/javascript\" src=\"\/\/e.issuu.com\/embed.js\" async=\"true\"><\/script><\/p>\n<p>&nbsp;<\/p>\n<p style=\"text-align: justify;\">Aqu\u00ed trobareu les obres guanyadores de les anteriors edicions:<\/p>\n<p style=\"text-align: center;\"><a href=\"https:\/\/biblioteca.blanes.cat\/salajove\/bollere-historic\/\"><img decoding=\"async\" class=\"aligncenter size-medium wp-image-1620\" src=\"https:\/\/biblioteca.blanes.cat\/salajove\/wp-content\/uploads\/sites\/3\/2017\/09\/hist\u00f2ric-ConcursLiterari_Boller\u00e92018-300x183.png\" alt=\"\" width=\"300\" height=\"183\" srcset=\"https:\/\/biblioteca.blanes.cat\/salajove\/wp-content\/uploads\/sites\/3\/2017\/09\/hist\u00f2ric-ConcursLiterari_Boller\u00e92018-300x183.png 300w, https:\/\/biblioteca.blanes.cat\/salajove\/wp-content\/uploads\/sites\/3\/2017\/09\/hist\u00f2ric-ConcursLiterari_Boller\u00e92018-768x467.png 768w, https:\/\/biblioteca.blanes.cat\/salajove\/wp-content\/uploads\/sites\/3\/2017\/09\/hist\u00f2ric-ConcursLiterari_Boller\u00e92018-1024x623.png 1024w\" sizes=\"(max-width: 300px) 100vw, 300px\" \/><\/a><\/p>\n<p>&nbsp;<\/p>\n<h4 style=\"text-align: center;\"><a href=\"http:\/\/www.bibgirona.cat\/biblioteca\/blanes\" target=\"_blank\" rel=\"noopener\"> #biblioblanes<\/a><\/h4>\n","protected":false},"excerpt":{"rendered":"<p>Boller\u00e9, Concurs de relats breus per a joves Boller\u00e9 \u00e9s el nom que porta el certamen literari de relats breus per a joves que convoca l&#8217;Ajuntament de Blanes a trav\u00e9s de la seva biblioteca, la Biblioteca Comarcal de Blanes.<\/p>\n","protected":false},"author":4,"featured_media":1621,"comment_status":"open","ping_status":"open","sticky":false,"template":"","format":"standard","meta":{"sfsi_plus_gutenberg_text_before_share":"","sfsi_plus_gutenberg_show_text_before_share":"","sfsi_plus_gutenberg_icon_type":"","sfsi_plus_gutenberg_icon_alignemt":"","sfsi_plus_gutenburg_max_per_row":"","footnotes":""},"categories":[15,1],"tags":[24,37,68,38,16,31,19,41],"class_list":["post-1611","post","type-post","status-publish","format-standard","has-post-thumbnail","hentry","category-bollere","category-general","tag-activitats","tag-bases","tag-bollere","tag-certamen","tag-concurs","tag-escriptura","tag-literatura","tag-premis"],"yoast_head":"<!-- This site is optimized with the Yoast SEO plugin v27.5 - https:\/\/yoast.com\/product\/yoast-seo-wordpress\/ -->\n<title>BOLLER\u00c9: Des\u00e8 concurs de relats breus per a joves - Bases - Sala Jove<\/title>\n<meta name=\"description\" content=\"Desena convocat\u00f2ria del Concurs de relats breus per a joves boller\u00e9 - La finalitat del concurs \u00e9s promoure la creaci\u00f3 liter\u00e0ria entre els joves de ...\" \/>\n<meta name=\"robots\" content=\"index, follow, max-snippet:-1, max-image-preview:large, max-video-preview:-1\" \/>\n<link rel=\"canonical\" href=\"https:\/\/biblioteca.blanes.cat\/salajove\/2018\/08\/16\/bollere-dese-concurs-de-relats-breus-per-a-joves-bases\/\" \/>\n<meta property=\"og:locale\" content=\"ca_ES\" \/>\n<meta property=\"og:type\" content=\"article\" \/>\n<meta property=\"og:title\" content=\"BOLLER\u00c9: Des\u00e8 concurs de relats breus per a joves - Bases - Sala Jove\" \/>\n<meta property=\"og:description\" content=\"Desena convocat\u00f2ria del Concurs de relats breus per a joves boller\u00e9 - La finalitat del concurs \u00e9s promoure la creaci\u00f3 liter\u00e0ria entre els joves de ...\" \/>\n<meta property=\"og:url\" content=\"https:\/\/biblioteca.blanes.cat\/salajove\/2018\/08\/16\/bollere-dese-concurs-de-relats-breus-per-a-joves-bases\/\" \/>\n<meta property=\"og:site_name\" content=\"Sala Jove\" \/>\n<meta property=\"article:publisher\" content=\"https:\/\/www.facebook.com\/BilbiotecaComarcaldeBlanes\/\" \/>\n<meta property=\"article:published_time\" content=\"2018-08-16T18:14:08+00:00\" \/>\n<meta property=\"article:modified_time\" content=\"2018-09-12T17:55:02+00:00\" \/>\n<meta property=\"og:image\" content=\"https:\/\/biblioteca.blanes.cat\/salajove\/wp-content\/uploads\/sites\/3\/2017\/09\/Instagram-ConcursLiterari_Boller\u00e92018.png\" \/>\n\t<meta property=\"og:image:width\" content=\"700\" \/>\n\t<meta property=\"og:image:height\" content=\"700\" \/>\n\t<meta property=\"og:image:type\" content=\"image\/png\" \/>\n<meta name=\"author\" content=\"biblioblanes\" \/>\n<meta name=\"twitter:card\" content=\"summary_large_image\" \/>\n<meta name=\"twitter:creator\" content=\"@biblioblanes\" \/>\n<meta name=\"twitter:site\" content=\"@BiblioBlanes\" \/>\n<meta name=\"twitter:label1\" content=\"Escrit per\" \/>\n\t<meta name=\"twitter:data1\" content=\"biblioblanes\" \/>\n\t<meta name=\"twitter:label2\" content=\"Temps estimat de lectura\" \/>\n\t<meta name=\"twitter:data2\" content=\"1 minut\" \/>\n<script type=\"application\/ld+json\" class=\"yoast-schema-graph\">{\"@context\":\"https:\\\/\\\/schema.org\",\"@graph\":[{\"@type\":\"Article\",\"@id\":\"https:\\\/\\\/biblioteca.blanes.cat\\\/salajove\\\/2018\\\/08\\\/16\\\/bollere-dese-concurs-de-relats-breus-per-a-joves-bases\\\/#article\",\"isPartOf\":{\"@id\":\"https:\\\/\\\/biblioteca.blanes.cat\\\/salajove\\\/2018\\\/08\\\/16\\\/bollere-dese-concurs-de-relats-breus-per-a-joves-bases\\\/\"},\"author\":{\"name\":\"biblioblanes\",\"@id\":\"https:\\\/\\\/biblioteca.blanes.cat\\\/salajove\\\/#\\\/schema\\\/person\\\/5a7b46760d9dd611d098bbf571a341dc\"},\"headline\":\"BOLLER\u00c9: Des\u00e8 concurs de relats breus per a joves &#8211; Bases\",\"datePublished\":\"2018-08-16T18:14:08+00:00\",\"dateModified\":\"2018-09-12T17:55:02+00:00\",\"mainEntityOfPage\":{\"@id\":\"https:\\\/\\\/biblioteca.blanes.cat\\\/salajove\\\/2018\\\/08\\\/16\\\/bollere-dese-concurs-de-relats-breus-per-a-joves-bases\\\/\"},\"wordCount\":234,\"commentCount\":0,\"publisher\":{\"@id\":\"https:\\\/\\\/biblioteca.blanes.cat\\\/salajove\\\/#organization\"},\"image\":{\"@id\":\"https:\\\/\\\/biblioteca.blanes.cat\\\/salajove\\\/2018\\\/08\\\/16\\\/bollere-dese-concurs-de-relats-breus-per-a-joves-bases\\\/#primaryimage\"},\"thumbnailUrl\":\"https:\\\/\\\/biblioteca.blanes.cat\\\/salajove\\\/wp-content\\\/uploads\\\/sites\\\/3\\\/2017\\\/09\\\/Instagram-ConcursLiterari_Boller\u00e92018.png\",\"keywords\":[\"#Activitats\",\"#Bases\",\"#Boller\u00e9\",\"#Cert\u00e0men\",\"#Concurs\",\"#Escriptura\",\"#Literatura\",\"#Premis\"],\"articleSection\":[\"Boller\u00e9\",\"Not\u00edcies\"],\"inLanguage\":\"ca\",\"potentialAction\":[{\"@type\":\"CommentAction\",\"name\":\"Comment\",\"target\":[\"https:\\\/\\\/biblioteca.blanes.cat\\\/salajove\\\/2018\\\/08\\\/16\\\/bollere-dese-concurs-de-relats-breus-per-a-joves-bases\\\/#respond\"]}]},{\"@type\":\"WebPage\",\"@id\":\"https:\\\/\\\/biblioteca.blanes.cat\\\/salajove\\\/2018\\\/08\\\/16\\\/bollere-dese-concurs-de-relats-breus-per-a-joves-bases\\\/\",\"url\":\"https:\\\/\\\/biblioteca.blanes.cat\\\/salajove\\\/2018\\\/08\\\/16\\\/bollere-dese-concurs-de-relats-breus-per-a-joves-bases\\\/\",\"name\":\"BOLLER\u00c9: Des\u00e8 concurs de relats breus per a joves - Bases - Sala Jove\",\"isPartOf\":{\"@id\":\"https:\\\/\\\/biblioteca.blanes.cat\\\/salajove\\\/#website\"},\"primaryImageOfPage\":{\"@id\":\"https:\\\/\\\/biblioteca.blanes.cat\\\/salajove\\\/2018\\\/08\\\/16\\\/bollere-dese-concurs-de-relats-breus-per-a-joves-bases\\\/#primaryimage\"},\"image\":{\"@id\":\"https:\\\/\\\/biblioteca.blanes.cat\\\/salajove\\\/2018\\\/08\\\/16\\\/bollere-dese-concurs-de-relats-breus-per-a-joves-bases\\\/#primaryimage\"},\"thumbnailUrl\":\"https:\\\/\\\/biblioteca.blanes.cat\\\/salajove\\\/wp-content\\\/uploads\\\/sites\\\/3\\\/2017\\\/09\\\/Instagram-ConcursLiterari_Boller\u00e92018.png\",\"datePublished\":\"2018-08-16T18:14:08+00:00\",\"dateModified\":\"2018-09-12T17:55:02+00:00\",\"description\":\"Desena convocat\u00f2ria del Concurs de relats breus per a joves boller\u00e9 - La finalitat del concurs \u00e9s promoure la creaci\u00f3 liter\u00e0ria entre els joves de ...\",\"breadcrumb\":{\"@id\":\"https:\\\/\\\/biblioteca.blanes.cat\\\/salajove\\\/2018\\\/08\\\/16\\\/bollere-dese-concurs-de-relats-breus-per-a-joves-bases\\\/#breadcrumb\"},\"inLanguage\":\"ca\",\"potentialAction\":[{\"@type\":\"ReadAction\",\"target\":[\"https:\\\/\\\/biblioteca.blanes.cat\\\/salajove\\\/2018\\\/08\\\/16\\\/bollere-dese-concurs-de-relats-breus-per-a-joves-bases\\\/\"]}]},{\"@type\":\"ImageObject\",\"inLanguage\":\"ca\",\"@id\":\"https:\\\/\\\/biblioteca.blanes.cat\\\/salajove\\\/2018\\\/08\\\/16\\\/bollere-dese-concurs-de-relats-breus-per-a-joves-bases\\\/#primaryimage\",\"url\":\"https:\\\/\\\/biblioteca.blanes.cat\\\/salajove\\\/wp-content\\\/uploads\\\/sites\\\/3\\\/2017\\\/09\\\/Instagram-ConcursLiterari_Boller\u00e92018.png\",\"contentUrl\":\"https:\\\/\\\/biblioteca.blanes.cat\\\/salajove\\\/wp-content\\\/uploads\\\/sites\\\/3\\\/2017\\\/09\\\/Instagram-ConcursLiterari_Boller\u00e92018.png\",\"width\":700,\"height\":700},{\"@type\":\"BreadcrumbList\",\"@id\":\"https:\\\/\\\/biblioteca.blanes.cat\\\/salajove\\\/2018\\\/08\\\/16\\\/bollere-dese-concurs-de-relats-breus-per-a-joves-bases\\\/#breadcrumb\",\"itemListElement\":[{\"@type\":\"ListItem\",\"position\":1,\"name\":\"Inici\",\"item\":\"https:\\\/\\\/biblioteca.blanes.cat\\\/salajove\\\/\"},{\"@type\":\"ListItem\",\"position\":2,\"name\":\"BOLLER\u00c9: Des\u00e8 concurs de relats breus per a joves &#8211; Bases\"}]},{\"@type\":\"WebSite\",\"@id\":\"https:\\\/\\\/biblioteca.blanes.cat\\\/salajove\\\/#website\",\"url\":\"https:\\\/\\\/biblioteca.blanes.cat\\\/salajove\\\/\",\"name\":\"Sala Jove\",\"description\":\"Biblioteca Comarcal de Blanes\",\"publisher\":{\"@id\":\"https:\\\/\\\/biblioteca.blanes.cat\\\/salajove\\\/#organization\"},\"potentialAction\":[{\"@type\":\"SearchAction\",\"target\":{\"@type\":\"EntryPoint\",\"urlTemplate\":\"https:\\\/\\\/biblioteca.blanes.cat\\\/salajove\\\/?s={search_term_string}\"},\"query-input\":{\"@type\":\"PropertyValueSpecification\",\"valueRequired\":true,\"valueName\":\"search_term_string\"}}],\"inLanguage\":\"ca\"},{\"@type\":\"Organization\",\"@id\":\"https:\\\/\\\/biblioteca.blanes.cat\\\/salajove\\\/#organization\",\"name\":\"Biblioteca Comarcal de Blanes\",\"url\":\"https:\\\/\\\/biblioteca.blanes.cat\\\/salajove\\\/\",\"logo\":{\"@type\":\"ImageObject\",\"inLanguage\":\"ca\",\"@id\":\"https:\\\/\\\/biblioteca.blanes.cat\\\/salajove\\\/#\\\/schema\\\/logo\\\/image\\\/\",\"url\":\"https:\\\/\\\/biblioteca.blanes.cat\\\/salajove\\\/wp-content\\\/uploads\\\/sites\\\/3\\\/2017\\\/09\\\/cropped-Bib-blau-e1518869380535.png\",\"contentUrl\":\"https:\\\/\\\/biblioteca.blanes.cat\\\/salajove\\\/wp-content\\\/uploads\\\/sites\\\/3\\\/2017\\\/09\\\/cropped-Bib-blau-e1518869380535.png\",\"width\":166,\"height\":166,\"caption\":\"Biblioteca Comarcal de Blanes\"},\"image\":{\"@id\":\"https:\\\/\\\/biblioteca.blanes.cat\\\/salajove\\\/#\\\/schema\\\/logo\\\/image\\\/\"},\"sameAs\":[\"https:\\\/\\\/www.facebook.com\\\/BilbiotecaComarcaldeBlanes\\\/\",\"https:\\\/\\\/x.com\\\/BiblioBlanes\",\"https:\\\/\\\/www.instagram.com\\\/biblioblanes\\\/\",\"https:\\\/\\\/www.pinterest.es\\\/bblanes\\\/\",\"https:\\\/\\\/www.youtube.com\\\/c\\\/BibliotecaComarcalBlanes\"]},{\"@type\":\"Person\",\"@id\":\"https:\\\/\\\/biblioteca.blanes.cat\\\/salajove\\\/#\\\/schema\\\/person\\\/5a7b46760d9dd611d098bbf571a341dc\",\"name\":\"biblioblanes\",\"image\":{\"@type\":\"ImageObject\",\"inLanguage\":\"ca\",\"@id\":\"https:\\\/\\\/secure.gravatar.com\\\/avatar\\\/6593ca6cc90e5a70939f51c95e8315483b9c281bafba597292bee47992030f99?s=96&d=mm&r=g\",\"url\":\"https:\\\/\\\/secure.gravatar.com\\\/avatar\\\/6593ca6cc90e5a70939f51c95e8315483b9c281bafba597292bee47992030f99?s=96&d=mm&r=g\",\"contentUrl\":\"https:\\\/\\\/secure.gravatar.com\\\/avatar\\\/6593ca6cc90e5a70939f51c95e8315483b9c281bafba597292bee47992030f99?s=96&d=mm&r=g\",\"caption\":\"biblioblanes\"},\"sameAs\":[\"http:\\\/\\\/www.bibgirona.cat\\\/biblioteca\\\/blanes\",\"https:\\\/\\\/x.com\\\/biblioblanes\"],\"url\":\"https:\\\/\\\/biblioteca.blanes.cat\\\/salajove\\\/author\\\/biblioblanes\\\/\"}]}<\/script>\n<!-- \/ Yoast SEO plugin. -->","yoast_head_json":{"title":"BOLLER\u00c9: Des\u00e8 concurs de relats breus per a joves - Bases - Sala Jove","description":"Desena convocat\u00f2ria del Concurs de relats breus per a joves boller\u00e9 - La finalitat del concurs \u00e9s promoure la creaci\u00f3 liter\u00e0ria entre els joves de ...","robots":{"index":"index","follow":"follow","max-snippet":"max-snippet:-1","max-image-preview":"max-image-preview:large","max-video-preview":"max-video-preview:-1"},"canonical":"https:\/\/biblioteca.blanes.cat\/salajove\/2018\/08\/16\/bollere-dese-concurs-de-relats-breus-per-a-joves-bases\/","og_locale":"ca_ES","og_type":"article","og_title":"BOLLER\u00c9: Des\u00e8 concurs de relats breus per a joves - Bases - Sala Jove","og_description":"Desena convocat\u00f2ria del Concurs de relats breus per a joves boller\u00e9 - La finalitat del concurs \u00e9s promoure la creaci\u00f3 liter\u00e0ria entre els joves de ...","og_url":"https:\/\/biblioteca.blanes.cat\/salajove\/2018\/08\/16\/bollere-dese-concurs-de-relats-breus-per-a-joves-bases\/","og_site_name":"Sala Jove","article_publisher":"https:\/\/www.facebook.com\/BilbiotecaComarcaldeBlanes\/","article_published_time":"2018-08-16T18:14:08+00:00","article_modified_time":"2018-09-12T17:55:02+00:00","og_image":[{"width":700,"height":700,"url":"https:\/\/biblioteca.blanes.cat\/salajove\/wp-content\/uploads\/sites\/3\/2017\/09\/Instagram-ConcursLiterari_Boller\u00e92018.png","type":"image\/png"}],"author":"biblioblanes","twitter_card":"summary_large_image","twitter_creator":"@biblioblanes","twitter_site":"@BiblioBlanes","twitter_misc":{"Escrit per":"biblioblanes","Temps estimat de lectura":"1 minut"},"schema":{"@context":"https:\/\/schema.org","@graph":[{"@type":"Article","@id":"https:\/\/biblioteca.blanes.cat\/salajove\/2018\/08\/16\/bollere-dese-concurs-de-relats-breus-per-a-joves-bases\/#article","isPartOf":{"@id":"https:\/\/biblioteca.blanes.cat\/salajove\/2018\/08\/16\/bollere-dese-concurs-de-relats-breus-per-a-joves-bases\/"},"author":{"name":"biblioblanes","@id":"https:\/\/biblioteca.blanes.cat\/salajove\/#\/schema\/person\/5a7b46760d9dd611d098bbf571a341dc"},"headline":"BOLLER\u00c9: Des\u00e8 concurs de relats breus per a joves &#8211; Bases","datePublished":"2018-08-16T18:14:08+00:00","dateModified":"2018-09-12T17:55:02+00:00","mainEntityOfPage":{"@id":"https:\/\/biblioteca.blanes.cat\/salajove\/2018\/08\/16\/bollere-dese-concurs-de-relats-breus-per-a-joves-bases\/"},"wordCount":234,"commentCount":0,"publisher":{"@id":"https:\/\/biblioteca.blanes.cat\/salajove\/#organization"},"image":{"@id":"https:\/\/biblioteca.blanes.cat\/salajove\/2018\/08\/16\/bollere-dese-concurs-de-relats-breus-per-a-joves-bases\/#primaryimage"},"thumbnailUrl":"https:\/\/biblioteca.blanes.cat\/salajove\/wp-content\/uploads\/sites\/3\/2017\/09\/Instagram-ConcursLiterari_Boller\u00e92018.png","keywords":["#Activitats","#Bases","#Boller\u00e9","#Cert\u00e0men","#Concurs","#Escriptura","#Literatura","#Premis"],"articleSection":["Boller\u00e9","Not\u00edcies"],"inLanguage":"ca","potentialAction":[{"@type":"CommentAction","name":"Comment","target":["https:\/\/biblioteca.blanes.cat\/salajove\/2018\/08\/16\/bollere-dese-concurs-de-relats-breus-per-a-joves-bases\/#respond"]}]},{"@type":"WebPage","@id":"https:\/\/biblioteca.blanes.cat\/salajove\/2018\/08\/16\/bollere-dese-concurs-de-relats-breus-per-a-joves-bases\/","url":"https:\/\/biblioteca.blanes.cat\/salajove\/2018\/08\/16\/bollere-dese-concurs-de-relats-breus-per-a-joves-bases\/","name":"BOLLER\u00c9: Des\u00e8 concurs de relats breus per a joves - Bases - Sala Jove","isPartOf":{"@id":"https:\/\/biblioteca.blanes.cat\/salajove\/#website"},"primaryImageOfPage":{"@id":"https:\/\/biblioteca.blanes.cat\/salajove\/2018\/08\/16\/bollere-dese-concurs-de-relats-breus-per-a-joves-bases\/#primaryimage"},"image":{"@id":"https:\/\/biblioteca.blanes.cat\/salajove\/2018\/08\/16\/bollere-dese-concurs-de-relats-breus-per-a-joves-bases\/#primaryimage"},"thumbnailUrl":"https:\/\/biblioteca.blanes.cat\/salajove\/wp-content\/uploads\/sites\/3\/2017\/09\/Instagram-ConcursLiterari_Boller\u00e92018.png","datePublished":"2018-08-16T18:14:08+00:00","dateModified":"2018-09-12T17:55:02+00:00","description":"Desena convocat\u00f2ria del Concurs de relats breus per a joves boller\u00e9 - La finalitat del concurs \u00e9s promoure la creaci\u00f3 liter\u00e0ria entre els joves de ...","breadcrumb":{"@id":"https:\/\/biblioteca.blanes.cat\/salajove\/2018\/08\/16\/bollere-dese-concurs-de-relats-breus-per-a-joves-bases\/#breadcrumb"},"inLanguage":"ca","potentialAction":[{"@type":"ReadAction","target":["https:\/\/biblioteca.blanes.cat\/salajove\/2018\/08\/16\/bollere-dese-concurs-de-relats-breus-per-a-joves-bases\/"]}]},{"@type":"ImageObject","inLanguage":"ca","@id":"https:\/\/biblioteca.blanes.cat\/salajove\/2018\/08\/16\/bollere-dese-concurs-de-relats-breus-per-a-joves-bases\/#primaryimage","url":"https:\/\/biblioteca.blanes.cat\/salajove\/wp-content\/uploads\/sites\/3\/2017\/09\/Instagram-ConcursLiterari_Boller\u00e92018.png","contentUrl":"https:\/\/biblioteca.blanes.cat\/salajove\/wp-content\/uploads\/sites\/3\/2017\/09\/Instagram-ConcursLiterari_Boller\u00e92018.png","width":700,"height":700},{"@type":"BreadcrumbList","@id":"https:\/\/biblioteca.blanes.cat\/salajove\/2018\/08\/16\/bollere-dese-concurs-de-relats-breus-per-a-joves-bases\/#breadcrumb","itemListElement":[{"@type":"ListItem","position":1,"name":"Inici","item":"https:\/\/biblioteca.blanes.cat\/salajove\/"},{"@type":"ListItem","position":2,"name":"BOLLER\u00c9: Des\u00e8 concurs de relats breus per a joves &#8211; Bases"}]},{"@type":"WebSite","@id":"https:\/\/biblioteca.blanes.cat\/salajove\/#website","url":"https:\/\/biblioteca.blanes.cat\/salajove\/","name":"Sala Jove","description":"Biblioteca Comarcal de Blanes","publisher":{"@id":"https:\/\/biblioteca.blanes.cat\/salajove\/#organization"},"potentialAction":[{"@type":"SearchAction","target":{"@type":"EntryPoint","urlTemplate":"https:\/\/biblioteca.blanes.cat\/salajove\/?s={search_term_string}"},"query-input":{"@type":"PropertyValueSpecification","valueRequired":true,"valueName":"search_term_string"}}],"inLanguage":"ca"},{"@type":"Organization","@id":"https:\/\/biblioteca.blanes.cat\/salajove\/#organization","name":"Biblioteca Comarcal de Blanes","url":"https:\/\/biblioteca.blanes.cat\/salajove\/","logo":{"@type":"ImageObject","inLanguage":"ca","@id":"https:\/\/biblioteca.blanes.cat\/salajove\/#\/schema\/logo\/image\/","url":"https:\/\/biblioteca.blanes.cat\/salajove\/wp-content\/uploads\/sites\/3\/2017\/09\/cropped-Bib-blau-e1518869380535.png","contentUrl":"https:\/\/biblioteca.blanes.cat\/salajove\/wp-content\/uploads\/sites\/3\/2017\/09\/cropped-Bib-blau-e1518869380535.png","width":166,"height":166,"caption":"Biblioteca Comarcal de Blanes"},"image":{"@id":"https:\/\/biblioteca.blanes.cat\/salajove\/#\/schema\/logo\/image\/"},"sameAs":["https:\/\/www.facebook.com\/BilbiotecaComarcaldeBlanes\/","https:\/\/x.com\/BiblioBlanes","https:\/\/www.instagram.com\/biblioblanes\/","https:\/\/www.pinterest.es\/bblanes\/","https:\/\/www.youtube.com\/c\/BibliotecaComarcalBlanes"]},{"@type":"Person","@id":"https:\/\/biblioteca.blanes.cat\/salajove\/#\/schema\/person\/5a7b46760d9dd611d098bbf571a341dc","name":"biblioblanes","image":{"@type":"ImageObject","inLanguage":"ca","@id":"https:\/\/secure.gravatar.com\/avatar\/6593ca6cc90e5a70939f51c95e8315483b9c281bafba597292bee47992030f99?s=96&d=mm&r=g","url":"https:\/\/secure.gravatar.com\/avatar\/6593ca6cc90e5a70939f51c95e8315483b9c281bafba597292bee47992030f99?s=96&d=mm&r=g","contentUrl":"https:\/\/secure.gravatar.com\/avatar\/6593ca6cc90e5a70939f51c95e8315483b9c281bafba597292bee47992030f99?s=96&d=mm&r=g","caption":"biblioblanes"},"sameAs":["http:\/\/www.bibgirona.cat\/biblioteca\/blanes","https:\/\/x.com\/biblioblanes"],"url":"https:\/\/biblioteca.blanes.cat\/salajove\/author\/biblioblanes\/"}]}},"_links":{"self":[{"href":"https:\/\/biblioteca.blanes.cat\/salajove\/wp-json\/wp\/v2\/posts\/1611","targetHints":{"allow":["GET"]}}],"collection":[{"href":"https:\/\/biblioteca.blanes.cat\/salajove\/wp-json\/wp\/v2\/posts"}],"about":[{"href":"https:\/\/biblioteca.blanes.cat\/salajove\/wp-json\/wp\/v2\/types\/post"}],"author":[{"embeddable":true,"href":"https:\/\/biblioteca.blanes.cat\/salajove\/wp-json\/wp\/v2\/users\/4"}],"replies":[{"embeddable":true,"href":"https:\/\/biblioteca.blanes.cat\/salajove\/wp-json\/wp\/v2\/comments?post=1611"}],"version-history":[{"count":5,"href":"https:\/\/biblioteca.blanes.cat\/salajove\/wp-json\/wp\/v2\/posts\/1611\/revisions"}],"predecessor-version":[{"id":1828,"href":"https:\/\/biblioteca.blanes.cat\/salajove\/wp-json\/wp\/v2\/posts\/1611\/revisions\/1828"}],"wp:featuredmedia":[{"embeddable":true,"href":"https:\/\/biblioteca.blanes.cat\/salajove\/wp-json\/wp\/v2\/media\/1621"}],"wp:attachment":[{"href":"https:\/\/biblioteca.blanes.cat\/salajove\/wp-json\/wp\/v2\/media?parent=1611"}],"wp:term":[{"taxonomy":"category","embeddable":true,"href":"https:\/\/biblioteca.blanes.cat\/salajove\/wp-json\/wp\/v2\/categories?post=1611"},{"taxonomy":"post_tag","embeddable":true,"href":"https:\/\/biblioteca.blanes.cat\/salajove\/wp-json\/wp\/v2\/tags?post=1611"}],"curies":[{"name":"wp","href":"https:\/\/api.w.org\/{rel}","templated":true}]}}