{"id":1594,"date":"2017-08-16T15:51:54","date_gmt":"2017-08-16T14:51:54","guid":{"rendered":"https:\/\/biblioteca.blanes.cat\/salajove\/?p=1594"},"modified":"2018-08-16T16:46:58","modified_gmt":"2018-08-16T15:46:58","slug":"premis-nove-concurs-de-relats-breus-per-a-joves-bollere","status":"publish","type":"post","link":"https:\/\/biblioteca.blanes.cat\/salajove\/2017\/08\/16\/premis-nove-concurs-de-relats-breus-per-a-joves-bollere\/","title":{"rendered":"BOLLER\u00c9: bases nov\u00e8 concurs de relats breus per a joves"},"content":{"rendered":"<h2>La finalitat del concurs de relats breus per a joves Boller\u00e9 \u00e9s promoure la creaci\u00f3 liter\u00e0ria entre els joves de 15 a 29 anys.<\/h2>\n<p style=\"text-align: justify;\"><img fetchpriority=\"high\" decoding=\"async\" class=\"alignright wp-image-34 size-medium\" src=\"https:\/\/biblioteca.blanes.cat\/salajove\/wp-content\/uploads\/sites\/3\/2017\/09\/Boller\u00e9-300x171.png\" alt=\"Boller\u00e9\" width=\"300\" height=\"171\" srcset=\"https:\/\/biblioteca.blanes.cat\/salajove\/wp-content\/uploads\/sites\/3\/2017\/09\/Boller\u00e9-300x171.png 300w, https:\/\/biblioteca.blanes.cat\/salajove\/wp-content\/uploads\/sites\/3\/2017\/09\/Boller\u00e9-768x439.png 768w, https:\/\/biblioteca.blanes.cat\/salajove\/wp-content\/uploads\/sites\/3\/2017\/09\/Boller\u00e9-1024x585.png 1024w, https:\/\/biblioteca.blanes.cat\/salajove\/wp-content\/uploads\/sites\/3\/2017\/09\/Boller\u00e9.png 1167w\" sizes=\"(max-width: 300px) 100vw, 300px\" \/><\/p>\n<p style=\"text-align: justify;\">A m\u00e9s a m\u00e9s, des de la darrera edici\u00f3 s\u2019ha afegit la franja de joves de 12 a 14 anys que poden participar i guanyar un lot de llibres, per incentivar-los en les seves inquietuds liter\u00e0ries.<\/p>\n<p>&nbsp;<\/p>\n<p style=\"text-align: justify;\">El Jurat d\u2019aquesta edici\u00f3 estar\u00e0 format per:<\/p>\n<p style=\"text-align: justify;\">El regidor de Cultura, <strong>Sr. Joaquim Torrecillas, <\/strong>el regidor de Joventut, <strong>Sr. Joel Comas, <\/strong>Un\/a t\u00e8cnic\/a de la Biblioteca Comarcal de Blanes,<strong> Sra. Gemma Ciur\u00f3, <\/strong>Un especialista en llengua i\/o literatura, <strong>Sra. Elisa Sola, <\/strong>Un escriptor de literatura juvenil, <strong>Sr. Salvador Macip, <\/strong>Un membre d\u2019entitat juvenil, <strong>Sr. Marc F\u00e0bregas<\/strong> de la Colla de Diables Sa Forcanera, Els guanyadors del Concurs de l\u2019edici\u00f3 anterior, S<strong>ra. Marta Arenas . <\/strong><\/p>\n<p style=\"text-align: justify;\">El <strong>Boller\u00e9<\/strong> s\u2019ha convocat durant 8 edicions amb una bona acceptaci\u00f3 per part del p\u00fablic jove. Us fem arribar les Bases de la IX edici\u00f3 i us agrairem que ens ajudeu a fer-ne difusi\u00f3 entre els joves del vostre municipi o servei.<\/p>\n<p style=\"text-align: justify;\">Aqu\u00ed trobareu l\u2019arxiu per descarregar-les: <strong><a href=\"https:\/\/drive.google.com\/file\/d\/0B3hWl8WjEoc9aXYzeHhVUkg0N1U\/view\" target=\"_blank\" rel=\"noopener\">Bases 2017<\/a><\/strong><\/p>\n<div class=\"issuuembed\" style=\"width: 525px; height: 371px; text-align: center;\" data-configid=\"3835146\/51046675\">\u00a0<\/div>\n<p style=\"text-align: center;\"><script type=\"text\/javascript\" src=\"\/\/e.issuu.com\/embed.js\" async=\"true\"><\/script><\/p>\n<p>&nbsp;<\/p>\n<p style=\"text-align: justify;\">Aqu\u00ed trobareu les obres guanyadores de les anteriors edicions:<\/p>\n<p><a href=\"https:\/\/biblioteca.blanes.cat\/salajove\/bollere-historic\/\" target=\"_blank\" rel=\"noopener\"><img decoding=\"async\" class=\"aligncenter wp-image-36 size-medium\" title=\"Boller\u00e9\" src=\"https:\/\/biblioteca.blanes.cat\/salajove\/wp-content\/uploads\/sites\/3\/2017\/09\/Hist\u00f2ric-300x167.png\" alt=\"Boller\u00e9\" width=\"300\" height=\"167\" srcset=\"https:\/\/biblioteca.blanes.cat\/salajove\/wp-content\/uploads\/sites\/3\/2017\/09\/Hist\u00f2ric-300x167.png 300w, https:\/\/biblioteca.blanes.cat\/salajove\/wp-content\/uploads\/sites\/3\/2017\/09\/Hist\u00f2ric-768x427.png 768w, https:\/\/biblioteca.blanes.cat\/salajove\/wp-content\/uploads\/sites\/3\/2017\/09\/Hist\u00f2ric-1024x570.png 1024w, https:\/\/biblioteca.blanes.cat\/salajove\/wp-content\/uploads\/sites\/3\/2017\/09\/Hist\u00f2ric.png 1481w\" sizes=\"(max-width: 300px) 100vw, 300px\" \/><\/a><\/p>\n<div dir=\"ltr\" style=\"text-align: left;\">\u00a0<\/div>\n<div dir=\"ltr\" style=\"text-align: left;\">\u00a0<\/div>\n","protected":false},"excerpt":{"rendered":"<p>La finalitat del concurs de relats breus per a joves Boller\u00e9 \u00e9s promoure la creaci\u00f3 liter\u00e0ria entre els joves de 15 a 29 anys. A m\u00e9s a m\u00e9s, des de la darrera edici\u00f3 s\u2019ha afegit la franja de joves de<\/p>\n","protected":false},"author":4,"featured_media":34,"comment_status":"open","ping_status":"open","sticky":false,"template":"","format":"standard","meta":{"sfsi_plus_gutenberg_text_before_share":"","sfsi_plus_gutenberg_show_text_before_share":"","sfsi_plus_gutenberg_icon_type":"","sfsi_plus_gutenberg_icon_alignemt":"","sfsi_plus_gutenburg_max_per_row":"","footnotes":""},"categories":[15,1,36],"tags":[68,38,16,31,52,41],"class_list":["post-1594","post","type-post","status-publish","format-standard","has-post-thumbnail","hentry","category-bollere","category-general","category-premis-literaris","tag-bollere","tag-certamen","tag-concurs","tag-escriptura","tag-joves","tag-premis"],"yoast_head":"<!-- This site is optimized with the Yoast SEO plugin v27.5 - https:\/\/yoast.com\/product\/yoast-seo-wordpress\/ -->\n<title>BOLLER\u00c9: bases nov\u00e8 concurs de relats breus per a joves - Sala Jove<\/title>\n<meta name=\"robots\" content=\"index, follow, max-snippet:-1, max-image-preview:large, max-video-preview:-1\" \/>\n<link rel=\"canonical\" href=\"https:\/\/biblioteca.blanes.cat\/salajove\/2017\/08\/16\/premis-nove-concurs-de-relats-breus-per-a-joves-bollere\/\" \/>\n<meta property=\"og:locale\" content=\"ca_ES\" \/>\n<meta property=\"og:type\" content=\"article\" \/>\n<meta property=\"og:title\" content=\"BOLLER\u00c9: bases nov\u00e8 concurs de relats breus per a joves - Sala Jove\" \/>\n<meta property=\"og:description\" content=\"La finalitat del concurs de relats breus per a joves Boller\u00e9 \u00e9s promoure la creaci\u00f3 liter\u00e0ria entre els joves de 15 a 29 anys. A m\u00e9s a m\u00e9s, des de la darrera edici\u00f3 s\u2019ha afegit la franja de joves de\" \/>\n<meta property=\"og:url\" content=\"https:\/\/biblioteca.blanes.cat\/salajove\/2017\/08\/16\/premis-nove-concurs-de-relats-breus-per-a-joves-bollere\/\" \/>\n<meta property=\"og:site_name\" content=\"Sala Jove\" \/>\n<meta property=\"article:publisher\" content=\"https:\/\/www.facebook.com\/BilbiotecaComarcaldeBlanes\/\" \/>\n<meta property=\"article:published_time\" content=\"2017-08-16T14:51:54+00:00\" \/>\n<meta property=\"article:modified_time\" content=\"2018-08-16T15:46:58+00:00\" \/>\n<meta property=\"og:image\" content=\"https:\/\/biblioteca.blanes.cat\/salajove\/wp-content\/uploads\/sites\/3\/2017\/09\/Boller\u00e9.png\" \/>\n\t<meta property=\"og:image:width\" content=\"1167\" \/>\n\t<meta property=\"og:image:height\" content=\"667\" \/>\n\t<meta property=\"og:image:type\" content=\"image\/png\" \/>\n<meta name=\"author\" content=\"biblioblanes\" \/>\n<meta name=\"twitter:card\" content=\"summary_large_image\" \/>\n<meta name=\"twitter:creator\" content=\"@biblioblanes\" \/>\n<meta name=\"twitter:site\" content=\"@BiblioBlanes\" \/>\n<meta name=\"twitter:label1\" content=\"Escrit per\" \/>\n\t<meta name=\"twitter:data1\" content=\"biblioblanes\" \/>\n\t<meta name=\"twitter:label2\" content=\"Temps estimat de lectura\" \/>\n\t<meta name=\"twitter:data2\" content=\"1 minut\" \/>\n<script type=\"application\/ld+json\" class=\"yoast-schema-graph\">{\"@context\":\"https:\\\/\\\/schema.org\",\"@graph\":[{\"@type\":\"Article\",\"@id\":\"https:\\\/\\\/biblioteca.blanes.cat\\\/salajove\\\/2017\\\/08\\\/16\\\/premis-nove-concurs-de-relats-breus-per-a-joves-bollere\\\/#article\",\"isPartOf\":{\"@id\":\"https:\\\/\\\/biblioteca.blanes.cat\\\/salajove\\\/2017\\\/08\\\/16\\\/premis-nove-concurs-de-relats-breus-per-a-joves-bollere\\\/\"},\"author\":{\"name\":\"biblioblanes\",\"@id\":\"https:\\\/\\\/biblioteca.blanes.cat\\\/salajove\\\/#\\\/schema\\\/person\\\/5a7b46760d9dd611d098bbf571a341dc\"},\"headline\":\"BOLLER\u00c9: bases nov\u00e8 concurs de relats breus per a joves\",\"datePublished\":\"2017-08-16T14:51:54+00:00\",\"dateModified\":\"2018-08-16T15:46:58+00:00\",\"mainEntityOfPage\":{\"@id\":\"https:\\\/\\\/biblioteca.blanes.cat\\\/salajove\\\/2017\\\/08\\\/16\\\/premis-nove-concurs-de-relats-breus-per-a-joves-bollere\\\/\"},\"wordCount\":213,\"commentCount\":0,\"publisher\":{\"@id\":\"https:\\\/\\\/biblioteca.blanes.cat\\\/salajove\\\/#organization\"},\"image\":{\"@id\":\"https:\\\/\\\/biblioteca.blanes.cat\\\/salajove\\\/2017\\\/08\\\/16\\\/premis-nove-concurs-de-relats-breus-per-a-joves-bollere\\\/#primaryimage\"},\"thumbnailUrl\":\"https:\\\/\\\/biblioteca.blanes.cat\\\/salajove\\\/wp-content\\\/uploads\\\/sites\\\/3\\\/2017\\\/09\\\/Boller\u00e9.png\",\"keywords\":[\"#Boller\u00e9\",\"#Cert\u00e0men\",\"#Concurs\",\"#Escriptura\",\"#Joves\",\"#Premis\"],\"articleSection\":[\"Boller\u00e9\",\"Not\u00edcies\",\"Premis Literaris\"],\"inLanguage\":\"ca\",\"potentialAction\":[{\"@type\":\"CommentAction\",\"name\":\"Comment\",\"target\":[\"https:\\\/\\\/biblioteca.blanes.cat\\\/salajove\\\/2017\\\/08\\\/16\\\/premis-nove-concurs-de-relats-breus-per-a-joves-bollere\\\/#respond\"]}]},{\"@type\":\"WebPage\",\"@id\":\"https:\\\/\\\/biblioteca.blanes.cat\\\/salajove\\\/2017\\\/08\\\/16\\\/premis-nove-concurs-de-relats-breus-per-a-joves-bollere\\\/\",\"url\":\"https:\\\/\\\/biblioteca.blanes.cat\\\/salajove\\\/2017\\\/08\\\/16\\\/premis-nove-concurs-de-relats-breus-per-a-joves-bollere\\\/\",\"name\":\"BOLLER\u00c9: bases nov\u00e8 concurs de relats breus per a joves - Sala Jove\",\"isPartOf\":{\"@id\":\"https:\\\/\\\/biblioteca.blanes.cat\\\/salajove\\\/#website\"},\"primaryImageOfPage\":{\"@id\":\"https:\\\/\\\/biblioteca.blanes.cat\\\/salajove\\\/2017\\\/08\\\/16\\\/premis-nove-concurs-de-relats-breus-per-a-joves-bollere\\\/#primaryimage\"},\"image\":{\"@id\":\"https:\\\/\\\/biblioteca.blanes.cat\\\/salajove\\\/2017\\\/08\\\/16\\\/premis-nove-concurs-de-relats-breus-per-a-joves-bollere\\\/#primaryimage\"},\"thumbnailUrl\":\"https:\\\/\\\/biblioteca.blanes.cat\\\/salajove\\\/wp-content\\\/uploads\\\/sites\\\/3\\\/2017\\\/09\\\/Boller\u00e9.png\",\"datePublished\":\"2017-08-16T14:51:54+00:00\",\"dateModified\":\"2018-08-16T15:46:58+00:00\",\"breadcrumb\":{\"@id\":\"https:\\\/\\\/biblioteca.blanes.cat\\\/salajove\\\/2017\\\/08\\\/16\\\/premis-nove-concurs-de-relats-breus-per-a-joves-bollere\\\/#breadcrumb\"},\"inLanguage\":\"ca\",\"potentialAction\":[{\"@type\":\"ReadAction\",\"target\":[\"https:\\\/\\\/biblioteca.blanes.cat\\\/salajove\\\/2017\\\/08\\\/16\\\/premis-nove-concurs-de-relats-breus-per-a-joves-bollere\\\/\"]}]},{\"@type\":\"ImageObject\",\"inLanguage\":\"ca\",\"@id\":\"https:\\\/\\\/biblioteca.blanes.cat\\\/salajove\\\/2017\\\/08\\\/16\\\/premis-nove-concurs-de-relats-breus-per-a-joves-bollere\\\/#primaryimage\",\"url\":\"https:\\\/\\\/biblioteca.blanes.cat\\\/salajove\\\/wp-content\\\/uploads\\\/sites\\\/3\\\/2017\\\/09\\\/Boller\u00e9.png\",\"contentUrl\":\"https:\\\/\\\/biblioteca.blanes.cat\\\/salajove\\\/wp-content\\\/uploads\\\/sites\\\/3\\\/2017\\\/09\\\/Boller\u00e9.png\",\"width\":1167,\"height\":667,\"caption\":\"Boller\u00e9\"},{\"@type\":\"BreadcrumbList\",\"@id\":\"https:\\\/\\\/biblioteca.blanes.cat\\\/salajove\\\/2017\\\/08\\\/16\\\/premis-nove-concurs-de-relats-breus-per-a-joves-bollere\\\/#breadcrumb\",\"itemListElement\":[{\"@type\":\"ListItem\",\"position\":1,\"name\":\"Inici\",\"item\":\"https:\\\/\\\/biblioteca.blanes.cat\\\/salajove\\\/\"},{\"@type\":\"ListItem\",\"position\":2,\"name\":\"BOLLER\u00c9: bases nov\u00e8 concurs de relats breus per a joves\"}]},{\"@type\":\"WebSite\",\"@id\":\"https:\\\/\\\/biblioteca.blanes.cat\\\/salajove\\\/#website\",\"url\":\"https:\\\/\\\/biblioteca.blanes.cat\\\/salajove\\\/\",\"name\":\"Sala Jove\",\"description\":\"Biblioteca Comarcal de Blanes\",\"publisher\":{\"@id\":\"https:\\\/\\\/biblioteca.blanes.cat\\\/salajove\\\/#organization\"},\"potentialAction\":[{\"@type\":\"SearchAction\",\"target\":{\"@type\":\"EntryPoint\",\"urlTemplate\":\"https:\\\/\\\/biblioteca.blanes.cat\\\/salajove\\\/?s={search_term_string}\"},\"query-input\":{\"@type\":\"PropertyValueSpecification\",\"valueRequired\":true,\"valueName\":\"search_term_string\"}}],\"inLanguage\":\"ca\"},{\"@type\":\"Organization\",\"@id\":\"https:\\\/\\\/biblioteca.blanes.cat\\\/salajove\\\/#organization\",\"name\":\"Biblioteca Comarcal de Blanes\",\"url\":\"https:\\\/\\\/biblioteca.blanes.cat\\\/salajove\\\/\",\"logo\":{\"@type\":\"ImageObject\",\"inLanguage\":\"ca\",\"@id\":\"https:\\\/\\\/biblioteca.blanes.cat\\\/salajove\\\/#\\\/schema\\\/logo\\\/image\\\/\",\"url\":\"https:\\\/\\\/biblioteca.blanes.cat\\\/salajove\\\/wp-content\\\/uploads\\\/sites\\\/3\\\/2017\\\/09\\\/cropped-Bib-blau-e1518869380535.png\",\"contentUrl\":\"https:\\\/\\\/biblioteca.blanes.cat\\\/salajove\\\/wp-content\\\/uploads\\\/sites\\\/3\\\/2017\\\/09\\\/cropped-Bib-blau-e1518869380535.png\",\"width\":166,\"height\":166,\"caption\":\"Biblioteca Comarcal de Blanes\"},\"image\":{\"@id\":\"https:\\\/\\\/biblioteca.blanes.cat\\\/salajove\\\/#\\\/schema\\\/logo\\\/image\\\/\"},\"sameAs\":[\"https:\\\/\\\/www.facebook.com\\\/BilbiotecaComarcaldeBlanes\\\/\",\"https:\\\/\\\/x.com\\\/BiblioBlanes\",\"https:\\\/\\\/www.instagram.com\\\/biblioblanes\\\/\",\"https:\\\/\\\/www.pinterest.es\\\/bblanes\\\/\",\"https:\\\/\\\/www.youtube.com\\\/c\\\/BibliotecaComarcalBlanes\"]},{\"@type\":\"Person\",\"@id\":\"https:\\\/\\\/biblioteca.blanes.cat\\\/salajove\\\/#\\\/schema\\\/person\\\/5a7b46760d9dd611d098bbf571a341dc\",\"name\":\"biblioblanes\",\"image\":{\"@type\":\"ImageObject\",\"inLanguage\":\"ca\",\"@id\":\"https:\\\/\\\/secure.gravatar.com\\\/avatar\\\/6593ca6cc90e5a70939f51c95e8315483b9c281bafba597292bee47992030f99?s=96&d=mm&r=g\",\"url\":\"https:\\\/\\\/secure.gravatar.com\\\/avatar\\\/6593ca6cc90e5a70939f51c95e8315483b9c281bafba597292bee47992030f99?s=96&d=mm&r=g\",\"contentUrl\":\"https:\\\/\\\/secure.gravatar.com\\\/avatar\\\/6593ca6cc90e5a70939f51c95e8315483b9c281bafba597292bee47992030f99?s=96&d=mm&r=g\",\"caption\":\"biblioblanes\"},\"sameAs\":[\"http:\\\/\\\/www.bibgirona.cat\\\/biblioteca\\\/blanes\",\"https:\\\/\\\/x.com\\\/biblioblanes\"],\"url\":\"https:\\\/\\\/biblioteca.blanes.cat\\\/salajove\\\/author\\\/biblioblanes\\\/\"}]}<\/script>\n<!-- \/ Yoast SEO plugin. -->","yoast_head_json":{"title":"BOLLER\u00c9: bases nov\u00e8 concurs de relats breus per a joves - Sala Jove","robots":{"index":"index","follow":"follow","max-snippet":"max-snippet:-1","max-image-preview":"max-image-preview:large","max-video-preview":"max-video-preview:-1"},"canonical":"https:\/\/biblioteca.blanes.cat\/salajove\/2017\/08\/16\/premis-nove-concurs-de-relats-breus-per-a-joves-bollere\/","og_locale":"ca_ES","og_type":"article","og_title":"BOLLER\u00c9: bases nov\u00e8 concurs de relats breus per a joves - Sala Jove","og_description":"La finalitat del concurs de relats breus per a joves Boller\u00e9 \u00e9s promoure la creaci\u00f3 liter\u00e0ria entre els joves de 15 a 29 anys. A m\u00e9s a m\u00e9s, des de la darrera edici\u00f3 s\u2019ha afegit la franja de joves de","og_url":"https:\/\/biblioteca.blanes.cat\/salajove\/2017\/08\/16\/premis-nove-concurs-de-relats-breus-per-a-joves-bollere\/","og_site_name":"Sala Jove","article_publisher":"https:\/\/www.facebook.com\/BilbiotecaComarcaldeBlanes\/","article_published_time":"2017-08-16T14:51:54+00:00","article_modified_time":"2018-08-16T15:46:58+00:00","og_image":[{"width":1167,"height":667,"url":"https:\/\/biblioteca.blanes.cat\/salajove\/wp-content\/uploads\/sites\/3\/2017\/09\/Boller\u00e9.png","type":"image\/png"}],"author":"biblioblanes","twitter_card":"summary_large_image","twitter_creator":"@biblioblanes","twitter_site":"@BiblioBlanes","twitter_misc":{"Escrit per":"biblioblanes","Temps estimat de lectura":"1 minut"},"schema":{"@context":"https:\/\/schema.org","@graph":[{"@type":"Article","@id":"https:\/\/biblioteca.blanes.cat\/salajove\/2017\/08\/16\/premis-nove-concurs-de-relats-breus-per-a-joves-bollere\/#article","isPartOf":{"@id":"https:\/\/biblioteca.blanes.cat\/salajove\/2017\/08\/16\/premis-nove-concurs-de-relats-breus-per-a-joves-bollere\/"},"author":{"name":"biblioblanes","@id":"https:\/\/biblioteca.blanes.cat\/salajove\/#\/schema\/person\/5a7b46760d9dd611d098bbf571a341dc"},"headline":"BOLLER\u00c9: bases nov\u00e8 concurs de relats breus per a joves","datePublished":"2017-08-16T14:51:54+00:00","dateModified":"2018-08-16T15:46:58+00:00","mainEntityOfPage":{"@id":"https:\/\/biblioteca.blanes.cat\/salajove\/2017\/08\/16\/premis-nove-concurs-de-relats-breus-per-a-joves-bollere\/"},"wordCount":213,"commentCount":0,"publisher":{"@id":"https:\/\/biblioteca.blanes.cat\/salajove\/#organization"},"image":{"@id":"https:\/\/biblioteca.blanes.cat\/salajove\/2017\/08\/16\/premis-nove-concurs-de-relats-breus-per-a-joves-bollere\/#primaryimage"},"thumbnailUrl":"https:\/\/biblioteca.blanes.cat\/salajove\/wp-content\/uploads\/sites\/3\/2017\/09\/Boller\u00e9.png","keywords":["#Boller\u00e9","#Cert\u00e0men","#Concurs","#Escriptura","#Joves","#Premis"],"articleSection":["Boller\u00e9","Not\u00edcies","Premis Literaris"],"inLanguage":"ca","potentialAction":[{"@type":"CommentAction","name":"Comment","target":["https:\/\/biblioteca.blanes.cat\/salajove\/2017\/08\/16\/premis-nove-concurs-de-relats-breus-per-a-joves-bollere\/#respond"]}]},{"@type":"WebPage","@id":"https:\/\/biblioteca.blanes.cat\/salajove\/2017\/08\/16\/premis-nove-concurs-de-relats-breus-per-a-joves-bollere\/","url":"https:\/\/biblioteca.blanes.cat\/salajove\/2017\/08\/16\/premis-nove-concurs-de-relats-breus-per-a-joves-bollere\/","name":"BOLLER\u00c9: bases nov\u00e8 concurs de relats breus per a joves - Sala Jove","isPartOf":{"@id":"https:\/\/biblioteca.blanes.cat\/salajove\/#website"},"primaryImageOfPage":{"@id":"https:\/\/biblioteca.blanes.cat\/salajove\/2017\/08\/16\/premis-nove-concurs-de-relats-breus-per-a-joves-bollere\/#primaryimage"},"image":{"@id":"https:\/\/biblioteca.blanes.cat\/salajove\/2017\/08\/16\/premis-nove-concurs-de-relats-breus-per-a-joves-bollere\/#primaryimage"},"thumbnailUrl":"https:\/\/biblioteca.blanes.cat\/salajove\/wp-content\/uploads\/sites\/3\/2017\/09\/Boller\u00e9.png","datePublished":"2017-08-16T14:51:54+00:00","dateModified":"2018-08-16T15:46:58+00:00","breadcrumb":{"@id":"https:\/\/biblioteca.blanes.cat\/salajove\/2017\/08\/16\/premis-nove-concurs-de-relats-breus-per-a-joves-bollere\/#breadcrumb"},"inLanguage":"ca","potentialAction":[{"@type":"ReadAction","target":["https:\/\/biblioteca.blanes.cat\/salajove\/2017\/08\/16\/premis-nove-concurs-de-relats-breus-per-a-joves-bollere\/"]}]},{"@type":"ImageObject","inLanguage":"ca","@id":"https:\/\/biblioteca.blanes.cat\/salajove\/2017\/08\/16\/premis-nove-concurs-de-relats-breus-per-a-joves-bollere\/#primaryimage","url":"https:\/\/biblioteca.blanes.cat\/salajove\/wp-content\/uploads\/sites\/3\/2017\/09\/Boller\u00e9.png","contentUrl":"https:\/\/biblioteca.blanes.cat\/salajove\/wp-content\/uploads\/sites\/3\/2017\/09\/Boller\u00e9.png","width":1167,"height":667,"caption":"Boller\u00e9"},{"@type":"BreadcrumbList","@id":"https:\/\/biblioteca.blanes.cat\/salajove\/2017\/08\/16\/premis-nove-concurs-de-relats-breus-per-a-joves-bollere\/#breadcrumb","itemListElement":[{"@type":"ListItem","position":1,"name":"Inici","item":"https:\/\/biblioteca.blanes.cat\/salajove\/"},{"@type":"ListItem","position":2,"name":"BOLLER\u00c9: bases nov\u00e8 concurs de relats breus per a joves"}]},{"@type":"WebSite","@id":"https:\/\/biblioteca.blanes.cat\/salajove\/#website","url":"https:\/\/biblioteca.blanes.cat\/salajove\/","name":"Sala Jove","description":"Biblioteca Comarcal de Blanes","publisher":{"@id":"https:\/\/biblioteca.blanes.cat\/salajove\/#organization"},"potentialAction":[{"@type":"SearchAction","target":{"@type":"EntryPoint","urlTemplate":"https:\/\/biblioteca.blanes.cat\/salajove\/?s={search_term_string}"},"query-input":{"@type":"PropertyValueSpecification","valueRequired":true,"valueName":"search_term_string"}}],"inLanguage":"ca"},{"@type":"Organization","@id":"https:\/\/biblioteca.blanes.cat\/salajove\/#organization","name":"Biblioteca Comarcal de Blanes","url":"https:\/\/biblioteca.blanes.cat\/salajove\/","logo":{"@type":"ImageObject","inLanguage":"ca","@id":"https:\/\/biblioteca.blanes.cat\/salajove\/#\/schema\/logo\/image\/","url":"https:\/\/biblioteca.blanes.cat\/salajove\/wp-content\/uploads\/sites\/3\/2017\/09\/cropped-Bib-blau-e1518869380535.png","contentUrl":"https:\/\/biblioteca.blanes.cat\/salajove\/wp-content\/uploads\/sites\/3\/2017\/09\/cropped-Bib-blau-e1518869380535.png","width":166,"height":166,"caption":"Biblioteca Comarcal de Blanes"},"image":{"@id":"https:\/\/biblioteca.blanes.cat\/salajove\/#\/schema\/logo\/image\/"},"sameAs":["https:\/\/www.facebook.com\/BilbiotecaComarcaldeBlanes\/","https:\/\/x.com\/BiblioBlanes","https:\/\/www.instagram.com\/biblioblanes\/","https:\/\/www.pinterest.es\/bblanes\/","https:\/\/www.youtube.com\/c\/BibliotecaComarcalBlanes"]},{"@type":"Person","@id":"https:\/\/biblioteca.blanes.cat\/salajove\/#\/schema\/person\/5a7b46760d9dd611d098bbf571a341dc","name":"biblioblanes","image":{"@type":"ImageObject","inLanguage":"ca","@id":"https:\/\/secure.gravatar.com\/avatar\/6593ca6cc90e5a70939f51c95e8315483b9c281bafba597292bee47992030f99?s=96&d=mm&r=g","url":"https:\/\/secure.gravatar.com\/avatar\/6593ca6cc90e5a70939f51c95e8315483b9c281bafba597292bee47992030f99?s=96&d=mm&r=g","contentUrl":"https:\/\/secure.gravatar.com\/avatar\/6593ca6cc90e5a70939f51c95e8315483b9c281bafba597292bee47992030f99?s=96&d=mm&r=g","caption":"biblioblanes"},"sameAs":["http:\/\/www.bibgirona.cat\/biblioteca\/blanes","https:\/\/x.com\/biblioblanes"],"url":"https:\/\/biblioteca.blanes.cat\/salajove\/author\/biblioblanes\/"}]}},"_links":{"self":[{"href":"https:\/\/biblioteca.blanes.cat\/salajove\/wp-json\/wp\/v2\/posts\/1594","targetHints":{"allow":["GET"]}}],"collection":[{"href":"https:\/\/biblioteca.blanes.cat\/salajove\/wp-json\/wp\/v2\/posts"}],"about":[{"href":"https:\/\/biblioteca.blanes.cat\/salajove\/wp-json\/wp\/v2\/types\/post"}],"author":[{"embeddable":true,"href":"https:\/\/biblioteca.blanes.cat\/salajove\/wp-json\/wp\/v2\/users\/4"}],"replies":[{"embeddable":true,"href":"https:\/\/biblioteca.blanes.cat\/salajove\/wp-json\/wp\/v2\/comments?post=1594"}],"version-history":[{"count":5,"href":"https:\/\/biblioteca.blanes.cat\/salajove\/wp-json\/wp\/v2\/posts\/1594\/revisions"}],"predecessor-version":[{"id":1598,"href":"https:\/\/biblioteca.blanes.cat\/salajove\/wp-json\/wp\/v2\/posts\/1594\/revisions\/1598"}],"wp:featuredmedia":[{"embeddable":true,"href":"https:\/\/biblioteca.blanes.cat\/salajove\/wp-json\/wp\/v2\/media\/34"}],"wp:attachment":[{"href":"https:\/\/biblioteca.blanes.cat\/salajove\/wp-json\/wp\/v2\/media?parent=1594"}],"wp:term":[{"taxonomy":"category","embeddable":true,"href":"https:\/\/biblioteca.blanes.cat\/salajove\/wp-json\/wp\/v2\/categories?post=1594"},{"taxonomy":"post_tag","embeddable":true,"href":"https:\/\/biblioteca.blanes.cat\/salajove\/wp-json\/wp\/v2\/tags?post=1594"}],"curies":[{"name":"wp","href":"https:\/\/api.w.org\/{rel}","templated":true}]}}