{"id":1552,"date":"2018-07-17T21:39:40","date_gmt":"2018-07-17T20:39:40","guid":{"rendered":"https:\/\/biblioteca.blanes.cat\/salajove\/?p=1552"},"modified":"2018-07-17T21:39:40","modified_gmt":"2018-07-17T20:39:40","slug":"buenos-dias-tristeza-de-francois-sagan","status":"publish","type":"post","link":"https:\/\/biblioteca.blanes.cat\/salajove\/2018\/07\/17\/buenos-dias-tristeza-de-francois-sagan\/","title":{"rendered":"BUENOS D\u00cdAS, TRISTEZA de Fran\u00e7ois Sagan"},"content":{"rendered":"<h6><img fetchpriority=\"high\" decoding=\"async\" class=\" alignright\" src=\"http:\/\/quelibroleo.com\/images\/libros\/libro_1362609536.jpg\" width=\"214\" height=\"315\" \/>\u201cMe tumbaba despu\u00e9s en la arena, cog\u00eda un pu\u00f1ado, lo dejaba escurrir entre los dedos y la arena ca\u00eda en una lluvia amarillenta y suave. Pensaba que se escapaba como el tiempo, que eso era una idea f\u00e1cil y que resultaba grato tener ideas f\u00e1ciles. Era el verano.\u201d<\/h6>\n<p>Fran\u00e7ois Sagan &#8211; Buenos d\u00edas, Tristeza<\/p>\n<p>\u00c9s estiu. Dies llargs, banys de mar i sol, nits amb llum d\u2019espelmes, colors de festa, granets de sorra amagats sota el llit (no se qui els haur\u00e0 posat;) ). Banyador i tovallola esperant a l\u2019estenedor, rellotges invisibles, apunts del \u201ccole\u201d tancats amb pany i cadenat fins al setembre.<\/p>\n<p>Veig, escolto, menjo, sento i oloro estiu per tot arreu. Fins i tot el vol ras dels falciots del meu barri em recorda que estem a la millor estaci\u00f3 de l\u2019any, per a mi.<\/p>\n<h6>Aquest llibre \u00e9s un jersei esfilagarsat. A poc a poc el jersei es va desfent suaument. La C\u00e9cile va estirant el fil i el va cabdellant al nostre voltant fins que el jersei desapareix. Llavors el fil que ens embolcalla ens ofega, ens oprimeix el pit i no ens deixa respirar. I al final ens alliberem per\u00f2 el fil ens ha deixat una marca per la resta de la vida.<\/h6>\n<p>Fran\u00e7ois Sagan ens situa als anys 50. La C\u00e9cile t\u00e9 17 anys, rebel i molt egoista, viu amb el seu pare Raymond, quarant\u00ed, viudo i molt seductor. Passen l\u2019estiu en una mansi\u00f3 vora el Mediterrani. Pare i filla viuen feli\u00e7os junts, cadascun gaudeix de la seva llibertat. Comparteixen excessos, s\u00f3n confidents i c\u00f2mplices de bromes i jocs que nom\u00e9s ells entenen. El seu m\u00f3n nom\u00e9s t\u00e9 dos habitants, la C\u00e9cile i en Raymond.<\/p>\n<p>Per\u00f2 una dia arriba a la mansi\u00f3 la Anna. L\u2019Anna \u00e9s intel\u2022ligent, estricte, serena, i era la millor amiga de la mare de la C\u00e9cile. La seva visita causa un fet inesperat. Un fet que la C\u00e9cile \u00e9s incapa\u00e7 d\u2019entendre, controlar i tolerar, el seu pare i la Anna s\u2019enamoren.<\/p>\n<p>Per a la C\u00e9cile aix\u00f2 \u00e9s terrible. Perd el seu c\u00f2mplice i el seu confident. La C\u00e9cile veu com el seu pare va marxant del seu m\u00f3n id\u00edl\u2022lic de dos habitants i \u00e9s arrossegat per l\u2019amor de l\u2019Anna. La C\u00e9cile no hi podr\u00e0 fer res. Ll\u00e0stima que ho entendr\u00e0 massa tard i la tristesa la despertar\u00e0 cada mat\u00ed.<\/p>\n<h5 style=\"text-align: center\">I ara unes quantes frases:<\/h5>\n<p>*<em> -Te haces una idea un poco simplista del amor. No consiste en una serie de sensaciones independientes entre s\u00ed&#8230; -Pens\u00e9 que as\u00ed hab\u00edan sido todos mis amores. Una emoci\u00f3n s\u00fabita ante un rostro, un gesto, un beso&#8230; Instantes plenos, sin coherencia, a eso se reduc\u00eda todo mi recuerdo. -Es otra cosa&#8230; Un cari\u00f1o constante, la dulzura, la a\u00f1oranza&#8230;<\/em><\/p>\n<p><em>*La suya era una mano fuerte y reconfortante: me hab\u00eda secado las l\u00e1grimas cuando sufr\u00ed mis primeras penas de amor, hab\u00eda cogido la m\u00eda en los momentos de tranquilidad y de felicidad perfecta, la hab\u00eda apretado furtivamente en los momentos de complicidad y de risa desatada.<\/em><\/p>\n<p><em>*Corr\u00ed hacia el mar, y me zambull\u00ed gimiendo sobre las vacaciones que hubi\u00e9ramos podido tener, que no tendr\u00edamos. Ten\u00edamos todos los elementos de un drama: un seductor, una mujer galante y una mujer juiciosa. Divis\u00e9 en el fondo del mar una preciosa concha, una piedra rosada y azul. Hund\u00ed el brazo para cogerla, la conserv\u00e9, suavecita y pulida, en la mano hasta la hora de comer. Decid\u00ed que era un talism\u00e1n, que no me separar\u00eda de ella en todo el verano. No s\u00e9 por qu\u00e9 no la he perdido, yo, que lo pierdo todo. Hoy la tengo en la mano, rosa y tibia , y me entran ganas de llorar.<\/em><\/p>\n<h5 style=\"text-align: center\">I ara unes an\u00e8cdotes:<\/h5>\n<p>*Fran\u00e7ois Sagan \u00e9s una autora francesa que neix el 1935 a Fran\u00e7a. Va publicar \u201cBuenos dias, Tristeza\u201d amb tan sols 19 anys i amb un gran \u00e8xit.<\/p>\n<p>*L\u2019obra \u201cBuenos d\u00edas, Tristeza\u201d va ser portada als cinemes al 1988 pel director Otto Preminger<\/p>\n<p>*Fran\u00e7ois Sagan \u00e9s un pseud\u00f2nim, el seu nom real \u00e9s Fran\u00e7ois Quoirez.<\/p>\n<p>*Ha escrit llibres, obres de teatre, biografies, mem\u00f2ries i fins i tot ha dirigit pel\u2022l\u00edcules.<\/p>\n<p>*Fran\u00e7oise Sagan va acabar sola, arru\u00efnada i addicta al opi i a al coca\u00efna. Fran\u00e7a la va acusar de frau fiscal. Un grup d\u2019intel\u2022lectuals francesos van decidir ajudar-la. I van dir textualment: \u201cPot ser que Sagan li degui molts diners a Fran\u00e7a, per\u00f2 molt m\u00e9s li deu Fran\u00e7a a ella\u201d.<\/p>\n<p>*Sagan va morir al 2004 d\u2019una emb\u00f2lia pulmonar.<\/p>\n<p>\u201cBuenos d\u00edas, Tristeza\u201d \u00e9s una petita novel\u2022la, senzilla, sense grans pretensions. Es llegeix r\u00e0pid. Sagan ens escriu aquest drama de manera elegant, subtil i exquisida.<\/p>\n<h6>Al final del llibre no pots evitar pensar que a vegades aprenem les coses massa tard. Que la vida \u00e9s molt m\u00e9s fr\u00e0gil del que ens pensem i que podem acabar amb la Tristesa despertant-nos cada mat\u00ed&#8230;<\/h6>\n","protected":false},"excerpt":{"rendered":"<p>\u201cMe tumbaba despu\u00e9s en la arena, cog\u00eda un pu\u00f1ado, lo dejaba escurrir entre los dedos y la arena ca\u00eda en una lluvia amarillenta y suave. Pensaba que se escapaba como el tiempo, que eso era una idea f\u00e1cil y que<\/p>\n","protected":false},"author":6,"featured_media":154,"comment_status":"open","ping_status":"open","sticky":false,"template":"","format":"standard","meta":{"sfsi_plus_gutenberg_text_before_share":"","sfsi_plus_gutenberg_show_text_before_share":"","sfsi_plus_gutenberg_icon_type":"","sfsi_plus_gutenberg_icon_alignemt":"","sfsi_plus_gutenburg_max_per_row":"","footnotes":""},"categories":[9,12],"tags":[33,19,21,22,23],"class_list":["post-1552","post","type-post","status-publish","format-standard","has-post-thumbnail","hentry","category-raco-de-la-paula","category-popular","tag-el-raco-de-la-paula","tag-literatura","tag-llibres","tag-ressenya","tag-sinopsi"],"yoast_head":"<!-- This site is optimized with the Yoast SEO plugin v27.5 - https:\/\/yoast.com\/product\/yoast-seo-wordpress\/ -->\n<title>BUENOS D\u00cdAS, TRISTEZA de Fran\u00e7ois Sagan - Sala Jove<\/title>\n<meta name=\"description\" content=\"\u201cBuenos d\u00edas, Tristeza\u201d \u00e9s una petita novel\u2022la, senzilla, sense grans pretensions. Es llegeix r\u00e0pid, Fran\u00e7ois Sagan ens escriu aquest drama.\" \/>\n<meta name=\"robots\" content=\"index, follow, max-snippet:-1, max-image-preview:large, max-video-preview:-1\" \/>\n<link rel=\"canonical\" href=\"https:\/\/biblioteca.blanes.cat\/salajove\/2018\/07\/17\/buenos-dias-tristeza-de-francois-sagan\/\" \/>\n<meta property=\"og:locale\" content=\"ca_ES\" \/>\n<meta property=\"og:type\" content=\"article\" \/>\n<meta property=\"og:title\" content=\"BUENOS D\u00cdAS, TRISTEZA de Fran\u00e7ois Sagan - Sala Jove\" \/>\n<meta property=\"og:description\" content=\"\u201cBuenos d\u00edas, Tristeza\u201d \u00e9s una petita novel\u2022la, senzilla, sense grans pretensions. Es llegeix r\u00e0pid, Fran\u00e7ois Sagan ens escriu aquest drama.\" \/>\n<meta property=\"og:url\" content=\"https:\/\/biblioteca.blanes.cat\/salajove\/2018\/07\/17\/buenos-dias-tristeza-de-francois-sagan\/\" \/>\n<meta property=\"og:site_name\" content=\"Sala Jove\" \/>\n<meta property=\"article:publisher\" content=\"https:\/\/www.facebook.com\/BilbiotecaComarcaldeBlanes\/\" \/>\n<meta property=\"article:published_time\" content=\"2018-07-17T20:39:40+00:00\" \/>\n<meta property=\"og:image\" content=\"https:\/\/biblioteca.blanes.cat\/salajove\/wp-content\/uploads\/sites\/3\/2017\/10\/Destacat_rac\u00f3_Paula.png\" \/>\n\t<meta property=\"og:image:width\" content=\"3719\" \/>\n\t<meta property=\"og:image:height\" content=\"2265\" \/>\n\t<meta property=\"og:image:type\" content=\"image\/png\" \/>\n<meta name=\"author\" content=\"paula\" \/>\n<meta name=\"twitter:card\" content=\"summary_large_image\" \/>\n<meta name=\"twitter:creator\" content=\"@BiblioBlanes\" \/>\n<meta name=\"twitter:site\" content=\"@BiblioBlanes\" \/>\n<meta name=\"twitter:label1\" content=\"Escrit per\" \/>\n\t<meta name=\"twitter:data1\" content=\"paula\" \/>\n\t<meta name=\"twitter:label2\" content=\"Temps estimat de lectura\" \/>\n\t<meta name=\"twitter:data2\" content=\"4 minuts\" \/>\n<script type=\"application\/ld+json\" class=\"yoast-schema-graph\">{\"@context\":\"https:\\\/\\\/schema.org\",\"@graph\":[{\"@type\":\"Article\",\"@id\":\"https:\\\/\\\/biblioteca.blanes.cat\\\/salajove\\\/2018\\\/07\\\/17\\\/buenos-dias-tristeza-de-francois-sagan\\\/#article\",\"isPartOf\":{\"@id\":\"https:\\\/\\\/biblioteca.blanes.cat\\\/salajove\\\/2018\\\/07\\\/17\\\/buenos-dias-tristeza-de-francois-sagan\\\/\"},\"author\":{\"name\":\"paula\",\"@id\":\"https:\\\/\\\/biblioteca.blanes.cat\\\/salajove\\\/#\\\/schema\\\/person\\\/8dbc45cdf5d1c7e2d100d147517ba7f3\"},\"headline\":\"BUENOS D\u00cdAS, TRISTEZA de Fran\u00e7ois Sagan\",\"datePublished\":\"2018-07-17T20:39:40+00:00\",\"mainEntityOfPage\":{\"@id\":\"https:\\\/\\\/biblioteca.blanes.cat\\\/salajove\\\/2018\\\/07\\\/17\\\/buenos-dias-tristeza-de-francois-sagan\\\/\"},\"wordCount\":881,\"commentCount\":0,\"publisher\":{\"@id\":\"https:\\\/\\\/biblioteca.blanes.cat\\\/salajove\\\/#organization\"},\"image\":{\"@id\":\"https:\\\/\\\/biblioteca.blanes.cat\\\/salajove\\\/2018\\\/07\\\/17\\\/buenos-dias-tristeza-de-francois-sagan\\\/#primaryimage\"},\"thumbnailUrl\":\"https:\\\/\\\/biblioteca.blanes.cat\\\/salajove\\\/wp-content\\\/uploads\\\/sites\\\/3\\\/2017\\\/10\\\/Destacat_rac\u00f3_Paula.png\",\"keywords\":[\"#ElRac\u00f3delaPaula\",\"#Literatura\",\"#Llibres\",\"#Ressenya\",\"#Sinopsi\"],\"articleSection\":[\"Rac\u00f3 de la Paula\",\"RP_Popular\"],\"inLanguage\":\"ca\",\"potentialAction\":[{\"@type\":\"CommentAction\",\"name\":\"Comment\",\"target\":[\"https:\\\/\\\/biblioteca.blanes.cat\\\/salajove\\\/2018\\\/07\\\/17\\\/buenos-dias-tristeza-de-francois-sagan\\\/#respond\"]}]},{\"@type\":\"WebPage\",\"@id\":\"https:\\\/\\\/biblioteca.blanes.cat\\\/salajove\\\/2018\\\/07\\\/17\\\/buenos-dias-tristeza-de-francois-sagan\\\/\",\"url\":\"https:\\\/\\\/biblioteca.blanes.cat\\\/salajove\\\/2018\\\/07\\\/17\\\/buenos-dias-tristeza-de-francois-sagan\\\/\",\"name\":\"BUENOS D\u00cdAS, TRISTEZA de Fran\u00e7ois Sagan - Sala Jove\",\"isPartOf\":{\"@id\":\"https:\\\/\\\/biblioteca.blanes.cat\\\/salajove\\\/#website\"},\"primaryImageOfPage\":{\"@id\":\"https:\\\/\\\/biblioteca.blanes.cat\\\/salajove\\\/2018\\\/07\\\/17\\\/buenos-dias-tristeza-de-francois-sagan\\\/#primaryimage\"},\"image\":{\"@id\":\"https:\\\/\\\/biblioteca.blanes.cat\\\/salajove\\\/2018\\\/07\\\/17\\\/buenos-dias-tristeza-de-francois-sagan\\\/#primaryimage\"},\"thumbnailUrl\":\"https:\\\/\\\/biblioteca.blanes.cat\\\/salajove\\\/wp-content\\\/uploads\\\/sites\\\/3\\\/2017\\\/10\\\/Destacat_rac\u00f3_Paula.png\",\"datePublished\":\"2018-07-17T20:39:40+00:00\",\"description\":\"\u201cBuenos d\u00edas, Tristeza\u201d \u00e9s una petita novel\u2022la, senzilla, sense grans pretensions. Es llegeix r\u00e0pid, Fran\u00e7ois Sagan ens escriu aquest drama.\",\"breadcrumb\":{\"@id\":\"https:\\\/\\\/biblioteca.blanes.cat\\\/salajove\\\/2018\\\/07\\\/17\\\/buenos-dias-tristeza-de-francois-sagan\\\/#breadcrumb\"},\"inLanguage\":\"ca\",\"potentialAction\":[{\"@type\":\"ReadAction\",\"target\":[\"https:\\\/\\\/biblioteca.blanes.cat\\\/salajove\\\/2018\\\/07\\\/17\\\/buenos-dias-tristeza-de-francois-sagan\\\/\"]}]},{\"@type\":\"ImageObject\",\"inLanguage\":\"ca\",\"@id\":\"https:\\\/\\\/biblioteca.blanes.cat\\\/salajove\\\/2018\\\/07\\\/17\\\/buenos-dias-tristeza-de-francois-sagan\\\/#primaryimage\",\"url\":\"https:\\\/\\\/biblioteca.blanes.cat\\\/salajove\\\/wp-content\\\/uploads\\\/sites\\\/3\\\/2017\\\/10\\\/Destacat_rac\u00f3_Paula.png\",\"contentUrl\":\"https:\\\/\\\/biblioteca.blanes.cat\\\/salajove\\\/wp-content\\\/uploads\\\/sites\\\/3\\\/2017\\\/10\\\/Destacat_rac\u00f3_Paula.png\",\"width\":3719,\"height\":2265,\"caption\":\"Rac\u00f3 de la Paula\"},{\"@type\":\"BreadcrumbList\",\"@id\":\"https:\\\/\\\/biblioteca.blanes.cat\\\/salajove\\\/2018\\\/07\\\/17\\\/buenos-dias-tristeza-de-francois-sagan\\\/#breadcrumb\",\"itemListElement\":[{\"@type\":\"ListItem\",\"position\":1,\"name\":\"Inici\",\"item\":\"https:\\\/\\\/biblioteca.blanes.cat\\\/salajove\\\/\"},{\"@type\":\"ListItem\",\"position\":2,\"name\":\"BUENOS D\u00cdAS, TRISTEZA de Fran\u00e7ois Sagan\"}]},{\"@type\":\"WebSite\",\"@id\":\"https:\\\/\\\/biblioteca.blanes.cat\\\/salajove\\\/#website\",\"url\":\"https:\\\/\\\/biblioteca.blanes.cat\\\/salajove\\\/\",\"name\":\"Sala Jove\",\"description\":\"Biblioteca Comarcal de Blanes\",\"publisher\":{\"@id\":\"https:\\\/\\\/biblioteca.blanes.cat\\\/salajove\\\/#organization\"},\"potentialAction\":[{\"@type\":\"SearchAction\",\"target\":{\"@type\":\"EntryPoint\",\"urlTemplate\":\"https:\\\/\\\/biblioteca.blanes.cat\\\/salajove\\\/?s={search_term_string}\"},\"query-input\":{\"@type\":\"PropertyValueSpecification\",\"valueRequired\":true,\"valueName\":\"search_term_string\"}}],\"inLanguage\":\"ca\"},{\"@type\":\"Organization\",\"@id\":\"https:\\\/\\\/biblioteca.blanes.cat\\\/salajove\\\/#organization\",\"name\":\"Biblioteca Comarcal de Blanes\",\"url\":\"https:\\\/\\\/biblioteca.blanes.cat\\\/salajove\\\/\",\"logo\":{\"@type\":\"ImageObject\",\"inLanguage\":\"ca\",\"@id\":\"https:\\\/\\\/biblioteca.blanes.cat\\\/salajove\\\/#\\\/schema\\\/logo\\\/image\\\/\",\"url\":\"https:\\\/\\\/biblioteca.blanes.cat\\\/salajove\\\/wp-content\\\/uploads\\\/sites\\\/3\\\/2017\\\/09\\\/cropped-Bib-blau-e1518869380535.png\",\"contentUrl\":\"https:\\\/\\\/biblioteca.blanes.cat\\\/salajove\\\/wp-content\\\/uploads\\\/sites\\\/3\\\/2017\\\/09\\\/cropped-Bib-blau-e1518869380535.png\",\"width\":166,\"height\":166,\"caption\":\"Biblioteca Comarcal de Blanes\"},\"image\":{\"@id\":\"https:\\\/\\\/biblioteca.blanes.cat\\\/salajove\\\/#\\\/schema\\\/logo\\\/image\\\/\"},\"sameAs\":[\"https:\\\/\\\/www.facebook.com\\\/BilbiotecaComarcaldeBlanes\\\/\",\"https:\\\/\\\/x.com\\\/BiblioBlanes\",\"https:\\\/\\\/www.instagram.com\\\/biblioblanes\\\/\",\"https:\\\/\\\/www.pinterest.es\\\/bblanes\\\/\",\"https:\\\/\\\/www.youtube.com\\\/c\\\/BibliotecaComarcalBlanes\"]},{\"@type\":\"Person\",\"@id\":\"https:\\\/\\\/biblioteca.blanes.cat\\\/salajove\\\/#\\\/schema\\\/person\\\/8dbc45cdf5d1c7e2d100d147517ba7f3\",\"name\":\"paula\",\"image\":{\"@type\":\"ImageObject\",\"inLanguage\":\"ca\",\"@id\":\"https:\\\/\\\/secure.gravatar.com\\\/avatar\\\/7dc0a9399589f36ddc6864e8335b73854871aa22921ee390cb50776e7ddfc136?s=96&d=mm&r=g\",\"url\":\"https:\\\/\\\/secure.gravatar.com\\\/avatar\\\/7dc0a9399589f36ddc6864e8335b73854871aa22921ee390cb50776e7ddfc136?s=96&d=mm&r=g\",\"contentUrl\":\"https:\\\/\\\/secure.gravatar.com\\\/avatar\\\/7dc0a9399589f36ddc6864e8335b73854871aa22921ee390cb50776e7ddfc136?s=96&d=mm&r=g\",\"caption\":\"paula\"},\"url\":\"https:\\\/\\\/biblioteca.blanes.cat\\\/salajove\\\/author\\\/paula\\\/\"}]}<\/script>\n<!-- \/ Yoast SEO plugin. -->","yoast_head_json":{"title":"BUENOS D\u00cdAS, TRISTEZA de Fran\u00e7ois Sagan - Sala Jove","description":"\u201cBuenos d\u00edas, Tristeza\u201d \u00e9s una petita novel\u2022la, senzilla, sense grans pretensions. Es llegeix r\u00e0pid, Fran\u00e7ois Sagan ens escriu aquest drama.","robots":{"index":"index","follow":"follow","max-snippet":"max-snippet:-1","max-image-preview":"max-image-preview:large","max-video-preview":"max-video-preview:-1"},"canonical":"https:\/\/biblioteca.blanes.cat\/salajove\/2018\/07\/17\/buenos-dias-tristeza-de-francois-sagan\/","og_locale":"ca_ES","og_type":"article","og_title":"BUENOS D\u00cdAS, TRISTEZA de Fran\u00e7ois Sagan - Sala Jove","og_description":"\u201cBuenos d\u00edas, Tristeza\u201d \u00e9s una petita novel\u2022la, senzilla, sense grans pretensions. Es llegeix r\u00e0pid, Fran\u00e7ois Sagan ens escriu aquest drama.","og_url":"https:\/\/biblioteca.blanes.cat\/salajove\/2018\/07\/17\/buenos-dias-tristeza-de-francois-sagan\/","og_site_name":"Sala Jove","article_publisher":"https:\/\/www.facebook.com\/BilbiotecaComarcaldeBlanes\/","article_published_time":"2018-07-17T20:39:40+00:00","og_image":[{"width":3719,"height":2265,"url":"https:\/\/biblioteca.blanes.cat\/salajove\/wp-content\/uploads\/sites\/3\/2017\/10\/Destacat_rac\u00f3_Paula.png","type":"image\/png"}],"author":"paula","twitter_card":"summary_large_image","twitter_creator":"@BiblioBlanes","twitter_site":"@BiblioBlanes","twitter_misc":{"Escrit per":"paula","Temps estimat de lectura":"4 minuts"},"schema":{"@context":"https:\/\/schema.org","@graph":[{"@type":"Article","@id":"https:\/\/biblioteca.blanes.cat\/salajove\/2018\/07\/17\/buenos-dias-tristeza-de-francois-sagan\/#article","isPartOf":{"@id":"https:\/\/biblioteca.blanes.cat\/salajove\/2018\/07\/17\/buenos-dias-tristeza-de-francois-sagan\/"},"author":{"name":"paula","@id":"https:\/\/biblioteca.blanes.cat\/salajove\/#\/schema\/person\/8dbc45cdf5d1c7e2d100d147517ba7f3"},"headline":"BUENOS D\u00cdAS, TRISTEZA de Fran\u00e7ois Sagan","datePublished":"2018-07-17T20:39:40+00:00","mainEntityOfPage":{"@id":"https:\/\/biblioteca.blanes.cat\/salajove\/2018\/07\/17\/buenos-dias-tristeza-de-francois-sagan\/"},"wordCount":881,"commentCount":0,"publisher":{"@id":"https:\/\/biblioteca.blanes.cat\/salajove\/#organization"},"image":{"@id":"https:\/\/biblioteca.blanes.cat\/salajove\/2018\/07\/17\/buenos-dias-tristeza-de-francois-sagan\/#primaryimage"},"thumbnailUrl":"https:\/\/biblioteca.blanes.cat\/salajove\/wp-content\/uploads\/sites\/3\/2017\/10\/Destacat_rac\u00f3_Paula.png","keywords":["#ElRac\u00f3delaPaula","#Literatura","#Llibres","#Ressenya","#Sinopsi"],"articleSection":["Rac\u00f3 de la Paula","RP_Popular"],"inLanguage":"ca","potentialAction":[{"@type":"CommentAction","name":"Comment","target":["https:\/\/biblioteca.blanes.cat\/salajove\/2018\/07\/17\/buenos-dias-tristeza-de-francois-sagan\/#respond"]}]},{"@type":"WebPage","@id":"https:\/\/biblioteca.blanes.cat\/salajove\/2018\/07\/17\/buenos-dias-tristeza-de-francois-sagan\/","url":"https:\/\/biblioteca.blanes.cat\/salajove\/2018\/07\/17\/buenos-dias-tristeza-de-francois-sagan\/","name":"BUENOS D\u00cdAS, TRISTEZA de Fran\u00e7ois Sagan - Sala Jove","isPartOf":{"@id":"https:\/\/biblioteca.blanes.cat\/salajove\/#website"},"primaryImageOfPage":{"@id":"https:\/\/biblioteca.blanes.cat\/salajove\/2018\/07\/17\/buenos-dias-tristeza-de-francois-sagan\/#primaryimage"},"image":{"@id":"https:\/\/biblioteca.blanes.cat\/salajove\/2018\/07\/17\/buenos-dias-tristeza-de-francois-sagan\/#primaryimage"},"thumbnailUrl":"https:\/\/biblioteca.blanes.cat\/salajove\/wp-content\/uploads\/sites\/3\/2017\/10\/Destacat_rac\u00f3_Paula.png","datePublished":"2018-07-17T20:39:40+00:00","description":"\u201cBuenos d\u00edas, Tristeza\u201d \u00e9s una petita novel\u2022la, senzilla, sense grans pretensions. Es llegeix r\u00e0pid, Fran\u00e7ois Sagan ens escriu aquest drama.","breadcrumb":{"@id":"https:\/\/biblioteca.blanes.cat\/salajove\/2018\/07\/17\/buenos-dias-tristeza-de-francois-sagan\/#breadcrumb"},"inLanguage":"ca","potentialAction":[{"@type":"ReadAction","target":["https:\/\/biblioteca.blanes.cat\/salajove\/2018\/07\/17\/buenos-dias-tristeza-de-francois-sagan\/"]}]},{"@type":"ImageObject","inLanguage":"ca","@id":"https:\/\/biblioteca.blanes.cat\/salajove\/2018\/07\/17\/buenos-dias-tristeza-de-francois-sagan\/#primaryimage","url":"https:\/\/biblioteca.blanes.cat\/salajove\/wp-content\/uploads\/sites\/3\/2017\/10\/Destacat_rac\u00f3_Paula.png","contentUrl":"https:\/\/biblioteca.blanes.cat\/salajove\/wp-content\/uploads\/sites\/3\/2017\/10\/Destacat_rac\u00f3_Paula.png","width":3719,"height":2265,"caption":"Rac\u00f3 de la Paula"},{"@type":"BreadcrumbList","@id":"https:\/\/biblioteca.blanes.cat\/salajove\/2018\/07\/17\/buenos-dias-tristeza-de-francois-sagan\/#breadcrumb","itemListElement":[{"@type":"ListItem","position":1,"name":"Inici","item":"https:\/\/biblioteca.blanes.cat\/salajove\/"},{"@type":"ListItem","position":2,"name":"BUENOS D\u00cdAS, TRISTEZA de Fran\u00e7ois Sagan"}]},{"@type":"WebSite","@id":"https:\/\/biblioteca.blanes.cat\/salajove\/#website","url":"https:\/\/biblioteca.blanes.cat\/salajove\/","name":"Sala Jove","description":"Biblioteca Comarcal de Blanes","publisher":{"@id":"https:\/\/biblioteca.blanes.cat\/salajove\/#organization"},"potentialAction":[{"@type":"SearchAction","target":{"@type":"EntryPoint","urlTemplate":"https:\/\/biblioteca.blanes.cat\/salajove\/?s={search_term_string}"},"query-input":{"@type":"PropertyValueSpecification","valueRequired":true,"valueName":"search_term_string"}}],"inLanguage":"ca"},{"@type":"Organization","@id":"https:\/\/biblioteca.blanes.cat\/salajove\/#organization","name":"Biblioteca Comarcal de Blanes","url":"https:\/\/biblioteca.blanes.cat\/salajove\/","logo":{"@type":"ImageObject","inLanguage":"ca","@id":"https:\/\/biblioteca.blanes.cat\/salajove\/#\/schema\/logo\/image\/","url":"https:\/\/biblioteca.blanes.cat\/salajove\/wp-content\/uploads\/sites\/3\/2017\/09\/cropped-Bib-blau-e1518869380535.png","contentUrl":"https:\/\/biblioteca.blanes.cat\/salajove\/wp-content\/uploads\/sites\/3\/2017\/09\/cropped-Bib-blau-e1518869380535.png","width":166,"height":166,"caption":"Biblioteca Comarcal de Blanes"},"image":{"@id":"https:\/\/biblioteca.blanes.cat\/salajove\/#\/schema\/logo\/image\/"},"sameAs":["https:\/\/www.facebook.com\/BilbiotecaComarcaldeBlanes\/","https:\/\/x.com\/BiblioBlanes","https:\/\/www.instagram.com\/biblioblanes\/","https:\/\/www.pinterest.es\/bblanes\/","https:\/\/www.youtube.com\/c\/BibliotecaComarcalBlanes"]},{"@type":"Person","@id":"https:\/\/biblioteca.blanes.cat\/salajove\/#\/schema\/person\/8dbc45cdf5d1c7e2d100d147517ba7f3","name":"paula","image":{"@type":"ImageObject","inLanguage":"ca","@id":"https:\/\/secure.gravatar.com\/avatar\/7dc0a9399589f36ddc6864e8335b73854871aa22921ee390cb50776e7ddfc136?s=96&d=mm&r=g","url":"https:\/\/secure.gravatar.com\/avatar\/7dc0a9399589f36ddc6864e8335b73854871aa22921ee390cb50776e7ddfc136?s=96&d=mm&r=g","contentUrl":"https:\/\/secure.gravatar.com\/avatar\/7dc0a9399589f36ddc6864e8335b73854871aa22921ee390cb50776e7ddfc136?s=96&d=mm&r=g","caption":"paula"},"url":"https:\/\/biblioteca.blanes.cat\/salajove\/author\/paula\/"}]}},"_links":{"self":[{"href":"https:\/\/biblioteca.blanes.cat\/salajove\/wp-json\/wp\/v2\/posts\/1552","targetHints":{"allow":["GET"]}}],"collection":[{"href":"https:\/\/biblioteca.blanes.cat\/salajove\/wp-json\/wp\/v2\/posts"}],"about":[{"href":"https:\/\/biblioteca.blanes.cat\/salajove\/wp-json\/wp\/v2\/types\/post"}],"author":[{"embeddable":true,"href":"https:\/\/biblioteca.blanes.cat\/salajove\/wp-json\/wp\/v2\/users\/6"}],"replies":[{"embeddable":true,"href":"https:\/\/biblioteca.blanes.cat\/salajove\/wp-json\/wp\/v2\/comments?post=1552"}],"version-history":[{"count":8,"href":"https:\/\/biblioteca.blanes.cat\/salajove\/wp-json\/wp\/v2\/posts\/1552\/revisions"}],"predecessor-version":[{"id":1563,"href":"https:\/\/biblioteca.blanes.cat\/salajove\/wp-json\/wp\/v2\/posts\/1552\/revisions\/1563"}],"wp:featuredmedia":[{"embeddable":true,"href":"https:\/\/biblioteca.blanes.cat\/salajove\/wp-json\/wp\/v2\/media\/154"}],"wp:attachment":[{"href":"https:\/\/biblioteca.blanes.cat\/salajove\/wp-json\/wp\/v2\/media?parent=1552"}],"wp:term":[{"taxonomy":"category","embeddable":true,"href":"https:\/\/biblioteca.blanes.cat\/salajove\/wp-json\/wp\/v2\/categories?post=1552"},{"taxonomy":"post_tag","embeddable":true,"href":"https:\/\/biblioteca.blanes.cat\/salajove\/wp-json\/wp\/v2\/tags?post=1552"}],"curies":[{"name":"wp","href":"https:\/\/api.w.org\/{rel}","templated":true}]}}