{"id":1519,"date":"2018-07-18T09:44:18","date_gmt":"2018-07-18T08:44:18","guid":{"rendered":"https:\/\/biblioteca.blanes.cat\/salajove\/?p=1519"},"modified":"2018-07-18T16:14:51","modified_gmt":"2018-07-18T15:14:51","slug":"biblioteca-jove-blanes-activitats-festa-major-2018","status":"publish","type":"post","link":"https:\/\/biblioteca.blanes.cat\/salajove\/2018\/07\/18\/biblioteca-jove-blanes-activitats-festa-major-2018\/","title":{"rendered":"ACTIVITATS: Festa Major 2018"},"content":{"rendered":"<h2 style=\"text-align: center;\">La Biblioteca Jove far\u00e0 un horari especial de Festa Major<\/h2>\n<p style=\"text-align: justify;\">Ja tenim aqu\u00ed un altre cop la Festa Major de Santa Anna, i perqu\u00e8 poguem gaudir al 100% de la lectura i les nostres tradicions la Biblioteca Jove estar\u00e0<!--more--> oberta al mat\u00ed de 9.30 h.\u00a0 a 14.00 h. i a la tarda de 16.00 h. a 19.00 h.<\/p>\n<p style=\"text-align: justify;\">La Biblioteca tancar\u00e0 el dia dels patrons Sta. Anna i St. Joaquim, dijous 26 de Juliol i tornar\u00e0 a obrir el dilluns 30 de Juliol.<\/p>\n<p>&nbsp;<\/p>\n<p><a href=\"https:\/\/scontent.fmad3-8.fna.fbcdn.net\/v\/t1.0-9\/34962201_1784087815011552_1564393798358794240_n.jpg?_nc_cat=0&amp;oh=28b5162bf173a53170ca4202385a6e51&amp;oe=5BA02925\" target=\"_blank\" rel=\"noopener\"><img fetchpriority=\"high\" decoding=\"async\" class=\"spotlight aligncenter\" src=\"https:\/\/scontent.fmad3-8.fna.fbcdn.net\/v\/t1.0-9\/34962201_1784087815011552_1564393798358794240_n.jpg?_nc_cat=0&amp;oh=28b5162bf173a53170ca4202385a6e51&amp;oe=5BA02925\" alt=\"biblioteca jove blanes activitats festa major 2018\" width=\"960\" height=\"960\" \/><\/a><\/p>\n<p style=\"text-align: center;\">\u00a0<\/p>\n<p style=\"text-align: center;\"><a href=\"https:\/\/www.blanes.cat\/focs\/mobile\/\" target=\"_blank\" rel=\"noopener\"><img decoding=\"async\" class=\"alignnone\" src=\"https:\/\/surtdecasa.cat\/sites\/default\/files\/imatges-continguts\/festa-major-blanes-300.jpg\" alt=\"biblioteca jove blanes activitats festa major 2018\" width=\"300\" height=\"300\" \/><\/a>\u00a0 <a href=\"https:\/\/issuu.com\/ajuntament_blanes\/docs\/festa_major_2018\" target=\"_blank\" rel=\"noopener\"><img decoding=\"async\" class=\"alignnone\" src=\"https:\/\/image.jimcdn.com\/app\/cms\/image\/transf\/dimension=343x10000:format=png\/path\/s3e07f601128e4168\/image\/i58d362df7654b622\/version\/1531002615\/festa-major-de-blanes-i-concurs-de-focs-artificials.png\" alt=\"biblioteca jove blanes activitats festa major 2018\" width=\"343\" height=\"473\" \/><\/a><\/p>\n<p>&nbsp;<\/p>\n<h2 style=\"text-align: center;\"><a href=\"https:\/\/biblioteca.blanes.cat\/salajove\/\">Biblioteca Jove \u2013 Biblioteca Comarcal de Blanes<\/a><\/h2>\n","protected":false},"excerpt":{"rendered":"<p>La Biblioteca Jove far\u00e0 un horari especial de Festa Major Ja tenim aqu\u00ed un altre cop la Festa Major de Santa Anna, i perqu\u00e8 poguem gaudir al 100% de la lectura i les nostres tradicions la Biblioteca Jove estar\u00e0<\/p>\n","protected":false},"author":4,"featured_media":1565,"comment_status":"open","ping_status":"open","sticky":false,"template":"","format":"standard","meta":{"sfsi_plus_gutenberg_text_before_share":"","sfsi_plus_gutenberg_show_text_before_share":"","sfsi_plus_gutenberg_icon_type":"","sfsi_plus_gutenberg_icon_alignemt":"","sfsi_plus_gutenburg_max_per_row":"","footnotes":""},"categories":[1],"tags":[24,64,61,54,63,65,53,52],"class_list":["post-1519","post","type-post","status-publish","format-standard","has-post-thumbnail","hentry","category-general","tag-activitats","tag-ensorrat","tag-estiu","tag-festa","tag-festa-major","tag-focs","tag-joventut","tag-joves"],"yoast_head":"<!-- This site is optimized with the Yoast SEO plugin v27.5 - https:\/\/yoast.com\/product\/yoast-seo-wordpress\/ -->\n<title>Activitats Festa Major 2018 - Biblioteca Jove Blanes<\/title>\n<meta name=\"description\" content=\"Per gaudir al 100% de la lectura i les nostres tradicions la Biblioteca Jove estar\u00e0 oberta al mat\u00ed de 9.30 h. a 14.00 h. i a la tarda de 16.00 h. a ...\" \/>\n<meta name=\"robots\" content=\"index, follow, max-snippet:-1, max-image-preview:large, max-video-preview:-1\" \/>\n<link rel=\"canonical\" href=\"https:\/\/biblioteca.blanes.cat\/salajove\/2018\/07\/18\/biblioteca-jove-blanes-activitats-festa-major-2018\/\" \/>\n<meta property=\"og:locale\" content=\"ca_ES\" \/>\n<meta property=\"og:type\" content=\"article\" \/>\n<meta property=\"og:title\" content=\"Activitats Festa Major 2018 - Biblioteca Jove Blanes\" \/>\n<meta property=\"og:description\" content=\"Per gaudir al 100% de la lectura i les nostres tradicions la Biblioteca Jove estar\u00e0 oberta al mat\u00ed de 9.30 h. a 14.00 h. i a la tarda de 16.00 h. a ...\" \/>\n<meta property=\"og:url\" content=\"https:\/\/biblioteca.blanes.cat\/salajove\/2018\/07\/18\/biblioteca-jove-blanes-activitats-festa-major-2018\/\" \/>\n<meta property=\"og:site_name\" content=\"Sala Jove\" \/>\n<meta property=\"article:publisher\" content=\"https:\/\/www.facebook.com\/BilbiotecaComarcaldeBlanes\/\" \/>\n<meta property=\"article:published_time\" content=\"2018-07-18T08:44:18+00:00\" \/>\n<meta property=\"article:modified_time\" content=\"2018-07-18T15:14:51+00:00\" \/>\n<meta property=\"og:image\" content=\"https:\/\/biblioteca.blanes.cat\/salajove\/wp-content\/uploads\/sites\/3\/2018\/07\/festa-major-blanes-2018.jpg\" \/>\n\t<meta property=\"og:image:width\" content=\"300\" \/>\n\t<meta property=\"og:image:height\" content=\"300\" \/>\n\t<meta property=\"og:image:type\" content=\"image\/jpeg\" \/>\n<meta name=\"author\" content=\"biblioblanes\" \/>\n<meta name=\"twitter:card\" content=\"summary_large_image\" \/>\n<meta name=\"twitter:creator\" content=\"@biblioblanes\" \/>\n<meta name=\"twitter:site\" content=\"@BiblioBlanes\" \/>\n<meta name=\"twitter:label1\" content=\"Escrit per\" \/>\n\t<meta name=\"twitter:data1\" content=\"biblioblanes\" \/>\n<script type=\"application\/ld+json\" class=\"yoast-schema-graph\">{\"@context\":\"https:\\\/\\\/schema.org\",\"@graph\":[{\"@type\":\"Article\",\"@id\":\"https:\\\/\\\/biblioteca.blanes.cat\\\/salajove\\\/2018\\\/07\\\/18\\\/biblioteca-jove-blanes-activitats-festa-major-2018\\\/#article\",\"isPartOf\":{\"@id\":\"https:\\\/\\\/biblioteca.blanes.cat\\\/salajove\\\/2018\\\/07\\\/18\\\/biblioteca-jove-blanes-activitats-festa-major-2018\\\/\"},\"author\":{\"name\":\"biblioblanes\",\"@id\":\"https:\\\/\\\/biblioteca.blanes.cat\\\/salajove\\\/#\\\/schema\\\/person\\\/5a7b46760d9dd611d098bbf571a341dc\"},\"headline\":\"ACTIVITATS: Festa Major 2018\",\"datePublished\":\"2018-07-18T08:44:18+00:00\",\"dateModified\":\"2018-07-18T15:14:51+00:00\",\"mainEntityOfPage\":{\"@id\":\"https:\\\/\\\/biblioteca.blanes.cat\\\/salajove\\\/2018\\\/07\\\/18\\\/biblioteca-jove-blanes-activitats-festa-major-2018\\\/\"},\"wordCount\":87,\"commentCount\":0,\"publisher\":{\"@id\":\"https:\\\/\\\/biblioteca.blanes.cat\\\/salajove\\\/#organization\"},\"image\":{\"@id\":\"https:\\\/\\\/biblioteca.blanes.cat\\\/salajove\\\/2018\\\/07\\\/18\\\/biblioteca-jove-blanes-activitats-festa-major-2018\\\/#primaryimage\"},\"thumbnailUrl\":\"https:\\\/\\\/biblioteca.blanes.cat\\\/salajove\\\/wp-content\\\/uploads\\\/sites\\\/3\\\/2018\\\/07\\\/festa-major-blanes-2018.jpg\",\"keywords\":[\"#Activitats\",\"#Ensorra't\",\"#Estiu\",\"#Festa\",\"#FestaMajor\",\"#Focs\",\"#Joventut\",\"#Joves\"],\"articleSection\":[\"Not\u00edcies\"],\"inLanguage\":\"ca\",\"potentialAction\":[{\"@type\":\"CommentAction\",\"name\":\"Comment\",\"target\":[\"https:\\\/\\\/biblioteca.blanes.cat\\\/salajove\\\/2018\\\/07\\\/18\\\/biblioteca-jove-blanes-activitats-festa-major-2018\\\/#respond\"]}]},{\"@type\":\"WebPage\",\"@id\":\"https:\\\/\\\/biblioteca.blanes.cat\\\/salajove\\\/2018\\\/07\\\/18\\\/biblioteca-jove-blanes-activitats-festa-major-2018\\\/\",\"url\":\"https:\\\/\\\/biblioteca.blanes.cat\\\/salajove\\\/2018\\\/07\\\/18\\\/biblioteca-jove-blanes-activitats-festa-major-2018\\\/\",\"name\":\"Activitats Festa Major 2018 - Biblioteca Jove Blanes\",\"isPartOf\":{\"@id\":\"https:\\\/\\\/biblioteca.blanes.cat\\\/salajove\\\/#website\"},\"primaryImageOfPage\":{\"@id\":\"https:\\\/\\\/biblioteca.blanes.cat\\\/salajove\\\/2018\\\/07\\\/18\\\/biblioteca-jove-blanes-activitats-festa-major-2018\\\/#primaryimage\"},\"image\":{\"@id\":\"https:\\\/\\\/biblioteca.blanes.cat\\\/salajove\\\/2018\\\/07\\\/18\\\/biblioteca-jove-blanes-activitats-festa-major-2018\\\/#primaryimage\"},\"thumbnailUrl\":\"https:\\\/\\\/biblioteca.blanes.cat\\\/salajove\\\/wp-content\\\/uploads\\\/sites\\\/3\\\/2018\\\/07\\\/festa-major-blanes-2018.jpg\",\"datePublished\":\"2018-07-18T08:44:18+00:00\",\"dateModified\":\"2018-07-18T15:14:51+00:00\",\"description\":\"Per gaudir al 100% de la lectura i les nostres tradicions la Biblioteca Jove estar\u00e0 oberta al mat\u00ed de 9.30 h. a 14.00 h. i a la tarda de 16.00 h. a ...\",\"breadcrumb\":{\"@id\":\"https:\\\/\\\/biblioteca.blanes.cat\\\/salajove\\\/2018\\\/07\\\/18\\\/biblioteca-jove-blanes-activitats-festa-major-2018\\\/#breadcrumb\"},\"inLanguage\":\"ca\",\"potentialAction\":[{\"@type\":\"ReadAction\",\"target\":[\"https:\\\/\\\/biblioteca.blanes.cat\\\/salajove\\\/2018\\\/07\\\/18\\\/biblioteca-jove-blanes-activitats-festa-major-2018\\\/\"]}]},{\"@type\":\"ImageObject\",\"inLanguage\":\"ca\",\"@id\":\"https:\\\/\\\/biblioteca.blanes.cat\\\/salajove\\\/2018\\\/07\\\/18\\\/biblioteca-jove-blanes-activitats-festa-major-2018\\\/#primaryimage\",\"url\":\"https:\\\/\\\/biblioteca.blanes.cat\\\/salajove\\\/wp-content\\\/uploads\\\/sites\\\/3\\\/2018\\\/07\\\/festa-major-blanes-2018.jpg\",\"contentUrl\":\"https:\\\/\\\/biblioteca.blanes.cat\\\/salajove\\\/wp-content\\\/uploads\\\/sites\\\/3\\\/2018\\\/07\\\/festa-major-blanes-2018.jpg\",\"width\":300,\"height\":300},{\"@type\":\"BreadcrumbList\",\"@id\":\"https:\\\/\\\/biblioteca.blanes.cat\\\/salajove\\\/2018\\\/07\\\/18\\\/biblioteca-jove-blanes-activitats-festa-major-2018\\\/#breadcrumb\",\"itemListElement\":[{\"@type\":\"ListItem\",\"position\":1,\"name\":\"Inici\",\"item\":\"https:\\\/\\\/biblioteca.blanes.cat\\\/salajove\\\/\"},{\"@type\":\"ListItem\",\"position\":2,\"name\":\"ACTIVITATS: Festa Major 2018\"}]},{\"@type\":\"WebSite\",\"@id\":\"https:\\\/\\\/biblioteca.blanes.cat\\\/salajove\\\/#website\",\"url\":\"https:\\\/\\\/biblioteca.blanes.cat\\\/salajove\\\/\",\"name\":\"Sala Jove\",\"description\":\"Biblioteca Comarcal de Blanes\",\"publisher\":{\"@id\":\"https:\\\/\\\/biblioteca.blanes.cat\\\/salajove\\\/#organization\"},\"potentialAction\":[{\"@type\":\"SearchAction\",\"target\":{\"@type\":\"EntryPoint\",\"urlTemplate\":\"https:\\\/\\\/biblioteca.blanes.cat\\\/salajove\\\/?s={search_term_string}\"},\"query-input\":{\"@type\":\"PropertyValueSpecification\",\"valueRequired\":true,\"valueName\":\"search_term_string\"}}],\"inLanguage\":\"ca\"},{\"@type\":\"Organization\",\"@id\":\"https:\\\/\\\/biblioteca.blanes.cat\\\/salajove\\\/#organization\",\"name\":\"Biblioteca Comarcal de Blanes\",\"url\":\"https:\\\/\\\/biblioteca.blanes.cat\\\/salajove\\\/\",\"logo\":{\"@type\":\"ImageObject\",\"inLanguage\":\"ca\",\"@id\":\"https:\\\/\\\/biblioteca.blanes.cat\\\/salajove\\\/#\\\/schema\\\/logo\\\/image\\\/\",\"url\":\"https:\\\/\\\/biblioteca.blanes.cat\\\/salajove\\\/wp-content\\\/uploads\\\/sites\\\/3\\\/2017\\\/09\\\/cropped-Bib-blau-e1518869380535.png\",\"contentUrl\":\"https:\\\/\\\/biblioteca.blanes.cat\\\/salajove\\\/wp-content\\\/uploads\\\/sites\\\/3\\\/2017\\\/09\\\/cropped-Bib-blau-e1518869380535.png\",\"width\":166,\"height\":166,\"caption\":\"Biblioteca Comarcal de Blanes\"},\"image\":{\"@id\":\"https:\\\/\\\/biblioteca.blanes.cat\\\/salajove\\\/#\\\/schema\\\/logo\\\/image\\\/\"},\"sameAs\":[\"https:\\\/\\\/www.facebook.com\\\/BilbiotecaComarcaldeBlanes\\\/\",\"https:\\\/\\\/x.com\\\/BiblioBlanes\",\"https:\\\/\\\/www.instagram.com\\\/biblioblanes\\\/\",\"https:\\\/\\\/www.pinterest.es\\\/bblanes\\\/\",\"https:\\\/\\\/www.youtube.com\\\/c\\\/BibliotecaComarcalBlanes\"]},{\"@type\":\"Person\",\"@id\":\"https:\\\/\\\/biblioteca.blanes.cat\\\/salajove\\\/#\\\/schema\\\/person\\\/5a7b46760d9dd611d098bbf571a341dc\",\"name\":\"biblioblanes\",\"image\":{\"@type\":\"ImageObject\",\"inLanguage\":\"ca\",\"@id\":\"https:\\\/\\\/secure.gravatar.com\\\/avatar\\\/6593ca6cc90e5a70939f51c95e8315483b9c281bafba597292bee47992030f99?s=96&d=mm&r=g\",\"url\":\"https:\\\/\\\/secure.gravatar.com\\\/avatar\\\/6593ca6cc90e5a70939f51c95e8315483b9c281bafba597292bee47992030f99?s=96&d=mm&r=g\",\"contentUrl\":\"https:\\\/\\\/secure.gravatar.com\\\/avatar\\\/6593ca6cc90e5a70939f51c95e8315483b9c281bafba597292bee47992030f99?s=96&d=mm&r=g\",\"caption\":\"biblioblanes\"},\"sameAs\":[\"http:\\\/\\\/www.bibgirona.cat\\\/biblioteca\\\/blanes\",\"https:\\\/\\\/x.com\\\/biblioblanes\"],\"url\":\"https:\\\/\\\/biblioteca.blanes.cat\\\/salajove\\\/author\\\/biblioblanes\\\/\"}]}<\/script>\n<!-- \/ Yoast SEO plugin. -->","yoast_head_json":{"title":"Activitats Festa Major 2018 - Biblioteca Jove Blanes","description":"Per gaudir al 100% de la lectura i les nostres tradicions la Biblioteca Jove estar\u00e0 oberta al mat\u00ed de 9.30 h. a 14.00 h. i a la tarda de 16.00 h. a ...","robots":{"index":"index","follow":"follow","max-snippet":"max-snippet:-1","max-image-preview":"max-image-preview:large","max-video-preview":"max-video-preview:-1"},"canonical":"https:\/\/biblioteca.blanes.cat\/salajove\/2018\/07\/18\/biblioteca-jove-blanes-activitats-festa-major-2018\/","og_locale":"ca_ES","og_type":"article","og_title":"Activitats Festa Major 2018 - Biblioteca Jove Blanes","og_description":"Per gaudir al 100% de la lectura i les nostres tradicions la Biblioteca Jove estar\u00e0 oberta al mat\u00ed de 9.30 h. a 14.00 h. i a la tarda de 16.00 h. a ...","og_url":"https:\/\/biblioteca.blanes.cat\/salajove\/2018\/07\/18\/biblioteca-jove-blanes-activitats-festa-major-2018\/","og_site_name":"Sala Jove","article_publisher":"https:\/\/www.facebook.com\/BilbiotecaComarcaldeBlanes\/","article_published_time":"2018-07-18T08:44:18+00:00","article_modified_time":"2018-07-18T15:14:51+00:00","og_image":[{"width":300,"height":300,"url":"https:\/\/biblioteca.blanes.cat\/salajove\/wp-content\/uploads\/sites\/3\/2018\/07\/festa-major-blanes-2018.jpg","type":"image\/jpeg"}],"author":"biblioblanes","twitter_card":"summary_large_image","twitter_creator":"@biblioblanes","twitter_site":"@BiblioBlanes","twitter_misc":{"Escrit per":"biblioblanes"},"schema":{"@context":"https:\/\/schema.org","@graph":[{"@type":"Article","@id":"https:\/\/biblioteca.blanes.cat\/salajove\/2018\/07\/18\/biblioteca-jove-blanes-activitats-festa-major-2018\/#article","isPartOf":{"@id":"https:\/\/biblioteca.blanes.cat\/salajove\/2018\/07\/18\/biblioteca-jove-blanes-activitats-festa-major-2018\/"},"author":{"name":"biblioblanes","@id":"https:\/\/biblioteca.blanes.cat\/salajove\/#\/schema\/person\/5a7b46760d9dd611d098bbf571a341dc"},"headline":"ACTIVITATS: Festa Major 2018","datePublished":"2018-07-18T08:44:18+00:00","dateModified":"2018-07-18T15:14:51+00:00","mainEntityOfPage":{"@id":"https:\/\/biblioteca.blanes.cat\/salajove\/2018\/07\/18\/biblioteca-jove-blanes-activitats-festa-major-2018\/"},"wordCount":87,"commentCount":0,"publisher":{"@id":"https:\/\/biblioteca.blanes.cat\/salajove\/#organization"},"image":{"@id":"https:\/\/biblioteca.blanes.cat\/salajove\/2018\/07\/18\/biblioteca-jove-blanes-activitats-festa-major-2018\/#primaryimage"},"thumbnailUrl":"https:\/\/biblioteca.blanes.cat\/salajove\/wp-content\/uploads\/sites\/3\/2018\/07\/festa-major-blanes-2018.jpg","keywords":["#Activitats","#Ensorra't","#Estiu","#Festa","#FestaMajor","#Focs","#Joventut","#Joves"],"articleSection":["Not\u00edcies"],"inLanguage":"ca","potentialAction":[{"@type":"CommentAction","name":"Comment","target":["https:\/\/biblioteca.blanes.cat\/salajove\/2018\/07\/18\/biblioteca-jove-blanes-activitats-festa-major-2018\/#respond"]}]},{"@type":"WebPage","@id":"https:\/\/biblioteca.blanes.cat\/salajove\/2018\/07\/18\/biblioteca-jove-blanes-activitats-festa-major-2018\/","url":"https:\/\/biblioteca.blanes.cat\/salajove\/2018\/07\/18\/biblioteca-jove-blanes-activitats-festa-major-2018\/","name":"Activitats Festa Major 2018 - Biblioteca Jove Blanes","isPartOf":{"@id":"https:\/\/biblioteca.blanes.cat\/salajove\/#website"},"primaryImageOfPage":{"@id":"https:\/\/biblioteca.blanes.cat\/salajove\/2018\/07\/18\/biblioteca-jove-blanes-activitats-festa-major-2018\/#primaryimage"},"image":{"@id":"https:\/\/biblioteca.blanes.cat\/salajove\/2018\/07\/18\/biblioteca-jove-blanes-activitats-festa-major-2018\/#primaryimage"},"thumbnailUrl":"https:\/\/biblioteca.blanes.cat\/salajove\/wp-content\/uploads\/sites\/3\/2018\/07\/festa-major-blanes-2018.jpg","datePublished":"2018-07-18T08:44:18+00:00","dateModified":"2018-07-18T15:14:51+00:00","description":"Per gaudir al 100% de la lectura i les nostres tradicions la Biblioteca Jove estar\u00e0 oberta al mat\u00ed de 9.30 h. a 14.00 h. i a la tarda de 16.00 h. a ...","breadcrumb":{"@id":"https:\/\/biblioteca.blanes.cat\/salajove\/2018\/07\/18\/biblioteca-jove-blanes-activitats-festa-major-2018\/#breadcrumb"},"inLanguage":"ca","potentialAction":[{"@type":"ReadAction","target":["https:\/\/biblioteca.blanes.cat\/salajove\/2018\/07\/18\/biblioteca-jove-blanes-activitats-festa-major-2018\/"]}]},{"@type":"ImageObject","inLanguage":"ca","@id":"https:\/\/biblioteca.blanes.cat\/salajove\/2018\/07\/18\/biblioteca-jove-blanes-activitats-festa-major-2018\/#primaryimage","url":"https:\/\/biblioteca.blanes.cat\/salajove\/wp-content\/uploads\/sites\/3\/2018\/07\/festa-major-blanes-2018.jpg","contentUrl":"https:\/\/biblioteca.blanes.cat\/salajove\/wp-content\/uploads\/sites\/3\/2018\/07\/festa-major-blanes-2018.jpg","width":300,"height":300},{"@type":"BreadcrumbList","@id":"https:\/\/biblioteca.blanes.cat\/salajove\/2018\/07\/18\/biblioteca-jove-blanes-activitats-festa-major-2018\/#breadcrumb","itemListElement":[{"@type":"ListItem","position":1,"name":"Inici","item":"https:\/\/biblioteca.blanes.cat\/salajove\/"},{"@type":"ListItem","position":2,"name":"ACTIVITATS: Festa Major 2018"}]},{"@type":"WebSite","@id":"https:\/\/biblioteca.blanes.cat\/salajove\/#website","url":"https:\/\/biblioteca.blanes.cat\/salajove\/","name":"Sala Jove","description":"Biblioteca Comarcal de Blanes","publisher":{"@id":"https:\/\/biblioteca.blanes.cat\/salajove\/#organization"},"potentialAction":[{"@type":"SearchAction","target":{"@type":"EntryPoint","urlTemplate":"https:\/\/biblioteca.blanes.cat\/salajove\/?s={search_term_string}"},"query-input":{"@type":"PropertyValueSpecification","valueRequired":true,"valueName":"search_term_string"}}],"inLanguage":"ca"},{"@type":"Organization","@id":"https:\/\/biblioteca.blanes.cat\/salajove\/#organization","name":"Biblioteca Comarcal de Blanes","url":"https:\/\/biblioteca.blanes.cat\/salajove\/","logo":{"@type":"ImageObject","inLanguage":"ca","@id":"https:\/\/biblioteca.blanes.cat\/salajove\/#\/schema\/logo\/image\/","url":"https:\/\/biblioteca.blanes.cat\/salajove\/wp-content\/uploads\/sites\/3\/2017\/09\/cropped-Bib-blau-e1518869380535.png","contentUrl":"https:\/\/biblioteca.blanes.cat\/salajove\/wp-content\/uploads\/sites\/3\/2017\/09\/cropped-Bib-blau-e1518869380535.png","width":166,"height":166,"caption":"Biblioteca Comarcal de Blanes"},"image":{"@id":"https:\/\/biblioteca.blanes.cat\/salajove\/#\/schema\/logo\/image\/"},"sameAs":["https:\/\/www.facebook.com\/BilbiotecaComarcaldeBlanes\/","https:\/\/x.com\/BiblioBlanes","https:\/\/www.instagram.com\/biblioblanes\/","https:\/\/www.pinterest.es\/bblanes\/","https:\/\/www.youtube.com\/c\/BibliotecaComarcalBlanes"]},{"@type":"Person","@id":"https:\/\/biblioteca.blanes.cat\/salajove\/#\/schema\/person\/5a7b46760d9dd611d098bbf571a341dc","name":"biblioblanes","image":{"@type":"ImageObject","inLanguage":"ca","@id":"https:\/\/secure.gravatar.com\/avatar\/6593ca6cc90e5a70939f51c95e8315483b9c281bafba597292bee47992030f99?s=96&d=mm&r=g","url":"https:\/\/secure.gravatar.com\/avatar\/6593ca6cc90e5a70939f51c95e8315483b9c281bafba597292bee47992030f99?s=96&d=mm&r=g","contentUrl":"https:\/\/secure.gravatar.com\/avatar\/6593ca6cc90e5a70939f51c95e8315483b9c281bafba597292bee47992030f99?s=96&d=mm&r=g","caption":"biblioblanes"},"sameAs":["http:\/\/www.bibgirona.cat\/biblioteca\/blanes","https:\/\/x.com\/biblioblanes"],"url":"https:\/\/biblioteca.blanes.cat\/salajove\/author\/biblioblanes\/"}]}},"_links":{"self":[{"href":"https:\/\/biblioteca.blanes.cat\/salajove\/wp-json\/wp\/v2\/posts\/1519","targetHints":{"allow":["GET"]}}],"collection":[{"href":"https:\/\/biblioteca.blanes.cat\/salajove\/wp-json\/wp\/v2\/posts"}],"about":[{"href":"https:\/\/biblioteca.blanes.cat\/salajove\/wp-json\/wp\/v2\/types\/post"}],"author":[{"embeddable":true,"href":"https:\/\/biblioteca.blanes.cat\/salajove\/wp-json\/wp\/v2\/users\/4"}],"replies":[{"embeddable":true,"href":"https:\/\/biblioteca.blanes.cat\/salajove\/wp-json\/wp\/v2\/comments?post=1519"}],"version-history":[{"count":6,"href":"https:\/\/biblioteca.blanes.cat\/salajove\/wp-json\/wp\/v2\/posts\/1519\/revisions"}],"predecessor-version":[{"id":1566,"href":"https:\/\/biblioteca.blanes.cat\/salajove\/wp-json\/wp\/v2\/posts\/1519\/revisions\/1566"}],"wp:featuredmedia":[{"embeddable":true,"href":"https:\/\/biblioteca.blanes.cat\/salajove\/wp-json\/wp\/v2\/media\/1565"}],"wp:attachment":[{"href":"https:\/\/biblioteca.blanes.cat\/salajove\/wp-json\/wp\/v2\/media?parent=1519"}],"wp:term":[{"taxonomy":"category","embeddable":true,"href":"https:\/\/biblioteca.blanes.cat\/salajove\/wp-json\/wp\/v2\/categories?post=1519"},{"taxonomy":"post_tag","embeddable":true,"href":"https:\/\/biblioteca.blanes.cat\/salajove\/wp-json\/wp\/v2\/tags?post=1519"}],"curies":[{"name":"wp","href":"https:\/\/api.w.org\/{rel}","templated":true}]}}