{"id":1472,"date":"2018-07-01T21:55:01","date_gmt":"2018-07-01T20:55:01","guid":{"rendered":"https:\/\/biblioteca.blanes.cat\/salajove\/?p=1472"},"modified":"2018-07-01T23:54:08","modified_gmt":"2018-07-01T22:54:08","slug":"villa-las-telas-anne-jacobs","status":"publish","type":"post","link":"https:\/\/biblioteca.blanes.cat\/salajove\/2018\/07\/01\/villa-las-telas-anne-jacobs\/","title":{"rendered":"LA VILLA DE LAS TELAS de Anne Jacobs"},"content":{"rendered":"<h5 style=\"text-align: center\"><em><strong>Consideraba una suerte tener que ingeni\u00e1rselas uno mismo porque, afirmaba, las personas se hac\u00edan fuertes cuando luchaban por hacerse un lugar en el mundo. Cre\u00eda que era mucho mejor ganarse el sustento.<img fetchpriority=\"high\" decoding=\"async\" class=\" alignright\" src=\"https:\/\/static.megustaleer.com\/images\/libros_200_x\/EL020537.jpg\" width=\"217\" height=\"332\" \/><\/strong><\/em><\/h5>\n<p>\n Aquesta \u00e9s la nova novel\u2022la de Anne Jacobs. \u00c9s una escriptora brit\u00e0nica. Ha publicat novel\u2022les hist\u00f2riques i sagues ex\u00f2tiques amb un gran \u00e8xit de ventes.\u00a0<\/p>\n<p>\n La historia passa entre el 1913 i el 1914 i acaba just un mes abans de la Primer Guerra Mundial.<\/p>\n<p>\n \u201cLa Villa de las Telas\u201d comen\u00e7a quan Marie Hofgartner. \u00c9s una jova orfe comen\u00e7a a treballar a la vil\u2022la dels Melzer, una rica fam\u00edlia d\u2019Ausgburgo, Alemanyia, dedicada a l\u2019industria t\u00e8xtil. Al principi, treballa com a ajudant de cuina per\u00f2 al seva intel\u2022lig\u00e8ncia , simpat\u00eda i l\u2019estima que per ella sentir\u00e0 la filla menor dels Melzer l\u2019ajudar\u00e0 a ascendir r\u00e0pidament.<\/p>\n<p>\n Malgrat tot, les intrigues del passat de la Marie, les enveges entre els servents i les gelosies far\u00e0n que a la Marie li costi adaptar-se.<\/p>\n<p>\n Gr\u00e0cies a l\u2019escenari en el que es desenvolupa la novel\u2022la (una de les millors vil\u2022les de Augsburgo) l\u2019autora ens fa con\u00e8ixer la vida d\u2019una fam\u00edlia rica, els Melzer. La mare \u00e9s una mestressa de casa i el pare \u00e9s un empresari adinerat que es dedica al m\u00f3n t\u00e8xtil.<\/p>\n<p>Tenen tres fills, un noi i dos noies: Katherine, Elisabeth i en Paul, que \u00e9s l\u2019hereu. Els tres s\u00f3n joves i estan en edat de casar-se.<\/p>\n<p>L\u2019autora aprofita la professi\u00f3 del pare per parlar-nos de l\u2019ind\u00fastria t\u00e8xtil i de les p\u00e8ssimes condicions dels treballadors a principis del segle XX: jornades extenuants, condicions laborals molt prec\u00e0ries, amb poca seguretat, explotaci\u00f3 infantil&#8230;.<\/p>\n<h5>\n <strong>El passat de la Marie, la fam\u00edlia Melzer, un secret per descobrir i una hist\u00f2ria d\u2019amor esperada per\u00f2 impossible, ens esperen pels passadissos de la vil\u2022la de les teles.<\/strong><\/h5>\n<p>\n Els escenaris estan molt ben descrits: les festes, els balls, les presentacions en societat, les ind\u00fastries t\u00e8xtils, les m\u00e0quines, els cotxes de cavalls circulant pel carrer i els primer vehicles de motor&#8230; Cada petit detall de la novel\u2022la m\u2019ha traslladat a la societat alemanya d\u2019abans de la Primera Guerra Mundial.<\/p>\n<h5 style=\"text-align: center\"><strong>Aqu\u00ed us deixo unes frases:<\/strong><\/h5>\n<p>\n <em>La lealtad es una cualidad que se prodiga poco en estos d\u00edas y, en cambio, es una de las mayores virtudes que puede tener una persona. \u00bfNo le parece?<\/em><\/p>\n<p>\n <em> El arte debe ser libre para poder elevarse hacia el cielo, como un p\u00e1jaro tornasolado\u2026<\/em><\/p>\n<p>\n <em> Sin embargo, con la verdad ocurr\u00eda lo mismo que con una bufanda de lana: si se soltaba una hebra y se tiraba de ella, se deshac\u00eda la prenda.<\/em><\/p>\n<p>\n <em> Hab\u00eda habido momentos felices, y tambi\u00e9n muchas peleas y fases en las que, lejos de vivir juntos, se hab\u00edan hecho compa\u00f1\u00eda.<\/em><\/p>\n<h5 style=\"text-align: center\">\n <em>El mundo es de los valientes \u2013dijo el padre Leutwien, a lo cual a\u00f1adi\u00f3 con adem\u00e1n satisfecho -: Eso tambi\u00e9n vale para las muchachas.<\/em><\/h5>\n<p>\n <em>T\u00fa para m\u00ed eres como mi mano derecha. No necesito decir a diario lo fabuloso que es tenerla, pero \u00a1ay de aquel que ose arrebat\u00e1rmela!<\/em><\/p>\n<p><em>O cuidas de ti misma, o te hundes. Quien se pierde a si mismose amedranta, se arrastra y se doblega, y llega un momento en que se llega a perder&#8230;<\/em><\/p>\n<h5 style=\"text-align: center\">\n I ara unes an\u00e9cdotas:<\/h5>\n<p>\n *Anna Jacobs va n\u00e9ixer a Baixa Sax\u00f2nia, Alemanyia, despr\u00e9s es va traslladar a Taunus\u00a0 (Alemanya), on continua vivint.<\/p>\n<p>\n *Va arribar a l\u2019escriptura tard. Primer va estudiar m\u00fasica i idiomes, va passar el primer i el segon examen estatal com a professora de secund\u00e0ria. Va treballar en una llibreria, es va casar i va tenir dos fills.<\/p>\n<p>\n * Un cop asentada la seva vida va comen\u00e7ar els seus primers inicis dins del m\u00f3n de l\u2019escriptura, primer poemes i contes.<\/p>\n<p>\n *Actualment ha escrit m\u00e9s de vint novel\u2022les: treballa amb una ag\u00e8ncia liter\u00e0ria i viu de l\u2019escriptura.<\/p>\n<p>\n *\u201dLa villa de las telas\u201d ha estat la seva primera novel\u2022la publicada amb el seu nom real. Aquesta novel\u2022la \u00e9s la primer d\u2019una trilogia. Ja estic esperant la segona entrega!!<\/p>\n<p>*Ella diu que per trobar la inspiraci\u00f3 els temes s\u00f3n com ocells. Volen a tot arreu, giren al voltant de nosaltres, picant-nos a nosaltres. Asseguts a les nostres espatlles, cantant i plorant. Nom\u00e9s has d&#8217;agafar un d&#8217;ells, posar-lo en una g\u00e0bia i escoltar la seva can\u00e7\u00f3.\u00a0<\/p>\n<p>*Ella es defineix a si mateixa com una omn\u00edvora liter\u00e0ria<\/p>\n<p>*Leo Tolstoy i Charlotte Br\u00f6nte s\u00f3n els seus autors preferits.\u00a0<\/p>\n<p>*Ella defineix la lectura com una activitat immensament estimulant perqu\u00e8 ens condueix a m\u00f3ns llunyans i al mateix som nosaltres mateixos. L&#8217;\u00fanica activitat que es pot comparar a llegir \u00e9s escriure, s\u00f3n immensament estimulants.\u00a0<\/p>\n<p>Llegiu la Vil\u00b7la de les Teles, passejeu-vos entremig dels telers. Passejeu-vos pels jardins de la vil\u00b7la d&#8217;Augsburgo, passajeu-vos per la Vil\u00b7la de les Teles. I agafeu-vos de la m\u00e0 de la Marie us asseguro que despr\u00e9s no la podreu deixar anar.<\/p>\n","protected":false},"excerpt":{"rendered":"<p>Consideraba una suerte tener que ingeni\u00e1rselas uno mismo porque, afirmaba, las personas se hac\u00edan fuertes cuando luchaban por hacerse un lugar en el mundo. Cre\u00eda que era mucho mejor ganarse el sustento. Aquesta \u00e9s la nova novel\u2022la de Anne Jacobs.<\/p>\n","protected":false},"author":6,"featured_media":154,"comment_status":"open","ping_status":"open","sticky":false,"template":"","format":"standard","meta":{"sfsi_plus_gutenberg_text_before_share":"","sfsi_plus_gutenberg_show_text_before_share":"","sfsi_plus_gutenberg_icon_type":"","sfsi_plus_gutenberg_icon_alignemt":"","sfsi_plus_gutenburg_max_per_row":"","footnotes":""},"categories":[9,10],"tags":[26,21,23],"class_list":["post-1472","post","type-post","status-publish","format-standard","has-post-thumbnail","hentry","category-raco-de-la-paula","category-novetat","tag-lectura","tag-llibres","tag-sinopsi"],"yoast_head":"<!-- This site is optimized with the Yoast SEO plugin v27.5 - https:\/\/yoast.com\/product\/yoast-seo-wordpress\/ -->\n<title>LA VILLA DE LAS TELAS de Anne Jacobs - Sala Jove<\/title>\n<meta name=\"description\" content=\"Anne Jacobs ens parla de les intrigues del passat de la Marie, les enveges entre els servents i les gelosies far\u00e0n que a la Marie li costi adaptar-se.\" \/>\n<meta name=\"robots\" content=\"index, follow, max-snippet:-1, max-image-preview:large, max-video-preview:-1\" \/>\n<link rel=\"canonical\" href=\"https:\/\/biblioteca.blanes.cat\/salajove\/2018\/07\/01\/villa-las-telas-anne-jacobs\/\" \/>\n<meta property=\"og:locale\" content=\"ca_ES\" \/>\n<meta property=\"og:type\" content=\"article\" \/>\n<meta property=\"og:title\" content=\"LA VILLA DE LAS TELAS de Anne Jacobs - Sala Jove\" \/>\n<meta property=\"og:description\" content=\"Anne Jacobs ens parla de les intrigues del passat de la Marie, les enveges entre els servents i les gelosies far\u00e0n que a la Marie li costi adaptar-se.\" \/>\n<meta property=\"og:url\" content=\"https:\/\/biblioteca.blanes.cat\/salajove\/2018\/07\/01\/villa-las-telas-anne-jacobs\/\" \/>\n<meta property=\"og:site_name\" content=\"Sala Jove\" \/>\n<meta property=\"article:publisher\" content=\"https:\/\/www.facebook.com\/BilbiotecaComarcaldeBlanes\/\" \/>\n<meta property=\"article:published_time\" content=\"2018-07-01T20:55:01+00:00\" \/>\n<meta property=\"article:modified_time\" content=\"2018-07-01T22:54:08+00:00\" \/>\n<meta property=\"og:image\" content=\"https:\/\/biblioteca.blanes.cat\/salajove\/wp-content\/uploads\/sites\/3\/2017\/10\/Destacat_rac\u00f3_Paula.png\" \/>\n\t<meta property=\"og:image:width\" content=\"3719\" \/>\n\t<meta property=\"og:image:height\" content=\"2265\" \/>\n\t<meta property=\"og:image:type\" content=\"image\/png\" \/>\n<meta name=\"author\" content=\"paula\" \/>\n<meta name=\"twitter:card\" content=\"summary_large_image\" \/>\n<meta name=\"twitter:creator\" content=\"@BiblioBlanes\" \/>\n<meta name=\"twitter:site\" content=\"@BiblioBlanes\" \/>\n<meta name=\"twitter:label1\" content=\"Escrit per\" \/>\n\t<meta name=\"twitter:data1\" content=\"paula\" \/>\n\t<meta name=\"twitter:label2\" content=\"Temps estimat de lectura\" \/>\n\t<meta name=\"twitter:data2\" content=\"4 minuts\" \/>\n<script type=\"application\/ld+json\" class=\"yoast-schema-graph\">{\"@context\":\"https:\\\/\\\/schema.org\",\"@graph\":[{\"@type\":\"Article\",\"@id\":\"https:\\\/\\\/biblioteca.blanes.cat\\\/salajove\\\/2018\\\/07\\\/01\\\/villa-las-telas-anne-jacobs\\\/#article\",\"isPartOf\":{\"@id\":\"https:\\\/\\\/biblioteca.blanes.cat\\\/salajove\\\/2018\\\/07\\\/01\\\/villa-las-telas-anne-jacobs\\\/\"},\"author\":{\"name\":\"paula\",\"@id\":\"https:\\\/\\\/biblioteca.blanes.cat\\\/salajove\\\/#\\\/schema\\\/person\\\/8dbc45cdf5d1c7e2d100d147517ba7f3\"},\"headline\":\"LA VILLA DE LAS TELAS de Anne Jacobs\",\"datePublished\":\"2018-07-01T20:55:01+00:00\",\"dateModified\":\"2018-07-01T22:54:08+00:00\",\"mainEntityOfPage\":{\"@id\":\"https:\\\/\\\/biblioteca.blanes.cat\\\/salajove\\\/2018\\\/07\\\/01\\\/villa-las-telas-anne-jacobs\\\/\"},\"wordCount\":895,\"commentCount\":0,\"publisher\":{\"@id\":\"https:\\\/\\\/biblioteca.blanes.cat\\\/salajove\\\/#organization\"},\"image\":{\"@id\":\"https:\\\/\\\/biblioteca.blanes.cat\\\/salajove\\\/2018\\\/07\\\/01\\\/villa-las-telas-anne-jacobs\\\/#primaryimage\"},\"thumbnailUrl\":\"https:\\\/\\\/biblioteca.blanes.cat\\\/salajove\\\/wp-content\\\/uploads\\\/sites\\\/3\\\/2017\\\/10\\\/Destacat_rac\u00f3_Paula.png\",\"keywords\":[\"#Lectura\",\"#Llibres\",\"#Sinopsi\"],\"articleSection\":[\"Rac\u00f3 de la Paula\",\"RP_Novetat\"],\"inLanguage\":\"ca\",\"potentialAction\":[{\"@type\":\"CommentAction\",\"name\":\"Comment\",\"target\":[\"https:\\\/\\\/biblioteca.blanes.cat\\\/salajove\\\/2018\\\/07\\\/01\\\/villa-las-telas-anne-jacobs\\\/#respond\"]}]},{\"@type\":\"WebPage\",\"@id\":\"https:\\\/\\\/biblioteca.blanes.cat\\\/salajove\\\/2018\\\/07\\\/01\\\/villa-las-telas-anne-jacobs\\\/\",\"url\":\"https:\\\/\\\/biblioteca.blanes.cat\\\/salajove\\\/2018\\\/07\\\/01\\\/villa-las-telas-anne-jacobs\\\/\",\"name\":\"LA VILLA DE LAS TELAS de Anne Jacobs - Sala Jove\",\"isPartOf\":{\"@id\":\"https:\\\/\\\/biblioteca.blanes.cat\\\/salajove\\\/#website\"},\"primaryImageOfPage\":{\"@id\":\"https:\\\/\\\/biblioteca.blanes.cat\\\/salajove\\\/2018\\\/07\\\/01\\\/villa-las-telas-anne-jacobs\\\/#primaryimage\"},\"image\":{\"@id\":\"https:\\\/\\\/biblioteca.blanes.cat\\\/salajove\\\/2018\\\/07\\\/01\\\/villa-las-telas-anne-jacobs\\\/#primaryimage\"},\"thumbnailUrl\":\"https:\\\/\\\/biblioteca.blanes.cat\\\/salajove\\\/wp-content\\\/uploads\\\/sites\\\/3\\\/2017\\\/10\\\/Destacat_rac\u00f3_Paula.png\",\"datePublished\":\"2018-07-01T20:55:01+00:00\",\"dateModified\":\"2018-07-01T22:54:08+00:00\",\"description\":\"Anne Jacobs ens parla de les intrigues del passat de la Marie, les enveges entre els servents i les gelosies far\u00e0n que a la Marie li costi adaptar-se.\",\"breadcrumb\":{\"@id\":\"https:\\\/\\\/biblioteca.blanes.cat\\\/salajove\\\/2018\\\/07\\\/01\\\/villa-las-telas-anne-jacobs\\\/#breadcrumb\"},\"inLanguage\":\"ca\",\"potentialAction\":[{\"@type\":\"ReadAction\",\"target\":[\"https:\\\/\\\/biblioteca.blanes.cat\\\/salajove\\\/2018\\\/07\\\/01\\\/villa-las-telas-anne-jacobs\\\/\"]}]},{\"@type\":\"ImageObject\",\"inLanguage\":\"ca\",\"@id\":\"https:\\\/\\\/biblioteca.blanes.cat\\\/salajove\\\/2018\\\/07\\\/01\\\/villa-las-telas-anne-jacobs\\\/#primaryimage\",\"url\":\"https:\\\/\\\/biblioteca.blanes.cat\\\/salajove\\\/wp-content\\\/uploads\\\/sites\\\/3\\\/2017\\\/10\\\/Destacat_rac\u00f3_Paula.png\",\"contentUrl\":\"https:\\\/\\\/biblioteca.blanes.cat\\\/salajove\\\/wp-content\\\/uploads\\\/sites\\\/3\\\/2017\\\/10\\\/Destacat_rac\u00f3_Paula.png\",\"width\":3719,\"height\":2265,\"caption\":\"Rac\u00f3 de la Paula\"},{\"@type\":\"BreadcrumbList\",\"@id\":\"https:\\\/\\\/biblioteca.blanes.cat\\\/salajove\\\/2018\\\/07\\\/01\\\/villa-las-telas-anne-jacobs\\\/#breadcrumb\",\"itemListElement\":[{\"@type\":\"ListItem\",\"position\":1,\"name\":\"Inici\",\"item\":\"https:\\\/\\\/biblioteca.blanes.cat\\\/salajove\\\/\"},{\"@type\":\"ListItem\",\"position\":2,\"name\":\"LA VILLA DE LAS TELAS de Anne Jacobs\"}]},{\"@type\":\"WebSite\",\"@id\":\"https:\\\/\\\/biblioteca.blanes.cat\\\/salajove\\\/#website\",\"url\":\"https:\\\/\\\/biblioteca.blanes.cat\\\/salajove\\\/\",\"name\":\"Sala Jove\",\"description\":\"Biblioteca Comarcal de Blanes\",\"publisher\":{\"@id\":\"https:\\\/\\\/biblioteca.blanes.cat\\\/salajove\\\/#organization\"},\"potentialAction\":[{\"@type\":\"SearchAction\",\"target\":{\"@type\":\"EntryPoint\",\"urlTemplate\":\"https:\\\/\\\/biblioteca.blanes.cat\\\/salajove\\\/?s={search_term_string}\"},\"query-input\":{\"@type\":\"PropertyValueSpecification\",\"valueRequired\":true,\"valueName\":\"search_term_string\"}}],\"inLanguage\":\"ca\"},{\"@type\":\"Organization\",\"@id\":\"https:\\\/\\\/biblioteca.blanes.cat\\\/salajove\\\/#organization\",\"name\":\"Biblioteca Comarcal de Blanes\",\"url\":\"https:\\\/\\\/biblioteca.blanes.cat\\\/salajove\\\/\",\"logo\":{\"@type\":\"ImageObject\",\"inLanguage\":\"ca\",\"@id\":\"https:\\\/\\\/biblioteca.blanes.cat\\\/salajove\\\/#\\\/schema\\\/logo\\\/image\\\/\",\"url\":\"https:\\\/\\\/biblioteca.blanes.cat\\\/salajove\\\/wp-content\\\/uploads\\\/sites\\\/3\\\/2017\\\/09\\\/cropped-Bib-blau-e1518869380535.png\",\"contentUrl\":\"https:\\\/\\\/biblioteca.blanes.cat\\\/salajove\\\/wp-content\\\/uploads\\\/sites\\\/3\\\/2017\\\/09\\\/cropped-Bib-blau-e1518869380535.png\",\"width\":166,\"height\":166,\"caption\":\"Biblioteca Comarcal de Blanes\"},\"image\":{\"@id\":\"https:\\\/\\\/biblioteca.blanes.cat\\\/salajove\\\/#\\\/schema\\\/logo\\\/image\\\/\"},\"sameAs\":[\"https:\\\/\\\/www.facebook.com\\\/BilbiotecaComarcaldeBlanes\\\/\",\"https:\\\/\\\/x.com\\\/BiblioBlanes\",\"https:\\\/\\\/www.instagram.com\\\/biblioblanes\\\/\",\"https:\\\/\\\/www.pinterest.es\\\/bblanes\\\/\",\"https:\\\/\\\/www.youtube.com\\\/c\\\/BibliotecaComarcalBlanes\"]},{\"@type\":\"Person\",\"@id\":\"https:\\\/\\\/biblioteca.blanes.cat\\\/salajove\\\/#\\\/schema\\\/person\\\/8dbc45cdf5d1c7e2d100d147517ba7f3\",\"name\":\"paula\",\"image\":{\"@type\":\"ImageObject\",\"inLanguage\":\"ca\",\"@id\":\"https:\\\/\\\/secure.gravatar.com\\\/avatar\\\/7dc0a9399589f36ddc6864e8335b73854871aa22921ee390cb50776e7ddfc136?s=96&d=mm&r=g\",\"url\":\"https:\\\/\\\/secure.gravatar.com\\\/avatar\\\/7dc0a9399589f36ddc6864e8335b73854871aa22921ee390cb50776e7ddfc136?s=96&d=mm&r=g\",\"contentUrl\":\"https:\\\/\\\/secure.gravatar.com\\\/avatar\\\/7dc0a9399589f36ddc6864e8335b73854871aa22921ee390cb50776e7ddfc136?s=96&d=mm&r=g\",\"caption\":\"paula\"},\"url\":\"https:\\\/\\\/biblioteca.blanes.cat\\\/salajove\\\/author\\\/paula\\\/\"}]}<\/script>\n<!-- \/ Yoast SEO plugin. -->","yoast_head_json":{"title":"LA VILLA DE LAS TELAS de Anne Jacobs - Sala Jove","description":"Anne Jacobs ens parla de les intrigues del passat de la Marie, les enveges entre els servents i les gelosies far\u00e0n que a la Marie li costi adaptar-se.","robots":{"index":"index","follow":"follow","max-snippet":"max-snippet:-1","max-image-preview":"max-image-preview:large","max-video-preview":"max-video-preview:-1"},"canonical":"https:\/\/biblioteca.blanes.cat\/salajove\/2018\/07\/01\/villa-las-telas-anne-jacobs\/","og_locale":"ca_ES","og_type":"article","og_title":"LA VILLA DE LAS TELAS de Anne Jacobs - Sala Jove","og_description":"Anne Jacobs ens parla de les intrigues del passat de la Marie, les enveges entre els servents i les gelosies far\u00e0n que a la Marie li costi adaptar-se.","og_url":"https:\/\/biblioteca.blanes.cat\/salajove\/2018\/07\/01\/villa-las-telas-anne-jacobs\/","og_site_name":"Sala Jove","article_publisher":"https:\/\/www.facebook.com\/BilbiotecaComarcaldeBlanes\/","article_published_time":"2018-07-01T20:55:01+00:00","article_modified_time":"2018-07-01T22:54:08+00:00","og_image":[{"width":3719,"height":2265,"url":"https:\/\/biblioteca.blanes.cat\/salajove\/wp-content\/uploads\/sites\/3\/2017\/10\/Destacat_rac\u00f3_Paula.png","type":"image\/png"}],"author":"paula","twitter_card":"summary_large_image","twitter_creator":"@BiblioBlanes","twitter_site":"@BiblioBlanes","twitter_misc":{"Escrit per":"paula","Temps estimat de lectura":"4 minuts"},"schema":{"@context":"https:\/\/schema.org","@graph":[{"@type":"Article","@id":"https:\/\/biblioteca.blanes.cat\/salajove\/2018\/07\/01\/villa-las-telas-anne-jacobs\/#article","isPartOf":{"@id":"https:\/\/biblioteca.blanes.cat\/salajove\/2018\/07\/01\/villa-las-telas-anne-jacobs\/"},"author":{"name":"paula","@id":"https:\/\/biblioteca.blanes.cat\/salajove\/#\/schema\/person\/8dbc45cdf5d1c7e2d100d147517ba7f3"},"headline":"LA VILLA DE LAS TELAS de Anne Jacobs","datePublished":"2018-07-01T20:55:01+00:00","dateModified":"2018-07-01T22:54:08+00:00","mainEntityOfPage":{"@id":"https:\/\/biblioteca.blanes.cat\/salajove\/2018\/07\/01\/villa-las-telas-anne-jacobs\/"},"wordCount":895,"commentCount":0,"publisher":{"@id":"https:\/\/biblioteca.blanes.cat\/salajove\/#organization"},"image":{"@id":"https:\/\/biblioteca.blanes.cat\/salajove\/2018\/07\/01\/villa-las-telas-anne-jacobs\/#primaryimage"},"thumbnailUrl":"https:\/\/biblioteca.blanes.cat\/salajove\/wp-content\/uploads\/sites\/3\/2017\/10\/Destacat_rac\u00f3_Paula.png","keywords":["#Lectura","#Llibres","#Sinopsi"],"articleSection":["Rac\u00f3 de la Paula","RP_Novetat"],"inLanguage":"ca","potentialAction":[{"@type":"CommentAction","name":"Comment","target":["https:\/\/biblioteca.blanes.cat\/salajove\/2018\/07\/01\/villa-las-telas-anne-jacobs\/#respond"]}]},{"@type":"WebPage","@id":"https:\/\/biblioteca.blanes.cat\/salajove\/2018\/07\/01\/villa-las-telas-anne-jacobs\/","url":"https:\/\/biblioteca.blanes.cat\/salajove\/2018\/07\/01\/villa-las-telas-anne-jacobs\/","name":"LA VILLA DE LAS TELAS de Anne Jacobs - Sala Jove","isPartOf":{"@id":"https:\/\/biblioteca.blanes.cat\/salajove\/#website"},"primaryImageOfPage":{"@id":"https:\/\/biblioteca.blanes.cat\/salajove\/2018\/07\/01\/villa-las-telas-anne-jacobs\/#primaryimage"},"image":{"@id":"https:\/\/biblioteca.blanes.cat\/salajove\/2018\/07\/01\/villa-las-telas-anne-jacobs\/#primaryimage"},"thumbnailUrl":"https:\/\/biblioteca.blanes.cat\/salajove\/wp-content\/uploads\/sites\/3\/2017\/10\/Destacat_rac\u00f3_Paula.png","datePublished":"2018-07-01T20:55:01+00:00","dateModified":"2018-07-01T22:54:08+00:00","description":"Anne Jacobs ens parla de les intrigues del passat de la Marie, les enveges entre els servents i les gelosies far\u00e0n que a la Marie li costi adaptar-se.","breadcrumb":{"@id":"https:\/\/biblioteca.blanes.cat\/salajove\/2018\/07\/01\/villa-las-telas-anne-jacobs\/#breadcrumb"},"inLanguage":"ca","potentialAction":[{"@type":"ReadAction","target":["https:\/\/biblioteca.blanes.cat\/salajove\/2018\/07\/01\/villa-las-telas-anne-jacobs\/"]}]},{"@type":"ImageObject","inLanguage":"ca","@id":"https:\/\/biblioteca.blanes.cat\/salajove\/2018\/07\/01\/villa-las-telas-anne-jacobs\/#primaryimage","url":"https:\/\/biblioteca.blanes.cat\/salajove\/wp-content\/uploads\/sites\/3\/2017\/10\/Destacat_rac\u00f3_Paula.png","contentUrl":"https:\/\/biblioteca.blanes.cat\/salajove\/wp-content\/uploads\/sites\/3\/2017\/10\/Destacat_rac\u00f3_Paula.png","width":3719,"height":2265,"caption":"Rac\u00f3 de la Paula"},{"@type":"BreadcrumbList","@id":"https:\/\/biblioteca.blanes.cat\/salajove\/2018\/07\/01\/villa-las-telas-anne-jacobs\/#breadcrumb","itemListElement":[{"@type":"ListItem","position":1,"name":"Inici","item":"https:\/\/biblioteca.blanes.cat\/salajove\/"},{"@type":"ListItem","position":2,"name":"LA VILLA DE LAS TELAS de Anne Jacobs"}]},{"@type":"WebSite","@id":"https:\/\/biblioteca.blanes.cat\/salajove\/#website","url":"https:\/\/biblioteca.blanes.cat\/salajove\/","name":"Sala Jove","description":"Biblioteca Comarcal de Blanes","publisher":{"@id":"https:\/\/biblioteca.blanes.cat\/salajove\/#organization"},"potentialAction":[{"@type":"SearchAction","target":{"@type":"EntryPoint","urlTemplate":"https:\/\/biblioteca.blanes.cat\/salajove\/?s={search_term_string}"},"query-input":{"@type":"PropertyValueSpecification","valueRequired":true,"valueName":"search_term_string"}}],"inLanguage":"ca"},{"@type":"Organization","@id":"https:\/\/biblioteca.blanes.cat\/salajove\/#organization","name":"Biblioteca Comarcal de Blanes","url":"https:\/\/biblioteca.blanes.cat\/salajove\/","logo":{"@type":"ImageObject","inLanguage":"ca","@id":"https:\/\/biblioteca.blanes.cat\/salajove\/#\/schema\/logo\/image\/","url":"https:\/\/biblioteca.blanes.cat\/salajove\/wp-content\/uploads\/sites\/3\/2017\/09\/cropped-Bib-blau-e1518869380535.png","contentUrl":"https:\/\/biblioteca.blanes.cat\/salajove\/wp-content\/uploads\/sites\/3\/2017\/09\/cropped-Bib-blau-e1518869380535.png","width":166,"height":166,"caption":"Biblioteca Comarcal de Blanes"},"image":{"@id":"https:\/\/biblioteca.blanes.cat\/salajove\/#\/schema\/logo\/image\/"},"sameAs":["https:\/\/www.facebook.com\/BilbiotecaComarcaldeBlanes\/","https:\/\/x.com\/BiblioBlanes","https:\/\/www.instagram.com\/biblioblanes\/","https:\/\/www.pinterest.es\/bblanes\/","https:\/\/www.youtube.com\/c\/BibliotecaComarcalBlanes"]},{"@type":"Person","@id":"https:\/\/biblioteca.blanes.cat\/salajove\/#\/schema\/person\/8dbc45cdf5d1c7e2d100d147517ba7f3","name":"paula","image":{"@type":"ImageObject","inLanguage":"ca","@id":"https:\/\/secure.gravatar.com\/avatar\/7dc0a9399589f36ddc6864e8335b73854871aa22921ee390cb50776e7ddfc136?s=96&d=mm&r=g","url":"https:\/\/secure.gravatar.com\/avatar\/7dc0a9399589f36ddc6864e8335b73854871aa22921ee390cb50776e7ddfc136?s=96&d=mm&r=g","contentUrl":"https:\/\/secure.gravatar.com\/avatar\/7dc0a9399589f36ddc6864e8335b73854871aa22921ee390cb50776e7ddfc136?s=96&d=mm&r=g","caption":"paula"},"url":"https:\/\/biblioteca.blanes.cat\/salajove\/author\/paula\/"}]}},"_links":{"self":[{"href":"https:\/\/biblioteca.blanes.cat\/salajove\/wp-json\/wp\/v2\/posts\/1472","targetHints":{"allow":["GET"]}}],"collection":[{"href":"https:\/\/biblioteca.blanes.cat\/salajove\/wp-json\/wp\/v2\/posts"}],"about":[{"href":"https:\/\/biblioteca.blanes.cat\/salajove\/wp-json\/wp\/v2\/types\/post"}],"author":[{"embeddable":true,"href":"https:\/\/biblioteca.blanes.cat\/salajove\/wp-json\/wp\/v2\/users\/6"}],"replies":[{"embeddable":true,"href":"https:\/\/biblioteca.blanes.cat\/salajove\/wp-json\/wp\/v2\/comments?post=1472"}],"version-history":[{"count":7,"href":"https:\/\/biblioteca.blanes.cat\/salajove\/wp-json\/wp\/v2\/posts\/1472\/revisions"}],"predecessor-version":[{"id":1478,"href":"https:\/\/biblioteca.blanes.cat\/salajove\/wp-json\/wp\/v2\/posts\/1472\/revisions\/1478"}],"wp:featuredmedia":[{"embeddable":true,"href":"https:\/\/biblioteca.blanes.cat\/salajove\/wp-json\/wp\/v2\/media\/154"}],"wp:attachment":[{"href":"https:\/\/biblioteca.blanes.cat\/salajove\/wp-json\/wp\/v2\/media?parent=1472"}],"wp:term":[{"taxonomy":"category","embeddable":true,"href":"https:\/\/biblioteca.blanes.cat\/salajove\/wp-json\/wp\/v2\/categories?post=1472"},{"taxonomy":"post_tag","embeddable":true,"href":"https:\/\/biblioteca.blanes.cat\/salajove\/wp-json\/wp\/v2\/tags?post=1472"}],"curies":[{"name":"wp","href":"https:\/\/api.w.org\/{rel}","templated":true}]}}