{"id":1396,"date":"2018-07-09T09:30:54","date_gmt":"2018-07-09T08:30:54","guid":{"rendered":"https:\/\/biblioteca.blanes.cat\/salajove\/?p=1396"},"modified":"2018-07-05T19:07:49","modified_gmt":"2018-07-05T18:07:49","slug":"biblioteca-jove-activitats-destiu-2018","status":"publish","type":"post","link":"https:\/\/biblioteca.blanes.cat\/salajove\/2018\/07\/09\/biblioteca-jove-activitats-destiu-2018\/","title":{"rendered":"Activitats d&#8217;estiu"},"content":{"rendered":"<h2 style=\"text-align: center;\">Activitats d&#8217;estiu a les Biblioteques P\u00fabliques Catalanes<\/h2>\n<p style=\"text-align: justify;\">Ja ha arribat l&#8217;estiu! Per passar les vacances fresquets i gaudir de la lectura, tot descobrint mons nous\u00a0 i vivint milers d&#8217;aventures, moltes de les biblioteques del Sistema de Lectura P\u00fablica de Catalunya<!--more--> organitzem diferents activitats com ara el <a href=\"https:\/\/biblioteca.blanes.cat\/salajove\/2018\/07\/02\/bibliovacances-bibliographic-park\/\">Bibliovacances<\/a> o la <a href=\"http:\/\/www.bibgirona.cat\/biblioteca\/blanes\/noticies\/16490-comenca-el-servei-de-biblioplatja-de-lestiu-2018\">Biblioplatja<\/a>. Per\u00f2 aix\u00f2 no \u00e9s tot! El Departament de Cultura de la Generalitat de Catalunya ens proposa altres activitats. Ja no tenim excusa per no passar l&#8217;estiu gaudint dels llibres i de les biblioteques. Accediu-hi clicant sobre les imatges:<\/p>\n<p>&nbsp;<\/p>\n<p>&nbsp;<\/p>\n<p style=\"text-align: center;\"><a href=\"https:\/\/biblioteca.blanes.cat\/salajove\/2018\/07\/02\/bibliovacances-bibliographic-park\/\" target=\"_blank\" rel=\"noopener\"><img decoding=\"async\" class=\"alignnone wp-image-1465\" src=\"https:\/\/biblioteca.blanes.cat\/salajove\/wp-content\/uploads\/sites\/3\/2018\/06\/Bibliovacances-300x182.png\" alt=\"biblioteca jove - activitats d'estiu - 2018\" width=\"220\" height=\"134\" srcset=\"https:\/\/biblioteca.blanes.cat\/salajove\/wp-content\/uploads\/sites\/3\/2018\/06\/Bibliovacances-300x182.png 300w, https:\/\/biblioteca.blanes.cat\/salajove\/wp-content\/uploads\/sites\/3\/2018\/06\/Bibliovacances-768x467.png 768w, https:\/\/biblioteca.blanes.cat\/salajove\/wp-content\/uploads\/sites\/3\/2018\/06\/Bibliovacances-1024x622.png 1024w, https:\/\/biblioteca.blanes.cat\/salajove\/wp-content\/uploads\/sites\/3\/2018\/06\/Bibliovacances.png 1481w\" sizes=\"(max-width: 220px) 100vw, 220px\" \/><\/a> <a href=\"http:\/\/www.bibgirona.cat\/biblioteca\/blanes\/noticies\/16490-comenca-el-servei-de-biblioplatja-de-lestiu-2018\" target=\"_blank\" rel=\"noopener\"><img decoding=\"async\" class=\"alignnone wp-image-1468\" src=\"https:\/\/biblioteca.blanes.cat\/salajove\/wp-content\/uploads\/sites\/3\/2018\/06\/Biblioplatja-300x178.png\" alt=\"biblioteca jove - activitats d'estiu - 2018\" width=\"226\" height=\"134\" srcset=\"https:\/\/biblioteca.blanes.cat\/salajove\/wp-content\/uploads\/sites\/3\/2018\/06\/Biblioplatja-300x178.png 300w, https:\/\/biblioteca.blanes.cat\/salajove\/wp-content\/uploads\/sites\/3\/2018\/06\/Biblioplatja.png 687w\" sizes=\"(max-width: 226px) 100vw, 226px\" \/><\/a><\/p>\n<p style=\"text-align: center;\"><a href=\"https:\/\/llegirtepremi.cat\/\" target=\"_blank\" rel=\"noopener\"><img decoding=\"async\" class=\"alignnone wp-image-1469\" src=\"https:\/\/biblioteca.blanes.cat\/salajove\/wp-content\/uploads\/sites\/3\/2018\/06\/Llegir-t\u00e9-premi-300x178.png\" alt=\"biblioteca jove - activitats d'estiu - 2018\" width=\"220\" height=\"130\" srcset=\"https:\/\/biblioteca.blanes.cat\/salajove\/wp-content\/uploads\/sites\/3\/2018\/06\/Llegir-t\u00e9-premi-300x178.png 300w, https:\/\/biblioteca.blanes.cat\/salajove\/wp-content\/uploads\/sites\/3\/2018\/06\/Llegir-t\u00e9-premi.png 687w\" sizes=\"(max-width: 220px) 100vw, 220px\" \/><\/a> <a href=\"http:\/\/biblioteques.gencat.cat\/ca\/el-servei-de-biblioteques\/linies-dactivitat\/promocio_lectura_cultura\/concurs_premis\/Biblioestiurevistes\/index.html#\" target=\"_blank\" rel=\"noopener\"><img loading=\"lazy\" decoding=\"async\" class=\"alignnone wp-image-1495\" src=\"https:\/\/biblioteca.blanes.cat\/salajove\/wp-content\/uploads\/sites\/3\/2018\/07\/BiblioestiuRevistes-300x178.png\" alt=\"biblioteca jove - activitats d'estiu - 2018\" width=\"220\" height=\"130\" srcset=\"https:\/\/biblioteca.blanes.cat\/salajove\/wp-content\/uploads\/sites\/3\/2018\/07\/BiblioestiuRevistes-300x178.png 300w, https:\/\/biblioteca.blanes.cat\/salajove\/wp-content\/uploads\/sites\/3\/2018\/07\/BiblioestiuRevistes.png 687w\" sizes=\"(max-width: 220px) 100vw, 220px\" \/><\/a> <a href=\"http:\/\/booktrailers.cat\/\" target=\"_blank\" rel=\"noopener\"><img loading=\"lazy\" decoding=\"async\" class=\"alignnone wp-image-1497\" src=\"https:\/\/biblioteca.blanes.cat\/salajove\/wp-content\/uploads\/sites\/3\/2018\/07\/Concurs-booktrailers-300x178.png\" alt=\"biblioteca jove - activitats d'estiu - 2018\" width=\"220\" height=\"130\" srcset=\"https:\/\/biblioteca.blanes.cat\/salajove\/wp-content\/uploads\/sites\/3\/2018\/07\/Concurs-booktrailers-300x178.png 300w, https:\/\/biblioteca.blanes.cat\/salajove\/wp-content\/uploads\/sites\/3\/2018\/07\/Concurs-booktrailers.png 687w\" sizes=\"(max-width: 220px) 100vw, 220px\" \/><\/a><\/p>\n<h2>\u00a0<\/h2>\n<h2>\u00a0<\/h2>\n<h2 style=\"text-align: center;\"><a href=\"https:\/\/biblioteca.blanes.cat\/salajove\/\">Biblioteca Jove &#8211; Biblioteca Comarcal de Blanes<\/a><\/h2>\n<p>&nbsp;<\/p>\n<p>&nbsp;<\/p>\n","protected":false},"excerpt":{"rendered":"<p>Activitats d&#8217;estiu a les Biblioteques P\u00fabliques Catalanes Ja ha arribat l&#8217;estiu! Per passar les vacances fresquets i gaudir de la lectura, tot descobrint mons nous\u00a0 i vivint milers d&#8217;aventures, moltes de les biblioteques del Sistema de Lectura P\u00fablica de Catalunya<\/p>\n","protected":false},"author":4,"featured_media":1468,"comment_status":"open","ping_status":"open","sticky":false,"template":"","format":"standard","meta":{"sfsi_plus_gutenberg_text_before_share":"","sfsi_plus_gutenberg_show_text_before_share":"","sfsi_plus_gutenberg_icon_type":"","sfsi_plus_gutenberg_icon_alignemt":"","sfsi_plus_gutenburg_max_per_row":"","footnotes":""},"categories":[1],"tags":[24,16,61,26,19,50,62],"class_list":["post-1396","post","type-post","status-publish","format-standard","has-post-thumbnail","hentry","category-general","tag-activitats","tag-concurs","tag-estiu","tag-lectura","tag-literatura","tag-revistes","tag-vacances"],"yoast_head":"<!-- This site is optimized with the Yoast SEO plugin v27.5 - https:\/\/yoast.com\/product\/yoast-seo-wordpress\/ -->\n<title>Biblioteca jove - activitatsd&#039;estiu 2018 - Biblioteca Comarcal de Blanes<\/title>\n<meta name=\"description\" content=\"Biblioteca jove - activitats d&#039;estiu 2018 - Per gaudir de les vacances i de la lectura - Biblioteques del Sistema de Lectura P\u00fablica de Catalunya\" \/>\n<meta name=\"robots\" content=\"index, follow, max-snippet:-1, max-image-preview:large, max-video-preview:-1\" \/>\n<link rel=\"canonical\" href=\"https:\/\/biblioteca.blanes.cat\/salajove\/2018\/07\/09\/biblioteca-jove-activitats-destiu-2018\/\" \/>\n<meta property=\"og:locale\" content=\"ca_ES\" \/>\n<meta property=\"og:type\" content=\"article\" \/>\n<meta property=\"og:title\" content=\"Biblioteca jove - activitatsd&#039;estiu 2018 - Biblioteca Comarcal de Blanes\" \/>\n<meta property=\"og:description\" content=\"Biblioteca jove - activitats d&#039;estiu 2018 - Per gaudir de les vacances i de la lectura - Biblioteques del Sistema de Lectura P\u00fablica de Catalunya\" \/>\n<meta property=\"og:url\" content=\"https:\/\/biblioteca.blanes.cat\/salajove\/2018\/07\/09\/biblioteca-jove-activitats-destiu-2018\/\" \/>\n<meta property=\"og:site_name\" content=\"Sala Jove\" \/>\n<meta property=\"article:publisher\" content=\"https:\/\/www.facebook.com\/BilbiotecaComarcaldeBlanes\/\" \/>\n<meta property=\"article:published_time\" content=\"2018-07-09T08:30:54+00:00\" \/>\n<meta property=\"og:image\" content=\"https:\/\/biblioteca.blanes.cat\/salajove\/wp-content\/uploads\/sites\/3\/2018\/06\/Biblioplatja.png\" \/>\n\t<meta property=\"og:image:width\" content=\"687\" \/>\n\t<meta property=\"og:image:height\" content=\"407\" \/>\n\t<meta property=\"og:image:type\" content=\"image\/png\" \/>\n<meta name=\"author\" content=\"biblioblanes\" \/>\n<meta name=\"twitter:card\" content=\"summary_large_image\" \/>\n<meta name=\"twitter:creator\" content=\"@biblioblanes\" \/>\n<meta name=\"twitter:site\" content=\"@BiblioBlanes\" \/>\n<meta name=\"twitter:label1\" content=\"Escrit per\" \/>\n\t<meta name=\"twitter:data1\" content=\"biblioblanes\" \/>\n\t<meta name=\"twitter:label2\" content=\"Temps estimat de lectura\" \/>\n\t<meta name=\"twitter:data2\" content=\"1 minut\" \/>\n<script type=\"application\/ld+json\" class=\"yoast-schema-graph\">{\"@context\":\"https:\\\/\\\/schema.org\",\"@graph\":[{\"@type\":\"Article\",\"@id\":\"https:\\\/\\\/biblioteca.blanes.cat\\\/salajove\\\/2018\\\/07\\\/09\\\/biblioteca-jove-activitats-destiu-2018\\\/#article\",\"isPartOf\":{\"@id\":\"https:\\\/\\\/biblioteca.blanes.cat\\\/salajove\\\/2018\\\/07\\\/09\\\/biblioteca-jove-activitats-destiu-2018\\\/\"},\"author\":{\"name\":\"biblioblanes\",\"@id\":\"https:\\\/\\\/biblioteca.blanes.cat\\\/salajove\\\/#\\\/schema\\\/person\\\/5a7b46760d9dd611d098bbf571a341dc\"},\"headline\":\"Activitats d&#8217;estiu\",\"datePublished\":\"2018-07-09T08:30:54+00:00\",\"mainEntityOfPage\":{\"@id\":\"https:\\\/\\\/biblioteca.blanes.cat\\\/salajove\\\/2018\\\/07\\\/09\\\/biblioteca-jove-activitats-destiu-2018\\\/\"},\"wordCount\":108,\"commentCount\":0,\"publisher\":{\"@id\":\"https:\\\/\\\/biblioteca.blanes.cat\\\/salajove\\\/#organization\"},\"image\":{\"@id\":\"https:\\\/\\\/biblioteca.blanes.cat\\\/salajove\\\/2018\\\/07\\\/09\\\/biblioteca-jove-activitats-destiu-2018\\\/#primaryimage\"},\"thumbnailUrl\":\"https:\\\/\\\/biblioteca.blanes.cat\\\/salajove\\\/wp-content\\\/uploads\\\/sites\\\/3\\\/2018\\\/06\\\/Biblioplatja.png\",\"keywords\":[\"#Activitats\",\"#Concurs\",\"#Estiu\",\"#Lectura\",\"#Literatura\",\"#Revistes\",\"#Vacances\"],\"articleSection\":[\"Not\u00edcies\"],\"inLanguage\":\"ca\",\"potentialAction\":[{\"@type\":\"CommentAction\",\"name\":\"Comment\",\"target\":[\"https:\\\/\\\/biblioteca.blanes.cat\\\/salajove\\\/2018\\\/07\\\/09\\\/biblioteca-jove-activitats-destiu-2018\\\/#respond\"]}]},{\"@type\":\"WebPage\",\"@id\":\"https:\\\/\\\/biblioteca.blanes.cat\\\/salajove\\\/2018\\\/07\\\/09\\\/biblioteca-jove-activitats-destiu-2018\\\/\",\"url\":\"https:\\\/\\\/biblioteca.blanes.cat\\\/salajove\\\/2018\\\/07\\\/09\\\/biblioteca-jove-activitats-destiu-2018\\\/\",\"name\":\"Biblioteca jove - activitatsd'estiu 2018 - Biblioteca Comarcal de Blanes\",\"isPartOf\":{\"@id\":\"https:\\\/\\\/biblioteca.blanes.cat\\\/salajove\\\/#website\"},\"primaryImageOfPage\":{\"@id\":\"https:\\\/\\\/biblioteca.blanes.cat\\\/salajove\\\/2018\\\/07\\\/09\\\/biblioteca-jove-activitats-destiu-2018\\\/#primaryimage\"},\"image\":{\"@id\":\"https:\\\/\\\/biblioteca.blanes.cat\\\/salajove\\\/2018\\\/07\\\/09\\\/biblioteca-jove-activitats-destiu-2018\\\/#primaryimage\"},\"thumbnailUrl\":\"https:\\\/\\\/biblioteca.blanes.cat\\\/salajove\\\/wp-content\\\/uploads\\\/sites\\\/3\\\/2018\\\/06\\\/Biblioplatja.png\",\"datePublished\":\"2018-07-09T08:30:54+00:00\",\"description\":\"Biblioteca jove - activitats d'estiu 2018 - Per gaudir de les vacances i de la lectura - Biblioteques del Sistema de Lectura P\u00fablica de Catalunya\",\"breadcrumb\":{\"@id\":\"https:\\\/\\\/biblioteca.blanes.cat\\\/salajove\\\/2018\\\/07\\\/09\\\/biblioteca-jove-activitats-destiu-2018\\\/#breadcrumb\"},\"inLanguage\":\"ca\",\"potentialAction\":[{\"@type\":\"ReadAction\",\"target\":[\"https:\\\/\\\/biblioteca.blanes.cat\\\/salajove\\\/2018\\\/07\\\/09\\\/biblioteca-jove-activitats-destiu-2018\\\/\"]}]},{\"@type\":\"ImageObject\",\"inLanguage\":\"ca\",\"@id\":\"https:\\\/\\\/biblioteca.blanes.cat\\\/salajove\\\/2018\\\/07\\\/09\\\/biblioteca-jove-activitats-destiu-2018\\\/#primaryimage\",\"url\":\"https:\\\/\\\/biblioteca.blanes.cat\\\/salajove\\\/wp-content\\\/uploads\\\/sites\\\/3\\\/2018\\\/06\\\/Biblioplatja.png\",\"contentUrl\":\"https:\\\/\\\/biblioteca.blanes.cat\\\/salajove\\\/wp-content\\\/uploads\\\/sites\\\/3\\\/2018\\\/06\\\/Biblioplatja.png\",\"width\":687,\"height\":407},{\"@type\":\"BreadcrumbList\",\"@id\":\"https:\\\/\\\/biblioteca.blanes.cat\\\/salajove\\\/2018\\\/07\\\/09\\\/biblioteca-jove-activitats-destiu-2018\\\/#breadcrumb\",\"itemListElement\":[{\"@type\":\"ListItem\",\"position\":1,\"name\":\"Inici\",\"item\":\"https:\\\/\\\/biblioteca.blanes.cat\\\/salajove\\\/\"},{\"@type\":\"ListItem\",\"position\":2,\"name\":\"Activitats d&#8217;estiu\"}]},{\"@type\":\"WebSite\",\"@id\":\"https:\\\/\\\/biblioteca.blanes.cat\\\/salajove\\\/#website\",\"url\":\"https:\\\/\\\/biblioteca.blanes.cat\\\/salajove\\\/\",\"name\":\"Sala Jove\",\"description\":\"Biblioteca Comarcal de Blanes\",\"publisher\":{\"@id\":\"https:\\\/\\\/biblioteca.blanes.cat\\\/salajove\\\/#organization\"},\"potentialAction\":[{\"@type\":\"SearchAction\",\"target\":{\"@type\":\"EntryPoint\",\"urlTemplate\":\"https:\\\/\\\/biblioteca.blanes.cat\\\/salajove\\\/?s={search_term_string}\"},\"query-input\":{\"@type\":\"PropertyValueSpecification\",\"valueRequired\":true,\"valueName\":\"search_term_string\"}}],\"inLanguage\":\"ca\"},{\"@type\":\"Organization\",\"@id\":\"https:\\\/\\\/biblioteca.blanes.cat\\\/salajove\\\/#organization\",\"name\":\"Biblioteca Comarcal de Blanes\",\"url\":\"https:\\\/\\\/biblioteca.blanes.cat\\\/salajove\\\/\",\"logo\":{\"@type\":\"ImageObject\",\"inLanguage\":\"ca\",\"@id\":\"https:\\\/\\\/biblioteca.blanes.cat\\\/salajove\\\/#\\\/schema\\\/logo\\\/image\\\/\",\"url\":\"https:\\\/\\\/biblioteca.blanes.cat\\\/salajove\\\/wp-content\\\/uploads\\\/sites\\\/3\\\/2017\\\/09\\\/cropped-Bib-blau-e1518869380535.png\",\"contentUrl\":\"https:\\\/\\\/biblioteca.blanes.cat\\\/salajove\\\/wp-content\\\/uploads\\\/sites\\\/3\\\/2017\\\/09\\\/cropped-Bib-blau-e1518869380535.png\",\"width\":166,\"height\":166,\"caption\":\"Biblioteca Comarcal de Blanes\"},\"image\":{\"@id\":\"https:\\\/\\\/biblioteca.blanes.cat\\\/salajove\\\/#\\\/schema\\\/logo\\\/image\\\/\"},\"sameAs\":[\"https:\\\/\\\/www.facebook.com\\\/BilbiotecaComarcaldeBlanes\\\/\",\"https:\\\/\\\/x.com\\\/BiblioBlanes\",\"https:\\\/\\\/www.instagram.com\\\/biblioblanes\\\/\",\"https:\\\/\\\/www.pinterest.es\\\/bblanes\\\/\",\"https:\\\/\\\/www.youtube.com\\\/c\\\/BibliotecaComarcalBlanes\"]},{\"@type\":\"Person\",\"@id\":\"https:\\\/\\\/biblioteca.blanes.cat\\\/salajove\\\/#\\\/schema\\\/person\\\/5a7b46760d9dd611d098bbf571a341dc\",\"name\":\"biblioblanes\",\"image\":{\"@type\":\"ImageObject\",\"inLanguage\":\"ca\",\"@id\":\"https:\\\/\\\/secure.gravatar.com\\\/avatar\\\/6593ca6cc90e5a70939f51c95e8315483b9c281bafba597292bee47992030f99?s=96&d=mm&r=g\",\"url\":\"https:\\\/\\\/secure.gravatar.com\\\/avatar\\\/6593ca6cc90e5a70939f51c95e8315483b9c281bafba597292bee47992030f99?s=96&d=mm&r=g\",\"contentUrl\":\"https:\\\/\\\/secure.gravatar.com\\\/avatar\\\/6593ca6cc90e5a70939f51c95e8315483b9c281bafba597292bee47992030f99?s=96&d=mm&r=g\",\"caption\":\"biblioblanes\"},\"sameAs\":[\"http:\\\/\\\/www.bibgirona.cat\\\/biblioteca\\\/blanes\",\"https:\\\/\\\/x.com\\\/biblioblanes\"],\"url\":\"https:\\\/\\\/biblioteca.blanes.cat\\\/salajove\\\/author\\\/biblioblanes\\\/\"}]}<\/script>\n<!-- \/ Yoast SEO plugin. -->","yoast_head_json":{"title":"Biblioteca jove - activitatsd'estiu 2018 - Biblioteca Comarcal de Blanes","description":"Biblioteca jove - activitats d'estiu 2018 - Per gaudir de les vacances i de la lectura - Biblioteques del Sistema de Lectura P\u00fablica de Catalunya","robots":{"index":"index","follow":"follow","max-snippet":"max-snippet:-1","max-image-preview":"max-image-preview:large","max-video-preview":"max-video-preview:-1"},"canonical":"https:\/\/biblioteca.blanes.cat\/salajove\/2018\/07\/09\/biblioteca-jove-activitats-destiu-2018\/","og_locale":"ca_ES","og_type":"article","og_title":"Biblioteca jove - activitatsd'estiu 2018 - Biblioteca Comarcal de Blanes","og_description":"Biblioteca jove - activitats d'estiu 2018 - Per gaudir de les vacances i de la lectura - Biblioteques del Sistema de Lectura P\u00fablica de Catalunya","og_url":"https:\/\/biblioteca.blanes.cat\/salajove\/2018\/07\/09\/biblioteca-jove-activitats-destiu-2018\/","og_site_name":"Sala Jove","article_publisher":"https:\/\/www.facebook.com\/BilbiotecaComarcaldeBlanes\/","article_published_time":"2018-07-09T08:30:54+00:00","og_image":[{"width":687,"height":407,"url":"https:\/\/biblioteca.blanes.cat\/salajove\/wp-content\/uploads\/sites\/3\/2018\/06\/Biblioplatja.png","type":"image\/png"}],"author":"biblioblanes","twitter_card":"summary_large_image","twitter_creator":"@biblioblanes","twitter_site":"@BiblioBlanes","twitter_misc":{"Escrit per":"biblioblanes","Temps estimat de lectura":"1 minut"},"schema":{"@context":"https:\/\/schema.org","@graph":[{"@type":"Article","@id":"https:\/\/biblioteca.blanes.cat\/salajove\/2018\/07\/09\/biblioteca-jove-activitats-destiu-2018\/#article","isPartOf":{"@id":"https:\/\/biblioteca.blanes.cat\/salajove\/2018\/07\/09\/biblioteca-jove-activitats-destiu-2018\/"},"author":{"name":"biblioblanes","@id":"https:\/\/biblioteca.blanes.cat\/salajove\/#\/schema\/person\/5a7b46760d9dd611d098bbf571a341dc"},"headline":"Activitats d&#8217;estiu","datePublished":"2018-07-09T08:30:54+00:00","mainEntityOfPage":{"@id":"https:\/\/biblioteca.blanes.cat\/salajove\/2018\/07\/09\/biblioteca-jove-activitats-destiu-2018\/"},"wordCount":108,"commentCount":0,"publisher":{"@id":"https:\/\/biblioteca.blanes.cat\/salajove\/#organization"},"image":{"@id":"https:\/\/biblioteca.blanes.cat\/salajove\/2018\/07\/09\/biblioteca-jove-activitats-destiu-2018\/#primaryimage"},"thumbnailUrl":"https:\/\/biblioteca.blanes.cat\/salajove\/wp-content\/uploads\/sites\/3\/2018\/06\/Biblioplatja.png","keywords":["#Activitats","#Concurs","#Estiu","#Lectura","#Literatura","#Revistes","#Vacances"],"articleSection":["Not\u00edcies"],"inLanguage":"ca","potentialAction":[{"@type":"CommentAction","name":"Comment","target":["https:\/\/biblioteca.blanes.cat\/salajove\/2018\/07\/09\/biblioteca-jove-activitats-destiu-2018\/#respond"]}]},{"@type":"WebPage","@id":"https:\/\/biblioteca.blanes.cat\/salajove\/2018\/07\/09\/biblioteca-jove-activitats-destiu-2018\/","url":"https:\/\/biblioteca.blanes.cat\/salajove\/2018\/07\/09\/biblioteca-jove-activitats-destiu-2018\/","name":"Biblioteca jove - activitatsd'estiu 2018 - Biblioteca Comarcal de Blanes","isPartOf":{"@id":"https:\/\/biblioteca.blanes.cat\/salajove\/#website"},"primaryImageOfPage":{"@id":"https:\/\/biblioteca.blanes.cat\/salajove\/2018\/07\/09\/biblioteca-jove-activitats-destiu-2018\/#primaryimage"},"image":{"@id":"https:\/\/biblioteca.blanes.cat\/salajove\/2018\/07\/09\/biblioteca-jove-activitats-destiu-2018\/#primaryimage"},"thumbnailUrl":"https:\/\/biblioteca.blanes.cat\/salajove\/wp-content\/uploads\/sites\/3\/2018\/06\/Biblioplatja.png","datePublished":"2018-07-09T08:30:54+00:00","description":"Biblioteca jove - activitats d'estiu 2018 - Per gaudir de les vacances i de la lectura - Biblioteques del Sistema de Lectura P\u00fablica de Catalunya","breadcrumb":{"@id":"https:\/\/biblioteca.blanes.cat\/salajove\/2018\/07\/09\/biblioteca-jove-activitats-destiu-2018\/#breadcrumb"},"inLanguage":"ca","potentialAction":[{"@type":"ReadAction","target":["https:\/\/biblioteca.blanes.cat\/salajove\/2018\/07\/09\/biblioteca-jove-activitats-destiu-2018\/"]}]},{"@type":"ImageObject","inLanguage":"ca","@id":"https:\/\/biblioteca.blanes.cat\/salajove\/2018\/07\/09\/biblioteca-jove-activitats-destiu-2018\/#primaryimage","url":"https:\/\/biblioteca.blanes.cat\/salajove\/wp-content\/uploads\/sites\/3\/2018\/06\/Biblioplatja.png","contentUrl":"https:\/\/biblioteca.blanes.cat\/salajove\/wp-content\/uploads\/sites\/3\/2018\/06\/Biblioplatja.png","width":687,"height":407},{"@type":"BreadcrumbList","@id":"https:\/\/biblioteca.blanes.cat\/salajove\/2018\/07\/09\/biblioteca-jove-activitats-destiu-2018\/#breadcrumb","itemListElement":[{"@type":"ListItem","position":1,"name":"Inici","item":"https:\/\/biblioteca.blanes.cat\/salajove\/"},{"@type":"ListItem","position":2,"name":"Activitats d&#8217;estiu"}]},{"@type":"WebSite","@id":"https:\/\/biblioteca.blanes.cat\/salajove\/#website","url":"https:\/\/biblioteca.blanes.cat\/salajove\/","name":"Sala Jove","description":"Biblioteca Comarcal de Blanes","publisher":{"@id":"https:\/\/biblioteca.blanes.cat\/salajove\/#organization"},"potentialAction":[{"@type":"SearchAction","target":{"@type":"EntryPoint","urlTemplate":"https:\/\/biblioteca.blanes.cat\/salajove\/?s={search_term_string}"},"query-input":{"@type":"PropertyValueSpecification","valueRequired":true,"valueName":"search_term_string"}}],"inLanguage":"ca"},{"@type":"Organization","@id":"https:\/\/biblioteca.blanes.cat\/salajove\/#organization","name":"Biblioteca Comarcal de Blanes","url":"https:\/\/biblioteca.blanes.cat\/salajove\/","logo":{"@type":"ImageObject","inLanguage":"ca","@id":"https:\/\/biblioteca.blanes.cat\/salajove\/#\/schema\/logo\/image\/","url":"https:\/\/biblioteca.blanes.cat\/salajove\/wp-content\/uploads\/sites\/3\/2017\/09\/cropped-Bib-blau-e1518869380535.png","contentUrl":"https:\/\/biblioteca.blanes.cat\/salajove\/wp-content\/uploads\/sites\/3\/2017\/09\/cropped-Bib-blau-e1518869380535.png","width":166,"height":166,"caption":"Biblioteca Comarcal de Blanes"},"image":{"@id":"https:\/\/biblioteca.blanes.cat\/salajove\/#\/schema\/logo\/image\/"},"sameAs":["https:\/\/www.facebook.com\/BilbiotecaComarcaldeBlanes\/","https:\/\/x.com\/BiblioBlanes","https:\/\/www.instagram.com\/biblioblanes\/","https:\/\/www.pinterest.es\/bblanes\/","https:\/\/www.youtube.com\/c\/BibliotecaComarcalBlanes"]},{"@type":"Person","@id":"https:\/\/biblioteca.blanes.cat\/salajove\/#\/schema\/person\/5a7b46760d9dd611d098bbf571a341dc","name":"biblioblanes","image":{"@type":"ImageObject","inLanguage":"ca","@id":"https:\/\/secure.gravatar.com\/avatar\/6593ca6cc90e5a70939f51c95e8315483b9c281bafba597292bee47992030f99?s=96&d=mm&r=g","url":"https:\/\/secure.gravatar.com\/avatar\/6593ca6cc90e5a70939f51c95e8315483b9c281bafba597292bee47992030f99?s=96&d=mm&r=g","contentUrl":"https:\/\/secure.gravatar.com\/avatar\/6593ca6cc90e5a70939f51c95e8315483b9c281bafba597292bee47992030f99?s=96&d=mm&r=g","caption":"biblioblanes"},"sameAs":["http:\/\/www.bibgirona.cat\/biblioteca\/blanes","https:\/\/x.com\/biblioblanes"],"url":"https:\/\/biblioteca.blanes.cat\/salajove\/author\/biblioblanes\/"}]}},"_links":{"self":[{"href":"https:\/\/biblioteca.blanes.cat\/salajove\/wp-json\/wp\/v2\/posts\/1396","targetHints":{"allow":["GET"]}}],"collection":[{"href":"https:\/\/biblioteca.blanes.cat\/salajove\/wp-json\/wp\/v2\/posts"}],"about":[{"href":"https:\/\/biblioteca.blanes.cat\/salajove\/wp-json\/wp\/v2\/types\/post"}],"author":[{"embeddable":true,"href":"https:\/\/biblioteca.blanes.cat\/salajove\/wp-json\/wp\/v2\/users\/4"}],"replies":[{"embeddable":true,"href":"https:\/\/biblioteca.blanes.cat\/salajove\/wp-json\/wp\/v2\/comments?post=1396"}],"version-history":[{"count":24,"href":"https:\/\/biblioteca.blanes.cat\/salajove\/wp-json\/wp\/v2\/posts\/1396\/revisions"}],"predecessor-version":[{"id":1518,"href":"https:\/\/biblioteca.blanes.cat\/salajove\/wp-json\/wp\/v2\/posts\/1396\/revisions\/1518"}],"wp:featuredmedia":[{"embeddable":true,"href":"https:\/\/biblioteca.blanes.cat\/salajove\/wp-json\/wp\/v2\/media\/1468"}],"wp:attachment":[{"href":"https:\/\/biblioteca.blanes.cat\/salajove\/wp-json\/wp\/v2\/media?parent=1396"}],"wp:term":[{"taxonomy":"category","embeddable":true,"href":"https:\/\/biblioteca.blanes.cat\/salajove\/wp-json\/wp\/v2\/categories?post=1396"},{"taxonomy":"post_tag","embeddable":true,"href":"https:\/\/biblioteca.blanes.cat\/salajove\/wp-json\/wp\/v2\/tags?post=1396"}],"curies":[{"name":"wp","href":"https:\/\/api.w.org\/{rel}","templated":true}]}}