{"id":1332,"date":"2018-05-10T12:53:27","date_gmt":"2018-05-10T11:53:27","guid":{"rendered":"https:\/\/biblioteca.blanes.cat\/salajove\/?p=1332"},"modified":"2018-06-04T13:13:17","modified_gmt":"2018-06-04T12:13:17","slug":"revista-xq","status":"publish","type":"post","link":"https:\/\/biblioteca.blanes.cat\/salajove\/2018\/05\/10\/revista-xq\/","title":{"rendered":"INFO: Revista per a Joves"},"content":{"rendered":"<header class=\"header header--isHome\">\n<h2 class=\"container\" style=\"text-align: center;\">Revista XQ (por qu\u00e9?) una revista per a joves<\/h2>\n<\/header>\n<p style=\"text-align: justify;\">Avui us volem parlar de la Revista XQ (por qu\u00e9?). Aquesta \u00e9s una revista destinada a joves entre 12 i 16 anys, per\u00f2 tamb\u00e9 a professors i fam\u00edlies.<\/p>\n<p style=\"text-align: justify;\">Escriuen els seus articles de forma sencilla i entenedora perqu\u00e8 la informaci\u00f3 arribi de manera efica\u00e7 a tothom. Alguns dels objectius de la Revista XQ son fomentar la lectura i despertar el plaer de comprendre l&#8217;actualitat, millorar la comprensi\u00f3 lectora i transmetre valors de ciutadania, comunitat i solidaritat.<\/p>\n<p style=\"text-align: justify;\">La Revista XQ es un projecte de la fundaci\u00f3 <a href=\"http:\/\/revistaxq.com\/es\/fundacion-periodismo-plural\/\">Periodismo Plural<\/a> que aposta pel periodisme inclusiu. Els continguts dels articles s&#8217;adapten al nivell de comprensi\u00f3 dels estudiants. Hi ha\u00a0 una barra d&#8217;eines que permet al lector escollir el seu nivell. Al mateix temps cada contingut va acompanyat d&#8217;un tests de comprensi\u00f3 de la not\u00edcia.<\/p>\n<p style=\"text-align: justify;\">En els seus continguts, a m\u00e9s de not\u00edcies d&#8217;actualitat, tamb\u00e9 ofereix activitats complement\u00e0ries: idees, propostes, lectures i activitats per aprofundir els temes dels que tracta.<\/p>\n<p style=\"text-align: justify;\">Aquesta publicaci\u00f3 online tamb\u00e9 t\u00e9 una versi\u00f3 en pdf que es pot imprimir.<\/p>\n<p>Us recomanem que li feu una ullada:<\/p>\n<p>\u00a0<a href=\"http:\/\/revistaxq.com\/es\"><img fetchpriority=\"high\" decoding=\"async\" class=\"aligncenter\" src=\"https:\/\/pbs.twimg.com\/profile_images\/966256499369660416\/_586TTh2_400x400.jpg\" alt=\"Revista XQ\" width=\"240\" height=\"240\" \/><\/a><\/p>\n<div>\u00a0<\/div>\n<section class=\"article-extended\">\n<div class=\"container\">\u00a0<\/div>\n<\/section>\n<footer class=\"footer\">\n<div class=\"container\">\u00a0<\/div>\n<\/footer>\n<div class=\"article-extended__content\">\u00a0<\/div>\n","protected":false},"excerpt":{"rendered":"<p>Revista XQ (por qu\u00e9?) una revista per a joves Avui us volem parlar de la Revista XQ (por qu\u00e9?). Aquesta \u00e9s una revista destinada a joves entre 12 i 16 anys, per\u00f2 tamb\u00e9 a professors i fam\u00edlies. Escriuen els seus<\/p>\n","protected":false},"author":4,"featured_media":0,"comment_status":"open","ping_status":"open","sticky":false,"template":"","format":"standard","meta":{"sfsi_plus_gutenberg_text_before_share":"","sfsi_plus_gutenberg_show_text_before_share":"","sfsi_plus_gutenberg_icon_type":"","sfsi_plus_gutenberg_icon_alignemt":"","sfsi_plus_gutenburg_max_per_row":"","footnotes":""},"categories":[1,35],"tags":[49,48,31,50,47],"class_list":["post-1332","post","type-post","status-publish","format-standard","hentry","category-general","category-recomanem","tag-actualitat","tag-educacio","tag-escriptura","tag-revistes","tag-tic"],"yoast_head":"<!-- This site is optimized with the Yoast SEO plugin v27.5 - https:\/\/yoast.com\/product\/yoast-seo-wordpress\/ -->\n<title>INFO: revista XQ per a Joves<\/title>\n<meta name=\"description\" content=\"Biblioteca Jove Blanes: Avui us volem parlar de la Revista XQ (por qu\u00e9?). Aquesta t\u00e9 com a public objectiu als joves per\u00f2 tamb\u00e9 a professors i fam\u00edlies.\" \/>\n<meta name=\"robots\" content=\"index, follow, max-snippet:-1, max-image-preview:large, max-video-preview:-1\" \/>\n<link rel=\"canonical\" href=\"https:\/\/biblioteca.blanes.cat\/salajove\/2018\/05\/10\/revista-xq\/\" \/>\n<meta property=\"og:locale\" content=\"ca_ES\" \/>\n<meta property=\"og:type\" content=\"article\" \/>\n<meta property=\"og:title\" content=\"INFO: revista XQ per a Joves\" \/>\n<meta property=\"og:description\" content=\"Biblioteca Jove Blanes: Avui us volem parlar de la Revista XQ (por qu\u00e9?). Aquesta t\u00e9 com a public objectiu als joves per\u00f2 tamb\u00e9 a professors i fam\u00edlies.\" \/>\n<meta property=\"og:url\" content=\"https:\/\/biblioteca.blanes.cat\/salajove\/2018\/05\/10\/revista-xq\/\" \/>\n<meta property=\"og:site_name\" content=\"Sala Jove\" \/>\n<meta property=\"article:publisher\" content=\"https:\/\/www.facebook.com\/BilbiotecaComarcaldeBlanes\/\" \/>\n<meta property=\"article:published_time\" content=\"2018-05-10T11:53:27+00:00\" \/>\n<meta property=\"article:modified_time\" content=\"2018-06-04T12:13:17+00:00\" \/>\n<meta property=\"og:image\" content=\"https:\/\/pbs.twimg.com\/profile_images\/966256499369660416\/_586TTh2_400x400.jpg\" \/>\n<meta name=\"author\" content=\"biblioblanes\" \/>\n<meta name=\"twitter:card\" content=\"summary_large_image\" \/>\n<meta name=\"twitter:creator\" content=\"@biblioblanes\" \/>\n<meta name=\"twitter:site\" content=\"@BiblioBlanes\" \/>\n<meta name=\"twitter:label1\" content=\"Escrit per\" \/>\n\t<meta name=\"twitter:data1\" content=\"biblioblanes\" \/>\n\t<meta name=\"twitter:label2\" content=\"Temps estimat de lectura\" \/>\n\t<meta name=\"twitter:data2\" content=\"1 minut\" \/>\n<script type=\"application\/ld+json\" class=\"yoast-schema-graph\">{\"@context\":\"https:\\\/\\\/schema.org\",\"@graph\":[{\"@type\":\"Article\",\"@id\":\"https:\\\/\\\/biblioteca.blanes.cat\\\/salajove\\\/2018\\\/05\\\/10\\\/revista-xq\\\/#article\",\"isPartOf\":{\"@id\":\"https:\\\/\\\/biblioteca.blanes.cat\\\/salajove\\\/2018\\\/05\\\/10\\\/revista-xq\\\/\"},\"author\":{\"name\":\"biblioblanes\",\"@id\":\"https:\\\/\\\/biblioteca.blanes.cat\\\/salajove\\\/#\\\/schema\\\/person\\\/5a7b46760d9dd611d098bbf571a341dc\"},\"headline\":\"INFO: Revista per a Joves\",\"datePublished\":\"2018-05-10T11:53:27+00:00\",\"dateModified\":\"2018-06-04T12:13:17+00:00\",\"mainEntityOfPage\":{\"@id\":\"https:\\\/\\\/biblioteca.blanes.cat\\\/salajove\\\/2018\\\/05\\\/10\\\/revista-xq\\\/\"},\"wordCount\":197,\"commentCount\":0,\"publisher\":{\"@id\":\"https:\\\/\\\/biblioteca.blanes.cat\\\/salajove\\\/#organization\"},\"image\":{\"@id\":\"https:\\\/\\\/biblioteca.blanes.cat\\\/salajove\\\/2018\\\/05\\\/10\\\/revista-xq\\\/#primaryimage\"},\"thumbnailUrl\":\"https:\\\/\\\/pbs.twimg.com\\\/profile_images\\\/966256499369660416\\\/_586TTh2_400x400.jpg\",\"keywords\":[\"#Actualitat\",\"#Educaci\u00f3\",\"#Escriptura\",\"#Revistes\",\"#TIC\"],\"articleSection\":[\"Not\u00edcies\",\"Recomanem\"],\"inLanguage\":\"ca\",\"potentialAction\":[{\"@type\":\"CommentAction\",\"name\":\"Comment\",\"target\":[\"https:\\\/\\\/biblioteca.blanes.cat\\\/salajove\\\/2018\\\/05\\\/10\\\/revista-xq\\\/#respond\"]}]},{\"@type\":\"WebPage\",\"@id\":\"https:\\\/\\\/biblioteca.blanes.cat\\\/salajove\\\/2018\\\/05\\\/10\\\/revista-xq\\\/\",\"url\":\"https:\\\/\\\/biblioteca.blanes.cat\\\/salajove\\\/2018\\\/05\\\/10\\\/revista-xq\\\/\",\"name\":\"INFO: revista XQ per a Joves\",\"isPartOf\":{\"@id\":\"https:\\\/\\\/biblioteca.blanes.cat\\\/salajove\\\/#website\"},\"primaryImageOfPage\":{\"@id\":\"https:\\\/\\\/biblioteca.blanes.cat\\\/salajove\\\/2018\\\/05\\\/10\\\/revista-xq\\\/#primaryimage\"},\"image\":{\"@id\":\"https:\\\/\\\/biblioteca.blanes.cat\\\/salajove\\\/2018\\\/05\\\/10\\\/revista-xq\\\/#primaryimage\"},\"thumbnailUrl\":\"https:\\\/\\\/pbs.twimg.com\\\/profile_images\\\/966256499369660416\\\/_586TTh2_400x400.jpg\",\"datePublished\":\"2018-05-10T11:53:27+00:00\",\"dateModified\":\"2018-06-04T12:13:17+00:00\",\"description\":\"Biblioteca Jove Blanes: Avui us volem parlar de la Revista XQ (por qu\u00e9?). Aquesta t\u00e9 com a public objectiu als joves per\u00f2 tamb\u00e9 a professors i fam\u00edlies.\",\"breadcrumb\":{\"@id\":\"https:\\\/\\\/biblioteca.blanes.cat\\\/salajove\\\/2018\\\/05\\\/10\\\/revista-xq\\\/#breadcrumb\"},\"inLanguage\":\"ca\",\"potentialAction\":[{\"@type\":\"ReadAction\",\"target\":[\"https:\\\/\\\/biblioteca.blanes.cat\\\/salajove\\\/2018\\\/05\\\/10\\\/revista-xq\\\/\"]}]},{\"@type\":\"ImageObject\",\"inLanguage\":\"ca\",\"@id\":\"https:\\\/\\\/biblioteca.blanes.cat\\\/salajove\\\/2018\\\/05\\\/10\\\/revista-xq\\\/#primaryimage\",\"url\":\"https:\\\/\\\/pbs.twimg.com\\\/profile_images\\\/966256499369660416\\\/_586TTh2_400x400.jpg\",\"contentUrl\":\"https:\\\/\\\/pbs.twimg.com\\\/profile_images\\\/966256499369660416\\\/_586TTh2_400x400.jpg\"},{\"@type\":\"BreadcrumbList\",\"@id\":\"https:\\\/\\\/biblioteca.blanes.cat\\\/salajove\\\/2018\\\/05\\\/10\\\/revista-xq\\\/#breadcrumb\",\"itemListElement\":[{\"@type\":\"ListItem\",\"position\":1,\"name\":\"Inici\",\"item\":\"https:\\\/\\\/biblioteca.blanes.cat\\\/salajove\\\/\"},{\"@type\":\"ListItem\",\"position\":2,\"name\":\"INFO: Revista per a Joves\"}]},{\"@type\":\"WebSite\",\"@id\":\"https:\\\/\\\/biblioteca.blanes.cat\\\/salajove\\\/#website\",\"url\":\"https:\\\/\\\/biblioteca.blanes.cat\\\/salajove\\\/\",\"name\":\"Sala Jove\",\"description\":\"Biblioteca Comarcal de Blanes\",\"publisher\":{\"@id\":\"https:\\\/\\\/biblioteca.blanes.cat\\\/salajove\\\/#organization\"},\"potentialAction\":[{\"@type\":\"SearchAction\",\"target\":{\"@type\":\"EntryPoint\",\"urlTemplate\":\"https:\\\/\\\/biblioteca.blanes.cat\\\/salajove\\\/?s={search_term_string}\"},\"query-input\":{\"@type\":\"PropertyValueSpecification\",\"valueRequired\":true,\"valueName\":\"search_term_string\"}}],\"inLanguage\":\"ca\"},{\"@type\":\"Organization\",\"@id\":\"https:\\\/\\\/biblioteca.blanes.cat\\\/salajove\\\/#organization\",\"name\":\"Biblioteca Comarcal de Blanes\",\"url\":\"https:\\\/\\\/biblioteca.blanes.cat\\\/salajove\\\/\",\"logo\":{\"@type\":\"ImageObject\",\"inLanguage\":\"ca\",\"@id\":\"https:\\\/\\\/biblioteca.blanes.cat\\\/salajove\\\/#\\\/schema\\\/logo\\\/image\\\/\",\"url\":\"https:\\\/\\\/biblioteca.blanes.cat\\\/salajove\\\/wp-content\\\/uploads\\\/sites\\\/3\\\/2017\\\/09\\\/cropped-Bib-blau-e1518869380535.png\",\"contentUrl\":\"https:\\\/\\\/biblioteca.blanes.cat\\\/salajove\\\/wp-content\\\/uploads\\\/sites\\\/3\\\/2017\\\/09\\\/cropped-Bib-blau-e1518869380535.png\",\"width\":166,\"height\":166,\"caption\":\"Biblioteca Comarcal de Blanes\"},\"image\":{\"@id\":\"https:\\\/\\\/biblioteca.blanes.cat\\\/salajove\\\/#\\\/schema\\\/logo\\\/image\\\/\"},\"sameAs\":[\"https:\\\/\\\/www.facebook.com\\\/BilbiotecaComarcaldeBlanes\\\/\",\"https:\\\/\\\/x.com\\\/BiblioBlanes\",\"https:\\\/\\\/www.instagram.com\\\/biblioblanes\\\/\",\"https:\\\/\\\/www.pinterest.es\\\/bblanes\\\/\",\"https:\\\/\\\/www.youtube.com\\\/c\\\/BibliotecaComarcalBlanes\"]},{\"@type\":\"Person\",\"@id\":\"https:\\\/\\\/biblioteca.blanes.cat\\\/salajove\\\/#\\\/schema\\\/person\\\/5a7b46760d9dd611d098bbf571a341dc\",\"name\":\"biblioblanes\",\"image\":{\"@type\":\"ImageObject\",\"inLanguage\":\"ca\",\"@id\":\"https:\\\/\\\/secure.gravatar.com\\\/avatar\\\/6593ca6cc90e5a70939f51c95e8315483b9c281bafba597292bee47992030f99?s=96&d=mm&r=g\",\"url\":\"https:\\\/\\\/secure.gravatar.com\\\/avatar\\\/6593ca6cc90e5a70939f51c95e8315483b9c281bafba597292bee47992030f99?s=96&d=mm&r=g\",\"contentUrl\":\"https:\\\/\\\/secure.gravatar.com\\\/avatar\\\/6593ca6cc90e5a70939f51c95e8315483b9c281bafba597292bee47992030f99?s=96&d=mm&r=g\",\"caption\":\"biblioblanes\"},\"sameAs\":[\"http:\\\/\\\/www.bibgirona.cat\\\/biblioteca\\\/blanes\",\"https:\\\/\\\/x.com\\\/biblioblanes\"],\"url\":\"https:\\\/\\\/biblioteca.blanes.cat\\\/salajove\\\/author\\\/biblioblanes\\\/\"}]}<\/script>\n<!-- \/ Yoast SEO plugin. -->","yoast_head_json":{"title":"INFO: revista XQ per a Joves","description":"Biblioteca Jove Blanes: Avui us volem parlar de la Revista XQ (por qu\u00e9?). Aquesta t\u00e9 com a public objectiu als joves per\u00f2 tamb\u00e9 a professors i fam\u00edlies.","robots":{"index":"index","follow":"follow","max-snippet":"max-snippet:-1","max-image-preview":"max-image-preview:large","max-video-preview":"max-video-preview:-1"},"canonical":"https:\/\/biblioteca.blanes.cat\/salajove\/2018\/05\/10\/revista-xq\/","og_locale":"ca_ES","og_type":"article","og_title":"INFO: revista XQ per a Joves","og_description":"Biblioteca Jove Blanes: Avui us volem parlar de la Revista XQ (por qu\u00e9?). Aquesta t\u00e9 com a public objectiu als joves per\u00f2 tamb\u00e9 a professors i fam\u00edlies.","og_url":"https:\/\/biblioteca.blanes.cat\/salajove\/2018\/05\/10\/revista-xq\/","og_site_name":"Sala Jove","article_publisher":"https:\/\/www.facebook.com\/BilbiotecaComarcaldeBlanes\/","article_published_time":"2018-05-10T11:53:27+00:00","article_modified_time":"2018-06-04T12:13:17+00:00","og_image":[{"url":"https:\/\/pbs.twimg.com\/profile_images\/966256499369660416\/_586TTh2_400x400.jpg","type":"","width":"","height":""}],"author":"biblioblanes","twitter_card":"summary_large_image","twitter_creator":"@biblioblanes","twitter_site":"@BiblioBlanes","twitter_misc":{"Escrit per":"biblioblanes","Temps estimat de lectura":"1 minut"},"schema":{"@context":"https:\/\/schema.org","@graph":[{"@type":"Article","@id":"https:\/\/biblioteca.blanes.cat\/salajove\/2018\/05\/10\/revista-xq\/#article","isPartOf":{"@id":"https:\/\/biblioteca.blanes.cat\/salajove\/2018\/05\/10\/revista-xq\/"},"author":{"name":"biblioblanes","@id":"https:\/\/biblioteca.blanes.cat\/salajove\/#\/schema\/person\/5a7b46760d9dd611d098bbf571a341dc"},"headline":"INFO: Revista per a Joves","datePublished":"2018-05-10T11:53:27+00:00","dateModified":"2018-06-04T12:13:17+00:00","mainEntityOfPage":{"@id":"https:\/\/biblioteca.blanes.cat\/salajove\/2018\/05\/10\/revista-xq\/"},"wordCount":197,"commentCount":0,"publisher":{"@id":"https:\/\/biblioteca.blanes.cat\/salajove\/#organization"},"image":{"@id":"https:\/\/biblioteca.blanes.cat\/salajove\/2018\/05\/10\/revista-xq\/#primaryimage"},"thumbnailUrl":"https:\/\/pbs.twimg.com\/profile_images\/966256499369660416\/_586TTh2_400x400.jpg","keywords":["#Actualitat","#Educaci\u00f3","#Escriptura","#Revistes","#TIC"],"articleSection":["Not\u00edcies","Recomanem"],"inLanguage":"ca","potentialAction":[{"@type":"CommentAction","name":"Comment","target":["https:\/\/biblioteca.blanes.cat\/salajove\/2018\/05\/10\/revista-xq\/#respond"]}]},{"@type":"WebPage","@id":"https:\/\/biblioteca.blanes.cat\/salajove\/2018\/05\/10\/revista-xq\/","url":"https:\/\/biblioteca.blanes.cat\/salajove\/2018\/05\/10\/revista-xq\/","name":"INFO: revista XQ per a Joves","isPartOf":{"@id":"https:\/\/biblioteca.blanes.cat\/salajove\/#website"},"primaryImageOfPage":{"@id":"https:\/\/biblioteca.blanes.cat\/salajove\/2018\/05\/10\/revista-xq\/#primaryimage"},"image":{"@id":"https:\/\/biblioteca.blanes.cat\/salajove\/2018\/05\/10\/revista-xq\/#primaryimage"},"thumbnailUrl":"https:\/\/pbs.twimg.com\/profile_images\/966256499369660416\/_586TTh2_400x400.jpg","datePublished":"2018-05-10T11:53:27+00:00","dateModified":"2018-06-04T12:13:17+00:00","description":"Biblioteca Jove Blanes: Avui us volem parlar de la Revista XQ (por qu\u00e9?). Aquesta t\u00e9 com a public objectiu als joves per\u00f2 tamb\u00e9 a professors i fam\u00edlies.","breadcrumb":{"@id":"https:\/\/biblioteca.blanes.cat\/salajove\/2018\/05\/10\/revista-xq\/#breadcrumb"},"inLanguage":"ca","potentialAction":[{"@type":"ReadAction","target":["https:\/\/biblioteca.blanes.cat\/salajove\/2018\/05\/10\/revista-xq\/"]}]},{"@type":"ImageObject","inLanguage":"ca","@id":"https:\/\/biblioteca.blanes.cat\/salajove\/2018\/05\/10\/revista-xq\/#primaryimage","url":"https:\/\/pbs.twimg.com\/profile_images\/966256499369660416\/_586TTh2_400x400.jpg","contentUrl":"https:\/\/pbs.twimg.com\/profile_images\/966256499369660416\/_586TTh2_400x400.jpg"},{"@type":"BreadcrumbList","@id":"https:\/\/biblioteca.blanes.cat\/salajove\/2018\/05\/10\/revista-xq\/#breadcrumb","itemListElement":[{"@type":"ListItem","position":1,"name":"Inici","item":"https:\/\/biblioteca.blanes.cat\/salajove\/"},{"@type":"ListItem","position":2,"name":"INFO: Revista per a Joves"}]},{"@type":"WebSite","@id":"https:\/\/biblioteca.blanes.cat\/salajove\/#website","url":"https:\/\/biblioteca.blanes.cat\/salajove\/","name":"Sala Jove","description":"Biblioteca Comarcal de Blanes","publisher":{"@id":"https:\/\/biblioteca.blanes.cat\/salajove\/#organization"},"potentialAction":[{"@type":"SearchAction","target":{"@type":"EntryPoint","urlTemplate":"https:\/\/biblioteca.blanes.cat\/salajove\/?s={search_term_string}"},"query-input":{"@type":"PropertyValueSpecification","valueRequired":true,"valueName":"search_term_string"}}],"inLanguage":"ca"},{"@type":"Organization","@id":"https:\/\/biblioteca.blanes.cat\/salajove\/#organization","name":"Biblioteca Comarcal de Blanes","url":"https:\/\/biblioteca.blanes.cat\/salajove\/","logo":{"@type":"ImageObject","inLanguage":"ca","@id":"https:\/\/biblioteca.blanes.cat\/salajove\/#\/schema\/logo\/image\/","url":"https:\/\/biblioteca.blanes.cat\/salajove\/wp-content\/uploads\/sites\/3\/2017\/09\/cropped-Bib-blau-e1518869380535.png","contentUrl":"https:\/\/biblioteca.blanes.cat\/salajove\/wp-content\/uploads\/sites\/3\/2017\/09\/cropped-Bib-blau-e1518869380535.png","width":166,"height":166,"caption":"Biblioteca Comarcal de Blanes"},"image":{"@id":"https:\/\/biblioteca.blanes.cat\/salajove\/#\/schema\/logo\/image\/"},"sameAs":["https:\/\/www.facebook.com\/BilbiotecaComarcaldeBlanes\/","https:\/\/x.com\/BiblioBlanes","https:\/\/www.instagram.com\/biblioblanes\/","https:\/\/www.pinterest.es\/bblanes\/","https:\/\/www.youtube.com\/c\/BibliotecaComarcalBlanes"]},{"@type":"Person","@id":"https:\/\/biblioteca.blanes.cat\/salajove\/#\/schema\/person\/5a7b46760d9dd611d098bbf571a341dc","name":"biblioblanes","image":{"@type":"ImageObject","inLanguage":"ca","@id":"https:\/\/secure.gravatar.com\/avatar\/6593ca6cc90e5a70939f51c95e8315483b9c281bafba597292bee47992030f99?s=96&d=mm&r=g","url":"https:\/\/secure.gravatar.com\/avatar\/6593ca6cc90e5a70939f51c95e8315483b9c281bafba597292bee47992030f99?s=96&d=mm&r=g","contentUrl":"https:\/\/secure.gravatar.com\/avatar\/6593ca6cc90e5a70939f51c95e8315483b9c281bafba597292bee47992030f99?s=96&d=mm&r=g","caption":"biblioblanes"},"sameAs":["http:\/\/www.bibgirona.cat\/biblioteca\/blanes","https:\/\/x.com\/biblioblanes"],"url":"https:\/\/biblioteca.blanes.cat\/salajove\/author\/biblioblanes\/"}]}},"_links":{"self":[{"href":"https:\/\/biblioteca.blanes.cat\/salajove\/wp-json\/wp\/v2\/posts\/1332","targetHints":{"allow":["GET"]}}],"collection":[{"href":"https:\/\/biblioteca.blanes.cat\/salajove\/wp-json\/wp\/v2\/posts"}],"about":[{"href":"https:\/\/biblioteca.blanes.cat\/salajove\/wp-json\/wp\/v2\/types\/post"}],"author":[{"embeddable":true,"href":"https:\/\/biblioteca.blanes.cat\/salajove\/wp-json\/wp\/v2\/users\/4"}],"replies":[{"embeddable":true,"href":"https:\/\/biblioteca.blanes.cat\/salajove\/wp-json\/wp\/v2\/comments?post=1332"}],"version-history":[{"count":4,"href":"https:\/\/biblioteca.blanes.cat\/salajove\/wp-json\/wp\/v2\/posts\/1332\/revisions"}],"predecessor-version":[{"id":1367,"href":"https:\/\/biblioteca.blanes.cat\/salajove\/wp-json\/wp\/v2\/posts\/1332\/revisions\/1367"}],"wp:attachment":[{"href":"https:\/\/biblioteca.blanes.cat\/salajove\/wp-json\/wp\/v2\/media?parent=1332"}],"wp:term":[{"taxonomy":"category","embeddable":true,"href":"https:\/\/biblioteca.blanes.cat\/salajove\/wp-json\/wp\/v2\/categories?post=1332"},{"taxonomy":"post_tag","embeddable":true,"href":"https:\/\/biblioteca.blanes.cat\/salajove\/wp-json\/wp\/v2\/tags?post=1332"}],"curies":[{"name":"wp","href":"https:\/\/api.w.org\/{rel}","templated":true}]}}