{"id":1317,"date":"2018-05-17T12:42:22","date_gmt":"2018-05-17T11:42:22","guid":{"rendered":"https:\/\/biblioteca.blanes.cat\/salajove\/?p=1317"},"modified":"2018-11-09T18:51:58","modified_gmt":"2018-11-09T17:51:58","slug":"clubdelecturajove-wolfgang","status":"publish","type":"post","link":"https:\/\/biblioteca.blanes.cat\/salajove\/2018\/05\/17\/clubdelecturajove-wolfgang\/","title":{"rendered":"CLJ: Wolfgang (L&#8217;extraordinari)"},"content":{"rendered":"<h2 style=\"text-align: center;\">Al Club de lectura Jove aquest mes llegim Wolfgang (l&#8217;extraordinari) de Laia Aguilar.<\/h2>\n<p style=\"text-align: center;\"><img decoding=\"async\" class=\"aligncenter size-medium\" src=\"data:image\/jpeg;base64,\/9j\/4AAQSkZJRgABAQAAAQABAAD\/2wCEAAkGBxATEBIQEBISFRAVFRwZGBcYGRUVFxoVHh0dHRoXGRkeHykiHh4nHRgYITMhJiorLy4uHR8zOD8tQygtLisBCgoKDg0OGhAQGCsdHx0tLTAtLSs3KystLi0vLS0tLS0vLSs3LS0tNzAwLS0tNy0rNSstLS0tLS0rLS4tLystLf\/AABEIAPQAqAMBIgACEQEDEQH\/xAAcAAABBQEBAQAAAAAAAAAAAAAAAQMFBgcCBAj\/xABOEAACAQMBAwkGAQYKBwkBAAABAgMABBEFEiExBgcTMkFRYXGxFCJSgZGh0RVCgpKywSMlU1RicqKzwvAzNWN0k9LhFiQ0NkNVZHOjCP\/EABoBAQACAwEAAAAAAAAAAAAAAAADBQEEBgL\/xAAzEQACAgECAwMLAwUAAAAAAAAAAQIDEQQSBTFBIVGBExQiMjNCUnGRodFhweEVNEOx8P\/aAAwDAQACEQMRAD8A2qKJdlfdHAdgrvoV+FfoKIOqvkPSnKAb6FfhX6CjoV+FfoKcpKA46FfhX6CjoV+FfoKcooBvoV+FfoKOhX4R9BXZrz3V9DEMyyxoO92VR96Ad6FfhX6CjoV+FfoK8UWt2jHCXNuzdwkjJ9akAaA46FfhH0FHQr8K\/QU5SUBx0K\/Cv0FHQr8K\/QV3S0A30K\/Cv0FHQr8K\/QU5SUBx0K\/CPoKQRL8I+gpXkA4kDzrhLhDuDKfIivO+PLJnDO+hX4V+go6FfhX6Cu6WvRgYliXZb3RwPYKWup+q3kfSigCDqr5D0ruuIOqvkPSnKASiioHlhypt9PtzPOcsTiOMdeR\/hXw7zwH0rAO+VXKW2sIDPcvhc4VRvd2+FB3\/AG76y\/V+X+ryr0itb6bbHqmTEk7DyYY+WyKrWrarcTXK3V4vTai\/\/h7UZ2IEPBmHYe3fv7T4TOlclFLe0Xx9ouW3na3ov9FV4H\/OK0dTrI1LOf5+X5N6jSOZW7nVp7hiBe6rent6ItDH9N+PpTMPJmaQ5TTwO9rmZ3J+SlfStOijVQAoAA4ADArqqufFpe6vqb8dBFc2Zhd8kLpFz7HaSjtEbThh49cfvrqx1u+051aA3VsOHRTkzWzf0c4Gz8t\/iK02mrm2SRGjkUMjDBBGQRSri8srchPh8WuxkzyL5y7e8ZLedDb3pAIRupJ4xP8AnZ44+meNXyvmvlBySmiQ9ADPbqSRGd0sXjE37vseNWXm7529hls9TclOqlywww7lnH+L699XlN8LY5iyouplW8M3CiuUYEZByDwPEV1U5CcO2Bk1XpNSnuHKW3uxg73NejlVclYgi9aQ7Py7f3D51IadaLFGqDsG\/wAT2mtOblbZ5NPCXP8ABsRxCG9rLfIi15Mq2+WWR27+HrmkPJWLiHkB7N6\/hTbz6kgchY3yzlQ28hekVV6uzu2GZsYY+7x37n7W6vzKBJEgiLtkrxCgjZ3ljnIJPAcK9eZ1dx584s7zyze0WhVjIZIc4IPEVZIpAyhgcgjI8qZ1C2Ekboe0ffvqM5KTkxFD1o2I+X+d1eIZqt2dHyPUvThu6omp+q3kfSkpZ+q3kfSit01wg6q+Q9KcpuDqr5D0pygOTXz9yk18XN3d6o5DW9qTBaLxUyfHjxPvZ7iPhrX+cLWPZNMu7gHDLEVTvDv7iH5MwPyrBOTVs07WVmybMUCmeQfEzHKZ+RXd3Ma19TLbDPTr8jY00czLdyS0YxRmebLXU3vSMeIzv2R5bv8AOKsFFFcjda7ZuT6nRVwUI4QUUUVESBRRRQBVM5w9AR4jdog6SPrjHXj7c+I45\/6Vc64miDKyMMqwII7wRgip9NfKqxSRDdWrItMTmS5Ss8b6dM5Z4EEkDHi1s2MD9AkDwyB+bWp18z8kb02Oo2rucC3uGtpDwHQy7Wwx8MmRvkK+ma7GEtyyc1OO14K5yj\/8Raj+n\/iWvRqthcM0jQMgZo0VWYsChDMWKgD84MP1RxprlTEw6KZRno23\/UH933qYtbhZEDqcgital4umn1wySxZri\/mVq6tbkO2zfRrIcKwLAEMWkaMAY3e6yjZxvwT2CnWs7wtsxXiFcynecuF95UAxuwpxnxXzr332gpK7O8knvY3e7uTYZCg3bgQ7Hvz213p+hxwytLGz+8GBTI2PecvwA7MkDuye81uEAaRBco0gnfbQBQh3ZJ2ffbd49\/j5nx8mP9Lcns2\/3tUpq16Iomc8eAHeeyvHyXtSkO03WkO1447Px+dadj3XxS6ZbJ4dlUm+pLz9VvI+lFE\/VbyPpRW4QBB1V8h6V3XEHVXyHpTlAZvz9E\/knZH51xGP2vwqlci1BuNQl7On6Nf6qZA+xFXLn1bNpZRfyl9GD5bL\/iKp3NzvtpZP5S4dvQfuqt4nLbSyw4es2ItVFLRXLF8FJS0UAlFLRQCUUtFAZ\/yq0wG+kjxuvLc7Pd08e9f2QP0q2bmy103mmW8rHMqjo5O\/pE90k+JGG\/SrMeX0LCGO6Tr20qv+jnBH12fpUzzVaisGpXVmD\/AXiLdQd21j3wB4jPyjrqeH3b61\/wBy\/godbVtk2a3JGGBVhkHiKgH0ueBi1q20h3lDViFFbllMbMPquppQscfkQC69KNz20gPhnHpQ3KCQ7kt5CfEH8Kn8UYqLyNvLeSeUr+Arttpk0ziW63AcI+z51YQBilxRUtVMa12c31I52ORzN1W8j6UUT9VvI+lFTHgIOqvkPSu64g6q+Q9KcoDMefQ\/wOnf7\/H+y1VTm2H8Xp\/Wf9qrPz6v7mmr2m9U\/ID\/AK1WubkY0+LxZ\/2jVVxb2Hiiy4b7Qs1FFFcyXgUUUUAUUUUAUUUUAxfWyyxPE3VdSp8iKz23adFSNfd1LTn6SI7z0kOeA793Z3bq0nNV3ldo7SKtzb7ruD3kI4sO1D39v+TVjw\/UbJbX1\/2aeqp3x3I1jkpyhhvrSO6hO5h7y53o46yHxH3GD21MisA5FcqVsrlbtd2nXbBLhP5C4+PHYO3+rnuFb8jAgEHdXURluWTn5x2vB1RS0V6PIlFLRQDc\/VbyPpRRP1W8j6UUAQdVfIeld1xB1V8h6U5QGS8\/r7K6a3dcMfsKhuQCY0638Qx+rtUzz\/D3dO\/3hh9hUPzfn+Lrfyf9tqqeL+x8V+5ZcN9csFFLRXNF4JRS0UAlFLRQCUUtFAJRS0UyCj8qdIMDyXCRl7SYYuYhxH+1XxB3+fnusPNxzhpbJHZX8mbbhbXX5ux2RS\/AV4b+HbuwTLEVT9c5FKdqSzKozdaFhmF\/l+aeOMfLFXmh4gktln1KrVaPd6UTfY5AwDKQVIyCN4I7wacr5u5Icp7\/AE+Ro4Q7ImTLYyEnA4l7dvvj9vjW7cleUttfwC4tnyODKdzo3arjsNXsZJ8iolBx5k3RS0V6PI3P1W8j6UUT9VvI+lFAEHVXyHpXdcQdVfIeld0Bk\/P91NO\/3k+gqG5vv9W2\/wCn\/eNUxz\/DK6aP\/kn0FQ\/IA\/xdb+TfttVTxf2Piv3LLhvrlhopKK5ovBaKSigFopKKAWikooBaKSigFopKKAheUvJ9LlQ6Ho7lN8cg3EEbwCe70qs8nuUEtnc+3hCrI4iv4RwZSd04XhnP38GNaBmqZyigWLUYZGXMN2pglHYTwHz6v6tXHDdVLOx9vd+Cu1lCa3I362nSREkjYNG6hlYcCpGQR8qerNuZW+cQXWnyMWNnNsoTx6J8lfurfUVpNdEnlZRRtYeDifqt5H0oom6reR9KKyYCDqr5D0ruuIOqvkPSnKAybn1b39LX\/bO3yUL+NQnN7\/q6D9P+8apXnsiaW90y3RgrlbggneASqYP9k1WOSU8tpcHTbmRNkIDCcYBJOSAe3iePdVXxNb63Fc+eP0LLQPbLL5F0opaK5guxKKWihkSilooBKKWigEopaKASilooBKrfODb7VkzjrxOsi+YOPRqstVHljrqbM1gkU8k7x7thAw38Dxz9q29FGTui4rkQaiSVbTZOc1d5\/HN2BuW5s4pwPEbA\/wAZrYqwvkErQ6zpisCGksDGwPHKqWIP6ordK6ulpwWDnblibOJ+q3kfSiifqt5H0oqUiCDqr5D0ruuIOqvkPSu6AyTnBfa5QWafydoz\/Nmdf3CmNc0SG6TYlByN6uNzqf6Jrvlgc8pB\/RsB\/eN+Ne\/Nc5xWyUNQnF9qRecPgpU4a5lUGjapH7sN8roOHSplvm2CTUboVxq9wJWS4g9yVoyGUYyuOGF4b6vmazvRddNrYy3CwmQPdv27IAIXDE4PaMfOmnsndCWIpvs6I92xjXJek0u0mxFrf8pZnxw\/\/LR7HrX84tf1Sf8ABXEHKPUJFV49PyhGQemQgjw3VE8qNV1ZYlldBbRK4yUZXffwzv3ipI1XOWHGC+hG7K0sptkz7HrX85tT+if+Sj+O1\/mT\/r\/9KaBkB2YuUOnuP9qgj++D616RBqIxs6toUmeH8OBn6LUz0d3wwfgRLVVd8kN+2a0ONtat5MR6vR+VdXHGwjPlKg\/xUWQ1qW+fT4pNPaZIRMXBcxlMqNzAcfeHZU4OSHKM7um05R35lJ\/YrHmVnWuH3M+d1\/EyE\/LWqdmnD\/ipSfljVf8A29f+Kn41L6ryM1iK3muZ9ThVYo2chIQchQSd5A7qrGg69qht0JtGmJ3iQuqZB4bsVizSOEc7IfVmYalTeFJkh+WdV\/8Ab1\/4qV45OVOoi4W3NiokZdoJ0gyQM5O1w7OHhTt7r2qQo001nCsS72\/hBnH63fST3Qk1HTJwCOlhc4PHBQkA\/Woo1LnKuOMPk+7xJHN9JvI+2uamRspp2y54M0gKDxPD1r2cntEljlkurpw91KAp2dyqvwr9B9PrP5pKr56r0XGEVHJtxo7cyeSJsP8AzFpn\/wBc\/wDdSVs9Yzpf\/mPTvCGY\/wBiStmrpNB\/bwKLWe2kcT9VvI+lFE\/VbyPpRW4aoQdVfIeld1xB1V8h6U5QGL8u72KHlDtzOqKbFQC24Z2z+Brj\/tXYfzmP61Nc\/ljEbCOdo0MyzxqH2RtbB2sptcceFZnybtbRm01HSAk6pKsgYJkwgQ7Kvnim9sA7uNV+p0Fd890n2m7RrJVQwkXE8rbD+cx\/eqpc6foTZ2bhkznqu2PupqJ1DQGFhfz7MQ6PUViOAMjZEgKpu6uXXd4Dup\/lhogjGqLGiAW17CCQACEkSUAL4ZVd3lWKuHRq9STRmeuc\/WimP2el6Qmc38nHcVOwQO4+6c0\/JpulOpT8ozYPY0gK\/MFRS61yRkS+uYBFFtQ6SsrKNnAKQxo7DsLdJtHPbxqQ5O6FBJPoUTQwt09nc7WVUh3AlKs+7eRhd\/ZipvNpZzvf2I\/OVjG1EN\/2Q007l1GPHi0Wf2q7j5D6d236EeDRD95qC0rk9IfYneNWjkvzbnfuLAxe43gct9692u6JEmoSwpHiFdSaIkZwI3I2I\/kFasuizpY\/sPLV\/AiSfkBanfDfAEdp2G9GFei25OXUR\/gdYdMfDI6eklVTk7oTTTWKlGZZ5WyPeG1EhXbOR2YD7x3Hurz6ZpTbdszxtJHcJJ0Y94BnHSIqhhjeHVTjxFYVNy\/yfZB21P3DRry01qWCS3\/KizRSDZZXAOV7fe2WI+RpLXRNVjRY0vowiKFUdEhwAMAdWqpoPJtHtbCeZGHtOpLBthiC0B2QwA7Pe2t9RM2l3CW93I\/TBre4jhbjsrkS7Qbx2o0Hz8RWJ6e2Sw5p+B6hfXHtUWvEvd\/yY1C42I7q7R7cOGcKoQ7u7C7+0b6ktL5IxxTJO008skeQu2wK7xs8Md3jWcahpLRXUsbCXo4mh2zk+70gX3GPYTlsf1TTNjptwLqOF+mRDdC3YglSrbQDLnsbB7aino7XHap4X6LB7jqq087e02+isS1mO5h2j00xVbiaAnbbrRbPqH+xqU5RWDQbBS4uCHsILlcvnLyFAw8hl\/oK0f6K175tLiafumiaWcco9P8AGCYDz2JDWzVnvIrm6tIJLbUVmupJhFlRK6so6RMHACA8GPbWg1c0VeSrUO4q77PKTcu85n6reR9KKJ+q3kfSipiIIOqvkPSnKbg6q+Q9K7oCB5Z8mItRtjayu6Ltq4ZMbQZfMdxNVfS+ZvSo42WdHuZGYnpXeRGwezCMB4\/M1o1JQGctzLaPvAW4Ge6U\/hXiueZK1IcJe3ypIQXVmRwxXqlvdGcZOM8K1MnAqN0DXba8hFxaydJFtFdrDL7w47mANAUKTmhZpGlbVr8yuhjZy2WaM8Y2bOSu7hwpqLmb2DE0eqXqtCCIiMZjDdYJv93OeytVooDJRzMMFVV1S5CrL0yjYGBN\/KD3utu40zecy0zsz\/lWQu0glYtDtEyrnZcnpOO81sFeCXV7ZZ1tWniFywysRdRIR3hM54D7GgMnsuarVreSB7e\/tz7OsixF4yMLJtbYxg5ztNxJxmmoeazWVitoVvbTo7WUyxe63uuTkknY37+w1tlcCRSxTI2gASO3Bzg\/2T9KAxuDmo1VYILf8owiK3lE0SiLOzLknaDYyd5O47q7m5o9RkW5STU49m6kEkwEIw8gJYNxGN57MVsLsBxPaB8ya6oDE9W5ptWcT4v7aUzsjSbaGIs0YIQ+6rYwCfrTLc2mvMzs0tgC957YTtTbpwW4Yj3L7x3eVbbHcIzOispdMbQzvXIyM+Yp2gMHv+aTWpUZHnsCrzvO2GlH8LIAGP8AouAxwqrc4eg3ti1tDdypMWtRDF0anCoj5CcAWOT96+nHuEDBSRtMcAeOC2PopPyrpo1JDEAsOBxkjy7qDkeXQ4SlrbowwywoCO4hQDXvpKKA4n6reR9KKJ+q3kfSkoBYOqvkPSnKbg6q+Q9KcoBKy\/mVBuBf6pM7tPPcsm8nZEahWUAeG3jwArUKx3mvvfZ9B1Unc1vNcfURLs\/cYoCb5jtUmubK6lmleQ+2SbJdixClY2wM9nvHdTHMwOil1izHUgvm2R4MWX0iFeD\/APm+fNjdR9q3G1+sij\/AakOan\/WfKA\/\/ADB+1NQGnVjHPVrV97ZDa2U0kXQ2z3UhRmUkLtccccCM7uHvVs9YrymlX8t608h92HSHUZ72SPA+fSEfOgNR5I6t7XY2t0cbUsSs2OG3jDgfpA18\/vI0uspfuxMjaysQHciOuyP1cD5Vs3M\/Gy6JZBgQdhj8jI7L9iKxfk9\/Daxb2q8Rq0szDwUqw\/u3oD6bqKLlLtyUcq8UShgrMNpWlzkjh11499SlFAVaxiuSWYoUDezllAZAHEuZRvY7WF4uMBhjj2erQVmEkjyRlFaNCVCso6XLl1GWO0d498bjuqfoxQFRntbmKOSdsK0sUok2M7aswZ48nO\/YOYxjHWFP6eSj7QWTO2S8Sq42A0YCAA9ZSyE5G7LHxqySxqylWAKkYIO8EdoIri3tY4wRGioCcnZAXJ791AVyC3ugkLGNmkRUOyzDri2kUgnPa5AJ8aW0sZWdVZW6DpVYgB4lI6KQNlC5ONvYyDxPZ2m0YoxQABS0UUA3P1W8j6UUT9VvI+lFAEHVXyHpTlNwdVfIeld0AV893117PZ8qLbgfa02R4SSt\/hWvoSvmjnS2k1fULVc\/95ktiPE7APqxoC6cx1t7NeajZHiI7d\/7BJP\/AOgqQ5o7pAutahI2zE15K7NxARMuTu7hJUbyx1EaTrsl4QRFdae6qcbumjUBV+scY\/Tr38j9P9m5Jzs6+9LbXExB7dtWCf2AlAezm65yJdSv7qAxRJaxoXibJEmyGCjbBO\/IOcgDHCqHrlk2q8o7u3spgbeVYxPIpyvQxiLbwfzv4RVxjicdlQXJbkast5ptv08qi9t3ll2MKyxjpPdB7Q3RDiO2tCh0a30nlFYJAnR2tzbNDkkkmXJO8niSei\/WoDWrK1SKJIYwFjjUIqjgFUYA+lYvzTaTHLr+qXaMrRwSyCPHfLI+GHhsq4+dW\/nQ5WPCi6dZZfUrr3FVeMaNxc\/CcZweze3ZWc6Pejk9danbs23J7JEYiRueYheA7g0jnyU0BfOcnnRjsC1taoJrsDLZyY4gcY28cTvHu7uIyew1Dmu5R341roL66kk6e3LsjOSisyCZcKdyEJncOG8V6dR5v7ldAcrG8up3MiT3HbKVyW2PHGQSO\/PhWYz2zNdr7V0iMbgJdSL\/AOn0hwY+4EKsm7zGPdoDcuUfO7Chlj06CS8eJSzyLkQIqjexfG8DHgPGqJe8qtbFsdbluxDHMTFb2y52ScEFwh3ALhiGOSSB2GtN5XcmI4NDu7PTodk9FuVBl3wQWJPFmIB9Kz7k\/wAnrnVY4zPA8VlY2XQwRsNky3XR4ZwD\/T97Pgo76Akr7nVu1sbNLZUmvmtumuHYZVI1zklVx7x2c+GRu94YneQPOsL+6S0ltjC0ke0j7W0ruo98AY3Dc2N56tQvNZzfSjTL72lGhubuNoV21IZIsYyVODvbfjuVamNQ5sZFsbFbOZU1Gxy0cuNlXZm2nVuO7PDj2jGDQFY5fc7V7HdXMFmIxbIXg6Qg7fTbJDOhz+a3Dd2DvrSua7U5LjSbSaWRpJCrBmY5YlXZd5791fP\/ACa5GX17qPsk6SoqSs1wxBATJ98g\/E2AB37q1Tmj1WOzttQsruVY\/Ybhss52R0bHAI78srcOO0O+gNYoqi8lOXUuoXjLa2rfk1AQbl8qWk7Ai93hx7TjhV5oDifqt5H0oon6reR9KKAIOqvkPSoDW3\/77aKTjfke+oz4bBO\/sO7wqwQdVfIelQOrBvbbcr0mDgNs9Ls4BPW2SF7T189uKAsFUzX+b22utTt9Skdw8OzmMAbLlDlCT2YOM94Aq50uKAjNa0O1u0VLqCOVVO0ocZwfDupzUdNjmt5LVxiKSNoyFwMIw2fd7sDhXvooCh8g+beLTpXnM8lxMU6NGcbIjjznZAye7j6ZNS\/LjkjFqMCxO7RSxuHilXeyP+HhkcB3VZcUYoCnci+QUFi73DSSXN7J17iXe+\/sXjjx3knv7Ky\/lHqFnqPKm0VV2oEdYWbisrxlm\/V2iF8QK1DnY1iW10m5lh3SELGG+HbYKW88E48cVnT6Tb203JiG1ZJCZXkkdCG2mYwlmyOzcR5L4UBtWq3BjgmlHFI2YeaqT+6sS0rQkl5I3U53zSu9wznedqOTZ4\/1Ub9Y1uGoW\/SRSRfGjL+sCKxzkdqCjktqNvIQslstxEyncQz5K\/VmK+YNAafyI1Az6bZzscs8CFj3vsgMfqDU5VU5rEK6NYgjB6EH5Ekj7EVbKAKKKKArXLflfb6bAJZctI+RFEvXkfuHcBuy37yAcV1rRLj2601XXIEW2vJwskSkp0Y2QI+kx4b8ZzhTnBq86iIjyui9rxsLaA2231elz+bndn\/SfMDtxXq5+ruH8mezswNxJLH0UY3uSDvIXjwyM+I76A0W0to4kWOJFSNRhVUBVA7gBwp+vNpyuIYhJ\/pAihv62Bn716aAbn6reR9KKWfqt5H0pKAIOqvkPSq1eW1v7dG6CBZlkww2YulYkBtsbtptx7xjZJ31ZYOqvkPSjol2trA2sYzjfjuzQHdFFFAFFFFAFFFFAebULKKaJ4ZkWSJxhlYZBH+d9Vfk\/wA2umWdz7XbxMJRnY2nZ1TO47IPhu3k1caKAKzzlBzT2tzdyXHTzxRzMGnhQ4SVlOc+G\/f27yTurQ6KAbghVEVEAVFAVQOAUDAA+VOUUUAUUUUBXuVvI6y1FFW7jyUzsOp2XXPHB7vA5FRPJvmu0uzmW4jjeSVTlWlbb2T3gYAz49lXeigCiiigOJ+q3kfSiifqt5H0ooDwpeMABgf5Fde3N3L9\/wAaKKAPbm7l+\/40e3N3L9\/xoooA9ubuX7\/jR7c3cv3\/ABoooA9ubuX7\/jR7c3cv3\/GiigD25u4ff8aPbm7l+\/40UUAe3N3L9\/xo9ubuX7\/jRRQB7c3cv3\/Gj25u5fv+NFFAHtzdy\/f8aPbm7l+\/40UUAe3N3L9\/xo9ubuX7\/jRRQB7c3cv3\/Gj25u5fv+NFFAI92xBGBwNFFFAf\/9k=\" alt=\"Club de lectura Jove - Wolfgang(L'extraordinari) de Laia Aguilar\" width=\"168\" height=\"244\" \/><\/p>\n<h3>Sinopsi:<\/h3>\n<p style=\"text-align: justify;\">En Wolfgang t\u00e9 onze anys i un coeficient intel\u00b7lectual de 152. Li agrada fer llistes de coses impossibles, esbrinar com es viatja a Nept\u00fa, o fabular que es convertir\u00e0 en un gran pianista. Tocar el piano \u00e9s la seva passi\u00f3, per a ell suposa el seu refugi d\u2019emocions. El dia que la mare mor, li toca anar a viure amb el desconegut del seu pare i inicia un pla per fugar-se a la millor acad\u00e8mia de m\u00fasica del m\u00f3n. Durant el viatge, descobrir\u00e0 qui \u00e9s realment el pare, quin secret familiar li amaguen \u201cels grans\u201d i per qu\u00e8 t\u00e9 tanta por d\u2019alguna cosa que no s\u2019ha atrevit a explicar mai&#8230; Wolfgang q\u00fcestionar\u00e0 en tot moment el m\u00f3n adult, des d\u2019uns ulls intel\u00b7ligents, distants i cr\u00edtics.<\/p>\n<h5>VI Premi Carlemany<\/h5>\n<p>&nbsp;<\/p>\n<h3>L&#8217;autor:<\/h3>\n<section id=\"author-bio\">\n<p style=\"text-align: justify;\"><strong>Laia Aguilar<\/strong>, va n\u00e8ixer a Barcelona l&#8217;any 1976, llicenciada en Comunicaci\u00f3 Audiovisual i professora de l&#8217;Escola d&#8217;Escriptura de l&#8217;Ateneu Barcelon\u00e9s. Escriptora i guionista de s\u00e8ries de televisi\u00f3. A treballat en projectes com &#8220;<em>El cor de la ciutat<\/em>&#8220;, &#8220;<em>Ventdelpl\u00e0<\/em>&#8220;, &#8220;<em>Infidels<\/em>&#8220;, &#8220;<em>Olor de col\u00f2nia<\/em>&#8220;, &#8220;<em>Merl\u00ed<\/em>&#8221; i fins i tot la s\u00e8rie espanyola &#8220;<em>El Principe<\/em>&#8220;.<\/p>\n<p>Anteriorment va publicar &#8220;<em>Les bruixes de Viladrau<\/em>&#8221;\u00a0 l&#8217;any 2008, i &#8220;<em>Pare de familia busca&#8230;<\/em>&#8221; l&#8217;any 2014.<\/p>\n<p>Wolfgang \u00e9s la seva novel\u00b7la m\u00e9s personal.<\/p>\n<p>&nbsp;<\/p>\n<div class=\"field field-name-body field-type-text-with-summary field-label-hidden\">\u00a0<\/div>\n<\/section>\n<table style=\"width: 100%; background-color: #ccccff;\">\n<tbody>\n<tr>\n<td style=\"background-color: #ccccff; text-align: center; vertical-align: middle;\">\n<p><span style=\"font-size: 28px; font-family: arial black,sans-serif;\"><strong><span style=\"font-size: 20px;\">LA TROBADA del CLUB DE LECTURA JOVE SER\u00c0 <\/span><br \/>\n <\/strong><\/span><\/p>\n<p><span style=\"font-size: 28px; font-family: arial black,sans-serif;\"><strong>Divendres, 25 de maig <\/strong><\/span><span style=\"font-size: 20px; font-family: arial black,sans-serif;\"><strong><span style=\"font-size: 28px;\">a les 5 h de la tarda<\/span> <br \/>\n <\/strong><\/span><\/p>\n<p><strong><span style=\"font-size: 20px; font-family: arial black,sans-serif;\">a la <a href=\"https:\/\/biblioteca.blanes.cat\/salajove\">SALA JOVE<\/a><\/span><br \/>\n <\/strong><\/p>\n<\/td>\n<\/tr>\n<\/tbody>\n<\/table>\n","protected":false},"excerpt":{"rendered":"<p>Al Club de lectura Jove aquest mes llegim Wolfgang (l&#8217;extraordinari) de Laia Aguilar. Sinopsi: En Wolfgang t\u00e9 onze anys i un coeficient intel\u00b7lectual de 152. Li agrada fer llistes de coses impossibles, esbrinar com es viatja a Nept\u00fa, o fabular<\/p>\n","protected":false},"author":4,"featured_media":884,"comment_status":"open","ping_status":"open","sticky":false,"template":"","format":"standard","meta":{"sfsi_plus_gutenberg_text_before_share":"","sfsi_plus_gutenberg_show_text_before_share":"","sfsi_plus_gutenberg_icon_type":"","sfsi_plus_gutenberg_icon_alignemt":"","sfsi_plus_gutenburg_max_per_row":"","footnotes":""},"categories":[5,1],"tags":[24,29,26,19,21,23],"class_list":["post-1317","post","type-post","status-publish","format-standard","has-post-thumbnail","hentry","category-club-de-lectura","category-general","tag-activitats","tag-club-de-lectura","tag-lectura","tag-literatura","tag-llibres","tag-sinopsi"],"yoast_head":"<!-- This site is optimized with the Yoast SEO plugin v27.5 - https:\/\/yoast.com\/product\/yoast-seo-wordpress\/ -->\n<title>Al Club de lectura Jove llegim Wolfgang (l&#039;extraordinari) de Laia Aguilar.<\/title>\n<meta name=\"description\" content=\"LA TROBADA del CLUB DE LECTURA JOVE SER\u00c0 Divendres, 25 de maig a les 5 h de la tarda a la SALA JOVE. Comentarem Wolfgang (l&#039;extraordinari).\" \/>\n<meta name=\"robots\" content=\"index, follow, max-snippet:-1, max-image-preview:large, max-video-preview:-1\" \/>\n<link rel=\"canonical\" href=\"https:\/\/biblioteca.blanes.cat\/salajove\/2018\/05\/17\/clubdelecturajove-wolfgang\/\" \/>\n<meta property=\"og:locale\" content=\"ca_ES\" \/>\n<meta property=\"og:type\" content=\"article\" \/>\n<meta property=\"og:title\" content=\"Al Club de lectura Jove llegim Wolfgang (l&#039;extraordinari) de Laia Aguilar.\" \/>\n<meta property=\"og:description\" content=\"LA TROBADA del CLUB DE LECTURA JOVE SER\u00c0 Divendres, 25 de maig a les 5 h de la tarda a la SALA JOVE. Comentarem Wolfgang (l&#039;extraordinari).\" \/>\n<meta property=\"og:url\" content=\"https:\/\/biblioteca.blanes.cat\/salajove\/2018\/05\/17\/clubdelecturajove-wolfgang\/\" \/>\n<meta property=\"og:site_name\" content=\"Sala Jove\" \/>\n<meta property=\"article:publisher\" content=\"https:\/\/www.facebook.com\/BilbiotecaComarcaldeBlanes\/\" \/>\n<meta property=\"article:published_time\" content=\"2018-05-17T11:42:22+00:00\" \/>\n<meta property=\"article:modified_time\" content=\"2018-11-09T17:51:58+00:00\" \/>\n<meta property=\"og:image\" content=\"https:\/\/biblioteca.blanes.cat\/salajove\/wp-content\/uploads\/sites\/3\/2018\/01\/wolfgang.jpg\" \/>\n\t<meta property=\"og:image:width\" content=\"2000\" \/>\n\t<meta property=\"og:image:height\" content=\"2921\" \/>\n\t<meta property=\"og:image:type\" content=\"image\/jpeg\" \/>\n<meta name=\"author\" content=\"biblioblanes\" \/>\n<meta name=\"twitter:card\" content=\"summary_large_image\" \/>\n<meta name=\"twitter:creator\" content=\"@biblioblanes\" \/>\n<meta name=\"twitter:site\" content=\"@BiblioBlanes\" \/>\n<meta name=\"twitter:label1\" content=\"Escrit per\" \/>\n\t<meta name=\"twitter:data1\" content=\"biblioblanes\" \/>\n\t<meta name=\"twitter:label2\" content=\"Temps estimat de lectura\" \/>\n\t<meta name=\"twitter:data2\" content=\"1 minut\" \/>\n<script type=\"application\/ld+json\" class=\"yoast-schema-graph\">{\"@context\":\"https:\\\/\\\/schema.org\",\"@graph\":[{\"@type\":\"Article\",\"@id\":\"https:\\\/\\\/biblioteca.blanes.cat\\\/salajove\\\/2018\\\/05\\\/17\\\/clubdelecturajove-wolfgang\\\/#article\",\"isPartOf\":{\"@id\":\"https:\\\/\\\/biblioteca.blanes.cat\\\/salajove\\\/2018\\\/05\\\/17\\\/clubdelecturajove-wolfgang\\\/\"},\"author\":{\"name\":\"biblioblanes\",\"@id\":\"https:\\\/\\\/biblioteca.blanes.cat\\\/salajove\\\/#\\\/schema\\\/person\\\/5a7b46760d9dd611d098bbf571a341dc\"},\"headline\":\"CLJ: Wolfgang (L&#8217;extraordinari)\",\"datePublished\":\"2018-05-17T11:42:22+00:00\",\"dateModified\":\"2018-11-09T17:51:58+00:00\",\"mainEntityOfPage\":{\"@id\":\"https:\\\/\\\/biblioteca.blanes.cat\\\/salajove\\\/2018\\\/05\\\/17\\\/clubdelecturajove-wolfgang\\\/\"},\"wordCount\":268,\"commentCount\":0,\"publisher\":{\"@id\":\"https:\\\/\\\/biblioteca.blanes.cat\\\/salajove\\\/#organization\"},\"image\":{\"@id\":\"https:\\\/\\\/biblioteca.blanes.cat\\\/salajove\\\/2018\\\/05\\\/17\\\/clubdelecturajove-wolfgang\\\/#primaryimage\"},\"thumbnailUrl\":\"https:\\\/\\\/biblioteca.blanes.cat\\\/salajove\\\/wp-content\\\/uploads\\\/sites\\\/3\\\/2018\\\/01\\\/wolfgang.jpg\",\"keywords\":[\"#Activitats\",\"#ClubdeLectura\",\"#Lectura\",\"#Literatura\",\"#Llibres\",\"#Sinopsi\"],\"articleSection\":[\"Club de Lectura\",\"Not\u00edcies\"],\"inLanguage\":\"ca\",\"potentialAction\":[{\"@type\":\"CommentAction\",\"name\":\"Comment\",\"target\":[\"https:\\\/\\\/biblioteca.blanes.cat\\\/salajove\\\/2018\\\/05\\\/17\\\/clubdelecturajove-wolfgang\\\/#respond\"]}]},{\"@type\":\"WebPage\",\"@id\":\"https:\\\/\\\/biblioteca.blanes.cat\\\/salajove\\\/2018\\\/05\\\/17\\\/clubdelecturajove-wolfgang\\\/\",\"url\":\"https:\\\/\\\/biblioteca.blanes.cat\\\/salajove\\\/2018\\\/05\\\/17\\\/clubdelecturajove-wolfgang\\\/\",\"name\":\"Al Club de lectura Jove llegim Wolfgang (l'extraordinari) de Laia Aguilar.\",\"isPartOf\":{\"@id\":\"https:\\\/\\\/biblioteca.blanes.cat\\\/salajove\\\/#website\"},\"primaryImageOfPage\":{\"@id\":\"https:\\\/\\\/biblioteca.blanes.cat\\\/salajove\\\/2018\\\/05\\\/17\\\/clubdelecturajove-wolfgang\\\/#primaryimage\"},\"image\":{\"@id\":\"https:\\\/\\\/biblioteca.blanes.cat\\\/salajove\\\/2018\\\/05\\\/17\\\/clubdelecturajove-wolfgang\\\/#primaryimage\"},\"thumbnailUrl\":\"https:\\\/\\\/biblioteca.blanes.cat\\\/salajove\\\/wp-content\\\/uploads\\\/sites\\\/3\\\/2018\\\/01\\\/wolfgang.jpg\",\"datePublished\":\"2018-05-17T11:42:22+00:00\",\"dateModified\":\"2018-11-09T17:51:58+00:00\",\"description\":\"LA TROBADA del CLUB DE LECTURA JOVE SER\u00c0 Divendres, 25 de maig a les 5 h de la tarda a la SALA JOVE. Comentarem Wolfgang (l'extraordinari).\",\"breadcrumb\":{\"@id\":\"https:\\\/\\\/biblioteca.blanes.cat\\\/salajove\\\/2018\\\/05\\\/17\\\/clubdelecturajove-wolfgang\\\/#breadcrumb\"},\"inLanguage\":\"ca\",\"potentialAction\":[{\"@type\":\"ReadAction\",\"target\":[\"https:\\\/\\\/biblioteca.blanes.cat\\\/salajove\\\/2018\\\/05\\\/17\\\/clubdelecturajove-wolfgang\\\/\"]}]},{\"@type\":\"ImageObject\",\"inLanguage\":\"ca\",\"@id\":\"https:\\\/\\\/biblioteca.blanes.cat\\\/salajove\\\/2018\\\/05\\\/17\\\/clubdelecturajove-wolfgang\\\/#primaryimage\",\"url\":\"https:\\\/\\\/biblioteca.blanes.cat\\\/salajove\\\/wp-content\\\/uploads\\\/sites\\\/3\\\/2018\\\/01\\\/wolfgang.jpg\",\"contentUrl\":\"https:\\\/\\\/biblioteca.blanes.cat\\\/salajove\\\/wp-content\\\/uploads\\\/sites\\\/3\\\/2018\\\/01\\\/wolfgang.jpg\",\"width\":2000,\"height\":2921,\"caption\":\"Aguilar, Laia: Wolfgang : extraordinari JN AGU\"},{\"@type\":\"BreadcrumbList\",\"@id\":\"https:\\\/\\\/biblioteca.blanes.cat\\\/salajove\\\/2018\\\/05\\\/17\\\/clubdelecturajove-wolfgang\\\/#breadcrumb\",\"itemListElement\":[{\"@type\":\"ListItem\",\"position\":1,\"name\":\"Inici\",\"item\":\"https:\\\/\\\/biblioteca.blanes.cat\\\/salajove\\\/\"},{\"@type\":\"ListItem\",\"position\":2,\"name\":\"CLJ: Wolfgang (L&#8217;extraordinari)\"}]},{\"@type\":\"WebSite\",\"@id\":\"https:\\\/\\\/biblioteca.blanes.cat\\\/salajove\\\/#website\",\"url\":\"https:\\\/\\\/biblioteca.blanes.cat\\\/salajove\\\/\",\"name\":\"Sala Jove\",\"description\":\"Biblioteca Comarcal de Blanes\",\"publisher\":{\"@id\":\"https:\\\/\\\/biblioteca.blanes.cat\\\/salajove\\\/#organization\"},\"potentialAction\":[{\"@type\":\"SearchAction\",\"target\":{\"@type\":\"EntryPoint\",\"urlTemplate\":\"https:\\\/\\\/biblioteca.blanes.cat\\\/salajove\\\/?s={search_term_string}\"},\"query-input\":{\"@type\":\"PropertyValueSpecification\",\"valueRequired\":true,\"valueName\":\"search_term_string\"}}],\"inLanguage\":\"ca\"},{\"@type\":\"Organization\",\"@id\":\"https:\\\/\\\/biblioteca.blanes.cat\\\/salajove\\\/#organization\",\"name\":\"Biblioteca Comarcal de Blanes\",\"url\":\"https:\\\/\\\/biblioteca.blanes.cat\\\/salajove\\\/\",\"logo\":{\"@type\":\"ImageObject\",\"inLanguage\":\"ca\",\"@id\":\"https:\\\/\\\/biblioteca.blanes.cat\\\/salajove\\\/#\\\/schema\\\/logo\\\/image\\\/\",\"url\":\"https:\\\/\\\/biblioteca.blanes.cat\\\/salajove\\\/wp-content\\\/uploads\\\/sites\\\/3\\\/2017\\\/09\\\/cropped-Bib-blau-e1518869380535.png\",\"contentUrl\":\"https:\\\/\\\/biblioteca.blanes.cat\\\/salajove\\\/wp-content\\\/uploads\\\/sites\\\/3\\\/2017\\\/09\\\/cropped-Bib-blau-e1518869380535.png\",\"width\":166,\"height\":166,\"caption\":\"Biblioteca Comarcal de Blanes\"},\"image\":{\"@id\":\"https:\\\/\\\/biblioteca.blanes.cat\\\/salajove\\\/#\\\/schema\\\/logo\\\/image\\\/\"},\"sameAs\":[\"https:\\\/\\\/www.facebook.com\\\/BilbiotecaComarcaldeBlanes\\\/\",\"https:\\\/\\\/x.com\\\/BiblioBlanes\",\"https:\\\/\\\/www.instagram.com\\\/biblioblanes\\\/\",\"https:\\\/\\\/www.pinterest.es\\\/bblanes\\\/\",\"https:\\\/\\\/www.youtube.com\\\/c\\\/BibliotecaComarcalBlanes\"]},{\"@type\":\"Person\",\"@id\":\"https:\\\/\\\/biblioteca.blanes.cat\\\/salajove\\\/#\\\/schema\\\/person\\\/5a7b46760d9dd611d098bbf571a341dc\",\"name\":\"biblioblanes\",\"image\":{\"@type\":\"ImageObject\",\"inLanguage\":\"ca\",\"@id\":\"https:\\\/\\\/secure.gravatar.com\\\/avatar\\\/6593ca6cc90e5a70939f51c95e8315483b9c281bafba597292bee47992030f99?s=96&d=mm&r=g\",\"url\":\"https:\\\/\\\/secure.gravatar.com\\\/avatar\\\/6593ca6cc90e5a70939f51c95e8315483b9c281bafba597292bee47992030f99?s=96&d=mm&r=g\",\"contentUrl\":\"https:\\\/\\\/secure.gravatar.com\\\/avatar\\\/6593ca6cc90e5a70939f51c95e8315483b9c281bafba597292bee47992030f99?s=96&d=mm&r=g\",\"caption\":\"biblioblanes\"},\"sameAs\":[\"http:\\\/\\\/www.bibgirona.cat\\\/biblioteca\\\/blanes\",\"https:\\\/\\\/x.com\\\/biblioblanes\"],\"url\":\"https:\\\/\\\/biblioteca.blanes.cat\\\/salajove\\\/author\\\/biblioblanes\\\/\"}]}<\/script>\n<!-- \/ Yoast SEO plugin. -->","yoast_head_json":{"title":"Al Club de lectura Jove llegim Wolfgang (l'extraordinari) de Laia Aguilar.","description":"LA TROBADA del CLUB DE LECTURA JOVE SER\u00c0 Divendres, 25 de maig a les 5 h de la tarda a la SALA JOVE. Comentarem Wolfgang (l'extraordinari).","robots":{"index":"index","follow":"follow","max-snippet":"max-snippet:-1","max-image-preview":"max-image-preview:large","max-video-preview":"max-video-preview:-1"},"canonical":"https:\/\/biblioteca.blanes.cat\/salajove\/2018\/05\/17\/clubdelecturajove-wolfgang\/","og_locale":"ca_ES","og_type":"article","og_title":"Al Club de lectura Jove llegim Wolfgang (l'extraordinari) de Laia Aguilar.","og_description":"LA TROBADA del CLUB DE LECTURA JOVE SER\u00c0 Divendres, 25 de maig a les 5 h de la tarda a la SALA JOVE. Comentarem Wolfgang (l'extraordinari).","og_url":"https:\/\/biblioteca.blanes.cat\/salajove\/2018\/05\/17\/clubdelecturajove-wolfgang\/","og_site_name":"Sala Jove","article_publisher":"https:\/\/www.facebook.com\/BilbiotecaComarcaldeBlanes\/","article_published_time":"2018-05-17T11:42:22+00:00","article_modified_time":"2018-11-09T17:51:58+00:00","og_image":[{"width":2000,"height":2921,"url":"https:\/\/biblioteca.blanes.cat\/salajove\/wp-content\/uploads\/sites\/3\/2018\/01\/wolfgang.jpg","type":"image\/jpeg"}],"author":"biblioblanes","twitter_card":"summary_large_image","twitter_creator":"@biblioblanes","twitter_site":"@BiblioBlanes","twitter_misc":{"Escrit per":"biblioblanes","Temps estimat de lectura":"1 minut"},"schema":{"@context":"https:\/\/schema.org","@graph":[{"@type":"Article","@id":"https:\/\/biblioteca.blanes.cat\/salajove\/2018\/05\/17\/clubdelecturajove-wolfgang\/#article","isPartOf":{"@id":"https:\/\/biblioteca.blanes.cat\/salajove\/2018\/05\/17\/clubdelecturajove-wolfgang\/"},"author":{"name":"biblioblanes","@id":"https:\/\/biblioteca.blanes.cat\/salajove\/#\/schema\/person\/5a7b46760d9dd611d098bbf571a341dc"},"headline":"CLJ: Wolfgang (L&#8217;extraordinari)","datePublished":"2018-05-17T11:42:22+00:00","dateModified":"2018-11-09T17:51:58+00:00","mainEntityOfPage":{"@id":"https:\/\/biblioteca.blanes.cat\/salajove\/2018\/05\/17\/clubdelecturajove-wolfgang\/"},"wordCount":268,"commentCount":0,"publisher":{"@id":"https:\/\/biblioteca.blanes.cat\/salajove\/#organization"},"image":{"@id":"https:\/\/biblioteca.blanes.cat\/salajove\/2018\/05\/17\/clubdelecturajove-wolfgang\/#primaryimage"},"thumbnailUrl":"https:\/\/biblioteca.blanes.cat\/salajove\/wp-content\/uploads\/sites\/3\/2018\/01\/wolfgang.jpg","keywords":["#Activitats","#ClubdeLectura","#Lectura","#Literatura","#Llibres","#Sinopsi"],"articleSection":["Club de Lectura","Not\u00edcies"],"inLanguage":"ca","potentialAction":[{"@type":"CommentAction","name":"Comment","target":["https:\/\/biblioteca.blanes.cat\/salajove\/2018\/05\/17\/clubdelecturajove-wolfgang\/#respond"]}]},{"@type":"WebPage","@id":"https:\/\/biblioteca.blanes.cat\/salajove\/2018\/05\/17\/clubdelecturajove-wolfgang\/","url":"https:\/\/biblioteca.blanes.cat\/salajove\/2018\/05\/17\/clubdelecturajove-wolfgang\/","name":"Al Club de lectura Jove llegim Wolfgang (l'extraordinari) de Laia Aguilar.","isPartOf":{"@id":"https:\/\/biblioteca.blanes.cat\/salajove\/#website"},"primaryImageOfPage":{"@id":"https:\/\/biblioteca.blanes.cat\/salajove\/2018\/05\/17\/clubdelecturajove-wolfgang\/#primaryimage"},"image":{"@id":"https:\/\/biblioteca.blanes.cat\/salajove\/2018\/05\/17\/clubdelecturajove-wolfgang\/#primaryimage"},"thumbnailUrl":"https:\/\/biblioteca.blanes.cat\/salajove\/wp-content\/uploads\/sites\/3\/2018\/01\/wolfgang.jpg","datePublished":"2018-05-17T11:42:22+00:00","dateModified":"2018-11-09T17:51:58+00:00","description":"LA TROBADA del CLUB DE LECTURA JOVE SER\u00c0 Divendres, 25 de maig a les 5 h de la tarda a la SALA JOVE. Comentarem Wolfgang (l'extraordinari).","breadcrumb":{"@id":"https:\/\/biblioteca.blanes.cat\/salajove\/2018\/05\/17\/clubdelecturajove-wolfgang\/#breadcrumb"},"inLanguage":"ca","potentialAction":[{"@type":"ReadAction","target":["https:\/\/biblioteca.blanes.cat\/salajove\/2018\/05\/17\/clubdelecturajove-wolfgang\/"]}]},{"@type":"ImageObject","inLanguage":"ca","@id":"https:\/\/biblioteca.blanes.cat\/salajove\/2018\/05\/17\/clubdelecturajove-wolfgang\/#primaryimage","url":"https:\/\/biblioteca.blanes.cat\/salajove\/wp-content\/uploads\/sites\/3\/2018\/01\/wolfgang.jpg","contentUrl":"https:\/\/biblioteca.blanes.cat\/salajove\/wp-content\/uploads\/sites\/3\/2018\/01\/wolfgang.jpg","width":2000,"height":2921,"caption":"Aguilar, Laia: Wolfgang : extraordinari JN AGU"},{"@type":"BreadcrumbList","@id":"https:\/\/biblioteca.blanes.cat\/salajove\/2018\/05\/17\/clubdelecturajove-wolfgang\/#breadcrumb","itemListElement":[{"@type":"ListItem","position":1,"name":"Inici","item":"https:\/\/biblioteca.blanes.cat\/salajove\/"},{"@type":"ListItem","position":2,"name":"CLJ: Wolfgang (L&#8217;extraordinari)"}]},{"@type":"WebSite","@id":"https:\/\/biblioteca.blanes.cat\/salajove\/#website","url":"https:\/\/biblioteca.blanes.cat\/salajove\/","name":"Sala Jove","description":"Biblioteca Comarcal de Blanes","publisher":{"@id":"https:\/\/biblioteca.blanes.cat\/salajove\/#organization"},"potentialAction":[{"@type":"SearchAction","target":{"@type":"EntryPoint","urlTemplate":"https:\/\/biblioteca.blanes.cat\/salajove\/?s={search_term_string}"},"query-input":{"@type":"PropertyValueSpecification","valueRequired":true,"valueName":"search_term_string"}}],"inLanguage":"ca"},{"@type":"Organization","@id":"https:\/\/biblioteca.blanes.cat\/salajove\/#organization","name":"Biblioteca Comarcal de Blanes","url":"https:\/\/biblioteca.blanes.cat\/salajove\/","logo":{"@type":"ImageObject","inLanguage":"ca","@id":"https:\/\/biblioteca.blanes.cat\/salajove\/#\/schema\/logo\/image\/","url":"https:\/\/biblioteca.blanes.cat\/salajove\/wp-content\/uploads\/sites\/3\/2017\/09\/cropped-Bib-blau-e1518869380535.png","contentUrl":"https:\/\/biblioteca.blanes.cat\/salajove\/wp-content\/uploads\/sites\/3\/2017\/09\/cropped-Bib-blau-e1518869380535.png","width":166,"height":166,"caption":"Biblioteca Comarcal de Blanes"},"image":{"@id":"https:\/\/biblioteca.blanes.cat\/salajove\/#\/schema\/logo\/image\/"},"sameAs":["https:\/\/www.facebook.com\/BilbiotecaComarcaldeBlanes\/","https:\/\/x.com\/BiblioBlanes","https:\/\/www.instagram.com\/biblioblanes\/","https:\/\/www.pinterest.es\/bblanes\/","https:\/\/www.youtube.com\/c\/BibliotecaComarcalBlanes"]},{"@type":"Person","@id":"https:\/\/biblioteca.blanes.cat\/salajove\/#\/schema\/person\/5a7b46760d9dd611d098bbf571a341dc","name":"biblioblanes","image":{"@type":"ImageObject","inLanguage":"ca","@id":"https:\/\/secure.gravatar.com\/avatar\/6593ca6cc90e5a70939f51c95e8315483b9c281bafba597292bee47992030f99?s=96&d=mm&r=g","url":"https:\/\/secure.gravatar.com\/avatar\/6593ca6cc90e5a70939f51c95e8315483b9c281bafba597292bee47992030f99?s=96&d=mm&r=g","contentUrl":"https:\/\/secure.gravatar.com\/avatar\/6593ca6cc90e5a70939f51c95e8315483b9c281bafba597292bee47992030f99?s=96&d=mm&r=g","caption":"biblioblanes"},"sameAs":["http:\/\/www.bibgirona.cat\/biblioteca\/blanes","https:\/\/x.com\/biblioblanes"],"url":"https:\/\/biblioteca.blanes.cat\/salajove\/author\/biblioblanes\/"}]}},"_links":{"self":[{"href":"https:\/\/biblioteca.blanes.cat\/salajove\/wp-json\/wp\/v2\/posts\/1317","targetHints":{"allow":["GET"]}}],"collection":[{"href":"https:\/\/biblioteca.blanes.cat\/salajove\/wp-json\/wp\/v2\/posts"}],"about":[{"href":"https:\/\/biblioteca.blanes.cat\/salajove\/wp-json\/wp\/v2\/types\/post"}],"author":[{"embeddable":true,"href":"https:\/\/biblioteca.blanes.cat\/salajove\/wp-json\/wp\/v2\/users\/4"}],"replies":[{"embeddable":true,"href":"https:\/\/biblioteca.blanes.cat\/salajove\/wp-json\/wp\/v2\/comments?post=1317"}],"version-history":[{"count":6,"href":"https:\/\/biblioteca.blanes.cat\/salajove\/wp-json\/wp\/v2\/posts\/1317\/revisions"}],"predecessor-version":[{"id":2178,"href":"https:\/\/biblioteca.blanes.cat\/salajove\/wp-json\/wp\/v2\/posts\/1317\/revisions\/2178"}],"wp:featuredmedia":[{"embeddable":true,"href":"https:\/\/biblioteca.blanes.cat\/salajove\/wp-json\/wp\/v2\/media\/884"}],"wp:attachment":[{"href":"https:\/\/biblioteca.blanes.cat\/salajove\/wp-json\/wp\/v2\/media?parent=1317"}],"wp:term":[{"taxonomy":"category","embeddable":true,"href":"https:\/\/biblioteca.blanes.cat\/salajove\/wp-json\/wp\/v2\/categories?post=1317"},{"taxonomy":"post_tag","embeddable":true,"href":"https:\/\/biblioteca.blanes.cat\/salajove\/wp-json\/wp\/v2\/tags?post=1317"}],"curies":[{"name":"wp","href":"https:\/\/api.w.org\/{rel}","templated":true}]}}