{"id":1295,"date":"2018-04-30T15:07:42","date_gmt":"2018-04-30T14:07:42","guid":{"rendered":"https:\/\/biblioteca.blanes.cat\/salajove\/?p=1295"},"modified":"2018-11-09T18:52:05","modified_gmt":"2018-11-09T17:52:05","slug":"clj-abril-2018","status":"publish","type":"post","link":"https:\/\/biblioteca.blanes.cat\/salajove\/2018\/04\/30\/clj-abril-2018\/","title":{"rendered":"CLJ: Abril 2018"},"content":{"rendered":"<h2 style=\"text-align: center;\">Al Club de lectura Jove comentem &#8220;Mentida&#8221; de Care Santos, un llibre que ens ha semblat molt interessant.<\/h2>\n<p style=\"text-align: justify;\">Aquest mes hem fet un comentari diferent, aprofitant el Taller que ens va oferir en <a href=\"https:\/\/twitter.com\/Xavier_Lluis\" target=\"_blank\" rel=\"noopener\">Xavier Llu\u00eds Chavarr\u00eda<\/a><strong>\u00a0<\/strong>de BookTubers. Ha estat un taller que hem fet en dos dies. El primer en Xavier Llu\u00eds ens va fer una introducci\u00f3 te\u00f2rica i vam omplir les fitxes dels llibres que vol\u00edem comentar. El segon, vam gravar i editar els v\u00eddeos. Ens va costar una mica ja que les c\u00e0meres ens fan for\u00e7a pessigolles i vam haver de repetir les tomes entre rialla i rialla.<\/p>\n<p style=\"text-align: center;\">\u00a0 <img fetchpriority=\"high\" decoding=\"async\" class=\"alignnone wp-image-1299 size-medium\" src=\"https:\/\/biblioteca.blanes.cat\/salajove\/wp-content\/uploads\/sites\/3\/2018\/05\/biblioblanes-sala-jove-taller-booktubers-2018-13-300x225.jpg\" alt=\"Club de lectura Jove\" width=\"300\" height=\"225\" srcset=\"https:\/\/biblioteca.blanes.cat\/salajove\/wp-content\/uploads\/sites\/3\/2018\/05\/biblioblanes-sala-jove-taller-booktubers-2018-13-300x225.jpg 300w, https:\/\/biblioteca.blanes.cat\/salajove\/wp-content\/uploads\/sites\/3\/2018\/05\/biblioblanes-sala-jove-taller-booktubers-2018-13.jpg 500w\" sizes=\"(max-width: 300px) 100vw, 300px\" \/> <img decoding=\"async\" class=\"alignnone wp-image-1297 size-medium\" src=\"https:\/\/biblioteca.blanes.cat\/salajove\/wp-content\/uploads\/sites\/3\/2018\/05\/biblioblanes-sala-jove-taller-booktubers-2018-12-300x225.jpg\" alt=\"Club de lectura Jove\" width=\"300\" height=\"225\" srcset=\"https:\/\/biblioteca.blanes.cat\/salajove\/wp-content\/uploads\/sites\/3\/2018\/05\/biblioblanes-sala-jove-taller-booktubers-2018-12-300x225.jpg 300w, https:\/\/biblioteca.blanes.cat\/salajove\/wp-content\/uploads\/sites\/3\/2018\/05\/biblioblanes-sala-jove-taller-booktubers-2018-12.jpg 500w\" sizes=\"(max-width: 300px) 100vw, 300px\" \/><\/p>\n<h2>Club de Lectura Jove<\/h2>\n<p style=\"text-align: justify;\">Mentida de Care Santos ha estat un dels llibres m\u00e9s interessants que hem llegit al Club de Lectura. Ens ha agradat molt\u00edssim per la hist\u00f2ria, la intriga i la facilitat amb la que es llegeix. Tot plegat un c\u00f2ctel d&#8217;aquells que et fan gaudir de la lectura i dels llibres.<\/p>\n<p style=\"text-align: justify;\">D&#8217;aquesta hist\u00f2ria ens ha captivat a tots la curiositat de la X\u00e8nia per descobrir qui \u00e9s el noi amb el que ha estat xatejant i del que s&#8217;ha enamorat. Quan descobreix que el noi s&#8217;ha fet passar per un altre queda ben decebuda, no nom\u00e9s pel desenc\u00eds amor\u00f3s sin\u00f3 perqu\u00e8 malgrat ser coneixedora dels perills que s&#8217;amaguen darrera d&#8217;Internet hi ha caigut de quatre potes.<\/p>\n<p>La hist\u00f2ria encara es posa m\u00e9s emocionant quan a la X\u00e8nia li arriba un paquet que prov\u00e9 de la pres\u00f3 de menors &#8230; A partir d&#8217;aqu\u00ed coneixem una altra hist\u00f2ria.<\/p>\n<p>Un llibre que parla de temes com l&#8217;amor, l&#8217;amistat, la fam\u00edlia, la lleialtat, la solidaritat &#8230; Tamb\u00e9, \u00e9s una novel\u00b7la que parla sobre la veritat i ens fa reflexionar: de veritat nom\u00e9s en n&#8217;hi ha una?<\/p>\n<p>&nbsp;<\/p>\n<h2 style=\"text-align: justify;\">Aquest son alguns dels comentaris que van sorgir a la trobada del Club de Lectura Jove:<\/h2>\n<blockquote style=\"background-color: #efccff;\">\n<ul>\n<li>M&#8217;ha agradat per el motiu que parla realment, un tema que passa actualment i p\u00e8rqu\u00e8 te misteri i aix\u00f2 \u00e9s una caracter\u00edstica que m&#8217;agrada molt dels llibres.<\/li>\n<li>\u00c9s una hist\u00f2ria molt bonica.<\/li>\n<li>El recomano perqu\u00e8 \u00e9s llegeix molt r\u00e0pid.<\/li>\n<\/ul>\n<\/blockquote>\n<h2>\u00a0<\/h2>\n<h2>I aqu\u00ed teniu el resultat del nostre taller de BookTubers:<\/h2>\n<p style=\"text-align: center;\"><iframe src=\"https:\/\/www.youtube.com\/embed\/1aWQFMoVeeY\" width=\"560\" height=\"315\" frameborder=\"0\" allowfullscreen=\"allowfullscreen\"><\/iframe><\/p>\n<p>&nbsp;<\/p>\n<p style=\"text-align: center;\"><a href=\"https:\/\/biblioteca.blanes.cat\/salajove\/club-lectura-jove\/\" target=\"_blank\" rel=\"noopener\"><img decoding=\"async\" class=\"aligncenter wp-image-560 size-large\" src=\"https:\/\/biblioteca.blanes.cat\/salajove\/wp-content\/uploads\/sites\/3\/2017\/12\/Slide-Club-de-Lectura-1024x124.png\" alt=\"Club de Lectura Jove\" width=\"750\" height=\"91\" srcset=\"https:\/\/biblioteca.blanes.cat\/salajove\/wp-content\/uploads\/sites\/3\/2017\/12\/Slide-Club-de-Lectura-1024x124.png 1024w, https:\/\/biblioteca.blanes.cat\/salajove\/wp-content\/uploads\/sites\/3\/2017\/12\/Slide-Club-de-Lectura-300x36.png 300w, https:\/\/biblioteca.blanes.cat\/salajove\/wp-content\/uploads\/sites\/3\/2017\/12\/Slide-Club-de-Lectura-768x93.png 768w\" sizes=\"(max-width: 750px) 100vw, 750px\" \/><\/a><\/p>\n<p>&nbsp;<\/p>\n","protected":false},"excerpt":{"rendered":"<p>Al Club de lectura Jove comentem &#8220;Mentida&#8221; de Care Santos, un llibre que ens ha semblat molt interessant. Aquest mes hem fet un comentari diferent, aprofitant el Taller que ens va oferir en Xavier Llu\u00eds Chavarr\u00eda\u00a0de BookTubers. Ha estat un<\/p>\n","protected":false},"author":4,"featured_media":291,"comment_status":"open","ping_status":"open","sticky":false,"template":"","format":"standard","meta":{"sfsi_plus_gutenberg_text_before_share":"","sfsi_plus_gutenberg_show_text_before_share":"","sfsi_plus_gutenberg_icon_type":"","sfsi_plus_gutenberg_icon_alignemt":"","sfsi_plus_gutenburg_max_per_row":"","footnotes":""},"categories":[5,1],"tags":[24,29,26,19,21,22,30,47],"class_list":["post-1295","post","type-post","status-publish","format-standard","has-post-thumbnail","hentry","category-club-de-lectura","category-general","tag-activitats","tag-club-de-lectura","tag-lectura","tag-literatura","tag-llibres","tag-ressenya","tag-taller","tag-tic"],"yoast_head":"<!-- This site is optimized with the Yoast SEO plugin v27.5 - https:\/\/yoast.com\/product\/yoast-seo-wordpress\/ -->\n<title>Club de Lectura Jove, comentem &quot;Mentida&quot; de Care Santos.<\/title>\n<meta name=\"description\" content=\"Club de Lectura Jove: Ens ha agradat molt\u00edssim per la hist\u00f2ria i la intriga del llibre, un c\u00f2ctel d&#039;aquells que et fan gaudir de la lectura i dels llibres.\" \/>\n<meta name=\"robots\" content=\"index, follow, max-snippet:-1, max-image-preview:large, max-video-preview:-1\" \/>\n<link rel=\"canonical\" href=\"https:\/\/biblioteca.blanes.cat\/salajove\/2018\/04\/30\/clj-abril-2018\/\" \/>\n<meta property=\"og:locale\" content=\"ca_ES\" \/>\n<meta property=\"og:type\" content=\"article\" \/>\n<meta property=\"og:title\" content=\"Club de Lectura Jove, comentem &quot;Mentida&quot; de Care Santos.\" \/>\n<meta property=\"og:description\" content=\"Club de Lectura Jove: Ens ha agradat molt\u00edssim per la hist\u00f2ria i la intriga del llibre, un c\u00f2ctel d&#039;aquells que et fan gaudir de la lectura i dels llibres.\" \/>\n<meta property=\"og:url\" content=\"https:\/\/biblioteca.blanes.cat\/salajove\/2018\/04\/30\/clj-abril-2018\/\" \/>\n<meta property=\"og:site_name\" content=\"Sala Jove\" \/>\n<meta property=\"article:publisher\" content=\"https:\/\/www.facebook.com\/BilbiotecaComarcaldeBlanes\/\" \/>\n<meta property=\"article:published_time\" content=\"2018-04-30T14:07:42+00:00\" \/>\n<meta property=\"article:modified_time\" content=\"2018-11-09T17:52:05+00:00\" \/>\n<meta property=\"og:image\" content=\"https:\/\/biblioteca.blanes.cat\/salajove\/wp-content\/uploads\/sites\/3\/2017\/10\/CLJ.png\" \/>\n\t<meta property=\"og:image:width\" content=\"1487\" \/>\n\t<meta property=\"og:image:height\" content=\"906\" \/>\n\t<meta property=\"og:image:type\" content=\"image\/png\" \/>\n<meta name=\"author\" content=\"biblioblanes\" \/>\n<meta name=\"twitter:card\" content=\"summary_large_image\" \/>\n<meta name=\"twitter:creator\" content=\"@biblioblanes\" \/>\n<meta name=\"twitter:site\" content=\"@BiblioBlanes\" \/>\n<meta name=\"twitter:label1\" content=\"Escrit per\" \/>\n\t<meta name=\"twitter:data1\" content=\"biblioblanes\" \/>\n\t<meta name=\"twitter:label2\" content=\"Temps estimat de lectura\" \/>\n\t<meta name=\"twitter:data2\" content=\"2 minuts\" \/>\n<script type=\"application\/ld+json\" class=\"yoast-schema-graph\">{\"@context\":\"https:\\\/\\\/schema.org\",\"@graph\":[{\"@type\":\"Article\",\"@id\":\"https:\\\/\\\/biblioteca.blanes.cat\\\/salajove\\\/2018\\\/04\\\/30\\\/clj-abril-2018\\\/#article\",\"isPartOf\":{\"@id\":\"https:\\\/\\\/biblioteca.blanes.cat\\\/salajove\\\/2018\\\/04\\\/30\\\/clj-abril-2018\\\/\"},\"author\":{\"name\":\"biblioblanes\",\"@id\":\"https:\\\/\\\/biblioteca.blanes.cat\\\/salajove\\\/#\\\/schema\\\/person\\\/5a7b46760d9dd611d098bbf571a341dc\"},\"headline\":\"CLJ: Abril 2018\",\"datePublished\":\"2018-04-30T14:07:42+00:00\",\"dateModified\":\"2018-11-09T17:52:05+00:00\",\"mainEntityOfPage\":{\"@id\":\"https:\\\/\\\/biblioteca.blanes.cat\\\/salajove\\\/2018\\\/04\\\/30\\\/clj-abril-2018\\\/\"},\"wordCount\":394,\"commentCount\":0,\"publisher\":{\"@id\":\"https:\\\/\\\/biblioteca.blanes.cat\\\/salajove\\\/#organization\"},\"image\":{\"@id\":\"https:\\\/\\\/biblioteca.blanes.cat\\\/salajove\\\/2018\\\/04\\\/30\\\/clj-abril-2018\\\/#primaryimage\"},\"thumbnailUrl\":\"https:\\\/\\\/biblioteca.blanes.cat\\\/salajove\\\/wp-content\\\/uploads\\\/sites\\\/3\\\/2017\\\/10\\\/CLJ.png\",\"keywords\":[\"#Activitats\",\"#ClubdeLectura\",\"#Lectura\",\"#Literatura\",\"#Llibres\",\"#Ressenya\",\"#Taller\",\"#TIC\"],\"articleSection\":[\"Club de Lectura\",\"Not\u00edcies\"],\"inLanguage\":\"ca\",\"potentialAction\":[{\"@type\":\"CommentAction\",\"name\":\"Comment\",\"target\":[\"https:\\\/\\\/biblioteca.blanes.cat\\\/salajove\\\/2018\\\/04\\\/30\\\/clj-abril-2018\\\/#respond\"]}]},{\"@type\":\"WebPage\",\"@id\":\"https:\\\/\\\/biblioteca.blanes.cat\\\/salajove\\\/2018\\\/04\\\/30\\\/clj-abril-2018\\\/\",\"url\":\"https:\\\/\\\/biblioteca.blanes.cat\\\/salajove\\\/2018\\\/04\\\/30\\\/clj-abril-2018\\\/\",\"name\":\"Club de Lectura Jove, comentem \\\"Mentida\\\" de Care Santos.\",\"isPartOf\":{\"@id\":\"https:\\\/\\\/biblioteca.blanes.cat\\\/salajove\\\/#website\"},\"primaryImageOfPage\":{\"@id\":\"https:\\\/\\\/biblioteca.blanes.cat\\\/salajove\\\/2018\\\/04\\\/30\\\/clj-abril-2018\\\/#primaryimage\"},\"image\":{\"@id\":\"https:\\\/\\\/biblioteca.blanes.cat\\\/salajove\\\/2018\\\/04\\\/30\\\/clj-abril-2018\\\/#primaryimage\"},\"thumbnailUrl\":\"https:\\\/\\\/biblioteca.blanes.cat\\\/salajove\\\/wp-content\\\/uploads\\\/sites\\\/3\\\/2017\\\/10\\\/CLJ.png\",\"datePublished\":\"2018-04-30T14:07:42+00:00\",\"dateModified\":\"2018-11-09T17:52:05+00:00\",\"description\":\"Club de Lectura Jove: Ens ha agradat molt\u00edssim per la hist\u00f2ria i la intriga del llibre, un c\u00f2ctel d'aquells que et fan gaudir de la lectura i dels llibres.\",\"breadcrumb\":{\"@id\":\"https:\\\/\\\/biblioteca.blanes.cat\\\/salajove\\\/2018\\\/04\\\/30\\\/clj-abril-2018\\\/#breadcrumb\"},\"inLanguage\":\"ca\",\"potentialAction\":[{\"@type\":\"ReadAction\",\"target\":[\"https:\\\/\\\/biblioteca.blanes.cat\\\/salajove\\\/2018\\\/04\\\/30\\\/clj-abril-2018\\\/\"]}]},{\"@type\":\"ImageObject\",\"inLanguage\":\"ca\",\"@id\":\"https:\\\/\\\/biblioteca.blanes.cat\\\/salajove\\\/2018\\\/04\\\/30\\\/clj-abril-2018\\\/#primaryimage\",\"url\":\"https:\\\/\\\/biblioteca.blanes.cat\\\/salajove\\\/wp-content\\\/uploads\\\/sites\\\/3\\\/2017\\\/10\\\/CLJ.png\",\"contentUrl\":\"https:\\\/\\\/biblioteca.blanes.cat\\\/salajove\\\/wp-content\\\/uploads\\\/sites\\\/3\\\/2017\\\/10\\\/CLJ.png\",\"width\":1487,\"height\":906},{\"@type\":\"BreadcrumbList\",\"@id\":\"https:\\\/\\\/biblioteca.blanes.cat\\\/salajove\\\/2018\\\/04\\\/30\\\/clj-abril-2018\\\/#breadcrumb\",\"itemListElement\":[{\"@type\":\"ListItem\",\"position\":1,\"name\":\"Inici\",\"item\":\"https:\\\/\\\/biblioteca.blanes.cat\\\/salajove\\\/\"},{\"@type\":\"ListItem\",\"position\":2,\"name\":\"CLJ: Abril 2018\"}]},{\"@type\":\"WebSite\",\"@id\":\"https:\\\/\\\/biblioteca.blanes.cat\\\/salajove\\\/#website\",\"url\":\"https:\\\/\\\/biblioteca.blanes.cat\\\/salajove\\\/\",\"name\":\"Sala Jove\",\"description\":\"Biblioteca Comarcal de Blanes\",\"publisher\":{\"@id\":\"https:\\\/\\\/biblioteca.blanes.cat\\\/salajove\\\/#organization\"},\"potentialAction\":[{\"@type\":\"SearchAction\",\"target\":{\"@type\":\"EntryPoint\",\"urlTemplate\":\"https:\\\/\\\/biblioteca.blanes.cat\\\/salajove\\\/?s={search_term_string}\"},\"query-input\":{\"@type\":\"PropertyValueSpecification\",\"valueRequired\":true,\"valueName\":\"search_term_string\"}}],\"inLanguage\":\"ca\"},{\"@type\":\"Organization\",\"@id\":\"https:\\\/\\\/biblioteca.blanes.cat\\\/salajove\\\/#organization\",\"name\":\"Biblioteca Comarcal de Blanes\",\"url\":\"https:\\\/\\\/biblioteca.blanes.cat\\\/salajove\\\/\",\"logo\":{\"@type\":\"ImageObject\",\"inLanguage\":\"ca\",\"@id\":\"https:\\\/\\\/biblioteca.blanes.cat\\\/salajove\\\/#\\\/schema\\\/logo\\\/image\\\/\",\"url\":\"https:\\\/\\\/biblioteca.blanes.cat\\\/salajove\\\/wp-content\\\/uploads\\\/sites\\\/3\\\/2017\\\/09\\\/cropped-Bib-blau-e1518869380535.png\",\"contentUrl\":\"https:\\\/\\\/biblioteca.blanes.cat\\\/salajove\\\/wp-content\\\/uploads\\\/sites\\\/3\\\/2017\\\/09\\\/cropped-Bib-blau-e1518869380535.png\",\"width\":166,\"height\":166,\"caption\":\"Biblioteca Comarcal de Blanes\"},\"image\":{\"@id\":\"https:\\\/\\\/biblioteca.blanes.cat\\\/salajove\\\/#\\\/schema\\\/logo\\\/image\\\/\"},\"sameAs\":[\"https:\\\/\\\/www.facebook.com\\\/BilbiotecaComarcaldeBlanes\\\/\",\"https:\\\/\\\/x.com\\\/BiblioBlanes\",\"https:\\\/\\\/www.instagram.com\\\/biblioblanes\\\/\",\"https:\\\/\\\/www.pinterest.es\\\/bblanes\\\/\",\"https:\\\/\\\/www.youtube.com\\\/c\\\/BibliotecaComarcalBlanes\"]},{\"@type\":\"Person\",\"@id\":\"https:\\\/\\\/biblioteca.blanes.cat\\\/salajove\\\/#\\\/schema\\\/person\\\/5a7b46760d9dd611d098bbf571a341dc\",\"name\":\"biblioblanes\",\"image\":{\"@type\":\"ImageObject\",\"inLanguage\":\"ca\",\"@id\":\"https:\\\/\\\/secure.gravatar.com\\\/avatar\\\/6593ca6cc90e5a70939f51c95e8315483b9c281bafba597292bee47992030f99?s=96&d=mm&r=g\",\"url\":\"https:\\\/\\\/secure.gravatar.com\\\/avatar\\\/6593ca6cc90e5a70939f51c95e8315483b9c281bafba597292bee47992030f99?s=96&d=mm&r=g\",\"contentUrl\":\"https:\\\/\\\/secure.gravatar.com\\\/avatar\\\/6593ca6cc90e5a70939f51c95e8315483b9c281bafba597292bee47992030f99?s=96&d=mm&r=g\",\"caption\":\"biblioblanes\"},\"sameAs\":[\"http:\\\/\\\/www.bibgirona.cat\\\/biblioteca\\\/blanes\",\"https:\\\/\\\/x.com\\\/biblioblanes\"],\"url\":\"https:\\\/\\\/biblioteca.blanes.cat\\\/salajove\\\/author\\\/biblioblanes\\\/\"}]}<\/script>\n<!-- \/ Yoast SEO plugin. -->","yoast_head_json":{"title":"Club de Lectura Jove, comentem \"Mentida\" de Care Santos.","description":"Club de Lectura Jove: Ens ha agradat molt\u00edssim per la hist\u00f2ria i la intriga del llibre, un c\u00f2ctel d'aquells que et fan gaudir de la lectura i dels llibres.","robots":{"index":"index","follow":"follow","max-snippet":"max-snippet:-1","max-image-preview":"max-image-preview:large","max-video-preview":"max-video-preview:-1"},"canonical":"https:\/\/biblioteca.blanes.cat\/salajove\/2018\/04\/30\/clj-abril-2018\/","og_locale":"ca_ES","og_type":"article","og_title":"Club de Lectura Jove, comentem \"Mentida\" de Care Santos.","og_description":"Club de Lectura Jove: Ens ha agradat molt\u00edssim per la hist\u00f2ria i la intriga del llibre, un c\u00f2ctel d'aquells que et fan gaudir de la lectura i dels llibres.","og_url":"https:\/\/biblioteca.blanes.cat\/salajove\/2018\/04\/30\/clj-abril-2018\/","og_site_name":"Sala Jove","article_publisher":"https:\/\/www.facebook.com\/BilbiotecaComarcaldeBlanes\/","article_published_time":"2018-04-30T14:07:42+00:00","article_modified_time":"2018-11-09T17:52:05+00:00","og_image":[{"width":1487,"height":906,"url":"https:\/\/biblioteca.blanes.cat\/salajove\/wp-content\/uploads\/sites\/3\/2017\/10\/CLJ.png","type":"image\/png"}],"author":"biblioblanes","twitter_card":"summary_large_image","twitter_creator":"@biblioblanes","twitter_site":"@BiblioBlanes","twitter_misc":{"Escrit per":"biblioblanes","Temps estimat de lectura":"2 minuts"},"schema":{"@context":"https:\/\/schema.org","@graph":[{"@type":"Article","@id":"https:\/\/biblioteca.blanes.cat\/salajove\/2018\/04\/30\/clj-abril-2018\/#article","isPartOf":{"@id":"https:\/\/biblioteca.blanes.cat\/salajove\/2018\/04\/30\/clj-abril-2018\/"},"author":{"name":"biblioblanes","@id":"https:\/\/biblioteca.blanes.cat\/salajove\/#\/schema\/person\/5a7b46760d9dd611d098bbf571a341dc"},"headline":"CLJ: Abril 2018","datePublished":"2018-04-30T14:07:42+00:00","dateModified":"2018-11-09T17:52:05+00:00","mainEntityOfPage":{"@id":"https:\/\/biblioteca.blanes.cat\/salajove\/2018\/04\/30\/clj-abril-2018\/"},"wordCount":394,"commentCount":0,"publisher":{"@id":"https:\/\/biblioteca.blanes.cat\/salajove\/#organization"},"image":{"@id":"https:\/\/biblioteca.blanes.cat\/salajove\/2018\/04\/30\/clj-abril-2018\/#primaryimage"},"thumbnailUrl":"https:\/\/biblioteca.blanes.cat\/salajove\/wp-content\/uploads\/sites\/3\/2017\/10\/CLJ.png","keywords":["#Activitats","#ClubdeLectura","#Lectura","#Literatura","#Llibres","#Ressenya","#Taller","#TIC"],"articleSection":["Club de Lectura","Not\u00edcies"],"inLanguage":"ca","potentialAction":[{"@type":"CommentAction","name":"Comment","target":["https:\/\/biblioteca.blanes.cat\/salajove\/2018\/04\/30\/clj-abril-2018\/#respond"]}]},{"@type":"WebPage","@id":"https:\/\/biblioteca.blanes.cat\/salajove\/2018\/04\/30\/clj-abril-2018\/","url":"https:\/\/biblioteca.blanes.cat\/salajove\/2018\/04\/30\/clj-abril-2018\/","name":"Club de Lectura Jove, comentem \"Mentida\" de Care Santos.","isPartOf":{"@id":"https:\/\/biblioteca.blanes.cat\/salajove\/#website"},"primaryImageOfPage":{"@id":"https:\/\/biblioteca.blanes.cat\/salajove\/2018\/04\/30\/clj-abril-2018\/#primaryimage"},"image":{"@id":"https:\/\/biblioteca.blanes.cat\/salajove\/2018\/04\/30\/clj-abril-2018\/#primaryimage"},"thumbnailUrl":"https:\/\/biblioteca.blanes.cat\/salajove\/wp-content\/uploads\/sites\/3\/2017\/10\/CLJ.png","datePublished":"2018-04-30T14:07:42+00:00","dateModified":"2018-11-09T17:52:05+00:00","description":"Club de Lectura Jove: Ens ha agradat molt\u00edssim per la hist\u00f2ria i la intriga del llibre, un c\u00f2ctel d'aquells que et fan gaudir de la lectura i dels llibres.","breadcrumb":{"@id":"https:\/\/biblioteca.blanes.cat\/salajove\/2018\/04\/30\/clj-abril-2018\/#breadcrumb"},"inLanguage":"ca","potentialAction":[{"@type":"ReadAction","target":["https:\/\/biblioteca.blanes.cat\/salajove\/2018\/04\/30\/clj-abril-2018\/"]}]},{"@type":"ImageObject","inLanguage":"ca","@id":"https:\/\/biblioteca.blanes.cat\/salajove\/2018\/04\/30\/clj-abril-2018\/#primaryimage","url":"https:\/\/biblioteca.blanes.cat\/salajove\/wp-content\/uploads\/sites\/3\/2017\/10\/CLJ.png","contentUrl":"https:\/\/biblioteca.blanes.cat\/salajove\/wp-content\/uploads\/sites\/3\/2017\/10\/CLJ.png","width":1487,"height":906},{"@type":"BreadcrumbList","@id":"https:\/\/biblioteca.blanes.cat\/salajove\/2018\/04\/30\/clj-abril-2018\/#breadcrumb","itemListElement":[{"@type":"ListItem","position":1,"name":"Inici","item":"https:\/\/biblioteca.blanes.cat\/salajove\/"},{"@type":"ListItem","position":2,"name":"CLJ: Abril 2018"}]},{"@type":"WebSite","@id":"https:\/\/biblioteca.blanes.cat\/salajove\/#website","url":"https:\/\/biblioteca.blanes.cat\/salajove\/","name":"Sala Jove","description":"Biblioteca Comarcal de Blanes","publisher":{"@id":"https:\/\/biblioteca.blanes.cat\/salajove\/#organization"},"potentialAction":[{"@type":"SearchAction","target":{"@type":"EntryPoint","urlTemplate":"https:\/\/biblioteca.blanes.cat\/salajove\/?s={search_term_string}"},"query-input":{"@type":"PropertyValueSpecification","valueRequired":true,"valueName":"search_term_string"}}],"inLanguage":"ca"},{"@type":"Organization","@id":"https:\/\/biblioteca.blanes.cat\/salajove\/#organization","name":"Biblioteca Comarcal de Blanes","url":"https:\/\/biblioteca.blanes.cat\/salajove\/","logo":{"@type":"ImageObject","inLanguage":"ca","@id":"https:\/\/biblioteca.blanes.cat\/salajove\/#\/schema\/logo\/image\/","url":"https:\/\/biblioteca.blanes.cat\/salajove\/wp-content\/uploads\/sites\/3\/2017\/09\/cropped-Bib-blau-e1518869380535.png","contentUrl":"https:\/\/biblioteca.blanes.cat\/salajove\/wp-content\/uploads\/sites\/3\/2017\/09\/cropped-Bib-blau-e1518869380535.png","width":166,"height":166,"caption":"Biblioteca Comarcal de Blanes"},"image":{"@id":"https:\/\/biblioteca.blanes.cat\/salajove\/#\/schema\/logo\/image\/"},"sameAs":["https:\/\/www.facebook.com\/BilbiotecaComarcaldeBlanes\/","https:\/\/x.com\/BiblioBlanes","https:\/\/www.instagram.com\/biblioblanes\/","https:\/\/www.pinterest.es\/bblanes\/","https:\/\/www.youtube.com\/c\/BibliotecaComarcalBlanes"]},{"@type":"Person","@id":"https:\/\/biblioteca.blanes.cat\/salajove\/#\/schema\/person\/5a7b46760d9dd611d098bbf571a341dc","name":"biblioblanes","image":{"@type":"ImageObject","inLanguage":"ca","@id":"https:\/\/secure.gravatar.com\/avatar\/6593ca6cc90e5a70939f51c95e8315483b9c281bafba597292bee47992030f99?s=96&d=mm&r=g","url":"https:\/\/secure.gravatar.com\/avatar\/6593ca6cc90e5a70939f51c95e8315483b9c281bafba597292bee47992030f99?s=96&d=mm&r=g","contentUrl":"https:\/\/secure.gravatar.com\/avatar\/6593ca6cc90e5a70939f51c95e8315483b9c281bafba597292bee47992030f99?s=96&d=mm&r=g","caption":"biblioblanes"},"sameAs":["http:\/\/www.bibgirona.cat\/biblioteca\/blanes","https:\/\/x.com\/biblioblanes"],"url":"https:\/\/biblioteca.blanes.cat\/salajove\/author\/biblioblanes\/"}]}},"_links":{"self":[{"href":"https:\/\/biblioteca.blanes.cat\/salajove\/wp-json\/wp\/v2\/posts\/1295","targetHints":{"allow":["GET"]}}],"collection":[{"href":"https:\/\/biblioteca.blanes.cat\/salajove\/wp-json\/wp\/v2\/posts"}],"about":[{"href":"https:\/\/biblioteca.blanes.cat\/salajove\/wp-json\/wp\/v2\/types\/post"}],"author":[{"embeddable":true,"href":"https:\/\/biblioteca.blanes.cat\/salajove\/wp-json\/wp\/v2\/users\/4"}],"replies":[{"embeddable":true,"href":"https:\/\/biblioteca.blanes.cat\/salajove\/wp-json\/wp\/v2\/comments?post=1295"}],"version-history":[{"count":15,"href":"https:\/\/biblioteca.blanes.cat\/salajove\/wp-json\/wp\/v2\/posts\/1295\/revisions"}],"predecessor-version":[{"id":1315,"href":"https:\/\/biblioteca.blanes.cat\/salajove\/wp-json\/wp\/v2\/posts\/1295\/revisions\/1315"}],"wp:featuredmedia":[{"embeddable":true,"href":"https:\/\/biblioteca.blanes.cat\/salajove\/wp-json\/wp\/v2\/media\/291"}],"wp:attachment":[{"href":"https:\/\/biblioteca.blanes.cat\/salajove\/wp-json\/wp\/v2\/media?parent=1295"}],"wp:term":[{"taxonomy":"category","embeddable":true,"href":"https:\/\/biblioteca.blanes.cat\/salajove\/wp-json\/wp\/v2\/categories?post=1295"},{"taxonomy":"post_tag","embeddable":true,"href":"https:\/\/biblioteca.blanes.cat\/salajove\/wp-json\/wp\/v2\/tags?post=1295"}],"curies":[{"name":"wp","href":"https:\/\/api.w.org\/{rel}","templated":true}]}}