{"id":128,"date":"2017-10-05T10:55:53","date_gmt":"2017-10-05T09:55:53","guid":{"rendered":"https:\/\/biblioteca.blanes.cat\/salajove\/?p=128"},"modified":"2017-10-10T19:00:56","modified_gmt":"2017-10-10T18:00:56","slug":"pell-de-seda-de-vicent-sanhermelando","status":"publish","type":"post","link":"https:\/\/biblioteca.blanes.cat\/salajove\/2017\/10\/05\/pell-de-seda-de-vicent-sanhermelando\/","title":{"rendered":"PELL DE SEDA de VICENT SANHERMELANDO"},"content":{"rendered":"<h2 style=\"text-align: center;\">Ja tenim aqu\u00ed l\u2019esperada \u00faltima novel\u00b7la de Vicent Sanhermelando.<\/h2>\n<p style=\"text-align: justify;\"><a href=\"http:\/\/elmeuargus.biblioteques.gencat.cat\/record=b1957750~S38*cat#.WdX2_bjzLgw\"><img fetchpriority=\"high\" decoding=\"async\" class=\"alignleft \" src=\"https:\/\/www.racocatala.cat\/imatges\/llibres\/pell-seda-vicent-sanhermelande-edicions-bullent.jpg\" width=\"250\" height=\"364\" \/><\/a> L\u2019argument de <strong><em>Pell de seda<\/em><\/strong> t\u00e9 molt a veure amb la ind\u00fastria de la seda a la Val\u00e8ncia del Segle d\u2019Or. Passejant pels carrers de Val\u00e8ncia, a trav\u00e9s dels m\u00e9s prestigiosos obradors de seda, coneixerem la hist\u00f2ria d\u2019amor impossible entre dos joves de fam\u00edlies enfrontades:<\/p>\n<p style=\"text-align: justify;\"><em>En la convulsa Val\u00e8ncia dels inicis del segle XV, Caterina Bo\u00efl, neboda del governador, coneix el jove Guillem de Pertusa al taller de seda que posseeix la fam\u00edlia del xic. Encara que ella est\u00e0 compromesa, naixer\u00e0 entre els dos un amor tant intens com impossible, ja que les respectives fam\u00edlies pertanyen a b\u00e0ndols rivals en la lluita pel poder de la ciutat. Un inesperat crim posar\u00e0 a prova la relaci\u00f3 de la parella en una successi\u00f3 de fets cap a un dest\u00ed que mai hagueren imaginat&#8230;<\/em><\/p>\n<p style=\"text-align: justify;\">Caterina \u00e9s la neboda del governador i membre de la prestigiosa fam\u00edlia Bo\u00efl. \u00c9s una jove ing\u00e8nua, emotiva i bella que viu condicionada sota les ordres de la seva mare i obligada a casar-se amb tan sols quinze anys amb un noi molt m\u00e9s gran que ella, al qual no estima.<\/p>\n<p style=\"text-align: justify;\">Guillem de Pertusa t\u00e9 disset anys i viu amb la seva mare adoptiva i el seu oncle. Els ajuda en el taller de seda. La fam\u00edlia d\u2019en Guillem es molt important en la hist\u00f2ria, ja que guarden secrets inimaginables. S\u00f3n una fam\u00edlia pobre.<\/p>\n<p style=\"text-align: justify;\">Guillem i Caterina coincideixen en el taller de seda dels Pertusa. I des del primer moment es van enamorar l\u2019un de l\u2019altre. Els dos sabien que era una hist\u00f2ria d\u2019amor impossible, ja que en el segle XV una Bo\u00efl amb un Partusa era una vergonya de veure ja que les dues fam\u00edlies eren rivals.<\/p>\n<p style=\"text-align: justify;\">Per\u00f2 ells s\u2019obliden de tot aix\u00f2 quan comencen a veure\u2019s d\u2019amagat i es converteixen en dos amants bojament enamorats l\u2019un de l\u2019altre fins a tal punt de renunciar als seus somnis.<\/p>\n<p style=\"text-align: justify;\">\u00c9s una novel\u00b7la rom\u00e0ntica amb una trama dram\u00e0tica. Tamb\u00e9 us vull avisar que aquesta curta novel\u00b7la est\u00e0 escrita en valenci\u00e0, per\u00f2 tranquils que es pot entendre perfectament.<\/p>\n<p style=\"text-align: justify;\">En resum, la Caterina i en Guillem de fam\u00edlies rivals s\u2019enamoren perdudament l\u2019un de l\u2019altre, provocant aix\u00ed que visquin una hist\u00f2ria d\u2019amor d\u2019aquelles que fan que et ruboritzis per\u00f2 que tamb\u00e9 et fan plorar en certs moments. En fi, \u00e9s una novel\u00b7la que m\u2019ha encantat i que recomano molt\u00edssim nom\u00e9s a les persones que els hi agradi el rom\u00e0ntic amb molt de drama.<\/p>\n<h2 style=\"text-align: justify; font-family: Happy Sans; font-size: 160%; color: #002b91;\">I ara unes an\u00e8cdotes:<\/h2>\n<ul>\n<li style=\"text-align: justify;\">Vicent Sanhermelando \u00e9s d\u2019Alboraia. Llicenciat en psicologia, treballa en un centre educatiu com orientador escolar i professor.<\/li>\n<li style=\"text-align: justify;\">La seva vocaci\u00f3 liter\u00e0ria es va decantar per la novel\u00b7la juvenil, \u00e0mbit on ha publicat quatre novel\u00b7les i ha recollit importants reconeixements.<\/li>\n<li style=\"text-align: justify;\">De totes les seves novel\u00b7les les que m\u00e9s destaquen s\u00f3n <em>Un pont sense baranes,\u00a0 <\/em>finalista del Premi Ciutat de Torrent, i\u00a0 <em>Esperant la Lluna plena <\/em>Premi Fundaci\u00f3 Bancaixa .<\/li>\n<li style=\"text-align: justify;\">Amb <em>Pell de seda <\/em>ha guanyat el 36\u00e8 Premi Enric Valor.<\/li>\n<\/ul>\n<p>&nbsp;<\/p>\n<p><a href=\"https:\/\/biblioteca.blanes.cat\/salajove\/2017\/10\/01\/agenda-octubre-2017\/\"><img decoding=\"async\" class=\"aligncenter wp-image-130 size-large\" src=\"https:\/\/biblioteca.blanes.cat\/salajove\/wp-content\/uploads\/sites\/3\/2017\/10\/Banner-Novetats-1024x124.png\" alt=\"Novetats\" width=\"750\" height=\"91\" srcset=\"https:\/\/biblioteca.blanes.cat\/salajove\/wp-content\/uploads\/sites\/3\/2017\/10\/Banner-Novetats-1024x124.png 1024w, https:\/\/biblioteca.blanes.cat\/salajove\/wp-content\/uploads\/sites\/3\/2017\/10\/Banner-Novetats-300x36.png 300w, https:\/\/biblioteca.blanes.cat\/salajove\/wp-content\/uploads\/sites\/3\/2017\/10\/Banner-Novetats-768x93.png 768w\" sizes=\"(max-width: 750px) 100vw, 750px\" \/><\/a><\/p>\n<p>&nbsp;<\/p>\n","protected":false},"excerpt":{"rendered":"<p>Ja tenim aqu\u00ed l\u2019esperada \u00faltima novel\u00b7la de Vicent Sanhermelando. L\u2019argument de Pell de seda t\u00e9 molt a veure amb la ind\u00fastria de la seda a la Val\u00e8ncia del Segle d\u2019Or. Passejant pels carrers de Val\u00e8ncia, a trav\u00e9s dels m\u00e9s prestigiosos<\/p>\n","protected":false},"author":4,"featured_media":154,"comment_status":"open","ping_status":"open","sticky":false,"template":"","format":"standard","meta":{"sfsi_plus_gutenberg_text_before_share":"","sfsi_plus_gutenberg_show_text_before_share":"","sfsi_plus_gutenberg_icon_type":"","sfsi_plus_gutenberg_icon_alignemt":"","sfsi_plus_gutenburg_max_per_row":"","footnotes":""},"categories":[9,10],"tags":[19,21,22],"class_list":["post-128","post","type-post","status-publish","format-standard","has-post-thumbnail","hentry","category-raco-de-la-paula","category-novetat","tag-literatura","tag-llibres","tag-ressenya"],"yoast_head":"<!-- This site is optimized with the Yoast SEO plugin v27.5 - https:\/\/yoast.com\/product\/yoast-seo-wordpress\/ -->\n<title>PELL DE SEDA de VICENT SANHERMELANDO. L\u2019argument de Pell de seda t\u00e9 molt a veure amb la ind\u00fastria de la seda a la Val\u00e8ncia del Segle d\u2019Or<\/title>\n<meta name=\"description\" content=\"L\u2019argument de Pell de seda t\u00e9 molt a veure amb la ind\u00fastria de la seda a la Val\u00e8ncia del Segle d\u2019Or. Passejant pels carrers de Val\u00e8ncia, a trav\u00e9s de...\" \/>\n<meta name=\"robots\" content=\"index, follow, max-snippet:-1, max-image-preview:large, max-video-preview:-1\" \/>\n<link rel=\"canonical\" href=\"https:\/\/biblioteca.blanes.cat\/salajove\/2017\/10\/05\/pell-de-seda-de-vicent-sanhermelando\/\" \/>\n<meta property=\"og:locale\" content=\"ca_ES\" \/>\n<meta property=\"og:type\" content=\"article\" \/>\n<meta property=\"og:title\" content=\"PELL DE SEDA de VICENT SANHERMELANDO. L\u2019argument de Pell de seda t\u00e9 molt a veure amb la ind\u00fastria de la seda a la Val\u00e8ncia del Segle d\u2019Or\" \/>\n<meta property=\"og:description\" content=\"L\u2019argument de Pell de seda t\u00e9 molt a veure amb la ind\u00fastria de la seda a la Val\u00e8ncia del Segle d\u2019Or. Passejant pels carrers de Val\u00e8ncia, a trav\u00e9s de...\" \/>\n<meta property=\"og:url\" content=\"https:\/\/biblioteca.blanes.cat\/salajove\/2017\/10\/05\/pell-de-seda-de-vicent-sanhermelando\/\" \/>\n<meta property=\"og:site_name\" content=\"Sala Jove\" \/>\n<meta property=\"article:publisher\" content=\"https:\/\/www.facebook.com\/BilbiotecaComarcaldeBlanes\/\" \/>\n<meta property=\"article:published_time\" content=\"2017-10-05T09:55:53+00:00\" \/>\n<meta property=\"article:modified_time\" content=\"2017-10-10T18:00:56+00:00\" \/>\n<meta property=\"og:image\" content=\"https:\/\/biblioteca.blanes.cat\/salajove\/wp-content\/uploads\/sites\/3\/2017\/10\/Destacat_rac\u00f3_Paula.png\" \/>\n\t<meta property=\"og:image:width\" content=\"3719\" \/>\n\t<meta property=\"og:image:height\" content=\"2265\" \/>\n\t<meta property=\"og:image:type\" content=\"image\/png\" \/>\n<meta name=\"author\" content=\"biblioblanes\" \/>\n<meta name=\"twitter:card\" content=\"summary_large_image\" \/>\n<meta name=\"twitter:creator\" content=\"@biblioblanes\" \/>\n<meta name=\"twitter:site\" content=\"@BiblioBlanes\" \/>\n<meta name=\"twitter:label1\" content=\"Escrit per\" \/>\n\t<meta name=\"twitter:data1\" content=\"biblioblanes\" \/>\n\t<meta name=\"twitter:label2\" content=\"Temps estimat de lectura\" \/>\n\t<meta name=\"twitter:data2\" content=\"3 minuts\" \/>\n<script type=\"application\/ld+json\" class=\"yoast-schema-graph\">{\"@context\":\"https:\\\/\\\/schema.org\",\"@graph\":[{\"@type\":\"Article\",\"@id\":\"https:\\\/\\\/biblioteca.blanes.cat\\\/salajove\\\/2017\\\/10\\\/05\\\/pell-de-seda-de-vicent-sanhermelando\\\/#article\",\"isPartOf\":{\"@id\":\"https:\\\/\\\/biblioteca.blanes.cat\\\/salajove\\\/2017\\\/10\\\/05\\\/pell-de-seda-de-vicent-sanhermelando\\\/\"},\"author\":{\"name\":\"biblioblanes\",\"@id\":\"https:\\\/\\\/biblioteca.blanes.cat\\\/salajove\\\/#\\\/schema\\\/person\\\/5a7b46760d9dd611d098bbf571a341dc\"},\"headline\":\"PELL DE SEDA de VICENT SANHERMELANDO\",\"datePublished\":\"2017-10-05T09:55:53+00:00\",\"dateModified\":\"2017-10-10T18:00:56+00:00\",\"mainEntityOfPage\":{\"@id\":\"https:\\\/\\\/biblioteca.blanes.cat\\\/salajove\\\/2017\\\/10\\\/05\\\/pell-de-seda-de-vicent-sanhermelando\\\/\"},\"wordCount\":559,\"commentCount\":0,\"publisher\":{\"@id\":\"https:\\\/\\\/biblioteca.blanes.cat\\\/salajove\\\/#organization\"},\"image\":{\"@id\":\"https:\\\/\\\/biblioteca.blanes.cat\\\/salajove\\\/2017\\\/10\\\/05\\\/pell-de-seda-de-vicent-sanhermelando\\\/#primaryimage\"},\"thumbnailUrl\":\"https:\\\/\\\/biblioteca.blanes.cat\\\/salajove\\\/wp-content\\\/uploads\\\/sites\\\/3\\\/2017\\\/10\\\/Destacat_rac\u00f3_Paula.png\",\"keywords\":[\"#Literatura\",\"#Llibres\",\"#Ressenya\"],\"articleSection\":[\"Rac\u00f3 de la Paula\",\"RP_Novetat\"],\"inLanguage\":\"ca\",\"potentialAction\":[{\"@type\":\"CommentAction\",\"name\":\"Comment\",\"target\":[\"https:\\\/\\\/biblioteca.blanes.cat\\\/salajove\\\/2017\\\/10\\\/05\\\/pell-de-seda-de-vicent-sanhermelando\\\/#respond\"]}]},{\"@type\":\"WebPage\",\"@id\":\"https:\\\/\\\/biblioteca.blanes.cat\\\/salajove\\\/2017\\\/10\\\/05\\\/pell-de-seda-de-vicent-sanhermelando\\\/\",\"url\":\"https:\\\/\\\/biblioteca.blanes.cat\\\/salajove\\\/2017\\\/10\\\/05\\\/pell-de-seda-de-vicent-sanhermelando\\\/\",\"name\":\"PELL DE SEDA de VICENT SANHERMELANDO. L\u2019argument de Pell de seda t\u00e9 molt a veure amb la ind\u00fastria de la seda a la Val\u00e8ncia del Segle d\u2019Or\",\"isPartOf\":{\"@id\":\"https:\\\/\\\/biblioteca.blanes.cat\\\/salajove\\\/#website\"},\"primaryImageOfPage\":{\"@id\":\"https:\\\/\\\/biblioteca.blanes.cat\\\/salajove\\\/2017\\\/10\\\/05\\\/pell-de-seda-de-vicent-sanhermelando\\\/#primaryimage\"},\"image\":{\"@id\":\"https:\\\/\\\/biblioteca.blanes.cat\\\/salajove\\\/2017\\\/10\\\/05\\\/pell-de-seda-de-vicent-sanhermelando\\\/#primaryimage\"},\"thumbnailUrl\":\"https:\\\/\\\/biblioteca.blanes.cat\\\/salajove\\\/wp-content\\\/uploads\\\/sites\\\/3\\\/2017\\\/10\\\/Destacat_rac\u00f3_Paula.png\",\"datePublished\":\"2017-10-05T09:55:53+00:00\",\"dateModified\":\"2017-10-10T18:00:56+00:00\",\"description\":\"L\u2019argument de Pell de seda t\u00e9 molt a veure amb la ind\u00fastria de la seda a la Val\u00e8ncia del Segle d\u2019Or. Passejant pels carrers de Val\u00e8ncia, a trav\u00e9s de...\",\"breadcrumb\":{\"@id\":\"https:\\\/\\\/biblioteca.blanes.cat\\\/salajove\\\/2017\\\/10\\\/05\\\/pell-de-seda-de-vicent-sanhermelando\\\/#breadcrumb\"},\"inLanguage\":\"ca\",\"potentialAction\":[{\"@type\":\"ReadAction\",\"target\":[\"https:\\\/\\\/biblioteca.blanes.cat\\\/salajove\\\/2017\\\/10\\\/05\\\/pell-de-seda-de-vicent-sanhermelando\\\/\"]}]},{\"@type\":\"ImageObject\",\"inLanguage\":\"ca\",\"@id\":\"https:\\\/\\\/biblioteca.blanes.cat\\\/salajove\\\/2017\\\/10\\\/05\\\/pell-de-seda-de-vicent-sanhermelando\\\/#primaryimage\",\"url\":\"https:\\\/\\\/biblioteca.blanes.cat\\\/salajove\\\/wp-content\\\/uploads\\\/sites\\\/3\\\/2017\\\/10\\\/Destacat_rac\u00f3_Paula.png\",\"contentUrl\":\"https:\\\/\\\/biblioteca.blanes.cat\\\/salajove\\\/wp-content\\\/uploads\\\/sites\\\/3\\\/2017\\\/10\\\/Destacat_rac\u00f3_Paula.png\",\"width\":3719,\"height\":2265,\"caption\":\"Rac\u00f3 de la Paula\"},{\"@type\":\"BreadcrumbList\",\"@id\":\"https:\\\/\\\/biblioteca.blanes.cat\\\/salajove\\\/2017\\\/10\\\/05\\\/pell-de-seda-de-vicent-sanhermelando\\\/#breadcrumb\",\"itemListElement\":[{\"@type\":\"ListItem\",\"position\":1,\"name\":\"Inici\",\"item\":\"https:\\\/\\\/biblioteca.blanes.cat\\\/salajove\\\/\"},{\"@type\":\"ListItem\",\"position\":2,\"name\":\"PELL DE SEDA de VICENT SANHERMELANDO\"}]},{\"@type\":\"WebSite\",\"@id\":\"https:\\\/\\\/biblioteca.blanes.cat\\\/salajove\\\/#website\",\"url\":\"https:\\\/\\\/biblioteca.blanes.cat\\\/salajove\\\/\",\"name\":\"Sala Jove\",\"description\":\"Biblioteca Comarcal de Blanes\",\"publisher\":{\"@id\":\"https:\\\/\\\/biblioteca.blanes.cat\\\/salajove\\\/#organization\"},\"potentialAction\":[{\"@type\":\"SearchAction\",\"target\":{\"@type\":\"EntryPoint\",\"urlTemplate\":\"https:\\\/\\\/biblioteca.blanes.cat\\\/salajove\\\/?s={search_term_string}\"},\"query-input\":{\"@type\":\"PropertyValueSpecification\",\"valueRequired\":true,\"valueName\":\"search_term_string\"}}],\"inLanguage\":\"ca\"},{\"@type\":\"Organization\",\"@id\":\"https:\\\/\\\/biblioteca.blanes.cat\\\/salajove\\\/#organization\",\"name\":\"Biblioteca Comarcal de Blanes\",\"url\":\"https:\\\/\\\/biblioteca.blanes.cat\\\/salajove\\\/\",\"logo\":{\"@type\":\"ImageObject\",\"inLanguage\":\"ca\",\"@id\":\"https:\\\/\\\/biblioteca.blanes.cat\\\/salajove\\\/#\\\/schema\\\/logo\\\/image\\\/\",\"url\":\"https:\\\/\\\/biblioteca.blanes.cat\\\/salajove\\\/wp-content\\\/uploads\\\/sites\\\/3\\\/2017\\\/09\\\/cropped-Bib-blau-e1518869380535.png\",\"contentUrl\":\"https:\\\/\\\/biblioteca.blanes.cat\\\/salajove\\\/wp-content\\\/uploads\\\/sites\\\/3\\\/2017\\\/09\\\/cropped-Bib-blau-e1518869380535.png\",\"width\":166,\"height\":166,\"caption\":\"Biblioteca Comarcal de Blanes\"},\"image\":{\"@id\":\"https:\\\/\\\/biblioteca.blanes.cat\\\/salajove\\\/#\\\/schema\\\/logo\\\/image\\\/\"},\"sameAs\":[\"https:\\\/\\\/www.facebook.com\\\/BilbiotecaComarcaldeBlanes\\\/\",\"https:\\\/\\\/x.com\\\/BiblioBlanes\",\"https:\\\/\\\/www.instagram.com\\\/biblioblanes\\\/\",\"https:\\\/\\\/www.pinterest.es\\\/bblanes\\\/\",\"https:\\\/\\\/www.youtube.com\\\/c\\\/BibliotecaComarcalBlanes\"]},{\"@type\":\"Person\",\"@id\":\"https:\\\/\\\/biblioteca.blanes.cat\\\/salajove\\\/#\\\/schema\\\/person\\\/5a7b46760d9dd611d098bbf571a341dc\",\"name\":\"biblioblanes\",\"image\":{\"@type\":\"ImageObject\",\"inLanguage\":\"ca\",\"@id\":\"https:\\\/\\\/secure.gravatar.com\\\/avatar\\\/6593ca6cc90e5a70939f51c95e8315483b9c281bafba597292bee47992030f99?s=96&d=mm&r=g\",\"url\":\"https:\\\/\\\/secure.gravatar.com\\\/avatar\\\/6593ca6cc90e5a70939f51c95e8315483b9c281bafba597292bee47992030f99?s=96&d=mm&r=g\",\"contentUrl\":\"https:\\\/\\\/secure.gravatar.com\\\/avatar\\\/6593ca6cc90e5a70939f51c95e8315483b9c281bafba597292bee47992030f99?s=96&d=mm&r=g\",\"caption\":\"biblioblanes\"},\"sameAs\":[\"http:\\\/\\\/www.bibgirona.cat\\\/biblioteca\\\/blanes\",\"https:\\\/\\\/x.com\\\/biblioblanes\"],\"url\":\"https:\\\/\\\/biblioteca.blanes.cat\\\/salajove\\\/author\\\/biblioblanes\\\/\"}]}<\/script>\n<!-- \/ Yoast SEO plugin. -->","yoast_head_json":{"title":"PELL DE SEDA de VICENT SANHERMELANDO. L\u2019argument de Pell de seda t\u00e9 molt a veure amb la ind\u00fastria de la seda a la Val\u00e8ncia del Segle d\u2019Or","description":"L\u2019argument de Pell de seda t\u00e9 molt a veure amb la ind\u00fastria de la seda a la Val\u00e8ncia del Segle d\u2019Or. Passejant pels carrers de Val\u00e8ncia, a trav\u00e9s de...","robots":{"index":"index","follow":"follow","max-snippet":"max-snippet:-1","max-image-preview":"max-image-preview:large","max-video-preview":"max-video-preview:-1"},"canonical":"https:\/\/biblioteca.blanes.cat\/salajove\/2017\/10\/05\/pell-de-seda-de-vicent-sanhermelando\/","og_locale":"ca_ES","og_type":"article","og_title":"PELL DE SEDA de VICENT SANHERMELANDO. L\u2019argument de Pell de seda t\u00e9 molt a veure amb la ind\u00fastria de la seda a la Val\u00e8ncia del Segle d\u2019Or","og_description":"L\u2019argument de Pell de seda t\u00e9 molt a veure amb la ind\u00fastria de la seda a la Val\u00e8ncia del Segle d\u2019Or. Passejant pels carrers de Val\u00e8ncia, a trav\u00e9s de...","og_url":"https:\/\/biblioteca.blanes.cat\/salajove\/2017\/10\/05\/pell-de-seda-de-vicent-sanhermelando\/","og_site_name":"Sala Jove","article_publisher":"https:\/\/www.facebook.com\/BilbiotecaComarcaldeBlanes\/","article_published_time":"2017-10-05T09:55:53+00:00","article_modified_time":"2017-10-10T18:00:56+00:00","og_image":[{"width":3719,"height":2265,"url":"https:\/\/biblioteca.blanes.cat\/salajove\/wp-content\/uploads\/sites\/3\/2017\/10\/Destacat_rac\u00f3_Paula.png","type":"image\/png"}],"author":"biblioblanes","twitter_card":"summary_large_image","twitter_creator":"@biblioblanes","twitter_site":"@BiblioBlanes","twitter_misc":{"Escrit per":"biblioblanes","Temps estimat de lectura":"3 minuts"},"schema":{"@context":"https:\/\/schema.org","@graph":[{"@type":"Article","@id":"https:\/\/biblioteca.blanes.cat\/salajove\/2017\/10\/05\/pell-de-seda-de-vicent-sanhermelando\/#article","isPartOf":{"@id":"https:\/\/biblioteca.blanes.cat\/salajove\/2017\/10\/05\/pell-de-seda-de-vicent-sanhermelando\/"},"author":{"name":"biblioblanes","@id":"https:\/\/biblioteca.blanes.cat\/salajove\/#\/schema\/person\/5a7b46760d9dd611d098bbf571a341dc"},"headline":"PELL DE SEDA de VICENT SANHERMELANDO","datePublished":"2017-10-05T09:55:53+00:00","dateModified":"2017-10-10T18:00:56+00:00","mainEntityOfPage":{"@id":"https:\/\/biblioteca.blanes.cat\/salajove\/2017\/10\/05\/pell-de-seda-de-vicent-sanhermelando\/"},"wordCount":559,"commentCount":0,"publisher":{"@id":"https:\/\/biblioteca.blanes.cat\/salajove\/#organization"},"image":{"@id":"https:\/\/biblioteca.blanes.cat\/salajove\/2017\/10\/05\/pell-de-seda-de-vicent-sanhermelando\/#primaryimage"},"thumbnailUrl":"https:\/\/biblioteca.blanes.cat\/salajove\/wp-content\/uploads\/sites\/3\/2017\/10\/Destacat_rac\u00f3_Paula.png","keywords":["#Literatura","#Llibres","#Ressenya"],"articleSection":["Rac\u00f3 de la Paula","RP_Novetat"],"inLanguage":"ca","potentialAction":[{"@type":"CommentAction","name":"Comment","target":["https:\/\/biblioteca.blanes.cat\/salajove\/2017\/10\/05\/pell-de-seda-de-vicent-sanhermelando\/#respond"]}]},{"@type":"WebPage","@id":"https:\/\/biblioteca.blanes.cat\/salajove\/2017\/10\/05\/pell-de-seda-de-vicent-sanhermelando\/","url":"https:\/\/biblioteca.blanes.cat\/salajove\/2017\/10\/05\/pell-de-seda-de-vicent-sanhermelando\/","name":"PELL DE SEDA de VICENT SANHERMELANDO. L\u2019argument de Pell de seda t\u00e9 molt a veure amb la ind\u00fastria de la seda a la Val\u00e8ncia del Segle d\u2019Or","isPartOf":{"@id":"https:\/\/biblioteca.blanes.cat\/salajove\/#website"},"primaryImageOfPage":{"@id":"https:\/\/biblioteca.blanes.cat\/salajove\/2017\/10\/05\/pell-de-seda-de-vicent-sanhermelando\/#primaryimage"},"image":{"@id":"https:\/\/biblioteca.blanes.cat\/salajove\/2017\/10\/05\/pell-de-seda-de-vicent-sanhermelando\/#primaryimage"},"thumbnailUrl":"https:\/\/biblioteca.blanes.cat\/salajove\/wp-content\/uploads\/sites\/3\/2017\/10\/Destacat_rac\u00f3_Paula.png","datePublished":"2017-10-05T09:55:53+00:00","dateModified":"2017-10-10T18:00:56+00:00","description":"L\u2019argument de Pell de seda t\u00e9 molt a veure amb la ind\u00fastria de la seda a la Val\u00e8ncia del Segle d\u2019Or. Passejant pels carrers de Val\u00e8ncia, a trav\u00e9s de...","breadcrumb":{"@id":"https:\/\/biblioteca.blanes.cat\/salajove\/2017\/10\/05\/pell-de-seda-de-vicent-sanhermelando\/#breadcrumb"},"inLanguage":"ca","potentialAction":[{"@type":"ReadAction","target":["https:\/\/biblioteca.blanes.cat\/salajove\/2017\/10\/05\/pell-de-seda-de-vicent-sanhermelando\/"]}]},{"@type":"ImageObject","inLanguage":"ca","@id":"https:\/\/biblioteca.blanes.cat\/salajove\/2017\/10\/05\/pell-de-seda-de-vicent-sanhermelando\/#primaryimage","url":"https:\/\/biblioteca.blanes.cat\/salajove\/wp-content\/uploads\/sites\/3\/2017\/10\/Destacat_rac\u00f3_Paula.png","contentUrl":"https:\/\/biblioteca.blanes.cat\/salajove\/wp-content\/uploads\/sites\/3\/2017\/10\/Destacat_rac\u00f3_Paula.png","width":3719,"height":2265,"caption":"Rac\u00f3 de la Paula"},{"@type":"BreadcrumbList","@id":"https:\/\/biblioteca.blanes.cat\/salajove\/2017\/10\/05\/pell-de-seda-de-vicent-sanhermelando\/#breadcrumb","itemListElement":[{"@type":"ListItem","position":1,"name":"Inici","item":"https:\/\/biblioteca.blanes.cat\/salajove\/"},{"@type":"ListItem","position":2,"name":"PELL DE SEDA de VICENT SANHERMELANDO"}]},{"@type":"WebSite","@id":"https:\/\/biblioteca.blanes.cat\/salajove\/#website","url":"https:\/\/biblioteca.blanes.cat\/salajove\/","name":"Sala Jove","description":"Biblioteca Comarcal de Blanes","publisher":{"@id":"https:\/\/biblioteca.blanes.cat\/salajove\/#organization"},"potentialAction":[{"@type":"SearchAction","target":{"@type":"EntryPoint","urlTemplate":"https:\/\/biblioteca.blanes.cat\/salajove\/?s={search_term_string}"},"query-input":{"@type":"PropertyValueSpecification","valueRequired":true,"valueName":"search_term_string"}}],"inLanguage":"ca"},{"@type":"Organization","@id":"https:\/\/biblioteca.blanes.cat\/salajove\/#organization","name":"Biblioteca Comarcal de Blanes","url":"https:\/\/biblioteca.blanes.cat\/salajove\/","logo":{"@type":"ImageObject","inLanguage":"ca","@id":"https:\/\/biblioteca.blanes.cat\/salajove\/#\/schema\/logo\/image\/","url":"https:\/\/biblioteca.blanes.cat\/salajove\/wp-content\/uploads\/sites\/3\/2017\/09\/cropped-Bib-blau-e1518869380535.png","contentUrl":"https:\/\/biblioteca.blanes.cat\/salajove\/wp-content\/uploads\/sites\/3\/2017\/09\/cropped-Bib-blau-e1518869380535.png","width":166,"height":166,"caption":"Biblioteca Comarcal de Blanes"},"image":{"@id":"https:\/\/biblioteca.blanes.cat\/salajove\/#\/schema\/logo\/image\/"},"sameAs":["https:\/\/www.facebook.com\/BilbiotecaComarcaldeBlanes\/","https:\/\/x.com\/BiblioBlanes","https:\/\/www.instagram.com\/biblioblanes\/","https:\/\/www.pinterest.es\/bblanes\/","https:\/\/www.youtube.com\/c\/BibliotecaComarcalBlanes"]},{"@type":"Person","@id":"https:\/\/biblioteca.blanes.cat\/salajove\/#\/schema\/person\/5a7b46760d9dd611d098bbf571a341dc","name":"biblioblanes","image":{"@type":"ImageObject","inLanguage":"ca","@id":"https:\/\/secure.gravatar.com\/avatar\/6593ca6cc90e5a70939f51c95e8315483b9c281bafba597292bee47992030f99?s=96&d=mm&r=g","url":"https:\/\/secure.gravatar.com\/avatar\/6593ca6cc90e5a70939f51c95e8315483b9c281bafba597292bee47992030f99?s=96&d=mm&r=g","contentUrl":"https:\/\/secure.gravatar.com\/avatar\/6593ca6cc90e5a70939f51c95e8315483b9c281bafba597292bee47992030f99?s=96&d=mm&r=g","caption":"biblioblanes"},"sameAs":["http:\/\/www.bibgirona.cat\/biblioteca\/blanes","https:\/\/x.com\/biblioblanes"],"url":"https:\/\/biblioteca.blanes.cat\/salajove\/author\/biblioblanes\/"}]}},"_links":{"self":[{"href":"https:\/\/biblioteca.blanes.cat\/salajove\/wp-json\/wp\/v2\/posts\/128","targetHints":{"allow":["GET"]}}],"collection":[{"href":"https:\/\/biblioteca.blanes.cat\/salajove\/wp-json\/wp\/v2\/posts"}],"about":[{"href":"https:\/\/biblioteca.blanes.cat\/salajove\/wp-json\/wp\/v2\/types\/post"}],"author":[{"embeddable":true,"href":"https:\/\/biblioteca.blanes.cat\/salajove\/wp-json\/wp\/v2\/users\/4"}],"replies":[{"embeddable":true,"href":"https:\/\/biblioteca.blanes.cat\/salajove\/wp-json\/wp\/v2\/comments?post=128"}],"version-history":[{"count":5,"href":"https:\/\/biblioteca.blanes.cat\/salajove\/wp-json\/wp\/v2\/posts\/128\/revisions"}],"predecessor-version":[{"id":243,"href":"https:\/\/biblioteca.blanes.cat\/salajove\/wp-json\/wp\/v2\/posts\/128\/revisions\/243"}],"wp:featuredmedia":[{"embeddable":true,"href":"https:\/\/biblioteca.blanes.cat\/salajove\/wp-json\/wp\/v2\/media\/154"}],"wp:attachment":[{"href":"https:\/\/biblioteca.blanes.cat\/salajove\/wp-json\/wp\/v2\/media?parent=128"}],"wp:term":[{"taxonomy":"category","embeddable":true,"href":"https:\/\/biblioteca.blanes.cat\/salajove\/wp-json\/wp\/v2\/categories?post=128"},{"taxonomy":"post_tag","embeddable":true,"href":"https:\/\/biblioteca.blanes.cat\/salajove\/wp-json\/wp\/v2\/tags?post=128"}],"curies":[{"name":"wp","href":"https:\/\/api.w.org\/{rel}","templated":true}]}}