{"id":1239,"date":"2018-04-24T17:43:01","date_gmt":"2018-04-24T16:43:01","guid":{"rendered":"https:\/\/biblioteca.blanes.cat\/salajove\/?p=1239"},"modified":"2018-06-29T10:42:45","modified_gmt":"2018-06-29T09:42:45","slug":"clj-mentida-care-santos","status":"publish","type":"post","link":"https:\/\/biblioteca.blanes.cat\/salajove\/2018\/04\/24\/clj-mentida-care-santos\/","title":{"rendered":"CLJ: Mentida de Care Santos"},"content":{"rendered":"<h2 style=\"text-align: center;\">Aquesta setmana comentarem Mentida de Care Santos.<\/h2>\n<p style=\"text-align: center;\"><img fetchpriority=\"high\" decoding=\"async\" class=\"aligncenter wp-image-308 size-medium\" src=\"https:\/\/biblioteca.blanes.cat\/salajove\/wp-content\/uploads\/sites\/3\/2017\/10\/Mentida-190x300.jpg\" alt=\"CLJ\" width=\"190\" height=\"300\" srcset=\"https:\/\/biblioteca.blanes.cat\/salajove\/wp-content\/uploads\/sites\/3\/2017\/10\/Mentida-190x300.jpg 190w, https:\/\/biblioteca.blanes.cat\/salajove\/wp-content\/uploads\/sites\/3\/2017\/10\/Mentida.jpg 236w\" sizes=\"(max-width: 190px) 100vw, 190px\" \/><\/p>\n<h3>Sinopsi:<\/h3>\n<p style=\"text-align: justify;\">La X\u00e8nia lluita per treure bones notes, impulsada per la il\u00b7lusi\u00f3 d&#8217;estudiar Medicina, per\u00f2 des de fa un temps el seu rendiment \u00e9s m\u00e9s baix. I \u00e9s que la X\u00e8nia s&#8217;ha enamorat, per\u00f2 no d&#8217;un noi del seu entorn, sin\u00f3 d&#8217;un fantasma, d&#8217;una veu sorgida d&#8217;Internet amb la qual comparteix la seva passi\u00f3 per la lectura. Com que la X\u00e8nia \u00e9s decidida i el seu amor virtual no vol quedar amb ella, es proposa sorprendre&#8217;l, de manera que comen\u00e7a les seves investigacions amb les poques dades de les quals disposa. I resulta que tot \u00e9s fals, una mentida, ni la foto ni el nom s\u00f3n reals. Qui \u00e9s en realitat la seva \u00e0nima bessona? Penedida per haver descuidat els estudis, ho confessa tot als seus pares, segura d&#8217;haver estat v\u00edctima d&#8217;algun desaprensiu. Per\u00f2 aviat un paquet inesperat li revelar\u00e0 la identitat del noi amb el qual va compartir les seves m\u00e9s \u00edntimes emocions. El paquet prov\u00e9 de la pres\u00f3 de menors i cont\u00e9 la hist\u00f2ria d&#8217;un assass\u00ed.\u00a0<\/p>\n<p style=\"text-align: justify;\"><b>Guanyador del Premi Edeb\u00e9 Juvenil 2015 <br \/>\n <\/b><\/p>\n<h3>L&#8217;autor:<\/h3>\n<section id=\"author-bio\">\n<p style=\"text-align: justify;\"><strong>Care Santos<\/strong>, \u00e9s el nom amb el qual \u00e9s coneguda l\u2019escriptora Macarena Santos i Torres. Nascuda a <span class=\"articleDetailsFirstRow\"><strong>Matar\u00f3 <\/strong>el 8 d\u2019abril de 1970.<\/span><\/p>\n<div class=\"field field-name-body field-type-text-with-summary field-label-hidden\">\n<div class=\"field-items\">\n<div class=\"field-item even\">\n<div>\n<div class=\"def_full\">\n<div class=\"div1\">\n<div id=\"anchor_21385435\" class=\"div2\">\n<p style=\"text-align: justify;\">Estudi\u00e0 dret, per\u00f2 aviat es dedic\u00e0 al periodisme cultural, que exerc\u00ed en diaris i revistes (<i>ABC<\/i>, <i>El Mundo<\/i>, <i>Quimera<\/i>, <i>Historia y Vida<\/i>, etc.) i a la literatura. Moltes de les seves obres tenen versi\u00f3 en catal\u00e0 i en castell\u00e0, s\u2019inici\u00e0 en la narraci\u00f3 juvenil, g\u00e8nere en el qual ha aconseguit una notable projecci\u00f3 amb, entre altres llibres, <i>Trigal con cuervos<\/i>(1999, premi Ateneo Joven de Sevilla), <i>Hot Dogs<\/i> (2001, premi Gran Angular 2000), <i>La lluna.com<\/i> (2003, premi Edeb\u00e9), <i>Un cam\u00ed dins la boira<\/i>(2006, Premis Literaris de Girona-Ramon Muntaner) o <i>No em preguntis qui s\u00f3c <\/i>(2014, premi Joaquim Ruyra). L&#8217;obra novel\u00b7l\u00edstica per a adults compr\u00e8n <i>El tango del perdedor<\/i> (1997), <i>Aprender a huir<\/i> (2002), <i>El s\u00edndrome Bovary<\/i> (2007), <i>La muerte de Venus<\/i> (2007, versi\u00f3 en catal\u00e0 del 2016), <i>Hacia la luz<\/i> (2007), <i>Habitacions tancades<\/i> (2011), <i>L\u2019aire que respires<\/i> (2013), <i>Desig de Xocolata<\/i> (2014), amb la qual guany\u00e0 el premi Ramon Llull, i\u00a0<i>Diamant blau<\/i> (2015). Al gener del 2017 guany\u00e0 el premi Nadal de novel\u00b7la amb <i>Media vida<\/i>. Ha col\u00b7laborat en els reculls del col\u00b7lectiu d\u2019escriptores Germanes Quintana.<\/p>\n<\/div>\n<\/div>\n<\/div>\n<\/div>\n<\/div>\n<\/div>\n<\/div>\n<\/section>\n<p style=\"text-align: right;\"><span style=\"font-size: 12px;\">Font: <a href=\"http:\/\/www.enciclopedia.cat\/EC-GEC-21375350.xml\" target=\"_blank\" rel=\"noopener\">enciclopedia.cat<\/a><\/span><\/p>\n<table style=\"width: 100%; background-color: #ccccff;\">\n<tbody>\n<tr>\n<td style=\"background-color: #ccccff; text-align: center; vertical-align: middle;\">\n<p><span style=\"font-size: 28px; font-family: arial black,sans-serif;\"><strong><span style=\"font-size: 20px;\">LA TROBADA SER\u00c0 <\/span><br \/>\n <\/strong><\/span><\/p>\n<p><span style=\"font-size: 28px; font-family: arial black,sans-serif;\"><strong>Divendres, 27 d&#8217;abril <\/strong><\/span><span style=\"font-size: 20px; font-family: arial black,sans-serif;\"><strong><span style=\"font-size: 28px;\">a les 5 h de la tarda<\/span> <br \/>\n <\/strong><\/span><\/p>\n<p><strong><span style=\"font-size: 20px; font-family: arial black,sans-serif;\">a la <a href=\"biblioteca.blanes.cat\/salajove\">SALA JOVE<\/a><\/span><br \/>\n <\/strong><\/p>\n<\/td>\n<\/tr>\n<\/tbody>\n<\/table>\n","protected":false},"excerpt":{"rendered":"<p>Aquesta setmana comentarem Mentida de Care Santos. Sinopsi: La X\u00e8nia lluita per treure bones notes, impulsada per la il\u00b7lusi\u00f3 d&#8217;estudiar Medicina, per\u00f2 des de fa un temps el seu rendiment \u00e9s m\u00e9s baix. I \u00e9s que la X\u00e8nia s&#8217;ha enamorat,<\/p>\n","protected":false},"author":4,"featured_media":308,"comment_status":"open","ping_status":"open","sticky":false,"template":"","format":"standard","meta":{"sfsi_plus_gutenberg_text_before_share":"","sfsi_plus_gutenberg_show_text_before_share":"","sfsi_plus_gutenberg_icon_type":"","sfsi_plus_gutenberg_icon_alignemt":"","sfsi_plus_gutenburg_max_per_row":"","footnotes":""},"categories":[1],"tags":[24,29,26,19,21,23],"class_list":["post-1239","post","type-post","status-publish","format-standard","has-post-thumbnail","hentry","category-general","tag-activitats","tag-club-de-lectura","tag-lectura","tag-literatura","tag-llibres","tag-sinopsi"],"yoast_head":"<!-- This site is optimized with the Yoast SEO plugin v27.5 - https:\/\/yoast.com\/product\/yoast-seo-wordpress\/ -->\n<title>CLJ - Club de lectura Jove: Mentida de Care Santos<\/title>\n<meta name=\"description\" content=\"CLJ - Club de lectura - Mentida de Care Santos \u00e9s el llibre que comentarem al proper CLJ: divendres 27 d&#039;abril de 2018 a les 5h de la tarda Sinopsi: ...\" \/>\n<meta name=\"robots\" content=\"index, follow, max-snippet:-1, max-image-preview:large, max-video-preview:-1\" \/>\n<link rel=\"canonical\" href=\"https:\/\/biblioteca.blanes.cat\/salajove\/2018\/04\/24\/clj-mentida-care-santos\/\" \/>\n<meta property=\"og:locale\" content=\"ca_ES\" \/>\n<meta property=\"og:type\" content=\"article\" \/>\n<meta property=\"og:title\" content=\"CLJ - Club de lectura Jove: Mentida de Care Santos\" \/>\n<meta property=\"og:description\" content=\"CLJ - Club de lectura - Mentida de Care Santos \u00e9s el llibre que comentarem al proper CLJ: divendres 27 d&#039;abril de 2018 a les 5h de la tarda Sinopsi: ...\" \/>\n<meta property=\"og:url\" content=\"https:\/\/biblioteca.blanes.cat\/salajove\/2018\/04\/24\/clj-mentida-care-santos\/\" \/>\n<meta property=\"og:site_name\" content=\"Sala Jove\" \/>\n<meta property=\"article:publisher\" content=\"https:\/\/www.facebook.com\/BilbiotecaComarcaldeBlanes\/\" \/>\n<meta property=\"article:published_time\" content=\"2018-04-24T16:43:01+00:00\" \/>\n<meta property=\"article:modified_time\" content=\"2018-06-29T09:42:45+00:00\" \/>\n<meta property=\"og:image\" content=\"https:\/\/biblioteca.blanes.cat\/salajove\/wp-content\/uploads\/sites\/3\/2017\/10\/Mentida.jpg\" \/>\n\t<meta property=\"og:image:width\" content=\"236\" \/>\n\t<meta property=\"og:image:height\" content=\"373\" \/>\n\t<meta property=\"og:image:type\" content=\"image\/jpeg\" \/>\n<meta name=\"author\" content=\"biblioblanes\" \/>\n<meta name=\"twitter:card\" content=\"summary_large_image\" \/>\n<meta name=\"twitter:creator\" content=\"@biblioblanes\" \/>\n<meta name=\"twitter:site\" content=\"@BiblioBlanes\" \/>\n<meta name=\"twitter:label1\" content=\"Escrit per\" \/>\n\t<meta name=\"twitter:data1\" content=\"biblioblanes\" \/>\n\t<meta name=\"twitter:label2\" content=\"Temps estimat de lectura\" \/>\n\t<meta name=\"twitter:data2\" content=\"2 minuts\" \/>\n<script type=\"application\/ld+json\" class=\"yoast-schema-graph\">{\"@context\":\"https:\\\/\\\/schema.org\",\"@graph\":[{\"@type\":\"Article\",\"@id\":\"https:\\\/\\\/biblioteca.blanes.cat\\\/salajove\\\/2018\\\/04\\\/24\\\/clj-mentida-care-santos\\\/#article\",\"isPartOf\":{\"@id\":\"https:\\\/\\\/biblioteca.blanes.cat\\\/salajove\\\/2018\\\/04\\\/24\\\/clj-mentida-care-santos\\\/\"},\"author\":{\"name\":\"biblioblanes\",\"@id\":\"https:\\\/\\\/biblioteca.blanes.cat\\\/salajove\\\/#\\\/schema\\\/person\\\/5a7b46760d9dd611d098bbf571a341dc\"},\"headline\":\"CLJ: Mentida de Care Santos\",\"datePublished\":\"2018-04-24T16:43:01+00:00\",\"dateModified\":\"2018-06-29T09:42:45+00:00\",\"mainEntityOfPage\":{\"@id\":\"https:\\\/\\\/biblioteca.blanes.cat\\\/salajove\\\/2018\\\/04\\\/24\\\/clj-mentida-care-santos\\\/\"},\"wordCount\":424,\"commentCount\":0,\"publisher\":{\"@id\":\"https:\\\/\\\/biblioteca.blanes.cat\\\/salajove\\\/#organization\"},\"image\":{\"@id\":\"https:\\\/\\\/biblioteca.blanes.cat\\\/salajove\\\/2018\\\/04\\\/24\\\/clj-mentida-care-santos\\\/#primaryimage\"},\"thumbnailUrl\":\"https:\\\/\\\/biblioteca.blanes.cat\\\/salajove\\\/wp-content\\\/uploads\\\/sites\\\/3\\\/2017\\\/10\\\/Mentida.jpg\",\"keywords\":[\"#Activitats\",\"#ClubdeLectura\",\"#Lectura\",\"#Literatura\",\"#Llibres\",\"#Sinopsi\"],\"articleSection\":[\"Not\u00edcies\"],\"inLanguage\":\"ca\",\"potentialAction\":[{\"@type\":\"CommentAction\",\"name\":\"Comment\",\"target\":[\"https:\\\/\\\/biblioteca.blanes.cat\\\/salajove\\\/2018\\\/04\\\/24\\\/clj-mentida-care-santos\\\/#respond\"]}]},{\"@type\":\"WebPage\",\"@id\":\"https:\\\/\\\/biblioteca.blanes.cat\\\/salajove\\\/2018\\\/04\\\/24\\\/clj-mentida-care-santos\\\/\",\"url\":\"https:\\\/\\\/biblioteca.blanes.cat\\\/salajove\\\/2018\\\/04\\\/24\\\/clj-mentida-care-santos\\\/\",\"name\":\"CLJ - Club de lectura Jove: Mentida de Care Santos\",\"isPartOf\":{\"@id\":\"https:\\\/\\\/biblioteca.blanes.cat\\\/salajove\\\/#website\"},\"primaryImageOfPage\":{\"@id\":\"https:\\\/\\\/biblioteca.blanes.cat\\\/salajove\\\/2018\\\/04\\\/24\\\/clj-mentida-care-santos\\\/#primaryimage\"},\"image\":{\"@id\":\"https:\\\/\\\/biblioteca.blanes.cat\\\/salajove\\\/2018\\\/04\\\/24\\\/clj-mentida-care-santos\\\/#primaryimage\"},\"thumbnailUrl\":\"https:\\\/\\\/biblioteca.blanes.cat\\\/salajove\\\/wp-content\\\/uploads\\\/sites\\\/3\\\/2017\\\/10\\\/Mentida.jpg\",\"datePublished\":\"2018-04-24T16:43:01+00:00\",\"dateModified\":\"2018-06-29T09:42:45+00:00\",\"description\":\"CLJ - Club de lectura - Mentida de Care Santos \u00e9s el llibre que comentarem al proper CLJ: divendres 27 d'abril de 2018 a les 5h de la tarda Sinopsi: ...\",\"breadcrumb\":{\"@id\":\"https:\\\/\\\/biblioteca.blanes.cat\\\/salajove\\\/2018\\\/04\\\/24\\\/clj-mentida-care-santos\\\/#breadcrumb\"},\"inLanguage\":\"ca\",\"potentialAction\":[{\"@type\":\"ReadAction\",\"target\":[\"https:\\\/\\\/biblioteca.blanes.cat\\\/salajove\\\/2018\\\/04\\\/24\\\/clj-mentida-care-santos\\\/\"]}]},{\"@type\":\"ImageObject\",\"inLanguage\":\"ca\",\"@id\":\"https:\\\/\\\/biblioteca.blanes.cat\\\/salajove\\\/2018\\\/04\\\/24\\\/clj-mentida-care-santos\\\/#primaryimage\",\"url\":\"https:\\\/\\\/biblioteca.blanes.cat\\\/salajove\\\/wp-content\\\/uploads\\\/sites\\\/3\\\/2017\\\/10\\\/Mentida.jpg\",\"contentUrl\":\"https:\\\/\\\/biblioteca.blanes.cat\\\/salajove\\\/wp-content\\\/uploads\\\/sites\\\/3\\\/2017\\\/10\\\/Mentida.jpg\",\"width\":236,\"height\":373},{\"@type\":\"BreadcrumbList\",\"@id\":\"https:\\\/\\\/biblioteca.blanes.cat\\\/salajove\\\/2018\\\/04\\\/24\\\/clj-mentida-care-santos\\\/#breadcrumb\",\"itemListElement\":[{\"@type\":\"ListItem\",\"position\":1,\"name\":\"Inici\",\"item\":\"https:\\\/\\\/biblioteca.blanes.cat\\\/salajove\\\/\"},{\"@type\":\"ListItem\",\"position\":2,\"name\":\"CLJ: Mentida de Care Santos\"}]},{\"@type\":\"WebSite\",\"@id\":\"https:\\\/\\\/biblioteca.blanes.cat\\\/salajove\\\/#website\",\"url\":\"https:\\\/\\\/biblioteca.blanes.cat\\\/salajove\\\/\",\"name\":\"Sala Jove\",\"description\":\"Biblioteca Comarcal de Blanes\",\"publisher\":{\"@id\":\"https:\\\/\\\/biblioteca.blanes.cat\\\/salajove\\\/#organization\"},\"potentialAction\":[{\"@type\":\"SearchAction\",\"target\":{\"@type\":\"EntryPoint\",\"urlTemplate\":\"https:\\\/\\\/biblioteca.blanes.cat\\\/salajove\\\/?s={search_term_string}\"},\"query-input\":{\"@type\":\"PropertyValueSpecification\",\"valueRequired\":true,\"valueName\":\"search_term_string\"}}],\"inLanguage\":\"ca\"},{\"@type\":\"Organization\",\"@id\":\"https:\\\/\\\/biblioteca.blanes.cat\\\/salajove\\\/#organization\",\"name\":\"Biblioteca Comarcal de Blanes\",\"url\":\"https:\\\/\\\/biblioteca.blanes.cat\\\/salajove\\\/\",\"logo\":{\"@type\":\"ImageObject\",\"inLanguage\":\"ca\",\"@id\":\"https:\\\/\\\/biblioteca.blanes.cat\\\/salajove\\\/#\\\/schema\\\/logo\\\/image\\\/\",\"url\":\"https:\\\/\\\/biblioteca.blanes.cat\\\/salajove\\\/wp-content\\\/uploads\\\/sites\\\/3\\\/2017\\\/09\\\/cropped-Bib-blau-e1518869380535.png\",\"contentUrl\":\"https:\\\/\\\/biblioteca.blanes.cat\\\/salajove\\\/wp-content\\\/uploads\\\/sites\\\/3\\\/2017\\\/09\\\/cropped-Bib-blau-e1518869380535.png\",\"width\":166,\"height\":166,\"caption\":\"Biblioteca Comarcal de Blanes\"},\"image\":{\"@id\":\"https:\\\/\\\/biblioteca.blanes.cat\\\/salajove\\\/#\\\/schema\\\/logo\\\/image\\\/\"},\"sameAs\":[\"https:\\\/\\\/www.facebook.com\\\/BilbiotecaComarcaldeBlanes\\\/\",\"https:\\\/\\\/x.com\\\/BiblioBlanes\",\"https:\\\/\\\/www.instagram.com\\\/biblioblanes\\\/\",\"https:\\\/\\\/www.pinterest.es\\\/bblanes\\\/\",\"https:\\\/\\\/www.youtube.com\\\/c\\\/BibliotecaComarcalBlanes\"]},{\"@type\":\"Person\",\"@id\":\"https:\\\/\\\/biblioteca.blanes.cat\\\/salajove\\\/#\\\/schema\\\/person\\\/5a7b46760d9dd611d098bbf571a341dc\",\"name\":\"biblioblanes\",\"image\":{\"@type\":\"ImageObject\",\"inLanguage\":\"ca\",\"@id\":\"https:\\\/\\\/secure.gravatar.com\\\/avatar\\\/6593ca6cc90e5a70939f51c95e8315483b9c281bafba597292bee47992030f99?s=96&d=mm&r=g\",\"url\":\"https:\\\/\\\/secure.gravatar.com\\\/avatar\\\/6593ca6cc90e5a70939f51c95e8315483b9c281bafba597292bee47992030f99?s=96&d=mm&r=g\",\"contentUrl\":\"https:\\\/\\\/secure.gravatar.com\\\/avatar\\\/6593ca6cc90e5a70939f51c95e8315483b9c281bafba597292bee47992030f99?s=96&d=mm&r=g\",\"caption\":\"biblioblanes\"},\"sameAs\":[\"http:\\\/\\\/www.bibgirona.cat\\\/biblioteca\\\/blanes\",\"https:\\\/\\\/x.com\\\/biblioblanes\"],\"url\":\"https:\\\/\\\/biblioteca.blanes.cat\\\/salajove\\\/author\\\/biblioblanes\\\/\"}]}<\/script>\n<!-- \/ Yoast SEO plugin. -->","yoast_head_json":{"title":"CLJ - Club de lectura Jove: Mentida de Care Santos","description":"CLJ - Club de lectura - Mentida de Care Santos \u00e9s el llibre que comentarem al proper CLJ: divendres 27 d'abril de 2018 a les 5h de la tarda Sinopsi: ...","robots":{"index":"index","follow":"follow","max-snippet":"max-snippet:-1","max-image-preview":"max-image-preview:large","max-video-preview":"max-video-preview:-1"},"canonical":"https:\/\/biblioteca.blanes.cat\/salajove\/2018\/04\/24\/clj-mentida-care-santos\/","og_locale":"ca_ES","og_type":"article","og_title":"CLJ - Club de lectura Jove: Mentida de Care Santos","og_description":"CLJ - Club de lectura - Mentida de Care Santos \u00e9s el llibre que comentarem al proper CLJ: divendres 27 d'abril de 2018 a les 5h de la tarda Sinopsi: ...","og_url":"https:\/\/biblioteca.blanes.cat\/salajove\/2018\/04\/24\/clj-mentida-care-santos\/","og_site_name":"Sala Jove","article_publisher":"https:\/\/www.facebook.com\/BilbiotecaComarcaldeBlanes\/","article_published_time":"2018-04-24T16:43:01+00:00","article_modified_time":"2018-06-29T09:42:45+00:00","og_image":[{"width":236,"height":373,"url":"https:\/\/biblioteca.blanes.cat\/salajove\/wp-content\/uploads\/sites\/3\/2017\/10\/Mentida.jpg","type":"image\/jpeg"}],"author":"biblioblanes","twitter_card":"summary_large_image","twitter_creator":"@biblioblanes","twitter_site":"@BiblioBlanes","twitter_misc":{"Escrit per":"biblioblanes","Temps estimat de lectura":"2 minuts"},"schema":{"@context":"https:\/\/schema.org","@graph":[{"@type":"Article","@id":"https:\/\/biblioteca.blanes.cat\/salajove\/2018\/04\/24\/clj-mentida-care-santos\/#article","isPartOf":{"@id":"https:\/\/biblioteca.blanes.cat\/salajove\/2018\/04\/24\/clj-mentida-care-santos\/"},"author":{"name":"biblioblanes","@id":"https:\/\/biblioteca.blanes.cat\/salajove\/#\/schema\/person\/5a7b46760d9dd611d098bbf571a341dc"},"headline":"CLJ: Mentida de Care Santos","datePublished":"2018-04-24T16:43:01+00:00","dateModified":"2018-06-29T09:42:45+00:00","mainEntityOfPage":{"@id":"https:\/\/biblioteca.blanes.cat\/salajove\/2018\/04\/24\/clj-mentida-care-santos\/"},"wordCount":424,"commentCount":0,"publisher":{"@id":"https:\/\/biblioteca.blanes.cat\/salajove\/#organization"},"image":{"@id":"https:\/\/biblioteca.blanes.cat\/salajove\/2018\/04\/24\/clj-mentida-care-santos\/#primaryimage"},"thumbnailUrl":"https:\/\/biblioteca.blanes.cat\/salajove\/wp-content\/uploads\/sites\/3\/2017\/10\/Mentida.jpg","keywords":["#Activitats","#ClubdeLectura","#Lectura","#Literatura","#Llibres","#Sinopsi"],"articleSection":["Not\u00edcies"],"inLanguage":"ca","potentialAction":[{"@type":"CommentAction","name":"Comment","target":["https:\/\/biblioteca.blanes.cat\/salajove\/2018\/04\/24\/clj-mentida-care-santos\/#respond"]}]},{"@type":"WebPage","@id":"https:\/\/biblioteca.blanes.cat\/salajove\/2018\/04\/24\/clj-mentida-care-santos\/","url":"https:\/\/biblioteca.blanes.cat\/salajove\/2018\/04\/24\/clj-mentida-care-santos\/","name":"CLJ - Club de lectura Jove: Mentida de Care Santos","isPartOf":{"@id":"https:\/\/biblioteca.blanes.cat\/salajove\/#website"},"primaryImageOfPage":{"@id":"https:\/\/biblioteca.blanes.cat\/salajove\/2018\/04\/24\/clj-mentida-care-santos\/#primaryimage"},"image":{"@id":"https:\/\/biblioteca.blanes.cat\/salajove\/2018\/04\/24\/clj-mentida-care-santos\/#primaryimage"},"thumbnailUrl":"https:\/\/biblioteca.blanes.cat\/salajove\/wp-content\/uploads\/sites\/3\/2017\/10\/Mentida.jpg","datePublished":"2018-04-24T16:43:01+00:00","dateModified":"2018-06-29T09:42:45+00:00","description":"CLJ - Club de lectura - Mentida de Care Santos \u00e9s el llibre que comentarem al proper CLJ: divendres 27 d'abril de 2018 a les 5h de la tarda Sinopsi: ...","breadcrumb":{"@id":"https:\/\/biblioteca.blanes.cat\/salajove\/2018\/04\/24\/clj-mentida-care-santos\/#breadcrumb"},"inLanguage":"ca","potentialAction":[{"@type":"ReadAction","target":["https:\/\/biblioteca.blanes.cat\/salajove\/2018\/04\/24\/clj-mentida-care-santos\/"]}]},{"@type":"ImageObject","inLanguage":"ca","@id":"https:\/\/biblioteca.blanes.cat\/salajove\/2018\/04\/24\/clj-mentida-care-santos\/#primaryimage","url":"https:\/\/biblioteca.blanes.cat\/salajove\/wp-content\/uploads\/sites\/3\/2017\/10\/Mentida.jpg","contentUrl":"https:\/\/biblioteca.blanes.cat\/salajove\/wp-content\/uploads\/sites\/3\/2017\/10\/Mentida.jpg","width":236,"height":373},{"@type":"BreadcrumbList","@id":"https:\/\/biblioteca.blanes.cat\/salajove\/2018\/04\/24\/clj-mentida-care-santos\/#breadcrumb","itemListElement":[{"@type":"ListItem","position":1,"name":"Inici","item":"https:\/\/biblioteca.blanes.cat\/salajove\/"},{"@type":"ListItem","position":2,"name":"CLJ: Mentida de Care Santos"}]},{"@type":"WebSite","@id":"https:\/\/biblioteca.blanes.cat\/salajove\/#website","url":"https:\/\/biblioteca.blanes.cat\/salajove\/","name":"Sala Jove","description":"Biblioteca Comarcal de Blanes","publisher":{"@id":"https:\/\/biblioteca.blanes.cat\/salajove\/#organization"},"potentialAction":[{"@type":"SearchAction","target":{"@type":"EntryPoint","urlTemplate":"https:\/\/biblioteca.blanes.cat\/salajove\/?s={search_term_string}"},"query-input":{"@type":"PropertyValueSpecification","valueRequired":true,"valueName":"search_term_string"}}],"inLanguage":"ca"},{"@type":"Organization","@id":"https:\/\/biblioteca.blanes.cat\/salajove\/#organization","name":"Biblioteca Comarcal de Blanes","url":"https:\/\/biblioteca.blanes.cat\/salajove\/","logo":{"@type":"ImageObject","inLanguage":"ca","@id":"https:\/\/biblioteca.blanes.cat\/salajove\/#\/schema\/logo\/image\/","url":"https:\/\/biblioteca.blanes.cat\/salajove\/wp-content\/uploads\/sites\/3\/2017\/09\/cropped-Bib-blau-e1518869380535.png","contentUrl":"https:\/\/biblioteca.blanes.cat\/salajove\/wp-content\/uploads\/sites\/3\/2017\/09\/cropped-Bib-blau-e1518869380535.png","width":166,"height":166,"caption":"Biblioteca Comarcal de Blanes"},"image":{"@id":"https:\/\/biblioteca.blanes.cat\/salajove\/#\/schema\/logo\/image\/"},"sameAs":["https:\/\/www.facebook.com\/BilbiotecaComarcaldeBlanes\/","https:\/\/x.com\/BiblioBlanes","https:\/\/www.instagram.com\/biblioblanes\/","https:\/\/www.pinterest.es\/bblanes\/","https:\/\/www.youtube.com\/c\/BibliotecaComarcalBlanes"]},{"@type":"Person","@id":"https:\/\/biblioteca.blanes.cat\/salajove\/#\/schema\/person\/5a7b46760d9dd611d098bbf571a341dc","name":"biblioblanes","image":{"@type":"ImageObject","inLanguage":"ca","@id":"https:\/\/secure.gravatar.com\/avatar\/6593ca6cc90e5a70939f51c95e8315483b9c281bafba597292bee47992030f99?s=96&d=mm&r=g","url":"https:\/\/secure.gravatar.com\/avatar\/6593ca6cc90e5a70939f51c95e8315483b9c281bafba597292bee47992030f99?s=96&d=mm&r=g","contentUrl":"https:\/\/secure.gravatar.com\/avatar\/6593ca6cc90e5a70939f51c95e8315483b9c281bafba597292bee47992030f99?s=96&d=mm&r=g","caption":"biblioblanes"},"sameAs":["http:\/\/www.bibgirona.cat\/biblioteca\/blanes","https:\/\/x.com\/biblioblanes"],"url":"https:\/\/biblioteca.blanes.cat\/salajove\/author\/biblioblanes\/"}]}},"_links":{"self":[{"href":"https:\/\/biblioteca.blanes.cat\/salajove\/wp-json\/wp\/v2\/posts\/1239","targetHints":{"allow":["GET"]}}],"collection":[{"href":"https:\/\/biblioteca.blanes.cat\/salajove\/wp-json\/wp\/v2\/posts"}],"about":[{"href":"https:\/\/biblioteca.blanes.cat\/salajove\/wp-json\/wp\/v2\/types\/post"}],"author":[{"embeddable":true,"href":"https:\/\/biblioteca.blanes.cat\/salajove\/wp-json\/wp\/v2\/users\/4"}],"replies":[{"embeddable":true,"href":"https:\/\/biblioteca.blanes.cat\/salajove\/wp-json\/wp\/v2\/comments?post=1239"}],"version-history":[{"count":12,"href":"https:\/\/biblioteca.blanes.cat\/salajove\/wp-json\/wp\/v2\/posts\/1239\/revisions"}],"predecessor-version":[{"id":1456,"href":"https:\/\/biblioteca.blanes.cat\/salajove\/wp-json\/wp\/v2\/posts\/1239\/revisions\/1456"}],"wp:featuredmedia":[{"embeddable":true,"href":"https:\/\/biblioteca.blanes.cat\/salajove\/wp-json\/wp\/v2\/media\/308"}],"wp:attachment":[{"href":"https:\/\/biblioteca.blanes.cat\/salajove\/wp-json\/wp\/v2\/media?parent=1239"}],"wp:term":[{"taxonomy":"category","embeddable":true,"href":"https:\/\/biblioteca.blanes.cat\/salajove\/wp-json\/wp\/v2\/categories?post=1239"},{"taxonomy":"post_tag","embeddable":true,"href":"https:\/\/biblioteca.blanes.cat\/salajove\/wp-json\/wp\/v2\/tags?post=1239"}],"curies":[{"name":"wp","href":"https:\/\/api.w.org\/{rel}","templated":true}]}}