{"id":1221,"date":"2018-04-26T20:51:22","date_gmt":"2018-04-26T19:51:22","guid":{"rendered":"https:\/\/biblioteca.blanes.cat\/salajove\/?p=1221"},"modified":"2018-05-17T12:46:26","modified_gmt":"2018-05-17T11:46:26","slug":"reina-roja-victoria-aveyard","status":"publish","type":"post","link":"https:\/\/biblioteca.blanes.cat\/salajove\/2018\/04\/26\/reina-roja-victoria-aveyard\/","title":{"rendered":"LA REINA ROJA de Victoria Aveyard"},"content":{"rendered":"<h4 style=\"text-align: justify\"><em>En una sociedad dividida por el color de la sangre , los Rojos luchan por sobrevivir bajo la sombra de loa Plateados, &lt;&gt; con poderes terribles que les permiten manejar el mundo a su antojo. Pero cuando se revela que Mare Barrow \u2013 una joven ladronzuela Roja \u2013 tiene tambi\u00e9n esas habilidades, es llevada al mundo de los Plateadas. All\u00ed descubrir\u00e1 que el poder es juego peligroso y que la \u00fanica certeza es la traici\u00f3n.<\/em><\/h4>\n<h2 style=\"text-align: center\"><span style=\"text-decoration: underline\">RESSENYA<\/span><\/h2>\n<p>La Reina Roja escrita per Victoria Aveyard incia la trilogia: La Reina Roja, La Espada de Cristal i La Jaula del Rey. Aquesta novel\u00b7la va ser considerada la numero \u00fa de les novel\u00b7les juvenils pel The New York Times i pot arribar a superar les distopies adolescents m\u00e9s exitoses del moment.<\/p>\n<h4 style=\"text-align: center\"><em>Eres completamente distinta a todos. Ni Roja ni Plateada. Algo diferente. Algo m\u00e1s<\/em>.<\/h4>\n<p>La historia s\u2019ambienta en una societat en la qual els ciutadans es divideixen pel color de la seva sang: els vermells, la gent obrera i pobre, i els platejats, la noblesa i la realesa.<\/p>\n<p>Mare Barrow es la nostre protagonista. \u00c9s una jove Vermella que sap el que \u00e9s el patiment i la desesperaci\u00f3 per culpa de la pobresa que abunda en els pobles dels Vermells. La vida de la seva fam\u00edlia no ha estat f\u00e0cil i la seva \u00fanica esperan\u00e7a est\u00e0 en la seva germana petita, que posseix un do per la costura capa\u00e7 de mantenir a la seva fam\u00edlia en un futur. Mare es veu obligada a robar per ajudar a la seva fam\u00edlia.<\/p>\n<p>L\u2019amor es un ingredient secund\u00e0ri en aquesta hist\u00f2ria, ja que encara que la Mare arriba a tenir una relaci\u00f3 sentimental amb un dels personatges, mai es deixa dominar pels sentiments. \u00c9s una noia amb principis. Per\u00f2, tot i aix\u00f2, hi podem trobar escenes rom\u00e0ntiques que us captivar\u00e0n i us deixar\u00e0n amb ganes de m\u00e9s.<\/p>\n<h4 style=\"text-align: center\"><em>\u00bfComprendes lo que se siente cuando te arrebatan todo lo que amas, cuando te obligan a ser lo que no eres? \u00bfCuando tienes que mentir cada minuto de cada d\u00eda el resto de tu vida? \u00bfCuando sabes que hay algo raro en ti?<\/em><\/h4>\n<p>La resta dels personatges tamb\u00e9 m\u2019han agradat molt, en especial en Cal Calore, pr\u00edncep de Norta, tot i que el seu color de sang es platejat i els seus objectius com rei no son els apropiats, en Cal us enamorar\u00e0 i estic conven\u00e7uda de que es convertir\u00e0 en un dels vostres personatges preferits sobretot pels seus comportaments nobles i l\u2019aura de misteri que l\u2019envolta.<\/p>\n<h4 style=\"text-align: center\"><em>Todo lo mundo puede tracionar a todo el mundo.<\/em><\/h4>\n<p>Aquesta frase es el lema del llibre. L\u2019ha he posat perqu\u00e8 sapigueu que en aquesta novel\u00b7la tots els personatges us poden traicionar. El misteri i la sensaci\u00f3 de desconfian\u00e7a que envolta aquest llibre van fer que m\u2019hi enganxes perdudament. Des de la primera p\u00e0gina fins a la \u00faltima res \u00e9s el que sembla.<\/p>\n<h4><em><img fetchpriority=\"high\" decoding=\"async\" class=\" alignright\" src=\"https:\/\/vignette.wikia.nocookie.net\/la-reina-roja\/images\/c\/ce\/Portada_Oficial_de_La_Reina_Roja.jpg\/revision\/latest?cb=20160416072346\" width=\"304\" height=\"456\" \/><\/em><\/h4>\n<p>I ara unes quante frases del llibre:<\/p>\n<p><em>\u201cVosotros no sois dignos rivales. Nosotros somos mejores. Somos dioses.\u201d<\/em><\/p>\n<p><em>\u201cLos dioses a\u00fan nos dominan, han descendido de las estrellas y no les queda ni un \u00e1pice de vondad.\u201d<\/em><\/p>\n<p><em>\u201c\u00a1Nos levantaremos, Rojos como el amanecer!\u201d<\/em><\/p>\n<p><em>\u201cSupongo que para lo \u00fanico que sirvo es para causar dolor.\u201d<\/em><\/p>\n<p><em>\u201cEl mundo cambi\u00f3 a nuestro alrededor, pero nosotros seguimos siendo los mismos.\u201d<\/em><\/p>\n<p><em>\u201cPuedo contener las l\u00e1grimas, pero no las preguntas, no la duda que corre en mi coraz\u00f3n.\u201d<\/em><\/p>\n<p><em>\u201cNo sabri\u00e1is lo que es la necesidad aunque \u00e9sta os diese una patada en los dientes, y cr\u00e9eme que lo hace muy a menudo.\u201d<\/em><\/p>\n<p><em>\u201cLas palabras pueden mentir. Tienes que ver m\u00e1s all\u00e1 de ellas\u201d<\/em><\/p>\n<p><em>\u201cLa llama y la sombra. La una no puede existir sin la otra.\u201d<\/em><\/p>\n<p><em>\u201cTodo se redujo a esto desde siempre. Celos. Rivalidad. Todo con la tal de que la sombra pudiera vencer a la llama\u201d<\/em><\/p>\n<h2 style=\"text-align: center\"><span style=\"text-decoration: underline\">I ara unes an\u00e8cdotes:<\/span><\/h2>\n<p>*Victoria Aveyard va n\u00e8ixer a East Longmeadow el 27 de juliol. Despr\u00e9s d\u2019acabar l\u2019institut es va matricular a la Universitat de California del Sud, a la qual es va especialitzar en la escriptura de guions de pel\u00b7l\u00edcules.<\/p>\n<p>*Els seus treballs estan dirigits especialment al sector jovenil.<\/p>\n<p>*Al 2015, Victoria va llen\u00e7ar al mercat la seva primera novel\u00b7la: LA REINA ROJA. El treball es va convertir en un superventes als Estats Units i poc temps m\u00e9s tard va ser tradu\u00eft en diferents idiomes.<\/p>\n<p>*Gr\u00e0cies a aquesta obra la escriptora va guanyar el Goodreads Choise Award a la categor\u00eda d\u2019actor debutant.<\/p>\n<p>*Diuen que estan treballant per portar la novel\u00b7la als cinemes. Pero encara no han dit l\u2019any en que s\u2019estrenar\u00e0. Ja estic impacient!<\/p>\n<h4 style=\"text-align: center\"><em>Este es el mundo que deseo echar abajo,<\/em><br \/>\n<em> el mundo que quiere acabar conmigo<\/em><br \/>\n<em> y todo lo que me importa. Ahora s\u00e9 con que<\/em><br \/>\n<em> lucho y lo dificil, lo imposible, que ser\u00e1 ganar.<\/em><\/h4>\n","protected":false},"excerpt":{"rendered":"<p>En una sociedad dividida por el color de la sangre , los Rojos luchan por sobrevivir bajo la sombra de loa Plateados, &lt;&gt; con poderes terribles que les permiten manejar el mundo a su antojo. Pero cuando se revela que<\/p>\n","protected":false},"author":6,"featured_media":154,"comment_status":"open","ping_status":"open","sticky":false,"template":"","format":"standard","meta":{"sfsi_plus_gutenberg_text_before_share":"","sfsi_plus_gutenberg_show_text_before_share":"","sfsi_plus_gutenberg_icon_type":"","sfsi_plus_gutenberg_icon_alignemt":"","sfsi_plus_gutenburg_max_per_row":"","footnotes":""},"categories":[9,12],"tags":[34,33,26,19],"class_list":["post-1221","post","type-post","status-publish","format-standard","has-post-thumbnail","hentry","category-raco-de-la-paula","category-popular","tag-blog-de-lectura","tag-el-raco-de-la-paula","tag-lectura","tag-literatura"],"yoast_head":"<!-- This site is optimized with the Yoast SEO plugin v27.5 - https:\/\/yoast.com\/product\/yoast-seo-wordpress\/ -->\n<title>El Rac\u00f3 de la Paula: LA REINA ROJA de Victoria Aveyard<\/title>\n<meta name=\"description\" content=\"La Reina Roja escrita per Victoria Aveyard incia la trilogia: La Reina Roja, La Espada de Cristal i La Jaula del Rey.\" \/>\n<meta name=\"robots\" content=\"index, follow, max-snippet:-1, max-image-preview:large, max-video-preview:-1\" \/>\n<link rel=\"canonical\" href=\"https:\/\/biblioteca.blanes.cat\/salajove\/2018\/04\/26\/reina-roja-victoria-aveyard\/\" \/>\n<meta property=\"og:locale\" content=\"ca_ES\" \/>\n<meta property=\"og:type\" content=\"article\" \/>\n<meta property=\"og:title\" content=\"El Rac\u00f3 de la Paula: LA REINA ROJA de Victoria Aveyard\" \/>\n<meta property=\"og:description\" content=\"La Reina Roja escrita per Victoria Aveyard incia la trilogia: La Reina Roja, La Espada de Cristal i La Jaula del Rey.\" \/>\n<meta property=\"og:url\" content=\"https:\/\/biblioteca.blanes.cat\/salajove\/2018\/04\/26\/reina-roja-victoria-aveyard\/\" \/>\n<meta property=\"og:site_name\" content=\"Sala Jove\" \/>\n<meta property=\"article:publisher\" content=\"https:\/\/www.facebook.com\/BilbiotecaComarcaldeBlanes\/\" \/>\n<meta property=\"article:published_time\" content=\"2018-04-26T19:51:22+00:00\" \/>\n<meta property=\"article:modified_time\" content=\"2018-05-17T11:46:26+00:00\" \/>\n<meta property=\"og:image\" content=\"https:\/\/biblioteca.blanes.cat\/salajove\/wp-content\/uploads\/sites\/3\/2017\/10\/Destacat_rac\u00f3_Paula.png\" \/>\n\t<meta property=\"og:image:width\" content=\"3719\" \/>\n\t<meta property=\"og:image:height\" content=\"2265\" \/>\n\t<meta property=\"og:image:type\" content=\"image\/png\" \/>\n<meta name=\"author\" content=\"paula\" \/>\n<meta name=\"twitter:card\" content=\"summary_large_image\" \/>\n<meta name=\"twitter:creator\" content=\"@BiblioBlanes\" \/>\n<meta name=\"twitter:site\" content=\"@BiblioBlanes\" \/>\n<meta name=\"twitter:label1\" content=\"Escrit per\" \/>\n\t<meta name=\"twitter:data1\" content=\"paula\" \/>\n\t<meta name=\"twitter:label2\" content=\"Temps estimat de lectura\" \/>\n\t<meta name=\"twitter:data2\" content=\"4 minuts\" \/>\n<script type=\"application\/ld+json\" class=\"yoast-schema-graph\">{\"@context\":\"https:\\\/\\\/schema.org\",\"@graph\":[{\"@type\":\"Article\",\"@id\":\"https:\\\/\\\/biblioteca.blanes.cat\\\/salajove\\\/2018\\\/04\\\/26\\\/reina-roja-victoria-aveyard\\\/#article\",\"isPartOf\":{\"@id\":\"https:\\\/\\\/biblioteca.blanes.cat\\\/salajove\\\/2018\\\/04\\\/26\\\/reina-roja-victoria-aveyard\\\/\"},\"author\":{\"name\":\"paula\",\"@id\":\"https:\\\/\\\/biblioteca.blanes.cat\\\/salajove\\\/#\\\/schema\\\/person\\\/8dbc45cdf5d1c7e2d100d147517ba7f3\"},\"headline\":\"LA REINA ROJA de Victoria Aveyard\",\"datePublished\":\"2018-04-26T19:51:22+00:00\",\"dateModified\":\"2018-05-17T11:46:26+00:00\",\"mainEntityOfPage\":{\"@id\":\"https:\\\/\\\/biblioteca.blanes.cat\\\/salajove\\\/2018\\\/04\\\/26\\\/reina-roja-victoria-aveyard\\\/\"},\"wordCount\":842,\"commentCount\":0,\"publisher\":{\"@id\":\"https:\\\/\\\/biblioteca.blanes.cat\\\/salajove\\\/#organization\"},\"image\":{\"@id\":\"https:\\\/\\\/biblioteca.blanes.cat\\\/salajove\\\/2018\\\/04\\\/26\\\/reina-roja-victoria-aveyard\\\/#primaryimage\"},\"thumbnailUrl\":\"https:\\\/\\\/biblioteca.blanes.cat\\\/salajove\\\/wp-content\\\/uploads\\\/sites\\\/3\\\/2017\\\/10\\\/Destacat_rac\u00f3_Paula.png\",\"keywords\":[\"#BlogdeLectura\",\"#ElRac\u00f3delaPaula\",\"#Lectura\",\"#Literatura\"],\"articleSection\":[\"Rac\u00f3 de la Paula\",\"RP_Popular\"],\"inLanguage\":\"ca\",\"potentialAction\":[{\"@type\":\"CommentAction\",\"name\":\"Comment\",\"target\":[\"https:\\\/\\\/biblioteca.blanes.cat\\\/salajove\\\/2018\\\/04\\\/26\\\/reina-roja-victoria-aveyard\\\/#respond\"]}]},{\"@type\":\"WebPage\",\"@id\":\"https:\\\/\\\/biblioteca.blanes.cat\\\/salajove\\\/2018\\\/04\\\/26\\\/reina-roja-victoria-aveyard\\\/\",\"url\":\"https:\\\/\\\/biblioteca.blanes.cat\\\/salajove\\\/2018\\\/04\\\/26\\\/reina-roja-victoria-aveyard\\\/\",\"name\":\"El Rac\u00f3 de la Paula: LA REINA ROJA de Victoria Aveyard\",\"isPartOf\":{\"@id\":\"https:\\\/\\\/biblioteca.blanes.cat\\\/salajove\\\/#website\"},\"primaryImageOfPage\":{\"@id\":\"https:\\\/\\\/biblioteca.blanes.cat\\\/salajove\\\/2018\\\/04\\\/26\\\/reina-roja-victoria-aveyard\\\/#primaryimage\"},\"image\":{\"@id\":\"https:\\\/\\\/biblioteca.blanes.cat\\\/salajove\\\/2018\\\/04\\\/26\\\/reina-roja-victoria-aveyard\\\/#primaryimage\"},\"thumbnailUrl\":\"https:\\\/\\\/biblioteca.blanes.cat\\\/salajove\\\/wp-content\\\/uploads\\\/sites\\\/3\\\/2017\\\/10\\\/Destacat_rac\u00f3_Paula.png\",\"datePublished\":\"2018-04-26T19:51:22+00:00\",\"dateModified\":\"2018-05-17T11:46:26+00:00\",\"description\":\"La Reina Roja escrita per Victoria Aveyard incia la trilogia: La Reina Roja, La Espada de Cristal i La Jaula del Rey.\",\"breadcrumb\":{\"@id\":\"https:\\\/\\\/biblioteca.blanes.cat\\\/salajove\\\/2018\\\/04\\\/26\\\/reina-roja-victoria-aveyard\\\/#breadcrumb\"},\"inLanguage\":\"ca\",\"potentialAction\":[{\"@type\":\"ReadAction\",\"target\":[\"https:\\\/\\\/biblioteca.blanes.cat\\\/salajove\\\/2018\\\/04\\\/26\\\/reina-roja-victoria-aveyard\\\/\"]}]},{\"@type\":\"ImageObject\",\"inLanguage\":\"ca\",\"@id\":\"https:\\\/\\\/biblioteca.blanes.cat\\\/salajove\\\/2018\\\/04\\\/26\\\/reina-roja-victoria-aveyard\\\/#primaryimage\",\"url\":\"https:\\\/\\\/biblioteca.blanes.cat\\\/salajove\\\/wp-content\\\/uploads\\\/sites\\\/3\\\/2017\\\/10\\\/Destacat_rac\u00f3_Paula.png\",\"contentUrl\":\"https:\\\/\\\/biblioteca.blanes.cat\\\/salajove\\\/wp-content\\\/uploads\\\/sites\\\/3\\\/2017\\\/10\\\/Destacat_rac\u00f3_Paula.png\",\"width\":3719,\"height\":2265,\"caption\":\"Rac\u00f3 de la Paula\"},{\"@type\":\"BreadcrumbList\",\"@id\":\"https:\\\/\\\/biblioteca.blanes.cat\\\/salajove\\\/2018\\\/04\\\/26\\\/reina-roja-victoria-aveyard\\\/#breadcrumb\",\"itemListElement\":[{\"@type\":\"ListItem\",\"position\":1,\"name\":\"Inici\",\"item\":\"https:\\\/\\\/biblioteca.blanes.cat\\\/salajove\\\/\"},{\"@type\":\"ListItem\",\"position\":2,\"name\":\"LA REINA ROJA de Victoria Aveyard\"}]},{\"@type\":\"WebSite\",\"@id\":\"https:\\\/\\\/biblioteca.blanes.cat\\\/salajove\\\/#website\",\"url\":\"https:\\\/\\\/biblioteca.blanes.cat\\\/salajove\\\/\",\"name\":\"Sala Jove\",\"description\":\"Biblioteca Comarcal de Blanes\",\"publisher\":{\"@id\":\"https:\\\/\\\/biblioteca.blanes.cat\\\/salajove\\\/#organization\"},\"potentialAction\":[{\"@type\":\"SearchAction\",\"target\":{\"@type\":\"EntryPoint\",\"urlTemplate\":\"https:\\\/\\\/biblioteca.blanes.cat\\\/salajove\\\/?s={search_term_string}\"},\"query-input\":{\"@type\":\"PropertyValueSpecification\",\"valueRequired\":true,\"valueName\":\"search_term_string\"}}],\"inLanguage\":\"ca\"},{\"@type\":\"Organization\",\"@id\":\"https:\\\/\\\/biblioteca.blanes.cat\\\/salajove\\\/#organization\",\"name\":\"Biblioteca Comarcal de Blanes\",\"url\":\"https:\\\/\\\/biblioteca.blanes.cat\\\/salajove\\\/\",\"logo\":{\"@type\":\"ImageObject\",\"inLanguage\":\"ca\",\"@id\":\"https:\\\/\\\/biblioteca.blanes.cat\\\/salajove\\\/#\\\/schema\\\/logo\\\/image\\\/\",\"url\":\"https:\\\/\\\/biblioteca.blanes.cat\\\/salajove\\\/wp-content\\\/uploads\\\/sites\\\/3\\\/2017\\\/09\\\/cropped-Bib-blau-e1518869380535.png\",\"contentUrl\":\"https:\\\/\\\/biblioteca.blanes.cat\\\/salajove\\\/wp-content\\\/uploads\\\/sites\\\/3\\\/2017\\\/09\\\/cropped-Bib-blau-e1518869380535.png\",\"width\":166,\"height\":166,\"caption\":\"Biblioteca Comarcal de Blanes\"},\"image\":{\"@id\":\"https:\\\/\\\/biblioteca.blanes.cat\\\/salajove\\\/#\\\/schema\\\/logo\\\/image\\\/\"},\"sameAs\":[\"https:\\\/\\\/www.facebook.com\\\/BilbiotecaComarcaldeBlanes\\\/\",\"https:\\\/\\\/x.com\\\/BiblioBlanes\",\"https:\\\/\\\/www.instagram.com\\\/biblioblanes\\\/\",\"https:\\\/\\\/www.pinterest.es\\\/bblanes\\\/\",\"https:\\\/\\\/www.youtube.com\\\/c\\\/BibliotecaComarcalBlanes\"]},{\"@type\":\"Person\",\"@id\":\"https:\\\/\\\/biblioteca.blanes.cat\\\/salajove\\\/#\\\/schema\\\/person\\\/8dbc45cdf5d1c7e2d100d147517ba7f3\",\"name\":\"paula\",\"image\":{\"@type\":\"ImageObject\",\"inLanguage\":\"ca\",\"@id\":\"https:\\\/\\\/secure.gravatar.com\\\/avatar\\\/7dc0a9399589f36ddc6864e8335b73854871aa22921ee390cb50776e7ddfc136?s=96&d=mm&r=g\",\"url\":\"https:\\\/\\\/secure.gravatar.com\\\/avatar\\\/7dc0a9399589f36ddc6864e8335b73854871aa22921ee390cb50776e7ddfc136?s=96&d=mm&r=g\",\"contentUrl\":\"https:\\\/\\\/secure.gravatar.com\\\/avatar\\\/7dc0a9399589f36ddc6864e8335b73854871aa22921ee390cb50776e7ddfc136?s=96&d=mm&r=g\",\"caption\":\"paula\"},\"url\":\"https:\\\/\\\/biblioteca.blanes.cat\\\/salajove\\\/author\\\/paula\\\/\"}]}<\/script>\n<!-- \/ Yoast SEO plugin. -->","yoast_head_json":{"title":"El Rac\u00f3 de la Paula: LA REINA ROJA de Victoria Aveyard","description":"La Reina Roja escrita per Victoria Aveyard incia la trilogia: La Reina Roja, La Espada de Cristal i La Jaula del Rey.","robots":{"index":"index","follow":"follow","max-snippet":"max-snippet:-1","max-image-preview":"max-image-preview:large","max-video-preview":"max-video-preview:-1"},"canonical":"https:\/\/biblioteca.blanes.cat\/salajove\/2018\/04\/26\/reina-roja-victoria-aveyard\/","og_locale":"ca_ES","og_type":"article","og_title":"El Rac\u00f3 de la Paula: LA REINA ROJA de Victoria Aveyard","og_description":"La Reina Roja escrita per Victoria Aveyard incia la trilogia: La Reina Roja, La Espada de Cristal i La Jaula del Rey.","og_url":"https:\/\/biblioteca.blanes.cat\/salajove\/2018\/04\/26\/reina-roja-victoria-aveyard\/","og_site_name":"Sala Jove","article_publisher":"https:\/\/www.facebook.com\/BilbiotecaComarcaldeBlanes\/","article_published_time":"2018-04-26T19:51:22+00:00","article_modified_time":"2018-05-17T11:46:26+00:00","og_image":[{"width":3719,"height":2265,"url":"https:\/\/biblioteca.blanes.cat\/salajove\/wp-content\/uploads\/sites\/3\/2017\/10\/Destacat_rac\u00f3_Paula.png","type":"image\/png"}],"author":"paula","twitter_card":"summary_large_image","twitter_creator":"@BiblioBlanes","twitter_site":"@BiblioBlanes","twitter_misc":{"Escrit per":"paula","Temps estimat de lectura":"4 minuts"},"schema":{"@context":"https:\/\/schema.org","@graph":[{"@type":"Article","@id":"https:\/\/biblioteca.blanes.cat\/salajove\/2018\/04\/26\/reina-roja-victoria-aveyard\/#article","isPartOf":{"@id":"https:\/\/biblioteca.blanes.cat\/salajove\/2018\/04\/26\/reina-roja-victoria-aveyard\/"},"author":{"name":"paula","@id":"https:\/\/biblioteca.blanes.cat\/salajove\/#\/schema\/person\/8dbc45cdf5d1c7e2d100d147517ba7f3"},"headline":"LA REINA ROJA de Victoria Aveyard","datePublished":"2018-04-26T19:51:22+00:00","dateModified":"2018-05-17T11:46:26+00:00","mainEntityOfPage":{"@id":"https:\/\/biblioteca.blanes.cat\/salajove\/2018\/04\/26\/reina-roja-victoria-aveyard\/"},"wordCount":842,"commentCount":0,"publisher":{"@id":"https:\/\/biblioteca.blanes.cat\/salajove\/#organization"},"image":{"@id":"https:\/\/biblioteca.blanes.cat\/salajove\/2018\/04\/26\/reina-roja-victoria-aveyard\/#primaryimage"},"thumbnailUrl":"https:\/\/biblioteca.blanes.cat\/salajove\/wp-content\/uploads\/sites\/3\/2017\/10\/Destacat_rac\u00f3_Paula.png","keywords":["#BlogdeLectura","#ElRac\u00f3delaPaula","#Lectura","#Literatura"],"articleSection":["Rac\u00f3 de la Paula","RP_Popular"],"inLanguage":"ca","potentialAction":[{"@type":"CommentAction","name":"Comment","target":["https:\/\/biblioteca.blanes.cat\/salajove\/2018\/04\/26\/reina-roja-victoria-aveyard\/#respond"]}]},{"@type":"WebPage","@id":"https:\/\/biblioteca.blanes.cat\/salajove\/2018\/04\/26\/reina-roja-victoria-aveyard\/","url":"https:\/\/biblioteca.blanes.cat\/salajove\/2018\/04\/26\/reina-roja-victoria-aveyard\/","name":"El Rac\u00f3 de la Paula: LA REINA ROJA de Victoria Aveyard","isPartOf":{"@id":"https:\/\/biblioteca.blanes.cat\/salajove\/#website"},"primaryImageOfPage":{"@id":"https:\/\/biblioteca.blanes.cat\/salajove\/2018\/04\/26\/reina-roja-victoria-aveyard\/#primaryimage"},"image":{"@id":"https:\/\/biblioteca.blanes.cat\/salajove\/2018\/04\/26\/reina-roja-victoria-aveyard\/#primaryimage"},"thumbnailUrl":"https:\/\/biblioteca.blanes.cat\/salajove\/wp-content\/uploads\/sites\/3\/2017\/10\/Destacat_rac\u00f3_Paula.png","datePublished":"2018-04-26T19:51:22+00:00","dateModified":"2018-05-17T11:46:26+00:00","description":"La Reina Roja escrita per Victoria Aveyard incia la trilogia: La Reina Roja, La Espada de Cristal i La Jaula del Rey.","breadcrumb":{"@id":"https:\/\/biblioteca.blanes.cat\/salajove\/2018\/04\/26\/reina-roja-victoria-aveyard\/#breadcrumb"},"inLanguage":"ca","potentialAction":[{"@type":"ReadAction","target":["https:\/\/biblioteca.blanes.cat\/salajove\/2018\/04\/26\/reina-roja-victoria-aveyard\/"]}]},{"@type":"ImageObject","inLanguage":"ca","@id":"https:\/\/biblioteca.blanes.cat\/salajove\/2018\/04\/26\/reina-roja-victoria-aveyard\/#primaryimage","url":"https:\/\/biblioteca.blanes.cat\/salajove\/wp-content\/uploads\/sites\/3\/2017\/10\/Destacat_rac\u00f3_Paula.png","contentUrl":"https:\/\/biblioteca.blanes.cat\/salajove\/wp-content\/uploads\/sites\/3\/2017\/10\/Destacat_rac\u00f3_Paula.png","width":3719,"height":2265,"caption":"Rac\u00f3 de la Paula"},{"@type":"BreadcrumbList","@id":"https:\/\/biblioteca.blanes.cat\/salajove\/2018\/04\/26\/reina-roja-victoria-aveyard\/#breadcrumb","itemListElement":[{"@type":"ListItem","position":1,"name":"Inici","item":"https:\/\/biblioteca.blanes.cat\/salajove\/"},{"@type":"ListItem","position":2,"name":"LA REINA ROJA de Victoria Aveyard"}]},{"@type":"WebSite","@id":"https:\/\/biblioteca.blanes.cat\/salajove\/#website","url":"https:\/\/biblioteca.blanes.cat\/salajove\/","name":"Sala Jove","description":"Biblioteca Comarcal de Blanes","publisher":{"@id":"https:\/\/biblioteca.blanes.cat\/salajove\/#organization"},"potentialAction":[{"@type":"SearchAction","target":{"@type":"EntryPoint","urlTemplate":"https:\/\/biblioteca.blanes.cat\/salajove\/?s={search_term_string}"},"query-input":{"@type":"PropertyValueSpecification","valueRequired":true,"valueName":"search_term_string"}}],"inLanguage":"ca"},{"@type":"Organization","@id":"https:\/\/biblioteca.blanes.cat\/salajove\/#organization","name":"Biblioteca Comarcal de Blanes","url":"https:\/\/biblioteca.blanes.cat\/salajove\/","logo":{"@type":"ImageObject","inLanguage":"ca","@id":"https:\/\/biblioteca.blanes.cat\/salajove\/#\/schema\/logo\/image\/","url":"https:\/\/biblioteca.blanes.cat\/salajove\/wp-content\/uploads\/sites\/3\/2017\/09\/cropped-Bib-blau-e1518869380535.png","contentUrl":"https:\/\/biblioteca.blanes.cat\/salajove\/wp-content\/uploads\/sites\/3\/2017\/09\/cropped-Bib-blau-e1518869380535.png","width":166,"height":166,"caption":"Biblioteca Comarcal de Blanes"},"image":{"@id":"https:\/\/biblioteca.blanes.cat\/salajove\/#\/schema\/logo\/image\/"},"sameAs":["https:\/\/www.facebook.com\/BilbiotecaComarcaldeBlanes\/","https:\/\/x.com\/BiblioBlanes","https:\/\/www.instagram.com\/biblioblanes\/","https:\/\/www.pinterest.es\/bblanes\/","https:\/\/www.youtube.com\/c\/BibliotecaComarcalBlanes"]},{"@type":"Person","@id":"https:\/\/biblioteca.blanes.cat\/salajove\/#\/schema\/person\/8dbc45cdf5d1c7e2d100d147517ba7f3","name":"paula","image":{"@type":"ImageObject","inLanguage":"ca","@id":"https:\/\/secure.gravatar.com\/avatar\/7dc0a9399589f36ddc6864e8335b73854871aa22921ee390cb50776e7ddfc136?s=96&d=mm&r=g","url":"https:\/\/secure.gravatar.com\/avatar\/7dc0a9399589f36ddc6864e8335b73854871aa22921ee390cb50776e7ddfc136?s=96&d=mm&r=g","contentUrl":"https:\/\/secure.gravatar.com\/avatar\/7dc0a9399589f36ddc6864e8335b73854871aa22921ee390cb50776e7ddfc136?s=96&d=mm&r=g","caption":"paula"},"url":"https:\/\/biblioteca.blanes.cat\/salajove\/author\/paula\/"}]}},"_links":{"self":[{"href":"https:\/\/biblioteca.blanes.cat\/salajove\/wp-json\/wp\/v2\/posts\/1221","targetHints":{"allow":["GET"]}}],"collection":[{"href":"https:\/\/biblioteca.blanes.cat\/salajove\/wp-json\/wp\/v2\/posts"}],"about":[{"href":"https:\/\/biblioteca.blanes.cat\/salajove\/wp-json\/wp\/v2\/types\/post"}],"author":[{"embeddable":true,"href":"https:\/\/biblioteca.blanes.cat\/salajove\/wp-json\/wp\/v2\/users\/6"}],"replies":[{"embeddable":true,"href":"https:\/\/biblioteca.blanes.cat\/salajove\/wp-json\/wp\/v2\/comments?post=1221"}],"version-history":[{"count":2,"href":"https:\/\/biblioteca.blanes.cat\/salajove\/wp-json\/wp\/v2\/posts\/1221\/revisions"}],"predecessor-version":[{"id":1223,"href":"https:\/\/biblioteca.blanes.cat\/salajove\/wp-json\/wp\/v2\/posts\/1221\/revisions\/1223"}],"wp:featuredmedia":[{"embeddable":true,"href":"https:\/\/biblioteca.blanes.cat\/salajove\/wp-json\/wp\/v2\/media\/154"}],"wp:attachment":[{"href":"https:\/\/biblioteca.blanes.cat\/salajove\/wp-json\/wp\/v2\/media?parent=1221"}],"wp:term":[{"taxonomy":"category","embeddable":true,"href":"https:\/\/biblioteca.blanes.cat\/salajove\/wp-json\/wp\/v2\/categories?post=1221"},{"taxonomy":"post_tag","embeddable":true,"href":"https:\/\/biblioteca.blanes.cat\/salajove\/wp-json\/wp\/v2\/tags?post=1221"}],"curies":[{"name":"wp","href":"https:\/\/api.w.org\/{rel}","templated":true}]}}