{"id":1216,"date":"2018-02-20T20:43:22","date_gmt":"2018-02-20T19:43:22","guid":{"rendered":"https:\/\/biblioteca.blanes.cat\/salajove\/?p=1216"},"modified":"2018-04-04T11:34:43","modified_gmt":"2018-04-04T10:34:43","slug":"charlotte-r-j-palacio","status":"publish","type":"post","link":"https:\/\/biblioteca.blanes.cat\/salajove\/2018\/02\/20\/charlotte-r-j-palacio\/","title":{"rendered":"CHARLOTTE de R.J. Palacio"},"content":{"rendered":"<p><img fetchpriority=\"high\" decoding=\"async\" class=\" alignright\" src=\"http:\/\/lacampanaeditorial.com\/file\/2016\/02\/charlottebe-401x609.jpg\" width=\"272\" height=\"413\" \/>Segur que ja coneixeu el llibre Wonder, La lecci\u00f3n de August. Doncs b\u00e9, la escriptora R.J. Palacio va decidir escriure m\u00e9s llibres sobre la hist\u00f2ria de l\u2019August. Pero, des de diferents punts de vista: El cap\u00edtulo de Julian, Plut\u00f3 i Charlotte, creant aix\u00ed una saga.<\/p>\n<h4 style=\"text-align: center\">A trav\u00e9s de la Charlotte, la nena triada pel professor Culet per ensenyar l\u2019escola a l\u2019Auggie. Veurem com viuen les noies, que una part dels nens de la classe faci bullying a l\u2019Auggie i al seu amic Jack Will. Tamb\u00e9 fins a quin punt els nostres perjudicis i l\u2019afany de ser acceptats pels altres, a vegades ens impedeixen ser nosaltres mateixos.<\/h4>\n<p>Si esteu pensant que trobareu una continuaci\u00f3 de la hist\u00f2ria de l\u2019Auggie en aquest llibre us equivoqueu. Nom\u00e9s coneixem la vida de la Charlotte.<\/p>\n<p>Crec que aix\u00f2 es el que m\u00e9s m\u2019ha disgustat d\u2019aquest llibre. La sinopsi prometia una visi\u00f3 diferent de la hist\u00f2ria de l\u2019Auggie. I al final nom\u00e9s explica la gran preocupaci\u00f3 que t\u00e9 la Charlotte a l\u2019hora de fer-se amb les populars i de participar en un ball escolar.<\/p>\n<p>Realment esperava alguna cosa diferent i aix\u00f2 segurament m\u2019ha influenciat molt a l\u2019hora de valorar-lo.<\/p>\n<p>B\u00e9 com ja sabeu, la protagonista \u00e9s la Charlotte. Una nena que li importa molt quedar b\u00e9 davant de la gent i el que pensin d\u2019ella. En definitiva una noia amb falta de personalitat i car\u00e0cter. Que es deixa arrastrar i influenciar f\u00e0cilment pels altres companys de la seva edat. En definitiva, sempre actua per agradar als altres.<\/p>\n<p>I ara unes quantes frases:<\/p>\n<h3>\u201cPodr\u00edem fer una nova norma: intentar sempre ser m\u00e9s amable del necessari.\u201d<\/h3>\n<h3>\u201cCreure en la adversitat, acceptar-se tal i com ets, somriure al dies griso. I saber que, al final, sempre trobar\u00e0s una m\u00e0 amiga.\u201d<\/h3>\n<p>I ara unes an\u00e8cdotes:<\/p>\n<p>*R.J.Palacio ha desenvolupat una notable carrera com a dissenyadora de portades i directora d\u2019art per importants editorials en els Estats Units.<\/p>\n<p>*Despr\u00e9s de vint anys en el disseny va decidir escriure i il\u00b7lustrar el seu primer llibre. Era una cosa que sempre havia desitjat fer despr\u00e9s de treballar tant de temps per millor les portades dels altres llibres.<\/p>\n<p>*D\u2019aquesta manera va n\u00e9ixer Wonder publicada el 2012 i que ha suposat un \u00e8xit de ventes internacionalment dins del g\u00e8nere juvenil.<\/p>\n<p>En fi \u00e9s un llibre que es llegeix r\u00e0pid. No \u00e9s una hist\u00f2ria memorable per\u00f2 s\u00ed que \u00e9s realista i, a m\u00e9s, explica an\u00e8cdotes escolars que m\u2019han fet recorda la meva inf\u00e0ncia.<\/p>\n<p>Aquest llibre no \u00e9s un dels que m\u2019han agradat m\u00e9s per\u00f2 nom\u00e9s \u00e9s la meva opini\u00f3! Us animo a llegir-lo a veure si a vosaltres us agrada m\u00e9s que a mi.<\/p>\n","protected":false},"excerpt":{"rendered":"<p>Segur que ja coneixeu el llibre Wonder, La lecci\u00f3n de August. Doncs b\u00e9, la escriptora R.J. Palacio va decidir escriure m\u00e9s llibres sobre la hist\u00f2ria de l\u2019August. Pero, des de diferents punts de vista: El cap\u00edtulo de Julian, Plut\u00f3 i<\/p>\n","protected":false},"author":6,"featured_media":154,"comment_status":"open","ping_status":"open","sticky":false,"template":"","format":"standard","meta":{"sfsi_plus_gutenberg_text_before_share":"","sfsi_plus_gutenberg_show_text_before_share":"","sfsi_plus_gutenberg_icon_type":"","sfsi_plus_gutenberg_icon_alignemt":"","sfsi_plus_gutenburg_max_per_row":"","footnotes":""},"categories":[9,12],"tags":[34,33,19,21],"class_list":["post-1216","post","type-post","status-publish","format-standard","has-post-thumbnail","hentry","category-raco-de-la-paula","category-popular","tag-blog-de-lectura","tag-el-raco-de-la-paula","tag-literatura","tag-llibres"],"yoast_head":"<!-- This site is optimized with the Yoast SEO plugin v27.5 - https:\/\/yoast.com\/product\/yoast-seo-wordpress\/ -->\n<title>El Rac\u00f3 de la Paula: CHARLOTTE de R.J. Palacio<\/title>\n<meta name=\"description\" content=\"Si esteu pensant que trobareu una continuaci\u00f3 de la hist\u00f2ria de l\u2019Auggie en aquest llibre de la R.J. Palacio us equivoqueu.\" \/>\n<meta name=\"robots\" content=\"index, follow, max-snippet:-1, max-image-preview:large, max-video-preview:-1\" \/>\n<link rel=\"canonical\" href=\"https:\/\/biblioteca.blanes.cat\/salajove\/2018\/02\/20\/charlotte-r-j-palacio\/\" \/>\n<meta property=\"og:locale\" content=\"ca_ES\" \/>\n<meta property=\"og:type\" content=\"article\" \/>\n<meta property=\"og:title\" content=\"El Rac\u00f3 de la Paula: CHARLOTTE de R.J. Palacio\" \/>\n<meta property=\"og:description\" content=\"Si esteu pensant que trobareu una continuaci\u00f3 de la hist\u00f2ria de l\u2019Auggie en aquest llibre de la R.J. Palacio us equivoqueu.\" \/>\n<meta property=\"og:url\" content=\"https:\/\/biblioteca.blanes.cat\/salajove\/2018\/02\/20\/charlotte-r-j-palacio\/\" \/>\n<meta property=\"og:site_name\" content=\"Sala Jove\" \/>\n<meta property=\"article:publisher\" content=\"https:\/\/www.facebook.com\/BilbiotecaComarcaldeBlanes\/\" \/>\n<meta property=\"article:published_time\" content=\"2018-02-20T19:43:22+00:00\" \/>\n<meta property=\"article:modified_time\" content=\"2018-04-04T10:34:43+00:00\" \/>\n<meta property=\"og:image\" content=\"https:\/\/biblioteca.blanes.cat\/salajove\/wp-content\/uploads\/sites\/3\/2017\/10\/Destacat_rac\u00f3_Paula.png\" \/>\n\t<meta property=\"og:image:width\" content=\"3719\" \/>\n\t<meta property=\"og:image:height\" content=\"2265\" \/>\n\t<meta property=\"og:image:type\" content=\"image\/png\" \/>\n<meta name=\"author\" content=\"paula\" \/>\n<meta name=\"twitter:card\" content=\"summary_large_image\" \/>\n<meta name=\"twitter:creator\" content=\"@BiblioBlanes\" \/>\n<meta name=\"twitter:site\" content=\"@BiblioBlanes\" \/>\n<meta name=\"twitter:label1\" content=\"Escrit per\" \/>\n\t<meta name=\"twitter:data1\" content=\"paula\" \/>\n\t<meta name=\"twitter:label2\" content=\"Temps estimat de lectura\" \/>\n\t<meta name=\"twitter:data2\" content=\"2 minuts\" \/>\n<script type=\"application\/ld+json\" class=\"yoast-schema-graph\">{\"@context\":\"https:\\\/\\\/schema.org\",\"@graph\":[{\"@type\":\"Article\",\"@id\":\"https:\\\/\\\/biblioteca.blanes.cat\\\/salajove\\\/2018\\\/02\\\/20\\\/charlotte-r-j-palacio\\\/#article\",\"isPartOf\":{\"@id\":\"https:\\\/\\\/biblioteca.blanes.cat\\\/salajove\\\/2018\\\/02\\\/20\\\/charlotte-r-j-palacio\\\/\"},\"author\":{\"name\":\"paula\",\"@id\":\"https:\\\/\\\/biblioteca.blanes.cat\\\/salajove\\\/#\\\/schema\\\/person\\\/8dbc45cdf5d1c7e2d100d147517ba7f3\"},\"headline\":\"CHARLOTTE de R.J. Palacio\",\"datePublished\":\"2018-02-20T19:43:22+00:00\",\"dateModified\":\"2018-04-04T10:34:43+00:00\",\"mainEntityOfPage\":{\"@id\":\"https:\\\/\\\/biblioteca.blanes.cat\\\/salajove\\\/2018\\\/02\\\/20\\\/charlotte-r-j-palacio\\\/\"},\"wordCount\":490,\"commentCount\":0,\"publisher\":{\"@id\":\"https:\\\/\\\/biblioteca.blanes.cat\\\/salajove\\\/#organization\"},\"image\":{\"@id\":\"https:\\\/\\\/biblioteca.blanes.cat\\\/salajove\\\/2018\\\/02\\\/20\\\/charlotte-r-j-palacio\\\/#primaryimage\"},\"thumbnailUrl\":\"https:\\\/\\\/biblioteca.blanes.cat\\\/salajove\\\/wp-content\\\/uploads\\\/sites\\\/3\\\/2017\\\/10\\\/Destacat_rac\u00f3_Paula.png\",\"keywords\":[\"#BlogdeLectura\",\"#ElRac\u00f3delaPaula\",\"#Literatura\",\"#Llibres\"],\"articleSection\":[\"Rac\u00f3 de la Paula\",\"RP_Popular\"],\"inLanguage\":\"ca\",\"potentialAction\":[{\"@type\":\"CommentAction\",\"name\":\"Comment\",\"target\":[\"https:\\\/\\\/biblioteca.blanes.cat\\\/salajove\\\/2018\\\/02\\\/20\\\/charlotte-r-j-palacio\\\/#respond\"]}]},{\"@type\":\"WebPage\",\"@id\":\"https:\\\/\\\/biblioteca.blanes.cat\\\/salajove\\\/2018\\\/02\\\/20\\\/charlotte-r-j-palacio\\\/\",\"url\":\"https:\\\/\\\/biblioteca.blanes.cat\\\/salajove\\\/2018\\\/02\\\/20\\\/charlotte-r-j-palacio\\\/\",\"name\":\"El Rac\u00f3 de la Paula: CHARLOTTE de R.J. Palacio\",\"isPartOf\":{\"@id\":\"https:\\\/\\\/biblioteca.blanes.cat\\\/salajove\\\/#website\"},\"primaryImageOfPage\":{\"@id\":\"https:\\\/\\\/biblioteca.blanes.cat\\\/salajove\\\/2018\\\/02\\\/20\\\/charlotte-r-j-palacio\\\/#primaryimage\"},\"image\":{\"@id\":\"https:\\\/\\\/biblioteca.blanes.cat\\\/salajove\\\/2018\\\/02\\\/20\\\/charlotte-r-j-palacio\\\/#primaryimage\"},\"thumbnailUrl\":\"https:\\\/\\\/biblioteca.blanes.cat\\\/salajove\\\/wp-content\\\/uploads\\\/sites\\\/3\\\/2017\\\/10\\\/Destacat_rac\u00f3_Paula.png\",\"datePublished\":\"2018-02-20T19:43:22+00:00\",\"dateModified\":\"2018-04-04T10:34:43+00:00\",\"description\":\"Si esteu pensant que trobareu una continuaci\u00f3 de la hist\u00f2ria de l\u2019Auggie en aquest llibre de la R.J. Palacio us equivoqueu.\",\"breadcrumb\":{\"@id\":\"https:\\\/\\\/biblioteca.blanes.cat\\\/salajove\\\/2018\\\/02\\\/20\\\/charlotte-r-j-palacio\\\/#breadcrumb\"},\"inLanguage\":\"ca\",\"potentialAction\":[{\"@type\":\"ReadAction\",\"target\":[\"https:\\\/\\\/biblioteca.blanes.cat\\\/salajove\\\/2018\\\/02\\\/20\\\/charlotte-r-j-palacio\\\/\"]}]},{\"@type\":\"ImageObject\",\"inLanguage\":\"ca\",\"@id\":\"https:\\\/\\\/biblioteca.blanes.cat\\\/salajove\\\/2018\\\/02\\\/20\\\/charlotte-r-j-palacio\\\/#primaryimage\",\"url\":\"https:\\\/\\\/biblioteca.blanes.cat\\\/salajove\\\/wp-content\\\/uploads\\\/sites\\\/3\\\/2017\\\/10\\\/Destacat_rac\u00f3_Paula.png\",\"contentUrl\":\"https:\\\/\\\/biblioteca.blanes.cat\\\/salajove\\\/wp-content\\\/uploads\\\/sites\\\/3\\\/2017\\\/10\\\/Destacat_rac\u00f3_Paula.png\",\"width\":3719,\"height\":2265,\"caption\":\"Rac\u00f3 de la Paula\"},{\"@type\":\"BreadcrumbList\",\"@id\":\"https:\\\/\\\/biblioteca.blanes.cat\\\/salajove\\\/2018\\\/02\\\/20\\\/charlotte-r-j-palacio\\\/#breadcrumb\",\"itemListElement\":[{\"@type\":\"ListItem\",\"position\":1,\"name\":\"Inici\",\"item\":\"https:\\\/\\\/biblioteca.blanes.cat\\\/salajove\\\/\"},{\"@type\":\"ListItem\",\"position\":2,\"name\":\"CHARLOTTE de R.J. Palacio\"}]},{\"@type\":\"WebSite\",\"@id\":\"https:\\\/\\\/biblioteca.blanes.cat\\\/salajove\\\/#website\",\"url\":\"https:\\\/\\\/biblioteca.blanes.cat\\\/salajove\\\/\",\"name\":\"Sala Jove\",\"description\":\"Biblioteca Comarcal de Blanes\",\"publisher\":{\"@id\":\"https:\\\/\\\/biblioteca.blanes.cat\\\/salajove\\\/#organization\"},\"potentialAction\":[{\"@type\":\"SearchAction\",\"target\":{\"@type\":\"EntryPoint\",\"urlTemplate\":\"https:\\\/\\\/biblioteca.blanes.cat\\\/salajove\\\/?s={search_term_string}\"},\"query-input\":{\"@type\":\"PropertyValueSpecification\",\"valueRequired\":true,\"valueName\":\"search_term_string\"}}],\"inLanguage\":\"ca\"},{\"@type\":\"Organization\",\"@id\":\"https:\\\/\\\/biblioteca.blanes.cat\\\/salajove\\\/#organization\",\"name\":\"Biblioteca Comarcal de Blanes\",\"url\":\"https:\\\/\\\/biblioteca.blanes.cat\\\/salajove\\\/\",\"logo\":{\"@type\":\"ImageObject\",\"inLanguage\":\"ca\",\"@id\":\"https:\\\/\\\/biblioteca.blanes.cat\\\/salajove\\\/#\\\/schema\\\/logo\\\/image\\\/\",\"url\":\"https:\\\/\\\/biblioteca.blanes.cat\\\/salajove\\\/wp-content\\\/uploads\\\/sites\\\/3\\\/2017\\\/09\\\/cropped-Bib-blau-e1518869380535.png\",\"contentUrl\":\"https:\\\/\\\/biblioteca.blanes.cat\\\/salajove\\\/wp-content\\\/uploads\\\/sites\\\/3\\\/2017\\\/09\\\/cropped-Bib-blau-e1518869380535.png\",\"width\":166,\"height\":166,\"caption\":\"Biblioteca Comarcal de Blanes\"},\"image\":{\"@id\":\"https:\\\/\\\/biblioteca.blanes.cat\\\/salajove\\\/#\\\/schema\\\/logo\\\/image\\\/\"},\"sameAs\":[\"https:\\\/\\\/www.facebook.com\\\/BilbiotecaComarcaldeBlanes\\\/\",\"https:\\\/\\\/x.com\\\/BiblioBlanes\",\"https:\\\/\\\/www.instagram.com\\\/biblioblanes\\\/\",\"https:\\\/\\\/www.pinterest.es\\\/bblanes\\\/\",\"https:\\\/\\\/www.youtube.com\\\/c\\\/BibliotecaComarcalBlanes\"]},{\"@type\":\"Person\",\"@id\":\"https:\\\/\\\/biblioteca.blanes.cat\\\/salajove\\\/#\\\/schema\\\/person\\\/8dbc45cdf5d1c7e2d100d147517ba7f3\",\"name\":\"paula\",\"image\":{\"@type\":\"ImageObject\",\"inLanguage\":\"ca\",\"@id\":\"https:\\\/\\\/secure.gravatar.com\\\/avatar\\\/7dc0a9399589f36ddc6864e8335b73854871aa22921ee390cb50776e7ddfc136?s=96&d=mm&r=g\",\"url\":\"https:\\\/\\\/secure.gravatar.com\\\/avatar\\\/7dc0a9399589f36ddc6864e8335b73854871aa22921ee390cb50776e7ddfc136?s=96&d=mm&r=g\",\"contentUrl\":\"https:\\\/\\\/secure.gravatar.com\\\/avatar\\\/7dc0a9399589f36ddc6864e8335b73854871aa22921ee390cb50776e7ddfc136?s=96&d=mm&r=g\",\"caption\":\"paula\"},\"url\":\"https:\\\/\\\/biblioteca.blanes.cat\\\/salajove\\\/author\\\/paula\\\/\"}]}<\/script>\n<!-- \/ Yoast SEO plugin. -->","yoast_head_json":{"title":"El Rac\u00f3 de la Paula: CHARLOTTE de R.J. Palacio","description":"Si esteu pensant que trobareu una continuaci\u00f3 de la hist\u00f2ria de l\u2019Auggie en aquest llibre de la R.J. Palacio us equivoqueu.","robots":{"index":"index","follow":"follow","max-snippet":"max-snippet:-1","max-image-preview":"max-image-preview:large","max-video-preview":"max-video-preview:-1"},"canonical":"https:\/\/biblioteca.blanes.cat\/salajove\/2018\/02\/20\/charlotte-r-j-palacio\/","og_locale":"ca_ES","og_type":"article","og_title":"El Rac\u00f3 de la Paula: CHARLOTTE de R.J. Palacio","og_description":"Si esteu pensant que trobareu una continuaci\u00f3 de la hist\u00f2ria de l\u2019Auggie en aquest llibre de la R.J. Palacio us equivoqueu.","og_url":"https:\/\/biblioteca.blanes.cat\/salajove\/2018\/02\/20\/charlotte-r-j-palacio\/","og_site_name":"Sala Jove","article_publisher":"https:\/\/www.facebook.com\/BilbiotecaComarcaldeBlanes\/","article_published_time":"2018-02-20T19:43:22+00:00","article_modified_time":"2018-04-04T10:34:43+00:00","og_image":[{"width":3719,"height":2265,"url":"https:\/\/biblioteca.blanes.cat\/salajove\/wp-content\/uploads\/sites\/3\/2017\/10\/Destacat_rac\u00f3_Paula.png","type":"image\/png"}],"author":"paula","twitter_card":"summary_large_image","twitter_creator":"@BiblioBlanes","twitter_site":"@BiblioBlanes","twitter_misc":{"Escrit per":"paula","Temps estimat de lectura":"2 minuts"},"schema":{"@context":"https:\/\/schema.org","@graph":[{"@type":"Article","@id":"https:\/\/biblioteca.blanes.cat\/salajove\/2018\/02\/20\/charlotte-r-j-palacio\/#article","isPartOf":{"@id":"https:\/\/biblioteca.blanes.cat\/salajove\/2018\/02\/20\/charlotte-r-j-palacio\/"},"author":{"name":"paula","@id":"https:\/\/biblioteca.blanes.cat\/salajove\/#\/schema\/person\/8dbc45cdf5d1c7e2d100d147517ba7f3"},"headline":"CHARLOTTE de R.J. Palacio","datePublished":"2018-02-20T19:43:22+00:00","dateModified":"2018-04-04T10:34:43+00:00","mainEntityOfPage":{"@id":"https:\/\/biblioteca.blanes.cat\/salajove\/2018\/02\/20\/charlotte-r-j-palacio\/"},"wordCount":490,"commentCount":0,"publisher":{"@id":"https:\/\/biblioteca.blanes.cat\/salajove\/#organization"},"image":{"@id":"https:\/\/biblioteca.blanes.cat\/salajove\/2018\/02\/20\/charlotte-r-j-palacio\/#primaryimage"},"thumbnailUrl":"https:\/\/biblioteca.blanes.cat\/salajove\/wp-content\/uploads\/sites\/3\/2017\/10\/Destacat_rac\u00f3_Paula.png","keywords":["#BlogdeLectura","#ElRac\u00f3delaPaula","#Literatura","#Llibres"],"articleSection":["Rac\u00f3 de la Paula","RP_Popular"],"inLanguage":"ca","potentialAction":[{"@type":"CommentAction","name":"Comment","target":["https:\/\/biblioteca.blanes.cat\/salajove\/2018\/02\/20\/charlotte-r-j-palacio\/#respond"]}]},{"@type":"WebPage","@id":"https:\/\/biblioteca.blanes.cat\/salajove\/2018\/02\/20\/charlotte-r-j-palacio\/","url":"https:\/\/biblioteca.blanes.cat\/salajove\/2018\/02\/20\/charlotte-r-j-palacio\/","name":"El Rac\u00f3 de la Paula: CHARLOTTE de R.J. Palacio","isPartOf":{"@id":"https:\/\/biblioteca.blanes.cat\/salajove\/#website"},"primaryImageOfPage":{"@id":"https:\/\/biblioteca.blanes.cat\/salajove\/2018\/02\/20\/charlotte-r-j-palacio\/#primaryimage"},"image":{"@id":"https:\/\/biblioteca.blanes.cat\/salajove\/2018\/02\/20\/charlotte-r-j-palacio\/#primaryimage"},"thumbnailUrl":"https:\/\/biblioteca.blanes.cat\/salajove\/wp-content\/uploads\/sites\/3\/2017\/10\/Destacat_rac\u00f3_Paula.png","datePublished":"2018-02-20T19:43:22+00:00","dateModified":"2018-04-04T10:34:43+00:00","description":"Si esteu pensant que trobareu una continuaci\u00f3 de la hist\u00f2ria de l\u2019Auggie en aquest llibre de la R.J. Palacio us equivoqueu.","breadcrumb":{"@id":"https:\/\/biblioteca.blanes.cat\/salajove\/2018\/02\/20\/charlotte-r-j-palacio\/#breadcrumb"},"inLanguage":"ca","potentialAction":[{"@type":"ReadAction","target":["https:\/\/biblioteca.blanes.cat\/salajove\/2018\/02\/20\/charlotte-r-j-palacio\/"]}]},{"@type":"ImageObject","inLanguage":"ca","@id":"https:\/\/biblioteca.blanes.cat\/salajove\/2018\/02\/20\/charlotte-r-j-palacio\/#primaryimage","url":"https:\/\/biblioteca.blanes.cat\/salajove\/wp-content\/uploads\/sites\/3\/2017\/10\/Destacat_rac\u00f3_Paula.png","contentUrl":"https:\/\/biblioteca.blanes.cat\/salajove\/wp-content\/uploads\/sites\/3\/2017\/10\/Destacat_rac\u00f3_Paula.png","width":3719,"height":2265,"caption":"Rac\u00f3 de la Paula"},{"@type":"BreadcrumbList","@id":"https:\/\/biblioteca.blanes.cat\/salajove\/2018\/02\/20\/charlotte-r-j-palacio\/#breadcrumb","itemListElement":[{"@type":"ListItem","position":1,"name":"Inici","item":"https:\/\/biblioteca.blanes.cat\/salajove\/"},{"@type":"ListItem","position":2,"name":"CHARLOTTE de R.J. Palacio"}]},{"@type":"WebSite","@id":"https:\/\/biblioteca.blanes.cat\/salajove\/#website","url":"https:\/\/biblioteca.blanes.cat\/salajove\/","name":"Sala Jove","description":"Biblioteca Comarcal de Blanes","publisher":{"@id":"https:\/\/biblioteca.blanes.cat\/salajove\/#organization"},"potentialAction":[{"@type":"SearchAction","target":{"@type":"EntryPoint","urlTemplate":"https:\/\/biblioteca.blanes.cat\/salajove\/?s={search_term_string}"},"query-input":{"@type":"PropertyValueSpecification","valueRequired":true,"valueName":"search_term_string"}}],"inLanguage":"ca"},{"@type":"Organization","@id":"https:\/\/biblioteca.blanes.cat\/salajove\/#organization","name":"Biblioteca Comarcal de Blanes","url":"https:\/\/biblioteca.blanes.cat\/salajove\/","logo":{"@type":"ImageObject","inLanguage":"ca","@id":"https:\/\/biblioteca.blanes.cat\/salajove\/#\/schema\/logo\/image\/","url":"https:\/\/biblioteca.blanes.cat\/salajove\/wp-content\/uploads\/sites\/3\/2017\/09\/cropped-Bib-blau-e1518869380535.png","contentUrl":"https:\/\/biblioteca.blanes.cat\/salajove\/wp-content\/uploads\/sites\/3\/2017\/09\/cropped-Bib-blau-e1518869380535.png","width":166,"height":166,"caption":"Biblioteca Comarcal de Blanes"},"image":{"@id":"https:\/\/biblioteca.blanes.cat\/salajove\/#\/schema\/logo\/image\/"},"sameAs":["https:\/\/www.facebook.com\/BilbiotecaComarcaldeBlanes\/","https:\/\/x.com\/BiblioBlanes","https:\/\/www.instagram.com\/biblioblanes\/","https:\/\/www.pinterest.es\/bblanes\/","https:\/\/www.youtube.com\/c\/BibliotecaComarcalBlanes"]},{"@type":"Person","@id":"https:\/\/biblioteca.blanes.cat\/salajove\/#\/schema\/person\/8dbc45cdf5d1c7e2d100d147517ba7f3","name":"paula","image":{"@type":"ImageObject","inLanguage":"ca","@id":"https:\/\/secure.gravatar.com\/avatar\/7dc0a9399589f36ddc6864e8335b73854871aa22921ee390cb50776e7ddfc136?s=96&d=mm&r=g","url":"https:\/\/secure.gravatar.com\/avatar\/7dc0a9399589f36ddc6864e8335b73854871aa22921ee390cb50776e7ddfc136?s=96&d=mm&r=g","contentUrl":"https:\/\/secure.gravatar.com\/avatar\/7dc0a9399589f36ddc6864e8335b73854871aa22921ee390cb50776e7ddfc136?s=96&d=mm&r=g","caption":"paula"},"url":"https:\/\/biblioteca.blanes.cat\/salajove\/author\/paula\/"}]}},"_links":{"self":[{"href":"https:\/\/biblioteca.blanes.cat\/salajove\/wp-json\/wp\/v2\/posts\/1216","targetHints":{"allow":["GET"]}}],"collection":[{"href":"https:\/\/biblioteca.blanes.cat\/salajove\/wp-json\/wp\/v2\/posts"}],"about":[{"href":"https:\/\/biblioteca.blanes.cat\/salajove\/wp-json\/wp\/v2\/types\/post"}],"author":[{"embeddable":true,"href":"https:\/\/biblioteca.blanes.cat\/salajove\/wp-json\/wp\/v2\/users\/6"}],"replies":[{"embeddable":true,"href":"https:\/\/biblioteca.blanes.cat\/salajove\/wp-json\/wp\/v2\/comments?post=1216"}],"version-history":[{"count":4,"href":"https:\/\/biblioteca.blanes.cat\/salajove\/wp-json\/wp\/v2\/posts\/1216\/revisions"}],"predecessor-version":[{"id":1220,"href":"https:\/\/biblioteca.blanes.cat\/salajove\/wp-json\/wp\/v2\/posts\/1216\/revisions\/1220"}],"wp:featuredmedia":[{"embeddable":true,"href":"https:\/\/biblioteca.blanes.cat\/salajove\/wp-json\/wp\/v2\/media\/154"}],"wp:attachment":[{"href":"https:\/\/biblioteca.blanes.cat\/salajove\/wp-json\/wp\/v2\/media?parent=1216"}],"wp:term":[{"taxonomy":"category","embeddable":true,"href":"https:\/\/biblioteca.blanes.cat\/salajove\/wp-json\/wp\/v2\/categories?post=1216"},{"taxonomy":"post_tag","embeddable":true,"href":"https:\/\/biblioteca.blanes.cat\/salajove\/wp-json\/wp\/v2\/tags?post=1216"}],"curies":[{"name":"wp","href":"https:\/\/api.w.org\/{rel}","templated":true}]}}