{"id":1205,"date":"2018-03-09T20:25:33","date_gmt":"2018-03-09T19:25:33","guid":{"rendered":"https:\/\/biblioteca.blanes.cat\/salajove\/?p=1205"},"modified":"2018-04-04T09:00:43","modified_gmt":"2018-04-04T08:00:43","slug":"e-lokhart1205","status":"publish","type":"post","link":"https:\/\/biblioteca.blanes.cat\/salajove\/2018\/03\/09\/e-lokhart1205\/","title":{"rendered":"\u00c9REM MENTIDERS de E. Lokhart"},"content":{"rendered":"<h4 style=\"text-align: center\">El diccionari diu que la paraula mentir vol dir \u201cafirmaci\u00f3 conscient d\u2019una cosa que no respon a la veritat\u201d.<br \/>\n Tothom menteix. Tu tamb\u00e9. Convivim cada dia amb la mentida.<br \/>\n Quan callem coses per por de fer mal alg\u00fa, mentim. Quan fem veure que sabem m\u00e9s o som m\u00e9s que els altres, mentim. Quan amaguem els nostres defectes per mantenir la nostra imatge, mentim. Quan ocultem els nostres pensaments o secrets m\u00e9s obscurs, per por del que diran, mentim.<br \/>\n Sovint no ens calen les paraules per mentir; fent un somriure fals, fent postures assajades per quedar b\u00e9, o senzillament callant, tamb\u00e9 mentim.<br \/>\n En definitiva la nostra vida seria insuportable sense mentir<\/h4>\n<h4 style=\"text-align: center\">La reflexi\u00f3 de mentir em porta a&#8230;. \u201c\u00c9rem mentiders\u201d<img fetchpriority=\"high\" decoding=\"async\" class=\"alignright\" src=\"https:\/\/www.grup62.cat\/usuaris\/libros\/fotos\/191\/m_libros\/portada_mentiders_elisabeth-lockhart_201506251750.jpg\" width=\"288\" height=\"443\" \/><\/h4>\n<p>Emily Jenkins (m\u00e9s coneguda per E. Lokhart) \u00e9s l\u2019escriptora del llibre, va n\u00e9ixer el 1967, \u00e9s una autora nord americana que va comen\u00e7ar escrivint llibres per a nens com: \u201cLa vida secreta de les de Billie oncle Myron\u201d. Temps m\u00e9s tard va comen\u00e7ar a escriure llibres per adults amb el pseud\u00f2nim E. Lockhart. \u00c9s l\u2019autora de l\u2019exitosa s\u00e8rie juvenil \u201cRuby Olver\u201d.<\/p>\n<p>\u00c9s la hist\u00f2ria de la fam\u00edlia Sinclair, s\u00f3n rics i menteixen per protegir la seva imatge.<\/p>\n<p>Harry Sinclair \u00e9s el cap de fam\u00edlia. T\u00e9 tres filles: Penny, Carrie i Bess, i aquestes tenen m\u00e9s fills. Els cosins s\u00f3n amics i menteixen. Passen els estius a l\u2019illa privada de la fam\u00edlia. Tot \u00e9s molt bonic i perfecte fins que un dia passa&#8230; El que despr\u00e9s tots amaguen&#8230;<\/p>\n<p>La protagonista \u00e9s la Cadence Sinclair, filla de la Penny. Tots saben el que va passar aquell estiu, per\u00f2 menteixen a la Cadence.<\/p>\n<p>I a continuaci\u00f3 us poso un exemple de les po\u00e8tiques met\u00e0fores que fa l\u2019autora:<\/p>\n<p>\u201cLuego sac\u00f3 una pistola y me dispar\u00f3 en el pecho. Yo estaba de pie en el c\u00e9sped y ca\u00ed. La bala me abri\u00f3 un gran agujero, y el coraz\u00f3n se me sali\u00f3 de la caja tor\u00e1cica y cay\u00f3 rodando sobre un macizo de flores. La sangre man\u00f3 r\u00edtmicamente de mi herida abierta.<br \/>\n Despu\u00e9s me sali\u00f3 por los ojos,<br \/>\n Por los o\u00eddos,<br \/>\n Por la boca.<br \/>\n Sab\u00eda a sal y a fracaso. La verg\u00fcenza roja e intensa de no ser querida empap\u00f3 el c\u00e9sped delante de nuestra casa, los ladrillos del camino y los escalones del porche. Mi coraz\u00f3n convulsionava como una trucha entre las peon\u00edas.\u201d<\/p>\n<p>I recordeu aix\u00f2 \u00e9s una met\u00e0fora, res \u00e9s el que sembla. Tots mentim. .<\/p>\n<p>En aquesta novel\u00b7la tamb\u00e9 he trobat unes quantes frases d\u2019aquelles que m\u2019agraden:<\/p>\n<h3 style=\"text-align: left\"><em>\u201cEl silencio es una capa protectora sobre el dolor.\u201d<\/em><\/h3>\n<h3 style=\"text-align: left\"><em>\u201cHaz siempre lo que temes hacer\u201d<\/em><\/h3>\n<h3 style=\"text-align: left\"><em>\u201cA nadie le gustan los indecisos.\u201d<\/em><\/h3>\n<h3 style=\"text-align: left\"><em>\u201cNunca te quejes y nunca des explicacions.\u201d<\/em><\/h3>\n<h3 style=\"text-align: left\"><em>\u201cNo aceptes un NO por respuesta.\u201d<\/em><\/h3>\n<h3 style=\"text-align: left\"><em>\u201cVoy a demostrar que soy fuerte, cuando ellos piensan que estoy enferma. Voy a demostrar que soy valiente, cuando ellos creen que soy d\u00e8bil.\u201d<\/em><\/h3>\n<p>I ara unes an\u00e8cdotes:<\/p>\n<p>* John Green va comentar sobre aquest llibre i va dir: &#8220;Cautivadora, hermosa y dolorosamente inteligente. \u00c9ramos mentirosos es sin duda inolvidable&#8221;<\/p>\n<p>*Aquesta novel\u00b7la va ser escollida novel\u00b7la del any l\u2019estiu 2014 per la revista Time.<br \/>\n * E.Lockhart va quedar finalista del National Book Award.<br \/>\n * Aquesta obra, s\u2019ha tradu\u00eft a m\u00e9s de vint-i-tres idiomes, va ser el best-seller de la llista The New York Times.<br \/>\n Us animo a llegir aquest llibre, us ensenyar\u00e0 lli\u00e7ons molt importants, us mostrar\u00e0 totes les veritats de les mentides i descobrireu que moltes vegades \u00e9s millor que et diguin mentides abans que la veritat.<br \/>\n Perqu\u00e8 sovint mentir \u00e9s el millor escut que tenim contra el dolor.<\/p>\n","protected":false},"excerpt":{"rendered":"<p>El diccionari diu que la paraula mentir vol dir \u201cafirmaci\u00f3 conscient d\u2019una cosa que no respon a la veritat\u201d. Tothom menteix. Tu tamb\u00e9. Convivim cada dia amb la mentida. Quan callem coses per por de fer mal alg\u00fa, mentim. Quan<\/p>\n","protected":false},"author":6,"featured_media":154,"comment_status":"open","ping_status":"open","sticky":false,"template":"","format":"standard","meta":{"sfsi_plus_gutenberg_text_before_share":"","sfsi_plus_gutenberg_show_text_before_share":"","sfsi_plus_gutenberg_icon_type":"","sfsi_plus_gutenberg_icon_alignemt":"","sfsi_plus_gutenburg_max_per_row":"","footnotes":""},"categories":[9,12],"tags":[34,33,22,23],"class_list":["post-1205","post","type-post","status-publish","format-standard","has-post-thumbnail","hentry","category-raco-de-la-paula","category-popular","tag-blog-de-lectura","tag-el-raco-de-la-paula","tag-ressenya","tag-sinopsi"],"yoast_head":"<!-- This site is optimized with the Yoast SEO plugin v27.5 - https:\/\/yoast.com\/product\/yoast-seo-wordpress\/ -->\n<title>El Rac\u00f3 de la Paula: \u00c9REM MENTIDERS de E.Lokhart - Sala Jove<\/title>\n<meta name=\"description\" content=\"E. Lokhart, l\u2019escriptora del llibre, va n\u00e9ixer el 1967, \u00e9s una autora nord americana que va comen\u00e7ar escrivint llibres per a nens..\" \/>\n<meta name=\"robots\" content=\"index, follow, max-snippet:-1, max-image-preview:large, max-video-preview:-1\" \/>\n<link rel=\"canonical\" href=\"https:\/\/biblioteca.blanes.cat\/salajove\/2018\/03\/09\/e-lokhart1205\/\" \/>\n<meta property=\"og:locale\" content=\"ca_ES\" \/>\n<meta property=\"og:type\" content=\"article\" \/>\n<meta property=\"og:title\" content=\"El Rac\u00f3 de la Paula: \u00c9REM MENTIDERS de E.Lokhart - Sala Jove\" \/>\n<meta property=\"og:description\" content=\"E. Lokhart, l\u2019escriptora del llibre, va n\u00e9ixer el 1967, \u00e9s una autora nord americana que va comen\u00e7ar escrivint llibres per a nens..\" \/>\n<meta property=\"og:url\" content=\"https:\/\/biblioteca.blanes.cat\/salajove\/2018\/03\/09\/e-lokhart1205\/\" \/>\n<meta property=\"og:site_name\" content=\"Sala Jove\" \/>\n<meta property=\"article:publisher\" content=\"https:\/\/www.facebook.com\/BilbiotecaComarcaldeBlanes\/\" \/>\n<meta property=\"article:published_time\" content=\"2018-03-09T19:25:33+00:00\" \/>\n<meta property=\"article:modified_time\" content=\"2018-04-04T08:00:43+00:00\" \/>\n<meta property=\"og:image\" content=\"https:\/\/biblioteca.blanes.cat\/salajove\/wp-content\/uploads\/sites\/3\/2017\/10\/Destacat_rac\u00f3_Paula.png\" \/>\n\t<meta property=\"og:image:width\" content=\"3719\" \/>\n\t<meta property=\"og:image:height\" content=\"2265\" \/>\n\t<meta property=\"og:image:type\" content=\"image\/png\" \/>\n<meta name=\"author\" content=\"paula\" \/>\n<meta name=\"twitter:card\" content=\"summary_large_image\" \/>\n<meta name=\"twitter:creator\" content=\"@BiblioBlanes\" \/>\n<meta name=\"twitter:site\" content=\"@BiblioBlanes\" \/>\n<meta name=\"twitter:label1\" content=\"Escrit per\" \/>\n\t<meta name=\"twitter:data1\" content=\"paula\" \/>\n\t<meta name=\"twitter:label2\" content=\"Temps estimat de lectura\" \/>\n\t<meta name=\"twitter:data2\" content=\"3 minuts\" \/>\n<script type=\"application\/ld+json\" class=\"yoast-schema-graph\">{\"@context\":\"https:\\\/\\\/schema.org\",\"@graph\":[{\"@type\":\"Article\",\"@id\":\"https:\\\/\\\/biblioteca.blanes.cat\\\/salajove\\\/2018\\\/03\\\/09\\\/e-lokhart1205\\\/#article\",\"isPartOf\":{\"@id\":\"https:\\\/\\\/biblioteca.blanes.cat\\\/salajove\\\/2018\\\/03\\\/09\\\/e-lokhart1205\\\/\"},\"author\":{\"name\":\"paula\",\"@id\":\"https:\\\/\\\/biblioteca.blanes.cat\\\/salajove\\\/#\\\/schema\\\/person\\\/8dbc45cdf5d1c7e2d100d147517ba7f3\"},\"headline\":\"\u00c9REM MENTIDERS de E. Lokhart\",\"datePublished\":\"2018-03-09T19:25:33+00:00\",\"dateModified\":\"2018-04-04T08:00:43+00:00\",\"mainEntityOfPage\":{\"@id\":\"https:\\\/\\\/biblioteca.blanes.cat\\\/salajove\\\/2018\\\/03\\\/09\\\/e-lokhart1205\\\/\"},\"wordCount\":637,\"commentCount\":0,\"publisher\":{\"@id\":\"https:\\\/\\\/biblioteca.blanes.cat\\\/salajove\\\/#organization\"},\"image\":{\"@id\":\"https:\\\/\\\/biblioteca.blanes.cat\\\/salajove\\\/2018\\\/03\\\/09\\\/e-lokhart1205\\\/#primaryimage\"},\"thumbnailUrl\":\"https:\\\/\\\/biblioteca.blanes.cat\\\/salajove\\\/wp-content\\\/uploads\\\/sites\\\/3\\\/2017\\\/10\\\/Destacat_rac\u00f3_Paula.png\",\"keywords\":[\"#BlogdeLectura\",\"#ElRac\u00f3delaPaula\",\"#Ressenya\",\"#Sinopsi\"],\"articleSection\":[\"Rac\u00f3 de la Paula\",\"RP_Popular\"],\"inLanguage\":\"ca\",\"potentialAction\":[{\"@type\":\"CommentAction\",\"name\":\"Comment\",\"target\":[\"https:\\\/\\\/biblioteca.blanes.cat\\\/salajove\\\/2018\\\/03\\\/09\\\/e-lokhart1205\\\/#respond\"]}]},{\"@type\":\"WebPage\",\"@id\":\"https:\\\/\\\/biblioteca.blanes.cat\\\/salajove\\\/2018\\\/03\\\/09\\\/e-lokhart1205\\\/\",\"url\":\"https:\\\/\\\/biblioteca.blanes.cat\\\/salajove\\\/2018\\\/03\\\/09\\\/e-lokhart1205\\\/\",\"name\":\"El Rac\u00f3 de la Paula: \u00c9REM MENTIDERS de E.Lokhart - Sala Jove\",\"isPartOf\":{\"@id\":\"https:\\\/\\\/biblioteca.blanes.cat\\\/salajove\\\/#website\"},\"primaryImageOfPage\":{\"@id\":\"https:\\\/\\\/biblioteca.blanes.cat\\\/salajove\\\/2018\\\/03\\\/09\\\/e-lokhart1205\\\/#primaryimage\"},\"image\":{\"@id\":\"https:\\\/\\\/biblioteca.blanes.cat\\\/salajove\\\/2018\\\/03\\\/09\\\/e-lokhart1205\\\/#primaryimage\"},\"thumbnailUrl\":\"https:\\\/\\\/biblioteca.blanes.cat\\\/salajove\\\/wp-content\\\/uploads\\\/sites\\\/3\\\/2017\\\/10\\\/Destacat_rac\u00f3_Paula.png\",\"datePublished\":\"2018-03-09T19:25:33+00:00\",\"dateModified\":\"2018-04-04T08:00:43+00:00\",\"description\":\"E. Lokhart, l\u2019escriptora del llibre, va n\u00e9ixer el 1967, \u00e9s una autora nord americana que va comen\u00e7ar escrivint llibres per a nens..\",\"breadcrumb\":{\"@id\":\"https:\\\/\\\/biblioteca.blanes.cat\\\/salajove\\\/2018\\\/03\\\/09\\\/e-lokhart1205\\\/#breadcrumb\"},\"inLanguage\":\"ca\",\"potentialAction\":[{\"@type\":\"ReadAction\",\"target\":[\"https:\\\/\\\/biblioteca.blanes.cat\\\/salajove\\\/2018\\\/03\\\/09\\\/e-lokhart1205\\\/\"]}]},{\"@type\":\"ImageObject\",\"inLanguage\":\"ca\",\"@id\":\"https:\\\/\\\/biblioteca.blanes.cat\\\/salajove\\\/2018\\\/03\\\/09\\\/e-lokhart1205\\\/#primaryimage\",\"url\":\"https:\\\/\\\/biblioteca.blanes.cat\\\/salajove\\\/wp-content\\\/uploads\\\/sites\\\/3\\\/2017\\\/10\\\/Destacat_rac\u00f3_Paula.png\",\"contentUrl\":\"https:\\\/\\\/biblioteca.blanes.cat\\\/salajove\\\/wp-content\\\/uploads\\\/sites\\\/3\\\/2017\\\/10\\\/Destacat_rac\u00f3_Paula.png\",\"width\":3719,\"height\":2265,\"caption\":\"Rac\u00f3 de la Paula\"},{\"@type\":\"BreadcrumbList\",\"@id\":\"https:\\\/\\\/biblioteca.blanes.cat\\\/salajove\\\/2018\\\/03\\\/09\\\/e-lokhart1205\\\/#breadcrumb\",\"itemListElement\":[{\"@type\":\"ListItem\",\"position\":1,\"name\":\"Inici\",\"item\":\"https:\\\/\\\/biblioteca.blanes.cat\\\/salajove\\\/\"},{\"@type\":\"ListItem\",\"position\":2,\"name\":\"\u00c9REM MENTIDERS de E. Lokhart\"}]},{\"@type\":\"WebSite\",\"@id\":\"https:\\\/\\\/biblioteca.blanes.cat\\\/salajove\\\/#website\",\"url\":\"https:\\\/\\\/biblioteca.blanes.cat\\\/salajove\\\/\",\"name\":\"Sala Jove\",\"description\":\"Biblioteca Comarcal de Blanes\",\"publisher\":{\"@id\":\"https:\\\/\\\/biblioteca.blanes.cat\\\/salajove\\\/#organization\"},\"potentialAction\":[{\"@type\":\"SearchAction\",\"target\":{\"@type\":\"EntryPoint\",\"urlTemplate\":\"https:\\\/\\\/biblioteca.blanes.cat\\\/salajove\\\/?s={search_term_string}\"},\"query-input\":{\"@type\":\"PropertyValueSpecification\",\"valueRequired\":true,\"valueName\":\"search_term_string\"}}],\"inLanguage\":\"ca\"},{\"@type\":\"Organization\",\"@id\":\"https:\\\/\\\/biblioteca.blanes.cat\\\/salajove\\\/#organization\",\"name\":\"Biblioteca Comarcal de Blanes\",\"url\":\"https:\\\/\\\/biblioteca.blanes.cat\\\/salajove\\\/\",\"logo\":{\"@type\":\"ImageObject\",\"inLanguage\":\"ca\",\"@id\":\"https:\\\/\\\/biblioteca.blanes.cat\\\/salajove\\\/#\\\/schema\\\/logo\\\/image\\\/\",\"url\":\"https:\\\/\\\/biblioteca.blanes.cat\\\/salajove\\\/wp-content\\\/uploads\\\/sites\\\/3\\\/2017\\\/09\\\/cropped-Bib-blau-e1518869380535.png\",\"contentUrl\":\"https:\\\/\\\/biblioteca.blanes.cat\\\/salajove\\\/wp-content\\\/uploads\\\/sites\\\/3\\\/2017\\\/09\\\/cropped-Bib-blau-e1518869380535.png\",\"width\":166,\"height\":166,\"caption\":\"Biblioteca Comarcal de Blanes\"},\"image\":{\"@id\":\"https:\\\/\\\/biblioteca.blanes.cat\\\/salajove\\\/#\\\/schema\\\/logo\\\/image\\\/\"},\"sameAs\":[\"https:\\\/\\\/www.facebook.com\\\/BilbiotecaComarcaldeBlanes\\\/\",\"https:\\\/\\\/x.com\\\/BiblioBlanes\",\"https:\\\/\\\/www.instagram.com\\\/biblioblanes\\\/\",\"https:\\\/\\\/www.pinterest.es\\\/bblanes\\\/\",\"https:\\\/\\\/www.youtube.com\\\/c\\\/BibliotecaComarcalBlanes\"]},{\"@type\":\"Person\",\"@id\":\"https:\\\/\\\/biblioteca.blanes.cat\\\/salajove\\\/#\\\/schema\\\/person\\\/8dbc45cdf5d1c7e2d100d147517ba7f3\",\"name\":\"paula\",\"image\":{\"@type\":\"ImageObject\",\"inLanguage\":\"ca\",\"@id\":\"https:\\\/\\\/secure.gravatar.com\\\/avatar\\\/7dc0a9399589f36ddc6864e8335b73854871aa22921ee390cb50776e7ddfc136?s=96&d=mm&r=g\",\"url\":\"https:\\\/\\\/secure.gravatar.com\\\/avatar\\\/7dc0a9399589f36ddc6864e8335b73854871aa22921ee390cb50776e7ddfc136?s=96&d=mm&r=g\",\"contentUrl\":\"https:\\\/\\\/secure.gravatar.com\\\/avatar\\\/7dc0a9399589f36ddc6864e8335b73854871aa22921ee390cb50776e7ddfc136?s=96&d=mm&r=g\",\"caption\":\"paula\"},\"url\":\"https:\\\/\\\/biblioteca.blanes.cat\\\/salajove\\\/author\\\/paula\\\/\"}]}<\/script>\n<!-- \/ Yoast SEO plugin. -->","yoast_head_json":{"title":"El Rac\u00f3 de la Paula: \u00c9REM MENTIDERS de E.Lokhart - Sala Jove","description":"E. Lokhart, l\u2019escriptora del llibre, va n\u00e9ixer el 1967, \u00e9s una autora nord americana que va comen\u00e7ar escrivint llibres per a nens..","robots":{"index":"index","follow":"follow","max-snippet":"max-snippet:-1","max-image-preview":"max-image-preview:large","max-video-preview":"max-video-preview:-1"},"canonical":"https:\/\/biblioteca.blanes.cat\/salajove\/2018\/03\/09\/e-lokhart1205\/","og_locale":"ca_ES","og_type":"article","og_title":"El Rac\u00f3 de la Paula: \u00c9REM MENTIDERS de E.Lokhart - Sala Jove","og_description":"E. Lokhart, l\u2019escriptora del llibre, va n\u00e9ixer el 1967, \u00e9s una autora nord americana que va comen\u00e7ar escrivint llibres per a nens..","og_url":"https:\/\/biblioteca.blanes.cat\/salajove\/2018\/03\/09\/e-lokhart1205\/","og_site_name":"Sala Jove","article_publisher":"https:\/\/www.facebook.com\/BilbiotecaComarcaldeBlanes\/","article_published_time":"2018-03-09T19:25:33+00:00","article_modified_time":"2018-04-04T08:00:43+00:00","og_image":[{"width":3719,"height":2265,"url":"https:\/\/biblioteca.blanes.cat\/salajove\/wp-content\/uploads\/sites\/3\/2017\/10\/Destacat_rac\u00f3_Paula.png","type":"image\/png"}],"author":"paula","twitter_card":"summary_large_image","twitter_creator":"@BiblioBlanes","twitter_site":"@BiblioBlanes","twitter_misc":{"Escrit per":"paula","Temps estimat de lectura":"3 minuts"},"schema":{"@context":"https:\/\/schema.org","@graph":[{"@type":"Article","@id":"https:\/\/biblioteca.blanes.cat\/salajove\/2018\/03\/09\/e-lokhart1205\/#article","isPartOf":{"@id":"https:\/\/biblioteca.blanes.cat\/salajove\/2018\/03\/09\/e-lokhart1205\/"},"author":{"name":"paula","@id":"https:\/\/biblioteca.blanes.cat\/salajove\/#\/schema\/person\/8dbc45cdf5d1c7e2d100d147517ba7f3"},"headline":"\u00c9REM MENTIDERS de E. Lokhart","datePublished":"2018-03-09T19:25:33+00:00","dateModified":"2018-04-04T08:00:43+00:00","mainEntityOfPage":{"@id":"https:\/\/biblioteca.blanes.cat\/salajove\/2018\/03\/09\/e-lokhart1205\/"},"wordCount":637,"commentCount":0,"publisher":{"@id":"https:\/\/biblioteca.blanes.cat\/salajove\/#organization"},"image":{"@id":"https:\/\/biblioteca.blanes.cat\/salajove\/2018\/03\/09\/e-lokhart1205\/#primaryimage"},"thumbnailUrl":"https:\/\/biblioteca.blanes.cat\/salajove\/wp-content\/uploads\/sites\/3\/2017\/10\/Destacat_rac\u00f3_Paula.png","keywords":["#BlogdeLectura","#ElRac\u00f3delaPaula","#Ressenya","#Sinopsi"],"articleSection":["Rac\u00f3 de la Paula","RP_Popular"],"inLanguage":"ca","potentialAction":[{"@type":"CommentAction","name":"Comment","target":["https:\/\/biblioteca.blanes.cat\/salajove\/2018\/03\/09\/e-lokhart1205\/#respond"]}]},{"@type":"WebPage","@id":"https:\/\/biblioteca.blanes.cat\/salajove\/2018\/03\/09\/e-lokhart1205\/","url":"https:\/\/biblioteca.blanes.cat\/salajove\/2018\/03\/09\/e-lokhart1205\/","name":"El Rac\u00f3 de la Paula: \u00c9REM MENTIDERS de E.Lokhart - Sala Jove","isPartOf":{"@id":"https:\/\/biblioteca.blanes.cat\/salajove\/#website"},"primaryImageOfPage":{"@id":"https:\/\/biblioteca.blanes.cat\/salajove\/2018\/03\/09\/e-lokhart1205\/#primaryimage"},"image":{"@id":"https:\/\/biblioteca.blanes.cat\/salajove\/2018\/03\/09\/e-lokhart1205\/#primaryimage"},"thumbnailUrl":"https:\/\/biblioteca.blanes.cat\/salajove\/wp-content\/uploads\/sites\/3\/2017\/10\/Destacat_rac\u00f3_Paula.png","datePublished":"2018-03-09T19:25:33+00:00","dateModified":"2018-04-04T08:00:43+00:00","description":"E. Lokhart, l\u2019escriptora del llibre, va n\u00e9ixer el 1967, \u00e9s una autora nord americana que va comen\u00e7ar escrivint llibres per a nens..","breadcrumb":{"@id":"https:\/\/biblioteca.blanes.cat\/salajove\/2018\/03\/09\/e-lokhart1205\/#breadcrumb"},"inLanguage":"ca","potentialAction":[{"@type":"ReadAction","target":["https:\/\/biblioteca.blanes.cat\/salajove\/2018\/03\/09\/e-lokhart1205\/"]}]},{"@type":"ImageObject","inLanguage":"ca","@id":"https:\/\/biblioteca.blanes.cat\/salajove\/2018\/03\/09\/e-lokhart1205\/#primaryimage","url":"https:\/\/biblioteca.blanes.cat\/salajove\/wp-content\/uploads\/sites\/3\/2017\/10\/Destacat_rac\u00f3_Paula.png","contentUrl":"https:\/\/biblioteca.blanes.cat\/salajove\/wp-content\/uploads\/sites\/3\/2017\/10\/Destacat_rac\u00f3_Paula.png","width":3719,"height":2265,"caption":"Rac\u00f3 de la Paula"},{"@type":"BreadcrumbList","@id":"https:\/\/biblioteca.blanes.cat\/salajove\/2018\/03\/09\/e-lokhart1205\/#breadcrumb","itemListElement":[{"@type":"ListItem","position":1,"name":"Inici","item":"https:\/\/biblioteca.blanes.cat\/salajove\/"},{"@type":"ListItem","position":2,"name":"\u00c9REM MENTIDERS de E. Lokhart"}]},{"@type":"WebSite","@id":"https:\/\/biblioteca.blanes.cat\/salajove\/#website","url":"https:\/\/biblioteca.blanes.cat\/salajove\/","name":"Sala Jove","description":"Biblioteca Comarcal de Blanes","publisher":{"@id":"https:\/\/biblioteca.blanes.cat\/salajove\/#organization"},"potentialAction":[{"@type":"SearchAction","target":{"@type":"EntryPoint","urlTemplate":"https:\/\/biblioteca.blanes.cat\/salajove\/?s={search_term_string}"},"query-input":{"@type":"PropertyValueSpecification","valueRequired":true,"valueName":"search_term_string"}}],"inLanguage":"ca"},{"@type":"Organization","@id":"https:\/\/biblioteca.blanes.cat\/salajove\/#organization","name":"Biblioteca Comarcal de Blanes","url":"https:\/\/biblioteca.blanes.cat\/salajove\/","logo":{"@type":"ImageObject","inLanguage":"ca","@id":"https:\/\/biblioteca.blanes.cat\/salajove\/#\/schema\/logo\/image\/","url":"https:\/\/biblioteca.blanes.cat\/salajove\/wp-content\/uploads\/sites\/3\/2017\/09\/cropped-Bib-blau-e1518869380535.png","contentUrl":"https:\/\/biblioteca.blanes.cat\/salajove\/wp-content\/uploads\/sites\/3\/2017\/09\/cropped-Bib-blau-e1518869380535.png","width":166,"height":166,"caption":"Biblioteca Comarcal de Blanes"},"image":{"@id":"https:\/\/biblioteca.blanes.cat\/salajove\/#\/schema\/logo\/image\/"},"sameAs":["https:\/\/www.facebook.com\/BilbiotecaComarcaldeBlanes\/","https:\/\/x.com\/BiblioBlanes","https:\/\/www.instagram.com\/biblioblanes\/","https:\/\/www.pinterest.es\/bblanes\/","https:\/\/www.youtube.com\/c\/BibliotecaComarcalBlanes"]},{"@type":"Person","@id":"https:\/\/biblioteca.blanes.cat\/salajove\/#\/schema\/person\/8dbc45cdf5d1c7e2d100d147517ba7f3","name":"paula","image":{"@type":"ImageObject","inLanguage":"ca","@id":"https:\/\/secure.gravatar.com\/avatar\/7dc0a9399589f36ddc6864e8335b73854871aa22921ee390cb50776e7ddfc136?s=96&d=mm&r=g","url":"https:\/\/secure.gravatar.com\/avatar\/7dc0a9399589f36ddc6864e8335b73854871aa22921ee390cb50776e7ddfc136?s=96&d=mm&r=g","contentUrl":"https:\/\/secure.gravatar.com\/avatar\/7dc0a9399589f36ddc6864e8335b73854871aa22921ee390cb50776e7ddfc136?s=96&d=mm&r=g","caption":"paula"},"url":"https:\/\/biblioteca.blanes.cat\/salajove\/author\/paula\/"}]}},"_links":{"self":[{"href":"https:\/\/biblioteca.blanes.cat\/salajove\/wp-json\/wp\/v2\/posts\/1205","targetHints":{"allow":["GET"]}}],"collection":[{"href":"https:\/\/biblioteca.blanes.cat\/salajove\/wp-json\/wp\/v2\/posts"}],"about":[{"href":"https:\/\/biblioteca.blanes.cat\/salajove\/wp-json\/wp\/v2\/types\/post"}],"author":[{"embeddable":true,"href":"https:\/\/biblioteca.blanes.cat\/salajove\/wp-json\/wp\/v2\/users\/6"}],"replies":[{"embeddable":true,"href":"https:\/\/biblioteca.blanes.cat\/salajove\/wp-json\/wp\/v2\/comments?post=1205"}],"version-history":[{"count":7,"href":"https:\/\/biblioteca.blanes.cat\/salajove\/wp-json\/wp\/v2\/posts\/1205\/revisions"}],"predecessor-version":[{"id":1212,"href":"https:\/\/biblioteca.blanes.cat\/salajove\/wp-json\/wp\/v2\/posts\/1205\/revisions\/1212"}],"wp:featuredmedia":[{"embeddable":true,"href":"https:\/\/biblioteca.blanes.cat\/salajove\/wp-json\/wp\/v2\/media\/154"}],"wp:attachment":[{"href":"https:\/\/biblioteca.blanes.cat\/salajove\/wp-json\/wp\/v2\/media?parent=1205"}],"wp:term":[{"taxonomy":"category","embeddable":true,"href":"https:\/\/biblioteca.blanes.cat\/salajove\/wp-json\/wp\/v2\/categories?post=1205"},{"taxonomy":"post_tag","embeddable":true,"href":"https:\/\/biblioteca.blanes.cat\/salajove\/wp-json\/wp\/v2\/tags?post=1205"}],"curies":[{"name":"wp","href":"https:\/\/api.w.org\/{rel}","templated":true}]}}