{"id":1199,"date":"2018-02-15T13:44:23","date_gmt":"2018-02-15T12:44:23","guid":{"rendered":"https:\/\/biblioteca.blanes.cat\/salajove\/?p=1199"},"modified":"2018-04-04T11:35:13","modified_gmt":"2018-04-04T10:35:13","slug":"1199","status":"publish","type":"post","link":"https:\/\/biblioteca.blanes.cat\/salajove\/2018\/02\/15\/1199\/","title":{"rendered":"MIL VECES HASTA SIEMPRE de John Green"},"content":{"rendered":"<h3 style=\"text-align: center\"><em><img fetchpriority=\"high\" decoding=\"async\" class=\"alignright\" src=\"https:\/\/2.bp.blogspot.com\/-vDpswMeRZHU\/Wggi9PNeqRI\/AAAAAAAAKAc\/GTBDZcpZN046gIKZ_ZxqW_aX722PT4bAgCLcBGAs\/s1600\/Mil%2Bveces%2Bhasta%2Bsiempre.jpg\" width=\"267\" height=\"406\" \/>Sacas una tirita del bolsillo de los vaqueros, que nunca se queda sin existencias, y te la pones con cuidado.<\/em><br \/>\n <em> Vuelves al sof\u00e0 a ver la tele, y durante unos pocos minutos, o muchos, sientes que los escalofrios de la tensi\u00f3n se relajan, sientes alivio al rendirte ante los \u00e1ngeles menores que llevas dentro.<\/em><br \/>\n <em> Y pasan dos, o cinco, o seiscientos minutos, y empiezas a preguntarte: \u201cUn momento, \u00bfhe sacado todo el pus o solo era sudor? Si era pus, quiz\u00e1 deber\u00eda volver a drenar la herida\u201d.<\/em><br \/>\n <em> Y as\u00ed, la espiral se estrecha hasta el infinito.<\/em><\/h3>\n<p>John Green ha tornat!! Despr\u00e9s de emocionar-nos amb una hist\u00f2ria molt personal, \u201cBajo la misma estrella\u201d, l\u2019autor ens porta \u201cMil veces hasta siempre\u201d. La hist\u00f2ria d\u2019una noia que t\u00e9 de lluitar contra el seu \u201cjo\u201d interior, en unes circumst\u00e0ncies dures. En John Green les plasma a la perfecci\u00f3 en aquestes fulles.<\/p>\n<p>\u201cMil veces hasta siempre\u201d es la novetat de John Green, una fabulosa i emotiva hist\u00f2ria sobre el TOC (Trastorn Obsessiu Compulsiu). Una malaltia que en John Green va patir.<\/p>\n<p>Encara que per la sinopsi us sembli un llibre sobre la misteriosa desaparici\u00f3 d\u2019un multimilionari, i la missi\u00f3 de buscar pistes per trobar-lo. \u201cMil veces hasta siempre\u201d \u00e9s un llibre sobre un problema de salut mental que pateixen molts i moltes. Tornant a trobar-nos amb un llibre que toca temes reals amb delicadesa i realitat, per donar-nos compte de qui som realment i el que la nostre ment \u00e9s capa\u00e7 de fer-nos.<\/p>\n<p>En aquest llibre podem trobar molts personatges inoblidables. \u00c9s el cas de la Aza, un personatge que m\u2019ha encantat con\u00e8ixer i amb la qual he descobert una mica m\u00e9s sobre el TOC. Aza no porta una vida normal. Des de que pateix TOC la seva vida es resumeixi en dades m\u00e8diques, obsessions per les bact\u00e8ries i la por a elles. La seva amiga Daisy \u00e9s el seu major suport en aquest m\u00f3n on tot sembla amena\u00e7ar-la i venir-li gran.<\/p>\n<h3 style=\"text-align: center\">Aza ha sigut un personatge ple de valentia i coratge gr\u00e0cies a la qual la novel\u00b7la flueix i no decau en cap moment. La protagonista m\u2019ha sorpr\u00e8s molt\u00edssim, ja que l\u2019autor s\u2019hi ha posat de ple en les conseq\u00fc\u00e8ncies que aquest trastorn t\u00e9 en les persones que el pateixen. Senzillament incre\u00efble.<\/h3>\n<p>Daisy tamb\u00e9 m\u2019ha agradat molt. La seva amistat amb l\u2019Aza ha resultat ser indestructible i ha ajudat a la seva amiga en tot moment.<\/p>\n<p>La investigaci\u00f3 fa que la Aza es topi de noi amb en Davis, el fill del desaparegut i un amic de la inf\u00e0ncia, pel qual sempre ha sentit alguna cosa m\u00e9s. Aviat, l\u2019Aza es veur\u00e0 immersa en la vida d\u2019en Davis i el seu germ\u00e0, Noah. Per\u00f2 la ment de la Aza \u00e9s capritxosa i, el que sembla alguna cosa tant normal com una car\u00edcia o una abra\u00e7ada, fa que la seva ment viatgi a llocs foscos que la fan caure dins d\u2019una espiral, de la que costa sortir.<\/p>\n<h1 style=\"text-align: center\"><strong>FRASES<\/strong><\/h1>\n<p style=\"text-align: left\"><em>\u201cLa primera vez que ca\u00ed en la cuenta de que podria ser un personage de ficci\u00f3n, aisit\u00eda de lunes a viernes a un centro p\u00fablico del norte de Indian\u00e1polis llamado White River High School.\u201d<\/em><\/p>\n<p style=\"text-align: left\"><em>\u201cEmpezaba a descobrir que tu vida es una historia que cuentan sobre ti, no una historia que cuentas t\u00fa.\u201d<\/em><\/p>\n<p style=\"text-align: left\"><em>\u201cEl problema de una espiral es que si la recorres, en realidad nunca acaba. Se estrecha infinitamente.\u201d<\/em><\/p>\n<p style=\"text-align: left\"><em>\u201cEl verdadero terror no es asustarse; es no tenir elecci\u00f3n.\u201d<\/em><\/p>\n<p style=\"text-align: left\"><em>\u201cLo peor de estar muy solo es que piensas en todas las veces en las que has deseado que todo el mundo te dejar\u00e1 en paz. Y lo hacen, te dejan en paz, y te convierte en una compa\u00f1\u00eda terrible.\u201d<\/em><\/p>\n<p style=\"text-align: left\"><em>\u201cPreocuparse es la forma correcta de ver la vida. La vida es preocupante.\u201d<\/em><\/p>\n<p style=\"text-align: left\"><em>\u201cEstamos a punto de vivir el sue\u00f1o americano, que consiste, por supuesto, en beneficiarse de la desgracia ajena. \u201c<\/em><\/p>\n<p style=\"text-align: left\"><em>\u201cY el problema es que cuando pierdes a alguien, te das cuenta de que al final perder\u00e1s a todo el mundo. \u201c<\/em><\/p>\n<p style=\"text-align: left\"><em>\u201cSer vulnerable es pedir a gritos que te utilicen.\u201d<\/em><\/p>\n<h1 style=\"text-align: center\"><strong>AN\u00c8CODTES<\/strong><\/h1>\n<p>*John Green va n\u00e9ixer a Indianapolis, Indiana. Va estudiar Llengua i Literatura Anglesa i Estudis Religiosos.<\/p>\n<p>*La seva primera novel\u00b7la, \u201cBuscant a Alaska\u201d, va guanyar el premi Printz a la millor novel\u00b7la juvenil. \u201cCiutats de paper\u201d i, especialment \u201cNo esta escrit a les estrelles\u201d l\u2019han convertit en un dels autors actuals m\u00e9s coneguts arreu del m\u00f3n. I\u00a0 tamb\u00e9 en un fen\u00f2men de la literatura crossover (llibres tan per joves com per adults).<\/p>\n<p>*Tamb\u00e9 se\u2019l coneix per ser un del membres del canal Vlogbrothers de Youtube, juntament amb el seu germ\u00e0 Hank, amb m\u00e9s de tres milions de seguidors.<\/p>\n<p>*Actualment viu a Indianapolis amb la seva fam\u00edlia.<\/p>\n<p>*Podeu afegir-vos als milions de persones que el segueixen a Twiter @johngreen o visitar la seva p\u00e0gina web: www.johngreenbooks.com<\/p>\n<h3 style=\"text-align: center\"><em>Por un momento crees que estas mejor. Acabas de tener una secuencia de pensamientos normal, con su principio y su final. Tus pensamientos. Creados por ti. Y entonces sientes una arcada, un pu\u00f1o apret\u00e1ndose dentro de tu caja tor\u00e1cica, sudor fr\u00edo, frente caliente \u201cla tienes, ya esta dentro de ti extendi\u00e9ndose por todas partes apoder\u00e1ndose de ti y va a matarte y a comerte por dentro\u201d y entonces en voz baja, casi sufocada por el inefable horror, apenas logras arrancarte las palabras que necesitas decir.<\/em><br \/>\n <em> -Tengo problemes, mam\u00e1. Problemas graves.<\/em><\/h3>\n","protected":false},"excerpt":{"rendered":"<p>Sacas una tirita del bolsillo de los vaqueros, que nunca se queda sin existencias, y te la pones con cuidado. Vuelves al sof\u00e0 a ver la tele, y durante unos pocos minutos, o muchos, sientes que los escalofrios de la<\/p>\n","protected":false},"author":6,"featured_media":154,"comment_status":"open","ping_status":"open","sticky":false,"template":"","format":"standard","meta":{"sfsi_plus_gutenberg_text_before_share":"","sfsi_plus_gutenberg_show_text_before_share":"","sfsi_plus_gutenberg_icon_type":"","sfsi_plus_gutenberg_icon_alignemt":"","sfsi_plus_gutenburg_max_per_row":"","footnotes":""},"categories":[9,10],"tags":[34,29],"class_list":["post-1199","post","type-post","status-publish","format-standard","has-post-thumbnail","hentry","category-raco-de-la-paula","category-novetat","tag-blog-de-lectura","tag-club-de-lectura"],"yoast_head":"<!-- This site is optimized with the Yoast SEO plugin v27.5 - https:\/\/yoast.com\/product\/yoast-seo-wordpress\/ -->\n<title>MIL VECES HASTA SIEMPRE de John Green - Sala Jove<\/title>\n<meta name=\"description\" content=\"John Green ha tornat!! Despr\u00e9s de emocionar-nos amb una hist\u00f2ria molt personal, \u201cBajo la misma estrella\u201d, l\u2019autor ens porta \u201cMil veces hasta siempre\u201d.\" \/>\n<meta name=\"robots\" content=\"index, follow, max-snippet:-1, max-image-preview:large, max-video-preview:-1\" \/>\n<link rel=\"canonical\" href=\"https:\/\/biblioteca.blanes.cat\/salajove\/2018\/02\/15\/1199\/\" \/>\n<meta property=\"og:locale\" content=\"ca_ES\" \/>\n<meta property=\"og:type\" content=\"article\" \/>\n<meta property=\"og:title\" content=\"MIL VECES HASTA SIEMPRE de John Green - Sala Jove\" \/>\n<meta property=\"og:description\" content=\"John Green ha tornat!! Despr\u00e9s de emocionar-nos amb una hist\u00f2ria molt personal, \u201cBajo la misma estrella\u201d, l\u2019autor ens porta \u201cMil veces hasta siempre\u201d.\" \/>\n<meta property=\"og:url\" content=\"https:\/\/biblioteca.blanes.cat\/salajove\/2018\/02\/15\/1199\/\" \/>\n<meta property=\"og:site_name\" content=\"Sala Jove\" \/>\n<meta property=\"article:publisher\" content=\"https:\/\/www.facebook.com\/BilbiotecaComarcaldeBlanes\/\" \/>\n<meta property=\"article:published_time\" content=\"2018-02-15T12:44:23+00:00\" \/>\n<meta property=\"article:modified_time\" content=\"2018-04-04T10:35:13+00:00\" \/>\n<meta property=\"og:image\" content=\"https:\/\/biblioteca.blanes.cat\/salajove\/wp-content\/uploads\/sites\/3\/2017\/10\/Destacat_rac\u00f3_Paula.png\" \/>\n\t<meta property=\"og:image:width\" content=\"3719\" \/>\n\t<meta property=\"og:image:height\" content=\"2265\" \/>\n\t<meta property=\"og:image:type\" content=\"image\/png\" \/>\n<meta name=\"author\" content=\"paula\" \/>\n<meta name=\"twitter:card\" content=\"summary_large_image\" \/>\n<meta name=\"twitter:creator\" content=\"@BiblioBlanes\" \/>\n<meta name=\"twitter:site\" content=\"@BiblioBlanes\" \/>\n<meta name=\"twitter:label1\" content=\"Escrit per\" \/>\n\t<meta name=\"twitter:data1\" content=\"paula\" \/>\n\t<meta name=\"twitter:label2\" content=\"Temps estimat de lectura\" \/>\n\t<meta name=\"twitter:data2\" content=\"5 minuts\" \/>\n<script type=\"application\/ld+json\" class=\"yoast-schema-graph\">{\"@context\":\"https:\\\/\\\/schema.org\",\"@graph\":[{\"@type\":\"Article\",\"@id\":\"https:\\\/\\\/biblioteca.blanes.cat\\\/salajove\\\/2018\\\/02\\\/15\\\/1199\\\/#article\",\"isPartOf\":{\"@id\":\"https:\\\/\\\/biblioteca.blanes.cat\\\/salajove\\\/2018\\\/02\\\/15\\\/1199\\\/\"},\"author\":{\"name\":\"paula\",\"@id\":\"https:\\\/\\\/biblioteca.blanes.cat\\\/salajove\\\/#\\\/schema\\\/person\\\/8dbc45cdf5d1c7e2d100d147517ba7f3\"},\"headline\":\"MIL VECES HASTA SIEMPRE de John Green\",\"datePublished\":\"2018-02-15T12:44:23+00:00\",\"dateModified\":\"2018-04-04T10:35:13+00:00\",\"mainEntityOfPage\":{\"@id\":\"https:\\\/\\\/biblioteca.blanes.cat\\\/salajove\\\/2018\\\/02\\\/15\\\/1199\\\/\"},\"wordCount\":959,\"commentCount\":0,\"publisher\":{\"@id\":\"https:\\\/\\\/biblioteca.blanes.cat\\\/salajove\\\/#organization\"},\"image\":{\"@id\":\"https:\\\/\\\/biblioteca.blanes.cat\\\/salajove\\\/2018\\\/02\\\/15\\\/1199\\\/#primaryimage\"},\"thumbnailUrl\":\"https:\\\/\\\/biblioteca.blanes.cat\\\/salajove\\\/wp-content\\\/uploads\\\/sites\\\/3\\\/2017\\\/10\\\/Destacat_rac\u00f3_Paula.png\",\"keywords\":[\"#BlogdeLectura\",\"#ClubdeLectura\"],\"articleSection\":[\"Rac\u00f3 de la Paula\",\"RP_Novetat\"],\"inLanguage\":\"ca\",\"potentialAction\":[{\"@type\":\"CommentAction\",\"name\":\"Comment\",\"target\":[\"https:\\\/\\\/biblioteca.blanes.cat\\\/salajove\\\/2018\\\/02\\\/15\\\/1199\\\/#respond\"]}]},{\"@type\":\"WebPage\",\"@id\":\"https:\\\/\\\/biblioteca.blanes.cat\\\/salajove\\\/2018\\\/02\\\/15\\\/1199\\\/\",\"url\":\"https:\\\/\\\/biblioteca.blanes.cat\\\/salajove\\\/2018\\\/02\\\/15\\\/1199\\\/\",\"name\":\"MIL VECES HASTA SIEMPRE de John Green - Sala Jove\",\"isPartOf\":{\"@id\":\"https:\\\/\\\/biblioteca.blanes.cat\\\/salajove\\\/#website\"},\"primaryImageOfPage\":{\"@id\":\"https:\\\/\\\/biblioteca.blanes.cat\\\/salajove\\\/2018\\\/02\\\/15\\\/1199\\\/#primaryimage\"},\"image\":{\"@id\":\"https:\\\/\\\/biblioteca.blanes.cat\\\/salajove\\\/2018\\\/02\\\/15\\\/1199\\\/#primaryimage\"},\"thumbnailUrl\":\"https:\\\/\\\/biblioteca.blanes.cat\\\/salajove\\\/wp-content\\\/uploads\\\/sites\\\/3\\\/2017\\\/10\\\/Destacat_rac\u00f3_Paula.png\",\"datePublished\":\"2018-02-15T12:44:23+00:00\",\"dateModified\":\"2018-04-04T10:35:13+00:00\",\"description\":\"John Green ha tornat!! Despr\u00e9s de emocionar-nos amb una hist\u00f2ria molt personal, \u201cBajo la misma estrella\u201d, l\u2019autor ens porta \u201cMil veces hasta siempre\u201d.\",\"breadcrumb\":{\"@id\":\"https:\\\/\\\/biblioteca.blanes.cat\\\/salajove\\\/2018\\\/02\\\/15\\\/1199\\\/#breadcrumb\"},\"inLanguage\":\"ca\",\"potentialAction\":[{\"@type\":\"ReadAction\",\"target\":[\"https:\\\/\\\/biblioteca.blanes.cat\\\/salajove\\\/2018\\\/02\\\/15\\\/1199\\\/\"]}]},{\"@type\":\"ImageObject\",\"inLanguage\":\"ca\",\"@id\":\"https:\\\/\\\/biblioteca.blanes.cat\\\/salajove\\\/2018\\\/02\\\/15\\\/1199\\\/#primaryimage\",\"url\":\"https:\\\/\\\/biblioteca.blanes.cat\\\/salajove\\\/wp-content\\\/uploads\\\/sites\\\/3\\\/2017\\\/10\\\/Destacat_rac\u00f3_Paula.png\",\"contentUrl\":\"https:\\\/\\\/biblioteca.blanes.cat\\\/salajove\\\/wp-content\\\/uploads\\\/sites\\\/3\\\/2017\\\/10\\\/Destacat_rac\u00f3_Paula.png\",\"width\":3719,\"height\":2265,\"caption\":\"Rac\u00f3 de la Paula\"},{\"@type\":\"BreadcrumbList\",\"@id\":\"https:\\\/\\\/biblioteca.blanes.cat\\\/salajove\\\/2018\\\/02\\\/15\\\/1199\\\/#breadcrumb\",\"itemListElement\":[{\"@type\":\"ListItem\",\"position\":1,\"name\":\"Inici\",\"item\":\"https:\\\/\\\/biblioteca.blanes.cat\\\/salajove\\\/\"},{\"@type\":\"ListItem\",\"position\":2,\"name\":\"MIL VECES HASTA SIEMPRE de John Green\"}]},{\"@type\":\"WebSite\",\"@id\":\"https:\\\/\\\/biblioteca.blanes.cat\\\/salajove\\\/#website\",\"url\":\"https:\\\/\\\/biblioteca.blanes.cat\\\/salajove\\\/\",\"name\":\"Sala Jove\",\"description\":\"Biblioteca Comarcal de Blanes\",\"publisher\":{\"@id\":\"https:\\\/\\\/biblioteca.blanes.cat\\\/salajove\\\/#organization\"},\"potentialAction\":[{\"@type\":\"SearchAction\",\"target\":{\"@type\":\"EntryPoint\",\"urlTemplate\":\"https:\\\/\\\/biblioteca.blanes.cat\\\/salajove\\\/?s={search_term_string}\"},\"query-input\":{\"@type\":\"PropertyValueSpecification\",\"valueRequired\":true,\"valueName\":\"search_term_string\"}}],\"inLanguage\":\"ca\"},{\"@type\":\"Organization\",\"@id\":\"https:\\\/\\\/biblioteca.blanes.cat\\\/salajove\\\/#organization\",\"name\":\"Biblioteca Comarcal de Blanes\",\"url\":\"https:\\\/\\\/biblioteca.blanes.cat\\\/salajove\\\/\",\"logo\":{\"@type\":\"ImageObject\",\"inLanguage\":\"ca\",\"@id\":\"https:\\\/\\\/biblioteca.blanes.cat\\\/salajove\\\/#\\\/schema\\\/logo\\\/image\\\/\",\"url\":\"https:\\\/\\\/biblioteca.blanes.cat\\\/salajove\\\/wp-content\\\/uploads\\\/sites\\\/3\\\/2017\\\/09\\\/cropped-Bib-blau-e1518869380535.png\",\"contentUrl\":\"https:\\\/\\\/biblioteca.blanes.cat\\\/salajove\\\/wp-content\\\/uploads\\\/sites\\\/3\\\/2017\\\/09\\\/cropped-Bib-blau-e1518869380535.png\",\"width\":166,\"height\":166,\"caption\":\"Biblioteca Comarcal de Blanes\"},\"image\":{\"@id\":\"https:\\\/\\\/biblioteca.blanes.cat\\\/salajove\\\/#\\\/schema\\\/logo\\\/image\\\/\"},\"sameAs\":[\"https:\\\/\\\/www.facebook.com\\\/BilbiotecaComarcaldeBlanes\\\/\",\"https:\\\/\\\/x.com\\\/BiblioBlanes\",\"https:\\\/\\\/www.instagram.com\\\/biblioblanes\\\/\",\"https:\\\/\\\/www.pinterest.es\\\/bblanes\\\/\",\"https:\\\/\\\/www.youtube.com\\\/c\\\/BibliotecaComarcalBlanes\"]},{\"@type\":\"Person\",\"@id\":\"https:\\\/\\\/biblioteca.blanes.cat\\\/salajove\\\/#\\\/schema\\\/person\\\/8dbc45cdf5d1c7e2d100d147517ba7f3\",\"name\":\"paula\",\"image\":{\"@type\":\"ImageObject\",\"inLanguage\":\"ca\",\"@id\":\"https:\\\/\\\/secure.gravatar.com\\\/avatar\\\/7dc0a9399589f36ddc6864e8335b73854871aa22921ee390cb50776e7ddfc136?s=96&d=mm&r=g\",\"url\":\"https:\\\/\\\/secure.gravatar.com\\\/avatar\\\/7dc0a9399589f36ddc6864e8335b73854871aa22921ee390cb50776e7ddfc136?s=96&d=mm&r=g\",\"contentUrl\":\"https:\\\/\\\/secure.gravatar.com\\\/avatar\\\/7dc0a9399589f36ddc6864e8335b73854871aa22921ee390cb50776e7ddfc136?s=96&d=mm&r=g\",\"caption\":\"paula\"},\"url\":\"https:\\\/\\\/biblioteca.blanes.cat\\\/salajove\\\/author\\\/paula\\\/\"}]}<\/script>\n<!-- \/ Yoast SEO plugin. -->","yoast_head_json":{"title":"MIL VECES HASTA SIEMPRE de John Green - Sala Jove","description":"John Green ha tornat!! Despr\u00e9s de emocionar-nos amb una hist\u00f2ria molt personal, \u201cBajo la misma estrella\u201d, l\u2019autor ens porta \u201cMil veces hasta siempre\u201d.","robots":{"index":"index","follow":"follow","max-snippet":"max-snippet:-1","max-image-preview":"max-image-preview:large","max-video-preview":"max-video-preview:-1"},"canonical":"https:\/\/biblioteca.blanes.cat\/salajove\/2018\/02\/15\/1199\/","og_locale":"ca_ES","og_type":"article","og_title":"MIL VECES HASTA SIEMPRE de John Green - Sala Jove","og_description":"John Green ha tornat!! Despr\u00e9s de emocionar-nos amb una hist\u00f2ria molt personal, \u201cBajo la misma estrella\u201d, l\u2019autor ens porta \u201cMil veces hasta siempre\u201d.","og_url":"https:\/\/biblioteca.blanes.cat\/salajove\/2018\/02\/15\/1199\/","og_site_name":"Sala Jove","article_publisher":"https:\/\/www.facebook.com\/BilbiotecaComarcaldeBlanes\/","article_published_time":"2018-02-15T12:44:23+00:00","article_modified_time":"2018-04-04T10:35:13+00:00","og_image":[{"width":3719,"height":2265,"url":"https:\/\/biblioteca.blanes.cat\/salajove\/wp-content\/uploads\/sites\/3\/2017\/10\/Destacat_rac\u00f3_Paula.png","type":"image\/png"}],"author":"paula","twitter_card":"summary_large_image","twitter_creator":"@BiblioBlanes","twitter_site":"@BiblioBlanes","twitter_misc":{"Escrit per":"paula","Temps estimat de lectura":"5 minuts"},"schema":{"@context":"https:\/\/schema.org","@graph":[{"@type":"Article","@id":"https:\/\/biblioteca.blanes.cat\/salajove\/2018\/02\/15\/1199\/#article","isPartOf":{"@id":"https:\/\/biblioteca.blanes.cat\/salajove\/2018\/02\/15\/1199\/"},"author":{"name":"paula","@id":"https:\/\/biblioteca.blanes.cat\/salajove\/#\/schema\/person\/8dbc45cdf5d1c7e2d100d147517ba7f3"},"headline":"MIL VECES HASTA SIEMPRE de John Green","datePublished":"2018-02-15T12:44:23+00:00","dateModified":"2018-04-04T10:35:13+00:00","mainEntityOfPage":{"@id":"https:\/\/biblioteca.blanes.cat\/salajove\/2018\/02\/15\/1199\/"},"wordCount":959,"commentCount":0,"publisher":{"@id":"https:\/\/biblioteca.blanes.cat\/salajove\/#organization"},"image":{"@id":"https:\/\/biblioteca.blanes.cat\/salajove\/2018\/02\/15\/1199\/#primaryimage"},"thumbnailUrl":"https:\/\/biblioteca.blanes.cat\/salajove\/wp-content\/uploads\/sites\/3\/2017\/10\/Destacat_rac\u00f3_Paula.png","keywords":["#BlogdeLectura","#ClubdeLectura"],"articleSection":["Rac\u00f3 de la Paula","RP_Novetat"],"inLanguage":"ca","potentialAction":[{"@type":"CommentAction","name":"Comment","target":["https:\/\/biblioteca.blanes.cat\/salajove\/2018\/02\/15\/1199\/#respond"]}]},{"@type":"WebPage","@id":"https:\/\/biblioteca.blanes.cat\/salajove\/2018\/02\/15\/1199\/","url":"https:\/\/biblioteca.blanes.cat\/salajove\/2018\/02\/15\/1199\/","name":"MIL VECES HASTA SIEMPRE de John Green - Sala Jove","isPartOf":{"@id":"https:\/\/biblioteca.blanes.cat\/salajove\/#website"},"primaryImageOfPage":{"@id":"https:\/\/biblioteca.blanes.cat\/salajove\/2018\/02\/15\/1199\/#primaryimage"},"image":{"@id":"https:\/\/biblioteca.blanes.cat\/salajove\/2018\/02\/15\/1199\/#primaryimage"},"thumbnailUrl":"https:\/\/biblioteca.blanes.cat\/salajove\/wp-content\/uploads\/sites\/3\/2017\/10\/Destacat_rac\u00f3_Paula.png","datePublished":"2018-02-15T12:44:23+00:00","dateModified":"2018-04-04T10:35:13+00:00","description":"John Green ha tornat!! Despr\u00e9s de emocionar-nos amb una hist\u00f2ria molt personal, \u201cBajo la misma estrella\u201d, l\u2019autor ens porta \u201cMil veces hasta siempre\u201d.","breadcrumb":{"@id":"https:\/\/biblioteca.blanes.cat\/salajove\/2018\/02\/15\/1199\/#breadcrumb"},"inLanguage":"ca","potentialAction":[{"@type":"ReadAction","target":["https:\/\/biblioteca.blanes.cat\/salajove\/2018\/02\/15\/1199\/"]}]},{"@type":"ImageObject","inLanguage":"ca","@id":"https:\/\/biblioteca.blanes.cat\/salajove\/2018\/02\/15\/1199\/#primaryimage","url":"https:\/\/biblioteca.blanes.cat\/salajove\/wp-content\/uploads\/sites\/3\/2017\/10\/Destacat_rac\u00f3_Paula.png","contentUrl":"https:\/\/biblioteca.blanes.cat\/salajove\/wp-content\/uploads\/sites\/3\/2017\/10\/Destacat_rac\u00f3_Paula.png","width":3719,"height":2265,"caption":"Rac\u00f3 de la Paula"},{"@type":"BreadcrumbList","@id":"https:\/\/biblioteca.blanes.cat\/salajove\/2018\/02\/15\/1199\/#breadcrumb","itemListElement":[{"@type":"ListItem","position":1,"name":"Inici","item":"https:\/\/biblioteca.blanes.cat\/salajove\/"},{"@type":"ListItem","position":2,"name":"MIL VECES HASTA SIEMPRE de John Green"}]},{"@type":"WebSite","@id":"https:\/\/biblioteca.blanes.cat\/salajove\/#website","url":"https:\/\/biblioteca.blanes.cat\/salajove\/","name":"Sala Jove","description":"Biblioteca Comarcal de Blanes","publisher":{"@id":"https:\/\/biblioteca.blanes.cat\/salajove\/#organization"},"potentialAction":[{"@type":"SearchAction","target":{"@type":"EntryPoint","urlTemplate":"https:\/\/biblioteca.blanes.cat\/salajove\/?s={search_term_string}"},"query-input":{"@type":"PropertyValueSpecification","valueRequired":true,"valueName":"search_term_string"}}],"inLanguage":"ca"},{"@type":"Organization","@id":"https:\/\/biblioteca.blanes.cat\/salajove\/#organization","name":"Biblioteca Comarcal de Blanes","url":"https:\/\/biblioteca.blanes.cat\/salajove\/","logo":{"@type":"ImageObject","inLanguage":"ca","@id":"https:\/\/biblioteca.blanes.cat\/salajove\/#\/schema\/logo\/image\/","url":"https:\/\/biblioteca.blanes.cat\/salajove\/wp-content\/uploads\/sites\/3\/2017\/09\/cropped-Bib-blau-e1518869380535.png","contentUrl":"https:\/\/biblioteca.blanes.cat\/salajove\/wp-content\/uploads\/sites\/3\/2017\/09\/cropped-Bib-blau-e1518869380535.png","width":166,"height":166,"caption":"Biblioteca Comarcal de Blanes"},"image":{"@id":"https:\/\/biblioteca.blanes.cat\/salajove\/#\/schema\/logo\/image\/"},"sameAs":["https:\/\/www.facebook.com\/BilbiotecaComarcaldeBlanes\/","https:\/\/x.com\/BiblioBlanes","https:\/\/www.instagram.com\/biblioblanes\/","https:\/\/www.pinterest.es\/bblanes\/","https:\/\/www.youtube.com\/c\/BibliotecaComarcalBlanes"]},{"@type":"Person","@id":"https:\/\/biblioteca.blanes.cat\/salajove\/#\/schema\/person\/8dbc45cdf5d1c7e2d100d147517ba7f3","name":"paula","image":{"@type":"ImageObject","inLanguage":"ca","@id":"https:\/\/secure.gravatar.com\/avatar\/7dc0a9399589f36ddc6864e8335b73854871aa22921ee390cb50776e7ddfc136?s=96&d=mm&r=g","url":"https:\/\/secure.gravatar.com\/avatar\/7dc0a9399589f36ddc6864e8335b73854871aa22921ee390cb50776e7ddfc136?s=96&d=mm&r=g","contentUrl":"https:\/\/secure.gravatar.com\/avatar\/7dc0a9399589f36ddc6864e8335b73854871aa22921ee390cb50776e7ddfc136?s=96&d=mm&r=g","caption":"paula"},"url":"https:\/\/biblioteca.blanes.cat\/salajove\/author\/paula\/"}]}},"_links":{"self":[{"href":"https:\/\/biblioteca.blanes.cat\/salajove\/wp-json\/wp\/v2\/posts\/1199","targetHints":{"allow":["GET"]}}],"collection":[{"href":"https:\/\/biblioteca.blanes.cat\/salajove\/wp-json\/wp\/v2\/posts"}],"about":[{"href":"https:\/\/biblioteca.blanes.cat\/salajove\/wp-json\/wp\/v2\/types\/post"}],"author":[{"embeddable":true,"href":"https:\/\/biblioteca.blanes.cat\/salajove\/wp-json\/wp\/v2\/users\/6"}],"replies":[{"embeddable":true,"href":"https:\/\/biblioteca.blanes.cat\/salajove\/wp-json\/wp\/v2\/comments?post=1199"}],"version-history":[{"count":4,"href":"https:\/\/biblioteca.blanes.cat\/salajove\/wp-json\/wp\/v2\/posts\/1199\/revisions"}],"predecessor-version":[{"id":1204,"href":"https:\/\/biblioteca.blanes.cat\/salajove\/wp-json\/wp\/v2\/posts\/1199\/revisions\/1204"}],"wp:featuredmedia":[{"embeddable":true,"href":"https:\/\/biblioteca.blanes.cat\/salajove\/wp-json\/wp\/v2\/media\/154"}],"wp:attachment":[{"href":"https:\/\/biblioteca.blanes.cat\/salajove\/wp-json\/wp\/v2\/media?parent=1199"}],"wp:term":[{"taxonomy":"category","embeddable":true,"href":"https:\/\/biblioteca.blanes.cat\/salajove\/wp-json\/wp\/v2\/categories?post=1199"},{"taxonomy":"post_tag","embeddable":true,"href":"https:\/\/biblioteca.blanes.cat\/salajove\/wp-json\/wp\/v2\/tags?post=1199"}],"curies":[{"name":"wp","href":"https:\/\/api.w.org\/{rel}","templated":true}]}}