{"id":1159,"date":"2018-04-10T14:10:31","date_gmt":"2018-04-10T13:10:31","guid":{"rendered":"https:\/\/biblioteca.blanes.cat\/salajove\/?p=1159"},"modified":"2018-06-29T10:46:38","modified_gmt":"2018-06-29T09:46:38","slug":"taller-booktubers","status":"publish","type":"post","link":"https:\/\/biblioteca.blanes.cat\/salajove\/2018\/04\/10\/taller-booktubers\/","title":{"rendered":"TALLER: BookTubers"},"content":{"rendered":"<h2 style=\"text-align: center;\">Taller de BookTubers<\/h2>\n<h2 style=\"text-align: center;\">divendres 20 i 27 d&#8217;abril de 5h a 7h de la tarda.<\/h2>\n<h2 style=\"text-align: center;\">INSCRIPCIONS OBERTES!<\/h2>\n<p style=\"text-align: justify;\">Aquest mes d&#8217;abril en Xavier Llu\u00eds Chavarr\u00eda ens acostar\u00e0 al fenomen booktuber mitjan\u00e7ant un workshop en tres parts:<\/p>\n<ol style=\"text-align: justify;\">\n<li><strong>Prescripci\u00f3 liter\u00e0ria<\/strong>: qu\u00e8 i per qu\u00e8.<\/li>\n<li><strong>T\u00e8cniques de comunicaci\u00f3<\/strong><\/li>\n<li><strong>T\u00e8cniques d\u2019edici\u00f3 de v\u00eddeo i Youtube<\/strong><\/li>\n<\/ol>\n<p style=\"text-align: center;\"><img fetchpriority=\"high\" decoding=\"async\" class=\"alignnone size-medium\" src=\"data:image\/png;base64,iVBORw0KGgoAAAANSUhEUgAAASwAAACoCAMAAABt9SM9AAABBVBMVEX\/\/\/8AAADhLSjBIyjEJCjaKyfeLSjjLCnHJCfTJynPJinbKifLJCneLSbVKSjAIyjdIBrpjIv56enkJiD09PTFGh7oYV\/NEhb++fkkJCQPDw\/Ly8vz8\/NWVlbUY2Xt7e300NDsqqnlm5va2tpxcXE7Ozu9GR\/ts7NfX1+8DRW4AADPaGvYNzTtw8Pk5OTpbWyGhoYyMjLcjZDXAAB6enqlpabedne7u7sYGBjDAACTk5O0tLVAQEDleHanp6dNTk7iFg3ng4HQOT3HAAz23d7vlpXSWVzLExnkn6DFOz\/qu7zVen3ZZmcpKivakpTThIXOSkzPR0ngSETiDADyqKfhUU7XOztOwLgFAAANSklEQVR4nO2ce18aOxPHl148XpAiBUEBAQFBWzgiUAS8VVAs1tNqte\/\/pTy5zSS7WSq2u8fP8ZnfX7tJNpt8M5nNDRyHRCKRSCQSiUQikUgkEolEIpFIJBKJRCKRSCQSiUQikUgkEolEIpFIJBKJRCL9XyiTSYzHxWKjUSvdX1ysHR8f\/8217pUIZbGfLy62S6VpkWmcSGSeu\/j\/kor3n9fv7l69j5+dnf1gOuOKv39UIt2ZeuD9q4W79eP7xouGlrn\/+OOMV\/2vP5Xg9+P9WuK5qxSaigtnf0zJrfjZ8Qu1runCn1uUpbO1565WKCr9+OtVCPpx\/NwVC0GNH2Gg4rS2n7tqwetjKHYlaI2fu25Bq3QWFqtX8b+fu3JBKzzDevXq7IUNIIpheSwB6\/65q+dSszfsNf0iCr3hsDxHBhfxBabVuI9WF3ykUvpF+SRef\/T9heFTq\/y7SlYiXPWCFdMREacGx2w5mcyVgV+Z3RX4zQNHsnp3sWbrwYfW6oNIeTwnrbYxMk02y+ytnnIOIhHftv5NbUS0KkPXy8oYkXU\/U2hBRA+D5P2G68myk4ivMsV9h0SfRZxbKmWxbUf5qT1liXOVlq7CjcuSjlhIgKaVjLi0YXStnBHubp4bHQEYFayWvBvCU2NRa\/\/PVgCwhNMqR1yq6zec8vtBUKgsWKYRHRmhh+YzdTN9wQ9WB+Jq7RWmWbBWLCGsBTvORyJjD6xIHl4gnchpcLCcludVh9ATu67gff1Ez68hc5vi7kjeiSaNbIJ\/nwXLdkIa1nwe\/o4lbnrb+0Tmn\/Vp54Bhgdl6TU53xE13hDTF5IbZjGhmn0OGteoHK5ITmYA3DtDDW7AiMnzfE9qBB048Eac2LNUnK46zvmogCB7WQtsXlmjvIdz1\/F7+e6parxI+PrnpDS7MeqBswVIdoOs4sdW3TKsPtRLTvZrLlYRq6yLOLYRlR\/mqncCmMSQ8Z95q5j9X3npVlwcPrWDVPbNWRMWCNcQmbUtHLIea4kPP1FaDUj+PDbDm8u8rK+2xHyzeftqN5L1VDhKWcNmnVrDy3R0rQnwScodGwVQXZs7CZSHthswivjLTUp5sWUVfWCeuz5B3pBokLG4dPgWQ3c3xiRAuvmXAOoJCJkKH1fAta8flc+eZlj0F1saw14PsW0m\/Xqj6od0LlVOoGrBkl6w6bEzqC2t25dMGrHi77Ukpeq+LdLym3Wulg7ORlu4alYI1B\/p91XUlleVu5mA8J+7wSvTDgU\/EhgeW+jxVfg3ro1CMXy7Jaxes9t3FdLoWS+PTK+27z\/el0tpDe9UXVtdsShw4VAID5YEFH7qc7mw35Vwzr0ugh\/Wb2VwBiTbxWVE2\/TEszobFqpnJZJw1dhO\/4JeZRNzohu2SmCNnHoBM\/KN62hk\/aIOLbyMs4Qy6WFTVlsF1QQ1LNkAF6g5Dl00xvAOLzuJAXY30gNYQKYp8Bpi88UtYXBcSFheHhZZVVMVLAJV1Y4HhOB6D4DU3LGhl4yIsWPgV6xkU9KhvqOdhchwB3mKARCs6Sw6awYppISx+g7DYJcCKxRSsxhTLdyFSr9y5Cn2ZVlmmP3lgqYYt\/GuwCmAbasEFhgsd\/UGWEwpId+qGJQO5iyvFY0+E9clbvnFbPOrem0hAvhyuC1YH2jsUWBUDlvRON0noX7C6kcXqDxCbkFrFYTNmA5YCyqfetcdhMRuJbyMBG5bDjSj91RO4pkxr5asHFrb3oatVA5JaDOWXTbSTOrSPknxzCxsO13FwRKVg8XxUT+BTsjksi9U67QNr+\/arclIPb\/HJ8dfvf0sTk\/YmYanSuWDhnNezbBkIrCpn1UKTaGFHMhMd5sAd4chlgFTrABoGF6LKaRNWfBYsqxsmfsZh5uMc8xRyG+dj+m26LUN\/vtWwNvxg1d2dI0hYkY0qLj9kneQh9impLjA58lDsYfupwu3DQKP+dFhphFVsL8ViPzOY4qe4GvNQ9Z28XJGwLj2wOgBLtVkrDFiGcAJxgomU0yori9crgU0vLFRPwloyNAJY4gZgLS2lDxSspaUJwmJcpDmxPN5Kl1Xss+dUj\/w8EVm+9cKqQh1gfBpoP7QmxhWEpd+DTLwU1fx5aMHaSP4CVmwGrNgMWEYoZKJy9sJSX5yqXnUIcIHGXuTjL22CIYGQnmE1Ui2g54HVNavkgZWey7KWRggrLY8XNUTo9Few6poQDKXDhMU7uYKl12Ph65z0mpwy+6539UJ5tYBgTRSsvoZVkjnHNKyj\/ZMuTMZ4U8FaQIALpbZlnSAsY7Z+6IJlTLiOoHBu35d9EqztOWG1R6NRexYs7+uhHwa49mfDijwOy9gCmAFrEAasRIMr8TisG5EEvLG9nx4grB7A0m+Zoxu6YVXDgGXql7BkU8E8NsB+aMOq2z7L4+ANWHJz2nbwyeeEpeY4yoMFuKRlw9pIWkOHshuWPj5Q2IQAD6yequiyIYQlbgDW8jLCWl4GWH2eAmAt+8ISWfrCgmGg2rSrBgcLVhQGA72WlzMrzIWDUslGzyHKmNIDqzInrLXfhFXTsLy7drBWgktLwU2m9dwQO3k26WWCU0BjiU\/Imu6AbpLzwTqYzA9rfLANuvoUE1lOvtqwdLGr0MYhwAImJ2qoqc+jKBIFdaEnXPtYHJgbwjRDlLA2ChJWo59GTZZnwtJNWUe7DwFWFppGjjDxjIj6CN4Ya2tKN2josOoAB5UGIcBy5eaFtalWsIym7IQDy3VGYR\/GAeDhVWerou2Bh1deQS\/+5XEoX38CLBjBu2BFLVhFH1h6WXngJNUMB8eHHegpQcnc3UkCrIFRYQfr38E5BKzRVPQtwoKDI7zIzBaiWgiLXWtY0eUJwIpGNawowpoYsNiD50JvZJY8fQEbUB8bMOsW4Nk\/XLQzYcFSu+xu4PhPjG+AiIC9YD1vzbuTNPrzWNbEtxvOsKz0VGyhHUinxTkXvKVDD1\/1wAsIlvRZTYAFFZbBLV39AjhTYeowsR+asGDHriMqHZ1hWVFtWVHDslIAK2pYVhRh8dApPsct68q1+ua2++CH8HmDCjp43GQ9LTtNPC7JAcGBo1bWaeJooeyYO9Kq03I\/O34qrIkBK+UPq2HCStfMbqgKsamqVjGKFzwslbs105MS09OBT4RYMtKwYFeY9eHEXLBGVxLWxG1ZUYSV+qph9WUmaxPMsolNDB5d0sG5SXCDUnUwhNWsALXs+R8MEbMIv4MhFQ2L+z4YOLN+kZkHVuo84wdr+dYBWMvn4irDH+zL7Z1PKT9YXayAk8UOgSP6Pxc4pEMYpoiGedKRo6EbFjgt\/i19FNbVJDVRv8AxYGUuJ9GR7JzO9QR75HWakZWhlxJWv2h4WvRS7hNHxlnvoGAZ4ksz9mE2OYHx66A8vXnyTyXhx4RHj8FK3EZhq96A5SS2RueK4QeGZVRUiUc\/5VXmXGbJ7cyApdr41DX76oYJS3xM7H6o5vJ2PxRjNLV7JmAZTuvcF9Yi\/46V5E0GD3wkJosIi4XDxS339deQRgUXVSv0M6Y5GTMK45hwgAdpdO9zUbEP4MIUxzqAK8ZcpmUBzxPeWxa1ANYoym4m17oMymelo4sTa\/ueOarFxWja82M5lW905CAs4TnzUCTdpgHuHFq\/sPBs7aKw53uPdsvCJPG0H1oZf+TbxA8Wv0ndYhmKaujA0irLGhd1ZF+kvnSVetqHPDWsulHqrlGv4CY7PrDUKCXnCdbG7LG5nglLkstjTtszYS2O4GDMuP+PBQsjne\/ShkaGIbJOqHJMfdewhDdQ3qNjuJfgWPnAAn\/oHlEZe5Xun6Oo31SoU24SFhhf0zABXuGiTJuWFd2Sd9PJaFvDkkwS\/ZQC+w24jC6xJ5awBURyE1YZmwl6RoDu3Yalu7j5QyfXwM61zqdcmeuHTnrrfDwyYKUut4SUH5vcTsfF2iVLcavDz8UVc0mjyxqL\/a6fT022ao1xsXFwrsPEJ1UBkuNqNKestzphwLK2oVW1TRmL3j13YlU2jMycL5q0pPB21O+PUjpi0XWpY830\/f6uESJGqH6wso69axc4LPP3hsZv0zxT0QL+4BC9p4Ild+yMaceH1JvwtPguo4spX13HcuV9Cv6n6tXz1dbhJtdN3pN3Tg4v8\/Y2pfQIpwbaXqder++DBZazTDx2OgoRlvJw2Sy8jTU+3nSDZyWVzHH5HK5vDk+GM35QfjLXD8oT\/RBhqVmAv5qReqB98N\/Q953QWC3uvrD\/dWCDh9Bg7V4\/\/vr\/mL6H5uJfnGGx0fjum9ehaO9XHuu\/quJeKgRUb\/aunrtioSjxYW8naFa7u6XnrlZYanzZ290JrDe+2dndu35x\/51lqHiwdb6zt7fLlNrhdvbuSXr9emcnxR\/eY3m8u7x6ea7do0xi3Khd\/XPwbevDly\/vRL1Bu0I7IHlrRp9\/udz69u2fq9K0URy\/0P+RfEwJpinT1QHXB9C1uOURLP65y0gikUgkEolEIpFIJBKJRCKRSCQSiUQikUgkEolEIpFIJBKJRCKRSCQSiUQikUgkEolE8tX\/AI2+OyRzcfx+AAAAAElFTkSuQmCC\" width=\"300\" height=\"168\" \/><\/p>\n<p style=\"text-align: justify;\">Una altra manera de recomanar llibres, parlar de g\u00e8neres literaris, autors, sagues i col\u00b7leccions de llibres que ens agraden, d&#8217;una forma actual i amb recursos que tenim a l&#8217;abast.<\/p>\n<p style=\"text-align: justify;\">En aquest taller treballarem, entre d&#8217;altes, a com mostrar seguretat amb la informaci\u00f3 que donem, com enfrontar-nos a la c\u00e0mera (tot i estar sols), qu\u00e8 direm i qu\u00e8 no direm del llibre, crear un punt \u00e0lgid en la ressenya, crear una petita marca personal en la transmissi\u00f3. Tot aix\u00f2 i MOLT M\u00c9S!<\/p>\n<p>Aqu\u00ed podeu veure un exemple:<\/p>\n<p><iframe src=\"https:\/\/www.youtube.com\/embed\/Z6YRtTHZ4b0\" width=\"560\" height=\"315\" frameborder=\"0\" align=\"center\" allowfullscreen=\"allowfullscreen\"><\/iframe><\/p>\n<p>&nbsp;<\/p>\n<table class=\" aligncenter\" style=\"width: 730px; height: 149px;\">\n<tbody>\n<tr style=\"height: 27px;\">\n<td style=\"width: 89.1167px; height: 27px; vertical-align: middle;\"><a href=\"https:\/\/biblioteca.blanes.cat\/salajove\/activitats\/bollere-2\/\" target=\"_blank\" rel=\"noopener\"><img decoding=\"async\" class=\"alignnone wp-image-1161\" src=\"https:\/\/biblioteca.blanes.cat\/salajove\/wp-content\/uploads\/sites\/3\/2018\/03\/DSC_0401-200x300.jpg\" alt=\"taller booktubers\" width=\"80\" height=\"121\" srcset=\"https:\/\/biblioteca.blanes.cat\/salajove\/wp-content\/uploads\/sites\/3\/2018\/03\/DSC_0401-200x300.jpg 200w, https:\/\/biblioteca.blanes.cat\/salajove\/wp-content\/uploads\/sites\/3\/2018\/03\/DSC_0401.jpg 615w\" sizes=\"(max-width: 80px) 100vw, 80px\" \/><\/a><\/td>\n<td style=\"width: 624.883px; height: 27px; text-align: justify; vertical-align: middle;\">En <a href=\"https:\/\/es.linkedin.com\/in\/xavierlluis1\" target=\"_blank\" rel=\"noopener\">Xavier Llu\u00eds Chavarr\u00eda<\/a> \u00e9s un bibliotecari jove amb moltes inquietuts relacionades amb el m\u00f3n del llibre. Una d&#8217;elles \u00e9s escriure i aix\u00f2 el va portar a participar la <a href=\"https:\/\/biblioteca.blanes.cat\/salajove\/activitats\/bollere-2\/\" target=\"_blank\" rel=\"noopener\">concurs de relats breus per a Joves Boller\u00e9<\/a> on va estar guardonat en la categoria \u201cB\u201d.<\/td>\n<\/tr>\n<\/tbody>\n<\/table>\n<p>&nbsp;<\/p>\n<p style=\"text-align: justify;\">\u00a0<\/p>\n<p>&nbsp;<\/p>\n","protected":false},"excerpt":{"rendered":"<p>Taller de BookTubers divendres 20 i 27 d&#8217;abril de 5h a 7h de la tarda. INSCRIPCIONS OBERTES! Aquest mes d&#8217;abril en Xavier Llu\u00eds Chavarr\u00eda ens acostar\u00e0 al fenomen booktuber mitjan\u00e7ant un workshop en tres parts: Prescripci\u00f3 liter\u00e0ria: qu\u00e8 i per<\/p>\n","protected":false},"author":4,"featured_media":1173,"comment_status":"open","ping_status":"open","sticky":false,"template":"","format":"standard","meta":{"sfsi_plus_gutenberg_text_before_share":"","sfsi_plus_gutenberg_show_text_before_share":"","sfsi_plus_gutenberg_icon_type":"","sfsi_plus_gutenberg_icon_alignemt":"","sfsi_plus_gutenburg_max_per_row":"","footnotes":""},"categories":[1],"tags":[24,21,22,30,47],"class_list":["post-1159","post","type-post","status-publish","format-standard","has-post-thumbnail","hentry","category-general","tag-activitats","tag-llibres","tag-ressenya","tag-taller","tag-tic"],"yoast_head":"<!-- This site is optimized with the Yoast SEO plugin v27.5 - https:\/\/yoast.com\/product\/yoast-seo-wordpress\/ -->\n<title>taller de booktubers: divendres 20 i 27 d&#039;abril de 5h a 7h de la tarda.<\/title>\n<meta name=\"description\" content=\"taller booktubers: INSCRIPCIONS OBERTES! Una altra manera de recomanar llibres, parlar de g\u00e8neres literaris, autors, sagues i col\u00b7leccions ...\" \/>\n<meta name=\"robots\" content=\"index, follow, max-snippet:-1, max-image-preview:large, max-video-preview:-1\" \/>\n<link rel=\"canonical\" href=\"https:\/\/biblioteca.blanes.cat\/salajove\/2018\/04\/10\/taller-booktubers\/\" \/>\n<meta property=\"og:locale\" content=\"ca_ES\" \/>\n<meta property=\"og:type\" content=\"article\" \/>\n<meta property=\"og:title\" content=\"taller de booktubers: divendres 20 i 27 d&#039;abril de 5h a 7h de la tarda.\" \/>\n<meta property=\"og:description\" content=\"taller booktubers: INSCRIPCIONS OBERTES! Una altra manera de recomanar llibres, parlar de g\u00e8neres literaris, autors, sagues i col\u00b7leccions ...\" \/>\n<meta property=\"og:url\" content=\"https:\/\/biblioteca.blanes.cat\/salajove\/2018\/04\/10\/taller-booktubers\/\" \/>\n<meta property=\"og:site_name\" content=\"Sala Jove\" \/>\n<meta property=\"article:publisher\" content=\"https:\/\/www.facebook.com\/BilbiotecaComarcaldeBlanes\/\" \/>\n<meta property=\"article:published_time\" content=\"2018-04-10T13:10:31+00:00\" \/>\n<meta property=\"article:modified_time\" content=\"2018-06-29T09:46:38+00:00\" \/>\n<meta property=\"og:image\" content=\"https:\/\/biblioteca.blanes.cat\/salajove\/wp-content\/uploads\/sites\/3\/2018\/03\/BOOKTUBERS3.jpg\" \/>\n\t<meta property=\"og:image:width\" content=\"321\" \/>\n\t<meta property=\"og:image:height\" content=\"281\" \/>\n\t<meta property=\"og:image:type\" content=\"image\/jpeg\" \/>\n<meta name=\"author\" content=\"biblioblanes\" \/>\n<meta name=\"twitter:card\" content=\"summary_large_image\" \/>\n<meta name=\"twitter:creator\" content=\"@biblioblanes\" \/>\n<meta name=\"twitter:site\" content=\"@BiblioBlanes\" \/>\n<meta name=\"twitter:label1\" content=\"Escrit per\" \/>\n\t<meta name=\"twitter:data1\" content=\"biblioblanes\" \/>\n\t<meta name=\"twitter:label2\" content=\"Temps estimat de lectura\" \/>\n\t<meta name=\"twitter:data2\" content=\"1 minut\" \/>\n<script type=\"application\/ld+json\" class=\"yoast-schema-graph\">{\"@context\":\"https:\\\/\\\/schema.org\",\"@graph\":[{\"@type\":\"Article\",\"@id\":\"https:\\\/\\\/biblioteca.blanes.cat\\\/salajove\\\/2018\\\/04\\\/10\\\/taller-booktubers\\\/#article\",\"isPartOf\":{\"@id\":\"https:\\\/\\\/biblioteca.blanes.cat\\\/salajove\\\/2018\\\/04\\\/10\\\/taller-booktubers\\\/\"},\"author\":{\"name\":\"biblioblanes\",\"@id\":\"https:\\\/\\\/biblioteca.blanes.cat\\\/salajove\\\/#\\\/schema\\\/person\\\/5a7b46760d9dd611d098bbf571a341dc\"},\"headline\":\"TALLER: BookTubers\",\"datePublished\":\"2018-04-10T13:10:31+00:00\",\"dateModified\":\"2018-06-29T09:46:38+00:00\",\"mainEntityOfPage\":{\"@id\":\"https:\\\/\\\/biblioteca.blanes.cat\\\/salajove\\\/2018\\\/04\\\/10\\\/taller-booktubers\\\/\"},\"wordCount\":205,\"commentCount\":0,\"publisher\":{\"@id\":\"https:\\\/\\\/biblioteca.blanes.cat\\\/salajove\\\/#organization\"},\"image\":{\"@id\":\"https:\\\/\\\/biblioteca.blanes.cat\\\/salajove\\\/2018\\\/04\\\/10\\\/taller-booktubers\\\/#primaryimage\"},\"thumbnailUrl\":\"https:\\\/\\\/biblioteca.blanes.cat\\\/salajove\\\/wp-content\\\/uploads\\\/sites\\\/3\\\/2018\\\/03\\\/BOOKTUBERS3.jpg\",\"keywords\":[\"#Activitats\",\"#Llibres\",\"#Ressenya\",\"#Taller\",\"#TIC\"],\"articleSection\":[\"Not\u00edcies\"],\"inLanguage\":\"ca\",\"potentialAction\":[{\"@type\":\"CommentAction\",\"name\":\"Comment\",\"target\":[\"https:\\\/\\\/biblioteca.blanes.cat\\\/salajove\\\/2018\\\/04\\\/10\\\/taller-booktubers\\\/#respond\"]}]},{\"@type\":\"WebPage\",\"@id\":\"https:\\\/\\\/biblioteca.blanes.cat\\\/salajove\\\/2018\\\/04\\\/10\\\/taller-booktubers\\\/\",\"url\":\"https:\\\/\\\/biblioteca.blanes.cat\\\/salajove\\\/2018\\\/04\\\/10\\\/taller-booktubers\\\/\",\"name\":\"taller de booktubers: divendres 20 i 27 d'abril de 5h a 7h de la tarda.\",\"isPartOf\":{\"@id\":\"https:\\\/\\\/biblioteca.blanes.cat\\\/salajove\\\/#website\"},\"primaryImageOfPage\":{\"@id\":\"https:\\\/\\\/biblioteca.blanes.cat\\\/salajove\\\/2018\\\/04\\\/10\\\/taller-booktubers\\\/#primaryimage\"},\"image\":{\"@id\":\"https:\\\/\\\/biblioteca.blanes.cat\\\/salajove\\\/2018\\\/04\\\/10\\\/taller-booktubers\\\/#primaryimage\"},\"thumbnailUrl\":\"https:\\\/\\\/biblioteca.blanes.cat\\\/salajove\\\/wp-content\\\/uploads\\\/sites\\\/3\\\/2018\\\/03\\\/BOOKTUBERS3.jpg\",\"datePublished\":\"2018-04-10T13:10:31+00:00\",\"dateModified\":\"2018-06-29T09:46:38+00:00\",\"description\":\"taller booktubers: INSCRIPCIONS OBERTES! Una altra manera de recomanar llibres, parlar de g\u00e8neres literaris, autors, sagues i col\u00b7leccions ...\",\"breadcrumb\":{\"@id\":\"https:\\\/\\\/biblioteca.blanes.cat\\\/salajove\\\/2018\\\/04\\\/10\\\/taller-booktubers\\\/#breadcrumb\"},\"inLanguage\":\"ca\",\"potentialAction\":[{\"@type\":\"ReadAction\",\"target\":[\"https:\\\/\\\/biblioteca.blanes.cat\\\/salajove\\\/2018\\\/04\\\/10\\\/taller-booktubers\\\/\"]}]},{\"@type\":\"ImageObject\",\"inLanguage\":\"ca\",\"@id\":\"https:\\\/\\\/biblioteca.blanes.cat\\\/salajove\\\/2018\\\/04\\\/10\\\/taller-booktubers\\\/#primaryimage\",\"url\":\"https:\\\/\\\/biblioteca.blanes.cat\\\/salajove\\\/wp-content\\\/uploads\\\/sites\\\/3\\\/2018\\\/03\\\/BOOKTUBERS3.jpg\",\"contentUrl\":\"https:\\\/\\\/biblioteca.blanes.cat\\\/salajove\\\/wp-content\\\/uploads\\\/sites\\\/3\\\/2018\\\/03\\\/BOOKTUBERS3.jpg\",\"width\":321,\"height\":281},{\"@type\":\"BreadcrumbList\",\"@id\":\"https:\\\/\\\/biblioteca.blanes.cat\\\/salajove\\\/2018\\\/04\\\/10\\\/taller-booktubers\\\/#breadcrumb\",\"itemListElement\":[{\"@type\":\"ListItem\",\"position\":1,\"name\":\"Inici\",\"item\":\"https:\\\/\\\/biblioteca.blanes.cat\\\/salajove\\\/\"},{\"@type\":\"ListItem\",\"position\":2,\"name\":\"TALLER: BookTubers\"}]},{\"@type\":\"WebSite\",\"@id\":\"https:\\\/\\\/biblioteca.blanes.cat\\\/salajove\\\/#website\",\"url\":\"https:\\\/\\\/biblioteca.blanes.cat\\\/salajove\\\/\",\"name\":\"Sala Jove\",\"description\":\"Biblioteca Comarcal de Blanes\",\"publisher\":{\"@id\":\"https:\\\/\\\/biblioteca.blanes.cat\\\/salajove\\\/#organization\"},\"potentialAction\":[{\"@type\":\"SearchAction\",\"target\":{\"@type\":\"EntryPoint\",\"urlTemplate\":\"https:\\\/\\\/biblioteca.blanes.cat\\\/salajove\\\/?s={search_term_string}\"},\"query-input\":{\"@type\":\"PropertyValueSpecification\",\"valueRequired\":true,\"valueName\":\"search_term_string\"}}],\"inLanguage\":\"ca\"},{\"@type\":\"Organization\",\"@id\":\"https:\\\/\\\/biblioteca.blanes.cat\\\/salajove\\\/#organization\",\"name\":\"Biblioteca Comarcal de Blanes\",\"url\":\"https:\\\/\\\/biblioteca.blanes.cat\\\/salajove\\\/\",\"logo\":{\"@type\":\"ImageObject\",\"inLanguage\":\"ca\",\"@id\":\"https:\\\/\\\/biblioteca.blanes.cat\\\/salajove\\\/#\\\/schema\\\/logo\\\/image\\\/\",\"url\":\"https:\\\/\\\/biblioteca.blanes.cat\\\/salajove\\\/wp-content\\\/uploads\\\/sites\\\/3\\\/2017\\\/09\\\/cropped-Bib-blau-e1518869380535.png\",\"contentUrl\":\"https:\\\/\\\/biblioteca.blanes.cat\\\/salajove\\\/wp-content\\\/uploads\\\/sites\\\/3\\\/2017\\\/09\\\/cropped-Bib-blau-e1518869380535.png\",\"width\":166,\"height\":166,\"caption\":\"Biblioteca Comarcal de Blanes\"},\"image\":{\"@id\":\"https:\\\/\\\/biblioteca.blanes.cat\\\/salajove\\\/#\\\/schema\\\/logo\\\/image\\\/\"},\"sameAs\":[\"https:\\\/\\\/www.facebook.com\\\/BilbiotecaComarcaldeBlanes\\\/\",\"https:\\\/\\\/x.com\\\/BiblioBlanes\",\"https:\\\/\\\/www.instagram.com\\\/biblioblanes\\\/\",\"https:\\\/\\\/www.pinterest.es\\\/bblanes\\\/\",\"https:\\\/\\\/www.youtube.com\\\/c\\\/BibliotecaComarcalBlanes\"]},{\"@type\":\"Person\",\"@id\":\"https:\\\/\\\/biblioteca.blanes.cat\\\/salajove\\\/#\\\/schema\\\/person\\\/5a7b46760d9dd611d098bbf571a341dc\",\"name\":\"biblioblanes\",\"image\":{\"@type\":\"ImageObject\",\"inLanguage\":\"ca\",\"@id\":\"https:\\\/\\\/secure.gravatar.com\\\/avatar\\\/6593ca6cc90e5a70939f51c95e8315483b9c281bafba597292bee47992030f99?s=96&d=mm&r=g\",\"url\":\"https:\\\/\\\/secure.gravatar.com\\\/avatar\\\/6593ca6cc90e5a70939f51c95e8315483b9c281bafba597292bee47992030f99?s=96&d=mm&r=g\",\"contentUrl\":\"https:\\\/\\\/secure.gravatar.com\\\/avatar\\\/6593ca6cc90e5a70939f51c95e8315483b9c281bafba597292bee47992030f99?s=96&d=mm&r=g\",\"caption\":\"biblioblanes\"},\"sameAs\":[\"http:\\\/\\\/www.bibgirona.cat\\\/biblioteca\\\/blanes\",\"https:\\\/\\\/x.com\\\/biblioblanes\"],\"url\":\"https:\\\/\\\/biblioteca.blanes.cat\\\/salajove\\\/author\\\/biblioblanes\\\/\"}]}<\/script>\n<!-- \/ Yoast SEO plugin. -->","yoast_head_json":{"title":"taller de booktubers: divendres 20 i 27 d'abril de 5h a 7h de la tarda.","description":"taller booktubers: INSCRIPCIONS OBERTES! Una altra manera de recomanar llibres, parlar de g\u00e8neres literaris, autors, sagues i col\u00b7leccions ...","robots":{"index":"index","follow":"follow","max-snippet":"max-snippet:-1","max-image-preview":"max-image-preview:large","max-video-preview":"max-video-preview:-1"},"canonical":"https:\/\/biblioteca.blanes.cat\/salajove\/2018\/04\/10\/taller-booktubers\/","og_locale":"ca_ES","og_type":"article","og_title":"taller de booktubers: divendres 20 i 27 d'abril de 5h a 7h de la tarda.","og_description":"taller booktubers: INSCRIPCIONS OBERTES! Una altra manera de recomanar llibres, parlar de g\u00e8neres literaris, autors, sagues i col\u00b7leccions ...","og_url":"https:\/\/biblioteca.blanes.cat\/salajove\/2018\/04\/10\/taller-booktubers\/","og_site_name":"Sala Jove","article_publisher":"https:\/\/www.facebook.com\/BilbiotecaComarcaldeBlanes\/","article_published_time":"2018-04-10T13:10:31+00:00","article_modified_time":"2018-06-29T09:46:38+00:00","og_image":[{"width":321,"height":281,"url":"https:\/\/biblioteca.blanes.cat\/salajove\/wp-content\/uploads\/sites\/3\/2018\/03\/BOOKTUBERS3.jpg","type":"image\/jpeg"}],"author":"biblioblanes","twitter_card":"summary_large_image","twitter_creator":"@biblioblanes","twitter_site":"@BiblioBlanes","twitter_misc":{"Escrit per":"biblioblanes","Temps estimat de lectura":"1 minut"},"schema":{"@context":"https:\/\/schema.org","@graph":[{"@type":"Article","@id":"https:\/\/biblioteca.blanes.cat\/salajove\/2018\/04\/10\/taller-booktubers\/#article","isPartOf":{"@id":"https:\/\/biblioteca.blanes.cat\/salajove\/2018\/04\/10\/taller-booktubers\/"},"author":{"name":"biblioblanes","@id":"https:\/\/biblioteca.blanes.cat\/salajove\/#\/schema\/person\/5a7b46760d9dd611d098bbf571a341dc"},"headline":"TALLER: BookTubers","datePublished":"2018-04-10T13:10:31+00:00","dateModified":"2018-06-29T09:46:38+00:00","mainEntityOfPage":{"@id":"https:\/\/biblioteca.blanes.cat\/salajove\/2018\/04\/10\/taller-booktubers\/"},"wordCount":205,"commentCount":0,"publisher":{"@id":"https:\/\/biblioteca.blanes.cat\/salajove\/#organization"},"image":{"@id":"https:\/\/biblioteca.blanes.cat\/salajove\/2018\/04\/10\/taller-booktubers\/#primaryimage"},"thumbnailUrl":"https:\/\/biblioteca.blanes.cat\/salajove\/wp-content\/uploads\/sites\/3\/2018\/03\/BOOKTUBERS3.jpg","keywords":["#Activitats","#Llibres","#Ressenya","#Taller","#TIC"],"articleSection":["Not\u00edcies"],"inLanguage":"ca","potentialAction":[{"@type":"CommentAction","name":"Comment","target":["https:\/\/biblioteca.blanes.cat\/salajove\/2018\/04\/10\/taller-booktubers\/#respond"]}]},{"@type":"WebPage","@id":"https:\/\/biblioteca.blanes.cat\/salajove\/2018\/04\/10\/taller-booktubers\/","url":"https:\/\/biblioteca.blanes.cat\/salajove\/2018\/04\/10\/taller-booktubers\/","name":"taller de booktubers: divendres 20 i 27 d'abril de 5h a 7h de la tarda.","isPartOf":{"@id":"https:\/\/biblioteca.blanes.cat\/salajove\/#website"},"primaryImageOfPage":{"@id":"https:\/\/biblioteca.blanes.cat\/salajove\/2018\/04\/10\/taller-booktubers\/#primaryimage"},"image":{"@id":"https:\/\/biblioteca.blanes.cat\/salajove\/2018\/04\/10\/taller-booktubers\/#primaryimage"},"thumbnailUrl":"https:\/\/biblioteca.blanes.cat\/salajove\/wp-content\/uploads\/sites\/3\/2018\/03\/BOOKTUBERS3.jpg","datePublished":"2018-04-10T13:10:31+00:00","dateModified":"2018-06-29T09:46:38+00:00","description":"taller booktubers: INSCRIPCIONS OBERTES! Una altra manera de recomanar llibres, parlar de g\u00e8neres literaris, autors, sagues i col\u00b7leccions ...","breadcrumb":{"@id":"https:\/\/biblioteca.blanes.cat\/salajove\/2018\/04\/10\/taller-booktubers\/#breadcrumb"},"inLanguage":"ca","potentialAction":[{"@type":"ReadAction","target":["https:\/\/biblioteca.blanes.cat\/salajove\/2018\/04\/10\/taller-booktubers\/"]}]},{"@type":"ImageObject","inLanguage":"ca","@id":"https:\/\/biblioteca.blanes.cat\/salajove\/2018\/04\/10\/taller-booktubers\/#primaryimage","url":"https:\/\/biblioteca.blanes.cat\/salajove\/wp-content\/uploads\/sites\/3\/2018\/03\/BOOKTUBERS3.jpg","contentUrl":"https:\/\/biblioteca.blanes.cat\/salajove\/wp-content\/uploads\/sites\/3\/2018\/03\/BOOKTUBERS3.jpg","width":321,"height":281},{"@type":"BreadcrumbList","@id":"https:\/\/biblioteca.blanes.cat\/salajove\/2018\/04\/10\/taller-booktubers\/#breadcrumb","itemListElement":[{"@type":"ListItem","position":1,"name":"Inici","item":"https:\/\/biblioteca.blanes.cat\/salajove\/"},{"@type":"ListItem","position":2,"name":"TALLER: BookTubers"}]},{"@type":"WebSite","@id":"https:\/\/biblioteca.blanes.cat\/salajove\/#website","url":"https:\/\/biblioteca.blanes.cat\/salajove\/","name":"Sala Jove","description":"Biblioteca Comarcal de Blanes","publisher":{"@id":"https:\/\/biblioteca.blanes.cat\/salajove\/#organization"},"potentialAction":[{"@type":"SearchAction","target":{"@type":"EntryPoint","urlTemplate":"https:\/\/biblioteca.blanes.cat\/salajove\/?s={search_term_string}"},"query-input":{"@type":"PropertyValueSpecification","valueRequired":true,"valueName":"search_term_string"}}],"inLanguage":"ca"},{"@type":"Organization","@id":"https:\/\/biblioteca.blanes.cat\/salajove\/#organization","name":"Biblioteca Comarcal de Blanes","url":"https:\/\/biblioteca.blanes.cat\/salajove\/","logo":{"@type":"ImageObject","inLanguage":"ca","@id":"https:\/\/biblioteca.blanes.cat\/salajove\/#\/schema\/logo\/image\/","url":"https:\/\/biblioteca.blanes.cat\/salajove\/wp-content\/uploads\/sites\/3\/2017\/09\/cropped-Bib-blau-e1518869380535.png","contentUrl":"https:\/\/biblioteca.blanes.cat\/salajove\/wp-content\/uploads\/sites\/3\/2017\/09\/cropped-Bib-blau-e1518869380535.png","width":166,"height":166,"caption":"Biblioteca Comarcal de Blanes"},"image":{"@id":"https:\/\/biblioteca.blanes.cat\/salajove\/#\/schema\/logo\/image\/"},"sameAs":["https:\/\/www.facebook.com\/BilbiotecaComarcaldeBlanes\/","https:\/\/x.com\/BiblioBlanes","https:\/\/www.instagram.com\/biblioblanes\/","https:\/\/www.pinterest.es\/bblanes\/","https:\/\/www.youtube.com\/c\/BibliotecaComarcalBlanes"]},{"@type":"Person","@id":"https:\/\/biblioteca.blanes.cat\/salajove\/#\/schema\/person\/5a7b46760d9dd611d098bbf571a341dc","name":"biblioblanes","image":{"@type":"ImageObject","inLanguage":"ca","@id":"https:\/\/secure.gravatar.com\/avatar\/6593ca6cc90e5a70939f51c95e8315483b9c281bafba597292bee47992030f99?s=96&d=mm&r=g","url":"https:\/\/secure.gravatar.com\/avatar\/6593ca6cc90e5a70939f51c95e8315483b9c281bafba597292bee47992030f99?s=96&d=mm&r=g","contentUrl":"https:\/\/secure.gravatar.com\/avatar\/6593ca6cc90e5a70939f51c95e8315483b9c281bafba597292bee47992030f99?s=96&d=mm&r=g","caption":"biblioblanes"},"sameAs":["http:\/\/www.bibgirona.cat\/biblioteca\/blanes","https:\/\/x.com\/biblioblanes"],"url":"https:\/\/biblioteca.blanes.cat\/salajove\/author\/biblioblanes\/"}]}},"_links":{"self":[{"href":"https:\/\/biblioteca.blanes.cat\/salajove\/wp-json\/wp\/v2\/posts\/1159","targetHints":{"allow":["GET"]}}],"collection":[{"href":"https:\/\/biblioteca.blanes.cat\/salajove\/wp-json\/wp\/v2\/posts"}],"about":[{"href":"https:\/\/biblioteca.blanes.cat\/salajove\/wp-json\/wp\/v2\/types\/post"}],"author":[{"embeddable":true,"href":"https:\/\/biblioteca.blanes.cat\/salajove\/wp-json\/wp\/v2\/users\/4"}],"replies":[{"embeddable":true,"href":"https:\/\/biblioteca.blanes.cat\/salajove\/wp-json\/wp\/v2\/comments?post=1159"}],"version-history":[{"count":13,"href":"https:\/\/biblioteca.blanes.cat\/salajove\/wp-json\/wp\/v2\/posts\/1159\/revisions"}],"predecessor-version":[{"id":1457,"href":"https:\/\/biblioteca.blanes.cat\/salajove\/wp-json\/wp\/v2\/posts\/1159\/revisions\/1457"}],"wp:featuredmedia":[{"embeddable":true,"href":"https:\/\/biblioteca.blanes.cat\/salajove\/wp-json\/wp\/v2\/media\/1173"}],"wp:attachment":[{"href":"https:\/\/biblioteca.blanes.cat\/salajove\/wp-json\/wp\/v2\/media?parent=1159"}],"wp:term":[{"taxonomy":"category","embeddable":true,"href":"https:\/\/biblioteca.blanes.cat\/salajove\/wp-json\/wp\/v2\/categories?post=1159"},{"taxonomy":"post_tag","embeddable":true,"href":"https:\/\/biblioteca.blanes.cat\/salajove\/wp-json\/wp\/v2\/tags?post=1159"}],"curies":[{"name":"wp","href":"https:\/\/api.w.org\/{rel}","templated":true}]}}