{"id":10651,"date":"2025-04-27T19:11:00","date_gmt":"2025-04-27T18:11:00","guid":{"rendered":"https:\/\/biblioteca.blanes.cat\/salajove\/?p=10651"},"modified":"2026-04-27T19:30:27","modified_gmt":"2026-04-27T18:30:27","slug":"fes-me-pensar-2025","status":"publish","type":"post","link":"https:\/\/biblioteca.blanes.cat\/salajove\/2025\/04\/27\/fes-me-pensar-2025\/","title":{"rendered":"Fes-me pensar &#8211; 2025"},"content":{"rendered":"\n<p>La fotografia d\u2019<strong>Sabrin El Mouri <\/strong>(Institut Sa Palomera) es va convertir en la <strong>guanyadora<\/strong>.<\/p>\n<p><img fetchpriority=\"high\" decoding=\"async\" class=\"aligncenter  wp-image-10653\" src=\"https:\/\/biblioteca.blanes.cat\/salajove\/wp-content\/uploads\/sites\/3\/2026\/04\/66BDDFD7-DCCD-441D-8593-81FAFDBB6F55-Sabrin-El-Oumri-188x300.jpeg\" alt=\"\" width=\"288\" height=\"460\" srcset=\"https:\/\/biblioteca.blanes.cat\/salajove\/wp-content\/uploads\/sites\/3\/2026\/04\/66BDDFD7-DCCD-441D-8593-81FAFDBB6F55-Sabrin-El-Oumri-188x300.jpeg 188w, https:\/\/biblioteca.blanes.cat\/salajove\/wp-content\/uploads\/sites\/3\/2026\/04\/66BDDFD7-DCCD-441D-8593-81FAFDBB6F55-Sabrin-El-Oumri-641x1024.jpeg 641w, https:\/\/biblioteca.blanes.cat\/salajove\/wp-content\/uploads\/sites\/3\/2026\/04\/66BDDFD7-DCCD-441D-8593-81FAFDBB6F55-Sabrin-El-Oumri-768x1226.jpeg 768w, https:\/\/biblioteca.blanes.cat\/salajove\/wp-content\/uploads\/sites\/3\/2026\/04\/66BDDFD7-DCCD-441D-8593-81FAFDBB6F55-Sabrin-El-Oumri.jpeg 773w\" sizes=\"(max-width: 288px) 100vw, 288px\" \/><\/p>\n<blockquote>\n<p style=\"text-align: center;\"><strong>HI HA UN INICI I UN FINAL SI EL TEMPS \u00c9S INFINIT?<\/strong><\/p>\n<p><span style=\"text-align: center;\">Avui us presento una imatge que, m\u00e9s enll\u00e0 del que es veu, vol fer-nos reflexionar sobre una q\u00fcesti\u00f3 universal: l\u2019exist\u00e8ncia d\u2019un inici i un final en un m\u00f3n on el temps \u00e9s infinit.<\/span><\/p>\n<p style=\"text-align: center;\">A primera vista, la fotografia mostra un paisatge dividit en dos: el dia i la nit, el sol i la lluna, la llum i la foscor. Aquesta divisi\u00f3 simbolitza el pas del temps, el cicle natural de la vida. Per\u00f2 si ens fixem b\u00e9, veurem que no hi ha una frontera real entre una cosa i l\u2019altra. El dia es transforma en nit i la nit en dia en un proc\u00e9s que no t\u00e9 un principi clar ni un final definitiu.<br \/><br \/>Al centre, dibuixat a la sorra, trobem el s\u00edmbol de l\u2019infinit. Aquest element no \u00e9s casual: representa la connexi\u00f3 constant entre els inicis i els finals, la idea que all\u00f2 que acaba sempre dona pas a alguna cosa nova. Pensem-hi un moment: el que per a alg\u00fa \u00e9s l\u2019inici d\u2019un nou dia, per a una altra persona, en un altre lloc, \u00e9s el final. Aix\u00ed doncs, podem parlar realment d\u2019un inici i un final absoluts?<br \/><br \/>El missatge d\u2019aquesta imatge \u00e9s clar: vivim dins d\u2019un cicle etern, on tot es transforma, res desapareix completament i el temps no es pot limitar a un punt de partida i un punt d\u2019arribada. Ens han ensenyat a mesurar el temps, a dividir-lo, a classificar-lo, per\u00f2 la realitat \u00e9s que el temps flueix sense l\u00edmits.<br \/><br \/>Aquesta fotografia no nom\u00e9s captura un paisatge, sin\u00f3 una idea: el concepte que el temps no es pot atrapar, que all\u00f2 que creiem que s\u2019acaba en realitat nom\u00e9s es transforma. Convido a cadascun de vosaltres a mirar-la amb aquesta perspectiva i a q\u00fcestionar-se si all\u00f2 que considerem un final no \u00e9s, en realitat, un nou comen\u00e7ament.<\/p>\n<\/blockquote>\n<p><strong>Aquestes s\u00f3n la resta de fotografies i els seus finalistes:<\/strong><\/p>\n<div id='gallery-1' class='gallery galleryid-10651 gallery-columns-3 gallery-size-medium'><figure class='gallery-item'>\n\t\t\t<div class='gallery-icon landscape'>\n\t\t\t\t<a href='https:\/\/biblioteca.blanes.cat\/salajove\/2025\/04\/27\/fes-me-pensar-2025\/copy-of-as\/'><img decoding=\"async\" width=\"300\" height=\"224\" src=\"https:\/\/biblioteca.blanes.cat\/salajove\/wp-content\/uploads\/sites\/3\/2026\/04\/Copy-of-AS-300x224.png\" class=\"attachment-medium size-medium\" alt=\"\" aria-describedby=\"gallery-1-10654\" srcset=\"https:\/\/biblioteca.blanes.cat\/salajove\/wp-content\/uploads\/sites\/3\/2026\/04\/Copy-of-AS-300x224.png 300w, https:\/\/biblioteca.blanes.cat\/salajove\/wp-content\/uploads\/sites\/3\/2026\/04\/Copy-of-AS-1024x765.png 1024w, https:\/\/biblioteca.blanes.cat\/salajove\/wp-content\/uploads\/sites\/3\/2026\/04\/Copy-of-AS-768x574.png 768w, https:\/\/biblioteca.blanes.cat\/salajove\/wp-content\/uploads\/sites\/3\/2026\/04\/Copy-of-AS.png 1200w\" sizes=\"(max-width: 300px) 100vw, 300px\" \/><\/a>\n\t\t\t<\/div>\n\t\t\t\t<figcaption class='wp-caption-text gallery-caption' id='gallery-1-10654'>\n\t\t\t\tGabriel Gonz\u00e1lez Pineda (Institut Serrallarga)\n\t\t\t\t<\/figcaption><\/figure><figure class='gallery-item'>\n\t\t\t<div class='gallery-icon portrait'>\n\t\t\t\t<a href='https:\/\/biblioteca.blanes.cat\/salajove\/2025\/04\/27\/fes-me-pensar-2025\/copy-of-janna\/'><img decoding=\"async\" width=\"169\" height=\"300\" src=\"https:\/\/biblioteca.blanes.cat\/salajove\/wp-content\/uploads\/sites\/3\/2026\/04\/Copy-of-Janna-169x300.jpeg\" class=\"attachment-medium size-medium\" alt=\"\" aria-describedby=\"gallery-1-10655\" srcset=\"https:\/\/biblioteca.blanes.cat\/salajove\/wp-content\/uploads\/sites\/3\/2026\/04\/Copy-of-Janna-169x300.jpeg 169w, https:\/\/biblioteca.blanes.cat\/salajove\/wp-content\/uploads\/sites\/3\/2026\/04\/Copy-of-Janna-576x1024.jpeg 576w, https:\/\/biblioteca.blanes.cat\/salajove\/wp-content\/uploads\/sites\/3\/2026\/04\/Copy-of-Janna-768x1365.jpeg 768w, https:\/\/biblioteca.blanes.cat\/salajove\/wp-content\/uploads\/sites\/3\/2026\/04\/Copy-of-Janna.jpeg 828w\" sizes=\"(max-width: 169px) 100vw, 169px\" \/><\/a>\n\t\t\t<\/div>\n\t\t\t\t<figcaption class='wp-caption-text gallery-caption' id='gallery-1-10655'>\n\t\t\t\tJanna Orantes Llaurad\u00f3 (Institut Serrallarga)\n\t\t\t\t<\/figcaption><\/figure><figure class='gallery-item'>\n\t\t\t<div class='gallery-icon landscape'>\n\t\t\t\t<a href='https:\/\/biblioteca.blanes.cat\/salajove\/2025\/04\/27\/fes-me-pensar-2025\/fes-me-pensar-salma-refai-serroukh\/'><img loading=\"lazy\" decoding=\"async\" width=\"300\" height=\"255\" src=\"https:\/\/biblioteca.blanes.cat\/salajove\/wp-content\/uploads\/sites\/3\/2026\/04\/Fes-me-pensar.-Salma-Refai-Serroukh-300x255.png\" class=\"attachment-medium size-medium\" alt=\"\" aria-describedby=\"gallery-1-10656\" srcset=\"https:\/\/biblioteca.blanes.cat\/salajove\/wp-content\/uploads\/sites\/3\/2026\/04\/Fes-me-pensar.-Salma-Refai-Serroukh-300x255.png 300w, https:\/\/biblioteca.blanes.cat\/salajove\/wp-content\/uploads\/sites\/3\/2026\/04\/Fes-me-pensar.-Salma-Refai-Serroukh-1024x869.png 1024w, https:\/\/biblioteca.blanes.cat\/salajove\/wp-content\/uploads\/sites\/3\/2026\/04\/Fes-me-pensar.-Salma-Refai-Serroukh-768x652.png 768w, https:\/\/biblioteca.blanes.cat\/salajove\/wp-content\/uploads\/sites\/3\/2026\/04\/Fes-me-pensar.-Salma-Refai-Serroukh.png 1272w\" sizes=\"(max-width: 300px) 100vw, 300px\" \/><\/a>\n\t\t\t<\/div>\n\t\t\t\t<figcaption class='wp-caption-text gallery-caption' id='gallery-1-10656'>\n\t\t\t\tSalma Refai Serroukh (Institut Sa Palomera)\n\t\t\t\t<\/figcaption><\/figure><figure class='gallery-item'>\n\t\t\t<div class='gallery-icon landscape'>\n\t\t\t\t<a href='https:\/\/biblioteca.blanes.cat\/salajove\/2025\/04\/27\/fes-me-pensar-2025\/screenshot_2025-03-07-22-30-40-405_com-miui-gallery-edit-denis-strilshchuk-kulakova\/'><img loading=\"lazy\" decoding=\"async\" width=\"300\" height=\"196\" src=\"https:\/\/biblioteca.blanes.cat\/salajove\/wp-content\/uploads\/sites\/3\/2026\/04\/Screenshot_2025-03-07-22-30-40-405_com.miui_.gallery-edit-Denis-Strilshchuk-Kulakova-300x196.jpg\" class=\"attachment-medium size-medium\" alt=\"\" aria-describedby=\"gallery-1-10657\" srcset=\"https:\/\/biblioteca.blanes.cat\/salajove\/wp-content\/uploads\/sites\/3\/2026\/04\/Screenshot_2025-03-07-22-30-40-405_com.miui_.gallery-edit-Denis-Strilshchuk-Kulakova-300x196.jpg 300w, https:\/\/biblioteca.blanes.cat\/salajove\/wp-content\/uploads\/sites\/3\/2026\/04\/Screenshot_2025-03-07-22-30-40-405_com.miui_.gallery-edit-Denis-Strilshchuk-Kulakova-768x502.jpg 768w, https:\/\/biblioteca.blanes.cat\/salajove\/wp-content\/uploads\/sites\/3\/2026\/04\/Screenshot_2025-03-07-22-30-40-405_com.miui_.gallery-edit-Denis-Strilshchuk-Kulakova.jpg 924w\" sizes=\"(max-width: 300px) 100vw, 300px\" \/><\/a>\n\t\t\t<\/div>\n\t\t\t\t<figcaption class='wp-caption-text gallery-caption' id='gallery-1-10657'>\n\t\t\t\tDenis Strilshchuk Kulakova (Institut Sa Palomera)\n\t\t\t\t<\/figcaption><\/figure><figure class='gallery-item'>\n\t\t\t<div class='gallery-icon portrait'>\n\t\t\t\t<a href='https:\/\/biblioteca.blanes.cat\/salajove\/2025\/04\/27\/fes-me-pensar-2025\/725eebfac52a8ddabb7b1d07852b582b_0-ainhoa-rivas-kutas\/'><img loading=\"lazy\" decoding=\"async\" width=\"168\" height=\"300\" src=\"https:\/\/biblioteca.blanes.cat\/salajove\/wp-content\/uploads\/sites\/3\/2026\/04\/725eebfac52a8ddabb7b1d07852b582b_0-Ainhoa-Rivas-Kutas-168x300.jpeg\" class=\"attachment-medium size-medium\" alt=\"\" aria-describedby=\"gallery-1-10658\" srcset=\"https:\/\/biblioteca.blanes.cat\/salajove\/wp-content\/uploads\/sites\/3\/2026\/04\/725eebfac52a8ddabb7b1d07852b582b_0-Ainhoa-Rivas-Kutas-168x300.jpeg 168w, https:\/\/biblioteca.blanes.cat\/salajove\/wp-content\/uploads\/sites\/3\/2026\/04\/725eebfac52a8ddabb7b1d07852b582b_0-Ainhoa-Rivas-Kutas-575x1024.jpeg 575w, https:\/\/biblioteca.blanes.cat\/salajove\/wp-content\/uploads\/sites\/3\/2026\/04\/725eebfac52a8ddabb7b1d07852b582b_0-Ainhoa-Rivas-Kutas-768x1368.jpeg 768w, https:\/\/biblioteca.blanes.cat\/salajove\/wp-content\/uploads\/sites\/3\/2026\/04\/725eebfac52a8ddabb7b1d07852b582b_0-Ainhoa-Rivas-Kutas-862x1536.jpeg 862w, https:\/\/biblioteca.blanes.cat\/salajove\/wp-content\/uploads\/sites\/3\/2026\/04\/725eebfac52a8ddabb7b1d07852b582b_0-Ainhoa-Rivas-Kutas-1150x2048.jpeg 1150w, https:\/\/biblioteca.blanes.cat\/salajove\/wp-content\/uploads\/sites\/3\/2026\/04\/725eebfac52a8ddabb7b1d07852b582b_0-Ainhoa-Rivas-Kutas-scaled.jpeg 1437w\" sizes=\"(max-width: 168px) 100vw, 168px\" \/><\/a>\n\t\t\t<\/div>\n\t\t\t\t<figcaption class='wp-caption-text gallery-caption' id='gallery-1-10658'>\n\t\t\t\tAinhoa Rivas Kutas (Institut Sa Palomera)\n\t\t\t\t<\/figcaption><\/figure><figure class='gallery-item'>\n\t\t\t<div class='gallery-icon landscape'>\n\t\t\t\t<a href='https:\/\/biblioteca.blanes.cat\/salajove\/2025\/04\/27\/fes-me-pensar-2025\/2385535f-8b19-41c0-a1c8-b7bb241df0cc-rocio-guijarro-baeza\/'><img loading=\"lazy\" decoding=\"async\" width=\"300\" height=\"225\" src=\"https:\/\/biblioteca.blanes.cat\/salajove\/wp-content\/uploads\/sites\/3\/2026\/04\/2385535f-8b19-41c0-a1c8-b7bb241df0cc-Rocio-Guijarro-Baeza-300x225.jpeg\" class=\"attachment-medium size-medium\" alt=\"\" aria-describedby=\"gallery-1-10659\" srcset=\"https:\/\/biblioteca.blanes.cat\/salajove\/wp-content\/uploads\/sites\/3\/2026\/04\/2385535f-8b19-41c0-a1c8-b7bb241df0cc-Rocio-Guijarro-Baeza-300x225.jpeg 300w, https:\/\/biblioteca.blanes.cat\/salajove\/wp-content\/uploads\/sites\/3\/2026\/04\/2385535f-8b19-41c0-a1c8-b7bb241df0cc-Rocio-Guijarro-Baeza-1024x768.jpeg 1024w, https:\/\/biblioteca.blanes.cat\/salajove\/wp-content\/uploads\/sites\/3\/2026\/04\/2385535f-8b19-41c0-a1c8-b7bb241df0cc-Rocio-Guijarro-Baeza-768x576.jpeg 768w, https:\/\/biblioteca.blanes.cat\/salajove\/wp-content\/uploads\/sites\/3\/2026\/04\/2385535f-8b19-41c0-a1c8-b7bb241df0cc-Rocio-Guijarro-Baeza-1536x1152.jpeg 1536w, https:\/\/biblioteca.blanes.cat\/salajove\/wp-content\/uploads\/sites\/3\/2026\/04\/2385535f-8b19-41c0-a1c8-b7bb241df0cc-Rocio-Guijarro-Baeza.jpeg 2048w\" sizes=\"(max-width: 300px) 100vw, 300px\" \/><\/a>\n\t\t\t<\/div>\n\t\t\t\t<figcaption class='wp-caption-text gallery-caption' id='gallery-1-10659'>\n\t\t\t\tRoc\u00edo Guijarro Baeza (Institut Sa Palomera)\n\t\t\t\t<\/figcaption><\/figure><figure class='gallery-item'>\n\t\t\t<div class='gallery-icon portrait'>\n\t\t\t\t<a href='https:\/\/biblioteca.blanes.cat\/salajove\/2025\/04\/27\/fes-me-pensar-2025\/1000077628-valeriia17\/'><img loading=\"lazy\" decoding=\"async\" width=\"200\" height=\"300\" src=\"https:\/\/biblioteca.blanes.cat\/salajove\/wp-content\/uploads\/sites\/3\/2026\/04\/1000077628-valeriia17-200x300.jpg\" class=\"attachment-medium size-medium\" alt=\"\" aria-describedby=\"gallery-1-10660\" srcset=\"https:\/\/biblioteca.blanes.cat\/salajove\/wp-content\/uploads\/sites\/3\/2026\/04\/1000077628-valeriia17-200x300.jpg 200w, https:\/\/biblioteca.blanes.cat\/salajove\/wp-content\/uploads\/sites\/3\/2026\/04\/1000077628-valeriia17-683x1024.jpg 683w, https:\/\/biblioteca.blanes.cat\/salajove\/wp-content\/uploads\/sites\/3\/2026\/04\/1000077628-valeriia17-768x1151.jpg 768w, https:\/\/biblioteca.blanes.cat\/salajove\/wp-content\/uploads\/sites\/3\/2026\/04\/1000077628-valeriia17-1025x1536.jpg 1025w, https:\/\/biblioteca.blanes.cat\/salajove\/wp-content\/uploads\/sites\/3\/2026\/04\/1000077628-valeriia17-1367x2048.jpg 1367w, https:\/\/biblioteca.blanes.cat\/salajove\/wp-content\/uploads\/sites\/3\/2026\/04\/1000077628-valeriia17-scaled.jpg 1708w\" sizes=\"(max-width: 200px) 100vw, 200px\" \/><\/a>\n\t\t\t<\/div>\n\t\t\t\t<figcaption class='wp-caption-text gallery-caption' id='gallery-1-10660'>\n\t\t\t\tSofia Valeria (Institut S&#8217;Agulla)\n\t\t\t\t<\/figcaption><\/figure><figure class='gallery-item'>\n\t\t\t<div class='gallery-icon landscape'>\n\t\t\t\t<a href='https:\/\/biblioteca.blanes.cat\/salajove\/2025\/04\/27\/fes-me-pensar-2025\/copy-of-adam\/'><img loading=\"lazy\" decoding=\"async\" width=\"300\" height=\"225\" src=\"https:\/\/biblioteca.blanes.cat\/salajove\/wp-content\/uploads\/sites\/3\/2026\/04\/Copy-of-Adam-300x225.jpeg\" class=\"attachment-medium size-medium\" alt=\"\" aria-describedby=\"gallery-1-10661\" srcset=\"https:\/\/biblioteca.blanes.cat\/salajove\/wp-content\/uploads\/sites\/3\/2026\/04\/Copy-of-Adam-300x225.jpeg 300w, https:\/\/biblioteca.blanes.cat\/salajove\/wp-content\/uploads\/sites\/3\/2026\/04\/Copy-of-Adam-1024x768.jpeg 1024w, https:\/\/biblioteca.blanes.cat\/salajove\/wp-content\/uploads\/sites\/3\/2026\/04\/Copy-of-Adam-768x576.jpeg 768w, https:\/\/biblioteca.blanes.cat\/salajove\/wp-content\/uploads\/sites\/3\/2026\/04\/Copy-of-Adam.jpeg 1333w\" sizes=\"(max-width: 300px) 100vw, 300px\" \/><\/a>\n\t\t\t<\/div>\n\t\t\t\t<figcaption class='wp-caption-text gallery-caption' id='gallery-1-10661'>\n\t\t\t\tAdam Aleny\u00e0 Aladern (Institut Serrallarga)\n\t\t\t\t<\/figcaption><\/figure><figure class='gallery-item'>\n\t\t\t<div class='gallery-icon landscape'>\n\t\t\t\t<a href='https:\/\/biblioteca.blanes.cat\/salajove\/2025\/04\/27\/fes-me-pensar-2025\/copy-of-albert\/'><img loading=\"lazy\" decoding=\"async\" width=\"300\" height=\"225\" src=\"https:\/\/biblioteca.blanes.cat\/salajove\/wp-content\/uploads\/sites\/3\/2026\/04\/Copy-of-Albert-300x225.jpg\" class=\"attachment-medium size-medium\" alt=\"\" aria-describedby=\"gallery-1-10662\" srcset=\"https:\/\/biblioteca.blanes.cat\/salajove\/wp-content\/uploads\/sites\/3\/2026\/04\/Copy-of-Albert-300x225.jpg 300w, https:\/\/biblioteca.blanes.cat\/salajove\/wp-content\/uploads\/sites\/3\/2026\/04\/Copy-of-Albert-1024x768.jpg 1024w, https:\/\/biblioteca.blanes.cat\/salajove\/wp-content\/uploads\/sites\/3\/2026\/04\/Copy-of-Albert-768x576.jpg 768w, https:\/\/biblioteca.blanes.cat\/salajove\/wp-content\/uploads\/sites\/3\/2026\/04\/Copy-of-Albert-1536x1152.jpg 1536w, https:\/\/biblioteca.blanes.cat\/salajove\/wp-content\/uploads\/sites\/3\/2026\/04\/Copy-of-Albert-2048x1536.jpg 2048w\" sizes=\"(max-width: 300px) 100vw, 300px\" \/><\/a>\n\t\t\t<\/div>\n\t\t\t\t<figcaption class='wp-caption-text gallery-caption' id='gallery-1-10662'>\n\t\t\t\tAlbert Lanzas Torralbo (Institut Serrallarga)\n\t\t\t\t<\/figcaption><\/figure>\n\t\t<\/div>\n\n<p>\u00a0<\/p>\n<p>\u00a0<\/p>\n<p><\/p>\n<p>\u00a0<\/p>\n<!-- \/wp:post-content -->","protected":false},"excerpt":{"rendered":"<p>La fotografia d\u2019Sabrin El Mouri (Institut Sa Palomera) es va convertir en la guanyadora. HI HA UN INICI I UN FINAL SI EL TEMPS \u00c9S INFINIT? Avui us presento una imatge que, m\u00e9s enll\u00e0 del que es veu, vol fer-nos<\/p>\n","protected":false},"author":4,"featured_media":10664,"comment_status":"open","ping_status":"open","sticky":false,"template":"","format":"standard","meta":{"sfsi_plus_gutenberg_text_before_share":"","sfsi_plus_gutenberg_show_text_before_share":"","sfsi_plus_gutenberg_icon_type":"","sfsi_plus_gutenberg_icon_alignemt":"","sfsi_plus_gutenburg_max_per_row":"","footnotes":""},"categories":[1],"tags":[],"class_list":["post-10651","post","type-post","status-publish","format-standard","has-post-thumbnail","hentry","category-general"],"yoast_head":"<!-- This site is optimized with the Yoast SEO plugin v27.5 - https:\/\/yoast.com\/product\/yoast-seo-wordpress\/ -->\n<title>Fes-me pensar - 2025 - Sala Jove<\/title>\n<meta name=\"robots\" content=\"index, follow, max-snippet:-1, max-image-preview:large, max-video-preview:-1\" \/>\n<link rel=\"canonical\" href=\"https:\/\/biblioteca.blanes.cat\/salajove\/2025\/04\/27\/fes-me-pensar-2025\/\" \/>\n<meta property=\"og:locale\" content=\"ca_ES\" \/>\n<meta property=\"og:type\" content=\"article\" \/>\n<meta property=\"og:title\" content=\"Fes-me pensar - 2025 - Sala Jove\" \/>\n<meta property=\"og:description\" content=\"La fotografia d\u2019Sabrin El Mouri (Institut Sa Palomera) es va convertir en la guanyadora. HI HA UN INICI I UN FINAL SI EL TEMPS \u00c9S INFINIT? Avui us presento una imatge que, m\u00e9s enll\u00e0 del que es veu, vol fer-nos\" \/>\n<meta property=\"og:url\" content=\"https:\/\/biblioteca.blanes.cat\/salajove\/2025\/04\/27\/fes-me-pensar-2025\/\" \/>\n<meta property=\"og:site_name\" content=\"Sala Jove\" \/>\n<meta property=\"article:publisher\" content=\"https:\/\/www.facebook.com\/BilbiotecaComarcaldeBlanes\/\" \/>\n<meta property=\"article:published_time\" content=\"2025-04-27T18:11:00+00:00\" \/>\n<meta property=\"article:modified_time\" content=\"2026-04-27T18:30:27+00:00\" \/>\n<meta property=\"og:image\" content=\"https:\/\/biblioteca.blanes.cat\/salajove\/wp-content\/uploads\/sites\/3\/2026\/04\/66BDDFD7-DCCD-441D-8593-81FAFDBB6F55-Sabrin-El-Oumri-1.jpeg\" \/>\n\t<meta property=\"og:image:width\" content=\"773\" \/>\n\t<meta property=\"og:image:height\" content=\"1234\" \/>\n\t<meta property=\"og:image:type\" content=\"image\/jpeg\" \/>\n<meta name=\"author\" content=\"biblioblanes\" \/>\n<meta name=\"twitter:card\" content=\"summary_large_image\" \/>\n<meta name=\"twitter:creator\" content=\"@biblioblanes\" \/>\n<meta name=\"twitter:site\" content=\"@BiblioBlanes\" \/>\n<meta name=\"twitter:label1\" content=\"Escrit per\" \/>\n\t<meta name=\"twitter:data1\" content=\"biblioblanes\" \/>\n\t<meta name=\"twitter:label2\" content=\"Temps estimat de lectura\" \/>\n\t<meta name=\"twitter:data2\" content=\"1 minut\" \/>\n<script type=\"application\/ld+json\" class=\"yoast-schema-graph\">{\"@context\":\"https:\\\/\\\/schema.org\",\"@graph\":[{\"@type\":\"Article\",\"@id\":\"https:\\\/\\\/biblioteca.blanes.cat\\\/salajove\\\/2025\\\/04\\\/27\\\/fes-me-pensar-2025\\\/#article\",\"isPartOf\":{\"@id\":\"https:\\\/\\\/biblioteca.blanes.cat\\\/salajove\\\/2025\\\/04\\\/27\\\/fes-me-pensar-2025\\\/\"},\"author\":{\"name\":\"biblioblanes\",\"@id\":\"https:\\\/\\\/biblioteca.blanes.cat\\\/salajove\\\/#\\\/schema\\\/person\\\/5a7b46760d9dd611d098bbf571a341dc\"},\"headline\":\"Fes-me pensar &#8211; 2025\",\"datePublished\":\"2025-04-27T18:11:00+00:00\",\"dateModified\":\"2026-04-27T18:30:27+00:00\",\"mainEntityOfPage\":{\"@id\":\"https:\\\/\\\/biblioteca.blanes.cat\\\/salajove\\\/2025\\\/04\\\/27\\\/fes-me-pensar-2025\\\/\"},\"wordCount\":365,\"commentCount\":0,\"publisher\":{\"@id\":\"https:\\\/\\\/biblioteca.blanes.cat\\\/salajove\\\/#organization\"},\"image\":{\"@id\":\"https:\\\/\\\/biblioteca.blanes.cat\\\/salajove\\\/2025\\\/04\\\/27\\\/fes-me-pensar-2025\\\/#primaryimage\"},\"thumbnailUrl\":\"https:\\\/\\\/biblioteca.blanes.cat\\\/salajove\\\/wp-content\\\/uploads\\\/sites\\\/3\\\/2026\\\/04\\\/66BDDFD7-DCCD-441D-8593-81FAFDBB6F55-Sabrin-El-Oumri-1.jpeg\",\"articleSection\":[\"Not\u00edcies\"],\"inLanguage\":\"ca\",\"potentialAction\":[{\"@type\":\"CommentAction\",\"name\":\"Comment\",\"target\":[\"https:\\\/\\\/biblioteca.blanes.cat\\\/salajove\\\/2025\\\/04\\\/27\\\/fes-me-pensar-2025\\\/#respond\"]}]},{\"@type\":\"WebPage\",\"@id\":\"https:\\\/\\\/biblioteca.blanes.cat\\\/salajove\\\/2025\\\/04\\\/27\\\/fes-me-pensar-2025\\\/\",\"url\":\"https:\\\/\\\/biblioteca.blanes.cat\\\/salajove\\\/2025\\\/04\\\/27\\\/fes-me-pensar-2025\\\/\",\"name\":\"Fes-me pensar - 2025 - Sala Jove\",\"isPartOf\":{\"@id\":\"https:\\\/\\\/biblioteca.blanes.cat\\\/salajove\\\/#website\"},\"primaryImageOfPage\":{\"@id\":\"https:\\\/\\\/biblioteca.blanes.cat\\\/salajove\\\/2025\\\/04\\\/27\\\/fes-me-pensar-2025\\\/#primaryimage\"},\"image\":{\"@id\":\"https:\\\/\\\/biblioteca.blanes.cat\\\/salajove\\\/2025\\\/04\\\/27\\\/fes-me-pensar-2025\\\/#primaryimage\"},\"thumbnailUrl\":\"https:\\\/\\\/biblioteca.blanes.cat\\\/salajove\\\/wp-content\\\/uploads\\\/sites\\\/3\\\/2026\\\/04\\\/66BDDFD7-DCCD-441D-8593-81FAFDBB6F55-Sabrin-El-Oumri-1.jpeg\",\"datePublished\":\"2025-04-27T18:11:00+00:00\",\"dateModified\":\"2026-04-27T18:30:27+00:00\",\"breadcrumb\":{\"@id\":\"https:\\\/\\\/biblioteca.blanes.cat\\\/salajove\\\/2025\\\/04\\\/27\\\/fes-me-pensar-2025\\\/#breadcrumb\"},\"inLanguage\":\"ca\",\"potentialAction\":[{\"@type\":\"ReadAction\",\"target\":[\"https:\\\/\\\/biblioteca.blanes.cat\\\/salajove\\\/2025\\\/04\\\/27\\\/fes-me-pensar-2025\\\/\"]}]},{\"@type\":\"ImageObject\",\"inLanguage\":\"ca\",\"@id\":\"https:\\\/\\\/biblioteca.blanes.cat\\\/salajove\\\/2025\\\/04\\\/27\\\/fes-me-pensar-2025\\\/#primaryimage\",\"url\":\"https:\\\/\\\/biblioteca.blanes.cat\\\/salajove\\\/wp-content\\\/uploads\\\/sites\\\/3\\\/2026\\\/04\\\/66BDDFD7-DCCD-441D-8593-81FAFDBB6F55-Sabrin-El-Oumri-1.jpeg\",\"contentUrl\":\"https:\\\/\\\/biblioteca.blanes.cat\\\/salajove\\\/wp-content\\\/uploads\\\/sites\\\/3\\\/2026\\\/04\\\/66BDDFD7-DCCD-441D-8593-81FAFDBB6F55-Sabrin-El-Oumri-1.jpeg\",\"width\":773,\"height\":1234},{\"@type\":\"BreadcrumbList\",\"@id\":\"https:\\\/\\\/biblioteca.blanes.cat\\\/salajove\\\/2025\\\/04\\\/27\\\/fes-me-pensar-2025\\\/#breadcrumb\",\"itemListElement\":[{\"@type\":\"ListItem\",\"position\":1,\"name\":\"Inici\",\"item\":\"https:\\\/\\\/biblioteca.blanes.cat\\\/salajove\\\/\"},{\"@type\":\"ListItem\",\"position\":2,\"name\":\"Fes-me pensar &#8211; 2025\"}]},{\"@type\":\"WebSite\",\"@id\":\"https:\\\/\\\/biblioteca.blanes.cat\\\/salajove\\\/#website\",\"url\":\"https:\\\/\\\/biblioteca.blanes.cat\\\/salajove\\\/\",\"name\":\"Sala Jove\",\"description\":\"Biblioteca Comarcal de Blanes\",\"publisher\":{\"@id\":\"https:\\\/\\\/biblioteca.blanes.cat\\\/salajove\\\/#organization\"},\"potentialAction\":[{\"@type\":\"SearchAction\",\"target\":{\"@type\":\"EntryPoint\",\"urlTemplate\":\"https:\\\/\\\/biblioteca.blanes.cat\\\/salajove\\\/?s={search_term_string}\"},\"query-input\":{\"@type\":\"PropertyValueSpecification\",\"valueRequired\":true,\"valueName\":\"search_term_string\"}}],\"inLanguage\":\"ca\"},{\"@type\":\"Organization\",\"@id\":\"https:\\\/\\\/biblioteca.blanes.cat\\\/salajove\\\/#organization\",\"name\":\"Biblioteca Comarcal de Blanes\",\"url\":\"https:\\\/\\\/biblioteca.blanes.cat\\\/salajove\\\/\",\"logo\":{\"@type\":\"ImageObject\",\"inLanguage\":\"ca\",\"@id\":\"https:\\\/\\\/biblioteca.blanes.cat\\\/salajove\\\/#\\\/schema\\\/logo\\\/image\\\/\",\"url\":\"https:\\\/\\\/biblioteca.blanes.cat\\\/salajove\\\/wp-content\\\/uploads\\\/sites\\\/3\\\/2017\\\/09\\\/cropped-Bib-blau-e1518869380535.png\",\"contentUrl\":\"https:\\\/\\\/biblioteca.blanes.cat\\\/salajove\\\/wp-content\\\/uploads\\\/sites\\\/3\\\/2017\\\/09\\\/cropped-Bib-blau-e1518869380535.png\",\"width\":166,\"height\":166,\"caption\":\"Biblioteca Comarcal de Blanes\"},\"image\":{\"@id\":\"https:\\\/\\\/biblioteca.blanes.cat\\\/salajove\\\/#\\\/schema\\\/logo\\\/image\\\/\"},\"sameAs\":[\"https:\\\/\\\/www.facebook.com\\\/BilbiotecaComarcaldeBlanes\\\/\",\"https:\\\/\\\/x.com\\\/BiblioBlanes\",\"https:\\\/\\\/www.instagram.com\\\/biblioblanes\\\/\",\"https:\\\/\\\/www.pinterest.es\\\/bblanes\\\/\",\"https:\\\/\\\/www.youtube.com\\\/c\\\/BibliotecaComarcalBlanes\"]},{\"@type\":\"Person\",\"@id\":\"https:\\\/\\\/biblioteca.blanes.cat\\\/salajove\\\/#\\\/schema\\\/person\\\/5a7b46760d9dd611d098bbf571a341dc\",\"name\":\"biblioblanes\",\"image\":{\"@type\":\"ImageObject\",\"inLanguage\":\"ca\",\"@id\":\"https:\\\/\\\/secure.gravatar.com\\\/avatar\\\/6593ca6cc90e5a70939f51c95e8315483b9c281bafba597292bee47992030f99?s=96&d=mm&r=g\",\"url\":\"https:\\\/\\\/secure.gravatar.com\\\/avatar\\\/6593ca6cc90e5a70939f51c95e8315483b9c281bafba597292bee47992030f99?s=96&d=mm&r=g\",\"contentUrl\":\"https:\\\/\\\/secure.gravatar.com\\\/avatar\\\/6593ca6cc90e5a70939f51c95e8315483b9c281bafba597292bee47992030f99?s=96&d=mm&r=g\",\"caption\":\"biblioblanes\"},\"sameAs\":[\"http:\\\/\\\/www.bibgirona.cat\\\/biblioteca\\\/blanes\",\"https:\\\/\\\/x.com\\\/biblioblanes\"],\"url\":\"https:\\\/\\\/biblioteca.blanes.cat\\\/salajove\\\/author\\\/biblioblanes\\\/\"}]}<\/script>\n<!-- \/ Yoast SEO plugin. -->","yoast_head_json":{"title":"Fes-me pensar - 2025 - Sala Jove","robots":{"index":"index","follow":"follow","max-snippet":"max-snippet:-1","max-image-preview":"max-image-preview:large","max-video-preview":"max-video-preview:-1"},"canonical":"https:\/\/biblioteca.blanes.cat\/salajove\/2025\/04\/27\/fes-me-pensar-2025\/","og_locale":"ca_ES","og_type":"article","og_title":"Fes-me pensar - 2025 - Sala Jove","og_description":"La fotografia d\u2019Sabrin El Mouri (Institut Sa Palomera) es va convertir en la guanyadora. HI HA UN INICI I UN FINAL SI EL TEMPS \u00c9S INFINIT? Avui us presento una imatge que, m\u00e9s enll\u00e0 del que es veu, vol fer-nos","og_url":"https:\/\/biblioteca.blanes.cat\/salajove\/2025\/04\/27\/fes-me-pensar-2025\/","og_site_name":"Sala Jove","article_publisher":"https:\/\/www.facebook.com\/BilbiotecaComarcaldeBlanes\/","article_published_time":"2025-04-27T18:11:00+00:00","article_modified_time":"2026-04-27T18:30:27+00:00","og_image":[{"width":773,"height":1234,"url":"https:\/\/biblioteca.blanes.cat\/salajove\/wp-content\/uploads\/sites\/3\/2026\/04\/66BDDFD7-DCCD-441D-8593-81FAFDBB6F55-Sabrin-El-Oumri-1.jpeg","type":"image\/jpeg"}],"author":"biblioblanes","twitter_card":"summary_large_image","twitter_creator":"@biblioblanes","twitter_site":"@BiblioBlanes","twitter_misc":{"Escrit per":"biblioblanes","Temps estimat de lectura":"1 minut"},"schema":{"@context":"https:\/\/schema.org","@graph":[{"@type":"Article","@id":"https:\/\/biblioteca.blanes.cat\/salajove\/2025\/04\/27\/fes-me-pensar-2025\/#article","isPartOf":{"@id":"https:\/\/biblioteca.blanes.cat\/salajove\/2025\/04\/27\/fes-me-pensar-2025\/"},"author":{"name":"biblioblanes","@id":"https:\/\/biblioteca.blanes.cat\/salajove\/#\/schema\/person\/5a7b46760d9dd611d098bbf571a341dc"},"headline":"Fes-me pensar &#8211; 2025","datePublished":"2025-04-27T18:11:00+00:00","dateModified":"2026-04-27T18:30:27+00:00","mainEntityOfPage":{"@id":"https:\/\/biblioteca.blanes.cat\/salajove\/2025\/04\/27\/fes-me-pensar-2025\/"},"wordCount":365,"commentCount":0,"publisher":{"@id":"https:\/\/biblioteca.blanes.cat\/salajove\/#organization"},"image":{"@id":"https:\/\/biblioteca.blanes.cat\/salajove\/2025\/04\/27\/fes-me-pensar-2025\/#primaryimage"},"thumbnailUrl":"https:\/\/biblioteca.blanes.cat\/salajove\/wp-content\/uploads\/sites\/3\/2026\/04\/66BDDFD7-DCCD-441D-8593-81FAFDBB6F55-Sabrin-El-Oumri-1.jpeg","articleSection":["Not\u00edcies"],"inLanguage":"ca","potentialAction":[{"@type":"CommentAction","name":"Comment","target":["https:\/\/biblioteca.blanes.cat\/salajove\/2025\/04\/27\/fes-me-pensar-2025\/#respond"]}]},{"@type":"WebPage","@id":"https:\/\/biblioteca.blanes.cat\/salajove\/2025\/04\/27\/fes-me-pensar-2025\/","url":"https:\/\/biblioteca.blanes.cat\/salajove\/2025\/04\/27\/fes-me-pensar-2025\/","name":"Fes-me pensar - 2025 - Sala Jove","isPartOf":{"@id":"https:\/\/biblioteca.blanes.cat\/salajove\/#website"},"primaryImageOfPage":{"@id":"https:\/\/biblioteca.blanes.cat\/salajove\/2025\/04\/27\/fes-me-pensar-2025\/#primaryimage"},"image":{"@id":"https:\/\/biblioteca.blanes.cat\/salajove\/2025\/04\/27\/fes-me-pensar-2025\/#primaryimage"},"thumbnailUrl":"https:\/\/biblioteca.blanes.cat\/salajove\/wp-content\/uploads\/sites\/3\/2026\/04\/66BDDFD7-DCCD-441D-8593-81FAFDBB6F55-Sabrin-El-Oumri-1.jpeg","datePublished":"2025-04-27T18:11:00+00:00","dateModified":"2026-04-27T18:30:27+00:00","breadcrumb":{"@id":"https:\/\/biblioteca.blanes.cat\/salajove\/2025\/04\/27\/fes-me-pensar-2025\/#breadcrumb"},"inLanguage":"ca","potentialAction":[{"@type":"ReadAction","target":["https:\/\/biblioteca.blanes.cat\/salajove\/2025\/04\/27\/fes-me-pensar-2025\/"]}]},{"@type":"ImageObject","inLanguage":"ca","@id":"https:\/\/biblioteca.blanes.cat\/salajove\/2025\/04\/27\/fes-me-pensar-2025\/#primaryimage","url":"https:\/\/biblioteca.blanes.cat\/salajove\/wp-content\/uploads\/sites\/3\/2026\/04\/66BDDFD7-DCCD-441D-8593-81FAFDBB6F55-Sabrin-El-Oumri-1.jpeg","contentUrl":"https:\/\/biblioteca.blanes.cat\/salajove\/wp-content\/uploads\/sites\/3\/2026\/04\/66BDDFD7-DCCD-441D-8593-81FAFDBB6F55-Sabrin-El-Oumri-1.jpeg","width":773,"height":1234},{"@type":"BreadcrumbList","@id":"https:\/\/biblioteca.blanes.cat\/salajove\/2025\/04\/27\/fes-me-pensar-2025\/#breadcrumb","itemListElement":[{"@type":"ListItem","position":1,"name":"Inici","item":"https:\/\/biblioteca.blanes.cat\/salajove\/"},{"@type":"ListItem","position":2,"name":"Fes-me pensar &#8211; 2025"}]},{"@type":"WebSite","@id":"https:\/\/biblioteca.blanes.cat\/salajove\/#website","url":"https:\/\/biblioteca.blanes.cat\/salajove\/","name":"Sala Jove","description":"Biblioteca Comarcal de Blanes","publisher":{"@id":"https:\/\/biblioteca.blanes.cat\/salajove\/#organization"},"potentialAction":[{"@type":"SearchAction","target":{"@type":"EntryPoint","urlTemplate":"https:\/\/biblioteca.blanes.cat\/salajove\/?s={search_term_string}"},"query-input":{"@type":"PropertyValueSpecification","valueRequired":true,"valueName":"search_term_string"}}],"inLanguage":"ca"},{"@type":"Organization","@id":"https:\/\/biblioteca.blanes.cat\/salajove\/#organization","name":"Biblioteca Comarcal de Blanes","url":"https:\/\/biblioteca.blanes.cat\/salajove\/","logo":{"@type":"ImageObject","inLanguage":"ca","@id":"https:\/\/biblioteca.blanes.cat\/salajove\/#\/schema\/logo\/image\/","url":"https:\/\/biblioteca.blanes.cat\/salajove\/wp-content\/uploads\/sites\/3\/2017\/09\/cropped-Bib-blau-e1518869380535.png","contentUrl":"https:\/\/biblioteca.blanes.cat\/salajove\/wp-content\/uploads\/sites\/3\/2017\/09\/cropped-Bib-blau-e1518869380535.png","width":166,"height":166,"caption":"Biblioteca Comarcal de Blanes"},"image":{"@id":"https:\/\/biblioteca.blanes.cat\/salajove\/#\/schema\/logo\/image\/"},"sameAs":["https:\/\/www.facebook.com\/BilbiotecaComarcaldeBlanes\/","https:\/\/x.com\/BiblioBlanes","https:\/\/www.instagram.com\/biblioblanes\/","https:\/\/www.pinterest.es\/bblanes\/","https:\/\/www.youtube.com\/c\/BibliotecaComarcalBlanes"]},{"@type":"Person","@id":"https:\/\/biblioteca.blanes.cat\/salajove\/#\/schema\/person\/5a7b46760d9dd611d098bbf571a341dc","name":"biblioblanes","image":{"@type":"ImageObject","inLanguage":"ca","@id":"https:\/\/secure.gravatar.com\/avatar\/6593ca6cc90e5a70939f51c95e8315483b9c281bafba597292bee47992030f99?s=96&d=mm&r=g","url":"https:\/\/secure.gravatar.com\/avatar\/6593ca6cc90e5a70939f51c95e8315483b9c281bafba597292bee47992030f99?s=96&d=mm&r=g","contentUrl":"https:\/\/secure.gravatar.com\/avatar\/6593ca6cc90e5a70939f51c95e8315483b9c281bafba597292bee47992030f99?s=96&d=mm&r=g","caption":"biblioblanes"},"sameAs":["http:\/\/www.bibgirona.cat\/biblioteca\/blanes","https:\/\/x.com\/biblioblanes"],"url":"https:\/\/biblioteca.blanes.cat\/salajove\/author\/biblioblanes\/"}]}},"_links":{"self":[{"href":"https:\/\/biblioteca.blanes.cat\/salajove\/wp-json\/wp\/v2\/posts\/10651","targetHints":{"allow":["GET"]}}],"collection":[{"href":"https:\/\/biblioteca.blanes.cat\/salajove\/wp-json\/wp\/v2\/posts"}],"about":[{"href":"https:\/\/biblioteca.blanes.cat\/salajove\/wp-json\/wp\/v2\/types\/post"}],"author":[{"embeddable":true,"href":"https:\/\/biblioteca.blanes.cat\/salajove\/wp-json\/wp\/v2\/users\/4"}],"replies":[{"embeddable":true,"href":"https:\/\/biblioteca.blanes.cat\/salajove\/wp-json\/wp\/v2\/comments?post=10651"}],"version-history":[{"count":1,"href":"https:\/\/biblioteca.blanes.cat\/salajove\/wp-json\/wp\/v2\/posts\/10651\/revisions"}],"predecessor-version":[{"id":10665,"href":"https:\/\/biblioteca.blanes.cat\/salajove\/wp-json\/wp\/v2\/posts\/10651\/revisions\/10665"}],"wp:featuredmedia":[{"embeddable":true,"href":"https:\/\/biblioteca.blanes.cat\/salajove\/wp-json\/wp\/v2\/media\/10664"}],"wp:attachment":[{"href":"https:\/\/biblioteca.blanes.cat\/salajove\/wp-json\/wp\/v2\/media?parent=10651"}],"wp:term":[{"taxonomy":"category","embeddable":true,"href":"https:\/\/biblioteca.blanes.cat\/salajove\/wp-json\/wp\/v2\/categories?post=10651"},{"taxonomy":"post_tag","embeddable":true,"href":"https:\/\/biblioteca.blanes.cat\/salajove\/wp-json\/wp\/v2\/tags?post=10651"}],"curies":[{"name":"wp","href":"https:\/\/api.w.org\/{rel}","templated":true}]}}