{"id":10579,"date":"2026-04-25T11:22:07","date_gmt":"2026-04-25T10:22:07","guid":{"rendered":"https:\/\/biblioteca.blanes.cat\/salajove\/?p=10579"},"modified":"2026-04-27T16:13:56","modified_gmt":"2026-04-27T15:13:56","slug":"premis-bollere-2026","status":"publish","type":"post","link":"https:\/\/biblioteca.blanes.cat\/salajove\/2026\/04\/25\/premis-bollere-2026\/","title":{"rendered":"Premis Boller\u00e9 2026"},"content":{"rendered":"\n\n\n<p>El dimecres 22 d\u2019abril vam fer l\u2019acte de celebraci\u00f3 de la <span style=\"color: #999999;\"><strong>quinzena edici\u00f3 dels Boller\u00e9<\/strong><\/span>, el concurs literari de relats breus per a joves d\u2019entre 12 i 25 anys, dividit en dues categories.\u00a0<\/p>\n<p><span style=\"color: #999999;\"><strong>PREMI CATEGORIA A (de 17 a 25 anys):<\/strong><\/span><\/p>\n<ul>\n<li><strong>1r premi<\/strong>:\u00a0<strong>Ivan Querol Zamora<\/strong>,\u00a0amb <b><i>Pero luego, nada<\/i><\/b><i>.<\/i><\/li>\n<li><strong>Finalista: Paula Mart\u00ednez Amor\u00f3s<\/strong>, amb <em><strong>Ru\u00efnes<\/strong><\/em>.<\/li>\n<\/ul>\n<p><span style=\"color: #999999;\"><strong>PREMI CATEGORIA B (de 12 a 16 anys):<\/strong><\/span><\/p>\n<ul>\n<li><strong>1r premi<\/strong>:\u00a0<strong>Berta Nogueras Palet<\/strong>,\u00a0amb\u00a0<strong><em>Bitllet d&#8217;anada a Trom<\/em><\/strong>.<\/li>\n<li><strong>Finalista: jana Fern\u00e1ndez Narbona<\/strong>, amb\u00a0<strong><em>Darrere la m\u00e0scara<\/em><\/strong>.<\/li>\n<\/ul>\n<p>*Menci\u00f3 especial a\u00a0<strong>Isona Molina Sala<\/strong>, amb el relat\u00a0<em><strong>El pes del silenci<\/strong>.<\/em><\/p>\n<p><img fetchpriority=\"high\" decoding=\"async\" class=\"aligncenter  wp-image-10583\" src=\"https:\/\/biblioteca.blanes.cat\/salajove\/wp-content\/uploads\/sites\/3\/2026\/04\/BiblioBlanes_EntregaBollere_22042026-45-300x225.jpeg\" alt=\"\" width=\"359\" height=\"269\" srcset=\"https:\/\/biblioteca.blanes.cat\/salajove\/wp-content\/uploads\/sites\/3\/2026\/04\/BiblioBlanes_EntregaBollere_22042026-45-300x225.jpeg 300w, https:\/\/biblioteca.blanes.cat\/salajove\/wp-content\/uploads\/sites\/3\/2026\/04\/BiblioBlanes_EntregaBollere_22042026-45-1024x768.jpeg 1024w, https:\/\/biblioteca.blanes.cat\/salajove\/wp-content\/uploads\/sites\/3\/2026\/04\/BiblioBlanes_EntregaBollere_22042026-45-768x576.jpeg 768w, https:\/\/biblioteca.blanes.cat\/salajove\/wp-content\/uploads\/sites\/3\/2026\/04\/BiblioBlanes_EntregaBollere_22042026-45-1536x1152.jpeg 1536w, https:\/\/biblioteca.blanes.cat\/salajove\/wp-content\/uploads\/sites\/3\/2026\/04\/BiblioBlanes_EntregaBollere_22042026-45.jpeg 2048w\" sizes=\"(max-width: 359px) 100vw, 359px\" \/><\/p>\n<p><span style=\"color: #999999;\"><strong>Membres del JURAT:\u00a0<\/strong><\/span><\/p>\n<ul>\n<li><strong>Sr.<\/strong>\u00a0<b>Jordi Hern\u00e1ndez Mart\u00ednez<\/b>, alcalde de Blanes.<\/li>\n<li><strong>Sra. Gema Ciur\u00f3<\/strong>, directora de la Biblioteca Roberto Bola\u00f1o.<\/li>\n<li><strong>Sra. Elisabet Moreno Boada<\/strong>, escriptora.<\/li>\n<li><strong>Sra. Alba Lupi\u00e1nez Mateu<\/strong>, guanyadora de la 4a edici\u00f3, 2010.<\/li>\n<li><strong>Sra. Montserrat Medalla Cuf\u00ed<\/strong>, mestra, psicopedagoga, logopeda i escriptora.<\/li>\n<li><strong>Sr. Aitor Roger Delago<\/strong>, t\u00e8cnic de l&#8217;Arxiu Municipal de Blanes.<\/li>\n<li><strong>Sra. Anna Rosa Bou Bruguera<\/strong>, secret\u00e0ria de jurat<\/li>\n<\/ul>\n<p>Podeu llegir els relats guanyadors <a href=\"https:\/\/online.fliphtml5.com\/ojzto\/BOLLERE2026_definitiu_02\/#p=1\" target=\"_blank\" rel=\"noopener\"><strong>aqu\u00ed<\/strong><\/a>.<\/p>\n<p><strong>Enhorabona a tots els premiats!<\/strong><\/p>\n\n\n","protected":false},"excerpt":{"rendered":"<p>El dimecres 22 d\u2019abril vam fer l\u2019acte de celebraci\u00f3 de la quinzena edici\u00f3 dels Boller\u00e9, el concurs literari de relats breus per a joves d\u2019entre 12 i 25 anys, dividit en dues categories.\u00a0 PREMI CATEGORIA A (de 17 a 25<\/p>\n","protected":false},"author":4,"featured_media":10583,"comment_status":"open","ping_status":"open","sticky":false,"template":"","format":"standard","meta":{"sfsi_plus_gutenberg_text_before_share":"","sfsi_plus_gutenberg_show_text_before_share":"","sfsi_plus_gutenberg_icon_type":"","sfsi_plus_gutenberg_icon_alignemt":"","sfsi_plus_gutenburg_max_per_row":"","footnotes":""},"categories":[15,1],"tags":[24,97,52,19],"class_list":["post-10579","post","type-post","status-publish","format-standard","has-post-thumbnail","hentry","category-bollere","category-general","tag-activitats","tag-activitats-actualitat-joves","tag-joves","tag-literatura"],"yoast_head":"<!-- This site is optimized with the Yoast SEO plugin v27.5 - https:\/\/yoast.com\/product\/yoast-seo-wordpress\/ -->\n<title>Premis Boller\u00e9 2026 - Sala Jove<\/title>\n<meta name=\"robots\" content=\"index, follow, max-snippet:-1, max-image-preview:large, max-video-preview:-1\" \/>\n<link rel=\"canonical\" href=\"https:\/\/biblioteca.blanes.cat\/salajove\/2026\/04\/25\/premis-bollere-2026\/\" \/>\n<meta property=\"og:locale\" content=\"ca_ES\" \/>\n<meta property=\"og:type\" content=\"article\" \/>\n<meta property=\"og:title\" content=\"Premis Boller\u00e9 2026 - Sala Jove\" \/>\n<meta property=\"og:description\" content=\"El dimecres 22 d\u2019abril vam fer l\u2019acte de celebraci\u00f3 de la quinzena edici\u00f3 dels Boller\u00e9, el concurs literari de relats breus per a joves d\u2019entre 12 i 25 anys, dividit en dues categories.\u00a0 PREMI CATEGORIA A (de 17 a 25\" \/>\n<meta property=\"og:url\" content=\"https:\/\/biblioteca.blanes.cat\/salajove\/2026\/04\/25\/premis-bollere-2026\/\" \/>\n<meta property=\"og:site_name\" content=\"Sala Jove\" \/>\n<meta property=\"article:publisher\" content=\"https:\/\/www.facebook.com\/BilbiotecaComarcaldeBlanes\/\" \/>\n<meta property=\"article:published_time\" content=\"2026-04-25T10:22:07+00:00\" \/>\n<meta property=\"article:modified_time\" content=\"2026-04-27T15:13:56+00:00\" \/>\n<meta property=\"og:image\" content=\"https:\/\/biblioteca.blanes.cat\/salajove\/wp-content\/uploads\/sites\/3\/2026\/04\/BiblioBlanes_EntregaBollere_22042026-45.jpeg\" \/>\n\t<meta property=\"og:image:width\" content=\"2048\" \/>\n\t<meta property=\"og:image:height\" content=\"1536\" \/>\n\t<meta property=\"og:image:type\" content=\"image\/jpeg\" \/>\n<meta name=\"author\" content=\"biblioblanes\" \/>\n<meta name=\"twitter:card\" content=\"summary_large_image\" \/>\n<meta name=\"twitter:creator\" content=\"@biblioblanes\" \/>\n<meta name=\"twitter:site\" content=\"@BiblioBlanes\" \/>\n<meta name=\"twitter:label1\" content=\"Escrit per\" \/>\n\t<meta name=\"twitter:data1\" content=\"biblioblanes\" \/>\n\t<meta name=\"twitter:label2\" content=\"Temps estimat de lectura\" \/>\n\t<meta name=\"twitter:data2\" content=\"2 minuts\" \/>\n<script type=\"application\/ld+json\" class=\"yoast-schema-graph\">{\"@context\":\"https:\\\/\\\/schema.org\",\"@graph\":[{\"@type\":\"Article\",\"@id\":\"https:\\\/\\\/biblioteca.blanes.cat\\\/salajove\\\/2026\\\/04\\\/25\\\/premis-bollere-2026\\\/#article\",\"isPartOf\":{\"@id\":\"https:\\\/\\\/biblioteca.blanes.cat\\\/salajove\\\/2026\\\/04\\\/25\\\/premis-bollere-2026\\\/\"},\"author\":{\"name\":\"biblioblanes\",\"@id\":\"https:\\\/\\\/biblioteca.blanes.cat\\\/salajove\\\/#\\\/schema\\\/person\\\/5a7b46760d9dd611d098bbf571a341dc\"},\"headline\":\"Premis Boller\u00e9 2026\",\"datePublished\":\"2026-04-25T10:22:07+00:00\",\"dateModified\":\"2026-04-27T15:13:56+00:00\",\"mainEntityOfPage\":{\"@id\":\"https:\\\/\\\/biblioteca.blanes.cat\\\/salajove\\\/2026\\\/04\\\/25\\\/premis-bollere-2026\\\/\"},\"wordCount\":177,\"commentCount\":0,\"publisher\":{\"@id\":\"https:\\\/\\\/biblioteca.blanes.cat\\\/salajove\\\/#organization\"},\"image\":{\"@id\":\"https:\\\/\\\/biblioteca.blanes.cat\\\/salajove\\\/2026\\\/04\\\/25\\\/premis-bollere-2026\\\/#primaryimage\"},\"thumbnailUrl\":\"https:\\\/\\\/biblioteca.blanes.cat\\\/salajove\\\/wp-content\\\/uploads\\\/sites\\\/3\\\/2026\\\/04\\\/BiblioBlanes_EntregaBollere_22042026-45.jpeg\",\"keywords\":[\"#Activitats\",\"#Activitats #Actualitat #Joves\",\"#Joves\",\"#Literatura\"],\"articleSection\":[\"Boller\u00e9\",\"Not\u00edcies\"],\"inLanguage\":\"ca\",\"potentialAction\":[{\"@type\":\"CommentAction\",\"name\":\"Comment\",\"target\":[\"https:\\\/\\\/biblioteca.blanes.cat\\\/salajove\\\/2026\\\/04\\\/25\\\/premis-bollere-2026\\\/#respond\"]}]},{\"@type\":\"WebPage\",\"@id\":\"https:\\\/\\\/biblioteca.blanes.cat\\\/salajove\\\/2026\\\/04\\\/25\\\/premis-bollere-2026\\\/\",\"url\":\"https:\\\/\\\/biblioteca.blanes.cat\\\/salajove\\\/2026\\\/04\\\/25\\\/premis-bollere-2026\\\/\",\"name\":\"Premis Boller\u00e9 2026 - Sala Jove\",\"isPartOf\":{\"@id\":\"https:\\\/\\\/biblioteca.blanes.cat\\\/salajove\\\/#website\"},\"primaryImageOfPage\":{\"@id\":\"https:\\\/\\\/biblioteca.blanes.cat\\\/salajove\\\/2026\\\/04\\\/25\\\/premis-bollere-2026\\\/#primaryimage\"},\"image\":{\"@id\":\"https:\\\/\\\/biblioteca.blanes.cat\\\/salajove\\\/2026\\\/04\\\/25\\\/premis-bollere-2026\\\/#primaryimage\"},\"thumbnailUrl\":\"https:\\\/\\\/biblioteca.blanes.cat\\\/salajove\\\/wp-content\\\/uploads\\\/sites\\\/3\\\/2026\\\/04\\\/BiblioBlanes_EntregaBollere_22042026-45.jpeg\",\"datePublished\":\"2026-04-25T10:22:07+00:00\",\"dateModified\":\"2026-04-27T15:13:56+00:00\",\"breadcrumb\":{\"@id\":\"https:\\\/\\\/biblioteca.blanes.cat\\\/salajove\\\/2026\\\/04\\\/25\\\/premis-bollere-2026\\\/#breadcrumb\"},\"inLanguage\":\"ca\",\"potentialAction\":[{\"@type\":\"ReadAction\",\"target\":[\"https:\\\/\\\/biblioteca.blanes.cat\\\/salajove\\\/2026\\\/04\\\/25\\\/premis-bollere-2026\\\/\"]}]},{\"@type\":\"ImageObject\",\"inLanguage\":\"ca\",\"@id\":\"https:\\\/\\\/biblioteca.blanes.cat\\\/salajove\\\/2026\\\/04\\\/25\\\/premis-bollere-2026\\\/#primaryimage\",\"url\":\"https:\\\/\\\/biblioteca.blanes.cat\\\/salajove\\\/wp-content\\\/uploads\\\/sites\\\/3\\\/2026\\\/04\\\/BiblioBlanes_EntregaBollere_22042026-45.jpeg\",\"contentUrl\":\"https:\\\/\\\/biblioteca.blanes.cat\\\/salajove\\\/wp-content\\\/uploads\\\/sites\\\/3\\\/2026\\\/04\\\/BiblioBlanes_EntregaBollere_22042026-45.jpeg\",\"width\":2048,\"height\":1536},{\"@type\":\"BreadcrumbList\",\"@id\":\"https:\\\/\\\/biblioteca.blanes.cat\\\/salajove\\\/2026\\\/04\\\/25\\\/premis-bollere-2026\\\/#breadcrumb\",\"itemListElement\":[{\"@type\":\"ListItem\",\"position\":1,\"name\":\"Inici\",\"item\":\"https:\\\/\\\/biblioteca.blanes.cat\\\/salajove\\\/\"},{\"@type\":\"ListItem\",\"position\":2,\"name\":\"Premis Boller\u00e9 2026\"}]},{\"@type\":\"WebSite\",\"@id\":\"https:\\\/\\\/biblioteca.blanes.cat\\\/salajove\\\/#website\",\"url\":\"https:\\\/\\\/biblioteca.blanes.cat\\\/salajove\\\/\",\"name\":\"Sala Jove\",\"description\":\"Biblioteca Comarcal de Blanes\",\"publisher\":{\"@id\":\"https:\\\/\\\/biblioteca.blanes.cat\\\/salajove\\\/#organization\"},\"potentialAction\":[{\"@type\":\"SearchAction\",\"target\":{\"@type\":\"EntryPoint\",\"urlTemplate\":\"https:\\\/\\\/biblioteca.blanes.cat\\\/salajove\\\/?s={search_term_string}\"},\"query-input\":{\"@type\":\"PropertyValueSpecification\",\"valueRequired\":true,\"valueName\":\"search_term_string\"}}],\"inLanguage\":\"ca\"},{\"@type\":\"Organization\",\"@id\":\"https:\\\/\\\/biblioteca.blanes.cat\\\/salajove\\\/#organization\",\"name\":\"Biblioteca Comarcal de Blanes\",\"url\":\"https:\\\/\\\/biblioteca.blanes.cat\\\/salajove\\\/\",\"logo\":{\"@type\":\"ImageObject\",\"inLanguage\":\"ca\",\"@id\":\"https:\\\/\\\/biblioteca.blanes.cat\\\/salajove\\\/#\\\/schema\\\/logo\\\/image\\\/\",\"url\":\"https:\\\/\\\/biblioteca.blanes.cat\\\/salajove\\\/wp-content\\\/uploads\\\/sites\\\/3\\\/2017\\\/09\\\/cropped-Bib-blau-e1518869380535.png\",\"contentUrl\":\"https:\\\/\\\/biblioteca.blanes.cat\\\/salajove\\\/wp-content\\\/uploads\\\/sites\\\/3\\\/2017\\\/09\\\/cropped-Bib-blau-e1518869380535.png\",\"width\":166,\"height\":166,\"caption\":\"Biblioteca Comarcal de Blanes\"},\"image\":{\"@id\":\"https:\\\/\\\/biblioteca.blanes.cat\\\/salajove\\\/#\\\/schema\\\/logo\\\/image\\\/\"},\"sameAs\":[\"https:\\\/\\\/www.facebook.com\\\/BilbiotecaComarcaldeBlanes\\\/\",\"https:\\\/\\\/x.com\\\/BiblioBlanes\",\"https:\\\/\\\/www.instagram.com\\\/biblioblanes\\\/\",\"https:\\\/\\\/www.pinterest.es\\\/bblanes\\\/\",\"https:\\\/\\\/www.youtube.com\\\/c\\\/BibliotecaComarcalBlanes\"]},{\"@type\":\"Person\",\"@id\":\"https:\\\/\\\/biblioteca.blanes.cat\\\/salajove\\\/#\\\/schema\\\/person\\\/5a7b46760d9dd611d098bbf571a341dc\",\"name\":\"biblioblanes\",\"image\":{\"@type\":\"ImageObject\",\"inLanguage\":\"ca\",\"@id\":\"https:\\\/\\\/secure.gravatar.com\\\/avatar\\\/6593ca6cc90e5a70939f51c95e8315483b9c281bafba597292bee47992030f99?s=96&d=mm&r=g\",\"url\":\"https:\\\/\\\/secure.gravatar.com\\\/avatar\\\/6593ca6cc90e5a70939f51c95e8315483b9c281bafba597292bee47992030f99?s=96&d=mm&r=g\",\"contentUrl\":\"https:\\\/\\\/secure.gravatar.com\\\/avatar\\\/6593ca6cc90e5a70939f51c95e8315483b9c281bafba597292bee47992030f99?s=96&d=mm&r=g\",\"caption\":\"biblioblanes\"},\"sameAs\":[\"http:\\\/\\\/www.bibgirona.cat\\\/biblioteca\\\/blanes\",\"https:\\\/\\\/x.com\\\/biblioblanes\"],\"url\":\"https:\\\/\\\/biblioteca.blanes.cat\\\/salajove\\\/author\\\/biblioblanes\\\/\"}]}<\/script>\n<!-- \/ Yoast SEO plugin. -->","yoast_head_json":{"title":"Premis Boller\u00e9 2026 - Sala Jove","robots":{"index":"index","follow":"follow","max-snippet":"max-snippet:-1","max-image-preview":"max-image-preview:large","max-video-preview":"max-video-preview:-1"},"canonical":"https:\/\/biblioteca.blanes.cat\/salajove\/2026\/04\/25\/premis-bollere-2026\/","og_locale":"ca_ES","og_type":"article","og_title":"Premis Boller\u00e9 2026 - Sala Jove","og_description":"El dimecres 22 d\u2019abril vam fer l\u2019acte de celebraci\u00f3 de la quinzena edici\u00f3 dels Boller\u00e9, el concurs literari de relats breus per a joves d\u2019entre 12 i 25 anys, dividit en dues categories.\u00a0 PREMI CATEGORIA A (de 17 a 25","og_url":"https:\/\/biblioteca.blanes.cat\/salajove\/2026\/04\/25\/premis-bollere-2026\/","og_site_name":"Sala Jove","article_publisher":"https:\/\/www.facebook.com\/BilbiotecaComarcaldeBlanes\/","article_published_time":"2026-04-25T10:22:07+00:00","article_modified_time":"2026-04-27T15:13:56+00:00","og_image":[{"width":2048,"height":1536,"url":"https:\/\/biblioteca.blanes.cat\/salajove\/wp-content\/uploads\/sites\/3\/2026\/04\/BiblioBlanes_EntregaBollere_22042026-45.jpeg","type":"image\/jpeg"}],"author":"biblioblanes","twitter_card":"summary_large_image","twitter_creator":"@biblioblanes","twitter_site":"@BiblioBlanes","twitter_misc":{"Escrit per":"biblioblanes","Temps estimat de lectura":"2 minuts"},"schema":{"@context":"https:\/\/schema.org","@graph":[{"@type":"Article","@id":"https:\/\/biblioteca.blanes.cat\/salajove\/2026\/04\/25\/premis-bollere-2026\/#article","isPartOf":{"@id":"https:\/\/biblioteca.blanes.cat\/salajove\/2026\/04\/25\/premis-bollere-2026\/"},"author":{"name":"biblioblanes","@id":"https:\/\/biblioteca.blanes.cat\/salajove\/#\/schema\/person\/5a7b46760d9dd611d098bbf571a341dc"},"headline":"Premis Boller\u00e9 2026","datePublished":"2026-04-25T10:22:07+00:00","dateModified":"2026-04-27T15:13:56+00:00","mainEntityOfPage":{"@id":"https:\/\/biblioteca.blanes.cat\/salajove\/2026\/04\/25\/premis-bollere-2026\/"},"wordCount":177,"commentCount":0,"publisher":{"@id":"https:\/\/biblioteca.blanes.cat\/salajove\/#organization"},"image":{"@id":"https:\/\/biblioteca.blanes.cat\/salajove\/2026\/04\/25\/premis-bollere-2026\/#primaryimage"},"thumbnailUrl":"https:\/\/biblioteca.blanes.cat\/salajove\/wp-content\/uploads\/sites\/3\/2026\/04\/BiblioBlanes_EntregaBollere_22042026-45.jpeg","keywords":["#Activitats","#Activitats #Actualitat #Joves","#Joves","#Literatura"],"articleSection":["Boller\u00e9","Not\u00edcies"],"inLanguage":"ca","potentialAction":[{"@type":"CommentAction","name":"Comment","target":["https:\/\/biblioteca.blanes.cat\/salajove\/2026\/04\/25\/premis-bollere-2026\/#respond"]}]},{"@type":"WebPage","@id":"https:\/\/biblioteca.blanes.cat\/salajove\/2026\/04\/25\/premis-bollere-2026\/","url":"https:\/\/biblioteca.blanes.cat\/salajove\/2026\/04\/25\/premis-bollere-2026\/","name":"Premis Boller\u00e9 2026 - Sala Jove","isPartOf":{"@id":"https:\/\/biblioteca.blanes.cat\/salajove\/#website"},"primaryImageOfPage":{"@id":"https:\/\/biblioteca.blanes.cat\/salajove\/2026\/04\/25\/premis-bollere-2026\/#primaryimage"},"image":{"@id":"https:\/\/biblioteca.blanes.cat\/salajove\/2026\/04\/25\/premis-bollere-2026\/#primaryimage"},"thumbnailUrl":"https:\/\/biblioteca.blanes.cat\/salajove\/wp-content\/uploads\/sites\/3\/2026\/04\/BiblioBlanes_EntregaBollere_22042026-45.jpeg","datePublished":"2026-04-25T10:22:07+00:00","dateModified":"2026-04-27T15:13:56+00:00","breadcrumb":{"@id":"https:\/\/biblioteca.blanes.cat\/salajove\/2026\/04\/25\/premis-bollere-2026\/#breadcrumb"},"inLanguage":"ca","potentialAction":[{"@type":"ReadAction","target":["https:\/\/biblioteca.blanes.cat\/salajove\/2026\/04\/25\/premis-bollere-2026\/"]}]},{"@type":"ImageObject","inLanguage":"ca","@id":"https:\/\/biblioteca.blanes.cat\/salajove\/2026\/04\/25\/premis-bollere-2026\/#primaryimage","url":"https:\/\/biblioteca.blanes.cat\/salajove\/wp-content\/uploads\/sites\/3\/2026\/04\/BiblioBlanes_EntregaBollere_22042026-45.jpeg","contentUrl":"https:\/\/biblioteca.blanes.cat\/salajove\/wp-content\/uploads\/sites\/3\/2026\/04\/BiblioBlanes_EntregaBollere_22042026-45.jpeg","width":2048,"height":1536},{"@type":"BreadcrumbList","@id":"https:\/\/biblioteca.blanes.cat\/salajove\/2026\/04\/25\/premis-bollere-2026\/#breadcrumb","itemListElement":[{"@type":"ListItem","position":1,"name":"Inici","item":"https:\/\/biblioteca.blanes.cat\/salajove\/"},{"@type":"ListItem","position":2,"name":"Premis Boller\u00e9 2026"}]},{"@type":"WebSite","@id":"https:\/\/biblioteca.blanes.cat\/salajove\/#website","url":"https:\/\/biblioteca.blanes.cat\/salajove\/","name":"Sala Jove","description":"Biblioteca Comarcal de Blanes","publisher":{"@id":"https:\/\/biblioteca.blanes.cat\/salajove\/#organization"},"potentialAction":[{"@type":"SearchAction","target":{"@type":"EntryPoint","urlTemplate":"https:\/\/biblioteca.blanes.cat\/salajove\/?s={search_term_string}"},"query-input":{"@type":"PropertyValueSpecification","valueRequired":true,"valueName":"search_term_string"}}],"inLanguage":"ca"},{"@type":"Organization","@id":"https:\/\/biblioteca.blanes.cat\/salajove\/#organization","name":"Biblioteca Comarcal de Blanes","url":"https:\/\/biblioteca.blanes.cat\/salajove\/","logo":{"@type":"ImageObject","inLanguage":"ca","@id":"https:\/\/biblioteca.blanes.cat\/salajove\/#\/schema\/logo\/image\/","url":"https:\/\/biblioteca.blanes.cat\/salajove\/wp-content\/uploads\/sites\/3\/2017\/09\/cropped-Bib-blau-e1518869380535.png","contentUrl":"https:\/\/biblioteca.blanes.cat\/salajove\/wp-content\/uploads\/sites\/3\/2017\/09\/cropped-Bib-blau-e1518869380535.png","width":166,"height":166,"caption":"Biblioteca Comarcal de Blanes"},"image":{"@id":"https:\/\/biblioteca.blanes.cat\/salajove\/#\/schema\/logo\/image\/"},"sameAs":["https:\/\/www.facebook.com\/BilbiotecaComarcaldeBlanes\/","https:\/\/x.com\/BiblioBlanes","https:\/\/www.instagram.com\/biblioblanes\/","https:\/\/www.pinterest.es\/bblanes\/","https:\/\/www.youtube.com\/c\/BibliotecaComarcalBlanes"]},{"@type":"Person","@id":"https:\/\/biblioteca.blanes.cat\/salajove\/#\/schema\/person\/5a7b46760d9dd611d098bbf571a341dc","name":"biblioblanes","image":{"@type":"ImageObject","inLanguage":"ca","@id":"https:\/\/secure.gravatar.com\/avatar\/6593ca6cc90e5a70939f51c95e8315483b9c281bafba597292bee47992030f99?s=96&d=mm&r=g","url":"https:\/\/secure.gravatar.com\/avatar\/6593ca6cc90e5a70939f51c95e8315483b9c281bafba597292bee47992030f99?s=96&d=mm&r=g","contentUrl":"https:\/\/secure.gravatar.com\/avatar\/6593ca6cc90e5a70939f51c95e8315483b9c281bafba597292bee47992030f99?s=96&d=mm&r=g","caption":"biblioblanes"},"sameAs":["http:\/\/www.bibgirona.cat\/biblioteca\/blanes","https:\/\/x.com\/biblioblanes"],"url":"https:\/\/biblioteca.blanes.cat\/salajove\/author\/biblioblanes\/"}]}},"_links":{"self":[{"href":"https:\/\/biblioteca.blanes.cat\/salajove\/wp-json\/wp\/v2\/posts\/10579","targetHints":{"allow":["GET"]}}],"collection":[{"href":"https:\/\/biblioteca.blanes.cat\/salajove\/wp-json\/wp\/v2\/posts"}],"about":[{"href":"https:\/\/biblioteca.blanes.cat\/salajove\/wp-json\/wp\/v2\/types\/post"}],"author":[{"embeddable":true,"href":"https:\/\/biblioteca.blanes.cat\/salajove\/wp-json\/wp\/v2\/users\/4"}],"replies":[{"embeddable":true,"href":"https:\/\/biblioteca.blanes.cat\/salajove\/wp-json\/wp\/v2\/comments?post=10579"}],"version-history":[{"count":2,"href":"https:\/\/biblioteca.blanes.cat\/salajove\/wp-json\/wp\/v2\/posts\/10579\/revisions"}],"predecessor-version":[{"id":10595,"href":"https:\/\/biblioteca.blanes.cat\/salajove\/wp-json\/wp\/v2\/posts\/10579\/revisions\/10595"}],"wp:featuredmedia":[{"embeddable":true,"href":"https:\/\/biblioteca.blanes.cat\/salajove\/wp-json\/wp\/v2\/media\/10583"}],"wp:attachment":[{"href":"https:\/\/biblioteca.blanes.cat\/salajove\/wp-json\/wp\/v2\/media?parent=10579"}],"wp:term":[{"taxonomy":"category","embeddable":true,"href":"https:\/\/biblioteca.blanes.cat\/salajove\/wp-json\/wp\/v2\/categories?post=10579"},{"taxonomy":"post_tag","embeddable":true,"href":"https:\/\/biblioteca.blanes.cat\/salajove\/wp-json\/wp\/v2\/tags?post=10579"}],"curies":[{"name":"wp","href":"https:\/\/api.w.org\/{rel}","templated":true}]}}